{"id":13261,"date":"2015-01-09T09:00:12","date_gmt":"2015-01-09T12:00:12","guid":{"rendered":"http:\/\/rioonwatch.org.br\/?p=13261"},"modified":"2022-07-05T12:28:08","modified_gmt":"2022-07-05T15:28:08","slug":"melhores-e-piores-reportagens-internacionais-sobre-as-favelas-do-rio-em-2014","status":"publish","type":"post","link":"https:\/\/rioonwatch.org.br\/?p=13261","title":{"rendered":"Melhores e Piores Reportagens Internacionais sobre as Favelas do Rio em 2014"},"content":{"rendered":"<p style=\"text-align: right;\"><em><strong><a href=\"http:\/\/bit.ly\/WorstReporting2014\" target=\"_blank\" rel=\"noopener\">Click Here for English<img decoding=\"async\" width=\"20\" height=\"20\" class=\"alignright wp-image-15790\" src=\"http:\/\/rioonwatch.org.br\/wp-content\/uploads\/2012\/08\/EN-standard-e1439583104716.jpg\" alt=\"\" \/><\/a><\/strong><\/em><\/p>\n<p><em>Essa \u00e9 a mais recente\u00a0contribui\u00e7\u00e3o para nossa s\u00e9rie\u00a0sobre\u00a0<a href=\"http:\/\/bit.ly\/22UReDO\" rel=\"noopener\">As Melhores e Piores Reportagens Internacionais sobre as Favelas do Rio<\/a>, parte do atual debate do RioOnWatch sobre a\u00a0<a href=\"http:\/\/bit.ly\/1ZVXkRS\" rel=\"noopener\">narrativa<\/a>\u00a0e os\u00a0<a href=\"http:\/\/bit.ly\/1OKE065\" rel=\"noopener\">retratos midi\u00e1ticos<\/a>\u00a0acerca das favelas cariocas.<\/em><\/p>\n<p>2014 foi um ano sem precedentes para a cobertura das favelas do Rio de Janeiro na m\u00eddia internacional, com a Copa do Mundo e as futuras Olimp\u00edadas de 2016 real\u00e7ando com cada vez mais destaque os desafios da cidade.\u00a0O <em>RioOnWatch<\/em> trabalhou para dar <a href=\"http:\/\/bit.ly\/1yB4lx7\" target=\"_blank\" rel=\"noopener\">apoio a jornalistas estrangeiros<\/a> ao fazer mat\u00e9rias\u00a0sobre as favelas, fornecendo informa\u00e7\u00f5es e contatos com o objetivo de facilitar as observa\u00e7\u00f5es sobre o Rio e reflex\u00f5es precisas das vis\u00f5es sobre a comunidade. N\u00f3s tamb\u00e9m <a href=\"http:\/\/bit.ly\/124didz\" target=\"_blank\" rel=\"noopener\">monitoramos o conte\u00fado<\/a> e a <a href=\"http:\/\/bit.ly\/VucFh6\" target=\"_blank\" rel=\"noopener\">qualidade<\/a> dos artigos produzidos em ingl\u00eas ao redor do mundo ao longo do ano.\u00a0Muitos artigos destacaram quest\u00f5es cr\u00edticas e complexas que o Rio enfrenta hoje, fornecendo perspectivas diversas e contando hist\u00f3rias antes pouco conhecidas. Notamos uma diminui\u00e7\u00e3o animadora de palavras como &#8220;slum&#8221; ou &#8220;shantytown&#8221; para descrever as favelas. Essa \u00e9 uma tend\u00eancia fant\u00e1stica, uma vez que o estigma profundamente enraizado associado \u00e0 &#8220;<a href=\"http:\/\/bit.ly\/1vO09ZG\" target=\"_blank\" rel=\"noopener\">linguagem de\u00a0slum<\/a>&#8220;, em ingl\u00eas, <a href=\"http:\/\/bit.ly\/1pp8zUz\" target=\"_blank\" rel=\"noopener\">obstrui os esfor\u00e7os<\/a> de aproximar as favelas como comunidades com desafios e solu\u00e7\u00f5es em potencial.\u00a0No entanto, 2014 ainda teve um n\u00famero de artigos que visavam introduzir os leitores estrangeiros \u00e0s favelas sem\u00a0oferecer a perspectiva dos moradores, e como resultado, perpetuando velhos estigmas. Em um contexto onde direitos e servi\u00e7os t\u00eam sido historicamente negados com base no preconceito, tais reportagens podem ter consequ\u00eancias negativas de vasto alcance. Aqui, examinamos algumas das piores reportagens sobre as favelas cariocas de 2014 e destacamos algumas que julgamos contribuir melhor para a discuss\u00e3o. As imagens usadas s\u00e3o as que acompanham os artigos originais.<\/p>\n<h3><strong>AS PIORES<\/strong><\/h3>\n<h4><a href=\"http:\/\/bit.ly\/1vSpCMF\" target=\"_blank\" rel=\"noopener\"><strong><em>Fox Sports<\/em>\u00a0<\/strong><strong>\u2014\u00a0<\/strong><strong>\u2018Lindo Caos\u2019 por Adam Peacock: Favelas do Rio s\u00e3o como visitar outro mundo<\/strong><\/a><\/h4>\n<p>Em dezembro de 2014, a<em> Fox Sports<\/em> publicou um relato sobre a visita de um escritor ao <a href=\"http:\/\/bit.ly\/U0MiGm\" target=\"_blank\" rel=\"noopener\">Complexo do Alem\u00e3o<\/a>. O relato n\u00e3o mostra qualquer perspectiva direta dos moradores da favela. Ao contr\u00e1rio, \u00e9 inundada por cita\u00e7\u00f5es de um funcion\u00e1rio de uma ONG irlandesa-australiana que, durante a Copa do Mundo, era frequentemente procurado para informa\u00e7\u00f5es sobre a realidade das favelas por jornalistas de l\u00edngua inglesa.\u00a0A aus\u00eancia de outras perspectivas deixa Peacock fazer generaliza\u00e7\u00f5es radicais que estigmatizam a popula\u00e7\u00e3o. &#8220;Os pais est\u00e3o ou desesperados tentando sobreviver, ou, mais provavelmente, enredados\u00a0pela depend\u00eancia das drogas&#8221;, escreve ele, insinuando que a maioria dos pais na favela s\u00e3o dependentes, ainda que n\u00e3o tenha dados para comprovar isso. Enquanto isso, a imagem de crian\u00e7as felizes e ing\u00eanuas com p\u00e9s descal\u00e7os e &#8220;vestindo roupas esfarapadas&#8221; retrata um n\u00edvel de pobreza que existe no Complexo do Alem\u00e3o, mas que n\u00e3o \u00e9 a m\u00e9dia. A comunidade, ali\u00e1s, \u00e9 cada vez mais habitada pela\u00a0classe m\u00e9dia baixa de consumidores e novos empres\u00e1rios, incluindo o <a href=\"http:\/\/bbc.in\/XERFhS\" target=\"_blank\" rel=\"noopener\">primeiro shopping center da \u00e1rea<\/a>. Para Peacock, no entanto, as &#8220;hist\u00f3rias e os sinais&#8221; que ele encontrou &#8220;deprimem a alma, que \u00e9 ainda mais esmagada ao perceber\u00a0que essa \u00e9 apenas uma entre milhares [de favelas] no Brasil&#8221;. Peacock se junta a muitos jornalistas que reportaram com base em suas pr\u00f3prias emo\u00e7\u00f5es, \u00e0 medida que andavam pelas favelas sem mostrar nenhuma perspectiva da comunidade.\u00a0Um escritor do <em><a href=\"http:\/\/bit.ly\/SNgOdy\" target=\"_blank\" rel=\"noopener\">Irish Times<\/a> <\/em>descreveu a favela que visitou como &#8220;um ambiente t\u00e3o t\u00eanue e t\u00e3o hostil que \u00e9 de se admirar que qualquer um consiga perseverar&#8221;, mas n\u00e3o investiga como os moradores perseveram, ou se eles t\u00eam algo positivo a dizer sobre seu ambiente. Infelizmente, esse tipo de reportagem, onde os preconceitos do pr\u00f3prio jornalista, suas expectativas e impress\u00f5es limitadas s\u00e3o projetadas em sua representa\u00e7\u00e3o do lugar, desperdi\u00e7am a oportunidade de dar uma plataforma \u00e0s vozes e ideias dos moradores da favela, que j\u00e1 lutam para serem ouvidos em debates sobre suas pr\u00f3prias vidas.<\/p>\n<h4><a href=\"http:\/\/bit.ly\/1pgRX\" target=\"_blank\" rel=\"noopener\"><strong><em>The Daily Beast<\/em>\u00a0<\/strong><strong>\u2014\u00a0<\/strong><strong>Os milion\u00e1rios da vida real do morro do Rio<\/strong><\/a><\/h4>\n<p>Esse artigo de t\u00edtulo infeliz do <em>The Daily Beast<\/em> relata que a melhoria da seguran\u00e7a trazida pelo programa do governo das <a href=\"http:\/\/bit.ly\/R5ueio\" target=\"_blank\" rel=\"noopener\">Unidades de Pol\u00edcia Pacificadora (UPP)<\/a> transformou os moradores de propriedades com vista para o mar do <a href=\"http:\/\/bit.ly\/XuDNKV\" target=\"_blank\" rel=\"noopener\">Vidigal<\/a> em uma &#8220;nova legi\u00e3o de magnatas n\u00e3o-intencionados do setor imobili\u00e1rio&#8221;. O autor se questiona se os moradores devem &#8220;vender agora e ganhar milh\u00f5es, ou segurar e esperar por uma chance de ganhar ainda mais&#8221;.\u00a0<img fetchpriority=\"high\" decoding=\"async\" class=\"alignleft size-medium wp-image-13265\" src=\"http:\/\/rioonwatch.org.br\/wp-content\/uploads\/2015\/01\/DailyBeast-300x187.jpg\" alt=\"DailyBeast\" width=\"300\" height=\"187\" \/>Sem dar uma \u00fanica cita\u00e7\u00e3o de um morador do Vidigal, o autor presume\u00a0que os moradores devem estar buscando fazer esse papel neste &#8220;jogo final da roleta imobili\u00e1ria&#8221; e vender seu lugar na comunidade que ele retrata como um ambiente indesej\u00e1vel de moradia. No entanto, como exemplos de favelas em toda a cidade demonstraram, muitas pessoas escolhem recusar quantias significativas de dinheiro <a href=\"http:\/\/bit.ly\/1nkcDAV\" target=\"_blank\" rel=\"noopener\">para continuar<\/a>\u00a0em suas comunidades. N\u00e3o reconhecer as <a href=\"http:\/\/bit.ly\/1uRzOcM\" target=\"_blank\" rel=\"noopener\">qualidades da favela<\/a>, como esse artigo faz, leva \u00e0 pol\u00edticas que buscam remover bairros inteiros ao inv\u00e9s de trabalhar com os moradores para melhor\u00e1-los.\u00a0Al\u00e9m disso, o autor deixa de explorar as <a href=\"http:\/\/bit.ly\/1BB1PX8\" target=\"_blank\" rel=\"noopener\">consequ\u00eancias<\/a>\u00a0da especula\u00e7\u00e3o imobili\u00e1ria sobre os inquilinos de aluguel na comunidade, nem a realidade de que, ao inv\u00e9s de uma mina de ouro imobili\u00e1rio, as favelas do Rio de Janeiro representam\u00a0<a href=\"http:\/\/bit.ly\/18By5Os\" target=\"_blank\" rel=\"noopener\">o mercado de habita\u00e7\u00f5es a pre\u00e7o acess\u00edvel da cidade<\/a> e est\u00e3o designadas como &#8216;zonas de especial interesse\u00a0social&#8217;. O autor n\u00e3o fornece um \u00fanico exemplo de um morador que tenha vendido sua casa por milh\u00f5es. Ao glorificar as oportunidades do novo mercado aos moradores, o artigo minimiza as reais amea\u00e7as da <a href=\"http:\/\/bit.ly\/184FqS4\" target=\"_blank\" rel=\"noopener\">gentrifica\u00e7\u00e3o<\/a> e os <a href=\"http:\/\/bit.ly\/1i0iCWp\" target=\"_blank\" rel=\"noopener\">esfor\u00e7os<\/a> do Vidigal de <a href=\"http:\/\/bit.ly\/1DFHShk\" target=\"_blank\" rel=\"noopener\">debater e formular respostas lideradas pela comunidade<\/a> a esse fen\u00f4meno.<\/p>\n<h4><a href=\"http:\/\/bit.ly\/1y8I8UP\" target=\"_blank\" rel=\"noopener\"><strong><em>Gulf Times<\/em>\u00a0<\/strong><strong>\u2014\u00a0<\/strong><strong>Chamada de um m\u00e9dico na favela<\/strong><\/a><\/h4>\n<p>No in\u00edcio da Copa do Mundo v\u00e1rios ve\u00edculos de m\u00eddia publicaram as reflex\u00f5es de um doutor dos\u00a0Estados Unidos que visitou a <a href=\"http:\/\/bit.ly\/16w2zz1\" target=\"_blank\" rel=\"noopener\">Rocinha<\/a>, entre eles\u00a0o <em><a href=\"http:\/\/bit.ly\/1y8I8UP\" target=\"_blank\" rel=\"noopener\">Gulf Times<\/a><\/em>, o <em><a href=\"http:\/\/bit.ly\/1qY7ykD\" target=\"_blank\" rel=\"noopener\">Counterpunch<\/a><\/em>, <em><a href=\"http:\/\/bit.ly\/1mgaZSb\" target=\"_blank\" rel=\"noopener\">Japan Times<\/a><\/em> e outros, levando \u00e0 circula\u00e7\u00e3o dessa reportagem entre diferentes audi\u00eancias durante o evento. O m\u00e9dico apresenta informa\u00e7\u00f5es que s\u00e3o tanto falsas&#8211;como seu comunicado de que a pol\u00edcia \u00e9 &#8220;normalmente incapacitada de entrar nas favelas&#8221;, como estigmatizantes&#8211;como, por exemplo, afirmar que &#8220;favelas abrigam muitas pessoas envolvidas no com\u00e9rcio das drogas e outros crimes&#8221;. O doutor achou que seria um artigo menos convincente se admitisse\u00a0que <a href=\"http:\/\/bit.ly\/1xHcRcp\" target=\"_blank\" rel=\"noopener\">99% dos moradores da favela n\u00e3o est\u00e3o diretamente envolvidos com o tr\u00e1fico de drogas<\/a>? Sua hist\u00f3ria sobre ter que checar com os homens de cada &#8220;n\u00edvel&#8221; da favela para &#8220;alcan\u00e7ar o pr\u00f3ximo n\u00edvel vivo&#8221; simplesmente <a href=\"http:\/\/nyti.ms\/1Awp3xD\" target=\"_blank\" rel=\"noopener\">n\u00e3o <\/a><a href=\"http:\/\/bit.ly\/17k0zfX\" target=\"_blank\" rel=\"noopener\">reflete a experi\u00eancia de\u00a0visitantes a Rocinha<\/a>. \u00c9 infeliz que essa hist\u00f3ria sensacionalista tenha ganhado m\u00faltiplas plataformas de onde influenciar leitores em todo o mundo.<\/p>\n<h3>AS MELHORES<\/h3>\n<h4><strong><a href=\"http:\/\/bit.ly\/1BPonlt\" target=\"_blank\" rel=\"noopener\"><em>Next City<\/em>\u00a0\u2014 Guetos da Copa do Mundo<\/a><\/strong><\/h4>\n<p><a href=\"http:\/\/rioonwatch.org.br\/wp-content\/uploads\/2015\/01\/NextCity.jpg\"><img decoding=\"async\" class=\"alignright size-medium wp-image-13264\" src=\"http:\/\/rioonwatch.org.br\/wp-content\/uploads\/2015\/01\/NextCity-300x199.jpg\" alt=\"NextCity\" width=\"300\" height=\"199\" \/><\/a>Publicada no in\u00edcio da Copa do Munda, essa pesquisa abrangente re\u00fane entrevistas, extensivos dados geoespaciais e de habita\u00e7\u00e3o, e contexto hist\u00f3rico pertinente para garantir uma explora\u00e7\u00e3o profunda do atual estado dos projetos de deslocamento e habita\u00e7\u00e3o no Rio. Logo no in\u00edcio do artigo est\u00e1 o depoimento\u00a0de uma fam\u00edlia que foi transferida de sua casa na favela <a href=\"http:\/\/bit.ly\/14vgDEk\" target=\"_blank\" rel=\"noopener\">Vila Recreio II<\/a>\u00a0para um conjunto habitacional. O resultado \u00e9 uma\u00a0<a href=\"http:\/\/bit.ly\/1qq2Puz\" target=\"_blank\" rel=\"noopener\">forte cr\u00edtica<\/a> ao\u00a0<a href=\"http:\/\/bit.ly\/Y4U9oJ\" target=\"_blank\" rel=\"noopener\">Minha Casa Minha Vida<\/a> e uma importante cole\u00e7\u00e3o de provas para <a href=\"http:\/\/bit.ly\/1nUhsp1\" target=\"_blank\" rel=\"noopener\">desafiar o governo e a m\u00eddia brasileira tradicional<\/a>, que somente elogiam o programa. A mesma autora escreveu outro artigo dentre os favoritos, entitulado &#8220;<a href=\"http:\/\/bit.ly\/1nz7xVi\" target=\"_blank\" rel=\"noopener\">Esse bairro precisava de um sistema de saneamento b\u00e1sico, mas ganhou um telef\u00e9rico<\/a>&#8220;. Este artigo \u00e9 um grande exemplo de como relatar as mudan\u00e7as significativas que enfrentam as favelas sem cair no erro\u00a0comum de estigmatizar os moradores ou enfatizar pontos de vista de fora. A autora primeiro fornece um n\u00famero de fatos: &#8220;O <a href=\"http:\/\/bit.ly\/U0MiGm\" target=\"_blank\" rel=\"noopener\">Alem\u00e3o<\/a> \u00e9 o bairro com o menor \u00edndice de desenvolvimento humano (IDH) na cidade do Rio de Janeiro. Aqui, as pessoas vivem em m\u00e9dia sete anos a menos que os moradores do resto da cidade. Tuberculose \u00e9 um problema, e muitos moradores perdem aula e trabalho devido \u00e0 doen\u00e7a&#8221;. A autora ent\u00e3o enfatiza os modos em que os l\u00edderes das comunidades est\u00e3o agindo&#8211;realizando peti\u00e7\u00f5es online, lotando f\u00f3runs p\u00fablicos e as iniciativas educacionais inovadoras&#8211;e fornece cita\u00e7\u00f5es de moradores que prop\u00f5em solu\u00e7\u00f5es.<\/p>\n<h4><a href=\"http:\/\/bit.ly\/1syt64v\" target=\"_blank\" rel=\"noopener\"><strong><em>NPR<\/em>\u00a0<\/strong><strong>\u2014\u00a0<\/strong><strong>No Brasil, ra\u00e7a \u00e9 uma quest\u00e3o de vida ou morte<\/strong><\/a><\/h4>\n<p><a href=\"http:\/\/rioonwatch.org.br\/wp-content\/uploads\/2015\/01\/NPR.jpg\"><img loading=\"lazy\" decoding=\"async\" class=\"alignleft size-medium wp-image-13262\" src=\"http:\/\/rioonwatch.org.br\/wp-content\/uploads\/2015\/01\/NPR-300x204.jpg\" alt=\"NPR\" width=\"300\" height=\"204\" \/><\/a>Escrever\u00a0sobre viol\u00eancia e dissecar quest\u00f5es de <a href=\"http:\/\/bit.ly\/1uqz3CW\" target=\"_blank\" rel=\"noopener\">ra\u00e7a<\/a> \u00e9 sempre uma tarefa desafiadora para jornalistas, e esse artigo serve como um exemplo excelente de pesquisa diligente e conversas produtivas. A autora chama a aten\u00e7\u00e3o para a incid\u00eancia de viol\u00eancia policial que ocorreu um dia antes da Copa do Mundo, mas que foi amplamente ignorada pela m\u00eddia internacional. Ela contextualiza o evento com as estat\u00edsticas nacionais chave, com cita\u00e7\u00f5es de uma gama diversificada de fontes, e uma descri\u00e7\u00e3o da sua visita \u00e0 Mar\u00e9, onde a v\u00edtima da pol\u00edcia morava. Ela usa sua visita para descrever a experi\u00eancia de entrar na favela como visitante e narra uma conversa com um morador&#8211;pai da v\u00edtima.\u00a0A autora observa: &#8220;A cada esquina, um grupo nos observa&#8230; Caminh\u00f5es carregados com tropas de capacete e fortemente armadas andam pelas ruas. H\u00e1 uma sensa\u00e7\u00e3o de guerra, n\u00e3o de uma opera\u00e7\u00e3o de policiamento&#8221;, o que contrasta fortemente com o relato que implica que as opera\u00e7\u00f5es policiais t\u00eam objetivos civis, enquanto evita as armadilhas da especula\u00e7\u00e3o com base em expectativas pr\u00e9-existentes.\u00a0Os diferentes aspectos de sua pesquisa se combinam de forma eficaz para fazer um argumento importante: de que a seguran\u00e7a no Brasil deve ser considerada no contexto das desigualdades raciais. Esse \u00e9 o primeiro artigo a anunciar uma estat\u00edstica cr\u00edtica na compreens\u00e3o das tend\u00eancias no Brasil de hoje: &#8220;O Brasil, na verdade, ficou muito mais seguro para pessoas brancas. Na \u00faltima d\u00e9cada, homic\u00eddios entre os brancos diminu\u00edram em 24%. Mas, entre a popula\u00e7\u00e3o negra, t\u00eam aumentado 40%.&#8221;<\/p>\n<h3><strong>Outras boas reportagens<\/strong><\/h3>\n<p>Outras grandes contribui\u00e7\u00f5es sobre as favelas e o Rio em 2014 incluem o estudo informal do arquiteto Sol\u00e8ne Veysseyre sobre as &#8220;<a href=\"http:\/\/bit.ly\/1o9IfMY\" target=\"_blank\" rel=\"noopener\">Regras N\u00e3o-Ditas da Constru\u00e7\u00e3o da Favela<\/a>&#8220;, o argumento de Simon Jenkins por <a href=\"http:\/\/bit.ly\/RMuLZG\" target=\"_blank\" rel=\"noopener\">uma Olimp\u00edada de tamanho reduzido, para minimizar os impactos sobre as favelas e o resto da cidade<\/a>, e a an\u00e1lise de Vac Verikatis sobre <a href=\"http:\/\/thebea.st\/1kFki8G\" target=\"_blank\" rel=\"noopener\">os impactos da Copa do Mundo<\/a> no <em>The Daily Beast<\/em>.\u00a0Houve tamb\u00e9m um campo emergente de artigos que abordam as favelas como locais com qualidades merecedoras de reconhecimento, incluindo reportagens do <em><a href=\"http:\/\/bit.ly\/1nFUuKR\" target=\"_blank\" rel=\"noopener\">The Age<\/a>, <a href=\"http:\/\/ind.pn\/1rWxGdF\" target=\"_blank\" rel=\"noopener\">The Independent<\/a>, <a href=\"http:\/\/bit.ly\/11lL97M\" target=\"_blank\" rel=\"noopener\">Gizmodo<\/a><\/em>, e <em><a href=\"http:\/\/bit.ly\/1yXZ0wo\" target=\"_blank\" rel=\"noopener\">Generation C Magazine<\/a><\/em>. Artigos como <a href=\"http:\/\/bit.ly\/116JsuH\" target=\"_blank\" rel=\"noopener\">este<\/a>, do <em>GlobalVoices<\/em>, d\u00e3o espa\u00e7o para fotografias produzidas pela juventude da favela, em busca de representar a comunidade atrav\u00e9s de suas pr\u00f3prias lentes. Al\u00e9m disso, houve um grande n\u00famero de escritores e ve\u00edculos que, ao longo\u00a0do ano, cobriram quest\u00f5es no Rio com sensibilidade e representa\u00e7\u00f5es produtivas, tais como: Julia Michaels no <a href=\"http:\/\/bit.ly\/NEwtUY\" target=\"_blank\" rel=\"noopener\">RioReal<\/a>, Dave Zirin no <em><a href=\"http:\/\/bit.ly\/1ibgLEW\" target=\"_blank\" rel=\"noopener\">The Nation<\/a><\/em>, Rachel Glickhouse no <a href=\"http:\/\/bit.ly\/13GKNJH\" target=\"_blank\" rel=\"noopener\">RioGringa<\/a>, Chris Gaffney em <a href=\"http:\/\/bit.ly\/S5jEr2\" target=\"_blank\" rel=\"noopener\">Hunting White Elephants<\/a>, <a href=\"http:\/\/bit.ly\/1I5RUcm\" target=\"_blank\" rel=\"noopener\">Favelissues<\/a>, e o blog <a href=\"http:\/\/bit.ly\/1zJo5K0\" target=\"_blank\" rel=\"noopener\">Favelas@LSE<\/a>.<\/p>\n<!-- AddThis Advanced Settings generic via filter on the_content --><!-- AddThis Share Buttons generic via filter on the_content -->","protected":false},"excerpt":{"rendered":"<div class=\"mh-excerpt\"><p>Click Here for English Essa \u00e9 a mais recente\u00a0contribui\u00e7\u00e3o para nossa s\u00e9rie\u00a0sobre\u00a0As Melhores e Piores Reportagens Internacionais sobre as Favelas do Rio, parte do atual debate do RioOnWatch sobre a\u00a0narrativa\u00a0e os\u00a0retratos midi\u00e1ticos\u00a0acerca das favelas cariocas. <a class=\"mh-excerpt-more\" href=\"https:\/\/rioonwatch.org.br\/?p=13261\" title=\"Melhores e Piores Reportagens Internacionais sobre as Favelas do Rio em 2014\">[&#8230;]<\/a><!-- AddThis Advanced Settings generic via filter on get_the_excerpt --><!-- AddThis Share Buttons generic via filter on get_the_excerpt --><\/p>\n<\/div>","protected":false},"author":137,"featured_media":13262,"comment_status":"closed","ping_status":"closed","sticky":false,"template":"","format":"standard","meta":{"_acf_changed":false,"_monsterinsights_skip_tracking":false,"_monsterinsights_sitenote_active":false,"_monsterinsights_sitenote_note":"","_monsterinsights_sitenote_category":0,"footnotes":""},"categories":[1635,344,342],"tags":[1676,217,1386,1167,1166,1760,16,1759,354,441],"writer":[777],"translator":[1342],"source":[],"ilustrador":[],"fotografo":[],"class_list":{"0":"post-13261","1":"post","2":"type-post","3":"status-publish","4":"format-standard","5":"has-post-thumbnail","7":"category-1635","8":"category-politicas","9":"category-solucoes","10":"tag-analise-cobertura-de-favelas","11":"tag-complexo-do-alemao","12":"tag-critica-a-politica","13":"tag-grande-midia","14":"tag-jornalismo","15":"tag-narrativa-midiatica","16":"tag-rocinha","17":"tag-serie-melhores-e-piores-reportagens","18":"tag-vidigal","19":"tag-vila-recreio-ii","20":"writer-rioonwatch","21":"translator-patricia-monteiro"},"acf":[],"yoast_head":"<!-- This site is optimized with the Yoast SEO plugin v25.6 - https:\/\/yoast.com\/wordpress\/plugins\/seo\/ -->\n<title>Melhores e Piores Reportagens Internacionais sobre as Favelas do Rio em 2014 - RioOnWatch<\/title>\n<meta name=\"robots\" content=\"index, follow, max-snippet:-1, max-image-preview:large, max-video-preview:-1\" \/>\n<link rel=\"canonical\" href=\"https:\/\/rioonwatch.org.br\/?p=13261\" \/>\n<meta property=\"og:locale\" content=\"pt_BR\" \/>\n<meta property=\"og:type\" content=\"article\" \/>\n<meta property=\"og:title\" content=\"Melhores e Piores Reportagens Internacionais sobre as Favelas do Rio em 2014 - RioOnWatch\" \/>\n<meta property=\"og:description\" content=\"Click Here for English Essa \u00e9 a mais recente\u00a0contribui\u00e7\u00e3o para nossa s\u00e9rie\u00a0sobre\u00a0As Melhores e Piores Reportagens Internacionais sobre as Favelas do Rio, parte do atual debate do RioOnWatch sobre a\u00a0narrativa\u00a0e os\u00a0retratos midi\u00e1ticos\u00a0acerca das favelas cariocas. [...]\" \/>\n<meta property=\"og:url\" content=\"https:\/\/rioonwatch.org.br\/?p=13261\" \/>\n<meta property=\"og:site_name\" content=\"RioOnWatch\" \/>\n<meta property=\"article:published_time\" content=\"2015-01-09T12:00:12+00:00\" \/>\n<meta property=\"article:modified_time\" content=\"2022-07-05T15:28:08+00:00\" \/>\n<meta property=\"og:image\" content=\"https:\/\/rioonwatch.org.br\/wp-content\/uploads\/2015\/01\/NPR.jpg\" \/>\n\t<meta property=\"og:image:width\" content=\"600\" \/>\n\t<meta property=\"og:image:height\" content=\"409\" \/>\n\t<meta property=\"og:image:type\" content=\"image\/jpeg\" \/>\n<meta name=\"author\" content=\"Nicole Froio\" \/>\n<meta name=\"twitter:card\" content=\"summary_large_image\" \/>\n<meta name=\"twitter:label1\" content=\"Escrito por\" \/>\n\t<meta name=\"twitter:data1\" content=\"Nicole Froio\" \/>\n\t<meta name=\"twitter:label2\" content=\"Est. tempo de leitura\" \/>\n\t<meta name=\"twitter:data2\" content=\"10 minutos\" \/>\n<script type=\"application\/ld+json\" class=\"yoast-schema-graph\">{\"@context\":\"https:\/\/schema.org\",\"@graph\":[{\"@type\":\"Article\",\"@id\":\"https:\/\/rioonwatch.org.br\/?p=13261#article\",\"isPartOf\":{\"@id\":\"https:\/\/rioonwatch.org.br\/?p=13261\"},\"author\":{\"name\":\"Nicole Froio\",\"@id\":\"https:\/\/rioonwatch.org.br\/#\/schema\/person\/e07d559fe2154d11fd3ec515e35695ee\"},\"headline\":\"Melhores e Piores Reportagens Internacionais sobre as Favelas do Rio em 2014\",\"datePublished\":\"2015-01-09T12:00:12+00:00\",\"dateModified\":\"2022-07-05T15:28:08+00:00\",\"mainEntityOfPage\":{\"@id\":\"https:\/\/rioonwatch.org.br\/?p=13261\"},\"wordCount\":1951,\"publisher\":{\"@id\":\"https:\/\/rioonwatch.org.br\/#organization\"},\"image\":{\"@id\":\"https:\/\/rioonwatch.org.br\/?p=13261#primaryimage\"},\"thumbnailUrl\":\"https:\/\/rioonwatch.org.br\/wp-content\/uploads\/2015\/01\/NPR.jpg\",\"keywords\":[\"an\u00e1lise cobertura de favelas\",\"Complexo do Alem\u00e3o\",\"cr\u00edtica \u00e0 pol\u00edtica\",\"grande m\u00eddia\",\"jornalismo\",\"narrativa midi\u00e1tica\",\"Rocinha\",\"S\u00e9rie: Melhores e Piores Reportagens\",\"Vidigal\",\"Vila Recreio II\"],\"articleSection\":[\"#Rio2016\",\"Pol\u00edticas\",\"Solu\u00e7\u00f5es\"],\"inLanguage\":\"pt-BR\"},{\"@type\":\"WebPage\",\"@id\":\"https:\/\/rioonwatch.org.br\/?p=13261\",\"url\":\"https:\/\/rioonwatch.org.br\/?p=13261\",\"name\":\"Melhores e Piores Reportagens Internacionais sobre as Favelas do Rio em 2014 - RioOnWatch\",\"isPartOf\":{\"@id\":\"https:\/\/rioonwatch.org.br\/#website\"},\"primaryImageOfPage\":{\"@id\":\"https:\/\/rioonwatch.org.br\/?p=13261#primaryimage\"},\"image\":{\"@id\":\"https:\/\/rioonwatch.org.br\/?p=13261#primaryimage\"},\"thumbnailUrl\":\"https:\/\/rioonwatch.org.br\/wp-content\/uploads\/2015\/01\/NPR.jpg\",\"datePublished\":\"2015-01-09T12:00:12+00:00\",\"dateModified\":\"2022-07-05T15:28:08+00:00\",\"breadcrumb\":{\"@id\":\"https:\/\/rioonwatch.org.br\/?p=13261#breadcrumb\"},\"inLanguage\":\"pt-BR\",\"potentialAction\":[{\"@type\":\"ReadAction\",\"target\":[\"https:\/\/rioonwatch.org.br\/?p=13261\"]}]},{\"@type\":\"ImageObject\",\"inLanguage\":\"pt-BR\",\"@id\":\"https:\/\/rioonwatch.org.br\/?p=13261#primaryimage\",\"url\":\"https:\/\/rioonwatch.org.br\/wp-content\/uploads\/2015\/01\/NPR.jpg\",\"contentUrl\":\"https:\/\/rioonwatch.org.br\/wp-content\/uploads\/2015\/01\/NPR.jpg\",\"width\":600,\"height\":409},{\"@type\":\"BreadcrumbList\",\"@id\":\"https:\/\/rioonwatch.org.br\/?p=13261#breadcrumb\",\"itemListElement\":[{\"@type\":\"ListItem\",\"position\":1,\"name\":\"In\u00edcio\",\"item\":\"https:\/\/rioonwatch.org.br\/\"},{\"@type\":\"ListItem\",\"position\":2,\"name\":\"Melhores e Piores Reportagens Internacionais sobre as Favelas do Rio em 2014\"}]},{\"@type\":\"WebSite\",\"@id\":\"https:\/\/rioonwatch.org.br\/#website\",\"url\":\"https:\/\/rioonwatch.org.br\/\",\"name\":\"RioOnWatch\",\"description\":\"relatos das favelas cariocas\",\"publisher\":{\"@id\":\"https:\/\/rioonwatch.org.br\/#organization\"},\"potentialAction\":[{\"@type\":\"SearchAction\",\"target\":{\"@type\":\"EntryPoint\",\"urlTemplate\":\"https:\/\/rioonwatch.org.br\/?s={search_term_string}\"},\"query-input\":{\"@type\":\"PropertyValueSpecification\",\"valueRequired\":true,\"valueName\":\"search_term_string\"}}],\"inLanguage\":\"pt-BR\"},{\"@type\":\"Organization\",\"@id\":\"https:\/\/rioonwatch.org.br\/#organization\",\"name\":\"RioOnWatch\",\"url\":\"https:\/\/rioonwatch.org.br\/\",\"logo\":{\"@type\":\"ImageObject\",\"inLanguage\":\"pt-BR\",\"@id\":\"https:\/\/rioonwatch.org.br\/#\/schema\/logo\/image\/\",\"url\":\"https:\/\/rioonwatch.org.br\/wp-content\/uploads\/2021\/06\/RioOnWatchcabecalhoPT11anos-2.png\",\"contentUrl\":\"https:\/\/rioonwatch.org.br\/wp-content\/uploads\/2021\/06\/RioOnWatchcabecalhoPT11anos-2.png\",\"width\":779,\"height\":277,\"caption\":\"RioOnWatch\"},\"image\":{\"@id\":\"https:\/\/rioonwatch.org.br\/#\/schema\/logo\/image\/\"}},{\"@type\":\"Person\",\"@id\":\"https:\/\/rioonwatch.org.br\/#\/schema\/person\/e07d559fe2154d11fd3ec515e35695ee\",\"name\":\"Nicole Froio\",\"image\":{\"@type\":\"ImageObject\",\"inLanguage\":\"pt-BR\",\"@id\":\"https:\/\/rioonwatch.org.br\/#\/schema\/person\/image\/\",\"url\":\"https:\/\/secure.gravatar.com\/avatar\/0acdbd6878ca0ac29aa5ce6c6119d636?s=96&d=blank&r=g\",\"contentUrl\":\"https:\/\/secure.gravatar.com\/avatar\/0acdbd6878ca0ac29aa5ce6c6119d636?s=96&d=blank&r=g\",\"caption\":\"Nicole Froio\"},\"url\":\"https:\/\/rioonwatch.org.br\/?author=137\"}]}<\/script>\n<!-- \/ Yoast SEO plugin. -->","yoast_head_json":{"title":"Melhores e Piores Reportagens Internacionais sobre as Favelas do Rio em 2014 - RioOnWatch","robots":{"index":"index","follow":"follow","max-snippet":"max-snippet:-1","max-image-preview":"max-image-preview:large","max-video-preview":"max-video-preview:-1"},"canonical":"https:\/\/rioonwatch.org.br\/?p=13261","og_locale":"pt_BR","og_type":"article","og_title":"Melhores e Piores Reportagens Internacionais sobre as Favelas do Rio em 2014 - RioOnWatch","og_description":"Click Here for English Essa \u00e9 a mais recente\u00a0contribui\u00e7\u00e3o para nossa s\u00e9rie\u00a0sobre\u00a0As Melhores e Piores Reportagens Internacionais sobre as Favelas do Rio, parte do atual debate do RioOnWatch sobre a\u00a0narrativa\u00a0e os\u00a0retratos midi\u00e1ticos\u00a0acerca das favelas cariocas. [...]","og_url":"https:\/\/rioonwatch.org.br\/?p=13261","og_site_name":"RioOnWatch","article_published_time":"2015-01-09T12:00:12+00:00","article_modified_time":"2022-07-05T15:28:08+00:00","og_image":[{"width":600,"height":409,"url":"https:\/\/rioonwatch.org.br\/wp-content\/uploads\/2015\/01\/NPR.jpg","type":"image\/jpeg"}],"author":"Nicole Froio","twitter_card":"summary_large_image","twitter_misc":{"Escrito por":"Nicole Froio","Est. tempo de leitura":"10 minutos"},"schema":{"@context":"https:\/\/schema.org","@graph":[{"@type":"Article","@id":"https:\/\/rioonwatch.org.br\/?p=13261#article","isPartOf":{"@id":"https:\/\/rioonwatch.org.br\/?p=13261"},"author":{"name":"Nicole Froio","@id":"https:\/\/rioonwatch.org.br\/#\/schema\/person\/e07d559fe2154d11fd3ec515e35695ee"},"headline":"Melhores e Piores Reportagens Internacionais sobre as Favelas do Rio em 2014","datePublished":"2015-01-09T12:00:12+00:00","dateModified":"2022-07-05T15:28:08+00:00","mainEntityOfPage":{"@id":"https:\/\/rioonwatch.org.br\/?p=13261"},"wordCount":1951,"publisher":{"@id":"https:\/\/rioonwatch.org.br\/#organization"},"image":{"@id":"https:\/\/rioonwatch.org.br\/?p=13261#primaryimage"},"thumbnailUrl":"https:\/\/rioonwatch.org.br\/wp-content\/uploads\/2015\/01\/NPR.jpg","keywords":["an\u00e1lise cobertura de favelas","Complexo do Alem\u00e3o","cr\u00edtica \u00e0 pol\u00edtica","grande m\u00eddia","jornalismo","narrativa midi\u00e1tica","Rocinha","S\u00e9rie: Melhores e Piores Reportagens","Vidigal","Vila Recreio II"],"articleSection":["#Rio2016","Pol\u00edticas","Solu\u00e7\u00f5es"],"inLanguage":"pt-BR"},{"@type":"WebPage","@id":"https:\/\/rioonwatch.org.br\/?p=13261","url":"https:\/\/rioonwatch.org.br\/?p=13261","name":"Melhores e Piores Reportagens Internacionais sobre as Favelas do Rio em 2014 - RioOnWatch","isPartOf":{"@id":"https:\/\/rioonwatch.org.br\/#website"},"primaryImageOfPage":{"@id":"https:\/\/rioonwatch.org.br\/?p=13261#primaryimage"},"image":{"@id":"https:\/\/rioonwatch.org.br\/?p=13261#primaryimage"},"thumbnailUrl":"https:\/\/rioonwatch.org.br\/wp-content\/uploads\/2015\/01\/NPR.jpg","datePublished":"2015-01-09T12:00:12+00:00","dateModified":"2022-07-05T15:28:08+00:00","breadcrumb":{"@id":"https:\/\/rioonwatch.org.br\/?p=13261#breadcrumb"},"inLanguage":"pt-BR","potentialAction":[{"@type":"ReadAction","target":["https:\/\/rioonwatch.org.br\/?p=13261"]}]},{"@type":"ImageObject","inLanguage":"pt-BR","@id":"https:\/\/rioonwatch.org.br\/?p=13261#primaryimage","url":"https:\/\/rioonwatch.org.br\/wp-content\/uploads\/2015\/01\/NPR.jpg","contentUrl":"https:\/\/rioonwatch.org.br\/wp-content\/uploads\/2015\/01\/NPR.jpg","width":600,"height":409},{"@type":"BreadcrumbList","@id":"https:\/\/rioonwatch.org.br\/?p=13261#breadcrumb","itemListElement":[{"@type":"ListItem","position":1,"name":"In\u00edcio","item":"https:\/\/rioonwatch.org.br\/"},{"@type":"ListItem","position":2,"name":"Melhores e Piores Reportagens Internacionais sobre as Favelas do Rio em 2014"}]},{"@type":"WebSite","@id":"https:\/\/rioonwatch.org.br\/#website","url":"https:\/\/rioonwatch.org.br\/","name":"RioOnWatch","description":"relatos das favelas cariocas","publisher":{"@id":"https:\/\/rioonwatch.org.br\/#organization"},"potentialAction":[{"@type":"SearchAction","target":{"@type":"EntryPoint","urlTemplate":"https:\/\/rioonwatch.org.br\/?s={search_term_string}"},"query-input":{"@type":"PropertyValueSpecification","valueRequired":true,"valueName":"search_term_string"}}],"inLanguage":"pt-BR"},{"@type":"Organization","@id":"https:\/\/rioonwatch.org.br\/#organization","name":"RioOnWatch","url":"https:\/\/rioonwatch.org.br\/","logo":{"@type":"ImageObject","inLanguage":"pt-BR","@id":"https:\/\/rioonwatch.org.br\/#\/schema\/logo\/image\/","url":"https:\/\/rioonwatch.org.br\/wp-content\/uploads\/2021\/06\/RioOnWatchcabecalhoPT11anos-2.png","contentUrl":"https:\/\/rioonwatch.org.br\/wp-content\/uploads\/2021\/06\/RioOnWatchcabecalhoPT11anos-2.png","width":779,"height":277,"caption":"RioOnWatch"},"image":{"@id":"https:\/\/rioonwatch.org.br\/#\/schema\/logo\/image\/"}},{"@type":"Person","@id":"https:\/\/rioonwatch.org.br\/#\/schema\/person\/e07d559fe2154d11fd3ec515e35695ee","name":"Nicole Froio","image":{"@type":"ImageObject","inLanguage":"pt-BR","@id":"https:\/\/rioonwatch.org.br\/#\/schema\/person\/image\/","url":"https:\/\/secure.gravatar.com\/avatar\/0acdbd6878ca0ac29aa5ce6c6119d636?s=96&d=blank&r=g","contentUrl":"https:\/\/secure.gravatar.com\/avatar\/0acdbd6878ca0ac29aa5ce6c6119d636?s=96&d=blank&r=g","caption":"Nicole Froio"},"url":"https:\/\/rioonwatch.org.br\/?author=137"}]}},"_links":{"self":[{"href":"https:\/\/rioonwatch.org.br\/index.php?rest_route=\/wp\/v2\/posts\/13261"}],"collection":[{"href":"https:\/\/rioonwatch.org.br\/index.php?rest_route=\/wp\/v2\/posts"}],"about":[{"href":"https:\/\/rioonwatch.org.br\/index.php?rest_route=\/wp\/v2\/types\/post"}],"author":[{"embeddable":true,"href":"https:\/\/rioonwatch.org.br\/index.php?rest_route=\/wp\/v2\/users\/137"}],"replies":[{"embeddable":true,"href":"https:\/\/rioonwatch.org.br\/index.php?rest_route=%2Fwp%2Fv2%2Fcomments&post=13261"}],"version-history":[{"count":26,"href":"https:\/\/rioonwatch.org.br\/index.php?rest_route=\/wp\/v2\/posts\/13261\/revisions"}],"predecessor-version":[{"id":62083,"href":"https:\/\/rioonwatch.org.br\/index.php?rest_route=\/wp\/v2\/posts\/13261\/revisions\/62083"}],"wp:featuredmedia":[{"embeddable":true,"href":"https:\/\/rioonwatch.org.br\/index.php?rest_route=\/wp\/v2\/media\/13262"}],"wp:attachment":[{"href":"https:\/\/rioonwatch.org.br\/index.php?rest_route=%2Fwp%2Fv2%2Fmedia&parent=13261"}],"wp:term":[{"taxonomy":"category","embeddable":true,"href":"https:\/\/rioonwatch.org.br\/index.php?rest_route=%2Fwp%2Fv2%2Fcategories&post=13261"},{"taxonomy":"post_tag","embeddable":true,"href":"https:\/\/rioonwatch.org.br\/index.php?rest_route=%2Fwp%2Fv2%2Ftags&post=13261"},{"taxonomy":"writer","embeddable":true,"href":"https:\/\/rioonwatch.org.br\/index.php?rest_route=%2Fwp%2Fv2%2Fwriter&post=13261"},{"taxonomy":"translator","embeddable":true,"href":"https:\/\/rioonwatch.org.br\/index.php?rest_route=%2Fwp%2Fv2%2Ftranslator&post=13261"},{"taxonomy":"source","embeddable":true,"href":"https:\/\/rioonwatch.org.br\/index.php?rest_route=%2Fwp%2Fv2%2Fsource&post=13261"},{"taxonomy":"ilustrador","embeddable":true,"href":"https:\/\/rioonwatch.org.br\/index.php?rest_route=%2Fwp%2Fv2%2Filustrador&post=13261"},{"taxonomy":"fotografo","embeddable":true,"href":"https:\/\/rioonwatch.org.br\/index.php?rest_route=%2Fwp%2Fv2%2Ffotografo&post=13261"}],"curies":[{"name":"wp","href":"https:\/\/api.w.org\/{rel}","templated":true}]}}