{"id":13338,"date":"2015-01-22T15:46:53","date_gmt":"2015-01-22T18:46:53","guid":{"rendered":"http:\/\/rioonwatch.org.br\/?p=13338"},"modified":"2024-06-20T16:26:07","modified_gmt":"2024-06-20T19:26:07","slug":"documentario-revela-impacto-da-copa-do-mundo-nas-mulheres-cariocas","status":"publish","type":"post","link":"https:\/\/rioonwatch.org.br\/?p=13338","title":{"rendered":"Document\u00e1rio Revela Impacto da Copa do Mundo nas Mulheres Cariocas"},"content":{"rendered":"<p style=\"text-align: right;\"><em><strong><a href=\"http:\/\/bit.ly\/1Lv186n\" target=\"_blank\" rel=\"noopener\">Click Here for English<img decoding=\"async\" width=\"20\" height=\"20\" class=\"alignright wp-image-15790\" src=\"http:\/\/rioonwatch.org.br\/wp-content\/uploads\/2012\/08\/EN-standard-e1439583104716.jpg\" alt=\"\" \/><\/a><\/strong><\/em><\/p>\n<p>Um document\u00e1rio\u00a0produzido pela organiza\u00e7\u00e3o <a href=\"http:\/\/bit.ly\/1C7Ok1z\" target=\"_blank\" rel=\"noopener\">Casa da Mulher Trabalhadora (CAMTRA)<\/a> documentou o impacto da <a href=\"http:\/\/bit.ly\/WfaiMR\" target=\"_blank\" rel=\"noopener\">Copa do Mundo de 2014<\/a> nas mulheres do Rio de Janeiro. Em um curta de 20 minutos, entrevistas com 14 mulheres cariocas revelam como foi o m\u00eas do mega-evento para vendedoras de rua, empreendedoras, prostitutas, ativistas, artistas e moradoras das favelas.<\/p>\n<p>Para algumas mulheres, o mega-evento teve impacto ruim: prostitutas e vendedoras de ruas acabaram ficando com preju\u00edzo durante o campeonato. Para outras, a cidade ficou na mesma apesar de promessas do governo que todos se beneficiariam com o campeonato. O embranquecimento do Brasil\u00a0durante a Copa tamb\u00e9m foi um assunto discutido, assim como a explora\u00e7\u00e3o do corpo feminino para atrair turistas a Cidade Maravilhosa.<\/p>\n<p>Em uma entrevista com<em> RioOnWatch<\/em>\u00a0a diretora do document\u00e1rio Amanda Palma e a coordenadora geral da CAMTRA Eleut\u00e9ria Amora explicaram um pouco sobre o objetivo do document\u00e1rio e como ele foi feito. Confira abaixo a entrevista na \u00edntegra.<\/p>\n<h3>De onde surgiu a id\u00e9ia de fazer o document\u00e1rio?<\/h3>\n<p><em><strong>Amanda Palma:<\/strong> A iniciativa foi toda por parte da CAMTRA, que tem como objetivo difundir informa\u00e7\u00e3o que beneficia a luta pelos direitos das mulheres.<\/em><\/p>\n<p><em><strong>Eleut\u00e9ria Amora:<\/strong> A ideia do document\u00e1rio surgiu porque quer\u00edamos que as mulheres falassem como suas vidas estavam sendo afetadas, com a organiza\u00e7\u00e3o da Copa no Brasil, e como era um mito que todas as pessoas, o pa\u00eds, ganharia muito com este <a href=\"http:\/\/bit.ly\/1uZ9w6o\" target=\"_blank\" rel=\"noopener\">mega-evento<\/a>. De fato muitos ganharam, por\u00e9m estas pessoas sem d\u00favida n\u00e3o foram as trabalhadoras.<\/em><\/p>\n<h3>Como foi o processo de escolher mulheres para entrevistar?<\/h3>\n<p><em><strong>AP:<\/strong> As mulheres foram selecionadas em conjunto com a CAMTRA, que tem uma rede grande de mulheres que j\u00e1 s\u00e3o conhecidas da entidade, para que tiv\u00e9ssemos uma abordagem ampla, com mulheres de diferentes lutas. Temos mulheres de diversos movimentos sociais que v\u00e3o desde o circo, ocupa\u00e7\u00f5es e trabalhadoras de diferentes segmentos. Todas foram receptivas principalmente por confiarem no trabalho da CAMTRA, e saberem que suas falas n\u00e3o iriam ser distorcidas.<\/em><\/p>\n<h3>Porque \u00e9 importante trazer visibilidade para\u00a0o impacto que a Copa do Mundo teve na vida das mulheres?<\/h3>\n<p><em><strong>AP:<\/strong> A grande m\u00eddia \u00e9 muito parcial em anunciar os grandes eventos sempre como uma festa e principalmente uma oportunidade para enriquecer o pa\u00eds. Com isso percebemos que muitas pessoas ficam esperan\u00e7osas com a possibilidade de &#8220;mudar de vida&#8221; durante este per\u00edodo. \u00c9 importante refletir sobre exatamente qual fatia da popula\u00e7\u00e3o \u00e9 beneficiada com estes acontecimentos.<\/em><\/p>\n<p><em><strong>EA:<\/strong>\u00a0A ideia de uma cidade-n\u00e9gocio, e n\u00e3o de uma cidade para as pessoas. E, as mulheres s\u00e3o as mais afetadas, porque s\u00e3o elas que cotidianamente enfrentam todo tipo de problema e se deparam no seu cotidiano o d\u00e9ficit das pol\u00edticas p\u00fablicas. Por exemplo a creche, a dificuldade de acessar servi\u00e7os p\u00fablicos como educa\u00e7\u00e3o e sa\u00fade. Ent\u00e3o fica a pergunta: para qu\u00ea investir em aeroporto, em grandes avenidas, seguran\u00e7a&#8211;para quem de fato s\u00e3o estes investimentos? S\u00e3o exatamente para uma elite que se mant\u00e9m no poder e que provavelmente conseguiu comprar ingressos e assistir os jogos, porque para a popula\u00e7\u00e3o, n\u00e3o foi poss\u00edvel.<\/em><\/p>\n<h3>Muitas das mulheres falam sobre o embranquecimento da cidade durante a Copa. Porque voc\u00eas acharam\u00a0importante ressaltar isso?<\/h3>\n<p><em><strong>AP:<\/strong> Ressaltei tudo que eu considerei que foi mais marcante no discurso de cada uma, com cuidado para n\u00e3o tornar o document\u00e1rio sobre a minha opini\u00e3o, e sim sobre a delas. Essa quest\u00e3o do embranquecimento foi muito forte e citada por diversas mulheres. Quem conheceu o Brasil pelas imagens da Copa que veicularam pelo mundo, conheceu um pa\u00eds branco. Tanto nas propagandas da Copa, quanto no pr\u00f3prio p\u00fablico que estava nos est\u00e1dios assistindo e torcendo, voc\u00ea quase n\u00e3o via pessoas negras. Essa segrega\u00e7\u00e3o ficou bem evidente, visto que na realidade e nas ruas sabemos que o Brasil \u00e9 um povo de maioria negra.<\/em><\/p>\n<h3>Uma das entrevistadas diz que o corpo da mulher brasileira \u00e9 usado para vender o turismo brasileiro para o mundo e o document\u00e1rio\u00a0retrata as mulheres como trabalhadoras reais que s\u00e3o afetadas pelo evento em si. Esse foi o contraste que voc\u00ea estava procurando ao produzir o filme?<\/h3>\n<p><em><strong>AP:<\/strong> Eu comecei a produzir o filme sem uma expectativa espec\u00edfica, apenas deixei as entrevistadas livres para colocar suas quest\u00f5es como quisessem. Ao fim acabou ficando bem claro este contraste, que \u00e9 um exemplo de como funciona a sociedade machista. No caso da Copa, a mulher \u00e9 super usada na m\u00eddia de forma sexualizada para &#8220;atrair&#8221; turistas para o pa\u00eds mas ao mesmo tempo a mulher trabalhadora \u00e9 deixada de escanteio e n\u00e3o recebe os benef\u00edcios que v\u00eam desses investimentos. \u00a0Tivemos por exemplo, o caso da marca Adidas, que produziu camisetas com conte\u00fado machista, onde literalmente se oferecia o corpo da mulher brasileira como se esta estivesse aqui \u00e0 disposi\u00e7\u00e3o dos turistas. Gra\u00e7as \u00e0 press\u00e3o de muitas cr\u00edticas na internet, notas de rep\u00fadio de diversos movimentos sociais, e por fim do governo, a marca cancelou as vendas das camisetas. Isso foi fruto da uni\u00e3o de muitas feministas fazendo com que o assunto fosse ouvido.<\/em><\/p>\n<h3>Qual \u00e9 o impacto esperado do document\u00e1rio?<\/h3>\n<p><em><strong>AP:<\/strong> Acredito que todas as pessoas, principalmente as mulheres, podem observar os depoimentos das entrevistadas e procurar desenvolver esse senso cr\u00edtico. Se perguntar os porqu\u00eas de coisas que poderiam passar despercebidas, questionar&#8230; Como muitas mulheres falaram no document\u00e1rio: N\u00e3o basta ser mulher, tem que buscar conhecer, criticar, se unir, reclamar e exigir seus direitos e seu espa\u00e7o na sociedade.<\/em><\/p>\n<p><em><strong>EA:<\/strong> Esperamos que sirva de inspira\u00e7\u00e3o para a luta, um apoio para uma reflex\u00e3o sobre a situa\u00e7\u00e3o das mulheres trabalhadoras neste pais; bem como um instrumento de luta.<\/em><\/p>\n<h3>Confira o document\u00e1rio completo abaixo:<\/h3>\n<p><iframe src=\"\/\/www.youtube.com\/embed\/Ssk-Q6CGeGs\" width=\"620\" height=\"349\" frameborder=\"0\" allowfullscreen=\"allowfullscreen\"><\/iframe><\/p>\n<!-- AddThis Advanced Settings generic via filter on the_content --><!-- AddThis Share Buttons generic via filter on the_content -->","protected":false},"excerpt":{"rendered":"<div class=\"mh-excerpt\"><p>Click Here for English Um document\u00e1rio\u00a0produzido pela organiza\u00e7\u00e3o Casa da Mulher Trabalhadora (CAMTRA) documentou o impacto da Copa do Mundo de 2014 nas mulheres do Rio de Janeiro. Em um curta de 20 minutos, entrevistas <a class=\"mh-excerpt-more\" href=\"https:\/\/rioonwatch.org.br\/?p=13338\" title=\"Document\u00e1rio Revela Impacto da Copa do Mundo nas Mulheres Cariocas\">[&#8230;]<\/a><!-- AddThis Advanced Settings generic via filter on get_the_excerpt --><!-- AddThis Share Buttons generic via filter on get_the_excerpt --><\/p>\n<\/div>","protected":false},"author":137,"featured_media":15944,"comment_status":"closed","ping_status":"closed","sticky":false,"template":"","format":"standard","meta":{"_acf_changed":false,"_monsterinsights_skip_tracking":false,"_monsterinsights_sitenote_active":false,"_monsterinsights_sitenote_note":"","_monsterinsights_sitenote_category":0,"footnotes":""},"categories":[1635,346,342,1638],"tags":[389,831,1258,42,1240,936,578,825],"writer":[1657],"translator":[],"source":[],"ilustrador":[],"fotografo":[],"class_list":{"0":"post-13338","1":"post","2":"type-post","3":"status-publish","4":"format-standard","5":"has-post-thumbnail","7":"category-1635","8":"category-denuncias","9":"category-solucoes","10":"category-video","11":"tag-copa-do-mundo","12":"tag-direito-a-cidade","13":"tag-entrevista","14":"tag-genero","15":"tag-megaeventos","16":"tag-raca","17":"tag-trabalho-e-renda","18":"tag-turismo","19":"writer-nicole-froio"},"acf":[],"yoast_head":"<!-- This site is optimized with the Yoast SEO plugin v25.6 - https:\/\/yoast.com\/wordpress\/plugins\/seo\/ -->\n<title>Document\u00e1rio Revela Impacto da Copa do Mundo nas Mulheres Cariocas - RioOnWatch<\/title>\n<meta name=\"robots\" content=\"index, follow, max-snippet:-1, max-image-preview:large, max-video-preview:-1\" \/>\n<link rel=\"canonical\" href=\"https:\/\/rioonwatch.org.br\/?p=13338\" \/>\n<meta property=\"og:locale\" content=\"pt_BR\" \/>\n<meta property=\"og:type\" content=\"article\" \/>\n<meta property=\"og:title\" content=\"Document\u00e1rio Revela Impacto da Copa do Mundo nas Mulheres Cariocas - RioOnWatch\" \/>\n<meta property=\"og:description\" content=\"Click Here for English Um document\u00e1rio\u00a0produzido pela organiza\u00e7\u00e3o Casa da Mulher Trabalhadora (CAMTRA) documentou o impacto da Copa do Mundo de 2014 nas mulheres do Rio de Janeiro. Em um curta de 20 minutos, entrevistas [...]\" \/>\n<meta property=\"og:url\" content=\"https:\/\/rioonwatch.org.br\/?p=13338\" \/>\n<meta property=\"og:site_name\" content=\"RioOnWatch\" \/>\n<meta property=\"article:published_time\" content=\"2015-01-22T18:46:53+00:00\" \/>\n<meta property=\"article:modified_time\" content=\"2024-06-20T19:26:07+00:00\" \/>\n<meta property=\"og:image\" content=\"https:\/\/rioonwatch.org.br\/wp-content\/uploads\/2015\/01\/As-Mulheres-e-a-Copa-do-Mundo.jpg\" \/>\n\t<meta property=\"og:image:width\" content=\"576\" \/>\n\t<meta property=\"og:image:height\" content=\"394\" \/>\n\t<meta property=\"og:image:type\" content=\"image\/jpeg\" \/>\n<meta name=\"author\" content=\"Nicole Froio\" \/>\n<meta name=\"twitter:card\" content=\"summary_large_image\" \/>\n<meta name=\"twitter:label1\" content=\"Escrito por\" \/>\n\t<meta name=\"twitter:data1\" content=\"Nicole Froio\" \/>\n\t<meta name=\"twitter:label2\" content=\"Est. tempo de leitura\" \/>\n\t<meta name=\"twitter:data2\" content=\"5 minutos\" \/>\n<script type=\"application\/ld+json\" class=\"yoast-schema-graph\">{\"@context\":\"https:\/\/schema.org\",\"@graph\":[{\"@type\":\"Article\",\"@id\":\"https:\/\/rioonwatch.org.br\/?p=13338#article\",\"isPartOf\":{\"@id\":\"https:\/\/rioonwatch.org.br\/?p=13338\"},\"author\":{\"name\":\"Nicole Froio\",\"@id\":\"https:\/\/rioonwatch.org.br\/#\/schema\/person\/e07d559fe2154d11fd3ec515e35695ee\"},\"headline\":\"Document\u00e1rio Revela Impacto da Copa do Mundo nas Mulheres Cariocas\",\"datePublished\":\"2015-01-22T18:46:53+00:00\",\"dateModified\":\"2024-06-20T19:26:07+00:00\",\"mainEntityOfPage\":{\"@id\":\"https:\/\/rioonwatch.org.br\/?p=13338\"},\"wordCount\":1008,\"publisher\":{\"@id\":\"https:\/\/rioonwatch.org.br\/#organization\"},\"image\":{\"@id\":\"https:\/\/rioonwatch.org.br\/?p=13338#primaryimage\"},\"thumbnailUrl\":\"https:\/\/rioonwatch.org.br\/wp-content\/uploads\/2015\/01\/As-Mulheres-e-a-Copa-do-Mundo.jpg\",\"keywords\":[\"Copa do Mundo\",\"Direito \u00e0 Cidade\",\"entrevista\",\"g\u00eanero\",\"Megaeventos\",\"ra\u00e7a\",\"Trabalho e renda\",\"turismo\"],\"articleSection\":[\"#Rio2016\",\"Den\u00fancias\",\"Solu\u00e7\u00f5es\",\"V\u00eddeo\"],\"inLanguage\":\"pt-BR\"},{\"@type\":\"WebPage\",\"@id\":\"https:\/\/rioonwatch.org.br\/?p=13338\",\"url\":\"https:\/\/rioonwatch.org.br\/?p=13338\",\"name\":\"Document\u00e1rio Revela Impacto da Copa do Mundo nas Mulheres Cariocas - RioOnWatch\",\"isPartOf\":{\"@id\":\"https:\/\/rioonwatch.org.br\/#website\"},\"primaryImageOfPage\":{\"@id\":\"https:\/\/rioonwatch.org.br\/?p=13338#primaryimage\"},\"image\":{\"@id\":\"https:\/\/rioonwatch.org.br\/?p=13338#primaryimage\"},\"thumbnailUrl\":\"https:\/\/rioonwatch.org.br\/wp-content\/uploads\/2015\/01\/As-Mulheres-e-a-Copa-do-Mundo.jpg\",\"datePublished\":\"2015-01-22T18:46:53+00:00\",\"dateModified\":\"2024-06-20T19:26:07+00:00\",\"breadcrumb\":{\"@id\":\"https:\/\/rioonwatch.org.br\/?p=13338#breadcrumb\"},\"inLanguage\":\"pt-BR\",\"potentialAction\":[{\"@type\":\"ReadAction\",\"target\":[\"https:\/\/rioonwatch.org.br\/?p=13338\"]}]},{\"@type\":\"ImageObject\",\"inLanguage\":\"pt-BR\",\"@id\":\"https:\/\/rioonwatch.org.br\/?p=13338#primaryimage\",\"url\":\"https:\/\/rioonwatch.org.br\/wp-content\/uploads\/2015\/01\/As-Mulheres-e-a-Copa-do-Mundo.jpg\",\"contentUrl\":\"https:\/\/rioonwatch.org.br\/wp-content\/uploads\/2015\/01\/As-Mulheres-e-a-Copa-do-Mundo.jpg\",\"width\":576,\"height\":394},{\"@type\":\"BreadcrumbList\",\"@id\":\"https:\/\/rioonwatch.org.br\/?p=13338#breadcrumb\",\"itemListElement\":[{\"@type\":\"ListItem\",\"position\":1,\"name\":\"In\u00edcio\",\"item\":\"https:\/\/rioonwatch.org.br\/\"},{\"@type\":\"ListItem\",\"position\":2,\"name\":\"Document\u00e1rio Revela Impacto da Copa do Mundo nas Mulheres Cariocas\"}]},{\"@type\":\"WebSite\",\"@id\":\"https:\/\/rioonwatch.org.br\/#website\",\"url\":\"https:\/\/rioonwatch.org.br\/\",\"name\":\"RioOnWatch\",\"description\":\"relatos das favelas cariocas\",\"publisher\":{\"@id\":\"https:\/\/rioonwatch.org.br\/#organization\"},\"potentialAction\":[{\"@type\":\"SearchAction\",\"target\":{\"@type\":\"EntryPoint\",\"urlTemplate\":\"https:\/\/rioonwatch.org.br\/?s={search_term_string}\"},\"query-input\":{\"@type\":\"PropertyValueSpecification\",\"valueRequired\":true,\"valueName\":\"search_term_string\"}}],\"inLanguage\":\"pt-BR\"},{\"@type\":\"Organization\",\"@id\":\"https:\/\/rioonwatch.org.br\/#organization\",\"name\":\"RioOnWatch\",\"url\":\"https:\/\/rioonwatch.org.br\/\",\"logo\":{\"@type\":\"ImageObject\",\"inLanguage\":\"pt-BR\",\"@id\":\"https:\/\/rioonwatch.org.br\/#\/schema\/logo\/image\/\",\"url\":\"https:\/\/rioonwatch.org.br\/wp-content\/uploads\/2021\/06\/RioOnWatchcabecalhoPT11anos-2.png\",\"contentUrl\":\"https:\/\/rioonwatch.org.br\/wp-content\/uploads\/2021\/06\/RioOnWatchcabecalhoPT11anos-2.png\",\"width\":779,\"height\":277,\"caption\":\"RioOnWatch\"},\"image\":{\"@id\":\"https:\/\/rioonwatch.org.br\/#\/schema\/logo\/image\/\"}},{\"@type\":\"Person\",\"@id\":\"https:\/\/rioonwatch.org.br\/#\/schema\/person\/e07d559fe2154d11fd3ec515e35695ee\",\"name\":\"Nicole Froio\",\"image\":{\"@type\":\"ImageObject\",\"inLanguage\":\"pt-BR\",\"@id\":\"https:\/\/rioonwatch.org.br\/#\/schema\/person\/image\/\",\"url\":\"https:\/\/secure.gravatar.com\/avatar\/0acdbd6878ca0ac29aa5ce6c6119d636?s=96&d=blank&r=g\",\"contentUrl\":\"https:\/\/secure.gravatar.com\/avatar\/0acdbd6878ca0ac29aa5ce6c6119d636?s=96&d=blank&r=g\",\"caption\":\"Nicole Froio\"},\"url\":\"https:\/\/rioonwatch.org.br\/?author=137\"}]}<\/script>\n<!-- \/ Yoast SEO plugin. -->","yoast_head_json":{"title":"Document\u00e1rio Revela Impacto da Copa do Mundo nas Mulheres Cariocas - RioOnWatch","robots":{"index":"index","follow":"follow","max-snippet":"max-snippet:-1","max-image-preview":"max-image-preview:large","max-video-preview":"max-video-preview:-1"},"canonical":"https:\/\/rioonwatch.org.br\/?p=13338","og_locale":"pt_BR","og_type":"article","og_title":"Document\u00e1rio Revela Impacto da Copa do Mundo nas Mulheres Cariocas - RioOnWatch","og_description":"Click Here for English Um document\u00e1rio\u00a0produzido pela organiza\u00e7\u00e3o Casa da Mulher Trabalhadora (CAMTRA) documentou o impacto da Copa do Mundo de 2014 nas mulheres do Rio de Janeiro. Em um curta de 20 minutos, entrevistas [...]","og_url":"https:\/\/rioonwatch.org.br\/?p=13338","og_site_name":"RioOnWatch","article_published_time":"2015-01-22T18:46:53+00:00","article_modified_time":"2024-06-20T19:26:07+00:00","og_image":[{"width":576,"height":394,"url":"https:\/\/rioonwatch.org.br\/wp-content\/uploads\/2015\/01\/As-Mulheres-e-a-Copa-do-Mundo.jpg","type":"image\/jpeg"}],"author":"Nicole Froio","twitter_card":"summary_large_image","twitter_misc":{"Escrito por":"Nicole Froio","Est. tempo de leitura":"5 minutos"},"schema":{"@context":"https:\/\/schema.org","@graph":[{"@type":"Article","@id":"https:\/\/rioonwatch.org.br\/?p=13338#article","isPartOf":{"@id":"https:\/\/rioonwatch.org.br\/?p=13338"},"author":{"name":"Nicole Froio","@id":"https:\/\/rioonwatch.org.br\/#\/schema\/person\/e07d559fe2154d11fd3ec515e35695ee"},"headline":"Document\u00e1rio Revela Impacto da Copa do Mundo nas Mulheres Cariocas","datePublished":"2015-01-22T18:46:53+00:00","dateModified":"2024-06-20T19:26:07+00:00","mainEntityOfPage":{"@id":"https:\/\/rioonwatch.org.br\/?p=13338"},"wordCount":1008,"publisher":{"@id":"https:\/\/rioonwatch.org.br\/#organization"},"image":{"@id":"https:\/\/rioonwatch.org.br\/?p=13338#primaryimage"},"thumbnailUrl":"https:\/\/rioonwatch.org.br\/wp-content\/uploads\/2015\/01\/As-Mulheres-e-a-Copa-do-Mundo.jpg","keywords":["Copa do Mundo","Direito \u00e0 Cidade","entrevista","g\u00eanero","Megaeventos","ra\u00e7a","Trabalho e renda","turismo"],"articleSection":["#Rio2016","Den\u00fancias","Solu\u00e7\u00f5es","V\u00eddeo"],"inLanguage":"pt-BR"},{"@type":"WebPage","@id":"https:\/\/rioonwatch.org.br\/?p=13338","url":"https:\/\/rioonwatch.org.br\/?p=13338","name":"Document\u00e1rio Revela Impacto da Copa do Mundo nas Mulheres Cariocas - RioOnWatch","isPartOf":{"@id":"https:\/\/rioonwatch.org.br\/#website"},"primaryImageOfPage":{"@id":"https:\/\/rioonwatch.org.br\/?p=13338#primaryimage"},"image":{"@id":"https:\/\/rioonwatch.org.br\/?p=13338#primaryimage"},"thumbnailUrl":"https:\/\/rioonwatch.org.br\/wp-content\/uploads\/2015\/01\/As-Mulheres-e-a-Copa-do-Mundo.jpg","datePublished":"2015-01-22T18:46:53+00:00","dateModified":"2024-06-20T19:26:07+00:00","breadcrumb":{"@id":"https:\/\/rioonwatch.org.br\/?p=13338#breadcrumb"},"inLanguage":"pt-BR","potentialAction":[{"@type":"ReadAction","target":["https:\/\/rioonwatch.org.br\/?p=13338"]}]},{"@type":"ImageObject","inLanguage":"pt-BR","@id":"https:\/\/rioonwatch.org.br\/?p=13338#primaryimage","url":"https:\/\/rioonwatch.org.br\/wp-content\/uploads\/2015\/01\/As-Mulheres-e-a-Copa-do-Mundo.jpg","contentUrl":"https:\/\/rioonwatch.org.br\/wp-content\/uploads\/2015\/01\/As-Mulheres-e-a-Copa-do-Mundo.jpg","width":576,"height":394},{"@type":"BreadcrumbList","@id":"https:\/\/rioonwatch.org.br\/?p=13338#breadcrumb","itemListElement":[{"@type":"ListItem","position":1,"name":"In\u00edcio","item":"https:\/\/rioonwatch.org.br\/"},{"@type":"ListItem","position":2,"name":"Document\u00e1rio Revela Impacto da Copa do Mundo nas Mulheres Cariocas"}]},{"@type":"WebSite","@id":"https:\/\/rioonwatch.org.br\/#website","url":"https:\/\/rioonwatch.org.br\/","name":"RioOnWatch","description":"relatos das favelas cariocas","publisher":{"@id":"https:\/\/rioonwatch.org.br\/#organization"},"potentialAction":[{"@type":"SearchAction","target":{"@type":"EntryPoint","urlTemplate":"https:\/\/rioonwatch.org.br\/?s={search_term_string}"},"query-input":{"@type":"PropertyValueSpecification","valueRequired":true,"valueName":"search_term_string"}}],"inLanguage":"pt-BR"},{"@type":"Organization","@id":"https:\/\/rioonwatch.org.br\/#organization","name":"RioOnWatch","url":"https:\/\/rioonwatch.org.br\/","logo":{"@type":"ImageObject","inLanguage":"pt-BR","@id":"https:\/\/rioonwatch.org.br\/#\/schema\/logo\/image\/","url":"https:\/\/rioonwatch.org.br\/wp-content\/uploads\/2021\/06\/RioOnWatchcabecalhoPT11anos-2.png","contentUrl":"https:\/\/rioonwatch.org.br\/wp-content\/uploads\/2021\/06\/RioOnWatchcabecalhoPT11anos-2.png","width":779,"height":277,"caption":"RioOnWatch"},"image":{"@id":"https:\/\/rioonwatch.org.br\/#\/schema\/logo\/image\/"}},{"@type":"Person","@id":"https:\/\/rioonwatch.org.br\/#\/schema\/person\/e07d559fe2154d11fd3ec515e35695ee","name":"Nicole Froio","image":{"@type":"ImageObject","inLanguage":"pt-BR","@id":"https:\/\/rioonwatch.org.br\/#\/schema\/person\/image\/","url":"https:\/\/secure.gravatar.com\/avatar\/0acdbd6878ca0ac29aa5ce6c6119d636?s=96&d=blank&r=g","contentUrl":"https:\/\/secure.gravatar.com\/avatar\/0acdbd6878ca0ac29aa5ce6c6119d636?s=96&d=blank&r=g","caption":"Nicole Froio"},"url":"https:\/\/rioonwatch.org.br\/?author=137"}]}},"_links":{"self":[{"href":"https:\/\/rioonwatch.org.br\/index.php?rest_route=\/wp\/v2\/posts\/13338"}],"collection":[{"href":"https:\/\/rioonwatch.org.br\/index.php?rest_route=\/wp\/v2\/posts"}],"about":[{"href":"https:\/\/rioonwatch.org.br\/index.php?rest_route=\/wp\/v2\/types\/post"}],"author":[{"embeddable":true,"href":"https:\/\/rioonwatch.org.br\/index.php?rest_route=\/wp\/v2\/users\/137"}],"replies":[{"embeddable":true,"href":"https:\/\/rioonwatch.org.br\/index.php?rest_route=%2Fwp%2Fv2%2Fcomments&post=13338"}],"version-history":[{"count":14,"href":"https:\/\/rioonwatch.org.br\/index.php?rest_route=\/wp\/v2\/posts\/13338\/revisions"}],"predecessor-version":[{"id":74335,"href":"https:\/\/rioonwatch.org.br\/index.php?rest_route=\/wp\/v2\/posts\/13338\/revisions\/74335"}],"wp:featuredmedia":[{"embeddable":true,"href":"https:\/\/rioonwatch.org.br\/index.php?rest_route=\/wp\/v2\/media\/15944"}],"wp:attachment":[{"href":"https:\/\/rioonwatch.org.br\/index.php?rest_route=%2Fwp%2Fv2%2Fmedia&parent=13338"}],"wp:term":[{"taxonomy":"category","embeddable":true,"href":"https:\/\/rioonwatch.org.br\/index.php?rest_route=%2Fwp%2Fv2%2Fcategories&post=13338"},{"taxonomy":"post_tag","embeddable":true,"href":"https:\/\/rioonwatch.org.br\/index.php?rest_route=%2Fwp%2Fv2%2Ftags&post=13338"},{"taxonomy":"writer","embeddable":true,"href":"https:\/\/rioonwatch.org.br\/index.php?rest_route=%2Fwp%2Fv2%2Fwriter&post=13338"},{"taxonomy":"translator","embeddable":true,"href":"https:\/\/rioonwatch.org.br\/index.php?rest_route=%2Fwp%2Fv2%2Ftranslator&post=13338"},{"taxonomy":"source","embeddable":true,"href":"https:\/\/rioonwatch.org.br\/index.php?rest_route=%2Fwp%2Fv2%2Fsource&post=13338"},{"taxonomy":"ilustrador","embeddable":true,"href":"https:\/\/rioonwatch.org.br\/index.php?rest_route=%2Fwp%2Fv2%2Filustrador&post=13338"},{"taxonomy":"fotografo","embeddable":true,"href":"https:\/\/rioonwatch.org.br\/index.php?rest_route=%2Fwp%2Fv2%2Ffotografo&post=13338"}],"curies":[{"name":"wp","href":"https:\/\/api.w.org\/{rel}","templated":true}]}}