{"id":13394,"date":"2015-01-30T07:00:36","date_gmt":"2015-01-30T10:00:36","guid":{"rendered":"http:\/\/rioonwatch.org.br\/?p=13394"},"modified":"2016-03-30T22:49:21","modified_gmt":"2016-03-31T01:49:21","slug":"lideres-lgbt-de-favelas-discutem-direitos-em-suas-comunidades","status":"publish","type":"post","link":"https:\/\/rioonwatch.org.br\/?p=13394","title":{"rendered":"L\u00edderes LGBT de Favelas Discutem Direitos em Suas Comunidades"},"content":{"rendered":"<p style=\"text-align: right;\"><em><strong><a href=\"http:\/\/bit.ly\/1tA2bfW\" target=\"_blank\">Click Here for English<img decoding=\"async\" width=\"20\" height=\"20\" class=\"alignright wp-image-15790\" src=\"http:\/\/rioonwatch.org.br\/wp-content\/uploads\/2012\/08\/EN-standard-e1439583104716.jpg\" alt=\"\" \/><\/a><\/strong><\/em><\/p>\n<p>No m\u00eas de dezembro, l\u00edderes LGBT de diversas favelas no Rio de Janeiro se reuniram para discutir o presente estado dos direitos LGBT em comunidades do Rio.<\/p>\n<p>O encontro LGBT das Comunidades do Rio aconteceu no dia 10 de dezembro no Audit\u00f3rio Adauto Belarmino na Central do Brasil e contou com a participa\u00e7\u00e3o de cerca de 60 pessoas de todas as idades.<\/p>\n<p>Fernando Veloso, chefe da Pol\u00edcia Civil do Rio compareceu brevemente e foi o primeiro a falar. Ele assegurou aos presentes que problemas relacionados as pessoas LGBT s\u00e3o preocupa\u00e7\u00f5es\u00a0de seu departamento. Al\u00e9m disso, treinamentos para policiais de como abordar respeitosamente moradores\u00a0LGBT est\u00e3o a caminho.<\/p>\n<p>&#8220;A miss\u00e3o n\u00e3o \u00e9 prender&#8221;, declarou\u00a0Veloso.\u00a0&#8220;A miss\u00e3o \u00e9 assegurar os direitos&#8221;.<\/p>\n<p>Claudio Nascimento, coordenador da campanha <a href=\"http:\/\/bit.ly\/1vFG96w\" target=\"_blank\">Rio Sem Homofobia<\/a>, deu in\u00edcio oficialmente ao evento com uma breve apresenta\u00e7\u00e3o do significado de sexualidade, homofobia e <a href=\"http:\/\/bit.ly\/1Ce678W\" target=\"_blank\">cidadania<\/a>. A proposta do evento, disse ele, era identificar os problemas mais comuns enfrentados pela comunidade LGBT em favelas e debater solu\u00e7\u00f5es.<\/p>\n<p>Ele disse ainda que Rio Sem Homofobia vem procurando desenvolver projetos em favelas e vai come\u00e7ar a fundar centros LGBT em diferentes comunidades. O objetivo, disse ele, \u00e9 combater a homofobia, a transfobia e assegurar que a comunidade LGBT n\u00e3o continue a ser negligenciada por programas p\u00fablicos como, por exemplo, o\u00a0<a href=\"http:\/\/bit.ly\/1bVmvbP\" target=\"_blank\">Bolsa Fam\u00edlia<\/a>.<\/p>\n<p>Ap\u00f3s a apresenta\u00e7\u00e3o de Nascimento, ocorreu uma mesa redonda entre l\u00edderes do\u00a0<a href=\"http:\/\/bit.ly\/10BvARw\" target=\"_blank\">Complexo da Mar\u00e9<\/a>, <a href=\"http:\/\/bit.ly\/ZKW86Q\" target=\"_blank\">Complexo do Borel<\/a>, <a href=\"http:\/\/bit.ly\/1tfdkwA\" target=\"_blank\">Mato Alto<\/a>, <a href=\"http:\/\/bit.ly\/U0MiGm\" target=\"_blank\">Complexo do Alem\u00e3o<\/a>, <a href=\"http:\/\/bit.ly\/1rX07t8\" target=\"_blank\">Complexo da Penha<\/a>, <a href=\"http:\/\/bit.ly\/10BzE4e\" target=\"_blank\">Cidade de Deus<\/a>, Cidade Alta e Cinco Bocas. Cada l\u00edder procurou ilustrar o que \u00e9 a vida para eles em suas comunidades e descreveram projetos de direitos humanos que eles come\u00e7aram com o intuito de melhorar a qualidade de vida para membros da comunidade LGBT.<\/p>\n<p>Laura Mendes, por exemplo, trabalha para um grupo chamado <a href=\"http:\/\/bit.ly\/1Ae6f5T\" target=\"_blank\">Al\u00e9m do Arco-\u00cdris<\/a>, um projeto patrocinado pelo <a href=\"http:\/\/bit.ly\/1JCEU0u\" target=\"_blank\">AfroReggae<\/a>, que oferece um ponto de encontro para transexuais no Rio para discutir psicologia, advocacia, medicina e rela\u00e7\u00f5es internacionais. Al\u00e9m disso, o projeto tamb\u00e9m oferece ajuda para encontrar empregos e para o processo de adquirir um nome social de acordo com a lei.<\/p>\n<p>Mendes contou a\u00a0hist\u00f3ria de sua luta ao crescer\u00a0como uma pessoa transexual, sem a compreens\u00e3o dos pais e em uma sociedade intolerante. Ela disse que viveu &#8220;nas sombras&#8221; por um longo tempo, e passou um per\u00edodo de sua vida atr\u00e1s das grades, onde a discrimina\u00e7\u00e3o era dolorosa. No entanto, sua vida mudou quando ela finalmente recebeu uma chance e conseguiu um emprego.<\/p>\n<p><a href=\"http:\/\/rioonwatch.org.br\/wp-content\/uploads\/2015\/01\/DSCI0840.jpg\"><img fetchpriority=\"high\" decoding=\"async\" class=\"aligncenter wp-image-13396\" title=\"L\u00edderes do movimento LGBT discutem seus direitos.\" src=\"http:\/\/rioonwatch.org.br\/wp-content\/uploads\/2015\/01\/DSCI0840.jpg\" alt=\"\" width=\"640\" height=\"480\" srcset=\"https:\/\/rioonwatch.org.br\/wp-content\/uploads\/2015\/01\/DSCI0840.jpg 3648w, https:\/\/rioonwatch.org.br\/wp-content\/uploads\/2015\/01\/DSCI0840-352x264.jpg 352w, https:\/\/rioonwatch.org.br\/wp-content\/uploads\/2015\/01\/DSCI0840-620x465.jpg 620w, https:\/\/rioonwatch.org.br\/wp-content\/uploads\/2015\/01\/DSCI0840-1024x768.jpg 1024w, https:\/\/rioonwatch.org.br\/wp-content\/uploads\/2015\/01\/DSCI0840-174x131.jpg 174w, https:\/\/rioonwatch.org.br\/wp-content\/uploads\/2015\/01\/DSCI0840-300x225.jpg 300w, https:\/\/rioonwatch.org.br\/wp-content\/uploads\/2015\/01\/DSCI0840-70x53.jpg 70w\" sizes=\"(max-width: 640px) 100vw, 640px\" \/><\/a><\/p>\n<p>&#8220;Todo mundo tem direito a vida&#8221;,\u00a0ela\u00a0disse.\u00a0&#8220;Principalmente n\u00f3s travestis e transexuais, se d\u00e3o s\u00f3 uma oportunidade ou uma chance&#8221;.<\/p>\n<p>V\u00e1rios l\u00edderes concordaram que as quest\u00f5es mais urgentes para a comunidade LGBT e as mais comuns inclu\u00edam a falta de tratamento m\u00e9dico de qualidade\u00a0e indiscriminado, de oportunidades de emprego, de participa\u00e7\u00e3o do governo e o combate\u00a0a intoler\u00e2ncia p\u00fablica principalmente em favelas.<\/p>\n<p>Carla Silva, do Complexo do Borel, disse que ela teve experi\u00eancias desconfort\u00e1veis com m\u00e9dicos que n\u00e3o s\u00e3o devidamente treinados para servir a comunidade LGBT. Ela disse ainda, que talvez o governo deva\u00a0conduzir semin\u00e1rios com eles e criar di\u00e1logos sobre como abordar respeitosamente um paciente LGBT.<\/p>\n<p>&#8220;Devem capacitar mais esses profissionais da area da sa\u00fade&#8221;, ela disse. \u201cMuitas das vezes a popula\u00e7\u00e3o LGBT tem at\u00e9 vergonha de entrar numa sala com o m\u00e9dico&#8221;.<\/p>\n<p>Mauro Lima dos Santos do Complexo da Mar\u00e9 disse que comunidades LGBT em favelas t\u00eam problemas em serem reconhecidas. Muitas vezes, ele disse, eles constroem \u201csuas pr\u00f3prias favelas dentro das favelas\u201d por conta do medo de discrimina\u00e7\u00e3o e viol\u00eancia.<\/p>\n<p>Ap\u00f3s a mesa redonda, o p\u00fablico foi convidado a participar de grupos de discuss\u00e3o menores para debater problemas e solu\u00e7\u00f5es para a comunidade LGBT. Depois, cada grupo apresentou uma lista de quest\u00f5es e propostas para outra mesa de 12 l\u00edderes do governo, incluindo Jo\u00e3o Mariano, Secret\u00e1rio Estadual de Direitos Humanos e\u00a0Assist\u00eancia Social; Denise Pires, da Secretaria Estadual de Sa\u00fade; e Julio Moreira, presidente do Conselho LGBT do Rio de Janeiro.<\/p>\n<p>Nascimento concluiu o semin\u00e1rio agradecendo todos os convidados e os presentes por comparecerem. Ele tamb\u00e9m frisou que esperava que outro semin\u00e1rio ocorresse no futuro, para registrar\u00a0o progresso em cada comunidade.<\/p>\n<p>&#8220;H\u00e1 saidas, h\u00e1 respostas, e juntos podemos construir essas respostas&#8221;, ele disse.<\/p>\n<p>No dia 21 de dezembro, <a href=\"http:\/\/bit.ly\/174zgX2\" target=\"_blank\">Luiz Ant\u00f4nio de Moura, 41 anos, l\u00edder da comunidade LGBT no Complexo do Alem\u00e3o foi assassinado<\/a>. Os motivos por tr\u00e1s do assassinato n\u00e3o foram confirmados pela pol\u00edcia, mas Nascimento disse que ele foi informado de que a morte de Moura pode ter sido fruto de seu apoio a UPP na favela.<\/p>\n<!-- AddThis Advanced Settings generic via filter on the_content --><!-- AddThis Share Buttons generic via filter on the_content -->","protected":false},"excerpt":{"rendered":"<div class=\"mh-excerpt\"><p>Click Here for English No m\u00eas de dezembro, l\u00edderes LGBT de diversas favelas no Rio de Janeiro se reuniram para discutir o presente estado dos direitos LGBT em comunidades do Rio. O encontro LGBT das <a class=\"mh-excerpt-more\" href=\"https:\/\/rioonwatch.org.br\/?p=13394\" title=\"L\u00edderes LGBT de Favelas Discutem Direitos em Suas Comunidades\">[&#8230;]<\/a><!-- AddThis Advanced Settings generic via filter on get_the_excerpt --><!-- AddThis Share Buttons generic via filter on get_the_excerpt --><\/p>\n<\/div>","protected":false},"author":137,"featured_media":13395,"comment_status":"closed","ping_status":"closed","sticky":false,"template":"","format":"standard","meta":{"_acf_changed":false,"_monsterinsights_skip_tracking":false,"_monsterinsights_sitenote_active":false,"_monsterinsights_sitenote_note":"","_monsterinsights_sitenote_category":0,"footnotes":""},"categories":[342],"tags":[704,369,554,1397,332,217,1110,88,922,1398,593,498],"writer":[1322],"translator":[1310],"source":[],"ilustrador":[],"fotografo":[],"class_list":{"0":"post-13394","1":"post","2":"type-post","3":"status-publish","4":"format-standard","5":"has-post-thumbnail","7":"category-solucoes","8":"tag-borel","9":"tag-cidade-alta","10":"tag-cidade-de-deus","11":"tag-cinco-bocas","12":"tag-complexo-da-mare","13":"tag-complexo-do-alemao","14":"tag-direitos-dos-homossexuais","15":"tag-direitos-humanos","16":"tag-evento","17":"tag-lgbt","18":"tag-mato-alto","19":"tag-penha","20":"writer-elma-gonzalez","21":"translator-livia-villela"},"acf":[],"yoast_head":"<!-- This site is optimized with the Yoast SEO plugin v25.6 - https:\/\/yoast.com\/wordpress\/plugins\/seo\/ -->\n<title>L\u00edderes LGBT de Favelas Discutem Direitos em Suas Comunidades - RioOnWatch<\/title>\n<meta name=\"robots\" content=\"index, follow, max-snippet:-1, max-image-preview:large, max-video-preview:-1\" \/>\n<link rel=\"canonical\" href=\"https:\/\/rioonwatch.org.br\/?p=13394\" \/>\n<meta property=\"og:locale\" content=\"pt_BR\" \/>\n<meta property=\"og:type\" content=\"article\" \/>\n<meta property=\"og:title\" content=\"L\u00edderes LGBT de Favelas Discutem Direitos em Suas Comunidades - RioOnWatch\" \/>\n<meta property=\"og:description\" content=\"Click Here for English No m\u00eas de dezembro, l\u00edderes LGBT de diversas favelas no Rio de Janeiro se reuniram para discutir o presente estado dos direitos LGBT em comunidades do Rio. O encontro LGBT das [...]\" \/>\n<meta property=\"og:url\" content=\"https:\/\/rioonwatch.org.br\/?p=13394\" \/>\n<meta property=\"og:site_name\" content=\"RioOnWatch\" \/>\n<meta property=\"article:published_time\" content=\"2015-01-30T10:00:36+00:00\" \/>\n<meta property=\"article:modified_time\" content=\"2016-03-31T01:49:21+00:00\" \/>\n<meta property=\"og:image\" content=\"https:\/\/rioonwatch.org.br\/wp-content\/uploads\/2015\/01\/DSCI0825-scaled.jpg\" \/>\n\t<meta property=\"og:image:width\" content=\"2560\" \/>\n\t<meta property=\"og:image:height\" content=\"1920\" \/>\n\t<meta property=\"og:image:type\" content=\"image\/jpeg\" \/>\n<meta name=\"author\" content=\"Nicole Froio\" \/>\n<meta name=\"twitter:card\" content=\"summary_large_image\" \/>\n<meta name=\"twitter:label1\" content=\"Escrito por\" \/>\n\t<meta name=\"twitter:data1\" content=\"Nicole Froio\" \/>\n\t<meta name=\"twitter:label2\" content=\"Est. tempo de leitura\" \/>\n\t<meta name=\"twitter:data2\" content=\"4 minutos\" \/>\n<script type=\"application\/ld+json\" class=\"yoast-schema-graph\">{\"@context\":\"https:\/\/schema.org\",\"@graph\":[{\"@type\":\"Article\",\"@id\":\"https:\/\/rioonwatch.org.br\/?p=13394#article\",\"isPartOf\":{\"@id\":\"https:\/\/rioonwatch.org.br\/?p=13394\"},\"author\":{\"name\":\"Nicole Froio\",\"@id\":\"https:\/\/rioonwatch.org.br\/#\/schema\/person\/e07d559fe2154d11fd3ec515e35695ee\"},\"headline\":\"L\u00edderes LGBT de Favelas Discutem Direitos em Suas Comunidades\",\"datePublished\":\"2015-01-30T10:00:36+00:00\",\"dateModified\":\"2016-03-31T01:49:21+00:00\",\"mainEntityOfPage\":{\"@id\":\"https:\/\/rioonwatch.org.br\/?p=13394\"},\"wordCount\":840,\"publisher\":{\"@id\":\"https:\/\/rioonwatch.org.br\/#organization\"},\"image\":{\"@id\":\"https:\/\/rioonwatch.org.br\/?p=13394#primaryimage\"},\"thumbnailUrl\":\"https:\/\/rioonwatch.org.br\/wp-content\/uploads\/2015\/01\/DSCI0825-scaled.jpg\",\"keywords\":[\"Borel\",\"Cidade Alta\",\"Cidade de Deus\",\"Cinco Bocas\",\"Complexo da Mar\u00e9\",\"Complexo do Alem\u00e3o\",\"direitos dos homossexuais\",\"Direitos Humanos\",\"evento\",\"LGBTQIAPN+\",\"Mato Alto\",\"Penha\"],\"articleSection\":[\"Solu\u00e7\u00f5es\"],\"inLanguage\":\"pt-BR\"},{\"@type\":\"WebPage\",\"@id\":\"https:\/\/rioonwatch.org.br\/?p=13394\",\"url\":\"https:\/\/rioonwatch.org.br\/?p=13394\",\"name\":\"L\u00edderes LGBT de Favelas Discutem Direitos em Suas Comunidades - RioOnWatch\",\"isPartOf\":{\"@id\":\"https:\/\/rioonwatch.org.br\/#website\"},\"primaryImageOfPage\":{\"@id\":\"https:\/\/rioonwatch.org.br\/?p=13394#primaryimage\"},\"image\":{\"@id\":\"https:\/\/rioonwatch.org.br\/?p=13394#primaryimage\"},\"thumbnailUrl\":\"https:\/\/rioonwatch.org.br\/wp-content\/uploads\/2015\/01\/DSCI0825-scaled.jpg\",\"datePublished\":\"2015-01-30T10:00:36+00:00\",\"dateModified\":\"2016-03-31T01:49:21+00:00\",\"breadcrumb\":{\"@id\":\"https:\/\/rioonwatch.org.br\/?p=13394#breadcrumb\"},\"inLanguage\":\"pt-BR\",\"potentialAction\":[{\"@type\":\"ReadAction\",\"target\":[\"https:\/\/rioonwatch.org.br\/?p=13394\"]}]},{\"@type\":\"ImageObject\",\"inLanguage\":\"pt-BR\",\"@id\":\"https:\/\/rioonwatch.org.br\/?p=13394#primaryimage\",\"url\":\"https:\/\/rioonwatch.org.br\/wp-content\/uploads\/2015\/01\/DSCI0825-scaled.jpg\",\"contentUrl\":\"https:\/\/rioonwatch.org.br\/wp-content\/uploads\/2015\/01\/DSCI0825-scaled.jpg\",\"width\":2560,\"height\":1920},{\"@type\":\"BreadcrumbList\",\"@id\":\"https:\/\/rioonwatch.org.br\/?p=13394#breadcrumb\",\"itemListElement\":[{\"@type\":\"ListItem\",\"position\":1,\"name\":\"In\u00edcio\",\"item\":\"https:\/\/rioonwatch.org.br\/\"},{\"@type\":\"ListItem\",\"position\":2,\"name\":\"L\u00edderes LGBT de Favelas Discutem Direitos em Suas Comunidades\"}]},{\"@type\":\"WebSite\",\"@id\":\"https:\/\/rioonwatch.org.br\/#website\",\"url\":\"https:\/\/rioonwatch.org.br\/\",\"name\":\"RioOnWatch\",\"description\":\"relatos das favelas cariocas\",\"publisher\":{\"@id\":\"https:\/\/rioonwatch.org.br\/#organization\"},\"potentialAction\":[{\"@type\":\"SearchAction\",\"target\":{\"@type\":\"EntryPoint\",\"urlTemplate\":\"https:\/\/rioonwatch.org.br\/?s={search_term_string}\"},\"query-input\":{\"@type\":\"PropertyValueSpecification\",\"valueRequired\":true,\"valueName\":\"search_term_string\"}}],\"inLanguage\":\"pt-BR\"},{\"@type\":\"Organization\",\"@id\":\"https:\/\/rioonwatch.org.br\/#organization\",\"name\":\"RioOnWatch\",\"url\":\"https:\/\/rioonwatch.org.br\/\",\"logo\":{\"@type\":\"ImageObject\",\"inLanguage\":\"pt-BR\",\"@id\":\"https:\/\/rioonwatch.org.br\/#\/schema\/logo\/image\/\",\"url\":\"https:\/\/rioonwatch.org.br\/wp-content\/uploads\/2021\/06\/RioOnWatchcabecalhoPT11anos-2.png\",\"contentUrl\":\"https:\/\/rioonwatch.org.br\/wp-content\/uploads\/2021\/06\/RioOnWatchcabecalhoPT11anos-2.png\",\"width\":779,\"height\":277,\"caption\":\"RioOnWatch\"},\"image\":{\"@id\":\"https:\/\/rioonwatch.org.br\/#\/schema\/logo\/image\/\"}},{\"@type\":\"Person\",\"@id\":\"https:\/\/rioonwatch.org.br\/#\/schema\/person\/e07d559fe2154d11fd3ec515e35695ee\",\"name\":\"Nicole Froio\",\"image\":{\"@type\":\"ImageObject\",\"inLanguage\":\"pt-BR\",\"@id\":\"https:\/\/rioonwatch.org.br\/#\/schema\/person\/image\/\",\"url\":\"https:\/\/secure.gravatar.com\/avatar\/0acdbd6878ca0ac29aa5ce6c6119d636?s=96&d=blank&r=g\",\"contentUrl\":\"https:\/\/secure.gravatar.com\/avatar\/0acdbd6878ca0ac29aa5ce6c6119d636?s=96&d=blank&r=g\",\"caption\":\"Nicole Froio\"},\"url\":\"https:\/\/rioonwatch.org.br\/?author=137\"}]}<\/script>\n<!-- \/ Yoast SEO plugin. -->","yoast_head_json":{"title":"L\u00edderes LGBT de Favelas Discutem Direitos em Suas Comunidades - RioOnWatch","robots":{"index":"index","follow":"follow","max-snippet":"max-snippet:-1","max-image-preview":"max-image-preview:large","max-video-preview":"max-video-preview:-1"},"canonical":"https:\/\/rioonwatch.org.br\/?p=13394","og_locale":"pt_BR","og_type":"article","og_title":"L\u00edderes LGBT de Favelas Discutem Direitos em Suas Comunidades - RioOnWatch","og_description":"Click Here for English No m\u00eas de dezembro, l\u00edderes LGBT de diversas favelas no Rio de Janeiro se reuniram para discutir o presente estado dos direitos LGBT em comunidades do Rio. O encontro LGBT das [...]","og_url":"https:\/\/rioonwatch.org.br\/?p=13394","og_site_name":"RioOnWatch","article_published_time":"2015-01-30T10:00:36+00:00","article_modified_time":"2016-03-31T01:49:21+00:00","og_image":[{"width":2560,"height":1920,"url":"https:\/\/rioonwatch.org.br\/wp-content\/uploads\/2015\/01\/DSCI0825-scaled.jpg","type":"image\/jpeg"}],"author":"Nicole Froio","twitter_card":"summary_large_image","twitter_misc":{"Escrito por":"Nicole Froio","Est. tempo de leitura":"4 minutos"},"schema":{"@context":"https:\/\/schema.org","@graph":[{"@type":"Article","@id":"https:\/\/rioonwatch.org.br\/?p=13394#article","isPartOf":{"@id":"https:\/\/rioonwatch.org.br\/?p=13394"},"author":{"name":"Nicole Froio","@id":"https:\/\/rioonwatch.org.br\/#\/schema\/person\/e07d559fe2154d11fd3ec515e35695ee"},"headline":"L\u00edderes LGBT de Favelas Discutem Direitos em Suas Comunidades","datePublished":"2015-01-30T10:00:36+00:00","dateModified":"2016-03-31T01:49:21+00:00","mainEntityOfPage":{"@id":"https:\/\/rioonwatch.org.br\/?p=13394"},"wordCount":840,"publisher":{"@id":"https:\/\/rioonwatch.org.br\/#organization"},"image":{"@id":"https:\/\/rioonwatch.org.br\/?p=13394#primaryimage"},"thumbnailUrl":"https:\/\/rioonwatch.org.br\/wp-content\/uploads\/2015\/01\/DSCI0825-scaled.jpg","keywords":["Borel","Cidade Alta","Cidade de Deus","Cinco Bocas","Complexo da Mar\u00e9","Complexo do Alem\u00e3o","direitos dos homossexuais","Direitos Humanos","evento","LGBTQIAPN+","Mato Alto","Penha"],"articleSection":["Solu\u00e7\u00f5es"],"inLanguage":"pt-BR"},{"@type":"WebPage","@id":"https:\/\/rioonwatch.org.br\/?p=13394","url":"https:\/\/rioonwatch.org.br\/?p=13394","name":"L\u00edderes LGBT de Favelas Discutem Direitos em Suas Comunidades - RioOnWatch","isPartOf":{"@id":"https:\/\/rioonwatch.org.br\/#website"},"primaryImageOfPage":{"@id":"https:\/\/rioonwatch.org.br\/?p=13394#primaryimage"},"image":{"@id":"https:\/\/rioonwatch.org.br\/?p=13394#primaryimage"},"thumbnailUrl":"https:\/\/rioonwatch.org.br\/wp-content\/uploads\/2015\/01\/DSCI0825-scaled.jpg","datePublished":"2015-01-30T10:00:36+00:00","dateModified":"2016-03-31T01:49:21+00:00","breadcrumb":{"@id":"https:\/\/rioonwatch.org.br\/?p=13394#breadcrumb"},"inLanguage":"pt-BR","potentialAction":[{"@type":"ReadAction","target":["https:\/\/rioonwatch.org.br\/?p=13394"]}]},{"@type":"ImageObject","inLanguage":"pt-BR","@id":"https:\/\/rioonwatch.org.br\/?p=13394#primaryimage","url":"https:\/\/rioonwatch.org.br\/wp-content\/uploads\/2015\/01\/DSCI0825-scaled.jpg","contentUrl":"https:\/\/rioonwatch.org.br\/wp-content\/uploads\/2015\/01\/DSCI0825-scaled.jpg","width":2560,"height":1920},{"@type":"BreadcrumbList","@id":"https:\/\/rioonwatch.org.br\/?p=13394#breadcrumb","itemListElement":[{"@type":"ListItem","position":1,"name":"In\u00edcio","item":"https:\/\/rioonwatch.org.br\/"},{"@type":"ListItem","position":2,"name":"L\u00edderes LGBT de Favelas Discutem Direitos em Suas Comunidades"}]},{"@type":"WebSite","@id":"https:\/\/rioonwatch.org.br\/#website","url":"https:\/\/rioonwatch.org.br\/","name":"RioOnWatch","description":"relatos das favelas cariocas","publisher":{"@id":"https:\/\/rioonwatch.org.br\/#organization"},"potentialAction":[{"@type":"SearchAction","target":{"@type":"EntryPoint","urlTemplate":"https:\/\/rioonwatch.org.br\/?s={search_term_string}"},"query-input":{"@type":"PropertyValueSpecification","valueRequired":true,"valueName":"search_term_string"}}],"inLanguage":"pt-BR"},{"@type":"Organization","@id":"https:\/\/rioonwatch.org.br\/#organization","name":"RioOnWatch","url":"https:\/\/rioonwatch.org.br\/","logo":{"@type":"ImageObject","inLanguage":"pt-BR","@id":"https:\/\/rioonwatch.org.br\/#\/schema\/logo\/image\/","url":"https:\/\/rioonwatch.org.br\/wp-content\/uploads\/2021\/06\/RioOnWatchcabecalhoPT11anos-2.png","contentUrl":"https:\/\/rioonwatch.org.br\/wp-content\/uploads\/2021\/06\/RioOnWatchcabecalhoPT11anos-2.png","width":779,"height":277,"caption":"RioOnWatch"},"image":{"@id":"https:\/\/rioonwatch.org.br\/#\/schema\/logo\/image\/"}},{"@type":"Person","@id":"https:\/\/rioonwatch.org.br\/#\/schema\/person\/e07d559fe2154d11fd3ec515e35695ee","name":"Nicole Froio","image":{"@type":"ImageObject","inLanguage":"pt-BR","@id":"https:\/\/rioonwatch.org.br\/#\/schema\/person\/image\/","url":"https:\/\/secure.gravatar.com\/avatar\/0acdbd6878ca0ac29aa5ce6c6119d636?s=96&d=blank&r=g","contentUrl":"https:\/\/secure.gravatar.com\/avatar\/0acdbd6878ca0ac29aa5ce6c6119d636?s=96&d=blank&r=g","caption":"Nicole Froio"},"url":"https:\/\/rioonwatch.org.br\/?author=137"}]}},"_links":{"self":[{"href":"https:\/\/rioonwatch.org.br\/index.php?rest_route=\/wp\/v2\/posts\/13394"}],"collection":[{"href":"https:\/\/rioonwatch.org.br\/index.php?rest_route=\/wp\/v2\/posts"}],"about":[{"href":"https:\/\/rioonwatch.org.br\/index.php?rest_route=\/wp\/v2\/types\/post"}],"author":[{"embeddable":true,"href":"https:\/\/rioonwatch.org.br\/index.php?rest_route=\/wp\/v2\/users\/137"}],"replies":[{"embeddable":true,"href":"https:\/\/rioonwatch.org.br\/index.php?rest_route=%2Fwp%2Fv2%2Fcomments&post=13394"}],"version-history":[{"count":6,"href":"https:\/\/rioonwatch.org.br\/index.php?rest_route=\/wp\/v2\/posts\/13394\/revisions"}],"predecessor-version":[{"id":18948,"href":"https:\/\/rioonwatch.org.br\/index.php?rest_route=\/wp\/v2\/posts\/13394\/revisions\/18948"}],"wp:featuredmedia":[{"embeddable":true,"href":"https:\/\/rioonwatch.org.br\/index.php?rest_route=\/wp\/v2\/media\/13395"}],"wp:attachment":[{"href":"https:\/\/rioonwatch.org.br\/index.php?rest_route=%2Fwp%2Fv2%2Fmedia&parent=13394"}],"wp:term":[{"taxonomy":"category","embeddable":true,"href":"https:\/\/rioonwatch.org.br\/index.php?rest_route=%2Fwp%2Fv2%2Fcategories&post=13394"},{"taxonomy":"post_tag","embeddable":true,"href":"https:\/\/rioonwatch.org.br\/index.php?rest_route=%2Fwp%2Fv2%2Ftags&post=13394"},{"taxonomy":"writer","embeddable":true,"href":"https:\/\/rioonwatch.org.br\/index.php?rest_route=%2Fwp%2Fv2%2Fwriter&post=13394"},{"taxonomy":"translator","embeddable":true,"href":"https:\/\/rioonwatch.org.br\/index.php?rest_route=%2Fwp%2Fv2%2Ftranslator&post=13394"},{"taxonomy":"source","embeddable":true,"href":"https:\/\/rioonwatch.org.br\/index.php?rest_route=%2Fwp%2Fv2%2Fsource&post=13394"},{"taxonomy":"ilustrador","embeddable":true,"href":"https:\/\/rioonwatch.org.br\/index.php?rest_route=%2Fwp%2Fv2%2Filustrador&post=13394"},{"taxonomy":"fotografo","embeddable":true,"href":"https:\/\/rioonwatch.org.br\/index.php?rest_route=%2Fwp%2Fv2%2Ffotografo&post=13394"}],"curies":[{"name":"wp","href":"https:\/\/api.w.org\/{rel}","templated":true}]}}