{"id":13408,"date":"2015-02-06T15:09:31","date_gmt":"2015-02-06T18:09:31","guid":{"rendered":"http:\/\/rioonwatch.org.br\/?p=13408"},"modified":"2023-05-09T09:57:14","modified_gmt":"2023-05-09T12:57:14","slug":"ocupacao-socio-cultural-mama-africa-imagens","status":"publish","type":"post","link":"https:\/\/rioonwatch.org.br\/?p=13408","title":{"rendered":"Ocupa\u00e7\u00e3o S\u00f3cio-Cultural Mama \u00c1frica Aguarda Promessa de Urbaniza\u00e7\u00e3o [IMAGENS]"},"content":{"rendered":"<p style=\"text-align: right;\"><em><strong><a href=\"http:\/\/bit.ly\/1Fjh4Uj\" target=\"_blank\" rel=\"noopener\">Click Here for English<img decoding=\"async\" width=\"20\" height=\"20\" class=\"alignright wp-image-15790\" src=\"http:\/\/rioonwatch.org.br\/wp-content\/uploads\/2012\/08\/EN-standard-e1439583104716.jpg\" alt=\"\" \/><\/a><\/strong><\/em><\/p>\n<p>Os casar\u00f5es da Rua Passos da P\u00e1tria 48 e 50 em <a href=\"http:\/\/bit.ly\/1xpT8yS\" target=\"_blank\" rel=\"noopener\">Niter\u00f3i<\/a> guardam uma\u00a0hist\u00f3ria de luta por moradia e dignidade. Ocupados h\u00e1 mais de vinte anos, hoje\u00a0convivem entre seus muros aproximadamente 36 fam\u00edlias. Al\u00e9m da quest\u00e3o referente a\u00a0moradia, outra caracter\u00edstica chama aten\u00e7\u00e3o de quem conhece a ocupa\u00e7\u00e3o. Respons\u00e1veis\u00a0diretas pela articula\u00e7\u00e3o e organiza\u00e7\u00e3o da vida comunit\u00e1ria, um grupo de dez mulheres\u00a0oriundas da Funda\u00e7\u00e3o para a Inf\u00e2ncia e Adolesc\u00eancia (FIA), resgatam cotidianamente os\u00a0la\u00e7os de familiaridade que n\u00e3o puderam compartilhar na maior parte de suas vidas.\u00a0Privadas da conviv\u00eancia familiar viveram at\u00e9 a maioridade em abrigos e orfanatos,\u00a0sendo depois despejadas nas ruas sem nenhum tipo de apoio.<\/p>\n<p>Em 2009 a ocupa\u00e7\u00e3o teve sua luta fortalecida pela entrada da <a href=\"http:\/\/bit.ly\/18CmL5G\" target=\"_blank\" rel=\"noopener\">Frente Internacionalista\u00a0Sem Teto (FIST)<\/a>, atrav\u00e9s do\u00a0advogado Andr\u00e9 de Paula. E em 2012 foi a vez do N\u00facleo de\u00a0Estudos e Projetos Habitacionais e Urbanos (Nephu) da Universidade Federal\u00a0Fluminense, refor\u00e7ar a quest\u00e3o com um projeto de urbaniza\u00e7\u00e3o elaborado em conjunto\u00a0com a comunidade.<\/p>\n<p>Em novembro do ano passado a comunidade obteve a primeira vit\u00f3ria judicial dando\u00a0posse definitiva as fam\u00edlias. A Prefeitura recorreu e foi derrotada em duas inst\u00e2ncias. Os\u00a0moradores agora seguem confiantes no resultado definitivo e na implanta\u00e7\u00e3o do projeto\u00a0de urbaniza\u00e7\u00e3o constru\u00eddo.<\/p>\n<p>Na comunidade s\u00e3o desenvolvidas diversas a\u00e7\u00f5es de cunho cultural, como biblioteca\u00a0comunit\u00e1ria, oficinas, bazar, al\u00e9m da participa\u00e7\u00e3o constante de diversos ativistas sociais\u00a0nas atividades que a Mama \u00c1frica mant\u00e9m.<\/p>\n<h1>Urbaniza\u00e7\u00e3o vem a\u00ed<\/h1>\n<p>Ol\u00edmpia Pacheco e sua filha Ana Lu\u00edsa aguardam as reformas do plano de\u00a0urbaniza\u00e7\u00e3o para trocar o c\u00f4modo em que vivem por uma moradia digna.<\/p>\n<p><a href=\"http:\/\/rioonwatch.org.br\/wp-content\/uploads\/2015\/01\/\u00a9-Bruno-Morais_Coletivo-Pandilla_Imagens-do-Povo-9917.jpg\"><img fetchpriority=\"high\" decoding=\"async\" class=\"aligncenter wp-image-13409\" title=\"Foto: Bruno Morais\/Coletivo Pandilla\/Imagens do Povo\" src=\"http:\/\/rioonwatch.org.br\/wp-content\/uploads\/2015\/01\/\u00a9-Bruno-Morais_Coletivo-Pandilla_Imagens-do-Povo-9917.jpg\" alt=\"\" width=\"640\" height=\"425\" srcset=\"https:\/\/rioonwatch.org.br\/wp-content\/uploads\/2015\/01\/\u00a9-Bruno-Morais_Coletivo-Pandilla_Imagens-do-Povo-9917.jpg 1000w, https:\/\/rioonwatch.org.br\/wp-content\/uploads\/2015\/01\/\u00a9-Bruno-Morais_Coletivo-Pandilla_Imagens-do-Povo-9917-398x264.jpg 398w, https:\/\/rioonwatch.org.br\/wp-content\/uploads\/2015\/01\/\u00a9-Bruno-Morais_Coletivo-Pandilla_Imagens-do-Povo-9917-620x412.jpg 620w\" sizes=\"(max-width: 640px) 100vw, 640px\" \/><\/a><\/p>\n<h1>Vida coletiva<\/h1>\n<p>Um banheiro coletivo \u00e9 utilizado pela maior parte das fam\u00edlias que vivem na ocupa\u00e7\u00e3o.<\/p>\n<p><a href=\"http:\/\/rioonwatch.org.br\/wp-content\/uploads\/2015\/01\/\u00a9-Bruno-Morais_Coletivo-Pandilla_Imagens-do-Povo-3889.jpg\"><img decoding=\"async\" class=\"aligncenter wp-image-13411\" title=\"Foto: Bruno Morais\/Coletivo Pandilla\/Imagens do Povo\" src=\"http:\/\/rioonwatch.org.br\/wp-content\/uploads\/2015\/01\/\u00a9-Bruno-Morais_Coletivo-Pandilla_Imagens-do-Povo-3889.jpg\" alt=\"\" width=\"640\" height=\"964\" srcset=\"https:\/\/rioonwatch.org.br\/wp-content\/uploads\/2015\/01\/\u00a9-Bruno-Morais_Coletivo-Pandilla_Imagens-do-Povo-3889.jpg 664w, https:\/\/rioonwatch.org.br\/wp-content\/uploads\/2015\/01\/\u00a9-Bruno-Morais_Coletivo-Pandilla_Imagens-do-Povo-3889-175x264.jpg 175w, https:\/\/rioonwatch.org.br\/wp-content\/uploads\/2015\/01\/\u00a9-Bruno-Morais_Coletivo-Pandilla_Imagens-do-Povo-3889-412x620.jpg 412w\" sizes=\"(max-width: 640px) 100vw, 640px\" \/><\/a><\/p>\n<h1>Localiza\u00e7\u00e3o privilegiada<\/h1>\n<p>A localiza\u00e7\u00e3o privilegiada, pr\u00f3xima a praia e ao centro de Niter\u00f3i, faz com que\u00a0a luta pelo reconhecimento ao direito de morar na ocupa\u00e7\u00e3o tenha ainda mais import\u00e2ncia frente a especula\u00e7\u00e3o imobili\u00e1ria que viceja em toda cidade.<\/p>\n<p><a href=\"http:\/\/rioonwatch.org.br\/wp-content\/uploads\/2015\/01\/\u00a9-Bruno-Morais_Coletivo-Pandilla_Imagens-do-Povo-4402.jpg\"><img loading=\"lazy\" decoding=\"async\" class=\"aligncenter wp-image-13412\" title=\"Foto: Bruno Morais\/Coletivo Pandilla\/Imagens do Povo\" src=\"http:\/\/rioonwatch.org.br\/wp-content\/uploads\/2015\/01\/\u00a9-Bruno-Morais_Coletivo-Pandilla_Imagens-do-Povo-4402.jpg\" alt=\"\" width=\"640\" height=\"425\" srcset=\"https:\/\/rioonwatch.org.br\/wp-content\/uploads\/2015\/01\/\u00a9-Bruno-Morais_Coletivo-Pandilla_Imagens-do-Povo-4402.jpg 1000w, https:\/\/rioonwatch.org.br\/wp-content\/uploads\/2015\/01\/\u00a9-Bruno-Morais_Coletivo-Pandilla_Imagens-do-Povo-4402-398x264.jpg 398w, https:\/\/rioonwatch.org.br\/wp-content\/uploads\/2015\/01\/\u00a9-Bruno-Morais_Coletivo-Pandilla_Imagens-do-Povo-4402-620x412.jpg 620w\" sizes=\"(max-width: 640px) 100vw, 640px\" \/><\/a><\/p>\n<h1>Em torno das crian\u00e7as<\/h1>\n<p>As crian\u00e7as s\u00e3o o fio condutor das atividades culturais que acontecem na Mama \u00c1frica.<\/p>\n<p><a href=\"http:\/\/rioonwatch.org.br\/wp-content\/uploads\/2015\/01\/\u00a9-Bruno-Morais_Coletivo-Pandilla_Imagens-do-Povo-3340-1.jpg\"><img loading=\"lazy\" decoding=\"async\" class=\"aligncenter wp-image-13413\" title=\"Foto: Bruno Morais\/Coletivo Pandilla\/Imagens do Povo\" src=\"http:\/\/rioonwatch.org.br\/wp-content\/uploads\/2015\/01\/\u00a9-Bruno-Morais_Coletivo-Pandilla_Imagens-do-Povo-3340-1.jpg\" alt=\"\" width=\"640\" height=\"425\" srcset=\"https:\/\/rioonwatch.org.br\/wp-content\/uploads\/2015\/01\/\u00a9-Bruno-Morais_Coletivo-Pandilla_Imagens-do-Povo-3340-1.jpg 1000w, https:\/\/rioonwatch.org.br\/wp-content\/uploads\/2015\/01\/\u00a9-Bruno-Morais_Coletivo-Pandilla_Imagens-do-Povo-3340-1-620x412.jpg 620w, https:\/\/rioonwatch.org.br\/wp-content\/uploads\/2015\/01\/\u00a9-Bruno-Morais_Coletivo-Pandilla_Imagens-do-Povo-3340-1-947x629.jpg 947w, https:\/\/rioonwatch.org.br\/wp-content\/uploads\/2015\/01\/\u00a9-Bruno-Morais_Coletivo-Pandilla_Imagens-do-Povo-3340-1-768x510.jpg 768w\" sizes=\"(max-width: 640px) 100vw, 640px\" \/><\/a><\/p>\n<h1>Mulheres guerreiras<\/h1>\n<p>Simone amamenta Olga na frente da Ocupa\u00e7\u00e3o Mama \u00c1frica.<\/p>\n<p><a href=\"http:\/\/rioonwatch.org.br\/wp-content\/uploads\/2015\/01\/\u00a9-Bruno-Morais_Coletivo-Pandilla_Imagens-do-Povo-3477.jpg\"><img loading=\"lazy\" decoding=\"async\" class=\"aligncenter wp-image-13414\" title=\"Foto: Bruno Morais\/Coletivo Pandilla\/Imagens do Povo\" src=\"http:\/\/rioonwatch.org.br\/wp-content\/uploads\/2015\/01\/\u00a9-Bruno-Morais_Coletivo-Pandilla_Imagens-do-Povo-3477.jpg\" alt=\"\" width=\"640\" height=\"425\" srcset=\"https:\/\/rioonwatch.org.br\/wp-content\/uploads\/2015\/01\/\u00a9-Bruno-Morais_Coletivo-Pandilla_Imagens-do-Povo-3477.jpg 1000w, https:\/\/rioonwatch.org.br\/wp-content\/uploads\/2015\/01\/\u00a9-Bruno-Morais_Coletivo-Pandilla_Imagens-do-Povo-3477-398x264.jpg 398w, https:\/\/rioonwatch.org.br\/wp-content\/uploads\/2015\/01\/\u00a9-Bruno-Morais_Coletivo-Pandilla_Imagens-do-Povo-3477-620x412.jpg 620w\" sizes=\"(max-width: 640px) 100vw, 640px\" \/><\/a><\/p>\n<h1>Solidariedade<\/h1>\n<p>O advogado Andr\u00e9 de Paula, da FIST, coloca uma faixa da entidade em frente a ocupa\u00e7\u00e3o.<\/p>\n<p><a href=\"http:\/\/rioonwatch.org.br\/wp-content\/uploads\/2015\/01\/\u00a9-Bruno-Morais_Coletivo-Pandilla_Imagens-do-Povo-9444.jpg\"><img loading=\"lazy\" decoding=\"async\" class=\"aligncenter wp-image-13415\" title=\"Foto: Bruno Morais\/Coletivo Pandilla\/Imagens do Povo\" src=\"http:\/\/rioonwatch.org.br\/wp-content\/uploads\/2015\/01\/\u00a9-Bruno-Morais_Coletivo-Pandilla_Imagens-do-Povo-9444.jpg\" alt=\"\" width=\"640\" height=\"425\" srcset=\"https:\/\/rioonwatch.org.br\/wp-content\/uploads\/2015\/01\/\u00a9-Bruno-Morais_Coletivo-Pandilla_Imagens-do-Povo-9444.jpg 1000w, https:\/\/rioonwatch.org.br\/wp-content\/uploads\/2015\/01\/\u00a9-Bruno-Morais_Coletivo-Pandilla_Imagens-do-Povo-9444-398x264.jpg 398w, https:\/\/rioonwatch.org.br\/wp-content\/uploads\/2015\/01\/\u00a9-Bruno-Morais_Coletivo-Pandilla_Imagens-do-Povo-9444-620x412.jpg 620w\" sizes=\"(max-width: 640px) 100vw, 640px\" \/><\/a><\/p>\n<h1>Cultura<\/h1>\n<p>Fernanda Carlinda \u00e9 especialista em penteados afros e tamb\u00e9m a respons\u00e1vel por v\u00e1rias atividades culturais na ocupa\u00e7\u00e3o.<\/p>\n<p><a href=\"http:\/\/rioonwatch.org.br\/wp-content\/uploads\/2015\/01\/\u00a9-Bruno-Morais_Coletivo-Pandilla_Imagens-do-Povo-4457.jpg\"><img loading=\"lazy\" decoding=\"async\" class=\"aligncenter wp-image-13417\" title=\"Foto: Bruno Morais\/Coletivo Pandilla\/Imagens do Povo\" src=\"http:\/\/rioonwatch.org.br\/wp-content\/uploads\/2015\/01\/\u00a9-Bruno-Morais_Coletivo-Pandilla_Imagens-do-Povo-4457.jpg\" alt=\"\" width=\"640\" height=\"964\" srcset=\"https:\/\/rioonwatch.org.br\/wp-content\/uploads\/2015\/01\/\u00a9-Bruno-Morais_Coletivo-Pandilla_Imagens-do-Povo-4457.jpg 664w, https:\/\/rioonwatch.org.br\/wp-content\/uploads\/2015\/01\/\u00a9-Bruno-Morais_Coletivo-Pandilla_Imagens-do-Povo-4457-175x264.jpg 175w, https:\/\/rioonwatch.org.br\/wp-content\/uploads\/2015\/01\/\u00a9-Bruno-Morais_Coletivo-Pandilla_Imagens-do-Povo-4457-412x620.jpg 412w\" sizes=\"(max-width: 640px) 100vw, 640px\" \/><\/a><\/p>\n<h1>Debate descontra\u00eddo<\/h1>\n<p>Os momentos de lazer tamb\u00e9m s\u00e3o usados para debater ideias e os projetos da comunidade.<\/p>\n<p><a href=\"http:\/\/rioonwatch.org.br\/wp-content\/uploads\/2015\/01\/\u00a9-Bruno-Morais_Coletivo-Pandilla_Imagens-do-Povo-3934.jpg\"><img loading=\"lazy\" decoding=\"async\" class=\"aligncenter wp-image-13418\" title=\"Foto: Bruno Morais\/Coletivo Pandilla\/Imagens do Povo\" src=\"http:\/\/rioonwatch.org.br\/wp-content\/uploads\/2015\/01\/\u00a9-Bruno-Morais_Coletivo-Pandilla_Imagens-do-Povo-3934.jpg\" alt=\"\" width=\"640\" height=\"425\" srcset=\"https:\/\/rioonwatch.org.br\/wp-content\/uploads\/2015\/01\/\u00a9-Bruno-Morais_Coletivo-Pandilla_Imagens-do-Povo-3934.jpg 1000w, https:\/\/rioonwatch.org.br\/wp-content\/uploads\/2015\/01\/\u00a9-Bruno-Morais_Coletivo-Pandilla_Imagens-do-Povo-3934-398x264.jpg 398w, https:\/\/rioonwatch.org.br\/wp-content\/uploads\/2015\/01\/\u00a9-Bruno-Morais_Coletivo-Pandilla_Imagens-do-Povo-3934-620x412.jpg 620w\" sizes=\"(max-width: 640px) 100vw, 640px\" \/><\/a><\/p>\n<h1>Vit\u00f3ria e olho no futuro<\/h1>\n<p>Depois de duas vit\u00f3rias na justi\u00e7a contra a amea\u00e7a de remo\u00e7\u00e3o, a comunidade olha para o futuro com esperan\u00e7a de que as melhorias de infraestrutura possam ser implementadas.<\/p>\n<p><a href=\"http:\/\/rioonwatch.org.br\/wp-content\/uploads\/2015\/01\/\u00a9-Bruno-Morais_Coletivo-Pandilla_Imagens-do-Povo-9399.jpg\"><img loading=\"lazy\" decoding=\"async\" class=\"aligncenter wp-image-13419\" title=\"Foto: Bruno Morais\/Coletivo Pandilla\/Imagens do Povo\" src=\"http:\/\/rioonwatch.org.br\/wp-content\/uploads\/2015\/01\/\u00a9-Bruno-Morais_Coletivo-Pandilla_Imagens-do-Povo-9399.jpg\" alt=\"\" width=\"640\" height=\"425\" srcset=\"https:\/\/rioonwatch.org.br\/wp-content\/uploads\/2015\/01\/\u00a9-Bruno-Morais_Coletivo-Pandilla_Imagens-do-Povo-9399.jpg 1000w, https:\/\/rioonwatch.org.br\/wp-content\/uploads\/2015\/01\/\u00a9-Bruno-Morais_Coletivo-Pandilla_Imagens-do-Povo-9399-398x264.jpg 398w, https:\/\/rioonwatch.org.br\/wp-content\/uploads\/2015\/01\/\u00a9-Bruno-Morais_Coletivo-Pandilla_Imagens-do-Povo-9399-620x412.jpg 620w\" sizes=\"(max-width: 640px) 100vw, 640px\" \/><\/a><\/p>\n<h4><a href=\"http:\/\/bit.ly\/1C1rxRv\" target=\"_blank\" rel=\"noopener\">Bruno Morais<\/a> \u00e9 fotodocumentarista, formado pela <a href=\"http:\/\/bit.ly\/yci3Bl\" target=\"_blank\" rel=\"noopener\">Ag\u00eancia Imagens do Povo<\/a> e integrante do <a href=\"http:\/\/bit.ly\/1v5xKt2\" target=\"_blank\" rel=\"noopener\">Coletivo Pandilla<\/a>.<\/h4>\n<p>&nbsp;<\/p>\n<!-- AddThis Advanced Settings generic via filter on the_content --><!-- AddThis Share Buttons generic via filter on the_content -->","protected":false},"excerpt":{"rendered":"<div class=\"mh-excerpt\"><p>Click Here for English Os casar\u00f5es da Rua Passos da P\u00e1tria 48 e 50 em Niter\u00f3i guardam uma\u00a0hist\u00f3ria de luta por moradia e dignidade. Ocupados h\u00e1 mais de vinte anos, hoje\u00a0convivem entre seus muros aproximadamente <a class=\"mh-excerpt-more\" href=\"https:\/\/rioonwatch.org.br\/?p=13408\" title=\"Ocupa\u00e7\u00e3o S\u00f3cio-Cultural Mama \u00c1frica Aguarda Promessa de Urbaniza\u00e7\u00e3o [IMAGENS]\">[&#8230;]<\/a><!-- AddThis Advanced Settings generic via filter on get_the_excerpt --><!-- AddThis Share Buttons generic via filter on get_the_excerpt --><\/p>\n<\/div>","protected":false},"author":137,"featured_media":13413,"comment_status":"closed","ping_status":"closed","sticky":false,"template":"","format":"standard","meta":{"_acf_changed":false,"_monsterinsights_skip_tracking":false,"_monsterinsights_sitenote_active":false,"_monsterinsights_sitenote_note":"","_monsterinsights_sitenote_category":0,"footnotes":""},"categories":[1633,342],"tags":[424,88,83,755,448,1408,1037,10,407],"writer":[1399],"translator":[],"source":[],"ilustrador":[],"fotografo":[],"class_list":{"0":"post-13408","1":"post","2":"type-post","3":"status-publish","4":"format-standard","5":"has-post-thumbnail","7":"category-foto-reportagens","8":"category-solucoes","9":"tag-direito-a-moradia","10":"tag-direitos-humanos","11":"tag-fotografia","12":"tag-lei","13":"tag-lideranca","14":"tag-mama-africa","15":"tag-moradia","16":"tag-niteroi","17":"tag-ocupacao","18":"writer-bruno-morais"},"acf":[],"yoast_head":"<!-- This site is optimized with the Yoast SEO plugin v25.6 - https:\/\/yoast.com\/wordpress\/plugins\/seo\/ -->\n<title>Ocupa\u00e7\u00e3o S\u00f3cio-Cultural Mama \u00c1frica Aguarda Promessa de Urbaniza\u00e7\u00e3o [IMAGENS] - RioOnWatch<\/title>\n<meta name=\"robots\" content=\"index, follow, max-snippet:-1, max-image-preview:large, max-video-preview:-1\" \/>\n<link rel=\"canonical\" href=\"https:\/\/rioonwatch.org.br\/?p=13408\" \/>\n<meta property=\"og:locale\" content=\"pt_BR\" \/>\n<meta property=\"og:type\" content=\"article\" \/>\n<meta property=\"og:title\" content=\"Ocupa\u00e7\u00e3o S\u00f3cio-Cultural Mama \u00c1frica Aguarda Promessa de Urbaniza\u00e7\u00e3o [IMAGENS] - RioOnWatch\" \/>\n<meta property=\"og:description\" content=\"Click Here for English Os casar\u00f5es da Rua Passos da P\u00e1tria 48 e 50 em Niter\u00f3i guardam uma\u00a0hist\u00f3ria de luta por moradia e dignidade. Ocupados h\u00e1 mais de vinte anos, hoje\u00a0convivem entre seus muros aproximadamente [...]\" \/>\n<meta property=\"og:url\" content=\"https:\/\/rioonwatch.org.br\/?p=13408\" \/>\n<meta property=\"og:site_name\" content=\"RioOnWatch\" \/>\n<meta property=\"article:published_time\" content=\"2015-02-06T18:09:31+00:00\" \/>\n<meta property=\"article:modified_time\" content=\"2023-05-09T12:57:14+00:00\" \/>\n<meta property=\"og:image\" content=\"https:\/\/rioonwatch.org.br\/wp-content\/uploads\/2015\/01\/\u00a9-Bruno-Morais_Coletivo-Pandilla_Imagens-do-Povo-3340-1.jpg\" \/>\n\t<meta property=\"og:image:width\" content=\"1000\" \/>\n\t<meta property=\"og:image:height\" content=\"664\" \/>\n\t<meta property=\"og:image:type\" content=\"image\/jpeg\" \/>\n<meta name=\"author\" content=\"Nicole Froio\" \/>\n<meta name=\"twitter:card\" content=\"summary_large_image\" \/>\n<meta name=\"twitter:label1\" content=\"Escrito por\" \/>\n\t<meta name=\"twitter:data1\" content=\"Nicole Froio\" \/>\n\t<meta name=\"twitter:label2\" content=\"Est. tempo de leitura\" \/>\n\t<meta name=\"twitter:data2\" content=\"3 minutos\" \/>\n<script type=\"application\/ld+json\" class=\"yoast-schema-graph\">{\"@context\":\"https:\/\/schema.org\",\"@graph\":[{\"@type\":\"Article\",\"@id\":\"https:\/\/rioonwatch.org.br\/?p=13408#article\",\"isPartOf\":{\"@id\":\"https:\/\/rioonwatch.org.br\/?p=13408\"},\"author\":{\"name\":\"Nicole Froio\",\"@id\":\"https:\/\/rioonwatch.org.br\/#\/schema\/person\/e07d559fe2154d11fd3ec515e35695ee\"},\"headline\":\"Ocupa\u00e7\u00e3o S\u00f3cio-Cultural Mama \u00c1frica Aguarda Promessa de Urbaniza\u00e7\u00e3o [IMAGENS]\",\"datePublished\":\"2015-02-06T18:09:31+00:00\",\"dateModified\":\"2023-05-09T12:57:14+00:00\",\"mainEntityOfPage\":{\"@id\":\"https:\/\/rioonwatch.org.br\/?p=13408\"},\"wordCount\":531,\"publisher\":{\"@id\":\"https:\/\/rioonwatch.org.br\/#organization\"},\"image\":{\"@id\":\"https:\/\/rioonwatch.org.br\/?p=13408#primaryimage\"},\"thumbnailUrl\":\"https:\/\/rioonwatch.org.br\/wp-content\/uploads\/2015\/01\/\u00a9-Bruno-Morais_Coletivo-Pandilla_Imagens-do-Povo-3340-1.jpg\",\"keywords\":[\"Direito \u00e0 Moradia\",\"Direitos Humanos\",\"fotografia\",\"lei\",\"lideran\u00e7a\",\"Mama \u00c1frica\",\"moradia\",\"Niter\u00f3i\",\"Ocupa\u00e7\u00e3o\"],\"articleSection\":[\"Fotorreportagens\",\"Solu\u00e7\u00f5es\"],\"inLanguage\":\"pt-BR\"},{\"@type\":\"WebPage\",\"@id\":\"https:\/\/rioonwatch.org.br\/?p=13408\",\"url\":\"https:\/\/rioonwatch.org.br\/?p=13408\",\"name\":\"Ocupa\u00e7\u00e3o S\u00f3cio-Cultural Mama \u00c1frica Aguarda Promessa de Urbaniza\u00e7\u00e3o [IMAGENS] - RioOnWatch\",\"isPartOf\":{\"@id\":\"https:\/\/rioonwatch.org.br\/#website\"},\"primaryImageOfPage\":{\"@id\":\"https:\/\/rioonwatch.org.br\/?p=13408#primaryimage\"},\"image\":{\"@id\":\"https:\/\/rioonwatch.org.br\/?p=13408#primaryimage\"},\"thumbnailUrl\":\"https:\/\/rioonwatch.org.br\/wp-content\/uploads\/2015\/01\/\u00a9-Bruno-Morais_Coletivo-Pandilla_Imagens-do-Povo-3340-1.jpg\",\"datePublished\":\"2015-02-06T18:09:31+00:00\",\"dateModified\":\"2023-05-09T12:57:14+00:00\",\"breadcrumb\":{\"@id\":\"https:\/\/rioonwatch.org.br\/?p=13408#breadcrumb\"},\"inLanguage\":\"pt-BR\",\"potentialAction\":[{\"@type\":\"ReadAction\",\"target\":[\"https:\/\/rioonwatch.org.br\/?p=13408\"]}]},{\"@type\":\"ImageObject\",\"inLanguage\":\"pt-BR\",\"@id\":\"https:\/\/rioonwatch.org.br\/?p=13408#primaryimage\",\"url\":\"https:\/\/rioonwatch.org.br\/wp-content\/uploads\/2015\/01\/\u00a9-Bruno-Morais_Coletivo-Pandilla_Imagens-do-Povo-3340-1.jpg\",\"contentUrl\":\"https:\/\/rioonwatch.org.br\/wp-content\/uploads\/2015\/01\/\u00a9-Bruno-Morais_Coletivo-Pandilla_Imagens-do-Povo-3340-1.jpg\",\"width\":1000,\"height\":664,\"caption\":\"As crian\u00e7as s\u00e3o o fio condutor das atividades culturais que acontecem na Mama \u00c1frica. Foto: Bruno Morais\/Coletivo Pandilla\"},{\"@type\":\"BreadcrumbList\",\"@id\":\"https:\/\/rioonwatch.org.br\/?p=13408#breadcrumb\",\"itemListElement\":[{\"@type\":\"ListItem\",\"position\":1,\"name\":\"In\u00edcio\",\"item\":\"https:\/\/rioonwatch.org.br\/\"},{\"@type\":\"ListItem\",\"position\":2,\"name\":\"Ocupa\u00e7\u00e3o S\u00f3cio-Cultural Mama \u00c1frica Aguarda Promessa de Urbaniza\u00e7\u00e3o [IMAGENS]\"}]},{\"@type\":\"WebSite\",\"@id\":\"https:\/\/rioonwatch.org.br\/#website\",\"url\":\"https:\/\/rioonwatch.org.br\/\",\"name\":\"RioOnWatch\",\"description\":\"relatos das favelas cariocas\",\"publisher\":{\"@id\":\"https:\/\/rioonwatch.org.br\/#organization\"},\"potentialAction\":[{\"@type\":\"SearchAction\",\"target\":{\"@type\":\"EntryPoint\",\"urlTemplate\":\"https:\/\/rioonwatch.org.br\/?s={search_term_string}\"},\"query-input\":{\"@type\":\"PropertyValueSpecification\",\"valueRequired\":true,\"valueName\":\"search_term_string\"}}],\"inLanguage\":\"pt-BR\"},{\"@type\":\"Organization\",\"@id\":\"https:\/\/rioonwatch.org.br\/#organization\",\"name\":\"RioOnWatch\",\"url\":\"https:\/\/rioonwatch.org.br\/\",\"logo\":{\"@type\":\"ImageObject\",\"inLanguage\":\"pt-BR\",\"@id\":\"https:\/\/rioonwatch.org.br\/#\/schema\/logo\/image\/\",\"url\":\"https:\/\/rioonwatch.org.br\/wp-content\/uploads\/2021\/06\/RioOnWatchcabecalhoPT11anos-2.png\",\"contentUrl\":\"https:\/\/rioonwatch.org.br\/wp-content\/uploads\/2021\/06\/RioOnWatchcabecalhoPT11anos-2.png\",\"width\":779,\"height\":277,\"caption\":\"RioOnWatch\"},\"image\":{\"@id\":\"https:\/\/rioonwatch.org.br\/#\/schema\/logo\/image\/\"}},{\"@type\":\"Person\",\"@id\":\"https:\/\/rioonwatch.org.br\/#\/schema\/person\/e07d559fe2154d11fd3ec515e35695ee\",\"name\":\"Nicole Froio\",\"image\":{\"@type\":\"ImageObject\",\"inLanguage\":\"pt-BR\",\"@id\":\"https:\/\/rioonwatch.org.br\/#\/schema\/person\/image\/\",\"url\":\"https:\/\/secure.gravatar.com\/avatar\/0acdbd6878ca0ac29aa5ce6c6119d636?s=96&d=blank&r=g\",\"contentUrl\":\"https:\/\/secure.gravatar.com\/avatar\/0acdbd6878ca0ac29aa5ce6c6119d636?s=96&d=blank&r=g\",\"caption\":\"Nicole Froio\"},\"url\":\"https:\/\/rioonwatch.org.br\/?author=137\"}]}<\/script>\n<!-- \/ Yoast SEO plugin. -->","yoast_head_json":{"title":"Ocupa\u00e7\u00e3o S\u00f3cio-Cultural Mama \u00c1frica Aguarda Promessa de Urbaniza\u00e7\u00e3o [IMAGENS] - RioOnWatch","robots":{"index":"index","follow":"follow","max-snippet":"max-snippet:-1","max-image-preview":"max-image-preview:large","max-video-preview":"max-video-preview:-1"},"canonical":"https:\/\/rioonwatch.org.br\/?p=13408","og_locale":"pt_BR","og_type":"article","og_title":"Ocupa\u00e7\u00e3o S\u00f3cio-Cultural Mama \u00c1frica Aguarda Promessa de Urbaniza\u00e7\u00e3o [IMAGENS] - RioOnWatch","og_description":"Click Here for English Os casar\u00f5es da Rua Passos da P\u00e1tria 48 e 50 em Niter\u00f3i guardam uma\u00a0hist\u00f3ria de luta por moradia e dignidade. Ocupados h\u00e1 mais de vinte anos, hoje\u00a0convivem entre seus muros aproximadamente [...]","og_url":"https:\/\/rioonwatch.org.br\/?p=13408","og_site_name":"RioOnWatch","article_published_time":"2015-02-06T18:09:31+00:00","article_modified_time":"2023-05-09T12:57:14+00:00","og_image":[{"width":1000,"height":664,"url":"https:\/\/rioonwatch.org.br\/wp-content\/uploads\/2015\/01\/\u00a9-Bruno-Morais_Coletivo-Pandilla_Imagens-do-Povo-3340-1.jpg","type":"image\/jpeg"}],"author":"Nicole Froio","twitter_card":"summary_large_image","twitter_misc":{"Escrito por":"Nicole Froio","Est. tempo de leitura":"3 minutos"},"schema":{"@context":"https:\/\/schema.org","@graph":[{"@type":"Article","@id":"https:\/\/rioonwatch.org.br\/?p=13408#article","isPartOf":{"@id":"https:\/\/rioonwatch.org.br\/?p=13408"},"author":{"name":"Nicole Froio","@id":"https:\/\/rioonwatch.org.br\/#\/schema\/person\/e07d559fe2154d11fd3ec515e35695ee"},"headline":"Ocupa\u00e7\u00e3o S\u00f3cio-Cultural Mama \u00c1frica Aguarda Promessa de Urbaniza\u00e7\u00e3o [IMAGENS]","datePublished":"2015-02-06T18:09:31+00:00","dateModified":"2023-05-09T12:57:14+00:00","mainEntityOfPage":{"@id":"https:\/\/rioonwatch.org.br\/?p=13408"},"wordCount":531,"publisher":{"@id":"https:\/\/rioonwatch.org.br\/#organization"},"image":{"@id":"https:\/\/rioonwatch.org.br\/?p=13408#primaryimage"},"thumbnailUrl":"https:\/\/rioonwatch.org.br\/wp-content\/uploads\/2015\/01\/\u00a9-Bruno-Morais_Coletivo-Pandilla_Imagens-do-Povo-3340-1.jpg","keywords":["Direito \u00e0 Moradia","Direitos Humanos","fotografia","lei","lideran\u00e7a","Mama \u00c1frica","moradia","Niter\u00f3i","Ocupa\u00e7\u00e3o"],"articleSection":["Fotorreportagens","Solu\u00e7\u00f5es"],"inLanguage":"pt-BR"},{"@type":"WebPage","@id":"https:\/\/rioonwatch.org.br\/?p=13408","url":"https:\/\/rioonwatch.org.br\/?p=13408","name":"Ocupa\u00e7\u00e3o S\u00f3cio-Cultural Mama \u00c1frica Aguarda Promessa de Urbaniza\u00e7\u00e3o [IMAGENS] - RioOnWatch","isPartOf":{"@id":"https:\/\/rioonwatch.org.br\/#website"},"primaryImageOfPage":{"@id":"https:\/\/rioonwatch.org.br\/?p=13408#primaryimage"},"image":{"@id":"https:\/\/rioonwatch.org.br\/?p=13408#primaryimage"},"thumbnailUrl":"https:\/\/rioonwatch.org.br\/wp-content\/uploads\/2015\/01\/\u00a9-Bruno-Morais_Coletivo-Pandilla_Imagens-do-Povo-3340-1.jpg","datePublished":"2015-02-06T18:09:31+00:00","dateModified":"2023-05-09T12:57:14+00:00","breadcrumb":{"@id":"https:\/\/rioonwatch.org.br\/?p=13408#breadcrumb"},"inLanguage":"pt-BR","potentialAction":[{"@type":"ReadAction","target":["https:\/\/rioonwatch.org.br\/?p=13408"]}]},{"@type":"ImageObject","inLanguage":"pt-BR","@id":"https:\/\/rioonwatch.org.br\/?p=13408#primaryimage","url":"https:\/\/rioonwatch.org.br\/wp-content\/uploads\/2015\/01\/\u00a9-Bruno-Morais_Coletivo-Pandilla_Imagens-do-Povo-3340-1.jpg","contentUrl":"https:\/\/rioonwatch.org.br\/wp-content\/uploads\/2015\/01\/\u00a9-Bruno-Morais_Coletivo-Pandilla_Imagens-do-Povo-3340-1.jpg","width":1000,"height":664,"caption":"As crian\u00e7as s\u00e3o o fio condutor das atividades culturais que acontecem na Mama \u00c1frica. Foto: Bruno Morais\/Coletivo Pandilla"},{"@type":"BreadcrumbList","@id":"https:\/\/rioonwatch.org.br\/?p=13408#breadcrumb","itemListElement":[{"@type":"ListItem","position":1,"name":"In\u00edcio","item":"https:\/\/rioonwatch.org.br\/"},{"@type":"ListItem","position":2,"name":"Ocupa\u00e7\u00e3o S\u00f3cio-Cultural Mama \u00c1frica Aguarda Promessa de Urbaniza\u00e7\u00e3o [IMAGENS]"}]},{"@type":"WebSite","@id":"https:\/\/rioonwatch.org.br\/#website","url":"https:\/\/rioonwatch.org.br\/","name":"RioOnWatch","description":"relatos das favelas cariocas","publisher":{"@id":"https:\/\/rioonwatch.org.br\/#organization"},"potentialAction":[{"@type":"SearchAction","target":{"@type":"EntryPoint","urlTemplate":"https:\/\/rioonwatch.org.br\/?s={search_term_string}"},"query-input":{"@type":"PropertyValueSpecification","valueRequired":true,"valueName":"search_term_string"}}],"inLanguage":"pt-BR"},{"@type":"Organization","@id":"https:\/\/rioonwatch.org.br\/#organization","name":"RioOnWatch","url":"https:\/\/rioonwatch.org.br\/","logo":{"@type":"ImageObject","inLanguage":"pt-BR","@id":"https:\/\/rioonwatch.org.br\/#\/schema\/logo\/image\/","url":"https:\/\/rioonwatch.org.br\/wp-content\/uploads\/2021\/06\/RioOnWatchcabecalhoPT11anos-2.png","contentUrl":"https:\/\/rioonwatch.org.br\/wp-content\/uploads\/2021\/06\/RioOnWatchcabecalhoPT11anos-2.png","width":779,"height":277,"caption":"RioOnWatch"},"image":{"@id":"https:\/\/rioonwatch.org.br\/#\/schema\/logo\/image\/"}},{"@type":"Person","@id":"https:\/\/rioonwatch.org.br\/#\/schema\/person\/e07d559fe2154d11fd3ec515e35695ee","name":"Nicole Froio","image":{"@type":"ImageObject","inLanguage":"pt-BR","@id":"https:\/\/rioonwatch.org.br\/#\/schema\/person\/image\/","url":"https:\/\/secure.gravatar.com\/avatar\/0acdbd6878ca0ac29aa5ce6c6119d636?s=96&d=blank&r=g","contentUrl":"https:\/\/secure.gravatar.com\/avatar\/0acdbd6878ca0ac29aa5ce6c6119d636?s=96&d=blank&r=g","caption":"Nicole Froio"},"url":"https:\/\/rioonwatch.org.br\/?author=137"}]}},"_links":{"self":[{"href":"https:\/\/rioonwatch.org.br\/index.php?rest_route=\/wp\/v2\/posts\/13408"}],"collection":[{"href":"https:\/\/rioonwatch.org.br\/index.php?rest_route=\/wp\/v2\/posts"}],"about":[{"href":"https:\/\/rioonwatch.org.br\/index.php?rest_route=\/wp\/v2\/types\/post"}],"author":[{"embeddable":true,"href":"https:\/\/rioonwatch.org.br\/index.php?rest_route=\/wp\/v2\/users\/137"}],"replies":[{"embeddable":true,"href":"https:\/\/rioonwatch.org.br\/index.php?rest_route=%2Fwp%2Fv2%2Fcomments&post=13408"}],"version-history":[{"count":18,"href":"https:\/\/rioonwatch.org.br\/index.php?rest_route=\/wp\/v2\/posts\/13408\/revisions"}],"predecessor-version":[{"id":67890,"href":"https:\/\/rioonwatch.org.br\/index.php?rest_route=\/wp\/v2\/posts\/13408\/revisions\/67890"}],"wp:featuredmedia":[{"embeddable":true,"href":"https:\/\/rioonwatch.org.br\/index.php?rest_route=\/wp\/v2\/media\/13413"}],"wp:attachment":[{"href":"https:\/\/rioonwatch.org.br\/index.php?rest_route=%2Fwp%2Fv2%2Fmedia&parent=13408"}],"wp:term":[{"taxonomy":"category","embeddable":true,"href":"https:\/\/rioonwatch.org.br\/index.php?rest_route=%2Fwp%2Fv2%2Fcategories&post=13408"},{"taxonomy":"post_tag","embeddable":true,"href":"https:\/\/rioonwatch.org.br\/index.php?rest_route=%2Fwp%2Fv2%2Ftags&post=13408"},{"taxonomy":"writer","embeddable":true,"href":"https:\/\/rioonwatch.org.br\/index.php?rest_route=%2Fwp%2Fv2%2Fwriter&post=13408"},{"taxonomy":"translator","embeddable":true,"href":"https:\/\/rioonwatch.org.br\/index.php?rest_route=%2Fwp%2Fv2%2Ftranslator&post=13408"},{"taxonomy":"source","embeddable":true,"href":"https:\/\/rioonwatch.org.br\/index.php?rest_route=%2Fwp%2Fv2%2Fsource&post=13408"},{"taxonomy":"ilustrador","embeddable":true,"href":"https:\/\/rioonwatch.org.br\/index.php?rest_route=%2Fwp%2Fv2%2Filustrador&post=13408"},{"taxonomy":"fotografo","embeddable":true,"href":"https:\/\/rioonwatch.org.br\/index.php?rest_route=%2Fwp%2Fv2%2Ffotografo&post=13408"}],"curies":[{"name":"wp","href":"https:\/\/api.w.org\/{rel}","templated":true}]}}