{"id":13443,"date":"2015-02-02T13:29:05","date_gmt":"2015-02-02T16:29:05","guid":{"rendered":"http:\/\/rioonwatch.org.br\/?p=13443"},"modified":"2016-04-04T00:59:02","modified_gmt":"2016-04-04T03:59:02","slug":"do-valongo-a-favela-exposicao-conecta-passado-escravo-com-favelas-nos-dias-de-hoje-slideshow","status":"publish","type":"post","link":"https:\/\/rioonwatch.org.br\/?p=13443","title":{"rendered":"Do Valongo \u00e0 Favela: Exposi\u00e7\u00e3o Conecta Passado Escravo Com Favelas nos Dias de Hoje [SLIDESHOW]"},"content":{"rendered":"<p style=\"text-align: right;\"><em><strong><a href=\"http:\/\/bit.ly\/14zvgfE\" target=\"_blank\">Click Here for English<img decoding=\"async\" width=\"20\" height=\"20\" class=\"alignright wp-image-15790\" src=\"http:\/\/rioonwatch.org.br\/wp-content\/uploads\/2012\/08\/EN-standard-e1439583104716.jpg\" alt=\"\" \/><\/a><\/strong><\/em><\/p>\n<p>A principal\u00a0exposi\u00e7\u00e3o do <a href=\"http:\/\/bit.ly\/1Iv9Z3C\" target=\"_blank\">Museu de Arte do Rio (MAR)<\/a> de 2014 &#8220;<a href=\"http:\/\/bit.ly\/1zvAGos\" target=\"_blank\">Do Valongo \u00e0 Favela: O Imagin\u00e1rio e a Periferia<\/a>\u201d abriu suas portas em maio para expor a hist\u00f3ria da zona portu\u00e1ria do Rio de Janeiro. A exposi\u00e7\u00e3o que ia se encerrar ontem, agora foi estendida at\u00e9 10 de maio de 2015.<\/p>\n<p>O curador Rafael Cardoso explica a exposi\u00e7\u00e3o em um <a href=\"http:\/\/bit.ly\/1BLmoy4\" target=\"_blank\">v\u00eddeo<\/a> no canal do YouTube do MAR: &#8220;Do Valongo a Favela: O Imagin\u00e1rio e a Periferia \u00e9 uma grande exposi\u00e7\u00e3o tocando nesse conceito de periferia a partir do fato que o MAR se localiza numa \u00e1rea do Rio de Janeiro que eu considero\u00a0a primeira periferia do Brasil&#8221;.<\/p>\n<p>Curadores Cardoso e Clarissa Diniz selecionaram cerca de 200 obras de arte, incluindo objetos hist\u00f3ricos, iconografia e obras contempor\u00e2neas a serem exibidos na exposi\u00e7\u00e3o. V\u00e1rios artistas brasileiros como <a href=\"http:\/\/bit.ly\/1yF7kEN\" target=\"_blank\">Ayrson Her\u00e1clito<\/a>, <a href=\"http:\/\/bit.ly\/1tNn7dG\" target=\"_blank\">Carlos Vergara<\/a> e <a href=\"http:\/\/bit.ly\/1xK6zsK\" target=\"_blank\">Lucia Rosa<\/a> colaboraram com o museu neste projeto.<\/p>\n<p><iframe src=\"https:\/\/www.youtube.com\/embed\/3YtutmYkVqg\" width=\"620\" height=\"349\" frameborder=\"0\" allowfullscreen=\"allowfullscreen\"><\/iframe><\/p>\n<p>A exposi\u00e7\u00e3o est\u00e1 apresentada\u00a0de forma cronol\u00f3gica em dois grandes sal\u00f5es\u2013-um narrando a era do tr\u00e1fico de escravos e um mostrando a vida atual das favelas do Rio. Ao ligar o per\u00edodo do tr\u00e1fico de escravos antecedente a 1888 com a forma\u00e7\u00e3o da primeira favela na mesma \u00e1rea apenas dez anos mais tarde, em 1898, esta exposi\u00e7\u00e3o fez uma \u00f3bvia liga\u00e7\u00e3o hist\u00f3rica que muitos foram ensinados a <a href=\"http:\/\/bit.ly\/1zkioX8\" target=\"_blank\">n\u00e3o enxergar<\/a>: o passado escravo do Brasil e a exist\u00eancia de suas favelas est\u00e3o <a href=\"http:\/\/bit.ly\/1p2voxl\" target=\"_blank\">intensamente\u00a0ligados<\/a>. Al\u00e9m disso, a vis\u00e3o e o tratamento dos escravos foram, em muitas maneiras, transferidos para os moradores das favelas. Em muitos aspectos, eles s\u00e3o os mesmos.<\/p>\n<p>Os dois corredores s\u00e3o justapostos, um com paredes pretas e o outro com paredes brancas, respectivamente. Embora a maioria das obras sejam est\u00e1ticas, existem tamb\u00e9m v\u00eddeos e \u00e1udios interativos para o p\u00fablico interagir.<\/p>\n<p>A exposi\u00e7\u00e3o no primeiro quarto \u00e9 exibida em um espa\u00e7o aberto, sem paredes separando as obras. Em vez de explorar diferentes espa\u00e7os, os visitantes circulam em torno das paredes sob a luz fraca, aprendendo e refletindo sobre o passado escravista do pa\u00eds. O Brasil recebeu quatro\u00a0milh\u00f5es de africanos escravizados, mais do que qualquer outra na\u00e7\u00e3o e <a href=\"http:\/\/bit.ly\/15vN9wa\" target=\"_blank\">dez\u00a0vezes mais<\/a> que os EUA. Um barco velho e um c\u00edrculo de fotografias no ch\u00e3o s\u00e3o exibidos no meio da sala.<\/p>\n<p>A segunda sala \u00e9 bem iluminada e os visitantes passeiam ziguezagueando ao redor de suas paredes brancas, sem uma pe\u00e7a central. Esta sala se distancia das imagens sombrias do cais do\u00a0Valongo e se aproxima da mais recente hist\u00f3ria de 117 anos das favelas da cidade, tamb\u00e9m nascidas na regi\u00e3o: uma exposi\u00e7\u00e3o vibrante e de certa maneira otimista.<\/p>\n<h3>A Hist\u00f3ria<\/h3>\n<p>Os bairros de Sa\u00fade e Gamboa no porto perto do Centro do Rio de Janeiro comp\u00f5em uma \u00e1rea que \u00e9 considerada por muitos a primeira periferia do Brasil. No s\u00e9culo 18, este espa\u00e7o n\u00e3o s\u00f3 serviu como local de chegada de ouro e diamantes do estado de Minas Gerais, mas tamb\u00e9m local de 500.000 africanos a serem comercializados como escravos no famoso cais de Valongo e mercado de escravos&#8211;<a href=\"http:\/\/bit.ly\/15vN9wa\" target=\"_blank\">mais do que o n\u00famero total<\/a> levado\u00a0aos Estados Unidos ao longo de sua hist\u00f3ria.<\/p>\n<p>No final do s\u00e9culo 19, o <a href=\"http:\/\/bit.ly\/UBMUVJ\" target=\"_blank\">Morro da Provid\u00eancia<\/a>, tamb\u00e9m localizado na \u00e1rea do Porto, foi estabelecido como a primeira favela, e na regi\u00e3o do porto\u00a0conhecida\u00a0como &#8220;<a href=\"http:\/\/bit.ly\/1p2voxl\" target=\"_blank\">Pequena \u00c1frica<\/a>&#8220;. Estes dois locais logo adquiriram uma reputa\u00e7\u00e3o de viol\u00eancia e imoralidade. &#8220;<a href=\"http:\/\/bit.ly\/1zvAGos\" target=\"_blank\">Entre preconceito e resist\u00eancia \u00e0 dif\u00edcil realidade social<\/a>&#8220;, o g\u00eanero mais conhecido da m\u00fasica brasileira nasceu l\u00e1 neste momento: o samba.<\/p>\n<h3>O MAR<\/h3>\n<p>De acordo com os curadores da exposi\u00e7\u00e3o Cardoso e Diniz, a exposi\u00e7\u00e3o examina com a arte do &#8220;imagin\u00e1rio cultural&#8221; como esta \u00e1rea perif\u00e9rica foi formada. Ela mostra documentos hist\u00f3ricos e imagens do local desde a era do Valongo at\u00e9 o nascimento da favela &#8220;<a href=\"http:\/\/bit.ly\/1zvAGos\" target=\"_blank\">como uma quest\u00e3o de interesse para a arte muito al\u00e9m dos limites geogr\u00e1ficos de suas origens<\/a>&#8220;.<\/p>\n<p>O museu tamb\u00e9m ofereceu um curso gratuito e p\u00fablico sobre a hist\u00f3ria do Rio. O curso tem como objetivo discutir a exposi\u00e7\u00e3o e &#8220;oferecer um panorama diversificado de pensamentos contempor\u00e2neos sobre a hist\u00f3ria do Rio de Janeiro&#8221;.<\/p>\n<p><a href=\"http:\/\/rioonwatch.org.br\/wp-content\/uploads\/2015\/02\/Valongo-a-favela-2.jpg\"><img fetchpriority=\"high\" decoding=\"async\" class=\"aligncenter wp-image-13446\" title=\"Valongo \u00e0 Favela\" src=\"http:\/\/rioonwatch.org.br\/wp-content\/uploads\/2015\/02\/Valongo-a-favela-2.jpg\" alt=\"\" width=\"640\" height=\"480\" srcset=\"https:\/\/rioonwatch.org.br\/wp-content\/uploads\/2015\/02\/Valongo-a-favela-2.jpg 960w, https:\/\/rioonwatch.org.br\/wp-content\/uploads\/2015\/02\/Valongo-a-favela-2-352x264.jpg 352w, https:\/\/rioonwatch.org.br\/wp-content\/uploads\/2015\/02\/Valongo-a-favela-2-620x465.jpg 620w, https:\/\/rioonwatch.org.br\/wp-content\/uploads\/2015\/02\/Valongo-a-favela-2-174x131.jpg 174w, https:\/\/rioonwatch.org.br\/wp-content\/uploads\/2015\/02\/Valongo-a-favela-2-300x225.jpg 300w, https:\/\/rioonwatch.org.br\/wp-content\/uploads\/2015\/02\/Valongo-a-favela-2-70x53.jpg 70w\" sizes=\"(max-width: 640px) 100vw, 640px\" \/><\/a><\/p>\n<p>Com esta exposi\u00e7\u00e3o, o MAR, que recentemente celebrou seu anivers\u00e1rio de um ano, est\u00e1 misturando arte com hist\u00f3ria, e ao mesmo tempo, reconhecendo e priorizando o significado cultural de sua localiza\u00e7\u00e3o. &#8220;Visibilidade \u00e9 necess\u00e1ria&#8221;, os curadores <a href=\"http:\/\/bit.ly\/1zvAGos\" target=\"_blank\">escrevem<\/a> &#8220;[para que] o respeito&#8230;tamb\u00e9m seja dado para aqueles que sempre foram exclu\u00eddos e marginalizados&#8221;.<\/p>\n<h3>Para visualizar o album completo, veja abaixo ou clique <a href=\"http:\/\/bit.ly\/1AATB2g\" target=\"_blank\">aqui<\/a>\u00a0para ver no\u00a0Flickr com legendas:<\/h3>\n<p><iframe src=\"http:\/\/www.flickr.com\/slideShow\/index.gne?group_id=&amp;user_id=25093702@N00&amp;set_id=72157649788021129&amp;amp\" width=\"620\" height=\"450\" frameborder=\"0\" scrolling=\"no\" align=\"center\"><\/iframe><\/p>\n<!-- AddThis Advanced Settings generic via filter on the_content --><!-- AddThis Share Buttons generic via filter on the_content -->","protected":false},"excerpt":{"rendered":"<div class=\"mh-excerpt\"><p>Click Here for English A principal\u00a0exposi\u00e7\u00e3o do Museu de Arte do Rio (MAR) de 2014 &#8220;Do Valongo \u00e0 Favela: O Imagin\u00e1rio e a Periferia\u201d abriu suas portas em maio para expor a hist\u00f3ria da zona <a class=\"mh-excerpt-more\" href=\"https:\/\/rioonwatch.org.br\/?p=13443\" title=\"Do Valongo \u00e0 Favela: Exposi\u00e7\u00e3o Conecta Passado Escravo Com Favelas nos Dias de Hoje [SLIDESHOW]\">[&#8230;]<\/a><!-- AddThis Advanced Settings generic via filter on get_the_excerpt --><!-- AddThis Share Buttons generic via filter on get_the_excerpt --><\/p>\n<\/div>","protected":false},"author":137,"featured_media":13444,"comment_status":"closed","ping_status":"closed","sticky":false,"template":"","format":"standard","meta":{"_acf_changed":false,"_monsterinsights_skip_tracking":false,"_monsterinsights_sitenote_active":false,"_monsterinsights_sitenote_note":"","_monsterinsights_sitenote_category":0,"footnotes":""},"categories":[345,1633,342],"tags":[334,259,421,514,1146,128,257,1111,433,936,494],"writer":[1322],"translator":[1310],"source":[],"ilustrador":[],"fotografo":[],"class_list":{"0":"post-13443","1":"post","2":"type-post","3":"status-publish","4":"format-standard","5":"has-post-thumbnail","7":"category-favela-e","8":"category-foto-reportagens","9":"category-solucoes","10":"tag-arte","11":"tag-centro","12":"tag-cultura-da-favela","13":"tag-escravidao","14":"tag-exposicao","15":"tag-historia","16":"tag-providencia","17":"tag-museu","18":"tag-porto-maravilha","19":"tag-raca","20":"tag-regiao-do-porto","21":"writer-elma-gonzalez","22":"translator-livia-villela"},"acf":[],"yoast_head":"<!-- This site is optimized with the Yoast SEO plugin v25.6 - https:\/\/yoast.com\/wordpress\/plugins\/seo\/ -->\n<title>Do Valongo \u00e0 Favela: Exposi\u00e7\u00e3o Conecta Passado Escravo Com Favelas nos Dias de Hoje [SLIDESHOW] - RioOnWatch<\/title>\n<meta name=\"robots\" content=\"index, follow, max-snippet:-1, max-image-preview:large, max-video-preview:-1\" \/>\n<link rel=\"canonical\" href=\"https:\/\/rioonwatch.org.br\/?p=13443\" \/>\n<meta property=\"og:locale\" content=\"pt_BR\" \/>\n<meta property=\"og:type\" content=\"article\" \/>\n<meta property=\"og:title\" content=\"Do Valongo \u00e0 Favela: Exposi\u00e7\u00e3o Conecta Passado Escravo Com Favelas nos Dias de Hoje [SLIDESHOW] - RioOnWatch\" \/>\n<meta property=\"og:description\" content=\"Click Here for English A principal\u00a0exposi\u00e7\u00e3o do Museu de Arte do Rio (MAR) de 2014 &#8220;Do Valongo \u00e0 Favela: O Imagin\u00e1rio e a Periferia\u201d abriu suas portas em maio para expor a hist\u00f3ria da zona [...]\" \/>\n<meta property=\"og:url\" content=\"https:\/\/rioonwatch.org.br\/?p=13443\" \/>\n<meta property=\"og:site_name\" content=\"RioOnWatch\" \/>\n<meta property=\"article:published_time\" content=\"2015-02-02T16:29:05+00:00\" \/>\n<meta property=\"article:modified_time\" content=\"2016-04-04T03:59:02+00:00\" \/>\n<meta property=\"og:image\" content=\"https:\/\/rioonwatch.org.br\/wp-content\/uploads\/2015\/02\/valongo-a-favela.jpg\" \/>\n\t<meta property=\"og:image:width\" content=\"960\" \/>\n\t<meta property=\"og:image:height\" content=\"720\" \/>\n\t<meta property=\"og:image:type\" content=\"image\/jpeg\" \/>\n<meta name=\"author\" content=\"Nicole Froio\" \/>\n<meta name=\"twitter:card\" content=\"summary_large_image\" \/>\n<meta name=\"twitter:label1\" content=\"Escrito por\" \/>\n\t<meta name=\"twitter:data1\" content=\"Nicole Froio\" \/>\n\t<meta name=\"twitter:label2\" content=\"Est. tempo de leitura\" \/>\n\t<meta name=\"twitter:data2\" content=\"4 minutos\" \/>\n<script type=\"application\/ld+json\" class=\"yoast-schema-graph\">{\"@context\":\"https:\/\/schema.org\",\"@graph\":[{\"@type\":\"Article\",\"@id\":\"https:\/\/rioonwatch.org.br\/?p=13443#article\",\"isPartOf\":{\"@id\":\"https:\/\/rioonwatch.org.br\/?p=13443\"},\"author\":{\"name\":\"Nicole Froio\",\"@id\":\"https:\/\/rioonwatch.org.br\/#\/schema\/person\/e07d559fe2154d11fd3ec515e35695ee\"},\"headline\":\"Do Valongo \u00e0 Favela: Exposi\u00e7\u00e3o Conecta Passado Escravo Com Favelas nos Dias de Hoje [SLIDESHOW]\",\"datePublished\":\"2015-02-02T16:29:05+00:00\",\"dateModified\":\"2016-04-04T03:59:02+00:00\",\"mainEntityOfPage\":{\"@id\":\"https:\/\/rioonwatch.org.br\/?p=13443\"},\"wordCount\":835,\"publisher\":{\"@id\":\"https:\/\/rioonwatch.org.br\/#organization\"},\"image\":{\"@id\":\"https:\/\/rioonwatch.org.br\/?p=13443#primaryimage\"},\"thumbnailUrl\":\"https:\/\/rioonwatch.org.br\/wp-content\/uploads\/2015\/02\/valongo-a-favela.jpg\",\"keywords\":[\"arte\",\"Centro\",\"cultura da favela\",\"escravid\u00e3o\",\"exposi\u00e7\u00e3o\",\"hist\u00f3ria\",\"Morro da Provid\u00eancia\",\"museu\",\"Porto Maravilha\",\"ra\u00e7a\",\"Regi\u00e3o do Porto\"],\"articleSection\":[\"Favela \u00e9\",\"Fotorreportagens\",\"Solu\u00e7\u00f5es\"],\"inLanguage\":\"pt-BR\"},{\"@type\":\"WebPage\",\"@id\":\"https:\/\/rioonwatch.org.br\/?p=13443\",\"url\":\"https:\/\/rioonwatch.org.br\/?p=13443\",\"name\":\"Do Valongo \u00e0 Favela: Exposi\u00e7\u00e3o Conecta Passado Escravo Com Favelas nos Dias de Hoje [SLIDESHOW] - RioOnWatch\",\"isPartOf\":{\"@id\":\"https:\/\/rioonwatch.org.br\/#website\"},\"primaryImageOfPage\":{\"@id\":\"https:\/\/rioonwatch.org.br\/?p=13443#primaryimage\"},\"image\":{\"@id\":\"https:\/\/rioonwatch.org.br\/?p=13443#primaryimage\"},\"thumbnailUrl\":\"https:\/\/rioonwatch.org.br\/wp-content\/uploads\/2015\/02\/valongo-a-favela.jpg\",\"datePublished\":\"2015-02-02T16:29:05+00:00\",\"dateModified\":\"2016-04-04T03:59:02+00:00\",\"breadcrumb\":{\"@id\":\"https:\/\/rioonwatch.org.br\/?p=13443#breadcrumb\"},\"inLanguage\":\"pt-BR\",\"potentialAction\":[{\"@type\":\"ReadAction\",\"target\":[\"https:\/\/rioonwatch.org.br\/?p=13443\"]}]},{\"@type\":\"ImageObject\",\"inLanguage\":\"pt-BR\",\"@id\":\"https:\/\/rioonwatch.org.br\/?p=13443#primaryimage\",\"url\":\"https:\/\/rioonwatch.org.br\/wp-content\/uploads\/2015\/02\/valongo-a-favela.jpg\",\"contentUrl\":\"https:\/\/rioonwatch.org.br\/wp-content\/uploads\/2015\/02\/valongo-a-favela.jpg\",\"width\":960,\"height\":720},{\"@type\":\"BreadcrumbList\",\"@id\":\"https:\/\/rioonwatch.org.br\/?p=13443#breadcrumb\",\"itemListElement\":[{\"@type\":\"ListItem\",\"position\":1,\"name\":\"In\u00edcio\",\"item\":\"https:\/\/rioonwatch.org.br\/\"},{\"@type\":\"ListItem\",\"position\":2,\"name\":\"Do Valongo \u00e0 Favela: Exposi\u00e7\u00e3o Conecta Passado Escravo Com Favelas nos Dias de Hoje [SLIDESHOW]\"}]},{\"@type\":\"WebSite\",\"@id\":\"https:\/\/rioonwatch.org.br\/#website\",\"url\":\"https:\/\/rioonwatch.org.br\/\",\"name\":\"RioOnWatch\",\"description\":\"relatos das favelas cariocas\",\"publisher\":{\"@id\":\"https:\/\/rioonwatch.org.br\/#organization\"},\"potentialAction\":[{\"@type\":\"SearchAction\",\"target\":{\"@type\":\"EntryPoint\",\"urlTemplate\":\"https:\/\/rioonwatch.org.br\/?s={search_term_string}\"},\"query-input\":{\"@type\":\"PropertyValueSpecification\",\"valueRequired\":true,\"valueName\":\"search_term_string\"}}],\"inLanguage\":\"pt-BR\"},{\"@type\":\"Organization\",\"@id\":\"https:\/\/rioonwatch.org.br\/#organization\",\"name\":\"RioOnWatch\",\"url\":\"https:\/\/rioonwatch.org.br\/\",\"logo\":{\"@type\":\"ImageObject\",\"inLanguage\":\"pt-BR\",\"@id\":\"https:\/\/rioonwatch.org.br\/#\/schema\/logo\/image\/\",\"url\":\"https:\/\/rioonwatch.org.br\/wp-content\/uploads\/2021\/06\/RioOnWatchcabecalhoPT11anos-2.png\",\"contentUrl\":\"https:\/\/rioonwatch.org.br\/wp-content\/uploads\/2021\/06\/RioOnWatchcabecalhoPT11anos-2.png\",\"width\":779,\"height\":277,\"caption\":\"RioOnWatch\"},\"image\":{\"@id\":\"https:\/\/rioonwatch.org.br\/#\/schema\/logo\/image\/\"}},{\"@type\":\"Person\",\"@id\":\"https:\/\/rioonwatch.org.br\/#\/schema\/person\/e07d559fe2154d11fd3ec515e35695ee\",\"name\":\"Nicole Froio\",\"image\":{\"@type\":\"ImageObject\",\"inLanguage\":\"pt-BR\",\"@id\":\"https:\/\/rioonwatch.org.br\/#\/schema\/person\/image\/\",\"url\":\"https:\/\/secure.gravatar.com\/avatar\/0acdbd6878ca0ac29aa5ce6c6119d636?s=96&d=blank&r=g\",\"contentUrl\":\"https:\/\/secure.gravatar.com\/avatar\/0acdbd6878ca0ac29aa5ce6c6119d636?s=96&d=blank&r=g\",\"caption\":\"Nicole Froio\"},\"url\":\"https:\/\/rioonwatch.org.br\/?author=137\"}]}<\/script>\n<!-- \/ Yoast SEO plugin. -->","yoast_head_json":{"title":"Do Valongo \u00e0 Favela: Exposi\u00e7\u00e3o Conecta Passado Escravo Com Favelas nos Dias de Hoje [SLIDESHOW] - RioOnWatch","robots":{"index":"index","follow":"follow","max-snippet":"max-snippet:-1","max-image-preview":"max-image-preview:large","max-video-preview":"max-video-preview:-1"},"canonical":"https:\/\/rioonwatch.org.br\/?p=13443","og_locale":"pt_BR","og_type":"article","og_title":"Do Valongo \u00e0 Favela: Exposi\u00e7\u00e3o Conecta Passado Escravo Com Favelas nos Dias de Hoje [SLIDESHOW] - RioOnWatch","og_description":"Click Here for English A principal\u00a0exposi\u00e7\u00e3o do Museu de Arte do Rio (MAR) de 2014 &#8220;Do Valongo \u00e0 Favela: O Imagin\u00e1rio e a Periferia\u201d abriu suas portas em maio para expor a hist\u00f3ria da zona [...]","og_url":"https:\/\/rioonwatch.org.br\/?p=13443","og_site_name":"RioOnWatch","article_published_time":"2015-02-02T16:29:05+00:00","article_modified_time":"2016-04-04T03:59:02+00:00","og_image":[{"width":960,"height":720,"url":"https:\/\/rioonwatch.org.br\/wp-content\/uploads\/2015\/02\/valongo-a-favela.jpg","type":"image\/jpeg"}],"author":"Nicole Froio","twitter_card":"summary_large_image","twitter_misc":{"Escrito por":"Nicole Froio","Est. tempo de leitura":"4 minutos"},"schema":{"@context":"https:\/\/schema.org","@graph":[{"@type":"Article","@id":"https:\/\/rioonwatch.org.br\/?p=13443#article","isPartOf":{"@id":"https:\/\/rioonwatch.org.br\/?p=13443"},"author":{"name":"Nicole Froio","@id":"https:\/\/rioonwatch.org.br\/#\/schema\/person\/e07d559fe2154d11fd3ec515e35695ee"},"headline":"Do Valongo \u00e0 Favela: Exposi\u00e7\u00e3o Conecta Passado Escravo Com Favelas nos Dias de Hoje [SLIDESHOW]","datePublished":"2015-02-02T16:29:05+00:00","dateModified":"2016-04-04T03:59:02+00:00","mainEntityOfPage":{"@id":"https:\/\/rioonwatch.org.br\/?p=13443"},"wordCount":835,"publisher":{"@id":"https:\/\/rioonwatch.org.br\/#organization"},"image":{"@id":"https:\/\/rioonwatch.org.br\/?p=13443#primaryimage"},"thumbnailUrl":"https:\/\/rioonwatch.org.br\/wp-content\/uploads\/2015\/02\/valongo-a-favela.jpg","keywords":["arte","Centro","cultura da favela","escravid\u00e3o","exposi\u00e7\u00e3o","hist\u00f3ria","Morro da Provid\u00eancia","museu","Porto Maravilha","ra\u00e7a","Regi\u00e3o do Porto"],"articleSection":["Favela \u00e9","Fotorreportagens","Solu\u00e7\u00f5es"],"inLanguage":"pt-BR"},{"@type":"WebPage","@id":"https:\/\/rioonwatch.org.br\/?p=13443","url":"https:\/\/rioonwatch.org.br\/?p=13443","name":"Do Valongo \u00e0 Favela: Exposi\u00e7\u00e3o Conecta Passado Escravo Com Favelas nos Dias de Hoje [SLIDESHOW] - RioOnWatch","isPartOf":{"@id":"https:\/\/rioonwatch.org.br\/#website"},"primaryImageOfPage":{"@id":"https:\/\/rioonwatch.org.br\/?p=13443#primaryimage"},"image":{"@id":"https:\/\/rioonwatch.org.br\/?p=13443#primaryimage"},"thumbnailUrl":"https:\/\/rioonwatch.org.br\/wp-content\/uploads\/2015\/02\/valongo-a-favela.jpg","datePublished":"2015-02-02T16:29:05+00:00","dateModified":"2016-04-04T03:59:02+00:00","breadcrumb":{"@id":"https:\/\/rioonwatch.org.br\/?p=13443#breadcrumb"},"inLanguage":"pt-BR","potentialAction":[{"@type":"ReadAction","target":["https:\/\/rioonwatch.org.br\/?p=13443"]}]},{"@type":"ImageObject","inLanguage":"pt-BR","@id":"https:\/\/rioonwatch.org.br\/?p=13443#primaryimage","url":"https:\/\/rioonwatch.org.br\/wp-content\/uploads\/2015\/02\/valongo-a-favela.jpg","contentUrl":"https:\/\/rioonwatch.org.br\/wp-content\/uploads\/2015\/02\/valongo-a-favela.jpg","width":960,"height":720},{"@type":"BreadcrumbList","@id":"https:\/\/rioonwatch.org.br\/?p=13443#breadcrumb","itemListElement":[{"@type":"ListItem","position":1,"name":"In\u00edcio","item":"https:\/\/rioonwatch.org.br\/"},{"@type":"ListItem","position":2,"name":"Do Valongo \u00e0 Favela: Exposi\u00e7\u00e3o Conecta Passado Escravo Com Favelas nos Dias de Hoje [SLIDESHOW]"}]},{"@type":"WebSite","@id":"https:\/\/rioonwatch.org.br\/#website","url":"https:\/\/rioonwatch.org.br\/","name":"RioOnWatch","description":"relatos das favelas cariocas","publisher":{"@id":"https:\/\/rioonwatch.org.br\/#organization"},"potentialAction":[{"@type":"SearchAction","target":{"@type":"EntryPoint","urlTemplate":"https:\/\/rioonwatch.org.br\/?s={search_term_string}"},"query-input":{"@type":"PropertyValueSpecification","valueRequired":true,"valueName":"search_term_string"}}],"inLanguage":"pt-BR"},{"@type":"Organization","@id":"https:\/\/rioonwatch.org.br\/#organization","name":"RioOnWatch","url":"https:\/\/rioonwatch.org.br\/","logo":{"@type":"ImageObject","inLanguage":"pt-BR","@id":"https:\/\/rioonwatch.org.br\/#\/schema\/logo\/image\/","url":"https:\/\/rioonwatch.org.br\/wp-content\/uploads\/2021\/06\/RioOnWatchcabecalhoPT11anos-2.png","contentUrl":"https:\/\/rioonwatch.org.br\/wp-content\/uploads\/2021\/06\/RioOnWatchcabecalhoPT11anos-2.png","width":779,"height":277,"caption":"RioOnWatch"},"image":{"@id":"https:\/\/rioonwatch.org.br\/#\/schema\/logo\/image\/"}},{"@type":"Person","@id":"https:\/\/rioonwatch.org.br\/#\/schema\/person\/e07d559fe2154d11fd3ec515e35695ee","name":"Nicole Froio","image":{"@type":"ImageObject","inLanguage":"pt-BR","@id":"https:\/\/rioonwatch.org.br\/#\/schema\/person\/image\/","url":"https:\/\/secure.gravatar.com\/avatar\/0acdbd6878ca0ac29aa5ce6c6119d636?s=96&d=blank&r=g","contentUrl":"https:\/\/secure.gravatar.com\/avatar\/0acdbd6878ca0ac29aa5ce6c6119d636?s=96&d=blank&r=g","caption":"Nicole Froio"},"url":"https:\/\/rioonwatch.org.br\/?author=137"}]}},"_links":{"self":[{"href":"https:\/\/rioonwatch.org.br\/index.php?rest_route=\/wp\/v2\/posts\/13443"}],"collection":[{"href":"https:\/\/rioonwatch.org.br\/index.php?rest_route=\/wp\/v2\/posts"}],"about":[{"href":"https:\/\/rioonwatch.org.br\/index.php?rest_route=\/wp\/v2\/types\/post"}],"author":[{"embeddable":true,"href":"https:\/\/rioonwatch.org.br\/index.php?rest_route=\/wp\/v2\/users\/137"}],"replies":[{"embeddable":true,"href":"https:\/\/rioonwatch.org.br\/index.php?rest_route=%2Fwp%2Fv2%2Fcomments&post=13443"}],"version-history":[{"count":13,"href":"https:\/\/rioonwatch.org.br\/index.php?rest_route=\/wp\/v2\/posts\/13443\/revisions"}],"predecessor-version":[{"id":18995,"href":"https:\/\/rioonwatch.org.br\/index.php?rest_route=\/wp\/v2\/posts\/13443\/revisions\/18995"}],"wp:featuredmedia":[{"embeddable":true,"href":"https:\/\/rioonwatch.org.br\/index.php?rest_route=\/wp\/v2\/media\/13444"}],"wp:attachment":[{"href":"https:\/\/rioonwatch.org.br\/index.php?rest_route=%2Fwp%2Fv2%2Fmedia&parent=13443"}],"wp:term":[{"taxonomy":"category","embeddable":true,"href":"https:\/\/rioonwatch.org.br\/index.php?rest_route=%2Fwp%2Fv2%2Fcategories&post=13443"},{"taxonomy":"post_tag","embeddable":true,"href":"https:\/\/rioonwatch.org.br\/index.php?rest_route=%2Fwp%2Fv2%2Ftags&post=13443"},{"taxonomy":"writer","embeddable":true,"href":"https:\/\/rioonwatch.org.br\/index.php?rest_route=%2Fwp%2Fv2%2Fwriter&post=13443"},{"taxonomy":"translator","embeddable":true,"href":"https:\/\/rioonwatch.org.br\/index.php?rest_route=%2Fwp%2Fv2%2Ftranslator&post=13443"},{"taxonomy":"source","embeddable":true,"href":"https:\/\/rioonwatch.org.br\/index.php?rest_route=%2Fwp%2Fv2%2Fsource&post=13443"},{"taxonomy":"ilustrador","embeddable":true,"href":"https:\/\/rioonwatch.org.br\/index.php?rest_route=%2Fwp%2Fv2%2Filustrador&post=13443"},{"taxonomy":"fotografo","embeddable":true,"href":"https:\/\/rioonwatch.org.br\/index.php?rest_route=%2Fwp%2Fv2%2Ffotografo&post=13443"}],"curies":[{"name":"wp","href":"https:\/\/api.w.org\/{rel}","templated":true}]}}