{"id":13484,"date":"2015-02-18T06:00:34","date_gmt":"2015-02-18T09:00:34","guid":{"rendered":"http:\/\/rioonwatch.org.br\/?p=13484"},"modified":"2024-05-24T12:41:24","modified_gmt":"2024-05-24T15:41:24","slug":"comissao-de-direitos-humanos-do-rio-divulga-relatorio-de-2014","status":"publish","type":"post","link":"https:\/\/rioonwatch.org.br\/?p=13484","title":{"rendered":"Comiss\u00e3o de Direitos Humanos do Rio Divulga Relat\u00f3rio de 2014"},"content":{"rendered":"<p style=\"text-align: right;\"><em><strong><a href=\"http:\/\/bit.ly\/1zssmEg\" target=\"_blank\" rel=\"noopener\">Click Here for English<img decoding=\"async\" width=\"20\" height=\"20\" class=\"alignright wp-image-15790\" src=\"http:\/\/rioonwatch.org.br\/wp-content\/uploads\/2012\/08\/EN-standard-e1439583104716.jpg\" alt=\"\" \/><\/a><\/strong><\/em><\/p>\n<p>Enquanto muitos se lembram de 2014 como o ano da <a href=\"http:\/\/bit.ly\/WfaiMR\" target=\"_blank\" rel=\"noopener\">Copa do Mundo<\/a>, alguns ativistas do Rio de Janeiro v\u00e3o se lembrar deste ano como o ano da <a href=\"http:\/\/bit.ly\/1piRAgk\" target=\"_blank\" rel=\"noopener\">resist\u00eancia<\/a>, de acordo com o \u00faltimo relat\u00f3rio da Comiss\u00e3o de\u00a0Direitos Humanos da Assembleia Legislativa do Estado do Rio (Alerj). A Comiss\u00e3o apresentou seu relat\u00f3rio anual na noite de 8 de dezembro, que foi coincidentemente, o dia da Justi\u00e7a Nacional, para um sal\u00e3o lotado com mais de 100 pessoas na Alerj. O relat\u00f3rio analisa o atual &#8220;mau estado da democracia&#8221; no Brasil e destaca tr\u00eas quest\u00f5es que o ilustram: os efeitos s\u00f3cio-pol\u00edticos do <a href=\"http:\/\/bit.ly\/1nQlHQA\" target=\"_blank\" rel=\"noopener\">golpe militar dos anos 60<\/a>, a batalha pelo <a href=\"http:\/\/bit.ly\/1FKOexi\" target=\"_blank\" rel=\"noopener\">direito \u00e0 cidade<\/a> e a militariza\u00e7\u00e3o da vida cotidiana. Tr\u00eas convidados, Jo\u00e3o Dornelles, professor da PUC-Rio, Guilherme Boulos, colunista da Folha de S\u00e3o Paulo e M\u00f4nica Francisco, ativista de direitos humanos, apresentaram uma an\u00e1lise em cada t\u00f3pico, respectivamente.<\/p>\n<h3>50 Anos desde o Golpe Militar de 1964<\/h3>\n<p><a href=\"http:\/\/rioonwatch.org.br\/wp-content\/uploads\/2015\/02\/Ditadura-Nunca-Mais-Protesto.jpg\"><img fetchpriority=\"high\" decoding=\"async\" class=\"aligncenter wp-image-13486\" title=\"Ditadura Nunca Mais. Foto: Fernando Fraz\u00e3o\/Ag\u00eancia Brasil\" src=\"http:\/\/rioonwatch.org.br\/wp-content\/uploads\/2015\/02\/Ditadura-Nunca-Mais-Protesto.jpg\" alt=\"Ditadura Nunca Mais Protesto\" width=\"620\" height=\"415\" srcset=\"https:\/\/rioonwatch.org.br\/wp-content\/uploads\/2015\/02\/Ditadura-Nunca-Mais-Protesto.jpg 999w, https:\/\/rioonwatch.org.br\/wp-content\/uploads\/2015\/02\/Ditadura-Nunca-Mais-Protesto-394x264.jpg 394w, https:\/\/rioonwatch.org.br\/wp-content\/uploads\/2015\/02\/Ditadura-Nunca-Mais-Protesto-620x415.jpg 620w\" sizes=\"(max-width: 620px) 100vw, 620px\" \/><\/a><\/p>\n<blockquote><p><em>&#8220;S\u00e3o 514 anos em que essas viol\u00eancias e viola\u00e7\u00f5es de direitos humanos constroem\u00a0uma sociedade que \u00e9 um sucesso em\u00a0esquecimento. Existe uma pol\u00edtica de esquecimento, uma\u00a0pol\u00edtica de &#8216;vamos virar a p\u00e1gina&#8217;, do ponto final.&#8221; &#8211; Jo\u00e3o Dornelles (2014)<\/em><\/p><\/blockquote>\n<p>Para entender como a ditadura militar configura o pa\u00eds de hoje, Dornelles diz ser preciso entender como a ditadura \u00e9 uma continua\u00e7\u00e3o do estabelecimento de 514 anos do pa\u00eds e da sociedade. Ao longo da hist\u00f3ria, a mesma popula\u00e7\u00e3o&#8211;a maioria&#8211;t\u00eam tido nenhum acesso, ou em tempos recentes acesso restrito,\u00a0\u00e0\u00a0<a href=\"http:\/\/bit.ly\/1Ce678W\" target=\"_blank\" rel=\"noopener\">cidadania<\/a>.<\/p>\n<p>Al\u00e9m disso, diz Dornelles, o pa\u00eds sempre teve uma sociedade elitista que se reproduz atrav\u00e9s de acordos pol\u00edticos e parcerias olig\u00e1rquicas. O golpe militar de 1964 n\u00e3o criou essas quest\u00f5es, apenas as refor\u00e7ou. &#8220;Aqui est\u00e1 a base da viol\u00eancia, a base das <a href=\"http:\/\/bit.ly\/1zLJ2W9\" target=\"_blank\" rel=\"noopener\">viola\u00e7\u00f5es massivas<\/a>, sistem\u00e1ticas, permanentes, cont\u00ednuas de direitos humanos na nossa hist\u00f3ria&#8221;, disse ele. &#8220;Nesse processo de 21 anos se aprofundou n\u00e3o somente esse passado hist\u00f3rico da sociedade brasileira, mas se aprofundaram e se aprimoraram\u00a0novas t\u00e9cnicas, novas pr\u00e1ticas e estrat\u00e9gias de controle do poder&#8221;.<\/p>\n<p>As &#8220;novas pr\u00e1ticas&#8221; se manifestam na militariza\u00e7\u00e3o da vida cotidiana. Dornelles deu um exemplo dos Bombeiros; n\u00e3o existe pa\u00eds democr\u00e1tico onde os Bombeiros est\u00e3o sob responsabilidade militar. \u00c9 um departamento civil, exceto no Brasil. A militariza\u00e7\u00e3o das ag\u00eancias civis representa um controle pol\u00edtico, ideol\u00f3gico e cultural da sociedade, diz ele. &#8220;N\u00f3s temos mais <a href=\"http:\/\/bit.ly\/1aR8al5\" target=\"_blank\" rel=\"noopener\">desaparecidos<\/a> neste regime democr\u00e1tico e mais <a href=\"http:\/\/bit.ly\/1mC01aY\" target=\"_blank\" rel=\"noopener\">mortos<\/a> neste regime democr\u00e1tico do que no per\u00edodo militar&#8221;, afirma, acrescentando que a militariza\u00e7\u00e3o civil contribui para isso. Ele conclui afirmando a import\u00e2ncia da mem\u00f3ria. S\u00f3 podemos mudar o presente, ele diz, lembrando e <a href=\"http:\/\/bit.ly\/1bLEXdB\" target=\"_blank\" rel=\"noopener\">entendendo o passado<\/a>.<\/p>\n<h3>Direito \u00e0 Cidade<\/h3>\n<p><a href=\"http:\/\/rioonwatch.org.br\/wp-content\/uploads\/2015\/02\/Vidigal.jpg\"><img decoding=\"async\" class=\"aligncenter wp-image-13487 size-full\" title=\"Vidigal \u00e9 uma das \u00e1reas gentrificadas que vem sofrendo com o modelo cidade-neg\u00f3cio. Foto: Patrick Insensee\" src=\"http:\/\/rioonwatch.org.br\/wp-content\/uploads\/2015\/02\/Vidigal.jpg\" alt=\"Vidigal\" width=\"620\" height=\"264\" \/><\/a><\/p>\n<blockquote><p><em>\u201cO\u00a0que n\u00f3s temos enfrentado nestes \u00faltimos anos\u00a0com muita dureza no cotidiano \u00e9 uma nega\u00e7\u00e3o sistem\u00e1tica do direito \u00e0 cidade para milh\u00f5es de pessoas do nosso pais.\u201d \u2013 Guilherme Boulos (2014)<\/em><\/p><\/blockquote>\n<p>Essa tem sido uma d\u00e9cada de lucros no mercado imobili\u00e1rio brasileiro, especialmente no Rio de Janeiro, diz Boulos. Essa tem sido a d\u00e9cada, explica ele, daqueles que n\u00e3o consideram um lugar na cidade como um direito cidad\u00e3o, mas como um lugar de neg\u00f3cios usado para dar lucro com a <a href=\"http:\/\/bit.ly\/X51Qvb\" target=\"_blank\" rel=\"noopener\">produ\u00e7\u00e3o e a reprodu\u00e7\u00e3o da mis\u00e9ria urbana<\/a>.<\/p>\n<p>Nos \u00faltimos anos, o setor de constru\u00e7\u00e3o do Brasil tem sido um dos mais lucrativos e consequentemente um dos maiores produtores de empregos no pa\u00eds, segundo Boulos. Ainda assim, o resultado disso \u00e9 um\u00a0aumento\u00a0sem precedentes no valor da terra nos \u00faltimos cinco anos: 215% em S\u00e3o Paulo e 261% no Rio de Janeiro&#8211;maior aumento no pa\u00eds, diz ele. &#8220;Mas [o aumento] n\u00e3o vem acompanhado de nenhuma <a href=\"http:\/\/bit.ly\/1JnOoQF\" target=\"_blank\" rel=\"noopener\">pol\u00edtica de regulamenta\u00e7\u00e3o<\/a> que busca\u00a0impor limites aos lucros desse setor e dar algumas garantias de direitos aos mais pobres&#8221;.<\/p>\n<p>Quando o valor da terra aumenta, o <a href=\"http:\/\/bit.ly\/184FqS4\" target=\"_blank\" rel=\"noopener\">aluguel aumenta<\/a>, o que leva \u00e0 expuls\u00e3o e \u00e0 segrega\u00e7\u00e3o. Para uma fam\u00edlia cujo aluguel teve um reajuste absurdo, mas cujo sal\u00e1rio permaneceu est\u00e1tico, a \u00fanica solu\u00e7\u00e3o\u00a0\u00e9 se mudar para ainda mais longe, afirma ele. Essa \u00e9 a nega\u00e7\u00e3o do direito \u00e0 cidade. &#8220;\u00c9 expuls\u00e3o, \u00e9 a cria\u00e7\u00e3o de muros na cidade&#8221;, diz Boulos. &#8220;Hoje os mais pobres s\u00e3o\u00a0jogados para mais longe e mais longe, o que significa menos servi\u00e7os p\u00fablicos e\u00a0menos infraestrutura, e mais tempo para ir e voltar do trabalho&#8221;.<\/p>\n<p>A segrega\u00e7\u00e3o da sociedade atrav\u00e9s do mercado imobili\u00e1rio chega acompanhada de\u00a0um forte processo de <a href=\"http:\/\/bit.ly\/1i0t9Hc\" target=\"_blank\" rel=\"noopener\">criminaliza\u00e7\u00e3o, extermina\u00e7\u00e3o e violenta repress\u00e3o<\/a>, afirmou ele. O papel da pol\u00edcia em bairros ricos \u00e9 proteger a minoria, a elite das nossas cidades, diz\u00a0Boulos. Na periferia, no entanto, seu papel \u00e9 de <a href=\"http:\/\/bit.ly\/1i0t9Hc\" target=\"_blank\" rel=\"noopener\">exterm\u00ednio<\/a>. &#8220;Essa \u00e9 a realidade perversa da <a href=\"http:\/\/bit.ly\/11tBtBo\" target=\"_blank\" rel=\"noopener\">especula\u00e7\u00e3o imobili\u00e1ria<\/a>: expuls\u00e3o, racismo, viol\u00eancia, exterm\u00ednio&#8221;, concluiu. &#8220;Essa \u00e9 provavelmente a maior caracter\u00edstica das nossas cidades, e isso tem se aprofundado nos \u00faltimos anos&#8221;.<\/p>\n<h3>Militariza\u00e7\u00e3o da Favela<\/h3>\n<p><a href=\"http:\/\/rioonwatch.org.br\/wp-content\/uploads\/2015\/02\/exercito-na-mare.jpg\"><img loading=\"lazy\" decoding=\"async\" class=\"aligncenter wp-image-13488\" title=\"For\u00e7as Armadas refor\u00e7am a seguran\u00e7a no Complexo de favelas da Mar\u00e9. Foto: Tania Reg\u00f4\/Ag\u00eancia Brasil\" src=\"http:\/\/rioonwatch.org.br\/wp-content\/uploads\/2015\/02\/exercito-na-mare.jpg\" alt=\"exercito na mare\" width=\"620\" height=\"413\" srcset=\"https:\/\/rioonwatch.org.br\/wp-content\/uploads\/2015\/02\/exercito-na-mare.jpg 999w, https:\/\/rioonwatch.org.br\/wp-content\/uploads\/2015\/02\/exercito-na-mare-397x264.jpg 397w, https:\/\/rioonwatch.org.br\/wp-content\/uploads\/2015\/02\/exercito-na-mare-620x413.jpg 620w\" sizes=\"(max-width: 620px) 100vw, 620px\" \/><\/a><\/p>\n<blockquote><p><em>\u201c\u00c9 angustiante ter que falar, \u00e9 angustiante ter que estar aqui discutindo militariza\u00e7\u00e3o da nossa vida cotidiana, discutir militariza\u00e7\u00e3o da cultura. discutir militariza\u00e7\u00e3o de vida particular.&#8221; &#8211; M\u00f4nica Francisco (2014)<\/em><\/p><\/blockquote>\n<p>Em um discurso emotivo, a ativista dos direitos humanos e moradora do <a href=\"http:\/\/bit.ly\/ZKW86Q\" target=\"_blank\" rel=\"noopener\">Borel<\/a>, M\u00f4nica Francisco, falou sobre as dificuldades que os moradores da favela enfrentam devido \u00e0 militariza\u00e7\u00e3o. A privacidade das pessoas e sua individualidade \u00e9 <a href=\"http:\/\/bit.ly\/1qugkT2\" target=\"_blank\" rel=\"noopener\">violada<\/a> todos os dias, disse ela, e sua <a href=\"http:\/\/bit.ly\/1a1M6kK\" target=\"_blank\" rel=\"noopener\">cultura<\/a> \u00e9 reprimida. O que \u00e9 mais chocante \u00e9 o dado que mostra um enorme n\u00famero de mortes, <a href=\"http:\/\/bit.ly\/1syt64v\" target=\"_blank\" rel=\"noopener\">especialmente entre a popula\u00e7\u00e3o negra<\/a>.<\/p>\n<p>&#8220;\u00c9 muito doloroso quando a gente come\u00e7a a ficar cara a cara com esses dados&#8221;, ela disse. &#8220;Se \u00e9 doloroso para homens brancos e mulheres brancas, \u00e9 muito mais doloroso para a gente que, al\u00e9m de ter que ser confrontado pelos dados frios e duros dos n\u00fameros, a gente \u00e9 confrontado de verdade. A gente vive isso&#8221;.<\/p>\n<p>Em rela\u00e7\u00e3o ao hist\u00f3rico do pa\u00eds, a democracia \u00e9 um empreendimento relativamente novo para o Brasil, explica ela, mas para a popula\u00e7\u00e3o negra \u00e9 quase um territ\u00f3rio intocado. &#8220;Para n\u00f3s negros, a gente nunca conseguiu viver essa plenitude da democracia&#8221;, ela disse. &#8220;A gente nunca conseguiu viver isso. <a href=\"http:\/\/bit.ly\/1zzltxG\" target=\"_blank\" rel=\"noopener\">A gente vive um processo de exterm\u00ednio<\/a>\u201d.<\/p>\n<p>Francisco lembrou os massivos <a href=\"http:\/\/bit.ly\/1cHPzEU\" target=\"_blank\" rel=\"noopener\">protestos de junho de 2013<\/a>, e notou como essas demonstra\u00e7\u00f5es trouxeram um n\u00edvel de viol\u00eancia policial para a classe m\u00e9dia brasileira que deu o gosto da\u00a0viol\u00eancia enfrentada pelos moradores da favela. &#8220;Imagina as pessoas gostando de ver os filhos da classe m\u00e9dia sofrendo aquela viol\u00eancia, porque pelo menos eles agora v\u00e3o acreditar e v\u00e3o ouvir e v\u00e3o entender que na favela a bala n\u00e3o \u00e9 de borracha, a bala \u00e9 de verdade. N\u00e3o tem tiro de borracha, tem tiro de fuzil&#8221;.<\/p>\n<h3>Prestando Homenagem<\/h3>\n<p>Com o discurso de Francisco, a discuss\u00e3o sobre o relat\u00f3rio foi conclu\u00edda. O evento foi\u00a0transferido\u00a0para fora do pr\u00e9dio. Como parte do programa, diversos l\u00edderes da comunidade e organiza\u00e7\u00f5es foram homenageados por sua luta incans\u00e1vel pelos direitos humanos. Performances teatrais e musicais ocorreram nas escadas da Assembleia Legislativa ap\u00f3s a\u00a0apresenta\u00e7\u00e3o. Dentre as organiza\u00e7\u00f5es reconhecidas estavam a <a href=\"http:\/\/bit.ly\/1ACiqeb\" target=\"_blank\" rel=\"noopener\">Articula\u00e7\u00e3o Nacional dos Comit\u00eas Populares da Copa do Mundo (ANCOP)<\/a>, a Comiss\u00e3o pela Mobiliza\u00e7\u00e3o dos Catadores de Lixo, ap\u00f3s seus <a href=\"http:\/\/bit.ly\/1dmYtxW\" target=\"_blank\" rel=\"noopener\">protestos hist\u00f3ricos durante o Carnaval de 2014<\/a>, e o grupo de m\u00eddia e direitos humanos <a href=\"http:\/\/on.fb.me\/1my6unV\" target=\"_blank\" rel=\"noopener\">Coletivo Papo Reto<\/a>.<\/p>\n<p><em>O relat\u00f3rio completo pode ser acessado <a href=\"http:\/\/bit.ly\/1zf8XHS\" target=\"_blank\" rel=\"noopener\">aqui<\/a>.<\/em><\/p>\n<!-- AddThis Advanced Settings generic via filter on the_content --><!-- AddThis Share Buttons generic via filter on the_content -->","protected":false},"excerpt":{"rendered":"<div class=\"mh-excerpt\"><p>Click Here for English Enquanto muitos se lembram de 2014 como o ano da Copa do Mundo, alguns ativistas do Rio de Janeiro v\u00e3o se lembrar deste ano como o ano da resist\u00eancia, de acordo <a class=\"mh-excerpt-more\" href=\"https:\/\/rioonwatch.org.br\/?p=13484\" title=\"Comiss\u00e3o de Direitos Humanos do Rio Divulga Relat\u00f3rio de 2014\">[&#8230;]<\/a><!-- AddThis Advanced Settings generic via filter on get_the_excerpt --><!-- AddThis Share Buttons generic via filter on get_the_excerpt --><\/p>\n<\/div>","protected":false},"author":137,"featured_media":13485,"comment_status":"closed","ping_status":"closed","sticky":false,"template":"","format":"standard","meta":{"_acf_changed":false,"_monsterinsights_skip_tracking":false,"_monsterinsights_sitenote_active":false,"_monsterinsights_sitenote_note":"","_monsterinsights_sitenote_category":0,"footnotes":""},"categories":[346,344],"tags":[3253,704,832,831,88,128,1024,774,763,814,920,52,1144],"writer":[1322],"translator":[1342],"source":[],"ilustrador":[],"fotografo":[],"class_list":{"0":"post-13484","1":"post","2":"type-post","3":"status-publish","4":"format-standard","5":"has-post-thumbnail","7":"category-denuncias","8":"category-politicas","9":"tag-antirracismo","10":"tag-borel","11":"tag-cidadania","12":"tag-direito-a-cidade","13":"tag-direitos-humanos","14":"tag-historia","15":"tag-intimidacao-policial","16":"tag-policia-militar","17":"tag-protesto","18":"tag-segregacao","19":"tag-violencia-de-estado","20":"tag-violencia-policial","21":"tag-violencia-urbana","22":"writer-elma-gonzalez","23":"translator-patricia-monteiro"},"acf":[],"yoast_head":"<!-- This site is optimized with the Yoast SEO plugin v25.6 - https:\/\/yoast.com\/wordpress\/plugins\/seo\/ -->\n<title>Comiss\u00e3o de Direitos Humanos do Rio Divulga Relat\u00f3rio de 2014 - RioOnWatch<\/title>\n<meta name=\"robots\" content=\"index, follow, max-snippet:-1, max-image-preview:large, max-video-preview:-1\" \/>\n<link rel=\"canonical\" href=\"https:\/\/rioonwatch.org.br\/?p=13484\" \/>\n<meta property=\"og:locale\" content=\"pt_BR\" \/>\n<meta property=\"og:type\" content=\"article\" \/>\n<meta property=\"og:title\" content=\"Comiss\u00e3o de Direitos Humanos do Rio Divulga Relat\u00f3rio de 2014 - RioOnWatch\" \/>\n<meta property=\"og:description\" content=\"Click Here for English Enquanto muitos se lembram de 2014 como o ano da Copa do Mundo, alguns ativistas do Rio de Janeiro v\u00e3o se lembrar deste ano como o ano da resist\u00eancia, de acordo [...]\" \/>\n<meta property=\"og:url\" content=\"https:\/\/rioonwatch.org.br\/?p=13484\" \/>\n<meta property=\"og:site_name\" content=\"RioOnWatch\" \/>\n<meta property=\"article:published_time\" content=\"2015-02-18T09:00:34+00:00\" \/>\n<meta property=\"article:modified_time\" content=\"2024-05-24T15:41:24+00:00\" \/>\n<meta property=\"og:image\" content=\"https:\/\/rioonwatch.org.br\/wp-content\/uploads\/2015\/02\/Policia-Militar.jpg\" \/>\n\t<meta property=\"og:image:width\" content=\"2048\" \/>\n\t<meta property=\"og:image:height\" content=\"1365\" \/>\n\t<meta property=\"og:image:type\" content=\"image\/jpeg\" \/>\n<meta name=\"author\" content=\"Nicole Froio\" \/>\n<meta name=\"twitter:card\" content=\"summary_large_image\" \/>\n<meta name=\"twitter:label1\" content=\"Escrito por\" \/>\n\t<meta name=\"twitter:data1\" content=\"Nicole Froio\" \/>\n\t<meta name=\"twitter:label2\" content=\"Est. tempo de leitura\" \/>\n\t<meta name=\"twitter:data2\" content=\"6 minutos\" \/>\n<script type=\"application\/ld+json\" class=\"yoast-schema-graph\">{\"@context\":\"https:\/\/schema.org\",\"@graph\":[{\"@type\":\"Article\",\"@id\":\"https:\/\/rioonwatch.org.br\/?p=13484#article\",\"isPartOf\":{\"@id\":\"https:\/\/rioonwatch.org.br\/?p=13484\"},\"author\":{\"name\":\"Nicole Froio\",\"@id\":\"https:\/\/rioonwatch.org.br\/#\/schema\/person\/e07d559fe2154d11fd3ec515e35695ee\"},\"headline\":\"Comiss\u00e3o de Direitos Humanos do Rio Divulga Relat\u00f3rio de 2014\",\"datePublished\":\"2015-02-18T09:00:34+00:00\",\"dateModified\":\"2024-05-24T15:41:24+00:00\",\"mainEntityOfPage\":{\"@id\":\"https:\/\/rioonwatch.org.br\/?p=13484\"},\"wordCount\":1306,\"publisher\":{\"@id\":\"https:\/\/rioonwatch.org.br\/#organization\"},\"image\":{\"@id\":\"https:\/\/rioonwatch.org.br\/?p=13484#primaryimage\"},\"thumbnailUrl\":\"https:\/\/rioonwatch.org.br\/wp-content\/uploads\/2015\/02\/Policia-Militar.jpg\",\"keywords\":[\"Antirracismo\",\"Borel\",\"cidadania\",\"Direito \u00e0 Cidade\",\"Direitos Humanos\",\"hist\u00f3ria\",\"intimida\u00e7\u00e3o policial\",\"Pol\u00edcia Militar\",\"protesto\",\"segrega\u00e7\u00e3o\",\"viol\u00eancia de Estado\",\"viol\u00eancia policial\",\"viol\u00eancia urbana\"],\"articleSection\":[\"Den\u00fancias\",\"Pol\u00edticas\"],\"inLanguage\":\"pt-BR\"},{\"@type\":\"WebPage\",\"@id\":\"https:\/\/rioonwatch.org.br\/?p=13484\",\"url\":\"https:\/\/rioonwatch.org.br\/?p=13484\",\"name\":\"Comiss\u00e3o de Direitos Humanos do Rio Divulga Relat\u00f3rio de 2014 - RioOnWatch\",\"isPartOf\":{\"@id\":\"https:\/\/rioonwatch.org.br\/#website\"},\"primaryImageOfPage\":{\"@id\":\"https:\/\/rioonwatch.org.br\/?p=13484#primaryimage\"},\"image\":{\"@id\":\"https:\/\/rioonwatch.org.br\/?p=13484#primaryimage\"},\"thumbnailUrl\":\"https:\/\/rioonwatch.org.br\/wp-content\/uploads\/2015\/02\/Policia-Militar.jpg\",\"datePublished\":\"2015-02-18T09:00:34+00:00\",\"dateModified\":\"2024-05-24T15:41:24+00:00\",\"breadcrumb\":{\"@id\":\"https:\/\/rioonwatch.org.br\/?p=13484#breadcrumb\"},\"inLanguage\":\"pt-BR\",\"potentialAction\":[{\"@type\":\"ReadAction\",\"target\":[\"https:\/\/rioonwatch.org.br\/?p=13484\"]}]},{\"@type\":\"ImageObject\",\"inLanguage\":\"pt-BR\",\"@id\":\"https:\/\/rioonwatch.org.br\/?p=13484#primaryimage\",\"url\":\"https:\/\/rioonwatch.org.br\/wp-content\/uploads\/2015\/02\/Policia-Militar.jpg\",\"contentUrl\":\"https:\/\/rioonwatch.org.br\/wp-content\/uploads\/2015\/02\/Policia-Militar.jpg\",\"width\":2048,\"height\":1365},{\"@type\":\"BreadcrumbList\",\"@id\":\"https:\/\/rioonwatch.org.br\/?p=13484#breadcrumb\",\"itemListElement\":[{\"@type\":\"ListItem\",\"position\":1,\"name\":\"In\u00edcio\",\"item\":\"https:\/\/rioonwatch.org.br\/\"},{\"@type\":\"ListItem\",\"position\":2,\"name\":\"Comiss\u00e3o de Direitos Humanos do Rio Divulga Relat\u00f3rio de 2014\"}]},{\"@type\":\"WebSite\",\"@id\":\"https:\/\/rioonwatch.org.br\/#website\",\"url\":\"https:\/\/rioonwatch.org.br\/\",\"name\":\"RioOnWatch\",\"description\":\"relatos das favelas cariocas\",\"publisher\":{\"@id\":\"https:\/\/rioonwatch.org.br\/#organization\"},\"potentialAction\":[{\"@type\":\"SearchAction\",\"target\":{\"@type\":\"EntryPoint\",\"urlTemplate\":\"https:\/\/rioonwatch.org.br\/?s={search_term_string}\"},\"query-input\":{\"@type\":\"PropertyValueSpecification\",\"valueRequired\":true,\"valueName\":\"search_term_string\"}}],\"inLanguage\":\"pt-BR\"},{\"@type\":\"Organization\",\"@id\":\"https:\/\/rioonwatch.org.br\/#organization\",\"name\":\"RioOnWatch\",\"url\":\"https:\/\/rioonwatch.org.br\/\",\"logo\":{\"@type\":\"ImageObject\",\"inLanguage\":\"pt-BR\",\"@id\":\"https:\/\/rioonwatch.org.br\/#\/schema\/logo\/image\/\",\"url\":\"https:\/\/rioonwatch.org.br\/wp-content\/uploads\/2021\/06\/RioOnWatchcabecalhoPT11anos-2.png\",\"contentUrl\":\"https:\/\/rioonwatch.org.br\/wp-content\/uploads\/2021\/06\/RioOnWatchcabecalhoPT11anos-2.png\",\"width\":779,\"height\":277,\"caption\":\"RioOnWatch\"},\"image\":{\"@id\":\"https:\/\/rioonwatch.org.br\/#\/schema\/logo\/image\/\"}},{\"@type\":\"Person\",\"@id\":\"https:\/\/rioonwatch.org.br\/#\/schema\/person\/e07d559fe2154d11fd3ec515e35695ee\",\"name\":\"Nicole Froio\",\"image\":{\"@type\":\"ImageObject\",\"inLanguage\":\"pt-BR\",\"@id\":\"https:\/\/rioonwatch.org.br\/#\/schema\/person\/image\/\",\"url\":\"https:\/\/secure.gravatar.com\/avatar\/0acdbd6878ca0ac29aa5ce6c6119d636?s=96&d=blank&r=g\",\"contentUrl\":\"https:\/\/secure.gravatar.com\/avatar\/0acdbd6878ca0ac29aa5ce6c6119d636?s=96&d=blank&r=g\",\"caption\":\"Nicole Froio\"},\"url\":\"https:\/\/rioonwatch.org.br\/?author=137\"}]}<\/script>\n<!-- \/ Yoast SEO plugin. -->","yoast_head_json":{"title":"Comiss\u00e3o de Direitos Humanos do Rio Divulga Relat\u00f3rio de 2014 - RioOnWatch","robots":{"index":"index","follow":"follow","max-snippet":"max-snippet:-1","max-image-preview":"max-image-preview:large","max-video-preview":"max-video-preview:-1"},"canonical":"https:\/\/rioonwatch.org.br\/?p=13484","og_locale":"pt_BR","og_type":"article","og_title":"Comiss\u00e3o de Direitos Humanos do Rio Divulga Relat\u00f3rio de 2014 - RioOnWatch","og_description":"Click Here for English Enquanto muitos se lembram de 2014 como o ano da Copa do Mundo, alguns ativistas do Rio de Janeiro v\u00e3o se lembrar deste ano como o ano da resist\u00eancia, de acordo [...]","og_url":"https:\/\/rioonwatch.org.br\/?p=13484","og_site_name":"RioOnWatch","article_published_time":"2015-02-18T09:00:34+00:00","article_modified_time":"2024-05-24T15:41:24+00:00","og_image":[{"width":2048,"height":1365,"url":"https:\/\/rioonwatch.org.br\/wp-content\/uploads\/2015\/02\/Policia-Militar.jpg","type":"image\/jpeg"}],"author":"Nicole Froio","twitter_card":"summary_large_image","twitter_misc":{"Escrito por":"Nicole Froio","Est. tempo de leitura":"6 minutos"},"schema":{"@context":"https:\/\/schema.org","@graph":[{"@type":"Article","@id":"https:\/\/rioonwatch.org.br\/?p=13484#article","isPartOf":{"@id":"https:\/\/rioonwatch.org.br\/?p=13484"},"author":{"name":"Nicole Froio","@id":"https:\/\/rioonwatch.org.br\/#\/schema\/person\/e07d559fe2154d11fd3ec515e35695ee"},"headline":"Comiss\u00e3o de Direitos Humanos do Rio Divulga Relat\u00f3rio de 2014","datePublished":"2015-02-18T09:00:34+00:00","dateModified":"2024-05-24T15:41:24+00:00","mainEntityOfPage":{"@id":"https:\/\/rioonwatch.org.br\/?p=13484"},"wordCount":1306,"publisher":{"@id":"https:\/\/rioonwatch.org.br\/#organization"},"image":{"@id":"https:\/\/rioonwatch.org.br\/?p=13484#primaryimage"},"thumbnailUrl":"https:\/\/rioonwatch.org.br\/wp-content\/uploads\/2015\/02\/Policia-Militar.jpg","keywords":["Antirracismo","Borel","cidadania","Direito \u00e0 Cidade","Direitos Humanos","hist\u00f3ria","intimida\u00e7\u00e3o policial","Pol\u00edcia Militar","protesto","segrega\u00e7\u00e3o","viol\u00eancia de Estado","viol\u00eancia policial","viol\u00eancia urbana"],"articleSection":["Den\u00fancias","Pol\u00edticas"],"inLanguage":"pt-BR"},{"@type":"WebPage","@id":"https:\/\/rioonwatch.org.br\/?p=13484","url":"https:\/\/rioonwatch.org.br\/?p=13484","name":"Comiss\u00e3o de Direitos Humanos do Rio Divulga Relat\u00f3rio de 2014 - RioOnWatch","isPartOf":{"@id":"https:\/\/rioonwatch.org.br\/#website"},"primaryImageOfPage":{"@id":"https:\/\/rioonwatch.org.br\/?p=13484#primaryimage"},"image":{"@id":"https:\/\/rioonwatch.org.br\/?p=13484#primaryimage"},"thumbnailUrl":"https:\/\/rioonwatch.org.br\/wp-content\/uploads\/2015\/02\/Policia-Militar.jpg","datePublished":"2015-02-18T09:00:34+00:00","dateModified":"2024-05-24T15:41:24+00:00","breadcrumb":{"@id":"https:\/\/rioonwatch.org.br\/?p=13484#breadcrumb"},"inLanguage":"pt-BR","potentialAction":[{"@type":"ReadAction","target":["https:\/\/rioonwatch.org.br\/?p=13484"]}]},{"@type":"ImageObject","inLanguage":"pt-BR","@id":"https:\/\/rioonwatch.org.br\/?p=13484#primaryimage","url":"https:\/\/rioonwatch.org.br\/wp-content\/uploads\/2015\/02\/Policia-Militar.jpg","contentUrl":"https:\/\/rioonwatch.org.br\/wp-content\/uploads\/2015\/02\/Policia-Militar.jpg","width":2048,"height":1365},{"@type":"BreadcrumbList","@id":"https:\/\/rioonwatch.org.br\/?p=13484#breadcrumb","itemListElement":[{"@type":"ListItem","position":1,"name":"In\u00edcio","item":"https:\/\/rioonwatch.org.br\/"},{"@type":"ListItem","position":2,"name":"Comiss\u00e3o de Direitos Humanos do Rio Divulga Relat\u00f3rio de 2014"}]},{"@type":"WebSite","@id":"https:\/\/rioonwatch.org.br\/#website","url":"https:\/\/rioonwatch.org.br\/","name":"RioOnWatch","description":"relatos das favelas cariocas","publisher":{"@id":"https:\/\/rioonwatch.org.br\/#organization"},"potentialAction":[{"@type":"SearchAction","target":{"@type":"EntryPoint","urlTemplate":"https:\/\/rioonwatch.org.br\/?s={search_term_string}"},"query-input":{"@type":"PropertyValueSpecification","valueRequired":true,"valueName":"search_term_string"}}],"inLanguage":"pt-BR"},{"@type":"Organization","@id":"https:\/\/rioonwatch.org.br\/#organization","name":"RioOnWatch","url":"https:\/\/rioonwatch.org.br\/","logo":{"@type":"ImageObject","inLanguage":"pt-BR","@id":"https:\/\/rioonwatch.org.br\/#\/schema\/logo\/image\/","url":"https:\/\/rioonwatch.org.br\/wp-content\/uploads\/2021\/06\/RioOnWatchcabecalhoPT11anos-2.png","contentUrl":"https:\/\/rioonwatch.org.br\/wp-content\/uploads\/2021\/06\/RioOnWatchcabecalhoPT11anos-2.png","width":779,"height":277,"caption":"RioOnWatch"},"image":{"@id":"https:\/\/rioonwatch.org.br\/#\/schema\/logo\/image\/"}},{"@type":"Person","@id":"https:\/\/rioonwatch.org.br\/#\/schema\/person\/e07d559fe2154d11fd3ec515e35695ee","name":"Nicole Froio","image":{"@type":"ImageObject","inLanguage":"pt-BR","@id":"https:\/\/rioonwatch.org.br\/#\/schema\/person\/image\/","url":"https:\/\/secure.gravatar.com\/avatar\/0acdbd6878ca0ac29aa5ce6c6119d636?s=96&d=blank&r=g","contentUrl":"https:\/\/secure.gravatar.com\/avatar\/0acdbd6878ca0ac29aa5ce6c6119d636?s=96&d=blank&r=g","caption":"Nicole Froio"},"url":"https:\/\/rioonwatch.org.br\/?author=137"}]}},"_links":{"self":[{"href":"https:\/\/rioonwatch.org.br\/index.php?rest_route=\/wp\/v2\/posts\/13484"}],"collection":[{"href":"https:\/\/rioonwatch.org.br\/index.php?rest_route=\/wp\/v2\/posts"}],"about":[{"href":"https:\/\/rioonwatch.org.br\/index.php?rest_route=\/wp\/v2\/types\/post"}],"author":[{"embeddable":true,"href":"https:\/\/rioonwatch.org.br\/index.php?rest_route=\/wp\/v2\/users\/137"}],"replies":[{"embeddable":true,"href":"https:\/\/rioonwatch.org.br\/index.php?rest_route=%2Fwp%2Fv2%2Fcomments&post=13484"}],"version-history":[{"count":12,"href":"https:\/\/rioonwatch.org.br\/index.php?rest_route=\/wp\/v2\/posts\/13484\/revisions"}],"predecessor-version":[{"id":73568,"href":"https:\/\/rioonwatch.org.br\/index.php?rest_route=\/wp\/v2\/posts\/13484\/revisions\/73568"}],"wp:featuredmedia":[{"embeddable":true,"href":"https:\/\/rioonwatch.org.br\/index.php?rest_route=\/wp\/v2\/media\/13485"}],"wp:attachment":[{"href":"https:\/\/rioonwatch.org.br\/index.php?rest_route=%2Fwp%2Fv2%2Fmedia&parent=13484"}],"wp:term":[{"taxonomy":"category","embeddable":true,"href":"https:\/\/rioonwatch.org.br\/index.php?rest_route=%2Fwp%2Fv2%2Fcategories&post=13484"},{"taxonomy":"post_tag","embeddable":true,"href":"https:\/\/rioonwatch.org.br\/index.php?rest_route=%2Fwp%2Fv2%2Ftags&post=13484"},{"taxonomy":"writer","embeddable":true,"href":"https:\/\/rioonwatch.org.br\/index.php?rest_route=%2Fwp%2Fv2%2Fwriter&post=13484"},{"taxonomy":"translator","embeddable":true,"href":"https:\/\/rioonwatch.org.br\/index.php?rest_route=%2Fwp%2Fv2%2Ftranslator&post=13484"},{"taxonomy":"source","embeddable":true,"href":"https:\/\/rioonwatch.org.br\/index.php?rest_route=%2Fwp%2Fv2%2Fsource&post=13484"},{"taxonomy":"ilustrador","embeddable":true,"href":"https:\/\/rioonwatch.org.br\/index.php?rest_route=%2Fwp%2Fv2%2Filustrador&post=13484"},{"taxonomy":"fotografo","embeddable":true,"href":"https:\/\/rioonwatch.org.br\/index.php?rest_route=%2Fwp%2Fv2%2Ffotografo&post=13484"}],"curies":[{"name":"wp","href":"https:\/\/api.w.org\/{rel}","templated":true}]}}