{"id":13607,"date":"2015-03-05T17:45:41","date_gmt":"2015-03-05T20:45:41","guid":{"rendered":"http:\/\/rioonwatch.org.br\/?p=13607"},"modified":"2024-05-24T12:41:23","modified_gmt":"2024-05-24T15:41:23","slug":"relatorio-da-anistia-internacional-revela-crise-de-direitos-humanos-no-brasil","status":"publish","type":"post","link":"https:\/\/rioonwatch.org.br\/?p=13607","title":{"rendered":"Relat\u00f3rio da Anistia Internacional Revela Crise de Direitos Humanos no Brasil"},"content":{"rendered":"<p style=\"text-align: right;\"><em><strong><a href=\"http:\/\/bit.ly\/1ElIt9R\" target=\"_blank\" rel=\"noopener\">Click Here for English<img decoding=\"async\" width=\"20\" height=\"20\" class=\"alignright wp-image-15790\" src=\"http:\/\/rioonwatch.org.br\/wp-content\/uploads\/2012\/08\/EN-standard-e1439583104716.jpg\" alt=\"\" \/><\/a><\/strong><\/em><\/p>\n<p>Um relat\u00f3rio da Anistia Internacional, lan\u00e7ado quarta-feira dia 25 de fevereiro, revelou uma crise preocupante de direitos humanos no Brasil. O cap\u00edtulo brasileiro do relat\u00f3rio <a href=\"http:\/\/bit.ly\/1CBJ48o\" target=\"_blank\" rel=\"noopener\">O Estado dos Direitos Humanos no Mundo<\/a>\u00a0levanta preocupa\u00e7\u00f5es sobre viol\u00eancia policial, tortura, condi\u00e7\u00f5es de vida nos pres\u00eddios, direitos dos povos ind\u00edgenas, direitos da comunidade LGBT, direitos reprodutivos, o mercado de armas de fogo e impunidades de <a href=\"http:\/\/bit.ly\/1CI5PSN\" target=\"_blank\" rel=\"noopener\">crimes cometidos na ditadura<\/a>.<\/p>\n<p>O relat\u00f3rio anual foi <a href=\"http:\/\/on.fb.me\/1wUJWOn\" target=\"_blank\" rel=\"noopener\">oficialmente lan\u00e7ado<\/a>\u00a0em um <a href=\"http:\/\/on.fb.me\/1B6wf2N\" target=\"_blank\" rel=\"noopener\">evento<\/a> na Universidade C\u00e2ndido Mendes no <a href=\"http:\/\/bit.ly\/1qX7nZG\" target=\"_blank\" rel=\"noopener\">Centro<\/a> do Rio, onde as preocupa\u00e7\u00f5es levantadas foram debatidas por Atila Roque, diretor executivo da Anistia Internacional Brasil, Edson Diniz, diretor da\u00a0<a href=\"http:\/\/bit.ly\/Xdpruu\" target=\"_blank\" rel=\"noopener\">Redes de Desenvolvimento da Mar\u00e9<\/a>, e por Luiz Eduardo Soares, especialista em seguran\u00e7a p\u00fablica, antrop\u00f3logo, escritor e professor.<\/p>\n<p><a href=\"http:\/\/rioonwatch.org.br\/wp-content\/uploads\/2015\/03\/Candido-Mendes-Anistia-Internacional.jpg\"><img fetchpriority=\"high\" decoding=\"async\" class=\"aligncenter wp-image-13609\" title=\"C\u00e2ndido Mendes abriu o debate. Foto: M\u00eddia Ninja\" src=\"http:\/\/rioonwatch.org.br\/wp-content\/uploads\/2015\/03\/Candido-Mendes-Anistia-Internacional.jpg\" alt=\"C\u00e2ndido Mendes abriu o debate. Foto: M\u00eddia Ninja\" width=\"620\" height=\"413\" srcset=\"https:\/\/rioonwatch.org.br\/wp-content\/uploads\/2015\/03\/Candido-Mendes-Anistia-Internacional.jpg 960w, https:\/\/rioonwatch.org.br\/wp-content\/uploads\/2015\/03\/Candido-Mendes-Anistia-Internacional-396x264.jpg 396w, https:\/\/rioonwatch.org.br\/wp-content\/uploads\/2015\/03\/Candido-Mendes-Anistia-Internacional-620x413.jpg 620w\" sizes=\"(max-width: 620px) 100vw, 620px\" \/><\/a><\/p>\n<p>Em um <a href=\"http:\/\/bit.ly\/1M7lUIJ\" target=\"_blank\" rel=\"noopener\">comunicado \u00e0 imprensa<\/a>, a Anistia Internacional alertou: \u201cA <a href=\"http:\/\/bit.ly\/160TmRL\" target=\"_blank\" rel=\"noopener\">curva ascendente dos homic\u00eddios<\/a> no pa\u00eds; a <a href=\"http:\/\/bit.ly\/1i10YF1\" target=\"_blank\" rel=\"noopener\">alta letalidade nas opera\u00e7\u00f5es policiais<\/a>, em especial nas realizadas em favelas e territ\u00f3rios de periferia; o <a href=\"http:\/\/bit.ly\/11SkR77\" target=\"_blank\" rel=\"noopener\">uso excessivo da for\u00e7a no policiamento dos protestos<\/a> que antecederam a Copa do Mundo; as rebeli\u00f5es com mortes violentas em pres\u00eddios superlotados, e casos de <a href=\"http:\/\/glo.bo\/1AMiouQ\" target=\"_blank\" rel=\"noopener\">tortura<\/a> mostram que a seguran\u00e7a p\u00fablica no pa\u00eds precisa de <a href=\"http:\/\/bit.ly\/1Eg1rQL\" target=\"_blank\" rel=\"noopener\">aten\u00e7\u00e3o especial por parte das autoridades brasileiras<\/a>\u201d.<\/p>\n<p><a href=\"http:\/\/rioonwatch.org.br\/wp-content\/uploads\/2015\/03\/Eduardo-Soares-Anistia-Internacional.jpg\"><img decoding=\"async\" class=\"aligncenter wp-image-13610\" title=\"Eduardo Soares discute direitos humanos. Foto: M\u00eddia Ninja\" src=\"http:\/\/rioonwatch.org.br\/wp-content\/uploads\/2015\/03\/Eduardo-Soares-Anistia-Internacional.jpg\" alt=\"Eduardo Soares discute direitos humanos. Foto: M\u00eddia Ninja\" width=\"620\" height=\"413\" srcset=\"https:\/\/rioonwatch.org.br\/wp-content\/uploads\/2015\/03\/Eduardo-Soares-Anistia-Internacional.jpg 960w, https:\/\/rioonwatch.org.br\/wp-content\/uploads\/2015\/03\/Eduardo-Soares-Anistia-Internacional-396x264.jpg 396w, https:\/\/rioonwatch.org.br\/wp-content\/uploads\/2015\/03\/Eduardo-Soares-Anistia-Internacional-620x413.jpg 620w\" sizes=\"(max-width: 620px) 100vw, 620px\" \/><\/a><\/p>\n<p>Para Edson Diniz, diretor da\u00a0<a href=\"http:\/\/bit.ly\/1EqXkA7\" target=\"_blank\" rel=\"noopener\">Redes de Desenvolvimento da Mar\u00e9<\/a>, favelas e territ\u00f3rios de baixa renda s\u00e3o frequentemente vistos como \u2018inimigos\u2019 mas isso tem que mudar. Ele <a href=\"http:\/\/on.fb.me\/17Q0DEh\" target=\"_blank\" rel=\"noopener\">disse<\/a>: \u201cPrecisamos desnaturalizar a <a href=\"http:\/\/bit.ly\/1t9ZDz2\" target=\"_blank\" rel=\"noopener\">l\u00f3gica da guerra<\/a>. A <a href=\"http:\/\/bit.ly\/10BvARw\" target=\"_blank\" rel=\"noopener\">Mar\u00e9<\/a> n\u00e3o est\u00e1 em guerra, n\u00e3o \u00e9 territ\u00f3rio inimigo, apartado da cidade. N\u00e3o podemos aceitar este tipo de discurso, como se a favela fosse um inimigo e pud\u00e9ssemos aceitar as baixas e o tiroteio. As autoridades m\u00e1ximas dos estados justificam a\u00e7\u00f5es b\u00e9licas como se fosse isso mesmo. Precisamos reagir\u201d.<\/p>\n<p>Para o ex-coordenador do Estado de Seguran\u00e7a, antrop\u00f3logo, escritor e professor Luiz Eduardo Soares, o verdadeiro inimigo n\u00e3o \u00e9 o policial, mas as pr\u00e1ticas antiquadas que s\u00e3o ensinadas \u00e0 pol\u00edcia. Ele <a href=\"http:\/\/on.fb.me\/1wHNWXY\" target=\"_blank\" rel=\"noopener\">comentou<\/a>: \u201cOs policiais do Rio de Janeiro est\u00e3o trabalhando em situa\u00e7\u00f5es an\u00e1logas \u00e0 escravid\u00e3o. Quem escreveu essa frase foi uma representante do Minist\u00e9rio P\u00fablico, procuradora da Rep\u00fablica, no estado do Rio de Janeiro. Como podemos exigir deles respeito aos direitos humanos? Temos hoje na c\u00fapula da PM parceiros da luta pela desmilitariza\u00e7\u00e3o. Os policiais n\u00e3o s\u00e3o nossos inimigos, a pr\u00e1tica policial sim\u201d.<\/p>\n<p>Para Frans\u00e9rgio Goulart do <a href=\"http:\/\/on.fb.me\/1DNyaHZ\" target=\"_blank\" rel=\"noopener\">F\u00f3rum de Juventudes<\/a>, falar sobre viola\u00e7\u00f5es de direitos humanos no Brasil \u00e9 falar sobre <a href=\"http:\/\/bit.ly\/1syt64v\" target=\"_blank\" rel=\"noopener\">racismo institucionalizado<\/a>. &#8220;Chamo a aten\u00e7\u00e3o para o fato de que discutir seguran\u00e7a p\u00fablica \u00e9 discutir o racismo no Brasil. Devemos falar mais das viola\u00e7\u00f5es simb\u00f3licas tamb\u00e9m. Estes jovens t\u00eam trazido relatos de viola\u00e7\u00f5es que a gente n\u00e3o v\u00ea. Uma quest\u00e3o fundamental \u00e9 que a favela reproduz o que a sociedade fala. Portanto, a democratiza\u00e7\u00e3o da comunica\u00e7\u00e3o \u00e9 fundamental&#8221;, <a href=\"http:\/\/on.fb.me\/1MaPKfn\" target=\"_blank\" rel=\"noopener\">concluiu<\/a>.<\/p>\n<p><a href=\"http:\/\/rioonwatch.org.br\/wp-content\/uploads\/2015\/03\/Edson-Diniz-Anistia-Internacional.jpg\"><img loading=\"lazy\" decoding=\"async\" class=\"aligncenter wp-image-13611\" title=\"Edson Diniz, diretor de Redes de Desenvolvimento da Mar\u00e9, falou sobre a viol\u00eancia policial no Complexo da Mar\u00e9. Foto: M\u00eddia Ninja\" src=\"http:\/\/rioonwatch.org.br\/wp-content\/uploads\/2015\/03\/Edson-Diniz-Anistia-Internacional.jpg\" alt=\"Edson Diniz, diretor de Redes de Desenvolvimento da Mar\u00e9, falou sobre a viol\u00eancia policial no Complexo da Mar\u00e9. Foto: M\u00eddia Ninja\" width=\"620\" height=\"413\" srcset=\"https:\/\/rioonwatch.org.br\/wp-content\/uploads\/2015\/03\/Edson-Diniz-Anistia-Internacional.jpg 960w, https:\/\/rioonwatch.org.br\/wp-content\/uploads\/2015\/03\/Edson-Diniz-Anistia-Internacional-396x264.jpg 396w, https:\/\/rioonwatch.org.br\/wp-content\/uploads\/2015\/03\/Edson-Diniz-Anistia-Internacional-620x413.jpg 620w\" sizes=\"(max-width: 620px) 100vw, 620px\" \/><\/a><\/p>\n<h3>Recomenda\u00e7\u00f5es<\/h3>\n<p>A Anistia Internacional compilou uma lista de recomenda\u00e7\u00f5es para as autoridades brasileiras para corrigir a crise dos direitos humanos. Entre elas est\u00e1 a desmilitariza\u00e7\u00e3o da pol\u00edcia, um plano nacional para diminuir os \u00edndices de homic\u00eddios e a implementa\u00e7\u00e3o de um programa defensor dos direitos humanos que ir\u00e1 proteger grupos ativistas em todo o pa\u00eds.<\/p>\n<p>No entanto, durante o debate, <a href=\"http:\/\/glo.bo\/1hIPzgw\" target=\"_blank\" rel=\"noopener\">Julita Lemgruber<\/a>, soci\u00f3loga e coordenadora do Centro de Estudos de Seguran\u00e7a e Cidadania da Universidade C\u00e2ndido Mendes abordou a pol\u00edtica de \u2018guerra \u00e0s drogas\u2019 como a principal\u00a0fonte de viol\u00eancia do estado.<\/p>\n<p>\u201cEstamos falando sobre viol\u00eancia, seguran\u00e7a p\u00fablica, direitos humanos e nenhuma vez falamos sobre <a href=\"http:\/\/bit.ly\/ZTHGw8\" target=\"_blank\" rel=\"noopener\">drogas<\/a>&#8220;, <a href=\"http:\/\/on.fb.me\/1wHPcdE\">comentou<\/a>. &#8220;\u00c9 como se a seguran\u00e7a p\u00fablica no Rio de Janeiro n\u00e3o tivesse a ver com drogas. O que est\u00e1 por tr\u00e1s das mortes na Mar\u00e9? O que est\u00e1 por traz da viol\u00eancia policial, dessa seguran\u00e7a p\u00fablica que n\u00e3o consegue encontrar um caminho? O que est\u00e1 por tr\u00e1s dos 56 mil homic\u00eddios no Brasil? Precisamos mudar <span class=\"text_exposed_show\">nossa pol\u00edtica de drogas. Esta guerra insana \u00e0s drogas mata muito mais do que a viol\u00eancia que ela tenta evitar. \u00c9 uma ilus\u00e3o achar que vamos acabar com o uso de drogas&#8221;.<\/span><\/p>\n<p><a href=\"http:\/\/rioonwatch.org.br\/wp-content\/uploads\/2015\/03\/Atila-Roque-Anistia-Internacional.jpg\"><img loading=\"lazy\" decoding=\"async\" class=\"wp-image-13612 aligncenter\" title=\"Diretor da Anistia Internacional Brasil Atila Roque disse que n\u00e3o podemos ficar calados. Foto: M\u00eddia Ninja\" src=\"http:\/\/rioonwatch.org.br\/wp-content\/uploads\/2015\/03\/Atila-Roque-Anistia-Internacional.jpg\" alt=\"Diretor da Anistia Internacional Brasil Atila Roque disse que n\u00e3o podemos ficar calados. Foto: M\u00eddia Ninja\" width=\"620\" height=\"413\" srcset=\"https:\/\/rioonwatch.org.br\/wp-content\/uploads\/2015\/03\/Atila-Roque-Anistia-Internacional.jpg 960w, https:\/\/rioonwatch.org.br\/wp-content\/uploads\/2015\/03\/Atila-Roque-Anistia-Internacional-396x264.jpg 396w, https:\/\/rioonwatch.org.br\/wp-content\/uploads\/2015\/03\/Atila-Roque-Anistia-Internacional-620x413.jpg 620w\" sizes=\"(max-width: 620px) 100vw, 620px\" \/><\/a><\/p>\n<p>O diretor da Anistia Internacional Atila Roque <a href=\"http:\/\/on.fb.me\/1NfMJft\" target=\"_blank\" rel=\"noopener\">disse ao p\u00fablico<\/a> que as pessoas n\u00e3o podem ficar em sil\u00eancio. \u201cA nossa democracia se fez em cima de muitos sil\u00eancios. N\u00e3o podemos deixar o sil\u00eancio se instalar. Precisamos falar sobre direitos humanos\u201d.<\/p>\n<h3>O relat\u00f3rio pode ser lido na \u00edntegra <a href=\"http:\/\/bit.ly\/1CBJ48o\" target=\"_blank\" rel=\"noopener\">aqui<\/a>\u00a0e um v\u00eddeo sobre viol\u00eancia no Brasil produzido pela Anistia Internacional pode ser visto abaixo.<\/h3>\n<p><iframe src=\"https:\/\/www.youtube.com\/embed\/u747pzxJLf0\" width=\"620\" height=\"349\" frameborder=\"0\" allowfullscreen=\"allowfullscreen\"><\/iframe><\/p>\n<!-- AddThis Advanced Settings generic via filter on the_content --><!-- AddThis Share Buttons generic via filter on the_content -->","protected":false},"excerpt":{"rendered":"<div class=\"mh-excerpt\"><p>Click Here for English Um relat\u00f3rio da Anistia Internacional, lan\u00e7ado quarta-feira dia 25 de fevereiro, revelou uma crise preocupante de direitos humanos no Brasil. O cap\u00edtulo brasileiro do relat\u00f3rio O Estado dos Direitos Humanos no <a class=\"mh-excerpt-more\" href=\"https:\/\/rioonwatch.org.br\/?p=13607\" title=\"Relat\u00f3rio da Anistia Internacional Revela Crise de Direitos Humanos no Brasil\">[&#8230;]<\/a><!-- AddThis Advanced Settings generic via filter on get_the_excerpt --><!-- AddThis Share Buttons generic via filter on get_the_excerpt --><\/p>\n<\/div>","protected":false},"author":137,"featured_media":13608,"comment_status":"closed","ping_status":"closed","sticky":false,"template":"","format":"standard","meta":{"_acf_changed":false,"_monsterinsights_skip_tracking":false,"_monsterinsights_sitenote_active":false,"_monsterinsights_sitenote_note":"","_monsterinsights_sitenote_category":0,"footnotes":""},"categories":[346,344],"tags":[3253,332,88,1024,1108,1068,1364,920,52],"writer":[1657],"translator":[1298],"source":[],"ilustrador":[],"fotografo":[],"class_list":{"0":"post-13607","1":"post","2":"type-post","3":"status-publish","4":"format-standard","5":"has-post-thumbnail","7":"category-denuncias","8":"category-politicas","9":"tag-antirracismo","10":"tag-complexo-da-mare","11":"tag-direitos-humanos","12":"tag-intimidacao-policial","13":"tag-ocupacao-militar","14":"tag-ocupacao-policial","15":"tag-violacoes","16":"tag-violencia-de-estado","17":"tag-violencia-policial","18":"writer-nicole-froio","19":"translator-mariana-silva"},"acf":[],"yoast_head":"<!-- This site is optimized with the Yoast SEO plugin v25.6 - https:\/\/yoast.com\/wordpress\/plugins\/seo\/ -->\n<title>Relat\u00f3rio da Anistia Internacional Revela Crise de Direitos Humanos no Brasil - RioOnWatch<\/title>\n<meta name=\"robots\" content=\"index, follow, max-snippet:-1, max-image-preview:large, max-video-preview:-1\" \/>\n<link rel=\"canonical\" href=\"https:\/\/rioonwatch.org.br\/?p=13607\" \/>\n<meta property=\"og:locale\" content=\"pt_BR\" \/>\n<meta property=\"og:type\" content=\"article\" \/>\n<meta property=\"og:title\" content=\"Relat\u00f3rio da Anistia Internacional Revela Crise de Direitos Humanos no Brasil - RioOnWatch\" \/>\n<meta property=\"og:description\" content=\"Click Here for English Um relat\u00f3rio da Anistia Internacional, lan\u00e7ado quarta-feira dia 25 de fevereiro, revelou uma crise preocupante de direitos humanos no Brasil. O cap\u00edtulo brasileiro do relat\u00f3rio O Estado dos Direitos Humanos no [...]\" \/>\n<meta property=\"og:url\" content=\"https:\/\/rioonwatch.org.br\/?p=13607\" \/>\n<meta property=\"og:site_name\" content=\"RioOnWatch\" \/>\n<meta property=\"article:published_time\" content=\"2015-03-05T20:45:41+00:00\" \/>\n<meta property=\"article:modified_time\" content=\"2024-05-24T15:41:23+00:00\" \/>\n<meta property=\"og:image\" content=\"https:\/\/rioonwatch.org.br\/wp-content\/uploads\/2015\/03\/Anistia-Internacional.jpg\" \/>\n\t<meta property=\"og:image:width\" content=\"960\" \/>\n\t<meta property=\"og:image:height\" content=\"640\" \/>\n\t<meta property=\"og:image:type\" content=\"image\/jpeg\" \/>\n<meta name=\"author\" content=\"Nicole Froio\" \/>\n<meta name=\"twitter:card\" content=\"summary_large_image\" \/>\n<meta name=\"twitter:label1\" content=\"Escrito por\" \/>\n\t<meta name=\"twitter:data1\" content=\"Nicole Froio\" \/>\n\t<meta name=\"twitter:label2\" content=\"Est. tempo de leitura\" \/>\n\t<meta name=\"twitter:data2\" content=\"4 minutos\" \/>\n<script type=\"application\/ld+json\" class=\"yoast-schema-graph\">{\"@context\":\"https:\/\/schema.org\",\"@graph\":[{\"@type\":\"Article\",\"@id\":\"https:\/\/rioonwatch.org.br\/?p=13607#article\",\"isPartOf\":{\"@id\":\"https:\/\/rioonwatch.org.br\/?p=13607\"},\"author\":{\"name\":\"Nicole Froio\",\"@id\":\"https:\/\/rioonwatch.org.br\/#\/schema\/person\/e07d559fe2154d11fd3ec515e35695ee\"},\"headline\":\"Relat\u00f3rio da Anistia Internacional Revela Crise de Direitos Humanos no Brasil\",\"datePublished\":\"2015-03-05T20:45:41+00:00\",\"dateModified\":\"2024-05-24T15:41:23+00:00\",\"mainEntityOfPage\":{\"@id\":\"https:\/\/rioonwatch.org.br\/?p=13607\"},\"wordCount\":817,\"publisher\":{\"@id\":\"https:\/\/rioonwatch.org.br\/#organization\"},\"image\":{\"@id\":\"https:\/\/rioonwatch.org.br\/?p=13607#primaryimage\"},\"thumbnailUrl\":\"https:\/\/rioonwatch.org.br\/wp-content\/uploads\/2015\/03\/Anistia-Internacional.jpg\",\"keywords\":[\"Antirracismo\",\"Complexo da Mar\u00e9\",\"Direitos Humanos\",\"intimida\u00e7\u00e3o policial\",\"ocupa\u00e7\u00e3o militar\",\"ocupa\u00e7\u00e3o policial\",\"viola\u00e7\u00f5es\",\"viol\u00eancia de Estado\",\"viol\u00eancia policial\"],\"articleSection\":[\"Den\u00fancias\",\"Pol\u00edticas\"],\"inLanguage\":\"pt-BR\"},{\"@type\":\"WebPage\",\"@id\":\"https:\/\/rioonwatch.org.br\/?p=13607\",\"url\":\"https:\/\/rioonwatch.org.br\/?p=13607\",\"name\":\"Relat\u00f3rio da Anistia Internacional Revela Crise de Direitos Humanos no Brasil - RioOnWatch\",\"isPartOf\":{\"@id\":\"https:\/\/rioonwatch.org.br\/#website\"},\"primaryImageOfPage\":{\"@id\":\"https:\/\/rioonwatch.org.br\/?p=13607#primaryimage\"},\"image\":{\"@id\":\"https:\/\/rioonwatch.org.br\/?p=13607#primaryimage\"},\"thumbnailUrl\":\"https:\/\/rioonwatch.org.br\/wp-content\/uploads\/2015\/03\/Anistia-Internacional.jpg\",\"datePublished\":\"2015-03-05T20:45:41+00:00\",\"dateModified\":\"2024-05-24T15:41:23+00:00\",\"breadcrumb\":{\"@id\":\"https:\/\/rioonwatch.org.br\/?p=13607#breadcrumb\"},\"inLanguage\":\"pt-BR\",\"potentialAction\":[{\"@type\":\"ReadAction\",\"target\":[\"https:\/\/rioonwatch.org.br\/?p=13607\"]}]},{\"@type\":\"ImageObject\",\"inLanguage\":\"pt-BR\",\"@id\":\"https:\/\/rioonwatch.org.br\/?p=13607#primaryimage\",\"url\":\"https:\/\/rioonwatch.org.br\/wp-content\/uploads\/2015\/03\/Anistia-Internacional.jpg\",\"contentUrl\":\"https:\/\/rioonwatch.org.br\/wp-content\/uploads\/2015\/03\/Anistia-Internacional.jpg\",\"width\":960,\"height\":640},{\"@type\":\"BreadcrumbList\",\"@id\":\"https:\/\/rioonwatch.org.br\/?p=13607#breadcrumb\",\"itemListElement\":[{\"@type\":\"ListItem\",\"position\":1,\"name\":\"In\u00edcio\",\"item\":\"https:\/\/rioonwatch.org.br\/\"},{\"@type\":\"ListItem\",\"position\":2,\"name\":\"Relat\u00f3rio da Anistia Internacional Revela Crise de Direitos Humanos no Brasil\"}]},{\"@type\":\"WebSite\",\"@id\":\"https:\/\/rioonwatch.org.br\/#website\",\"url\":\"https:\/\/rioonwatch.org.br\/\",\"name\":\"RioOnWatch\",\"description\":\"relatos das favelas cariocas\",\"publisher\":{\"@id\":\"https:\/\/rioonwatch.org.br\/#organization\"},\"potentialAction\":[{\"@type\":\"SearchAction\",\"target\":{\"@type\":\"EntryPoint\",\"urlTemplate\":\"https:\/\/rioonwatch.org.br\/?s={search_term_string}\"},\"query-input\":{\"@type\":\"PropertyValueSpecification\",\"valueRequired\":true,\"valueName\":\"search_term_string\"}}],\"inLanguage\":\"pt-BR\"},{\"@type\":\"Organization\",\"@id\":\"https:\/\/rioonwatch.org.br\/#organization\",\"name\":\"RioOnWatch\",\"url\":\"https:\/\/rioonwatch.org.br\/\",\"logo\":{\"@type\":\"ImageObject\",\"inLanguage\":\"pt-BR\",\"@id\":\"https:\/\/rioonwatch.org.br\/#\/schema\/logo\/image\/\",\"url\":\"https:\/\/rioonwatch.org.br\/wp-content\/uploads\/2021\/06\/RioOnWatchcabecalhoPT11anos-2.png\",\"contentUrl\":\"https:\/\/rioonwatch.org.br\/wp-content\/uploads\/2021\/06\/RioOnWatchcabecalhoPT11anos-2.png\",\"width\":779,\"height\":277,\"caption\":\"RioOnWatch\"},\"image\":{\"@id\":\"https:\/\/rioonwatch.org.br\/#\/schema\/logo\/image\/\"}},{\"@type\":\"Person\",\"@id\":\"https:\/\/rioonwatch.org.br\/#\/schema\/person\/e07d559fe2154d11fd3ec515e35695ee\",\"name\":\"Nicole Froio\",\"image\":{\"@type\":\"ImageObject\",\"inLanguage\":\"pt-BR\",\"@id\":\"https:\/\/rioonwatch.org.br\/#\/schema\/person\/image\/\",\"url\":\"https:\/\/secure.gravatar.com\/avatar\/0acdbd6878ca0ac29aa5ce6c6119d636?s=96&d=blank&r=g\",\"contentUrl\":\"https:\/\/secure.gravatar.com\/avatar\/0acdbd6878ca0ac29aa5ce6c6119d636?s=96&d=blank&r=g\",\"caption\":\"Nicole Froio\"},\"url\":\"https:\/\/rioonwatch.org.br\/?author=137\"}]}<\/script>\n<!-- \/ Yoast SEO plugin. -->","yoast_head_json":{"title":"Relat\u00f3rio da Anistia Internacional Revela Crise de Direitos Humanos no Brasil - RioOnWatch","robots":{"index":"index","follow":"follow","max-snippet":"max-snippet:-1","max-image-preview":"max-image-preview:large","max-video-preview":"max-video-preview:-1"},"canonical":"https:\/\/rioonwatch.org.br\/?p=13607","og_locale":"pt_BR","og_type":"article","og_title":"Relat\u00f3rio da Anistia Internacional Revela Crise de Direitos Humanos no Brasil - RioOnWatch","og_description":"Click Here for English Um relat\u00f3rio da Anistia Internacional, lan\u00e7ado quarta-feira dia 25 de fevereiro, revelou uma crise preocupante de direitos humanos no Brasil. O cap\u00edtulo brasileiro do relat\u00f3rio O Estado dos Direitos Humanos no [...]","og_url":"https:\/\/rioonwatch.org.br\/?p=13607","og_site_name":"RioOnWatch","article_published_time":"2015-03-05T20:45:41+00:00","article_modified_time":"2024-05-24T15:41:23+00:00","og_image":[{"width":960,"height":640,"url":"https:\/\/rioonwatch.org.br\/wp-content\/uploads\/2015\/03\/Anistia-Internacional.jpg","type":"image\/jpeg"}],"author":"Nicole Froio","twitter_card":"summary_large_image","twitter_misc":{"Escrito por":"Nicole Froio","Est. tempo de leitura":"4 minutos"},"schema":{"@context":"https:\/\/schema.org","@graph":[{"@type":"Article","@id":"https:\/\/rioonwatch.org.br\/?p=13607#article","isPartOf":{"@id":"https:\/\/rioonwatch.org.br\/?p=13607"},"author":{"name":"Nicole Froio","@id":"https:\/\/rioonwatch.org.br\/#\/schema\/person\/e07d559fe2154d11fd3ec515e35695ee"},"headline":"Relat\u00f3rio da Anistia Internacional Revela Crise de Direitos Humanos no Brasil","datePublished":"2015-03-05T20:45:41+00:00","dateModified":"2024-05-24T15:41:23+00:00","mainEntityOfPage":{"@id":"https:\/\/rioonwatch.org.br\/?p=13607"},"wordCount":817,"publisher":{"@id":"https:\/\/rioonwatch.org.br\/#organization"},"image":{"@id":"https:\/\/rioonwatch.org.br\/?p=13607#primaryimage"},"thumbnailUrl":"https:\/\/rioonwatch.org.br\/wp-content\/uploads\/2015\/03\/Anistia-Internacional.jpg","keywords":["Antirracismo","Complexo da Mar\u00e9","Direitos Humanos","intimida\u00e7\u00e3o policial","ocupa\u00e7\u00e3o militar","ocupa\u00e7\u00e3o policial","viola\u00e7\u00f5es","viol\u00eancia de Estado","viol\u00eancia policial"],"articleSection":["Den\u00fancias","Pol\u00edticas"],"inLanguage":"pt-BR"},{"@type":"WebPage","@id":"https:\/\/rioonwatch.org.br\/?p=13607","url":"https:\/\/rioonwatch.org.br\/?p=13607","name":"Relat\u00f3rio da Anistia Internacional Revela Crise de Direitos Humanos no Brasil - RioOnWatch","isPartOf":{"@id":"https:\/\/rioonwatch.org.br\/#website"},"primaryImageOfPage":{"@id":"https:\/\/rioonwatch.org.br\/?p=13607#primaryimage"},"image":{"@id":"https:\/\/rioonwatch.org.br\/?p=13607#primaryimage"},"thumbnailUrl":"https:\/\/rioonwatch.org.br\/wp-content\/uploads\/2015\/03\/Anistia-Internacional.jpg","datePublished":"2015-03-05T20:45:41+00:00","dateModified":"2024-05-24T15:41:23+00:00","breadcrumb":{"@id":"https:\/\/rioonwatch.org.br\/?p=13607#breadcrumb"},"inLanguage":"pt-BR","potentialAction":[{"@type":"ReadAction","target":["https:\/\/rioonwatch.org.br\/?p=13607"]}]},{"@type":"ImageObject","inLanguage":"pt-BR","@id":"https:\/\/rioonwatch.org.br\/?p=13607#primaryimage","url":"https:\/\/rioonwatch.org.br\/wp-content\/uploads\/2015\/03\/Anistia-Internacional.jpg","contentUrl":"https:\/\/rioonwatch.org.br\/wp-content\/uploads\/2015\/03\/Anistia-Internacional.jpg","width":960,"height":640},{"@type":"BreadcrumbList","@id":"https:\/\/rioonwatch.org.br\/?p=13607#breadcrumb","itemListElement":[{"@type":"ListItem","position":1,"name":"In\u00edcio","item":"https:\/\/rioonwatch.org.br\/"},{"@type":"ListItem","position":2,"name":"Relat\u00f3rio da Anistia Internacional Revela Crise de Direitos Humanos no Brasil"}]},{"@type":"WebSite","@id":"https:\/\/rioonwatch.org.br\/#website","url":"https:\/\/rioonwatch.org.br\/","name":"RioOnWatch","description":"relatos das favelas cariocas","publisher":{"@id":"https:\/\/rioonwatch.org.br\/#organization"},"potentialAction":[{"@type":"SearchAction","target":{"@type":"EntryPoint","urlTemplate":"https:\/\/rioonwatch.org.br\/?s={search_term_string}"},"query-input":{"@type":"PropertyValueSpecification","valueRequired":true,"valueName":"search_term_string"}}],"inLanguage":"pt-BR"},{"@type":"Organization","@id":"https:\/\/rioonwatch.org.br\/#organization","name":"RioOnWatch","url":"https:\/\/rioonwatch.org.br\/","logo":{"@type":"ImageObject","inLanguage":"pt-BR","@id":"https:\/\/rioonwatch.org.br\/#\/schema\/logo\/image\/","url":"https:\/\/rioonwatch.org.br\/wp-content\/uploads\/2021\/06\/RioOnWatchcabecalhoPT11anos-2.png","contentUrl":"https:\/\/rioonwatch.org.br\/wp-content\/uploads\/2021\/06\/RioOnWatchcabecalhoPT11anos-2.png","width":779,"height":277,"caption":"RioOnWatch"},"image":{"@id":"https:\/\/rioonwatch.org.br\/#\/schema\/logo\/image\/"}},{"@type":"Person","@id":"https:\/\/rioonwatch.org.br\/#\/schema\/person\/e07d559fe2154d11fd3ec515e35695ee","name":"Nicole Froio","image":{"@type":"ImageObject","inLanguage":"pt-BR","@id":"https:\/\/rioonwatch.org.br\/#\/schema\/person\/image\/","url":"https:\/\/secure.gravatar.com\/avatar\/0acdbd6878ca0ac29aa5ce6c6119d636?s=96&d=blank&r=g","contentUrl":"https:\/\/secure.gravatar.com\/avatar\/0acdbd6878ca0ac29aa5ce6c6119d636?s=96&d=blank&r=g","caption":"Nicole Froio"},"url":"https:\/\/rioonwatch.org.br\/?author=137"}]}},"_links":{"self":[{"href":"https:\/\/rioonwatch.org.br\/index.php?rest_route=\/wp\/v2\/posts\/13607"}],"collection":[{"href":"https:\/\/rioonwatch.org.br\/index.php?rest_route=\/wp\/v2\/posts"}],"about":[{"href":"https:\/\/rioonwatch.org.br\/index.php?rest_route=\/wp\/v2\/types\/post"}],"author":[{"embeddable":true,"href":"https:\/\/rioonwatch.org.br\/index.php?rest_route=\/wp\/v2\/users\/137"}],"replies":[{"embeddable":true,"href":"https:\/\/rioonwatch.org.br\/index.php?rest_route=%2Fwp%2Fv2%2Fcomments&post=13607"}],"version-history":[{"count":13,"href":"https:\/\/rioonwatch.org.br\/index.php?rest_route=\/wp\/v2\/posts\/13607\/revisions"}],"predecessor-version":[{"id":73567,"href":"https:\/\/rioonwatch.org.br\/index.php?rest_route=\/wp\/v2\/posts\/13607\/revisions\/73567"}],"wp:featuredmedia":[{"embeddable":true,"href":"https:\/\/rioonwatch.org.br\/index.php?rest_route=\/wp\/v2\/media\/13608"}],"wp:attachment":[{"href":"https:\/\/rioonwatch.org.br\/index.php?rest_route=%2Fwp%2Fv2%2Fmedia&parent=13607"}],"wp:term":[{"taxonomy":"category","embeddable":true,"href":"https:\/\/rioonwatch.org.br\/index.php?rest_route=%2Fwp%2Fv2%2Fcategories&post=13607"},{"taxonomy":"post_tag","embeddable":true,"href":"https:\/\/rioonwatch.org.br\/index.php?rest_route=%2Fwp%2Fv2%2Ftags&post=13607"},{"taxonomy":"writer","embeddable":true,"href":"https:\/\/rioonwatch.org.br\/index.php?rest_route=%2Fwp%2Fv2%2Fwriter&post=13607"},{"taxonomy":"translator","embeddable":true,"href":"https:\/\/rioonwatch.org.br\/index.php?rest_route=%2Fwp%2Fv2%2Ftranslator&post=13607"},{"taxonomy":"source","embeddable":true,"href":"https:\/\/rioonwatch.org.br\/index.php?rest_route=%2Fwp%2Fv2%2Fsource&post=13607"},{"taxonomy":"ilustrador","embeddable":true,"href":"https:\/\/rioonwatch.org.br\/index.php?rest_route=%2Fwp%2Fv2%2Filustrador&post=13607"},{"taxonomy":"fotografo","embeddable":true,"href":"https:\/\/rioonwatch.org.br\/index.php?rest_route=%2Fwp%2Fv2%2Ffotografo&post=13607"}],"curies":[{"name":"wp","href":"https:\/\/api.w.org\/{rel}","templated":true}]}}