{"id":13713,"date":"2015-03-18T08:00:57","date_gmt":"2015-03-18T11:00:57","guid":{"rendered":"http:\/\/rioonwatch.org.br\/?p=13713"},"modified":"2018-05-10T10:28:32","modified_gmt":"2018-05-10T13:28:32","slug":"vidigalerativa-festival-cultural-no-vidigal-celebra-2a-edicao","status":"publish","type":"post","link":"https:\/\/rioonwatch.org.br\/?p=13713","title":{"rendered":"Festival Cultural &#8216;Vidigalerativa&#8217; Celebra 2a Edi\u00e7\u00e3o no Vidigal"},"content":{"rendered":"<p style=\"text-align: right;\"><em><strong><a href=\"http:\/\/bit.ly\/1F8bfev\" target=\"_blank\">Click Here for English<img decoding=\"async\" width=\"20\" height=\"20\" class=\"alignright wp-image-15790\" src=\"http:\/\/rioonwatch.org.br\/wp-content\/uploads\/2012\/08\/EN-standard-e1439583104716.jpg\" alt=\"\" \/><\/a><\/strong><\/em><\/p>\n<p>O segundo <a href=\"http:\/\/on.fb.me\/1HvNmxf\" target=\"_blank\">festival Vidigalerativa<\/a> aconteceu na quinta-feira 5 de mar\u00e7o no Centro Cultural do Vidigal. O festival foi organizado e promovido pelo programa <a href=\"http:\/\/bit.ly\/1zaaEFk\" target=\"_blank\">Favela Criativa<\/a> com o objetivo de disseminar cultura e arte pela comunidade.<\/p>\n<p>O evento foi dividido em duas partes: oficinas nas quais crian\u00e7as tiveram a oportunidade de praticar\u00a0novas\u00a0atividades como grafite e slackline; e apresenta\u00e7\u00f5es onde artistas locais divulgaram sua m\u00fasica, poesia e dan\u00e7a.<\/p>\n<p><a href=\"http:\/\/rioonwatch.org.br\/wp-content\/uploads\/2015\/03\/Vidigalerativa-2.jpg\"><img fetchpriority=\"high\" decoding=\"async\" class=\"aligncenter wp-image-13715\" title=\"Vidigalerativa. Foto: Lorraine Gaucher-Petitdemange\" src=\"http:\/\/rioonwatch.org.br\/wp-content\/uploads\/2015\/03\/Vidigalerativa-2.jpg\" alt=\"Vidigalerativa. Foto: Lorraine Gaucher-Petitdemange\" width=\"620\" height=\"413\" srcset=\"https:\/\/rioonwatch.org.br\/wp-content\/uploads\/2015\/03\/Vidigalerativa-2.jpg 2000w, https:\/\/rioonwatch.org.br\/wp-content\/uploads\/2015\/03\/Vidigalerativa-2-397x264.jpg 397w, https:\/\/rioonwatch.org.br\/wp-content\/uploads\/2015\/03\/Vidigalerativa-2-620x413.jpg 620w, https:\/\/rioonwatch.org.br\/wp-content\/uploads\/2015\/03\/Vidigalerativa-2-1024x681.jpg 1024w\" sizes=\"(max-width: 620px) 100vw, 620px\" \/><\/a><\/p>\n<p><a href=\"http:\/\/bit.ly\/1zaaEFk\" target=\"_blank\">Favela Criativa<\/a> \u00e9 uma parceria p\u00fablico-privada com or\u00e7amento de R$14 milh\u00f5es. O evento Vidigalerativa surgiu a partir do curso de forma\u00e7\u00e3o de Jovens Agentes de Cultura oferecido pelo programa em 20 diferentes favelas. O <a href=\"http:\/\/bit.ly\/18ym78D\" target=\"_blank\">curso<\/a> oferece educa\u00e7\u00e3o art\u00edstica para jovens, ensina-os gest\u00e3o cultural e promove o encontro dos jovens artistas com patrocinadores e potenciais parceiros. O projeto funciona de forma participativa, combinando iniciativas locais com financiamento externo.<\/p>\n<p>Durante o festival no Vidigal, crian\u00e7as da comunidade pintaram muros da favela, tocaram instrumentos de percuss\u00e3o e aprenderam a dan\u00e7ar. \u00c0s 20h, as apresenta\u00e7\u00f5es de rap e hip-hop iniciaram. Erre-D, um dos rappers convidados a se apresentar no Vidigalerativa, disse: \u201cH\u00e1 alguns anos, n\u00e3o existiam muitos eventos culturais a n\u00e3o ser aqueles organizados pelo grupo de teatro <a href=\"http:\/\/on.fb.me\/1MqLEzQ\" target=\"_blank\">N\u00f3s do Morro<\/a>. Faz um tempo que as coisas est\u00e3o mudando e a cultura est\u00e1 come\u00e7ando a ser vista como uma prioridade. Confia em mim, \u00e9 apenas o come\u00e7o\u201d.<\/p>\n<p><a href=\"http:\/\/rioonwatch.org.br\/wp-content\/uploads\/2015\/03\/Vidigalerativa-3.jpg\"><img decoding=\"async\" class=\"aligncenter wp-image-13716\" title=\"Cantora da Casa de Swing faz apresenta\u00e7\u00e3o. Foto: Lorraine Gaucher-Petitdemange\" src=\"http:\/\/rioonwatch.org.br\/wp-content\/uploads\/2015\/03\/Vidigalerativa-3.jpg\" alt=\"Cantora da Casa de Swing faz apresenta\u00e7\u00e3o. Foto: Lorraine Gaucher-Petitdemange\" width=\"620\" height=\"293\" srcset=\"https:\/\/rioonwatch.org.br\/wp-content\/uploads\/2015\/03\/Vidigalerativa-3.jpg 675w, https:\/\/rioonwatch.org.br\/wp-content\/uploads\/2015\/03\/Vidigalerativa-3-620x293.jpg 620w\" sizes=\"(max-width: 620px) 100vw, 620px\" \/><\/a><\/p>\n<p>Atualmente, 20 jovens do Vidigal participam da forma\u00e7\u00e3o oferecida pelo Favela Criativa. As aulas acontecem duas vezes por semana na sede da Associa\u00e7\u00e3o de Moradores e os jovens colocam suas habilidades \u00e0 prova no evento Vidigalerativa. Com um or\u00e7amento de apenas R$400, eles produzem um evento que atrai crian\u00e7as e adultos devido \u00e0 diversidade de atividades art\u00edsticas e aos shows de alta qualidade.<\/p>\n<p>Adriano Santos, um dos respons\u00e1veis pelo evento, explicou que cada projeto deve seguir diretrizes de desenvolvimento sustent\u00e1vel. Por exemplo, ao inv\u00e9s de distribu\u00edrem panfletos de divulga\u00e7\u00e3o, os organizadores usam m\u00eddias sociais ou o boca-a-boca para atrair pessoas para os seus eventos.<\/p>\n<p>Enquanto Santos falava, um morador interrompeu a entrevista para dizer: \u201cCaraca, isso deveria acontecer mais e mais aqui no Vidigal!\u201d Lisonjeado, Santos explicou que este \u00e9 o principal objetivo do projeto.<\/p>\n<p>\u201cN\u00f3s queremos que seja permanente\u201d, disse ele. \u201cA terceira edi\u00e7\u00e3o acontecer\u00e1 em abril\u201d.<\/p>\n<p>No dia 30 de abril, o grupo de vinte jovens se formar\u00e1 e apresentar\u00e1 seus pr\u00f3prios projetos. Posteriormente, metade deles receber\u00e1 um pr\u00eamio de R$12.000 para criar e desenvolver seus projetos. Slackline, m\u00fasica e capoeira s\u00e3o apenas algumas das propostas que est\u00e3o sendo consideradas.<\/p>\n<p>Miguel, grafiteiro e aluno do programa Favela Criativa, organiza um programa de aulas de grafite para crian\u00e7as no Vidigal aos domingos. O projeto \u00e9 inteiramente financiado com recursos pr\u00f3prios e precisar\u00e1 de apoio financeiro no futuro, raz\u00e3o pela qual aderiu ao programa.<\/p>\n<p>\u201cEm um ano meu projeto ficar\u00e1 sem dinheiro\u201d, disse ele. \u201cPara dar continuidade, precisarei de apoio. \u00c9 por isso que participei deste curso e farei o meu melhor para conseguir o pr\u00eamio\u201d.<\/p>\n<p><a href=\"http:\/\/rioonwatch.org.br\/wp-content\/uploads\/2015\/03\/Vidigalerativa-4.jpg\"><img loading=\"lazy\" decoding=\"async\" class=\"aligncenter wp-image-13717\" src=\"http:\/\/rioonwatch.org.br\/wp-content\/uploads\/2015\/03\/Vidigalerativa-4.jpg\" alt=\"As crian\u00e7as experimentam o slackline. Foto: Lorraine Gaucher-Petitdemange\" width=\"620\" height=\"413\" srcset=\"https:\/\/rioonwatch.org.br\/wp-content\/uploads\/2015\/03\/Vidigalerativa-4.jpg 2000w, https:\/\/rioonwatch.org.br\/wp-content\/uploads\/2015\/03\/Vidigalerativa-4-397x264.jpg 397w, https:\/\/rioonwatch.org.br\/wp-content\/uploads\/2015\/03\/Vidigalerativa-4-620x413.jpg 620w, https:\/\/rioonwatch.org.br\/wp-content\/uploads\/2015\/03\/Vidigalerativa-4-1024x681.jpg 1024w\" sizes=\"(max-width: 620px) 100vw, 620px\" \/><\/a><\/p>\n<!-- AddThis Advanced Settings generic via filter on the_content --><!-- AddThis Share Buttons generic via filter on the_content -->","protected":false},"excerpt":{"rendered":"<div class=\"mh-excerpt\"><p>Click Here for English O segundo festival Vidigalerativa aconteceu na quinta-feira 5 de mar\u00e7o no Centro Cultural do Vidigal. O festival foi organizado e promovido pelo programa Favela Criativa com o objetivo de disseminar cultura <a class=\"mh-excerpt-more\" href=\"https:\/\/rioonwatch.org.br\/?p=13713\" title=\"Festival Cultural &#8216;Vidigalerativa&#8217; Celebra 2a Edi\u00e7\u00e3o no Vidigal\">[&#8230;]<\/a><!-- AddThis Advanced Settings generic via filter on get_the_excerpt --><!-- AddThis Share Buttons generic via filter on get_the_excerpt --><\/p>\n<\/div>","protected":false},"author":137,"featured_media":13716,"comment_status":"closed","ping_status":"closed","sticky":false,"template":"","format":"standard","meta":{"_acf_changed":false,"_monsterinsights_skip_tracking":false,"_monsterinsights_sitenote_active":false,"_monsterinsights_sitenote_note":"","_monsterinsights_sitenote_category":0,"footnotes":""},"categories":[342],"tags":[334,1446,81,421,336,1440,1314,113,20,102,1109,354,383],"writer":[1444],"translator":[1445],"source":[],"ilustrador":[],"fotografo":[],"class_list":{"0":"post-13713","1":"post","2":"type-post","3":"status-publish","4":"format-standard","5":"has-post-thumbnail","7":"category-solucoes","8":"tag-arte","9":"tag-capacitacao","10":"tag-cultura","11":"tag-cultura-da-favela","12":"tag-danca","13":"tag-favela-criativa","14":"tag-grafite","15":"tag-juventude","16":"tag-musica","17":"tag-poesia","18":"tag-sociedade-civil","19":"tag-vidigal","20":"tag-zona-sul","21":"writer-iman-ahmed","22":"translator-daniela-mothci"},"acf":[],"yoast_head":"<!-- This site is optimized with the Yoast SEO plugin v25.6 - https:\/\/yoast.com\/wordpress\/plugins\/seo\/ -->\n<title>Festival Cultural &#039;Vidigalerativa&#039; Celebra 2a Edi\u00e7\u00e3o no Vidigal - RioOnWatch<\/title>\n<meta name=\"robots\" content=\"index, follow, max-snippet:-1, max-image-preview:large, max-video-preview:-1\" \/>\n<link rel=\"canonical\" href=\"https:\/\/rioonwatch.org.br\/?p=13713\" \/>\n<meta property=\"og:locale\" content=\"pt_BR\" \/>\n<meta property=\"og:type\" content=\"article\" \/>\n<meta property=\"og:title\" content=\"Festival Cultural &#039;Vidigalerativa&#039; Celebra 2a Edi\u00e7\u00e3o no Vidigal - RioOnWatch\" \/>\n<meta property=\"og:description\" content=\"Click Here for English O segundo festival Vidigalerativa aconteceu na quinta-feira 5 de mar\u00e7o no Centro Cultural do Vidigal. O festival foi organizado e promovido pelo programa Favela Criativa com o objetivo de disseminar cultura [...]\" \/>\n<meta property=\"og:url\" content=\"https:\/\/rioonwatch.org.br\/?p=13713\" \/>\n<meta property=\"og:site_name\" content=\"RioOnWatch\" \/>\n<meta property=\"article:published_time\" content=\"2015-03-18T11:00:57+00:00\" \/>\n<meta property=\"article:modified_time\" content=\"2018-05-10T13:28:32+00:00\" \/>\n<meta property=\"og:image\" content=\"https:\/\/rioonwatch.org.br\/wp-content\/uploads\/2015\/03\/Vidigalerativa-3.jpg\" \/>\n\t<meta property=\"og:image:width\" content=\"675\" \/>\n\t<meta property=\"og:image:height\" content=\"319\" \/>\n\t<meta property=\"og:image:type\" content=\"image\/jpeg\" \/>\n<meta name=\"author\" content=\"Nicole Froio\" \/>\n<meta name=\"twitter:card\" content=\"summary_large_image\" \/>\n<meta name=\"twitter:label1\" content=\"Escrito por\" \/>\n\t<meta name=\"twitter:data1\" content=\"Nicole Froio\" \/>\n\t<meta name=\"twitter:label2\" content=\"Est. tempo de leitura\" \/>\n\t<meta name=\"twitter:data2\" content=\"3 minutos\" \/>\n<script type=\"application\/ld+json\" class=\"yoast-schema-graph\">{\"@context\":\"https:\/\/schema.org\",\"@graph\":[{\"@type\":\"Article\",\"@id\":\"https:\/\/rioonwatch.org.br\/?p=13713#article\",\"isPartOf\":{\"@id\":\"https:\/\/rioonwatch.org.br\/?p=13713\"},\"author\":{\"name\":\"Nicole Froio\",\"@id\":\"https:\/\/rioonwatch.org.br\/#\/schema\/person\/e07d559fe2154d11fd3ec515e35695ee\"},\"headline\":\"Festival Cultural &#8216;Vidigalerativa&#8217; Celebra 2a Edi\u00e7\u00e3o no Vidigal\",\"datePublished\":\"2015-03-18T11:00:57+00:00\",\"dateModified\":\"2018-05-10T13:28:32+00:00\",\"mainEntityOfPage\":{\"@id\":\"https:\/\/rioonwatch.org.br\/?p=13713\"},\"wordCount\":533,\"publisher\":{\"@id\":\"https:\/\/rioonwatch.org.br\/#organization\"},\"image\":{\"@id\":\"https:\/\/rioonwatch.org.br\/?p=13713#primaryimage\"},\"thumbnailUrl\":\"https:\/\/rioonwatch.org.br\/wp-content\/uploads\/2015\/03\/Vidigalerativa-3.jpg\",\"keywords\":[\"arte\",\"capacita\u00e7\u00e3o\",\"cultura\",\"cultura da favela\",\"dan\u00e7a\",\"Favela Criativa\",\"grafite\",\"juventude\",\"m\u00fasica\",\"poesia\",\"sociedade civil\",\"Vidigal\",\"Zona Sul\"],\"articleSection\":[\"Solu\u00e7\u00f5es\"],\"inLanguage\":\"pt-BR\"},{\"@type\":\"WebPage\",\"@id\":\"https:\/\/rioonwatch.org.br\/?p=13713\",\"url\":\"https:\/\/rioonwatch.org.br\/?p=13713\",\"name\":\"Festival Cultural 'Vidigalerativa' Celebra 2a Edi\u00e7\u00e3o no Vidigal - RioOnWatch\",\"isPartOf\":{\"@id\":\"https:\/\/rioonwatch.org.br\/#website\"},\"primaryImageOfPage\":{\"@id\":\"https:\/\/rioonwatch.org.br\/?p=13713#primaryimage\"},\"image\":{\"@id\":\"https:\/\/rioonwatch.org.br\/?p=13713#primaryimage\"},\"thumbnailUrl\":\"https:\/\/rioonwatch.org.br\/wp-content\/uploads\/2015\/03\/Vidigalerativa-3.jpg\",\"datePublished\":\"2015-03-18T11:00:57+00:00\",\"dateModified\":\"2018-05-10T13:28:32+00:00\",\"breadcrumb\":{\"@id\":\"https:\/\/rioonwatch.org.br\/?p=13713#breadcrumb\"},\"inLanguage\":\"pt-BR\",\"potentialAction\":[{\"@type\":\"ReadAction\",\"target\":[\"https:\/\/rioonwatch.org.br\/?p=13713\"]}]},{\"@type\":\"ImageObject\",\"inLanguage\":\"pt-BR\",\"@id\":\"https:\/\/rioonwatch.org.br\/?p=13713#primaryimage\",\"url\":\"https:\/\/rioonwatch.org.br\/wp-content\/uploads\/2015\/03\/Vidigalerativa-3.jpg\",\"contentUrl\":\"https:\/\/rioonwatch.org.br\/wp-content\/uploads\/2015\/03\/Vidigalerativa-3.jpg\",\"width\":675,\"height\":319},{\"@type\":\"BreadcrumbList\",\"@id\":\"https:\/\/rioonwatch.org.br\/?p=13713#breadcrumb\",\"itemListElement\":[{\"@type\":\"ListItem\",\"position\":1,\"name\":\"In\u00edcio\",\"item\":\"https:\/\/rioonwatch.org.br\/\"},{\"@type\":\"ListItem\",\"position\":2,\"name\":\"Festival Cultural &#8216;Vidigalerativa&#8217; Celebra 2a Edi\u00e7\u00e3o no Vidigal\"}]},{\"@type\":\"WebSite\",\"@id\":\"https:\/\/rioonwatch.org.br\/#website\",\"url\":\"https:\/\/rioonwatch.org.br\/\",\"name\":\"RioOnWatch\",\"description\":\"relatos das favelas cariocas\",\"publisher\":{\"@id\":\"https:\/\/rioonwatch.org.br\/#organization\"},\"potentialAction\":[{\"@type\":\"SearchAction\",\"target\":{\"@type\":\"EntryPoint\",\"urlTemplate\":\"https:\/\/rioonwatch.org.br\/?s={search_term_string}\"},\"query-input\":{\"@type\":\"PropertyValueSpecification\",\"valueRequired\":true,\"valueName\":\"search_term_string\"}}],\"inLanguage\":\"pt-BR\"},{\"@type\":\"Organization\",\"@id\":\"https:\/\/rioonwatch.org.br\/#organization\",\"name\":\"RioOnWatch\",\"url\":\"https:\/\/rioonwatch.org.br\/\",\"logo\":{\"@type\":\"ImageObject\",\"inLanguage\":\"pt-BR\",\"@id\":\"https:\/\/rioonwatch.org.br\/#\/schema\/logo\/image\/\",\"url\":\"https:\/\/rioonwatch.org.br\/wp-content\/uploads\/2021\/06\/RioOnWatchcabecalhoPT11anos-2.png\",\"contentUrl\":\"https:\/\/rioonwatch.org.br\/wp-content\/uploads\/2021\/06\/RioOnWatchcabecalhoPT11anos-2.png\",\"width\":779,\"height\":277,\"caption\":\"RioOnWatch\"},\"image\":{\"@id\":\"https:\/\/rioonwatch.org.br\/#\/schema\/logo\/image\/\"}},{\"@type\":\"Person\",\"@id\":\"https:\/\/rioonwatch.org.br\/#\/schema\/person\/e07d559fe2154d11fd3ec515e35695ee\",\"name\":\"Nicole Froio\",\"image\":{\"@type\":\"ImageObject\",\"inLanguage\":\"pt-BR\",\"@id\":\"https:\/\/rioonwatch.org.br\/#\/schema\/person\/image\/\",\"url\":\"https:\/\/secure.gravatar.com\/avatar\/0acdbd6878ca0ac29aa5ce6c6119d636?s=96&d=blank&r=g\",\"contentUrl\":\"https:\/\/secure.gravatar.com\/avatar\/0acdbd6878ca0ac29aa5ce6c6119d636?s=96&d=blank&r=g\",\"caption\":\"Nicole Froio\"},\"url\":\"https:\/\/rioonwatch.org.br\/?author=137\"}]}<\/script>\n<!-- \/ Yoast SEO plugin. -->","yoast_head_json":{"title":"Festival Cultural 'Vidigalerativa' Celebra 2a Edi\u00e7\u00e3o no Vidigal - RioOnWatch","robots":{"index":"index","follow":"follow","max-snippet":"max-snippet:-1","max-image-preview":"max-image-preview:large","max-video-preview":"max-video-preview:-1"},"canonical":"https:\/\/rioonwatch.org.br\/?p=13713","og_locale":"pt_BR","og_type":"article","og_title":"Festival Cultural 'Vidigalerativa' Celebra 2a Edi\u00e7\u00e3o no Vidigal - RioOnWatch","og_description":"Click Here for English O segundo festival Vidigalerativa aconteceu na quinta-feira 5 de mar\u00e7o no Centro Cultural do Vidigal. O festival foi organizado e promovido pelo programa Favela Criativa com o objetivo de disseminar cultura [...]","og_url":"https:\/\/rioonwatch.org.br\/?p=13713","og_site_name":"RioOnWatch","article_published_time":"2015-03-18T11:00:57+00:00","article_modified_time":"2018-05-10T13:28:32+00:00","og_image":[{"width":675,"height":319,"url":"https:\/\/rioonwatch.org.br\/wp-content\/uploads\/2015\/03\/Vidigalerativa-3.jpg","type":"image\/jpeg"}],"author":"Nicole Froio","twitter_card":"summary_large_image","twitter_misc":{"Escrito por":"Nicole Froio","Est. tempo de leitura":"3 minutos"},"schema":{"@context":"https:\/\/schema.org","@graph":[{"@type":"Article","@id":"https:\/\/rioonwatch.org.br\/?p=13713#article","isPartOf":{"@id":"https:\/\/rioonwatch.org.br\/?p=13713"},"author":{"name":"Nicole Froio","@id":"https:\/\/rioonwatch.org.br\/#\/schema\/person\/e07d559fe2154d11fd3ec515e35695ee"},"headline":"Festival Cultural &#8216;Vidigalerativa&#8217; Celebra 2a Edi\u00e7\u00e3o no Vidigal","datePublished":"2015-03-18T11:00:57+00:00","dateModified":"2018-05-10T13:28:32+00:00","mainEntityOfPage":{"@id":"https:\/\/rioonwatch.org.br\/?p=13713"},"wordCount":533,"publisher":{"@id":"https:\/\/rioonwatch.org.br\/#organization"},"image":{"@id":"https:\/\/rioonwatch.org.br\/?p=13713#primaryimage"},"thumbnailUrl":"https:\/\/rioonwatch.org.br\/wp-content\/uploads\/2015\/03\/Vidigalerativa-3.jpg","keywords":["arte","capacita\u00e7\u00e3o","cultura","cultura da favela","dan\u00e7a","Favela Criativa","grafite","juventude","m\u00fasica","poesia","sociedade civil","Vidigal","Zona Sul"],"articleSection":["Solu\u00e7\u00f5es"],"inLanguage":"pt-BR"},{"@type":"WebPage","@id":"https:\/\/rioonwatch.org.br\/?p=13713","url":"https:\/\/rioonwatch.org.br\/?p=13713","name":"Festival Cultural 'Vidigalerativa' Celebra 2a Edi\u00e7\u00e3o no Vidigal - RioOnWatch","isPartOf":{"@id":"https:\/\/rioonwatch.org.br\/#website"},"primaryImageOfPage":{"@id":"https:\/\/rioonwatch.org.br\/?p=13713#primaryimage"},"image":{"@id":"https:\/\/rioonwatch.org.br\/?p=13713#primaryimage"},"thumbnailUrl":"https:\/\/rioonwatch.org.br\/wp-content\/uploads\/2015\/03\/Vidigalerativa-3.jpg","datePublished":"2015-03-18T11:00:57+00:00","dateModified":"2018-05-10T13:28:32+00:00","breadcrumb":{"@id":"https:\/\/rioonwatch.org.br\/?p=13713#breadcrumb"},"inLanguage":"pt-BR","potentialAction":[{"@type":"ReadAction","target":["https:\/\/rioonwatch.org.br\/?p=13713"]}]},{"@type":"ImageObject","inLanguage":"pt-BR","@id":"https:\/\/rioonwatch.org.br\/?p=13713#primaryimage","url":"https:\/\/rioonwatch.org.br\/wp-content\/uploads\/2015\/03\/Vidigalerativa-3.jpg","contentUrl":"https:\/\/rioonwatch.org.br\/wp-content\/uploads\/2015\/03\/Vidigalerativa-3.jpg","width":675,"height":319},{"@type":"BreadcrumbList","@id":"https:\/\/rioonwatch.org.br\/?p=13713#breadcrumb","itemListElement":[{"@type":"ListItem","position":1,"name":"In\u00edcio","item":"https:\/\/rioonwatch.org.br\/"},{"@type":"ListItem","position":2,"name":"Festival Cultural &#8216;Vidigalerativa&#8217; Celebra 2a Edi\u00e7\u00e3o no Vidigal"}]},{"@type":"WebSite","@id":"https:\/\/rioonwatch.org.br\/#website","url":"https:\/\/rioonwatch.org.br\/","name":"RioOnWatch","description":"relatos das favelas cariocas","publisher":{"@id":"https:\/\/rioonwatch.org.br\/#organization"},"potentialAction":[{"@type":"SearchAction","target":{"@type":"EntryPoint","urlTemplate":"https:\/\/rioonwatch.org.br\/?s={search_term_string}"},"query-input":{"@type":"PropertyValueSpecification","valueRequired":true,"valueName":"search_term_string"}}],"inLanguage":"pt-BR"},{"@type":"Organization","@id":"https:\/\/rioonwatch.org.br\/#organization","name":"RioOnWatch","url":"https:\/\/rioonwatch.org.br\/","logo":{"@type":"ImageObject","inLanguage":"pt-BR","@id":"https:\/\/rioonwatch.org.br\/#\/schema\/logo\/image\/","url":"https:\/\/rioonwatch.org.br\/wp-content\/uploads\/2021\/06\/RioOnWatchcabecalhoPT11anos-2.png","contentUrl":"https:\/\/rioonwatch.org.br\/wp-content\/uploads\/2021\/06\/RioOnWatchcabecalhoPT11anos-2.png","width":779,"height":277,"caption":"RioOnWatch"},"image":{"@id":"https:\/\/rioonwatch.org.br\/#\/schema\/logo\/image\/"}},{"@type":"Person","@id":"https:\/\/rioonwatch.org.br\/#\/schema\/person\/e07d559fe2154d11fd3ec515e35695ee","name":"Nicole Froio","image":{"@type":"ImageObject","inLanguage":"pt-BR","@id":"https:\/\/rioonwatch.org.br\/#\/schema\/person\/image\/","url":"https:\/\/secure.gravatar.com\/avatar\/0acdbd6878ca0ac29aa5ce6c6119d636?s=96&d=blank&r=g","contentUrl":"https:\/\/secure.gravatar.com\/avatar\/0acdbd6878ca0ac29aa5ce6c6119d636?s=96&d=blank&r=g","caption":"Nicole Froio"},"url":"https:\/\/rioonwatch.org.br\/?author=137"}]}},"_links":{"self":[{"href":"https:\/\/rioonwatch.org.br\/index.php?rest_route=\/wp\/v2\/posts\/13713"}],"collection":[{"href":"https:\/\/rioonwatch.org.br\/index.php?rest_route=\/wp\/v2\/posts"}],"about":[{"href":"https:\/\/rioonwatch.org.br\/index.php?rest_route=\/wp\/v2\/types\/post"}],"author":[{"embeddable":true,"href":"https:\/\/rioonwatch.org.br\/index.php?rest_route=\/wp\/v2\/users\/137"}],"replies":[{"embeddable":true,"href":"https:\/\/rioonwatch.org.br\/index.php?rest_route=%2Fwp%2Fv2%2Fcomments&post=13713"}],"version-history":[{"count":9,"href":"https:\/\/rioonwatch.org.br\/index.php?rest_route=\/wp\/v2\/posts\/13713\/revisions"}],"predecessor-version":[{"id":19006,"href":"https:\/\/rioonwatch.org.br\/index.php?rest_route=\/wp\/v2\/posts\/13713\/revisions\/19006"}],"wp:featuredmedia":[{"embeddable":true,"href":"https:\/\/rioonwatch.org.br\/index.php?rest_route=\/wp\/v2\/media\/13716"}],"wp:attachment":[{"href":"https:\/\/rioonwatch.org.br\/index.php?rest_route=%2Fwp%2Fv2%2Fmedia&parent=13713"}],"wp:term":[{"taxonomy":"category","embeddable":true,"href":"https:\/\/rioonwatch.org.br\/index.php?rest_route=%2Fwp%2Fv2%2Fcategories&post=13713"},{"taxonomy":"post_tag","embeddable":true,"href":"https:\/\/rioonwatch.org.br\/index.php?rest_route=%2Fwp%2Fv2%2Ftags&post=13713"},{"taxonomy":"writer","embeddable":true,"href":"https:\/\/rioonwatch.org.br\/index.php?rest_route=%2Fwp%2Fv2%2Fwriter&post=13713"},{"taxonomy":"translator","embeddable":true,"href":"https:\/\/rioonwatch.org.br\/index.php?rest_route=%2Fwp%2Fv2%2Ftranslator&post=13713"},{"taxonomy":"source","embeddable":true,"href":"https:\/\/rioonwatch.org.br\/index.php?rest_route=%2Fwp%2Fv2%2Fsource&post=13713"},{"taxonomy":"ilustrador","embeddable":true,"href":"https:\/\/rioonwatch.org.br\/index.php?rest_route=%2Fwp%2Fv2%2Filustrador&post=13713"},{"taxonomy":"fotografo","embeddable":true,"href":"https:\/\/rioonwatch.org.br\/index.php?rest_route=%2Fwp%2Fv2%2Ffotografo&post=13713"}],"curies":[{"name":"wp","href":"https:\/\/api.w.org\/{rel}","templated":true}]}}