{"id":13736,"date":"2015-03-26T11:32:35","date_gmt":"2015-03-26T14:32:35","guid":{"rendered":"http:\/\/rioonwatch.org.br\/?p=13736"},"modified":"2022-03-09T11:11:14","modified_gmt":"2022-03-09T14:11:14","slug":"vidigal-comemora-os-seus-75-anos","status":"publish","type":"post","link":"https:\/\/rioonwatch.org.br\/?p=13736","title":{"rendered":"Vidigal Comemora os Seus 75 Anos"},"content":{"rendered":"<p style=\"text-align: right;\"><em><strong><a href=\"http:\/\/bit.ly\/1IiEQS2\" target=\"_blank\" rel=\"noopener\">Click Here for English<img decoding=\"async\" width=\"20\" height=\"20\" class=\"alignright wp-image-15790\" src=\"http:\/\/rioonwatch.org.br\/wp-content\/uploads\/2012\/08\/EN-standard-e1439583104716.jpg\" alt=\"\" \/><\/a><\/strong><\/em><\/p>\n<p>No dia 14 de mar\u00e7o, a pracinha do <a href=\"http:\/\/bit.ly\/XuDNKV\" target=\"_blank\" rel=\"noopener\">Vidigal<\/a> estava em festa. Idosos e jovens se juntaram\u00a0para curtir o dia e celebrar os 75 anos do Vidigal.\u00a0A comemora\u00e7\u00e3o \u00e9 a primeira de v\u00e1rias planejadas ao longo do ano e durou o dia inteiro. Foi\u00a0organizada por um grupo de volunt\u00e1rios do morro e a Associa\u00e7\u00e3o de Moradores.<\/p>\n<p>O\u00a0anivers\u00e1rio foi\u00a0visto como uma oportunidade para criar uni\u00e3o no morro e dar visibilidade aos diversos projetos criados no Vidigal. O dia come\u00e7ou com um show de capoeira do professor William de Paula Lucas, ou Ninho. Durante o show a chefe de cozinha Gra\u00e7a dos Prazeres instalou sua oficina de Detox, e o stand de atividades de reciclagem oferecia atividades para as crian\u00e7as. Mais tarde, as crian\u00e7as foram sensibilizadas sobre a import\u00e2ncia da consci\u00eancia ecol\u00f3gica atrav\u00e9s de atividades de cria\u00e7\u00e3o de jogos com material reciclado.<\/p>\n<p>Gra\u00e7a dos Prazeres, moradora do Vidigal, explicou seu projeto e as a\u00e7\u00f5es do seu coletivo <a href=\"http:\/\/on.fb.me\/1FBtHxU\" target=\"_blank\" rel=\"noopener\">Verdigal<\/a>, fazendo uma oficina detox. A chefe de cozinha org\u00e2nica promoveu\u00a0boa comida e reflex\u00e3o ambiental. Atrav\u00e9s de atividades de degusta\u00e7\u00e3o de sucos verde, ela incentivou moradores a pensar na import\u00e2ncia de uma\u00a0alimenta\u00e7\u00e3o saud\u00e1vel. Al\u00e9m dessas oficinas e da presen\u00e7a do posto de sa\u00fade, bandas do morro como Casa do Swing e <a href=\"http:\/\/on.fb.me\/19N840F\" target=\"_blank\" rel=\"noopener\">Morenas do Sol<\/a>\u00a0tocaram at\u00e9 meia-noite, animando a pra\u00e7a.<\/p>\n<p><a href=\"http:\/\/rioonwatch.org.br\/wp-content\/uploads\/2015\/03\/Morenas-do-sol-tocando.jpg\"><img fetchpriority=\"high\" decoding=\"async\" class=\"aligncenter wp-image-13739\" title=\"Apresenta\u00e7\u00e3o Morenas do Sol. Foto: Lorraine Gaucher-Petitdemange\" src=\"http:\/\/rioonwatch.org.br\/wp-content\/uploads\/2015\/03\/Morenas-do-sol-tocando.jpg\" alt=\"Apresenta\u00e7\u00e3o Morenas do Sol. Foto: Lorraine Gaucher-Petitdemange\" width=\"620\" height=\"378\" srcset=\"https:\/\/rioonwatch.org.br\/wp-content\/uploads\/2015\/03\/Morenas-do-sol-tocando.jpg 1652w, https:\/\/rioonwatch.org.br\/wp-content\/uploads\/2015\/03\/Morenas-do-sol-tocando-433x264.jpg 433w, https:\/\/rioonwatch.org.br\/wp-content\/uploads\/2015\/03\/Morenas-do-sol-tocando-620x378.jpg 620w, https:\/\/rioonwatch.org.br\/wp-content\/uploads\/2015\/03\/Morenas-do-sol-tocando-1024x625.jpg 1024w\" sizes=\"(max-width: 620px) 100vw, 620px\" \/><\/a><\/p>\n<p>A festa teve sua origem a partir da cria\u00e7\u00e3o do <a href=\"http:\/\/bit.ly\/19N8mo9\" target=\"_blank\" rel=\"noopener\">telhado medicinal<\/a>\u00a0no ponto de kombi da comunidade. O arquiteto urbanista <a href=\"http:\/\/on.fb.me\/1bxqrHr\" target=\"_blank\" rel=\"noopener\">Guto Graciano<\/a> criou\u00a0um telhado verde com plantas medicinais na entrada do Vidigal.\u00a0Esse projeto foi financiado por\u00a0comerciantes do morro e por uma colheita beneficente\u00a0no Vidigal. A idea do projeto \u00e9 fortalecer a integra\u00e7\u00e3o dos moradores\u00a0atrav\u00e9s de uma cria\u00e7\u00e3o comum que todos podem aproveitar.<\/p>\n<p>A\u00a0iniciativa \u201cMade in Vidigal\u201d criou um telhado cheio de plantas verdes cultivadas de maneira org\u00e2nica, que n\u00e3o precisam de \u00e1gua al\u00e9m da \u00e1gua de chuva e se mant\u00eam sozinhas. Depois de criar esse \u201ctelhado vivo\u201d eles continuaram\u00a0o projeto para\u00a0criar um lugar \u201cvivo que se renove<em>\u201c,<\/em>\u00a0explica Guto Graciano. Assim, a segunda etapa foi a cria\u00e7\u00e3o de um muro de grafite. Para isso artistas foram convidados a pintar a hist\u00f3ria do Vidigal na parede\u00a0da\u00a0<a href=\"http:\/\/bit.ly\/1aVp0lY\" target=\"_blank\" rel=\"noopener\">Galeria Viva<\/a>.\u00a0<em>\u201c<\/em>A hist\u00f3ria do Vidigal e do Brasil v\u00e3o ser contadas sobre esses muros\u00a0daqui a pouco. As crian\u00e7as, os turistas, os alunos da escola Stella Maris, poder\u00e3o aprender mais sobre a hist\u00f3ria daqui&#8221;, explicou. E foi nessa din\u00e2mica de pesquisas hist\u00f3ricas para enfeitar os muros que nasceu o projeto para a comemora\u00e7\u00e3o dos 75 anos do Vidigal.<\/p>\n<p><a href=\"http:\/\/rioonwatch.org.br\/wp-content\/uploads\/2015\/03\/Galeria-Viva-na-entrada-do-Vidigal.jpg\"><img decoding=\"async\" class=\"aligncenter wp-image-13741\" title=\"Galeria Viva na entrada do Vidigal. Foto: Lorraine Gaucher-Petitdemange\" src=\"http:\/\/rioonwatch.org.br\/wp-content\/uploads\/2015\/03\/Galeria-Viva-na-entrada-do-Vidigal.jpg\" alt=\"Galeria Viva na entrada do Vidigal. Lorraine Gaucher-Petitdemange\" width=\"620\" height=\"361\" srcset=\"https:\/\/rioonwatch.org.br\/wp-content\/uploads\/2015\/03\/Galeria-Viva-na-entrada-do-Vidigal.jpg 2000w, https:\/\/rioonwatch.org.br\/wp-content\/uploads\/2015\/03\/Galeria-Viva-na-entrada-do-Vidigal-454x264.jpg 454w, https:\/\/rioonwatch.org.br\/wp-content\/uploads\/2015\/03\/Galeria-Viva-na-entrada-do-Vidigal-620x361.jpg 620w, https:\/\/rioonwatch.org.br\/wp-content\/uploads\/2015\/03\/Galeria-Viva-na-entrada-do-Vidigal-1024x596.jpg 1024w\" sizes=\"(max-width: 620px) 100vw, 620px\" \/><\/a><\/p>\n<p>\u201c75 anos, o que \u00e9 isso? Eu tenho 80 anos e o Vidigal j\u00e1 estava aqui!\u201d, exclama um morador na pra\u00e7a.\u00a0Esse \u00e9 o objetivo\u00a0desse dia, al\u00e9m de festejar os 75 anos, o projeto de comemora\u00e7\u00e3o quer discutir a\u00a0idade do morro. 75 anos \u00e9 somente o anivers\u00e1rio do registro do morro na Prefeitura, mas com certeza Vidigal \u00e9 mais velho que isso. O anivers\u00e1rio \u00e9 tamb\u00e9m uma oportunidade para os idosos contarem hist\u00f3rias e repassarem as lendas do morro para os mais jovens.<\/p>\n<p>Teresa e Araci, duas moradores,\u00a0foram\u00a0convidadas a\u00a0falar sobre o Vidigal delas: um Vidigal sem luz, sem kombi, e com poucas casas. As hist\u00f3rias e as lendas do Vidigal tiveram\u00a0vida na pracinha:\u00a0<em>\u201c<\/em>\u00c9 verdade que uma baleia ficou\u00a0encalhada na pra\u00e7a do Vidigal?<em>\u201d,<\/em>\u00a0pergunta uma morador.<\/p>\n<p>Sentados nos degraus, os moradores ouviram\u00a0a hist\u00f3ria do lugar deles, as mudan\u00e7as que ocorreram\u00a0e tamb\u00e9m as lutas que aconteceram\u00a0aqui. Armando Almeida Lima, um dos fundadores da Associa\u00e7\u00e3o de Moradores, contou sobre as\u00a0<a href=\"http:\/\/bit.ly\/1N5rUlG\" target=\"_blank\" rel=\"noopener\">lutas passadas contra as remo\u00e7\u00f5es durante a ditadura militar<\/a> e a vit\u00f3ria na justi\u00e7a que salvou o Vidigal.\u00a0Ele contou tamb\u00e9m da luta para salvar a praia do Vidigal da privatiza\u00e7\u00e3o pelo Hotel Sheraton. Foi um depoimento comovente que mostrou que sem essas lutas, o Vidigal nunca seria como \u00e9 hoje.<\/p>\n<p><a href=\"http:\/\/rioonwatch.org.br\/wp-content\/uploads\/2015\/03\/Armando-Almeida-Lima-falando-sobre-Vidigal-.jpg\"><img loading=\"lazy\" decoding=\"async\" class=\"aligncenter wp-image-13738\" title=\"Armando Almeida Lima falando sobre Vidigal. Foto: Lorraine Gaucher-Petitdemange\" src=\"http:\/\/rioonwatch.org.br\/wp-content\/uploads\/2015\/03\/Armando-Almeida-Lima-falando-sobre-Vidigal-.jpg\" alt=\"Armando Almeida Lima falando sobre Vidigal. Lorraine Gaucher-Petitdemange\" width=\"620\" height=\"900\" srcset=\"https:\/\/rioonwatch.org.br\/wp-content\/uploads\/2015\/03\/Armando-Almeida-Lima-falando-sobre-Vidigal-.jpg 1378w, https:\/\/rioonwatch.org.br\/wp-content\/uploads\/2015\/03\/Armando-Almeida-Lima-falando-sobre-Vidigal--182x264.jpg 182w, https:\/\/rioonwatch.org.br\/wp-content\/uploads\/2015\/03\/Armando-Almeida-Lima-falando-sobre-Vidigal--427x620.jpg 427w, https:\/\/rioonwatch.org.br\/wp-content\/uploads\/2015\/03\/Armando-Almeida-Lima-falando-sobre-Vidigal--706x1024.jpg 706w\" sizes=\"(max-width: 620px) 100vw, 620px\" \/><\/a><\/p>\n<!-- AddThis Advanced Settings generic via filter on the_content --><!-- AddThis Share Buttons generic via filter on the_content -->","protected":false},"excerpt":{"rendered":"<div class=\"mh-excerpt\"><p>Click Here for English No dia 14 de mar\u00e7o, a pracinha do Vidigal estava em festa. Idosos e jovens se juntaram\u00a0para curtir o dia e celebrar os 75 anos do Vidigal.\u00a0A comemora\u00e7\u00e3o \u00e9 a primeira <a class=\"mh-excerpt-more\" href=\"https:\/\/rioonwatch.org.br\/?p=13736\" title=\"Vidigal Comemora os Seus 75 Anos\">[&#8230;]<\/a><!-- AddThis Advanced Settings generic via filter on get_the_excerpt --><!-- AddThis Share Buttons generic via filter on get_the_excerpt --><\/p>\n<\/div>","protected":false},"author":137,"featured_media":13740,"comment_status":"closed","ping_status":"closed","sticky":false,"template":"","format":"standard","meta":{"_acf_changed":false,"_monsterinsights_skip_tracking":false,"_monsterinsights_sitenote_active":false,"_monsterinsights_sitenote_note":"","_monsterinsights_sitenote_category":0,"footnotes":""},"categories":[342],"tags":[655,421,1023,922,1314,128,469,20,358,361,432,1109,404,1441,354,383],"writer":[1444],"translator":[],"source":[],"ilustrador":[],"fotografo":[],"class_list":{"0":"post-13736","1":"post","2":"type-post","3":"status-publish","4":"format-standard","5":"has-post-thumbnail","7":"category-solucoes","8":"tag-associacao-de-moradores","9":"tag-cultura-da-favela","10":"tag-ditadura-militar","11":"tag-evento","12":"tag-grafite","13":"tag-historia","14":"tag-memoria","15":"tag-musica","16":"tag-organizacao-comunitaria","17":"tag-reciclagem","18":"tag-resistencia","19":"tag-sociedade-civil","20":"tag-sustentabilidade","21":"tag-teto-verde","22":"tag-vidigal","23":"tag-zona-sul","24":"writer-iman-ahmed"},"acf":[],"yoast_head":"<!-- This site is optimized with the Yoast SEO plugin v25.6 - https:\/\/yoast.com\/wordpress\/plugins\/seo\/ -->\n<title>Vidigal Comemora os Seus 75 Anos - RioOnWatch<\/title>\n<meta name=\"robots\" content=\"index, follow, max-snippet:-1, max-image-preview:large, max-video-preview:-1\" \/>\n<link rel=\"canonical\" href=\"https:\/\/rioonwatch.org.br\/?p=13736\" \/>\n<meta property=\"og:locale\" content=\"pt_BR\" \/>\n<meta property=\"og:type\" content=\"article\" \/>\n<meta property=\"og:title\" content=\"Vidigal Comemora os Seus 75 Anos - RioOnWatch\" \/>\n<meta property=\"og:description\" content=\"Click Here for English No dia 14 de mar\u00e7o, a pracinha do Vidigal estava em festa. Idosos e jovens se juntaram\u00a0para curtir o dia e celebrar os 75 anos do Vidigal.\u00a0A comemora\u00e7\u00e3o \u00e9 a primeira [...]\" \/>\n<meta property=\"og:url\" content=\"https:\/\/rioonwatch.org.br\/?p=13736\" \/>\n<meta property=\"og:site_name\" content=\"RioOnWatch\" \/>\n<meta property=\"article:published_time\" content=\"2015-03-26T14:32:35+00:00\" \/>\n<meta property=\"article:modified_time\" content=\"2022-03-09T14:11:14+00:00\" \/>\n<meta property=\"og:image\" content=\"https:\/\/rioonwatch.org.br\/wp-content\/uploads\/2015\/03\/Presentacao-da-oficina-de-Detox-e-do-projeto-de-capoeira.jpg\" \/>\n\t<meta property=\"og:image:width\" content=\"2000\" \/>\n\t<meta property=\"og:image:height\" content=\"1540\" \/>\n\t<meta property=\"og:image:type\" content=\"image\/jpeg\" \/>\n<meta name=\"author\" content=\"Nicole Froio\" \/>\n<meta name=\"twitter:card\" content=\"summary_large_image\" \/>\n<meta name=\"twitter:label1\" content=\"Escrito por\" \/>\n\t<meta name=\"twitter:data1\" content=\"Nicole Froio\" \/>\n\t<meta name=\"twitter:label2\" content=\"Est. tempo de leitura\" \/>\n\t<meta name=\"twitter:data2\" content=\"3 minutos\" \/>\n<script type=\"application\/ld+json\" class=\"yoast-schema-graph\">{\"@context\":\"https:\/\/schema.org\",\"@graph\":[{\"@type\":\"Article\",\"@id\":\"https:\/\/rioonwatch.org.br\/?p=13736#article\",\"isPartOf\":{\"@id\":\"https:\/\/rioonwatch.org.br\/?p=13736\"},\"author\":{\"name\":\"Nicole Froio\",\"@id\":\"https:\/\/rioonwatch.org.br\/#\/schema\/person\/e07d559fe2154d11fd3ec515e35695ee\"},\"headline\":\"Vidigal Comemora os Seus 75 Anos\",\"datePublished\":\"2015-03-26T14:32:35+00:00\",\"dateModified\":\"2022-03-09T14:11:14+00:00\",\"mainEntityOfPage\":{\"@id\":\"https:\/\/rioonwatch.org.br\/?p=13736\"},\"wordCount\":703,\"publisher\":{\"@id\":\"https:\/\/rioonwatch.org.br\/#organization\"},\"image\":{\"@id\":\"https:\/\/rioonwatch.org.br\/?p=13736#primaryimage\"},\"thumbnailUrl\":\"https:\/\/rioonwatch.org.br\/wp-content\/uploads\/2015\/03\/Presentacao-da-oficina-de-Detox-e-do-projeto-de-capoeira.jpg\",\"keywords\":[\"Associa\u00e7\u00e3o de Moradores\",\"cultura da favela\",\"Ditadura Militar\",\"evento\",\"grafite\",\"hist\u00f3ria\",\"Mem\u00f3rias Faveladas\",\"m\u00fasica\",\"organiza\u00e7\u00e3o comunit\u00e1ria\",\"reciclagem\",\"resist\u00eancia\",\"sociedade civil\",\"sustentabilidade\",\"teto verde\",\"Vidigal\",\"Zona Sul\"],\"articleSection\":[\"Solu\u00e7\u00f5es\"],\"inLanguage\":\"pt-BR\"},{\"@type\":\"WebPage\",\"@id\":\"https:\/\/rioonwatch.org.br\/?p=13736\",\"url\":\"https:\/\/rioonwatch.org.br\/?p=13736\",\"name\":\"Vidigal Comemora os Seus 75 Anos - RioOnWatch\",\"isPartOf\":{\"@id\":\"https:\/\/rioonwatch.org.br\/#website\"},\"primaryImageOfPage\":{\"@id\":\"https:\/\/rioonwatch.org.br\/?p=13736#primaryimage\"},\"image\":{\"@id\":\"https:\/\/rioonwatch.org.br\/?p=13736#primaryimage\"},\"thumbnailUrl\":\"https:\/\/rioonwatch.org.br\/wp-content\/uploads\/2015\/03\/Presentacao-da-oficina-de-Detox-e-do-projeto-de-capoeira.jpg\",\"datePublished\":\"2015-03-26T14:32:35+00:00\",\"dateModified\":\"2022-03-09T14:11:14+00:00\",\"breadcrumb\":{\"@id\":\"https:\/\/rioonwatch.org.br\/?p=13736#breadcrumb\"},\"inLanguage\":\"pt-BR\",\"potentialAction\":[{\"@type\":\"ReadAction\",\"target\":[\"https:\/\/rioonwatch.org.br\/?p=13736\"]}]},{\"@type\":\"ImageObject\",\"inLanguage\":\"pt-BR\",\"@id\":\"https:\/\/rioonwatch.org.br\/?p=13736#primaryimage\",\"url\":\"https:\/\/rioonwatch.org.br\/wp-content\/uploads\/2015\/03\/Presentacao-da-oficina-de-Detox-e-do-projeto-de-capoeira.jpg\",\"contentUrl\":\"https:\/\/rioonwatch.org.br\/wp-content\/uploads\/2015\/03\/Presentacao-da-oficina-de-Detox-e-do-projeto-de-capoeira.jpg\",\"width\":2000,\"height\":1540},{\"@type\":\"BreadcrumbList\",\"@id\":\"https:\/\/rioonwatch.org.br\/?p=13736#breadcrumb\",\"itemListElement\":[{\"@type\":\"ListItem\",\"position\":1,\"name\":\"In\u00edcio\",\"item\":\"https:\/\/rioonwatch.org.br\/\"},{\"@type\":\"ListItem\",\"position\":2,\"name\":\"Vidigal Comemora os Seus 75 Anos\"}]},{\"@type\":\"WebSite\",\"@id\":\"https:\/\/rioonwatch.org.br\/#website\",\"url\":\"https:\/\/rioonwatch.org.br\/\",\"name\":\"RioOnWatch\",\"description\":\"relatos das favelas cariocas\",\"publisher\":{\"@id\":\"https:\/\/rioonwatch.org.br\/#organization\"},\"potentialAction\":[{\"@type\":\"SearchAction\",\"target\":{\"@type\":\"EntryPoint\",\"urlTemplate\":\"https:\/\/rioonwatch.org.br\/?s={search_term_string}\"},\"query-input\":{\"@type\":\"PropertyValueSpecification\",\"valueRequired\":true,\"valueName\":\"search_term_string\"}}],\"inLanguage\":\"pt-BR\"},{\"@type\":\"Organization\",\"@id\":\"https:\/\/rioonwatch.org.br\/#organization\",\"name\":\"RioOnWatch\",\"url\":\"https:\/\/rioonwatch.org.br\/\",\"logo\":{\"@type\":\"ImageObject\",\"inLanguage\":\"pt-BR\",\"@id\":\"https:\/\/rioonwatch.org.br\/#\/schema\/logo\/image\/\",\"url\":\"https:\/\/rioonwatch.org.br\/wp-content\/uploads\/2021\/06\/RioOnWatchcabecalhoPT11anos-2.png\",\"contentUrl\":\"https:\/\/rioonwatch.org.br\/wp-content\/uploads\/2021\/06\/RioOnWatchcabecalhoPT11anos-2.png\",\"width\":779,\"height\":277,\"caption\":\"RioOnWatch\"},\"image\":{\"@id\":\"https:\/\/rioonwatch.org.br\/#\/schema\/logo\/image\/\"}},{\"@type\":\"Person\",\"@id\":\"https:\/\/rioonwatch.org.br\/#\/schema\/person\/e07d559fe2154d11fd3ec515e35695ee\",\"name\":\"Nicole Froio\",\"image\":{\"@type\":\"ImageObject\",\"inLanguage\":\"pt-BR\",\"@id\":\"https:\/\/rioonwatch.org.br\/#\/schema\/person\/image\/\",\"url\":\"https:\/\/secure.gravatar.com\/avatar\/0acdbd6878ca0ac29aa5ce6c6119d636?s=96&d=blank&r=g\",\"contentUrl\":\"https:\/\/secure.gravatar.com\/avatar\/0acdbd6878ca0ac29aa5ce6c6119d636?s=96&d=blank&r=g\",\"caption\":\"Nicole Froio\"},\"url\":\"https:\/\/rioonwatch.org.br\/?author=137\"}]}<\/script>\n<!-- \/ Yoast SEO plugin. -->","yoast_head_json":{"title":"Vidigal Comemora os Seus 75 Anos - RioOnWatch","robots":{"index":"index","follow":"follow","max-snippet":"max-snippet:-1","max-image-preview":"max-image-preview:large","max-video-preview":"max-video-preview:-1"},"canonical":"https:\/\/rioonwatch.org.br\/?p=13736","og_locale":"pt_BR","og_type":"article","og_title":"Vidigal Comemora os Seus 75 Anos - RioOnWatch","og_description":"Click Here for English No dia 14 de mar\u00e7o, a pracinha do Vidigal estava em festa. Idosos e jovens se juntaram\u00a0para curtir o dia e celebrar os 75 anos do Vidigal.\u00a0A comemora\u00e7\u00e3o \u00e9 a primeira [...]","og_url":"https:\/\/rioonwatch.org.br\/?p=13736","og_site_name":"RioOnWatch","article_published_time":"2015-03-26T14:32:35+00:00","article_modified_time":"2022-03-09T14:11:14+00:00","og_image":[{"width":2000,"height":1540,"url":"https:\/\/rioonwatch.org.br\/wp-content\/uploads\/2015\/03\/Presentacao-da-oficina-de-Detox-e-do-projeto-de-capoeira.jpg","type":"image\/jpeg"}],"author":"Nicole Froio","twitter_card":"summary_large_image","twitter_misc":{"Escrito por":"Nicole Froio","Est. tempo de leitura":"3 minutos"},"schema":{"@context":"https:\/\/schema.org","@graph":[{"@type":"Article","@id":"https:\/\/rioonwatch.org.br\/?p=13736#article","isPartOf":{"@id":"https:\/\/rioonwatch.org.br\/?p=13736"},"author":{"name":"Nicole Froio","@id":"https:\/\/rioonwatch.org.br\/#\/schema\/person\/e07d559fe2154d11fd3ec515e35695ee"},"headline":"Vidigal Comemora os Seus 75 Anos","datePublished":"2015-03-26T14:32:35+00:00","dateModified":"2022-03-09T14:11:14+00:00","mainEntityOfPage":{"@id":"https:\/\/rioonwatch.org.br\/?p=13736"},"wordCount":703,"publisher":{"@id":"https:\/\/rioonwatch.org.br\/#organization"},"image":{"@id":"https:\/\/rioonwatch.org.br\/?p=13736#primaryimage"},"thumbnailUrl":"https:\/\/rioonwatch.org.br\/wp-content\/uploads\/2015\/03\/Presentacao-da-oficina-de-Detox-e-do-projeto-de-capoeira.jpg","keywords":["Associa\u00e7\u00e3o de Moradores","cultura da favela","Ditadura Militar","evento","grafite","hist\u00f3ria","Mem\u00f3rias Faveladas","m\u00fasica","organiza\u00e7\u00e3o comunit\u00e1ria","reciclagem","resist\u00eancia","sociedade civil","sustentabilidade","teto verde","Vidigal","Zona Sul"],"articleSection":["Solu\u00e7\u00f5es"],"inLanguage":"pt-BR"},{"@type":"WebPage","@id":"https:\/\/rioonwatch.org.br\/?p=13736","url":"https:\/\/rioonwatch.org.br\/?p=13736","name":"Vidigal Comemora os Seus 75 Anos - RioOnWatch","isPartOf":{"@id":"https:\/\/rioonwatch.org.br\/#website"},"primaryImageOfPage":{"@id":"https:\/\/rioonwatch.org.br\/?p=13736#primaryimage"},"image":{"@id":"https:\/\/rioonwatch.org.br\/?p=13736#primaryimage"},"thumbnailUrl":"https:\/\/rioonwatch.org.br\/wp-content\/uploads\/2015\/03\/Presentacao-da-oficina-de-Detox-e-do-projeto-de-capoeira.jpg","datePublished":"2015-03-26T14:32:35+00:00","dateModified":"2022-03-09T14:11:14+00:00","breadcrumb":{"@id":"https:\/\/rioonwatch.org.br\/?p=13736#breadcrumb"},"inLanguage":"pt-BR","potentialAction":[{"@type":"ReadAction","target":["https:\/\/rioonwatch.org.br\/?p=13736"]}]},{"@type":"ImageObject","inLanguage":"pt-BR","@id":"https:\/\/rioonwatch.org.br\/?p=13736#primaryimage","url":"https:\/\/rioonwatch.org.br\/wp-content\/uploads\/2015\/03\/Presentacao-da-oficina-de-Detox-e-do-projeto-de-capoeira.jpg","contentUrl":"https:\/\/rioonwatch.org.br\/wp-content\/uploads\/2015\/03\/Presentacao-da-oficina-de-Detox-e-do-projeto-de-capoeira.jpg","width":2000,"height":1540},{"@type":"BreadcrumbList","@id":"https:\/\/rioonwatch.org.br\/?p=13736#breadcrumb","itemListElement":[{"@type":"ListItem","position":1,"name":"In\u00edcio","item":"https:\/\/rioonwatch.org.br\/"},{"@type":"ListItem","position":2,"name":"Vidigal Comemora os Seus 75 Anos"}]},{"@type":"WebSite","@id":"https:\/\/rioonwatch.org.br\/#website","url":"https:\/\/rioonwatch.org.br\/","name":"RioOnWatch","description":"relatos das favelas cariocas","publisher":{"@id":"https:\/\/rioonwatch.org.br\/#organization"},"potentialAction":[{"@type":"SearchAction","target":{"@type":"EntryPoint","urlTemplate":"https:\/\/rioonwatch.org.br\/?s={search_term_string}"},"query-input":{"@type":"PropertyValueSpecification","valueRequired":true,"valueName":"search_term_string"}}],"inLanguage":"pt-BR"},{"@type":"Organization","@id":"https:\/\/rioonwatch.org.br\/#organization","name":"RioOnWatch","url":"https:\/\/rioonwatch.org.br\/","logo":{"@type":"ImageObject","inLanguage":"pt-BR","@id":"https:\/\/rioonwatch.org.br\/#\/schema\/logo\/image\/","url":"https:\/\/rioonwatch.org.br\/wp-content\/uploads\/2021\/06\/RioOnWatchcabecalhoPT11anos-2.png","contentUrl":"https:\/\/rioonwatch.org.br\/wp-content\/uploads\/2021\/06\/RioOnWatchcabecalhoPT11anos-2.png","width":779,"height":277,"caption":"RioOnWatch"},"image":{"@id":"https:\/\/rioonwatch.org.br\/#\/schema\/logo\/image\/"}},{"@type":"Person","@id":"https:\/\/rioonwatch.org.br\/#\/schema\/person\/e07d559fe2154d11fd3ec515e35695ee","name":"Nicole Froio","image":{"@type":"ImageObject","inLanguage":"pt-BR","@id":"https:\/\/rioonwatch.org.br\/#\/schema\/person\/image\/","url":"https:\/\/secure.gravatar.com\/avatar\/0acdbd6878ca0ac29aa5ce6c6119d636?s=96&d=blank&r=g","contentUrl":"https:\/\/secure.gravatar.com\/avatar\/0acdbd6878ca0ac29aa5ce6c6119d636?s=96&d=blank&r=g","caption":"Nicole Froio"},"url":"https:\/\/rioonwatch.org.br\/?author=137"}]}},"_links":{"self":[{"href":"https:\/\/rioonwatch.org.br\/index.php?rest_route=\/wp\/v2\/posts\/13736"}],"collection":[{"href":"https:\/\/rioonwatch.org.br\/index.php?rest_route=\/wp\/v2\/posts"}],"about":[{"href":"https:\/\/rioonwatch.org.br\/index.php?rest_route=\/wp\/v2\/types\/post"}],"author":[{"embeddable":true,"href":"https:\/\/rioonwatch.org.br\/index.php?rest_route=\/wp\/v2\/users\/137"}],"replies":[{"embeddable":true,"href":"https:\/\/rioonwatch.org.br\/index.php?rest_route=%2Fwp%2Fv2%2Fcomments&post=13736"}],"version-history":[{"count":16,"href":"https:\/\/rioonwatch.org.br\/index.php?rest_route=\/wp\/v2\/posts\/13736\/revisions"}],"predecessor-version":[{"id":60849,"href":"https:\/\/rioonwatch.org.br\/index.php?rest_route=\/wp\/v2\/posts\/13736\/revisions\/60849"}],"wp:featuredmedia":[{"embeddable":true,"href":"https:\/\/rioonwatch.org.br\/index.php?rest_route=\/wp\/v2\/media\/13740"}],"wp:attachment":[{"href":"https:\/\/rioonwatch.org.br\/index.php?rest_route=%2Fwp%2Fv2%2Fmedia&parent=13736"}],"wp:term":[{"taxonomy":"category","embeddable":true,"href":"https:\/\/rioonwatch.org.br\/index.php?rest_route=%2Fwp%2Fv2%2Fcategories&post=13736"},{"taxonomy":"post_tag","embeddable":true,"href":"https:\/\/rioonwatch.org.br\/index.php?rest_route=%2Fwp%2Fv2%2Ftags&post=13736"},{"taxonomy":"writer","embeddable":true,"href":"https:\/\/rioonwatch.org.br\/index.php?rest_route=%2Fwp%2Fv2%2Fwriter&post=13736"},{"taxonomy":"translator","embeddable":true,"href":"https:\/\/rioonwatch.org.br\/index.php?rest_route=%2Fwp%2Fv2%2Ftranslator&post=13736"},{"taxonomy":"source","embeddable":true,"href":"https:\/\/rioonwatch.org.br\/index.php?rest_route=%2Fwp%2Fv2%2Fsource&post=13736"},{"taxonomy":"ilustrador","embeddable":true,"href":"https:\/\/rioonwatch.org.br\/index.php?rest_route=%2Fwp%2Fv2%2Filustrador&post=13736"},{"taxonomy":"fotografo","embeddable":true,"href":"https:\/\/rioonwatch.org.br\/index.php?rest_route=%2Fwp%2Fv2%2Ffotografo&post=13736"}],"curies":[{"name":"wp","href":"https:\/\/api.w.org\/{rel}","templated":true}]}}