{"id":13760,"date":"2015-03-22T15:00:47","date_gmt":"2015-03-22T18:00:47","guid":{"rendered":"http:\/\/rioonwatch.org.br\/?p=13760"},"modified":"2016-04-05T10:48:26","modified_gmt":"2016-04-05T13:48:26","slug":"favelas-do-rio-ja-sao-familiarizadas-com-falta-de-agua-que-podera-afetar-a-todos","status":"publish","type":"post","link":"https:\/\/rioonwatch.org.br\/?p=13760","title":{"rendered":"Favelas do Rio J\u00e1 S\u00e3o Familiarizadas com Falta de \u00c1gua que Poder\u00e1 Afetar a Todos"},"content":{"rendered":"<p style=\"text-align: right;\"><em><strong><a href=\"http:\/\/bit.ly\/1EFJRDx\" target=\"_blank\">Click Here for English<img decoding=\"async\" width=\"20\" height=\"20\" class=\"alignright wp-image-15790\" src=\"http:\/\/rioonwatch.org.br\/wp-content\/uploads\/2012\/08\/EN-standard-e1439583104716.jpg\" alt=\"\" \/><\/a><\/strong><\/em><\/p>\n<p><em><strong>22 de mar\u00e7o de 2015, Dia Mundial da \u00c1gua&#8211;<\/strong><\/em>O Brasil, que mant\u00e9m <a href=\"http:\/\/blog.conservation.org\/2012\/06\/in-brazil-working-to-safeguard-one-eighth-of-worlds-fresh-water\/\">12%<\/a> da \u00e1gua doce\u00a0do mundo, est\u00e1 no meio de uma das mais graves secas de sua hist\u00f3ria. As principais reservas de \u00e1gua do Rio de Janeiro est\u00e3o chegando ao limite, j\u00e1 que est\u00e3o dependendo de escassas reservas quando n\u00e3o chove, e com as\u00a0<a href=\"http:\/\/glo.bo\/1bjSSIG\" target=\"_blank\">reservas subindo pouco<\/a> quando chove.<\/p>\n<p>Apesar do <a href=\"http:\/\/nyti.ms\/18Q6FW2\" target=\"_blank\">reconhecimento internacional<\/a> da gravidade da situa\u00e7\u00e3o e quase uma d\u00e9cada de <a href=\"http:\/\/bit.ly\/1ExEGmw\" target=\"_blank\">alertas<\/a>, pol\u00edticos e companhias de \u00e1gua (Nova Cedae no Rio) t\u00eam sido devastadoramente lentos em agir. Eles <a href=\"http:\/\/bit.ly\/1FL8eBI\" target=\"_blank\">negam irregularidades<\/a> e o fato de que a crise levar\u00e1 ao <a href=\"http:\/\/bit.ly\/1Oe7NmZ\" target=\"_blank\">racionamento<\/a>, enquanto adotam apenas solu\u00e7\u00f5es m\u00ednimas de curto prazo. A Cedae espera lutar contra a crise com uma pequena <a href=\"http:\/\/bit.ly\/1CEzF0D\" target=\"_blank\">campanha sobre a mudan\u00e7a dos h\u00e1bitos de uso da \u00e1gua<\/a> (ver C\u00f3digo Not\u00edcia 2865 da Cedae). A companhia de \u00e1gua de S\u00e3o Paulo Sabesp tentou mas falhou, com a &#8220;<a href=\"http:\/\/bit.ly\/1EAGjmb\" target=\"_blank\">semeadura de nuvens<\/a>&#8220;, uma t\u00e9cnica que envolve enviar avi\u00f5es para dispersar subst\u00e2ncias adicionais ao ar para indu\u00e7\u00e3o de chuvas. A maioria das <a href=\"http:\/\/glo.bo\/1DG1C8c\" target=\"_blank\">d\u00fabias<\/a>, <a href=\"http:\/\/bit.ly\/1FLBbxa\" target=\"_blank\">caras<\/a> e <a href=\"http:\/\/glo.bo\/1DG29qA\" target=\"_blank\">variadas<\/a> solu\u00e7\u00f5es propostas ainda n\u00e3o chegam na raiz da crise: o <a href=\"http:\/\/bit.ly\/199yWGX\" target=\"_blank\">desmatamento<\/a>&#8211;uso abusivo dos recursos das florestas atrav\u00e9s da agricultura (cerca de <a href=\"http:\/\/bit.ly\/1CEIDe7\" target=\"_blank\">70%<\/a>) e da ind\u00fastria (cerca de <a href=\"http:\/\/bit.ly\/1FecZVe\" target=\"_blank\">20%<\/a>).<\/p>\n<figure id=\"attachment_13771\" aria-describedby=\"caption-attachment-13771\" style=\"width: 620px\" class=\"wp-caption aligncenter\"><a href=\"http:\/\/rioonwatch.org.br\/wp-content\/uploads\/2015\/03\/bubbling-toxic-water-in-the-canal-on-Avenida-Visconde-de-Albuquerque-in-Leblon-e1427041253776.jpg\"><img fetchpriority=\"high\" decoding=\"async\" class=\"size-full wp-image-13771\" src=\"http:\/\/rioonwatch.org.br\/wp-content\/uploads\/2015\/03\/bubbling-toxic-water-in-the-canal-on-Avenida-Visconde-de-Albuquerque-in-Leblon-e1427041253776.jpg\" alt=\"Borbulhando, \u00e1gua t\u00f3xica no canal da Avenida Visconde de Albuquerque, no Leblon. O canal foi criado para manter praia do Leblon limpa de lixo e polui\u00e7\u00e3o e permanece como um s\u00edmbolo de prioridades distorcidas do governo em termos de aloca\u00e7\u00e3o de \u00e1gua e infra-estrutura.\" width=\"620\" height=\"465\" srcset=\"https:\/\/rioonwatch.org.br\/wp-content\/uploads\/2015\/03\/bubbling-toxic-water-in-the-canal-on-Avenida-Visconde-de-Albuquerque-in-Leblon-e1427041253776.jpg 620w, https:\/\/rioonwatch.org.br\/wp-content\/uploads\/2015\/03\/bubbling-toxic-water-in-the-canal-on-Avenida-Visconde-de-Albuquerque-in-Leblon-e1427041253776-352x264.jpg 352w, https:\/\/rioonwatch.org.br\/wp-content\/uploads\/2015\/03\/bubbling-toxic-water-in-the-canal-on-Avenida-Visconde-de-Albuquerque-in-Leblon-e1427041253776-174x131.jpg 174w, https:\/\/rioonwatch.org.br\/wp-content\/uploads\/2015\/03\/bubbling-toxic-water-in-the-canal-on-Avenida-Visconde-de-Albuquerque-in-Leblon-e1427041253776-300x225.jpg 300w, https:\/\/rioonwatch.org.br\/wp-content\/uploads\/2015\/03\/bubbling-toxic-water-in-the-canal-on-Avenida-Visconde-de-Albuquerque-in-Leblon-e1427041253776-70x53.jpg 70w\" sizes=\"(max-width: 620px) 100vw, 620px\" \/><\/a><figcaption id=\"caption-attachment-13771\" class=\"wp-caption-text\">\u00c1gua t\u00f3xica borbulhando no canal da Avenida Visconde de Albuquerque, no Leblon. O canal foi criado para manter a praia do Leblon limpa de lixo e polui\u00e7\u00e3o e permanece como um s\u00edmbolo de prioridades distorcidas do governo em termos de aloca\u00e7\u00e3o de \u00e1gua e infraestrutura.<\/figcaption><\/figure>\n<p>O colapso h\u00eddrico do pa\u00eds est\u00e1 mais avan\u00e7ado\u00a0em S\u00e3o Paulo, onde existem rumores oficiais de <a href=\"http:\/\/bit.ly\/1FLmOsQ\" target=\"_blank\">rod\u00edzio de \u00e1gua<\/a>&#8211;de &#8216;cinco dias sem, dois dias com&#8217;&#8211;para controlar o uso da \u00e1gua, onde os bairros mais pobres e perif\u00e9ricos da cidade j\u00e1 sofreram com per\u00edodos de at\u00e9 <a href=\"http:\/\/bit.ly\/1H9ACvt\" target=\"_blank\">uma semana sem \u00e1gua<\/a> nos \u00faltimos meses. A crise, no entanto, tamb\u00e9m chegou ao estado do Rio de Janeiro, <a href=\"http:\/\/bit.ly\/1xmo3Ny\" target=\"_blank\">maior consumidor de \u00e1gua<\/a> do pa\u00eds, com <a href=\"http:\/\/sie.ag\/1FTpswy\" target=\"_blank\">301 litros de \u00e1gua consumidos por pessoa por dia<\/a>, o triplo do que as Na\u00e7\u00f5es Unidas considera <a href=\"http:\/\/bit.ly\/1OjSt8s\" target=\"_blank\">suficiente<\/a>.<\/p>\n<p>Pouco tem sido dito sobre quanto esta seca afetou, e continuar\u00e1 afetando, bairros pobres e as favelas de maneira mais profunda que aos ricos, nem sobre o risco de conflitos de viol\u00eancia social que <a href=\"http:\/\/bit.ly\/1LAkQAe\" target=\"_blank\">j\u00e1 ocorrem<\/a> em menor escala no que pode vir a ser uma <a href=\"http:\/\/bit.ly\/19deNQ8\">guerra pelo recurso essencial<\/a>. Em locais que sofrem cronicamente de pouca ou inexistente <a href=\"http:\/\/bit.ly\/1s6NZHX\" target=\"_blank\">infraestrutura<\/a> e <a href=\"http:\/\/bit.ly\/1diQ7Xa\" target=\"_blank\">saneamento<\/a> inadequado, a forte seca pode comprometer as vidas em um n\u00edvel perigoso.<\/p>\n<figure id=\"attachment_13773\" aria-describedby=\"caption-attachment-13773\" style=\"width: 620px\" class=\"wp-caption aligncenter\"><a href=\"http:\/\/rioonwatch.org.br\/wp-content\/uploads\/2015\/03\/Laboriaux-Associacao-e1427041635932.jpg\"><img decoding=\"async\" class=\"size-full wp-image-13773\" src=\"http:\/\/rioonwatch.org.br\/wp-content\/uploads\/2015\/03\/Laboriaux-Associacao-e1427041635932.jpg\" alt=\"O governo da cidade prometeu \u00e0 Associa\u00e7\u00e3o dos Moradores da Vila Laboriaux um espa\u00e7o para reuni\u00f5es e eventos da comunidade ap\u00f3s ter permitido que uma ocupa\u00e7\u00e3o tempor\u00e1ria da antiga sede da associa\u00e7\u00e3o sair do controle. Ap\u00f3s diversos anos, o que eles ofereceram? A cidade os presenteou com esse por\u00e3o escuro, cujo piso \u00e9 coberto em esgoto a c\u00e9u aberto. Quest\u00f5es de \u00e1gua e esgoto continuam a estar na vanguarda das agendas das associa\u00e7\u00f5es comunit\u00e1rias em toda a cidade, pois o governo n\u00e3o fornece essas necessidades b\u00e1sicas.\" width=\"620\" height=\"432\" srcset=\"https:\/\/rioonwatch.org.br\/wp-content\/uploads\/2015\/03\/Laboriaux-Associacao-e1427041635932.jpg 620w, https:\/\/rioonwatch.org.br\/wp-content\/uploads\/2015\/03\/Laboriaux-Associacao-e1427041635932-379x264.jpg 379w\" sizes=\"(max-width: 620px) 100vw, 620px\" \/><\/a><figcaption id=\"caption-attachment-13773\" class=\"wp-caption-text\">A Prefeitura prometeu \u00e0 Associa\u00e7\u00e3o dos Moradores da Vila Laboriaux uma sede ap\u00f3s ter permitido que uma ocupa\u00e7\u00e3o tempor\u00e1ria da antiga sede da associa\u00e7\u00e3o\u00a0se consolidasse. Ap\u00f3s diversos anos, o que eles ofereceram? A Prefeitura os presenteou com esse por\u00e3o escuro, cujo piso \u00e9 coberto em esgoto a c\u00e9u aberto. Quest\u00f5es de \u00e1gua e esgoto continuam a estar na vanguarda das agendas das associa\u00e7\u00f5es comunit\u00e1rias em toda a cidade, pois o governo n\u00e3o fornece essas necessidades b\u00e1sicas.<\/figcaption><\/figure>\n<p>Os esquemas de racionamento baseados em um rod\u00edzio s\u00e3o favor\u00e1veis aos mais ricos, que t\u00eam recursos para investir em\u00a0<a href=\"http:\/\/bit.ly\/1BXcs6a\" target=\"_blank\">caixas e cisternas de \u00e1gua<\/a>\u00a0para guardar \u00e1gua dos\u00a0dias de fornecimento. A popula\u00e7\u00e3o de baixa renda, por outro lado, \u00e9 capaz de estocar menos e pode ficar sem \u00e1gua por certos per\u00edodos ou pagar pre\u00e7os inflacionados por grandes garrafas de \u00e1gua ou caminh\u00f5es de abastecimento em dias sem \u00e1gua. O racionamento baseado na necessidade e em quantias de \u00e1gua per capita, ainda que seja uma medida impopular, ao menos visa distribuir os recursos de maneira equitativa. No entanto, como o ex-presidente da Sabesp, Gesner Oliveira, disse, os ricos podem sempre <a href=\"http:\/\/bit.ly\/1FL8eBI\" target=\"_blank\">comprar Perrier<\/a> em momentos de desespero.<\/p>\n<p>A grande maioria das favelas do Rio, direta ou indiretamente recebe \u00e1gua da Cedae, seja formalmente ou, em muitos casos, informalmente atrav\u00e9s de canaliza\u00e7\u00f5es da rede oficial, em locais\u00a0onde o servi\u00e7o n\u00e3o chegou oficialmente. Nas favelas, muitas vezes, a \u00e1gua \u00e9 fornecida por alguns dias da semana e n\u00e3o outros, seja isso em favelas grandes e centrais, como j\u00e1 ocorre ha muitos anos em Roupa Suja, na\u00a0Rocinha na Zona Sul, ou seja\u00a0em pequenas comunidades como a Vila Paci\u00eancia na Zona Oeste, onde o aparente\u00a0racionamento teve in\u00edcio com a seca deste ver\u00e3o.<\/p>\n<p>Algumas poucas favelas dependem de fontes naturais. O Rio Rainha, por exemplo, corre normalmente atrav\u00e9s do Parque Natural Municipal da Cidade, servindo aos moradores da favela <a href=\"http:\/\/bit.ly\/1e0nt9t\" target=\"_blank\">Parque da Cidade<\/a>. Mas desde que o rio secou a favela est\u00e1 por 9 dias sem \u00e1gua. O <a href=\"http:\/\/bit.ly\/1qm7REb\" target=\"_blank\">Vale Encantado<\/a>, uma favela que est\u00e1 trabalhando para\u00a0<a href=\"http:\/\/bit.ly\/1tXIMhT\" target=\"_blank\">tornar-se totalmente sustent\u00e1vel<\/a>, tamb\u00e9m est\u00e1 vivenciando\u00a0a seca de uma de suas\u00a0fontes naturais neste ver\u00e3o. O bi\u00f3logo Jo\u00e3o Paulo de S. Rosas, que trabalha no parque, relaciona a crise local com o desmatamento nacional. Ele disse: &#8220;a sa\u00fade das pessoas depende da sa\u00fade das florestas. Se a floresta morre, a\u00ed que as pessoas v\u00e3o realmente sentir a crise&#8221;.<\/p>\n<figure id=\"attachment_13774\" aria-describedby=\"caption-attachment-13774\" style=\"width: 620px\" class=\"wp-caption aligncenter\"><a href=\"http:\/\/rioonwatch.org.br\/wp-content\/uploads\/2015\/03\/Water-crisis-2-405x2641.jpg\"><img loading=\"lazy\" decoding=\"async\" class=\"size-full wp-image-13774\" src=\"http:\/\/rioonwatch.org.br\/wp-content\/uploads\/2015\/03\/Water-crisis-2-405x2641.jpg\" alt=\"Parque Natural Municipal da Cidade, que faz fronteira com a favela Parque da Cidade e serve como um ponto de entrada para a Floresta Nacional da Tijuca, \u00e9 de alto risco. Suas fontes de \u00e1gua secaram durante os \u00faltimos anos como consequ\u00eancia da seca e desvio por moradores ricos do parque. Embora o parque tenha sido originalmente um recurso p\u00fablico, as fam\u00edlias ricas t\u00eam comprado terras e casas constru\u00eddas no topo das colinas, desviando \u00e1gua usada por moradores de favelas e frequentadores do parque para uso dom\u00e9stico e para encher suas piscinas.\" width=\"620\" height=\"404\" srcset=\"https:\/\/rioonwatch.org.br\/wp-content\/uploads\/2015\/03\/Water-crisis-2-405x2641.jpg 620w, https:\/\/rioonwatch.org.br\/wp-content\/uploads\/2015\/03\/Water-crisis-2-405x2641-405x264.jpg 405w\" sizes=\"(max-width: 620px) 100vw, 620px\" \/><\/a><figcaption id=\"caption-attachment-13774\" class=\"wp-caption-text\">O Parque Natural Municipal da Cidade, que faz fronteira com a favela Parque da Cidade e serve como um ponto de entrada para a Floresta Nacional da Tijuca, \u00e9 de alto risco. Suas fontes de \u00e1gua secaram durante os \u00faltimos anos como consequ\u00eancia da seca e desvio por moradores ricos do parque. Embora o parque tenha sido originalmente um recurso p\u00fablico, fam\u00edlias ricas t\u00eam comprado terras e casas constru\u00eddas no topo das colinas, desviando \u00e1gua usada por moradores de favelas e frequentadores do parque para uso dom\u00e9stico e para encherem suas piscinas.<\/figcaption><\/figure>\n<p>As favelas t\u00eam um\u00a0<a href=\"http:\/\/bit.ly\/1s6NZHX\" target=\"_blank\">hist\u00f3rico<\/a> de viver com, <a href=\"http:\/\/bit.ly\/1FpL84A\" target=\"_blank\">debater<\/a> e implementar solu\u00e7\u00f5es para os problemas de \u00e1gua e saneamento.\u00a0Com a crise crescente, algo ser\u00e1 feito apenas quando as torneiras secarem e a situa\u00e7\u00e3o das favelas for sentida por todos?<\/p>\n<figure id=\"attachment_13775\" aria-describedby=\"caption-attachment-13775\" style=\"width: 620px\" class=\"wp-caption aligncenter\"><a href=\"http:\/\/rioonwatch.org.br\/wp-content\/uploads\/2015\/03\/Water-crisis-3-e1427042669288.jpg\"><img loading=\"lazy\" decoding=\"async\" class=\"wp-image-13775\" src=\"http:\/\/rioonwatch.org.br\/wp-content\/uploads\/2015\/03\/Water-crisis-3-e1427042669288.jpg\" alt=\"A \u201cfonte\u201d, ou chafariz, de \u00e1gua pot\u00e1vel localizada na floresta que fica atr\u00e1s da comunidade da Rocinha Vila Laboriaux. Com os servi\u00e7os de \u00e1gua irregulares e a \u00e1gua natural sendo vista como mais saud\u00e1vel que a \u00e1gua da cidade, os moradores fazem a caminhada para a floresta carregando sacos ou recipientes para trazer de volta a \u00e1gua para suas casas. \" width=\"620\" height=\"827\" srcset=\"https:\/\/rioonwatch.org.br\/wp-content\/uploads\/2015\/03\/Water-crisis-3-e1427042669288.jpg 405w, https:\/\/rioonwatch.org.br\/wp-content\/uploads\/2015\/03\/Water-crisis-3-e1427042669288-198x264.jpg 198w\" sizes=\"(max-width: 620px) 100vw, 620px\" \/><\/a><figcaption id=\"caption-attachment-13775\" class=\"wp-caption-text\">A \u201cfonte\u201d, ou chafariz, de \u00e1gua pot\u00e1vel localizada na floresta que fica atr\u00e1s da comunidade Vila Laboriaux na Rocinha. Com os servi\u00e7os de \u00e1gua irregulares e a \u00e1gua natural sendo vista como mais saud\u00e1vel que a \u00e1gua da CEDAE,\u00a0os moradores fazem a caminhada para a floresta carregando sacos ou recipientes para trazer de volta a \u00e1gua para suas casas.<\/figcaption><\/figure>\n<figure id=\"attachment_13777\" aria-describedby=\"caption-attachment-13777\" style=\"width: 620px\" class=\"wp-caption aligncenter\"><a href=\"http:\/\/rioonwatch.org.br\/wp-content\/uploads\/2015\/03\/fountain-parque-da-cidade-where-residents-often-get-potable-water-for-personal-use-e1427043037703.jpg\"><img loading=\"lazy\" decoding=\"async\" class=\"wp-image-13777 size-full\" src=\"http:\/\/rioonwatch.org.br\/wp-content\/uploads\/2015\/03\/fountain-parque-da-cidade-where-residents-often-get-potable-water-for-personal-use-e1427043037703.jpg\" alt=\"fountain-parque-da-cidade-where-residents-often-get-potable-water-for-personal-use\" width=\"620\" height=\"827\" srcset=\"https:\/\/rioonwatch.org.br\/wp-content\/uploads\/2015\/03\/fountain-parque-da-cidade-where-residents-often-get-potable-water-for-personal-use-e1427043037703.jpg 620w, https:\/\/rioonwatch.org.br\/wp-content\/uploads\/2015\/03\/fountain-parque-da-cidade-where-residents-often-get-potable-water-for-personal-use-e1427043037703-198x264.jpg 198w, https:\/\/rioonwatch.org.br\/wp-content\/uploads\/2015\/03\/fountain-parque-da-cidade-where-residents-often-get-potable-water-for-personal-use-e1427043037703-465x620.jpg 465w\" sizes=\"(max-width: 620px) 100vw, 620px\" \/><\/a><figcaption id=\"caption-attachment-13777\" class=\"wp-caption-text\">Uma outra fonte no Parque da Cidade.<\/figcaption><\/figure>\n<!-- AddThis Advanced Settings generic via filter on the_content --><!-- AddThis Share Buttons generic via filter on the_content -->","protected":false},"excerpt":{"rendered":"<div class=\"mh-excerpt\"><p>Click Here for English 22 de mar\u00e7o de 2015, Dia Mundial da \u00c1gua&#8211;O Brasil, que mant\u00e9m 12% da \u00e1gua doce\u00a0do mundo, est\u00e1 no meio de uma das mais graves secas de sua hist\u00f3ria. As principais <a class=\"mh-excerpt-more\" href=\"https:\/\/rioonwatch.org.br\/?p=13760\" title=\"Favelas do Rio J\u00e1 S\u00e3o Familiarizadas com Falta de \u00c1gua que Poder\u00e1 Afetar a Todos\">[&#8230;]<\/a><!-- AddThis Advanced Settings generic via filter on get_the_excerpt --><!-- AddThis Share Buttons generic via filter on get_the_excerpt --><\/p>\n<\/div>","protected":false},"author":129,"featured_media":13770,"comment_status":"closed","ping_status":"closed","sticky":false,"template":"","format":"standard","meta":{"_acf_changed":false,"_monsterinsights_skip_tracking":false,"_monsterinsights_sitenote_active":false,"_monsterinsights_sitenote_note":"","_monsterinsights_sitenote_category":0,"footnotes":""},"categories":[346,344],"tags":[510,735,1449,324,634,106,373,16,1452,492,404,820,1450,184,383],"writer":[1451],"translator":[1342],"source":[],"ilustrador":[],"fotografo":[],"class_list":{"0":"post-13760","1":"post","2":"type-post","3":"status-publish","4":"format-standard","5":"has-post-thumbnail","7":"category-denuncias","8":"category-politicas","9":"tag-agua","10":"tag-floresta-da-tijuca","11":"tag-igualdade","12":"tag-infraestrutura","13":"tag-laboriaux","14":"tag-meio-ambiente","15":"tag-parque-da-cidade","16":"tag-rocinha","17":"tag-roupa-suja","18":"tag-saneamento","19":"tag-sustentabilidade","20":"tag-vale-encantado","21":"tag-vila-paciencia","22":"tag-zona-oeste","23":"tag-zona-sul","24":"writer-lara-mancinelli","25":"translator-patricia-monteiro"},"acf":[],"yoast_head":"<!-- This site is optimized with the Yoast SEO plugin v25.6 - https:\/\/yoast.com\/wordpress\/plugins\/seo\/ -->\n<title>Favelas do Rio J\u00e1 S\u00e3o Familiarizadas com Falta de \u00c1gua que Poder\u00e1 Afetar a Todos - RioOnWatch<\/title>\n<meta name=\"robots\" content=\"index, follow, max-snippet:-1, max-image-preview:large, max-video-preview:-1\" \/>\n<link rel=\"canonical\" href=\"https:\/\/rioonwatch.org.br\/?p=13760\" \/>\n<meta property=\"og:locale\" content=\"pt_BR\" \/>\n<meta property=\"og:type\" content=\"article\" \/>\n<meta property=\"og:title\" content=\"Favelas do Rio J\u00e1 S\u00e3o Familiarizadas com Falta de \u00c1gua que Poder\u00e1 Afetar a Todos - RioOnWatch\" \/>\n<meta property=\"og:description\" content=\"Click Here for English 22 de mar\u00e7o de 2015, Dia Mundial da \u00c1gua&#8211;O Brasil, que mant\u00e9m 12% da \u00e1gua doce\u00a0do mundo, est\u00e1 no meio de uma das mais graves secas de sua hist\u00f3ria. As principais [...]\" \/>\n<meta property=\"og:url\" content=\"https:\/\/rioonwatch.org.br\/?p=13760\" \/>\n<meta property=\"og:site_name\" content=\"RioOnWatch\" \/>\n<meta property=\"article:published_time\" content=\"2015-03-22T18:00:47+00:00\" \/>\n<meta property=\"article:modified_time\" content=\"2016-04-05T13:48:26+00:00\" \/>\n<meta property=\"og:image\" content=\"https:\/\/rioonwatch.org.br\/wp-content\/uploads\/2015\/03\/dry-river-bed-rio-rainha-parque-da-cidade-scaled.jpg\" \/>\n\t<meta property=\"og:image:width\" content=\"2560\" \/>\n\t<meta property=\"og:image:height\" content=\"1920\" \/>\n\t<meta property=\"og:image:type\" content=\"image\/jpeg\" \/>\n<meta name=\"author\" content=\"Admin\" \/>\n<meta name=\"twitter:card\" content=\"summary_large_image\" \/>\n<meta name=\"twitter:label1\" content=\"Escrito por\" \/>\n\t<meta name=\"twitter:data1\" content=\"Admin\" \/>\n\t<meta name=\"twitter:label2\" content=\"Est. tempo de leitura\" \/>\n\t<meta name=\"twitter:data2\" content=\"6 minutos\" \/>\n<script type=\"application\/ld+json\" class=\"yoast-schema-graph\">{\"@context\":\"https:\/\/schema.org\",\"@graph\":[{\"@type\":\"Article\",\"@id\":\"https:\/\/rioonwatch.org.br\/?p=13760#article\",\"isPartOf\":{\"@id\":\"https:\/\/rioonwatch.org.br\/?p=13760\"},\"author\":{\"name\":\"Admin\",\"@id\":\"https:\/\/rioonwatch.org.br\/#\/schema\/person\/11d64c290506f9df50c71b850c473f68\"},\"headline\":\"Favelas do Rio J\u00e1 S\u00e3o Familiarizadas com Falta de \u00c1gua que Poder\u00e1 Afetar a Todos\",\"datePublished\":\"2015-03-22T18:00:47+00:00\",\"dateModified\":\"2016-04-05T13:48:26+00:00\",\"mainEntityOfPage\":{\"@id\":\"https:\/\/rioonwatch.org.br\/?p=13760\"},\"wordCount\":1147,\"publisher\":{\"@id\":\"https:\/\/rioonwatch.org.br\/#organization\"},\"image\":{\"@id\":\"https:\/\/rioonwatch.org.br\/?p=13760#primaryimage\"},\"thumbnailUrl\":\"https:\/\/rioonwatch.org.br\/wp-content\/uploads\/2015\/03\/dry-river-bed-rio-rainha-parque-da-cidade-scaled.jpg\",\"keywords\":[\"\u00e1gua\",\"Floresta da Tijuca\",\"igualdade\",\"infraestrutura\",\"Laboriaux\",\"meio ambiente\",\"Parque da Cidade\",\"Rocinha\",\"Roupa Suja\",\"saneamento\",\"sustentabilidade\",\"Vale Encantado\",\"Vila Paci\u00eancia\",\"Zona Oeste\",\"Zona Sul\"],\"articleSection\":[\"Den\u00fancias\",\"Pol\u00edticas\"],\"inLanguage\":\"pt-BR\"},{\"@type\":\"WebPage\",\"@id\":\"https:\/\/rioonwatch.org.br\/?p=13760\",\"url\":\"https:\/\/rioonwatch.org.br\/?p=13760\",\"name\":\"Favelas do Rio J\u00e1 S\u00e3o Familiarizadas com Falta de \u00c1gua que Poder\u00e1 Afetar a Todos - RioOnWatch\",\"isPartOf\":{\"@id\":\"https:\/\/rioonwatch.org.br\/#website\"},\"primaryImageOfPage\":{\"@id\":\"https:\/\/rioonwatch.org.br\/?p=13760#primaryimage\"},\"image\":{\"@id\":\"https:\/\/rioonwatch.org.br\/?p=13760#primaryimage\"},\"thumbnailUrl\":\"https:\/\/rioonwatch.org.br\/wp-content\/uploads\/2015\/03\/dry-river-bed-rio-rainha-parque-da-cidade-scaled.jpg\",\"datePublished\":\"2015-03-22T18:00:47+00:00\",\"dateModified\":\"2016-04-05T13:48:26+00:00\",\"breadcrumb\":{\"@id\":\"https:\/\/rioonwatch.org.br\/?p=13760#breadcrumb\"},\"inLanguage\":\"pt-BR\",\"potentialAction\":[{\"@type\":\"ReadAction\",\"target\":[\"https:\/\/rioonwatch.org.br\/?p=13760\"]}]},{\"@type\":\"ImageObject\",\"inLanguage\":\"pt-BR\",\"@id\":\"https:\/\/rioonwatch.org.br\/?p=13760#primaryimage\",\"url\":\"https:\/\/rioonwatch.org.br\/wp-content\/uploads\/2015\/03\/dry-river-bed-rio-rainha-parque-da-cidade-scaled.jpg\",\"contentUrl\":\"https:\/\/rioonwatch.org.br\/wp-content\/uploads\/2015\/03\/dry-river-bed-rio-rainha-parque-da-cidade-scaled.jpg\",\"width\":2560,\"height\":1920},{\"@type\":\"BreadcrumbList\",\"@id\":\"https:\/\/rioonwatch.org.br\/?p=13760#breadcrumb\",\"itemListElement\":[{\"@type\":\"ListItem\",\"position\":1,\"name\":\"In\u00edcio\",\"item\":\"https:\/\/rioonwatch.org.br\/\"},{\"@type\":\"ListItem\",\"position\":2,\"name\":\"Favelas do Rio J\u00e1 S\u00e3o Familiarizadas com Falta de \u00c1gua que Poder\u00e1 Afetar a Todos\"}]},{\"@type\":\"WebSite\",\"@id\":\"https:\/\/rioonwatch.org.br\/#website\",\"url\":\"https:\/\/rioonwatch.org.br\/\",\"name\":\"RioOnWatch\",\"description\":\"relatos das favelas cariocas\",\"publisher\":{\"@id\":\"https:\/\/rioonwatch.org.br\/#organization\"},\"potentialAction\":[{\"@type\":\"SearchAction\",\"target\":{\"@type\":\"EntryPoint\",\"urlTemplate\":\"https:\/\/rioonwatch.org.br\/?s={search_term_string}\"},\"query-input\":{\"@type\":\"PropertyValueSpecification\",\"valueRequired\":true,\"valueName\":\"search_term_string\"}}],\"inLanguage\":\"pt-BR\"},{\"@type\":\"Organization\",\"@id\":\"https:\/\/rioonwatch.org.br\/#organization\",\"name\":\"RioOnWatch\",\"url\":\"https:\/\/rioonwatch.org.br\/\",\"logo\":{\"@type\":\"ImageObject\",\"inLanguage\":\"pt-BR\",\"@id\":\"https:\/\/rioonwatch.org.br\/#\/schema\/logo\/image\/\",\"url\":\"https:\/\/rioonwatch.org.br\/wp-content\/uploads\/2021\/06\/RioOnWatchcabecalhoPT11anos-2.png\",\"contentUrl\":\"https:\/\/rioonwatch.org.br\/wp-content\/uploads\/2021\/06\/RioOnWatchcabecalhoPT11anos-2.png\",\"width\":779,\"height\":277,\"caption\":\"RioOnWatch\"},\"image\":{\"@id\":\"https:\/\/rioonwatch.org.br\/#\/schema\/logo\/image\/\"}},{\"@type\":\"Person\",\"@id\":\"https:\/\/rioonwatch.org.br\/#\/schema\/person\/11d64c290506f9df50c71b850c473f68\",\"name\":\"Admin\",\"image\":{\"@type\":\"ImageObject\",\"inLanguage\":\"pt-BR\",\"@id\":\"https:\/\/rioonwatch.org.br\/#\/schema\/person\/image\/\",\"url\":\"https:\/\/secure.gravatar.com\/avatar\/56211ac74568383903349a1485e3c325?s=96&d=blank&r=g\",\"contentUrl\":\"https:\/\/secure.gravatar.com\/avatar\/56211ac74568383903349a1485e3c325?s=96&d=blank&r=g\",\"caption\":\"Admin\"},\"url\":\"https:\/\/rioonwatch.org.br\/?author=129\"}]}<\/script>\n<!-- \/ Yoast SEO plugin. -->","yoast_head_json":{"title":"Favelas do Rio J\u00e1 S\u00e3o Familiarizadas com Falta de \u00c1gua que Poder\u00e1 Afetar a Todos - RioOnWatch","robots":{"index":"index","follow":"follow","max-snippet":"max-snippet:-1","max-image-preview":"max-image-preview:large","max-video-preview":"max-video-preview:-1"},"canonical":"https:\/\/rioonwatch.org.br\/?p=13760","og_locale":"pt_BR","og_type":"article","og_title":"Favelas do Rio J\u00e1 S\u00e3o Familiarizadas com Falta de \u00c1gua que Poder\u00e1 Afetar a Todos - RioOnWatch","og_description":"Click Here for English 22 de mar\u00e7o de 2015, Dia Mundial da \u00c1gua&#8211;O Brasil, que mant\u00e9m 12% da \u00e1gua doce\u00a0do mundo, est\u00e1 no meio de uma das mais graves secas de sua hist\u00f3ria. As principais [...]","og_url":"https:\/\/rioonwatch.org.br\/?p=13760","og_site_name":"RioOnWatch","article_published_time":"2015-03-22T18:00:47+00:00","article_modified_time":"2016-04-05T13:48:26+00:00","og_image":[{"width":2560,"height":1920,"url":"https:\/\/rioonwatch.org.br\/wp-content\/uploads\/2015\/03\/dry-river-bed-rio-rainha-parque-da-cidade-scaled.jpg","type":"image\/jpeg"}],"author":"Admin","twitter_card":"summary_large_image","twitter_misc":{"Escrito por":"Admin","Est. tempo de leitura":"6 minutos"},"schema":{"@context":"https:\/\/schema.org","@graph":[{"@type":"Article","@id":"https:\/\/rioonwatch.org.br\/?p=13760#article","isPartOf":{"@id":"https:\/\/rioonwatch.org.br\/?p=13760"},"author":{"name":"Admin","@id":"https:\/\/rioonwatch.org.br\/#\/schema\/person\/11d64c290506f9df50c71b850c473f68"},"headline":"Favelas do Rio J\u00e1 S\u00e3o Familiarizadas com Falta de \u00c1gua que Poder\u00e1 Afetar a Todos","datePublished":"2015-03-22T18:00:47+00:00","dateModified":"2016-04-05T13:48:26+00:00","mainEntityOfPage":{"@id":"https:\/\/rioonwatch.org.br\/?p=13760"},"wordCount":1147,"publisher":{"@id":"https:\/\/rioonwatch.org.br\/#organization"},"image":{"@id":"https:\/\/rioonwatch.org.br\/?p=13760#primaryimage"},"thumbnailUrl":"https:\/\/rioonwatch.org.br\/wp-content\/uploads\/2015\/03\/dry-river-bed-rio-rainha-parque-da-cidade-scaled.jpg","keywords":["\u00e1gua","Floresta da Tijuca","igualdade","infraestrutura","Laboriaux","meio ambiente","Parque da Cidade","Rocinha","Roupa Suja","saneamento","sustentabilidade","Vale Encantado","Vila Paci\u00eancia","Zona Oeste","Zona Sul"],"articleSection":["Den\u00fancias","Pol\u00edticas"],"inLanguage":"pt-BR"},{"@type":"WebPage","@id":"https:\/\/rioonwatch.org.br\/?p=13760","url":"https:\/\/rioonwatch.org.br\/?p=13760","name":"Favelas do Rio J\u00e1 S\u00e3o Familiarizadas com Falta de \u00c1gua que Poder\u00e1 Afetar a Todos - RioOnWatch","isPartOf":{"@id":"https:\/\/rioonwatch.org.br\/#website"},"primaryImageOfPage":{"@id":"https:\/\/rioonwatch.org.br\/?p=13760#primaryimage"},"image":{"@id":"https:\/\/rioonwatch.org.br\/?p=13760#primaryimage"},"thumbnailUrl":"https:\/\/rioonwatch.org.br\/wp-content\/uploads\/2015\/03\/dry-river-bed-rio-rainha-parque-da-cidade-scaled.jpg","datePublished":"2015-03-22T18:00:47+00:00","dateModified":"2016-04-05T13:48:26+00:00","breadcrumb":{"@id":"https:\/\/rioonwatch.org.br\/?p=13760#breadcrumb"},"inLanguage":"pt-BR","potentialAction":[{"@type":"ReadAction","target":["https:\/\/rioonwatch.org.br\/?p=13760"]}]},{"@type":"ImageObject","inLanguage":"pt-BR","@id":"https:\/\/rioonwatch.org.br\/?p=13760#primaryimage","url":"https:\/\/rioonwatch.org.br\/wp-content\/uploads\/2015\/03\/dry-river-bed-rio-rainha-parque-da-cidade-scaled.jpg","contentUrl":"https:\/\/rioonwatch.org.br\/wp-content\/uploads\/2015\/03\/dry-river-bed-rio-rainha-parque-da-cidade-scaled.jpg","width":2560,"height":1920},{"@type":"BreadcrumbList","@id":"https:\/\/rioonwatch.org.br\/?p=13760#breadcrumb","itemListElement":[{"@type":"ListItem","position":1,"name":"In\u00edcio","item":"https:\/\/rioonwatch.org.br\/"},{"@type":"ListItem","position":2,"name":"Favelas do Rio J\u00e1 S\u00e3o Familiarizadas com Falta de \u00c1gua que Poder\u00e1 Afetar a Todos"}]},{"@type":"WebSite","@id":"https:\/\/rioonwatch.org.br\/#website","url":"https:\/\/rioonwatch.org.br\/","name":"RioOnWatch","description":"relatos das favelas cariocas","publisher":{"@id":"https:\/\/rioonwatch.org.br\/#organization"},"potentialAction":[{"@type":"SearchAction","target":{"@type":"EntryPoint","urlTemplate":"https:\/\/rioonwatch.org.br\/?s={search_term_string}"},"query-input":{"@type":"PropertyValueSpecification","valueRequired":true,"valueName":"search_term_string"}}],"inLanguage":"pt-BR"},{"@type":"Organization","@id":"https:\/\/rioonwatch.org.br\/#organization","name":"RioOnWatch","url":"https:\/\/rioonwatch.org.br\/","logo":{"@type":"ImageObject","inLanguage":"pt-BR","@id":"https:\/\/rioonwatch.org.br\/#\/schema\/logo\/image\/","url":"https:\/\/rioonwatch.org.br\/wp-content\/uploads\/2021\/06\/RioOnWatchcabecalhoPT11anos-2.png","contentUrl":"https:\/\/rioonwatch.org.br\/wp-content\/uploads\/2021\/06\/RioOnWatchcabecalhoPT11anos-2.png","width":779,"height":277,"caption":"RioOnWatch"},"image":{"@id":"https:\/\/rioonwatch.org.br\/#\/schema\/logo\/image\/"}},{"@type":"Person","@id":"https:\/\/rioonwatch.org.br\/#\/schema\/person\/11d64c290506f9df50c71b850c473f68","name":"Admin","image":{"@type":"ImageObject","inLanguage":"pt-BR","@id":"https:\/\/rioonwatch.org.br\/#\/schema\/person\/image\/","url":"https:\/\/secure.gravatar.com\/avatar\/56211ac74568383903349a1485e3c325?s=96&d=blank&r=g","contentUrl":"https:\/\/secure.gravatar.com\/avatar\/56211ac74568383903349a1485e3c325?s=96&d=blank&r=g","caption":"Admin"},"url":"https:\/\/rioonwatch.org.br\/?author=129"}]}},"_links":{"self":[{"href":"https:\/\/rioonwatch.org.br\/index.php?rest_route=\/wp\/v2\/posts\/13760"}],"collection":[{"href":"https:\/\/rioonwatch.org.br\/index.php?rest_route=\/wp\/v2\/posts"}],"about":[{"href":"https:\/\/rioonwatch.org.br\/index.php?rest_route=\/wp\/v2\/types\/post"}],"author":[{"embeddable":true,"href":"https:\/\/rioonwatch.org.br\/index.php?rest_route=\/wp\/v2\/users\/129"}],"replies":[{"embeddable":true,"href":"https:\/\/rioonwatch.org.br\/index.php?rest_route=%2Fwp%2Fv2%2Fcomments&post=13760"}],"version-history":[{"count":22,"href":"https:\/\/rioonwatch.org.br\/index.php?rest_route=\/wp\/v2\/posts\/13760\/revisions"}],"predecessor-version":[{"id":19005,"href":"https:\/\/rioonwatch.org.br\/index.php?rest_route=\/wp\/v2\/posts\/13760\/revisions\/19005"}],"wp:featuredmedia":[{"embeddable":true,"href":"https:\/\/rioonwatch.org.br\/index.php?rest_route=\/wp\/v2\/media\/13770"}],"wp:attachment":[{"href":"https:\/\/rioonwatch.org.br\/index.php?rest_route=%2Fwp%2Fv2%2Fmedia&parent=13760"}],"wp:term":[{"taxonomy":"category","embeddable":true,"href":"https:\/\/rioonwatch.org.br\/index.php?rest_route=%2Fwp%2Fv2%2Fcategories&post=13760"},{"taxonomy":"post_tag","embeddable":true,"href":"https:\/\/rioonwatch.org.br\/index.php?rest_route=%2Fwp%2Fv2%2Ftags&post=13760"},{"taxonomy":"writer","embeddable":true,"href":"https:\/\/rioonwatch.org.br\/index.php?rest_route=%2Fwp%2Fv2%2Fwriter&post=13760"},{"taxonomy":"translator","embeddable":true,"href":"https:\/\/rioonwatch.org.br\/index.php?rest_route=%2Fwp%2Fv2%2Ftranslator&post=13760"},{"taxonomy":"source","embeddable":true,"href":"https:\/\/rioonwatch.org.br\/index.php?rest_route=%2Fwp%2Fv2%2Fsource&post=13760"},{"taxonomy":"ilustrador","embeddable":true,"href":"https:\/\/rioonwatch.org.br\/index.php?rest_route=%2Fwp%2Fv2%2Filustrador&post=13760"},{"taxonomy":"fotografo","embeddable":true,"href":"https:\/\/rioonwatch.org.br\/index.php?rest_route=%2Fwp%2Fv2%2Ffotografo&post=13760"}],"curies":[{"name":"wp","href":"https:\/\/api.w.org\/{rel}","templated":true}]}}