{"id":13811,"date":"2015-03-27T08:00:20","date_gmt":"2015-03-27T11:00:20","guid":{"rendered":"http:\/\/rioonwatch.org.br\/?p=13811"},"modified":"2024-06-20T16:29:09","modified_gmt":"2024-06-20T19:29:09","slug":"prefeito-anuncia-desapropriacao-na-vila-autodromo-e-mit-critica-politica-da-prefeitura","status":"publish","type":"post","link":"https:\/\/rioonwatch.org.br\/?p=13811","title":{"rendered":"Prefeito Anuncia Desapropria\u00e7\u00e3o na Vila Aut\u00f3dromo, e MIT Critica Pol\u00edtica da Prefeitura"},"content":{"rendered":"<p style=\"text-align: right;\"><em><strong><a href=\"http:\/\/bit.ly\/1Oz2eQc\" target=\"_blank\" rel=\"noopener\">Click Here for English<img decoding=\"async\" width=\"20\" height=\"20\" class=\"alignright wp-image-15790\" src=\"http:\/\/rioonwatch.org.br\/wp-content\/uploads\/2012\/08\/EN-standard-e1439583104716.jpg\" alt=\"\" \/><\/a><\/strong><\/em><\/p>\n<p>Na sexta-feira, 20 de mar\u00e7o, a Prefeitura do Rio de Janeiro marcou\u00a0<a href=\"http:\/\/bit.ly\/1CHNf1N\">58 fam\u00edlias<\/a>\u00a0para remo\u00e7\u00e3o de suas casas na <a href=\"http:\/\/bit.ly\/1CHNf1N\" target=\"_blank\" rel=\"noopener\">Vila Aut\u00f3dromo<\/a>, a comunidade que tem sido <a href=\"http:\/\/bit.ly\/1nW4Dng\" target=\"_blank\" rel=\"noopener\">dilacerada<\/a> devido \u00e0 sua localizac\u00e3o <a href=\"http:\/\/bit.ly\/1BMu955\" target=\"_blank\" rel=\"noopener\">adjacente<\/a> ao Parque Ol\u00edmpico de 2016.\u00a0O uso pela Prefeitura da desapropria\u00e7\u00e3o \u00e9 um afastamento da pol\u00edtica anterior que <a href=\"http:\/\/bit.ly\/1d6tAuf\" target=\"_blank\" rel=\"noopener\">prometia realocar apenas aqueles que concordassem e de urbanizar a comunidade para aqueles que ficassem<\/a>, oferecendo indeniza\u00e7\u00e3o\u00a0a\u00a0<a href=\"http:\/\/bit.ly\/1d6tAuf\" target=\"_blank\" rel=\"noopener\">pre\u00e7o de mercado<\/a> ou moradia alternativa no <a href=\"http:\/\/bit.ly\/1dpuC3i\" target=\"_blank\" rel=\"noopener\">Parque Carioca<\/a> (a menos de um quil\u00f4metro de dist\u00e2ncia) para aqueles que decidiram sair voluntariamente.\u00a0H\u00e1 temores cada vez maiores, entre as 150 fam\u00edlias remanescentes de que agora eles ser\u00e3o for\u00e7ados a sair sem uma compensa\u00e7\u00e3o adequada.<\/p>\n<p>A mudan\u00e7a aparente de pol\u00edtica, no que foi reportado como uma &#8220;<a href=\"http:\/\/bit.ly\/1xcaK1Y\" target=\"_blank\" rel=\"noopener\">desapropria\u00e7\u00e3o via decreto<\/a>&#8220;, ocorre em seguida ao <a href=\"http:\/\/bit.ly\/1CBT4h9\" target=\"_blank\" rel=\"noopener\">relat\u00f3rio do Instituto de Tecnologia de Massachusetts\u00a0(MIT)<\/a>, que questionou o programa da Prefeitura, <a href=\"http:\/\/on.fb.me\/1xsfEII\" target=\"_blank\" rel=\"noopener\">elogiado internacionalmente<\/a>, por oferecer aos moradores uma indeniza\u00e7\u00e3o\u00a0\u00e0 pre\u00e7o\u00a0de mercado. O relat\u00f3rio destaca que 12.275 pessoas em 24 comunidades no Rio de Janeiro foram removidas\u00a0por conta da Copa do Mundo e dos Jogos Ol\u00edmpicos, sem receberem compensa\u00e7\u00f5es a pre\u00e7o de mercado.<\/p>\n<p>Por 20 anos, a popula\u00e7\u00e3o de 3.000 pessoas da Vila Aut\u00f3dromo resistiu \u00e0 remo\u00e7\u00e3o. Em 1994, foram concedidos <a href=\"http:\/\/bit.ly\/1E6UbYb\" target=\"_blank\" rel=\"noopener\">t\u00edtulos de posse por 99 anos<\/a>\u00a0aos moradores, podendo ser prorrogados por mais 99 anos, e em 2005 a comunidade foi declarada Zona Especial de Interesse Social e, em 2013, o Prefeito Eduardo Paes declarou publicamente que <a href=\"http:\/\/bit.ly\/1d6tAuf\" target=\"_blank\" rel=\"noopener\">nenhum morador seria obrigado a sair<\/a>. Apesar disso, a popula\u00e7\u00e3o da pequena comunidade da <a href=\"http:\/\/bit.ly\/11tBmFR\" target=\"_blank\" rel=\"noopener\">Zona Oeste<\/a>\u00a0est\u00e1 hoje reduzida a 150 fam\u00edlias, n\u00famero em <a href=\"http:\/\/bit.ly\/1CArNJ6\" target=\"_blank\" rel=\"noopener\">r\u00e1pida queda<\/a> \u00e0 medida em que a situa\u00e7\u00e3o se torna insustent\u00e1vel e ofertas de indeniza\u00e7\u00e3o altas\u00a0s\u00e3o aceitas.<\/p>\n<p>Na quarta-feira 11 de mar\u00e7o, Jane Nascimento, moradora\u00a0de longa data da comunidade que resiste \u00e0 remo\u00e7\u00e3o e participa da Diretoria da Associa\u00e7\u00e3o de Moradores, assistia os funcion\u00e1rios da Prefeitura demolindo as casas ao redor da sua. Seus vizinhos aceitaram a compensa\u00e7\u00e3o oferecida pela Prefeitura, reportada como sendo acima de R$1 milh\u00e3o, em alguns casos quase R$2 milh\u00f5es, deixando a casa de Jane como a pr\u00f3xima da linha. Pouco ouvida pelo som das m\u00e1quinas que destru\u00edam as casas, Jane explicou que essa \u00e9 &#8220;uma outra esp\u00e9cie de viol\u00eancia. Eu posso, eu posso, eu posso, eu posso. Eu sou o poder econ\u00f4mico, eu posso fazer isso e eu compro. J\u00e1 que voc\u00eas n\u00e3o querem sair eu compro&#8221;.<\/p>\n<p><a href=\"http:\/\/rioonwatch.org.br\/wp-content\/uploads\/2015\/03\/20150311_153111_RichtoneHDR-e1427393164316.jpg\"><img fetchpriority=\"high\" decoding=\"async\" class=\"aligncenter size-full wp-image-13823\" title=\"Casa de Jane Nascimento fica sozinha com as demoli\u00e7\u00f5es ao lado\" src=\"http:\/\/rioonwatch.org.br\/wp-content\/uploads\/2015\/03\/20150311_153111_RichtoneHDR-e1427393164316.jpg\" alt=\"\" width=\"620\" height=\"349\" srcset=\"https:\/\/rioonwatch.org.br\/wp-content\/uploads\/2015\/03\/20150311_153111_RichtoneHDR-e1427393164316.jpg 620w, https:\/\/rioonwatch.org.br\/wp-content\/uploads\/2015\/03\/20150311_153111_RichtoneHDR-e1427393164316-469x264.jpg 469w, https:\/\/rioonwatch.org.br\/wp-content\/uploads\/2015\/03\/20150311_153111_RichtoneHDR-e1427393164316-580x326.jpg 580w, https:\/\/rioonwatch.org.br\/wp-content\/uploads\/2015\/03\/20150311_153111_RichtoneHDR-e1427393164316-174x98.jpg 174w\" sizes=\"(max-width: 620px) 100vw, 620px\" \/><\/a><\/p>\n<p>Enquanto alguns aplaudiram a nova estrat\u00e9gia da Prefeitura em oferecer compensa\u00e7\u00e3o a pre\u00e7o de mercado, alguns, como Altair Guimar\u00e3es, presidente da Associa\u00e7\u00e3o de Moradores, continuam cr\u00edticos. Ele disse: &#8220;Quando eles come\u00e7aram a oferecer o dinheiro e o povo come\u00e7ou a aceitar, a\u00ed acabou a luta. Como eu vou pedir para as pessoas\u00a0lutarem comigo, se a proposta que eles est\u00e3o recebendo \u00e9 milion\u00e1ria?&#8221;. A falta de esperan\u00e7a de Altair cresceu quando 43 fam\u00edlias que ainda estavam morando na comunidade declararam seu comprometimento com a perman\u00eancia \u00e0 Defensoria P\u00fablica, mas uma semana depois, alguns j\u00e1 haviam come\u00e7ado a negociar.<\/p>\n<p>Alguns alegam que a Prefeitura apenas negocia com os moradores\u00a0<a href=\"http:\/\/bit.ly\/1DNRvh2\" target=\"_blank\" rel=\"noopener\">individualmente<\/a>, para criar confus\u00e3o e especula\u00e7\u00e3o sobre as ofertas, <a href=\"http:\/\/bit.ly\/1DNRvh2\" target=\"_blank\" rel=\"noopener\">resultando em tens\u00f5es<\/a> e temores dentro da comunidade.<\/p>\n<p>Em um <a href=\"http:\/\/bit.ly\/1xC6Z6s\" target=\"_blank\" rel=\"noopener\">relat\u00f3rio de 2013<\/a>, os acad\u00eamicos de MIT, Lawrence Vale e Anne Marie Gray, argumentaram que o deslocamento e a destrui\u00e7\u00e3o de uma comunidade inteira, com suas hist\u00f3rias e est\u00f3rias, \u00e9 uma perda n\u00e3o-monet\u00e1ria que n\u00e3o pode ser substitu\u00edda. Maria da Penha, moradora da Vila Aut\u00f3dromo, expressou o sentimento em sua recusa de &#8220;<a href=\"http:\/\/bit.ly\/1CArNJ6\" target=\"_blank\" rel=\"noopener\">desistir de sua hist\u00f3ria de 22 anos por 15 dias de Jogos Ol\u00edmpicos<\/a>&#8221; na televis\u00e3o nacional sueca na <a href=\"http:\/\/bit.ly\/1B42MUM\" target=\"_blank\" rel=\"noopener\">semana passada<\/a>.<\/p>\n<p><a href=\"http:\/\/rioonwatch.org.br\/wp-content\/uploads\/2015\/03\/16658178909_492f693218_o-e1427393427961.jpg\"><img decoding=\"async\" class=\"aligncenter size-full wp-image-13825\" title=\"Grafite com a promessa do prefeito\" src=\"http:\/\/rioonwatch.org.br\/wp-content\/uploads\/2015\/03\/16658178909_492f693218_o-e1427393427961.jpg\" alt=\"\" width=\"620\" height=\"412\" srcset=\"https:\/\/rioonwatch.org.br\/wp-content\/uploads\/2015\/03\/16658178909_492f693218_o-e1427393427961.jpg 620w, https:\/\/rioonwatch.org.br\/wp-content\/uploads\/2015\/03\/16658178909_492f693218_o-e1427393427961-397x264.jpg 397w\" sizes=\"(max-width: 620px) 100vw, 620px\" \/><\/a><\/p>\n<p>Em numerosos casos, sediar os Jogos Ol\u00edmpicos elevaram os pre\u00e7os das propriedades na cidade-sede. Em Barcelona, os <a href=\"http:\/\/bit.ly\/1xC6Z6s\" target=\"_blank\" rel=\"noopener\">pre\u00e7os dos im\u00f3veis elevaram em 250%<\/a>, desde o an\u00fancio que a cidade sediaria os jogos em 1986 at\u00e9 o evento em 1992. Essa tend\u00eancia <a href=\"http:\/\/glo.bo\/1BOpm31\" target=\"_blank\" rel=\"noopener\">se mant\u00e9m no Rio<\/a>, com os alugueis aumentando em toda a cidade, com uma m\u00e9dia de 6,8% em favelas nos \u00faltimos dois anos. O relat\u00f3rio de Vale e Gray argumenta que dada essa eleva\u00e7\u00e3o recorde, dos pre\u00e7os de im\u00f3veis inflacionados nas cidades-sede das Olimp\u00edadas, a taxa atual oferecida pode vir a ficar aqu\u00e9m do valor de mercado. A Vila Aut\u00f3dromo \u00e9 localizada na <a href=\"http:\/\/bit.ly\/19BBUhf\" target=\"_blank\" rel=\"noopener\">Barra da Tijuca<\/a>, um dos bairros mais caros do Rio. O relat\u00f3rio afirma que a Prefeitura &#8220;parece estar oferecendo uma compensa\u00e7\u00e3o razo\u00e1vel. No entanto, considerando que a terra est\u00e1 prevista para se converter em um condom\u00ednio de luxo pr\u00f3ximo a um novo centro de transporte, ap\u00f3s os Jogos Ol\u00edmpicos, a indeniza\u00e7\u00e3o\u00a0ainda pode estar abaixo do que se consideraria valor de mercado.&#8221;<\/p>\n<p>Segundo o relat\u00f3rio de MIT, a compensa\u00e7\u00e3o de mercado do governo est\u00e1 em R$275.000,00 por um apartamento de dois quartos de 40m2. No entanto, o jornal <em>O Globo<\/em> reportou, em agosto de 2014, que a taxa de mercado por metro quadrado na Barra da Tijuca estava avaliada em R$10.037. Isso sugere que um apartamento de 40m2 deve valer at\u00e9 R$400.000,00, quase o dobro do que est\u00e1 sendo oferecido aos moradores da Vila Aut\u00f3dromo.<\/p>\n<p>Altair aponta que a pol\u00edtica da Prefeitura de comprar as casas dos moradores para ent\u00e3o destru\u00ed-las \u00e9 uma t\u00e1tica extremamente cara, paga com &#8220;dinheiro dos cofres p\u00fablicos&#8221;. Ele argumenta que seria mais barato para a Prefeitura manter e urbanizar a comunidade, como o\u00a0<a href=\"http:\/\/bit.ly\/1BMu955\" target=\"_blank\" rel=\"noopener\">plano original das Olimp\u00edadas<\/a> propunha e como Bill Hanway, da AECOM, designer do Parque Ol\u00edmpico disse ser &#8220;<a href=\"http:\/\/bit.ly\/1xC6Z6s\" target=\"_blank\" rel=\"noopener\">a coisa certa a ser feita<\/a>&#8220;.<\/p>\n<p>Ent\u00e3o por que essa n\u00e3o \u00e9 a pol\u00edtica da Prefeitura? Vale e Gray afirmam: &#8220;Quase sempre tais remo\u00e7\u00f5es agressivas revelam as poderosas correntes subterr\u00e2neas que no fundo estavam\u00a0influenciado as pol\u00edticas da cidade-sede por d\u00e9cadas&#8221;.<\/p>\n<p>As pol\u00edticas atuais do Rio v\u00e3o apenas aumentar a lista de mais de\u00a0<a href=\"http:\/\/bit.ly\/1IqBxbZ\" target=\"_blank\" rel=\"noopener\">2 milh\u00f5es de pessoas<\/a> j\u00e1 removidas pelos Jogos Ol\u00edmpicos entre 1998 e 2008.<\/p>\n<!-- AddThis Advanced Settings generic via filter on the_content --><!-- AddThis Share Buttons generic via filter on the_content -->","protected":false},"excerpt":{"rendered":"<div class=\"mh-excerpt\"><p>Click Here for English Na sexta-feira, 20 de mar\u00e7o, a Prefeitura do Rio de Janeiro marcou\u00a058 fam\u00edlias\u00a0para remo\u00e7\u00e3o de suas casas na Vila Aut\u00f3dromo, a comunidade que tem sido dilacerada devido \u00e0 sua localizac\u00e3o adjacente <a class=\"mh-excerpt-more\" href=\"https:\/\/rioonwatch.org.br\/?p=13811\" title=\"Prefeito Anuncia Desapropria\u00e7\u00e3o na Vila Aut\u00f3dromo, e MIT Critica Pol\u00edtica da Prefeitura\">[&#8230;]<\/a><!-- AddThis Advanced Settings generic via filter on get_the_excerpt --><!-- AddThis Share Buttons generic via filter on get_the_excerpt --><\/p>\n<\/div>","protected":false},"author":129,"featured_media":13822,"comment_status":"closed","ping_status":"closed","sticky":false,"template":"","format":"standard","meta":{"_acf_changed":false,"_monsterinsights_skip_tracking":false,"_monsterinsights_sitenote_active":false,"_monsterinsights_sitenote_note":"","_monsterinsights_sitenote_category":0,"footnotes":""},"categories":[1614,1635,346,344],"tags":[1459,424,88,484,396,1460,1240,1037,78,14,432,1367,55,184],"writer":[1433],"translator":[1342],"source":[],"ilustrador":[],"fotografo":[],"class_list":{"0":"post-13811","1":"post","2":"type-post","3":"status-publish","4":"format-standard","5":"has-post-thumbnail","7":"category-olhonasremocoes","8":"category-1635","9":"category-denuncias","10":"category-politicas","11":"tag-desapropriacao","12":"tag-direito-a-moradia","13":"tag-direitos-humanos","14":"tag-prefeito-eduardo-paes","15":"tag-especulacao-imobiliaria","16":"tag-indenizacao-a-preco-de-mercado","17":"tag-megaeventos","18":"tag-moradia","19":"tag-olimpiadas","20":"tag-remocao","21":"tag-resistencia","22":"tag-taticas-de-remocao-dividir-para-conquistar","23":"tag-vila-autodromo","24":"tag-zona-oeste","25":"writer-brooke-parkin","26":"translator-patricia-monteiro"},"acf":[],"yoast_head":"<!-- This site is optimized with the Yoast SEO plugin v25.6 - https:\/\/yoast.com\/wordpress\/plugins\/seo\/ -->\n<title>Prefeito Anuncia Desapropria\u00e7\u00e3o na Vila Aut\u00f3dromo, e MIT Critica Pol\u00edtica da Prefeitura - RioOnWatch<\/title>\n<meta name=\"robots\" content=\"index, follow, max-snippet:-1, max-image-preview:large, max-video-preview:-1\" \/>\n<link rel=\"canonical\" href=\"https:\/\/rioonwatch.org.br\/?p=13811\" \/>\n<meta property=\"og:locale\" content=\"pt_BR\" \/>\n<meta property=\"og:type\" content=\"article\" \/>\n<meta property=\"og:title\" content=\"Prefeito Anuncia Desapropria\u00e7\u00e3o na Vila Aut\u00f3dromo, e MIT Critica Pol\u00edtica da Prefeitura - RioOnWatch\" \/>\n<meta property=\"og:description\" content=\"Click Here for English Na sexta-feira, 20 de mar\u00e7o, a Prefeitura do Rio de Janeiro marcou\u00a058 fam\u00edlias\u00a0para remo\u00e7\u00e3o de suas casas na Vila Aut\u00f3dromo, a comunidade que tem sido dilacerada devido \u00e0 sua localizac\u00e3o adjacente [...]\" \/>\n<meta property=\"og:url\" content=\"https:\/\/rioonwatch.org.br\/?p=13811\" \/>\n<meta property=\"og:site_name\" content=\"RioOnWatch\" \/>\n<meta property=\"article:published_time\" content=\"2015-03-27T11:00:20+00:00\" \/>\n<meta property=\"article:modified_time\" content=\"2024-06-20T19:29:09+00:00\" \/>\n<meta property=\"og:image\" content=\"https:\/\/rioonwatch.org.br\/wp-content\/uploads\/2015\/03\/114-videos.jpg\" \/>\n\t<meta property=\"og:image:width\" content=\"1000\" \/>\n\t<meta property=\"og:image:height\" content=\"563\" \/>\n\t<meta property=\"og:image:type\" content=\"image\/jpeg\" \/>\n<meta name=\"author\" content=\"Admin\" \/>\n<meta name=\"twitter:card\" content=\"summary_large_image\" \/>\n<meta name=\"twitter:label1\" content=\"Escrito por\" \/>\n\t<meta name=\"twitter:data1\" content=\"Admin\" \/>\n\t<meta name=\"twitter:label2\" content=\"Est. tempo de leitura\" \/>\n\t<meta name=\"twitter:data2\" content=\"5 minutos\" \/>\n<script type=\"application\/ld+json\" class=\"yoast-schema-graph\">{\"@context\":\"https:\/\/schema.org\",\"@graph\":[{\"@type\":\"Article\",\"@id\":\"https:\/\/rioonwatch.org.br\/?p=13811#article\",\"isPartOf\":{\"@id\":\"https:\/\/rioonwatch.org.br\/?p=13811\"},\"author\":{\"name\":\"Admin\",\"@id\":\"https:\/\/rioonwatch.org.br\/#\/schema\/person\/11d64c290506f9df50c71b850c473f68\"},\"headline\":\"Prefeito Anuncia Desapropria\u00e7\u00e3o na Vila Aut\u00f3dromo, e MIT Critica Pol\u00edtica da Prefeitura\",\"datePublished\":\"2015-03-27T11:00:20+00:00\",\"dateModified\":\"2024-06-20T19:29:09+00:00\",\"mainEntityOfPage\":{\"@id\":\"https:\/\/rioonwatch.org.br\/?p=13811\"},\"wordCount\":1074,\"publisher\":{\"@id\":\"https:\/\/rioonwatch.org.br\/#organization\"},\"image\":{\"@id\":\"https:\/\/rioonwatch.org.br\/?p=13811#primaryimage\"},\"thumbnailUrl\":\"https:\/\/rioonwatch.org.br\/wp-content\/uploads\/2015\/03\/114-videos.jpg\",\"keywords\":[\"desapropria\u00e7\u00e3o\",\"Direito \u00e0 Moradia\",\"Direitos Humanos\",\"Eduardo Paes\",\"especula\u00e7\u00e3o imobili\u00e1ria\",\"indeniza\u00e7\u00e3o a pre\u00e7o de mercado\",\"Megaeventos\",\"moradia\",\"Olimp\u00edadas\",\"Remo\u00e7\u00e3o\",\"resist\u00eancia\",\"T\u00e1ticas de remo\u00e7\u00e3o: dividir para conquistar\",\"Vila Aut\u00f3dromo\",\"Zona Oeste\"],\"articleSection\":[\"#OlhoNasRemo\u00e7\u00f5es\",\"#Rio2016\",\"Den\u00fancias\",\"Pol\u00edticas\"],\"inLanguage\":\"pt-BR\"},{\"@type\":\"WebPage\",\"@id\":\"https:\/\/rioonwatch.org.br\/?p=13811\",\"url\":\"https:\/\/rioonwatch.org.br\/?p=13811\",\"name\":\"Prefeito Anuncia Desapropria\u00e7\u00e3o na Vila Aut\u00f3dromo, e MIT Critica Pol\u00edtica da Prefeitura - RioOnWatch\",\"isPartOf\":{\"@id\":\"https:\/\/rioonwatch.org.br\/#website\"},\"primaryImageOfPage\":{\"@id\":\"https:\/\/rioonwatch.org.br\/?p=13811#primaryimage\"},\"image\":{\"@id\":\"https:\/\/rioonwatch.org.br\/?p=13811#primaryimage\"},\"thumbnailUrl\":\"https:\/\/rioonwatch.org.br\/wp-content\/uploads\/2015\/03\/114-videos.jpg\",\"datePublished\":\"2015-03-27T11:00:20+00:00\",\"dateModified\":\"2024-06-20T19:29:09+00:00\",\"breadcrumb\":{\"@id\":\"https:\/\/rioonwatch.org.br\/?p=13811#breadcrumb\"},\"inLanguage\":\"pt-BR\",\"potentialAction\":[{\"@type\":\"ReadAction\",\"target\":[\"https:\/\/rioonwatch.org.br\/?p=13811\"]}]},{\"@type\":\"ImageObject\",\"inLanguage\":\"pt-BR\",\"@id\":\"https:\/\/rioonwatch.org.br\/?p=13811#primaryimage\",\"url\":\"https:\/\/rioonwatch.org.br\/wp-content\/uploads\/2015\/03\/114-videos.jpg\",\"contentUrl\":\"https:\/\/rioonwatch.org.br\/wp-content\/uploads\/2015\/03\/114-videos.jpg\",\"width\":1000,\"height\":563},{\"@type\":\"BreadcrumbList\",\"@id\":\"https:\/\/rioonwatch.org.br\/?p=13811#breadcrumb\",\"itemListElement\":[{\"@type\":\"ListItem\",\"position\":1,\"name\":\"In\u00edcio\",\"item\":\"https:\/\/rioonwatch.org.br\/\"},{\"@type\":\"ListItem\",\"position\":2,\"name\":\"Prefeito Anuncia Desapropria\u00e7\u00e3o na Vila Aut\u00f3dromo, e MIT Critica Pol\u00edtica da Prefeitura\"}]},{\"@type\":\"WebSite\",\"@id\":\"https:\/\/rioonwatch.org.br\/#website\",\"url\":\"https:\/\/rioonwatch.org.br\/\",\"name\":\"RioOnWatch\",\"description\":\"relatos das favelas cariocas\",\"publisher\":{\"@id\":\"https:\/\/rioonwatch.org.br\/#organization\"},\"potentialAction\":[{\"@type\":\"SearchAction\",\"target\":{\"@type\":\"EntryPoint\",\"urlTemplate\":\"https:\/\/rioonwatch.org.br\/?s={search_term_string}\"},\"query-input\":{\"@type\":\"PropertyValueSpecification\",\"valueRequired\":true,\"valueName\":\"search_term_string\"}}],\"inLanguage\":\"pt-BR\"},{\"@type\":\"Organization\",\"@id\":\"https:\/\/rioonwatch.org.br\/#organization\",\"name\":\"RioOnWatch\",\"url\":\"https:\/\/rioonwatch.org.br\/\",\"logo\":{\"@type\":\"ImageObject\",\"inLanguage\":\"pt-BR\",\"@id\":\"https:\/\/rioonwatch.org.br\/#\/schema\/logo\/image\/\",\"url\":\"https:\/\/rioonwatch.org.br\/wp-content\/uploads\/2021\/06\/RioOnWatchcabecalhoPT11anos-2.png\",\"contentUrl\":\"https:\/\/rioonwatch.org.br\/wp-content\/uploads\/2021\/06\/RioOnWatchcabecalhoPT11anos-2.png\",\"width\":779,\"height\":277,\"caption\":\"RioOnWatch\"},\"image\":{\"@id\":\"https:\/\/rioonwatch.org.br\/#\/schema\/logo\/image\/\"}},{\"@type\":\"Person\",\"@id\":\"https:\/\/rioonwatch.org.br\/#\/schema\/person\/11d64c290506f9df50c71b850c473f68\",\"name\":\"Admin\",\"image\":{\"@type\":\"ImageObject\",\"inLanguage\":\"pt-BR\",\"@id\":\"https:\/\/rioonwatch.org.br\/#\/schema\/person\/image\/\",\"url\":\"https:\/\/secure.gravatar.com\/avatar\/56211ac74568383903349a1485e3c325?s=96&d=blank&r=g\",\"contentUrl\":\"https:\/\/secure.gravatar.com\/avatar\/56211ac74568383903349a1485e3c325?s=96&d=blank&r=g\",\"caption\":\"Admin\"},\"url\":\"https:\/\/rioonwatch.org.br\/?author=129\"}]}<\/script>\n<!-- \/ Yoast SEO plugin. -->","yoast_head_json":{"title":"Prefeito Anuncia Desapropria\u00e7\u00e3o na Vila Aut\u00f3dromo, e MIT Critica Pol\u00edtica da Prefeitura - RioOnWatch","robots":{"index":"index","follow":"follow","max-snippet":"max-snippet:-1","max-image-preview":"max-image-preview:large","max-video-preview":"max-video-preview:-1"},"canonical":"https:\/\/rioonwatch.org.br\/?p=13811","og_locale":"pt_BR","og_type":"article","og_title":"Prefeito Anuncia Desapropria\u00e7\u00e3o na Vila Aut\u00f3dromo, e MIT Critica Pol\u00edtica da Prefeitura - RioOnWatch","og_description":"Click Here for English Na sexta-feira, 20 de mar\u00e7o, a Prefeitura do Rio de Janeiro marcou\u00a058 fam\u00edlias\u00a0para remo\u00e7\u00e3o de suas casas na Vila Aut\u00f3dromo, a comunidade que tem sido dilacerada devido \u00e0 sua localizac\u00e3o adjacente [...]","og_url":"https:\/\/rioonwatch.org.br\/?p=13811","og_site_name":"RioOnWatch","article_published_time":"2015-03-27T11:00:20+00:00","article_modified_time":"2024-06-20T19:29:09+00:00","og_image":[{"width":1000,"height":563,"url":"https:\/\/rioonwatch.org.br\/wp-content\/uploads\/2015\/03\/114-videos.jpg","type":"image\/jpeg"}],"author":"Admin","twitter_card":"summary_large_image","twitter_misc":{"Escrito por":"Admin","Est. tempo de leitura":"5 minutos"},"schema":{"@context":"https:\/\/schema.org","@graph":[{"@type":"Article","@id":"https:\/\/rioonwatch.org.br\/?p=13811#article","isPartOf":{"@id":"https:\/\/rioonwatch.org.br\/?p=13811"},"author":{"name":"Admin","@id":"https:\/\/rioonwatch.org.br\/#\/schema\/person\/11d64c290506f9df50c71b850c473f68"},"headline":"Prefeito Anuncia Desapropria\u00e7\u00e3o na Vila Aut\u00f3dromo, e MIT Critica Pol\u00edtica da Prefeitura","datePublished":"2015-03-27T11:00:20+00:00","dateModified":"2024-06-20T19:29:09+00:00","mainEntityOfPage":{"@id":"https:\/\/rioonwatch.org.br\/?p=13811"},"wordCount":1074,"publisher":{"@id":"https:\/\/rioonwatch.org.br\/#organization"},"image":{"@id":"https:\/\/rioonwatch.org.br\/?p=13811#primaryimage"},"thumbnailUrl":"https:\/\/rioonwatch.org.br\/wp-content\/uploads\/2015\/03\/114-videos.jpg","keywords":["desapropria\u00e7\u00e3o","Direito \u00e0 Moradia","Direitos Humanos","Eduardo Paes","especula\u00e7\u00e3o imobili\u00e1ria","indeniza\u00e7\u00e3o a pre\u00e7o de mercado","Megaeventos","moradia","Olimp\u00edadas","Remo\u00e7\u00e3o","resist\u00eancia","T\u00e1ticas de remo\u00e7\u00e3o: dividir para conquistar","Vila Aut\u00f3dromo","Zona Oeste"],"articleSection":["#OlhoNasRemo\u00e7\u00f5es","#Rio2016","Den\u00fancias","Pol\u00edticas"],"inLanguage":"pt-BR"},{"@type":"WebPage","@id":"https:\/\/rioonwatch.org.br\/?p=13811","url":"https:\/\/rioonwatch.org.br\/?p=13811","name":"Prefeito Anuncia Desapropria\u00e7\u00e3o na Vila Aut\u00f3dromo, e MIT Critica Pol\u00edtica da Prefeitura - RioOnWatch","isPartOf":{"@id":"https:\/\/rioonwatch.org.br\/#website"},"primaryImageOfPage":{"@id":"https:\/\/rioonwatch.org.br\/?p=13811#primaryimage"},"image":{"@id":"https:\/\/rioonwatch.org.br\/?p=13811#primaryimage"},"thumbnailUrl":"https:\/\/rioonwatch.org.br\/wp-content\/uploads\/2015\/03\/114-videos.jpg","datePublished":"2015-03-27T11:00:20+00:00","dateModified":"2024-06-20T19:29:09+00:00","breadcrumb":{"@id":"https:\/\/rioonwatch.org.br\/?p=13811#breadcrumb"},"inLanguage":"pt-BR","potentialAction":[{"@type":"ReadAction","target":["https:\/\/rioonwatch.org.br\/?p=13811"]}]},{"@type":"ImageObject","inLanguage":"pt-BR","@id":"https:\/\/rioonwatch.org.br\/?p=13811#primaryimage","url":"https:\/\/rioonwatch.org.br\/wp-content\/uploads\/2015\/03\/114-videos.jpg","contentUrl":"https:\/\/rioonwatch.org.br\/wp-content\/uploads\/2015\/03\/114-videos.jpg","width":1000,"height":563},{"@type":"BreadcrumbList","@id":"https:\/\/rioonwatch.org.br\/?p=13811#breadcrumb","itemListElement":[{"@type":"ListItem","position":1,"name":"In\u00edcio","item":"https:\/\/rioonwatch.org.br\/"},{"@type":"ListItem","position":2,"name":"Prefeito Anuncia Desapropria\u00e7\u00e3o na Vila Aut\u00f3dromo, e MIT Critica Pol\u00edtica da Prefeitura"}]},{"@type":"WebSite","@id":"https:\/\/rioonwatch.org.br\/#website","url":"https:\/\/rioonwatch.org.br\/","name":"RioOnWatch","description":"relatos das favelas cariocas","publisher":{"@id":"https:\/\/rioonwatch.org.br\/#organization"},"potentialAction":[{"@type":"SearchAction","target":{"@type":"EntryPoint","urlTemplate":"https:\/\/rioonwatch.org.br\/?s={search_term_string}"},"query-input":{"@type":"PropertyValueSpecification","valueRequired":true,"valueName":"search_term_string"}}],"inLanguage":"pt-BR"},{"@type":"Organization","@id":"https:\/\/rioonwatch.org.br\/#organization","name":"RioOnWatch","url":"https:\/\/rioonwatch.org.br\/","logo":{"@type":"ImageObject","inLanguage":"pt-BR","@id":"https:\/\/rioonwatch.org.br\/#\/schema\/logo\/image\/","url":"https:\/\/rioonwatch.org.br\/wp-content\/uploads\/2021\/06\/RioOnWatchcabecalhoPT11anos-2.png","contentUrl":"https:\/\/rioonwatch.org.br\/wp-content\/uploads\/2021\/06\/RioOnWatchcabecalhoPT11anos-2.png","width":779,"height":277,"caption":"RioOnWatch"},"image":{"@id":"https:\/\/rioonwatch.org.br\/#\/schema\/logo\/image\/"}},{"@type":"Person","@id":"https:\/\/rioonwatch.org.br\/#\/schema\/person\/11d64c290506f9df50c71b850c473f68","name":"Admin","image":{"@type":"ImageObject","inLanguage":"pt-BR","@id":"https:\/\/rioonwatch.org.br\/#\/schema\/person\/image\/","url":"https:\/\/secure.gravatar.com\/avatar\/56211ac74568383903349a1485e3c325?s=96&d=blank&r=g","contentUrl":"https:\/\/secure.gravatar.com\/avatar\/56211ac74568383903349a1485e3c325?s=96&d=blank&r=g","caption":"Admin"},"url":"https:\/\/rioonwatch.org.br\/?author=129"}]}},"_links":{"self":[{"href":"https:\/\/rioonwatch.org.br\/index.php?rest_route=\/wp\/v2\/posts\/13811"}],"collection":[{"href":"https:\/\/rioonwatch.org.br\/index.php?rest_route=\/wp\/v2\/posts"}],"about":[{"href":"https:\/\/rioonwatch.org.br\/index.php?rest_route=\/wp\/v2\/types\/post"}],"author":[{"embeddable":true,"href":"https:\/\/rioonwatch.org.br\/index.php?rest_route=\/wp\/v2\/users\/129"}],"replies":[{"embeddable":true,"href":"https:\/\/rioonwatch.org.br\/index.php?rest_route=%2Fwp%2Fv2%2Fcomments&post=13811"}],"version-history":[{"count":19,"href":"https:\/\/rioonwatch.org.br\/index.php?rest_route=\/wp\/v2\/posts\/13811\/revisions"}],"predecessor-version":[{"id":74252,"href":"https:\/\/rioonwatch.org.br\/index.php?rest_route=\/wp\/v2\/posts\/13811\/revisions\/74252"}],"wp:featuredmedia":[{"embeddable":true,"href":"https:\/\/rioonwatch.org.br\/index.php?rest_route=\/wp\/v2\/media\/13822"}],"wp:attachment":[{"href":"https:\/\/rioonwatch.org.br\/index.php?rest_route=%2Fwp%2Fv2%2Fmedia&parent=13811"}],"wp:term":[{"taxonomy":"category","embeddable":true,"href":"https:\/\/rioonwatch.org.br\/index.php?rest_route=%2Fwp%2Fv2%2Fcategories&post=13811"},{"taxonomy":"post_tag","embeddable":true,"href":"https:\/\/rioonwatch.org.br\/index.php?rest_route=%2Fwp%2Fv2%2Ftags&post=13811"},{"taxonomy":"writer","embeddable":true,"href":"https:\/\/rioonwatch.org.br\/index.php?rest_route=%2Fwp%2Fv2%2Fwriter&post=13811"},{"taxonomy":"translator","embeddable":true,"href":"https:\/\/rioonwatch.org.br\/index.php?rest_route=%2Fwp%2Fv2%2Ftranslator&post=13811"},{"taxonomy":"source","embeddable":true,"href":"https:\/\/rioonwatch.org.br\/index.php?rest_route=%2Fwp%2Fv2%2Fsource&post=13811"},{"taxonomy":"ilustrador","embeddable":true,"href":"https:\/\/rioonwatch.org.br\/index.php?rest_route=%2Fwp%2Fv2%2Filustrador&post=13811"},{"taxonomy":"fotografo","embeddable":true,"href":"https:\/\/rioonwatch.org.br\/index.php?rest_route=%2Fwp%2Fv2%2Ffotografo&post=13811"}],"curies":[{"name":"wp","href":"https:\/\/api.w.org\/{rel}","templated":true}]}}