{"id":13841,"date":"2015-04-07T14:27:17","date_gmt":"2015-04-07T17:27:17","guid":{"rendered":"http:\/\/rioonwatch.org.br\/?p=13841"},"modified":"2025-03-12T18:39:50","modified_gmt":"2025-03-12T21:39:50","slug":"cantagalo-comemora-mulheres-guerreiras-da-comunidade","status":"publish","type":"post","link":"https:\/\/rioonwatch.org.br\/?p=13841","title":{"rendered":"Cantagalo Comemora &#8216;Mulheres Guerreiras&#8217; da Comunidade [SLIDESHOW]"},"content":{"rendered":"<p>H\u00e1 exatamente um m\u00eas, moradores do\u00a0<a href=\"http:\/\/bit.ly\/12onlyE\" target=\"_blank\" rel=\"noopener\">Cantagalo<\/a> tomaram as ruas com uma <a href=\"http:\/\/bit.ly\/1BoVlXH\" target=\"_blank\" rel=\"noopener\">prociss\u00e3o<\/a> celebrando as <a href=\"http:\/\/bit.ly\/1ASz0RG\" target=\"_blank\" rel=\"noopener\">mulheres da favela<\/a> na v\u00e9spera do Dia Internacional da Mulher, no dia 7 de mar\u00e7o.<\/p>\n<p>O evento come\u00e7ou no <a href=\"http:\/\/bit.ly\/12tBBGp\" target=\"_blank\" rel=\"noopener\">Museu de Favela (MUF)<\/a>, organiza\u00e7\u00e3o comunit\u00e1ria fundada por mobilizadores das comunidades do <a href=\"http:\/\/bit.ly\/12onlyE\" target=\"_blank\" rel=\"noopener\">Cantagalo<\/a> e\u00a0<a href=\"http:\/\/bit.ly\/11x89ZX\" target=\"_blank\" rel=\"noopener\">Pav\u00e3o-Pav\u00e3ozinho<\/a>, que organizaram o evento. A prociss\u00e3o, em seguida, foi at\u00e9 cada casa ou com\u00e9rcio das mulheres celebradas carregando faixas para compartilhar a homenagem. As &#8220;Mulheres Guerreiras&#8221; homenageadas foram escolhidas com base em seu comprometimento e lideran\u00e7a na comunidade, mesmo tendo que superar dificuldades pessoais, tornando-as fortes modelos de inspira\u00e7\u00e3o para os moradores.<\/p>\n<p>Algumas das faixas mostravam cita\u00e7\u00f5es das mulheres, enfatizando sua for\u00e7a e papel na comunidade:<\/p>\n<p>Rosimary: \u201cA primeira coisa que tive de bom foi meus filhos, com pai ou n\u00e3o, s\u00e3o meus n\u00e9? E o segundo foi ter aberto meu pr\u00f3prio neg\u00f3cio&#8230;&#8221;<\/p>\n<p>Natalina: \u201cSempre erguer a cabe\u00e7a. Andar de cabe\u00e7a erguida, que \u00e9 uma boa coisa. Sempre ter a cabe\u00e7a erguida \u00e9 muito bom&#8221;.<\/p>\n<p>Maria Helena: &#8220;\u2026 Educa\u00e7\u00e3o, cultural e social independente de religi\u00e3o. Abra\u00e7ar, saber entrar, interagir (&#8230;) essa \u00e9 a minha diferen\u00e7a&#8221;.<\/p>\n<p>Neuza: \u201cA favela quem faz somos n\u00f3s. Eu ensinei meus filhos assim: o que \u00e9 que \u00e9 isso e o que \u00e9 que \u00e9 aquilo&#8221;.<\/p>\n<p><a href=\"http:\/\/rioonwatch.org.br\/wp-content\/uploads\/2015\/03\/Mario-Chagas.jpg\"><img fetchpriority=\"high\" decoding=\"async\" class=\"aligncenter wp-image-13844\" title=\"Mario Chagas liderou a prociss\u00e3o.\" src=\"http:\/\/rioonwatch.org.br\/wp-content\/uploads\/2015\/03\/Mario-Chagas.jpg\" alt=\"Mario Chagas liderou a prociss\u00e3o.\" width=\"620\" height=\"930\" srcset=\"https:\/\/rioonwatch.org.br\/wp-content\/uploads\/2015\/03\/Mario-Chagas.jpg 683w, https:\/\/rioonwatch.org.br\/wp-content\/uploads\/2015\/03\/Mario-Chagas-176x264.jpg 176w, https:\/\/rioonwatch.org.br\/wp-content\/uploads\/2015\/03\/Mario-Chagas-414x620.jpg 414w\" sizes=\"(max-width: 620px) 100vw, 620px\" \/><\/a><\/p>\n<p>As mulheres homenageadas foram pegas de surpresa \u00e0 medida que a prociss\u00e3o chegava \u00e0s suas casas. Com a prociss\u00e3o seguindo pela rua, amigos e familiares das mulheres sa\u00edam para celebrar junto com o grupo que segurava as faixas. Espectadores gritavam: &#8220;Eu conhe\u00e7o elas, s\u00e3o minha fam\u00edlia!&#8221;<\/p>\n<p>Mario Chagas, porta-estandarte da prociss\u00e3o falou de sua import\u00e2ncia: &#8220;Todo ano n\u00f3s planejamos um evento no Dia Internacional da Mulher. \u00c9 muito importante hoje, este s\u00e1bado (07), porque amanh\u00e3 \u00e9 Dia Internacional da Mulher, prestar homenagem \u00e0s mulheres, ent\u00e3o criamos essa exposi\u00e7\u00e3o para elas&#8221;.<\/p>\n<p>Foi o terceiro ano consecutivo que o Museu celebrou as mulheres da favela, unindo a comunidade para destacar fortes modelos femininos.<\/p>\n<p>&#8220;Elas s\u00e3o todas muito importantes para o Museu, muito importantes para a favela onde constru\u00edram suas vidas&#8221;, disse Chagas. &#8220;Muitas tem filhos sozinhas, tem que criar os filhos sozinhas. Elas s\u00e3o muito fortes por\u00a0seus filhos. Muitas trabalham e s\u00e3o l\u00edderes na favela. Algumas s\u00e3o artistas, jornalistas, empres\u00e1rias. Rosimary \u00e9 um exemplo, ela \u00e9 propriet\u00e1ria da empresa de um restaurante popular. Ela \u00e9 propriet\u00e1ria da empresa sozinha&#8221;.<\/p>\n<p><a href=\"http:\/\/rioonwatch.org.br\/wp-content\/uploads\/2015\/03\/IMG_1532.jpg\"><img decoding=\"async\" class=\"aligncenter wp-image-13846\" title=\"Rosimary, empreendedora e m\u00e3e solteira celebrada na prociss\u00e3o.\" src=\"http:\/\/rioonwatch.org.br\/wp-content\/uploads\/2015\/03\/IMG_1532.jpg\" alt=\"Rosimary, empreendedora e m\u00e3e solteira celebrada na prociss\u00e3o.\" width=\"620\" height=\"414\" srcset=\"https:\/\/rioonwatch.org.br\/wp-content\/uploads\/2015\/03\/IMG_1532.jpg 1000w, https:\/\/rioonwatch.org.br\/wp-content\/uploads\/2015\/03\/IMG_1532-396x264.jpg 396w, https:\/\/rioonwatch.org.br\/wp-content\/uploads\/2015\/03\/IMG_1532-620x414.jpg 620w\" sizes=\"(max-width: 620px) 100vw, 620px\" \/><\/a><\/p>\n<p>O MUF \u00e9 uma organiza\u00e7\u00e3o n\u00e3o-governamental fundada em 2008 por moradores da comunidade. Os 16 l\u00edderes do MUF s\u00e3o um grupo diverso e talentoso de artistas, m\u00fasicos, cantores e compositores de hip hop e samba, reconhecidos l\u00edderes de comunidade, locutores de r\u00e1dio, jornalistas, capoeiristas, artes\u00e3os, fot\u00f3grafos, uma arquiteta urbanista e um advogado.<\/p>\n<p>Ap\u00f3s a prociss\u00e3o, o MUF sediou uma festa para comemorar as mulheres e o sucesso do evento, colocando as faixas e placas nas paredes do terra\u00e7o e projetando v\u00eddeos e fotos da prociss\u00e3o. A celebra\u00e7\u00e3o continuou pela madrugada do Dia Internacional da Mulher.<\/p>\n<h3>Para ver o album completo clique <a href=\"http:\/\/bit.ly\/1BoVlXH\" target=\"_blank\" rel=\"noopener\">aqui<\/a> ou visualize abaixo:<\/h3>\n<p><a title=\"Cantagalo 'Warrior Women' Celebrated\" href=\"https:\/\/www.flickr.com\/photos\/catcomm\/albums\/72157651249773646\" data-flickr-embed=\"true\"><img decoding=\"async\" src=\"https:\/\/live.staticflickr.com\/8738\/16588391267_593b3400ca_c.jpg\" alt=\"Cantagalo 'Warrior Women' Celebrated\" width=\"1024\" height=\"768\" \/><\/a><script async src=\"\/\/embedr.flickr.com\/assets\/client-code.js\" charset=\"utf-8\"><\/script><\/p>\n<!-- AddThis Advanced Settings generic via filter on the_content --><!-- AddThis Share Buttons generic via filter on the_content -->","protected":false},"excerpt":{"rendered":"<div class=\"mh-excerpt\"><p>H\u00e1 exatamente um m\u00eas, moradores do\u00a0Cantagalo tomaram as ruas com uma prociss\u00e3o celebrando as mulheres da favela na v\u00e9spera do Dia Internacional da Mulher, no dia 7 de mar\u00e7o. O evento come\u00e7ou no Museu de <a class=\"mh-excerpt-more\" href=\"https:\/\/rioonwatch.org.br\/?p=13841\" title=\"Cantagalo Comemora &#8216;Mulheres Guerreiras&#8217; da Comunidade [SLIDESHOW]\">[&#8230;]<\/a><!-- AddThis Advanced Settings generic via filter on get_the_excerpt --><!-- AddThis Share Buttons generic via filter on get_the_excerpt --><\/p>\n<\/div>","protected":false},"author":137,"featured_media":13843,"comment_status":"closed","ping_status":"closed","sticky":false,"template":"","format":"standard","meta":{"_acf_changed":false,"_monsterinsights_skip_tracking":false,"_monsterinsights_sitenote_active":false,"_monsterinsights_sitenote_note":"","_monsterinsights_sitenote_category":0,"footnotes":""},"categories":[1633,342],"tags":[229,1464,922,42,1111,1193,358,439,383],"writer":[1462],"translator":[1342],"source":[],"ilustrador":[],"fotografo":[],"class_list":{"0":"post-13841","1":"post","2":"type-post","3":"status-publish","4":"format-standard","5":"has-post-thumbnail","7":"category-foto-reportagens","8":"category-solucoes","9":"tag-cantagalo","10":"tag-comemoracao","11":"tag-evento","12":"tag-genero","13":"tag-museu","14":"tag-museu-de-favela","15":"tag-organizacao-comunitaria","16":"tag-pavao-pavaozinho","17":"tag-zona-sul","18":"writer-ruth-faulkner","19":"translator-patricia-monteiro"},"acf":[],"yoast_head":"<!-- This site is optimized with the Yoast SEO plugin v25.6 - https:\/\/yoast.com\/wordpress\/plugins\/seo\/ -->\n<title>Cantagalo Comemora &#039;Mulheres Guerreiras&#039; da Comunidade [SLIDESHOW] - RioOnWatch<\/title>\n<meta name=\"robots\" content=\"index, follow, max-snippet:-1, max-image-preview:large, max-video-preview:-1\" \/>\n<link rel=\"canonical\" href=\"https:\/\/rioonwatch.org.br\/?p=13841\" \/>\n<meta property=\"og:locale\" content=\"pt_BR\" \/>\n<meta property=\"og:type\" content=\"article\" \/>\n<meta property=\"og:title\" content=\"Cantagalo Comemora &#039;Mulheres Guerreiras&#039; da Comunidade [SLIDESHOW] - RioOnWatch\" \/>\n<meta property=\"og:description\" content=\"H\u00e1 exatamente um m\u00eas, moradores do\u00a0Cantagalo tomaram as ruas com uma prociss\u00e3o celebrando as mulheres da favela na v\u00e9spera do Dia Internacional da Mulher, no dia 7 de mar\u00e7o. O evento come\u00e7ou no Museu de [...]\" \/>\n<meta property=\"og:url\" content=\"https:\/\/rioonwatch.org.br\/?p=13841\" \/>\n<meta property=\"og:site_name\" content=\"RioOnWatch\" \/>\n<meta property=\"article:published_time\" content=\"2015-04-07T17:27:17+00:00\" \/>\n<meta property=\"article:modified_time\" content=\"2025-03-12T21:39:50+00:00\" \/>\n<meta property=\"og:image\" content=\"https:\/\/rioonwatch.org.br\/wp-content\/uploads\/2015\/03\/Cantagalo-scaled.jpg\" \/>\n\t<meta property=\"og:image:width\" content=\"1707\" \/>\n\t<meta property=\"og:image:height\" content=\"2560\" \/>\n\t<meta property=\"og:image:type\" content=\"image\/jpeg\" \/>\n<meta name=\"author\" content=\"Nicole Froio\" \/>\n<meta name=\"twitter:card\" content=\"summary_large_image\" \/>\n<meta name=\"twitter:label1\" content=\"Escrito por\" \/>\n\t<meta name=\"twitter:data1\" content=\"Nicole Froio\" \/>\n\t<meta name=\"twitter:label2\" content=\"Est. tempo de leitura\" \/>\n\t<meta name=\"twitter:data2\" content=\"4 minutos\" \/>\n<script type=\"application\/ld+json\" class=\"yoast-schema-graph\">{\"@context\":\"https:\/\/schema.org\",\"@graph\":[{\"@type\":\"Article\",\"@id\":\"https:\/\/rioonwatch.org.br\/?p=13841#article\",\"isPartOf\":{\"@id\":\"https:\/\/rioonwatch.org.br\/?p=13841\"},\"author\":{\"name\":\"Nicole Froio\",\"@id\":\"https:\/\/rioonwatch.org.br\/#\/schema\/person\/e07d559fe2154d11fd3ec515e35695ee\"},\"headline\":\"Cantagalo Comemora &#8216;Mulheres Guerreiras&#8217; da Comunidade [SLIDESHOW]\",\"datePublished\":\"2015-04-07T17:27:17+00:00\",\"dateModified\":\"2025-03-12T21:39:50+00:00\",\"mainEntityOfPage\":{\"@id\":\"https:\/\/rioonwatch.org.br\/?p=13841\"},\"wordCount\":542,\"publisher\":{\"@id\":\"https:\/\/rioonwatch.org.br\/#organization\"},\"image\":{\"@id\":\"https:\/\/rioonwatch.org.br\/?p=13841#primaryimage\"},\"thumbnailUrl\":\"https:\/\/rioonwatch.org.br\/wp-content\/uploads\/2015\/03\/Cantagalo-scaled.jpg\",\"keywords\":[\"Cantagalo\",\"comemora\u00e7\u00e3o\",\"evento\",\"g\u00eanero\",\"museu\",\"Museu de Favela\",\"organiza\u00e7\u00e3o comunit\u00e1ria\",\"Pav\u00e3o-Pav\u00e3ozinho\",\"Zona Sul\"],\"articleSection\":[\"Fotorreportagens\",\"Solu\u00e7\u00f5es\"],\"inLanguage\":\"pt-BR\"},{\"@type\":\"WebPage\",\"@id\":\"https:\/\/rioonwatch.org.br\/?p=13841\",\"url\":\"https:\/\/rioonwatch.org.br\/?p=13841\",\"name\":\"Cantagalo Comemora 'Mulheres Guerreiras' da Comunidade [SLIDESHOW] - RioOnWatch\",\"isPartOf\":{\"@id\":\"https:\/\/rioonwatch.org.br\/#website\"},\"primaryImageOfPage\":{\"@id\":\"https:\/\/rioonwatch.org.br\/?p=13841#primaryimage\"},\"image\":{\"@id\":\"https:\/\/rioonwatch.org.br\/?p=13841#primaryimage\"},\"thumbnailUrl\":\"https:\/\/rioonwatch.org.br\/wp-content\/uploads\/2015\/03\/Cantagalo-scaled.jpg\",\"datePublished\":\"2015-04-07T17:27:17+00:00\",\"dateModified\":\"2025-03-12T21:39:50+00:00\",\"breadcrumb\":{\"@id\":\"https:\/\/rioonwatch.org.br\/?p=13841#breadcrumb\"},\"inLanguage\":\"pt-BR\",\"potentialAction\":[{\"@type\":\"ReadAction\",\"target\":[\"https:\/\/rioonwatch.org.br\/?p=13841\"]}]},{\"@type\":\"ImageObject\",\"inLanguage\":\"pt-BR\",\"@id\":\"https:\/\/rioonwatch.org.br\/?p=13841#primaryimage\",\"url\":\"https:\/\/rioonwatch.org.br\/wp-content\/uploads\/2015\/03\/Cantagalo-scaled.jpg\",\"contentUrl\":\"https:\/\/rioonwatch.org.br\/wp-content\/uploads\/2015\/03\/Cantagalo-scaled.jpg\",\"width\":1707,\"height\":2560},{\"@type\":\"BreadcrumbList\",\"@id\":\"https:\/\/rioonwatch.org.br\/?p=13841#breadcrumb\",\"itemListElement\":[{\"@type\":\"ListItem\",\"position\":1,\"name\":\"In\u00edcio\",\"item\":\"https:\/\/rioonwatch.org.br\/\"},{\"@type\":\"ListItem\",\"position\":2,\"name\":\"Cantagalo Comemora &#8216;Mulheres Guerreiras&#8217; da Comunidade [SLIDESHOW]\"}]},{\"@type\":\"WebSite\",\"@id\":\"https:\/\/rioonwatch.org.br\/#website\",\"url\":\"https:\/\/rioonwatch.org.br\/\",\"name\":\"RioOnWatch\",\"description\":\"relatos das favelas cariocas\",\"publisher\":{\"@id\":\"https:\/\/rioonwatch.org.br\/#organization\"},\"potentialAction\":[{\"@type\":\"SearchAction\",\"target\":{\"@type\":\"EntryPoint\",\"urlTemplate\":\"https:\/\/rioonwatch.org.br\/?s={search_term_string}\"},\"query-input\":{\"@type\":\"PropertyValueSpecification\",\"valueRequired\":true,\"valueName\":\"search_term_string\"}}],\"inLanguage\":\"pt-BR\"},{\"@type\":\"Organization\",\"@id\":\"https:\/\/rioonwatch.org.br\/#organization\",\"name\":\"RioOnWatch\",\"url\":\"https:\/\/rioonwatch.org.br\/\",\"logo\":{\"@type\":\"ImageObject\",\"inLanguage\":\"pt-BR\",\"@id\":\"https:\/\/rioonwatch.org.br\/#\/schema\/logo\/image\/\",\"url\":\"https:\/\/rioonwatch.org.br\/wp-content\/uploads\/2021\/06\/RioOnWatchcabecalhoPT11anos-2.png\",\"contentUrl\":\"https:\/\/rioonwatch.org.br\/wp-content\/uploads\/2021\/06\/RioOnWatchcabecalhoPT11anos-2.png\",\"width\":779,\"height\":277,\"caption\":\"RioOnWatch\"},\"image\":{\"@id\":\"https:\/\/rioonwatch.org.br\/#\/schema\/logo\/image\/\"}},{\"@type\":\"Person\",\"@id\":\"https:\/\/rioonwatch.org.br\/#\/schema\/person\/e07d559fe2154d11fd3ec515e35695ee\",\"name\":\"Nicole Froio\",\"image\":{\"@type\":\"ImageObject\",\"inLanguage\":\"pt-BR\",\"@id\":\"https:\/\/rioonwatch.org.br\/#\/schema\/person\/image\/\",\"url\":\"https:\/\/secure.gravatar.com\/avatar\/0acdbd6878ca0ac29aa5ce6c6119d636?s=96&d=blank&r=g\",\"contentUrl\":\"https:\/\/secure.gravatar.com\/avatar\/0acdbd6878ca0ac29aa5ce6c6119d636?s=96&d=blank&r=g\",\"caption\":\"Nicole Froio\"},\"url\":\"https:\/\/rioonwatch.org.br\/?author=137\"}]}<\/script>\n<!-- \/ Yoast SEO plugin. -->","yoast_head_json":{"title":"Cantagalo Comemora 'Mulheres Guerreiras' da Comunidade [SLIDESHOW] - RioOnWatch","robots":{"index":"index","follow":"follow","max-snippet":"max-snippet:-1","max-image-preview":"max-image-preview:large","max-video-preview":"max-video-preview:-1"},"canonical":"https:\/\/rioonwatch.org.br\/?p=13841","og_locale":"pt_BR","og_type":"article","og_title":"Cantagalo Comemora 'Mulheres Guerreiras' da Comunidade [SLIDESHOW] - RioOnWatch","og_description":"H\u00e1 exatamente um m\u00eas, moradores do\u00a0Cantagalo tomaram as ruas com uma prociss\u00e3o celebrando as mulheres da favela na v\u00e9spera do Dia Internacional da Mulher, no dia 7 de mar\u00e7o. O evento come\u00e7ou no Museu de [...]","og_url":"https:\/\/rioonwatch.org.br\/?p=13841","og_site_name":"RioOnWatch","article_published_time":"2015-04-07T17:27:17+00:00","article_modified_time":"2025-03-12T21:39:50+00:00","og_image":[{"width":1707,"height":2560,"url":"https:\/\/rioonwatch.org.br\/wp-content\/uploads\/2015\/03\/Cantagalo-scaled.jpg","type":"image\/jpeg"}],"author":"Nicole Froio","twitter_card":"summary_large_image","twitter_misc":{"Escrito por":"Nicole Froio","Est. tempo de leitura":"4 minutos"},"schema":{"@context":"https:\/\/schema.org","@graph":[{"@type":"Article","@id":"https:\/\/rioonwatch.org.br\/?p=13841#article","isPartOf":{"@id":"https:\/\/rioonwatch.org.br\/?p=13841"},"author":{"name":"Nicole Froio","@id":"https:\/\/rioonwatch.org.br\/#\/schema\/person\/e07d559fe2154d11fd3ec515e35695ee"},"headline":"Cantagalo Comemora &#8216;Mulheres Guerreiras&#8217; da Comunidade [SLIDESHOW]","datePublished":"2015-04-07T17:27:17+00:00","dateModified":"2025-03-12T21:39:50+00:00","mainEntityOfPage":{"@id":"https:\/\/rioonwatch.org.br\/?p=13841"},"wordCount":542,"publisher":{"@id":"https:\/\/rioonwatch.org.br\/#organization"},"image":{"@id":"https:\/\/rioonwatch.org.br\/?p=13841#primaryimage"},"thumbnailUrl":"https:\/\/rioonwatch.org.br\/wp-content\/uploads\/2015\/03\/Cantagalo-scaled.jpg","keywords":["Cantagalo","comemora\u00e7\u00e3o","evento","g\u00eanero","museu","Museu de Favela","organiza\u00e7\u00e3o comunit\u00e1ria","Pav\u00e3o-Pav\u00e3ozinho","Zona Sul"],"articleSection":["Fotorreportagens","Solu\u00e7\u00f5es"],"inLanguage":"pt-BR"},{"@type":"WebPage","@id":"https:\/\/rioonwatch.org.br\/?p=13841","url":"https:\/\/rioonwatch.org.br\/?p=13841","name":"Cantagalo Comemora 'Mulheres Guerreiras' da Comunidade [SLIDESHOW] - RioOnWatch","isPartOf":{"@id":"https:\/\/rioonwatch.org.br\/#website"},"primaryImageOfPage":{"@id":"https:\/\/rioonwatch.org.br\/?p=13841#primaryimage"},"image":{"@id":"https:\/\/rioonwatch.org.br\/?p=13841#primaryimage"},"thumbnailUrl":"https:\/\/rioonwatch.org.br\/wp-content\/uploads\/2015\/03\/Cantagalo-scaled.jpg","datePublished":"2015-04-07T17:27:17+00:00","dateModified":"2025-03-12T21:39:50+00:00","breadcrumb":{"@id":"https:\/\/rioonwatch.org.br\/?p=13841#breadcrumb"},"inLanguage":"pt-BR","potentialAction":[{"@type":"ReadAction","target":["https:\/\/rioonwatch.org.br\/?p=13841"]}]},{"@type":"ImageObject","inLanguage":"pt-BR","@id":"https:\/\/rioonwatch.org.br\/?p=13841#primaryimage","url":"https:\/\/rioonwatch.org.br\/wp-content\/uploads\/2015\/03\/Cantagalo-scaled.jpg","contentUrl":"https:\/\/rioonwatch.org.br\/wp-content\/uploads\/2015\/03\/Cantagalo-scaled.jpg","width":1707,"height":2560},{"@type":"BreadcrumbList","@id":"https:\/\/rioonwatch.org.br\/?p=13841#breadcrumb","itemListElement":[{"@type":"ListItem","position":1,"name":"In\u00edcio","item":"https:\/\/rioonwatch.org.br\/"},{"@type":"ListItem","position":2,"name":"Cantagalo Comemora &#8216;Mulheres Guerreiras&#8217; da Comunidade [SLIDESHOW]"}]},{"@type":"WebSite","@id":"https:\/\/rioonwatch.org.br\/#website","url":"https:\/\/rioonwatch.org.br\/","name":"RioOnWatch","description":"relatos das favelas cariocas","publisher":{"@id":"https:\/\/rioonwatch.org.br\/#organization"},"potentialAction":[{"@type":"SearchAction","target":{"@type":"EntryPoint","urlTemplate":"https:\/\/rioonwatch.org.br\/?s={search_term_string}"},"query-input":{"@type":"PropertyValueSpecification","valueRequired":true,"valueName":"search_term_string"}}],"inLanguage":"pt-BR"},{"@type":"Organization","@id":"https:\/\/rioonwatch.org.br\/#organization","name":"RioOnWatch","url":"https:\/\/rioonwatch.org.br\/","logo":{"@type":"ImageObject","inLanguage":"pt-BR","@id":"https:\/\/rioonwatch.org.br\/#\/schema\/logo\/image\/","url":"https:\/\/rioonwatch.org.br\/wp-content\/uploads\/2021\/06\/RioOnWatchcabecalhoPT11anos-2.png","contentUrl":"https:\/\/rioonwatch.org.br\/wp-content\/uploads\/2021\/06\/RioOnWatchcabecalhoPT11anos-2.png","width":779,"height":277,"caption":"RioOnWatch"},"image":{"@id":"https:\/\/rioonwatch.org.br\/#\/schema\/logo\/image\/"}},{"@type":"Person","@id":"https:\/\/rioonwatch.org.br\/#\/schema\/person\/e07d559fe2154d11fd3ec515e35695ee","name":"Nicole Froio","image":{"@type":"ImageObject","inLanguage":"pt-BR","@id":"https:\/\/rioonwatch.org.br\/#\/schema\/person\/image\/","url":"https:\/\/secure.gravatar.com\/avatar\/0acdbd6878ca0ac29aa5ce6c6119d636?s=96&d=blank&r=g","contentUrl":"https:\/\/secure.gravatar.com\/avatar\/0acdbd6878ca0ac29aa5ce6c6119d636?s=96&d=blank&r=g","caption":"Nicole Froio"},"url":"https:\/\/rioonwatch.org.br\/?author=137"}]}},"_links":{"self":[{"href":"https:\/\/rioonwatch.org.br\/index.php?rest_route=\/wp\/v2\/posts\/13841"}],"collection":[{"href":"https:\/\/rioonwatch.org.br\/index.php?rest_route=\/wp\/v2\/posts"}],"about":[{"href":"https:\/\/rioonwatch.org.br\/index.php?rest_route=\/wp\/v2\/types\/post"}],"author":[{"embeddable":true,"href":"https:\/\/rioonwatch.org.br\/index.php?rest_route=\/wp\/v2\/users\/137"}],"replies":[{"embeddable":true,"href":"https:\/\/rioonwatch.org.br\/index.php?rest_route=%2Fwp%2Fv2%2Fcomments&post=13841"}],"version-history":[{"count":15,"href":"https:\/\/rioonwatch.org.br\/index.php?rest_route=\/wp\/v2\/posts\/13841\/revisions"}],"predecessor-version":[{"id":77326,"href":"https:\/\/rioonwatch.org.br\/index.php?rest_route=\/wp\/v2\/posts\/13841\/revisions\/77326"}],"wp:featuredmedia":[{"embeddable":true,"href":"https:\/\/rioonwatch.org.br\/index.php?rest_route=\/wp\/v2\/media\/13843"}],"wp:attachment":[{"href":"https:\/\/rioonwatch.org.br\/index.php?rest_route=%2Fwp%2Fv2%2Fmedia&parent=13841"}],"wp:term":[{"taxonomy":"category","embeddable":true,"href":"https:\/\/rioonwatch.org.br\/index.php?rest_route=%2Fwp%2Fv2%2Fcategories&post=13841"},{"taxonomy":"post_tag","embeddable":true,"href":"https:\/\/rioonwatch.org.br\/index.php?rest_route=%2Fwp%2Fv2%2Ftags&post=13841"},{"taxonomy":"writer","embeddable":true,"href":"https:\/\/rioonwatch.org.br\/index.php?rest_route=%2Fwp%2Fv2%2Fwriter&post=13841"},{"taxonomy":"translator","embeddable":true,"href":"https:\/\/rioonwatch.org.br\/index.php?rest_route=%2Fwp%2Fv2%2Ftranslator&post=13841"},{"taxonomy":"source","embeddable":true,"href":"https:\/\/rioonwatch.org.br\/index.php?rest_route=%2Fwp%2Fv2%2Fsource&post=13841"},{"taxonomy":"ilustrador","embeddable":true,"href":"https:\/\/rioonwatch.org.br\/index.php?rest_route=%2Fwp%2Fv2%2Filustrador&post=13841"},{"taxonomy":"fotografo","embeddable":true,"href":"https:\/\/rioonwatch.org.br\/index.php?rest_route=%2Fwp%2Fv2%2Ffotografo&post=13841"}],"curies":[{"name":"wp","href":"https:\/\/api.w.org\/{rel}","templated":true}]}}