{"id":13854,"date":"2015-04-10T09:00:50","date_gmt":"2015-04-10T12:00:50","guid":{"rendered":"http:\/\/rioonwatch.org.br\/?p=13854"},"modified":"2023-10-30T12:48:24","modified_gmt":"2023-10-30T15:48:24","slug":"unidades-de-policia-pacificadora-upp-parte-3-2012","status":"publish","type":"post","link":"https:\/\/rioonwatch.org.br\/?p=13854","title":{"rendered":"Unidades de Pol\u00edcia Pacificadora (UPP) Parte 3: 2012"},"content":{"rendered":"<p><em>Essa \u00e9 a terceira parte de <a href=\"https:\/\/bit.ly\/2lLWi1G\" target=\"_blank\" rel=\"noopener\">uma s\u00e9rie de cinco<\/a> que documenta a\u00a0hist\u00f3ria e sequ\u00eancia das\u00a0Unidades de Pol\u00edcia Pacificadora. Clique para <a href=\"https:\/\/bit.ly\/478pyks\" target=\"_blank\" rel=\"noopener\">Parte 4<\/a>.<\/em><\/p>\n<p>Frederico Caldas, chefe da Unidade de Pol\u00edcia Pacificadora (<a href=\"http:\/\/bit.ly\/R5ueio\" target=\"_blank\" rel=\"noopener\">UPP<\/a>), admitiu em <a href=\"http:\/\/bit.ly\/1McLF8B\" target=\"_blank\" rel=\"noopener\">uma entrevista para a <em>BBC Brasil<\/em><\/a> que a pr\u00f3xima fase da UPP seria\u00a0uma rea\u00e7\u00e3o improvisada aos ataques \u00e0 pol\u00edcia em 2010. O <a href=\"http:\/\/bit.ly\/U0MiGm\" target=\"_blank\" rel=\"noopener\">Complexo do Alem\u00e3o<\/a>, conglomerado de favelas considerado uma das partes mais perigosas da cidade, foi alvejado pelos formuladores de pol\u00edticas p\u00fablicas na tentativa de atingir o cora\u00e7\u00e3o do tr\u00e1fico de drogas. Em novembro de 2011, 2700 oficiais de pol\u00edcia de v\u00e1rias unidades se deslocaram para as favelas em uma megaopera\u00e7\u00e3o criada para limpar o caminho para a implementa\u00e7\u00e3o das UPPs. Ao todo, 8 unidades foram acrescentadas ao Alem\u00e3o e ao bairro vizinho, <a href=\"http:\/\/bit.ly\/1rX07t8\" target=\"_blank\" rel=\"noopener\">Penha<\/a>, ambos na <a href=\"http:\/\/bit.ly\/WximDf\" target=\"_blank\" rel=\"noopener\">Zona Norte<\/a>, entre abril e agosto de 2012. A pacifica\u00e7\u00e3o do Alem\u00e3o, inicialmente, fez muito pela reputa\u00e7\u00e3o das UPPs. Ela marcou o momento em que a sociedade come\u00e7ou a acreditar no programa e no comprometimento do governo. A imagem dos traficantes de drogas fugindo desesperadamente da ocupa\u00e7\u00e3o da pol\u00edcia refor\u00e7ou a ideia de que o jogo poderia estar virando.<\/p>\n<p>Entretanto, inevitavelmente, a pacifica\u00e7\u00e3o n\u00e3o tem sido t\u00e3o simples. Em agosto de 2014 Caldas declarou que o Alem\u00e3o representava o &#8220;maior desafio&#8221; ao programa das UPPs. Entre a cont\u00ednua viol\u00eancia policial e a determina\u00e7\u00e3o dos traficantes de n\u00e3o conceder territ\u00f3rio pacificamente, fica claro que as coisas no Alem\u00e3o n\u00e3o t\u00eam sido f\u00e1ceis.<\/p>\n<p>Ap\u00f3s a conclus\u00e3o da pacifica\u00e7\u00e3o nas \u00e1reas do Alem\u00e3o e Penha, havia ainda duas opera\u00e7\u00f5es de pacifica\u00e7\u00e3o significativas na <a href=\"http:\/\/bit.ly\/1mNsDyk\" target=\"_blank\" rel=\"noopener\">Zona Sul<\/a> a serem implementadas. Primeiramente, o <a href=\"http:\/\/bit.ly\/XuDNKV\" target=\"_blank\" rel=\"noopener\">Vidigal<\/a>, que passou por crescente processo de gentrifica\u00e7\u00e3o e grande investimento desde que a UPP foi implementada. \u00a0Em seguida, Rocinha, a maior favela do Rio e, assim como o Alem\u00e3o, tradicional base operacional do Comando Vermelho. A <a href=\"http:\/\/bit.ly\/16w2zz1\" target=\"_blank\" rel=\"noopener\">Rocinha<\/a> viveu muitos dos mesmos problemas do Alem\u00e3o, e n\u00e3o se sabe ainda se a pacifica\u00e7\u00e3o trouxe seguran\u00e7a aos moradores da comunidade.<\/p>\n<h3>19. Vidigal\u00a0\u2014\u00a0Zona Sul<\/h3>\n<p><strong>Data da instala\u00e7\u00e3o:<\/strong> 18 de janeiro de 2012<\/p>\n<p><a href=\"http:\/\/rioonwatch.org.br\/wp-content\/uploads\/2015\/04\/UPP-Vidigal.jpg\"><img fetchpriority=\"high\" decoding=\"async\" class=\"aligncenter wp-image-13858\" title=\"A s\u00e9rie de debates Fala Vidigal discute a gentrifica\u00e7\u00e3o resultante da pacifica\u00e7\u00e3o\" src=\"http:\/\/rioonwatch.org.br\/wp-content\/uploads\/2015\/04\/UPP-Vidigal.jpg\" alt=\"\" width=\"620\" height=\"414\" srcset=\"https:\/\/rioonwatch.org.br\/wp-content\/uploads\/2015\/04\/UPP-Vidigal.jpg 1000w, https:\/\/rioonwatch.org.br\/wp-content\/uploads\/2015\/04\/UPP-Vidigal-396x264.jpg 396w, https:\/\/rioonwatch.org.br\/wp-content\/uploads\/2015\/04\/UPP-Vidigal-620x414.jpg 620w\" sizes=\"(max-width: 620px) 100vw, 620px\" \/><\/a><\/p>\n<p>J\u00e1 \u00e9 sabido que a pacifica\u00e7\u00e3o no <a href=\"http:\/\/bit.ly\/XuDNKV\" target=\"_blank\" rel=\"noopener\">Vidigal<\/a> teve um enorme impacto na comunidade. Os mirantes da favela, com suas vistas maravilhosas, d\u00e3o lugar hoje a festas que atraem as classes m\u00e9dia e alta da cidade. O turismo floresce e h\u00e1 grandes investimentos&#8211;nacionais e estrangeiros&#8211;de empreendedores esperando lucrar com esse &#8220;boom&#8221;. Na aus\u00eancia da <a href=\"http:\/\/bit.ly\/1vLPtIh\" target=\"_blank\" rel=\"noopener\">regulamenta\u00e7\u00e3o dos pre\u00e7os dos im\u00f3veis e alugu\u00e9is<\/a>, a gentrifica\u00e7\u00e3o se torna um efeito inevit\u00e1vel nas UPPs da Zona Sul. Apesar das <a href=\"http:\/\/bit.ly\/1qAc1ex\" target=\"_blank\" rel=\"noopener\">cr\u00edticas cr\u00f4nicas<\/a> dos moradores em rela\u00e7\u00e3o \u00e0 falta de investimento em infraestrutura, saneamento e outros servi\u00e7os p\u00fablicos, muitos deles estar\u00e3o suscet\u00edveis a estarem fora do mercado imobili\u00e1rio a longo prazo, devido aos altos pre\u00e7os dos im\u00f3veis. No Vidigal, esse processo j\u00e1 est\u00e1 em andamento. O Presidente da Associa\u00e7\u00e3o de Moradores estimou que <a href=\"http:\/\/glo.bo\/1JAMysg\" target=\"_blank\" rel=\"noopener\">30% da popula\u00e7\u00e3o da favela s\u00e3o novos moradores<\/a>. Mesmo quando os moradores antigos podem arcar com os custos de permanecer na comunidade, muitos se sentem desconfort\u00e1veis com a nova din\u00e2mica da favela, como foi abordado na s\u00e9rie de debates <a href=\"http:\/\/bit.ly\/1DFHShk\" target=\"_blank\" rel=\"noopener\">Fala Vidigal<\/a> de 2014.<\/p>\n<p><strong>Perspectivas de Moradores<\/strong><\/p>\n<blockquote><p>\u201cEu gostaria de saber porque a comunidade n\u00e3o pode fazer festas nas suas casas, j\u00e1 que \u00e0 partir de uma certa hora tem que parar. Eu queria saber porque o povo da comunidade n\u00e3o tem espa\u00e7o para fazer os seus bailes. Os jovens da comunidade n\u00e3o t\u00eam onde curtir, n\u00e3o t\u00eam onde dan\u00e7ar, n\u00e3o t\u00eam onde brincar. As casas das festas aqui que cobram quase R$80, R$90 ficam abertas at\u00e9 mais de tr\u00eas horas da madrugada e ningu\u00e9m para nada.&#8221; \u00a0<a href=\"http:\/\/bit.ly\/Xfv5To\" target=\"_blank\" rel=\"noopener\">Ivanete Alleluia<\/a>, integrante do AMAR (Associa\u00e7\u00e3o de Mulheres A\u00e7\u00e3o e Rea\u00e7\u00e3o)<\/p>\n<p>\u201cFaz-se urgente\u00a0desmilitarizar a pol\u00edcia\u2013n\u00e3o acabar com ela, mas mudar sua forma de atuar, e principalmente suas condi\u00e7\u00f5es de remunera\u00e7\u00e3o e trabalho. O \u00f3dio \u00e0 pol\u00edcia n\u00e3o \u00e9 contra\u00a0o fulano ou o beltrano que ficam de plant\u00e3o na sua viela. \u00c9 \u00e0 institui\u00e7\u00e3o\u00a0policial, como um todo, que est\u00e1 sem credibilidade. Ao mesmo tempo,\u00a0fazer o que tem que ser feito: tornar, realmente, a favela um territ\u00f3rio da cidade, com direito a saneamento, educa\u00e7\u00e3o e sa\u00fade.\u00a0Mas, pra ser sincera, acho que isso n\u00e3o vai acontecer.&#8221; \u2013\u00a0<a href=\"http:\/\/bit.ly\/1eNJI5p\" target=\"_blank\" rel=\"noopener\">Mariana Albanese<\/a>, jornalista e editora do Vidiga!<\/p><\/blockquote>\n<h3>20. Fazendinha \u2014 Zona Norte<\/h3>\n<p>Data da instala\u00e7\u00e3o: 18 de abril de 2012<\/p>\n<p><a href=\"http:\/\/rioonwatch.org.br\/wp-content\/uploads\/2015\/04\/Upp-Fazendinha.jpg\"><img decoding=\"async\" class=\"aligncenter wp-image-13860\" title=\"Policiais da UPP na Fazendinha. Foto: O Globo\" src=\"http:\/\/rioonwatch.org.br\/wp-content\/uploads\/2015\/04\/Upp-Fazendinha.jpg\" alt=\"Policiais da UPP na Fazendinha. Foto: O Globo\" width=\"620\" height=\"270\" srcset=\"https:\/\/rioonwatch.org.br\/wp-content\/uploads\/2015\/04\/Upp-Fazendinha.jpg 1000w, https:\/\/rioonwatch.org.br\/wp-content\/uploads\/2015\/04\/Upp-Fazendinha-607x264.jpg 607w, https:\/\/rioonwatch.org.br\/wp-content\/uploads\/2015\/04\/Upp-Fazendinha-620x270.jpg 620w\" sizes=\"(max-width: 620px) 100vw, 620px\" \/><\/a><\/p>\n<p>Nessa regi\u00e3o da <a href=\"http:\/\/bit.ly\/WximDf\" target=\"_blank\" rel=\"noopener\">Zona Norte<\/a> h\u00e1 um forte sentimento comum de que o que est\u00e1 acontecendo n\u00e3o \u00e9 o policiamento comunit\u00e1rio. Relatos de abuso de poder pela UPP t\u00eam sido frequentes e os moradores alegam que eles s\u00e3o alvo da pol\u00edcia simplesmente por serem do Complexo do Alem\u00e3o. Apenas quatro meses depois da implementa\u00e7\u00e3o na <a href=\"http:\/\/bit.ly\/1xJAeUx\" target=\"_blank\" rel=\"noopener\">Fazendinha<\/a>, os moradores acusaram oficiais da UPP de\u00a0<a href=\"http:\/\/glo.bo\/1AOMQV4\" target=\"_blank\" rel=\"noopener\">sequestrarem alguns moradores locais e mant\u00ea-los em cativeiro em troca de resgate<\/a>, tudo isso sob o conhecimento do comandante local. Em seguida, em novembro de 2012, Mario Lucas de Souza Pereira foi <a href=\"http:\/\/bit.ly\/18w1Bk4\" target=\"_blank\" rel=\"noopener\">morto a queima-roupa por policiais a paisana<\/a>\u00a0ap\u00f3s uma discuss\u00e3o no campo de futebol da comunidade. A morte de Mario Lucas levou \u00e0 cria\u00e7\u00e3o do coletivo <a href=\"http:\/\/bit.ly\/1a6n6vG\" target=\"_blank\" rel=\"noopener\">Ocupa Alem\u00e3o<\/a>, que luta contra a criminaliza\u00e7\u00e3o do espa\u00e7o p\u00fablico nas favelas.<\/p>\n<p>Apesar dos incidentes de abuso tornarem dif\u00edcil a empatia com a pol\u00edcia do Rio, devemos tamb\u00e9m reconhecer que os oficiais da UPP t\u00eam uma miss\u00e3o dif\u00edcil na <a href=\"http:\/\/bit.ly\/1xJAeUx\" target=\"_blank\" rel=\"noopener\">Fazendinha<\/a>. Reproduzindo reclama\u00e7\u00f5es t\u00edpicas de policiais atuando no Alem\u00e3o, um oficial da Fazendinha lamenta as suas condi\u00e7\u00f5es de trabalho <a href=\"http:\/\/bit.ly\/1CIC75D\" target=\"_blank\" rel=\"noopener\">nesse v\u00eddeo<\/a>, destacando que n\u00e3o h\u00e1 nem mesmo \u00e1gua corrente para os oficiais lavarem as m\u00e3os. Como isso afeta os moradores, essa falta de estrutura inevitavelmente afeta tamb\u00e9m a moral dos oficiais, al\u00e9m do alto n\u00edvel de stress envolvido no seu trabalho.<\/p>\n<p><strong>Perspectivas de Moradores<\/strong><\/p>\n<blockquote><p>&#8220;Pacificou o nosso morro, mas n\u00e3o h\u00e1 seguran\u00e7a nenhuma. Sou trabalhador, meus filhos s\u00e3o trabalhadores, e qual a seguran\u00e7a que a UPP pode dar para a gente?&#8221;\u00a0\u2013\u00a0<a href=\"http:\/\/bit.ly\/18w1Bk4\" target=\"_blank\" rel=\"noopener\">Alberto Silva<\/a>, morador da Fazendinha<\/p><\/blockquote>\n<h3>21. Nova Bras\u00edlia\u00a0\u2014\u00a0Zona Norte<\/h3>\n<p><strong>Data da instala\u00e7\u00e3o:<\/strong> 18 de abril de 2012<\/p>\n<p><a href=\"http:\/\/rioonwatch.org.br\/wp-content\/uploads\/2015\/04\/UPP-Nova-Brasilia.jpg\"><img decoding=\"async\" class=\"aligncenter wp-image-13861\" title=\"Policiais do BOPE em opera\u00e7\u00e3o na Nova Brasilia. Foto: Sandra de Souza\" src=\"http:\/\/rioonwatch.org.br\/wp-content\/uploads\/2015\/04\/UPP-Nova-Brasilia.jpg\" alt=\"Policiais do BOPE em opera\u00e7\u00e3o na Nova Brasilia. Foto: Sandra de Souza\" width=\"620\" height=\"467\" srcset=\"https:\/\/rioonwatch.org.br\/wp-content\/uploads\/2015\/04\/UPP-Nova-Brasilia.jpg 826w, https:\/\/rioonwatch.org.br\/wp-content\/uploads\/2015\/04\/UPP-Nova-Brasilia-351x264.jpg 351w, https:\/\/rioonwatch.org.br\/wp-content\/uploads\/2015\/04\/UPP-Nova-Brasilia-620x467.jpg 620w, https:\/\/rioonwatch.org.br\/wp-content\/uploads\/2015\/04\/UPP-Nova-Brasilia-174x131.jpg 174w, https:\/\/rioonwatch.org.br\/wp-content\/uploads\/2015\/04\/UPP-Nova-Brasilia-300x225.jpg 300w, https:\/\/rioonwatch.org.br\/wp-content\/uploads\/2015\/04\/UPP-Nova-Brasilia-70x53.jpg 70w\" sizes=\"(max-width: 620px) 100vw, 620px\" \/><\/a><\/p>\n<p>Pacificada no mesmo dia que a Fazendinha, <a href=\"http:\/\/bit.ly\/1jXfUbv\" target=\"_blank\" rel=\"noopener\">Nova Bras\u00edlia<\/a> teve sua experi\u00eancia com a UPP marcada pela viol\u00eancia. A comunidade ganhou o t\u00edtulo indesejado de primeira favela na qual um policial\u00a0da UPP foi morto. Apenas tr\u00eas meses ap\u00f3s a implementa\u00e7\u00e3o, traficantes de drogas atacaram o cont\u00eainer da UPP, <a href=\"http:\/\/glo.bo\/1EwLzYP\" target=\"_blank\" rel=\"noopener\">matando Fabiana Souza<\/a>, que estava atravessando a rua em dire\u00e7\u00e3o \u00e0 padaria. Em setembro de 2014, o comandante da UPP de\u00a0<a href=\"http:\/\/bit.ly\/1xuVgXp\" target=\"_blank\" rel=\"noopener\">Nova Bras\u00edlia<\/a> Uanderson Manuel da Silva, se tornou <a href=\"http:\/\/bit.ly\/1Bkf5jD\" target=\"_blank\" rel=\"noopener\">o primeiro comandante de UPP morto<\/a>. Em 8 de dezembro, <a href=\"http:\/\/glo.bo\/1Oa8rBS\" target=\"_blank\" rel=\"noopener\">quatro policiais\u00a0da comunidade foram feridos em tiroteios<\/a>. Esse \u00e9 um dos maiores enigmas do programa: o policiamento comunit\u00e1rio deveria envolver menos pol\u00edcia fortemente armada do que no passado (<a href=\"http:\/\/bit.ly\/18ou7Jj\" target=\"_blank\" rel=\"noopener\">e houve momentos convergindo para tal<\/a>). Uma justificativa para isso \u00e9 a de que ainda seria dif\u00edcil enquanto os criminosos estivessem em posse das armas de uso militar.<\/p>\n<p>Entretanto, basta olhar rapidamente para o grupo no <a href=\"http:\/\/on.fb.me\/1EM2s1D\" target=\"_blank\" rel=\"noopener\">Facebook da UPP de Nova Bras\u00edlia<\/a>\u00a0para ver que a pacifica\u00e7\u00e3o por meio do policiamento comunit\u00e1rio talvez n\u00e3o seja vista como a principal tarefa na mentalidade dos policiais. Em 2013, Wallace de Souza, de 21 anos e Joseph Alexandrino, de 19, <a href=\"http:\/\/bit.ly\/1Gru1PS\" target=\"_blank\" rel=\"noopener\">foram mortos por policiais\u00a0da UPP<\/a>, e os moradores descreveram os acontecimentos e as execu\u00e7\u00f5es. Em outubro de 2014, Marcos Vin\u00edcius Soares Heleno, de 17 anos, foi morto a tiros enquanto estava descarregando um caminh\u00e3o; a pol\u00edcia alegou que ele estava carregando uma arma, mas sua fam\u00edlia refuta fortemente essa vers\u00e3o dos acontecimentos. Tamb\u00e9m em 2014, Arlinda Bezerra das Chagas, de 72 anos, levou um tiro que,\u00a0segundo moradores, teria vindo de oficiais da UPP. Not\u00edcias ainda mais preocupantes vieram em setembro de 2014, quando a UPP implementou uma base de opera\u00e7\u00f5es dentro de uma escola da comunidade e <a href=\"http:\/\/bit.ly\/1DTiQd3\" target=\"_blank\" rel=\"noopener\">fotografias mostraram policiais\u00a0brandindo fuzis no playground<\/a>.<\/p>\n<p>Nova Bras\u00edlia recebeu um cinema em 3D e novos empreendimentos comerciais (incluindo um <a href=\"http:\/\/bit.ly\/1A4QNpy\" target=\"_blank\" rel=\"noopener\">bistr\u00f4 especializado em cervejas artesanais<\/a>) que salientou o potencial das UPPs de abrir caminho para novos investimentos. Entretanto, a viol\u00eancia policial e a presen\u00e7a ainda forte dos comandos de drogas continua a ofuscar not\u00edcias positivas para a comunidade.<\/p>\n<p><strong>Perspectivas de Moradores<\/strong><\/p>\n<blockquote><p>\u201c<em>Como \u00e9 que a gente vai viver aqui dentro s\u00f3 com pol\u00edcia? A gente precisa \u00e9 ocupar a cabe\u00e7a dessa garotada. Onde est\u00e3o as escolas, os hospitais? S\u00f3 fizeram essa UPA que n\u00e3o tem nem um paracetamol para dar ao povo, que dir\u00e1 um pediatra. S\u00f3 fizeram maquiagem aqui. Na real, a vida do povo piorou, pois essa pol\u00edcia acha que todos somos bandidos e nos tratam como tais. Chega! O Complexo do Alem\u00e3o acordou e n\u00e3o vai mais aceitar esses assassinatos. Nem tr\u00e1fico, nem pol\u00edcia.<\/em>\u201d \u2013 <a href=\"http:\/\/bit.ly\/1MfIu1P\" target=\"_blank\" rel=\"noopener\">Robert<\/a>, pastor e l\u00edder comunit\u00e1rio<\/p><\/blockquote>\n<h3>22. Morro do Adeus\/Baiana\u00a0\u2014\u00a0Zona Norte<\/h3>\n<p><strong>Data da instala\u00e7\u00e3o:<\/strong> 11 de maio de 2012<\/p>\n<p><a href=\"http:\/\/rioonwatch.org.br\/wp-content\/uploads\/2015\/04\/UPP-Morro-do-Adeus.jpg\"><img loading=\"lazy\" decoding=\"async\" class=\"aligncenter wp-image-13862\" title=\"Policiais da UPP do Morro do Adeus. Foto: Jadson Marques\" src=\"http:\/\/rioonwatch.org.br\/wp-content\/uploads\/2015\/04\/UPP-Morro-do-Adeus.jpg\" alt=\"Policiais da UPP do Morro do Adeus. Foto: Jadson Marques\" width=\"620\" height=\"413\" srcset=\"https:\/\/rioonwatch.org.br\/wp-content\/uploads\/2015\/04\/UPP-Morro-do-Adeus.jpg 640w, https:\/\/rioonwatch.org.br\/wp-content\/uploads\/2015\/04\/UPP-Morro-do-Adeus-397x264.jpg 397w, https:\/\/rioonwatch.org.br\/wp-content\/uploads\/2015\/04\/UPP-Morro-do-Adeus-620x413.jpg 620w\" sizes=\"(max-width: 620px) 100vw, 620px\" \/><\/a><\/p>\n<p>Um dos poucos pontos positivos vindos da pacifica\u00e7\u00e3o das comunidades do Alem\u00e3o \u00e9 que, fora em alguns poucos dias espec\u00edficos nos \u00faltimos meses\u00a0de 2014 e in\u00edcio de 2015, as escolas n\u00e3o tiveram que fechar suas portas. Antes das UPPs era comum as escolas fecharem por longos per\u00edodos&#8211;em 2007, <a href=\"http:\/\/bit.ly\/1aR8xyY\" target=\"_blank\" rel=\"noopener\">4000 crian\u00e7as passaram dois meses sem ir \u00e0 escola<\/a>&#8211;devido \u00e0 viol\u00eancia entre a pol\u00edcia e traficantes. Isso agora \u00e9 raridade, e as escolas s\u00e3o capazes de ensinar o curr\u00edculo inteiro com poucas interrup\u00e7\u00f5es, um fato que um comandante da UPP do Adeus salientou em <a href=\"http:\/\/bit.ly\/1BfVQq4\" target=\"_blank\" rel=\"noopener\">sua avalia\u00e7\u00e3o do programa<\/a>. Projetos suplementares de educa\u00e7\u00e3o facilitados pela pacifica\u00e7\u00e3o&#8211;como o <a href=\"http:\/\/bit.ly\/1NrcJVb\" target=\"_blank\" rel=\"noopener\">Mais Leitura<\/a>, no Morro do Adeus&#8211;s\u00e3o extremamente importantes para a legitimidade e sucesso geral das UPPs, ainda que sejam raros. \u00c9 amplamente sabido que a <a href=\"http:\/\/bit.ly\/184EQUr\" target=\"_blank\" rel=\"noopener\">UPP Social<\/a>, criada para aprofundar a inclus\u00e3o social em favelas pacificadas ao lado das unidades de pol\u00edcia, foi um\u00a0fracasso esmagador. O projeto foi ent\u00e3o substitu\u00eddo pelo <a href=\"http:\/\/bit.ly\/1y0PUgY\" target=\"_blank\" rel=\"noopener\">Rio+ Social<\/a>, com o debate sobre se esse ser\u00e1 um projeto bem sucedido em aberto. O especialista em seguran\u00e7a p\u00fablica Dr. Ignacio Cano argumenta que em muitas regi\u00f5es a UPP \u00e9 <a href=\"http:\/\/bit.ly\/1khs0WR\" target=\"_blank\" rel=\"noopener\">somente um programa de policiamento<\/a>.<\/p>\n<p>O\u00a0<a href=\"http:\/\/bit.ly\/1HyY3lj\" target=\"_blank\" rel=\"noopener\">Morro do Adeus e Baiana<\/a> n\u00e3o tiveram o mesmo n\u00edvel de conflito entre a pol\u00edcia e os moradores como em outras partes do Complexo do Alem\u00e3o, mas est\u00e1 claro que a UPP est\u00e1 se debatendo no seu esfor\u00e7o para controlar o territ\u00f3rio: tem sido amplamente relatado que a fac\u00e7\u00e3o Amigos dos Amigos tem o controle da favela ap\u00f3s assumir no lugar do Comando Vermelho.<\/p>\n<p><strong>Perspectivas de Moradores<\/strong><\/p>\n<blockquote><p>\u00a0&#8220;Parece que nada aconteceu, n\u00e9? N\u00f3s nos acostumamos a coisa muito pior. Mas eu tremo s\u00f3 de pensar que tudo aquilo n\u00e3o adiantou para nada&#8221; \u2013\u00a0<a href=\"http:\/\/bit.ly\/196SrzW\" target=\"_blank\" rel=\"noopener\">Maria Eug\u00eania dos Santos<\/a>, 61 anos, moradora, entrevistada ap\u00f3s um tiroteio<\/p><\/blockquote>\n<h3>23. Morro do Alem\u00e3o\/Pedra do Sapo\u00a0\u2014 Zona Norte<\/h3>\n<p><strong>Data da instala\u00e7\u00e3o:<\/strong> 30 de maio de 2012<\/p>\n<p><a href=\"http:\/\/rioonwatch.org.br\/wp-content\/uploads\/2015\/04\/UPP-morro-do-alemao.jpg\"><img loading=\"lazy\" decoding=\"async\" class=\"aligncenter wp-image-13863\" title=\"O Container da UPP da Pedra do Sapo j\u00e1 foi atacada v\u00e1rias vezes. Foto: Marcelo Carnaval \/ Ag\u00eancia O Globo\" src=\"http:\/\/rioonwatch.org.br\/wp-content\/uploads\/2015\/04\/UPP-morro-do-alemao.jpg\" alt=\"A UPP da Pedra do Sapo j\u00e1 foi atacada v\u00e1rias vezes. Foto: Marcelo Carnaval \/ Agencia O Globo\" width=\"620\" height=\"270\" srcset=\"https:\/\/rioonwatch.org.br\/wp-content\/uploads\/2015\/04\/UPP-morro-do-alemao.jpg 1000w, https:\/\/rioonwatch.org.br\/wp-content\/uploads\/2015\/04\/UPP-morro-do-alemao-607x264.jpg 607w, https:\/\/rioonwatch.org.br\/wp-content\/uploads\/2015\/04\/UPP-morro-do-alemao-620x270.jpg 620w\" sizes=\"(max-width: 620px) 100vw, 620px\" \/><\/a><\/p>\n<p>Em junho de 2014, Lucas Gustavo da Silva Louren\u00e7o, de 15 anos, e Gabriel Ferreira Medon\u00e7a, de 17, foram mortos a tiros por policiais durante um tiroteio no <a href=\"http:\/\/bit.ly\/1bqkwE2\" target=\"_blank\" rel=\"noopener\">Morro do Alem\u00e3o<\/a>. De acordo com sua fam\u00edlia, Lucas era um menino quieto, que despendia a maior parte de seu tempo jogando video-games e estava apenas voltando de um jogo de futebol. Negaram o acesso ao corpo \u00e0 fam\u00edlia de Lucas, que foi <a href=\"http:\/\/bit.ly\/1DTn2cC\" target=\"_blank\" rel=\"noopener\">arrastado pelo ch\u00e3o e jogado em uma van da pol\u00edcia<\/a>. Atrocidades desse tipo v\u00e3o\u00a0contra a ideia de que a pol\u00edcia est\u00e1 trabalhando para servir aos moradores. Como o primo de Lucas destaca abaixo, os oficiais das UPPs s\u00e3o extremamente despreparados para trabalhar nas favelas. Com o programa crescendo muito r\u00e1pido, jovens recrutas com pouca ou nenhuma experi\u00eancia s\u00e3o colocados em situa\u00e7\u00f5es delicadas ou, por outro lado, na falta de novos oficiais, aqueles que j\u00e1 fazem parte do &#8220;jeito tradicional de fazer as coisas&#8221; s\u00e3o recrutados. O treinamento para a UPP dura pouco menos de seis meses, enquanto especialistas sugerem que o necess\u00e1rio seria no m\u00ednimo doze meses \u00a0para o policiamento comunit\u00e1rio.<\/p>\n<p>Na Pedra do Sapo, o cont\u00eainer da UPP&#8211;que n\u00e3o \u00e9 a prova de balas&#8211;tem sido constantemente alvo das fac\u00e7\u00f5es do tr\u00e1fico. Um ataque recente <a href=\"http:\/\/bit.ly\/1wMw2U1\" target=\"_blank\" rel=\"noopener\">for\u00e7ou policiais\u00a0a se esconderem atr\u00e1s de geladeiras<\/a>. Nomes de policiais tamb\u00e9m t\u00eam sido pintados nas paredes da comunidade, marcados para a morte. De fato, uma das primeiras reclama\u00e7\u00f5es dos policiais das UPPs era a de que eles n\u00e3o tinham o equipamento e a prote\u00e7\u00e3o necess\u00e1rios para desempenhar seus pap\u00e9is, fatores que naturalmente afetaram a motiva\u00e7\u00e3o e senso de identifica\u00e7\u00e3o com o programa.<\/p>\n<p><strong>Perspectivas de Moradores<\/strong><\/p>\n<blockquote><p>&#8220;Infelizmente, esse \u00e9 o despreparo da nossa pol\u00edcia. Quem eles realmente t\u00eam que correr atr\u00e1s, eles n\u00e3o correm. Eles sabem aonde tem bandido, s\u00f3 que eles n\u00e3o v\u00e3o at\u00e9 l\u00e1, porque sabem que v\u00e3o encontrar resist\u00eancia, ent\u00e3o eles chegam aonde n\u00e3o tem resist\u00eancia e fazem o que fizeram com o meu primo e com o colega dele. Com seis meses de forma\u00e7\u00e3o, ningu\u00e9m vira policial em lugar nenhum. Essa forma\u00e7\u00e3o \u00e9 rid\u00edcula. Como um policial vai fazer incurs\u00e3o em favela cheia de morador, com seis meses de forma\u00e7\u00e3o? Isso n\u00e3o existe.&#8221; \u2013<em> <a href=\"http:\/\/bit.ly\/1DTn2cC\" target=\"_blank\" rel=\"noopener\">Primo de Lucas<\/a><\/em>, ferido no mesmo incidente<\/p><\/blockquote>\n<h3>24. F\u00e9\/ Sereno\u00a0\u2014\u00a0Zona Norte<\/h3>\n<p><strong>Data da instala\u00e7\u00e3o:<\/strong> 27 de junho de 2012<\/p>\n<p><a href=\"http:\/\/rioonwatch.org.br\/wp-content\/uploads\/2015\/04\/UPP-fe-e-sereno.jpg\"><img loading=\"lazy\" decoding=\"async\" class=\"aligncenter wp-image-13864\" title=\"A UPP do F\u00e9 e Sereno conquistou a popula\u00e7\u00e3o ao apoiar os eventos da comunidade. Foto: Agnaldo Santana\" src=\"http:\/\/rioonwatch.org.br\/wp-content\/uploads\/2015\/04\/UPP-fe-e-sereno.jpg\" alt=\"A UPP de F\u00e9 e Sereno conquistou a popula\u00e7\u00e3o ao apoiar os eventos da comunidade. Foto: Agnaldo Santana\" width=\"620\" height=\"322\" srcset=\"https:\/\/rioonwatch.org.br\/wp-content\/uploads\/2015\/04\/UPP-fe-e-sereno.jpg 700w, https:\/\/rioonwatch.org.br\/wp-content\/uploads\/2015\/04\/UPP-fe-e-sereno-508x264.jpg 508w, https:\/\/rioonwatch.org.br\/wp-content\/uploads\/2015\/04\/UPP-fe-e-sereno-620x322.jpg 620w\" sizes=\"(max-width: 620px) 100vw, 620px\" \/><\/a><\/p>\n<p>Em <a href=\"http:\/\/bit.ly\/1xuIl7S\" target=\"_blank\" rel=\"noopener\">F\u00e9 e Sereno<\/a>, localizadas no bairro da Penha, a UPP tem sido recebida de uma maneira menos hostil. De fato, em 2014, o comandante local, Leo Luldoff, foi <a href=\"http:\/\/bit.ly\/1Fm3U9x\" target=\"_blank\" rel=\"noopener\">nomeado pelos l\u00edderes da comunidade e moradores para a Medalha de Honra<\/a>, a condecora\u00e7\u00e3o mais alta do estado. Na mesma cerim\u00f4nia, dois de seus oficiais tamb\u00e9m foram reconhecidos por seu trabalho na comunidade, incluindo Raquel de Azevedo Ara\u00fajo, que <a href=\"http:\/\/bit.ly\/1GjXTKw\" target=\"_blank\" rel=\"noopener\">coordenou\u00a0atividades para as crian\u00e7as durante as f\u00e9rias<\/a>. Quando os oficiais da UPP tomam iniciativa para organizar eventos nas comunidades, eles passam a desafiar a id\u00e9ia de que as UPPs s\u00e3o apenas uma forma de policiamento; entretanto, esses exemplos s\u00e3o dif\u00edceis de se ver, particularmente no Alem\u00e3o e na Penha. Como as UPPs t\u00eam o controle muito limitado destas vastas \u00e1reas, tem sido imposs\u00edvel implementar o policiamento de proximidade por toda parte.<\/p>\n<p><strong>Perspectivas de Moradores<\/strong><\/p>\n<blockquote><p>&#8220;Sou nascida e criada aqui na comunidade. Antes, n\u00e3o tinha nada para os moradores. Se acontecia alguma coisa nos morros, era na Zona Sul. A sociedade est\u00e1 reconhecendo a comunidade.\u201d \u2013\u00a0<a href=\"http:\/\/bit.ly\/1aXzRLZ\" target=\"_blank\" rel=\"noopener\">Claudia Gomes<\/a>, moradora<\/p><\/blockquote>\n<h3>25. Chatuba\u00a0\u2014\u00a0Zona Norte<\/h3>\n<p><strong>Data da instala\u00e7\u00e3o:<\/strong> 27 de junho de 2012<\/p>\n<p><a href=\"http:\/\/rioonwatch.org.br\/wp-content\/uploads\/2015\/04\/UPP-Chatuba.jpg\"><img loading=\"lazy\" decoding=\"async\" class=\"aligncenter wp-image-13865\" title=\"Capit\u00e3o Leo Luldoff com crian\u00e7as no Chatuba. Foto: UPP Rio de Janeiro\" src=\"http:\/\/rioonwatch.org.br\/wp-content\/uploads\/2015\/04\/UPP-Chatuba.jpg\" alt=\"Capit\u00e3o Leo Luldoff com crian\u00e7as em Chatuba. Foto: UPP Rio de Janeiro\" width=\"620\" height=\"411\" srcset=\"https:\/\/rioonwatch.org.br\/wp-content\/uploads\/2015\/04\/UPP-Chatuba.jpg 700w, https:\/\/rioonwatch.org.br\/wp-content\/uploads\/2015\/04\/UPP-Chatuba-398x264.jpg 398w, https:\/\/rioonwatch.org.br\/wp-content\/uploads\/2015\/04\/UPP-Chatuba-620x411.jpg 620w\" sizes=\"(max-width: 620px) 100vw, 620px\" \/><\/a><\/p>\n<p>Em 2014, ap\u00f3s ter sido elogiado por seu trabalho em F\u00e9 e Sereno, Leo Luldoff foi transferido para <a href=\"http:\/\/bit.ly\/1yKmggA\" target=\"_blank\" rel=\"noopener\">Chatuba<\/a>,\u00a0localizada no Complexo da Penha,\u00a0onde se encontrou novamente sob os holofotes, dessa vez pelos motivos errados. Ele assinou um documento ordenando oficiais da comunidade a <a href=\"http:\/\/bit.ly\/184tu7W\" target=\"_blank\" rel=\"noopener\">removerem os cartuchos de bala nos locais onde foram disparados tiros<\/a>. Isso relembrou atos preocupantes do policiamento pr\u00e9-UPP, que tinha a transpar\u00eancia e a presta\u00e7\u00e3o de contas como grandes quest\u00f5es, e a pol\u00edcia fazia um grande esfor\u00e7o para assegurar que n\u00e3o seria responsabilizada por violar os direitos humanos. Outra controv\u00e9rsia surgiu quando oficiais\u00a0<a href=\"http:\/\/glo.bo\/1J9pYYC\" target=\"_blank\" rel=\"noopener\">foram filmados jogando explosivos caseiros na rua<\/a>, aparentemente sem motivo.<\/p>\n<p><strong>Perspectivas de Moradores<\/strong><\/p>\n<blockquote><p>\u201cEstavamos na Rua 9 quando fomos abordados por policiais que n\u00e3o tiveram a menor educa\u00e7\u00e3o com a gente, j\u00e1 chegaram agredindo.\u201d \u2013\u00a0<a href=\"http:\/\/bit.ly\/1Eu1iH8\" target=\"_blank\" rel=\"noopener\">Morador desconhecido<\/a><\/p><\/blockquote>\n<h3>26. Parque Prolet\u00e1rio \u2014 Zona Norte<\/h3>\n<p><strong>Data da instala\u00e7\u00e3o:<\/strong> 28 de agosto de 2012<\/p>\n<p><a href=\"http:\/\/rioonwatch.org.br\/wp-content\/uploads\/2015\/04\/UPP-Parque-proletario.jpg\"><img loading=\"lazy\" decoding=\"async\" class=\"aligncenter wp-image-13866\" title=\"Policiamento no Parque Proletario. Foto: Marcia Foletto \/ Ag\u00eancia O Globo\" src=\"http:\/\/rioonwatch.org.br\/wp-content\/uploads\/2015\/04\/UPP-Parque-proletario.jpg\" alt=\"Policiamento no Parque Proletario. Foto: Marcia Foletto \/ Agencia O Globo\" width=\"620\" height=\"372\" srcset=\"https:\/\/rioonwatch.org.br\/wp-content\/uploads\/2015\/04\/UPP-Parque-proletario.jpg 1000w, https:\/\/rioonwatch.org.br\/wp-content\/uploads\/2015\/04\/UPP-Parque-proletario-440x264.jpg 440w, https:\/\/rioonwatch.org.br\/wp-content\/uploads\/2015\/04\/UPP-Parque-proletario-620x372.jpg 620w\" sizes=\"(max-width: 620px) 100vw, 620px\" \/><\/a><\/p>\n<p><a href=\"http:\/\/bit.ly\/1EEjprz\" target=\"_blank\" rel=\"noopener\">Parque Prolet\u00e1rio<\/a>, localizado na Penha, tem vivido tempos de forte viol\u00eancia desde a implementa\u00e7\u00e3o da UPP. Em 2013, moradores acusaram oficiais da UPP de matar La\u00e9rcio Hil\u00e1rio da Luz Neto, de 17 anos, encontrado morto no telhado de uma casa, apesar de o laudo da aut\u00f3psia\u00a0<a href=\"http:\/\/bit.ly\/195G0Fr\" target=\"_blank\" rel=\"noopener\">sustentar que ele n\u00e3o fora assassinado<\/a>. Tr\u00eas \u00f4nibus foram queimados em um subsequente protesto, e alguns oficiais foram atacados com pedras. Em fevereiro de 2014, a oficial da UPP <a href=\"http:\/\/bit.ly\/195FLKw\" target=\"_blank\" rel=\"noopener\">Alda Castilho foi morta<\/a>, e tr\u00eas outros foram feridos. No dia seguinte, a Pol\u00edcia Militar trucidou seis jovens no <a href=\"http:\/\/bit.ly\/1C1eOOk\" target=\"_blank\" rel=\"noopener\">Juramento<\/a>, favela n\u00e3o pacificada, e h\u00e1 <a href=\"http:\/\/bit.ly\/1eNJI5p\" target=\"_blank\" rel=\"noopener\">fotagrafias mostrando os meninos estendidos nos degraus da favela<\/a>. Essa inconsist\u00eancia&#8211;nas \u00e1reas tur\u00edsticas h\u00e1 pacifica\u00e7\u00e3o, enquanto ao norte a mentalidade da guerra ainda prevalece&#8211;\u00e9 uma das raz\u00f5es para que a UPP esteja destinada a produzir um impacto limitado.<\/p>\n<p>Os oficiais relatam o medo que sentem quando est\u00e3o patrulhando as ruas do Parque Prolet\u00e1rio (especialmente em uma regi\u00e3o conhecida como Rua 29); e os ataques aos policiais ocorridos no passado parecem completamente imprevis\u00edveis em sua pr\u00f3pria ess\u00eancia e temporalidade. Na \u00e9poca do ataque que matou Alda Castilho, os oficiais fizeram uma estimativa de que estavam <a href=\"http:\/\/bit.ly\/195GiMA\" target=\"_blank\" rel=\"noopener\">sendo atacados a cada dois ou tr\u00eas dias<\/a>. Os oficiais tamb\u00e9m reclamam da carga de trabalho de 12 horas&#8211;que muitas vezes \u00e9 extendida&#8211;com apenas 36 horas de folga. Eles argumentam que devido \u00e0 tens\u00e3o e estresse envolvido no trabalho na favela, o tempo de folga deveria ser extendido para 48 horas. Esse \u00e9 um pedido razo\u00e1vel para a regi\u00e3o, que tem um dos pontos de UPP mais perigosos da cidade.<\/p>\n<p><strong>Perspectivas de Moradores<\/strong><\/p>\n<blockquote><p>\u201cA gente espera uma parceria com a pol\u00edcia.\u00a0Hoje a gente n\u00e3o quer ver a pol\u00edcia como o vil\u00e3o da hist\u00f3ria, a gente quer ver a pol\u00edcia como uma parceira&#8230; Melhorou muito. Eu estou dando uma entrevista agora, que antes n\u00e3o podia.\u201d \u2013\u00a0<a href=\"http:\/\/bit.ly\/18DYM5K\" target=\"_blank\" rel=\"noopener\">Robson<\/a>, l\u00edder comunit\u00e1rio<\/p><\/blockquote>\n<h3>27. Vila Cruzeiro \u2014 Zona Norte<\/h3>\n<p><strong>Data de instala\u00e7\u00e3o:<\/strong> 28 de agosto de 2012<\/p>\n<p><a href=\"http:\/\/rioonwatch.org.br\/wp-content\/uploads\/2015\/04\/Vila-Cruzeiro-tiroteio.jpg\"><img loading=\"lazy\" decoding=\"async\" class=\"aligncenter wp-image-13867\" title=\"Confronto entre traficantes e policiais na Vila Cruzeiro em 2014\" src=\"http:\/\/rioonwatch.org.br\/wp-content\/uploads\/2015\/04\/Vila-Cruzeiro-tiroteio.jpg\" alt=\"Confronto entre traficantes e policiais na Vila Cruzeiro em 2014.\" width=\"620\" height=\"420\" srcset=\"https:\/\/rioonwatch.org.br\/wp-content\/uploads\/2015\/04\/Vila-Cruzeiro-tiroteio.jpg 797w, https:\/\/rioonwatch.org.br\/wp-content\/uploads\/2015\/04\/Vila-Cruzeiro-tiroteio-390x264.jpg 390w, https:\/\/rioonwatch.org.br\/wp-content\/uploads\/2015\/04\/Vila-Cruzeiro-tiroteio-620x420.jpg 620w\" sizes=\"(max-width: 620px) 100vw, 620px\" \/><\/a><\/p>\n<p><a href=\"http:\/\/bit.ly\/1mNtUEw\" target=\"_blank\" rel=\"noopener\">Vila Cruzeiro<\/a>, conectada ao Parque Prolet\u00e1rio pela j\u00e1 citada Rua 29, foi a \u00faltima favela a ser pacificada nos bairros do Alem\u00e3o e Penha. O Sebrae visitou a Vila Cruzeiro para implementar o Com\u00e9rcio Legal, projeto apoiado pela UPP com o <a href=\"http:\/\/bit.ly\/1wU4gFg\" target=\"_blank\" rel=\"noopener\">intuito de legalizar neg\u00f3cios na \u00e1rea<\/a>. Com o comparecimento de 70 donos de neg\u00f3cios no primeiro evento, ele foi sem d\u00favida um sucesso e mostrou que a UPP pode ter um impacto social mais amplo.<\/p>\n<p>Entretanto, em quase todas as favelas do Alem\u00e3o, a viol\u00eancia da pol\u00edcia e a cont\u00ednua presen\u00e7a de traficantes de drogas t\u00eam levado os moradores a questionar se a UPP trouxe melhorias substanciais para a comunidade. Em mar\u00e7o de 2012, pouco antes dos oficiais da UPP chegarem, oficiais da For\u00e7a Pacificadora foram acusados de <a href=\"http:\/\/glo.bo\/1GyrHGW\" target=\"_blank\" rel=\"noopener\">levar um menino de 22 anos para dentro da floresta, amarr\u00e1-lo a uma \u00e1rvore e quebrar seu bra\u00e7o<\/a>. Mais recentemente, na semana antes do carnaval de 2015, o motorista de moto-t\u00e1xi Diego Algarves levou um tiro nas costas e foi morto enquanto voltava para casa de uma festa. Jos\u00e9 Beltrame descreveu o ocorrido como uma desastrosa opera\u00e7\u00e3o da pol\u00edcia.<\/p>\n<p><strong>Perspectivas de Moradores<\/strong><\/p>\n<blockquote><p>\u201c\u00c9 muito triste. A gente pode constatar que quando [a pol\u00edcia] foi fazer a busca as pessoas n\u00e3o estavam em casa, ent\u00e3o eles entraram nas casas e quebraram tudo, e t\u00eam relatos de que sumiram coisas; sumiu celular, sumiu dinheiro. Isso \u00e9 muito triste, sabemos que as pessoas trabalham para conseguir suas coisas e acontece isso.\u201d \u2013\u00a0<a href=\"http:\/\/bit.ly\/1x5I2Qj\" target=\"_blank\" rel=\"noopener\">Nilton Gomes<\/a>, l\u00edder comunit\u00e1rio<\/p><\/blockquote>\n<h3>28. Rocinha \u2014 \u00a0Zona Sul<\/h3>\n<p><strong>Data de instala\u00e7\u00e3o:<\/strong> 20 de setembro de 2012<\/p>\n<p><a href=\"http:\/\/rioonwatch.org.br\/wp-content\/uploads\/2015\/04\/Amarildo-Rocinha1.jpg\"><img loading=\"lazy\" decoding=\"async\" class=\"aligncenter wp-image-13868 size-full\" title=\"Onde est\u00e1 amarildo? Foto: Rio de Paz\" src=\"http:\/\/rioonwatch.org.br\/wp-content\/uploads\/2015\/04\/Amarildo-Rocinha1.jpg\" alt=\"Onde est\u00e1 amarildo? Foto: Rio de Paz\" width=\"620\" height=\"337\" srcset=\"https:\/\/rioonwatch.org.br\/wp-content\/uploads\/2015\/04\/Amarildo-Rocinha1.jpg 620w, https:\/\/rioonwatch.org.br\/wp-content\/uploads\/2015\/04\/Amarildo-Rocinha1-486x264.jpg 486w\" sizes=\"(max-width: 620px) 100vw, 620px\" \/><\/a><\/p>\n<p>O mais descarado e chocante exemplo de abuso policial veio da <a href=\"http:\/\/bit.ly\/1HwDlzl\" target=\"_blank\" rel=\"noopener\">Rocinha<\/a>. Como a favela era o cora\u00e7\u00e3o das opera\u00e7\u00f5es do Comando Vermelho, era de se esperar que a implementa\u00e7\u00e3o da UPP fosse um dos maiores testes. Entretanto, o desafio se tornou ainda mais intenso desde o assassinato do pedreiro <a href=\"http:\/\/glo.bo\/15iJBsV\" target=\"_blank\" rel=\"noopener\">Amarildo dos Santos<\/a> em 2013. Caso que ganhou repercuss\u00e3o nacional e internacional, <a href=\"http:\/\/bit.ly\/1aR8al5\" target=\"_blank\" rel=\"noopener\">Amarildo<\/a> foi torturado durante 40 minutos por quatro oficiais da UPP antes de ser descartado no mato da regi\u00e3o. Outros <a href=\"http:\/\/glo.bo\/1CbvmnQ\" target=\"_blank\" rel=\"noopener\">25 oficiais estavam cientes da tortura<\/a>, mas n\u00e3o fizeram nada para impedir, e o <a href=\"http:\/\/glo.bo\/1BTLRHg\" target=\"_blank\" rel=\"noopener\">seu corpo s\u00f3 foi encontrado duas semanas depois<\/a>. Esse foi talvez o momento em que a opini\u00e3o p\u00fablica sobre as UPPs mudou: quando a m\u00eddia nacional come\u00e7ou a publicar hist\u00f3rias dos abuso que os policiais tinham previamente omitido, os pol\u00edticos n\u00e3o podiam mais se utilizar da ret\u00f3rica de que a pol\u00edcia pacificadora estava implementando uma nova filosofia. Os moradores da Rocinha reclamam frequentemente de <a href=\"http:\/\/glo.bo\/195HvU9\" target=\"_blank\" rel=\"noopener\">torturas, amea\u00e7as<\/a> e <a href=\"http:\/\/bit.ly\/1aXDL7M\" target=\"_blank\" rel=\"noopener\">invas\u00f5es de suas casas<\/a>, e muitos dizem se sentir menos seguros agora do que antes da pacifica\u00e7\u00e3o.<\/p>\n<p><strong>Perspectivas de Moradores<\/strong><\/p>\n<blockquote><p>&#8220;Quem dera se os problemas da Rocinha fossem apenas seguran\u00e7a. Aqui falta o b\u00e1sico.&#8221; \u2013\u00a0<a href=\"http:\/\/bit.ly\/1s9WdfP\" target=\"_blank\" rel=\"noopener\">Carlos Eduardo Barbosa<\/a>, l\u00edder comunit\u00e1rio<\/p>\n<p>&#8220;Antes, n\u00f3s sab\u00edamos que t\u00ednhamos um poder armado e pod\u00edamos caminhar em paz. Agora, existem duas for\u00e7as e em qualquer momento voc\u00ea pode estar no meio de um conflito. Quando eu vejo como a Rocinha \u00e9 agora, eu fico triste. A UPP morreu quando Amarildo morreu, e a situa\u00e7\u00e3o da Rocinha \u00e9 semelhante ao Complexo do Alem\u00e3o. Eu rezo e acredito que a Rocinha ir\u00e1 ficar melhor.&#8221; \u2013\u00a0<a href=\"http:\/\/bit.ly\/1s9WdfP\" target=\"_blank\" rel=\"noopener\">Eliana<\/a>, moradora<\/p><\/blockquote>\n<h4><em>Essa \u00e9 a terceira parte de <a href=\"https:\/\/bit.ly\/2lLWi1G\" target=\"_blank\" rel=\"noopener\">uma s\u00e9rie de cinco<\/a> que documenta a\u00a0hist\u00f3ria e sequ\u00eancia das\u00a0Unidades de Pol\u00edcia Pacificadora. Clique para <a href=\"https:\/\/bit.ly\/478pyks\" target=\"_blank\" rel=\"noopener\">Parte 4<\/a>.<\/em><\/h4>\n<!-- AddThis Advanced Settings generic via filter on the_content --><!-- AddThis Share Buttons generic via filter on the_content -->","protected":false},"excerpt":{"rendered":"<div class=\"mh-excerpt\"><p>Essa \u00e9 a terceira parte de uma s\u00e9rie de cinco que documenta a\u00a0hist\u00f3ria e sequ\u00eancia das\u00a0Unidades de Pol\u00edcia Pacificadora. Clique para Parte 4. Frederico Caldas, chefe da Unidade de Pol\u00edcia Pacificadora (UPP), admitiu em uma <a class=\"mh-excerpt-more\" href=\"https:\/\/rioonwatch.org.br\/?p=13854\" title=\"Unidades de Pol\u00edcia Pacificadora (UPP) Parte 3: 2012\">[&#8230;]<\/a><!-- AddThis Advanced Settings generic via filter on get_the_excerpt --><!-- AddThis Share Buttons generic via filter on get_the_excerpt --><\/p>\n<\/div>","protected":false},"author":137,"featured_media":13856,"comment_status":"closed","ping_status":"closed","sticky":false,"template":"","format":"standard","meta":{"_acf_changed":false,"_monsterinsights_skip_tracking":false,"_monsterinsights_sitenote_active":false,"_monsterinsights_sitenote_note":"","_monsterinsights_sitenote_category":0,"footnotes":""},"categories":[344,1620],"tags":[1474,887,217,1471,1372,261,835,1465,1466,1183,1467,1468,646,1469,1470,498,774,1472,1473,16,1407,562,92,353,354,1001,52,218],"writer":[1007],"translator":[1176],"source":[],"ilustrador":[],"fotografo":[],"class_list":{"0":"post-13854","1":"post","2":"type-post","3":"status-publish","4":"format-standard","5":"has-post-thumbnail","7":"category-politicas","8":"category-olhonaupp","9":"tag-amarildo","10":"tag-chatuba","11":"tag-complexo-do-alemao","12":"tag-corrupcao-policial","13":"tag-grande-rio","14":"tag-morro-da-baiana","15":"tag-morro-da-fazendinha","16":"tag-morro-da-fe","17":"tag-morro-do-adeus","18":"tag-morro-do-alemao","19":"tag-morro-do-juramento","20":"tag-morro-do-sereno","21":"tag-nova-brasilia","22":"tag-parque-proletario","23":"tag-pedra-do-sapo","24":"tag-penha","25":"tag-policia-militar","26":"tag-reforma-politica","27":"tag-rio-social","28":"tag-rocinha","29":"tag-serie-upp","30":"tag-trafico-de-drogas","31":"tag-upp","32":"tag-upp-social","33":"tag-vidigal","34":"tag-vila-cruzeiro","35":"tag-violencia-policial","36":"tag-zona-norte","37":"writer-patrick-ashcroft","38":"translator-fernanda-lacerda"},"acf":[],"yoast_head":"<!-- This site is optimized with the Yoast SEO plugin v25.6 - https:\/\/yoast.com\/wordpress\/plugins\/seo\/ -->\n<title>Unidades de Pol\u00edcia Pacificadora (UPP) Parte 3: 2012 - RioOnWatch<\/title>\n<meta name=\"robots\" content=\"index, follow, max-snippet:-1, max-image-preview:large, max-video-preview:-1\" \/>\n<link rel=\"canonical\" href=\"https:\/\/rioonwatch.org.br\/?p=13854\" \/>\n<meta property=\"og:locale\" content=\"pt_BR\" \/>\n<meta property=\"og:type\" content=\"article\" \/>\n<meta property=\"og:title\" content=\"Unidades de Pol\u00edcia Pacificadora (UPP) Parte 3: 2012 - RioOnWatch\" \/>\n<meta property=\"og:description\" content=\"Essa \u00e9 a terceira parte de uma s\u00e9rie de cinco que documenta a\u00a0hist\u00f3ria e sequ\u00eancia das\u00a0Unidades de Pol\u00edcia Pacificadora. Clique para Parte 4. Frederico Caldas, chefe da Unidade de Pol\u00edcia Pacificadora (UPP), admitiu em uma [...]\" \/>\n<meta property=\"og:url\" content=\"https:\/\/rioonwatch.org.br\/?p=13854\" \/>\n<meta property=\"og:site_name\" content=\"RioOnWatch\" \/>\n<meta property=\"article:published_time\" content=\"2015-04-10T12:00:50+00:00\" \/>\n<meta property=\"article:modified_time\" content=\"2023-10-30T15:48:24+00:00\" \/>\n<meta property=\"og:image\" content=\"https:\/\/rioonwatch.org.br\/wp-content\/uploads\/2015\/04\/UPP-Rocinha.jpg\" \/>\n\t<meta property=\"og:image:width\" content=\"1000\" \/>\n\t<meta property=\"og:image:height\" content=\"442\" \/>\n\t<meta property=\"og:image:type\" content=\"image\/jpeg\" \/>\n<meta name=\"author\" content=\"Nicole Froio\" \/>\n<meta name=\"twitter:card\" content=\"summary_large_image\" \/>\n<meta name=\"twitter:label1\" content=\"Escrito por\" \/>\n\t<meta name=\"twitter:data1\" content=\"Nicole Froio\" \/>\n\t<meta name=\"twitter:label2\" content=\"Est. tempo de leitura\" \/>\n\t<meta name=\"twitter:data2\" content=\"21 minutos\" \/>\n<script type=\"application\/ld+json\" class=\"yoast-schema-graph\">{\"@context\":\"https:\/\/schema.org\",\"@graph\":[{\"@type\":\"Article\",\"@id\":\"https:\/\/rioonwatch.org.br\/?p=13854#article\",\"isPartOf\":{\"@id\":\"https:\/\/rioonwatch.org.br\/?p=13854\"},\"author\":{\"name\":\"Nicole Froio\",\"@id\":\"https:\/\/rioonwatch.org.br\/#\/schema\/person\/e07d559fe2154d11fd3ec515e35695ee\"},\"headline\":\"Unidades de Pol\u00edcia Pacificadora (UPP) Parte 3: 2012\",\"datePublished\":\"2015-04-10T12:00:50+00:00\",\"dateModified\":\"2023-10-30T15:48:24+00:00\",\"mainEntityOfPage\":{\"@id\":\"https:\/\/rioonwatch.org.br\/?p=13854\"},\"wordCount\":3653,\"publisher\":{\"@id\":\"https:\/\/rioonwatch.org.br\/#organization\"},\"image\":{\"@id\":\"https:\/\/rioonwatch.org.br\/?p=13854#primaryimage\"},\"thumbnailUrl\":\"https:\/\/rioonwatch.org.br\/wp-content\/uploads\/2015\/04\/UPP-Rocinha.jpg\",\"keywords\":[\"Amarildo\",\"Chatuba\",\"Complexo do Alem\u00e3o\",\"corrup\u00e7\u00e3o policial\",\"Grande Rio\",\"Morro da Baiana\",\"Morro da Fazendinha\",\"Morro da F\u00e9\",\"Morro do Adeus\",\"Morro do Alem\u00e3o\",\"Morro do Juramento\",\"Morro do Sereno\",\"Nova Bras\u00edlia\",\"Parque Prolet\u00e1rio\",\"Pedra do Sapo\",\"Penha\",\"Pol\u00edcia Militar\",\"reforma pol\u00edtica\",\"Rio+ Social\",\"Rocinha\",\"S\u00e9rie: UPP\",\"tr\u00e1fico de drogas\",\"UPP\",\"UPP Social\",\"Vidigal\",\"Vila Cruzeiro\",\"viol\u00eancia policial\",\"Zona Norte\"],\"articleSection\":[\"Pol\u00edticas\",\"Seguran\u00e7a P\u00fablica\"],\"inLanguage\":\"pt-BR\"},{\"@type\":\"WebPage\",\"@id\":\"https:\/\/rioonwatch.org.br\/?p=13854\",\"url\":\"https:\/\/rioonwatch.org.br\/?p=13854\",\"name\":\"Unidades de Pol\u00edcia Pacificadora (UPP) Parte 3: 2012 - RioOnWatch\",\"isPartOf\":{\"@id\":\"https:\/\/rioonwatch.org.br\/#website\"},\"primaryImageOfPage\":{\"@id\":\"https:\/\/rioonwatch.org.br\/?p=13854#primaryimage\"},\"image\":{\"@id\":\"https:\/\/rioonwatch.org.br\/?p=13854#primaryimage\"},\"thumbnailUrl\":\"https:\/\/rioonwatch.org.br\/wp-content\/uploads\/2015\/04\/UPP-Rocinha.jpg\",\"datePublished\":\"2015-04-10T12:00:50+00:00\",\"dateModified\":\"2023-10-30T15:48:24+00:00\",\"breadcrumb\":{\"@id\":\"https:\/\/rioonwatch.org.br\/?p=13854#breadcrumb\"},\"inLanguage\":\"pt-BR\",\"potentialAction\":[{\"@type\":\"ReadAction\",\"target\":[\"https:\/\/rioonwatch.org.br\/?p=13854\"]}]},{\"@type\":\"ImageObject\",\"inLanguage\":\"pt-BR\",\"@id\":\"https:\/\/rioonwatch.org.br\/?p=13854#primaryimage\",\"url\":\"https:\/\/rioonwatch.org.br\/wp-content\/uploads\/2015\/04\/UPP-Rocinha.jpg\",\"contentUrl\":\"https:\/\/rioonwatch.org.br\/wp-content\/uploads\/2015\/04\/UPP-Rocinha.jpg\",\"width\":1000,\"height\":442},{\"@type\":\"BreadcrumbList\",\"@id\":\"https:\/\/rioonwatch.org.br\/?p=13854#breadcrumb\",\"itemListElement\":[{\"@type\":\"ListItem\",\"position\":1,\"name\":\"In\u00edcio\",\"item\":\"https:\/\/rioonwatch.org.br\/\"},{\"@type\":\"ListItem\",\"position\":2,\"name\":\"Unidades de Pol\u00edcia Pacificadora (UPP) Parte 3: 2012\"}]},{\"@type\":\"WebSite\",\"@id\":\"https:\/\/rioonwatch.org.br\/#website\",\"url\":\"https:\/\/rioonwatch.org.br\/\",\"name\":\"RioOnWatch\",\"description\":\"relatos das favelas cariocas\",\"publisher\":{\"@id\":\"https:\/\/rioonwatch.org.br\/#organization\"},\"potentialAction\":[{\"@type\":\"SearchAction\",\"target\":{\"@type\":\"EntryPoint\",\"urlTemplate\":\"https:\/\/rioonwatch.org.br\/?s={search_term_string}\"},\"query-input\":{\"@type\":\"PropertyValueSpecification\",\"valueRequired\":true,\"valueName\":\"search_term_string\"}}],\"inLanguage\":\"pt-BR\"},{\"@type\":\"Organization\",\"@id\":\"https:\/\/rioonwatch.org.br\/#organization\",\"name\":\"RioOnWatch\",\"url\":\"https:\/\/rioonwatch.org.br\/\",\"logo\":{\"@type\":\"ImageObject\",\"inLanguage\":\"pt-BR\",\"@id\":\"https:\/\/rioonwatch.org.br\/#\/schema\/logo\/image\/\",\"url\":\"https:\/\/rioonwatch.org.br\/wp-content\/uploads\/2021\/06\/RioOnWatchcabecalhoPT11anos-2.png\",\"contentUrl\":\"https:\/\/rioonwatch.org.br\/wp-content\/uploads\/2021\/06\/RioOnWatchcabecalhoPT11anos-2.png\",\"width\":779,\"height\":277,\"caption\":\"RioOnWatch\"},\"image\":{\"@id\":\"https:\/\/rioonwatch.org.br\/#\/schema\/logo\/image\/\"}},{\"@type\":\"Person\",\"@id\":\"https:\/\/rioonwatch.org.br\/#\/schema\/person\/e07d559fe2154d11fd3ec515e35695ee\",\"name\":\"Nicole Froio\",\"image\":{\"@type\":\"ImageObject\",\"inLanguage\":\"pt-BR\",\"@id\":\"https:\/\/rioonwatch.org.br\/#\/schema\/person\/image\/\",\"url\":\"https:\/\/secure.gravatar.com\/avatar\/0acdbd6878ca0ac29aa5ce6c6119d636?s=96&d=blank&r=g\",\"contentUrl\":\"https:\/\/secure.gravatar.com\/avatar\/0acdbd6878ca0ac29aa5ce6c6119d636?s=96&d=blank&r=g\",\"caption\":\"Nicole Froio\"},\"url\":\"https:\/\/rioonwatch.org.br\/?author=137\"}]}<\/script>\n<!-- \/ Yoast SEO plugin. -->","yoast_head_json":{"title":"Unidades de Pol\u00edcia Pacificadora (UPP) Parte 3: 2012 - RioOnWatch","robots":{"index":"index","follow":"follow","max-snippet":"max-snippet:-1","max-image-preview":"max-image-preview:large","max-video-preview":"max-video-preview:-1"},"canonical":"https:\/\/rioonwatch.org.br\/?p=13854","og_locale":"pt_BR","og_type":"article","og_title":"Unidades de Pol\u00edcia Pacificadora (UPP) Parte 3: 2012 - RioOnWatch","og_description":"Essa \u00e9 a terceira parte de uma s\u00e9rie de cinco que documenta a\u00a0hist\u00f3ria e sequ\u00eancia das\u00a0Unidades de Pol\u00edcia Pacificadora. Clique para Parte 4. Frederico Caldas, chefe da Unidade de Pol\u00edcia Pacificadora (UPP), admitiu em uma [...]","og_url":"https:\/\/rioonwatch.org.br\/?p=13854","og_site_name":"RioOnWatch","article_published_time":"2015-04-10T12:00:50+00:00","article_modified_time":"2023-10-30T15:48:24+00:00","og_image":[{"width":1000,"height":442,"url":"https:\/\/rioonwatch.org.br\/wp-content\/uploads\/2015\/04\/UPP-Rocinha.jpg","type":"image\/jpeg"}],"author":"Nicole Froio","twitter_card":"summary_large_image","twitter_misc":{"Escrito por":"Nicole Froio","Est. tempo de leitura":"21 minutos"},"schema":{"@context":"https:\/\/schema.org","@graph":[{"@type":"Article","@id":"https:\/\/rioonwatch.org.br\/?p=13854#article","isPartOf":{"@id":"https:\/\/rioonwatch.org.br\/?p=13854"},"author":{"name":"Nicole Froio","@id":"https:\/\/rioonwatch.org.br\/#\/schema\/person\/e07d559fe2154d11fd3ec515e35695ee"},"headline":"Unidades de Pol\u00edcia Pacificadora (UPP) Parte 3: 2012","datePublished":"2015-04-10T12:00:50+00:00","dateModified":"2023-10-30T15:48:24+00:00","mainEntityOfPage":{"@id":"https:\/\/rioonwatch.org.br\/?p=13854"},"wordCount":3653,"publisher":{"@id":"https:\/\/rioonwatch.org.br\/#organization"},"image":{"@id":"https:\/\/rioonwatch.org.br\/?p=13854#primaryimage"},"thumbnailUrl":"https:\/\/rioonwatch.org.br\/wp-content\/uploads\/2015\/04\/UPP-Rocinha.jpg","keywords":["Amarildo","Chatuba","Complexo do Alem\u00e3o","corrup\u00e7\u00e3o policial","Grande Rio","Morro da Baiana","Morro da Fazendinha","Morro da F\u00e9","Morro do Adeus","Morro do Alem\u00e3o","Morro do Juramento","Morro do Sereno","Nova Bras\u00edlia","Parque Prolet\u00e1rio","Pedra do Sapo","Penha","Pol\u00edcia Militar","reforma pol\u00edtica","Rio+ Social","Rocinha","S\u00e9rie: UPP","tr\u00e1fico de drogas","UPP","UPP Social","Vidigal","Vila Cruzeiro","viol\u00eancia policial","Zona Norte"],"articleSection":["Pol\u00edticas","Seguran\u00e7a P\u00fablica"],"inLanguage":"pt-BR"},{"@type":"WebPage","@id":"https:\/\/rioonwatch.org.br\/?p=13854","url":"https:\/\/rioonwatch.org.br\/?p=13854","name":"Unidades de Pol\u00edcia Pacificadora (UPP) Parte 3: 2012 - RioOnWatch","isPartOf":{"@id":"https:\/\/rioonwatch.org.br\/#website"},"primaryImageOfPage":{"@id":"https:\/\/rioonwatch.org.br\/?p=13854#primaryimage"},"image":{"@id":"https:\/\/rioonwatch.org.br\/?p=13854#primaryimage"},"thumbnailUrl":"https:\/\/rioonwatch.org.br\/wp-content\/uploads\/2015\/04\/UPP-Rocinha.jpg","datePublished":"2015-04-10T12:00:50+00:00","dateModified":"2023-10-30T15:48:24+00:00","breadcrumb":{"@id":"https:\/\/rioonwatch.org.br\/?p=13854#breadcrumb"},"inLanguage":"pt-BR","potentialAction":[{"@type":"ReadAction","target":["https:\/\/rioonwatch.org.br\/?p=13854"]}]},{"@type":"ImageObject","inLanguage":"pt-BR","@id":"https:\/\/rioonwatch.org.br\/?p=13854#primaryimage","url":"https:\/\/rioonwatch.org.br\/wp-content\/uploads\/2015\/04\/UPP-Rocinha.jpg","contentUrl":"https:\/\/rioonwatch.org.br\/wp-content\/uploads\/2015\/04\/UPP-Rocinha.jpg","width":1000,"height":442},{"@type":"BreadcrumbList","@id":"https:\/\/rioonwatch.org.br\/?p=13854#breadcrumb","itemListElement":[{"@type":"ListItem","position":1,"name":"In\u00edcio","item":"https:\/\/rioonwatch.org.br\/"},{"@type":"ListItem","position":2,"name":"Unidades de Pol\u00edcia Pacificadora (UPP) Parte 3: 2012"}]},{"@type":"WebSite","@id":"https:\/\/rioonwatch.org.br\/#website","url":"https:\/\/rioonwatch.org.br\/","name":"RioOnWatch","description":"relatos das favelas cariocas","publisher":{"@id":"https:\/\/rioonwatch.org.br\/#organization"},"potentialAction":[{"@type":"SearchAction","target":{"@type":"EntryPoint","urlTemplate":"https:\/\/rioonwatch.org.br\/?s={search_term_string}"},"query-input":{"@type":"PropertyValueSpecification","valueRequired":true,"valueName":"search_term_string"}}],"inLanguage":"pt-BR"},{"@type":"Organization","@id":"https:\/\/rioonwatch.org.br\/#organization","name":"RioOnWatch","url":"https:\/\/rioonwatch.org.br\/","logo":{"@type":"ImageObject","inLanguage":"pt-BR","@id":"https:\/\/rioonwatch.org.br\/#\/schema\/logo\/image\/","url":"https:\/\/rioonwatch.org.br\/wp-content\/uploads\/2021\/06\/RioOnWatchcabecalhoPT11anos-2.png","contentUrl":"https:\/\/rioonwatch.org.br\/wp-content\/uploads\/2021\/06\/RioOnWatchcabecalhoPT11anos-2.png","width":779,"height":277,"caption":"RioOnWatch"},"image":{"@id":"https:\/\/rioonwatch.org.br\/#\/schema\/logo\/image\/"}},{"@type":"Person","@id":"https:\/\/rioonwatch.org.br\/#\/schema\/person\/e07d559fe2154d11fd3ec515e35695ee","name":"Nicole Froio","image":{"@type":"ImageObject","inLanguage":"pt-BR","@id":"https:\/\/rioonwatch.org.br\/#\/schema\/person\/image\/","url":"https:\/\/secure.gravatar.com\/avatar\/0acdbd6878ca0ac29aa5ce6c6119d636?s=96&d=blank&r=g","contentUrl":"https:\/\/secure.gravatar.com\/avatar\/0acdbd6878ca0ac29aa5ce6c6119d636?s=96&d=blank&r=g","caption":"Nicole Froio"},"url":"https:\/\/rioonwatch.org.br\/?author=137"}]}},"_links":{"self":[{"href":"https:\/\/rioonwatch.org.br\/index.php?rest_route=\/wp\/v2\/posts\/13854"}],"collection":[{"href":"https:\/\/rioonwatch.org.br\/index.php?rest_route=\/wp\/v2\/posts"}],"about":[{"href":"https:\/\/rioonwatch.org.br\/index.php?rest_route=\/wp\/v2\/types\/post"}],"author":[{"embeddable":true,"href":"https:\/\/rioonwatch.org.br\/index.php?rest_route=\/wp\/v2\/users\/137"}],"replies":[{"embeddable":true,"href":"https:\/\/rioonwatch.org.br\/index.php?rest_route=%2Fwp%2Fv2%2Fcomments&post=13854"}],"version-history":[{"count":34,"href":"https:\/\/rioonwatch.org.br\/index.php?rest_route=\/wp\/v2\/posts\/13854\/revisions"}],"predecessor-version":[{"id":70827,"href":"https:\/\/rioonwatch.org.br\/index.php?rest_route=\/wp\/v2\/posts\/13854\/revisions\/70827"}],"wp:featuredmedia":[{"embeddable":true,"href":"https:\/\/rioonwatch.org.br\/index.php?rest_route=\/wp\/v2\/media\/13856"}],"wp:attachment":[{"href":"https:\/\/rioonwatch.org.br\/index.php?rest_route=%2Fwp%2Fv2%2Fmedia&parent=13854"}],"wp:term":[{"taxonomy":"category","embeddable":true,"href":"https:\/\/rioonwatch.org.br\/index.php?rest_route=%2Fwp%2Fv2%2Fcategories&post=13854"},{"taxonomy":"post_tag","embeddable":true,"href":"https:\/\/rioonwatch.org.br\/index.php?rest_route=%2Fwp%2Fv2%2Ftags&post=13854"},{"taxonomy":"writer","embeddable":true,"href":"https:\/\/rioonwatch.org.br\/index.php?rest_route=%2Fwp%2Fv2%2Fwriter&post=13854"},{"taxonomy":"translator","embeddable":true,"href":"https:\/\/rioonwatch.org.br\/index.php?rest_route=%2Fwp%2Fv2%2Ftranslator&post=13854"},{"taxonomy":"source","embeddable":true,"href":"https:\/\/rioonwatch.org.br\/index.php?rest_route=%2Fwp%2Fv2%2Fsource&post=13854"},{"taxonomy":"ilustrador","embeddable":true,"href":"https:\/\/rioonwatch.org.br\/index.php?rest_route=%2Fwp%2Fv2%2Filustrador&post=13854"},{"taxonomy":"fotografo","embeddable":true,"href":"https:\/\/rioonwatch.org.br\/index.php?rest_route=%2Fwp%2Fv2%2Ffotografo&post=13854"}],"curies":[{"name":"wp","href":"https:\/\/api.w.org\/{rel}","templated":true}]}}