{"id":13875,"date":"2015-04-04T01:52:48","date_gmt":"2015-04-04T04:52:48","guid":{"rendered":"http:\/\/rioonwatch.org.br\/?p=13875"},"modified":"2016-10-10T03:12:10","modified_gmt":"2016-10-10T06:12:10","slug":"cinco-mortes-em-24-horas-no-complexo-do-alemao-incluindo-crianca-mae-e-adolescente","status":"publish","type":"post","link":"https:\/\/rioonwatch.org.br\/?p=13875","title":{"rendered":"Cinco Mortes em 24 Horas no Complexo do Alem\u00e3o, Incluindo Crian\u00e7a, M\u00e3e e Adolescente"},"content":{"rendered":"<p>Ao menos quatro pessoas foram mortas e duas pessoas ficaram feridas no\u00a0<a href=\"http:\/\/bit.ly\/1nEeBwu\" target=\"_blank\">Complexo do Alem\u00e3o<\/a>\u00a0no dia 1\u00a0de abril, durante intensos tiroteios que come\u00e7aram \u00e0 tarde e continuaram pela noite. Uma crian\u00e7a foi morta no \u00faltimo dia 2.<\/p>\n<p>Segundo <a href=\"http:\/\/bit.ly\/1EMk3bU\" target=\"_blank\">relatos iniciais<\/a> da m\u00eddia comunit\u00e1ria sobre o dia 1\u00a0de abril, quatro pessoas foram atingidas pelo tiroteio em torno das 3:30 e 4:00 da manh\u00e3, sendo duas delas m\u00e3e e filha, que estavam em casa quando levaram os tiros.<\/p>\n<p><a href=\"http:\/\/glo.bo\/1CY0I5l\" target=\"_blank\">A m\u00e3e<\/a>, Elizabeth Alves de Moura Francisco, faleceu a caminho do hospital, e sua filha, Maynara de Moura Francisco, de 15 anos, recebeu tratamento no hospital e <a href=\"http:\/\/on.fb.me\/1GPpI00\" target=\"_blank\">est\u00e1 agora morando com parentes<\/a>. Imagens perturbadoras dos \u00faltimos momentos da m\u00e3e <a href=\"http:\/\/on.fb.me\/19NFEmz\" target=\"_blank\">foram filmados<\/a> por um morador enquanto tr\u00eas homens a carregavam at\u00e9 um carro para o hospital, deixando para tr\u00e1s um caminho de sangue.<\/p>\n<p>Perto da casa de Elizabeth, Rodrigo Farini, 24 anos, foi fatalmente atingido na cabe\u00e7a. Imagens e v\u00eddeos de seu corpo estendido no ch\u00e3o foram amplamente compartilhados nas redes sociais. O <em>Voz da Comunidade<\/em>, jornal do\u00a0Complexo do Alem\u00e3o, <a href=\"http:\/\/on.fb.me\/1HmST8O\" target=\"_blank\">relatou<\/a> que outro homem foi atingido na mesma localidade em torno da mesma hora, mas ele n\u00e3o foi identificado e a sua morte n\u00e3o foi confirmada.<\/p>\n<p><img fetchpriority=\"high\" decoding=\"async\" class=\"aligncenter wp-image-21227 size-content\" title=\"Bystanders look over Rodrigo's body in the street. Photo: Alem\u00e3o Not\u00edcias\" src=\"http:\/\/www.rioonwatch.org\/wp-content\/uploads\/2015\/04\/rodrigo-e1427996835727-620x264.jpg\" alt=\"Bystanders look over Rodrigo's body in the street. Photo: Alem\u00e3o Not\u00edcias\" width=\"620\" height=\"264\" \/><\/p>\n<p>O\u00a0<em><a href=\"http:\/\/on.fb.me\/1wgZRtu\" target=\"_blank\">Coletivo Papo Reto<\/a><\/em>\u00a0<a href=\"http:\/\/on.fb.me\/1Is7MXM\" target=\"_blank\">relatou<\/a>\u00a0no Facebook: &#8220;Moradores gritam pelas ruas: &#8216;covardes!&#8217;, porque eles [a Pol\u00edcia Militar] atiraram no rapaz enquanto ele estava saindo de um beco. Eles come\u00e7aram a atirar no ar para que os moradores n\u00e3o chegassem perto, arrastaram o rapaz para o beco e mataram-no. Covardes&#8221;.<\/p>\n<p>Horas depois, moradores declararam que dois jovens foram executados pela Pol\u00edcia Militar na Rua Canitar. Fotos repletas de sangue da <a href=\"http:\/\/on.fb.me\/1BSE9uP\" target=\"_blank\">cena do crime<\/a> foram amplamente divulgadas nas redes sociais, e foi <a href=\"http:\/\/bit.ly\/1NE1eHf\" target=\"_blank\">relatado que os corpos<\/a> foram empilhados em um carro de pol\u00edcia e levados para outro local. Vers\u00f5es divergentes desse acontecimento emergiram. <a href=\"http:\/\/glo.bo\/1BSIEo8\" target=\"_blank\">Segundo <em>O Globo<\/em><\/a>, pelo menos um dos dois rapazes foi atingido durante um tiroteio. De acordo com o jornal, Mateus Gomes Lima, 18 anos, foi levado ao hospital por\u00e9m faleceu enquanto a outra v\u00edtima, de 16 anos, estava no hospital depois que ele foi atingido.<\/p>\n<p>De acordo com posts nas m\u00eddias sociais, alguns moradores arrumaram suas malas e deixaram a favela porque est\u00e3o cansados da viol\u00eancia di\u00e1ria que eles t\u00eam de enfrentar morando l\u00e1.<\/p>\n<p>O\u00a0<em>Coletivo Papo Reto\u00a0<\/em><a href=\"http:\/\/on.fb.me\/1EL0pNq\" target=\"_blank\">postou<\/a> no Facebook: &#8220;Estou cansado dessa guerra, cansado de todo dia ter a not\u00edcia de que outro jovem foi morto! Estou cansado de ser impossibilitado de ficar em frente a minha casa e n\u00e3o ser atingido! N\u00f3s estamos vivendo no Complexo do Alem\u00e3o em um tempo de n\u00fameros&#8230; n\u00famero de mortes que cresce todo dia&#8221;.<\/p>\n<p><a href=\"http:\/\/bit.ly\/1F6qkK8\" target=\"_blank\">Um post<\/a> no site <em>Alem\u00e3o Not\u00edcias<\/em>, escrito por Viviane Ribeiro, relatou o terror que se mant\u00e9m presente na comunidade: &#8220;Os mais novos e as crian\u00e7as convivem com essas cenas todos os dias, e eles crescem sem esperan\u00e7a de mudan\u00e7a em sua qualidade de vida por causa do Estado e dessa sociedade, que fecha os olhos todos os dias para a realidade nas favelas&#8221;.<\/p>\n<p>Moradores usaram a m\u00eddia social para questionar o conceito de pacifica\u00e7\u00e3o e a efetividade da <a href=\"http:\/\/bit.ly\/R5ueio\" target=\"_blank\">Unidade de Pol\u00edcia Pacificadora (UPP)<\/a>\u00a0no Complex\u00e3o do Alem\u00e3o. &#8220;Isso \u00e9 um pesadelo&#8221;, <a href=\"http:\/\/on.fb.me\/19MbqzW\" target=\"_blank\">postou<\/a> <em>Alem\u00e3o Morro<\/em>. &#8220;Um pai segura a m\u00e3o de sua crian\u00e7a morta. Uma m\u00e3e morre dentro de casa e sua filha \u00e9 atingida enquanto tenta ajud\u00e1-la. Moradores tentam ajudar e s\u00e3o torturados com <a href=\"http:\/\/glo.bo\/1G9MxwB\" target=\"_blank\">spray de pimenta e bombas<\/a>. Isso \u00e9 pacifica\u00e7\u00e3o?&#8221;<\/p>\n<p>Uma m\u00e3e da comunidade <a href=\"http:\/\/on.fb.me\/1P2JQzo\" target=\"_blank\">expressou<\/a> seu medo: &#8220;Tudo que n\u00f3s temos \u00e9 trag\u00e9dia. Se minhas crian\u00e7as v\u00e3o pra esquina da rua, eu fico com medo. Eu nunca mando eles comprarem p\u00e3o porque eu fico com medo. Eles v\u00e3o pra escola porque eles t\u00eam de ir, mas eu fico ligando pra eles at\u00e9 eles chegarem em casa.&#8221;<\/p>\n<p><em>Voz da Comunidade<\/em> resumiu a situa\u00e7\u00e3o: &#8220;Com essas mortes, n\u00f3s alcan\u00e7amos o n\u00famero de 22 pessoas atingidas por balas somente esse ano no Complexo do Alem\u00e3o, com 10 mortos e 12 feridos. S\u00e3o 90 dias sem tr\u00e9gua, sem paz nenhuma para os moradores do Complexo do Alem\u00e3o. No dia 19 de mar\u00e7o outra jovem foi atingida <a href=\"http:\/\/bit.ly\/1OJWDqg\" target=\"_blank\">em frente a sua casa<\/a>. Vanessa dos Santos, 38 anos, foi fatalmente atingida enquanto conversava com vizinhos na porta de sua casa&#8221;.<\/p>\n<p>En seguida,\u00a0ontem, dia 2 de abril, a m\u00eddia comunit\u00e1ria\u00a0<a href=\"http:\/\/on.fb.me\/1CXkzBD\" target=\"_blank\">documentou<\/a> que um menino, Eduardo Jesus Ferreira, de 10 anos de idade, foi <a href=\"http:\/\/bit.ly\/1EQRbPF\" target=\"_blank\">fatalmente atingido<\/a> na cabe\u00e7a por policiais. <a href=\"http:\/\/on.fb.me\/1FnkVRz\" target=\"_blank\">V\u00eddeo<\/a> e <a href=\"http:\/\/on.fb.me\/1Cga6fm%20\" target=\"_blank\">fotos<\/a> do corpo do menino e do desespero da m\u00e3e se tornaram virais nas redes sociais.<\/p>\n<p>Moradores tamb\u00e9m foram \u00e0s m\u00eddias sociais para reclamar sobre a cobertura dos conflitos pela m\u00eddia, <a href=\"http:\/\/on.fb.me\/1EN1i87\" target=\"_blank\">frustrados<\/a> com o fato da grande m\u00eddia n\u00e3o estar interessada em entrevistar moradores ao vivo.<\/p>\n<p>O ativista\u00a0e empreendedor Anderson Fran\u00e7a Dinho <a href=\"http:\/\/on.fb.me\/1Ck6s4h\" target=\"_blank\">explicou<\/a> porque a viol\u00eancia \u00e9 pior do que era antes do programa das UPPs.<\/p>\n<p>Ele escreveu: &#8220;Eu posso dizer, pegando o Alem\u00e3o como refer\u00eancia, que a gravidade da situa\u00e7\u00e3o da viol\u00eancia relatada pelas m\u00eddias coletivas evoca o contexto de 2006 e 2007. Apenas naquela \u00e9poca o Comando Vermelho era vis\u00edvel. N\u00f3s sab\u00edamos quem estava atacando quem. Agora, apesar de o p\u00fablico n\u00e3o ter nenhum conhecimento sobre quem a pol\u00edcia esteja atacando, h\u00e1 uma cota di\u00e1ria de moradores morrendo. Entenda o conflito: as v\u00edtimas s\u00e3o, quase exclusivamente, moradores. Estudantes, trabalhadores, homens e mulheres, chefes de fam\u00edlia. E isso pode ser provado por suas fam\u00edlias na delegacia, com seus documentos&#8221;.<\/p>\n<p><a href=\"http:\/\/www.rioonwatch.org\/wp-content\/uploads\/2015\/04\/BOPE-Alemao1.jpg\"><img decoding=\"async\" class=\"aligncenter wp-image-21260 size-content\" title=\"More Military Police move into Alem\u00e3o on April 2. Photo: Alem\u00e3o Morro\" src=\"http:\/\/www.rioonwatch.org\/wp-content\/uploads\/2015\/04\/BOPE-Alemao1-620x264.jpg\" alt=\"\" width=\"620\" height=\"264\" \/><\/a><\/p>\n<!-- AddThis Advanced Settings generic via filter on the_content --><!-- AddThis Share Buttons generic via filter on the_content -->","protected":false},"excerpt":{"rendered":"<div class=\"mh-excerpt\"><p>Ao menos quatro pessoas foram mortas e duas pessoas ficaram feridas no\u00a0Complexo do Alem\u00e3o\u00a0no dia 1\u00a0de abril, durante intensos tiroteios que come\u00e7aram \u00e0 tarde e continuaram pela noite. Uma crian\u00e7a foi morta no \u00faltimo dia <a class=\"mh-excerpt-more\" href=\"https:\/\/rioonwatch.org.br\/?p=13875\" title=\"Cinco Mortes em 24 Horas no Complexo do Alem\u00e3o, Incluindo Crian\u00e7a, M\u00e3e e Adolescente\">[&#8230;]<\/a><!-- AddThis Advanced Settings generic via filter on get_the_excerpt --><!-- AddThis Share Buttons generic via filter on get_the_excerpt --><\/p>\n<\/div>","protected":false},"author":3,"featured_media":13876,"comment_status":"closed","ping_status":"closed","sticky":false,"template":"","format":"standard","meta":{"_acf_changed":false,"_monsterinsights_skip_tracking":false,"_monsterinsights_sitenote_active":false,"_monsterinsights_sitenote_note":"","_monsterinsights_sitenote_category":0,"footnotes":""},"categories":[346,344,1620],"tags":[217,1024,113,774,92,52,2003,218],"writer":[1657],"translator":[1176],"source":[],"ilustrador":[],"fotografo":[],"class_list":{"0":"post-13875","1":"post","2":"type-post","3":"status-publish","4":"format-standard","5":"has-post-thumbnail","7":"category-denuncias","8":"category-politicas","9":"category-olhonaupp","10":"tag-complexo-do-alemao","11":"tag-intimidacao-policial","12":"tag-juventude","13":"tag-policia-militar","14":"tag-upp","15":"tag-violencia-policial","16":"tag-voz-das-comunidades","17":"tag-zona-norte","18":"writer-nicole-froio","19":"translator-fernanda-lacerda"},"acf":[],"yoast_head":"<!-- This site is optimized with the Yoast SEO plugin v25.6 - https:\/\/yoast.com\/wordpress\/plugins\/seo\/ -->\n<title>Cinco Mortes em 24 Horas no Complexo do Alem\u00e3o, Incluindo Crian\u00e7a, M\u00e3e e Adolescente - RioOnWatch<\/title>\n<meta name=\"robots\" content=\"index, follow, max-snippet:-1, max-image-preview:large, max-video-preview:-1\" \/>\n<link rel=\"canonical\" href=\"https:\/\/rioonwatch.org.br\/?p=13875\" \/>\n<meta property=\"og:locale\" content=\"pt_BR\" \/>\n<meta property=\"og:type\" content=\"article\" \/>\n<meta property=\"og:title\" content=\"Cinco Mortes em 24 Horas no Complexo do Alem\u00e3o, Incluindo Crian\u00e7a, M\u00e3e e Adolescente - RioOnWatch\" \/>\n<meta property=\"og:description\" content=\"Ao menos quatro pessoas foram mortas e duas pessoas ficaram feridas no\u00a0Complexo do Alem\u00e3o\u00a0no dia 1\u00a0de abril, durante intensos tiroteios que come\u00e7aram \u00e0 tarde e continuaram pela noite. Uma crian\u00e7a foi morta no \u00faltimo dia [...]\" \/>\n<meta property=\"og:url\" content=\"https:\/\/rioonwatch.org.br\/?p=13875\" \/>\n<meta property=\"og:site_name\" content=\"RioOnWatch\" \/>\n<meta property=\"article:published_time\" content=\"2015-04-04T04:52:48+00:00\" \/>\n<meta property=\"article:modified_time\" content=\"2016-10-10T06:12:10+00:00\" \/>\n<meta property=\"og:image\" content=\"https:\/\/rioonwatch.org.br\/wp-content\/uploads\/2015\/04\/elisabete.jpg\" \/>\n\t<meta property=\"og:image:width\" content=\"610\" \/>\n\t<meta property=\"og:image:height\" content=\"285\" \/>\n\t<meta property=\"og:image:type\" content=\"image\/jpeg\" \/>\n<meta name=\"author\" content=\"Admin\" \/>\n<meta name=\"twitter:card\" content=\"summary_large_image\" \/>\n<meta name=\"twitter:label1\" content=\"Escrito por\" \/>\n\t<meta name=\"twitter:data1\" content=\"Admin\" \/>\n\t<meta name=\"twitter:label2\" content=\"Est. tempo de leitura\" \/>\n\t<meta name=\"twitter:data2\" content=\"5 minutos\" \/>\n<script type=\"application\/ld+json\" class=\"yoast-schema-graph\">{\"@context\":\"https:\/\/schema.org\",\"@graph\":[{\"@type\":\"Article\",\"@id\":\"https:\/\/rioonwatch.org.br\/?p=13875#article\",\"isPartOf\":{\"@id\":\"https:\/\/rioonwatch.org.br\/?p=13875\"},\"author\":{\"name\":\"Admin\",\"@id\":\"https:\/\/rioonwatch.org.br\/#\/schema\/person\/c6c09a0b56b38f0157a45b963ef3f269\"},\"headline\":\"Cinco Mortes em 24 Horas no Complexo do Alem\u00e3o, Incluindo Crian\u00e7a, M\u00e3e e Adolescente\",\"datePublished\":\"2015-04-04T04:52:48+00:00\",\"dateModified\":\"2016-10-10T06:12:10+00:00\",\"mainEntityOfPage\":{\"@id\":\"https:\/\/rioonwatch.org.br\/?p=13875\"},\"wordCount\":987,\"publisher\":{\"@id\":\"https:\/\/rioonwatch.org.br\/#organization\"},\"image\":{\"@id\":\"https:\/\/rioonwatch.org.br\/?p=13875#primaryimage\"},\"thumbnailUrl\":\"https:\/\/rioonwatch.org.br\/wp-content\/uploads\/2015\/04\/elisabete.jpg\",\"keywords\":[\"Complexo do Alem\u00e3o\",\"intimida\u00e7\u00e3o policial\",\"juventude\",\"Pol\u00edcia Militar\",\"UPP\",\"viol\u00eancia policial\",\"Voz das Comunidades\",\"Zona Norte\"],\"articleSection\":[\"Den\u00fancias\",\"Pol\u00edticas\",\"Seguran\u00e7a P\u00fablica\"],\"inLanguage\":\"pt-BR\"},{\"@type\":\"WebPage\",\"@id\":\"https:\/\/rioonwatch.org.br\/?p=13875\",\"url\":\"https:\/\/rioonwatch.org.br\/?p=13875\",\"name\":\"Cinco Mortes em 24 Horas no Complexo do Alem\u00e3o, Incluindo Crian\u00e7a, M\u00e3e e Adolescente - RioOnWatch\",\"isPartOf\":{\"@id\":\"https:\/\/rioonwatch.org.br\/#website\"},\"primaryImageOfPage\":{\"@id\":\"https:\/\/rioonwatch.org.br\/?p=13875#primaryimage\"},\"image\":{\"@id\":\"https:\/\/rioonwatch.org.br\/?p=13875#primaryimage\"},\"thumbnailUrl\":\"https:\/\/rioonwatch.org.br\/wp-content\/uploads\/2015\/04\/elisabete.jpg\",\"datePublished\":\"2015-04-04T04:52:48+00:00\",\"dateModified\":\"2016-10-10T06:12:10+00:00\",\"breadcrumb\":{\"@id\":\"https:\/\/rioonwatch.org.br\/?p=13875#breadcrumb\"},\"inLanguage\":\"pt-BR\",\"potentialAction\":[{\"@type\":\"ReadAction\",\"target\":[\"https:\/\/rioonwatch.org.br\/?p=13875\"]}]},{\"@type\":\"ImageObject\",\"inLanguage\":\"pt-BR\",\"@id\":\"https:\/\/rioonwatch.org.br\/?p=13875#primaryimage\",\"url\":\"https:\/\/rioonwatch.org.br\/wp-content\/uploads\/2015\/04\/elisabete.jpg\",\"contentUrl\":\"https:\/\/rioonwatch.org.br\/wp-content\/uploads\/2015\/04\/elisabete.jpg\",\"width\":610,\"height\":285},{\"@type\":\"BreadcrumbList\",\"@id\":\"https:\/\/rioonwatch.org.br\/?p=13875#breadcrumb\",\"itemListElement\":[{\"@type\":\"ListItem\",\"position\":1,\"name\":\"In\u00edcio\",\"item\":\"https:\/\/rioonwatch.org.br\/\"},{\"@type\":\"ListItem\",\"position\":2,\"name\":\"Cinco Mortes em 24 Horas no Complexo do Alem\u00e3o, Incluindo Crian\u00e7a, M\u00e3e e Adolescente\"}]},{\"@type\":\"WebSite\",\"@id\":\"https:\/\/rioonwatch.org.br\/#website\",\"url\":\"https:\/\/rioonwatch.org.br\/\",\"name\":\"RioOnWatch\",\"description\":\"relatos das favelas cariocas\",\"publisher\":{\"@id\":\"https:\/\/rioonwatch.org.br\/#organization\"},\"potentialAction\":[{\"@type\":\"SearchAction\",\"target\":{\"@type\":\"EntryPoint\",\"urlTemplate\":\"https:\/\/rioonwatch.org.br\/?s={search_term_string}\"},\"query-input\":{\"@type\":\"PropertyValueSpecification\",\"valueRequired\":true,\"valueName\":\"search_term_string\"}}],\"inLanguage\":\"pt-BR\"},{\"@type\":\"Organization\",\"@id\":\"https:\/\/rioonwatch.org.br\/#organization\",\"name\":\"RioOnWatch\",\"url\":\"https:\/\/rioonwatch.org.br\/\",\"logo\":{\"@type\":\"ImageObject\",\"inLanguage\":\"pt-BR\",\"@id\":\"https:\/\/rioonwatch.org.br\/#\/schema\/logo\/image\/\",\"url\":\"https:\/\/rioonwatch.org.br\/wp-content\/uploads\/2021\/06\/RioOnWatchcabecalhoPT11anos-2.png\",\"contentUrl\":\"https:\/\/rioonwatch.org.br\/wp-content\/uploads\/2021\/06\/RioOnWatchcabecalhoPT11anos-2.png\",\"width\":779,\"height\":277,\"caption\":\"RioOnWatch\"},\"image\":{\"@id\":\"https:\/\/rioonwatch.org.br\/#\/schema\/logo\/image\/\"}},{\"@type\":\"Person\",\"@id\":\"https:\/\/rioonwatch.org.br\/#\/schema\/person\/c6c09a0b56b38f0157a45b963ef3f269\",\"name\":\"Admin\",\"image\":{\"@type\":\"ImageObject\",\"inLanguage\":\"pt-BR\",\"@id\":\"https:\/\/rioonwatch.org.br\/#\/schema\/person\/image\/\",\"url\":\"https:\/\/secure.gravatar.com\/avatar\/da45c89efd4810dc70c16a5da3419806?s=96&d=blank&r=g\",\"contentUrl\":\"https:\/\/secure.gravatar.com\/avatar\/da45c89efd4810dc70c16a5da3419806?s=96&d=blank&r=g\",\"caption\":\"Admin\"},\"url\":\"https:\/\/rioonwatch.org.br\/?author=3\"}]}<\/script>\n<!-- \/ Yoast SEO plugin. -->","yoast_head_json":{"title":"Cinco Mortes em 24 Horas no Complexo do Alem\u00e3o, Incluindo Crian\u00e7a, M\u00e3e e Adolescente - RioOnWatch","robots":{"index":"index","follow":"follow","max-snippet":"max-snippet:-1","max-image-preview":"max-image-preview:large","max-video-preview":"max-video-preview:-1"},"canonical":"https:\/\/rioonwatch.org.br\/?p=13875","og_locale":"pt_BR","og_type":"article","og_title":"Cinco Mortes em 24 Horas no Complexo do Alem\u00e3o, Incluindo Crian\u00e7a, M\u00e3e e Adolescente - RioOnWatch","og_description":"Ao menos quatro pessoas foram mortas e duas pessoas ficaram feridas no\u00a0Complexo do Alem\u00e3o\u00a0no dia 1\u00a0de abril, durante intensos tiroteios que come\u00e7aram \u00e0 tarde e continuaram pela noite. Uma crian\u00e7a foi morta no \u00faltimo dia [...]","og_url":"https:\/\/rioonwatch.org.br\/?p=13875","og_site_name":"RioOnWatch","article_published_time":"2015-04-04T04:52:48+00:00","article_modified_time":"2016-10-10T06:12:10+00:00","og_image":[{"width":610,"height":285,"url":"https:\/\/rioonwatch.org.br\/wp-content\/uploads\/2015\/04\/elisabete.jpg","type":"image\/jpeg"}],"author":"Admin","twitter_card":"summary_large_image","twitter_misc":{"Escrito por":"Admin","Est. tempo de leitura":"5 minutos"},"schema":{"@context":"https:\/\/schema.org","@graph":[{"@type":"Article","@id":"https:\/\/rioonwatch.org.br\/?p=13875#article","isPartOf":{"@id":"https:\/\/rioonwatch.org.br\/?p=13875"},"author":{"name":"Admin","@id":"https:\/\/rioonwatch.org.br\/#\/schema\/person\/c6c09a0b56b38f0157a45b963ef3f269"},"headline":"Cinco Mortes em 24 Horas no Complexo do Alem\u00e3o, Incluindo Crian\u00e7a, M\u00e3e e Adolescente","datePublished":"2015-04-04T04:52:48+00:00","dateModified":"2016-10-10T06:12:10+00:00","mainEntityOfPage":{"@id":"https:\/\/rioonwatch.org.br\/?p=13875"},"wordCount":987,"publisher":{"@id":"https:\/\/rioonwatch.org.br\/#organization"},"image":{"@id":"https:\/\/rioonwatch.org.br\/?p=13875#primaryimage"},"thumbnailUrl":"https:\/\/rioonwatch.org.br\/wp-content\/uploads\/2015\/04\/elisabete.jpg","keywords":["Complexo do Alem\u00e3o","intimida\u00e7\u00e3o policial","juventude","Pol\u00edcia Militar","UPP","viol\u00eancia policial","Voz das Comunidades","Zona Norte"],"articleSection":["Den\u00fancias","Pol\u00edticas","Seguran\u00e7a P\u00fablica"],"inLanguage":"pt-BR"},{"@type":"WebPage","@id":"https:\/\/rioonwatch.org.br\/?p=13875","url":"https:\/\/rioonwatch.org.br\/?p=13875","name":"Cinco Mortes em 24 Horas no Complexo do Alem\u00e3o, Incluindo Crian\u00e7a, M\u00e3e e Adolescente - RioOnWatch","isPartOf":{"@id":"https:\/\/rioonwatch.org.br\/#website"},"primaryImageOfPage":{"@id":"https:\/\/rioonwatch.org.br\/?p=13875#primaryimage"},"image":{"@id":"https:\/\/rioonwatch.org.br\/?p=13875#primaryimage"},"thumbnailUrl":"https:\/\/rioonwatch.org.br\/wp-content\/uploads\/2015\/04\/elisabete.jpg","datePublished":"2015-04-04T04:52:48+00:00","dateModified":"2016-10-10T06:12:10+00:00","breadcrumb":{"@id":"https:\/\/rioonwatch.org.br\/?p=13875#breadcrumb"},"inLanguage":"pt-BR","potentialAction":[{"@type":"ReadAction","target":["https:\/\/rioonwatch.org.br\/?p=13875"]}]},{"@type":"ImageObject","inLanguage":"pt-BR","@id":"https:\/\/rioonwatch.org.br\/?p=13875#primaryimage","url":"https:\/\/rioonwatch.org.br\/wp-content\/uploads\/2015\/04\/elisabete.jpg","contentUrl":"https:\/\/rioonwatch.org.br\/wp-content\/uploads\/2015\/04\/elisabete.jpg","width":610,"height":285},{"@type":"BreadcrumbList","@id":"https:\/\/rioonwatch.org.br\/?p=13875#breadcrumb","itemListElement":[{"@type":"ListItem","position":1,"name":"In\u00edcio","item":"https:\/\/rioonwatch.org.br\/"},{"@type":"ListItem","position":2,"name":"Cinco Mortes em 24 Horas no Complexo do Alem\u00e3o, Incluindo Crian\u00e7a, M\u00e3e e Adolescente"}]},{"@type":"WebSite","@id":"https:\/\/rioonwatch.org.br\/#website","url":"https:\/\/rioonwatch.org.br\/","name":"RioOnWatch","description":"relatos das favelas cariocas","publisher":{"@id":"https:\/\/rioonwatch.org.br\/#organization"},"potentialAction":[{"@type":"SearchAction","target":{"@type":"EntryPoint","urlTemplate":"https:\/\/rioonwatch.org.br\/?s={search_term_string}"},"query-input":{"@type":"PropertyValueSpecification","valueRequired":true,"valueName":"search_term_string"}}],"inLanguage":"pt-BR"},{"@type":"Organization","@id":"https:\/\/rioonwatch.org.br\/#organization","name":"RioOnWatch","url":"https:\/\/rioonwatch.org.br\/","logo":{"@type":"ImageObject","inLanguage":"pt-BR","@id":"https:\/\/rioonwatch.org.br\/#\/schema\/logo\/image\/","url":"https:\/\/rioonwatch.org.br\/wp-content\/uploads\/2021\/06\/RioOnWatchcabecalhoPT11anos-2.png","contentUrl":"https:\/\/rioonwatch.org.br\/wp-content\/uploads\/2021\/06\/RioOnWatchcabecalhoPT11anos-2.png","width":779,"height":277,"caption":"RioOnWatch"},"image":{"@id":"https:\/\/rioonwatch.org.br\/#\/schema\/logo\/image\/"}},{"@type":"Person","@id":"https:\/\/rioonwatch.org.br\/#\/schema\/person\/c6c09a0b56b38f0157a45b963ef3f269","name":"Admin","image":{"@type":"ImageObject","inLanguage":"pt-BR","@id":"https:\/\/rioonwatch.org.br\/#\/schema\/person\/image\/","url":"https:\/\/secure.gravatar.com\/avatar\/da45c89efd4810dc70c16a5da3419806?s=96&d=blank&r=g","contentUrl":"https:\/\/secure.gravatar.com\/avatar\/da45c89efd4810dc70c16a5da3419806?s=96&d=blank&r=g","caption":"Admin"},"url":"https:\/\/rioonwatch.org.br\/?author=3"}]}},"_links":{"self":[{"href":"https:\/\/rioonwatch.org.br\/index.php?rest_route=\/wp\/v2\/posts\/13875"}],"collection":[{"href":"https:\/\/rioonwatch.org.br\/index.php?rest_route=\/wp\/v2\/posts"}],"about":[{"href":"https:\/\/rioonwatch.org.br\/index.php?rest_route=\/wp\/v2\/types\/post"}],"author":[{"embeddable":true,"href":"https:\/\/rioonwatch.org.br\/index.php?rest_route=\/wp\/v2\/users\/3"}],"replies":[{"embeddable":true,"href":"https:\/\/rioonwatch.org.br\/index.php?rest_route=%2Fwp%2Fv2%2Fcomments&post=13875"}],"version-history":[{"count":7,"href":"https:\/\/rioonwatch.org.br\/index.php?rest_route=\/wp\/v2\/posts\/13875\/revisions"}],"predecessor-version":[{"id":15305,"href":"https:\/\/rioonwatch.org.br\/index.php?rest_route=\/wp\/v2\/posts\/13875\/revisions\/15305"}],"wp:featuredmedia":[{"embeddable":true,"href":"https:\/\/rioonwatch.org.br\/index.php?rest_route=\/wp\/v2\/media\/13876"}],"wp:attachment":[{"href":"https:\/\/rioonwatch.org.br\/index.php?rest_route=%2Fwp%2Fv2%2Fmedia&parent=13875"}],"wp:term":[{"taxonomy":"category","embeddable":true,"href":"https:\/\/rioonwatch.org.br\/index.php?rest_route=%2Fwp%2Fv2%2Fcategories&post=13875"},{"taxonomy":"post_tag","embeddable":true,"href":"https:\/\/rioonwatch.org.br\/index.php?rest_route=%2Fwp%2Fv2%2Ftags&post=13875"},{"taxonomy":"writer","embeddable":true,"href":"https:\/\/rioonwatch.org.br\/index.php?rest_route=%2Fwp%2Fv2%2Fwriter&post=13875"},{"taxonomy":"translator","embeddable":true,"href":"https:\/\/rioonwatch.org.br\/index.php?rest_route=%2Fwp%2Fv2%2Ftranslator&post=13875"},{"taxonomy":"source","embeddable":true,"href":"https:\/\/rioonwatch.org.br\/index.php?rest_route=%2Fwp%2Fv2%2Fsource&post=13875"},{"taxonomy":"ilustrador","embeddable":true,"href":"https:\/\/rioonwatch.org.br\/index.php?rest_route=%2Fwp%2Fv2%2Filustrador&post=13875"},{"taxonomy":"fotografo","embeddable":true,"href":"https:\/\/rioonwatch.org.br\/index.php?rest_route=%2Fwp%2Fv2%2Ffotografo&post=13875"}],"curies":[{"name":"wp","href":"https:\/\/api.w.org\/{rel}","templated":true}]}}