{"id":13906,"date":"2015-04-11T12:18:21","date_gmt":"2015-04-11T15:18:21","guid":{"rendered":"http:\/\/rioonwatch.org.br\/?p=13906"},"modified":"2024-06-20T16:29:09","modified_gmt":"2024-06-20T19:29:09","slug":"protesto-contra-remocoes-na-vila-autodromo-bloqueia-as-obras-do-parque-olimpico","status":"publish","type":"post","link":"https:\/\/rioonwatch.org.br\/?p=13906","title":{"rendered":"Protesto Contra Remo\u00e7\u00f5es na Vila Aut\u00f3dromo Bloqueia as Obras do Parque Ol\u00edmpico [SLIDESHOW]"},"content":{"rendered":"<p>Faltando 500 dias at\u00e9 o in\u00edcio dos <a href=\"http:\/\/bit.ly\/120HRFt\" target=\"_blank\" rel=\"noopener\">Jogos Ol\u00edmpicos de 2016<\/a>, moradores da <a href=\"http:\/\/bit.ly\/1CHNf1N\" target=\"_blank\" rel=\"noopener\">Vila Aut\u00f3dromo<\/a> tomaram as ruas para protestar contra o \u00faltimo decreto da Prefeitura para a <a href=\"http:\/\/bit.ly\/1Iw4y93\" target=\"_blank\" rel=\"noopener\">desapropria\u00e7\u00e3o<\/a> de uma lista de <a href=\"http:\/\/bit.ly\/1xk2DAs\" target=\"_blank\" rel=\"noopener\">58 casas<\/a> para <a href=\"http:\/\/bit.ly\/X51Qvb\" target=\"_blank\" rel=\"noopener\">remo\u00e7\u00e3o<\/a>.<\/p>\n<p>Apoiado pelo <a href=\"http:\/\/bit.ly\/18IbP3x\" target=\"_blank\" rel=\"noopener\">Comit\u00ea Popular da Copa do Mundo e Olimp\u00edadas<\/a>, na madrugada do dia 1\u00b0 de abril, os moradores declararam: \u201cHoje, a manifesta\u00e7\u00e3o com o bloqueio da entrada de trabalhadores e caminh\u00f5es do Parque Ol\u00edmpico, representa a resist\u00eancia de dezenas de fam\u00edlias que n\u00e3o v\u00e3o deixar suas casas para um <a href=\"http:\/\/bit.ly\/1uZ9w6o\" target=\"_blank\" rel=\"noopener\">megaevento<\/a> de um m\u00eas\u201d.<\/p>\n<p><a href=\"http:\/\/rioonwatch.org.br\/wp-content\/uploads\/2015\/04\/Vila-Autodromo-2.jpg\"><img fetchpriority=\"high\" decoding=\"async\" class=\"aligncenter wp-image-13909\" title=\"Moradores fizeram uma barricada com os escombros das casas destruidas\" src=\"http:\/\/rioonwatch.org.br\/wp-content\/uploads\/2015\/04\/Vila-Autodromo-2.jpg\" alt=\"Moradores fizeram uma barricada com os escombros das casas destruidas.\" width=\"620\" height=\"465\" srcset=\"https:\/\/rioonwatch.org.br\/wp-content\/uploads\/2015\/04\/Vila-Autodromo-2.jpg 1000w, https:\/\/rioonwatch.org.br\/wp-content\/uploads\/2015\/04\/Vila-Autodromo-2-352x264.jpg 352w, https:\/\/rioonwatch.org.br\/wp-content\/uploads\/2015\/04\/Vila-Autodromo-2-620x465.jpg 620w, https:\/\/rioonwatch.org.br\/wp-content\/uploads\/2015\/04\/Vila-Autodromo-2-174x131.jpg 174w, https:\/\/rioonwatch.org.br\/wp-content\/uploads\/2015\/04\/Vila-Autodromo-2-300x225.jpg 300w, https:\/\/rioonwatch.org.br\/wp-content\/uploads\/2015\/04\/Vila-Autodromo-2-70x53.jpg 70w\" sizes=\"(max-width: 620px) 100vw, 620px\" \/><\/a><\/p>\n<p>Ap\u00f3s criarem uma barricada com os escombros de casas destru\u00eddas, os 35 manifestantes, vestidos com camisetas escritas \u201cS.O.S. Vila Aut\u00f3dromo\u201d, marcharam para Avenida Abelardo Bueno, parando o tr\u00e2nsito com bandeiras e cantando: \u201cA nossa luta \u00e9 todo dia para garantir o direito a moradia\u201d.<\/p>\n<p>O protesto foi uma resposta \u00e0 \u00faltima <a href=\"http:\/\/bit.ly\/1xk2DAs\" target=\"_blank\" rel=\"noopener\">declara\u00e7\u00e3o do Prefeito Eduardo Paes<\/a>, do dia 19 de mar\u00e7o, que anunciou que 58 casas ser\u00e3o desapropriadas para uso p\u00fablico&#8211;uma decis\u00e3o hist\u00f3rica que est\u00e1 em desacordo com a pol\u00edtica anterior. A pol\u00edtica era de negocia\u00e7\u00e3o e <a href=\"http:\/\/bit.ly\/1xk2DAs\" target=\"_blank\" rel=\"noopener\">oferta de indeniza\u00e7\u00e3o a pre\u00e7o de mercado<\/a> para moradores e <a href=\"http:\/\/bit.ly\/1d6tAuf\" target=\"_blank\" rel=\"noopener\">prometia a perman\u00eancia para todos que desejavam continuar<\/a> na comunidade, que ent\u00e3o passaria a ser menor e receberia urbaniza\u00e7\u00e3o.<\/p>\n<p>Nascido na Vila Aut\u00f3dromo, o morador Jota, de 27 anos, enfatizou a import\u00e2ncia de eventos como esse: \u201cQuando eles falam a respeito das Olimp\u00edadas, eles falam desse mundo fantasioso, m\u00e1gico, bonito mas n\u00e3o mostram o que est\u00e1 acontecendo ao lado: fam\u00edlias sendo destru\u00eddas e sendo tiradas dos seus lares, algumas \u00e0 for\u00e7a e algumas com promessas de dinheiro f\u00e1cil\u201d.<\/p>\n<p>Ap\u00f3s uma batalha de 20 anos contra as remo\u00e7\u00f5es, a antiga popula\u00e7\u00e3o de 3000 da Vila Aut\u00f3dromo agora possui 150 fam\u00edlias.<\/p>\n<p><a href=\"http:\/\/rioonwatch.org.br\/wp-content\/uploads\/2015\/04\/Vila-Autodromo-3.jpg\"><img decoding=\"async\" class=\"aligncenter wp-image-13910\" title=\"Moradores protestaram contra remo\u00e7\u00f5es\" src=\"http:\/\/rioonwatch.org.br\/wp-content\/uploads\/2015\/04\/Vila-Autodromo-3.jpg\" alt=\"Moradores protestaram contra remo\u00e7\u00f5es.\" width=\"620\" height=\"465\" srcset=\"https:\/\/rioonwatch.org.br\/wp-content\/uploads\/2015\/04\/Vila-Autodromo-3.jpg 1000w, https:\/\/rioonwatch.org.br\/wp-content\/uploads\/2015\/04\/Vila-Autodromo-3-352x264.jpg 352w, https:\/\/rioonwatch.org.br\/wp-content\/uploads\/2015\/04\/Vila-Autodromo-3-620x465.jpg 620w, https:\/\/rioonwatch.org.br\/wp-content\/uploads\/2015\/04\/Vila-Autodromo-3-174x131.jpg 174w, https:\/\/rioonwatch.org.br\/wp-content\/uploads\/2015\/04\/Vila-Autodromo-3-300x225.jpg 300w, https:\/\/rioonwatch.org.br\/wp-content\/uploads\/2015\/04\/Vila-Autodromo-3-70x53.jpg 70w\" sizes=\"(max-width: 620px) 100vw, 620px\" \/><\/a><\/p>\n<p>Uma declara\u00e7\u00e3o dos manifestantes enfatizou que: \u201cpropagandeada como via de desenvolvimento econ\u00f4mico e social, a Olimp\u00edada tem representado a perda de nossas moradias, nossa vida em comunidade, nossa hist\u00f3ria e dignidade\u201d.<\/p>\n<p>O discurso entre os manifestantes focou na cr\u00edtica ao programa <a href=\"http:\/\/on.fb.me\/1xsfEII\" target=\"_blank\" rel=\"noopener\">internacionalmente elogiado<\/a> da Prefeitura que oferece indeniza\u00e7\u00e3o a pre\u00e7o de mercado, <a href=\"http:\/\/bit.ly\/1CBT4h9\" target=\"_blank\" rel=\"noopener\">uma pol\u00edtica que foi posta em quest\u00e3o por acad\u00eamicos de MIT no m\u00eas passado<\/a>. Como Jane Nascimento, moradora de longo prazo e ativista explicou, essa\u00a0\u00e9 \u201cuma outra esp\u00e9cie de viol\u00eancia. Eu posso, eu posso, eu posso, eu posso. Eu sou o poder econ\u00f4mico\u201d.<\/p>\n<p><a href=\"http:\/\/rioonwatch.org.br\/wp-content\/uploads\/2015\/04\/Vila-Autodromo-4.jpg\"><img decoding=\"async\" class=\"aligncenter wp-image-13911\" title=\"Vila Aut\u00f3dromo bloqueia a constru\u00e7\u00e3o ol\u00edmpica\" src=\"http:\/\/rioonwatch.org.br\/wp-content\/uploads\/2015\/04\/Vila-Autodromo-4.jpg\" alt=\"Vila Autodromo bloqueia a constru\u00e7\u00e3o ol\u00edmpica.\" width=\"620\" height=\"465\" srcset=\"https:\/\/rioonwatch.org.br\/wp-content\/uploads\/2015\/04\/Vila-Autodromo-4.jpg 1000w, https:\/\/rioonwatch.org.br\/wp-content\/uploads\/2015\/04\/Vila-Autodromo-4-352x264.jpg 352w, https:\/\/rioonwatch.org.br\/wp-content\/uploads\/2015\/04\/Vila-Autodromo-4-620x465.jpg 620w, https:\/\/rioonwatch.org.br\/wp-content\/uploads\/2015\/04\/Vila-Autodromo-4-174x131.jpg 174w, https:\/\/rioonwatch.org.br\/wp-content\/uploads\/2015\/04\/Vila-Autodromo-4-300x225.jpg 300w, https:\/\/rioonwatch.org.br\/wp-content\/uploads\/2015\/04\/Vila-Autodromo-4-70x53.jpg 70w\" sizes=\"(max-width: 620px) 100vw, 620px\" \/><\/a><\/p>\n<p>Representantes do <a href=\"http:\/\/bit.ly\/1DB6OsZ\" target=\"_blank\" rel=\"noopener\">Coletivo Rua<\/a>, presentes no protesto para demonstrar solidariedade, enfatizaram que agora a resist\u00eancia na Vila Aut\u00f3dromo \u00e9 uma luta entre o poder econ\u00f4mico e as pessoas. \u00c9 uma luta \u201cPor uma sociedade mais justa, uma sociedade para as pessoas e n\u00e3o para o dinheiro\u201d, eles disseram. \u201cSai o capital, sai o Paes, sai o Comit\u00ea Ol\u00edmpico e o povo fica porque esse lugar aqui \u00e9 do povo que o construiu\u201d.<\/p>\n<p>In\u00e1cia Passos, moradora da comunidade h\u00e1 30 anos, ecoou o sentimento: \u201cEu n\u00e3o estou com nenhuma placa de venda, e a justi\u00e7a me d\u00e1 direito de permanecer, ent\u00e3o \u00e9 preciso fazer valer os meus direitos. Se eu quero permanecer, a justi\u00e7a me d\u00e1 esse direito de permanecer\u201d. Apesar do seu direito legal, ela tem poucas esperan\u00e7as de que ainda existir\u00e1\u00a0uma comunidade na Vila Aut\u00f3dromo em 2016.<\/p>\n<h3>Veja o \u00e1lbum inteiro abaixo ou clique <a href=\"http:\/\/bit.ly\/1CCmc6b\" target=\"_blank\" rel=\"noopener\">aqui<\/a> para v\u00ea-lo no Flickr com legendas:<\/h3>\n<p><iframe src=\"http:\/\/www.flickr.com\/slideShow\/index.gne?group_id=&amp;user_id=25093702@N00&amp;set_id=72157649376790084&amp;amp\" width=\"620\" height=\"450\" frameborder=\"0\" scrolling=\"no\" align=\"center\"><\/iframe><\/p>\n<!-- AddThis Advanced Settings generic via filter on the_content --><!-- AddThis Share Buttons generic via filter on the_content -->","protected":false},"excerpt":{"rendered":"<div class=\"mh-excerpt\"><p>Faltando 500 dias at\u00e9 o in\u00edcio dos Jogos Ol\u00edmpicos de 2016, moradores da Vila Aut\u00f3dromo tomaram as ruas para protestar contra o \u00faltimo decreto da Prefeitura para a desapropria\u00e7\u00e3o de uma lista de 58 casas <a class=\"mh-excerpt-more\" href=\"https:\/\/rioonwatch.org.br\/?p=13906\" title=\"Protesto Contra Remo\u00e7\u00f5es na Vila Aut\u00f3dromo Bloqueia as Obras do Parque Ol\u00edmpico [SLIDESHOW]\">[&#8230;]<\/a><!-- AddThis Advanced Settings generic via filter on get_the_excerpt --><!-- AddThis Share Buttons generic via filter on get_the_excerpt --><\/p>\n<\/div>","protected":false},"author":137,"featured_media":13908,"comment_status":"closed","ping_status":"closed","sticky":false,"template":"","format":"standard","meta":{"_acf_changed":false,"_monsterinsights_skip_tracking":false,"_monsterinsights_sitenote_active":false,"_monsterinsights_sitenote_note":"","_monsterinsights_sitenote_category":0,"footnotes":""},"categories":[1614,1635,346,1633,344],"tags":[274,1459,424,484,1240,1037,78,358,763,14,432,55,184],"writer":[1433],"translator":[1298],"source":[],"ilustrador":[],"fotografo":[],"class_list":{"0":"post-13906","1":"post","2":"type-post","3":"status-publish","4":"format-standard","5":"has-post-thumbnail","7":"category-olhonasremocoes","8":"category-1635","9":"category-denuncias","10":"category-foto-reportagens","11":"category-politicas","12":"tag-barra-da-tijuca","13":"tag-desapropriacao","14":"tag-direito-a-moradia","15":"tag-prefeito-eduardo-paes","16":"tag-megaeventos","17":"tag-moradia","18":"tag-olimpiadas","19":"tag-organizacao-comunitaria","20":"tag-protesto","21":"tag-remocao","22":"tag-resistencia","23":"tag-vila-autodromo","24":"tag-zona-oeste","25":"writer-brooke-parkin","26":"translator-mariana-silva"},"acf":[],"yoast_head":"<!-- This site is optimized with the Yoast SEO plugin v25.6 - https:\/\/yoast.com\/wordpress\/plugins\/seo\/ -->\n<title>Protesto Contra Remo\u00e7\u00f5es na Vila Aut\u00f3dromo Bloqueia as Obras do Parque Ol\u00edmpico [SLIDESHOW] - RioOnWatch<\/title>\n<meta name=\"robots\" content=\"index, follow, max-snippet:-1, max-image-preview:large, max-video-preview:-1\" \/>\n<link rel=\"canonical\" href=\"https:\/\/rioonwatch.org.br\/?p=13906\" \/>\n<meta property=\"og:locale\" content=\"pt_BR\" \/>\n<meta property=\"og:type\" content=\"article\" \/>\n<meta property=\"og:title\" content=\"Protesto Contra Remo\u00e7\u00f5es na Vila Aut\u00f3dromo Bloqueia as Obras do Parque Ol\u00edmpico [SLIDESHOW] - RioOnWatch\" \/>\n<meta property=\"og:description\" content=\"Faltando 500 dias at\u00e9 o in\u00edcio dos Jogos Ol\u00edmpicos de 2016, moradores da Vila Aut\u00f3dromo tomaram as ruas para protestar contra o \u00faltimo decreto da Prefeitura para a desapropria\u00e7\u00e3o de uma lista de 58 casas [...]\" \/>\n<meta property=\"og:url\" content=\"https:\/\/rioonwatch.org.br\/?p=13906\" \/>\n<meta property=\"og:site_name\" content=\"RioOnWatch\" \/>\n<meta property=\"article:published_time\" content=\"2015-04-11T15:18:21+00:00\" \/>\n<meta property=\"article:modified_time\" content=\"2024-06-20T19:29:09+00:00\" \/>\n<meta property=\"og:image\" content=\"https:\/\/rioonwatch.org.br\/wp-content\/uploads\/2015\/04\/Vila-Autodromo.jpg\" \/>\n\t<meta property=\"og:image:width\" content=\"1000\" \/>\n\t<meta property=\"og:image:height\" content=\"584\" \/>\n\t<meta property=\"og:image:type\" content=\"image\/jpeg\" \/>\n<meta name=\"author\" content=\"Nicole Froio\" \/>\n<meta name=\"twitter:card\" content=\"summary_large_image\" \/>\n<meta name=\"twitter:label1\" content=\"Escrito por\" \/>\n\t<meta name=\"twitter:data1\" content=\"Nicole Froio\" \/>\n\t<meta name=\"twitter:label2\" content=\"Est. tempo de leitura\" \/>\n\t<meta name=\"twitter:data2\" content=\"3 minutos\" \/>\n<script type=\"application\/ld+json\" class=\"yoast-schema-graph\">{\"@context\":\"https:\/\/schema.org\",\"@graph\":[{\"@type\":\"Article\",\"@id\":\"https:\/\/rioonwatch.org.br\/?p=13906#article\",\"isPartOf\":{\"@id\":\"https:\/\/rioonwatch.org.br\/?p=13906\"},\"author\":{\"name\":\"Nicole Froio\",\"@id\":\"https:\/\/rioonwatch.org.br\/#\/schema\/person\/e07d559fe2154d11fd3ec515e35695ee\"},\"headline\":\"Protesto Contra Remo\u00e7\u00f5es na Vila Aut\u00f3dromo Bloqueia as Obras do Parque Ol\u00edmpico [SLIDESHOW]\",\"datePublished\":\"2015-04-11T15:18:21+00:00\",\"dateModified\":\"2024-06-20T19:29:09+00:00\",\"mainEntityOfPage\":{\"@id\":\"https:\/\/rioonwatch.org.br\/?p=13906\"},\"wordCount\":606,\"publisher\":{\"@id\":\"https:\/\/rioonwatch.org.br\/#organization\"},\"image\":{\"@id\":\"https:\/\/rioonwatch.org.br\/?p=13906#primaryimage\"},\"thumbnailUrl\":\"https:\/\/rioonwatch.org.br\/wp-content\/uploads\/2015\/04\/Vila-Autodromo.jpg\",\"keywords\":[\"Barra da Tijuca\",\"desapropria\u00e7\u00e3o\",\"Direito \u00e0 Moradia\",\"Eduardo Paes\",\"Megaeventos\",\"moradia\",\"Olimp\u00edadas\",\"organiza\u00e7\u00e3o comunit\u00e1ria\",\"protesto\",\"Remo\u00e7\u00e3o\",\"resist\u00eancia\",\"Vila Aut\u00f3dromo\",\"Zona Oeste\"],\"articleSection\":[\"#OlhoNasRemo\u00e7\u00f5es\",\"#Rio2016\",\"Den\u00fancias\",\"Fotorreportagens\",\"Pol\u00edticas\"],\"inLanguage\":\"pt-BR\"},{\"@type\":\"WebPage\",\"@id\":\"https:\/\/rioonwatch.org.br\/?p=13906\",\"url\":\"https:\/\/rioonwatch.org.br\/?p=13906\",\"name\":\"Protesto Contra Remo\u00e7\u00f5es na Vila Aut\u00f3dromo Bloqueia as Obras do Parque Ol\u00edmpico [SLIDESHOW] - RioOnWatch\",\"isPartOf\":{\"@id\":\"https:\/\/rioonwatch.org.br\/#website\"},\"primaryImageOfPage\":{\"@id\":\"https:\/\/rioonwatch.org.br\/?p=13906#primaryimage\"},\"image\":{\"@id\":\"https:\/\/rioonwatch.org.br\/?p=13906#primaryimage\"},\"thumbnailUrl\":\"https:\/\/rioonwatch.org.br\/wp-content\/uploads\/2015\/04\/Vila-Autodromo.jpg\",\"datePublished\":\"2015-04-11T15:18:21+00:00\",\"dateModified\":\"2024-06-20T19:29:09+00:00\",\"breadcrumb\":{\"@id\":\"https:\/\/rioonwatch.org.br\/?p=13906#breadcrumb\"},\"inLanguage\":\"pt-BR\",\"potentialAction\":[{\"@type\":\"ReadAction\",\"target\":[\"https:\/\/rioonwatch.org.br\/?p=13906\"]}]},{\"@type\":\"ImageObject\",\"inLanguage\":\"pt-BR\",\"@id\":\"https:\/\/rioonwatch.org.br\/?p=13906#primaryimage\",\"url\":\"https:\/\/rioonwatch.org.br\/wp-content\/uploads\/2015\/04\/Vila-Autodromo.jpg\",\"contentUrl\":\"https:\/\/rioonwatch.org.br\/wp-content\/uploads\/2015\/04\/Vila-Autodromo.jpg\",\"width\":1000,\"height\":584},{\"@type\":\"BreadcrumbList\",\"@id\":\"https:\/\/rioonwatch.org.br\/?p=13906#breadcrumb\",\"itemListElement\":[{\"@type\":\"ListItem\",\"position\":1,\"name\":\"In\u00edcio\",\"item\":\"https:\/\/rioonwatch.org.br\/\"},{\"@type\":\"ListItem\",\"position\":2,\"name\":\"Protesto Contra Remo\u00e7\u00f5es na Vila Aut\u00f3dromo Bloqueia as Obras do Parque Ol\u00edmpico [SLIDESHOW]\"}]},{\"@type\":\"WebSite\",\"@id\":\"https:\/\/rioonwatch.org.br\/#website\",\"url\":\"https:\/\/rioonwatch.org.br\/\",\"name\":\"RioOnWatch\",\"description\":\"relatos das favelas cariocas\",\"publisher\":{\"@id\":\"https:\/\/rioonwatch.org.br\/#organization\"},\"potentialAction\":[{\"@type\":\"SearchAction\",\"target\":{\"@type\":\"EntryPoint\",\"urlTemplate\":\"https:\/\/rioonwatch.org.br\/?s={search_term_string}\"},\"query-input\":{\"@type\":\"PropertyValueSpecification\",\"valueRequired\":true,\"valueName\":\"search_term_string\"}}],\"inLanguage\":\"pt-BR\"},{\"@type\":\"Organization\",\"@id\":\"https:\/\/rioonwatch.org.br\/#organization\",\"name\":\"RioOnWatch\",\"url\":\"https:\/\/rioonwatch.org.br\/\",\"logo\":{\"@type\":\"ImageObject\",\"inLanguage\":\"pt-BR\",\"@id\":\"https:\/\/rioonwatch.org.br\/#\/schema\/logo\/image\/\",\"url\":\"https:\/\/rioonwatch.org.br\/wp-content\/uploads\/2021\/06\/RioOnWatchcabecalhoPT11anos-2.png\",\"contentUrl\":\"https:\/\/rioonwatch.org.br\/wp-content\/uploads\/2021\/06\/RioOnWatchcabecalhoPT11anos-2.png\",\"width\":779,\"height\":277,\"caption\":\"RioOnWatch\"},\"image\":{\"@id\":\"https:\/\/rioonwatch.org.br\/#\/schema\/logo\/image\/\"}},{\"@type\":\"Person\",\"@id\":\"https:\/\/rioonwatch.org.br\/#\/schema\/person\/e07d559fe2154d11fd3ec515e35695ee\",\"name\":\"Nicole Froio\",\"image\":{\"@type\":\"ImageObject\",\"inLanguage\":\"pt-BR\",\"@id\":\"https:\/\/rioonwatch.org.br\/#\/schema\/person\/image\/\",\"url\":\"https:\/\/secure.gravatar.com\/avatar\/0acdbd6878ca0ac29aa5ce6c6119d636?s=96&d=blank&r=g\",\"contentUrl\":\"https:\/\/secure.gravatar.com\/avatar\/0acdbd6878ca0ac29aa5ce6c6119d636?s=96&d=blank&r=g\",\"caption\":\"Nicole Froio\"},\"url\":\"https:\/\/rioonwatch.org.br\/?author=137\"}]}<\/script>\n<!-- \/ Yoast SEO plugin. -->","yoast_head_json":{"title":"Protesto Contra Remo\u00e7\u00f5es na Vila Aut\u00f3dromo Bloqueia as Obras do Parque Ol\u00edmpico [SLIDESHOW] - RioOnWatch","robots":{"index":"index","follow":"follow","max-snippet":"max-snippet:-1","max-image-preview":"max-image-preview:large","max-video-preview":"max-video-preview:-1"},"canonical":"https:\/\/rioonwatch.org.br\/?p=13906","og_locale":"pt_BR","og_type":"article","og_title":"Protesto Contra Remo\u00e7\u00f5es na Vila Aut\u00f3dromo Bloqueia as Obras do Parque Ol\u00edmpico [SLIDESHOW] - RioOnWatch","og_description":"Faltando 500 dias at\u00e9 o in\u00edcio dos Jogos Ol\u00edmpicos de 2016, moradores da Vila Aut\u00f3dromo tomaram as ruas para protestar contra o \u00faltimo decreto da Prefeitura para a desapropria\u00e7\u00e3o de uma lista de 58 casas [...]","og_url":"https:\/\/rioonwatch.org.br\/?p=13906","og_site_name":"RioOnWatch","article_published_time":"2015-04-11T15:18:21+00:00","article_modified_time":"2024-06-20T19:29:09+00:00","og_image":[{"width":1000,"height":584,"url":"https:\/\/rioonwatch.org.br\/wp-content\/uploads\/2015\/04\/Vila-Autodromo.jpg","type":"image\/jpeg"}],"author":"Nicole Froio","twitter_card":"summary_large_image","twitter_misc":{"Escrito por":"Nicole Froio","Est. tempo de leitura":"3 minutos"},"schema":{"@context":"https:\/\/schema.org","@graph":[{"@type":"Article","@id":"https:\/\/rioonwatch.org.br\/?p=13906#article","isPartOf":{"@id":"https:\/\/rioonwatch.org.br\/?p=13906"},"author":{"name":"Nicole Froio","@id":"https:\/\/rioonwatch.org.br\/#\/schema\/person\/e07d559fe2154d11fd3ec515e35695ee"},"headline":"Protesto Contra Remo\u00e7\u00f5es na Vila Aut\u00f3dromo Bloqueia as Obras do Parque Ol\u00edmpico [SLIDESHOW]","datePublished":"2015-04-11T15:18:21+00:00","dateModified":"2024-06-20T19:29:09+00:00","mainEntityOfPage":{"@id":"https:\/\/rioonwatch.org.br\/?p=13906"},"wordCount":606,"publisher":{"@id":"https:\/\/rioonwatch.org.br\/#organization"},"image":{"@id":"https:\/\/rioonwatch.org.br\/?p=13906#primaryimage"},"thumbnailUrl":"https:\/\/rioonwatch.org.br\/wp-content\/uploads\/2015\/04\/Vila-Autodromo.jpg","keywords":["Barra da Tijuca","desapropria\u00e7\u00e3o","Direito \u00e0 Moradia","Eduardo Paes","Megaeventos","moradia","Olimp\u00edadas","organiza\u00e7\u00e3o comunit\u00e1ria","protesto","Remo\u00e7\u00e3o","resist\u00eancia","Vila Aut\u00f3dromo","Zona Oeste"],"articleSection":["#OlhoNasRemo\u00e7\u00f5es","#Rio2016","Den\u00fancias","Fotorreportagens","Pol\u00edticas"],"inLanguage":"pt-BR"},{"@type":"WebPage","@id":"https:\/\/rioonwatch.org.br\/?p=13906","url":"https:\/\/rioonwatch.org.br\/?p=13906","name":"Protesto Contra Remo\u00e7\u00f5es na Vila Aut\u00f3dromo Bloqueia as Obras do Parque Ol\u00edmpico [SLIDESHOW] - RioOnWatch","isPartOf":{"@id":"https:\/\/rioonwatch.org.br\/#website"},"primaryImageOfPage":{"@id":"https:\/\/rioonwatch.org.br\/?p=13906#primaryimage"},"image":{"@id":"https:\/\/rioonwatch.org.br\/?p=13906#primaryimage"},"thumbnailUrl":"https:\/\/rioonwatch.org.br\/wp-content\/uploads\/2015\/04\/Vila-Autodromo.jpg","datePublished":"2015-04-11T15:18:21+00:00","dateModified":"2024-06-20T19:29:09+00:00","breadcrumb":{"@id":"https:\/\/rioonwatch.org.br\/?p=13906#breadcrumb"},"inLanguage":"pt-BR","potentialAction":[{"@type":"ReadAction","target":["https:\/\/rioonwatch.org.br\/?p=13906"]}]},{"@type":"ImageObject","inLanguage":"pt-BR","@id":"https:\/\/rioonwatch.org.br\/?p=13906#primaryimage","url":"https:\/\/rioonwatch.org.br\/wp-content\/uploads\/2015\/04\/Vila-Autodromo.jpg","contentUrl":"https:\/\/rioonwatch.org.br\/wp-content\/uploads\/2015\/04\/Vila-Autodromo.jpg","width":1000,"height":584},{"@type":"BreadcrumbList","@id":"https:\/\/rioonwatch.org.br\/?p=13906#breadcrumb","itemListElement":[{"@type":"ListItem","position":1,"name":"In\u00edcio","item":"https:\/\/rioonwatch.org.br\/"},{"@type":"ListItem","position":2,"name":"Protesto Contra Remo\u00e7\u00f5es na Vila Aut\u00f3dromo Bloqueia as Obras do Parque Ol\u00edmpico [SLIDESHOW]"}]},{"@type":"WebSite","@id":"https:\/\/rioonwatch.org.br\/#website","url":"https:\/\/rioonwatch.org.br\/","name":"RioOnWatch","description":"relatos das favelas cariocas","publisher":{"@id":"https:\/\/rioonwatch.org.br\/#organization"},"potentialAction":[{"@type":"SearchAction","target":{"@type":"EntryPoint","urlTemplate":"https:\/\/rioonwatch.org.br\/?s={search_term_string}"},"query-input":{"@type":"PropertyValueSpecification","valueRequired":true,"valueName":"search_term_string"}}],"inLanguage":"pt-BR"},{"@type":"Organization","@id":"https:\/\/rioonwatch.org.br\/#organization","name":"RioOnWatch","url":"https:\/\/rioonwatch.org.br\/","logo":{"@type":"ImageObject","inLanguage":"pt-BR","@id":"https:\/\/rioonwatch.org.br\/#\/schema\/logo\/image\/","url":"https:\/\/rioonwatch.org.br\/wp-content\/uploads\/2021\/06\/RioOnWatchcabecalhoPT11anos-2.png","contentUrl":"https:\/\/rioonwatch.org.br\/wp-content\/uploads\/2021\/06\/RioOnWatchcabecalhoPT11anos-2.png","width":779,"height":277,"caption":"RioOnWatch"},"image":{"@id":"https:\/\/rioonwatch.org.br\/#\/schema\/logo\/image\/"}},{"@type":"Person","@id":"https:\/\/rioonwatch.org.br\/#\/schema\/person\/e07d559fe2154d11fd3ec515e35695ee","name":"Nicole Froio","image":{"@type":"ImageObject","inLanguage":"pt-BR","@id":"https:\/\/rioonwatch.org.br\/#\/schema\/person\/image\/","url":"https:\/\/secure.gravatar.com\/avatar\/0acdbd6878ca0ac29aa5ce6c6119d636?s=96&d=blank&r=g","contentUrl":"https:\/\/secure.gravatar.com\/avatar\/0acdbd6878ca0ac29aa5ce6c6119d636?s=96&d=blank&r=g","caption":"Nicole Froio"},"url":"https:\/\/rioonwatch.org.br\/?author=137"}]}},"_links":{"self":[{"href":"https:\/\/rioonwatch.org.br\/index.php?rest_route=\/wp\/v2\/posts\/13906"}],"collection":[{"href":"https:\/\/rioonwatch.org.br\/index.php?rest_route=\/wp\/v2\/posts"}],"about":[{"href":"https:\/\/rioonwatch.org.br\/index.php?rest_route=\/wp\/v2\/types\/post"}],"author":[{"embeddable":true,"href":"https:\/\/rioonwatch.org.br\/index.php?rest_route=\/wp\/v2\/users\/137"}],"replies":[{"embeddable":true,"href":"https:\/\/rioonwatch.org.br\/index.php?rest_route=%2Fwp%2Fv2%2Fcomments&post=13906"}],"version-history":[{"count":26,"href":"https:\/\/rioonwatch.org.br\/index.php?rest_route=\/wp\/v2\/posts\/13906\/revisions"}],"predecessor-version":[{"id":74251,"href":"https:\/\/rioonwatch.org.br\/index.php?rest_route=\/wp\/v2\/posts\/13906\/revisions\/74251"}],"wp:featuredmedia":[{"embeddable":true,"href":"https:\/\/rioonwatch.org.br\/index.php?rest_route=\/wp\/v2\/media\/13908"}],"wp:attachment":[{"href":"https:\/\/rioonwatch.org.br\/index.php?rest_route=%2Fwp%2Fv2%2Fmedia&parent=13906"}],"wp:term":[{"taxonomy":"category","embeddable":true,"href":"https:\/\/rioonwatch.org.br\/index.php?rest_route=%2Fwp%2Fv2%2Fcategories&post=13906"},{"taxonomy":"post_tag","embeddable":true,"href":"https:\/\/rioonwatch.org.br\/index.php?rest_route=%2Fwp%2Fv2%2Ftags&post=13906"},{"taxonomy":"writer","embeddable":true,"href":"https:\/\/rioonwatch.org.br\/index.php?rest_route=%2Fwp%2Fv2%2Fwriter&post=13906"},{"taxonomy":"translator","embeddable":true,"href":"https:\/\/rioonwatch.org.br\/index.php?rest_route=%2Fwp%2Fv2%2Ftranslator&post=13906"},{"taxonomy":"source","embeddable":true,"href":"https:\/\/rioonwatch.org.br\/index.php?rest_route=%2Fwp%2Fv2%2Fsource&post=13906"},{"taxonomy":"ilustrador","embeddable":true,"href":"https:\/\/rioonwatch.org.br\/index.php?rest_route=%2Fwp%2Fv2%2Filustrador&post=13906"},{"taxonomy":"fotografo","embeddable":true,"href":"https:\/\/rioonwatch.org.br\/index.php?rest_route=%2Fwp%2Fv2%2Ffotografo&post=13906"}],"curies":[{"name":"wp","href":"https:\/\/api.w.org\/{rel}","templated":true}]}}