{"id":13949,"date":"2015-04-14T14:21:57","date_gmt":"2015-04-14T17:21:57","guid":{"rendered":"http:\/\/rioonwatch.org.br\/?p=13949"},"modified":"2016-04-11T02:32:42","modified_gmt":"2016-04-11T05:32:42","slug":"400-pessoas-sao-removidas-a-forca-de-predio-da-cedae-em-santo-cristo","status":"publish","type":"post","link":"https:\/\/rioonwatch.org.br\/?p=13949","title":{"rendered":"400 Pessoas Removidas \u00e0 For\u00e7a de Pr\u00e9dio da CEDAE, em Santo Cristo"},"content":{"rendered":"<p style=\"text-align: right;\"><em><strong><a href=\"http:\/\/bit.ly\/1a2fUTA\" target=\"_blank\">Click Here for English<img decoding=\"async\" width=\"20\" height=\"20\" class=\"alignright wp-image-15790\" src=\"http:\/\/rioonwatch.org.br\/wp-content\/uploads\/2012\/08\/EN-standard-e1439583104716.jpg\" alt=\"\" \/><\/a><\/strong><\/em><\/p>\n<p><a href=\"http:\/\/bit.ly\/1Dngnvj\" target=\"_blank\">Cerca de 400 pessoas<\/a> foram removidas da Companhia Estadual de \u00c1guas e Esgotos\u00a0(CEDAE) em Santo Cristo\u00a0na quarta-feira, 25 de mar\u00e7o. Os ocupantes estavam morando no pr\u00e9dio h\u00e1 15 dias.<\/p>\n<p>De acordo com o <a href=\"http:\/\/bit.ly\/1FeEsDL\" target=\"_blank\">Coletivo Carranca<\/a>, algumas das 400 pessoas despejadas da CEDAE <a href=\"http:\/\/bit.ly\/1Dngnvj\" target=\"_blank\">fizeram parte<\/a> da ocupa\u00e7\u00e3o de curta dura\u00e7\u00e3o de 8 mil pessoas no <a href=\"http:\/\/bit.ly\/1b05dSu\" target=\"_blank\">pr\u00e9dio da Telerj\/Oi<\/a> na Zona Norte do Rio, que foi <a href=\"http:\/\/bit.ly\/1ibmnwc\" target=\"_blank\">agressivamente\u00a0desmantelada pela Pol\u00edcia Militar em abril do ano passado<\/a>. Ocupantes origin\u00e1rios da Telerj\/Oi vieram de uma m\u00edriade de comunidades que est\u00e3o sofrendo com o aumento nos pre\u00e7os de aluguel como <a href=\"http:\/\/bit.ly\/1EzAHdz\" target=\"_blank\">Mandela<\/a>, <a href=\"http:\/\/bit.ly\/1DE9l5a\" target=\"_blank\">Rato Molhado<\/a>, <a href=\"http:\/\/bit.ly\/19t7wK0\" target=\"_blank\">Jacarezinho<\/a>, <a href=\"http:\/\/bit.ly\/XMxH4q\" target=\"_blank\">Cosmos<\/a>, <a href=\"http:\/\/bit.ly\/ZC9b6z\" target=\"_blank\">Manguinhos<\/a>, <a href=\"http:\/\/bit.ly\/1xSlxft\" target=\"_blank\">Duque de Caxias<\/a> e Morro do Sampaio.<\/p>\n<p><a href=\"http:\/\/rioonwatch.org.br\/wp-content\/uploads\/2015\/04\/IMG_5023.jpg\"><img fetchpriority=\"high\" decoding=\"async\" class=\"aligncenter wp-image-13952\" title=\"&quot;Menos roubo, mais casa para todos&quot;. Foto: Katja Schilir\u00f2\" src=\"http:\/\/rioonwatch.org.br\/wp-content\/uploads\/2015\/04\/IMG_5023.jpg\" alt=\"&quot;Menos roubo, mais casa para todos&quot;. Foto: Katja Schilir\u00f2\" width=\"620\" height=\"414\" srcset=\"https:\/\/rioonwatch.org.br\/wp-content\/uploads\/2015\/04\/IMG_5023.jpg 1000w, https:\/\/rioonwatch.org.br\/wp-content\/uploads\/2015\/04\/IMG_5023-396x264.jpg 396w, https:\/\/rioonwatch.org.br\/wp-content\/uploads\/2015\/04\/IMG_5023-620x414.jpg 620w\" sizes=\"(max-width: 620px) 100vw, 620px\" \/><\/a><\/p>\n<p>Ap\u00f3s remo\u00e7\u00f5es violentas em abril de 2014, os ocupantes tomaram caminhos diferentes, mas o Prefeito Eduardo Paes <a href=\"http:\/\/bit.ly\/1hgEUUB\" target=\"_blank\">prometeu<\/a> transformar o pr\u00e9dio da Telerj\/Oi em moradia p\u00fablica sob o programa\u00a0<a href=\"http:\/\/bit.ly\/Y4U9oJ\" target=\"_blank\">Minha Casa Minha Vida (MCMV)<\/a>. Enquanto isso, cerca de 250 pessoas foram <a href=\"http:\/\/bit.ly\/UBc5ws\" target=\"_blank\">abrigadas no gin\u00e1sio da Igreja Cat\u00f3lica Nossa Senhora do Loreto<\/a>, pr\u00f3ximo ao aeroporto internacional do Rio de Janeiro, enquanto esperam por um lugar para morar. Outros foram for\u00e7ados a viver nas ruas ou com parentes, enquanto ainda outros receberam moradia popular ou <a href=\"http:\/\/bit.ly\/UBbISE\" target=\"_blank\">aluguel social<\/a> do governo.<\/p>\n<p><a href=\"http:\/\/rioonwatch.org.br\/wp-content\/uploads\/2015\/04\/Celia-Regino.jpg\"><img decoding=\"async\" class=\"aligncenter wp-image-13953\" title=\"Celia Regino pede por uma moradia.\" src=\"http:\/\/rioonwatch.org.br\/wp-content\/uploads\/2015\/04\/Celia-Regino.jpg\" alt=\"Celia Regino pede por uma moradia.\" width=\"620\" height=\"826\" srcset=\"https:\/\/rioonwatch.org.br\/wp-content\/uploads\/2015\/04\/Celia-Regino.jpg 1000w, https:\/\/rioonwatch.org.br\/wp-content\/uploads\/2015\/04\/Celia-Regino-198x264.jpg 198w, https:\/\/rioonwatch.org.br\/wp-content\/uploads\/2015\/04\/Celia-Regino-465x620.jpg 465w, https:\/\/rioonwatch.org.br\/wp-content\/uploads\/2015\/04\/Celia-Regino-768x1024.jpg 768w\" sizes=\"(max-width: 620px) 100vw, 620px\" \/><\/a><\/p>\n<p>No entanto, a maioria das pessoas que ocupavam o pr\u00e9dio da CEDAE em Santo Cristo\u00a0vieram da favela chamada Bairro 13 na mesma \u00e1rea, da qual <a href=\"http:\/\/bit.ly\/1fVkHax\" target=\"_blank\">foram removidos em fevereiro do ano passado<\/a>. O <a href=\"http:\/\/on.fb.me\/1HhD57e\" target=\"_blank\">Coletivo Mariachi<\/a> reportou que muitos dos ocupantes &#8220;est\u00e3o h\u00e1 anos esperando por uma casa, com pap\u00e9is assinados pela Prefeitura prometendo resolver o problema&#8221;. Uma das ocupantes, C\u00e9lia Regino, alega estar na lista de espera por assist\u00eancia de moradia p\u00fablica h\u00e1 10 anos. Ela enfatizou o fato de estar lutando por uma casa n\u00e3o para si, mas para o futuro de seus tr\u00eas sobrinhos e sobrinhas.<\/p>\n<p>Outro ocupante, Welinson Michel Moreira da Costa, disse que ele e sua mulher e filhos foram morar no pr\u00e9dio da CEDAE para evitar entrar ainda mais em d\u00edvidas. &#8220;Eu paguei aluguel por um ano, mas \u00e9 caro e a cada m\u00eas continua aumentando&#8221;, disse ele. Uma vez que sua fam\u00edlia se mudou para o pr\u00e9dio da CEDAE ele come\u00e7ou a investir em sua pr\u00f3pria casa. Ele gastou o dinheiro que normalmente usava para pagar aluguel para investir em materiais de constru\u00e7\u00e3o para construir seu pr\u00f3prio &#8220;barraco&#8221;.\u00a0De acordo com Welison, quando a pol\u00edcia tomou conta do pr\u00e9dio da CEDAE eles prometeram escoltar os ocupantes at\u00e9 a Prefeitura para se registrarem no Minha Casa Minha Vida. Mas ao inv\u00e9s disso, a pol\u00edcia usou a oportunidade para esvaziar o pr\u00e9dio, retirando seus pertences e barracas.<\/p>\n<p><a href=\"http:\/\/rioonwatch.org.br\/wp-content\/uploads\/2015\/04\/Cedae3.jpg\"><img loading=\"lazy\" decoding=\"async\" class=\"aligncenter wp-image-13954\" title=\"Ocupantes dormindo na Cinel\u00e2ndia. Foto: Katja Schilir\u00f2\" src=\"http:\/\/rioonwatch.org.br\/wp-content\/uploads\/2015\/04\/Cedae3.jpg\" alt=\"Ocupantes dormindo na Cinel\u00e2ndia. Foto: Katja Schilir\u00f2\" width=\"620\" height=\"414\" srcset=\"https:\/\/rioonwatch.org.br\/wp-content\/uploads\/2015\/04\/Cedae3.jpg 1000w, https:\/\/rioonwatch.org.br\/wp-content\/uploads\/2015\/04\/Cedae3-396x264.jpg 396w, https:\/\/rioonwatch.org.br\/wp-content\/uploads\/2015\/04\/Cedae3-620x414.jpg 620w\" sizes=\"(max-width: 620px) 100vw, 620px\" \/><\/a><\/p>\n<p>Nesse ponto os ocupantes da CEDAE foram para a Prefeitura para pedir mais uma vez por moradia p\u00fablica. Ao inv\u00e9s de permitirem sua volta ao pr\u00e9dio, a guarda municipal atacou-os com spray de pimenta e balas de borracha, de acordo com Welison. A multid\u00e3o de manifestantes <a href=\"http:\/\/on.fb.me\/1BTsWcA\" target=\"_blank\">inclu\u00eda crian\u00e7as, idosos e mulheres gr\u00e1vidas<\/a>.<\/p>\n<p>Os ocupantes foram ent\u00e3o para a Cinel\u00e2ndia, em frente \u00e0 C\u00e2mara dos Vereadores, um espa\u00e7o que t\u00eam sido\u00a0<a href=\"http:\/\/on.fb.me\/1FeFsI3\" target=\"_blank\">altamente vigiado\u00a0pela pol\u00edcia<\/a>. O escrit\u00f3rio da Defensoria P\u00fablica do Estado do Rio de Janeiro <a href=\"http:\/\/on.fb.me\/1BTqZwI\" target=\"_blank\">garantiu publicamente<\/a> o direito dos manifestantes de ocupar a \u00e1rea. No entanto, relatos nas m\u00eddias sociais afirmam que <a href=\"http:\/\/on.fb.me\/1I90ETB\" target=\"_blank\">a pol\u00edcia tem tentado dispersar<\/a> os ocupantes em <a href=\"http:\/\/on.fb.me\/1I8Wzi5\" target=\"_blank\">m\u00faltiplas ocasi\u00f5es<\/a>. Os manifestantes originais da CEDAE t\u00eam se juntado a outras fam\u00edlias desde ent\u00e3o, buscando assist\u00eancia de moradia.<\/p>\n<p>&#8220;Faz uma semana que a gente est\u00e1 aqui, dormindo no sol e na chuva&#8221;, disse Eduardo Felipe Aparecido Cunha. Sua fam\u00edlia tem ficado junto com aproximadamente outras 40 a noite <a href=\"http:\/\/on.fb.me\/19PBOtg\" target=\"_blank\">na Igreja Universal situada pr\u00f3xima ao local<\/a>. Ele espera que a ocupa\u00e7\u00e3o leve a cidade a seguir com suas promessas e acrescente sua fam\u00edlia ao MCMV. Quando perguntado o que queria ver acontecer, Wellison, de 18 anos, respondeu como outros manifestantes e disse: &#8220;Uma\u00a0moradia&#8230; alguma coisa para n\u00f3s&#8221;.<\/p>\n<p><a href=\"http:\/\/rioonwatch.org.br\/wp-content\/uploads\/2015\/04\/Eduardo-Felipe-Aparecido-Cunha.jpg\"><img loading=\"lazy\" decoding=\"async\" class=\"aligncenter wp-image-13955\" title=\"Eduardo Felipe Aparecido Cunha luta por moradia.\" src=\"http:\/\/rioonwatch.org.br\/wp-content\/uploads\/2015\/04\/Eduardo-Felipe-Aparecido-Cunha.jpg\" alt=\"Eduardo Felipe Aparecido Cunha luta por moradia.\" width=\"620\" height=\"465\" srcset=\"https:\/\/rioonwatch.org.br\/wp-content\/uploads\/2015\/04\/Eduardo-Felipe-Aparecido-Cunha.jpg 1000w, https:\/\/rioonwatch.org.br\/wp-content\/uploads\/2015\/04\/Eduardo-Felipe-Aparecido-Cunha-352x264.jpg 352w, https:\/\/rioonwatch.org.br\/wp-content\/uploads\/2015\/04\/Eduardo-Felipe-Aparecido-Cunha-620x465.jpg 620w, https:\/\/rioonwatch.org.br\/wp-content\/uploads\/2015\/04\/Eduardo-Felipe-Aparecido-Cunha-174x131.jpg 174w, https:\/\/rioonwatch.org.br\/wp-content\/uploads\/2015\/04\/Eduardo-Felipe-Aparecido-Cunha-300x225.jpg 300w, https:\/\/rioonwatch.org.br\/wp-content\/uploads\/2015\/04\/Eduardo-Felipe-Aparecido-Cunha-70x53.jpg 70w\" sizes=\"(max-width: 620px) 100vw, 620px\" \/><\/a><\/p>\n<!-- AddThis Advanced Settings generic via filter on the_content --><!-- AddThis Share Buttons generic via filter on the_content -->","protected":false},"excerpt":{"rendered":"<div class=\"mh-excerpt\"><p>Click Here for English Cerca de 400 pessoas foram removidas da Companhia Estadual de \u00c1guas e Esgotos\u00a0(CEDAE) em Santo Cristo\u00a0na quarta-feira, 25 de mar\u00e7o. Os ocupantes estavam morando no pr\u00e9dio h\u00e1 15 dias. De acordo <a class=\"mh-excerpt-more\" href=\"https:\/\/rioonwatch.org.br\/?p=13949\" title=\"400 Pessoas Removidas \u00e0 For\u00e7a de Pr\u00e9dio da CEDAE, em Santo Cristo\">[&#8230;]<\/a><!-- AddThis Advanced Settings generic via filter on get_the_excerpt --><!-- AddThis Share Buttons generic via filter on get_the_excerpt --><\/p>\n<\/div>","protected":false},"author":137,"featured_media":13951,"comment_status":"closed","ping_status":"closed","sticky":false,"template":"","format":"standard","meta":{"_acf_changed":false,"_monsterinsights_skip_tracking":false,"_monsterinsights_sitenote_active":false,"_monsterinsights_sitenote_note":"","_monsterinsights_sitenote_category":0,"footnotes":""},"categories":[1614,346],"tags":[1478,959,620,259,247,1220,424,88,1091,599,636,246,1037,1094,1093,407,763,1095,14,1480,1180,218],"writer":[1476,1657],"translator":[1342],"source":[],"ilustrador":[],"fotografo":[],"class_list":{"0":"post-13949","1":"post","2":"type-post","3":"status-publish","4":"format-standard","5":"has-post-thumbnail","7":"category-olhonasremocoes","8":"category-denuncias","9":"tag-a-espera-de-habitacao-publica","10":"tag-baixada-fluminense","11":"tag-cedae","12":"tag-centro","13":"tag-cosmos","14":"tag-deficit-habitacional","15":"tag-direito-a-moradia","16":"tag-direitos-humanos","17":"tag-duque-de-caxias","18":"tag-jacarezinho","19":"tag-manguinhos","20":"tag-minha-casa-minha-vida","21":"tag-moradia","22":"tag-morro-do-sampaio","23":"tag-mandela","24":"tag-ocupacao","25":"tag-protesto","26":"tag-rato-molhado","27":"tag-remocao","28":"tag-sampaio","29":"tag-telerj","30":"tag-zona-norte","31":"writer-christine-wilkes","32":"writer-nicole-froio","33":"translator-patricia-monteiro"},"acf":[],"yoast_head":"<!-- This site is optimized with the Yoast SEO plugin v25.6 - https:\/\/yoast.com\/wordpress\/plugins\/seo\/ -->\n<title>400 Pessoas Removidas \u00e0 For\u00e7a de Pr\u00e9dio da CEDAE, em Santo Cristo - RioOnWatch<\/title>\n<meta name=\"robots\" content=\"index, follow, max-snippet:-1, max-image-preview:large, max-video-preview:-1\" \/>\n<link rel=\"canonical\" href=\"https:\/\/rioonwatch.org.br\/?p=13949\" \/>\n<meta property=\"og:locale\" content=\"pt_BR\" \/>\n<meta property=\"og:type\" content=\"article\" \/>\n<meta property=\"og:title\" content=\"400 Pessoas Removidas \u00e0 For\u00e7a de Pr\u00e9dio da CEDAE, em Santo Cristo - RioOnWatch\" \/>\n<meta property=\"og:description\" content=\"Click Here for English Cerca de 400 pessoas foram removidas da Companhia Estadual de \u00c1guas e Esgotos\u00a0(CEDAE) em Santo Cristo\u00a0na quarta-feira, 25 de mar\u00e7o. Os ocupantes estavam morando no pr\u00e9dio h\u00e1 15 dias. De acordo [...]\" \/>\n<meta property=\"og:url\" content=\"https:\/\/rioonwatch.org.br\/?p=13949\" \/>\n<meta property=\"og:site_name\" content=\"RioOnWatch\" \/>\n<meta property=\"article:published_time\" content=\"2015-04-14T17:21:57+00:00\" \/>\n<meta property=\"article:modified_time\" content=\"2016-04-11T05:32:42+00:00\" \/>\n<meta property=\"og:image\" content=\"https:\/\/rioonwatch.org.br\/wp-content\/uploads\/2015\/04\/Cedae2.jpg\" \/>\n\t<meta property=\"og:image:width\" content=\"1000\" \/>\n\t<meta property=\"og:image:height\" content=\"667\" \/>\n\t<meta property=\"og:image:type\" content=\"image\/jpeg\" \/>\n<meta name=\"author\" content=\"Nicole Froio\" \/>\n<meta name=\"twitter:card\" content=\"summary_large_image\" \/>\n<meta name=\"twitter:label1\" content=\"Escrito por\" \/>\n\t<meta name=\"twitter:data1\" content=\"Nicole Froio\" \/>\n\t<meta name=\"twitter:label2\" content=\"Est. tempo de leitura\" \/>\n\t<meta name=\"twitter:data2\" content=\"4 minutos\" \/>\n<script type=\"application\/ld+json\" class=\"yoast-schema-graph\">{\"@context\":\"https:\/\/schema.org\",\"@graph\":[{\"@type\":\"Article\",\"@id\":\"https:\/\/rioonwatch.org.br\/?p=13949#article\",\"isPartOf\":{\"@id\":\"https:\/\/rioonwatch.org.br\/?p=13949\"},\"author\":{\"name\":\"Nicole Froio\",\"@id\":\"https:\/\/rioonwatch.org.br\/#\/schema\/person\/e07d559fe2154d11fd3ec515e35695ee\"},\"headline\":\"400 Pessoas Removidas \u00e0 For\u00e7a de Pr\u00e9dio da CEDAE, em Santo Cristo\",\"datePublished\":\"2015-04-14T17:21:57+00:00\",\"dateModified\":\"2016-04-11T05:32:42+00:00\",\"mainEntityOfPage\":{\"@id\":\"https:\/\/rioonwatch.org.br\/?p=13949\"},\"wordCount\":712,\"publisher\":{\"@id\":\"https:\/\/rioonwatch.org.br\/#organization\"},\"image\":{\"@id\":\"https:\/\/rioonwatch.org.br\/?p=13949#primaryimage\"},\"thumbnailUrl\":\"https:\/\/rioonwatch.org.br\/wp-content\/uploads\/2015\/04\/Cedae2.jpg\",\"keywords\":[\"\u00c0 espera de habita\u00e7\u00e3o p\u00fablica\",\"Baixada Fluminense\",\"CEDAE\",\"Centro\",\"Cosmos\",\"d\u00e9ficit habitacional\",\"Direito \u00e0 Moradia\",\"Direitos Humanos\",\"Duque de Caxias\",\"Jacarezinho\",\"Manguinhos\",\"Minha Casa Minha Vida\",\"moradia\",\"Morro do Sampaio\",\"Nelson Mandela\",\"Ocupa\u00e7\u00e3o\",\"protesto\",\"Rato Molhado\",\"Remo\u00e7\u00e3o\",\"Sampaio\",\"Telerj\",\"Zona Norte\"],\"articleSection\":[\"#OlhoNasRemo\u00e7\u00f5es\",\"Den\u00fancias\"],\"inLanguage\":\"pt-BR\"},{\"@type\":\"WebPage\",\"@id\":\"https:\/\/rioonwatch.org.br\/?p=13949\",\"url\":\"https:\/\/rioonwatch.org.br\/?p=13949\",\"name\":\"400 Pessoas Removidas \u00e0 For\u00e7a de Pr\u00e9dio da CEDAE, em Santo Cristo - RioOnWatch\",\"isPartOf\":{\"@id\":\"https:\/\/rioonwatch.org.br\/#website\"},\"primaryImageOfPage\":{\"@id\":\"https:\/\/rioonwatch.org.br\/?p=13949#primaryimage\"},\"image\":{\"@id\":\"https:\/\/rioonwatch.org.br\/?p=13949#primaryimage\"},\"thumbnailUrl\":\"https:\/\/rioonwatch.org.br\/wp-content\/uploads\/2015\/04\/Cedae2.jpg\",\"datePublished\":\"2015-04-14T17:21:57+00:00\",\"dateModified\":\"2016-04-11T05:32:42+00:00\",\"breadcrumb\":{\"@id\":\"https:\/\/rioonwatch.org.br\/?p=13949#breadcrumb\"},\"inLanguage\":\"pt-BR\",\"potentialAction\":[{\"@type\":\"ReadAction\",\"target\":[\"https:\/\/rioonwatch.org.br\/?p=13949\"]}]},{\"@type\":\"ImageObject\",\"inLanguage\":\"pt-BR\",\"@id\":\"https:\/\/rioonwatch.org.br\/?p=13949#primaryimage\",\"url\":\"https:\/\/rioonwatch.org.br\/wp-content\/uploads\/2015\/04\/Cedae2.jpg\",\"contentUrl\":\"https:\/\/rioonwatch.org.br\/wp-content\/uploads\/2015\/04\/Cedae2.jpg\",\"width\":1000,\"height\":667},{\"@type\":\"BreadcrumbList\",\"@id\":\"https:\/\/rioonwatch.org.br\/?p=13949#breadcrumb\",\"itemListElement\":[{\"@type\":\"ListItem\",\"position\":1,\"name\":\"In\u00edcio\",\"item\":\"https:\/\/rioonwatch.org.br\/\"},{\"@type\":\"ListItem\",\"position\":2,\"name\":\"400 Pessoas Removidas \u00e0 For\u00e7a de Pr\u00e9dio da CEDAE, em Santo Cristo\"}]},{\"@type\":\"WebSite\",\"@id\":\"https:\/\/rioonwatch.org.br\/#website\",\"url\":\"https:\/\/rioonwatch.org.br\/\",\"name\":\"RioOnWatch\",\"description\":\"relatos das favelas cariocas\",\"publisher\":{\"@id\":\"https:\/\/rioonwatch.org.br\/#organization\"},\"potentialAction\":[{\"@type\":\"SearchAction\",\"target\":{\"@type\":\"EntryPoint\",\"urlTemplate\":\"https:\/\/rioonwatch.org.br\/?s={search_term_string}\"},\"query-input\":{\"@type\":\"PropertyValueSpecification\",\"valueRequired\":true,\"valueName\":\"search_term_string\"}}],\"inLanguage\":\"pt-BR\"},{\"@type\":\"Organization\",\"@id\":\"https:\/\/rioonwatch.org.br\/#organization\",\"name\":\"RioOnWatch\",\"url\":\"https:\/\/rioonwatch.org.br\/\",\"logo\":{\"@type\":\"ImageObject\",\"inLanguage\":\"pt-BR\",\"@id\":\"https:\/\/rioonwatch.org.br\/#\/schema\/logo\/image\/\",\"url\":\"https:\/\/rioonwatch.org.br\/wp-content\/uploads\/2021\/06\/RioOnWatchcabecalhoPT11anos-2.png\",\"contentUrl\":\"https:\/\/rioonwatch.org.br\/wp-content\/uploads\/2021\/06\/RioOnWatchcabecalhoPT11anos-2.png\",\"width\":779,\"height\":277,\"caption\":\"RioOnWatch\"},\"image\":{\"@id\":\"https:\/\/rioonwatch.org.br\/#\/schema\/logo\/image\/\"}},{\"@type\":\"Person\",\"@id\":\"https:\/\/rioonwatch.org.br\/#\/schema\/person\/e07d559fe2154d11fd3ec515e35695ee\",\"name\":\"Nicole Froio\",\"image\":{\"@type\":\"ImageObject\",\"inLanguage\":\"pt-BR\",\"@id\":\"https:\/\/rioonwatch.org.br\/#\/schema\/person\/image\/\",\"url\":\"https:\/\/secure.gravatar.com\/avatar\/0acdbd6878ca0ac29aa5ce6c6119d636?s=96&d=blank&r=g\",\"contentUrl\":\"https:\/\/secure.gravatar.com\/avatar\/0acdbd6878ca0ac29aa5ce6c6119d636?s=96&d=blank&r=g\",\"caption\":\"Nicole Froio\"},\"url\":\"https:\/\/rioonwatch.org.br\/?author=137\"}]}<\/script>\n<!-- \/ Yoast SEO plugin. -->","yoast_head_json":{"title":"400 Pessoas Removidas \u00e0 For\u00e7a de Pr\u00e9dio da CEDAE, em Santo Cristo - RioOnWatch","robots":{"index":"index","follow":"follow","max-snippet":"max-snippet:-1","max-image-preview":"max-image-preview:large","max-video-preview":"max-video-preview:-1"},"canonical":"https:\/\/rioonwatch.org.br\/?p=13949","og_locale":"pt_BR","og_type":"article","og_title":"400 Pessoas Removidas \u00e0 For\u00e7a de Pr\u00e9dio da CEDAE, em Santo Cristo - RioOnWatch","og_description":"Click Here for English Cerca de 400 pessoas foram removidas da Companhia Estadual de \u00c1guas e Esgotos\u00a0(CEDAE) em Santo Cristo\u00a0na quarta-feira, 25 de mar\u00e7o. Os ocupantes estavam morando no pr\u00e9dio h\u00e1 15 dias. De acordo [...]","og_url":"https:\/\/rioonwatch.org.br\/?p=13949","og_site_name":"RioOnWatch","article_published_time":"2015-04-14T17:21:57+00:00","article_modified_time":"2016-04-11T05:32:42+00:00","og_image":[{"width":1000,"height":667,"url":"https:\/\/rioonwatch.org.br\/wp-content\/uploads\/2015\/04\/Cedae2.jpg","type":"image\/jpeg"}],"author":"Nicole Froio","twitter_card":"summary_large_image","twitter_misc":{"Escrito por":"Nicole Froio","Est. tempo de leitura":"4 minutos"},"schema":{"@context":"https:\/\/schema.org","@graph":[{"@type":"Article","@id":"https:\/\/rioonwatch.org.br\/?p=13949#article","isPartOf":{"@id":"https:\/\/rioonwatch.org.br\/?p=13949"},"author":{"name":"Nicole Froio","@id":"https:\/\/rioonwatch.org.br\/#\/schema\/person\/e07d559fe2154d11fd3ec515e35695ee"},"headline":"400 Pessoas Removidas \u00e0 For\u00e7a de Pr\u00e9dio da CEDAE, em Santo Cristo","datePublished":"2015-04-14T17:21:57+00:00","dateModified":"2016-04-11T05:32:42+00:00","mainEntityOfPage":{"@id":"https:\/\/rioonwatch.org.br\/?p=13949"},"wordCount":712,"publisher":{"@id":"https:\/\/rioonwatch.org.br\/#organization"},"image":{"@id":"https:\/\/rioonwatch.org.br\/?p=13949#primaryimage"},"thumbnailUrl":"https:\/\/rioonwatch.org.br\/wp-content\/uploads\/2015\/04\/Cedae2.jpg","keywords":["\u00c0 espera de habita\u00e7\u00e3o p\u00fablica","Baixada Fluminense","CEDAE","Centro","Cosmos","d\u00e9ficit habitacional","Direito \u00e0 Moradia","Direitos Humanos","Duque de Caxias","Jacarezinho","Manguinhos","Minha Casa Minha Vida","moradia","Morro do Sampaio","Nelson Mandela","Ocupa\u00e7\u00e3o","protesto","Rato Molhado","Remo\u00e7\u00e3o","Sampaio","Telerj","Zona Norte"],"articleSection":["#OlhoNasRemo\u00e7\u00f5es","Den\u00fancias"],"inLanguage":"pt-BR"},{"@type":"WebPage","@id":"https:\/\/rioonwatch.org.br\/?p=13949","url":"https:\/\/rioonwatch.org.br\/?p=13949","name":"400 Pessoas Removidas \u00e0 For\u00e7a de Pr\u00e9dio da CEDAE, em Santo Cristo - RioOnWatch","isPartOf":{"@id":"https:\/\/rioonwatch.org.br\/#website"},"primaryImageOfPage":{"@id":"https:\/\/rioonwatch.org.br\/?p=13949#primaryimage"},"image":{"@id":"https:\/\/rioonwatch.org.br\/?p=13949#primaryimage"},"thumbnailUrl":"https:\/\/rioonwatch.org.br\/wp-content\/uploads\/2015\/04\/Cedae2.jpg","datePublished":"2015-04-14T17:21:57+00:00","dateModified":"2016-04-11T05:32:42+00:00","breadcrumb":{"@id":"https:\/\/rioonwatch.org.br\/?p=13949#breadcrumb"},"inLanguage":"pt-BR","potentialAction":[{"@type":"ReadAction","target":["https:\/\/rioonwatch.org.br\/?p=13949"]}]},{"@type":"ImageObject","inLanguage":"pt-BR","@id":"https:\/\/rioonwatch.org.br\/?p=13949#primaryimage","url":"https:\/\/rioonwatch.org.br\/wp-content\/uploads\/2015\/04\/Cedae2.jpg","contentUrl":"https:\/\/rioonwatch.org.br\/wp-content\/uploads\/2015\/04\/Cedae2.jpg","width":1000,"height":667},{"@type":"BreadcrumbList","@id":"https:\/\/rioonwatch.org.br\/?p=13949#breadcrumb","itemListElement":[{"@type":"ListItem","position":1,"name":"In\u00edcio","item":"https:\/\/rioonwatch.org.br\/"},{"@type":"ListItem","position":2,"name":"400 Pessoas Removidas \u00e0 For\u00e7a de Pr\u00e9dio da CEDAE, em Santo Cristo"}]},{"@type":"WebSite","@id":"https:\/\/rioonwatch.org.br\/#website","url":"https:\/\/rioonwatch.org.br\/","name":"RioOnWatch","description":"relatos das favelas cariocas","publisher":{"@id":"https:\/\/rioonwatch.org.br\/#organization"},"potentialAction":[{"@type":"SearchAction","target":{"@type":"EntryPoint","urlTemplate":"https:\/\/rioonwatch.org.br\/?s={search_term_string}"},"query-input":{"@type":"PropertyValueSpecification","valueRequired":true,"valueName":"search_term_string"}}],"inLanguage":"pt-BR"},{"@type":"Organization","@id":"https:\/\/rioonwatch.org.br\/#organization","name":"RioOnWatch","url":"https:\/\/rioonwatch.org.br\/","logo":{"@type":"ImageObject","inLanguage":"pt-BR","@id":"https:\/\/rioonwatch.org.br\/#\/schema\/logo\/image\/","url":"https:\/\/rioonwatch.org.br\/wp-content\/uploads\/2021\/06\/RioOnWatchcabecalhoPT11anos-2.png","contentUrl":"https:\/\/rioonwatch.org.br\/wp-content\/uploads\/2021\/06\/RioOnWatchcabecalhoPT11anos-2.png","width":779,"height":277,"caption":"RioOnWatch"},"image":{"@id":"https:\/\/rioonwatch.org.br\/#\/schema\/logo\/image\/"}},{"@type":"Person","@id":"https:\/\/rioonwatch.org.br\/#\/schema\/person\/e07d559fe2154d11fd3ec515e35695ee","name":"Nicole Froio","image":{"@type":"ImageObject","inLanguage":"pt-BR","@id":"https:\/\/rioonwatch.org.br\/#\/schema\/person\/image\/","url":"https:\/\/secure.gravatar.com\/avatar\/0acdbd6878ca0ac29aa5ce6c6119d636?s=96&d=blank&r=g","contentUrl":"https:\/\/secure.gravatar.com\/avatar\/0acdbd6878ca0ac29aa5ce6c6119d636?s=96&d=blank&r=g","caption":"Nicole Froio"},"url":"https:\/\/rioonwatch.org.br\/?author=137"}]}},"_links":{"self":[{"href":"https:\/\/rioonwatch.org.br\/index.php?rest_route=\/wp\/v2\/posts\/13949"}],"collection":[{"href":"https:\/\/rioonwatch.org.br\/index.php?rest_route=\/wp\/v2\/posts"}],"about":[{"href":"https:\/\/rioonwatch.org.br\/index.php?rest_route=\/wp\/v2\/types\/post"}],"author":[{"embeddable":true,"href":"https:\/\/rioonwatch.org.br\/index.php?rest_route=\/wp\/v2\/users\/137"}],"replies":[{"embeddable":true,"href":"https:\/\/rioonwatch.org.br\/index.php?rest_route=%2Fwp%2Fv2%2Fcomments&post=13949"}],"version-history":[{"count":14,"href":"https:\/\/rioonwatch.org.br\/index.php?rest_route=\/wp\/v2\/posts\/13949\/revisions"}],"predecessor-version":[{"id":19082,"href":"https:\/\/rioonwatch.org.br\/index.php?rest_route=\/wp\/v2\/posts\/13949\/revisions\/19082"}],"wp:featuredmedia":[{"embeddable":true,"href":"https:\/\/rioonwatch.org.br\/index.php?rest_route=\/wp\/v2\/media\/13951"}],"wp:attachment":[{"href":"https:\/\/rioonwatch.org.br\/index.php?rest_route=%2Fwp%2Fv2%2Fmedia&parent=13949"}],"wp:term":[{"taxonomy":"category","embeddable":true,"href":"https:\/\/rioonwatch.org.br\/index.php?rest_route=%2Fwp%2Fv2%2Fcategories&post=13949"},{"taxonomy":"post_tag","embeddable":true,"href":"https:\/\/rioonwatch.org.br\/index.php?rest_route=%2Fwp%2Fv2%2Ftags&post=13949"},{"taxonomy":"writer","embeddable":true,"href":"https:\/\/rioonwatch.org.br\/index.php?rest_route=%2Fwp%2Fv2%2Fwriter&post=13949"},{"taxonomy":"translator","embeddable":true,"href":"https:\/\/rioonwatch.org.br\/index.php?rest_route=%2Fwp%2Fv2%2Ftranslator&post=13949"},{"taxonomy":"source","embeddable":true,"href":"https:\/\/rioonwatch.org.br\/index.php?rest_route=%2Fwp%2Fv2%2Fsource&post=13949"},{"taxonomy":"ilustrador","embeddable":true,"href":"https:\/\/rioonwatch.org.br\/index.php?rest_route=%2Fwp%2Fv2%2Filustrador&post=13949"},{"taxonomy":"fotografo","embeddable":true,"href":"https:\/\/rioonwatch.org.br\/index.php?rest_route=%2Fwp%2Fv2%2Ffotografo&post=13949"}],"curies":[{"name":"wp","href":"https:\/\/api.w.org\/{rel}","templated":true}]}}