{"id":14047,"date":"2015-04-12T23:36:36","date_gmt":"2015-04-13T02:36:36","guid":{"rendered":"http:\/\/rioonwatch.org.br\/?p=14047"},"modified":"2017-06-30T00:25:41","modified_gmt":"2017-06-30T03:25:41","slug":"500-pessoas-protestam-pela-paz-no-complexo-do-alemao-apos-policia-matar-menino-de-10-anos-video","status":"publish","type":"post","link":"https:\/\/rioonwatch.org.br\/?p=14047","title":{"rendered":"500 Pessoas Protestam Pela Paz no Complexo do Alem\u00e3o Ap\u00f3s Pol\u00edcia Matar Menino de 10 Anos [V\u00cdDEO]"},"content":{"rendered":"<p style=\"text-align: right;\"><em><strong><a href=\"http:\/\/bit.ly\/1GBX9D0\" target=\"_blank\" rel=\"noopener noreferrer\">Click Here for English<img decoding=\"async\" width=\"20\" height=\"20\" class=\"alignright wp-image-15790\" src=\"http:\/\/rioonwatch.org.br\/wp-content\/uploads\/2012\/08\/EN-standard-e1439583104716.jpg\" alt=\"\" \/><\/a><\/strong><\/em><\/p>\n<p>Aproximadamente 500 pessoas foram \u00e0s ruas do <a href=\"http:\/\/bit.ly\/U0MiGm\" target=\"_blank\" rel=\"noopener\">Complexo do Alem\u00e3o<\/a>, na manh\u00e3 do dia 4 de abril, pedindo o fim da <a href=\"http:\/\/bit.ly\/1qugkT2\" target=\"_blank\" rel=\"noopener\">viol\u00eancia<\/a> na comunidade ap\u00f3s <a href=\"http:\/\/bit.ly\/19QHUcr\" target=\"_blank\" rel=\"noopener\">a morte de cinco pessoas em 24 horas<\/a>. Dentre as v\u00edtimas, estava uma crian\u00e7a de 10 anos, <a href=\"http:\/\/bit.ly\/1E6ejtF\" target=\"_blank\" rel=\"noopener\">Eduardo de Jesus Ferreira<\/a>, atingido por um tiro de um policial enquanto estava nos degraus da porta de casa e <a href=\"http:\/\/glo.bo\/1CY0I5l\" target=\"_blank\" rel=\"noopener\">Elizabeth Alves de Moura Francisco<\/a>, morta dentro de casa por uma bala perdida.<\/p>\n<p>Os manifestantes se mobilizaram para lembrar as v\u00edtimas da viol\u00eancia em curso no Alem\u00e3o, onde <a href=\"http:\/\/bit.ly\/1BXVpRw\" target=\"_blank\" rel=\"noopener\">intensos tiroteios acontecem diariamente<\/a> h\u00e1 meses.<\/p>\n<p>Moradores do Alem\u00e3o e simpatizantes de outras partes da cidade se reuniram, \u00e0s 10 horas da manh\u00e3 na entrada da Grota, no Complexo do Alem\u00e3o. V\u00e1rios moradores e l\u00edderes da comunidade fizeram discursos, aclamados pela crescente multid\u00e3o que gritava &#8220;Queremos paz!&#8221; e pedia o fim da <a href=\"http:\/\/bit.ly\/1D2x5P9\" target=\"_blank\" rel=\"noopener\">UPP<\/a>. Dentre os oradores convidados de fora da comunidade, estava o atual presidente da <a href=\"http:\/\/bit.ly\/18V1nck\" target=\"_blank\" rel=\"noopener\">Anistia Internacional Brasil<\/a>, Atila Roque.<\/p>\n<p><a href=\"http:\/\/rioonwatch.org.br\/wp-content\/uploads\/2015\/04\/Protesto-Alemao-Abril-4-2015-2-e1429207767343.jpg\"><img fetchpriority=\"high\" decoding=\"async\" class=\"aligncenter size-full wp-image-14056\" title=\"Apelo das crian\u00e7as por suas vidas.\" src=\"http:\/\/rioonwatch.org.br\/wp-content\/uploads\/2015\/04\/Protesto-Alemao-Abril-4-2015-2-e1429207767343.jpg\" alt=\"\" width=\"620\" height=\"414\" srcset=\"https:\/\/rioonwatch.org.br\/wp-content\/uploads\/2015\/04\/Protesto-Alemao-Abril-4-2015-2-e1429207767343.jpg 620w, https:\/\/rioonwatch.org.br\/wp-content\/uploads\/2015\/04\/Protesto-Alemao-Abril-4-2015-2-e1429207767343-395x264.jpg 395w\" sizes=\"(max-width: 620px) 100vw, 620px\" \/><\/a><\/p>\n<p>A moradora Rosilene de Oliveira, do <a href=\"http:\/\/bit.ly\/1DMnopq\" target=\"_blank\" rel=\"noopener\">Morro da Baiana<\/a>, no Alem\u00e3o, disse que estava cansada de ver viol\u00eancia em uma comunidade que costumava ser pac\u00edfica. Diz ela:\u00a0<b>&#8220;<\/b>Estou aqui porque eu estou cansada de tanta viol\u00eancia numa comunidade aonde antes <a href=\"http:\/\/bit.ly\/1wt8EWG\" target=\"_blank\" rel=\"noopener\">n\u00f3s pod\u00edamos ir e vir<\/a>\u00a0sem nos preocuparmos com a hora de entrar em casa, hoje em dia n\u00e3o \u00e9 assim. Estamos perdendo v\u00e1rias ONGs que t\u00eam projetos no Alem\u00e3o, os funcion\u00e1rios das ONGs n\u00e3o conseguem entrar aqui, est\u00e3o com medo. Moradores que trabalhavam no telef\u00e9rico est\u00e3o sendo mandados embora porque est\u00e3o diminuindo o quadro de funcion\u00e1rios, porque quando come\u00e7a o tiroteio tem que parar. Ent\u00e3o chega n\u00e9, est\u00e1 na hora de dar um basta nessa viol\u00eancia toda&#8221;.<\/p>\n<p>Muitos manifestantes usavam branco e levavam bal\u00f5es com a palavra &#8220;paz&#8221; escrita. Alguns seguravam cartazes dizendo &#8220;N\u00f3s merecemos viver sem medo&#8221;, &#8220;Chega de tantas mortes&#8221; e &#8220;A favela pede paz&#8221;, dentre outros dizeres. Crian\u00e7as carregavam faixas pedindo por &#8220;menos balas, mais amor&#8221;.<\/p>\n<p>O protesto terminou com uma chamada das crian\u00e7as que foram mortas no Complexo do Alem\u00e3o. A multid\u00e3o respondeu gritando &#8220;presente&#8221; enquanto cada nome era chamado.<\/p>\n<p><a href=\"http:\/\/rioonwatch.org.br\/wp-content\/uploads\/2015\/04\/Alemao-protest-march-e1429207880516.jpg\"><img decoding=\"async\" class=\"aligncenter size-full wp-image-14057\" title=\"Cerca de 500 pessoas protestaram contra a viol\u00eancia no Complexo do Alem\u00e3o.\" src=\"http:\/\/rioonwatch.org.br\/wp-content\/uploads\/2015\/04\/Alemao-protest-march-e1429207880516.jpg\" alt=\"\" width=\"620\" height=\"465\" srcset=\"https:\/\/rioonwatch.org.br\/wp-content\/uploads\/2015\/04\/Alemao-protest-march-e1429207880516.jpg 620w, https:\/\/rioonwatch.org.br\/wp-content\/uploads\/2015\/04\/Alemao-protest-march-e1429207880516-352x264.jpg 352w, https:\/\/rioonwatch.org.br\/wp-content\/uploads\/2015\/04\/Alemao-protest-march-e1429207880516-174x131.jpg 174w, https:\/\/rioonwatch.org.br\/wp-content\/uploads\/2015\/04\/Alemao-protest-march-e1429207880516-300x225.jpg 300w, https:\/\/rioonwatch.org.br\/wp-content\/uploads\/2015\/04\/Alemao-protest-march-e1429207880516-70x53.jpg 70w\" sizes=\"(max-width: 620px) 100vw, 620px\" \/><\/a><\/p>\n<p>\u00c0s 11h a multid\u00e3o de cerca de 500 pessoas come\u00e7ou a caminhada, partindo da estrada principal, Estrada do Itarar\u00e9, parando\u00a0o tr\u00e2nsito e seguindo adentro da comunidade <a href=\"http:\/\/bit.ly\/1jXfUbv\" target=\"_blank\" rel=\"noopener\">Nova Bras\u00edlia<\/a>. Um grande grupo de moto-taxistas, que <a href=\"http:\/\/glo.bo\/1C4p0Xl\" target=\"_blank\" rel=\"noopener\">perderam um colega para a viol\u00eancia policial em maio de 2014<\/a>, liderou a marcha. Os manifestantes foram acompanhados por policiais a p\u00e9 e seguidos por cinco carros da pol\u00edcia UPP. Um helic\u00f3ptero da pol\u00edcia, que era visto circulando a comunidade, foi vaiado todas as vezes que se aproximava da manifesta\u00e7\u00e3o.<\/p>\n<p>A moradora Simone Nunes expressou preocupa\u00e7\u00e3o com a representa\u00e7\u00e3o midi\u00e1tica da viol\u00eancia na favela. Ela disse: &#8220;Quando algo acontece, eles dizem que h\u00e1 envolvimento com o tr\u00e1fico de drogas quando n\u00e3o h\u00e1. Dizem que [a v\u00edtima] tinha uma arma quando n\u00e3o tinha. Ent\u00e3o, se uma pessoa morre na favela ou \u00e9 bandido ou est\u00e1 envolvido em alguma coisa. Eles sempre acusam o morador de estar conivente com os traficantes. Muitas vezes [as v\u00edtimas] estavam brincando quando o tiroteio come\u00e7a&#8221;.<\/p>\n<p>Muitos moradores se queixaram do fato da grande imprensa nunca entrevistar os moradores ao vivo, o que d\u00e1 o poder da m\u00eddia de controlar a narrativa como quiserem. Simone Nunes disse: &#8220;A gente n\u00e3o tem mais onde recorrer porque a m\u00eddia faz a reportagem do alto de seus helic\u00f3pteros e nunca bota o microfone para o morador falar ao vivo porque eles preferem editar e colocar aquilo que eles preferem. Ent\u00e3o, a gente est\u00e1 cansado, \u00e9 s\u00f3 isso o que eu tenho para falar&#8221;.<\/p>\n<p><a href=\"http:\/\/rioonwatch.org.br\/wp-content\/uploads\/2015\/04\/Protesto-Alemao-Abril-4-2015-3-e1429207998155.jpg\"><img loading=\"lazy\" decoding=\"async\" class=\"aligncenter size-full wp-image-14058\" title=\"A moradora pede paz no protesto.\" src=\"http:\/\/rioonwatch.org.br\/wp-content\/uploads\/2015\/04\/Protesto-Alemao-Abril-4-2015-3-e1429207998155.jpg\" alt=\"\" width=\"620\" height=\"889\" srcset=\"https:\/\/rioonwatch.org.br\/wp-content\/uploads\/2015\/04\/Protesto-Alemao-Abril-4-2015-3-e1429207998155.jpg 620w, https:\/\/rioonwatch.org.br\/wp-content\/uploads\/2015\/04\/Protesto-Alemao-Abril-4-2015-3-e1429207998155-184x264.jpg 184w, https:\/\/rioonwatch.org.br\/wp-content\/uploads\/2015\/04\/Protesto-Alemao-Abril-4-2015-3-e1429207998155-432x620.jpg 432w\" sizes=\"(max-width: 620px) 100vw, 620px\" \/><\/a><\/p>\n<p>Um caminh\u00e3o de som acompanhou a passeata, disponibilizando espa\u00e7o para discursos e m\u00fasica. Muitos manifestantes cantaram junto as letras do <a href=\"http:\/\/bit.ly\/1d49hhP\" target=\"_blank\" rel=\"noopener\"><em>Rap da Felicidade<\/em><\/a>\u00a0(de Cidinho), que tocou repetidas vezes enquanto o protesto continuava: &#8220;Eu s\u00f3 quero \u00e9 ser feliz\/ Andar tranquilamente na favela onde eu nasci&#8221;.<\/p>\n<p>Raull Santiago, parte do coletivo de m\u00eddia comunit\u00e1ria <a href=\"http:\/\/on.fb.me\/1C57HFB\" target=\"_blank\" rel=\"noopener\">Papo Reto<\/a>, disse que estava no protesto para lembrar das pessoas que perderam suas vidas para a viol\u00eancia. Ele disse:\u00a0<b>&#8220;<\/b>Eu estou aqui hoje para pedir pela vida, para lembrar cada um dos nossos que sangrou n\u00e3o s\u00f3 todos esses anos no Complexo do Alem\u00e3o, mas principalmente desde 1\u00ba de janeiro. S\u00e3o mais de noventa dias de tiroteios di\u00e1rios. Muito sangue, muita morte, e eu estou aqui pra pedir que isso pare, para que as pessoas parem de sangrar, para que parem de matar&#8221;.<\/p>\n<p>Os manifestantes se dispersaram at\u00e9 chegarem a uma grande pra\u00e7a em Nova Bras\u00edlia, onde voltaram a se unir em ora\u00e7\u00e3o por aqueles que foram mortos. No fim do protesto, foi feito um an\u00fancio de alto-falante a respeito de relatos sobre um tiroteio acontecendo na Grota, onde a passeata havia come\u00e7ado apenas algumas horas antes, evidenciando a import\u00e2ncia da manifesta\u00e7\u00e3o.<\/p>\n<h3>Assista a reportagem do RioOnWatch, em v\u00eddeo, sobre o protesto:<\/h3>\n<p><iframe src=\"https:\/\/www.youtube.com\/embed\/MnCucwZ5M44\" width=\"620\" height=\"349\" frameborder=\"0\" allowfullscreen=\"allowfullscreen\"><\/iframe><\/p>\n<!-- AddThis Advanced Settings generic via filter on the_content --><!-- AddThis Share Buttons generic via filter on the_content -->","protected":false},"excerpt":{"rendered":"<div class=\"mh-excerpt\"><p>Click Here for English Aproximadamente 500 pessoas foram \u00e0s ruas do Complexo do Alem\u00e3o, na manh\u00e3 do dia 4 de abril, pedindo o fim da viol\u00eancia na comunidade ap\u00f3s a morte de cinco pessoas em <a class=\"mh-excerpt-more\" href=\"https:\/\/rioonwatch.org.br\/?p=14047\" title=\"500 Pessoas Protestam Pela Paz no Complexo do Alem\u00e3o Ap\u00f3s Pol\u00edcia Matar Menino de 10 Anos [V\u00cdDEO]\">[&#8230;]<\/a><!-- AddThis Advanced Settings generic via filter on get_the_excerpt --><!-- AddThis Share Buttons generic via filter on get_the_excerpt --><\/p>\n<\/div>","protected":false},"author":129,"featured_media":14054,"comment_status":"closed","ping_status":"closed","sticky":false,"template":"","format":"standard","meta":{"_acf_changed":false,"_monsterinsights_skip_tracking":false,"_monsterinsights_sitenote_active":false,"_monsterinsights_sitenote_note":"","_monsterinsights_sitenote_category":0,"footnotes":""},"categories":[1621,346,344,1620,1638],"tags":[217,937,1488,1418,261,646,358,31,774,763,262,92,52,1144,218],"writer":[1657,1486],"translator":[1176],"source":[],"ilustrador":[],"fotografo":[],"class_list":{"0":"post-14047","1":"post","2":"type-post","3":"status-publish","4":"format-standard","5":"has-post-thumbnail","7":"category-destaque","8":"category-denuncias","9":"category-politicas","10":"category-olhonaupp","11":"category-video","12":"tag-complexo-do-alemao","13":"tag-direito-de-ir-e-vir","14":"tag-eduardo-de-jesus-ferreira","15":"tag-coletivo-papo-reto","16":"tag-morro-da-baiana","17":"tag-nova-brasilia","18":"tag-organizacao-comunitaria","19":"tag-policia","20":"tag-policia-militar","21":"tag-protesto","22":"tag-teleferico","23":"tag-upp","24":"tag-violencia-policial","25":"tag-violencia-urbana","26":"tag-zona-norte","27":"writer-nicole-froio","28":"writer-sarah-jacobs","29":"translator-fernanda-lacerda"},"acf":[],"yoast_head":"<!-- This site is optimized with the Yoast SEO plugin v25.6 - https:\/\/yoast.com\/wordpress\/plugins\/seo\/ -->\n<title>500 Pessoas Protestam Pela Paz no Complexo do Alem\u00e3o Ap\u00f3s Pol\u00edcia Matar Menino de 10 Anos [V\u00cdDEO] - RioOnWatch<\/title>\n<meta name=\"robots\" content=\"index, follow, max-snippet:-1, max-image-preview:large, max-video-preview:-1\" \/>\n<link rel=\"canonical\" href=\"https:\/\/rioonwatch.org.br\/?p=14047\" \/>\n<meta property=\"og:locale\" content=\"pt_BR\" \/>\n<meta property=\"og:type\" content=\"article\" \/>\n<meta property=\"og:title\" content=\"500 Pessoas Protestam Pela Paz no Complexo do Alem\u00e3o Ap\u00f3s Pol\u00edcia Matar Menino de 10 Anos [V\u00cdDEO] - RioOnWatch\" \/>\n<meta property=\"og:description\" content=\"Click Here for English Aproximadamente 500 pessoas foram \u00e0s ruas do Complexo do Alem\u00e3o, na manh\u00e3 do dia 4 de abril, pedindo o fim da viol\u00eancia na comunidade ap\u00f3s a morte de cinco pessoas em [...]\" \/>\n<meta property=\"og:url\" content=\"https:\/\/rioonwatch.org.br\/?p=14047\" \/>\n<meta property=\"og:site_name\" content=\"RioOnWatch\" \/>\n<meta property=\"article:published_time\" content=\"2015-04-13T02:36:36+00:00\" \/>\n<meta property=\"article:modified_time\" content=\"2017-06-30T03:25:41+00:00\" \/>\n<meta property=\"og:image\" content=\"https:\/\/rioonwatch.org.br\/wp-content\/uploads\/2015\/04\/Protesto-Alemao-Abril-4-2015-e1429207597176.jpg\" \/>\n\t<meta property=\"og:image:width\" content=\"620\" \/>\n\t<meta property=\"og:image:height\" content=\"414\" \/>\n\t<meta property=\"og:image:type\" content=\"image\/jpeg\" \/>\n<meta name=\"author\" content=\"Admin\" \/>\n<meta name=\"twitter:card\" content=\"summary_large_image\" \/>\n<meta name=\"twitter:label1\" content=\"Escrito por\" \/>\n\t<meta name=\"twitter:data1\" content=\"Admin\" \/>\n\t<meta name=\"twitter:label2\" content=\"Est. tempo de leitura\" \/>\n\t<meta name=\"twitter:data2\" content=\"4 minutos\" \/>\n<script type=\"application\/ld+json\" class=\"yoast-schema-graph\">{\"@context\":\"https:\/\/schema.org\",\"@graph\":[{\"@type\":\"Article\",\"@id\":\"https:\/\/rioonwatch.org.br\/?p=14047#article\",\"isPartOf\":{\"@id\":\"https:\/\/rioonwatch.org.br\/?p=14047\"},\"author\":{\"name\":\"Admin\",\"@id\":\"https:\/\/rioonwatch.org.br\/#\/schema\/person\/11d64c290506f9df50c71b850c473f68\"},\"headline\":\"500 Pessoas Protestam Pela Paz no Complexo do Alem\u00e3o Ap\u00f3s Pol\u00edcia Matar Menino de 10 Anos [V\u00cdDEO]\",\"datePublished\":\"2015-04-13T02:36:36+00:00\",\"dateModified\":\"2017-06-30T03:25:41+00:00\",\"mainEntityOfPage\":{\"@id\":\"https:\/\/rioonwatch.org.br\/?p=14047\"},\"wordCount\":894,\"publisher\":{\"@id\":\"https:\/\/rioonwatch.org.br\/#organization\"},\"image\":{\"@id\":\"https:\/\/rioonwatch.org.br\/?p=14047#primaryimage\"},\"thumbnailUrl\":\"https:\/\/rioonwatch.org.br\/wp-content\/uploads\/2015\/04\/Protesto-Alemao-Abril-4-2015-e1429207597176.jpg\",\"keywords\":[\"Complexo do Alem\u00e3o\",\"direito de ir e vir\",\"Eduardo de Jesus Ferreira\",\"Instituto Papo Reto\",\"Morro da Baiana\",\"Nova Bras\u00edlia\",\"organiza\u00e7\u00e3o comunit\u00e1ria\",\"pol\u00edcia\",\"Pol\u00edcia Militar\",\"protesto\",\"telef\u00e9rico\",\"UPP\",\"viol\u00eancia policial\",\"viol\u00eancia urbana\",\"Zona Norte\"],\"articleSection\":[\"*Destaque\",\"Den\u00fancias\",\"Pol\u00edticas\",\"Seguran\u00e7a P\u00fablica\",\"V\u00eddeo\"],\"inLanguage\":\"pt-BR\"},{\"@type\":\"WebPage\",\"@id\":\"https:\/\/rioonwatch.org.br\/?p=14047\",\"url\":\"https:\/\/rioonwatch.org.br\/?p=14047\",\"name\":\"500 Pessoas Protestam Pela Paz no Complexo do Alem\u00e3o Ap\u00f3s Pol\u00edcia Matar Menino de 10 Anos [V\u00cdDEO] - RioOnWatch\",\"isPartOf\":{\"@id\":\"https:\/\/rioonwatch.org.br\/#website\"},\"primaryImageOfPage\":{\"@id\":\"https:\/\/rioonwatch.org.br\/?p=14047#primaryimage\"},\"image\":{\"@id\":\"https:\/\/rioonwatch.org.br\/?p=14047#primaryimage\"},\"thumbnailUrl\":\"https:\/\/rioonwatch.org.br\/wp-content\/uploads\/2015\/04\/Protesto-Alemao-Abril-4-2015-e1429207597176.jpg\",\"datePublished\":\"2015-04-13T02:36:36+00:00\",\"dateModified\":\"2017-06-30T03:25:41+00:00\",\"breadcrumb\":{\"@id\":\"https:\/\/rioonwatch.org.br\/?p=14047#breadcrumb\"},\"inLanguage\":\"pt-BR\",\"potentialAction\":[{\"@type\":\"ReadAction\",\"target\":[\"https:\/\/rioonwatch.org.br\/?p=14047\"]}]},{\"@type\":\"ImageObject\",\"inLanguage\":\"pt-BR\",\"@id\":\"https:\/\/rioonwatch.org.br\/?p=14047#primaryimage\",\"url\":\"https:\/\/rioonwatch.org.br\/wp-content\/uploads\/2015\/04\/Protesto-Alemao-Abril-4-2015-e1429207597176.jpg\",\"contentUrl\":\"https:\/\/rioonwatch.org.br\/wp-content\/uploads\/2015\/04\/Protesto-Alemao-Abril-4-2015-e1429207597176.jpg\",\"width\":620,\"height\":414},{\"@type\":\"BreadcrumbList\",\"@id\":\"https:\/\/rioonwatch.org.br\/?p=14047#breadcrumb\",\"itemListElement\":[{\"@type\":\"ListItem\",\"position\":1,\"name\":\"In\u00edcio\",\"item\":\"https:\/\/rioonwatch.org.br\/\"},{\"@type\":\"ListItem\",\"position\":2,\"name\":\"500 Pessoas Protestam Pela Paz no Complexo do Alem\u00e3o Ap\u00f3s Pol\u00edcia Matar Menino de 10 Anos [V\u00cdDEO]\"}]},{\"@type\":\"WebSite\",\"@id\":\"https:\/\/rioonwatch.org.br\/#website\",\"url\":\"https:\/\/rioonwatch.org.br\/\",\"name\":\"RioOnWatch\",\"description\":\"relatos das favelas cariocas\",\"publisher\":{\"@id\":\"https:\/\/rioonwatch.org.br\/#organization\"},\"potentialAction\":[{\"@type\":\"SearchAction\",\"target\":{\"@type\":\"EntryPoint\",\"urlTemplate\":\"https:\/\/rioonwatch.org.br\/?s={search_term_string}\"},\"query-input\":{\"@type\":\"PropertyValueSpecification\",\"valueRequired\":true,\"valueName\":\"search_term_string\"}}],\"inLanguage\":\"pt-BR\"},{\"@type\":\"Organization\",\"@id\":\"https:\/\/rioonwatch.org.br\/#organization\",\"name\":\"RioOnWatch\",\"url\":\"https:\/\/rioonwatch.org.br\/\",\"logo\":{\"@type\":\"ImageObject\",\"inLanguage\":\"pt-BR\",\"@id\":\"https:\/\/rioonwatch.org.br\/#\/schema\/logo\/image\/\",\"url\":\"https:\/\/rioonwatch.org.br\/wp-content\/uploads\/2021\/06\/RioOnWatchcabecalhoPT11anos-2.png\",\"contentUrl\":\"https:\/\/rioonwatch.org.br\/wp-content\/uploads\/2021\/06\/RioOnWatchcabecalhoPT11anos-2.png\",\"width\":779,\"height\":277,\"caption\":\"RioOnWatch\"},\"image\":{\"@id\":\"https:\/\/rioonwatch.org.br\/#\/schema\/logo\/image\/\"}},{\"@type\":\"Person\",\"@id\":\"https:\/\/rioonwatch.org.br\/#\/schema\/person\/11d64c290506f9df50c71b850c473f68\",\"name\":\"Admin\",\"image\":{\"@type\":\"ImageObject\",\"inLanguage\":\"pt-BR\",\"@id\":\"https:\/\/rioonwatch.org.br\/#\/schema\/person\/image\/\",\"url\":\"https:\/\/secure.gravatar.com\/avatar\/56211ac74568383903349a1485e3c325?s=96&d=blank&r=g\",\"contentUrl\":\"https:\/\/secure.gravatar.com\/avatar\/56211ac74568383903349a1485e3c325?s=96&d=blank&r=g\",\"caption\":\"Admin\"},\"url\":\"https:\/\/rioonwatch.org.br\/?author=129\"}]}<\/script>\n<!-- \/ Yoast SEO plugin. -->","yoast_head_json":{"title":"500 Pessoas Protestam Pela Paz no Complexo do Alem\u00e3o Ap\u00f3s Pol\u00edcia Matar Menino de 10 Anos [V\u00cdDEO] - RioOnWatch","robots":{"index":"index","follow":"follow","max-snippet":"max-snippet:-1","max-image-preview":"max-image-preview:large","max-video-preview":"max-video-preview:-1"},"canonical":"https:\/\/rioonwatch.org.br\/?p=14047","og_locale":"pt_BR","og_type":"article","og_title":"500 Pessoas Protestam Pela Paz no Complexo do Alem\u00e3o Ap\u00f3s Pol\u00edcia Matar Menino de 10 Anos [V\u00cdDEO] - RioOnWatch","og_description":"Click Here for English Aproximadamente 500 pessoas foram \u00e0s ruas do Complexo do Alem\u00e3o, na manh\u00e3 do dia 4 de abril, pedindo o fim da viol\u00eancia na comunidade ap\u00f3s a morte de cinco pessoas em [...]","og_url":"https:\/\/rioonwatch.org.br\/?p=14047","og_site_name":"RioOnWatch","article_published_time":"2015-04-13T02:36:36+00:00","article_modified_time":"2017-06-30T03:25:41+00:00","og_image":[{"width":620,"height":414,"url":"https:\/\/rioonwatch.org.br\/wp-content\/uploads\/2015\/04\/Protesto-Alemao-Abril-4-2015-e1429207597176.jpg","type":"image\/jpeg"}],"author":"Admin","twitter_card":"summary_large_image","twitter_misc":{"Escrito por":"Admin","Est. tempo de leitura":"4 minutos"},"schema":{"@context":"https:\/\/schema.org","@graph":[{"@type":"Article","@id":"https:\/\/rioonwatch.org.br\/?p=14047#article","isPartOf":{"@id":"https:\/\/rioonwatch.org.br\/?p=14047"},"author":{"name":"Admin","@id":"https:\/\/rioonwatch.org.br\/#\/schema\/person\/11d64c290506f9df50c71b850c473f68"},"headline":"500 Pessoas Protestam Pela Paz no Complexo do Alem\u00e3o Ap\u00f3s Pol\u00edcia Matar Menino de 10 Anos [V\u00cdDEO]","datePublished":"2015-04-13T02:36:36+00:00","dateModified":"2017-06-30T03:25:41+00:00","mainEntityOfPage":{"@id":"https:\/\/rioonwatch.org.br\/?p=14047"},"wordCount":894,"publisher":{"@id":"https:\/\/rioonwatch.org.br\/#organization"},"image":{"@id":"https:\/\/rioonwatch.org.br\/?p=14047#primaryimage"},"thumbnailUrl":"https:\/\/rioonwatch.org.br\/wp-content\/uploads\/2015\/04\/Protesto-Alemao-Abril-4-2015-e1429207597176.jpg","keywords":["Complexo do Alem\u00e3o","direito de ir e vir","Eduardo de Jesus Ferreira","Instituto Papo Reto","Morro da Baiana","Nova Bras\u00edlia","organiza\u00e7\u00e3o comunit\u00e1ria","pol\u00edcia","Pol\u00edcia Militar","protesto","telef\u00e9rico","UPP","viol\u00eancia policial","viol\u00eancia urbana","Zona Norte"],"articleSection":["*Destaque","Den\u00fancias","Pol\u00edticas","Seguran\u00e7a P\u00fablica","V\u00eddeo"],"inLanguage":"pt-BR"},{"@type":"WebPage","@id":"https:\/\/rioonwatch.org.br\/?p=14047","url":"https:\/\/rioonwatch.org.br\/?p=14047","name":"500 Pessoas Protestam Pela Paz no Complexo do Alem\u00e3o Ap\u00f3s Pol\u00edcia Matar Menino de 10 Anos [V\u00cdDEO] - RioOnWatch","isPartOf":{"@id":"https:\/\/rioonwatch.org.br\/#website"},"primaryImageOfPage":{"@id":"https:\/\/rioonwatch.org.br\/?p=14047#primaryimage"},"image":{"@id":"https:\/\/rioonwatch.org.br\/?p=14047#primaryimage"},"thumbnailUrl":"https:\/\/rioonwatch.org.br\/wp-content\/uploads\/2015\/04\/Protesto-Alemao-Abril-4-2015-e1429207597176.jpg","datePublished":"2015-04-13T02:36:36+00:00","dateModified":"2017-06-30T03:25:41+00:00","breadcrumb":{"@id":"https:\/\/rioonwatch.org.br\/?p=14047#breadcrumb"},"inLanguage":"pt-BR","potentialAction":[{"@type":"ReadAction","target":["https:\/\/rioonwatch.org.br\/?p=14047"]}]},{"@type":"ImageObject","inLanguage":"pt-BR","@id":"https:\/\/rioonwatch.org.br\/?p=14047#primaryimage","url":"https:\/\/rioonwatch.org.br\/wp-content\/uploads\/2015\/04\/Protesto-Alemao-Abril-4-2015-e1429207597176.jpg","contentUrl":"https:\/\/rioonwatch.org.br\/wp-content\/uploads\/2015\/04\/Protesto-Alemao-Abril-4-2015-e1429207597176.jpg","width":620,"height":414},{"@type":"BreadcrumbList","@id":"https:\/\/rioonwatch.org.br\/?p=14047#breadcrumb","itemListElement":[{"@type":"ListItem","position":1,"name":"In\u00edcio","item":"https:\/\/rioonwatch.org.br\/"},{"@type":"ListItem","position":2,"name":"500 Pessoas Protestam Pela Paz no Complexo do Alem\u00e3o Ap\u00f3s Pol\u00edcia Matar Menino de 10 Anos [V\u00cdDEO]"}]},{"@type":"WebSite","@id":"https:\/\/rioonwatch.org.br\/#website","url":"https:\/\/rioonwatch.org.br\/","name":"RioOnWatch","description":"relatos das favelas cariocas","publisher":{"@id":"https:\/\/rioonwatch.org.br\/#organization"},"potentialAction":[{"@type":"SearchAction","target":{"@type":"EntryPoint","urlTemplate":"https:\/\/rioonwatch.org.br\/?s={search_term_string}"},"query-input":{"@type":"PropertyValueSpecification","valueRequired":true,"valueName":"search_term_string"}}],"inLanguage":"pt-BR"},{"@type":"Organization","@id":"https:\/\/rioonwatch.org.br\/#organization","name":"RioOnWatch","url":"https:\/\/rioonwatch.org.br\/","logo":{"@type":"ImageObject","inLanguage":"pt-BR","@id":"https:\/\/rioonwatch.org.br\/#\/schema\/logo\/image\/","url":"https:\/\/rioonwatch.org.br\/wp-content\/uploads\/2021\/06\/RioOnWatchcabecalhoPT11anos-2.png","contentUrl":"https:\/\/rioonwatch.org.br\/wp-content\/uploads\/2021\/06\/RioOnWatchcabecalhoPT11anos-2.png","width":779,"height":277,"caption":"RioOnWatch"},"image":{"@id":"https:\/\/rioonwatch.org.br\/#\/schema\/logo\/image\/"}},{"@type":"Person","@id":"https:\/\/rioonwatch.org.br\/#\/schema\/person\/11d64c290506f9df50c71b850c473f68","name":"Admin","image":{"@type":"ImageObject","inLanguage":"pt-BR","@id":"https:\/\/rioonwatch.org.br\/#\/schema\/person\/image\/","url":"https:\/\/secure.gravatar.com\/avatar\/56211ac74568383903349a1485e3c325?s=96&d=blank&r=g","contentUrl":"https:\/\/secure.gravatar.com\/avatar\/56211ac74568383903349a1485e3c325?s=96&d=blank&r=g","caption":"Admin"},"url":"https:\/\/rioonwatch.org.br\/?author=129"}]}},"_links":{"self":[{"href":"https:\/\/rioonwatch.org.br\/index.php?rest_route=\/wp\/v2\/posts\/14047"}],"collection":[{"href":"https:\/\/rioonwatch.org.br\/index.php?rest_route=\/wp\/v2\/posts"}],"about":[{"href":"https:\/\/rioonwatch.org.br\/index.php?rest_route=\/wp\/v2\/types\/post"}],"author":[{"embeddable":true,"href":"https:\/\/rioonwatch.org.br\/index.php?rest_route=\/wp\/v2\/users\/129"}],"replies":[{"embeddable":true,"href":"https:\/\/rioonwatch.org.br\/index.php?rest_route=%2Fwp%2Fv2%2Fcomments&post=14047"}],"version-history":[{"count":19,"href":"https:\/\/rioonwatch.org.br\/index.php?rest_route=\/wp\/v2\/posts\/14047\/revisions"}],"predecessor-version":[{"id":26607,"href":"https:\/\/rioonwatch.org.br\/index.php?rest_route=\/wp\/v2\/posts\/14047\/revisions\/26607"}],"wp:featuredmedia":[{"embeddable":true,"href":"https:\/\/rioonwatch.org.br\/index.php?rest_route=\/wp\/v2\/media\/14054"}],"wp:attachment":[{"href":"https:\/\/rioonwatch.org.br\/index.php?rest_route=%2Fwp%2Fv2%2Fmedia&parent=14047"}],"wp:term":[{"taxonomy":"category","embeddable":true,"href":"https:\/\/rioonwatch.org.br\/index.php?rest_route=%2Fwp%2Fv2%2Fcategories&post=14047"},{"taxonomy":"post_tag","embeddable":true,"href":"https:\/\/rioonwatch.org.br\/index.php?rest_route=%2Fwp%2Fv2%2Ftags&post=14047"},{"taxonomy":"writer","embeddable":true,"href":"https:\/\/rioonwatch.org.br\/index.php?rest_route=%2Fwp%2Fv2%2Fwriter&post=14047"},{"taxonomy":"translator","embeddable":true,"href":"https:\/\/rioonwatch.org.br\/index.php?rest_route=%2Fwp%2Fv2%2Ftranslator&post=14047"},{"taxonomy":"source","embeddable":true,"href":"https:\/\/rioonwatch.org.br\/index.php?rest_route=%2Fwp%2Fv2%2Fsource&post=14047"},{"taxonomy":"ilustrador","embeddable":true,"href":"https:\/\/rioonwatch.org.br\/index.php?rest_route=%2Fwp%2Fv2%2Filustrador&post=14047"},{"taxonomy":"fotografo","embeddable":true,"href":"https:\/\/rioonwatch.org.br\/index.php?rest_route=%2Fwp%2Fv2%2Ffotografo&post=14047"}],"curies":[{"name":"wp","href":"https:\/\/api.w.org\/{rel}","templated":true}]}}