{"id":14098,"date":"2015-04-20T09:39:54","date_gmt":"2015-04-20T12:39:54","guid":{"rendered":"http:\/\/rioonwatch.org.br\/?p=14098"},"modified":"2024-06-20T16:29:08","modified_gmt":"2024-06-20T19:29:08","slug":"o-ultimo-morador-da-avenida-autodromo-uma-conversa-com-tadilmarco-peixopo","status":"publish","type":"post","link":"https:\/\/rioonwatch.org.br\/?p=14098","title":{"rendered":"O \u00daltimo Morador da Avenida Aut\u00f3dromo: Uma Conversa com Tadilmarco Peixopo"},"content":{"rendered":"<p style=\"text-align: right;\"><em><strong><a href=\"http:\/\/bit.ly\/1CY86Kv\" target=\"_blank\" rel=\"noopener\">Click Here for English<img decoding=\"async\" width=\"20\" height=\"20\" class=\"alignright wp-image-15790\" src=\"http:\/\/rioonwatch.org.br\/wp-content\/uploads\/2012\/08\/EN-standard-e1439583104716.jpg\" alt=\"\" \/><\/a><\/strong><\/em><\/p>\n<p>Sentado entre os destro\u00e7os da demoli\u00e7\u00e3o da casa de seu vizinho no domingo, 5 de abril, Tadilmarco Peixopo, o \u00faltimo morador da Avenida Aut\u00f3dromo, descreveu o entorno de escombros e terrenos vazios como uma cena de guerra: &#8220;\u00c9 como se voc\u00ea estivesse vivendo aqui e uma bomba houvesse ca\u00eddo sobre a casa ao lado e matado todos, deixando voc\u00ea sozinho. \u00c9 como o fim do mundo onde todos morreram&#8221;. Apenas onze\u00a0dias depois, na \u00faltima quinta-feira, 16 de abril, Tadilmarco recebeu a notifica\u00e7\u00e3o de um advogado que a Prefeitura iria demolir sua casa, e a casa de um outro morador, &#8220;imediatamente&#8221;.<\/p>\n<p>H\u00e1 21 anos, Tadilmarco se mudou para &#8220;o melhor lugar para se viver no Brasil, que foi chamado de Avenida Aut\u00f3dromo&#8221;. Originalmente uma comunidade de pescadores instalada na d\u00e9cada de 1960, a\u00a0<a href=\"http:\/\/bit.ly\/Nfddvg\" target=\"_blank\" rel=\"noopener\">Vila Aut\u00f3dromo<\/a>, na <a href=\"http:\/\/bit.ly\/11tBmFR\" target=\"_blank\" rel=\"noopener\">Zona Oeste<\/a> do Rio, evoluiu para at\u00e9 <a href=\"http:\/\/bit.ly\/1xk2DAs\" target=\"_blank\" rel=\"noopener\">3.000 habitantes<\/a>. Esse n\u00famero agora se mant\u00e9m em cerca de 50 fam\u00edlias. Por 20 anos, a Vila Aut\u00f3dromo enfrentou amea\u00e7as de remo\u00e7\u00e3o e lutou duramente at\u00e9 receber a concess\u00e3o de uso da terra por 99 anos pelo Governo do Estado; entretanto, <a href=\"http:\/\/glo.bo\/1JWYDrx\" target=\"_blank\" rel=\"noopener\">em 2009, a decis\u00e3o<\/a> de que o Rio iria sediar os Jogos Ol\u00edmpicos de 2016 colocou ainda mais em risco esta pequena comunidade, devido \u00e0 sua localiza\u00e7\u00e3o pr\u00f3xima ao planejado Parque Ol\u00edmpico.<\/p>\n<p>A incans\u00e1vel resist\u00eancia da comunidade conseguiu com que alguns moradores negociassem <a href=\"http:\/\/bit.ly\/1CArNJ6\" target=\"_blank\" rel=\"noopener\">indeniza\u00e7\u00f5es por valores pr\u00f3ximos ao do mercado<\/a>&#8211;embora <a href=\"http:\/\/bit.ly\/1xk2DAs\" target=\"_blank\" rel=\"noopener\">disputadas<\/a>, estas foram as primeiras indeniza\u00e7\u00f5es a pre\u00e7o de mercado na hist\u00f3ria das favelas&#8211;em troca de deixarem suas casas. Mas a situa\u00e7\u00e3o que j\u00e1 estava tensa aumentou ainda mais, em 19 de mar\u00e7o deste ano, quando o Prefeito Eduardo Paes recorreu a desapropria\u00e7\u00e3o por\u00a0utilidade p\u00fablica, <a href=\"http:\/\/bit.ly\/1xk2DAs\" target=\"_blank\" rel=\"noopener\">para anunciar a remo\u00e7\u00e3o e demoli\u00e7\u00e3o das 58 casas restantes<\/a>, deixando sem esperan\u00e7as aqueles que resistiram mais veemente, baseados na <a href=\"http:\/\/bit.ly\/1JkFWNJ\" target=\"_blank\" rel=\"noopener\">promessa do Prefeito que aqueles que quisessem permaneceriam e receberiam melhorias na infraestrutura<\/a>. Esta \u00faltima jogada, que Tadilmarco descreve como um \u201cato covarde\u201d, parece definir o destino de Vila Aut\u00f3dromo: \u201c Eu n\u00e3o acredito que as pessoas ser\u00e3o capazes de continuar vivendo aqui. [Paes] n\u00e3o tem interesse em deixar ningu\u00e9m morando aqui. Ent\u00e3o, a Vila Aut\u00f3dromo est\u00e1 terminada, infelizmente. \u00c9 uma realidade que eu, que moro aqui, tenho que aceitar amargamente em meu cora\u00e7\u00e3o. \u00c9 muito dif\u00edcil admitir&#8221;.<\/p>\n<p><a href=\"http:\/\/rioonwatch.org.br\/wp-content\/uploads\/2015\/04\/P10122603-e1429487426444.jpg\"><img fetchpriority=\"high\" decoding=\"async\" class=\"aligncenter size-full wp-image-14103\" title=\"Tadilmarco Peixoto na sua casa\" src=\"http:\/\/rioonwatch.org.br\/wp-content\/uploads\/2015\/04\/P10122603-e1429487426444.jpg\" alt=\"\" width=\"620\" height=\"465\" srcset=\"https:\/\/rioonwatch.org.br\/wp-content\/uploads\/2015\/04\/P10122603-e1429487426444.jpg 620w, https:\/\/rioonwatch.org.br\/wp-content\/uploads\/2015\/04\/P10122603-e1429487426444-352x264.jpg 352w, https:\/\/rioonwatch.org.br\/wp-content\/uploads\/2015\/04\/P10122603-e1429487426444-174x131.jpg 174w, https:\/\/rioonwatch.org.br\/wp-content\/uploads\/2015\/04\/P10122603-e1429487426444-300x225.jpg 300w, https:\/\/rioonwatch.org.br\/wp-content\/uploads\/2015\/04\/P10122603-e1429487426444-70x53.jpg 70w\" sizes=\"(max-width: 620px) 100vw, 620px\" \/><\/a><\/p>\n<p>O mais decepcionante \u00e9 que a pol\u00edtica de declarar a desapropria\u00e7\u00e3o para justificar a retirada de propriedades privadas por utilidade p\u00fablica est\u00e1 em desacordo com as promessas anteriores feitas pelo Prefeito e pelo Comit\u00ea Ol\u00edmpico.<\/p>\n<p>Por anos, a comunidade recebeu promessas contradit\u00f3rias por parte do governo. Em 1994, foram concedidos <a href=\"http:\/\/bit.ly\/1yJgBNq\" target=\"_blank\" rel=\"noopener\">t\u00edtulos de posse por 99 anos<\/a> aos moradores pelo Estado, em 2009 o <a href=\"http:\/\/bit.ly\/1xC6Z6s\" target=\"_blank\" rel=\"noopener\">projeto original para o Parque Ol\u00edmpico deixava a Vila Aut\u00f3dromo intacta<\/a>, e em 2013 o Prefeito prometeu que <a href=\"http:\/\/bit.ly\/1d6tAuf\" target=\"_blank\" rel=\"noopener\">nenhum morador seria for\u00e7ado a sair<\/a>.<\/p>\n<p>Tadilmarco relembra: &#8220;O prefeito disse, n\u00e3o apenas em uma reuni\u00e3o mas em v\u00e1rias outras com a comunidade e com o Presidente da Associa\u00e7\u00e3o de Moradores, que aqueles que quisessem ficar aqui poderiam faz\u00ea-lo e que ele melhoraria a infraestrutura. Al\u00e9m disso, aqueles que tivessem que sair das suas casas poderiam ser realocados dentro da pr\u00f3pria comunidade&#8221;.<\/p>\n<p>\u201cAquilo foi s\u00f3 uma mentira&#8230; Como um bom pol\u00edtico, est\u00e1 acostumado a mentir, \u00e9 treinado para mentir, ent\u00e3o ele veio com a desapropria\u00e7\u00e3o.\u201d<\/p>\n<p><a href=\"http:\/\/rioonwatch.org.br\/wp-content\/uploads\/2015\/04\/P10122741-e1429487489754.jpg\"><img decoding=\"async\" class=\"aligncenter size-full wp-image-14104\" title=\"Destrui\u00e7\u00e3o na Vila Aut\u00f3dromo\" src=\"http:\/\/rioonwatch.org.br\/wp-content\/uploads\/2015\/04\/P10122741-e1429487489754.jpg\" alt=\"\" width=\"620\" height=\"465\" srcset=\"https:\/\/rioonwatch.org.br\/wp-content\/uploads\/2015\/04\/P10122741-e1429487489754.jpg 620w, https:\/\/rioonwatch.org.br\/wp-content\/uploads\/2015\/04\/P10122741-e1429487489754-352x264.jpg 352w, https:\/\/rioonwatch.org.br\/wp-content\/uploads\/2015\/04\/P10122741-e1429487489754-174x131.jpg 174w, https:\/\/rioonwatch.org.br\/wp-content\/uploads\/2015\/04\/P10122741-e1429487489754-300x225.jpg 300w, https:\/\/rioonwatch.org.br\/wp-content\/uploads\/2015\/04\/P10122741-e1429487489754-70x53.jpg 70w\" sizes=\"(max-width: 620px) 100vw, 620px\" \/><\/a><\/p>\n<p>Antes deste an\u00fancio da \u201c<a href=\"http:\/\/bit.ly\/1xcaK1Y\" target=\"_blank\" rel=\"noopener\">desapropria\u00e7\u00e3o via decreto<\/a>\u201d, Tadilmarco tinha d\u00favidas se esta pol\u00edtica de indeniza\u00e7\u00f5es era t\u00e3o justa e respeit\u00e1vel quanto era anunciada. \u201cSe minha casa n\u00e3o est\u00e1 \u00e0 venda, ent\u00e3o ela n\u00e3o tem um pre\u00e7o. Ela n\u00e3o pode ser mensurada pelo mercado. Se eu n\u00e3o quero vender algo que \u00e9 meu, ent\u00e3o isto n\u00e3o tem um pre\u00e7o&#8221;.<\/p>\n<p>A Prefeitura apresentou propostas para a casa de Tadilmarco, mas ainda n\u00e3o fizeram uma que ele considere justa. \u201cEu n\u00e3o aceitei e n\u00e3o vou aceitar at\u00e9 que seja um pre\u00e7o justo. Eu vou ficar at\u00e9 as \u00faltimas consequ\u00eancias. Eu espero que alcance um pre\u00e7o justo para mim e minha fam\u00edlia&#8221;.<\/p>\n<p>Ele acredita que uma indeniza\u00e7\u00e3o a pre\u00e7o de mercado justa \u00e9 aquela em que ele possa \u201cpegar o dinheiro e comprar outra propriedade na <a href=\"http:\/\/bit.ly\/19BBUhf\" target=\"_blank\" rel=\"noopener\">Barra da Tijuca<\/a>, como agora eles est\u00e3o chamando esta \u00e1rea, que seja em frente \u00e0 lagoa, com tanto espa\u00e7o quanto aqui, com a seguran\u00e7a e tranquilidade desta \u00e1rea&#8221;. E isto, ele diz n\u00e3o conseguir obter com o pre\u00e7o que est\u00e1 sendo oferecido.<\/p>\n<p>\u201cN\u00e3o foi um bom pre\u00e7o&#8211;foi um pre\u00e7o ruim. A Prefeitura n\u00e3o paga bem; s\u00f3 cala a boca das pessoas\u201d.<\/p>\n<p>Ele explica que a maioria das fam\u00edlias aceitou a oferta da Prefeitura mais por medo que pelo dinheiro.<\/p>\n<p><a href=\"http:\/\/rioonwatch.org.br\/wp-content\/uploads\/2015\/04\/P1012271-2-e1429493369475.jpg\"><img loading=\"lazy\" decoding=\"async\" class=\"aligncenter size-full wp-image-14113\" title=\"Destrui\u00e7\u00e3o na Vila Aut\u00f3dromo\" src=\"http:\/\/rioonwatch.org.br\/wp-content\/uploads\/2015\/04\/P1012271-2-e1429493369475.jpg\" alt=\"\" width=\"620\" height=\"465\" srcset=\"https:\/\/rioonwatch.org.br\/wp-content\/uploads\/2015\/04\/P1012271-2-e1429493369475.jpg 620w, https:\/\/rioonwatch.org.br\/wp-content\/uploads\/2015\/04\/P1012271-2-e1429493369475-352x264.jpg 352w, https:\/\/rioonwatch.org.br\/wp-content\/uploads\/2015\/04\/P1012271-2-e1429493369475-174x131.jpg 174w, https:\/\/rioonwatch.org.br\/wp-content\/uploads\/2015\/04\/P1012271-2-e1429493369475-300x225.jpg 300w, https:\/\/rioonwatch.org.br\/wp-content\/uploads\/2015\/04\/P1012271-2-e1429493369475-70x53.jpg 70w\" sizes=\"(max-width: 620px) 100vw, 620px\" \/><\/a><\/p>\n<p>Tadilmarco \u00e9 atingido de uma maneira especialmente forte pelo assunto porque, ele conta, que n\u00e3o \u00e9 a primeira vez que teve alguma coisa tomada pela Prefeitura e, especificamente, por Eduardo Paes que desde o per\u00edodo em que foi Subprefeito da Barra da Tijuca, tem uma longa hist\u00f3ria com a comunidade.<\/p>\n<p>&#8220;O prefeito, Eduardo Paes, tirou o meu emprego quatro vezes. Ele acabou com o primeiro trabalho que eu tive, um estabelecimento que estava com a documenta\u00e7\u00e3o toda legalizada. Ele chegou l\u00e1 com guardas municipais, dois caminh\u00f5es e destruiu tudo. Minha fam\u00edlia passou necessidade e chegamos a passar fome, pois eu n\u00e3o conseguia trabalho em nenhum lugar. Um tempo depois consegui montar outra oficina, para Eduardo Paes ir at\u00e9 l\u00e1 e acabar com tudo outra vez. Ent\u00e3o comecei a competir nas pistas de corrida. C\u00e9sar Maia e Eduardo Paes fecharam as pistas e eu fiquei sem trabalho mais uma vez&#8221;.<\/p>\n<p>&#8220;Eu tenho um t\u00e1xi e ganhava a vida como motorista, trabalhava dirigindo 18 horas por dia. Cheguei a ser sequestrado na Rocinha por 16 bandidos. Eu n\u00e3o pude ver meu filho crescer porque saia de casa \u00e0s 6 da manh\u00e3 e s\u00f3 voltava as 4 da manh\u00e3 do dia seguinte. Como o carro era muito velho eu tinha que trabalhar muitas horas para conseguir o dinheiro pagar o aluguel. Da\u00ed eu voltei para a corrida e pela quarta vez ele me deixou sem trabalho. Dessa vez \u00e9 a minha casa que ele quer tomar&#8221;.<\/p>\n<p>Desde que escutou de um advogado na quinta-feira que sua casa poderia ser confiscada eminentemente, Tadilmarco est\u00e1 procurando, urgentemente, algum lugar para se mudar com a fam\u00edlia. Ele relatou que a demoli\u00e7\u00e3o da casa de seu vizinho tamb\u00e9m danificou a sua e que agora ele se sente inseguro em seu pr\u00f3prio lar.<\/p>\n<!-- AddThis Advanced Settings generic via filter on the_content --><!-- AddThis Share Buttons generic via filter on the_content -->","protected":false},"excerpt":{"rendered":"<div class=\"mh-excerpt\"><p>Click Here for English Sentado entre os destro\u00e7os da demoli\u00e7\u00e3o da casa de seu vizinho no domingo, 5 de abril, Tadilmarco Peixopo, o \u00faltimo morador da Avenida Aut\u00f3dromo, descreveu o entorno de escombros e terrenos <a class=\"mh-excerpt-more\" href=\"https:\/\/rioonwatch.org.br\/?p=14098\" title=\"O \u00daltimo Morador da Avenida Aut\u00f3dromo: Uma Conversa com Tadilmarco Peixopo\">[&#8230;]<\/a><!-- AddThis Advanced Settings generic via filter on get_the_excerpt --><!-- AddThis Share Buttons generic via filter on get_the_excerpt --><\/p>\n<\/div>","protected":false},"author":129,"featured_media":14102,"comment_status":"closed","ping_status":"closed","sticky":false,"template":"","format":"standard","meta":{"_acf_changed":false,"_monsterinsights_skip_tracking":false,"_monsterinsights_sitenote_active":false,"_monsterinsights_sitenote_note":"","_monsterinsights_sitenote_category":0,"footnotes":""},"categories":[1617,1614,1635,346,344],"tags":[274,424,484,1258,396,395,1240,1037,78,1490,14,432,55,184],"writer":[1433],"translator":[2032],"source":[],"ilustrador":[],"fotografo":[],"class_list":{"0":"post-14098","1":"post","2":"type-post","3":"status-publish","4":"format-standard","5":"has-post-thumbnail","7":"category-olhonagentrificacao","8":"category-olhonasremocoes","9":"category-1635","10":"category-denuncias","11":"category-politicas","12":"tag-barra-da-tijuca","13":"tag-direito-a-moradia","14":"tag-prefeito-eduardo-paes","15":"tag-entrevista","16":"tag-especulacao-imobiliaria","17":"tag-gentrificacao-remocao-branca","18":"tag-megaeventos","19":"tag-moradia","20":"tag-olimpiadas","21":"tag-perfil-de-vitima-de-remocao","22":"tag-remocao","23":"tag-resistencia","24":"tag-vila-autodromo","25":"tag-zona-oeste","26":"writer-brooke-parkin","27":"translator-bruno-ferreira"},"acf":[],"yoast_head":"<!-- This site is optimized with the Yoast SEO plugin v25.6 - https:\/\/yoast.com\/wordpress\/plugins\/seo\/ -->\n<title>O \u00daltimo Morador da Avenida Aut\u00f3dromo: Uma Conversa com Tadilmarco Peixopo - RioOnWatch<\/title>\n<meta name=\"robots\" content=\"index, follow, max-snippet:-1, max-image-preview:large, max-video-preview:-1\" \/>\n<link rel=\"canonical\" href=\"https:\/\/rioonwatch.org.br\/?p=14098\" \/>\n<meta property=\"og:locale\" content=\"pt_BR\" \/>\n<meta property=\"og:type\" content=\"article\" \/>\n<meta property=\"og:title\" content=\"O \u00daltimo Morador da Avenida Aut\u00f3dromo: Uma Conversa com Tadilmarco Peixopo - RioOnWatch\" \/>\n<meta property=\"og:description\" content=\"Click Here for English Sentado entre os destro\u00e7os da demoli\u00e7\u00e3o da casa de seu vizinho no domingo, 5 de abril, Tadilmarco Peixopo, o \u00faltimo morador da Avenida Aut\u00f3dromo, descreveu o entorno de escombros e terrenos [...]\" \/>\n<meta property=\"og:url\" content=\"https:\/\/rioonwatch.org.br\/?p=14098\" \/>\n<meta property=\"og:site_name\" content=\"RioOnWatch\" \/>\n<meta property=\"article:published_time\" content=\"2015-04-20T12:39:54+00:00\" \/>\n<meta property=\"article:modified_time\" content=\"2024-06-20T19:29:08+00:00\" \/>\n<meta property=\"og:image\" content=\"https:\/\/rioonwatch.org.br\/wp-content\/uploads\/2015\/04\/P1012264-1-e1429487264903.jpg\" \/>\n\t<meta property=\"og:image:width\" content=\"620\" \/>\n\t<meta property=\"og:image:height\" content=\"230\" \/>\n\t<meta property=\"og:image:type\" content=\"image\/jpeg\" \/>\n<meta name=\"author\" content=\"Admin\" \/>\n<meta name=\"twitter:card\" content=\"summary_large_image\" \/>\n<meta name=\"twitter:label1\" content=\"Escrito por\" \/>\n\t<meta name=\"twitter:data1\" content=\"Admin\" \/>\n\t<meta name=\"twitter:label2\" content=\"Est. tempo de leitura\" \/>\n\t<meta name=\"twitter:data2\" content=\"6 minutos\" \/>\n<script type=\"application\/ld+json\" class=\"yoast-schema-graph\">{\"@context\":\"https:\/\/schema.org\",\"@graph\":[{\"@type\":\"Article\",\"@id\":\"https:\/\/rioonwatch.org.br\/?p=14098#article\",\"isPartOf\":{\"@id\":\"https:\/\/rioonwatch.org.br\/?p=14098\"},\"author\":{\"name\":\"Admin\",\"@id\":\"https:\/\/rioonwatch.org.br\/#\/schema\/person\/11d64c290506f9df50c71b850c473f68\"},\"headline\":\"O \u00daltimo Morador da Avenida Aut\u00f3dromo: Uma Conversa com Tadilmarco Peixopo\",\"datePublished\":\"2015-04-20T12:39:54+00:00\",\"dateModified\":\"2024-06-20T19:29:08+00:00\",\"mainEntityOfPage\":{\"@id\":\"https:\/\/rioonwatch.org.br\/?p=14098\"},\"wordCount\":1143,\"publisher\":{\"@id\":\"https:\/\/rioonwatch.org.br\/#organization\"},\"image\":{\"@id\":\"https:\/\/rioonwatch.org.br\/?p=14098#primaryimage\"},\"thumbnailUrl\":\"https:\/\/rioonwatch.org.br\/wp-content\/uploads\/2015\/04\/P1012264-1-e1429487264903.jpg\",\"keywords\":[\"Barra da Tijuca\",\"Direito \u00e0 Moradia\",\"Eduardo Paes\",\"entrevista\",\"especula\u00e7\u00e3o imobili\u00e1ria\",\"gentrifica\u00e7\u00e3o\",\"Megaeventos\",\"moradia\",\"Olimp\u00edadas\",\"perfil de v\u00edtima de remo\u00e7\u00e3o\",\"Remo\u00e7\u00e3o\",\"resist\u00eancia\",\"Vila Aut\u00f3dromo\",\"Zona Oeste\"],\"articleSection\":[\"#OlhoNaGentrifica\u00e7\u00e3o\",\"#OlhoNasRemo\u00e7\u00f5es\",\"#Rio2016\",\"Den\u00fancias\",\"Pol\u00edticas\"],\"inLanguage\":\"pt-BR\"},{\"@type\":\"WebPage\",\"@id\":\"https:\/\/rioonwatch.org.br\/?p=14098\",\"url\":\"https:\/\/rioonwatch.org.br\/?p=14098\",\"name\":\"O \u00daltimo Morador da Avenida Aut\u00f3dromo: Uma Conversa com Tadilmarco Peixopo - RioOnWatch\",\"isPartOf\":{\"@id\":\"https:\/\/rioonwatch.org.br\/#website\"},\"primaryImageOfPage\":{\"@id\":\"https:\/\/rioonwatch.org.br\/?p=14098#primaryimage\"},\"image\":{\"@id\":\"https:\/\/rioonwatch.org.br\/?p=14098#primaryimage\"},\"thumbnailUrl\":\"https:\/\/rioonwatch.org.br\/wp-content\/uploads\/2015\/04\/P1012264-1-e1429487264903.jpg\",\"datePublished\":\"2015-04-20T12:39:54+00:00\",\"dateModified\":\"2024-06-20T19:29:08+00:00\",\"breadcrumb\":{\"@id\":\"https:\/\/rioonwatch.org.br\/?p=14098#breadcrumb\"},\"inLanguage\":\"pt-BR\",\"potentialAction\":[{\"@type\":\"ReadAction\",\"target\":[\"https:\/\/rioonwatch.org.br\/?p=14098\"]}]},{\"@type\":\"ImageObject\",\"inLanguage\":\"pt-BR\",\"@id\":\"https:\/\/rioonwatch.org.br\/?p=14098#primaryimage\",\"url\":\"https:\/\/rioonwatch.org.br\/wp-content\/uploads\/2015\/04\/P1012264-1-e1429487264903.jpg\",\"contentUrl\":\"https:\/\/rioonwatch.org.br\/wp-content\/uploads\/2015\/04\/P1012264-1-e1429487264903.jpg\",\"width\":620,\"height\":230},{\"@type\":\"BreadcrumbList\",\"@id\":\"https:\/\/rioonwatch.org.br\/?p=14098#breadcrumb\",\"itemListElement\":[{\"@type\":\"ListItem\",\"position\":1,\"name\":\"In\u00edcio\",\"item\":\"https:\/\/rioonwatch.org.br\/\"},{\"@type\":\"ListItem\",\"position\":2,\"name\":\"O \u00daltimo Morador da Avenida Aut\u00f3dromo: Uma Conversa com Tadilmarco Peixopo\"}]},{\"@type\":\"WebSite\",\"@id\":\"https:\/\/rioonwatch.org.br\/#website\",\"url\":\"https:\/\/rioonwatch.org.br\/\",\"name\":\"RioOnWatch\",\"description\":\"relatos das favelas cariocas\",\"publisher\":{\"@id\":\"https:\/\/rioonwatch.org.br\/#organization\"},\"potentialAction\":[{\"@type\":\"SearchAction\",\"target\":{\"@type\":\"EntryPoint\",\"urlTemplate\":\"https:\/\/rioonwatch.org.br\/?s={search_term_string}\"},\"query-input\":{\"@type\":\"PropertyValueSpecification\",\"valueRequired\":true,\"valueName\":\"search_term_string\"}}],\"inLanguage\":\"pt-BR\"},{\"@type\":\"Organization\",\"@id\":\"https:\/\/rioonwatch.org.br\/#organization\",\"name\":\"RioOnWatch\",\"url\":\"https:\/\/rioonwatch.org.br\/\",\"logo\":{\"@type\":\"ImageObject\",\"inLanguage\":\"pt-BR\",\"@id\":\"https:\/\/rioonwatch.org.br\/#\/schema\/logo\/image\/\",\"url\":\"https:\/\/rioonwatch.org.br\/wp-content\/uploads\/2021\/06\/RioOnWatchcabecalhoPT11anos-2.png\",\"contentUrl\":\"https:\/\/rioonwatch.org.br\/wp-content\/uploads\/2021\/06\/RioOnWatchcabecalhoPT11anos-2.png\",\"width\":779,\"height\":277,\"caption\":\"RioOnWatch\"},\"image\":{\"@id\":\"https:\/\/rioonwatch.org.br\/#\/schema\/logo\/image\/\"}},{\"@type\":\"Person\",\"@id\":\"https:\/\/rioonwatch.org.br\/#\/schema\/person\/11d64c290506f9df50c71b850c473f68\",\"name\":\"Admin\",\"image\":{\"@type\":\"ImageObject\",\"inLanguage\":\"pt-BR\",\"@id\":\"https:\/\/rioonwatch.org.br\/#\/schema\/person\/image\/\",\"url\":\"https:\/\/secure.gravatar.com\/avatar\/56211ac74568383903349a1485e3c325?s=96&d=blank&r=g\",\"contentUrl\":\"https:\/\/secure.gravatar.com\/avatar\/56211ac74568383903349a1485e3c325?s=96&d=blank&r=g\",\"caption\":\"Admin\"},\"url\":\"https:\/\/rioonwatch.org.br\/?author=129\"}]}<\/script>\n<!-- \/ Yoast SEO plugin. -->","yoast_head_json":{"title":"O \u00daltimo Morador da Avenida Aut\u00f3dromo: Uma Conversa com Tadilmarco Peixopo - RioOnWatch","robots":{"index":"index","follow":"follow","max-snippet":"max-snippet:-1","max-image-preview":"max-image-preview:large","max-video-preview":"max-video-preview:-1"},"canonical":"https:\/\/rioonwatch.org.br\/?p=14098","og_locale":"pt_BR","og_type":"article","og_title":"O \u00daltimo Morador da Avenida Aut\u00f3dromo: Uma Conversa com Tadilmarco Peixopo - RioOnWatch","og_description":"Click Here for English Sentado entre os destro\u00e7os da demoli\u00e7\u00e3o da casa de seu vizinho no domingo, 5 de abril, Tadilmarco Peixopo, o \u00faltimo morador da Avenida Aut\u00f3dromo, descreveu o entorno de escombros e terrenos [...]","og_url":"https:\/\/rioonwatch.org.br\/?p=14098","og_site_name":"RioOnWatch","article_published_time":"2015-04-20T12:39:54+00:00","article_modified_time":"2024-06-20T19:29:08+00:00","og_image":[{"width":620,"height":230,"url":"https:\/\/rioonwatch.org.br\/wp-content\/uploads\/2015\/04\/P1012264-1-e1429487264903.jpg","type":"image\/jpeg"}],"author":"Admin","twitter_card":"summary_large_image","twitter_misc":{"Escrito por":"Admin","Est. tempo de leitura":"6 minutos"},"schema":{"@context":"https:\/\/schema.org","@graph":[{"@type":"Article","@id":"https:\/\/rioonwatch.org.br\/?p=14098#article","isPartOf":{"@id":"https:\/\/rioonwatch.org.br\/?p=14098"},"author":{"name":"Admin","@id":"https:\/\/rioonwatch.org.br\/#\/schema\/person\/11d64c290506f9df50c71b850c473f68"},"headline":"O \u00daltimo Morador da Avenida Aut\u00f3dromo: Uma Conversa com Tadilmarco Peixopo","datePublished":"2015-04-20T12:39:54+00:00","dateModified":"2024-06-20T19:29:08+00:00","mainEntityOfPage":{"@id":"https:\/\/rioonwatch.org.br\/?p=14098"},"wordCount":1143,"publisher":{"@id":"https:\/\/rioonwatch.org.br\/#organization"},"image":{"@id":"https:\/\/rioonwatch.org.br\/?p=14098#primaryimage"},"thumbnailUrl":"https:\/\/rioonwatch.org.br\/wp-content\/uploads\/2015\/04\/P1012264-1-e1429487264903.jpg","keywords":["Barra da Tijuca","Direito \u00e0 Moradia","Eduardo Paes","entrevista","especula\u00e7\u00e3o imobili\u00e1ria","gentrifica\u00e7\u00e3o","Megaeventos","moradia","Olimp\u00edadas","perfil de v\u00edtima de remo\u00e7\u00e3o","Remo\u00e7\u00e3o","resist\u00eancia","Vila Aut\u00f3dromo","Zona Oeste"],"articleSection":["#OlhoNaGentrifica\u00e7\u00e3o","#OlhoNasRemo\u00e7\u00f5es","#Rio2016","Den\u00fancias","Pol\u00edticas"],"inLanguage":"pt-BR"},{"@type":"WebPage","@id":"https:\/\/rioonwatch.org.br\/?p=14098","url":"https:\/\/rioonwatch.org.br\/?p=14098","name":"O \u00daltimo Morador da Avenida Aut\u00f3dromo: Uma Conversa com Tadilmarco Peixopo - RioOnWatch","isPartOf":{"@id":"https:\/\/rioonwatch.org.br\/#website"},"primaryImageOfPage":{"@id":"https:\/\/rioonwatch.org.br\/?p=14098#primaryimage"},"image":{"@id":"https:\/\/rioonwatch.org.br\/?p=14098#primaryimage"},"thumbnailUrl":"https:\/\/rioonwatch.org.br\/wp-content\/uploads\/2015\/04\/P1012264-1-e1429487264903.jpg","datePublished":"2015-04-20T12:39:54+00:00","dateModified":"2024-06-20T19:29:08+00:00","breadcrumb":{"@id":"https:\/\/rioonwatch.org.br\/?p=14098#breadcrumb"},"inLanguage":"pt-BR","potentialAction":[{"@type":"ReadAction","target":["https:\/\/rioonwatch.org.br\/?p=14098"]}]},{"@type":"ImageObject","inLanguage":"pt-BR","@id":"https:\/\/rioonwatch.org.br\/?p=14098#primaryimage","url":"https:\/\/rioonwatch.org.br\/wp-content\/uploads\/2015\/04\/P1012264-1-e1429487264903.jpg","contentUrl":"https:\/\/rioonwatch.org.br\/wp-content\/uploads\/2015\/04\/P1012264-1-e1429487264903.jpg","width":620,"height":230},{"@type":"BreadcrumbList","@id":"https:\/\/rioonwatch.org.br\/?p=14098#breadcrumb","itemListElement":[{"@type":"ListItem","position":1,"name":"In\u00edcio","item":"https:\/\/rioonwatch.org.br\/"},{"@type":"ListItem","position":2,"name":"O \u00daltimo Morador da Avenida Aut\u00f3dromo: Uma Conversa com Tadilmarco Peixopo"}]},{"@type":"WebSite","@id":"https:\/\/rioonwatch.org.br\/#website","url":"https:\/\/rioonwatch.org.br\/","name":"RioOnWatch","description":"relatos das favelas cariocas","publisher":{"@id":"https:\/\/rioonwatch.org.br\/#organization"},"potentialAction":[{"@type":"SearchAction","target":{"@type":"EntryPoint","urlTemplate":"https:\/\/rioonwatch.org.br\/?s={search_term_string}"},"query-input":{"@type":"PropertyValueSpecification","valueRequired":true,"valueName":"search_term_string"}}],"inLanguage":"pt-BR"},{"@type":"Organization","@id":"https:\/\/rioonwatch.org.br\/#organization","name":"RioOnWatch","url":"https:\/\/rioonwatch.org.br\/","logo":{"@type":"ImageObject","inLanguage":"pt-BR","@id":"https:\/\/rioonwatch.org.br\/#\/schema\/logo\/image\/","url":"https:\/\/rioonwatch.org.br\/wp-content\/uploads\/2021\/06\/RioOnWatchcabecalhoPT11anos-2.png","contentUrl":"https:\/\/rioonwatch.org.br\/wp-content\/uploads\/2021\/06\/RioOnWatchcabecalhoPT11anos-2.png","width":779,"height":277,"caption":"RioOnWatch"},"image":{"@id":"https:\/\/rioonwatch.org.br\/#\/schema\/logo\/image\/"}},{"@type":"Person","@id":"https:\/\/rioonwatch.org.br\/#\/schema\/person\/11d64c290506f9df50c71b850c473f68","name":"Admin","image":{"@type":"ImageObject","inLanguage":"pt-BR","@id":"https:\/\/rioonwatch.org.br\/#\/schema\/person\/image\/","url":"https:\/\/secure.gravatar.com\/avatar\/56211ac74568383903349a1485e3c325?s=96&d=blank&r=g","contentUrl":"https:\/\/secure.gravatar.com\/avatar\/56211ac74568383903349a1485e3c325?s=96&d=blank&r=g","caption":"Admin"},"url":"https:\/\/rioonwatch.org.br\/?author=129"}]}},"_links":{"self":[{"href":"https:\/\/rioonwatch.org.br\/index.php?rest_route=\/wp\/v2\/posts\/14098"}],"collection":[{"href":"https:\/\/rioonwatch.org.br\/index.php?rest_route=\/wp\/v2\/posts"}],"about":[{"href":"https:\/\/rioonwatch.org.br\/index.php?rest_route=\/wp\/v2\/types\/post"}],"author":[{"embeddable":true,"href":"https:\/\/rioonwatch.org.br\/index.php?rest_route=\/wp\/v2\/users\/129"}],"replies":[{"embeddable":true,"href":"https:\/\/rioonwatch.org.br\/index.php?rest_route=%2Fwp%2Fv2%2Fcomments&post=14098"}],"version-history":[{"count":22,"href":"https:\/\/rioonwatch.org.br\/index.php?rest_route=\/wp\/v2\/posts\/14098\/revisions"}],"predecessor-version":[{"id":30080,"href":"https:\/\/rioonwatch.org.br\/index.php?rest_route=\/wp\/v2\/posts\/14098\/revisions\/30080"}],"wp:featuredmedia":[{"embeddable":true,"href":"https:\/\/rioonwatch.org.br\/index.php?rest_route=\/wp\/v2\/media\/14102"}],"wp:attachment":[{"href":"https:\/\/rioonwatch.org.br\/index.php?rest_route=%2Fwp%2Fv2%2Fmedia&parent=14098"}],"wp:term":[{"taxonomy":"category","embeddable":true,"href":"https:\/\/rioonwatch.org.br\/index.php?rest_route=%2Fwp%2Fv2%2Fcategories&post=14098"},{"taxonomy":"post_tag","embeddable":true,"href":"https:\/\/rioonwatch.org.br\/index.php?rest_route=%2Fwp%2Fv2%2Ftags&post=14098"},{"taxonomy":"writer","embeddable":true,"href":"https:\/\/rioonwatch.org.br\/index.php?rest_route=%2Fwp%2Fv2%2Fwriter&post=14098"},{"taxonomy":"translator","embeddable":true,"href":"https:\/\/rioonwatch.org.br\/index.php?rest_route=%2Fwp%2Fv2%2Ftranslator&post=14098"},{"taxonomy":"source","embeddable":true,"href":"https:\/\/rioonwatch.org.br\/index.php?rest_route=%2Fwp%2Fv2%2Fsource&post=14098"},{"taxonomy":"ilustrador","embeddable":true,"href":"https:\/\/rioonwatch.org.br\/index.php?rest_route=%2Fwp%2Fv2%2Filustrador&post=14098"},{"taxonomy":"fotografo","embeddable":true,"href":"https:\/\/rioonwatch.org.br\/index.php?rest_route=%2Fwp%2Fv2%2Ffotografo&post=14098"}],"curies":[{"name":"wp","href":"https:\/\/api.w.org\/{rel}","templated":true}]}}