{"id":1410,"date":"2011-04-08T00:15:01","date_gmt":"2011-04-08T03:15:01","guid":{"rendered":"http:\/\/favela.info\/?p=1410"},"modified":"2015-08-14T14:28:17","modified_gmt":"2015-08-14T17:28:17","slug":"proibicao-arbitraria","status":"publish","type":"post","link":"https:\/\/rioonwatch.org.br\/?p=1410","title":{"rendered":"Proibi\u00e7\u00e3o Arbitr\u00e1ria"},"content":{"rendered":"<p><img fetchpriority=\"high\" decoding=\"async\" src=\"http:\/\/favela.info\/wp-content\/uploads\/2011\/04\/fog.jpg\" alt=\"\" title=\"Fogueteiro\" width=\"338\" height=\"225\" class=\"alignleft size-full wp-image-1411\" \/><\/p>\n<p align=\"justify\">Domingo \u00e0 tarde, na Comunidade do Morro do Fogueteiro, moradores que faziam um churrasco de anivers\u00e1rio forma surpreendidos por policias da UPP que os mandaram desligar o som por estarem ouvindo Funk.<\/p>\n<p align=\"justify\">O que os policiais ainda n\u00e3o sabem, ou se recusam a saber, \u00e9 que o Funk faz parte do DNA das comunidades. Al\u00e9m disto, o Funk j\u00e1 \u00e9 reconhecido, por lei, como parte de nossa cultura.  N\u00e3o falo do Funk de apologias e palavras de baixo cal\u00e3o, mas sim do Funk puro, das ra\u00edzes da comunidade.<\/p>\n<p align=\"justify\">Na comunidade do Morro do Fogueteiro, alguns policiais (acreditem n\u00e3o s\u00e3o todos), est\u00e3o ferindo o direito \u00e0 Liberdade de Express\u00e3o e Liberdade de Escolha destas pessoas.<\/p>\n<p align=\"justify\">Como os moradores, embasados por orienta\u00e7\u00f5es da lideran\u00e7a comunit\u00e1ria local, se recusaram a trocar a m\u00fasica, estes policiais mal informados, iniciaram um tumulto com jovens que disseram que eles estavam querendo \u201ccalar\u201d a comunidade e os levaram para delegacia onde os autuaram por Desacato a Autoridade e Desobedi\u00eancia. O pior foi a forma como uma policial feminina agiu com tais jovens, os acusando de tentar agredi-la fisicamente.<\/p>\n<p align=\"justify\">Ap\u00f3s o incidente ocorreu a maior demonstra\u00e7\u00e3o de intimida\u00e7\u00e3o j\u00e1 vista por esta comunidade; Mais de 20 carros de unidades pacificadoras (Andara\u00ed, Macacos, Pav\u00e3o Pav\u00e3ozinho, Fallet, Fogueteiro, Coroa, entre outras) do Rio de Janeiro, chegaram ao local, e iniciaram um processo de revista entre todos os moradores participantes da festa, os colocando encostados na parede e realizando manobras agressiva com os ve\u00edculos.<\/p>\n<p align=\"justify\">Me lembrou muito o tipo de intimida\u00e7\u00e3o sofrida por pessoas na \u00e9poca da Ditadura. Ser\u00e1 que estamos sofrendo um retrocesso pol\u00edtico?<\/p>\n<!-- AddThis Advanced Settings generic via filter on the_content --><!-- AddThis Share Buttons generic via filter on the_content -->","protected":false},"excerpt":{"rendered":"<div class=\"mh-excerpt\"><p>Domingo \u00e0 tarde, na Comunidade do Morro do Fogueteiro, moradores que faziam um churrasco de anivers\u00e1rio forma surpreendidos por policias da UPP que os mandaram desligar o som por estarem ouvindo Funk. O que os <a class=\"mh-excerpt-more\" href=\"https:\/\/rioonwatch.org.br\/?p=1410\" title=\"Proibi\u00e7\u00e3o Arbitr\u00e1ria\">[&#8230;]<\/a><!-- AddThis Advanced Settings generic via filter on get_the_excerpt --><!-- AddThis Share Buttons generic via filter on get_the_excerpt --><\/p>\n<\/div>","protected":false},"author":5,"featured_media":1411,"comment_status":"open","ping_status":"closed","sticky":false,"template":"","format":"standard","meta":{"_acf_changed":false,"_monsterinsights_skip_tracking":false,"_monsterinsights_sitenote_active":false,"_monsterinsights_sitenote_note":"","_monsterinsights_sitenote_category":0,"footnotes":""},"categories":[1625],"tags":[],"writer":[161],"translator":[],"source":[],"ilustrador":[],"fotografo":[],"class_list":{"0":"post-1410","1":"post","2":"type-post","3":"status-publish","4":"format-standard","5":"has-post-thumbnail","7":"category-por-correspondentes-comunitarios","8":"writer-cintia-luna"},"acf":[],"yoast_head":"<!-- This site is optimized with the Yoast SEO plugin v25.6 - https:\/\/yoast.com\/wordpress\/plugins\/seo\/ -->\n<title>Proibi\u00e7\u00e3o Arbitr\u00e1ria - RioOnWatch<\/title>\n<meta name=\"robots\" content=\"index, follow, max-snippet:-1, max-image-preview:large, max-video-preview:-1\" \/>\n<link rel=\"canonical\" href=\"https:\/\/rioonwatch.org.br\/?p=1410\" \/>\n<meta property=\"og:locale\" content=\"pt_BR\" \/>\n<meta property=\"og:type\" content=\"article\" \/>\n<meta property=\"og:title\" content=\"Proibi\u00e7\u00e3o Arbitr\u00e1ria - RioOnWatch\" \/>\n<meta property=\"og:description\" content=\"Domingo \u00e0 tarde, na Comunidade do Morro do Fogueteiro, moradores que faziam um churrasco de anivers\u00e1rio forma surpreendidos por policias da UPP que os mandaram desligar o som por estarem ouvindo Funk. O que os [...]\" \/>\n<meta property=\"og:url\" content=\"https:\/\/rioonwatch.org.br\/?p=1410\" \/>\n<meta property=\"og:site_name\" content=\"RioOnWatch\" \/>\n<meta property=\"article:published_time\" content=\"2011-04-08T03:15:01+00:00\" \/>\n<meta property=\"article:modified_time\" content=\"2015-08-14T17:28:17+00:00\" \/>\n<meta property=\"og:image\" content=\"https:\/\/rioonwatch.org.br\/wp-content\/uploads\/2011\/04\/fog.jpg\" \/>\n\t<meta property=\"og:image:width\" content=\"338\" \/>\n\t<meta property=\"og:image:height\" content=\"225\" \/>\n\t<meta property=\"og:image:type\" content=\"image\/jpeg\" \/>\n<meta name=\"author\" content=\"Tiago\" \/>\n<meta name=\"twitter:card\" content=\"summary_large_image\" \/>\n<meta name=\"twitter:label1\" content=\"Escrito por\" \/>\n\t<meta name=\"twitter:data1\" content=\"Tiago\" \/>\n\t<meta name=\"twitter:label2\" content=\"Est. tempo de leitura\" \/>\n\t<meta name=\"twitter:data2\" content=\"1 minuto\" \/>\n<script type=\"application\/ld+json\" class=\"yoast-schema-graph\">{\"@context\":\"https:\/\/schema.org\",\"@graph\":[{\"@type\":\"Article\",\"@id\":\"https:\/\/rioonwatch.org.br\/?p=1410#article\",\"isPartOf\":{\"@id\":\"https:\/\/rioonwatch.org.br\/?p=1410\"},\"author\":{\"name\":\"Tiago\",\"@id\":\"https:\/\/rioonwatch.org.br\/#\/schema\/person\/7c54ce0a929f914709db001584daa6ee\"},\"headline\":\"Proibi\u00e7\u00e3o Arbitr\u00e1ria\",\"datePublished\":\"2011-04-08T03:15:01+00:00\",\"dateModified\":\"2015-08-14T17:28:17+00:00\",\"mainEntityOfPage\":{\"@id\":\"https:\/\/rioonwatch.org.br\/?p=1410\"},\"wordCount\":286,\"commentCount\":0,\"publisher\":{\"@id\":\"https:\/\/rioonwatch.org.br\/#organization\"},\"image\":{\"@id\":\"https:\/\/rioonwatch.org.br\/?p=1410#primaryimage\"},\"thumbnailUrl\":\"https:\/\/rioonwatch.org.br\/wp-content\/uploads\/2011\/04\/fog.jpg\",\"articleSection\":[\"Escrito por Comunicadores Populares\"],\"inLanguage\":\"pt-BR\",\"potentialAction\":[{\"@type\":\"CommentAction\",\"name\":\"Comment\",\"target\":[\"https:\/\/rioonwatch.org.br\/?p=1410#respond\"]}]},{\"@type\":\"WebPage\",\"@id\":\"https:\/\/rioonwatch.org.br\/?p=1410\",\"url\":\"https:\/\/rioonwatch.org.br\/?p=1410\",\"name\":\"Proibi\u00e7\u00e3o Arbitr\u00e1ria - RioOnWatch\",\"isPartOf\":{\"@id\":\"https:\/\/rioonwatch.org.br\/#website\"},\"primaryImageOfPage\":{\"@id\":\"https:\/\/rioonwatch.org.br\/?p=1410#primaryimage\"},\"image\":{\"@id\":\"https:\/\/rioonwatch.org.br\/?p=1410#primaryimage\"},\"thumbnailUrl\":\"https:\/\/rioonwatch.org.br\/wp-content\/uploads\/2011\/04\/fog.jpg\",\"datePublished\":\"2011-04-08T03:15:01+00:00\",\"dateModified\":\"2015-08-14T17:28:17+00:00\",\"breadcrumb\":{\"@id\":\"https:\/\/rioonwatch.org.br\/?p=1410#breadcrumb\"},\"inLanguage\":\"pt-BR\",\"potentialAction\":[{\"@type\":\"ReadAction\",\"target\":[\"https:\/\/rioonwatch.org.br\/?p=1410\"]}]},{\"@type\":\"ImageObject\",\"inLanguage\":\"pt-BR\",\"@id\":\"https:\/\/rioonwatch.org.br\/?p=1410#primaryimage\",\"url\":\"https:\/\/rioonwatch.org.br\/wp-content\/uploads\/2011\/04\/fog.jpg\",\"contentUrl\":\"https:\/\/rioonwatch.org.br\/wp-content\/uploads\/2011\/04\/fog.jpg\",\"width\":338,\"height\":225},{\"@type\":\"BreadcrumbList\",\"@id\":\"https:\/\/rioonwatch.org.br\/?p=1410#breadcrumb\",\"itemListElement\":[{\"@type\":\"ListItem\",\"position\":1,\"name\":\"In\u00edcio\",\"item\":\"https:\/\/rioonwatch.org.br\/\"},{\"@type\":\"ListItem\",\"position\":2,\"name\":\"Proibi\u00e7\u00e3o Arbitr\u00e1ria\"}]},{\"@type\":\"WebSite\",\"@id\":\"https:\/\/rioonwatch.org.br\/#website\",\"url\":\"https:\/\/rioonwatch.org.br\/\",\"name\":\"RioOnWatch\",\"description\":\"relatos das favelas cariocas\",\"publisher\":{\"@id\":\"https:\/\/rioonwatch.org.br\/#organization\"},\"potentialAction\":[{\"@type\":\"SearchAction\",\"target\":{\"@type\":\"EntryPoint\",\"urlTemplate\":\"https:\/\/rioonwatch.org.br\/?s={search_term_string}\"},\"query-input\":{\"@type\":\"PropertyValueSpecification\",\"valueRequired\":true,\"valueName\":\"search_term_string\"}}],\"inLanguage\":\"pt-BR\"},{\"@type\":\"Organization\",\"@id\":\"https:\/\/rioonwatch.org.br\/#organization\",\"name\":\"RioOnWatch\",\"url\":\"https:\/\/rioonwatch.org.br\/\",\"logo\":{\"@type\":\"ImageObject\",\"inLanguage\":\"pt-BR\",\"@id\":\"https:\/\/rioonwatch.org.br\/#\/schema\/logo\/image\/\",\"url\":\"https:\/\/rioonwatch.org.br\/wp-content\/uploads\/2021\/06\/RioOnWatchcabecalhoPT11anos-2.png\",\"contentUrl\":\"https:\/\/rioonwatch.org.br\/wp-content\/uploads\/2021\/06\/RioOnWatchcabecalhoPT11anos-2.png\",\"width\":779,\"height\":277,\"caption\":\"RioOnWatch\"},\"image\":{\"@id\":\"https:\/\/rioonwatch.org.br\/#\/schema\/logo\/image\/\"}},{\"@type\":\"Person\",\"@id\":\"https:\/\/rioonwatch.org.br\/#\/schema\/person\/7c54ce0a929f914709db001584daa6ee\",\"name\":\"Tiago\",\"image\":{\"@type\":\"ImageObject\",\"inLanguage\":\"pt-BR\",\"@id\":\"https:\/\/rioonwatch.org.br\/#\/schema\/person\/image\/\",\"url\":\"https:\/\/secure.gravatar.com\/avatar\/886b123583861b1f9e1b1393972b9aeb?s=96&d=blank&r=g\",\"contentUrl\":\"https:\/\/secure.gravatar.com\/avatar\/886b123583861b1f9e1b1393972b9aeb?s=96&d=blank&r=g\",\"caption\":\"Tiago\"},\"url\":\"https:\/\/rioonwatch.org.br\/?author=5\"}]}<\/script>\n<!-- \/ Yoast SEO plugin. -->","yoast_head_json":{"title":"Proibi\u00e7\u00e3o Arbitr\u00e1ria - RioOnWatch","robots":{"index":"index","follow":"follow","max-snippet":"max-snippet:-1","max-image-preview":"max-image-preview:large","max-video-preview":"max-video-preview:-1"},"canonical":"https:\/\/rioonwatch.org.br\/?p=1410","og_locale":"pt_BR","og_type":"article","og_title":"Proibi\u00e7\u00e3o Arbitr\u00e1ria - RioOnWatch","og_description":"Domingo \u00e0 tarde, na Comunidade do Morro do Fogueteiro, moradores que faziam um churrasco de anivers\u00e1rio forma surpreendidos por policias da UPP que os mandaram desligar o som por estarem ouvindo Funk. O que os [...]","og_url":"https:\/\/rioonwatch.org.br\/?p=1410","og_site_name":"RioOnWatch","article_published_time":"2011-04-08T03:15:01+00:00","article_modified_time":"2015-08-14T17:28:17+00:00","og_image":[{"width":338,"height":225,"url":"https:\/\/rioonwatch.org.br\/wp-content\/uploads\/2011\/04\/fog.jpg","type":"image\/jpeg"}],"author":"Tiago","twitter_card":"summary_large_image","twitter_misc":{"Escrito por":"Tiago","Est. tempo de leitura":"1 minuto"},"schema":{"@context":"https:\/\/schema.org","@graph":[{"@type":"Article","@id":"https:\/\/rioonwatch.org.br\/?p=1410#article","isPartOf":{"@id":"https:\/\/rioonwatch.org.br\/?p=1410"},"author":{"name":"Tiago","@id":"https:\/\/rioonwatch.org.br\/#\/schema\/person\/7c54ce0a929f914709db001584daa6ee"},"headline":"Proibi\u00e7\u00e3o Arbitr\u00e1ria","datePublished":"2011-04-08T03:15:01+00:00","dateModified":"2015-08-14T17:28:17+00:00","mainEntityOfPage":{"@id":"https:\/\/rioonwatch.org.br\/?p=1410"},"wordCount":286,"commentCount":0,"publisher":{"@id":"https:\/\/rioonwatch.org.br\/#organization"},"image":{"@id":"https:\/\/rioonwatch.org.br\/?p=1410#primaryimage"},"thumbnailUrl":"https:\/\/rioonwatch.org.br\/wp-content\/uploads\/2011\/04\/fog.jpg","articleSection":["Escrito por Comunicadores Populares"],"inLanguage":"pt-BR","potentialAction":[{"@type":"CommentAction","name":"Comment","target":["https:\/\/rioonwatch.org.br\/?p=1410#respond"]}]},{"@type":"WebPage","@id":"https:\/\/rioonwatch.org.br\/?p=1410","url":"https:\/\/rioonwatch.org.br\/?p=1410","name":"Proibi\u00e7\u00e3o Arbitr\u00e1ria - RioOnWatch","isPartOf":{"@id":"https:\/\/rioonwatch.org.br\/#website"},"primaryImageOfPage":{"@id":"https:\/\/rioonwatch.org.br\/?p=1410#primaryimage"},"image":{"@id":"https:\/\/rioonwatch.org.br\/?p=1410#primaryimage"},"thumbnailUrl":"https:\/\/rioonwatch.org.br\/wp-content\/uploads\/2011\/04\/fog.jpg","datePublished":"2011-04-08T03:15:01+00:00","dateModified":"2015-08-14T17:28:17+00:00","breadcrumb":{"@id":"https:\/\/rioonwatch.org.br\/?p=1410#breadcrumb"},"inLanguage":"pt-BR","potentialAction":[{"@type":"ReadAction","target":["https:\/\/rioonwatch.org.br\/?p=1410"]}]},{"@type":"ImageObject","inLanguage":"pt-BR","@id":"https:\/\/rioonwatch.org.br\/?p=1410#primaryimage","url":"https:\/\/rioonwatch.org.br\/wp-content\/uploads\/2011\/04\/fog.jpg","contentUrl":"https:\/\/rioonwatch.org.br\/wp-content\/uploads\/2011\/04\/fog.jpg","width":338,"height":225},{"@type":"BreadcrumbList","@id":"https:\/\/rioonwatch.org.br\/?p=1410#breadcrumb","itemListElement":[{"@type":"ListItem","position":1,"name":"In\u00edcio","item":"https:\/\/rioonwatch.org.br\/"},{"@type":"ListItem","position":2,"name":"Proibi\u00e7\u00e3o Arbitr\u00e1ria"}]},{"@type":"WebSite","@id":"https:\/\/rioonwatch.org.br\/#website","url":"https:\/\/rioonwatch.org.br\/","name":"RioOnWatch","description":"relatos das favelas cariocas","publisher":{"@id":"https:\/\/rioonwatch.org.br\/#organization"},"potentialAction":[{"@type":"SearchAction","target":{"@type":"EntryPoint","urlTemplate":"https:\/\/rioonwatch.org.br\/?s={search_term_string}"},"query-input":{"@type":"PropertyValueSpecification","valueRequired":true,"valueName":"search_term_string"}}],"inLanguage":"pt-BR"},{"@type":"Organization","@id":"https:\/\/rioonwatch.org.br\/#organization","name":"RioOnWatch","url":"https:\/\/rioonwatch.org.br\/","logo":{"@type":"ImageObject","inLanguage":"pt-BR","@id":"https:\/\/rioonwatch.org.br\/#\/schema\/logo\/image\/","url":"https:\/\/rioonwatch.org.br\/wp-content\/uploads\/2021\/06\/RioOnWatchcabecalhoPT11anos-2.png","contentUrl":"https:\/\/rioonwatch.org.br\/wp-content\/uploads\/2021\/06\/RioOnWatchcabecalhoPT11anos-2.png","width":779,"height":277,"caption":"RioOnWatch"},"image":{"@id":"https:\/\/rioonwatch.org.br\/#\/schema\/logo\/image\/"}},{"@type":"Person","@id":"https:\/\/rioonwatch.org.br\/#\/schema\/person\/7c54ce0a929f914709db001584daa6ee","name":"Tiago","image":{"@type":"ImageObject","inLanguage":"pt-BR","@id":"https:\/\/rioonwatch.org.br\/#\/schema\/person\/image\/","url":"https:\/\/secure.gravatar.com\/avatar\/886b123583861b1f9e1b1393972b9aeb?s=96&d=blank&r=g","contentUrl":"https:\/\/secure.gravatar.com\/avatar\/886b123583861b1f9e1b1393972b9aeb?s=96&d=blank&r=g","caption":"Tiago"},"url":"https:\/\/rioonwatch.org.br\/?author=5"}]}},"_links":{"self":[{"href":"https:\/\/rioonwatch.org.br\/index.php?rest_route=\/wp\/v2\/posts\/1410"}],"collection":[{"href":"https:\/\/rioonwatch.org.br\/index.php?rest_route=\/wp\/v2\/posts"}],"about":[{"href":"https:\/\/rioonwatch.org.br\/index.php?rest_route=\/wp\/v2\/types\/post"}],"author":[{"embeddable":true,"href":"https:\/\/rioonwatch.org.br\/index.php?rest_route=\/wp\/v2\/users\/5"}],"replies":[{"embeddable":true,"href":"https:\/\/rioonwatch.org.br\/index.php?rest_route=%2Fwp%2Fv2%2Fcomments&post=1410"}],"version-history":[{"count":2,"href":"https:\/\/rioonwatch.org.br\/index.php?rest_route=\/wp\/v2\/posts\/1410\/revisions"}],"predecessor-version":[{"id":1413,"href":"https:\/\/rioonwatch.org.br\/index.php?rest_route=\/wp\/v2\/posts\/1410\/revisions\/1413"}],"wp:featuredmedia":[{"embeddable":true,"href":"https:\/\/rioonwatch.org.br\/index.php?rest_route=\/wp\/v2\/media\/1411"}],"wp:attachment":[{"href":"https:\/\/rioonwatch.org.br\/index.php?rest_route=%2Fwp%2Fv2%2Fmedia&parent=1410"}],"wp:term":[{"taxonomy":"category","embeddable":true,"href":"https:\/\/rioonwatch.org.br\/index.php?rest_route=%2Fwp%2Fv2%2Fcategories&post=1410"},{"taxonomy":"post_tag","embeddable":true,"href":"https:\/\/rioonwatch.org.br\/index.php?rest_route=%2Fwp%2Fv2%2Ftags&post=1410"},{"taxonomy":"writer","embeddable":true,"href":"https:\/\/rioonwatch.org.br\/index.php?rest_route=%2Fwp%2Fv2%2Fwriter&post=1410"},{"taxonomy":"translator","embeddable":true,"href":"https:\/\/rioonwatch.org.br\/index.php?rest_route=%2Fwp%2Fv2%2Ftranslator&post=1410"},{"taxonomy":"source","embeddable":true,"href":"https:\/\/rioonwatch.org.br\/index.php?rest_route=%2Fwp%2Fv2%2Fsource&post=1410"},{"taxonomy":"ilustrador","embeddable":true,"href":"https:\/\/rioonwatch.org.br\/index.php?rest_route=%2Fwp%2Fv2%2Filustrador&post=1410"},{"taxonomy":"fotografo","embeddable":true,"href":"https:\/\/rioonwatch.org.br\/index.php?rest_route=%2Fwp%2Fv2%2Ffotografo&post=1410"}],"curies":[{"name":"wp","href":"https:\/\/api.w.org\/{rel}","templated":true}]}}