{"id":14166,"date":"2015-04-29T09:02:01","date_gmt":"2015-04-29T12:02:01","guid":{"rendered":"http:\/\/rioonwatch.org.br\/?p=14166"},"modified":"2016-04-11T02:03:41","modified_gmt":"2016-04-11T05:03:41","slug":"otimismo-desilusao-e-desespero-moradores-de-favelas-e-ativistas-debatem-a-pacificacao","status":"publish","type":"post","link":"https:\/\/rioonwatch.org.br\/?p=14166","title":{"rendered":"Otimismo, Desilus\u00e3o e Desespero: Moradores de Favelas e Ativistas Debatem a Pacifica\u00e7\u00e3o"},"content":{"rendered":"<p style=\"text-align: right;\"><em><strong><a href=\"http:\/\/bit.ly\/1E6mdkO\" target=\"_blank\">Click Here for English<img decoding=\"async\" width=\"20\" height=\"20\" class=\"alignright wp-image-15790\" src=\"http:\/\/rioonwatch.org.br\/wp-content\/uploads\/2012\/08\/EN-standard-e1439583104716.jpg\" alt=\"\" \/><\/a><\/strong><\/em><\/p>\n<p>L\u00edderes comunit\u00e1rios e o p\u00fablico em geral se reuniram no dia 16 de abril para discutir as\u00a0<a href=\"http:\/\/bit.ly\/R5ueio\" target=\"_blank\">UPPs<\/a>\u00a0nas favelas do Rio.<\/p>\n<p>O evento foi organizado pelo portal de not\u00edcias <a href=\"http:\/\/bit.ly\/1F14kp0\" target=\"_blank\">Viva Favela<\/a> (um programa da ONG <a href=\"http:\/\/bit.ly\/M1C9YL\" target=\"_blank\">Viva Rio<\/a>) como o primeiro de uma s\u00e9rie de debates acerca das quest\u00f5es que afetam atualmente as favelas do Rio.<\/p>\n<p>Entre os palestrantes estavam\u00a0<a href=\"http:\/\/bit.ly\/1Olw0dz\" target=\"_blank\">Repper Fiell<\/a>, rapper e ativista do\u00a0<a href=\"http:\/\/bit.ly\/YZD9al\" target=\"_blank\">Santa Marta<\/a>,\u00a0<a href=\"http:\/\/bit.ly\/1Jy8vah\" target=\"_blank\">Davison Coutinho<\/a>, estudante de mestrado, jornalista e morador da <a href=\"http:\/\/bit.ly\/16w2zz1\" target=\"_blank\">Rocinha<\/a>, e <a href=\"http:\/\/bit.ly\/1Fh63WS\" target=\"_blank\">William de Oliveira<\/a>, ex-presidente da Associa\u00e7\u00e3o de Moradores da Rocinha. Ubiritan Angelo, coordenador do Viva Rio e ex-comandante da <a href=\"http:\/\/bit.ly\/1NN08e8\" target=\"_blank\">Pol\u00edcia Militar<\/a>, tamb\u00e9m participou do evento.<\/p>\n<p><a href=\"http:\/\/rioonwatch.org.br\/wp-content\/uploads\/2015\/04\/Pacification-debate-logo.jpg\"><img fetchpriority=\"high\" decoding=\"async\" class=\"aligncenter wp-image-14169\" title=\"Flyer do evento\" src=\"http:\/\/rioonwatch.org.br\/wp-content\/uploads\/2015\/04\/Pacification-debate-logo.jpg\" alt=\"Flyer do evento\" width=\"620\" height=\"465\" srcset=\"https:\/\/rioonwatch.org.br\/wp-content\/uploads\/2015\/04\/Pacification-debate-logo.jpg 999w, https:\/\/rioonwatch.org.br\/wp-content\/uploads\/2015\/04\/Pacification-debate-logo-352x264.jpg 352w, https:\/\/rioonwatch.org.br\/wp-content\/uploads\/2015\/04\/Pacification-debate-logo-620x465.jpg 620w, https:\/\/rioonwatch.org.br\/wp-content\/uploads\/2015\/04\/Pacification-debate-logo-174x131.jpg 174w, https:\/\/rioonwatch.org.br\/wp-content\/uploads\/2015\/04\/Pacification-debate-logo-300x225.jpg 300w, https:\/\/rioonwatch.org.br\/wp-content\/uploads\/2015\/04\/Pacification-debate-logo-70x53.jpg 70w\" sizes=\"(max-width: 620px) 100vw, 620px\" \/><\/a><\/p>\n<p>O debate foi iniciado com uma quest\u00e3o pol\u00eamica feita pelo moderador Carlos Costa:\u00a0\u201cQuais seriam hoje os pontos positivos do projeto de pacifica\u00e7\u00e3o?\u201d<\/p>\n<p>Enquanto o ex-oficial da PM Ubiritan Angelo prontamente respondeu a quest\u00e3o proposta&#8211;dizendo, por exemplo, que os n\u00edveis de viol\u00eancia e criminalidade nas favelas diminu\u00edram&#8211;os outros participantes encontraram certa dificuldade em respond\u00ea-la. William de Oliveira referiu-se com otimismo, e de forma cautelosa, sobre o futuro das <a href=\"http:\/\/bit.ly\/R5ueio\" target=\"_blank\">UPPs<\/a>: \u201cAlguns moradores ainda acreditam que h\u00e1 esperan\u00e7a\u201d.<\/p>\n<p>Repper Fiell, entretanto, n\u00e3o estava disposto a enxergar por esse lado positivo: \u201cN\u00e3o tenho esperan\u00e7a n\u00e3o\u201d. Ele questionou o porqu\u00ea de um dia sem tiroteio em uma favela pacificada ser encarado como um grande feito, quando isso deveria ser parte da vida cotidiana dos moradores. \u201c\u00c9 um direito nosso!\u201d<\/p>\n<p>A discuss\u00e3o sobre os efeitos positivos da pacifica\u00e7\u00e3o tem sido frequentemente retratada na m\u00eddia, potencialmente dando uma imagem enganosa desse processo. Fiell disse que o canal de not\u00edcias <em>Globo News<\/em> permaneceu um m\u00eas no Santa Marta nas primeiras etapas da UPP, e ele acredita que distorceu a percep\u00e7\u00e3o do p\u00fablico sobre o que ele chamou de \u201cuma pacifica\u00e7\u00e3o com viol\u00eancia\u201d. Rafael Sousa, do <a href=\"http:\/\/bit.ly\/1OKYDvx\" target=\"_blank\">Complexo do Lins<\/a>, da plat\u00e9ia, concordou, relembrando a quantidade de \u201cpropaganda e marketing\u201d orquestrada pela m\u00eddia no in\u00edcio da <a href=\"http:\/\/bit.ly\/19dEgUi\" target=\"_blank\">ocupa\u00e7\u00e3o da UPP no Lins<\/a>. Isso permitiu que a UPP &#8220;vendesse uma imagem falsa\u201d do processo.<\/p>\n<p><a href=\"http:\/\/rioonwatch.org.br\/wp-content\/uploads\/2015\/04\/Pacification-debate-panel.jpg\"><img decoding=\"async\" class=\"aligncenter wp-image-14171\" title=\"Painel do debate\" src=\"http:\/\/rioonwatch.org.br\/wp-content\/uploads\/2015\/04\/Pacification-debate-panel.jpg\" alt=\"Painel do debate\" width=\"620\" height=\"422\" srcset=\"https:\/\/rioonwatch.org.br\/wp-content\/uploads\/2015\/04\/Pacification-debate-panel.jpg 1000w, https:\/\/rioonwatch.org.br\/wp-content\/uploads\/2015\/04\/Pacification-debate-panel-388x264.jpg 388w, https:\/\/rioonwatch.org.br\/wp-content\/uploads\/2015\/04\/Pacification-debate-panel-620x422.jpg 620w\" sizes=\"(max-width: 620px) 100vw, 620px\" \/><\/a><\/p>\n<p>Os participantes falaram sobre a crescente falta de apoio \u00e0s UPPs em suas comunidades. Davison Coutinho resumiu a sua rea\u00e7\u00e3o: \u201c\u00c9 um pouco triste voc\u00ea passar pela comunidade, por mais que voc\u00ea n\u00e3o concorde com os projetos da pacifica\u00e7\u00e3o, e ouvir os moradores dizerem que preferiam como era antes\u201d. Diversas pessoas falaram de moradores que se sentem exclu\u00eddos do processo de pacifica\u00e7\u00e3o em suas comunidades. \u201cOs maiores apoiadores das UPPs deveriam ser os moradores\u201d, disse William de Oliveira.<\/p>\n<p>Um dos motivos para a falta de apoio\u00a0\u00e0 pacifica\u00e7\u00e3o parece ser a desilus\u00e3o com as promessas feitas na \u00e9poca em que as UPPs foram instaladas. Uma dessas promessas&#8211;a de remover os traficantes das favelas&#8211;foi denunciada como uma \u201cgrande mentira\u201d por Fiell. William de Oliveira concordou: \u201cO mais vergonhoso \u00e9 que a gente v\u00ea o estado presente num local onde o crime organizado continua, em alguns lugares at\u00e9 mais forte que era antes\u201d.<\/p>\n<p>Outra promessa&#8211;de que a ocupa\u00e7\u00e3o policial traria uma melhoria dos servi\u00e7os p\u00fablicos e da qualidade de vida das favelas&#8211;foi descrita como uma \u201cpiada\u201d.<\/p>\n<p>Fiell resumiu esse fato referindo-se ao Santa Marta, onde foram prometidas melhorias em moradia, sa\u00fade e saneamento b\u00e1sico durante a ocupa\u00e7\u00e3o policial. Ele desafiou a plat\u00e9ia\u00a0a ir l\u00e1 e comprovar o n\u00e3o cumprimento dessas medidas, referindo-se \u00e0s numerosas\u00a0casas de madeira, e outras constru\u00eddas de forma insegura, que ainda existem na comunidade, e \u00e0 baixa qualidade do <a href=\"http:\/\/bit.ly\/14lMZGK\" target=\"_blank\">saneamento b\u00e1sico<\/a>. \u201cIsso fez com que as pessoas desacreditassem e perceberem que era mais um projeto pol\u00edtico para enganar as pessoas\u201d.<\/p>\n<p><a href=\"http:\/\/rioonwatch.org.br\/wp-content\/uploads\/2015\/04\/Pacification-debate-Santa-Marta.jpg\"><img loading=\"lazy\" decoding=\"async\" class=\"aligncenter wp-image-14172\" title=\"Casas em situa\u00e7\u00e3o prec\u00e1ria no Santa Marta\" src=\"http:\/\/rioonwatch.org.br\/wp-content\/uploads\/2015\/04\/Pacification-debate-Santa-Marta.jpg\" alt=\"Casas em situa\u00e7\u00e3o prec\u00e1ria em Santa Marta\" width=\"620\" height=\"464\" srcset=\"https:\/\/rioonwatch.org.br\/wp-content\/uploads\/2015\/04\/Pacification-debate-Santa-Marta.jpg 1000w, https:\/\/rioonwatch.org.br\/wp-content\/uploads\/2015\/04\/Pacification-debate-Santa-Marta-353x264.jpg 353w, https:\/\/rioonwatch.org.br\/wp-content\/uploads\/2015\/04\/Pacification-debate-Santa-Marta-620x464.jpg 620w, https:\/\/rioonwatch.org.br\/wp-content\/uploads\/2015\/04\/Pacification-debate-Santa-Marta-174x131.jpg 174w, https:\/\/rioonwatch.org.br\/wp-content\/uploads\/2015\/04\/Pacification-debate-Santa-Marta-300x225.jpg 300w, https:\/\/rioonwatch.org.br\/wp-content\/uploads\/2015\/04\/Pacification-debate-Santa-Marta-70x53.jpg 70w\" sizes=\"(max-width: 620px) 100vw, 620px\" \/><\/a><\/p>\n<p>Os participantes tamb\u00e9m discutiram como as mudan\u00e7as que acompanharam a chegada das UPPs nas favelas foram negativas, incluindo os problemas relacionados \u00e0 alta dos pre\u00e7os das casas, o fen\u00f4meno de <a href=\"http:\/\/bit.ly\/Qe3lpR\" target=\"_blank\">gentrifica\u00e7\u00e3o<\/a> e as <a href=\"http:\/\/bit.ly\/1G4lZsN\" target=\"_blank\">restri\u00e7\u00f5es feitas pela pol\u00edcia ao direito dos moradores<\/a> de <a href=\"http:\/\/bit.ly\/1wt8EWG\" target=\"_blank\">circular livremente<\/a> por suas comunidades.<\/p>\n<p>A viol\u00eancia policial tamb\u00e9m foi citada como uma grande preocupa\u00e7\u00e3o. \u201cA gente nunca sabe quando a bala perdida vai achar algu\u00e9m que conhecemos\u201d, disse William de Oliveira, fazendo uma pequena refer\u00eancia aos <a href=\"http:\/\/bit.ly\/19QHUcr\" target=\"_blank\">recentes assassinatos cometidos pela pol\u00edcia no Complexo do Alem\u00e3o<\/a>. Os debatedores chegaram a falar sobre o fato da viol\u00eancia ser uma realidade di\u00e1ria em suas comunidades.<\/p>\n<p>A conclus\u00e3o foi que apenas a ocupa\u00e7\u00e3o policial n\u00e3o \u00e9 a solu\u00e7\u00e3o para a melhoria da qualidade de vida nas favelas do Rio. \u201cPol\u00edcia, pol\u00edcia, pol\u00edcia, pol\u00edcia. J\u00e1 chega de pol\u00edcia. J\u00e1 chega de guerra\u201d, disse Davison\u00a0Coutinho, lamentando a falta de outros projetos e servi\u00e7os na Rocinha. Por exemplo, ele mencionou que a PUC Rio tem trabalhado na comunidade, mas em escala pequena.<\/p>\n<p>Davison Coutinho abordou um tema-chave nos momentos finais do debate&#8211;a necessidade de uma <a href=\"http:\/\/bit.ly\/1uRzOcM\" target=\"_blank\">mudan\u00e7a de atitude em rela\u00e7\u00e3o \u00e0s favelas<\/a> na cidade. \u201cEnquanto a favela continuar a ser vista como um problema, n\u00e3o vamos adiante\u201d. Uma forma de mudar as atitudes \u00e9 abra\u00e7ar e incentivar a <a href=\"http:\/\/bit.ly\/H1kBPJ\" target=\"_blank\">mobiliza\u00e7\u00e3o comunit\u00e1ria<\/a> e o <a href=\"http:\/\/bit.ly\/EscadaParticipacao\" target=\"_blank\">engajamento<\/a>. Fiell concordou: \u201cN\u00e3o acredito numa pol\u00edcia que traz paz com armas. Eu acredito na mobiliza\u00e7\u00e3o do cidad\u00e3o\u201d.<\/p>\n<h3>Assista o debate na \u00edntegra abaixo:<\/h3>\n<p><iframe src=\"https:\/\/www.youtube.com\/embed\/5PIdrocJaVQ\" width=\"620\" height=\"349\" frameborder=\"0\" allowfullscreen=\"allowfullscreen\"><\/iframe><\/p>\n<!-- AddThis Advanced Settings generic via filter on the_content --><!-- AddThis Share Buttons generic via filter on the_content -->","protected":false},"excerpt":{"rendered":"<div class=\"mh-excerpt\"><p>Click Here for English L\u00edderes comunit\u00e1rios e o p\u00fablico em geral se reuniram no dia 16 de abril para discutir as\u00a0UPPs\u00a0nas favelas do Rio. O evento foi organizado pelo portal de not\u00edcias Viva Favela (um <a class=\"mh-excerpt-more\" href=\"https:\/\/rioonwatch.org.br\/?p=14166\" title=\"Otimismo, Desilus\u00e3o e Desespero: Moradores de Favelas e Ativistas Debatem a Pacifica\u00e7\u00e3o\">[&#8230;]<\/a><!-- AddThis Advanced Settings generic via filter on get_the_excerpt --><!-- AddThis Share Buttons generic via filter on get_the_excerpt --><\/p>\n<\/div>","protected":false},"author":137,"featured_media":14168,"comment_status":"closed","ping_status":"closed","sticky":false,"template":"","format":"standard","meta":{"_acf_changed":false,"_monsterinsights_skip_tracking":false,"_monsterinsights_sitenote_active":false,"_monsterinsights_sitenote_note":"","_monsterinsights_sitenote_category":0,"footnotes":""},"categories":[346,344,1620],"tags":[217,645,709,937,356,16,180,92,30,920,52,1144,218,383],"writer":[1486],"translator":[1499],"source":[],"ilustrador":[],"fotografo":[],"class_list":{"0":"post-14166","1":"post","2":"type-post","3":"status-publish","4":"format-standard","5":"has-post-thumbnail","7":"category-denuncias","8":"category-politicas","9":"category-olhonaupp","10":"tag-complexo-do-alemao","11":"tag-complexo-do-lins","12":"tag-debate","13":"tag-direito-de-ir-e-vir","14":"tag-pacificacao","15":"tag-rocinha","16":"tag-santa-marta","17":"tag-upp","18":"tag-violencia","19":"tag-violencia-de-estado","20":"tag-violencia-policial","21":"tag-violencia-urbana","22":"tag-zona-norte","23":"tag-zona-sul","24":"writer-sarah-jacobs","25":"translator-camilla-pereira"},"acf":[],"yoast_head":"<!-- This site is optimized with the Yoast SEO plugin v25.6 - https:\/\/yoast.com\/wordpress\/plugins\/seo\/ -->\n<title>Otimismo, Desilus\u00e3o e Desespero: Moradores de Favelas e Ativistas Debatem a Pacifica\u00e7\u00e3o - RioOnWatch<\/title>\n<meta name=\"robots\" content=\"index, follow, max-snippet:-1, max-image-preview:large, max-video-preview:-1\" \/>\n<link rel=\"canonical\" href=\"https:\/\/rioonwatch.org.br\/?p=14166\" \/>\n<meta property=\"og:locale\" content=\"pt_BR\" \/>\n<meta property=\"og:type\" content=\"article\" \/>\n<meta property=\"og:title\" content=\"Otimismo, Desilus\u00e3o e Desespero: Moradores de Favelas e Ativistas Debatem a Pacifica\u00e7\u00e3o - RioOnWatch\" \/>\n<meta property=\"og:description\" content=\"Click Here for English L\u00edderes comunit\u00e1rios e o p\u00fablico em geral se reuniram no dia 16 de abril para discutir as\u00a0UPPs\u00a0nas favelas do Rio. O evento foi organizado pelo portal de not\u00edcias Viva Favela (um [...]\" \/>\n<meta property=\"og:url\" content=\"https:\/\/rioonwatch.org.br\/?p=14166\" \/>\n<meta property=\"og:site_name\" content=\"RioOnWatch\" \/>\n<meta property=\"article:published_time\" content=\"2015-04-29T12:02:01+00:00\" \/>\n<meta property=\"article:modified_time\" content=\"2016-04-11T05:03:41+00:00\" \/>\n<meta property=\"og:image\" content=\"https:\/\/rioonwatch.org.br\/wp-content\/uploads\/2015\/04\/Pacification-debate-group-photo.jpg\" \/>\n\t<meta property=\"og:image:width\" content=\"1000\" \/>\n\t<meta property=\"og:image:height\" content=\"749\" \/>\n\t<meta property=\"og:image:type\" content=\"image\/jpeg\" \/>\n<meta name=\"author\" content=\"Nicole Froio\" \/>\n<meta name=\"twitter:card\" content=\"summary_large_image\" \/>\n<meta name=\"twitter:label1\" content=\"Escrito por\" \/>\n\t<meta name=\"twitter:data1\" content=\"Nicole Froio\" \/>\n\t<meta name=\"twitter:label2\" content=\"Est. tempo de leitura\" \/>\n\t<meta name=\"twitter:data2\" content=\"5 minutos\" \/>\n<script type=\"application\/ld+json\" class=\"yoast-schema-graph\">{\"@context\":\"https:\/\/schema.org\",\"@graph\":[{\"@type\":\"Article\",\"@id\":\"https:\/\/rioonwatch.org.br\/?p=14166#article\",\"isPartOf\":{\"@id\":\"https:\/\/rioonwatch.org.br\/?p=14166\"},\"author\":{\"name\":\"Nicole Froio\",\"@id\":\"https:\/\/rioonwatch.org.br\/#\/schema\/person\/e07d559fe2154d11fd3ec515e35695ee\"},\"headline\":\"Otimismo, Desilus\u00e3o e Desespero: Moradores de Favelas e Ativistas Debatem a Pacifica\u00e7\u00e3o\",\"datePublished\":\"2015-04-29T12:02:01+00:00\",\"dateModified\":\"2016-04-11T05:03:41+00:00\",\"mainEntityOfPage\":{\"@id\":\"https:\/\/rioonwatch.org.br\/?p=14166\"},\"wordCount\":921,\"publisher\":{\"@id\":\"https:\/\/rioonwatch.org.br\/#organization\"},\"image\":{\"@id\":\"https:\/\/rioonwatch.org.br\/?p=14166#primaryimage\"},\"thumbnailUrl\":\"https:\/\/rioonwatch.org.br\/wp-content\/uploads\/2015\/04\/Pacification-debate-group-photo.jpg\",\"keywords\":[\"Complexo do Alem\u00e3o\",\"Complexo do Lins\",\"debate\",\"direito de ir e vir\",\"pacifica\u00e7\u00e3o\",\"Rocinha\",\"Santa Marta\",\"UPP\",\"viol\u00eancia\",\"viol\u00eancia de Estado\",\"viol\u00eancia policial\",\"viol\u00eancia urbana\",\"Zona Norte\",\"Zona Sul\"],\"articleSection\":[\"Den\u00fancias\",\"Pol\u00edticas\",\"Seguran\u00e7a P\u00fablica\"],\"inLanguage\":\"pt-BR\"},{\"@type\":\"WebPage\",\"@id\":\"https:\/\/rioonwatch.org.br\/?p=14166\",\"url\":\"https:\/\/rioonwatch.org.br\/?p=14166\",\"name\":\"Otimismo, Desilus\u00e3o e Desespero: Moradores de Favelas e Ativistas Debatem a Pacifica\u00e7\u00e3o - RioOnWatch\",\"isPartOf\":{\"@id\":\"https:\/\/rioonwatch.org.br\/#website\"},\"primaryImageOfPage\":{\"@id\":\"https:\/\/rioonwatch.org.br\/?p=14166#primaryimage\"},\"image\":{\"@id\":\"https:\/\/rioonwatch.org.br\/?p=14166#primaryimage\"},\"thumbnailUrl\":\"https:\/\/rioonwatch.org.br\/wp-content\/uploads\/2015\/04\/Pacification-debate-group-photo.jpg\",\"datePublished\":\"2015-04-29T12:02:01+00:00\",\"dateModified\":\"2016-04-11T05:03:41+00:00\",\"breadcrumb\":{\"@id\":\"https:\/\/rioonwatch.org.br\/?p=14166#breadcrumb\"},\"inLanguage\":\"pt-BR\",\"potentialAction\":[{\"@type\":\"ReadAction\",\"target\":[\"https:\/\/rioonwatch.org.br\/?p=14166\"]}]},{\"@type\":\"ImageObject\",\"inLanguage\":\"pt-BR\",\"@id\":\"https:\/\/rioonwatch.org.br\/?p=14166#primaryimage\",\"url\":\"https:\/\/rioonwatch.org.br\/wp-content\/uploads\/2015\/04\/Pacification-debate-group-photo.jpg\",\"contentUrl\":\"https:\/\/rioonwatch.org.br\/wp-content\/uploads\/2015\/04\/Pacification-debate-group-photo.jpg\",\"width\":1000,\"height\":749},{\"@type\":\"BreadcrumbList\",\"@id\":\"https:\/\/rioonwatch.org.br\/?p=14166#breadcrumb\",\"itemListElement\":[{\"@type\":\"ListItem\",\"position\":1,\"name\":\"In\u00edcio\",\"item\":\"https:\/\/rioonwatch.org.br\/\"},{\"@type\":\"ListItem\",\"position\":2,\"name\":\"Otimismo, Desilus\u00e3o e Desespero: Moradores de Favelas e Ativistas Debatem a Pacifica\u00e7\u00e3o\"}]},{\"@type\":\"WebSite\",\"@id\":\"https:\/\/rioonwatch.org.br\/#website\",\"url\":\"https:\/\/rioonwatch.org.br\/\",\"name\":\"RioOnWatch\",\"description\":\"relatos das favelas cariocas\",\"publisher\":{\"@id\":\"https:\/\/rioonwatch.org.br\/#organization\"},\"potentialAction\":[{\"@type\":\"SearchAction\",\"target\":{\"@type\":\"EntryPoint\",\"urlTemplate\":\"https:\/\/rioonwatch.org.br\/?s={search_term_string}\"},\"query-input\":{\"@type\":\"PropertyValueSpecification\",\"valueRequired\":true,\"valueName\":\"search_term_string\"}}],\"inLanguage\":\"pt-BR\"},{\"@type\":\"Organization\",\"@id\":\"https:\/\/rioonwatch.org.br\/#organization\",\"name\":\"RioOnWatch\",\"url\":\"https:\/\/rioonwatch.org.br\/\",\"logo\":{\"@type\":\"ImageObject\",\"inLanguage\":\"pt-BR\",\"@id\":\"https:\/\/rioonwatch.org.br\/#\/schema\/logo\/image\/\",\"url\":\"https:\/\/rioonwatch.org.br\/wp-content\/uploads\/2021\/06\/RioOnWatchcabecalhoPT11anos-2.png\",\"contentUrl\":\"https:\/\/rioonwatch.org.br\/wp-content\/uploads\/2021\/06\/RioOnWatchcabecalhoPT11anos-2.png\",\"width\":779,\"height\":277,\"caption\":\"RioOnWatch\"},\"image\":{\"@id\":\"https:\/\/rioonwatch.org.br\/#\/schema\/logo\/image\/\"}},{\"@type\":\"Person\",\"@id\":\"https:\/\/rioonwatch.org.br\/#\/schema\/person\/e07d559fe2154d11fd3ec515e35695ee\",\"name\":\"Nicole Froio\",\"image\":{\"@type\":\"ImageObject\",\"inLanguage\":\"pt-BR\",\"@id\":\"https:\/\/rioonwatch.org.br\/#\/schema\/person\/image\/\",\"url\":\"https:\/\/secure.gravatar.com\/avatar\/0acdbd6878ca0ac29aa5ce6c6119d636?s=96&d=blank&r=g\",\"contentUrl\":\"https:\/\/secure.gravatar.com\/avatar\/0acdbd6878ca0ac29aa5ce6c6119d636?s=96&d=blank&r=g\",\"caption\":\"Nicole Froio\"},\"url\":\"https:\/\/rioonwatch.org.br\/?author=137\"}]}<\/script>\n<!-- \/ Yoast SEO plugin. -->","yoast_head_json":{"title":"Otimismo, Desilus\u00e3o e Desespero: Moradores de Favelas e Ativistas Debatem a Pacifica\u00e7\u00e3o - RioOnWatch","robots":{"index":"index","follow":"follow","max-snippet":"max-snippet:-1","max-image-preview":"max-image-preview:large","max-video-preview":"max-video-preview:-1"},"canonical":"https:\/\/rioonwatch.org.br\/?p=14166","og_locale":"pt_BR","og_type":"article","og_title":"Otimismo, Desilus\u00e3o e Desespero: Moradores de Favelas e Ativistas Debatem a Pacifica\u00e7\u00e3o - RioOnWatch","og_description":"Click Here for English L\u00edderes comunit\u00e1rios e o p\u00fablico em geral se reuniram no dia 16 de abril para discutir as\u00a0UPPs\u00a0nas favelas do Rio. O evento foi organizado pelo portal de not\u00edcias Viva Favela (um [...]","og_url":"https:\/\/rioonwatch.org.br\/?p=14166","og_site_name":"RioOnWatch","article_published_time":"2015-04-29T12:02:01+00:00","article_modified_time":"2016-04-11T05:03:41+00:00","og_image":[{"width":1000,"height":749,"url":"https:\/\/rioonwatch.org.br\/wp-content\/uploads\/2015\/04\/Pacification-debate-group-photo.jpg","type":"image\/jpeg"}],"author":"Nicole Froio","twitter_card":"summary_large_image","twitter_misc":{"Escrito por":"Nicole Froio","Est. tempo de leitura":"5 minutos"},"schema":{"@context":"https:\/\/schema.org","@graph":[{"@type":"Article","@id":"https:\/\/rioonwatch.org.br\/?p=14166#article","isPartOf":{"@id":"https:\/\/rioonwatch.org.br\/?p=14166"},"author":{"name":"Nicole Froio","@id":"https:\/\/rioonwatch.org.br\/#\/schema\/person\/e07d559fe2154d11fd3ec515e35695ee"},"headline":"Otimismo, Desilus\u00e3o e Desespero: Moradores de Favelas e Ativistas Debatem a Pacifica\u00e7\u00e3o","datePublished":"2015-04-29T12:02:01+00:00","dateModified":"2016-04-11T05:03:41+00:00","mainEntityOfPage":{"@id":"https:\/\/rioonwatch.org.br\/?p=14166"},"wordCount":921,"publisher":{"@id":"https:\/\/rioonwatch.org.br\/#organization"},"image":{"@id":"https:\/\/rioonwatch.org.br\/?p=14166#primaryimage"},"thumbnailUrl":"https:\/\/rioonwatch.org.br\/wp-content\/uploads\/2015\/04\/Pacification-debate-group-photo.jpg","keywords":["Complexo do Alem\u00e3o","Complexo do Lins","debate","direito de ir e vir","pacifica\u00e7\u00e3o","Rocinha","Santa Marta","UPP","viol\u00eancia","viol\u00eancia de Estado","viol\u00eancia policial","viol\u00eancia urbana","Zona Norte","Zona Sul"],"articleSection":["Den\u00fancias","Pol\u00edticas","Seguran\u00e7a P\u00fablica"],"inLanguage":"pt-BR"},{"@type":"WebPage","@id":"https:\/\/rioonwatch.org.br\/?p=14166","url":"https:\/\/rioonwatch.org.br\/?p=14166","name":"Otimismo, Desilus\u00e3o e Desespero: Moradores de Favelas e Ativistas Debatem a Pacifica\u00e7\u00e3o - RioOnWatch","isPartOf":{"@id":"https:\/\/rioonwatch.org.br\/#website"},"primaryImageOfPage":{"@id":"https:\/\/rioonwatch.org.br\/?p=14166#primaryimage"},"image":{"@id":"https:\/\/rioonwatch.org.br\/?p=14166#primaryimage"},"thumbnailUrl":"https:\/\/rioonwatch.org.br\/wp-content\/uploads\/2015\/04\/Pacification-debate-group-photo.jpg","datePublished":"2015-04-29T12:02:01+00:00","dateModified":"2016-04-11T05:03:41+00:00","breadcrumb":{"@id":"https:\/\/rioonwatch.org.br\/?p=14166#breadcrumb"},"inLanguage":"pt-BR","potentialAction":[{"@type":"ReadAction","target":["https:\/\/rioonwatch.org.br\/?p=14166"]}]},{"@type":"ImageObject","inLanguage":"pt-BR","@id":"https:\/\/rioonwatch.org.br\/?p=14166#primaryimage","url":"https:\/\/rioonwatch.org.br\/wp-content\/uploads\/2015\/04\/Pacification-debate-group-photo.jpg","contentUrl":"https:\/\/rioonwatch.org.br\/wp-content\/uploads\/2015\/04\/Pacification-debate-group-photo.jpg","width":1000,"height":749},{"@type":"BreadcrumbList","@id":"https:\/\/rioonwatch.org.br\/?p=14166#breadcrumb","itemListElement":[{"@type":"ListItem","position":1,"name":"In\u00edcio","item":"https:\/\/rioonwatch.org.br\/"},{"@type":"ListItem","position":2,"name":"Otimismo, Desilus\u00e3o e Desespero: Moradores de Favelas e Ativistas Debatem a Pacifica\u00e7\u00e3o"}]},{"@type":"WebSite","@id":"https:\/\/rioonwatch.org.br\/#website","url":"https:\/\/rioonwatch.org.br\/","name":"RioOnWatch","description":"relatos das favelas cariocas","publisher":{"@id":"https:\/\/rioonwatch.org.br\/#organization"},"potentialAction":[{"@type":"SearchAction","target":{"@type":"EntryPoint","urlTemplate":"https:\/\/rioonwatch.org.br\/?s={search_term_string}"},"query-input":{"@type":"PropertyValueSpecification","valueRequired":true,"valueName":"search_term_string"}}],"inLanguage":"pt-BR"},{"@type":"Organization","@id":"https:\/\/rioonwatch.org.br\/#organization","name":"RioOnWatch","url":"https:\/\/rioonwatch.org.br\/","logo":{"@type":"ImageObject","inLanguage":"pt-BR","@id":"https:\/\/rioonwatch.org.br\/#\/schema\/logo\/image\/","url":"https:\/\/rioonwatch.org.br\/wp-content\/uploads\/2021\/06\/RioOnWatchcabecalhoPT11anos-2.png","contentUrl":"https:\/\/rioonwatch.org.br\/wp-content\/uploads\/2021\/06\/RioOnWatchcabecalhoPT11anos-2.png","width":779,"height":277,"caption":"RioOnWatch"},"image":{"@id":"https:\/\/rioonwatch.org.br\/#\/schema\/logo\/image\/"}},{"@type":"Person","@id":"https:\/\/rioonwatch.org.br\/#\/schema\/person\/e07d559fe2154d11fd3ec515e35695ee","name":"Nicole Froio","image":{"@type":"ImageObject","inLanguage":"pt-BR","@id":"https:\/\/rioonwatch.org.br\/#\/schema\/person\/image\/","url":"https:\/\/secure.gravatar.com\/avatar\/0acdbd6878ca0ac29aa5ce6c6119d636?s=96&d=blank&r=g","contentUrl":"https:\/\/secure.gravatar.com\/avatar\/0acdbd6878ca0ac29aa5ce6c6119d636?s=96&d=blank&r=g","caption":"Nicole Froio"},"url":"https:\/\/rioonwatch.org.br\/?author=137"}]}},"_links":{"self":[{"href":"https:\/\/rioonwatch.org.br\/index.php?rest_route=\/wp\/v2\/posts\/14166"}],"collection":[{"href":"https:\/\/rioonwatch.org.br\/index.php?rest_route=\/wp\/v2\/posts"}],"about":[{"href":"https:\/\/rioonwatch.org.br\/index.php?rest_route=\/wp\/v2\/types\/post"}],"author":[{"embeddable":true,"href":"https:\/\/rioonwatch.org.br\/index.php?rest_route=\/wp\/v2\/users\/137"}],"replies":[{"embeddable":true,"href":"https:\/\/rioonwatch.org.br\/index.php?rest_route=%2Fwp%2Fv2%2Fcomments&post=14166"}],"version-history":[{"count":21,"href":"https:\/\/rioonwatch.org.br\/index.php?rest_route=\/wp\/v2\/posts\/14166\/revisions"}],"predecessor-version":[{"id":19073,"href":"https:\/\/rioonwatch.org.br\/index.php?rest_route=\/wp\/v2\/posts\/14166\/revisions\/19073"}],"wp:featuredmedia":[{"embeddable":true,"href":"https:\/\/rioonwatch.org.br\/index.php?rest_route=\/wp\/v2\/media\/14168"}],"wp:attachment":[{"href":"https:\/\/rioonwatch.org.br\/index.php?rest_route=%2Fwp%2Fv2%2Fmedia&parent=14166"}],"wp:term":[{"taxonomy":"category","embeddable":true,"href":"https:\/\/rioonwatch.org.br\/index.php?rest_route=%2Fwp%2Fv2%2Fcategories&post=14166"},{"taxonomy":"post_tag","embeddable":true,"href":"https:\/\/rioonwatch.org.br\/index.php?rest_route=%2Fwp%2Fv2%2Ftags&post=14166"},{"taxonomy":"writer","embeddable":true,"href":"https:\/\/rioonwatch.org.br\/index.php?rest_route=%2Fwp%2Fv2%2Fwriter&post=14166"},{"taxonomy":"translator","embeddable":true,"href":"https:\/\/rioonwatch.org.br\/index.php?rest_route=%2Fwp%2Fv2%2Ftranslator&post=14166"},{"taxonomy":"source","embeddable":true,"href":"https:\/\/rioonwatch.org.br\/index.php?rest_route=%2Fwp%2Fv2%2Fsource&post=14166"},{"taxonomy":"ilustrador","embeddable":true,"href":"https:\/\/rioonwatch.org.br\/index.php?rest_route=%2Fwp%2Fv2%2Filustrador&post=14166"},{"taxonomy":"fotografo","embeddable":true,"href":"https:\/\/rioonwatch.org.br\/index.php?rest_route=%2Fwp%2Fv2%2Ffotografo&post=14166"}],"curies":[{"name":"wp","href":"https:\/\/api.w.org\/{rel}","templated":true}]}}