{"id":14191,"date":"2015-04-22T09:22:53","date_gmt":"2015-04-22T12:22:53","guid":{"rendered":"http:\/\/rioonwatch.org.br\/?p=14191"},"modified":"2016-04-11T02:12:56","modified_gmt":"2016-04-11T05:12:56","slug":"mais-de-200-pessoas-removidas-violentamente-do-predio-de-eike-batista-no-flamengo","status":"publish","type":"post","link":"https:\/\/rioonwatch.org.br\/?p=14191","title":{"rendered":"Mais de 200 Pessoas Removidas Violentamente do Pr\u00e9dio de Eike Batista no Flamengo"},"content":{"rendered":"<p style=\"text-align: right;\"><em><strong><a href=\"http:\/\/bit.ly\/1OYxhEb\" target=\"_blank\">Click Here for English<img decoding=\"async\" width=\"20\" height=\"20\" class=\"alignright wp-image-15790\" src=\"http:\/\/rioonwatch.org.br\/wp-content\/uploads\/2012\/08\/EN-standard-e1439583104716.jpg\" alt=\"\" \/><\/a><\/strong><\/em><\/p>\n<p>Mais de 200 pessoas que ocupavam um pr\u00e9dio abandonado no Flamengo foram brutalmente removidos pela Pol\u00edcia Militar na ter\u00e7a-feira, dia 14 de abril. <a href=\"http:\/\/glo.bo\/1DRm8Bs\" target=\"_blank\">Pelo menos 11 pessoas foram agredidas pela pol\u00edcia e 3 presas<\/a>, e h\u00e1 relatos de policiais usando spray de pimenta em um idoso que carregava uma crian\u00e7a.<\/p>\n<p>Homens, mulheres e crian\u00e7as ocupavam um pr\u00e9dio que pertencia ao ex-magnata Eike Batista em busca de moradia depois de terem sido obrigados a deixarem suas casas, devido ao aumento extremo nos pre\u00e7os de aluguel em favelas como\u00a0<a href=\"http:\/\/bit.ly\/1fVkHax\" target=\"_blank\">Bairro 13<\/a>, <a href=\"http:\/\/bit.ly\/UBMUVJ\" target=\"_blank\">Provid\u00eancia<\/a>, <a href=\"http:\/\/bit.ly\/1EzAHdz\" target=\"_blank\">Mandela<\/a> e <a href=\"http:\/\/bit.ly\/ZC9b6z\" target=\"_blank\">Manguinhos<\/a>.<\/p>\n<p>O mesmo grupo de pessoas <a href=\"http:\/\/bit.ly\/1Oxf2pm\" target=\"_blank\">ocupava anteriormente o pr\u00e9dio da CEDAE<\/a>. Eles estavam tentando chegar a um acordo com a Prefeitura quando a PM expulsou todos do local de forma agressiva. Em seguida, o grupo realocou-se no pr\u00e9dio abandonado no Flamengo. Moradores da \u00e1rea receberam os ocupantes com frieza, gritando amea\u00e7as do outro lado do port\u00e3o.<\/p>\n<p><a href=\"http:\/\/rioonwatch.org.br\/wp-content\/uploads\/2015\/04\/IMG_3252.jpg\"><img fetchpriority=\"high\" decoding=\"async\" class=\"aligncenter wp-image-14196\" title=\"A pol\u00edcia cerca o pr\u00e9dio depois da remo\u00e7\u00e3o. Foto: Valentina Romanin\" src=\"http:\/\/rioonwatch.org.br\/wp-content\/uploads\/2015\/04\/IMG_3252.jpg\" alt=\"A pol\u00edcia cerca o pr\u00e9dio depois da remo\u00e7\u00e3o. Foto: Valentina Romanin\" width=\"620\" height=\"414\" srcset=\"https:\/\/rioonwatch.org.br\/wp-content\/uploads\/2015\/04\/IMG_3252.jpg 1000w, https:\/\/rioonwatch.org.br\/wp-content\/uploads\/2015\/04\/IMG_3252-396x264.jpg 396w, https:\/\/rioonwatch.org.br\/wp-content\/uploads\/2015\/04\/IMG_3252-620x414.jpg 620w\" sizes=\"(max-width: 620px) 100vw, 620px\" \/><\/a><\/p>\n<p>Uma ocupante chamada Andrea disse: \u201cUm homem se aproximou de uma das meninas e come\u00e7ou a gritar coisas do tipo\u00a0\u2018voc\u00ea merece\u2019 e \u2018voc\u00eas todos merecem ser violados!\u2019 A menina come\u00e7ou a chorar imediatamente. Ningu\u00e9m merece uma coisa dessas\u201d.<\/p>\n<p>Isabel, uma outra ocupante, explicou o que ela acredita ser a raz\u00e3o para terem sido recebidos com tanto \u00f3dio e resist\u00eancia. Ela disse: \u201cOs moradores\u00a0do Flamengo nos odeiam porque somos pobre. Os ricos odeiam os pobres. S\u00f3\u00a0os pobres protegem os pobres\u201d.<\/p>\n<p>O pr\u00e9dio, famoso por ter pertencido ao Clube de Regatas do Flamengo e arrendado a Eike Batista, n\u00e3o tem luz el\u00e9trica ou \u00e1gua encanada. Apesar dos planos grandiosos para o local, agora o pr\u00e9dio est\u00e1 cheio de lixo e habitado por ratos, depois de ter sido\u00a0abandonado em 2012.<\/p>\n<p>Antes desta \u00faltimo remo\u00e7\u00e3o, os ocupantes estavam pedindo doa\u00e7\u00f5es de comida, \u00e1gua e leite, especialmente para as crian\u00e7as mais novas e rec\u00e9m-nascidos. Fernanda Aldeir, 35, deu \u00e0 luz seu s\u00e9timo filho em um dos banheiros do pr\u00e9dio e precisava de cuidados m\u00e9dicos enquanto <a href=\"http:\/\/on.fb.me\/1aBuIsr\" target=\"_blank\">mais de 100 policiais cercavam a propriedade<\/a>.<\/p>\n<p>Os ocupantes removidos est\u00e3o lutando para que a Prefeitura forne\u00e7a uma solu\u00e7\u00e3o para o d\u00e9ficit de moradias. Muitos deles j\u00e1 tinham sido removidos de outras ocupa\u00e7\u00f5es e j\u00e1 haviam recebido promessas de habita\u00e7\u00e3o p\u00fablica atrav\u00e9s do programa Minha Casa Minha Vida. Eduardo, um ocupante, disse que estava na ocupa\u00e7\u00e3o porque lhe foi prometido um apartamento do <a href=\"http:\/\/bit.ly\/Y4U9oJ\" target=\"_blank\">Minha Casa Minha Vida<\/a>, mas ele apenas recebeu tr\u00eas meses de aluguel social, e ele n\u00e3o tem renda suficiente para alugar uma casa para sua fam\u00edlia.<\/p>\n<p><a href=\"http:\/\/rioonwatch.org.br\/wp-content\/uploads\/2015\/04\/IMG_3283.jpg\"><img decoding=\"async\" class=\"aligncenter wp-image-14195\" title=\"Eduardo recebeu documento garantindo um apartamento. Foto: Valentina Romanin\" src=\"http:\/\/rioonwatch.org.br\/wp-content\/uploads\/2015\/04\/IMG_3283.jpg\" alt=\"Eduardo recebeu documento garantindo um apartamento. Foto: Valentina Romanin\" width=\"620\" height=\"414\" srcset=\"https:\/\/rioonwatch.org.br\/wp-content\/uploads\/2015\/04\/IMG_3283.jpg 1000w, https:\/\/rioonwatch.org.br\/wp-content\/uploads\/2015\/04\/IMG_3283-396x264.jpg 396w, https:\/\/rioonwatch.org.br\/wp-content\/uploads\/2015\/04\/IMG_3283-620x414.jpg 620w\" sizes=\"(max-width: 620px) 100vw, 620px\" \/><\/a><\/p>\n<p>\u201cEstamos sabendo que est\u00e1 rolando na m\u00eddia que n\u00f3s fomos indenizados quando na verdade n\u00e3o recebemos indeniza\u00e7\u00e3o nenhuma, sen\u00e3o n\u00f3s n\u00e3o estar\u00edamos aqui sentados com mulheres e crian\u00e7as&#8221;, ele conta, do lado de fora do pr\u00e9dio, momentos depois\u00a0de ser removido. &#8220;N\u00f3s somos eleitores, n\u00f3s votamos tamb\u00e9m. Somos cidad\u00e3os, a gente trabalha, vendemos nossa mercadoria, a gente n\u00e3o rouba ningu\u00e9m, n\u00e3o somos criminosos. Ent\u00e3o o que acontece? Somos discriminados por n\u00e3o ter aonde morar, entendeu? O Prefeito Eduardo Paes me prometeu um apartamento, me deu um dossier na minha m\u00e3o dizendo que eu ia ter um apartamento, e me deu aluguel social por 3 meses e depois disso n\u00e3o me deu mais nenhum aluguel. Eu n\u00e3o consegui ficar no lugar que eu estava e tive que voltar para a rua. E \u00e9 por isso que eu estou aqui&#8221;.<\/p>\n<p>Depois dos ocupantes terem sido removidos \u00e0 for\u00e7a, a Prefeitura ofereceu abrigo a 130 pessoas, apesar dos l\u00edderes da ocupa\u00e7\u00e3o dizerem que havia um total de 260 pessoas no pr\u00e9dio.<\/p>\n<!-- AddThis Advanced Settings generic via filter on the_content --><!-- AddThis Share Buttons generic via filter on the_content -->","protected":false},"excerpt":{"rendered":"<div class=\"mh-excerpt\"><p>Click Here for English Mais de 200 pessoas que ocupavam um pr\u00e9dio abandonado no Flamengo foram brutalmente removidos pela Pol\u00edcia Militar na ter\u00e7a-feira, dia 14 de abril. Pelo menos 11 pessoas foram agredidas pela pol\u00edcia <a class=\"mh-excerpt-more\" href=\"https:\/\/rioonwatch.org.br\/?p=14191\" title=\"Mais de 200 Pessoas Removidas Violentamente do Pr\u00e9dio de Eike Batista no Flamengo\">[&#8230;]<\/a><!-- AddThis Advanced Settings generic via filter on get_the_excerpt --><!-- AddThis Share Buttons generic via filter on get_the_excerpt --><\/p>\n<\/div>","protected":false},"author":129,"featured_media":14197,"comment_status":"closed","ping_status":"closed","sticky":false,"template":"","format":"standard","meta":{"_acf_changed":false,"_monsterinsights_skip_tracking":false,"_monsterinsights_sitenote_active":false,"_monsterinsights_sitenote_note":"","_monsterinsights_sitenote_category":0,"footnotes":""},"categories":[1614,1621,346],"tags":[1501,424,88,519,1502,1037,407,774,14,52,383],"writer":[1477],"translator":[1500],"source":[],"ilustrador":[],"fotografo":[],"class_list":{"0":"post-14191","1":"post","2":"type-post","3":"status-publish","4":"format-standard","5":"has-post-thumbnail","7":"category-olhonasremocoes","8":"category-destaque","9":"category-denuncias","10":"tag-2a-onda-de-remocoes","11":"tag-direito-a-moradia","12":"tag-direitos-humanos","13":"tag-eike-batista","14":"tag-flamengo","15":"tag-moradia","16":"tag-ocupacao","17":"tag-policia-militar","18":"tag-remocao","19":"tag-violencia-policial","20":"tag-zona-sul","21":"writer-sergio-saenz","22":"translator-pedro-mansur"},"acf":[],"yoast_head":"<!-- This site is optimized with the Yoast SEO plugin v25.6 - https:\/\/yoast.com\/wordpress\/plugins\/seo\/ -->\n<title>Mais de 200 Pessoas Removidas Violentamente do Pr\u00e9dio de Eike Batista no Flamengo - RioOnWatch<\/title>\n<meta name=\"robots\" content=\"index, follow, max-snippet:-1, max-image-preview:large, max-video-preview:-1\" \/>\n<link rel=\"canonical\" href=\"https:\/\/rioonwatch.org.br\/?p=14191\" \/>\n<meta property=\"og:locale\" content=\"pt_BR\" \/>\n<meta property=\"og:type\" content=\"article\" \/>\n<meta property=\"og:title\" content=\"Mais de 200 Pessoas Removidas Violentamente do Pr\u00e9dio de Eike Batista no Flamengo - RioOnWatch\" \/>\n<meta property=\"og:description\" content=\"Click Here for English Mais de 200 pessoas que ocupavam um pr\u00e9dio abandonado no Flamengo foram brutalmente removidos pela Pol\u00edcia Militar na ter\u00e7a-feira, dia 14 de abril. Pelo menos 11 pessoas foram agredidas pela pol\u00edcia [...]\" \/>\n<meta property=\"og:url\" content=\"https:\/\/rioonwatch.org.br\/?p=14191\" \/>\n<meta property=\"og:site_name\" content=\"RioOnWatch\" \/>\n<meta property=\"article:published_time\" content=\"2015-04-22T12:22:53+00:00\" \/>\n<meta property=\"article:modified_time\" content=\"2016-04-11T05:12:56+00:00\" \/>\n<meta property=\"og:image\" content=\"https:\/\/rioonwatch.org.br\/wp-content\/uploads\/2015\/04\/IMG_3281.jpg\" \/>\n\t<meta property=\"og:image:width\" content=\"1000\" \/>\n\t<meta property=\"og:image:height\" content=\"667\" \/>\n\t<meta property=\"og:image:type\" content=\"image\/jpeg\" \/>\n<meta name=\"author\" content=\"Admin\" \/>\n<meta name=\"twitter:card\" content=\"summary_large_image\" \/>\n<meta name=\"twitter:label1\" content=\"Escrito por\" \/>\n\t<meta name=\"twitter:data1\" content=\"Admin\" \/>\n\t<meta name=\"twitter:label2\" content=\"Est. tempo de leitura\" \/>\n\t<meta name=\"twitter:data2\" content=\"3 minutos\" \/>\n<script type=\"application\/ld+json\" class=\"yoast-schema-graph\">{\"@context\":\"https:\/\/schema.org\",\"@graph\":[{\"@type\":\"Article\",\"@id\":\"https:\/\/rioonwatch.org.br\/?p=14191#article\",\"isPartOf\":{\"@id\":\"https:\/\/rioonwatch.org.br\/?p=14191\"},\"author\":{\"name\":\"Admin\",\"@id\":\"https:\/\/rioonwatch.org.br\/#\/schema\/person\/11d64c290506f9df50c71b850c473f68\"},\"headline\":\"Mais de 200 Pessoas Removidas Violentamente do Pr\u00e9dio de Eike Batista no Flamengo\",\"datePublished\":\"2015-04-22T12:22:53+00:00\",\"dateModified\":\"2016-04-11T05:12:56+00:00\",\"mainEntityOfPage\":{\"@id\":\"https:\/\/rioonwatch.org.br\/?p=14191\"},\"wordCount\":651,\"publisher\":{\"@id\":\"https:\/\/rioonwatch.org.br\/#organization\"},\"image\":{\"@id\":\"https:\/\/rioonwatch.org.br\/?p=14191#primaryimage\"},\"thumbnailUrl\":\"https:\/\/rioonwatch.org.br\/wp-content\/uploads\/2015\/04\/IMG_3281.jpg\",\"keywords\":[\"2\u00aa onda de remo\u00e7\u00f5es\",\"Direito \u00e0 Moradia\",\"Direitos Humanos\",\"Eike Batista\",\"Flamengo\",\"moradia\",\"Ocupa\u00e7\u00e3o\",\"Pol\u00edcia Militar\",\"Remo\u00e7\u00e3o\",\"viol\u00eancia policial\",\"Zona Sul\"],\"articleSection\":[\"#OlhoNasRemo\u00e7\u00f5es\",\"*Destaque\",\"Den\u00fancias\"],\"inLanguage\":\"pt-BR\"},{\"@type\":\"WebPage\",\"@id\":\"https:\/\/rioonwatch.org.br\/?p=14191\",\"url\":\"https:\/\/rioonwatch.org.br\/?p=14191\",\"name\":\"Mais de 200 Pessoas Removidas Violentamente do Pr\u00e9dio de Eike Batista no Flamengo - RioOnWatch\",\"isPartOf\":{\"@id\":\"https:\/\/rioonwatch.org.br\/#website\"},\"primaryImageOfPage\":{\"@id\":\"https:\/\/rioonwatch.org.br\/?p=14191#primaryimage\"},\"image\":{\"@id\":\"https:\/\/rioonwatch.org.br\/?p=14191#primaryimage\"},\"thumbnailUrl\":\"https:\/\/rioonwatch.org.br\/wp-content\/uploads\/2015\/04\/IMG_3281.jpg\",\"datePublished\":\"2015-04-22T12:22:53+00:00\",\"dateModified\":\"2016-04-11T05:12:56+00:00\",\"breadcrumb\":{\"@id\":\"https:\/\/rioonwatch.org.br\/?p=14191#breadcrumb\"},\"inLanguage\":\"pt-BR\",\"potentialAction\":[{\"@type\":\"ReadAction\",\"target\":[\"https:\/\/rioonwatch.org.br\/?p=14191\"]}]},{\"@type\":\"ImageObject\",\"inLanguage\":\"pt-BR\",\"@id\":\"https:\/\/rioonwatch.org.br\/?p=14191#primaryimage\",\"url\":\"https:\/\/rioonwatch.org.br\/wp-content\/uploads\/2015\/04\/IMG_3281.jpg\",\"contentUrl\":\"https:\/\/rioonwatch.org.br\/wp-content\/uploads\/2015\/04\/IMG_3281.jpg\",\"width\":1000,\"height\":667},{\"@type\":\"BreadcrumbList\",\"@id\":\"https:\/\/rioonwatch.org.br\/?p=14191#breadcrumb\",\"itemListElement\":[{\"@type\":\"ListItem\",\"position\":1,\"name\":\"In\u00edcio\",\"item\":\"https:\/\/rioonwatch.org.br\/\"},{\"@type\":\"ListItem\",\"position\":2,\"name\":\"Mais de 200 Pessoas Removidas Violentamente do Pr\u00e9dio de Eike Batista no Flamengo\"}]},{\"@type\":\"WebSite\",\"@id\":\"https:\/\/rioonwatch.org.br\/#website\",\"url\":\"https:\/\/rioonwatch.org.br\/\",\"name\":\"RioOnWatch\",\"description\":\"relatos das favelas cariocas\",\"publisher\":{\"@id\":\"https:\/\/rioonwatch.org.br\/#organization\"},\"potentialAction\":[{\"@type\":\"SearchAction\",\"target\":{\"@type\":\"EntryPoint\",\"urlTemplate\":\"https:\/\/rioonwatch.org.br\/?s={search_term_string}\"},\"query-input\":{\"@type\":\"PropertyValueSpecification\",\"valueRequired\":true,\"valueName\":\"search_term_string\"}}],\"inLanguage\":\"pt-BR\"},{\"@type\":\"Organization\",\"@id\":\"https:\/\/rioonwatch.org.br\/#organization\",\"name\":\"RioOnWatch\",\"url\":\"https:\/\/rioonwatch.org.br\/\",\"logo\":{\"@type\":\"ImageObject\",\"inLanguage\":\"pt-BR\",\"@id\":\"https:\/\/rioonwatch.org.br\/#\/schema\/logo\/image\/\",\"url\":\"https:\/\/rioonwatch.org.br\/wp-content\/uploads\/2021\/06\/RioOnWatchcabecalhoPT11anos-2.png\",\"contentUrl\":\"https:\/\/rioonwatch.org.br\/wp-content\/uploads\/2021\/06\/RioOnWatchcabecalhoPT11anos-2.png\",\"width\":779,\"height\":277,\"caption\":\"RioOnWatch\"},\"image\":{\"@id\":\"https:\/\/rioonwatch.org.br\/#\/schema\/logo\/image\/\"}},{\"@type\":\"Person\",\"@id\":\"https:\/\/rioonwatch.org.br\/#\/schema\/person\/11d64c290506f9df50c71b850c473f68\",\"name\":\"Admin\",\"image\":{\"@type\":\"ImageObject\",\"inLanguage\":\"pt-BR\",\"@id\":\"https:\/\/rioonwatch.org.br\/#\/schema\/person\/image\/\",\"url\":\"https:\/\/secure.gravatar.com\/avatar\/56211ac74568383903349a1485e3c325?s=96&d=blank&r=g\",\"contentUrl\":\"https:\/\/secure.gravatar.com\/avatar\/56211ac74568383903349a1485e3c325?s=96&d=blank&r=g\",\"caption\":\"Admin\"},\"url\":\"https:\/\/rioonwatch.org.br\/?author=129\"}]}<\/script>\n<!-- \/ Yoast SEO plugin. -->","yoast_head_json":{"title":"Mais de 200 Pessoas Removidas Violentamente do Pr\u00e9dio de Eike Batista no Flamengo - RioOnWatch","robots":{"index":"index","follow":"follow","max-snippet":"max-snippet:-1","max-image-preview":"max-image-preview:large","max-video-preview":"max-video-preview:-1"},"canonical":"https:\/\/rioonwatch.org.br\/?p=14191","og_locale":"pt_BR","og_type":"article","og_title":"Mais de 200 Pessoas Removidas Violentamente do Pr\u00e9dio de Eike Batista no Flamengo - RioOnWatch","og_description":"Click Here for English Mais de 200 pessoas que ocupavam um pr\u00e9dio abandonado no Flamengo foram brutalmente removidos pela Pol\u00edcia Militar na ter\u00e7a-feira, dia 14 de abril. Pelo menos 11 pessoas foram agredidas pela pol\u00edcia [...]","og_url":"https:\/\/rioonwatch.org.br\/?p=14191","og_site_name":"RioOnWatch","article_published_time":"2015-04-22T12:22:53+00:00","article_modified_time":"2016-04-11T05:12:56+00:00","og_image":[{"width":1000,"height":667,"url":"https:\/\/rioonwatch.org.br\/wp-content\/uploads\/2015\/04\/IMG_3281.jpg","type":"image\/jpeg"}],"author":"Admin","twitter_card":"summary_large_image","twitter_misc":{"Escrito por":"Admin","Est. tempo de leitura":"3 minutos"},"schema":{"@context":"https:\/\/schema.org","@graph":[{"@type":"Article","@id":"https:\/\/rioonwatch.org.br\/?p=14191#article","isPartOf":{"@id":"https:\/\/rioonwatch.org.br\/?p=14191"},"author":{"name":"Admin","@id":"https:\/\/rioonwatch.org.br\/#\/schema\/person\/11d64c290506f9df50c71b850c473f68"},"headline":"Mais de 200 Pessoas Removidas Violentamente do Pr\u00e9dio de Eike Batista no Flamengo","datePublished":"2015-04-22T12:22:53+00:00","dateModified":"2016-04-11T05:12:56+00:00","mainEntityOfPage":{"@id":"https:\/\/rioonwatch.org.br\/?p=14191"},"wordCount":651,"publisher":{"@id":"https:\/\/rioonwatch.org.br\/#organization"},"image":{"@id":"https:\/\/rioonwatch.org.br\/?p=14191#primaryimage"},"thumbnailUrl":"https:\/\/rioonwatch.org.br\/wp-content\/uploads\/2015\/04\/IMG_3281.jpg","keywords":["2\u00aa onda de remo\u00e7\u00f5es","Direito \u00e0 Moradia","Direitos Humanos","Eike Batista","Flamengo","moradia","Ocupa\u00e7\u00e3o","Pol\u00edcia Militar","Remo\u00e7\u00e3o","viol\u00eancia policial","Zona Sul"],"articleSection":["#OlhoNasRemo\u00e7\u00f5es","*Destaque","Den\u00fancias"],"inLanguage":"pt-BR"},{"@type":"WebPage","@id":"https:\/\/rioonwatch.org.br\/?p=14191","url":"https:\/\/rioonwatch.org.br\/?p=14191","name":"Mais de 200 Pessoas Removidas Violentamente do Pr\u00e9dio de Eike Batista no Flamengo - RioOnWatch","isPartOf":{"@id":"https:\/\/rioonwatch.org.br\/#website"},"primaryImageOfPage":{"@id":"https:\/\/rioonwatch.org.br\/?p=14191#primaryimage"},"image":{"@id":"https:\/\/rioonwatch.org.br\/?p=14191#primaryimage"},"thumbnailUrl":"https:\/\/rioonwatch.org.br\/wp-content\/uploads\/2015\/04\/IMG_3281.jpg","datePublished":"2015-04-22T12:22:53+00:00","dateModified":"2016-04-11T05:12:56+00:00","breadcrumb":{"@id":"https:\/\/rioonwatch.org.br\/?p=14191#breadcrumb"},"inLanguage":"pt-BR","potentialAction":[{"@type":"ReadAction","target":["https:\/\/rioonwatch.org.br\/?p=14191"]}]},{"@type":"ImageObject","inLanguage":"pt-BR","@id":"https:\/\/rioonwatch.org.br\/?p=14191#primaryimage","url":"https:\/\/rioonwatch.org.br\/wp-content\/uploads\/2015\/04\/IMG_3281.jpg","contentUrl":"https:\/\/rioonwatch.org.br\/wp-content\/uploads\/2015\/04\/IMG_3281.jpg","width":1000,"height":667},{"@type":"BreadcrumbList","@id":"https:\/\/rioonwatch.org.br\/?p=14191#breadcrumb","itemListElement":[{"@type":"ListItem","position":1,"name":"In\u00edcio","item":"https:\/\/rioonwatch.org.br\/"},{"@type":"ListItem","position":2,"name":"Mais de 200 Pessoas Removidas Violentamente do Pr\u00e9dio de Eike Batista no Flamengo"}]},{"@type":"WebSite","@id":"https:\/\/rioonwatch.org.br\/#website","url":"https:\/\/rioonwatch.org.br\/","name":"RioOnWatch","description":"relatos das favelas cariocas","publisher":{"@id":"https:\/\/rioonwatch.org.br\/#organization"},"potentialAction":[{"@type":"SearchAction","target":{"@type":"EntryPoint","urlTemplate":"https:\/\/rioonwatch.org.br\/?s={search_term_string}"},"query-input":{"@type":"PropertyValueSpecification","valueRequired":true,"valueName":"search_term_string"}}],"inLanguage":"pt-BR"},{"@type":"Organization","@id":"https:\/\/rioonwatch.org.br\/#organization","name":"RioOnWatch","url":"https:\/\/rioonwatch.org.br\/","logo":{"@type":"ImageObject","inLanguage":"pt-BR","@id":"https:\/\/rioonwatch.org.br\/#\/schema\/logo\/image\/","url":"https:\/\/rioonwatch.org.br\/wp-content\/uploads\/2021\/06\/RioOnWatchcabecalhoPT11anos-2.png","contentUrl":"https:\/\/rioonwatch.org.br\/wp-content\/uploads\/2021\/06\/RioOnWatchcabecalhoPT11anos-2.png","width":779,"height":277,"caption":"RioOnWatch"},"image":{"@id":"https:\/\/rioonwatch.org.br\/#\/schema\/logo\/image\/"}},{"@type":"Person","@id":"https:\/\/rioonwatch.org.br\/#\/schema\/person\/11d64c290506f9df50c71b850c473f68","name":"Admin","image":{"@type":"ImageObject","inLanguage":"pt-BR","@id":"https:\/\/rioonwatch.org.br\/#\/schema\/person\/image\/","url":"https:\/\/secure.gravatar.com\/avatar\/56211ac74568383903349a1485e3c325?s=96&d=blank&r=g","contentUrl":"https:\/\/secure.gravatar.com\/avatar\/56211ac74568383903349a1485e3c325?s=96&d=blank&r=g","caption":"Admin"},"url":"https:\/\/rioonwatch.org.br\/?author=129"}]}},"_links":{"self":[{"href":"https:\/\/rioonwatch.org.br\/index.php?rest_route=\/wp\/v2\/posts\/14191"}],"collection":[{"href":"https:\/\/rioonwatch.org.br\/index.php?rest_route=\/wp\/v2\/posts"}],"about":[{"href":"https:\/\/rioonwatch.org.br\/index.php?rest_route=\/wp\/v2\/types\/post"}],"author":[{"embeddable":true,"href":"https:\/\/rioonwatch.org.br\/index.php?rest_route=\/wp\/v2\/users\/129"}],"replies":[{"embeddable":true,"href":"https:\/\/rioonwatch.org.br\/index.php?rest_route=%2Fwp%2Fv2%2Fcomments&post=14191"}],"version-history":[{"count":16,"href":"https:\/\/rioonwatch.org.br\/index.php?rest_route=\/wp\/v2\/posts\/14191\/revisions"}],"predecessor-version":[{"id":19076,"href":"https:\/\/rioonwatch.org.br\/index.php?rest_route=\/wp\/v2\/posts\/14191\/revisions\/19076"}],"wp:featuredmedia":[{"embeddable":true,"href":"https:\/\/rioonwatch.org.br\/index.php?rest_route=\/wp\/v2\/media\/14197"}],"wp:attachment":[{"href":"https:\/\/rioonwatch.org.br\/index.php?rest_route=%2Fwp%2Fv2%2Fmedia&parent=14191"}],"wp:term":[{"taxonomy":"category","embeddable":true,"href":"https:\/\/rioonwatch.org.br\/index.php?rest_route=%2Fwp%2Fv2%2Fcategories&post=14191"},{"taxonomy":"post_tag","embeddable":true,"href":"https:\/\/rioonwatch.org.br\/index.php?rest_route=%2Fwp%2Fv2%2Ftags&post=14191"},{"taxonomy":"writer","embeddable":true,"href":"https:\/\/rioonwatch.org.br\/index.php?rest_route=%2Fwp%2Fv2%2Fwriter&post=14191"},{"taxonomy":"translator","embeddable":true,"href":"https:\/\/rioonwatch.org.br\/index.php?rest_route=%2Fwp%2Fv2%2Ftranslator&post=14191"},{"taxonomy":"source","embeddable":true,"href":"https:\/\/rioonwatch.org.br\/index.php?rest_route=%2Fwp%2Fv2%2Fsource&post=14191"},{"taxonomy":"ilustrador","embeddable":true,"href":"https:\/\/rioonwatch.org.br\/index.php?rest_route=%2Fwp%2Fv2%2Filustrador&post=14191"},{"taxonomy":"fotografo","embeddable":true,"href":"https:\/\/rioonwatch.org.br\/index.php?rest_route=%2Fwp%2Fv2%2Ffotografo&post=14191"}],"curies":[{"name":"wp","href":"https:\/\/api.w.org\/{rel}","templated":true}]}}