{"id":14309,"date":"2015-05-19T13:59:05","date_gmt":"2015-05-19T16:59:05","guid":{"rendered":"http:\/\/rioonwatch.org.br\/?p=14309"},"modified":"2015-08-14T19:32:22","modified_gmt":"2015-08-14T22:32:22","slug":"audiencia-publica-no-alemao-investiga-violencia-policial-na-comunidade","status":"publish","type":"post","link":"https:\/\/rioonwatch.org.br\/?p=14309","title":{"rendered":"Audi\u00eancia P\u00fablica no Alem\u00e3o Investiga Viol\u00eancia Policial na Comunidade"},"content":{"rendered":"<p>No dia 4 de maio foi realizada, no Col\u00e9gio Caic The\u00f3philo de Souza Pinto, uma <a href=\"http:\/\/on.fb.me\/1RvPlrq\">audi\u00eancia p\u00fablica<\/a> para investigar as viola\u00e7\u00f5es de\u00a0direitos humanos no\u00a0<a href=\"http:\/\/bit.ly\/U0MiGm\" target=\"_blank\">Complexo do Alem\u00e3o<\/a>. A reuni\u00e3o foi organizada pela Comiss\u00e3o Parlamentar de Inqu\u00e9rito (CPI) devido aos tr\u00eas primeiros meses de 2015\u00a0<a href=\"http:\/\/bit.ly\/1Dpu2R2\" target=\"_blank\">repletos de assassinatos violentos cometidos pela pol\u00edcia<\/a>\u00a0no Alem\u00e3o.<\/p>\n<p>A escola aonde ocorreu a reuni\u00e3o, atualmente, est\u00e1 sendo utilizada como base da\u00a0<a href=\"http:\/\/bit.ly\/R5ueio\" target=\"_blank\">UPP<\/a> enquanto o pr\u00e9dio oficial est\u00e1 em reforma. Uns dias ap\u00f3s o evento, os coordenadores da <a href=\"http:\/\/bit.ly\/1zOGdJd\">UPP anunciaram que remover\u00e3o a base da escola.<\/a><\/p>\n<p>Vest\u00edgios de tiroteios entre a pol\u00edcia e os traficantes podem ser observados no edif\u00edcio da escola: a parede principal est\u00e1 coberta de buracos de bala. A retirada da base da UPP, programada para algum momento deste m\u00eas, foi uma das muitas demandas dos lideres da comunidade na reuni\u00e3o da segunda-feira dia 4.<\/p>\n<p>Mais de 200 pessoas assistiram \u00e0 reuni\u00e3o, que foi a primeira da CPI realizada fora de Bras\u00edlia. A CPI, a comiss\u00e3o de direitos humanos e educa\u00e7\u00e3o da Assembleia Legislativa do Rio de Janeiro (Alerj) e 17 associa\u00e7\u00f5es de moradores\u00a0colaboraram na organiza\u00e7\u00e3o do evento, que trouxe discuss\u00f5es acaloradas acerca do <a href=\"http:\/\/bit.ly\/1Dpu2R2\" target=\"_blank\">recente aumento da viol\u00eancia policial na comunidade<\/a>. O objetivo do evento, de acordo com os organizadores, era gerar ideias concretas para mudan\u00e7as e para permitir a cria\u00e7\u00e3o de um espa\u00e7o onde as vozes da favela possam ser \u201cescutadas e respeitadas\u201d. No entanto, alguns moradores abandonaram o evento decepcionados, j\u00e1 que s\u00f3 quatro moradores na plat\u00e9ia foram dados \u00e0 pal\u00e1vra ao fim do evento de tr\u00eas horas de dura\u00e7\u00e3o.<\/p>\n<p>Representantes da Comiss\u00e3o de Defesa dos Direitos Humanos da Alerj, da Pol\u00edcia Militar, das secretarias estaduais de Educa\u00e7\u00e3o, Assist\u00eancia Social e Direitos Humanos estavam na mesa de 12 palestrantes. A mesa tamb\u00e9m inclu\u00eda tr\u00eas moradores da comunidade selecionados por lideres ativistas do Alem\u00e3o.<\/p>\n<p><a href=\"http:\/\/rioonwatch.org.br\/wp-content\/uploads\/2015\/05\/Alan-Brum-Complexo-do-Alemao-audiencia-e1431750961871.jpg\"><img fetchpriority=\"high\" decoding=\"async\" class=\"aligncenter size-full wp-image-14315\" title=\"Alan Brum Pinheiro, representante do Instituto Ra\u00edzes em Movimento, fala na audi\u00eancia. Foto: Jornal de Not\u00edcias Alem\u00e3o\" src=\"http:\/\/rioonwatch.org.br\/wp-content\/uploads\/2015\/05\/Alan-Brum-Complexo-do-Alemao-audiencia-e1431750961871.jpg\" alt=\"\" width=\"620\" height=\"411\" srcset=\"https:\/\/rioonwatch.org.br\/wp-content\/uploads\/2015\/05\/Alan-Brum-Complexo-do-Alemao-audiencia-e1431750961871.jpg 620w, https:\/\/rioonwatch.org.br\/wp-content\/uploads\/2015\/05\/Alan-Brum-Complexo-do-Alemao-audiencia-e1431750961871-398x264.jpg 398w\" sizes=\"(max-width: 620px) 100vw, 620px\" \/><\/a><\/p>\n<p>O evento durou mais de tr\u00eas horas. Cada membro da mesa foi permitido tempo para falar em uma discuss\u00e3o moderada pelo Deputado Estadual e\u00a0dirigente da Comiss\u00e3o de Direitos Humanos, Marcelo Freixo.<\/p>\n<p><a href=\"http:\/\/bbc.in\/1zW0lt5\">Denize Moraes, m\u00e3e de um jovem motorista de motot\u00e1xi alegadamente assassinado pela Pol\u00edcia Militar<\/a>, deu in\u00edcio a discuss\u00e3o com o\u00a0seu relato sobre sua experi\u00eancia com a UPP e pedindo ao governo que repensasse o projeto de pacifica\u00e7\u00e3o. Ela disse que as for\u00e7as de seguran\u00e7a que supostamente deveriam proteger aos membros da comunidade est\u00e3o matando-os.<\/p>\n<p>Thiago Matiolli, um pesquisador, disse em seguida que a viol\u00eancia policial atual no Alem\u00e3o procede da percep\u00e7\u00e3o comum de que a viol\u00eancia \u00e9 uma caracter\u00edstica inevit\u00e1vel de uma favela, n\u00e3o um produto social. Esta atitude \u00e9 proveniente da criminaliza\u00e7\u00e3o institucional da pobreza, afirmou.<\/p>\n<p>Udson Freitas, representante da organiza\u00e7\u00e3o <a href=\"http:\/\/on.fb.me\/1eopAsD\">Juntos Pelo Complexo do Alem\u00e3o<\/a>, adicionou que as pessoas na comunidade perderam toda a confian\u00e7a que tinham nas autoridades.<\/p>\n<p>\u201cToda base [da UPP] tem os bons e os maus e infelizmente aqui dentro est\u00e3o propagando os maus e eles est\u00e3o mandando os bons para a <a href=\"http:\/\/bit.ly\/1mNsDyk\" target=\"_blank\">Zona Sul<\/a>\u201d,\u00a0ele disse.<\/p>\n<p>Depois que um morador\u00a0relatou um\u00a0epis\u00f3dio forte sobre como foi espancado pela pol\u00edcia, o Coronel\u00a0\u00cdbis Silva Pereira respondeu a todas as cr\u00edticas se desculpando pelo comportamento das for\u00e7as policiais.<\/p>\n<p>\u201cNenhum policial \u00e9 educado, \u00e9 formado pra dar soco na cara de ningu\u00e9m, nenhum. Nenhum de n\u00f3s tem esse tipo de forma\u00e7\u00e3o, o que n\u00e3o impede, apesar disso, que esse tipo de desmando aconte\u00e7a na pr\u00e1tica, ent\u00e3o eu quero pedir desculpas por isso.\u201d<\/p>\n<p>Marquinhos Pep\u00e9, Presidente da Associa\u00e7\u00e3o de Moradores de Palmeiras, disse que inicialmente ele apoiava o projeto de pacifica\u00e7\u00e3o da UPP. No entanto, ele afirma que agora \u00e9 evidente que a UPP traz viol\u00eancia \u00e0 comunidade se n\u00e3o estiver acompanhada por outros projetos sociais.<\/p>\n<p>Os professores Matheus Mendes e Guilherme Moreira, da Escola Caic Teophilo da Souza, disseram que a chegada da UPP teve efeitos negativos na seguran\u00e7a e frequ\u00eancia de professores e estudantes. Moreira revelou que antes da implanta\u00e7\u00e3o de UPP 1400 estudantes frequentavam a escola, agora esse n\u00famero caiu para 700. A base da UPP que em breve ser\u00e1 retirada do terreno da escola foi um fator nesta queda de frequ\u00eancia.<\/p>\n<p>\u201cOu a escola ou a UPP porque os dois juntos n\u00e3o \u00e9 poss\u00edvel\u201d, disse Moreira.<\/p>\n<p>A mesa foi interrompido v\u00e1rias vezes por membros da plat\u00e9ia, frustrados, que queriam relatar suas pr\u00f3prias experi\u00eancias com a viol\u00eancia policial. No entanto, a maior parte do tempo foi empregada pelos representantes pol\u00edticos da mesa. Ao fim da audi\u00eancia, quatro membros da plat\u00e9ia\u00a0selecionados&#8211;a ativista comunit\u00e1ria Mariluce Mari\u00e1, o fundador\u00a0do <a href=\"http:\/\/bit.ly\/GUXh5D\" target=\"_blank\">Instituto Ra\u00edzes em Movimento<\/a>\u00a0Alan Brum Pinheiro, o ativista comunit\u00e1rio Leonardo\u00a0Souza, e o morador Andre Luiz Fernandes&#8211;receberam o microfone para expressarem suas preocupa\u00e7\u00f5es e demandas.<\/p>\n<p>Mariluce Mari\u00e1 disse que gostou do evento e o considerou extremamente simb\u00f3lico para a comunidade. No entanto, ela admitiu que muitas pessoas sa\u00edram insatisfeitos com a falta da participa\u00e7\u00e3o do p\u00fablico.<\/p>\n<p>&#8220;Quando chega ao morador a informa\u00e7\u00e3o que vai ter uma reuni\u00e3o como essa, o morador entende que \u00e9 para ele vir aqui pra falar, que todo mundo pode falar. \u00c9 por isso que as pessoas estavam agoniadas. A\u00a0maioria que estava aqui era m\u00e3e de aluno desta escola, todo mundo queria falar alguma coisa&#8221;.<\/p>\n<!-- AddThis Advanced Settings generic via filter on the_content --><!-- AddThis Share Buttons generic via filter on the_content -->","protected":false},"excerpt":{"rendered":"<div class=\"mh-excerpt\"><p>No dia 4 de maio foi realizada, no Col\u00e9gio Caic The\u00f3philo de Souza Pinto, uma audi\u00eancia p\u00fablica para investigar as viola\u00e7\u00f5es de\u00a0direitos humanos no\u00a0Complexo do Alem\u00e3o. A reuni\u00e3o foi organizada pela Comiss\u00e3o Parlamentar de Inqu\u00e9rito <a class=\"mh-excerpt-more\" href=\"https:\/\/rioonwatch.org.br\/?p=14309\" title=\"Audi\u00eancia P\u00fablica no Alem\u00e3o Investiga Viol\u00eancia Policial na Comunidade\">[&#8230;]<\/a><!-- AddThis Advanced Settings generic via filter on get_the_excerpt --><!-- AddThis Share Buttons generic via filter on get_the_excerpt --><\/p>\n<\/div>","protected":false},"author":137,"featured_media":14313,"comment_status":"closed","ping_status":"closed","sticky":false,"template":"","format":"standard","meta":{"_acf_changed":false,"_monsterinsights_skip_tracking":false,"_monsterinsights_sitenote_active":false,"_monsterinsights_sitenote_note":"","_monsterinsights_sitenote_category":0,"footnotes":""},"categories":[1618,1621,346,344,1620],"tags":[1515,217,709,1024,1068,1516,304,359,1517,92,920,52,1144,218],"writer":[1322],"translator":[1510],"source":[],"ilustrador":[],"fotografo":[],"class_list":{"0":"post-14309","1":"post","2":"type-post","3":"status-publish","4":"format-standard","5":"has-post-thumbnail","7":"category-olhonaparticipacao","8":"category-destaque","9":"category-denuncias","10":"category-politicas","11":"category-olhonaupp","12":"tag-comissao-de-direitos-humanos-alerj","13":"tag-complexo-do-alemao","14":"tag-debate","15":"tag-intimidacao-policial","16":"tag-ocupacao-policial","17":"tag-palmeiras","18":"tag-participacao","19":"tag-participacao-zero","20":"tag-raizes-em-movimento","21":"tag-upp","22":"tag-violencia-de-estado","23":"tag-violencia-policial","24":"tag-violencia-urbana","25":"tag-zona-norte","26":"writer-elma-gonzalez","27":"translator-maria-gomez"},"acf":[],"yoast_head":"<!-- This site is optimized with the Yoast SEO plugin v25.6 - https:\/\/yoast.com\/wordpress\/plugins\/seo\/ -->\n<title>Audi\u00eancia P\u00fablica no Alem\u00e3o Investiga Viol\u00eancia Policial na Comunidade - RioOnWatch<\/title>\n<meta name=\"robots\" content=\"index, follow, max-snippet:-1, max-image-preview:large, max-video-preview:-1\" \/>\n<link rel=\"canonical\" href=\"https:\/\/rioonwatch.org.br\/?p=14309\" \/>\n<meta property=\"og:locale\" content=\"pt_BR\" \/>\n<meta property=\"og:type\" content=\"article\" \/>\n<meta property=\"og:title\" content=\"Audi\u00eancia P\u00fablica no Alem\u00e3o Investiga Viol\u00eancia Policial na Comunidade - RioOnWatch\" \/>\n<meta property=\"og:description\" content=\"No dia 4 de maio foi realizada, no Col\u00e9gio Caic The\u00f3philo de Souza Pinto, uma audi\u00eancia p\u00fablica para investigar as viola\u00e7\u00f5es de\u00a0direitos humanos no\u00a0Complexo do Alem\u00e3o. A reuni\u00e3o foi organizada pela Comiss\u00e3o Parlamentar de Inqu\u00e9rito [...]\" \/>\n<meta property=\"og:url\" content=\"https:\/\/rioonwatch.org.br\/?p=14309\" \/>\n<meta property=\"og:site_name\" content=\"RioOnWatch\" \/>\n<meta property=\"article:published_time\" content=\"2015-05-19T16:59:05+00:00\" \/>\n<meta property=\"article:modified_time\" content=\"2015-08-14T22:32:22+00:00\" \/>\n<meta property=\"og:image\" content=\"https:\/\/rioonwatch.org.br\/wp-content\/uploads\/2015\/05\/Juntos-pelo-alemao-033-e1431750736665.jpg\" \/>\n\t<meta property=\"og:image:width\" content=\"620\" \/>\n\t<meta property=\"og:image:height\" content=\"464\" \/>\n\t<meta property=\"og:image:type\" content=\"image\/jpeg\" \/>\n<meta name=\"author\" content=\"Nicole Froio\" \/>\n<meta name=\"twitter:card\" content=\"summary_large_image\" \/>\n<meta name=\"twitter:label1\" content=\"Escrito por\" \/>\n\t<meta name=\"twitter:data1\" content=\"Nicole Froio\" \/>\n\t<meta name=\"twitter:label2\" content=\"Est. tempo de leitura\" \/>\n\t<meta name=\"twitter:data2\" content=\"5 minutos\" \/>\n<script type=\"application\/ld+json\" class=\"yoast-schema-graph\">{\"@context\":\"https:\/\/schema.org\",\"@graph\":[{\"@type\":\"Article\",\"@id\":\"https:\/\/rioonwatch.org.br\/?p=14309#article\",\"isPartOf\":{\"@id\":\"https:\/\/rioonwatch.org.br\/?p=14309\"},\"author\":{\"name\":\"Nicole Froio\",\"@id\":\"https:\/\/rioonwatch.org.br\/#\/schema\/person\/e07d559fe2154d11fd3ec515e35695ee\"},\"headline\":\"Audi\u00eancia P\u00fablica no Alem\u00e3o Investiga Viol\u00eancia Policial na Comunidade\",\"datePublished\":\"2015-05-19T16:59:05+00:00\",\"dateModified\":\"2015-08-14T22:32:22+00:00\",\"mainEntityOfPage\":{\"@id\":\"https:\/\/rioonwatch.org.br\/?p=14309\"},\"wordCount\":956,\"publisher\":{\"@id\":\"https:\/\/rioonwatch.org.br\/#organization\"},\"image\":{\"@id\":\"https:\/\/rioonwatch.org.br\/?p=14309#primaryimage\"},\"thumbnailUrl\":\"https:\/\/rioonwatch.org.br\/wp-content\/uploads\/2015\/05\/Juntos-pelo-alemao-033-e1431750736665.jpg\",\"keywords\":[\"Comiss\u00e3o de Direitos Humanos - Alerj\",\"Complexo do Alem\u00e3o\",\"debate\",\"intimida\u00e7\u00e3o policial\",\"ocupa\u00e7\u00e3o policial\",\"Palmeiras\",\"participa\u00e7\u00e3o\",\"participa\u00e7\u00e3o zero\",\"Ra\u00edzes em Movimento\",\"UPP\",\"viol\u00eancia de Estado\",\"viol\u00eancia policial\",\"viol\u00eancia urbana\",\"Zona Norte\"],\"articleSection\":[\"#OlhoNaParticipa\u00e7\u00e3o\",\"*Destaque\",\"Den\u00fancias\",\"Pol\u00edticas\",\"Seguran\u00e7a P\u00fablica\"],\"inLanguage\":\"pt-BR\"},{\"@type\":\"WebPage\",\"@id\":\"https:\/\/rioonwatch.org.br\/?p=14309\",\"url\":\"https:\/\/rioonwatch.org.br\/?p=14309\",\"name\":\"Audi\u00eancia P\u00fablica no Alem\u00e3o Investiga Viol\u00eancia Policial na Comunidade - RioOnWatch\",\"isPartOf\":{\"@id\":\"https:\/\/rioonwatch.org.br\/#website\"},\"primaryImageOfPage\":{\"@id\":\"https:\/\/rioonwatch.org.br\/?p=14309#primaryimage\"},\"image\":{\"@id\":\"https:\/\/rioonwatch.org.br\/?p=14309#primaryimage\"},\"thumbnailUrl\":\"https:\/\/rioonwatch.org.br\/wp-content\/uploads\/2015\/05\/Juntos-pelo-alemao-033-e1431750736665.jpg\",\"datePublished\":\"2015-05-19T16:59:05+00:00\",\"dateModified\":\"2015-08-14T22:32:22+00:00\",\"breadcrumb\":{\"@id\":\"https:\/\/rioonwatch.org.br\/?p=14309#breadcrumb\"},\"inLanguage\":\"pt-BR\",\"potentialAction\":[{\"@type\":\"ReadAction\",\"target\":[\"https:\/\/rioonwatch.org.br\/?p=14309\"]}]},{\"@type\":\"ImageObject\",\"inLanguage\":\"pt-BR\",\"@id\":\"https:\/\/rioonwatch.org.br\/?p=14309#primaryimage\",\"url\":\"https:\/\/rioonwatch.org.br\/wp-content\/uploads\/2015\/05\/Juntos-pelo-alemao-033-e1431750736665.jpg\",\"contentUrl\":\"https:\/\/rioonwatch.org.br\/wp-content\/uploads\/2015\/05\/Juntos-pelo-alemao-033-e1431750736665.jpg\",\"width\":620,\"height\":464},{\"@type\":\"BreadcrumbList\",\"@id\":\"https:\/\/rioonwatch.org.br\/?p=14309#breadcrumb\",\"itemListElement\":[{\"@type\":\"ListItem\",\"position\":1,\"name\":\"In\u00edcio\",\"item\":\"https:\/\/rioonwatch.org.br\/\"},{\"@type\":\"ListItem\",\"position\":2,\"name\":\"Audi\u00eancia P\u00fablica no Alem\u00e3o Investiga Viol\u00eancia Policial na Comunidade\"}]},{\"@type\":\"WebSite\",\"@id\":\"https:\/\/rioonwatch.org.br\/#website\",\"url\":\"https:\/\/rioonwatch.org.br\/\",\"name\":\"RioOnWatch\",\"description\":\"relatos das favelas cariocas\",\"publisher\":{\"@id\":\"https:\/\/rioonwatch.org.br\/#organization\"},\"potentialAction\":[{\"@type\":\"SearchAction\",\"target\":{\"@type\":\"EntryPoint\",\"urlTemplate\":\"https:\/\/rioonwatch.org.br\/?s={search_term_string}\"},\"query-input\":{\"@type\":\"PropertyValueSpecification\",\"valueRequired\":true,\"valueName\":\"search_term_string\"}}],\"inLanguage\":\"pt-BR\"},{\"@type\":\"Organization\",\"@id\":\"https:\/\/rioonwatch.org.br\/#organization\",\"name\":\"RioOnWatch\",\"url\":\"https:\/\/rioonwatch.org.br\/\",\"logo\":{\"@type\":\"ImageObject\",\"inLanguage\":\"pt-BR\",\"@id\":\"https:\/\/rioonwatch.org.br\/#\/schema\/logo\/image\/\",\"url\":\"https:\/\/rioonwatch.org.br\/wp-content\/uploads\/2021\/06\/RioOnWatchcabecalhoPT11anos-2.png\",\"contentUrl\":\"https:\/\/rioonwatch.org.br\/wp-content\/uploads\/2021\/06\/RioOnWatchcabecalhoPT11anos-2.png\",\"width\":779,\"height\":277,\"caption\":\"RioOnWatch\"},\"image\":{\"@id\":\"https:\/\/rioonwatch.org.br\/#\/schema\/logo\/image\/\"}},{\"@type\":\"Person\",\"@id\":\"https:\/\/rioonwatch.org.br\/#\/schema\/person\/e07d559fe2154d11fd3ec515e35695ee\",\"name\":\"Nicole Froio\",\"image\":{\"@type\":\"ImageObject\",\"inLanguage\":\"pt-BR\",\"@id\":\"https:\/\/rioonwatch.org.br\/#\/schema\/person\/image\/\",\"url\":\"https:\/\/secure.gravatar.com\/avatar\/0acdbd6878ca0ac29aa5ce6c6119d636?s=96&d=blank&r=g\",\"contentUrl\":\"https:\/\/secure.gravatar.com\/avatar\/0acdbd6878ca0ac29aa5ce6c6119d636?s=96&d=blank&r=g\",\"caption\":\"Nicole Froio\"},\"url\":\"https:\/\/rioonwatch.org.br\/?author=137\"}]}<\/script>\n<!-- \/ Yoast SEO plugin. -->","yoast_head_json":{"title":"Audi\u00eancia P\u00fablica no Alem\u00e3o Investiga Viol\u00eancia Policial na Comunidade - RioOnWatch","robots":{"index":"index","follow":"follow","max-snippet":"max-snippet:-1","max-image-preview":"max-image-preview:large","max-video-preview":"max-video-preview:-1"},"canonical":"https:\/\/rioonwatch.org.br\/?p=14309","og_locale":"pt_BR","og_type":"article","og_title":"Audi\u00eancia P\u00fablica no Alem\u00e3o Investiga Viol\u00eancia Policial na Comunidade - RioOnWatch","og_description":"No dia 4 de maio foi realizada, no Col\u00e9gio Caic The\u00f3philo de Souza Pinto, uma audi\u00eancia p\u00fablica para investigar as viola\u00e7\u00f5es de\u00a0direitos humanos no\u00a0Complexo do Alem\u00e3o. A reuni\u00e3o foi organizada pela Comiss\u00e3o Parlamentar de Inqu\u00e9rito [...]","og_url":"https:\/\/rioonwatch.org.br\/?p=14309","og_site_name":"RioOnWatch","article_published_time":"2015-05-19T16:59:05+00:00","article_modified_time":"2015-08-14T22:32:22+00:00","og_image":[{"width":620,"height":464,"url":"https:\/\/rioonwatch.org.br\/wp-content\/uploads\/2015\/05\/Juntos-pelo-alemao-033-e1431750736665.jpg","type":"image\/jpeg"}],"author":"Nicole Froio","twitter_card":"summary_large_image","twitter_misc":{"Escrito por":"Nicole Froio","Est. tempo de leitura":"5 minutos"},"schema":{"@context":"https:\/\/schema.org","@graph":[{"@type":"Article","@id":"https:\/\/rioonwatch.org.br\/?p=14309#article","isPartOf":{"@id":"https:\/\/rioonwatch.org.br\/?p=14309"},"author":{"name":"Nicole Froio","@id":"https:\/\/rioonwatch.org.br\/#\/schema\/person\/e07d559fe2154d11fd3ec515e35695ee"},"headline":"Audi\u00eancia P\u00fablica no Alem\u00e3o Investiga Viol\u00eancia Policial na Comunidade","datePublished":"2015-05-19T16:59:05+00:00","dateModified":"2015-08-14T22:32:22+00:00","mainEntityOfPage":{"@id":"https:\/\/rioonwatch.org.br\/?p=14309"},"wordCount":956,"publisher":{"@id":"https:\/\/rioonwatch.org.br\/#organization"},"image":{"@id":"https:\/\/rioonwatch.org.br\/?p=14309#primaryimage"},"thumbnailUrl":"https:\/\/rioonwatch.org.br\/wp-content\/uploads\/2015\/05\/Juntos-pelo-alemao-033-e1431750736665.jpg","keywords":["Comiss\u00e3o de Direitos Humanos - Alerj","Complexo do Alem\u00e3o","debate","intimida\u00e7\u00e3o policial","ocupa\u00e7\u00e3o policial","Palmeiras","participa\u00e7\u00e3o","participa\u00e7\u00e3o zero","Ra\u00edzes em Movimento","UPP","viol\u00eancia de Estado","viol\u00eancia policial","viol\u00eancia urbana","Zona Norte"],"articleSection":["#OlhoNaParticipa\u00e7\u00e3o","*Destaque","Den\u00fancias","Pol\u00edticas","Seguran\u00e7a P\u00fablica"],"inLanguage":"pt-BR"},{"@type":"WebPage","@id":"https:\/\/rioonwatch.org.br\/?p=14309","url":"https:\/\/rioonwatch.org.br\/?p=14309","name":"Audi\u00eancia P\u00fablica no Alem\u00e3o Investiga Viol\u00eancia Policial na Comunidade - RioOnWatch","isPartOf":{"@id":"https:\/\/rioonwatch.org.br\/#website"},"primaryImageOfPage":{"@id":"https:\/\/rioonwatch.org.br\/?p=14309#primaryimage"},"image":{"@id":"https:\/\/rioonwatch.org.br\/?p=14309#primaryimage"},"thumbnailUrl":"https:\/\/rioonwatch.org.br\/wp-content\/uploads\/2015\/05\/Juntos-pelo-alemao-033-e1431750736665.jpg","datePublished":"2015-05-19T16:59:05+00:00","dateModified":"2015-08-14T22:32:22+00:00","breadcrumb":{"@id":"https:\/\/rioonwatch.org.br\/?p=14309#breadcrumb"},"inLanguage":"pt-BR","potentialAction":[{"@type":"ReadAction","target":["https:\/\/rioonwatch.org.br\/?p=14309"]}]},{"@type":"ImageObject","inLanguage":"pt-BR","@id":"https:\/\/rioonwatch.org.br\/?p=14309#primaryimage","url":"https:\/\/rioonwatch.org.br\/wp-content\/uploads\/2015\/05\/Juntos-pelo-alemao-033-e1431750736665.jpg","contentUrl":"https:\/\/rioonwatch.org.br\/wp-content\/uploads\/2015\/05\/Juntos-pelo-alemao-033-e1431750736665.jpg","width":620,"height":464},{"@type":"BreadcrumbList","@id":"https:\/\/rioonwatch.org.br\/?p=14309#breadcrumb","itemListElement":[{"@type":"ListItem","position":1,"name":"In\u00edcio","item":"https:\/\/rioonwatch.org.br\/"},{"@type":"ListItem","position":2,"name":"Audi\u00eancia P\u00fablica no Alem\u00e3o Investiga Viol\u00eancia Policial na Comunidade"}]},{"@type":"WebSite","@id":"https:\/\/rioonwatch.org.br\/#website","url":"https:\/\/rioonwatch.org.br\/","name":"RioOnWatch","description":"relatos das favelas cariocas","publisher":{"@id":"https:\/\/rioonwatch.org.br\/#organization"},"potentialAction":[{"@type":"SearchAction","target":{"@type":"EntryPoint","urlTemplate":"https:\/\/rioonwatch.org.br\/?s={search_term_string}"},"query-input":{"@type":"PropertyValueSpecification","valueRequired":true,"valueName":"search_term_string"}}],"inLanguage":"pt-BR"},{"@type":"Organization","@id":"https:\/\/rioonwatch.org.br\/#organization","name":"RioOnWatch","url":"https:\/\/rioonwatch.org.br\/","logo":{"@type":"ImageObject","inLanguage":"pt-BR","@id":"https:\/\/rioonwatch.org.br\/#\/schema\/logo\/image\/","url":"https:\/\/rioonwatch.org.br\/wp-content\/uploads\/2021\/06\/RioOnWatchcabecalhoPT11anos-2.png","contentUrl":"https:\/\/rioonwatch.org.br\/wp-content\/uploads\/2021\/06\/RioOnWatchcabecalhoPT11anos-2.png","width":779,"height":277,"caption":"RioOnWatch"},"image":{"@id":"https:\/\/rioonwatch.org.br\/#\/schema\/logo\/image\/"}},{"@type":"Person","@id":"https:\/\/rioonwatch.org.br\/#\/schema\/person\/e07d559fe2154d11fd3ec515e35695ee","name":"Nicole Froio","image":{"@type":"ImageObject","inLanguage":"pt-BR","@id":"https:\/\/rioonwatch.org.br\/#\/schema\/person\/image\/","url":"https:\/\/secure.gravatar.com\/avatar\/0acdbd6878ca0ac29aa5ce6c6119d636?s=96&d=blank&r=g","contentUrl":"https:\/\/secure.gravatar.com\/avatar\/0acdbd6878ca0ac29aa5ce6c6119d636?s=96&d=blank&r=g","caption":"Nicole Froio"},"url":"https:\/\/rioonwatch.org.br\/?author=137"}]}},"_links":{"self":[{"href":"https:\/\/rioonwatch.org.br\/index.php?rest_route=\/wp\/v2\/posts\/14309"}],"collection":[{"href":"https:\/\/rioonwatch.org.br\/index.php?rest_route=\/wp\/v2\/posts"}],"about":[{"href":"https:\/\/rioonwatch.org.br\/index.php?rest_route=\/wp\/v2\/types\/post"}],"author":[{"embeddable":true,"href":"https:\/\/rioonwatch.org.br\/index.php?rest_route=\/wp\/v2\/users\/137"}],"replies":[{"embeddable":true,"href":"https:\/\/rioonwatch.org.br\/index.php?rest_route=%2Fwp%2Fv2%2Fcomments&post=14309"}],"version-history":[{"count":22,"href":"https:\/\/rioonwatch.org.br\/index.php?rest_route=\/wp\/v2\/posts\/14309\/revisions"}],"predecessor-version":[{"id":15244,"href":"https:\/\/rioonwatch.org.br\/index.php?rest_route=\/wp\/v2\/posts\/14309\/revisions\/15244"}],"wp:featuredmedia":[{"embeddable":true,"href":"https:\/\/rioonwatch.org.br\/index.php?rest_route=\/wp\/v2\/media\/14313"}],"wp:attachment":[{"href":"https:\/\/rioonwatch.org.br\/index.php?rest_route=%2Fwp%2Fv2%2Fmedia&parent=14309"}],"wp:term":[{"taxonomy":"category","embeddable":true,"href":"https:\/\/rioonwatch.org.br\/index.php?rest_route=%2Fwp%2Fv2%2Fcategories&post=14309"},{"taxonomy":"post_tag","embeddable":true,"href":"https:\/\/rioonwatch.org.br\/index.php?rest_route=%2Fwp%2Fv2%2Ftags&post=14309"},{"taxonomy":"writer","embeddable":true,"href":"https:\/\/rioonwatch.org.br\/index.php?rest_route=%2Fwp%2Fv2%2Fwriter&post=14309"},{"taxonomy":"translator","embeddable":true,"href":"https:\/\/rioonwatch.org.br\/index.php?rest_route=%2Fwp%2Fv2%2Ftranslator&post=14309"},{"taxonomy":"source","embeddable":true,"href":"https:\/\/rioonwatch.org.br\/index.php?rest_route=%2Fwp%2Fv2%2Fsource&post=14309"},{"taxonomy":"ilustrador","embeddable":true,"href":"https:\/\/rioonwatch.org.br\/index.php?rest_route=%2Fwp%2Fv2%2Filustrador&post=14309"},{"taxonomy":"fotografo","embeddable":true,"href":"https:\/\/rioonwatch.org.br\/index.php?rest_route=%2Fwp%2Fv2%2Ffotografo&post=14309"}],"curies":[{"name":"wp","href":"https:\/\/api.w.org\/{rel}","templated":true}]}}