{"id":14395,"date":"2015-05-28T14:46:12","date_gmt":"2015-05-28T17:46:12","guid":{"rendered":"http:\/\/rioonwatch.org.br\/?p=14395"},"modified":"2024-06-20T16:29:08","modified_gmt":"2024-06-20T19:29:08","slug":"mesa-redonda-debate-remocoes-e-reforma-urbana-na-cidade-olimpica","status":"publish","type":"post","link":"https:\/\/rioonwatch.org.br\/?p=14395","title":{"rendered":"Mesa-Redonda Debate Remo\u00e7\u00f5es e Reforma Urbana na Cidade Ol\u00edmpica"},"content":{"rendered":"<p>Na quarta-feira, dia 13 de maio, a Universidade Estadual do Rio de Janeiro (UERJ) <a href=\"http:\/\/bit.ly\/1HLtA4m\" target=\"_blank\" rel=\"noopener\">organizou uma mesa-redonda<\/a>, que contou com a presen\u00e7a de Lucas Faulhaber (na foto acima, \u00e0 direita), Maria de Lourdes Lopes (no centro, \u00e0 esquerda), e Guilherme Boulos (\u00e0 esquerda), para discutir quest\u00f5es relacionadas \u00e0s <a href=\"http:\/\/bit.ly\/X51Qvb\" target=\"_blank\" rel=\"noopener\">remo\u00e7\u00f5es<\/a> e \u00e0 reforma urbana na cidade ol\u00edmpica.<\/p>\n<p>Lucas Faulhaber, juntamente com Lena Azevedo, \u00e9 um dos autores do livro intitulado <em><a href=\"http:\/\/bit.ly\/1Knx3UB\" target=\"_blank\" rel=\"noopener\">SMH 2016: Remo\u00e7\u00f5es no Rio de Janeiro Ol\u00edmpico<\/a>,<\/em>\u00a0lan\u00e7ado no mesmo dia do debate. Maria de Lourdes, por sua vez, \u00e9 ativista e faz parte do <a href=\"http:\/\/on.fb.me\/1Fpe8Zc\" target=\"_blank\" rel=\"noopener\">Movimento Nacional de Luta pela Moradia<\/a> (MNLM), e Guilherme Boulos \u00e9 cr\u00edtico e membro ativo do <a href=\"http:\/\/on.fb.me\/1EYipiM\" target=\"_blank\" rel=\"noopener\">Movimento dos Trabalhadores Sem Teto<\/a>\u00a0(MTST).<\/p>\n<p>Antes de ser iniciada a mesa-redonda, a moderadora Lia Rocha fez refer\u00eancia aos protestos que estavam ocorrendo fora do audit\u00f3rio, e explicou aos presentes que se tratava de uma manifesta\u00e7\u00e3o contra o tratamento dado pelo Governo do Estado \u00e0 Universidade, uma vez que muitos funcion\u00e1rios estavam sem receber seus pagamentos por seis meses. A moderadora ainda acrescentou que n\u00e3o iria se desculpar por tais protestos, pois o que o governo est\u00e1 fazendo, tanto \u00e0 universidade como \u00e0s v\u00edtimas das remo\u00e7\u00f5es, \u00e9 considerado inaceit\u00e1vel em termos de direitos humanos.<\/p>\n<p><a href=\"http:\/\/rioonwatch.org.br\/wp-content\/uploads\/2015\/05\/debate_uerj_remocoes-e-reforma-urbana_bollbrasil-1.jpg\"><img fetchpriority=\"high\" decoding=\"async\" class=\"aligncenter wp-image-14397\" title=\"Flyer do debate\" src=\"http:\/\/rioonwatch.org.br\/wp-content\/uploads\/2015\/05\/debate_uerj_remocoes-e-reforma-urbana_bollbrasil-1.jpg\" alt=\"Flyer do debate\" width=\"620\" height=\"229\" srcset=\"https:\/\/rioonwatch.org.br\/wp-content\/uploads\/2015\/05\/debate_uerj_remocoes-e-reforma-urbana_bollbrasil-1.jpg 851w, https:\/\/rioonwatch.org.br\/wp-content\/uploads\/2015\/05\/debate_uerj_remocoes-e-reforma-urbana_bollbrasil-1-620x229.jpg 620w\" sizes=\"(max-width: 620px) 100vw, 620px\" \/><\/a><\/p>\n<p>Faulhaber foi o primeiro a se pronunciar, dizendo que a motiva\u00e7\u00e3o do seu livro foi\u00a0&#8220;a ideia de mostrar e denunciar o processo que est\u00e1 acontecendo. N\u00e3o \u00e9 s\u00f3 por causa da Copa do Mundo ou dos Jogos Ol\u00edmpicos, este \u00e9 um processo <a href=\"http:\/\/bit.ly\/1Knx3UB\" target=\"_blank\" rel=\"noopener\">recorrente na hist\u00f3ria do Rio<\/a>\u201d. Faulhaber tamb\u00e9m demonstrou o seu descontentamento com a m\u00eddia, apontando como a quest\u00e3o das remo\u00e7\u00f5es quase n\u00e3o v\u00eam ganhando visibilidade na m\u00eddia, al\u00e9m de criticar a m\u00eddia dominante por apenas mostrar [favelas] quando h\u00e1 mortes envolvidas, e n\u00e3o quando ocorrem outros problemas. A ele, irrita saber que \u201ctodos os dias no <em>Globo<\/em> est\u00e3o exigindo que deveriam remover mais pessoas&#8221;.<\/p>\n<p>Maria de Lourdes Lopes se pronunciou com veem\u00eancia, dizendo que estava feliz com a pesquisa de Faulhaber, mas que isso n\u00e3o era suficiente: \u201cO impacto [de pesquisas como essa] que a gente sente \u00e9 quase nenhum. Cada vez est\u00e1 pior na\u00a0<a href=\"http:\/\/bit.ly\/Nfddvg\" target=\"_blank\" rel=\"noopener\">Vila Aut\u00f3dromo<\/a>, cada vez somos menos&#8230; Nossos gritos n\u00e3o s\u00e3o ouvidos&#8221;.<\/p>\n<p>Boulos, o \u00faltimo palestrante, acompanhou a declara\u00e7\u00e3o de Maria de Lourdes Lopes. Na opini\u00e3o do cr\u00edtico,\u00a0&#8220;n\u00f3s vivemos em uma crise urbana. Somos ensinados a achar que o crescimento econ\u00f4mico \u00e9 bom, no modo capitalista, mas tem efeitos colaterais antipopulares&#8230; A valoriza\u00e7\u00e3o das terras e o aumento de aluguel cria segrega\u00e7\u00e3o e\u00a0<a href=\"http:\/\/bit.ly\/Qe3lpR\" target=\"_blank\" rel=\"noopener\">gentrifica\u00e7\u00e3o<\/a> e expulsa os pobres das regi\u00f5es centrais para novas periferias&#8221;.<\/p>\n<p>Ele prosseguiu discutindo como a <a href=\"http:\/\/bit.ly\/11tBtBo\" target=\"_blank\" rel=\"noopener\">especula\u00e7\u00e3o imobili\u00e1ria<\/a>\u00a0e a pol\u00edcia t\u00eam ajudado a criar uma verdadeira pol\u00edtica de exclus\u00e3o. De acordo com Boulos, &#8220;a especula\u00e7\u00e3o do mercado imobili\u00e1rio tem um componente militar, que exclui o pobre de certas regi\u00f5es. A especula\u00e7\u00e3o imobili\u00e1ria tem se aproveitado das <a href=\"http:\/\/bit.ly\/R5ueio\" target=\"_blank\" rel=\"noopener\">UPPs<\/a>. Atrav\u00e9s da perspectiva de fora e da nossa, isso tem levado a\u00a0uma <a href=\"http:\/\/bit.ly\/1PDrYLE\" target=\"_blank\" rel=\"noopener\">pol\u00edtica de exterm\u00ednio da vida de jovens negros<\/a> nas periferias e nas favelas da nossa cidade\u201d.<\/p>\n<p>Boulos prop\u00f4s v\u00e1rias solu\u00e7\u00f5es aos problemas causados pelas remo\u00e7\u00f5es e pela gentrifica\u00e7\u00e3o, como um monitoramento a n\u00edvel governamental do mercado imobili\u00e1rio, de forma <a href=\"http:\/\/bit.ly\/1HwjcrN\" target=\"_blank\" rel=\"noopener\">semelhante aos modelos praticados nos Estados Unidos e na Europ<\/a><a href=\"http:\/\/bit.ly\/RisksTitling\" target=\"_blank\" rel=\"noopener\">a<\/a>. Ele tamb\u00e9m prop\u00f4s uma pol\u00edtica de aloca\u00e7\u00e3o social em que o programa federal de habita\u00e7\u00e3o <a href=\"http:\/\/bit.ly\/Y4U9oJ\" target=\"_blank\" rel=\"noopener\">Minha Casa Minha Vida<\/a> subsidiasse as fam\u00edlias, permitindo que elas ficassem pr\u00f3ximas de suas casas originais em vez de empurr\u00e1-las para periferias. Na opini\u00e3o dele, enviar fam\u00edlias para periferias \u00e9 uma m\u00e1 op\u00e7\u00e3o de investimentos que impede o crescimento das comunidades.<\/p>\n<p><a href=\"http:\/\/rioonwatch.org.br\/wp-content\/uploads\/2015\/05\/Remocoes-Audience1.jpg\"><img decoding=\"async\" class=\"aligncenter wp-image-14398\" title=\"Jane Nascimento conta sua hist\u00f3ria de luta em Vila Aut\u00f3dromo.\" src=\"http:\/\/rioonwatch.org.br\/wp-content\/uploads\/2015\/05\/Remocoes-Audience1.jpg\" alt=\"Jane Nascimento conta sua hist\u00f3ria de luta em Vila Aut\u00f3dromo.\" width=\"620\" height=\"413\" srcset=\"https:\/\/rioonwatch.org.br\/wp-content\/uploads\/2015\/05\/Remocoes-Audience1.jpg 1500w, https:\/\/rioonwatch.org.br\/wp-content\/uploads\/2015\/05\/Remocoes-Audience1-396x264.jpg 396w, https:\/\/rioonwatch.org.br\/wp-content\/uploads\/2015\/05\/Remocoes-Audience1-620x413.jpg 620w, https:\/\/rioonwatch.org.br\/wp-content\/uploads\/2015\/05\/Remocoes-Audience1-1024x683.jpg 1024w\" sizes=\"(max-width: 620px) 100vw, 620px\" \/><\/a><\/p>\n<p>Ap\u00f3s os palestrantes conclu\u00edrem as suas falas, abriu-se um espa\u00e7o para o p\u00fablico fazer perguntas e dar depoimentos. Uma jovem chamada Mariana compartilhou a hist\u00f3ria de como foi for\u00e7ada a sair de sua pr\u00f3pria casa, da mesma forma que havia ocorrido com outras pessoas que ela conhecia. \u00c0 medida que mais e mais pessoas se levantaram \u00e0 frente da mesa de debate e compartilharam as suas experi\u00eancias pessoais, ficou claro como esse t\u00f3pico \u00e9 traumatizante para os muitos afetados. Maria de Lourdes Lopes resumiu todas as declara\u00e7\u00f5es: \u201cEu n\u00e3o quero outra casa, eu quero a <em>minha<\/em> casa\u201d.<\/p>\n<!-- AddThis Advanced Settings generic via filter on the_content --><!-- AddThis Share Buttons generic via filter on the_content -->","protected":false},"excerpt":{"rendered":"<div class=\"mh-excerpt\"><p>Na quarta-feira, dia 13 de maio, a Universidade Estadual do Rio de Janeiro (UERJ) organizou uma mesa-redonda, que contou com a presen\u00e7a de Lucas Faulhaber (na foto acima, \u00e0 direita), Maria de Lourdes Lopes (no <a class=\"mh-excerpt-more\" href=\"https:\/\/rioonwatch.org.br\/?p=14395\" title=\"Mesa-Redonda Debate Remo\u00e7\u00f5es e Reforma Urbana na Cidade Ol\u00edmpica\">[&#8230;]<\/a><!-- AddThis Advanced Settings generic via filter on get_the_excerpt --><!-- AddThis Share Buttons generic via filter on get_the_excerpt --><\/p>\n<\/div>","protected":false},"author":137,"featured_media":14396,"comment_status":"closed","ping_status":"closed","sticky":false,"template":"","format":"standard","meta":{"_acf_changed":false,"_monsterinsights_skip_tracking":false,"_monsterinsights_sitenote_active":false,"_monsterinsights_sitenote_note":"","_monsterinsights_sitenote_category":0,"footnotes":""},"categories":[1617,1614,1635,346,344,1620],"tags":[389,709,424,88,396,395,1240,246,1037,78,14,92,55],"writer":[1477],"translator":[1499],"source":[],"ilustrador":[],"fotografo":[],"class_list":{"0":"post-14395","1":"post","2":"type-post","3":"status-publish","4":"format-standard","5":"has-post-thumbnail","7":"category-olhonagentrificacao","8":"category-olhonasremocoes","9":"category-1635","10":"category-denuncias","11":"category-politicas","12":"category-olhonaupp","13":"tag-copa-do-mundo","14":"tag-debate","15":"tag-direito-a-moradia","16":"tag-direitos-humanos","17":"tag-especulacao-imobiliaria","18":"tag-gentrificacao-remocao-branca","19":"tag-megaeventos","20":"tag-minha-casa-minha-vida","21":"tag-moradia","22":"tag-olimpiadas","23":"tag-remocao","24":"tag-upp","25":"tag-vila-autodromo","26":"writer-sergio-saenz","27":"translator-camilla-pereira"},"acf":[],"yoast_head":"<!-- This site is optimized with the Yoast SEO plugin v25.6 - https:\/\/yoast.com\/wordpress\/plugins\/seo\/ -->\n<title>Mesa-Redonda Debate Remo\u00e7\u00f5es e Reforma Urbana na Cidade Ol\u00edmpica - RioOnWatch<\/title>\n<meta name=\"robots\" content=\"index, follow, max-snippet:-1, max-image-preview:large, max-video-preview:-1\" \/>\n<link rel=\"canonical\" href=\"https:\/\/rioonwatch.org.br\/?p=14395\" \/>\n<meta property=\"og:locale\" content=\"pt_BR\" \/>\n<meta property=\"og:type\" content=\"article\" \/>\n<meta property=\"og:title\" content=\"Mesa-Redonda Debate Remo\u00e7\u00f5es e Reforma Urbana na Cidade Ol\u00edmpica - RioOnWatch\" \/>\n<meta property=\"og:description\" content=\"Na quarta-feira, dia 13 de maio, a Universidade Estadual do Rio de Janeiro (UERJ) organizou uma mesa-redonda, que contou com a presen\u00e7a de Lucas Faulhaber (na foto acima, \u00e0 direita), Maria de Lourdes Lopes (no [...]\" \/>\n<meta property=\"og:url\" content=\"https:\/\/rioonwatch.org.br\/?p=14395\" \/>\n<meta property=\"og:site_name\" content=\"RioOnWatch\" \/>\n<meta property=\"article:published_time\" content=\"2015-05-28T17:46:12+00:00\" \/>\n<meta property=\"article:modified_time\" content=\"2024-06-20T19:29:08+00:00\" \/>\n<meta property=\"og:image\" content=\"https:\/\/rioonwatch.org.br\/wp-content\/uploads\/2015\/05\/remocoes-painel.jpg\" \/>\n\t<meta property=\"og:image:width\" content=\"1492\" \/>\n\t<meta property=\"og:image:height\" content=\"753\" \/>\n\t<meta property=\"og:image:type\" content=\"image\/jpeg\" \/>\n<meta name=\"author\" content=\"Nicole Froio\" \/>\n<meta name=\"twitter:card\" content=\"summary_large_image\" \/>\n<meta name=\"twitter:label1\" content=\"Escrito por\" \/>\n\t<meta name=\"twitter:data1\" content=\"Nicole Froio\" \/>\n\t<meta name=\"twitter:label2\" content=\"Est. tempo de leitura\" \/>\n\t<meta name=\"twitter:data2\" content=\"4 minutos\" \/>\n<script type=\"application\/ld+json\" class=\"yoast-schema-graph\">{\"@context\":\"https:\/\/schema.org\",\"@graph\":[{\"@type\":\"Article\",\"@id\":\"https:\/\/rioonwatch.org.br\/?p=14395#article\",\"isPartOf\":{\"@id\":\"https:\/\/rioonwatch.org.br\/?p=14395\"},\"author\":{\"name\":\"Nicole Froio\",\"@id\":\"https:\/\/rioonwatch.org.br\/#\/schema\/person\/e07d559fe2154d11fd3ec515e35695ee\"},\"headline\":\"Mesa-Redonda Debate Remo\u00e7\u00f5es e Reforma Urbana na Cidade Ol\u00edmpica\",\"datePublished\":\"2015-05-28T17:46:12+00:00\",\"dateModified\":\"2024-06-20T19:29:08+00:00\",\"mainEntityOfPage\":{\"@id\":\"https:\/\/rioonwatch.org.br\/?p=14395\"},\"wordCount\":769,\"publisher\":{\"@id\":\"https:\/\/rioonwatch.org.br\/#organization\"},\"image\":{\"@id\":\"https:\/\/rioonwatch.org.br\/?p=14395#primaryimage\"},\"thumbnailUrl\":\"https:\/\/rioonwatch.org.br\/wp-content\/uploads\/2015\/05\/remocoes-painel.jpg\",\"keywords\":[\"Copa do Mundo\",\"debate\",\"Direito \u00e0 Moradia\",\"Direitos Humanos\",\"especula\u00e7\u00e3o imobili\u00e1ria\",\"gentrifica\u00e7\u00e3o\",\"Megaeventos\",\"Minha Casa Minha Vida\",\"moradia\",\"Olimp\u00edadas\",\"Remo\u00e7\u00e3o\",\"UPP\",\"Vila Aut\u00f3dromo\"],\"articleSection\":[\"#OlhoNaGentrifica\u00e7\u00e3o\",\"#OlhoNasRemo\u00e7\u00f5es\",\"#Rio2016\",\"Den\u00fancias\",\"Pol\u00edticas\",\"Seguran\u00e7a P\u00fablica\"],\"inLanguage\":\"pt-BR\"},{\"@type\":\"WebPage\",\"@id\":\"https:\/\/rioonwatch.org.br\/?p=14395\",\"url\":\"https:\/\/rioonwatch.org.br\/?p=14395\",\"name\":\"Mesa-Redonda Debate Remo\u00e7\u00f5es e Reforma Urbana na Cidade Ol\u00edmpica - RioOnWatch\",\"isPartOf\":{\"@id\":\"https:\/\/rioonwatch.org.br\/#website\"},\"primaryImageOfPage\":{\"@id\":\"https:\/\/rioonwatch.org.br\/?p=14395#primaryimage\"},\"image\":{\"@id\":\"https:\/\/rioonwatch.org.br\/?p=14395#primaryimage\"},\"thumbnailUrl\":\"https:\/\/rioonwatch.org.br\/wp-content\/uploads\/2015\/05\/remocoes-painel.jpg\",\"datePublished\":\"2015-05-28T17:46:12+00:00\",\"dateModified\":\"2024-06-20T19:29:08+00:00\",\"breadcrumb\":{\"@id\":\"https:\/\/rioonwatch.org.br\/?p=14395#breadcrumb\"},\"inLanguage\":\"pt-BR\",\"potentialAction\":[{\"@type\":\"ReadAction\",\"target\":[\"https:\/\/rioonwatch.org.br\/?p=14395\"]}]},{\"@type\":\"ImageObject\",\"inLanguage\":\"pt-BR\",\"@id\":\"https:\/\/rioonwatch.org.br\/?p=14395#primaryimage\",\"url\":\"https:\/\/rioonwatch.org.br\/wp-content\/uploads\/2015\/05\/remocoes-painel.jpg\",\"contentUrl\":\"https:\/\/rioonwatch.org.br\/wp-content\/uploads\/2015\/05\/remocoes-painel.jpg\",\"width\":1492,\"height\":753},{\"@type\":\"BreadcrumbList\",\"@id\":\"https:\/\/rioonwatch.org.br\/?p=14395#breadcrumb\",\"itemListElement\":[{\"@type\":\"ListItem\",\"position\":1,\"name\":\"In\u00edcio\",\"item\":\"https:\/\/rioonwatch.org.br\/\"},{\"@type\":\"ListItem\",\"position\":2,\"name\":\"Mesa-Redonda Debate Remo\u00e7\u00f5es e Reforma Urbana na Cidade Ol\u00edmpica\"}]},{\"@type\":\"WebSite\",\"@id\":\"https:\/\/rioonwatch.org.br\/#website\",\"url\":\"https:\/\/rioonwatch.org.br\/\",\"name\":\"RioOnWatch\",\"description\":\"relatos das favelas cariocas\",\"publisher\":{\"@id\":\"https:\/\/rioonwatch.org.br\/#organization\"},\"potentialAction\":[{\"@type\":\"SearchAction\",\"target\":{\"@type\":\"EntryPoint\",\"urlTemplate\":\"https:\/\/rioonwatch.org.br\/?s={search_term_string}\"},\"query-input\":{\"@type\":\"PropertyValueSpecification\",\"valueRequired\":true,\"valueName\":\"search_term_string\"}}],\"inLanguage\":\"pt-BR\"},{\"@type\":\"Organization\",\"@id\":\"https:\/\/rioonwatch.org.br\/#organization\",\"name\":\"RioOnWatch\",\"url\":\"https:\/\/rioonwatch.org.br\/\",\"logo\":{\"@type\":\"ImageObject\",\"inLanguage\":\"pt-BR\",\"@id\":\"https:\/\/rioonwatch.org.br\/#\/schema\/logo\/image\/\",\"url\":\"https:\/\/rioonwatch.org.br\/wp-content\/uploads\/2021\/06\/RioOnWatchcabecalhoPT11anos-2.png\",\"contentUrl\":\"https:\/\/rioonwatch.org.br\/wp-content\/uploads\/2021\/06\/RioOnWatchcabecalhoPT11anos-2.png\",\"width\":779,\"height\":277,\"caption\":\"RioOnWatch\"},\"image\":{\"@id\":\"https:\/\/rioonwatch.org.br\/#\/schema\/logo\/image\/\"}},{\"@type\":\"Person\",\"@id\":\"https:\/\/rioonwatch.org.br\/#\/schema\/person\/e07d559fe2154d11fd3ec515e35695ee\",\"name\":\"Nicole Froio\",\"image\":{\"@type\":\"ImageObject\",\"inLanguage\":\"pt-BR\",\"@id\":\"https:\/\/rioonwatch.org.br\/#\/schema\/person\/image\/\",\"url\":\"https:\/\/secure.gravatar.com\/avatar\/0acdbd6878ca0ac29aa5ce6c6119d636?s=96&d=blank&r=g\",\"contentUrl\":\"https:\/\/secure.gravatar.com\/avatar\/0acdbd6878ca0ac29aa5ce6c6119d636?s=96&d=blank&r=g\",\"caption\":\"Nicole Froio\"},\"url\":\"https:\/\/rioonwatch.org.br\/?author=137\"}]}<\/script>\n<!-- \/ Yoast SEO plugin. -->","yoast_head_json":{"title":"Mesa-Redonda Debate Remo\u00e7\u00f5es e Reforma Urbana na Cidade Ol\u00edmpica - RioOnWatch","robots":{"index":"index","follow":"follow","max-snippet":"max-snippet:-1","max-image-preview":"max-image-preview:large","max-video-preview":"max-video-preview:-1"},"canonical":"https:\/\/rioonwatch.org.br\/?p=14395","og_locale":"pt_BR","og_type":"article","og_title":"Mesa-Redonda Debate Remo\u00e7\u00f5es e Reforma Urbana na Cidade Ol\u00edmpica - RioOnWatch","og_description":"Na quarta-feira, dia 13 de maio, a Universidade Estadual do Rio de Janeiro (UERJ) organizou uma mesa-redonda, que contou com a presen\u00e7a de Lucas Faulhaber (na foto acima, \u00e0 direita), Maria de Lourdes Lopes (no [...]","og_url":"https:\/\/rioonwatch.org.br\/?p=14395","og_site_name":"RioOnWatch","article_published_time":"2015-05-28T17:46:12+00:00","article_modified_time":"2024-06-20T19:29:08+00:00","og_image":[{"width":1492,"height":753,"url":"https:\/\/rioonwatch.org.br\/wp-content\/uploads\/2015\/05\/remocoes-painel.jpg","type":"image\/jpeg"}],"author":"Nicole Froio","twitter_card":"summary_large_image","twitter_misc":{"Escrito por":"Nicole Froio","Est. tempo de leitura":"4 minutos"},"schema":{"@context":"https:\/\/schema.org","@graph":[{"@type":"Article","@id":"https:\/\/rioonwatch.org.br\/?p=14395#article","isPartOf":{"@id":"https:\/\/rioonwatch.org.br\/?p=14395"},"author":{"name":"Nicole Froio","@id":"https:\/\/rioonwatch.org.br\/#\/schema\/person\/e07d559fe2154d11fd3ec515e35695ee"},"headline":"Mesa-Redonda Debate Remo\u00e7\u00f5es e Reforma Urbana na Cidade Ol\u00edmpica","datePublished":"2015-05-28T17:46:12+00:00","dateModified":"2024-06-20T19:29:08+00:00","mainEntityOfPage":{"@id":"https:\/\/rioonwatch.org.br\/?p=14395"},"wordCount":769,"publisher":{"@id":"https:\/\/rioonwatch.org.br\/#organization"},"image":{"@id":"https:\/\/rioonwatch.org.br\/?p=14395#primaryimage"},"thumbnailUrl":"https:\/\/rioonwatch.org.br\/wp-content\/uploads\/2015\/05\/remocoes-painel.jpg","keywords":["Copa do Mundo","debate","Direito \u00e0 Moradia","Direitos Humanos","especula\u00e7\u00e3o imobili\u00e1ria","gentrifica\u00e7\u00e3o","Megaeventos","Minha Casa Minha Vida","moradia","Olimp\u00edadas","Remo\u00e7\u00e3o","UPP","Vila Aut\u00f3dromo"],"articleSection":["#OlhoNaGentrifica\u00e7\u00e3o","#OlhoNasRemo\u00e7\u00f5es","#Rio2016","Den\u00fancias","Pol\u00edticas","Seguran\u00e7a P\u00fablica"],"inLanguage":"pt-BR"},{"@type":"WebPage","@id":"https:\/\/rioonwatch.org.br\/?p=14395","url":"https:\/\/rioonwatch.org.br\/?p=14395","name":"Mesa-Redonda Debate Remo\u00e7\u00f5es e Reforma Urbana na Cidade Ol\u00edmpica - RioOnWatch","isPartOf":{"@id":"https:\/\/rioonwatch.org.br\/#website"},"primaryImageOfPage":{"@id":"https:\/\/rioonwatch.org.br\/?p=14395#primaryimage"},"image":{"@id":"https:\/\/rioonwatch.org.br\/?p=14395#primaryimage"},"thumbnailUrl":"https:\/\/rioonwatch.org.br\/wp-content\/uploads\/2015\/05\/remocoes-painel.jpg","datePublished":"2015-05-28T17:46:12+00:00","dateModified":"2024-06-20T19:29:08+00:00","breadcrumb":{"@id":"https:\/\/rioonwatch.org.br\/?p=14395#breadcrumb"},"inLanguage":"pt-BR","potentialAction":[{"@type":"ReadAction","target":["https:\/\/rioonwatch.org.br\/?p=14395"]}]},{"@type":"ImageObject","inLanguage":"pt-BR","@id":"https:\/\/rioonwatch.org.br\/?p=14395#primaryimage","url":"https:\/\/rioonwatch.org.br\/wp-content\/uploads\/2015\/05\/remocoes-painel.jpg","contentUrl":"https:\/\/rioonwatch.org.br\/wp-content\/uploads\/2015\/05\/remocoes-painel.jpg","width":1492,"height":753},{"@type":"BreadcrumbList","@id":"https:\/\/rioonwatch.org.br\/?p=14395#breadcrumb","itemListElement":[{"@type":"ListItem","position":1,"name":"In\u00edcio","item":"https:\/\/rioonwatch.org.br\/"},{"@type":"ListItem","position":2,"name":"Mesa-Redonda Debate Remo\u00e7\u00f5es e Reforma Urbana na Cidade Ol\u00edmpica"}]},{"@type":"WebSite","@id":"https:\/\/rioonwatch.org.br\/#website","url":"https:\/\/rioonwatch.org.br\/","name":"RioOnWatch","description":"relatos das favelas cariocas","publisher":{"@id":"https:\/\/rioonwatch.org.br\/#organization"},"potentialAction":[{"@type":"SearchAction","target":{"@type":"EntryPoint","urlTemplate":"https:\/\/rioonwatch.org.br\/?s={search_term_string}"},"query-input":{"@type":"PropertyValueSpecification","valueRequired":true,"valueName":"search_term_string"}}],"inLanguage":"pt-BR"},{"@type":"Organization","@id":"https:\/\/rioonwatch.org.br\/#organization","name":"RioOnWatch","url":"https:\/\/rioonwatch.org.br\/","logo":{"@type":"ImageObject","inLanguage":"pt-BR","@id":"https:\/\/rioonwatch.org.br\/#\/schema\/logo\/image\/","url":"https:\/\/rioonwatch.org.br\/wp-content\/uploads\/2021\/06\/RioOnWatchcabecalhoPT11anos-2.png","contentUrl":"https:\/\/rioonwatch.org.br\/wp-content\/uploads\/2021\/06\/RioOnWatchcabecalhoPT11anos-2.png","width":779,"height":277,"caption":"RioOnWatch"},"image":{"@id":"https:\/\/rioonwatch.org.br\/#\/schema\/logo\/image\/"}},{"@type":"Person","@id":"https:\/\/rioonwatch.org.br\/#\/schema\/person\/e07d559fe2154d11fd3ec515e35695ee","name":"Nicole Froio","image":{"@type":"ImageObject","inLanguage":"pt-BR","@id":"https:\/\/rioonwatch.org.br\/#\/schema\/person\/image\/","url":"https:\/\/secure.gravatar.com\/avatar\/0acdbd6878ca0ac29aa5ce6c6119d636?s=96&d=blank&r=g","contentUrl":"https:\/\/secure.gravatar.com\/avatar\/0acdbd6878ca0ac29aa5ce6c6119d636?s=96&d=blank&r=g","caption":"Nicole Froio"},"url":"https:\/\/rioonwatch.org.br\/?author=137"}]}},"_links":{"self":[{"href":"https:\/\/rioonwatch.org.br\/index.php?rest_route=\/wp\/v2\/posts\/14395"}],"collection":[{"href":"https:\/\/rioonwatch.org.br\/index.php?rest_route=\/wp\/v2\/posts"}],"about":[{"href":"https:\/\/rioonwatch.org.br\/index.php?rest_route=\/wp\/v2\/types\/post"}],"author":[{"embeddable":true,"href":"https:\/\/rioonwatch.org.br\/index.php?rest_route=\/wp\/v2\/users\/137"}],"replies":[{"embeddable":true,"href":"https:\/\/rioonwatch.org.br\/index.php?rest_route=%2Fwp%2Fv2%2Fcomments&post=14395"}],"version-history":[{"count":19,"href":"https:\/\/rioonwatch.org.br\/index.php?rest_route=\/wp\/v2\/posts\/14395\/revisions"}],"predecessor-version":[{"id":74334,"href":"https:\/\/rioonwatch.org.br\/index.php?rest_route=\/wp\/v2\/posts\/14395\/revisions\/74334"}],"wp:featuredmedia":[{"embeddable":true,"href":"https:\/\/rioonwatch.org.br\/index.php?rest_route=\/wp\/v2\/media\/14396"}],"wp:attachment":[{"href":"https:\/\/rioonwatch.org.br\/index.php?rest_route=%2Fwp%2Fv2%2Fmedia&parent=14395"}],"wp:term":[{"taxonomy":"category","embeddable":true,"href":"https:\/\/rioonwatch.org.br\/index.php?rest_route=%2Fwp%2Fv2%2Fcategories&post=14395"},{"taxonomy":"post_tag","embeddable":true,"href":"https:\/\/rioonwatch.org.br\/index.php?rest_route=%2Fwp%2Fv2%2Ftags&post=14395"},{"taxonomy":"writer","embeddable":true,"href":"https:\/\/rioonwatch.org.br\/index.php?rest_route=%2Fwp%2Fv2%2Fwriter&post=14395"},{"taxonomy":"translator","embeddable":true,"href":"https:\/\/rioonwatch.org.br\/index.php?rest_route=%2Fwp%2Fv2%2Ftranslator&post=14395"},{"taxonomy":"source","embeddable":true,"href":"https:\/\/rioonwatch.org.br\/index.php?rest_route=%2Fwp%2Fv2%2Fsource&post=14395"},{"taxonomy":"ilustrador","embeddable":true,"href":"https:\/\/rioonwatch.org.br\/index.php?rest_route=%2Fwp%2Fv2%2Filustrador&post=14395"},{"taxonomy":"fotografo","embeddable":true,"href":"https:\/\/rioonwatch.org.br\/index.php?rest_route=%2Fwp%2Fv2%2Ffotografo&post=14395"}],"curies":[{"name":"wp","href":"https:\/\/api.w.org\/{rel}","templated":true}]}}