{"id":14441,"date":"2015-06-06T14:59:57","date_gmt":"2015-06-06T17:59:57","guid":{"rendered":"http:\/\/rioonwatch.org.br\/?p=14441"},"modified":"2024-05-24T12:41:23","modified_gmt":"2024-05-24T15:41:23","slug":"expatriados-acreditam-que-a-cegueira-racial-no-brasil-e-desfeita-pela-realidade","status":"publish","type":"post","link":"https:\/\/rioonwatch.org.br\/?p=14441","title":{"rendered":"Expatriados Acreditam que a \u201cCegueira Racial\u201d no Brasil \u00e9 Desfeita pela Realidade"},"content":{"rendered":"<figure id=\"attachment_14514\" aria-describedby=\"caption-attachment-14514\" style=\"width: 300px\" class=\"wp-caption alignright\"><a href=\"http:\/\/rioonwatch.org.br\/wp-content\/uploads\/2015\/06\/npr.jpg\"><img fetchpriority=\"high\" decoding=\"async\" class=\"wp-image-14514 size-medium\" src=\"http:\/\/rioonwatch.org.br\/wp-content\/uploads\/2015\/06\/npr-300x254.jpg\" alt=\"O americano Ky Adderley (centro), sua mulher, Shanna Farrar Adderley, e sua filha, Gisela Sky, moram no Brasil. Ele diz que, no Brasil, ser um homem negro educado soa como um ato subversivo. \u201cTodos os negros que eu vejo est\u00e3o em trabalhos servi\u00e7ais - e quanto mais escura \u00e9 a sua pele, menos voc\u00ea \u00e9 visto,&quot; ele diz. &quot;Ent\u00e3o voc\u00ea provavelmente trabalhar\u00e1 na cozinha, e n\u00e3o servindo uma mesa&quot;.\" width=\"300\" height=\"254\" \/><\/a><figcaption id=\"caption-attachment-14514\" class=\"wp-caption-text\">O americano Ky Adderley (centro), sua mulher, Shanna Farrar Adderley, e sua filha, Gisela Sky, moram no Brasil. Ele diz que, no Brasil, ser um homem negro educado soa como um ato subversivo. \u201cTodos os negros que eu vejo est\u00e3o em trabalhos servi\u00e7ais&#8211;e quanto mais escura \u00e9 a sua pele, menos voc\u00ea \u00e9 visto,&#8221; ele diz. &#8220;Ent\u00e3o voc\u00ea provavelmente trabalhar\u00e1 na cozinha, e n\u00e3o servindo uma mesa&#8221;.<\/figcaption><\/figure>\n<p style=\"text-align: left;\"><em><em>Ou\u00e7a\u00a0a mat\u00e9ria original por Lourdes Garcia-Navarro em ingl\u00eas na R\u00e1dio P\u00fablica Nacional Americana, NPR,\u00a0<em><a href=\"http:\/\/n.pr\/1clRPYP\" target=\"_blank\" rel=\"noopener\">aqui<\/a><\/em>.\u00a0<em>O RioOnWatch traduz mat\u00e9rias do ingl\u00eas para que brasileiros possam ter acesso e acompanhar\u00a0temas ou an\u00e1lises cobertos fora do pa\u00eds que nem sempre s\u00e3o cobertos no Brasil.<\/em><\/em><\/em><\/p>\n<p style=\"text-align: left;\">Existe uma piada no Brasil que diz que o passaporte brasileiro \u00e9 o mais cobi\u00e7ado no mercado negro, porque n\u00e3o importa de onde veio&#8211;\u00c1sia, \u00c1frica ou Europa&#8211;voc\u00ea vai se encaixar aqui. Mas a realidade \u00e9 bem diferente.<\/p>\n<p style=\"text-align: left;\">Estou sentada em um caf\u00e9\u00a0com duas mulheres que n\u00e3o querem que seus nomes sejam revelados devido \u00e0 natureza sens\u00edvel do assunto. Uma \u00e9 do Caribe; seu marido \u00e9 um executivo expatriado.<\/p>\n<p style=\"text-align: left;\">&#8220;Eu achava que eu tinha a apar\u00eancia da m\u00e9dia das brasileiras; o Brasil que vemos na m\u00eddia n\u00e3o \u00e9 como o que eu vivi quando cheguei aqui&#8221;, ela me diz.<\/p>\n<p style=\"text-align: left;\">Assim como muitas pessoas da Bacia do Caribe, ela se auto-identifica como multiracial. Existe uma mistura de ra\u00e7as e etnias na ilha de onde ela veio, o que a deixou animada para se mudar para o Brasil, que tem sido apontado como um dos lugares mais racialmente harm\u00f4nicos do mundo.<\/p>\n<p style=\"text-align: left;\">&#8220;Quando eu cheguei, eu fiquei chocada ao perceber que h\u00e1 uma grande diferen\u00e7a entre as ra\u00e7as e cores, e o que se espera&#8211;o que \u00e9 o seu papel, basicamente&#8211;com base em sua cor de pele&#8221;, diz ela.<\/p>\n<p style=\"text-align: left;\">Mudar-se para um novo pa\u00eds pode ser dif\u00edcil; quando existem quest\u00f5es raciais envolvidas, as coisas podem ficar ainda mais complicadas.<\/p>\n<p style=\"text-align: left;\">A outra mulher veio de Londres, e tamb\u00e9m se mudou para o Brasil por causa do emprego de seu marido. Ela se identifica como negra.<\/p>\n<p style=\"text-align: left;\">&#8220;Minha pele \u00e9 bem escura ent\u00e3o, ao sair com meus filhos, em certas ocasi\u00f5es pessoas me dizem, &#8216;Voc\u00ea \u00e9 a bab\u00e1 deles?&#8217; E eu tenho que explicar que n\u00e3o, que esses s\u00e3o os meus filhos e eu cuido deles&#8221;, ela diz.<\/p>\n<p style=\"text-align: left;\">Uma aula r\u00e1pida sobre ra\u00e7a e classes no Brasil: o pa\u00eds foi o \u00faltimo lugar da Am\u00e9rica a abolir a escravid\u00e3o. Ele tamb\u00e9m importou\u00a0<a href=\"http:\/\/bit.ly\/1JBUlW1\" target=\"_blank\" rel=\"noopener\">10 vezes mais a quantidade de escravos que os Estados Unidos<\/a>&#8211;cerca de 4 milh\u00f5es. Isso significa que mais de 50% da popula\u00e7\u00e3o tem descend\u00eancia africana, mas esses n\u00fameros n\u00e3o se traduziram em oportunidades.<\/p>\n<p style=\"text-align: left;\">Por exemplo, \u00e9 comum hoje em dia que as pessoas das camadas mais brancas e mais ricas tenham uma bab\u00e1 de pele mais escura. A mulher vinda de Londres diz que \u00e9 pedido \u00e0s bab\u00e1s que vistam-se inteiramente de branco.<\/p>\n<p style=\"text-align: left;\">&#8220;Eu parei de usar branco imediatamente&#8221;, ela diz, porque era muito cansativo ter que ficar explicando que seus filhos eram, de fato, seus filhos, ao contr\u00e1rio do que sup\u00f5em os brasileiros. &#8220;Eu me livrei de tudo o que era branco em meu guarda-roupas, e eu n\u00e3o uso mais roupas brancas&#8221;.<\/p>\n<p style=\"text-align: left;\">Como uma mulher negra com filhos de pele mais clara, ela diz que sente medo de ser parada pela pol\u00edcia, que <a href=\"http:\/\/bit.ly\/1PDrYLE\" target=\"_blank\" rel=\"noopener\">normalmente mira n\u00e3o-brancas<\/a>\u00a0no Brasil. Ela sempre leva sua carteira de identidade para provar que \u00e9 a m\u00e3e de seus dois filhos&#8211;algo que ela n\u00e3o precisava fazer em Londres.<\/p>\n<p style=\"text-align: left;\">Ky Adderley, um americano de Filad\u00e9lfia que dirige uma consultoria educacional no Rio de Janeiro, tamb\u00e9m diz ter ficado surpreso quando se mudou para o Brasil.<\/p>\n<p style=\"text-align: left;\">&#8220;Eu sinto que o racismo aqui \u00e9 muito mais profundo do que eu j\u00e1 senti em outros lugares&#8221;, ele diz.<\/p>\n<p style=\"text-align: left;\">Ele conta que sabia como lidar com o fato de ser um homem negro nos Estados Unidos: &#8220;Independentemente do tom da pele de algu\u00e9m, havia um sentimento na comunidade negra de que se voc\u00ea tem um pouco de cor em voc\u00ea, voc\u00ea \u00e9 negro, e ent\u00e3o conseguimos construir uma comunidade rapidamente&#8221;. Mas no Brasil ele teve muita dificuldade em encontrar a mesma rede de apoio. Foi ent\u00e3o que ele criou sua pr\u00f3pria rede, com outros homens negros expatriados.<\/p>\n<p style=\"text-align: left;\">&#8220;N\u00f3s temos um grupo chamado<em> Bros in Brasil <\/em>(Irm\u00e3os no Brasil)&#8221;, ele diz. &#8220;\u00c9 um grupo com cerca de 15 homens, que vieram da Europa, \u00c1frica e Estados Unidos, e que vivem e trabalham no Brasil profissionalmente&#8221;.<\/p>\n<p style=\"text-align: left;\">Eles falam muito sobre ra\u00e7a. O Brasil, diz Adderley, tem uma segrega\u00e7\u00e3o racial muito profunda, especialmente no Rio. Se ele n\u00e3o estiver bem vestido quando sai para passear com o seu cachorro, ele \u00e9 constantemente perguntado se trabalha como passeador de c\u00e3es profissional.<\/p>\n<p style=\"text-align: left;\">Para ele, apenas o fato de ser um homem negro educado parece um ato subversivo no Brasil.<\/p>\n<p style=\"text-align: left;\">&#8220;Sendo uma pessoa negra, qual \u00e9 o seu lugar no Rio de Janeiro? Todos os negros que eu vejo est\u00e3o em trabalhos servi\u00e7ais&#8211;e quanto mais escura \u00e9 a sua pele, menos voc\u00ea \u00e9 visto&#8221;, ele diz. &#8220;Ent\u00e3o voc\u00ea provavelmente trabalhar\u00e1 na cozinha, e n\u00e3o servindo uma mesa&#8221;.<\/p>\n<p style=\"text-align: left;\">A maioria das pessoas no Brasil diz a ele que n\u00e3o existe um problema racial e, para ele, essa \u00e9 a raiz do problema: as pessoas n\u00e3o est\u00e3o falando sobre isso.<\/p>\n<p style=\"text-align: left;\">Sua preocupa\u00e7\u00e3o \u00e9 como a quest\u00e3o racial no Brasil afetar\u00e1 sua filha. Uma mulher que fotografou sua filha, ent\u00e3o rec\u00e9m-nascida, disse que ele precisaria mudar os tra\u00e7os faciais da menina.<\/p>\n<p style=\"text-align: left;\">&#8220;Bem, voc\u00ea pode consertar o nariz dela, \u00e9 s\u00f3 apert\u00e1-lo. Se voc\u00ea apertar o nariz dela todos os dias, ela n\u00e3o ter\u00e1 mais esse nariz t\u00e3o grande&#8221;, ele relembra a fala dela.<\/p>\n<p style=\"text-align: left;\">A mulher londrina diz que o racismo no Brasil tamb\u00e9m come\u00e7ou a afetar seus filhos.<\/p>\n<p style=\"text-align: left;\">&#8220;Ao voltar da escola, meu filho de 3 anos come\u00e7ou a esfregar meus bra\u00e7os e a minha pele&#8221;, ela conta. &#8220;Ele disse, &#8216;Mam\u00e3e, eu estou tentando tirar o marrom.&#8217;\u201c<\/p>\n<p style=\"text-align: left;\">Mas existe um lado positivo&#8211;a mulher que veio do Caribe diz que estar no Brasil fez dela muito mais consciente a respeito de quest\u00f5es raciais. Ela se recusa a parar de usar sua cor favorita, o branco.<\/p>\n<p style=\"text-align: left;\">&#8220;Por que voc\u00ea deveria deixar que a cor de uma roupa ou a cor da sua pele represente quem voc\u00ea \u00e9?&#8221; ela diz. &#8220;Eu sou quem eu sou. N\u00e3o ligo para o que voc\u00ea pensa&#8211;essa \u00e9 quem sou e eu vou continuar a ser eu mesma&#8221;.<\/p>\n<!-- AddThis Advanced Settings generic via filter on the_content --><!-- AddThis Share Buttons generic via filter on the_content -->","protected":false},"excerpt":{"rendered":"<div class=\"mh-excerpt\"><p>Ou\u00e7a\u00a0a mat\u00e9ria original por Lourdes Garcia-Navarro em ingl\u00eas na R\u00e1dio P\u00fablica Nacional Americana, NPR,\u00a0aqui.\u00a0O RioOnWatch traduz mat\u00e9rias do ingl\u00eas para que brasileiros possam ter acesso e acompanhar\u00a0temas ou an\u00e1lises cobertos fora do pa\u00eds que nem <a class=\"mh-excerpt-more\" href=\"https:\/\/rioonwatch.org.br\/?p=14441\" title=\"Expatriados Acreditam que a \u201cCegueira Racial\u201d no Brasil \u00e9 Desfeita pela Realidade\">[&#8230;]<\/a><!-- AddThis Advanced Settings generic via filter on get_the_excerpt --><!-- AddThis Share Buttons generic via filter on get_the_excerpt --><\/p>\n<\/div>","protected":false},"author":137,"featured_media":14442,"comment_status":"closed","ping_status":"closed","sticky":false,"template":"","format":"standard","meta":{"_acf_changed":false,"_monsterinsights_skip_tracking":false,"_monsterinsights_sitenote_active":false,"_monsterinsights_sitenote_note":"","_monsterinsights_sitenote_category":0,"footnotes":""},"categories":[1621,346,1634],"tags":[3253,759,413,126,936,1168],"writer":[1324],"translator":[1503],"source":[1177],"ilustrador":[],"fotografo":[],"class_list":{"0":"post-14441","1":"post","2":"type-post","3":"status-publish","4":"format-standard","5":"has-post-thumbnail","7":"category-destaque","8":"category-denuncias","9":"category-traducoes","10":"tag-antirracismo","11":"tag-comparacao-internacional","12":"tag-desigualdade","13":"tag-preconceito","14":"tag-raca","15":"tag-traducao","16":"writer-lourdes-garcia-navarro","17":"translator-ana-lidia-guerrero","18":"source-npr"},"acf":[],"yoast_head":"<!-- This site is optimized with the Yoast SEO plugin v25.6 - https:\/\/yoast.com\/wordpress\/plugins\/seo\/ -->\n<title>Expatriados Acreditam que a \u201cCegueira Racial\u201d no Brasil \u00e9 Desfeita pela Realidade - RioOnWatch<\/title>\n<meta name=\"robots\" content=\"index, follow, max-snippet:-1, max-image-preview:large, max-video-preview:-1\" \/>\n<link rel=\"canonical\" href=\"https:\/\/rioonwatch.org.br\/?p=14441\" \/>\n<meta property=\"og:locale\" content=\"pt_BR\" \/>\n<meta property=\"og:type\" content=\"article\" \/>\n<meta property=\"og:title\" content=\"Expatriados Acreditam que a \u201cCegueira Racial\u201d no Brasil \u00e9 Desfeita pela Realidade - RioOnWatch\" \/>\n<meta property=\"og:description\" content=\"Ou\u00e7a\u00a0a mat\u00e9ria original por Lourdes Garcia-Navarro em ingl\u00eas na R\u00e1dio P\u00fablica Nacional Americana, NPR,\u00a0aqui.\u00a0O RioOnWatch traduz mat\u00e9rias do ingl\u00eas para que brasileiros possam ter acesso e acompanhar\u00a0temas ou an\u00e1lises cobertos fora do pa\u00eds que nem [...]\" \/>\n<meta property=\"og:url\" content=\"https:\/\/rioonwatch.org.br\/?p=14441\" \/>\n<meta property=\"og:site_name\" content=\"RioOnWatch\" \/>\n<meta property=\"article:published_time\" content=\"2015-06-06T17:59:57+00:00\" \/>\n<meta property=\"article:modified_time\" content=\"2024-05-24T15:41:23+00:00\" \/>\n<meta property=\"og:image\" content=\"https:\/\/rioonwatch.org.br\/wp-content\/uploads\/2015\/06\/NPR-raca.jpeg\" \/>\n\t<meta property=\"og:image:width\" content=\"357\" \/>\n\t<meta property=\"og:image:height\" content=\"407\" \/>\n\t<meta property=\"og:image:type\" content=\"image\/jpeg\" \/>\n<meta name=\"author\" content=\"Nicole Froio\" \/>\n<meta name=\"twitter:card\" content=\"summary_large_image\" \/>\n<meta name=\"twitter:label1\" content=\"Escrito por\" \/>\n\t<meta name=\"twitter:data1\" content=\"Nicole Froio\" \/>\n\t<meta name=\"twitter:label2\" content=\"Est. tempo de leitura\" \/>\n\t<meta name=\"twitter:data2\" content=\"6 minutos\" \/>\n<script type=\"application\/ld+json\" class=\"yoast-schema-graph\">{\"@context\":\"https:\/\/schema.org\",\"@graph\":[{\"@type\":\"Article\",\"@id\":\"https:\/\/rioonwatch.org.br\/?p=14441#article\",\"isPartOf\":{\"@id\":\"https:\/\/rioonwatch.org.br\/?p=14441\"},\"author\":{\"name\":\"Nicole Froio\",\"@id\":\"https:\/\/rioonwatch.org.br\/#\/schema\/person\/e07d559fe2154d11fd3ec515e35695ee\"},\"headline\":\"Expatriados Acreditam que a \u201cCegueira Racial\u201d no Brasil \u00e9 Desfeita pela Realidade\",\"datePublished\":\"2015-06-06T17:59:57+00:00\",\"dateModified\":\"2024-05-24T15:41:23+00:00\",\"mainEntityOfPage\":{\"@id\":\"https:\/\/rioonwatch.org.br\/?p=14441\"},\"wordCount\":1145,\"publisher\":{\"@id\":\"https:\/\/rioonwatch.org.br\/#organization\"},\"image\":{\"@id\":\"https:\/\/rioonwatch.org.br\/?p=14441#primaryimage\"},\"thumbnailUrl\":\"https:\/\/rioonwatch.org.br\/wp-content\/uploads\/2015\/06\/NPR-raca.jpeg\",\"keywords\":[\"Antirracismo\",\"compara\u00e7\u00e3o internacional\",\"desigualdade\",\"preconceito\",\"ra\u00e7a\",\"tradu\u00e7\u00e3o\"],\"articleSection\":[\"*Destaque\",\"Den\u00fancias\",\"Traduzidas do Ingl\u00eas\"],\"inLanguage\":\"pt-BR\"},{\"@type\":\"WebPage\",\"@id\":\"https:\/\/rioonwatch.org.br\/?p=14441\",\"url\":\"https:\/\/rioonwatch.org.br\/?p=14441\",\"name\":\"Expatriados Acreditam que a \u201cCegueira Racial\u201d no Brasil \u00e9 Desfeita pela Realidade - RioOnWatch\",\"isPartOf\":{\"@id\":\"https:\/\/rioonwatch.org.br\/#website\"},\"primaryImageOfPage\":{\"@id\":\"https:\/\/rioonwatch.org.br\/?p=14441#primaryimage\"},\"image\":{\"@id\":\"https:\/\/rioonwatch.org.br\/?p=14441#primaryimage\"},\"thumbnailUrl\":\"https:\/\/rioonwatch.org.br\/wp-content\/uploads\/2015\/06\/NPR-raca.jpeg\",\"datePublished\":\"2015-06-06T17:59:57+00:00\",\"dateModified\":\"2024-05-24T15:41:23+00:00\",\"breadcrumb\":{\"@id\":\"https:\/\/rioonwatch.org.br\/?p=14441#breadcrumb\"},\"inLanguage\":\"pt-BR\",\"potentialAction\":[{\"@type\":\"ReadAction\",\"target\":[\"https:\/\/rioonwatch.org.br\/?p=14441\"]}]},{\"@type\":\"ImageObject\",\"inLanguage\":\"pt-BR\",\"@id\":\"https:\/\/rioonwatch.org.br\/?p=14441#primaryimage\",\"url\":\"https:\/\/rioonwatch.org.br\/wp-content\/uploads\/2015\/06\/NPR-raca.jpeg\",\"contentUrl\":\"https:\/\/rioonwatch.org.br\/wp-content\/uploads\/2015\/06\/NPR-raca.jpeg\",\"width\":357,\"height\":407},{\"@type\":\"BreadcrumbList\",\"@id\":\"https:\/\/rioonwatch.org.br\/?p=14441#breadcrumb\",\"itemListElement\":[{\"@type\":\"ListItem\",\"position\":1,\"name\":\"In\u00edcio\",\"item\":\"https:\/\/rioonwatch.org.br\/\"},{\"@type\":\"ListItem\",\"position\":2,\"name\":\"Expatriados Acreditam que a \u201cCegueira Racial\u201d no Brasil \u00e9 Desfeita pela Realidade\"}]},{\"@type\":\"WebSite\",\"@id\":\"https:\/\/rioonwatch.org.br\/#website\",\"url\":\"https:\/\/rioonwatch.org.br\/\",\"name\":\"RioOnWatch\",\"description\":\"relatos das favelas cariocas\",\"publisher\":{\"@id\":\"https:\/\/rioonwatch.org.br\/#organization\"},\"potentialAction\":[{\"@type\":\"SearchAction\",\"target\":{\"@type\":\"EntryPoint\",\"urlTemplate\":\"https:\/\/rioonwatch.org.br\/?s={search_term_string}\"},\"query-input\":{\"@type\":\"PropertyValueSpecification\",\"valueRequired\":true,\"valueName\":\"search_term_string\"}}],\"inLanguage\":\"pt-BR\"},{\"@type\":\"Organization\",\"@id\":\"https:\/\/rioonwatch.org.br\/#organization\",\"name\":\"RioOnWatch\",\"url\":\"https:\/\/rioonwatch.org.br\/\",\"logo\":{\"@type\":\"ImageObject\",\"inLanguage\":\"pt-BR\",\"@id\":\"https:\/\/rioonwatch.org.br\/#\/schema\/logo\/image\/\",\"url\":\"https:\/\/rioonwatch.org.br\/wp-content\/uploads\/2021\/06\/RioOnWatchcabecalhoPT11anos-2.png\",\"contentUrl\":\"https:\/\/rioonwatch.org.br\/wp-content\/uploads\/2021\/06\/RioOnWatchcabecalhoPT11anos-2.png\",\"width\":779,\"height\":277,\"caption\":\"RioOnWatch\"},\"image\":{\"@id\":\"https:\/\/rioonwatch.org.br\/#\/schema\/logo\/image\/\"}},{\"@type\":\"Person\",\"@id\":\"https:\/\/rioonwatch.org.br\/#\/schema\/person\/e07d559fe2154d11fd3ec515e35695ee\",\"name\":\"Nicole Froio\",\"image\":{\"@type\":\"ImageObject\",\"inLanguage\":\"pt-BR\",\"@id\":\"https:\/\/rioonwatch.org.br\/#\/schema\/person\/image\/\",\"url\":\"https:\/\/secure.gravatar.com\/avatar\/0acdbd6878ca0ac29aa5ce6c6119d636?s=96&d=blank&r=g\",\"contentUrl\":\"https:\/\/secure.gravatar.com\/avatar\/0acdbd6878ca0ac29aa5ce6c6119d636?s=96&d=blank&r=g\",\"caption\":\"Nicole Froio\"},\"url\":\"https:\/\/rioonwatch.org.br\/?author=137\"}]}<\/script>\n<!-- \/ Yoast SEO plugin. -->","yoast_head_json":{"title":"Expatriados Acreditam que a \u201cCegueira Racial\u201d no Brasil \u00e9 Desfeita pela Realidade - RioOnWatch","robots":{"index":"index","follow":"follow","max-snippet":"max-snippet:-1","max-image-preview":"max-image-preview:large","max-video-preview":"max-video-preview:-1"},"canonical":"https:\/\/rioonwatch.org.br\/?p=14441","og_locale":"pt_BR","og_type":"article","og_title":"Expatriados Acreditam que a \u201cCegueira Racial\u201d no Brasil \u00e9 Desfeita pela Realidade - RioOnWatch","og_description":"Ou\u00e7a\u00a0a mat\u00e9ria original por Lourdes Garcia-Navarro em ingl\u00eas na R\u00e1dio P\u00fablica Nacional Americana, NPR,\u00a0aqui.\u00a0O RioOnWatch traduz mat\u00e9rias do ingl\u00eas para que brasileiros possam ter acesso e acompanhar\u00a0temas ou an\u00e1lises cobertos fora do pa\u00eds que nem [...]","og_url":"https:\/\/rioonwatch.org.br\/?p=14441","og_site_name":"RioOnWatch","article_published_time":"2015-06-06T17:59:57+00:00","article_modified_time":"2024-05-24T15:41:23+00:00","og_image":[{"width":357,"height":407,"url":"https:\/\/rioonwatch.org.br\/wp-content\/uploads\/2015\/06\/NPR-raca.jpeg","type":"image\/jpeg"}],"author":"Nicole Froio","twitter_card":"summary_large_image","twitter_misc":{"Escrito por":"Nicole Froio","Est. tempo de leitura":"6 minutos"},"schema":{"@context":"https:\/\/schema.org","@graph":[{"@type":"Article","@id":"https:\/\/rioonwatch.org.br\/?p=14441#article","isPartOf":{"@id":"https:\/\/rioonwatch.org.br\/?p=14441"},"author":{"name":"Nicole Froio","@id":"https:\/\/rioonwatch.org.br\/#\/schema\/person\/e07d559fe2154d11fd3ec515e35695ee"},"headline":"Expatriados Acreditam que a \u201cCegueira Racial\u201d no Brasil \u00e9 Desfeita pela Realidade","datePublished":"2015-06-06T17:59:57+00:00","dateModified":"2024-05-24T15:41:23+00:00","mainEntityOfPage":{"@id":"https:\/\/rioonwatch.org.br\/?p=14441"},"wordCount":1145,"publisher":{"@id":"https:\/\/rioonwatch.org.br\/#organization"},"image":{"@id":"https:\/\/rioonwatch.org.br\/?p=14441#primaryimage"},"thumbnailUrl":"https:\/\/rioonwatch.org.br\/wp-content\/uploads\/2015\/06\/NPR-raca.jpeg","keywords":["Antirracismo","compara\u00e7\u00e3o internacional","desigualdade","preconceito","ra\u00e7a","tradu\u00e7\u00e3o"],"articleSection":["*Destaque","Den\u00fancias","Traduzidas do Ingl\u00eas"],"inLanguage":"pt-BR"},{"@type":"WebPage","@id":"https:\/\/rioonwatch.org.br\/?p=14441","url":"https:\/\/rioonwatch.org.br\/?p=14441","name":"Expatriados Acreditam que a \u201cCegueira Racial\u201d no Brasil \u00e9 Desfeita pela Realidade - RioOnWatch","isPartOf":{"@id":"https:\/\/rioonwatch.org.br\/#website"},"primaryImageOfPage":{"@id":"https:\/\/rioonwatch.org.br\/?p=14441#primaryimage"},"image":{"@id":"https:\/\/rioonwatch.org.br\/?p=14441#primaryimage"},"thumbnailUrl":"https:\/\/rioonwatch.org.br\/wp-content\/uploads\/2015\/06\/NPR-raca.jpeg","datePublished":"2015-06-06T17:59:57+00:00","dateModified":"2024-05-24T15:41:23+00:00","breadcrumb":{"@id":"https:\/\/rioonwatch.org.br\/?p=14441#breadcrumb"},"inLanguage":"pt-BR","potentialAction":[{"@type":"ReadAction","target":["https:\/\/rioonwatch.org.br\/?p=14441"]}]},{"@type":"ImageObject","inLanguage":"pt-BR","@id":"https:\/\/rioonwatch.org.br\/?p=14441#primaryimage","url":"https:\/\/rioonwatch.org.br\/wp-content\/uploads\/2015\/06\/NPR-raca.jpeg","contentUrl":"https:\/\/rioonwatch.org.br\/wp-content\/uploads\/2015\/06\/NPR-raca.jpeg","width":357,"height":407},{"@type":"BreadcrumbList","@id":"https:\/\/rioonwatch.org.br\/?p=14441#breadcrumb","itemListElement":[{"@type":"ListItem","position":1,"name":"In\u00edcio","item":"https:\/\/rioonwatch.org.br\/"},{"@type":"ListItem","position":2,"name":"Expatriados Acreditam que a \u201cCegueira Racial\u201d no Brasil \u00e9 Desfeita pela Realidade"}]},{"@type":"WebSite","@id":"https:\/\/rioonwatch.org.br\/#website","url":"https:\/\/rioonwatch.org.br\/","name":"RioOnWatch","description":"relatos das favelas cariocas","publisher":{"@id":"https:\/\/rioonwatch.org.br\/#organization"},"potentialAction":[{"@type":"SearchAction","target":{"@type":"EntryPoint","urlTemplate":"https:\/\/rioonwatch.org.br\/?s={search_term_string}"},"query-input":{"@type":"PropertyValueSpecification","valueRequired":true,"valueName":"search_term_string"}}],"inLanguage":"pt-BR"},{"@type":"Organization","@id":"https:\/\/rioonwatch.org.br\/#organization","name":"RioOnWatch","url":"https:\/\/rioonwatch.org.br\/","logo":{"@type":"ImageObject","inLanguage":"pt-BR","@id":"https:\/\/rioonwatch.org.br\/#\/schema\/logo\/image\/","url":"https:\/\/rioonwatch.org.br\/wp-content\/uploads\/2021\/06\/RioOnWatchcabecalhoPT11anos-2.png","contentUrl":"https:\/\/rioonwatch.org.br\/wp-content\/uploads\/2021\/06\/RioOnWatchcabecalhoPT11anos-2.png","width":779,"height":277,"caption":"RioOnWatch"},"image":{"@id":"https:\/\/rioonwatch.org.br\/#\/schema\/logo\/image\/"}},{"@type":"Person","@id":"https:\/\/rioonwatch.org.br\/#\/schema\/person\/e07d559fe2154d11fd3ec515e35695ee","name":"Nicole Froio","image":{"@type":"ImageObject","inLanguage":"pt-BR","@id":"https:\/\/rioonwatch.org.br\/#\/schema\/person\/image\/","url":"https:\/\/secure.gravatar.com\/avatar\/0acdbd6878ca0ac29aa5ce6c6119d636?s=96&d=blank&r=g","contentUrl":"https:\/\/secure.gravatar.com\/avatar\/0acdbd6878ca0ac29aa5ce6c6119d636?s=96&d=blank&r=g","caption":"Nicole Froio"},"url":"https:\/\/rioonwatch.org.br\/?author=137"}]}},"_links":{"self":[{"href":"https:\/\/rioonwatch.org.br\/index.php?rest_route=\/wp\/v2\/posts\/14441"}],"collection":[{"href":"https:\/\/rioonwatch.org.br\/index.php?rest_route=\/wp\/v2\/posts"}],"about":[{"href":"https:\/\/rioonwatch.org.br\/index.php?rest_route=\/wp\/v2\/types\/post"}],"author":[{"embeddable":true,"href":"https:\/\/rioonwatch.org.br\/index.php?rest_route=\/wp\/v2\/users\/137"}],"replies":[{"embeddable":true,"href":"https:\/\/rioonwatch.org.br\/index.php?rest_route=%2Fwp%2Fv2%2Fcomments&post=14441"}],"version-history":[{"count":12,"href":"https:\/\/rioonwatch.org.br\/index.php?rest_route=\/wp\/v2\/posts\/14441\/revisions"}],"predecessor-version":[{"id":73566,"href":"https:\/\/rioonwatch.org.br\/index.php?rest_route=\/wp\/v2\/posts\/14441\/revisions\/73566"}],"wp:featuredmedia":[{"embeddable":true,"href":"https:\/\/rioonwatch.org.br\/index.php?rest_route=\/wp\/v2\/media\/14442"}],"wp:attachment":[{"href":"https:\/\/rioonwatch.org.br\/index.php?rest_route=%2Fwp%2Fv2%2Fmedia&parent=14441"}],"wp:term":[{"taxonomy":"category","embeddable":true,"href":"https:\/\/rioonwatch.org.br\/index.php?rest_route=%2Fwp%2Fv2%2Fcategories&post=14441"},{"taxonomy":"post_tag","embeddable":true,"href":"https:\/\/rioonwatch.org.br\/index.php?rest_route=%2Fwp%2Fv2%2Ftags&post=14441"},{"taxonomy":"writer","embeddable":true,"href":"https:\/\/rioonwatch.org.br\/index.php?rest_route=%2Fwp%2Fv2%2Fwriter&post=14441"},{"taxonomy":"translator","embeddable":true,"href":"https:\/\/rioonwatch.org.br\/index.php?rest_route=%2Fwp%2Fv2%2Ftranslator&post=14441"},{"taxonomy":"source","embeddable":true,"href":"https:\/\/rioonwatch.org.br\/index.php?rest_route=%2Fwp%2Fv2%2Fsource&post=14441"},{"taxonomy":"ilustrador","embeddable":true,"href":"https:\/\/rioonwatch.org.br\/index.php?rest_route=%2Fwp%2Fv2%2Filustrador&post=14441"},{"taxonomy":"fotografo","embeddable":true,"href":"https:\/\/rioonwatch.org.br\/index.php?rest_route=%2Fwp%2Fv2%2Ffotografo&post=14441"}],"curies":[{"name":"wp","href":"https:\/\/api.w.org\/{rel}","templated":true}]}}