{"id":14449,"date":"2015-06-03T09:35:07","date_gmt":"2015-06-03T12:35:07","guid":{"rendered":"http:\/\/rioonwatch.org.br\/?p=14449"},"modified":"2021-10-07T10:23:39","modified_gmt":"2021-10-07T13:23:39","slug":"moradores-do-alemao-destacam-a-quebra-da-promessa-de-moradia-feita-pelo-governo-na-favela-da-skol","status":"publish","type":"post","link":"https:\/\/rioonwatch.org.br\/?p=14449","title":{"rendered":"Moradores do Alem\u00e3o Destacam a Quebra da Promessa de Moradia Feita pelo Governo na Favela da Skol"},"content":{"rendered":"<p>No dia 23 de maio, v\u00edtimas de promessas de habita\u00e7\u00e3o n\u00e3o cumpridas no <a href=\"http:\/\/bit.ly\/U0MiGm\" target=\"_blank\" rel=\"noopener\">Complexo do Alem\u00e3o<\/a>, falaram em um evento realizado na comunidade pela\u00a0<a href=\"http:\/\/bit.ly\/1kcl02n\" target=\"_blank\" rel=\"noopener\">Defensoria P\u00fablica<\/a> do Rio de Janeiro.<\/p>\n<p>A Defensoria P\u00fablica existe para garantir o acesso a assist\u00eancia jur\u00eddica para todos os brasileiros, um direito consagrado na constitui\u00e7\u00e3o. A Defensoria lan\u00e7ou a campanha \u2018<a href=\"http:\/\/bit.ly\/1AJVBqN\" target=\"_blank\" rel=\"noopener\">Caravana de Direitos<\/a>\u2019 em um centro esportivo da comunidade durante o fim de semana. Os moradores tiveram a oportunidade de falar com defensores p\u00fablicos sobre seus direitos; tiveram tamb\u00e9m acesso a uma variedade de servi\u00e7os, desde imprimir documentos de identidade at\u00e9 acessar informa\u00e7\u00e3o sobre empregos e treinamento.<\/p>\n<p><a href=\"http:\/\/rioonwatch.org.br\/wp-content\/uploads\/2015\/06\/Close-up-e1433271430810.jpg\"><img fetchpriority=\"high\" decoding=\"async\" class=\"aligncenter size-full wp-image-14453\" title=\"Moradores utilizaram a campanha Caravana de Direitos\" src=\"http:\/\/rioonwatch.org.br\/wp-content\/uploads\/2015\/06\/Close-up-e1433271430810.jpg\" alt=\"\" width=\"620\" height=\"465\" srcset=\"https:\/\/rioonwatch.org.br\/wp-content\/uploads\/2015\/06\/Close-up-e1433271430810.jpg 620w, https:\/\/rioonwatch.org.br\/wp-content\/uploads\/2015\/06\/Close-up-e1433271430810-352x264.jpg 352w, https:\/\/rioonwatch.org.br\/wp-content\/uploads\/2015\/06\/Close-up-e1433271430810-174x131.jpg 174w, https:\/\/rioonwatch.org.br\/wp-content\/uploads\/2015\/06\/Close-up-e1433271430810-300x225.jpg 300w, https:\/\/rioonwatch.org.br\/wp-content\/uploads\/2015\/06\/Close-up-e1433271430810-70x53.jpg 70w\" sizes=\"(max-width: 620px) 100vw, 620px\" \/><\/a><\/p>\n<p>O evento foi uma oportunidade para os ex-moradores de uma comunidade do Alem\u00e3o, que foi removida pela Prefeitura, falarem sobre a situa\u00e7\u00e3o dif\u00edcil que est\u00e3o enfrentando para uma plat\u00e9ia de centenas de pessoas. A discuss\u00e3o foi conduzida por Joaquim Neto, Presidente da Associa\u00e7\u00e3o Nacional dos Defensores P\u00fablicos.<\/p>\n<p>Os ex-moradores da comunidade conhecida como <a href=\"http:\/\/bit.ly\/1HJhdWx\" target=\"_blank\" rel=\"noopener\">Favela da Skol<\/a>, nomeada devido a f\u00e1brica de cerveja Skol que a\u00ed se encontrava previamente, expuseram o desejo de terem novas moradias no local de seus antigos lares&#8211;uma promessa feita pelo ent\u00e3o Vice-Governador (agora Governador) Luiz Pez\u00e3o.<\/p>\n<p>Aproximadamente 500 fam\u00edlias haviam ocupado o terreno durante uma d\u00e9cada quando foram removidos entre 2009 e 2011, sob o pretexto de que suas casas estavam em uma <a href=\"http:\/\/bit.ly\/171nQjb\" target=\"_blank\" rel=\"noopener\">\u00e1rea de risco<\/a>.<\/p>\n<p>Eles foram representados por Regina Dantas, Presidente da Associa\u00e7\u00e3o de Moradores da Skol. Ela descreveu o sentimento de incerteza por parte das fam\u00edlias removidas. Eles est\u00e3o inseguros quanto a manuten\u00e7\u00e3o do recebimento do aluguel social e tamb\u00e9m quanto ao retorno, especialmente agora que a Skol foi citada como uma <a href=\"http:\/\/bit.ly\/1Lgxpx3\" target=\"_blank\" rel=\"noopener\">potencial localiza\u00e7\u00e3o para uma universidade, muito aguardada, no Complexo do Alem\u00e3o<\/a>.<\/p>\n<p><a href=\"http:\/\/rioonwatch.org.br\/wp-content\/uploads\/2015\/06\/Regina-e1433271566260.jpg\"><img decoding=\"async\" class=\"aligncenter size-full wp-image-14454\" title=\"Regina Dantas fala sobre a Favela da Skol\" src=\"http:\/\/rioonwatch.org.br\/wp-content\/uploads\/2015\/06\/Regina-e1433271566260.jpg\" alt=\"\" width=\"620\" height=\"465\" srcset=\"https:\/\/rioonwatch.org.br\/wp-content\/uploads\/2015\/06\/Regina-e1433271566260.jpg 620w, https:\/\/rioonwatch.org.br\/wp-content\/uploads\/2015\/06\/Regina-e1433271566260-352x264.jpg 352w, https:\/\/rioonwatch.org.br\/wp-content\/uploads\/2015\/06\/Regina-e1433271566260-174x131.jpg 174w, https:\/\/rioonwatch.org.br\/wp-content\/uploads\/2015\/06\/Regina-e1433271566260-300x225.jpg 300w, https:\/\/rioonwatch.org.br\/wp-content\/uploads\/2015\/06\/Regina-e1433271566260-70x53.jpg 70w\" sizes=\"(max-width: 620px) 100vw, 620px\" \/><\/a><\/p>\n<p>O depoimento de Regina Dantas teve eco no depoimento da ex-moradora Camila Santos, que explicou a seriedade da situa\u00e7\u00e3o. &#8220;Ningu\u00e9m mora numa \u00e1rea de risco porque gosta, porque escolheu. Mora por extrema necessidade\u201d, disse ela. Muitas das fam\u00edlias, que j\u00e1 vivem em condi\u00e7\u00f5es vulner\u00e1veis, antes mesmo de serem removidas, t\u00eam se esfor\u00e7ado para sobreviver com o pequeno montante do aluguel social provido pelo governo, com um valor que n\u00e3o foi reajustado h\u00e1 anos. Camila Santos disse que o Governador Pez\u00e3o prometeu novas casas no prazo de nove meses, mas a comunidade ainda espera ver sua <a href=\"http:\/\/bit.ly\/1Jk7ViK\" target=\"_blank\" rel=\"noopener\">promessa cumprida h\u00e1 cinco anos, quando foi feita a declara\u00e7\u00e3o<\/a>.<\/p>\n<p>Camila Santos teme que se a universidade for constru\u00edda no local da Skol nem todos os ex-moradores ser\u00e3o reassentados e que alguns ser\u00e3o eventualmente oferecidos <a href=\"http:\/\/bit.ly\/11akTLK\" target=\"_blank\" rel=\"noopener\">habita\u00e7\u00e3o p\u00fablica<\/a> fora do Complexo do Alem\u00e3o. &#8220;A\u00a0gente n\u00e3o tem certeza, n\u00e3o deram nenhum documento, ningu\u00e9m oficializou nada&#8230; ent\u00e3o a gente vai lutando para que realmente sejam feitos os apartamentos&#8221;.<\/p>\n<p>Camila Santos n\u00e3o est\u00e1 satisfeita com a possibilidade de lhe ser oferecida habita\u00e7\u00e3o p\u00fablica na <a href=\"http:\/\/bit.ly\/11tBmFR\" target=\"_blank\" rel=\"noopener\">Zona Oeste<\/a>, longe do Complexo do Alem\u00e3o, localizado na <a href=\"http:\/\/bit.ly\/WximDf\" target=\"_blank\" rel=\"noopener\">Zona Norte<\/a>. \u201cMinhas filhas estudam aqui, t\u00eam escola aqui, eu trabalho por aqui, meu esposo tamb\u00e9m&#8230; n\u00e3o quero ser mandada para outro local, j\u00e1 que o Governador prometeu que a gente ia permanecer no mesmo local.\u201c<\/p>\n<p>A audi\u00eancia p\u00fablica fez parte de uma das atividades diurnas coordenadas pelo Gabinete da Defensoria P\u00fablica. Isto foi resultado de diversas reuni\u00f5es realizadas com lideres da comunidade, que comp\u00f5em o coletivo <a href=\"http:\/\/on.fb.me\/1HZJ30x\" target=\"_blank\" rel=\"noopener\">Juntos Pelo Complexo do Alem\u00e3o<\/a>, para identificarem \u00e1reas de necessidade relacionadas com direitos e servi\u00e7os.<\/p>\n<p><a href=\"http:\/\/rioonwatch.org.br\/wp-content\/uploads\/2015\/06\/stall-e1433271631104.jpg\"><img decoding=\"async\" class=\"aligncenter size-full wp-image-14455\" title=\"Moradores do Alem\u00e3o obt\u00e9m servi\u00e7os que muitas vezes est\u00e3o indispon\u00edveis para eles\" src=\"http:\/\/rioonwatch.org.br\/wp-content\/uploads\/2015\/06\/stall-e1433271631104.jpg\" alt=\"\" width=\"620\" height=\"464\" srcset=\"https:\/\/rioonwatch.org.br\/wp-content\/uploads\/2015\/06\/stall-e1433271631104.jpg 620w, https:\/\/rioonwatch.org.br\/wp-content\/uploads\/2015\/06\/stall-e1433271631104-353x264.jpg 353w, https:\/\/rioonwatch.org.br\/wp-content\/uploads\/2015\/06\/stall-e1433271631104-174x131.jpg 174w, https:\/\/rioonwatch.org.br\/wp-content\/uploads\/2015\/06\/stall-e1433271631104-300x225.jpg 300w, https:\/\/rioonwatch.org.br\/wp-content\/uploads\/2015\/06\/stall-e1433271631104-70x53.jpg 70w\" sizes=\"(max-width: 620px) 100vw, 620px\" \/><\/a><\/p>\n<p>Daniella Vitagliano, coordenadora do evento, disse: &#8220;Estamos fazendo reuni\u00f5es com as lideran\u00e7as comunit\u00e1rias para discutir quais s\u00e3o os problemas coletivos da comunidade&#8230; E atrav\u00e9s desses problemas coletivos a gente aciona os n\u00facleos especializados da Defensoria&#8221;, disse ela. Estes incluem, dentre outros: direitos dos consumidores, <a href=\"http:\/\/bit.ly\/1iqdzi3\" target=\"_blank\" rel=\"noopener\">direitos humanos<\/a>, viol\u00eancia contra mulheres, e <a href=\"http:\/\/bit.ly\/1g73xCv\" target=\"_blank\" rel=\"noopener\">terra e habita\u00e7\u00e3o<\/a>, cujos Daniella Vitagliano descreveu como \u201cproblemas graves no Alem\u00e3o\u201d.<\/p>\n<p>Como resultado, os moradores que vieram ao evento aberto no centro esportivo puderam se reunir com v\u00e1rios funcion\u00e1rios e prestadores de servi\u00e7os, para discutir assist\u00eancia jur\u00eddica, direitos e informa\u00e7\u00f5es sobre sa\u00fade e emprego, entre outros.<\/p>\n<p>Alan Brum da organiza\u00e7\u00e3o comunit\u00e1ria <a href=\"http:\/\/bit.ly\/1Q5CbmV\" target=\"_blank\" rel=\"noopener\">Ra\u00edzes em Movimento<\/a> e L\u00facia Cabral que dirige a <a href=\"http:\/\/bit.ly\/1bQwjXU\" target=\"_blank\" rel=\"noopener\">Educap<\/a>\u00a0no Complexo do Alem\u00e3o, fizeram parte das reuni\u00f5es com o Gabinete da Defensoria P\u00fablica no per\u00edodo que antecedeu o lan\u00e7amento da campanha Caravana de Direitos.<\/p>\n<p><a href=\"http:\/\/rioonwatch.org.br\/wp-content\/uploads\/2015\/06\/caravana-direitos-e1433271720106.jpg\"><img loading=\"lazy\" decoding=\"async\" class=\"aligncenter size-full wp-image-14456\" title=\"A Caravana permitiu aos moradores discutir sobre seus direitos e como lutar por eles\" src=\"http:\/\/rioonwatch.org.br\/wp-content\/uploads\/2015\/06\/caravana-direitos-e1433271720106.jpg\" alt=\"\" width=\"620\" height=\"464\" srcset=\"https:\/\/rioonwatch.org.br\/wp-content\/uploads\/2015\/06\/caravana-direitos-e1433271720106.jpg 620w, https:\/\/rioonwatch.org.br\/wp-content\/uploads\/2015\/06\/caravana-direitos-e1433271720106-353x264.jpg 353w, https:\/\/rioonwatch.org.br\/wp-content\/uploads\/2015\/06\/caravana-direitos-e1433271720106-174x131.jpg 174w, https:\/\/rioonwatch.org.br\/wp-content\/uploads\/2015\/06\/caravana-direitos-e1433271720106-300x225.jpg 300w, https:\/\/rioonwatch.org.br\/wp-content\/uploads\/2015\/06\/caravana-direitos-e1433271720106-70x53.jpg 70w\" sizes=\"(max-width: 620px) 100vw, 620px\" \/><\/a><\/p>\n<p>Alan Brum falou da necessidade do Gabinete da Defensoria P\u00fablica incrementar a visibilidade entre os moradores do Alem\u00e3o, cujo ele descreveu como \u201cuma popula\u00e7\u00e3o que muitas vezes n\u00e3o tem informa\u00e7\u00e3o, e n\u00e3o sabe os direitos que ela pr\u00f3pria tem&#8221;.<\/p>\n<p>L\u00facia Cabral concordou, falando que mesmo que o Gabinete da Defensoria P\u00fablica \u201cesteja com suas portas abertas\u201d, n\u00e3o basta as pessoas estarem cientes de como obter acesso aos direitos. Um evento\u00a0como este &#8220;cria essa visibilidade maior porque divulga na comunidade, que \u00e9 uma comunidade de quase 200.000 habitantes e \u00e9 muito complicado&#8221;.<\/p>\n<p>&nbsp;<\/p>\n<p><a href=\"http:\/\/rioonwatch.org.br\/wp-content\/uploads\/2015\/06\/kids-space-e1433271791956.jpg\"><img loading=\"lazy\" decoding=\"async\" class=\"aligncenter size-full wp-image-14457\" title=\"A campanha Caravana proporcionou um espa\u00e7o para as crian\u00e7as\" src=\"http:\/\/rioonwatch.org.br\/wp-content\/uploads\/2015\/06\/kids-space-e1433271791956.jpg\" alt=\"\" width=\"620\" height=\"464\" srcset=\"https:\/\/rioonwatch.org.br\/wp-content\/uploads\/2015\/06\/kids-space-e1433271791956.jpg 620w, https:\/\/rioonwatch.org.br\/wp-content\/uploads\/2015\/06\/kids-space-e1433271791956-353x264.jpg 353w, https:\/\/rioonwatch.org.br\/wp-content\/uploads\/2015\/06\/kids-space-e1433271791956-174x131.jpg 174w, https:\/\/rioonwatch.org.br\/wp-content\/uploads\/2015\/06\/kids-space-e1433271791956-300x225.jpg 300w, https:\/\/rioonwatch.org.br\/wp-content\/uploads\/2015\/06\/kids-space-e1433271791956-70x53.jpg 70w\" sizes=\"(max-width: 620px) 100vw, 620px\" \/><\/a><\/p>\n<p>Providenciar espa\u00e7os para os moradores com o objetivo de responder suas preocupa\u00e7\u00f5es e acessar servi\u00e7os como parte de um grupo pode levar a resultados positivos. Camila Santos declarou que se sentia satisfeita de falar para um p\u00fablico grande nesse dia e de transmitir informa\u00e7\u00e3o sobre a situa\u00e7\u00e3o de moradia junto a muitos dos ex-moradores da Favela da Skol. Ela falou que era uma oportunidade de lembrar as pessoas \u201ca no\u00e7\u00e3o que \u00e9 verdade que a gente pode sim brigar pelos nossos direitos\u201d.<\/p>\n<!-- AddThis Advanced Settings generic via filter on the_content --><!-- AddThis Share Buttons generic via filter on the_content -->","protected":false},"excerpt":{"rendered":"<div class=\"mh-excerpt\"><p>No dia 23 de maio, v\u00edtimas de promessas de habita\u00e7\u00e3o n\u00e3o cumpridas no Complexo do Alem\u00e3o, falaram em um evento realizado na comunidade pela\u00a0Defensoria P\u00fablica do Rio de Janeiro. A Defensoria P\u00fablica existe para garantir <a class=\"mh-excerpt-more\" href=\"https:\/\/rioonwatch.org.br\/?p=14449\" title=\"Moradores do Alem\u00e3o Destacam a Quebra da Promessa de Moradia Feita pelo Governo na Favela da Skol\">[&#8230;]<\/a><!-- AddThis Advanced Settings generic via filter on get_the_excerpt --><!-- AddThis Share Buttons generic via filter on get_the_excerpt --><\/p>\n<\/div>","protected":false},"author":129,"featured_media":14452,"comment_status":"closed","ping_status":"closed","sticky":false,"template":"","format":"standard","meta":{"_acf_changed":false,"_monsterinsights_skip_tracking":false,"_monsterinsights_sitenote_active":false,"_monsterinsights_sitenote_note":"","_monsterinsights_sitenote_category":0,"footnotes":""},"categories":[1614,1621,346,344],"tags":[911,1478,17,655,217,90,424,88,1527,1512,994,1037,358,14,432,218,184],"writer":[1486],"translator":[1528],"source":[],"ilustrador":[],"fotografo":[],"class_list":{"0":"post-14449","1":"post","2":"type-post","3":"status-publish","4":"format-standard","5":"has-post-thumbnail","7":"category-olhonasremocoes","8":"category-destaque","9":"category-denuncias","10":"category-politicas","11":"tag-area-de-risco","12":"tag-a-espera-de-habitacao-publica","13":"tag-aluguel-social","14":"tag-associacao-de-moradores","15":"tag-complexo-do-alemao","16":"tag-defensoria-publica","17":"tag-direito-a-moradia","18":"tag-direitos-humanos","19":"tag-favela-da-skol","20":"tag-governador-pezao","21":"tag-habitacao-publica","22":"tag-moradia","23":"tag-organizacao-comunitaria","24":"tag-remocao","25":"tag-resistencia","26":"tag-zona-norte","27":"tag-zona-oeste","28":"writer-sarah-jacobs","29":"translator-adriana-thiago"},"acf":[],"yoast_head":"<!-- This site is optimized with the Yoast SEO plugin v25.6 - https:\/\/yoast.com\/wordpress\/plugins\/seo\/ -->\n<title>Moradores do Alem\u00e3o Destacam a Quebra da Promessa de Moradia Feita pelo Governo na Favela da Skol - RioOnWatch<\/title>\n<meta name=\"robots\" content=\"index, follow, max-snippet:-1, max-image-preview:large, max-video-preview:-1\" \/>\n<link rel=\"canonical\" href=\"https:\/\/rioonwatch.org.br\/?p=14449\" \/>\n<meta property=\"og:locale\" content=\"pt_BR\" \/>\n<meta property=\"og:type\" content=\"article\" \/>\n<meta property=\"og:title\" content=\"Moradores do Alem\u00e3o Destacam a Quebra da Promessa de Moradia Feita pelo Governo na Favela da Skol - RioOnWatch\" \/>\n<meta property=\"og:description\" content=\"No dia 23 de maio, v\u00edtimas de promessas de habita\u00e7\u00e3o n\u00e3o cumpridas no Complexo do Alem\u00e3o, falaram em um evento realizado na comunidade pela\u00a0Defensoria P\u00fablica do Rio de Janeiro. A Defensoria P\u00fablica existe para garantir [...]\" \/>\n<meta property=\"og:url\" content=\"https:\/\/rioonwatch.org.br\/?p=14449\" \/>\n<meta property=\"og:site_name\" content=\"RioOnWatch\" \/>\n<meta property=\"article:published_time\" content=\"2015-06-03T12:35:07+00:00\" \/>\n<meta property=\"article:modified_time\" content=\"2021-10-07T13:23:39+00:00\" \/>\n<meta property=\"og:image\" content=\"https:\/\/rioonwatch.org.br\/wp-content\/uploads\/2015\/06\/audience-e1433271312357.jpg\" \/>\n\t<meta property=\"og:image:width\" content=\"620\" \/>\n\t<meta property=\"og:image:height\" content=\"466\" \/>\n\t<meta property=\"og:image:type\" content=\"image\/jpeg\" \/>\n<meta name=\"author\" content=\"Admin\" \/>\n<meta name=\"twitter:card\" content=\"summary_large_image\" \/>\n<meta name=\"twitter:label1\" content=\"Escrito por\" \/>\n\t<meta name=\"twitter:data1\" content=\"Admin\" \/>\n\t<meta name=\"twitter:label2\" content=\"Est. tempo de leitura\" \/>\n\t<meta name=\"twitter:data2\" content=\"5 minutos\" \/>\n<script type=\"application\/ld+json\" class=\"yoast-schema-graph\">{\"@context\":\"https:\/\/schema.org\",\"@graph\":[{\"@type\":\"Article\",\"@id\":\"https:\/\/rioonwatch.org.br\/?p=14449#article\",\"isPartOf\":{\"@id\":\"https:\/\/rioonwatch.org.br\/?p=14449\"},\"author\":{\"name\":\"Admin\",\"@id\":\"https:\/\/rioonwatch.org.br\/#\/schema\/person\/11d64c290506f9df50c71b850c473f68\"},\"headline\":\"Moradores do Alem\u00e3o Destacam a Quebra da Promessa de Moradia Feita pelo Governo na Favela da Skol\",\"datePublished\":\"2015-06-03T12:35:07+00:00\",\"dateModified\":\"2021-10-07T13:23:39+00:00\",\"mainEntityOfPage\":{\"@id\":\"https:\/\/rioonwatch.org.br\/?p=14449\"},\"wordCount\":981,\"publisher\":{\"@id\":\"https:\/\/rioonwatch.org.br\/#organization\"},\"image\":{\"@id\":\"https:\/\/rioonwatch.org.br\/?p=14449#primaryimage\"},\"thumbnailUrl\":\"https:\/\/rioonwatch.org.br\/wp-content\/uploads\/2015\/06\/audience-e1433271312357.jpg\",\"keywords\":[\"\\\"\u00e1rea de risco\\\"\",\"\u00c0 espera de habita\u00e7\u00e3o p\u00fablica\",\"Aluguel social\",\"Associa\u00e7\u00e3o de Moradores\",\"Complexo do Alem\u00e3o\",\"Defensoria P\u00fablica\",\"Direito \u00e0 Moradia\",\"Direitos Humanos\",\"Favela da Skol\",\"Governador Pez\u00e3o\",\"habita\u00e7\u00e3o p\u00fablica\",\"moradia\",\"organiza\u00e7\u00e3o comunit\u00e1ria\",\"Remo\u00e7\u00e3o\",\"resist\u00eancia\",\"Zona Norte\",\"Zona Oeste\"],\"articleSection\":[\"#OlhoNasRemo\u00e7\u00f5es\",\"*Destaque\",\"Den\u00fancias\",\"Pol\u00edticas\"],\"inLanguage\":\"pt-BR\"},{\"@type\":\"WebPage\",\"@id\":\"https:\/\/rioonwatch.org.br\/?p=14449\",\"url\":\"https:\/\/rioonwatch.org.br\/?p=14449\",\"name\":\"Moradores do Alem\u00e3o Destacam a Quebra da Promessa de Moradia Feita pelo Governo na Favela da Skol - RioOnWatch\",\"isPartOf\":{\"@id\":\"https:\/\/rioonwatch.org.br\/#website\"},\"primaryImageOfPage\":{\"@id\":\"https:\/\/rioonwatch.org.br\/?p=14449#primaryimage\"},\"image\":{\"@id\":\"https:\/\/rioonwatch.org.br\/?p=14449#primaryimage\"},\"thumbnailUrl\":\"https:\/\/rioonwatch.org.br\/wp-content\/uploads\/2015\/06\/audience-e1433271312357.jpg\",\"datePublished\":\"2015-06-03T12:35:07+00:00\",\"dateModified\":\"2021-10-07T13:23:39+00:00\",\"breadcrumb\":{\"@id\":\"https:\/\/rioonwatch.org.br\/?p=14449#breadcrumb\"},\"inLanguage\":\"pt-BR\",\"potentialAction\":[{\"@type\":\"ReadAction\",\"target\":[\"https:\/\/rioonwatch.org.br\/?p=14449\"]}]},{\"@type\":\"ImageObject\",\"inLanguage\":\"pt-BR\",\"@id\":\"https:\/\/rioonwatch.org.br\/?p=14449#primaryimage\",\"url\":\"https:\/\/rioonwatch.org.br\/wp-content\/uploads\/2015\/06\/audience-e1433271312357.jpg\",\"contentUrl\":\"https:\/\/rioonwatch.org.br\/wp-content\/uploads\/2015\/06\/audience-e1433271312357.jpg\",\"width\":620,\"height\":466},{\"@type\":\"BreadcrumbList\",\"@id\":\"https:\/\/rioonwatch.org.br\/?p=14449#breadcrumb\",\"itemListElement\":[{\"@type\":\"ListItem\",\"position\":1,\"name\":\"In\u00edcio\",\"item\":\"https:\/\/rioonwatch.org.br\/\"},{\"@type\":\"ListItem\",\"position\":2,\"name\":\"Moradores do Alem\u00e3o Destacam a Quebra da Promessa de Moradia Feita pelo Governo na Favela da Skol\"}]},{\"@type\":\"WebSite\",\"@id\":\"https:\/\/rioonwatch.org.br\/#website\",\"url\":\"https:\/\/rioonwatch.org.br\/\",\"name\":\"RioOnWatch\",\"description\":\"relatos das favelas cariocas\",\"publisher\":{\"@id\":\"https:\/\/rioonwatch.org.br\/#organization\"},\"potentialAction\":[{\"@type\":\"SearchAction\",\"target\":{\"@type\":\"EntryPoint\",\"urlTemplate\":\"https:\/\/rioonwatch.org.br\/?s={search_term_string}\"},\"query-input\":{\"@type\":\"PropertyValueSpecification\",\"valueRequired\":true,\"valueName\":\"search_term_string\"}}],\"inLanguage\":\"pt-BR\"},{\"@type\":\"Organization\",\"@id\":\"https:\/\/rioonwatch.org.br\/#organization\",\"name\":\"RioOnWatch\",\"url\":\"https:\/\/rioonwatch.org.br\/\",\"logo\":{\"@type\":\"ImageObject\",\"inLanguage\":\"pt-BR\",\"@id\":\"https:\/\/rioonwatch.org.br\/#\/schema\/logo\/image\/\",\"url\":\"https:\/\/rioonwatch.org.br\/wp-content\/uploads\/2021\/06\/RioOnWatchcabecalhoPT11anos-2.png\",\"contentUrl\":\"https:\/\/rioonwatch.org.br\/wp-content\/uploads\/2021\/06\/RioOnWatchcabecalhoPT11anos-2.png\",\"width\":779,\"height\":277,\"caption\":\"RioOnWatch\"},\"image\":{\"@id\":\"https:\/\/rioonwatch.org.br\/#\/schema\/logo\/image\/\"}},{\"@type\":\"Person\",\"@id\":\"https:\/\/rioonwatch.org.br\/#\/schema\/person\/11d64c290506f9df50c71b850c473f68\",\"name\":\"Admin\",\"image\":{\"@type\":\"ImageObject\",\"inLanguage\":\"pt-BR\",\"@id\":\"https:\/\/rioonwatch.org.br\/#\/schema\/person\/image\/\",\"url\":\"https:\/\/secure.gravatar.com\/avatar\/56211ac74568383903349a1485e3c325?s=96&d=blank&r=g\",\"contentUrl\":\"https:\/\/secure.gravatar.com\/avatar\/56211ac74568383903349a1485e3c325?s=96&d=blank&r=g\",\"caption\":\"Admin\"},\"url\":\"https:\/\/rioonwatch.org.br\/?author=129\"}]}<\/script>\n<!-- \/ Yoast SEO plugin. -->","yoast_head_json":{"title":"Moradores do Alem\u00e3o Destacam a Quebra da Promessa de Moradia Feita pelo Governo na Favela da Skol - RioOnWatch","robots":{"index":"index","follow":"follow","max-snippet":"max-snippet:-1","max-image-preview":"max-image-preview:large","max-video-preview":"max-video-preview:-1"},"canonical":"https:\/\/rioonwatch.org.br\/?p=14449","og_locale":"pt_BR","og_type":"article","og_title":"Moradores do Alem\u00e3o Destacam a Quebra da Promessa de Moradia Feita pelo Governo na Favela da Skol - RioOnWatch","og_description":"No dia 23 de maio, v\u00edtimas de promessas de habita\u00e7\u00e3o n\u00e3o cumpridas no Complexo do Alem\u00e3o, falaram em um evento realizado na comunidade pela\u00a0Defensoria P\u00fablica do Rio de Janeiro. A Defensoria P\u00fablica existe para garantir [...]","og_url":"https:\/\/rioonwatch.org.br\/?p=14449","og_site_name":"RioOnWatch","article_published_time":"2015-06-03T12:35:07+00:00","article_modified_time":"2021-10-07T13:23:39+00:00","og_image":[{"width":620,"height":466,"url":"https:\/\/rioonwatch.org.br\/wp-content\/uploads\/2015\/06\/audience-e1433271312357.jpg","type":"image\/jpeg"}],"author":"Admin","twitter_card":"summary_large_image","twitter_misc":{"Escrito por":"Admin","Est. tempo de leitura":"5 minutos"},"schema":{"@context":"https:\/\/schema.org","@graph":[{"@type":"Article","@id":"https:\/\/rioonwatch.org.br\/?p=14449#article","isPartOf":{"@id":"https:\/\/rioonwatch.org.br\/?p=14449"},"author":{"name":"Admin","@id":"https:\/\/rioonwatch.org.br\/#\/schema\/person\/11d64c290506f9df50c71b850c473f68"},"headline":"Moradores do Alem\u00e3o Destacam a Quebra da Promessa de Moradia Feita pelo Governo na Favela da Skol","datePublished":"2015-06-03T12:35:07+00:00","dateModified":"2021-10-07T13:23:39+00:00","mainEntityOfPage":{"@id":"https:\/\/rioonwatch.org.br\/?p=14449"},"wordCount":981,"publisher":{"@id":"https:\/\/rioonwatch.org.br\/#organization"},"image":{"@id":"https:\/\/rioonwatch.org.br\/?p=14449#primaryimage"},"thumbnailUrl":"https:\/\/rioonwatch.org.br\/wp-content\/uploads\/2015\/06\/audience-e1433271312357.jpg","keywords":["\"\u00e1rea de risco\"","\u00c0 espera de habita\u00e7\u00e3o p\u00fablica","Aluguel social","Associa\u00e7\u00e3o de Moradores","Complexo do Alem\u00e3o","Defensoria P\u00fablica","Direito \u00e0 Moradia","Direitos Humanos","Favela da Skol","Governador Pez\u00e3o","habita\u00e7\u00e3o p\u00fablica","moradia","organiza\u00e7\u00e3o comunit\u00e1ria","Remo\u00e7\u00e3o","resist\u00eancia","Zona Norte","Zona Oeste"],"articleSection":["#OlhoNasRemo\u00e7\u00f5es","*Destaque","Den\u00fancias","Pol\u00edticas"],"inLanguage":"pt-BR"},{"@type":"WebPage","@id":"https:\/\/rioonwatch.org.br\/?p=14449","url":"https:\/\/rioonwatch.org.br\/?p=14449","name":"Moradores do Alem\u00e3o Destacam a Quebra da Promessa de Moradia Feita pelo Governo na Favela da Skol - RioOnWatch","isPartOf":{"@id":"https:\/\/rioonwatch.org.br\/#website"},"primaryImageOfPage":{"@id":"https:\/\/rioonwatch.org.br\/?p=14449#primaryimage"},"image":{"@id":"https:\/\/rioonwatch.org.br\/?p=14449#primaryimage"},"thumbnailUrl":"https:\/\/rioonwatch.org.br\/wp-content\/uploads\/2015\/06\/audience-e1433271312357.jpg","datePublished":"2015-06-03T12:35:07+00:00","dateModified":"2021-10-07T13:23:39+00:00","breadcrumb":{"@id":"https:\/\/rioonwatch.org.br\/?p=14449#breadcrumb"},"inLanguage":"pt-BR","potentialAction":[{"@type":"ReadAction","target":["https:\/\/rioonwatch.org.br\/?p=14449"]}]},{"@type":"ImageObject","inLanguage":"pt-BR","@id":"https:\/\/rioonwatch.org.br\/?p=14449#primaryimage","url":"https:\/\/rioonwatch.org.br\/wp-content\/uploads\/2015\/06\/audience-e1433271312357.jpg","contentUrl":"https:\/\/rioonwatch.org.br\/wp-content\/uploads\/2015\/06\/audience-e1433271312357.jpg","width":620,"height":466},{"@type":"BreadcrumbList","@id":"https:\/\/rioonwatch.org.br\/?p=14449#breadcrumb","itemListElement":[{"@type":"ListItem","position":1,"name":"In\u00edcio","item":"https:\/\/rioonwatch.org.br\/"},{"@type":"ListItem","position":2,"name":"Moradores do Alem\u00e3o Destacam a Quebra da Promessa de Moradia Feita pelo Governo na Favela da Skol"}]},{"@type":"WebSite","@id":"https:\/\/rioonwatch.org.br\/#website","url":"https:\/\/rioonwatch.org.br\/","name":"RioOnWatch","description":"relatos das favelas cariocas","publisher":{"@id":"https:\/\/rioonwatch.org.br\/#organization"},"potentialAction":[{"@type":"SearchAction","target":{"@type":"EntryPoint","urlTemplate":"https:\/\/rioonwatch.org.br\/?s={search_term_string}"},"query-input":{"@type":"PropertyValueSpecification","valueRequired":true,"valueName":"search_term_string"}}],"inLanguage":"pt-BR"},{"@type":"Organization","@id":"https:\/\/rioonwatch.org.br\/#organization","name":"RioOnWatch","url":"https:\/\/rioonwatch.org.br\/","logo":{"@type":"ImageObject","inLanguage":"pt-BR","@id":"https:\/\/rioonwatch.org.br\/#\/schema\/logo\/image\/","url":"https:\/\/rioonwatch.org.br\/wp-content\/uploads\/2021\/06\/RioOnWatchcabecalhoPT11anos-2.png","contentUrl":"https:\/\/rioonwatch.org.br\/wp-content\/uploads\/2021\/06\/RioOnWatchcabecalhoPT11anos-2.png","width":779,"height":277,"caption":"RioOnWatch"},"image":{"@id":"https:\/\/rioonwatch.org.br\/#\/schema\/logo\/image\/"}},{"@type":"Person","@id":"https:\/\/rioonwatch.org.br\/#\/schema\/person\/11d64c290506f9df50c71b850c473f68","name":"Admin","image":{"@type":"ImageObject","inLanguage":"pt-BR","@id":"https:\/\/rioonwatch.org.br\/#\/schema\/person\/image\/","url":"https:\/\/secure.gravatar.com\/avatar\/56211ac74568383903349a1485e3c325?s=96&d=blank&r=g","contentUrl":"https:\/\/secure.gravatar.com\/avatar\/56211ac74568383903349a1485e3c325?s=96&d=blank&r=g","caption":"Admin"},"url":"https:\/\/rioonwatch.org.br\/?author=129"}]}},"_links":{"self":[{"href":"https:\/\/rioonwatch.org.br\/index.php?rest_route=\/wp\/v2\/posts\/14449"}],"collection":[{"href":"https:\/\/rioonwatch.org.br\/index.php?rest_route=\/wp\/v2\/posts"}],"about":[{"href":"https:\/\/rioonwatch.org.br\/index.php?rest_route=\/wp\/v2\/types\/post"}],"author":[{"embeddable":true,"href":"https:\/\/rioonwatch.org.br\/index.php?rest_route=\/wp\/v2\/users\/129"}],"replies":[{"embeddable":true,"href":"https:\/\/rioonwatch.org.br\/index.php?rest_route=%2Fwp%2Fv2%2Fcomments&post=14449"}],"version-history":[{"count":21,"href":"https:\/\/rioonwatch.org.br\/index.php?rest_route=\/wp\/v2\/posts\/14449\/revisions"}],"predecessor-version":[{"id":58759,"href":"https:\/\/rioonwatch.org.br\/index.php?rest_route=\/wp\/v2\/posts\/14449\/revisions\/58759"}],"wp:featuredmedia":[{"embeddable":true,"href":"https:\/\/rioonwatch.org.br\/index.php?rest_route=\/wp\/v2\/media\/14452"}],"wp:attachment":[{"href":"https:\/\/rioonwatch.org.br\/index.php?rest_route=%2Fwp%2Fv2%2Fmedia&parent=14449"}],"wp:term":[{"taxonomy":"category","embeddable":true,"href":"https:\/\/rioonwatch.org.br\/index.php?rest_route=%2Fwp%2Fv2%2Fcategories&post=14449"},{"taxonomy":"post_tag","embeddable":true,"href":"https:\/\/rioonwatch.org.br\/index.php?rest_route=%2Fwp%2Fv2%2Ftags&post=14449"},{"taxonomy":"writer","embeddable":true,"href":"https:\/\/rioonwatch.org.br\/index.php?rest_route=%2Fwp%2Fv2%2Fwriter&post=14449"},{"taxonomy":"translator","embeddable":true,"href":"https:\/\/rioonwatch.org.br\/index.php?rest_route=%2Fwp%2Fv2%2Ftranslator&post=14449"},{"taxonomy":"source","embeddable":true,"href":"https:\/\/rioonwatch.org.br\/index.php?rest_route=%2Fwp%2Fv2%2Fsource&post=14449"},{"taxonomy":"ilustrador","embeddable":true,"href":"https:\/\/rioonwatch.org.br\/index.php?rest_route=%2Fwp%2Fv2%2Filustrador&post=14449"},{"taxonomy":"fotografo","embeddable":true,"href":"https:\/\/rioonwatch.org.br\/index.php?rest_route=%2Fwp%2Fv2%2Ffotografo&post=14449"}],"curies":[{"name":"wp","href":"https:\/\/api.w.org\/{rel}","templated":true}]}}