{"id":14490,"date":"2015-06-12T08:50:35","date_gmt":"2015-06-12T11:50:35","guid":{"rendered":"http:\/\/rioonwatch.org.br\/?p=14490"},"modified":"2015-09-29T11:24:36","modified_gmt":"2015-09-29T14:24:36","slug":"democracia-atraves-da-tecnologia-os-riscos-da-inclusao","status":"publish","type":"post","link":"https:\/\/rioonwatch.org.br\/?p=14490","title":{"rendered":"Democracia Atrav\u00e9s da Tecnologia: Os Riscos da Inclus\u00e3o"},"content":{"rendered":"<div>\n<p><i><span lang=\"PT\">Este \u00e9 o segundo artigo de uma <a href=\"http:\/\/bit.ly\/1Ivt2zW\" target=\"_blank\">s\u00e9rie<\/a> sobre<em>\u00a0tecnologia da informa\u00e7\u00e3o e comunica\u00e7\u00e3o nas favelas do Rio<\/em>,<\/span> <\/i><i><span lang=\"PT\">do pesquisador convidado Jeffrey Omari*.<\/span><\/i><\/p>\n<p><span lang=\"PT\">Durante uma visita recente ao <a href=\"http:\/\/bit.ly\/10BvARw\" target=\"_blank\">Complexo da Mar\u00e9<\/a>, na <a href=\"http:\/\/bit.ly\/WximDf\" target=\"_blank\">Zona Norte<\/a> do Rio, um amigo e morador da comunidade me levou para conhecer a favela. Foi a minha primeira vez na Mar\u00e9 e meu amigo sugeriu que eu mantivesse meu smartphone no bolso, enquanto\u00a0caminh\u00e1vamos pela favela. <a href=\"http:\/\/bit.ly\/1CKy6Jl\" target=\"_blank\">Eu sabia que o clima pol\u00edtico na Mar\u00e9<\/a> estava delicado por causa da disputa entre as fac\u00e7\u00f5es rivais e a ocupa\u00e7\u00e3o militar.\u00a0<\/span><span lang=\"PT\">No entanto,<\/span><span lang=\"PT\"> como um rec\u00e9m-chegado \u00e0 favela, eu n\u00e3o tinha de verdade conhecimento \u00a0das tens\u00f5es da Mar\u00e9. Meu amigo disse que poderia usar o meu telefone em lugares privados e <a href=\"http:\/\/bit.ly\/1mAUeBN\" target=\"_blank\">espa\u00e7os semi-p\u00fablicos<\/a> (dentro de lojas, restaurantes, bares, etc.), mas em <a href=\"http:\/\/bit.ly\/1jZVyaS\" target=\"_blank\">espa\u00e7os p\u00fablicos<\/a> era muito\u00a0arriscado.<\/span> Claro, eu era um estrangeiro, um estranho na comunidade, ent\u00e3o talvez houvessem regras diferentes aplicadas a mim? No entanto, quando indaguei, meu amigo me garantiu que muitos moradores se abst\u00eam de utilizar seus telefones celulares em p\u00fablico.\u00a0Enquanto caminh\u00e1vamos pela favela, observei que algumas pessoas (principalmente moradores) usavam livremente seus telefones celulares em p\u00fablico. Ainda assim&#8211;dado que o celular \u00e9 o principal modo de acesso \u00e0 internet nas comunidades, garantida pela\u00a0<a href=\"http:\/\/bzfd.it\/1nWXROt\" target=\"_blank\">recente prolifera\u00e7\u00e3o dos dispositivos<\/a>\u00a0por todo o Brasil inclusive\u00a0nas favelas&#8211;o uso p\u00fablico de telefones celulares n\u00e3o foi t\u00e3o grande quanto eu esperava em uma comunidade do tamanho da Mar\u00e9.<\/p>\n<p>Embora meu amigo nunca tenha me explicado totalmente a raz\u00e3o pela qual muitos moradores da Mar\u00e9 n\u00e3o utilizem os seus celulares em p\u00fablico, a controv\u00e9rsia recente em torno da p\u00e1gina da Mar\u00e9 no Facebook, <a href=\"http:\/\/on.fb.me\/1b7lXYe\" target=\"_blank\">Mar\u00e9 Vive<\/a>, nos ajuda a entender o porqu\u00ea.\u00a0<span lang=\"PT\">Desde seu in\u00edcio em mar\u00e7o de 2014, Mar\u00e9 Vive tornou-se uma refer\u00eancia para not\u00edcias e informa\u00e7\u00f5es sobre a vida na favela. Tal como acontece com a maioria das favelas do Rio, o acesso \u00e0 internet tornou-se quase onipresente na Mar\u00e9 e a maioria dos moradores da Mar\u00e9 acessam a web atrav\u00e9s dos celulares, em vez de desktops, laptops ou tablets. No Brasil, no entanto, encargos com SMS e mensagens de texto de operadoras s\u00e3o frequentemente muito caros.\u00a0<\/span><span lang=\"PT\">Assim, acessar a internet atrav\u00e9s do celular e o uso do\u00a0WhatsApp,\u00a0<a href=\"http:\/\/bloom.bg\/1JLRs8m\" target=\"_blank\">comprada pelo\u00a0Facebook<\/a>, \u00e9 muito\u00a0popular, e, na pr\u00e1tica,\u00a0quase obrigat\u00f3rio. Problemas para o Mar\u00e9 Vive surgiram quando algu\u00e9m come\u00e7ou <a href=\"http:\/\/on.fb.me\/1DPbu9A\" target=\"_blank\">uma falsa p\u00e1gina no Facebook<\/a> usando o nome da Mar\u00e9 Vive com mensagens denunciando v\u00e1rios traficantes da Mar\u00e9.\u00a0<\/span>Estas mensagens depreciativas incluindo fotos de muitos dos traficantes em quest\u00e3o n\u00e3o fizeram\u00a0nenhum link ou cita\u00e7\u00e3o de\u00a0fonte (ou seja, para a falsa p\u00e1gina do Facebook Mar\u00e9 Vive), e foram compartilhadas via WhatsApp usando a hashtag #marevive. N\u00e3o \u00e9 preciso dizer que os traficantes n\u00e3o ficaram felizes. Os criadores\u00a0da p\u00e1gina original do Mar\u00e9 Vive no Facebook passaram a receber\u00a0<a href=\"http:\/\/bit.ly\/1zlkRxc\" target=\"_blank\">amea\u00e7as de morte<\/a>\u00a0e logo em seguida os traficantes come\u00e7aram o policiamento dos telefones celulares dos moradores com esperan\u00e7as de encontrar os informantes.<\/p>\n<\/div>\n<div><\/div>\n<div><strong><a href=\"http:\/\/rioonwatch.org.br\/wp-content\/uploads\/2015\/06\/Somos-Mar\u00e9.jpg\"><img fetchpriority=\"high\" decoding=\"async\" class=\"aligncenter wp-image-14492\" src=\"http:\/\/rioonwatch.org.br\/wp-content\/uploads\/2015\/06\/Somos-Mar\u00e9.jpg\" alt=\"Somos-Mar\u00e9\" width=\"620\" height=\"413\" srcset=\"https:\/\/rioonwatch.org.br\/wp-content\/uploads\/2015\/06\/Somos-Mar\u00e9.jpg 610w, https:\/\/rioonwatch.org.br\/wp-content\/uploads\/2015\/06\/Somos-Mar\u00e9-300x200.jpg 300w, https:\/\/rioonwatch.org.br\/wp-content\/uploads\/2015\/06\/Somos-Mar\u00e9-150x100.jpg 150w\" sizes=\"(max-width: 620px) 100vw, 620px\" \/><\/a><\/strong><\/div>\n<h3><strong>Inclus\u00e3o Digital<\/strong><\/h3>\n<p>O medo de repres\u00e1lias por causa de mensagens em m\u00eddias sociais n\u00e3o \u00e9 algo espec\u00edfico nas favelas do Rio. Pesquisas mostram casos semelhantes de censura relacionados com o tr\u00e1fico em outras regi\u00f5es, inclusive\u00a0<a href=\"http:\/\/bit.ly\/1OTZ6kA\" target=\"_blank\">Vit\u00f3ria, ES<\/a>. <span lang=\"PT\">No entanto, ao contr\u00e1rio das<\/span><span lang=\"PT\"> favelas de\u00a0Vit\u00f3ria, as favelas do Rio est\u00e3o atualmente passando por <a href=\"http:\/\/bit.ly\/1NN08e8\" target=\"_blank\">programas de pacifica\u00e7\u00e3o<\/a> com o objetivo de desarmar e recuperar territ\u00f3rios controlados por fac\u00e7\u00f5es, e ao mesmo tempo, com a inten\u00e7\u00e3o de oferecer programas que melhorem a infraestrutura e o fortalecimento dos servi\u00e7os sociais.<\/span> <span lang=\"PT\">Embora favelas, como a Mar\u00e9, tiveram sucesso limitado apenas com a ocupa\u00e7\u00e3o policial, a\u00a0<a href=\"http:\/\/bit.ly\/1K80jho\" target=\"_blank\">inclus\u00e3o digital<\/a>&#8211;a ideia de que o\u00a0maior acesso \u00e0 tecnologia pode ser um benef\u00edcio para a sociedade, servindo como um meio para aumentar a participa\u00e7\u00e3o democr\u00e1tica, ajudar a reduzir a viol\u00eancia, e incorporar as favelas na economia formal do Brasil&#8211;continua sendo\u00a0<\/span><span title=\"\u2014remains pivotal to the State's efforts to redefine the economic and political conditions in favelas.While pacification often controversially facilitates the security needed for gentrification, Brazil's recent surge in mobile phone use helps realize the goals of digital inclusion.\">fundamental para os esfor\u00e7os do Estado para redefinir as condi\u00e7\u00f5es econ\u00f4micas e pol\u00edticas em\u00a0favelas.<\/span><\/p>\n<p><a href=\"http:\/\/rioonwatch.org.br\/wp-content\/uploads\/2015\/06\/presidente-dilma-e-mark-2.jpg\"><img decoding=\"async\" class=\"aligncenter wp-image-14493\" src=\"http:\/\/rioonwatch.org.br\/wp-content\/uploads\/2015\/06\/presidente-dilma-e-mark-2.jpg\" alt=\"presidente-dilma-e-mark-2\" width=\"620\" height=\"425\" srcset=\"https:\/\/rioonwatch.org.br\/wp-content\/uploads\/2015\/06\/presidente-dilma-e-mark-2.jpg 695w, https:\/\/rioonwatch.org.br\/wp-content\/uploads\/2015\/06\/presidente-dilma-e-mark-2-385x264.jpg 385w, https:\/\/rioonwatch.org.br\/wp-content\/uploads\/2015\/06\/presidente-dilma-e-mark-2-620x425.jpg 620w\" sizes=\"(max-width: 620px) 100vw, 620px\" \/><\/a><\/p>\n<p>Enquanto a pacifica\u00e7\u00e3o\u00a0facilita a seguran\u00e7a necess\u00e1ria para a controversa\u00a0<a href=\"http:\/\/bit.ly\/Qe3lpR\" target=\"_blank\">gentrifica\u00e7\u00e3o<\/a>, o recente aumento do uso do telefone celular no Brasil ajuda a alcan\u00e7ar as metas de inclus\u00e3o digital. A Prefeitura<span lang=\"PT\">\u00a0do Rio,<\/span><span lang=\"PT\"> por sua vez, est\u00e1 lan\u00e7ando <a href=\"http:\/\/bit.ly\/1FM0mN6\" target=\"_blank\">o que aparenta\u00a0ser<\/a> um programa ambicioso para promover a inclus\u00e3o digital com a sua nova iniciativa, a \u201cPra\u00e7a do Conhecimento\u201d. <a href=\"http:\/\/bit.ly\/1GZcxpV\" target=\"_blank\">Segundo o secret\u00e1rio de Ci\u00eancia e Tecnologia, do Rio, Franklin Dias Coelho<\/a>, as vastas desigualdades econ\u00f4micas no Rio resultam em uma cidade que \u00e9 &#8220;n\u00e3o s\u00f3 socialmente fragmentada, mas tamb\u00e9m digitalmente, em termos de oportunidade, informa\u00e7\u00e3o e conhecimento&#8221;<\/span>. <span lang=\"PT\">Situadas\u00a0<\/span><span lang=\"PT\">perto de favelas e outros bairros marginalizados com a necessidade de mais recursos tecnol\u00f3gicos, as &#8220;<a href=\"http:\/\/bit.ly\/1Gj4JD9\" target=\"_blank\">Pra\u00e7as do Conhecimento<\/a>&#8221; s\u00e3o centros comunit\u00e1rios de alta tecnologia que visam promover a inclus\u00e3o digital e democr\u00e1tica, conectando\u00a0moradores locais ao mundo digital com acesso p\u00fablico gratuito \u00e0 internet atrav\u00e9s de laptops, tablets, conhecimento e treinamento digitais.\u00a0<\/span><span lang=\"PT\">Al\u00e9m de<\/span><span lang=\"PT\"> fazer avan\u00e7ar a inclus\u00e3o digital, um objetivo mais amplo dessa estrat\u00e9gia \u00e9 fazer com que o Rio seja uma&#8221;cidade inteligente&#8221;, que inclua uma modern\u00edssima infraestrutura de telecomunica\u00e7\u00f5es, que facilita a &#8220;<a href=\"http:\/\/bit.ly\/1KjshcI\" target=\"_blank\">Internet das Coisas<\/a>&#8221; (um desenvolvimento da internet em que objetos do cotidiano t\u00eam conectividade em rede), e constr\u00f3i &#8220;Comunidades Inteligentes&#8221; (<\/span><span lang=\"PT\">aquelas<\/span><span lang=\"PT\"> que incorporam regularmente inova\u00e7\u00f5es tecnol\u00f3gicas em suas vidas no dia-a-dia).<\/span><\/p>\n<p><a href=\"http:\/\/rioonwatch.org.br\/wp-content\/uploads\/2015\/06\/KnowledgePlaza.jpg\"><img decoding=\"async\" class=\"aligncenter wp-image-14494\" src=\"http:\/\/rioonwatch.org.br\/wp-content\/uploads\/2015\/06\/KnowledgePlaza.jpg\" alt=\"KnowledgePlaza\" width=\"620\" height=\"342\" srcset=\"https:\/\/rioonwatch.org.br\/wp-content\/uploads\/2015\/06\/KnowledgePlaza.jpg 1000w, https:\/\/rioonwatch.org.br\/wp-content\/uploads\/2015\/06\/KnowledgePlaza-479x264.jpg 479w, https:\/\/rioonwatch.org.br\/wp-content\/uploads\/2015\/06\/KnowledgePlaza-620x342.jpg 620w\" sizes=\"(max-width: 620px) 100vw, 620px\" \/><\/a><\/p>\n<p>Com a realiza\u00e7\u00e3o de um acesso mais amplo \u00e0 internet vem o impulso corporativo para capitalizar, e empresas como a <a href=\"http:\/\/bit.ly\/1qE0QMy\" target=\"_blank\">Microsoft, Google<\/a>, Facebook tomaram a frente. Embora a meta de aumento dos lucros \u00e9 sempre um forte incentivo, por outro lado o <a href=\"http:\/\/glo.bo\/1E0pGxU\" target=\"_blank\">Facebook fez uma parceria com o governo brasileiro<\/a> com o objetivo de utilizar a inclus\u00e3o digital para aumentar o acesso a servi\u00e7os p\u00fablicos, como sa\u00fade, educa\u00e7\u00e3o, cultura, trabalho e tecnologia.\u00a0<span lang=\"PT\">O programa contribui com o aumento d<\/span><span lang=\"PT\">o n\u00edvel de alfabetiza\u00e7\u00e3o tradicional e tamb\u00e9m com o\u00a0acesso \u00e0 emprego na economia formal. Como parte de sua estrat\u00e9gia de inclus\u00e3o digital, o primeiro <a href=\"http:\/\/glo.bo\/1HvZtNo\" target=\"_blank\">projeto do Facebook<\/a> tem como alvo uma favela em S\u00e3o Paulo, Heli\u00f3polis, e implementa um servi\u00e7o de internet sem fio de alta velocidade livre.<\/span><\/p>\n<p>Embora haja um empurr\u00e3o de ambos, do governo e das corpora\u00e7\u00f5es, para um acesso mais tecnol\u00f3gico em favelas, o exemplo do Complexo da Mar\u00e9 ilustra que a inclus\u00e3o digital n\u00e3o \u00e9 uma tarefa simples e est\u00e1 ligada a uma s\u00e9rie de realidades e riscos s\u00f3cio-pol\u00edticos mais amplos. De fato, eu falei com v\u00e1rios moradores que expressaram suas\u00a0d\u00favidas sobre a capacidade de tecnologia resolver as desigualdades nas favelas.\u00a0<span lang=\"PT\">Ao mesmo tempo<\/span><span lang=\"PT\">, no entanto, eles transmitiram a esperan\u00e7a no potencial da inclus\u00e3o digital inclu\u00edrem suas comunidades, economicamente e politicamente, nos assuntos do Estado.\u00a0<\/span><span lang=\"PT\">Certamente, aumentando o acesso \u00e0\u00a0oportunidades nas \u00e1reas de emprego, ativismo, consumo de m\u00eddia, educa\u00e7\u00e3o, acesso aos servi\u00e7os p\u00fablicos, e <a href=\"http:\/\/bit.ly\/11VbppF\" target=\"_blank\">cobertura independente de not\u00edcias<\/a>, a inclus\u00e3o digital tem o potencial de abrir as portas para a democracia. Nosso exemplo da Mar\u00e9 tamb\u00e9m mostra que a meta do Estado para inclus\u00e3o mais ampla, muitas vezes, pode se chocar com as realidades do acesso tecnol\u00f3gico em favelas. Com efeito, no que se refere \u00e0 repress\u00e3o na Mar\u00e9, os sonhos de democracia s\u00e3o, por vezes, adiados.<\/span><\/p>\n<p>*Doutorando da Universidade da Calif\u00f3rnia, Santa Cruz, Jeffrey Omari estuda o acesso \u00e0 internet e direito digital no Rio de Janeiro.<\/p>\n<!-- AddThis Advanced Settings generic via filter on the_content --><!-- AddThis Share Buttons generic via filter on the_content -->","protected":false},"excerpt":{"rendered":"<div class=\"mh-excerpt\"><p>Este \u00e9 o segundo artigo de uma s\u00e9rie sobre\u00a0tecnologia da informa\u00e7\u00e3o e comunica\u00e7\u00e3o nas favelas do Rio, do pesquisador convidado Jeffrey Omari*. Durante uma visita recente ao Complexo da Mar\u00e9, na Zona Norte do Rio, <a class=\"mh-excerpt-more\" href=\"https:\/\/rioonwatch.org.br\/?p=14490\" title=\"Democracia Atrav\u00e9s da Tecnologia: Os Riscos da Inclus\u00e3o\">[&#8230;]<\/a><!-- AddThis Advanced Settings generic via filter on get_the_excerpt --><!-- AddThis Share Buttons generic via filter on get_the_excerpt --><\/p>\n<\/div>","protected":false},"author":137,"featured_media":14491,"comment_status":"closed","ping_status":"closed","sticky":false,"template":"","format":"standard","meta":{"_acf_changed":false,"_monsterinsights_skip_tracking":false,"_monsterinsights_sitenote_active":false,"_monsterinsights_sitenote_note":"","_monsterinsights_sitenote_category":0,"footnotes":""},"categories":[1618,344,1620,342],"tags":[332,1530,88,1535,976,1455,379,304,774,838,1532,1457,92,1144,218],"writer":[1448],"translator":[1491],"source":[],"ilustrador":[],"fotografo":[],"class_list":{"0":"post-14490","1":"post","2":"type-post","3":"status-publish","4":"format-standard","5":"has-post-thumbnail","7":"category-olhonaparticipacao","8":"category-politicas","9":"category-olhonaupp","10":"category-solucoes","11":"tag-complexo-da-mare","12":"tag-midia-comunitaria","13":"tag-direitos-humanos","14":"tag-facebook","15":"tag-integracao","16":"tag-internet","17":"tag-midia-social","18":"tag-participacao","19":"tag-policia-militar","20":"tag-politica-publica","21":"tag-serie-democracia-atraves-da-tecnologia","22":"tag-tecnologia","23":"tag-upp","24":"tag-violencia-urbana","25":"tag-zona-norte","26":"writer-jeffrey-omari","27":"translator-patricia-gomes"},"acf":[],"yoast_head":"<!-- This site is optimized with the Yoast SEO plugin v25.6 - https:\/\/yoast.com\/wordpress\/plugins\/seo\/ -->\n<title>Democracia Atrav\u00e9s da Tecnologia: Os Riscos da Inclus\u00e3o - RioOnWatch<\/title>\n<meta name=\"robots\" content=\"index, follow, max-snippet:-1, max-image-preview:large, max-video-preview:-1\" \/>\n<link rel=\"canonical\" href=\"https:\/\/rioonwatch.org.br\/?p=14490\" \/>\n<meta property=\"og:locale\" content=\"pt_BR\" \/>\n<meta property=\"og:type\" content=\"article\" \/>\n<meta property=\"og:title\" content=\"Democracia Atrav\u00e9s da Tecnologia: Os Riscos da Inclus\u00e3o - RioOnWatch\" \/>\n<meta property=\"og:description\" content=\"Este \u00e9 o segundo artigo de uma s\u00e9rie sobre\u00a0tecnologia da informa\u00e7\u00e3o e comunica\u00e7\u00e3o nas favelas do Rio, do pesquisador convidado Jeffrey Omari*. Durante uma visita recente ao Complexo da Mar\u00e9, na Zona Norte do Rio, [...]\" \/>\n<meta property=\"og:url\" content=\"https:\/\/rioonwatch.org.br\/?p=14490\" \/>\n<meta property=\"og:site_name\" content=\"RioOnWatch\" \/>\n<meta property=\"article:published_time\" content=\"2015-06-12T11:50:35+00:00\" \/>\n<meta property=\"article:modified_time\" content=\"2015-09-29T14:24:36+00:00\" \/>\n<meta property=\"og:image\" content=\"https:\/\/rioonwatch.org.br\/wp-content\/uploads\/2015\/06\/Knowledge-Square.jpg\" \/>\n\t<meta property=\"og:image:width\" content=\"1000\" \/>\n\t<meta property=\"og:image:height\" content=\"750\" \/>\n\t<meta property=\"og:image:type\" content=\"image\/jpeg\" \/>\n<meta name=\"author\" content=\"Nicole Froio\" \/>\n<meta name=\"twitter:card\" content=\"summary_large_image\" \/>\n<meta name=\"twitter:label1\" content=\"Escrito por\" \/>\n\t<meta name=\"twitter:data1\" content=\"Nicole Froio\" \/>\n\t<meta name=\"twitter:label2\" content=\"Est. tempo de leitura\" \/>\n\t<meta name=\"twitter:data2\" content=\"7 minutos\" \/>\n<script type=\"application\/ld+json\" class=\"yoast-schema-graph\">{\"@context\":\"https:\/\/schema.org\",\"@graph\":[{\"@type\":\"Article\",\"@id\":\"https:\/\/rioonwatch.org.br\/?p=14490#article\",\"isPartOf\":{\"@id\":\"https:\/\/rioonwatch.org.br\/?p=14490\"},\"author\":{\"name\":\"Nicole Froio\",\"@id\":\"https:\/\/rioonwatch.org.br\/#\/schema\/person\/e07d559fe2154d11fd3ec515e35695ee\"},\"headline\":\"Democracia Atrav\u00e9s da Tecnologia: Os Riscos da Inclus\u00e3o\",\"datePublished\":\"2015-06-12T11:50:35+00:00\",\"dateModified\":\"2015-09-29T14:24:36+00:00\",\"mainEntityOfPage\":{\"@id\":\"https:\/\/rioonwatch.org.br\/?p=14490\"},\"wordCount\":1326,\"publisher\":{\"@id\":\"https:\/\/rioonwatch.org.br\/#organization\"},\"image\":{\"@id\":\"https:\/\/rioonwatch.org.br\/?p=14490#primaryimage\"},\"thumbnailUrl\":\"https:\/\/rioonwatch.org.br\/wp-content\/uploads\/2015\/06\/Knowledge-Square.jpg\",\"keywords\":[\"Complexo da Mar\u00e9\",\"Comunica\u00e7\u00e3o Comunit\u00e1ria\",\"Direitos Humanos\",\"Facebook\",\"integra\u00e7\u00e3o\",\"internet\",\"m\u00eddia social\",\"participa\u00e7\u00e3o\",\"Pol\u00edcia Militar\",\"pol\u00edtica p\u00fablica\",\"S\u00e9rie: Democracia Atrav\u00e9s da Tecnologia\",\"tecnologia\",\"UPP\",\"viol\u00eancia urbana\",\"Zona Norte\"],\"articleSection\":[\"#OlhoNaParticipa\u00e7\u00e3o\",\"Pol\u00edticas\",\"Seguran\u00e7a P\u00fablica\",\"Solu\u00e7\u00f5es\"],\"inLanguage\":\"pt-BR\"},{\"@type\":\"WebPage\",\"@id\":\"https:\/\/rioonwatch.org.br\/?p=14490\",\"url\":\"https:\/\/rioonwatch.org.br\/?p=14490\",\"name\":\"Democracia Atrav\u00e9s da Tecnologia: Os Riscos da Inclus\u00e3o - RioOnWatch\",\"isPartOf\":{\"@id\":\"https:\/\/rioonwatch.org.br\/#website\"},\"primaryImageOfPage\":{\"@id\":\"https:\/\/rioonwatch.org.br\/?p=14490#primaryimage\"},\"image\":{\"@id\":\"https:\/\/rioonwatch.org.br\/?p=14490#primaryimage\"},\"thumbnailUrl\":\"https:\/\/rioonwatch.org.br\/wp-content\/uploads\/2015\/06\/Knowledge-Square.jpg\",\"datePublished\":\"2015-06-12T11:50:35+00:00\",\"dateModified\":\"2015-09-29T14:24:36+00:00\",\"breadcrumb\":{\"@id\":\"https:\/\/rioonwatch.org.br\/?p=14490#breadcrumb\"},\"inLanguage\":\"pt-BR\",\"potentialAction\":[{\"@type\":\"ReadAction\",\"target\":[\"https:\/\/rioonwatch.org.br\/?p=14490\"]}]},{\"@type\":\"ImageObject\",\"inLanguage\":\"pt-BR\",\"@id\":\"https:\/\/rioonwatch.org.br\/?p=14490#primaryimage\",\"url\":\"https:\/\/rioonwatch.org.br\/wp-content\/uploads\/2015\/06\/Knowledge-Square.jpg\",\"contentUrl\":\"https:\/\/rioonwatch.org.br\/wp-content\/uploads\/2015\/06\/Knowledge-Square.jpg\",\"width\":1000,\"height\":750},{\"@type\":\"BreadcrumbList\",\"@id\":\"https:\/\/rioonwatch.org.br\/?p=14490#breadcrumb\",\"itemListElement\":[{\"@type\":\"ListItem\",\"position\":1,\"name\":\"In\u00edcio\",\"item\":\"https:\/\/rioonwatch.org.br\/\"},{\"@type\":\"ListItem\",\"position\":2,\"name\":\"Democracia Atrav\u00e9s da Tecnologia: Os Riscos da Inclus\u00e3o\"}]},{\"@type\":\"WebSite\",\"@id\":\"https:\/\/rioonwatch.org.br\/#website\",\"url\":\"https:\/\/rioonwatch.org.br\/\",\"name\":\"RioOnWatch\",\"description\":\"relatos das favelas cariocas\",\"publisher\":{\"@id\":\"https:\/\/rioonwatch.org.br\/#organization\"},\"potentialAction\":[{\"@type\":\"SearchAction\",\"target\":{\"@type\":\"EntryPoint\",\"urlTemplate\":\"https:\/\/rioonwatch.org.br\/?s={search_term_string}\"},\"query-input\":{\"@type\":\"PropertyValueSpecification\",\"valueRequired\":true,\"valueName\":\"search_term_string\"}}],\"inLanguage\":\"pt-BR\"},{\"@type\":\"Organization\",\"@id\":\"https:\/\/rioonwatch.org.br\/#organization\",\"name\":\"RioOnWatch\",\"url\":\"https:\/\/rioonwatch.org.br\/\",\"logo\":{\"@type\":\"ImageObject\",\"inLanguage\":\"pt-BR\",\"@id\":\"https:\/\/rioonwatch.org.br\/#\/schema\/logo\/image\/\",\"url\":\"https:\/\/rioonwatch.org.br\/wp-content\/uploads\/2021\/06\/RioOnWatchcabecalhoPT11anos-2.png\",\"contentUrl\":\"https:\/\/rioonwatch.org.br\/wp-content\/uploads\/2021\/06\/RioOnWatchcabecalhoPT11anos-2.png\",\"width\":779,\"height\":277,\"caption\":\"RioOnWatch\"},\"image\":{\"@id\":\"https:\/\/rioonwatch.org.br\/#\/schema\/logo\/image\/\"}},{\"@type\":\"Person\",\"@id\":\"https:\/\/rioonwatch.org.br\/#\/schema\/person\/e07d559fe2154d11fd3ec515e35695ee\",\"name\":\"Nicole Froio\",\"image\":{\"@type\":\"ImageObject\",\"inLanguage\":\"pt-BR\",\"@id\":\"https:\/\/rioonwatch.org.br\/#\/schema\/person\/image\/\",\"url\":\"https:\/\/secure.gravatar.com\/avatar\/0acdbd6878ca0ac29aa5ce6c6119d636?s=96&d=blank&r=g\",\"contentUrl\":\"https:\/\/secure.gravatar.com\/avatar\/0acdbd6878ca0ac29aa5ce6c6119d636?s=96&d=blank&r=g\",\"caption\":\"Nicole Froio\"},\"url\":\"https:\/\/rioonwatch.org.br\/?author=137\"}]}<\/script>\n<!-- \/ Yoast SEO plugin. -->","yoast_head_json":{"title":"Democracia Atrav\u00e9s da Tecnologia: Os Riscos da Inclus\u00e3o - RioOnWatch","robots":{"index":"index","follow":"follow","max-snippet":"max-snippet:-1","max-image-preview":"max-image-preview:large","max-video-preview":"max-video-preview:-1"},"canonical":"https:\/\/rioonwatch.org.br\/?p=14490","og_locale":"pt_BR","og_type":"article","og_title":"Democracia Atrav\u00e9s da Tecnologia: Os Riscos da Inclus\u00e3o - RioOnWatch","og_description":"Este \u00e9 o segundo artigo de uma s\u00e9rie sobre\u00a0tecnologia da informa\u00e7\u00e3o e comunica\u00e7\u00e3o nas favelas do Rio, do pesquisador convidado Jeffrey Omari*. Durante uma visita recente ao Complexo da Mar\u00e9, na Zona Norte do Rio, [...]","og_url":"https:\/\/rioonwatch.org.br\/?p=14490","og_site_name":"RioOnWatch","article_published_time":"2015-06-12T11:50:35+00:00","article_modified_time":"2015-09-29T14:24:36+00:00","og_image":[{"width":1000,"height":750,"url":"https:\/\/rioonwatch.org.br\/wp-content\/uploads\/2015\/06\/Knowledge-Square.jpg","type":"image\/jpeg"}],"author":"Nicole Froio","twitter_card":"summary_large_image","twitter_misc":{"Escrito por":"Nicole Froio","Est. tempo de leitura":"7 minutos"},"schema":{"@context":"https:\/\/schema.org","@graph":[{"@type":"Article","@id":"https:\/\/rioonwatch.org.br\/?p=14490#article","isPartOf":{"@id":"https:\/\/rioonwatch.org.br\/?p=14490"},"author":{"name":"Nicole Froio","@id":"https:\/\/rioonwatch.org.br\/#\/schema\/person\/e07d559fe2154d11fd3ec515e35695ee"},"headline":"Democracia Atrav\u00e9s da Tecnologia: Os Riscos da Inclus\u00e3o","datePublished":"2015-06-12T11:50:35+00:00","dateModified":"2015-09-29T14:24:36+00:00","mainEntityOfPage":{"@id":"https:\/\/rioonwatch.org.br\/?p=14490"},"wordCount":1326,"publisher":{"@id":"https:\/\/rioonwatch.org.br\/#organization"},"image":{"@id":"https:\/\/rioonwatch.org.br\/?p=14490#primaryimage"},"thumbnailUrl":"https:\/\/rioonwatch.org.br\/wp-content\/uploads\/2015\/06\/Knowledge-Square.jpg","keywords":["Complexo da Mar\u00e9","Comunica\u00e7\u00e3o Comunit\u00e1ria","Direitos Humanos","Facebook","integra\u00e7\u00e3o","internet","m\u00eddia social","participa\u00e7\u00e3o","Pol\u00edcia Militar","pol\u00edtica p\u00fablica","S\u00e9rie: Democracia Atrav\u00e9s da Tecnologia","tecnologia","UPP","viol\u00eancia urbana","Zona Norte"],"articleSection":["#OlhoNaParticipa\u00e7\u00e3o","Pol\u00edticas","Seguran\u00e7a P\u00fablica","Solu\u00e7\u00f5es"],"inLanguage":"pt-BR"},{"@type":"WebPage","@id":"https:\/\/rioonwatch.org.br\/?p=14490","url":"https:\/\/rioonwatch.org.br\/?p=14490","name":"Democracia Atrav\u00e9s da Tecnologia: Os Riscos da Inclus\u00e3o - RioOnWatch","isPartOf":{"@id":"https:\/\/rioonwatch.org.br\/#website"},"primaryImageOfPage":{"@id":"https:\/\/rioonwatch.org.br\/?p=14490#primaryimage"},"image":{"@id":"https:\/\/rioonwatch.org.br\/?p=14490#primaryimage"},"thumbnailUrl":"https:\/\/rioonwatch.org.br\/wp-content\/uploads\/2015\/06\/Knowledge-Square.jpg","datePublished":"2015-06-12T11:50:35+00:00","dateModified":"2015-09-29T14:24:36+00:00","breadcrumb":{"@id":"https:\/\/rioonwatch.org.br\/?p=14490#breadcrumb"},"inLanguage":"pt-BR","potentialAction":[{"@type":"ReadAction","target":["https:\/\/rioonwatch.org.br\/?p=14490"]}]},{"@type":"ImageObject","inLanguage":"pt-BR","@id":"https:\/\/rioonwatch.org.br\/?p=14490#primaryimage","url":"https:\/\/rioonwatch.org.br\/wp-content\/uploads\/2015\/06\/Knowledge-Square.jpg","contentUrl":"https:\/\/rioonwatch.org.br\/wp-content\/uploads\/2015\/06\/Knowledge-Square.jpg","width":1000,"height":750},{"@type":"BreadcrumbList","@id":"https:\/\/rioonwatch.org.br\/?p=14490#breadcrumb","itemListElement":[{"@type":"ListItem","position":1,"name":"In\u00edcio","item":"https:\/\/rioonwatch.org.br\/"},{"@type":"ListItem","position":2,"name":"Democracia Atrav\u00e9s da Tecnologia: Os Riscos da Inclus\u00e3o"}]},{"@type":"WebSite","@id":"https:\/\/rioonwatch.org.br\/#website","url":"https:\/\/rioonwatch.org.br\/","name":"RioOnWatch","description":"relatos das favelas cariocas","publisher":{"@id":"https:\/\/rioonwatch.org.br\/#organization"},"potentialAction":[{"@type":"SearchAction","target":{"@type":"EntryPoint","urlTemplate":"https:\/\/rioonwatch.org.br\/?s={search_term_string}"},"query-input":{"@type":"PropertyValueSpecification","valueRequired":true,"valueName":"search_term_string"}}],"inLanguage":"pt-BR"},{"@type":"Organization","@id":"https:\/\/rioonwatch.org.br\/#organization","name":"RioOnWatch","url":"https:\/\/rioonwatch.org.br\/","logo":{"@type":"ImageObject","inLanguage":"pt-BR","@id":"https:\/\/rioonwatch.org.br\/#\/schema\/logo\/image\/","url":"https:\/\/rioonwatch.org.br\/wp-content\/uploads\/2021\/06\/RioOnWatchcabecalhoPT11anos-2.png","contentUrl":"https:\/\/rioonwatch.org.br\/wp-content\/uploads\/2021\/06\/RioOnWatchcabecalhoPT11anos-2.png","width":779,"height":277,"caption":"RioOnWatch"},"image":{"@id":"https:\/\/rioonwatch.org.br\/#\/schema\/logo\/image\/"}},{"@type":"Person","@id":"https:\/\/rioonwatch.org.br\/#\/schema\/person\/e07d559fe2154d11fd3ec515e35695ee","name":"Nicole Froio","image":{"@type":"ImageObject","inLanguage":"pt-BR","@id":"https:\/\/rioonwatch.org.br\/#\/schema\/person\/image\/","url":"https:\/\/secure.gravatar.com\/avatar\/0acdbd6878ca0ac29aa5ce6c6119d636?s=96&d=blank&r=g","contentUrl":"https:\/\/secure.gravatar.com\/avatar\/0acdbd6878ca0ac29aa5ce6c6119d636?s=96&d=blank&r=g","caption":"Nicole Froio"},"url":"https:\/\/rioonwatch.org.br\/?author=137"}]}},"_links":{"self":[{"href":"https:\/\/rioonwatch.org.br\/index.php?rest_route=\/wp\/v2\/posts\/14490"}],"collection":[{"href":"https:\/\/rioonwatch.org.br\/index.php?rest_route=\/wp\/v2\/posts"}],"about":[{"href":"https:\/\/rioonwatch.org.br\/index.php?rest_route=\/wp\/v2\/types\/post"}],"author":[{"embeddable":true,"href":"https:\/\/rioonwatch.org.br\/index.php?rest_route=\/wp\/v2\/users\/137"}],"replies":[{"embeddable":true,"href":"https:\/\/rioonwatch.org.br\/index.php?rest_route=%2Fwp%2Fv2%2Fcomments&post=14490"}],"version-history":[{"count":17,"href":"https:\/\/rioonwatch.org.br\/index.php?rest_route=\/wp\/v2\/posts\/14490\/revisions"}],"predecessor-version":[{"id":15232,"href":"https:\/\/rioonwatch.org.br\/index.php?rest_route=\/wp\/v2\/posts\/14490\/revisions\/15232"}],"wp:featuredmedia":[{"embeddable":true,"href":"https:\/\/rioonwatch.org.br\/index.php?rest_route=\/wp\/v2\/media\/14491"}],"wp:attachment":[{"href":"https:\/\/rioonwatch.org.br\/index.php?rest_route=%2Fwp%2Fv2%2Fmedia&parent=14490"}],"wp:term":[{"taxonomy":"category","embeddable":true,"href":"https:\/\/rioonwatch.org.br\/index.php?rest_route=%2Fwp%2Fv2%2Fcategories&post=14490"},{"taxonomy":"post_tag","embeddable":true,"href":"https:\/\/rioonwatch.org.br\/index.php?rest_route=%2Fwp%2Fv2%2Ftags&post=14490"},{"taxonomy":"writer","embeddable":true,"href":"https:\/\/rioonwatch.org.br\/index.php?rest_route=%2Fwp%2Fv2%2Fwriter&post=14490"},{"taxonomy":"translator","embeddable":true,"href":"https:\/\/rioonwatch.org.br\/index.php?rest_route=%2Fwp%2Fv2%2Ftranslator&post=14490"},{"taxonomy":"source","embeddable":true,"href":"https:\/\/rioonwatch.org.br\/index.php?rest_route=%2Fwp%2Fv2%2Fsource&post=14490"},{"taxonomy":"ilustrador","embeddable":true,"href":"https:\/\/rioonwatch.org.br\/index.php?rest_route=%2Fwp%2Fv2%2Filustrador&post=14490"},{"taxonomy":"fotografo","embeddable":true,"href":"https:\/\/rioonwatch.org.br\/index.php?rest_route=%2Fwp%2Fv2%2Ffotografo&post=14490"}],"curies":[{"name":"wp","href":"https:\/\/api.w.org\/{rel}","templated":true}]}}