{"id":14535,"date":"2015-06-08T18:56:31","date_gmt":"2015-06-08T21:56:31","guid":{"rendered":"http:\/\/rioonwatch.org.br\/?p=14535"},"modified":"2024-06-20T16:29:07","modified_gmt":"2024-06-20T19:29:07","slug":"semana-tensa-introduz-nova-politica-de-remocoes-relampago-em-favelas-do-rio","status":"publish","type":"post","link":"https:\/\/rioonwatch.org.br\/?p=14535","title":{"rendered":"Semana Tensa Introduz Nova Pol\u00edtica de &#8216;Remo\u00e7\u00f5es Rel\u00e2mpago&#8217; Em Favelas do Rio"},"content":{"rendered":"<p style=\"text-align: right;\"><em><strong><a href=\"http:\/\/bit.ly\/1FLcuNj\" target=\"_blank\" rel=\"noopener noreferrer\">Click Here for English<img decoding=\"async\" width=\"20\" height=\"20\" class=\"alignright wp-image-15790\" src=\"http:\/\/rioonwatch.org.br\/wp-content\/uploads\/2012\/08\/EN-standard-e1439583104716.jpg\" alt=\"\" \/><\/a><\/strong><\/em><\/p>\n<p>Em <a href=\"http:\/\/bit.ly\/YZD9al\" target=\"_blank\" rel=\"noopener\">Santa Marta<\/a>\u00a0na <a href=\"http:\/\/bit.ly\/1mNsDyk\" target=\"_blank\" rel=\"noopener\">Zona Sul<\/a> do Rio, na <a href=\"http:\/\/bit.ly\/Nfddvg\" target=\"_blank\" rel=\"noopener\">Vila Aut\u00f3dromo<\/a>, pr\u00f3xima ao Parque Ol\u00edmpico na <a href=\"http:\/\/bit.ly\/11tBmFR\" target=\"_blank\" rel=\"noopener\">Zona Oeste<\/a>, e na <a href=\"http:\/\/bit.ly\/13uRoVx\" target=\"_blank\" rel=\"noopener\">Favela do Metr\u00f4<\/a>\u00a0na <a href=\"http:\/\/bit.ly\/WximDf\" target=\"_blank\" rel=\"noopener\">Zona Norte<\/a>, uma s\u00e9rie de &#8220;remo\u00e7\u00f5es rel\u00e2mpago&#8221;&#8211;remo\u00e7\u00f5es for\u00e7adas com pouco ou nenhum aviso pr\u00e9vio e fr\u00e1gil aprova\u00e7\u00e3o da Justi\u00e7a&#8211;ocorreram em favelas em todo o Rio de Janeiro na semana passada, em um clima de confus\u00e3o e tens\u00e3o no que parece ser uma nova etapa\u00a0na pol\u00edtica de remo\u00e7\u00e3o.<\/p>\n<p>Apenas 14 meses antes dos Jogos Ol\u00edmpicos de 2016, a tomada\u00a0de terras <a href=\"http:\/\/bit.ly\/1PN20bb\" target=\"_blank\" rel=\"noopener\">que tem caracterizado o per\u00edodo pr\u00e9-Olimp\u00edadas<\/a> parece ter tomado um curso em dire\u00e7\u00e3o ao pior. De janeiro de 2009 a dezembro de 2013 mais de 20 mil fam\u00edlias, ou 67 mil pessoas, <a href=\"http:\/\/bit.ly\/1EYRaXr\" target=\"_blank\" rel=\"noopener\">foram removidas de suas casas<\/a>. O n\u00famero de v\u00edtimas continua a crescer.<\/p>\n<p>Aqui, uma sequ\u00eancia cronol\u00f3gica dos acontecimentos da \u00faltima semana:<\/p>\n<h3>Morro da Provid\u00eancia<\/h3>\n<p>Em 28 de maio, moradores do <a href=\"http:\/\/bit.ly\/UiTCSh\" target=\"_blank\" rel=\"noopener\">Morro da Provid\u00eancia<\/a>, favela mais antiga do Rio, localizada no centro da cidade, perto da revitaliza\u00e7\u00e3o da <a href=\"http:\/\/bit.ly\/1cVBDvL\" target=\"_blank\" rel=\"noopener\">regi\u00e3o do porto<\/a>, postaram <a href=\"http:\/\/on.fb.me\/1EYYuPt\" target=\"_blank\" rel=\"noopener\">fotos nas m\u00eddias sociais<\/a> mostrando os moradores na regi\u00e3o do T\u00fanel Rego Barros sendo removidos, tendo seus pertences retirados pela Pol\u00edcia Militar.<\/p>\n<p><a href=\"http:\/\/rioonwatch.org.br\/wp-content\/uploads\/2015\/06\/Providencia-eviction.jpg\"><img fetchpriority=\"high\" decoding=\"async\" class=\"aligncenter wp-image-14536\" title=\"Remo\u00e7\u00f5es na Provid\u00eancia.\" src=\"http:\/\/rioonwatch.org.br\/wp-content\/uploads\/2015\/06\/Providencia-eviction.jpg\" alt=\"Remo\u00e7\u00f5es na Provid\u00eancia.\" width=\"620\" height=\"349\" srcset=\"https:\/\/rioonwatch.org.br\/wp-content\/uploads\/2015\/06\/Providencia-eviction.jpg 1000w, https:\/\/rioonwatch.org.br\/wp-content\/uploads\/2015\/06\/Providencia-eviction-469x264.jpg 469w, https:\/\/rioonwatch.org.br\/wp-content\/uploads\/2015\/06\/Providencia-eviction-620x349.jpg 620w, https:\/\/rioonwatch.org.br\/wp-content\/uploads\/2015\/06\/Providencia-eviction-580x326.jpg 580w, https:\/\/rioonwatch.org.br\/wp-content\/uploads\/2015\/06\/Providencia-eviction-174x98.jpg 174w\" sizes=\"(max-width: 620px) 100vw, 620px\" \/><\/a><\/p>\n<p>Apesar da comunidade ter sido bem sucedida em evitar remo\u00e7\u00f5es\u00a0generalizadas (<a href=\"http:\/\/bit.ly\/OpEdProvidencia\" target=\"_blank\" rel=\"noopener\">um ter\u00e7o da comunidade hist\u00f3rica havia sido prevista para remo\u00e7\u00e3o<\/a>) por meio de uma vit\u00f3ria na Justi\u00e7a com base na falta de participa\u00e7\u00e3o popular, algumas casas continuam sendo alvo, com justificativa de que est\u00e3o em &#8220;<a href=\"http:\/\/bit.ly\/171nQjb\" target=\"_blank\" rel=\"noopener\">\u00e1reas de risco<\/a>&#8220;.<\/p>\n<h3>Favela do Metr\u00f4<\/h3>\n<p>Em 29 de maio, trabalhadores e lojistas foram despejados pela Prefeitura sem aviso pr\u00e9vio na <a href=\"http:\/\/bit.ly\/13uRoVx\" target=\"_blank\" rel=\"noopener\">Favela do Metr\u00f4<\/a>, localizada pr\u00f3ximo ao Est\u00e1dio do Maracan\u00e3, na <a href=\"http:\/\/bit.ly\/WximDf\" target=\"_blank\" rel=\"noopener\">Zona Norte<\/a> do Rio. A comunidade foi v\u00edtima de um longo processo de\u00a0remo\u00e7\u00e3o\u00a0entre\u00a02010 e 2013 supostamente para a Copa do Mundo (para o qual\u00a0as constru\u00e7\u00f5es <a href=\"http:\/\/bit.ly\/1ox7RzB\" target=\"_blank\" rel=\"noopener\">nunca se materializaram<\/a>), acompanhada por\u00a0<a href=\"http:\/\/bit.ly\/1iWPjJJ\" target=\"_blank\" rel=\"noopener\">uma s\u00e9rie de remo\u00e7\u00f5es\u00a0desde ent\u00e3o<\/a>, com as casas sendo reocupadas por pessoas em necessidade de moradia. As remo\u00e7\u00f5es da semana passada ocorreram em\u00a0oficinas automotivas e lojas da \u00e1rea comercial da comunidade, a qual o prefeito se comprometeu a compensar com um <a href=\"http:\/\/bit.ly\/12deP67\" target=\"_blank\" rel=\"noopener\">novo p\u00f3lo automotivo<\/a>, o &#8220;Parque Linear Automotivo Metr\u00f4-Mangueira&#8221;, que nunca foi constru\u00eddo.<\/p>\n<p><a href=\"http:\/\/rioonwatch.org.br\/wp-content\/uploads\/2015\/06\/Favela-do-metro-eviction.jpg\"><img decoding=\"async\" class=\"aligncenter wp-image-14537\" src=\"http:\/\/rioonwatch.org.br\/wp-content\/uploads\/2015\/06\/Favela-do-metro-eviction.jpg\" alt=\"Favela-do-metro-eviction\" width=\"620\" height=\"423\" srcset=\"https:\/\/rioonwatch.org.br\/wp-content\/uploads\/2015\/06\/Favela-do-metro-eviction.jpg 1000w, https:\/\/rioonwatch.org.br\/wp-content\/uploads\/2015\/06\/Favela-do-metro-eviction-387x264.jpg 387w, https:\/\/rioonwatch.org.br\/wp-content\/uploads\/2015\/06\/Favela-do-metro-eviction-620x423.jpg 620w\" sizes=\"(max-width: 620px) 100vw, 620px\" \/><\/a><\/p>\n<p>Alunos da Universidade Estadual do Rio de Janeiro (UERJ), cujo campus principal \u00e9 vizinho da Favela do Metr\u00f4, se juntaram aos protestos em apoio aos removidos. O protesto foi para <a href=\"http:\/\/on.fb.me\/1Ktfjqv\" target=\"_blank\" rel=\"noopener\">dentro do campus da UERJ<\/a> ap\u00f3s o in\u00edcio da viol\u00eancia.<\/p>\n<p><a href=\"http:\/\/bit.ly\/1BKweQo\" target=\"_blank\" rel=\"noopener\">Uma liminar da justi\u00e7a foi emitida em 29 de maio<\/a> proibindo a Prefeitura de continuar com as demoli\u00e7\u00f5es na Favela do Metr\u00f4, com multas de R$20 mil para cada casa destru\u00edda. A liminar, no entanto, veio tarde para muitos trabalhadores e lojistas que tiveram suas propriedades e pertences destru\u00eddos.<\/p>\n<p><a href=\"http:\/\/bit.ly\/1FlXshM\" target=\"_blank\" rel=\"noopener\">Em v\u00eddeo postado no YouTube<\/a>, Alessandro, morador da favela, disse que n\u00e3o teve tempo de salvar o\u00a0material mantido para revenda em sua propriedade. \u201cA prefeitura chegou em cima da hora, queria que eu desocupasse imediatamente. N\u00e3o deram tempo para tirar nem 10% do material que tinha aqui\u201d, disse ele.<\/p>\n<p>Um debate com os moradores, donos de neg\u00f3cios, defensores p\u00fablicos, professores de direito e outros est\u00e1 sendo programado para <a href=\"http:\/\/on.fb.me\/1Kkqcgy\" target=\"_blank\" rel=\"noopener\">quarta-feira 10 de junho<\/a>.<\/p>\n<p><a href=\"http:\/\/rioonwatch.org.br\/wp-content\/uploads\/2015\/06\/Metro-eviction-alessandro.png\"><img loading=\"lazy\" decoding=\"async\" class=\"aligncenter wp-image-14538\" title=\"Alessandro speaks about being evicted.\" src=\"http:\/\/rioonwatch.org.br\/wp-content\/uploads\/2015\/06\/Metro-eviction-alessandro.png\" alt=\"Alessandro speaks about being evicted.\" width=\"620\" height=\"363\" srcset=\"https:\/\/rioonwatch.org.br\/wp-content\/uploads\/2015\/06\/Metro-eviction-alessandro.png 1000w, https:\/\/rioonwatch.org.br\/wp-content\/uploads\/2015\/06\/Metro-eviction-alessandro-451x264.png 451w, https:\/\/rioonwatch.org.br\/wp-content\/uploads\/2015\/06\/Metro-eviction-alessandro-620x363.png 620w\" sizes=\"(max-width: 620px) 100vw, 620px\" \/><\/a><\/p>\n<h3>Tavares Bastos<\/h3>\n<p>Em 29 de maio, notifica\u00e7\u00f5es de remo\u00e7\u00f5es\u00a0foram entregues aos moradores de <a href=\"http:\/\/bit.ly\/1JDtoTS\" target=\"_blank\" rel=\"noopener\">Tavares Bastos<\/a>, localizada logo acima dos bairros do Flamengo e do Catete, na <a href=\"http:\/\/bit.ly\/1mNsDyk\" target=\"_blank\" rel=\"noopener\">Zona Sul<\/a> do Rio. Bob Nadkarni, morador de longa data e dono do famoso bar de jazz The MAZE, foi o primeiro a receber tais notifica\u00e7\u00f5es e est\u00e1 <a href=\"http:\/\/bit.ly\/1K6ksEY\" target=\"_blank\" rel=\"noopener\">lutando contra as acusa\u00e7\u00f5es de risco na Justi\u00e7a<\/a>. Temores de que a amea\u00e7a de remover uma das estruturas mais s\u00f3lidas da comunidade&#8211;o The MAZE0&#8211;seja apenas o primeiro passo em uma campanha mais ampla de remover a comunidade inteira est\u00e3o crescendo, e os moradores est\u00e3o se organizando. Uma &#8220;remo\u00e7\u00e3o rel\u00e2mpago&#8221; ainda n\u00e3o aconteceu, mas dado o ocorrido em in\u00fameras outras favelas na mesma semana, o risco n\u00e3o pode ser descartado.<\/p>\n<p>&nbsp;<\/p>\n<p><a href=\"http:\/\/rioonwatch.org.br\/wp-content\/uploads\/2015\/05\/MAZE-Tavares-Bastos.jpg\"><img loading=\"lazy\" decoding=\"async\" class=\"aligncenter wp-image-14343\" src=\"http:\/\/rioonwatch.org.br\/wp-content\/uploads\/2015\/05\/MAZE-Tavares-Bastos.jpg\" alt=\"MAZE Tavares Bastos\" width=\"620\" height=\"349\" srcset=\"https:\/\/rioonwatch.org.br\/wp-content\/uploads\/2015\/05\/MAZE-Tavares-Bastos.jpg 1000w, https:\/\/rioonwatch.org.br\/wp-content\/uploads\/2015\/05\/MAZE-Tavares-Bastos-620x349.jpg 620w, https:\/\/rioonwatch.org.br\/wp-content\/uploads\/2015\/05\/MAZE-Tavares-Bastos-768x432.jpg 768w, https:\/\/rioonwatch.org.br\/wp-content\/uploads\/2015\/05\/MAZE-Tavares-Bastos-678x381.jpg 678w, https:\/\/rioonwatch.org.br\/wp-content\/uploads\/2015\/05\/MAZE-Tavares-Bastos-580x326.jpg 580w, https:\/\/rioonwatch.org.br\/wp-content\/uploads\/2015\/05\/MAZE-Tavares-Bastos-174x98.jpg 174w\" sizes=\"(max-width: 620px) 100vw, 620px\" \/><\/a><\/p>\n<h3>Santa Marta<\/h3>\n<p>Em 1 de junho cinco casas foram destru\u00eddas no topo do\u00a0<a href=\"http:\/\/bit.ly\/YZD9al\" target=\"_blank\" rel=\"noopener\">Santa Marta<\/a> sobre o bairro de Botafogo, na Zona Sul do Rio, com cenas em <a href=\"http:\/\/bit.ly\/1EWoTx7\" target=\"_blank\" rel=\"noopener\">v\u00eddeo no YouTube<\/a> filmadas pelo morador e guia Thiago Firmino. As fam\u00edlias morando no topo da comunidade que ganhou reconhecimento como exemplo positivo de interven\u00e7\u00e3o do governo, lutam com sucesso contra tentativas de remo\u00e7\u00e3o\u00a0desde 2011.<\/p>\n<p><a href=\"http:\/\/rioonwatch.org.br\/wp-content\/uploads\/2015\/06\/Santa-Marta-eviction-2.jpg\"><img loading=\"lazy\" decoding=\"async\" class=\"aligncenter wp-image-14539\" title=\"Remo\u00e7\u00e3o em Santa Marta. Foto: Rat\u00e3o Diniz Diniz\" src=\"http:\/\/rioonwatch.org.br\/wp-content\/uploads\/2015\/06\/Santa-Marta-eviction-2.jpg\" alt=\"Remo\u00e7\u00e3o em Santa Marta. Foto: Rat\u00e3o Diniz Diniz\" width=\"620\" height=\"414\" srcset=\"https:\/\/rioonwatch.org.br\/wp-content\/uploads\/2015\/06\/Santa-Marta-eviction-2.jpg 1000w, https:\/\/rioonwatch.org.br\/wp-content\/uploads\/2015\/06\/Santa-Marta-eviction-2-396x264.jpg 396w, https:\/\/rioonwatch.org.br\/wp-content\/uploads\/2015\/06\/Santa-Marta-eviction-2-620x414.jpg 620w\" sizes=\"(max-width: 620px) 100vw, 620px\" \/><\/a><\/p>\n<p>No v\u00eddeo, moradores do Santa Marta dizem que receberam um m\u00eas de aviso, com base de que suas casas est\u00e3o em <a href=\"http:\/\/bit.ly\/171nQjb\" target=\"_blank\" rel=\"noopener\">\u00e1rea de risco<\/a>. No entanto, nenhuma avalia\u00e7\u00e3o t\u00e9cnica da terra aconteceu anteriormente.<\/p>\n<p>Uma das moradoras removidas aparece visivelmente angustiada no v\u00eddeo: &#8220;Como \u00e9 que vou guardar as minhas coisas? Onde \u00e9 que vou dormir hoje?&#8221;\u00a0Ela tamb\u00e9m disse que n\u00e3o queria dormir no abrigo p\u00fablico oferecido pelo governo.<\/p>\n<p>Outro morador foi filmado verificando o estrago ap\u00f3s a demoli\u00e7\u00e3o da casa que ele pr\u00f3prio construiu: &#8220;Foi o meu suor. Foi a minha vida. E t\u00e1 aqui uma lixeira&#8221;, disse ele, apontando para seu sof\u00e1, TV, arm\u00e1rio e geladeira entre os escombros ao ar livre.<\/p>\n<h3>Vila Aut\u00f3dromo<\/h3>\n<p>Em 3 de junho, moradores da <a href=\"http:\/\/bit.ly\/Nfddvg\" target=\"_blank\" rel=\"noopener\">Vila Aut\u00f3dromo<\/a>, vizinha do futuro Parque Ol\u00edmpico na <a href=\"http:\/\/bit.ly\/11tBmFR\" target=\"_blank\" rel=\"noopener\">Zona Oeste<\/a> do Rio, <a href=\"http:\/\/bit.ly\/1FUTI9p\" target=\"_blank\" rel=\"noopener\">receberam a viol\u00eancia pela Guarda Municipal ao resistir \u00e0s demoli\u00e7\u00f5es de duas casas da comunidade<\/a>. Um v\u00eddeo postado no Facebook confirma que a pol\u00edcia usou de <a href=\"http:\/\/t.co\/iQxOzcyoCv\" target=\"_blank\" rel=\"noopener\">balas de borracha, spray de pimenta e cassetetes ao lidar com os manifestantes<\/a>, ferindo diversos moradores, alguns tendo que recorrer \u00e0 cirurgia.<\/p>\n<p><a href=\"http:\/\/rioonwatch.org.br\/wp-content\/uploads\/2015\/06\/Vila-Autodromo-eviction-2.jpg\"><img loading=\"lazy\" decoding=\"async\" class=\"aligncenter wp-image-14540\" title=\"Vila Aut\u00f3dromo resident injured in clashes with police.\" src=\"http:\/\/rioonwatch.org.br\/wp-content\/uploads\/2015\/06\/Vila-Autodromo-eviction-2.jpg\" alt=\"Vila Aut\u00f3dromo resident injured in clashes with police.\" width=\"620\" height=\"465\" srcset=\"https:\/\/rioonwatch.org.br\/wp-content\/uploads\/2015\/06\/Vila-Autodromo-eviction-2.jpg 1000w, https:\/\/rioonwatch.org.br\/wp-content\/uploads\/2015\/06\/Vila-Autodromo-eviction-2-352x264.jpg 352w, https:\/\/rioonwatch.org.br\/wp-content\/uploads\/2015\/06\/Vila-Autodromo-eviction-2-620x465.jpg 620w, https:\/\/rioonwatch.org.br\/wp-content\/uploads\/2015\/06\/Vila-Autodromo-eviction-2-174x131.jpg 174w, https:\/\/rioonwatch.org.br\/wp-content\/uploads\/2015\/06\/Vila-Autodromo-eviction-2-300x225.jpg 300w, https:\/\/rioonwatch.org.br\/wp-content\/uploads\/2015\/06\/Vila-Autodromo-eviction-2-70x53.jpg 70w\" sizes=\"(max-width: 620px) 100vw, 620px\" \/><\/a><\/p>\n<p>A Vila Aut\u00f3dromo <a href=\"http:\/\/bbc.in\/1HueZIH\" target=\"_blank\" rel=\"noopener\">se tornou conhecida por d\u00e9cadas de resist\u00eancia exemplar<\/a>, a qual resultou em <a href=\"http:\/\/bit.ly\/VAdecathlon\" target=\"_blank\" rel=\"noopener\">t\u00edtulos de posse para a comunidade e servindo de inspira\u00e7\u00e3o<\/a>\u00a0para outras comunidades. No entanto, frente a cinco anos de intimida\u00e7\u00e3o e incertezas, com autoridades da Prefeitura determinadas a limpar a \u00e1rea devido \u00e0 sua proximidade com os Jogos Ol\u00edmpicos, e as moradias de luxo que v\u00e3o se seguir a eles, cerca de 90% dos 600 moradores j\u00e1 deixaram a comunidade, aceitando ofertas de compensa\u00e7\u00e3o financeira ou moradia p\u00fablica da Prefeitura. Um pequeno grupo, no entanto, continua resistindo \u00e0s remo\u00e7\u00f5es.<\/p>\n<p>A comunidade afirmou que os donos das duas propriedades n\u00e3o receberam notifica\u00e7\u00e3o pr\u00e9via de demoli\u00e7\u00e3o e ainda aguardam indeniza\u00e7\u00e3o\u00a0da Prefeitura. A defensora p\u00fablica Maria L\u00facia de Pontes <a href=\"http:\/\/bit.ly\/1IikQ61\" target=\"_blank\" rel=\"noopener\">disse ao jornal <em>O Dia<\/em><\/a>: &#8220;Mesmo que a prefeitura tivesse raz\u00e3o, n\u00e3o poderia cumprir uma decis\u00e3o judicial com viol\u00eancia e sobre a qual pairava uma d\u00favida&#8221;.<\/p>\n<p><a href=\"http:\/\/rioonwatch.org.br\/wp-content\/uploads\/2015\/06\/Vila-autodromo-eviction.jpg\"><img loading=\"lazy\" decoding=\"async\" class=\"aligncenter wp-image-14541\" title=\"Moradora foi agredida por policiais. Foto: Katia Carvalho\" src=\"http:\/\/rioonwatch.org.br\/wp-content\/uploads\/2015\/06\/Vila-autodromo-eviction.jpg\" alt=\"Moradora foi agredida por policiais. Foto: Katia Carvalho\" width=\"620\" height=\"414\" srcset=\"https:\/\/rioonwatch.org.br\/wp-content\/uploads\/2015\/06\/Vila-autodromo-eviction.jpg 1000w, https:\/\/rioonwatch.org.br\/wp-content\/uploads\/2015\/06\/Vila-autodromo-eviction-396x264.jpg 396w, https:\/\/rioonwatch.org.br\/wp-content\/uploads\/2015\/06\/Vila-autodromo-eviction-620x414.jpg 620w\" sizes=\"(max-width: 620px) 100vw, 620px\" \/><\/a><\/p>\n<p>Fotos de moradores da Vila Aut\u00f3dromo feridos <a href=\"http:\/\/t.co\/WVeLtBUvlM\" target=\"_blank\" rel=\"noopener\">foram compartilhadas nas m\u00eddias sociais<\/a>. Maria da Penha [que apareceu na <a href=\"http:\/\/bit.ly\/1B42MUM\" target=\"_blank\" rel=\"noopener\">TV sueca em mar\u00e7o<\/a>] foi fotografada com um olho preto e o rosto ensanguentado. Ela teve o nariz quebrado pelo guarda. <a href=\"http:\/\/bit.ly\/1FxnbUu\" target=\"_blank\" rel=\"noopener\">Em entrevista postada no YouTube<\/a>, ela descreveu a situa\u00e7\u00e3o: &#8220;N\u00e3o deram [a prefeitura] nem uma semana de prazo para as fam\u00edlias se mudarem. Eles\u00a0falaram que a fam\u00edlia tem que sair hoje. Todos os moradores da comunidade se juntaram&#8230; N\u00e3o mexemos com eles [a pol\u00edcia], n\u00e3o agredimos&#8230; eu apanhei, foi cassetete dos guardas que me bateram&#8230;\u201d<\/p>\n<p>O despejo foi suspenso ap\u00f3s interven\u00e7\u00e3o judicial. A <em>Globo News<\/em> reportou que uma nova demoli\u00e7\u00e3o aconteceria hoje, segunda-feira <a href=\"http:\/\/glo.bo\/1BNid4v\" target=\"_blank\" rel=\"noopener\">8 de junho<\/a>. Na noite passada, moradores levaram \u00e0s midias sociais pedidos de apoio e <a href=\"http:\/\/bit.ly\/OpEdProvidencia\" target=\"_blank\" rel=\"noopener\">uma vig\u00edlia aconteceu<\/a>, com pessoas nesta manh\u00e3 \u00e0 espera das equipes de demoli\u00e7\u00e3o.<\/p>\n<p>Representantes de diversos movimentos e organiza\u00e7\u00f5es conhecidos estavam\u00a0presentes, incluindo o <a href=\"http:\/\/t.co\/dQ94EiH5Lh\" target=\"_blank\" rel=\"noopener\">Ibase<\/a>, o <a href=\"http:\/\/on.fb.me\/1JCJi0K\" target=\"_blank\" rel=\"noopener\">Movimento Nacional de Luta pela Moradia (MNLM)<\/a> e o <a href=\"http:\/\/on.fb.me\/1HWhYpQ\" target=\"_blank\" rel=\"noopener\">Comit\u00ea Popular da Copa e das Olimp\u00edadas<\/a>, entre outros.<\/p>\n<!-- AddThis Advanced Settings generic via filter on the_content --><!-- AddThis Share Buttons generic via filter on the_content -->","protected":false},"excerpt":{"rendered":"<div class=\"mh-excerpt\"><p>Click Here for English Em Santa Marta\u00a0na Zona Sul do Rio, na Vila Aut\u00f3dromo, pr\u00f3xima ao Parque Ol\u00edmpico na Zona Oeste, e na Favela do Metr\u00f4\u00a0na Zona Norte, uma s\u00e9rie de &#8220;remo\u00e7\u00f5es rel\u00e2mpago&#8221;&#8211;remo\u00e7\u00f5es for\u00e7adas com <a class=\"mh-excerpt-more\" href=\"https:\/\/rioonwatch.org.br\/?p=14535\" title=\"Semana Tensa Introduz Nova Pol\u00edtica de &#8216;Remo\u00e7\u00f5es Rel\u00e2mpago&#8217; Em Favelas do Rio\">[&#8230;]<\/a><!-- AddThis Advanced Settings generic via filter on get_the_excerpt --><!-- AddThis Share Buttons generic via filter on get_the_excerpt --><\/p>\n<\/div>","protected":false},"author":137,"featured_media":14542,"comment_status":"closed","ping_status":"closed","sticky":false,"template":"","format":"standard","meta":{"_acf_changed":false,"_monsterinsights_skip_tracking":false,"_monsterinsights_sitenote_active":false,"_monsterinsights_sitenote_note":"","_monsterinsights_sitenote_category":0,"footnotes":""},"categories":[1614,1635,1621,346,344],"tags":[745,424,88,484,490,1240,780,1037,257,78,774,763,494,14,432,180,1521,55,52,218,184,383],"writer":[1486],"translator":[1342],"source":[],"ilustrador":[],"fotografo":[],"class_list":{"0":"post-14535","1":"post","2":"type-post","3":"status-publish","4":"format-standard","5":"has-post-thumbnail","7":"category-olhonasremocoes","8":"category-1635","9":"category-destaque","10":"category-denuncias","11":"category-politicas","12":"tag-comite-popular","13":"tag-direito-a-moradia","14":"tag-direitos-humanos","15":"tag-prefeito-eduardo-paes","16":"tag-ibase","17":"tag-megaeventos","18":"tag-mnlm","19":"tag-moradia","20":"tag-providencia","21":"tag-olimpiadas","22":"tag-policia-militar","23":"tag-protesto","24":"tag-regiao-do-porto","25":"tag-remocao","26":"tag-resistencia","27":"tag-santa-marta","28":"tag-tavares-bastos","29":"tag-vila-autodromo","30":"tag-violencia-policial","31":"tag-zona-norte","32":"tag-zona-oeste","33":"tag-zona-sul","34":"writer-sarah-jacobs","35":"translator-patricia-monteiro"},"acf":[],"yoast_head":"<!-- This site is optimized with the Yoast SEO plugin v25.6 - https:\/\/yoast.com\/wordpress\/plugins\/seo\/ -->\n<title>Semana Tensa Introduz Nova Pol\u00edtica de &#039;Remo\u00e7\u00f5es Rel\u00e2mpago&#039; Em Favelas do Rio - RioOnWatch<\/title>\n<meta name=\"robots\" content=\"index, follow, max-snippet:-1, max-image-preview:large, max-video-preview:-1\" \/>\n<link rel=\"canonical\" href=\"https:\/\/rioonwatch.org.br\/?p=14535\" \/>\n<meta property=\"og:locale\" content=\"pt_BR\" \/>\n<meta property=\"og:type\" content=\"article\" \/>\n<meta property=\"og:title\" content=\"Semana Tensa Introduz Nova Pol\u00edtica de &#039;Remo\u00e7\u00f5es Rel\u00e2mpago&#039; Em Favelas do Rio - RioOnWatch\" \/>\n<meta property=\"og:description\" content=\"Click Here for English Em Santa Marta\u00a0na Zona Sul do Rio, na Vila Aut\u00f3dromo, pr\u00f3xima ao Parque Ol\u00edmpico na Zona Oeste, e na Favela do Metr\u00f4\u00a0na Zona Norte, uma s\u00e9rie de &#8220;remo\u00e7\u00f5es rel\u00e2mpago&#8221;&#8211;remo\u00e7\u00f5es for\u00e7adas com [...]\" \/>\n<meta property=\"og:url\" content=\"https:\/\/rioonwatch.org.br\/?p=14535\" \/>\n<meta property=\"og:site_name\" content=\"RioOnWatch\" \/>\n<meta property=\"article:published_time\" content=\"2015-06-08T21:56:31+00:00\" \/>\n<meta property=\"article:modified_time\" content=\"2024-06-20T19:29:07+00:00\" \/>\n<meta property=\"og:image\" content=\"https:\/\/rioonwatch.org.br\/wp-content\/uploads\/2015\/06\/Autodromo-eviction.jpg\" \/>\n\t<meta property=\"og:image:width\" content=\"1000\" \/>\n\t<meta property=\"og:image:height\" content=\"667\" \/>\n\t<meta property=\"og:image:type\" content=\"image\/jpeg\" \/>\n<meta name=\"author\" content=\"Nicole Froio\" \/>\n<meta name=\"twitter:card\" content=\"summary_large_image\" \/>\n<meta name=\"twitter:label1\" content=\"Escrito por\" \/>\n\t<meta name=\"twitter:data1\" content=\"Nicole Froio\" \/>\n\t<meta name=\"twitter:label2\" content=\"Est. tempo de leitura\" \/>\n\t<meta name=\"twitter:data2\" content=\"7 minutos\" \/>\n<script type=\"application\/ld+json\" class=\"yoast-schema-graph\">{\"@context\":\"https:\/\/schema.org\",\"@graph\":[{\"@type\":\"Article\",\"@id\":\"https:\/\/rioonwatch.org.br\/?p=14535#article\",\"isPartOf\":{\"@id\":\"https:\/\/rioonwatch.org.br\/?p=14535\"},\"author\":{\"name\":\"Nicole Froio\",\"@id\":\"https:\/\/rioonwatch.org.br\/#\/schema\/person\/e07d559fe2154d11fd3ec515e35695ee\"},\"headline\":\"Semana Tensa Introduz Nova Pol\u00edtica de &#8216;Remo\u00e7\u00f5es Rel\u00e2mpago&#8217; Em Favelas do Rio\",\"datePublished\":\"2015-06-08T21:56:31+00:00\",\"dateModified\":\"2024-06-20T19:29:07+00:00\",\"mainEntityOfPage\":{\"@id\":\"https:\/\/rioonwatch.org.br\/?p=14535\"},\"wordCount\":1351,\"publisher\":{\"@id\":\"https:\/\/rioonwatch.org.br\/#organization\"},\"image\":{\"@id\":\"https:\/\/rioonwatch.org.br\/?p=14535#primaryimage\"},\"thumbnailUrl\":\"https:\/\/rioonwatch.org.br\/wp-content\/uploads\/2015\/06\/Autodromo-eviction.jpg\",\"keywords\":[\"Comit\u00ea Popular\",\"Direito \u00e0 Moradia\",\"Direitos Humanos\",\"Eduardo Paes\",\"iBase\",\"Megaeventos\",\"MNLM\",\"moradia\",\"Morro da Provid\u00eancia\",\"Olimp\u00edadas\",\"Pol\u00edcia Militar\",\"protesto\",\"Regi\u00e3o do Porto\",\"Remo\u00e7\u00e3o\",\"resist\u00eancia\",\"Santa Marta\",\"Tavares Bastos\",\"Vila Aut\u00f3dromo\",\"viol\u00eancia policial\",\"Zona Norte\",\"Zona Oeste\",\"Zona Sul\"],\"articleSection\":[\"#OlhoNasRemo\u00e7\u00f5es\",\"#Rio2016\",\"*Destaque\",\"Den\u00fancias\",\"Pol\u00edticas\"],\"inLanguage\":\"pt-BR\"},{\"@type\":\"WebPage\",\"@id\":\"https:\/\/rioonwatch.org.br\/?p=14535\",\"url\":\"https:\/\/rioonwatch.org.br\/?p=14535\",\"name\":\"Semana Tensa Introduz Nova Pol\u00edtica de 'Remo\u00e7\u00f5es Rel\u00e2mpago' Em Favelas do Rio - RioOnWatch\",\"isPartOf\":{\"@id\":\"https:\/\/rioonwatch.org.br\/#website\"},\"primaryImageOfPage\":{\"@id\":\"https:\/\/rioonwatch.org.br\/?p=14535#primaryimage\"},\"image\":{\"@id\":\"https:\/\/rioonwatch.org.br\/?p=14535#primaryimage\"},\"thumbnailUrl\":\"https:\/\/rioonwatch.org.br\/wp-content\/uploads\/2015\/06\/Autodromo-eviction.jpg\",\"datePublished\":\"2015-06-08T21:56:31+00:00\",\"dateModified\":\"2024-06-20T19:29:07+00:00\",\"breadcrumb\":{\"@id\":\"https:\/\/rioonwatch.org.br\/?p=14535#breadcrumb\"},\"inLanguage\":\"pt-BR\",\"potentialAction\":[{\"@type\":\"ReadAction\",\"target\":[\"https:\/\/rioonwatch.org.br\/?p=14535\"]}]},{\"@type\":\"ImageObject\",\"inLanguage\":\"pt-BR\",\"@id\":\"https:\/\/rioonwatch.org.br\/?p=14535#primaryimage\",\"url\":\"https:\/\/rioonwatch.org.br\/wp-content\/uploads\/2015\/06\/Autodromo-eviction.jpg\",\"contentUrl\":\"https:\/\/rioonwatch.org.br\/wp-content\/uploads\/2015\/06\/Autodromo-eviction.jpg\",\"width\":1000,\"height\":667},{\"@type\":\"BreadcrumbList\",\"@id\":\"https:\/\/rioonwatch.org.br\/?p=14535#breadcrumb\",\"itemListElement\":[{\"@type\":\"ListItem\",\"position\":1,\"name\":\"In\u00edcio\",\"item\":\"https:\/\/rioonwatch.org.br\/\"},{\"@type\":\"ListItem\",\"position\":2,\"name\":\"Semana Tensa Introduz Nova Pol\u00edtica de &#8216;Remo\u00e7\u00f5es Rel\u00e2mpago&#8217; Em Favelas do Rio\"}]},{\"@type\":\"WebSite\",\"@id\":\"https:\/\/rioonwatch.org.br\/#website\",\"url\":\"https:\/\/rioonwatch.org.br\/\",\"name\":\"RioOnWatch\",\"description\":\"relatos das favelas cariocas\",\"publisher\":{\"@id\":\"https:\/\/rioonwatch.org.br\/#organization\"},\"potentialAction\":[{\"@type\":\"SearchAction\",\"target\":{\"@type\":\"EntryPoint\",\"urlTemplate\":\"https:\/\/rioonwatch.org.br\/?s={search_term_string}\"},\"query-input\":{\"@type\":\"PropertyValueSpecification\",\"valueRequired\":true,\"valueName\":\"search_term_string\"}}],\"inLanguage\":\"pt-BR\"},{\"@type\":\"Organization\",\"@id\":\"https:\/\/rioonwatch.org.br\/#organization\",\"name\":\"RioOnWatch\",\"url\":\"https:\/\/rioonwatch.org.br\/\",\"logo\":{\"@type\":\"ImageObject\",\"inLanguage\":\"pt-BR\",\"@id\":\"https:\/\/rioonwatch.org.br\/#\/schema\/logo\/image\/\",\"url\":\"https:\/\/rioonwatch.org.br\/wp-content\/uploads\/2021\/06\/RioOnWatchcabecalhoPT11anos-2.png\",\"contentUrl\":\"https:\/\/rioonwatch.org.br\/wp-content\/uploads\/2021\/06\/RioOnWatchcabecalhoPT11anos-2.png\",\"width\":779,\"height\":277,\"caption\":\"RioOnWatch\"},\"image\":{\"@id\":\"https:\/\/rioonwatch.org.br\/#\/schema\/logo\/image\/\"}},{\"@type\":\"Person\",\"@id\":\"https:\/\/rioonwatch.org.br\/#\/schema\/person\/e07d559fe2154d11fd3ec515e35695ee\",\"name\":\"Nicole Froio\",\"image\":{\"@type\":\"ImageObject\",\"inLanguage\":\"pt-BR\",\"@id\":\"https:\/\/rioonwatch.org.br\/#\/schema\/person\/image\/\",\"url\":\"https:\/\/secure.gravatar.com\/avatar\/0acdbd6878ca0ac29aa5ce6c6119d636?s=96&d=blank&r=g\",\"contentUrl\":\"https:\/\/secure.gravatar.com\/avatar\/0acdbd6878ca0ac29aa5ce6c6119d636?s=96&d=blank&r=g\",\"caption\":\"Nicole Froio\"},\"url\":\"https:\/\/rioonwatch.org.br\/?author=137\"}]}<\/script>\n<!-- \/ Yoast SEO plugin. -->","yoast_head_json":{"title":"Semana Tensa Introduz Nova Pol\u00edtica de 'Remo\u00e7\u00f5es Rel\u00e2mpago' Em Favelas do Rio - RioOnWatch","robots":{"index":"index","follow":"follow","max-snippet":"max-snippet:-1","max-image-preview":"max-image-preview:large","max-video-preview":"max-video-preview:-1"},"canonical":"https:\/\/rioonwatch.org.br\/?p=14535","og_locale":"pt_BR","og_type":"article","og_title":"Semana Tensa Introduz Nova Pol\u00edtica de 'Remo\u00e7\u00f5es Rel\u00e2mpago' Em Favelas do Rio - RioOnWatch","og_description":"Click Here for English Em Santa Marta\u00a0na Zona Sul do Rio, na Vila Aut\u00f3dromo, pr\u00f3xima ao Parque Ol\u00edmpico na Zona Oeste, e na Favela do Metr\u00f4\u00a0na Zona Norte, uma s\u00e9rie de &#8220;remo\u00e7\u00f5es rel\u00e2mpago&#8221;&#8211;remo\u00e7\u00f5es for\u00e7adas com [...]","og_url":"https:\/\/rioonwatch.org.br\/?p=14535","og_site_name":"RioOnWatch","article_published_time":"2015-06-08T21:56:31+00:00","article_modified_time":"2024-06-20T19:29:07+00:00","og_image":[{"width":1000,"height":667,"url":"https:\/\/rioonwatch.org.br\/wp-content\/uploads\/2015\/06\/Autodromo-eviction.jpg","type":"image\/jpeg"}],"author":"Nicole Froio","twitter_card":"summary_large_image","twitter_misc":{"Escrito por":"Nicole Froio","Est. tempo de leitura":"7 minutos"},"schema":{"@context":"https:\/\/schema.org","@graph":[{"@type":"Article","@id":"https:\/\/rioonwatch.org.br\/?p=14535#article","isPartOf":{"@id":"https:\/\/rioonwatch.org.br\/?p=14535"},"author":{"name":"Nicole Froio","@id":"https:\/\/rioonwatch.org.br\/#\/schema\/person\/e07d559fe2154d11fd3ec515e35695ee"},"headline":"Semana Tensa Introduz Nova Pol\u00edtica de &#8216;Remo\u00e7\u00f5es Rel\u00e2mpago&#8217; Em Favelas do Rio","datePublished":"2015-06-08T21:56:31+00:00","dateModified":"2024-06-20T19:29:07+00:00","mainEntityOfPage":{"@id":"https:\/\/rioonwatch.org.br\/?p=14535"},"wordCount":1351,"publisher":{"@id":"https:\/\/rioonwatch.org.br\/#organization"},"image":{"@id":"https:\/\/rioonwatch.org.br\/?p=14535#primaryimage"},"thumbnailUrl":"https:\/\/rioonwatch.org.br\/wp-content\/uploads\/2015\/06\/Autodromo-eviction.jpg","keywords":["Comit\u00ea Popular","Direito \u00e0 Moradia","Direitos Humanos","Eduardo Paes","iBase","Megaeventos","MNLM","moradia","Morro da Provid\u00eancia","Olimp\u00edadas","Pol\u00edcia Militar","protesto","Regi\u00e3o do Porto","Remo\u00e7\u00e3o","resist\u00eancia","Santa Marta","Tavares Bastos","Vila Aut\u00f3dromo","viol\u00eancia policial","Zona Norte","Zona Oeste","Zona Sul"],"articleSection":["#OlhoNasRemo\u00e7\u00f5es","#Rio2016","*Destaque","Den\u00fancias","Pol\u00edticas"],"inLanguage":"pt-BR"},{"@type":"WebPage","@id":"https:\/\/rioonwatch.org.br\/?p=14535","url":"https:\/\/rioonwatch.org.br\/?p=14535","name":"Semana Tensa Introduz Nova Pol\u00edtica de 'Remo\u00e7\u00f5es Rel\u00e2mpago' Em Favelas do Rio - RioOnWatch","isPartOf":{"@id":"https:\/\/rioonwatch.org.br\/#website"},"primaryImageOfPage":{"@id":"https:\/\/rioonwatch.org.br\/?p=14535#primaryimage"},"image":{"@id":"https:\/\/rioonwatch.org.br\/?p=14535#primaryimage"},"thumbnailUrl":"https:\/\/rioonwatch.org.br\/wp-content\/uploads\/2015\/06\/Autodromo-eviction.jpg","datePublished":"2015-06-08T21:56:31+00:00","dateModified":"2024-06-20T19:29:07+00:00","breadcrumb":{"@id":"https:\/\/rioonwatch.org.br\/?p=14535#breadcrumb"},"inLanguage":"pt-BR","potentialAction":[{"@type":"ReadAction","target":["https:\/\/rioonwatch.org.br\/?p=14535"]}]},{"@type":"ImageObject","inLanguage":"pt-BR","@id":"https:\/\/rioonwatch.org.br\/?p=14535#primaryimage","url":"https:\/\/rioonwatch.org.br\/wp-content\/uploads\/2015\/06\/Autodromo-eviction.jpg","contentUrl":"https:\/\/rioonwatch.org.br\/wp-content\/uploads\/2015\/06\/Autodromo-eviction.jpg","width":1000,"height":667},{"@type":"BreadcrumbList","@id":"https:\/\/rioonwatch.org.br\/?p=14535#breadcrumb","itemListElement":[{"@type":"ListItem","position":1,"name":"In\u00edcio","item":"https:\/\/rioonwatch.org.br\/"},{"@type":"ListItem","position":2,"name":"Semana Tensa Introduz Nova Pol\u00edtica de &#8216;Remo\u00e7\u00f5es Rel\u00e2mpago&#8217; Em Favelas do Rio"}]},{"@type":"WebSite","@id":"https:\/\/rioonwatch.org.br\/#website","url":"https:\/\/rioonwatch.org.br\/","name":"RioOnWatch","description":"relatos das favelas cariocas","publisher":{"@id":"https:\/\/rioonwatch.org.br\/#organization"},"potentialAction":[{"@type":"SearchAction","target":{"@type":"EntryPoint","urlTemplate":"https:\/\/rioonwatch.org.br\/?s={search_term_string}"},"query-input":{"@type":"PropertyValueSpecification","valueRequired":true,"valueName":"search_term_string"}}],"inLanguage":"pt-BR"},{"@type":"Organization","@id":"https:\/\/rioonwatch.org.br\/#organization","name":"RioOnWatch","url":"https:\/\/rioonwatch.org.br\/","logo":{"@type":"ImageObject","inLanguage":"pt-BR","@id":"https:\/\/rioonwatch.org.br\/#\/schema\/logo\/image\/","url":"https:\/\/rioonwatch.org.br\/wp-content\/uploads\/2021\/06\/RioOnWatchcabecalhoPT11anos-2.png","contentUrl":"https:\/\/rioonwatch.org.br\/wp-content\/uploads\/2021\/06\/RioOnWatchcabecalhoPT11anos-2.png","width":779,"height":277,"caption":"RioOnWatch"},"image":{"@id":"https:\/\/rioonwatch.org.br\/#\/schema\/logo\/image\/"}},{"@type":"Person","@id":"https:\/\/rioonwatch.org.br\/#\/schema\/person\/e07d559fe2154d11fd3ec515e35695ee","name":"Nicole Froio","image":{"@type":"ImageObject","inLanguage":"pt-BR","@id":"https:\/\/rioonwatch.org.br\/#\/schema\/person\/image\/","url":"https:\/\/secure.gravatar.com\/avatar\/0acdbd6878ca0ac29aa5ce6c6119d636?s=96&d=blank&r=g","contentUrl":"https:\/\/secure.gravatar.com\/avatar\/0acdbd6878ca0ac29aa5ce6c6119d636?s=96&d=blank&r=g","caption":"Nicole Froio"},"url":"https:\/\/rioonwatch.org.br\/?author=137"}]}},"_links":{"self":[{"href":"https:\/\/rioonwatch.org.br\/index.php?rest_route=\/wp\/v2\/posts\/14535"}],"collection":[{"href":"https:\/\/rioonwatch.org.br\/index.php?rest_route=\/wp\/v2\/posts"}],"about":[{"href":"https:\/\/rioonwatch.org.br\/index.php?rest_route=\/wp\/v2\/types\/post"}],"author":[{"embeddable":true,"href":"https:\/\/rioonwatch.org.br\/index.php?rest_route=\/wp\/v2\/users\/137"}],"replies":[{"embeddable":true,"href":"https:\/\/rioonwatch.org.br\/index.php?rest_route=%2Fwp%2Fv2%2Fcomments&post=14535"}],"version-history":[{"count":19,"href":"https:\/\/rioonwatch.org.br\/index.php?rest_route=\/wp\/v2\/posts\/14535\/revisions"}],"predecessor-version":[{"id":32134,"href":"https:\/\/rioonwatch.org.br\/index.php?rest_route=\/wp\/v2\/posts\/14535\/revisions\/32134"}],"wp:featuredmedia":[{"embeddable":true,"href":"https:\/\/rioonwatch.org.br\/index.php?rest_route=\/wp\/v2\/media\/14542"}],"wp:attachment":[{"href":"https:\/\/rioonwatch.org.br\/index.php?rest_route=%2Fwp%2Fv2%2Fmedia&parent=14535"}],"wp:term":[{"taxonomy":"category","embeddable":true,"href":"https:\/\/rioonwatch.org.br\/index.php?rest_route=%2Fwp%2Fv2%2Fcategories&post=14535"},{"taxonomy":"post_tag","embeddable":true,"href":"https:\/\/rioonwatch.org.br\/index.php?rest_route=%2Fwp%2Fv2%2Ftags&post=14535"},{"taxonomy":"writer","embeddable":true,"href":"https:\/\/rioonwatch.org.br\/index.php?rest_route=%2Fwp%2Fv2%2Fwriter&post=14535"},{"taxonomy":"translator","embeddable":true,"href":"https:\/\/rioonwatch.org.br\/index.php?rest_route=%2Fwp%2Fv2%2Ftranslator&post=14535"},{"taxonomy":"source","embeddable":true,"href":"https:\/\/rioonwatch.org.br\/index.php?rest_route=%2Fwp%2Fv2%2Fsource&post=14535"},{"taxonomy":"ilustrador","embeddable":true,"href":"https:\/\/rioonwatch.org.br\/index.php?rest_route=%2Fwp%2Fv2%2Filustrador&post=14535"},{"taxonomy":"fotografo","embeddable":true,"href":"https:\/\/rioonwatch.org.br\/index.php?rest_route=%2Fwp%2Fv2%2Ffotografo&post=14535"}],"curies":[{"name":"wp","href":"https:\/\/api.w.org\/{rel}","templated":true}]}}