{"id":14600,"date":"2015-06-16T08:00:00","date_gmt":"2015-06-16T11:00:00","guid":{"rendered":"http:\/\/rioonwatch.org.br\/?p=14600"},"modified":"2024-06-20T16:29:07","modified_gmt":"2024-06-20T19:29:07","slug":"escavadeira-da-prefeitura-danifica-casa-e-coloca-moradores-em-risco-na-vila-autodromo","status":"publish","type":"post","link":"https:\/\/rioonwatch.org.br\/?p=14600","title":{"rendered":"Escavadeira da Prefeitura Danifica Casa e Coloca Moradores em Risco na Vila Aut\u00f3dromo"},"content":{"rendered":"<p>&#8220;Meu nome \u00e9 Pedro. A prefeitura, com a sua draga, derrubou parte do meu im\u00f3vel<span style=\"font-family: Cambria; font-size: medium;\">\u201d.<\/span>\u00a0Pedro Henrique Berto chegou do trabalho\u00a0em\u00a0casa na <a href=\"http:\/\/bit.ly\/Nfddvg\" target=\"_blank\" rel=\"noopener\">Vila Aut\u00f3dromo<\/a> na quarta-feira, 20 de maio, e encontrou uma surpresa inesperada: uma escavadeira da prefeitura fez um buraco em sua casa, tirando um feixe fundamental que apoia a estrutura e deixando a casa em um estado prec\u00e1rio. Apesar do perigo imediato e \u00f3bvio imposto a ele e qualquer um dentro da casa, a primeira rea\u00e7\u00e3o dos trabalhadores da prefeitura foi de ignorar os danos e negarem qualquer responsabilidade.<\/p>\n<p>Anteriormente a esse incidente, Pedro e sua fam\u00edlia, como muitas das outras cerca de 150 fam\u00edlias restantes na Vila Aut\u00f3dromo na <a href=\"http:\/\/bit.ly\/11tBmFR\" target=\"_blank\" rel=\"noopener\">Zona Oeste<\/a> do Rio, estavam relutantemente negociando com a prefeitura a venda de sua casa. Devido \u00e0 localiza\u00e7\u00e3o estrat\u00e9gica ao lado do futuro Parque Ol\u00edmpico, a comunidade tem enfrentado uma intensa companha de demoli\u00e7\u00f5es e <a href=\"http:\/\/bit.ly\/X51Qvb\" target=\"_blank\" rel=\"noopener\">remo\u00e7\u00f5es<\/a>, culminando em um\u00a0<a href=\"http:\/\/bit.ly\/1cWAJRr\" target=\"_blank\" rel=\"noopener\">violento confronto com a pol\u00edcia no dia 3 de junho<\/a>. \u00a0Atualmente, <a href=\"http:\/\/glo.bo\/1H7EdZI\" target=\"_blank\" rel=\"noopener\">590 das 760 propriedades na comunidade listadas pela prefeitura foram desocupadas<\/a>.<\/p>\n<p>Em 20 de mar\u00e7o, a declara\u00e7\u00e3o municipal de <a href=\"http:\/\/bit.ly\/1xk2DAs\" target=\"_blank\" rel=\"noopener\">expropria\u00e7\u00e3o<\/a>, o poder reservado \u00e0 prefeitura de expropriar a propriedade privada para uso p\u00fablico, listou <a href=\"http:\/\/bit.ly\/1CHNf1N\" target=\"_blank\" rel=\"noopener\">58 casas<\/a> para demoli\u00e7\u00e3o. Esta &#8220;<a href=\"http:\/\/bit.ly\/1xcaK1Y\" target=\"_blank\" rel=\"noopener\">expropria\u00e7\u00e3o via decreto<\/a>&#8221; superou a pr\u00f3pria abordagem anterior do Prefeito Eduardo Paes, a qual ele mais tarde rotulou como &#8220;<a href=\"http:\/\/bit.ly\/1I0T1Pp\" target=\"_blank\" rel=\"noopener\">absurda e inaceit\u00e1vel<\/a>,&#8221; de pagar uma compensa\u00e7\u00e3o a pre\u00e7o de mercado aos moradores para que deixassem suas propriedades. A mudan\u00e7a de estrat\u00e9gia paralisou as negocia\u00e7\u00f5es de Pedro e o deixou, junto a sua fam\u00edlia, em uma situa\u00e7\u00e3o incerta.<\/p>\n<p><a href=\"http:\/\/rioonwatch.org.br\/wp-content\/uploads\/2015\/06\/P1012568.jpg\"><img fetchpriority=\"high\" decoding=\"async\" class=\"aligncenter wp-image-14604\" title=\"Estrago feito pela escavadeira\" src=\"http:\/\/rioonwatch.org.br\/wp-content\/uploads\/2015\/06\/P1012568.jpg\" alt=\"Estrago feito pela escavadora\" width=\"620\" height=\"465\" srcset=\"https:\/\/rioonwatch.org.br\/wp-content\/uploads\/2015\/06\/P1012568.jpg 1000w, https:\/\/rioonwatch.org.br\/wp-content\/uploads\/2015\/06\/P1012568-352x264.jpg 352w, https:\/\/rioonwatch.org.br\/wp-content\/uploads\/2015\/06\/P1012568-620x465.jpg 620w, https:\/\/rioonwatch.org.br\/wp-content\/uploads\/2015\/06\/P1012568-174x131.jpg 174w, https:\/\/rioonwatch.org.br\/wp-content\/uploads\/2015\/06\/P1012568-300x225.jpg 300w, https:\/\/rioonwatch.org.br\/wp-content\/uploads\/2015\/06\/P1012568-70x53.jpg 70w\" sizes=\"(max-width: 620px) 100vw, 620px\" \/><\/a><\/p>\n<p>&#8220;As negocia\u00e7\u00f5es ficaram paradas por conta de um decreto que est\u00e1 acontecendo&#8221;, disse Paulo. &#8220;Esse decreto, ele ajuizou o im\u00f3vel da minha m\u00e3e e alguns outros que n\u00e3o chegaram em um acordo sensato. [Enquanto isso] indenizaram outras pessoas com R$1.7 milh\u00f5es. Qual foi o crit\u00e9rio, eu ainda n\u00e3o descobri. Um outro im\u00f3vel aonde s\u00f3 havia o ch\u00e3o cimentado e eles pagaram R$700.000. Isso \u00e9 uma atitude execr\u00e1vel da prefeitura<span style=\"font-family: Cambria; font-size: medium;\">.&#8221;<\/span><\/p>\n<p>Mesmo antes da declara\u00e7\u00e3o de expropria\u00e7\u00e3o para confiscar as propriedades, as negocia\u00e7\u00f5es estavam sendo ineficazes.<\/p>\n<p><span style=\"font-family: Cambria; font-size: medium;\">&#8220;<\/span><span lang=\"PT-BR\">O im\u00f3vel \u00e9 da minha m\u00e3e, ela tem um centro esp\u00edrita\u00a0aqui. Ent\u00e3o \u00e9 uma situa\u00e7\u00e3o delicada pelo centro esp\u00edrita, mas eles s\u00f3 pagam pelo valor residencial. Isso tamb\u00e9m eu acho outra atitude errada. Porque o centro esp\u00edrita&#8211;ele \u00e9 de uma cultura, a gente \u00e9 do Candombl\u00e9&#8211;n\u00e3o \u00e9 qualquer lugar que a gente pode construir um outro im\u00f3vel como este com o valor que est\u00e3o oferecendo\u201c,\u00a0<\/span>ele explica. A tradi\u00e7\u00e3o do Candombl\u00e9 exige que os centros espirituais sejam no n\u00edvel do solo com exposi\u00e7\u00e3o direta ao exterior e aos elementos naturais, como a terra, algo que n\u00e3o pode ser replicado em habita\u00e7\u00e3o p\u00fablica.<\/p>\n<p>&#8220;<span lang=\"PT-BR\">At\u00e9 porque aqui tem uma lagoa, e a gente faz diversos trabalhos em rela\u00e7\u00e3o a essa lagoa aqui. Em qual outro lugar que a gente vai arrumar um im\u00f3vel como esse com um fundo para a lagoa? Eu acredito que com o dinheiro que ele vai pagar, n\u00e3o d\u00e1 para comprar um im\u00f3vel na lagoa, concordam comigo?\u201d<\/span><\/p>\n<p>Pedro fala que <span lang=\"PT-BR\">&#8220;<\/span>chega um ponto que a pr\u00f3pria prefeitura come\u00e7a a aterrorizar os moradores daqui\u201d.<\/p>\n<p>Apesar de morar mais de uma d\u00e9cada na comunidade, o desmantelamento sistem\u00e1tico da Vila Aut\u00f3dromo vem afetando e prejudicando a vida de Pedro e sua fam\u00edlia.<\/p>\n<p>&#8220;<span lang=\"PT-BR\">Eu gosto muito daqui, se eu pudesse eu morava aqui pra sempre<\/span>\u201c. Por\u00e9m, ele diz que a prefeitura\u00a0est\u00e1 &#8220;tornando muito pior a nossa vida, de forma que chega a uma hora que ficou insuport\u00e1vel morar aqui\u201d.<\/p>\n<p>Pedro ainda mora na casa que foi danificada pela escavadeira, mas ele recentemente decidiu transferir sua m\u00e3e e irm\u00e3 para outra comunidade. Ele explicou que a Vila Aut\u00f3dromo sempre foi uma comunidade pac\u00edfica. \u201c<span lang=\"PT-BR\">Antes aqui n\u00e3o tinha tr\u00e1fico<\/span>\u201d, ele disse. Mas as demoli\u00e7\u00f5es est\u00e3o deixando a comunidade \u201cmuito deserta\u201d e Pedro agora teme pela seguran\u00e7a de sua fam\u00edlia. \u201c\u00c9 muito perigoso aqui \u00e0 noite, muito perigoso mesmo&#8221;.<\/p>\n<p>Tadilmarco, um antigo morador da Vila Aut\u00f3dromo, tamb\u00e9m expressou que sentia temores antes que ele e sua fam\u00edlia fossem removidos da comunidade em abril. \u201cMorar agora aqui se tornou muito dif\u00edcil porque fica muito isolado&#8221;, <a href=\"http:\/\/bit.ly\/1E1iG7x\" target=\"_blank\" rel=\"noopener\">disse ao <em>RioOnWatch<\/em><\/a>.\u00a0&#8220;De noite tem muito sil\u00eancio, e n\u00e3o tem seguran\u00e7a como tinha. As vezes, eu sentia, junto a minha fam\u00edlia, um pouco de medo porque ficamos sozinhos aqui&#8221;.<\/p>\n<p>Pedro permanece em sua casa na Vila Aut\u00f3dromo como \u201ccobaia\u201d para tentar prevenir mais danos e a demoli\u00e7\u00e3o at\u00e9 que ele possa chegar a um acordo com a prefeitura pela venda da casa.<\/p>\n<!-- AddThis Advanced Settings generic via filter on the_content --><!-- AddThis Share Buttons generic via filter on the_content -->","protected":false},"excerpt":{"rendered":"<div class=\"mh-excerpt\"><p>&#8220;Meu nome \u00e9 Pedro. A prefeitura, com a sua draga, derrubou parte do meu im\u00f3vel\u201d.\u00a0Pedro Henrique Berto chegou do trabalho\u00a0em\u00a0casa na Vila Aut\u00f3dromo na quarta-feira, 20 de maio, e encontrou uma surpresa inesperada: uma escavadeira <a class=\"mh-excerpt-more\" href=\"https:\/\/rioonwatch.org.br\/?p=14600\" title=\"Escavadeira da Prefeitura Danifica Casa e Coloca Moradores em Risco na Vila Aut\u00f3dromo\">[&#8230;]<\/a><!-- AddThis Advanced Settings generic via filter on get_the_excerpt --><!-- AddThis Share Buttons generic via filter on get_the_excerpt --><\/p>\n<\/div>","protected":false},"author":137,"featured_media":14603,"comment_status":"closed","ping_status":"closed","sticky":false,"template":"","format":"standard","meta":{"_acf_changed":false,"_monsterinsights_skip_tracking":false,"_monsterinsights_sitenote_active":false,"_monsterinsights_sitenote_note":"","_monsterinsights_sitenote_category":0,"footnotes":""},"categories":[1614,1635,346,344],"tags":[274,1541,424,484,396,1460,1240,1037,525,78,1490,14,729,55,184],"writer":[1433],"translator":[1540],"source":[],"ilustrador":[],"fotografo":[],"class_list":{"0":"post-14600","1":"post","2":"type-post","3":"status-publish","4":"format-standard","5":"has-post-thumbnail","7":"category-olhonasremocoes","8":"category-1635","9":"category-denuncias","10":"category-politicas","11":"tag-barra-da-tijuca","12":"tag-candomble","13":"tag-direito-a-moradia","14":"tag-prefeito-eduardo-paes","15":"tag-especulacao-imobiliaria","16":"tag-indenizacao-a-preco-de-mercado","17":"tag-megaeventos","18":"tag-moradia","19":"tag-negociacoes","20":"tag-olimpiadas","21":"tag-perfil-de-vitima-de-remocao","22":"tag-remocao","23":"tag-vidas-que-nao-podem-ser-substituidas-em-habitacao-publica","24":"tag-vila-autodromo","25":"tag-zona-oeste","26":"writer-brooke-parkin","27":"translator-luiz-yparraguirre"},"acf":[],"yoast_head":"<!-- This site is optimized with the Yoast SEO plugin v25.6 - https:\/\/yoast.com\/wordpress\/plugins\/seo\/ -->\n<title>Escavadeira da Prefeitura Danifica Casa e Coloca Moradores em Risco na Vila Aut\u00f3dromo - RioOnWatch<\/title>\n<meta name=\"robots\" content=\"index, follow, max-snippet:-1, max-image-preview:large, max-video-preview:-1\" \/>\n<link rel=\"canonical\" href=\"https:\/\/rioonwatch.org.br\/?p=14600\" \/>\n<meta property=\"og:locale\" content=\"pt_BR\" \/>\n<meta property=\"og:type\" content=\"article\" \/>\n<meta property=\"og:title\" content=\"Escavadeira da Prefeitura Danifica Casa e Coloca Moradores em Risco na Vila Aut\u00f3dromo - RioOnWatch\" \/>\n<meta property=\"og:description\" content=\"&#8220;Meu nome \u00e9 Pedro. A prefeitura, com a sua draga, derrubou parte do meu im\u00f3vel\u201d.\u00a0Pedro Henrique Berto chegou do trabalho\u00a0em\u00a0casa na Vila Aut\u00f3dromo na quarta-feira, 20 de maio, e encontrou uma surpresa inesperada: uma escavadeira [...]\" \/>\n<meta property=\"og:url\" content=\"https:\/\/rioonwatch.org.br\/?p=14600\" \/>\n<meta property=\"og:site_name\" content=\"RioOnWatch\" \/>\n<meta property=\"article:published_time\" content=\"2015-06-16T11:00:00+00:00\" \/>\n<meta property=\"article:modified_time\" content=\"2024-06-20T19:29:07+00:00\" \/>\n<meta property=\"og:image\" content=\"https:\/\/rioonwatch.org.br\/wp-content\/uploads\/2015\/06\/pedrova.jpg\" \/>\n\t<meta property=\"og:image:width\" content=\"1300\" \/>\n\t<meta property=\"og:image:height\" content=\"800\" \/>\n\t<meta property=\"og:image:type\" content=\"image\/jpeg\" \/>\n<meta name=\"author\" content=\"Nicole Froio\" \/>\n<meta name=\"twitter:card\" content=\"summary_large_image\" \/>\n<meta name=\"twitter:label1\" content=\"Escrito por\" \/>\n\t<meta name=\"twitter:data1\" content=\"Nicole Froio\" \/>\n\t<meta name=\"twitter:label2\" content=\"Est. tempo de leitura\" \/>\n\t<meta name=\"twitter:data2\" content=\"4 minutos\" \/>\n<script type=\"application\/ld+json\" class=\"yoast-schema-graph\">{\"@context\":\"https:\/\/schema.org\",\"@graph\":[{\"@type\":\"Article\",\"@id\":\"https:\/\/rioonwatch.org.br\/?p=14600#article\",\"isPartOf\":{\"@id\":\"https:\/\/rioonwatch.org.br\/?p=14600\"},\"author\":{\"name\":\"Nicole Froio\",\"@id\":\"https:\/\/rioonwatch.org.br\/#\/schema\/person\/e07d559fe2154d11fd3ec515e35695ee\"},\"headline\":\"Escavadeira da Prefeitura Danifica Casa e Coloca Moradores em Risco na Vila Aut\u00f3dromo\",\"datePublished\":\"2015-06-16T11:00:00+00:00\",\"dateModified\":\"2024-06-20T19:29:07+00:00\",\"mainEntityOfPage\":{\"@id\":\"https:\/\/rioonwatch.org.br\/?p=14600\"},\"wordCount\":834,\"publisher\":{\"@id\":\"https:\/\/rioonwatch.org.br\/#organization\"},\"image\":{\"@id\":\"https:\/\/rioonwatch.org.br\/?p=14600#primaryimage\"},\"thumbnailUrl\":\"https:\/\/rioonwatch.org.br\/wp-content\/uploads\/2015\/06\/pedrova.jpg\",\"keywords\":[\"Barra da Tijuca\",\"Candombl\u00e9\",\"Direito \u00e0 Moradia\",\"Eduardo Paes\",\"especula\u00e7\u00e3o imobili\u00e1ria\",\"indeniza\u00e7\u00e3o a pre\u00e7o de mercado\",\"Megaeventos\",\"moradia\",\"negocia\u00e7\u00f5es\",\"Olimp\u00edadas\",\"perfil de v\u00edtima de remo\u00e7\u00e3o\",\"Remo\u00e7\u00e3o\",\"Vidas que n\u00e3o podem ser substitu\u00eddas em habita\u00e7\u00e3o p\u00fablica\",\"Vila Aut\u00f3dromo\",\"Zona Oeste\"],\"articleSection\":[\"#OlhoNasRemo\u00e7\u00f5es\",\"#Rio2016\",\"Den\u00fancias\",\"Pol\u00edticas\"],\"inLanguage\":\"pt-BR\"},{\"@type\":\"WebPage\",\"@id\":\"https:\/\/rioonwatch.org.br\/?p=14600\",\"url\":\"https:\/\/rioonwatch.org.br\/?p=14600\",\"name\":\"Escavadeira da Prefeitura Danifica Casa e Coloca Moradores em Risco na Vila Aut\u00f3dromo - RioOnWatch\",\"isPartOf\":{\"@id\":\"https:\/\/rioonwatch.org.br\/#website\"},\"primaryImageOfPage\":{\"@id\":\"https:\/\/rioonwatch.org.br\/?p=14600#primaryimage\"},\"image\":{\"@id\":\"https:\/\/rioonwatch.org.br\/?p=14600#primaryimage\"},\"thumbnailUrl\":\"https:\/\/rioonwatch.org.br\/wp-content\/uploads\/2015\/06\/pedrova.jpg\",\"datePublished\":\"2015-06-16T11:00:00+00:00\",\"dateModified\":\"2024-06-20T19:29:07+00:00\",\"breadcrumb\":{\"@id\":\"https:\/\/rioonwatch.org.br\/?p=14600#breadcrumb\"},\"inLanguage\":\"pt-BR\",\"potentialAction\":[{\"@type\":\"ReadAction\",\"target\":[\"https:\/\/rioonwatch.org.br\/?p=14600\"]}]},{\"@type\":\"ImageObject\",\"inLanguage\":\"pt-BR\",\"@id\":\"https:\/\/rioonwatch.org.br\/?p=14600#primaryimage\",\"url\":\"https:\/\/rioonwatch.org.br\/wp-content\/uploads\/2015\/06\/pedrova.jpg\",\"contentUrl\":\"https:\/\/rioonwatch.org.br\/wp-content\/uploads\/2015\/06\/pedrova.jpg\",\"width\":1300,\"height\":800},{\"@type\":\"BreadcrumbList\",\"@id\":\"https:\/\/rioonwatch.org.br\/?p=14600#breadcrumb\",\"itemListElement\":[{\"@type\":\"ListItem\",\"position\":1,\"name\":\"In\u00edcio\",\"item\":\"https:\/\/rioonwatch.org.br\/\"},{\"@type\":\"ListItem\",\"position\":2,\"name\":\"Escavadeira da Prefeitura Danifica Casa e Coloca Moradores em Risco na Vila Aut\u00f3dromo\"}]},{\"@type\":\"WebSite\",\"@id\":\"https:\/\/rioonwatch.org.br\/#website\",\"url\":\"https:\/\/rioonwatch.org.br\/\",\"name\":\"RioOnWatch\",\"description\":\"relatos das favelas cariocas\",\"publisher\":{\"@id\":\"https:\/\/rioonwatch.org.br\/#organization\"},\"potentialAction\":[{\"@type\":\"SearchAction\",\"target\":{\"@type\":\"EntryPoint\",\"urlTemplate\":\"https:\/\/rioonwatch.org.br\/?s={search_term_string}\"},\"query-input\":{\"@type\":\"PropertyValueSpecification\",\"valueRequired\":true,\"valueName\":\"search_term_string\"}}],\"inLanguage\":\"pt-BR\"},{\"@type\":\"Organization\",\"@id\":\"https:\/\/rioonwatch.org.br\/#organization\",\"name\":\"RioOnWatch\",\"url\":\"https:\/\/rioonwatch.org.br\/\",\"logo\":{\"@type\":\"ImageObject\",\"inLanguage\":\"pt-BR\",\"@id\":\"https:\/\/rioonwatch.org.br\/#\/schema\/logo\/image\/\",\"url\":\"https:\/\/rioonwatch.org.br\/wp-content\/uploads\/2021\/06\/RioOnWatchcabecalhoPT11anos-2.png\",\"contentUrl\":\"https:\/\/rioonwatch.org.br\/wp-content\/uploads\/2021\/06\/RioOnWatchcabecalhoPT11anos-2.png\",\"width\":779,\"height\":277,\"caption\":\"RioOnWatch\"},\"image\":{\"@id\":\"https:\/\/rioonwatch.org.br\/#\/schema\/logo\/image\/\"}},{\"@type\":\"Person\",\"@id\":\"https:\/\/rioonwatch.org.br\/#\/schema\/person\/e07d559fe2154d11fd3ec515e35695ee\",\"name\":\"Nicole Froio\",\"image\":{\"@type\":\"ImageObject\",\"inLanguage\":\"pt-BR\",\"@id\":\"https:\/\/rioonwatch.org.br\/#\/schema\/person\/image\/\",\"url\":\"https:\/\/secure.gravatar.com\/avatar\/0acdbd6878ca0ac29aa5ce6c6119d636?s=96&d=blank&r=g\",\"contentUrl\":\"https:\/\/secure.gravatar.com\/avatar\/0acdbd6878ca0ac29aa5ce6c6119d636?s=96&d=blank&r=g\",\"caption\":\"Nicole Froio\"},\"url\":\"https:\/\/rioonwatch.org.br\/?author=137\"}]}<\/script>\n<!-- \/ Yoast SEO plugin. -->","yoast_head_json":{"title":"Escavadeira da Prefeitura Danifica Casa e Coloca Moradores em Risco na Vila Aut\u00f3dromo - RioOnWatch","robots":{"index":"index","follow":"follow","max-snippet":"max-snippet:-1","max-image-preview":"max-image-preview:large","max-video-preview":"max-video-preview:-1"},"canonical":"https:\/\/rioonwatch.org.br\/?p=14600","og_locale":"pt_BR","og_type":"article","og_title":"Escavadeira da Prefeitura Danifica Casa e Coloca Moradores em Risco na Vila Aut\u00f3dromo - RioOnWatch","og_description":"&#8220;Meu nome \u00e9 Pedro. A prefeitura, com a sua draga, derrubou parte do meu im\u00f3vel\u201d.\u00a0Pedro Henrique Berto chegou do trabalho\u00a0em\u00a0casa na Vila Aut\u00f3dromo na quarta-feira, 20 de maio, e encontrou uma surpresa inesperada: uma escavadeira [...]","og_url":"https:\/\/rioonwatch.org.br\/?p=14600","og_site_name":"RioOnWatch","article_published_time":"2015-06-16T11:00:00+00:00","article_modified_time":"2024-06-20T19:29:07+00:00","og_image":[{"width":1300,"height":800,"url":"https:\/\/rioonwatch.org.br\/wp-content\/uploads\/2015\/06\/pedrova.jpg","type":"image\/jpeg"}],"author":"Nicole Froio","twitter_card":"summary_large_image","twitter_misc":{"Escrito por":"Nicole Froio","Est. tempo de leitura":"4 minutos"},"schema":{"@context":"https:\/\/schema.org","@graph":[{"@type":"Article","@id":"https:\/\/rioonwatch.org.br\/?p=14600#article","isPartOf":{"@id":"https:\/\/rioonwatch.org.br\/?p=14600"},"author":{"name":"Nicole Froio","@id":"https:\/\/rioonwatch.org.br\/#\/schema\/person\/e07d559fe2154d11fd3ec515e35695ee"},"headline":"Escavadeira da Prefeitura Danifica Casa e Coloca Moradores em Risco na Vila Aut\u00f3dromo","datePublished":"2015-06-16T11:00:00+00:00","dateModified":"2024-06-20T19:29:07+00:00","mainEntityOfPage":{"@id":"https:\/\/rioonwatch.org.br\/?p=14600"},"wordCount":834,"publisher":{"@id":"https:\/\/rioonwatch.org.br\/#organization"},"image":{"@id":"https:\/\/rioonwatch.org.br\/?p=14600#primaryimage"},"thumbnailUrl":"https:\/\/rioonwatch.org.br\/wp-content\/uploads\/2015\/06\/pedrova.jpg","keywords":["Barra da Tijuca","Candombl\u00e9","Direito \u00e0 Moradia","Eduardo Paes","especula\u00e7\u00e3o imobili\u00e1ria","indeniza\u00e7\u00e3o a pre\u00e7o de mercado","Megaeventos","moradia","negocia\u00e7\u00f5es","Olimp\u00edadas","perfil de v\u00edtima de remo\u00e7\u00e3o","Remo\u00e7\u00e3o","Vidas que n\u00e3o podem ser substitu\u00eddas em habita\u00e7\u00e3o p\u00fablica","Vila Aut\u00f3dromo","Zona Oeste"],"articleSection":["#OlhoNasRemo\u00e7\u00f5es","#Rio2016","Den\u00fancias","Pol\u00edticas"],"inLanguage":"pt-BR"},{"@type":"WebPage","@id":"https:\/\/rioonwatch.org.br\/?p=14600","url":"https:\/\/rioonwatch.org.br\/?p=14600","name":"Escavadeira da Prefeitura Danifica Casa e Coloca Moradores em Risco na Vila Aut\u00f3dromo - RioOnWatch","isPartOf":{"@id":"https:\/\/rioonwatch.org.br\/#website"},"primaryImageOfPage":{"@id":"https:\/\/rioonwatch.org.br\/?p=14600#primaryimage"},"image":{"@id":"https:\/\/rioonwatch.org.br\/?p=14600#primaryimage"},"thumbnailUrl":"https:\/\/rioonwatch.org.br\/wp-content\/uploads\/2015\/06\/pedrova.jpg","datePublished":"2015-06-16T11:00:00+00:00","dateModified":"2024-06-20T19:29:07+00:00","breadcrumb":{"@id":"https:\/\/rioonwatch.org.br\/?p=14600#breadcrumb"},"inLanguage":"pt-BR","potentialAction":[{"@type":"ReadAction","target":["https:\/\/rioonwatch.org.br\/?p=14600"]}]},{"@type":"ImageObject","inLanguage":"pt-BR","@id":"https:\/\/rioonwatch.org.br\/?p=14600#primaryimage","url":"https:\/\/rioonwatch.org.br\/wp-content\/uploads\/2015\/06\/pedrova.jpg","contentUrl":"https:\/\/rioonwatch.org.br\/wp-content\/uploads\/2015\/06\/pedrova.jpg","width":1300,"height":800},{"@type":"BreadcrumbList","@id":"https:\/\/rioonwatch.org.br\/?p=14600#breadcrumb","itemListElement":[{"@type":"ListItem","position":1,"name":"In\u00edcio","item":"https:\/\/rioonwatch.org.br\/"},{"@type":"ListItem","position":2,"name":"Escavadeira da Prefeitura Danifica Casa e Coloca Moradores em Risco na Vila Aut\u00f3dromo"}]},{"@type":"WebSite","@id":"https:\/\/rioonwatch.org.br\/#website","url":"https:\/\/rioonwatch.org.br\/","name":"RioOnWatch","description":"relatos das favelas cariocas","publisher":{"@id":"https:\/\/rioonwatch.org.br\/#organization"},"potentialAction":[{"@type":"SearchAction","target":{"@type":"EntryPoint","urlTemplate":"https:\/\/rioonwatch.org.br\/?s={search_term_string}"},"query-input":{"@type":"PropertyValueSpecification","valueRequired":true,"valueName":"search_term_string"}}],"inLanguage":"pt-BR"},{"@type":"Organization","@id":"https:\/\/rioonwatch.org.br\/#organization","name":"RioOnWatch","url":"https:\/\/rioonwatch.org.br\/","logo":{"@type":"ImageObject","inLanguage":"pt-BR","@id":"https:\/\/rioonwatch.org.br\/#\/schema\/logo\/image\/","url":"https:\/\/rioonwatch.org.br\/wp-content\/uploads\/2021\/06\/RioOnWatchcabecalhoPT11anos-2.png","contentUrl":"https:\/\/rioonwatch.org.br\/wp-content\/uploads\/2021\/06\/RioOnWatchcabecalhoPT11anos-2.png","width":779,"height":277,"caption":"RioOnWatch"},"image":{"@id":"https:\/\/rioonwatch.org.br\/#\/schema\/logo\/image\/"}},{"@type":"Person","@id":"https:\/\/rioonwatch.org.br\/#\/schema\/person\/e07d559fe2154d11fd3ec515e35695ee","name":"Nicole Froio","image":{"@type":"ImageObject","inLanguage":"pt-BR","@id":"https:\/\/rioonwatch.org.br\/#\/schema\/person\/image\/","url":"https:\/\/secure.gravatar.com\/avatar\/0acdbd6878ca0ac29aa5ce6c6119d636?s=96&d=blank&r=g","contentUrl":"https:\/\/secure.gravatar.com\/avatar\/0acdbd6878ca0ac29aa5ce6c6119d636?s=96&d=blank&r=g","caption":"Nicole Froio"},"url":"https:\/\/rioonwatch.org.br\/?author=137"}]}},"_links":{"self":[{"href":"https:\/\/rioonwatch.org.br\/index.php?rest_route=\/wp\/v2\/posts\/14600"}],"collection":[{"href":"https:\/\/rioonwatch.org.br\/index.php?rest_route=\/wp\/v2\/posts"}],"about":[{"href":"https:\/\/rioonwatch.org.br\/index.php?rest_route=\/wp\/v2\/types\/post"}],"author":[{"embeddable":true,"href":"https:\/\/rioonwatch.org.br\/index.php?rest_route=\/wp\/v2\/users\/137"}],"replies":[{"embeddable":true,"href":"https:\/\/rioonwatch.org.br\/index.php?rest_route=%2Fwp%2Fv2%2Fcomments&post=14600"}],"version-history":[{"count":16,"href":"https:\/\/rioonwatch.org.br\/index.php?rest_route=\/wp\/v2\/posts\/14600\/revisions"}],"predecessor-version":[{"id":74249,"href":"https:\/\/rioonwatch.org.br\/index.php?rest_route=\/wp\/v2\/posts\/14600\/revisions\/74249"}],"wp:featuredmedia":[{"embeddable":true,"href":"https:\/\/rioonwatch.org.br\/index.php?rest_route=\/wp\/v2\/media\/14603"}],"wp:attachment":[{"href":"https:\/\/rioonwatch.org.br\/index.php?rest_route=%2Fwp%2Fv2%2Fmedia&parent=14600"}],"wp:term":[{"taxonomy":"category","embeddable":true,"href":"https:\/\/rioonwatch.org.br\/index.php?rest_route=%2Fwp%2Fv2%2Fcategories&post=14600"},{"taxonomy":"post_tag","embeddable":true,"href":"https:\/\/rioonwatch.org.br\/index.php?rest_route=%2Fwp%2Fv2%2Ftags&post=14600"},{"taxonomy":"writer","embeddable":true,"href":"https:\/\/rioonwatch.org.br\/index.php?rest_route=%2Fwp%2Fv2%2Fwriter&post=14600"},{"taxonomy":"translator","embeddable":true,"href":"https:\/\/rioonwatch.org.br\/index.php?rest_route=%2Fwp%2Fv2%2Ftranslator&post=14600"},{"taxonomy":"source","embeddable":true,"href":"https:\/\/rioonwatch.org.br\/index.php?rest_route=%2Fwp%2Fv2%2Fsource&post=14600"},{"taxonomy":"ilustrador","embeddable":true,"href":"https:\/\/rioonwatch.org.br\/index.php?rest_route=%2Fwp%2Fv2%2Filustrador&post=14600"},{"taxonomy":"fotografo","embeddable":true,"href":"https:\/\/rioonwatch.org.br\/index.php?rest_route=%2Fwp%2Fv2%2Ffotografo&post=14600"}],"curies":[{"name":"wp","href":"https:\/\/api.w.org\/{rel}","templated":true}]}}