{"id":14623,"date":"2015-06-14T16:51:16","date_gmt":"2015-06-14T19:51:16","guid":{"rendered":"http:\/\/rioonwatch.org.br\/?p=14623"},"modified":"2024-05-24T12:41:23","modified_gmt":"2024-05-24T15:41:23","slug":"rio-debate-papel-do-estado-na-criminalizacao-da-pobreza","status":"publish","type":"post","link":"https:\/\/rioonwatch.org.br\/?p=14623","title":{"rendered":"Rio Debate Papel do Estado na Criminaliza\u00e7\u00e3o da Pobreza"},"content":{"rendered":"<p style=\"text-align: right;\"><em><strong><a href=\"http:\/\/bit.ly\/1HASbb4\" target=\"_blank\" rel=\"noopener noreferrer\">Click Here for English<\/a><a href=\"http:\/\/bit.ly\/1HASbb4\" target=\"_blank\" rel=\"noopener noreferrer\"><img decoding=\"async\" width=\"20\" height=\"20\" class=\"alignright wp-image-15790\" src=\"http:\/\/rioonwatch.org.br\/wp-content\/uploads\/2012\/08\/EN-standard-e1439583104716.jpg\" \/><\/a><\/strong><\/em><\/p>\n<p>segunda-feira, 8 de junho, a PUC organizou o semin\u00e1rio\u00a0<a href=\"https:\/\/www.facebook.com\/events\/847386021976569\/?ref=1&amp;action_history=%5B%7B%22surface%22%3A%22permalink%22%2C%22mechanism%22%3A%22surface%22%2C%22extra_data%22%3Anull%7D%5D\">O Papel do Estado na Criminaliza\u00e7\u00e3o da Pobreza sob a Perspectiva dos Direitos Humanos<\/a>. Moderado pelo estudante Vilde Dorian, compunham o semin\u00e1rio o \u00a0juiz Dr. Siro Darlan do Tribunal de Justi\u00e7a do Rio de Janeiro, o ex-Secret\u00e1rio de\u00a0Direitos Humanos do Estado e professor da UERJ Dr. Jorge da Silva, e Raull Santiago do <a href=\"http:\/\/on.fb.me\/1my6unV\" target=\"_blank\" rel=\"noopener noreferrer\">Coletivo Papo Reto<\/a>. O\u00a0semin\u00e1rio abordou uma s\u00e9rie de quest\u00f5es tais como o <a href=\"http:\/\/bit.ly\/1PDrYLE\" target=\"_blank\" rel=\"noopener noreferrer\">genoc\u00eddio de jovens negros<\/a>, a <a href=\"http:\/\/bit.ly\/1Kk92ke\" target=\"_blank\" rel=\"noopener noreferrer\">redu\u00e7\u00e3o da maioridade\u00a0penal<\/a>, as <a href=\"http:\/\/bit.ly\/R5ueio\" target=\"_blank\" rel=\"noopener noreferrer\">UPPs<\/a>\u00a0e\u00a0o atual sistema judici\u00e1rio e a pol\u00edtica de encarceramento.<\/p>\n<p>O Dr. Darlan come\u00e7ou o debate dizendo que, desde sua funda\u00e7\u00e3o, o Brasil colonial foi <a href=\"http:\/\/bit.ly\/1FM0mN6\" target=\"_blank\" rel=\"noopener noreferrer\">constru\u00eddo baseado<\/a> num estigma de desigualdade, sendo este sistema extremamente conservador. Nas m\u00e3os dos portugueses, as crian\u00e7as eram exploradas e n\u00e3o tinham direitos, apesar de muitas delas receberem uma educa\u00e7\u00e3o jesu\u00edta. Para ele, \u201co\u00a0processo de exclus\u00e3o [de crian\u00e7as] continua at\u00e9 hoje&#8230; As crian\u00e7as s\u00e3o, queiram ou n\u00e3o, os mais vulner\u00e1veis&#8221;.<\/p>\n<p>Dr. Darlan chegou a criticar a press\u00e3o atual para <a href=\"http:\/\/bit.ly\/1Kk92ke\" target=\"_blank\" rel=\"noopener noreferrer\">reduzir a maioridade penal<\/a>. Segundo ele, \u201cn\u00f3s estamos barbarizando ao tentar reduzir a maioridade penal. Reduzir n\u00e3o \u00e9 a solu\u00e7\u00e3o&#8211;v\u00e1rios pa\u00edses europeus tentaram e n\u00e3o funcionou&#8221;.<\/p>\n<p><a href=\"http:\/\/rioonwatch.org.br\/wp-content\/uploads\/2015\/06\/maioridade.jpg\"><img fetchpriority=\"high\" decoding=\"async\" class=\"aligncenter wp-image-14625\" title=\"O p\u00fablico foi convidado a responder: Qual \u00e9 a sua opini\u00e3o sobre a diminui\u00e7\u00e3o da maior idade penal?\" src=\"http:\/\/rioonwatch.org.br\/wp-content\/uploads\/2015\/06\/maioridade.jpg\" alt=\"\" width=\"620\" height=\"341\" srcset=\"https:\/\/rioonwatch.org.br\/wp-content\/uploads\/2015\/06\/maioridade.jpg 719w, https:\/\/rioonwatch.org.br\/wp-content\/uploads\/2015\/06\/maioridade-481x264.jpg 481w, https:\/\/rioonwatch.org.br\/wp-content\/uploads\/2015\/06\/maioridade-620x341.jpg 620w\" sizes=\"(max-width: 620px) 100vw, 620px\" \/><\/a><\/p>\n<p>O Brasil j\u00e1 possui a quarta maior popula\u00e7\u00e3o carcer\u00e1ria do mundo, e reduzir a maioridade penal s\u00f3 aumentaria esse peso. &#8220;A senzala moderna \u00e9 o sistema penitenci\u00e1rio&#8230; 40% da popula\u00e7\u00e3o presa ainda n\u00e3o foi julgada. Meninos entre 18 e 29 anos de idade representam 59% dos presos e 65% s\u00e3o negros. \u00c9 obvio que as for\u00e7as s\u00e3o seletivas&#8221;.<\/p>\n<p>Seguiu Dr. Jorge da Silva, pedindo \u00e0 plat\u00e9ia\u00a0que questionasse tudo de maneira Foucaltiana. Ele disse: \u201cPrecisamos individualizar o Estado, que \u00e9 visto como uma abstra\u00e7\u00e3o. Quem \u00e9 o secretario? Quais s\u00e3o seus nomes?\u201d Em outras palavras, precisamos de transpar\u00eancia. Ele acrescentou: &#8220;Aqui no Rio a gente diz que n\u00e3o existe o racismo, se diz que \u00e9 coisa de americano. Mas o Rio foi um centro escravista&#8221;.\u00a0Prosseguiu discutindo a maneira como o racismo mudou em sua forma, usando os Estados Unidos dos anos 70 e 80 como um exemplo. Segundo ele, \u201cO que fizeram os americanos nos 70 contra os negros e latinos? Eles encontraram um atalho chamado maconha e coca\u00edna. No Brasil foi feito a mesma coisa com as drogas.\u00a0Agora os professores est\u00e3o ensinando as crian\u00e7as sobre o que fazer durante um tiroteio. O que \u00e9 isso?!&#8221;<\/p>\n<p>Finalmente, Raull Santiago abriu seu debate com um poema evocativo que ele escreveu especialmente para a ocasi\u00e3o, \u201cFavelas existem na cidade, a cidade existe nas favelas&#8221;. Ele mencionou a import\u00e2ncia do evento para o\u00a0<a href=\"http:\/\/bit.ly\/NYTWitness\" target=\"_blank\" rel=\"noopener noreferrer\">Coletivo Papo Reto<\/a>. Defendeu: \u201cPor que n\u00f3s usamos a palavra favela em vez de comunidade? \u00c9 reapropria\u00e7\u00e3o, favela \u00e9 resist\u00eancia, favela \u00e9 <a href=\"http:\/\/bit.ly\/1ykJIW4\" target=\"_blank\" rel=\"noopener noreferrer\">quilombo<\/a> urbano\u201d. Continuou: \u201cEu vejo a favela n\u00e3o s\u00f3 como um exemplo para o resto da cidade, mas tamb\u00e9m como algo que se transforma, que evolui&#8221;. Santiago tamb\u00e9m discutiu quest\u00f5es que afetam o <a href=\"http:\/\/bit.ly\/U0MiGm\" target=\"_blank\" rel=\"noopener noreferrer\">Complexo do Alem\u00e3o<\/a>, tal como <a href=\"http:\/\/bit.ly\/1Dpu2R2\" target=\"_blank\" rel=\"noopener noreferrer\">o tiro que acertou Eduardo de Jesus Ferreira<\/a> na porta de sua casa, por um policial. Segundo ele, \u201cBala perdida na favela n\u00e3o existe.\u00a0A UPP tem criado uma guerra vazia sem objetivos, simplesmente perdas de ambos os lados&#8230; O \u00f3dio s\u00f3 cresce\u201d. E ele terminou seu discurso dizendo \u201cO sangue dos pobres \u00e9 lucro&#8221;.<\/p>\n<p>Ap\u00f3s todos os participantes do painel terem falado, o debate ficou aberto para as perguntas da plat\u00e9ia e os palestrantes responderam na mesma ordem. O Dr. Darlan falou da necessidade de descriminalizar v\u00e1rios crimes menores que s\u00e3o usados para excluir os indesej\u00e1veis, tal como as drogas. Ao discutir a privatiza\u00e7\u00e3o das cadeias, disse \u201cUma vez que voc\u00ea usa o trabalho dos presos para ganho capital, voc\u00ea criou\u00a0uma forma moderna de\u00a0escravid\u00e3o\u201d. Dr. Jorge da Silva questionou o objetivo de reduzir a maioridade penal. Segundo ele, \u00e9 vingan\u00e7a social. No final, Raull Santiago concluiu o painel ao comparar as injustas discrep\u00e2ncias para uma crian\u00e7a de classe m\u00e9dia flagrada com uma grande quantidade de drogas versus uma crian\u00e7a de favela flagrada com uma quantidade \u00ednfima de drogas. A seus olhos, \u201ca m\u00eddia criminaliza o jovem&#8221;.<\/p>\n<!-- AddThis Advanced Settings generic via filter on the_content --><!-- AddThis Share Buttons generic via filter on the_content -->","protected":false},"excerpt":{"rendered":"<div class=\"mh-excerpt\"><p>Click Here for English segunda-feira, 8 de junho, a PUC organizou o semin\u00e1rio\u00a0O Papel do Estado na Criminaliza\u00e7\u00e3o da Pobreza sob a Perspectiva dos Direitos Humanos. Moderado pelo estudante Vilde Dorian, compunham o semin\u00e1rio o <a class=\"mh-excerpt-more\" href=\"https:\/\/rioonwatch.org.br\/?p=14623\" title=\"Rio Debate Papel do Estado na Criminaliza\u00e7\u00e3o da Pobreza\">[&#8230;]<\/a><!-- AddThis Advanced Settings generic via filter on get_the_excerpt --><!-- AddThis Share Buttons generic via filter on get_the_excerpt --><\/p>\n<\/div>","protected":false},"author":137,"featured_media":14626,"comment_status":"closed","ping_status":"closed","sticky":false,"template":"","format":"standard","meta":{"_acf_changed":false,"_monsterinsights_skip_tracking":false,"_monsterinsights_sitenote_active":false,"_monsterinsights_sitenote_note":"","_monsterinsights_sitenote_category":0,"footnotes":""},"categories":[344,1620],"tags":[3253,217,1239,88,128,1418,1546,1545,239,92,1144],"writer":[1477],"translator":[1528],"source":[],"ilustrador":[],"fotografo":[],"class_list":{"0":"post-14623","1":"post","2":"type-post","3":"status-publish","4":"format-standard","5":"has-post-thumbnail","7":"category-politicas","8":"category-olhonaupp","9":"tag-antirracismo","10":"tag-complexo-do-alemao","11":"tag-criminalizacao-da-pobreza","12":"tag-direitos-humanos","13":"tag-historia","14":"tag-coletivo-papo-reto","15":"tag-maioridade-penal","16":"tag-puc","17":"tag-universidade","18":"tag-upp","19":"tag-violencia-urbana","20":"writer-sergio-saenz","21":"translator-adriana-thiago"},"acf":[],"yoast_head":"<!-- This site is optimized with the Yoast SEO plugin v25.6 - https:\/\/yoast.com\/wordpress\/plugins\/seo\/ -->\n<title>Rio Debate Papel do Estado na Criminaliza\u00e7\u00e3o da Pobreza - RioOnWatch<\/title>\n<meta name=\"robots\" content=\"index, follow, max-snippet:-1, max-image-preview:large, max-video-preview:-1\" \/>\n<link rel=\"canonical\" href=\"https:\/\/rioonwatch.org.br\/?p=14623\" \/>\n<meta property=\"og:locale\" content=\"pt_BR\" \/>\n<meta property=\"og:type\" content=\"article\" \/>\n<meta property=\"og:title\" content=\"Rio Debate Papel do Estado na Criminaliza\u00e7\u00e3o da Pobreza - RioOnWatch\" \/>\n<meta property=\"og:description\" content=\"Click Here for English segunda-feira, 8 de junho, a PUC organizou o semin\u00e1rio\u00a0O Papel do Estado na Criminaliza\u00e7\u00e3o da Pobreza sob a Perspectiva dos Direitos Humanos. Moderado pelo estudante Vilde Dorian, compunham o semin\u00e1rio o [...]\" \/>\n<meta property=\"og:url\" content=\"https:\/\/rioonwatch.org.br\/?p=14623\" \/>\n<meta property=\"og:site_name\" content=\"RioOnWatch\" \/>\n<meta property=\"article:published_time\" content=\"2015-06-14T19:51:16+00:00\" \/>\n<meta property=\"article:modified_time\" content=\"2024-05-24T15:41:23+00:00\" \/>\n<meta property=\"og:image\" content=\"https:\/\/rioonwatch.org.br\/wp-content\/uploads\/2015\/06\/Painel-PUC.jpg\" \/>\n\t<meta property=\"og:image:width\" content=\"2048\" \/>\n\t<meta property=\"og:image:height\" content=\"1360\" \/>\n\t<meta property=\"og:image:type\" content=\"image\/jpeg\" \/>\n<meta name=\"author\" content=\"Nicole Froio\" \/>\n<meta name=\"twitter:card\" content=\"summary_large_image\" \/>\n<meta name=\"twitter:label1\" content=\"Escrito por\" \/>\n\t<meta name=\"twitter:data1\" content=\"Nicole Froio\" \/>\n\t<meta name=\"twitter:label2\" content=\"Est. tempo de leitura\" \/>\n\t<meta name=\"twitter:data2\" content=\"4 minutos\" \/>\n<script type=\"application\/ld+json\" class=\"yoast-schema-graph\">{\"@context\":\"https:\/\/schema.org\",\"@graph\":[{\"@type\":\"Article\",\"@id\":\"https:\/\/rioonwatch.org.br\/?p=14623#article\",\"isPartOf\":{\"@id\":\"https:\/\/rioonwatch.org.br\/?p=14623\"},\"author\":{\"name\":\"Nicole Froio\",\"@id\":\"https:\/\/rioonwatch.org.br\/#\/schema\/person\/e07d559fe2154d11fd3ec515e35695ee\"},\"headline\":\"Rio Debate Papel do Estado na Criminaliza\u00e7\u00e3o da Pobreza\",\"datePublished\":\"2015-06-14T19:51:16+00:00\",\"dateModified\":\"2024-05-24T15:41:23+00:00\",\"mainEntityOfPage\":{\"@id\":\"https:\/\/rioonwatch.org.br\/?p=14623\"},\"wordCount\":744,\"publisher\":{\"@id\":\"https:\/\/rioonwatch.org.br\/#organization\"},\"image\":{\"@id\":\"https:\/\/rioonwatch.org.br\/?p=14623#primaryimage\"},\"thumbnailUrl\":\"https:\/\/rioonwatch.org.br\/wp-content\/uploads\/2015\/06\/Painel-PUC.jpg\",\"keywords\":[\"Antirracismo\",\"Complexo do Alem\u00e3o\",\"criminaliza\u00e7\u00e3o da pobreza\",\"Direitos Humanos\",\"hist\u00f3ria\",\"Instituto Papo Reto\",\"maioridade penal\",\"PUC\",\"universidade\",\"UPP\",\"viol\u00eancia urbana\"],\"articleSection\":[\"Pol\u00edticas\",\"Seguran\u00e7a P\u00fablica\"],\"inLanguage\":\"pt-BR\"},{\"@type\":\"WebPage\",\"@id\":\"https:\/\/rioonwatch.org.br\/?p=14623\",\"url\":\"https:\/\/rioonwatch.org.br\/?p=14623\",\"name\":\"Rio Debate Papel do Estado na Criminaliza\u00e7\u00e3o da Pobreza - RioOnWatch\",\"isPartOf\":{\"@id\":\"https:\/\/rioonwatch.org.br\/#website\"},\"primaryImageOfPage\":{\"@id\":\"https:\/\/rioonwatch.org.br\/?p=14623#primaryimage\"},\"image\":{\"@id\":\"https:\/\/rioonwatch.org.br\/?p=14623#primaryimage\"},\"thumbnailUrl\":\"https:\/\/rioonwatch.org.br\/wp-content\/uploads\/2015\/06\/Painel-PUC.jpg\",\"datePublished\":\"2015-06-14T19:51:16+00:00\",\"dateModified\":\"2024-05-24T15:41:23+00:00\",\"breadcrumb\":{\"@id\":\"https:\/\/rioonwatch.org.br\/?p=14623#breadcrumb\"},\"inLanguage\":\"pt-BR\",\"potentialAction\":[{\"@type\":\"ReadAction\",\"target\":[\"https:\/\/rioonwatch.org.br\/?p=14623\"]}]},{\"@type\":\"ImageObject\",\"inLanguage\":\"pt-BR\",\"@id\":\"https:\/\/rioonwatch.org.br\/?p=14623#primaryimage\",\"url\":\"https:\/\/rioonwatch.org.br\/wp-content\/uploads\/2015\/06\/Painel-PUC.jpg\",\"contentUrl\":\"https:\/\/rioonwatch.org.br\/wp-content\/uploads\/2015\/06\/Painel-PUC.jpg\",\"width\":2048,\"height\":1360},{\"@type\":\"BreadcrumbList\",\"@id\":\"https:\/\/rioonwatch.org.br\/?p=14623#breadcrumb\",\"itemListElement\":[{\"@type\":\"ListItem\",\"position\":1,\"name\":\"In\u00edcio\",\"item\":\"https:\/\/rioonwatch.org.br\/\"},{\"@type\":\"ListItem\",\"position\":2,\"name\":\"Rio Debate Papel do Estado na Criminaliza\u00e7\u00e3o da Pobreza\"}]},{\"@type\":\"WebSite\",\"@id\":\"https:\/\/rioonwatch.org.br\/#website\",\"url\":\"https:\/\/rioonwatch.org.br\/\",\"name\":\"RioOnWatch\",\"description\":\"relatos das favelas cariocas\",\"publisher\":{\"@id\":\"https:\/\/rioonwatch.org.br\/#organization\"},\"potentialAction\":[{\"@type\":\"SearchAction\",\"target\":{\"@type\":\"EntryPoint\",\"urlTemplate\":\"https:\/\/rioonwatch.org.br\/?s={search_term_string}\"},\"query-input\":{\"@type\":\"PropertyValueSpecification\",\"valueRequired\":true,\"valueName\":\"search_term_string\"}}],\"inLanguage\":\"pt-BR\"},{\"@type\":\"Organization\",\"@id\":\"https:\/\/rioonwatch.org.br\/#organization\",\"name\":\"RioOnWatch\",\"url\":\"https:\/\/rioonwatch.org.br\/\",\"logo\":{\"@type\":\"ImageObject\",\"inLanguage\":\"pt-BR\",\"@id\":\"https:\/\/rioonwatch.org.br\/#\/schema\/logo\/image\/\",\"url\":\"https:\/\/rioonwatch.org.br\/wp-content\/uploads\/2021\/06\/RioOnWatchcabecalhoPT11anos-2.png\",\"contentUrl\":\"https:\/\/rioonwatch.org.br\/wp-content\/uploads\/2021\/06\/RioOnWatchcabecalhoPT11anos-2.png\",\"width\":779,\"height\":277,\"caption\":\"RioOnWatch\"},\"image\":{\"@id\":\"https:\/\/rioonwatch.org.br\/#\/schema\/logo\/image\/\"}},{\"@type\":\"Person\",\"@id\":\"https:\/\/rioonwatch.org.br\/#\/schema\/person\/e07d559fe2154d11fd3ec515e35695ee\",\"name\":\"Nicole Froio\",\"image\":{\"@type\":\"ImageObject\",\"inLanguage\":\"pt-BR\",\"@id\":\"https:\/\/rioonwatch.org.br\/#\/schema\/person\/image\/\",\"url\":\"https:\/\/secure.gravatar.com\/avatar\/0acdbd6878ca0ac29aa5ce6c6119d636?s=96&d=blank&r=g\",\"contentUrl\":\"https:\/\/secure.gravatar.com\/avatar\/0acdbd6878ca0ac29aa5ce6c6119d636?s=96&d=blank&r=g\",\"caption\":\"Nicole Froio\"},\"url\":\"https:\/\/rioonwatch.org.br\/?author=137\"}]}<\/script>\n<!-- \/ Yoast SEO plugin. -->","yoast_head_json":{"title":"Rio Debate Papel do Estado na Criminaliza\u00e7\u00e3o da Pobreza - RioOnWatch","robots":{"index":"index","follow":"follow","max-snippet":"max-snippet:-1","max-image-preview":"max-image-preview:large","max-video-preview":"max-video-preview:-1"},"canonical":"https:\/\/rioonwatch.org.br\/?p=14623","og_locale":"pt_BR","og_type":"article","og_title":"Rio Debate Papel do Estado na Criminaliza\u00e7\u00e3o da Pobreza - RioOnWatch","og_description":"Click Here for English segunda-feira, 8 de junho, a PUC organizou o semin\u00e1rio\u00a0O Papel do Estado na Criminaliza\u00e7\u00e3o da Pobreza sob a Perspectiva dos Direitos Humanos. Moderado pelo estudante Vilde Dorian, compunham o semin\u00e1rio o [...]","og_url":"https:\/\/rioonwatch.org.br\/?p=14623","og_site_name":"RioOnWatch","article_published_time":"2015-06-14T19:51:16+00:00","article_modified_time":"2024-05-24T15:41:23+00:00","og_image":[{"width":2048,"height":1360,"url":"https:\/\/rioonwatch.org.br\/wp-content\/uploads\/2015\/06\/Painel-PUC.jpg","type":"image\/jpeg"}],"author":"Nicole Froio","twitter_card":"summary_large_image","twitter_misc":{"Escrito por":"Nicole Froio","Est. tempo de leitura":"4 minutos"},"schema":{"@context":"https:\/\/schema.org","@graph":[{"@type":"Article","@id":"https:\/\/rioonwatch.org.br\/?p=14623#article","isPartOf":{"@id":"https:\/\/rioonwatch.org.br\/?p=14623"},"author":{"name":"Nicole Froio","@id":"https:\/\/rioonwatch.org.br\/#\/schema\/person\/e07d559fe2154d11fd3ec515e35695ee"},"headline":"Rio Debate Papel do Estado na Criminaliza\u00e7\u00e3o da Pobreza","datePublished":"2015-06-14T19:51:16+00:00","dateModified":"2024-05-24T15:41:23+00:00","mainEntityOfPage":{"@id":"https:\/\/rioonwatch.org.br\/?p=14623"},"wordCount":744,"publisher":{"@id":"https:\/\/rioonwatch.org.br\/#organization"},"image":{"@id":"https:\/\/rioonwatch.org.br\/?p=14623#primaryimage"},"thumbnailUrl":"https:\/\/rioonwatch.org.br\/wp-content\/uploads\/2015\/06\/Painel-PUC.jpg","keywords":["Antirracismo","Complexo do Alem\u00e3o","criminaliza\u00e7\u00e3o da pobreza","Direitos Humanos","hist\u00f3ria","Instituto Papo Reto","maioridade penal","PUC","universidade","UPP","viol\u00eancia urbana"],"articleSection":["Pol\u00edticas","Seguran\u00e7a P\u00fablica"],"inLanguage":"pt-BR"},{"@type":"WebPage","@id":"https:\/\/rioonwatch.org.br\/?p=14623","url":"https:\/\/rioonwatch.org.br\/?p=14623","name":"Rio Debate Papel do Estado na Criminaliza\u00e7\u00e3o da Pobreza - RioOnWatch","isPartOf":{"@id":"https:\/\/rioonwatch.org.br\/#website"},"primaryImageOfPage":{"@id":"https:\/\/rioonwatch.org.br\/?p=14623#primaryimage"},"image":{"@id":"https:\/\/rioonwatch.org.br\/?p=14623#primaryimage"},"thumbnailUrl":"https:\/\/rioonwatch.org.br\/wp-content\/uploads\/2015\/06\/Painel-PUC.jpg","datePublished":"2015-06-14T19:51:16+00:00","dateModified":"2024-05-24T15:41:23+00:00","breadcrumb":{"@id":"https:\/\/rioonwatch.org.br\/?p=14623#breadcrumb"},"inLanguage":"pt-BR","potentialAction":[{"@type":"ReadAction","target":["https:\/\/rioonwatch.org.br\/?p=14623"]}]},{"@type":"ImageObject","inLanguage":"pt-BR","@id":"https:\/\/rioonwatch.org.br\/?p=14623#primaryimage","url":"https:\/\/rioonwatch.org.br\/wp-content\/uploads\/2015\/06\/Painel-PUC.jpg","contentUrl":"https:\/\/rioonwatch.org.br\/wp-content\/uploads\/2015\/06\/Painel-PUC.jpg","width":2048,"height":1360},{"@type":"BreadcrumbList","@id":"https:\/\/rioonwatch.org.br\/?p=14623#breadcrumb","itemListElement":[{"@type":"ListItem","position":1,"name":"In\u00edcio","item":"https:\/\/rioonwatch.org.br\/"},{"@type":"ListItem","position":2,"name":"Rio Debate Papel do Estado na Criminaliza\u00e7\u00e3o da Pobreza"}]},{"@type":"WebSite","@id":"https:\/\/rioonwatch.org.br\/#website","url":"https:\/\/rioonwatch.org.br\/","name":"RioOnWatch","description":"relatos das favelas cariocas","publisher":{"@id":"https:\/\/rioonwatch.org.br\/#organization"},"potentialAction":[{"@type":"SearchAction","target":{"@type":"EntryPoint","urlTemplate":"https:\/\/rioonwatch.org.br\/?s={search_term_string}"},"query-input":{"@type":"PropertyValueSpecification","valueRequired":true,"valueName":"search_term_string"}}],"inLanguage":"pt-BR"},{"@type":"Organization","@id":"https:\/\/rioonwatch.org.br\/#organization","name":"RioOnWatch","url":"https:\/\/rioonwatch.org.br\/","logo":{"@type":"ImageObject","inLanguage":"pt-BR","@id":"https:\/\/rioonwatch.org.br\/#\/schema\/logo\/image\/","url":"https:\/\/rioonwatch.org.br\/wp-content\/uploads\/2021\/06\/RioOnWatchcabecalhoPT11anos-2.png","contentUrl":"https:\/\/rioonwatch.org.br\/wp-content\/uploads\/2021\/06\/RioOnWatchcabecalhoPT11anos-2.png","width":779,"height":277,"caption":"RioOnWatch"},"image":{"@id":"https:\/\/rioonwatch.org.br\/#\/schema\/logo\/image\/"}},{"@type":"Person","@id":"https:\/\/rioonwatch.org.br\/#\/schema\/person\/e07d559fe2154d11fd3ec515e35695ee","name":"Nicole Froio","image":{"@type":"ImageObject","inLanguage":"pt-BR","@id":"https:\/\/rioonwatch.org.br\/#\/schema\/person\/image\/","url":"https:\/\/secure.gravatar.com\/avatar\/0acdbd6878ca0ac29aa5ce6c6119d636?s=96&d=blank&r=g","contentUrl":"https:\/\/secure.gravatar.com\/avatar\/0acdbd6878ca0ac29aa5ce6c6119d636?s=96&d=blank&r=g","caption":"Nicole Froio"},"url":"https:\/\/rioonwatch.org.br\/?author=137"}]}},"_links":{"self":[{"href":"https:\/\/rioonwatch.org.br\/index.php?rest_route=\/wp\/v2\/posts\/14623"}],"collection":[{"href":"https:\/\/rioonwatch.org.br\/index.php?rest_route=\/wp\/v2\/posts"}],"about":[{"href":"https:\/\/rioonwatch.org.br\/index.php?rest_route=\/wp\/v2\/types\/post"}],"author":[{"embeddable":true,"href":"https:\/\/rioonwatch.org.br\/index.php?rest_route=\/wp\/v2\/users\/137"}],"replies":[{"embeddable":true,"href":"https:\/\/rioonwatch.org.br\/index.php?rest_route=%2Fwp%2Fv2%2Fcomments&post=14623"}],"version-history":[{"count":15,"href":"https:\/\/rioonwatch.org.br\/index.php?rest_route=\/wp\/v2\/posts\/14623\/revisions"}],"predecessor-version":[{"id":40670,"href":"https:\/\/rioonwatch.org.br\/index.php?rest_route=\/wp\/v2\/posts\/14623\/revisions\/40670"}],"wp:featuredmedia":[{"embeddable":true,"href":"https:\/\/rioonwatch.org.br\/index.php?rest_route=\/wp\/v2\/media\/14626"}],"wp:attachment":[{"href":"https:\/\/rioonwatch.org.br\/index.php?rest_route=%2Fwp%2Fv2%2Fmedia&parent=14623"}],"wp:term":[{"taxonomy":"category","embeddable":true,"href":"https:\/\/rioonwatch.org.br\/index.php?rest_route=%2Fwp%2Fv2%2Fcategories&post=14623"},{"taxonomy":"post_tag","embeddable":true,"href":"https:\/\/rioonwatch.org.br\/index.php?rest_route=%2Fwp%2Fv2%2Ftags&post=14623"},{"taxonomy":"writer","embeddable":true,"href":"https:\/\/rioonwatch.org.br\/index.php?rest_route=%2Fwp%2Fv2%2Fwriter&post=14623"},{"taxonomy":"translator","embeddable":true,"href":"https:\/\/rioonwatch.org.br\/index.php?rest_route=%2Fwp%2Fv2%2Ftranslator&post=14623"},{"taxonomy":"source","embeddable":true,"href":"https:\/\/rioonwatch.org.br\/index.php?rest_route=%2Fwp%2Fv2%2Fsource&post=14623"},{"taxonomy":"ilustrador","embeddable":true,"href":"https:\/\/rioonwatch.org.br\/index.php?rest_route=%2Fwp%2Fv2%2Filustrador&post=14623"},{"taxonomy":"fotografo","embeddable":true,"href":"https:\/\/rioonwatch.org.br\/index.php?rest_route=%2Fwp%2Fv2%2Ffotografo&post=14623"}],"curies":[{"name":"wp","href":"https:\/\/api.w.org\/{rel}","templated":true}]}}