{"id":1465,"date":"2011-04-12T09:00:30","date_gmt":"2011-04-12T12:00:30","guid":{"rendered":"http:\/\/favela.info\/?p=1465"},"modified":"2015-08-14T14:40:36","modified_gmt":"2015-08-14T17:40:36","slug":"a-filosofa-do-cantagalo","status":"publish","type":"post","link":"https:\/\/rioonwatch.org.br\/?p=1465","title":{"rendered":"A fil\u00f3sofa do Cantagalo"},"content":{"rendered":"<p><img fetchpriority=\"high\" decoding=\"async\" src=\"http:\/\/favela.info\/wp-content\/uploads\/2011\/04\/glenda-fernandes.jpg\" alt=\"\" title=\"Glenda Fernandes\" width=\"250\" height=\"375\" class=\"alignleft size-full wp-image-1466\" srcset=\"https:\/\/rioonwatch.org.br\/wp-content\/uploads\/2011\/04\/glenda-fernandes.jpg 250w, https:\/\/rioonwatch.org.br\/wp-content\/uploads\/2011\/04\/glenda-fernandes-176x264.jpg 176w\" sizes=\"(max-width: 250px) 100vw, 250px\" \/><\/p>\n<p align=\"justify\"><em>Um retrato de <strong>Glenda Fernandes<\/strong>, por <strong>Dandara Rodrigues<\/strong>, ambas participantes do curso de Jornalismo da ComCat e novas autoras do favela.info.<\/em><\/p>\n<p align=\"justify\">Glenda &#8220;n\u00e3o Kozlowski&#8221;, como eu gosto de cham\u00e1-la, tem 23 anos, nasceu em BH e l\u00e1 viveu at\u00e9 os 18.<\/p>\n<p align=\"justify\">Aos 12 anos, fugiu da casa de sua m\u00e3e, indo morar com uma tia na mesma cidade.<\/p>\n<p align=\"justify\">Aos 15, teve contato com a contracultura punk, atrav\u00e9s de um amigo da escola que escutava Alice in  Chains. De l\u00e1 pra c\u00e1, aprendeu muita coisa sobre m\u00fasica e fa\u00e7a-voc\u00ea-mesmo com os professores que teve na vida, companheiros da caminhada libert\u00e1ria, pessoas que conheceu nas viagens de carona e amigos de sua cidade.<\/p>\n<p align=\"justify\">J\u00e1 trabalhou como gar\u00e7onete, balconista e telefonista. Sem nunca abandonar seu ideal, ocupava espa\u00e7os p\u00fablicos ainda em Belo Horizonte, espalhando cultura geral. Apesar de n\u00e3o ter sido muito popular na escola, uma das professoras que teve no fim do ensino m\u00e9dio foi fonte inspiradora de sua an\u00e1lise critica da sociedade, resultando numa postura anticonsumo forte e contr\u00e1ria \u00e0 l\u00f3gica sinistra de mercado. A import\u00e2ncia de seus companheiros de luta vai al\u00e9m.<\/p>\n<p align=\"justify\">Interessou-se por filosofia quando ainda namorava um cara que curtia Nietzsche. Entrou na faculdade aos 19, mesma idade em que se tornou vegetariana. Se encontrou numa situa\u00e7\u00e3o chave na vida quando descobriu que querer n\u00e3o \u00e9 poder, quando se est\u00e1 vinculado diretamente ao capitalismo. N\u00e3o conseguia bancar os altos custos da universidade, mesmo j\u00e1 produzindo fanzines e adesivos. Os hor\u00e1rios do curso n\u00e3o lhe permitiam um trabalho formal e, a essa altura dos acontecimentos, n\u00e3o a satisfaria somente o dinheiro.<\/p>\n<p align=\"justify\">Abandonou o curso de filosofia e come\u00e7ou a viajar pelo Brasil de carona. Chegou a ir ao Uruguai com R$ 100, praticando o anticonsumo e a liberdade. Encontrou sua fam\u00edlia espiritual numa ocupa\u00e7ao libert\u00e1ria no Rio de Janeiro. Hoje mora no Cantagalo, mas foi nas pr\u00e1ticas e propostas libert\u00e1rias do espa\u00e7o autogerido a que pertenceu que aprendeu a quebrar muitas estruturas sociais.<\/p>\n<p align=\"justify\">Autodidata do cotidiano, permanece estudante de filosofia, n\u00e3o enquadra sua sexualidade em g\u00eanero ou r\u00f3tulo, n\u00e3o acredita em Deus, muito menos na estrutura familiar tradicional. J\u00e1 que seus pais nunca foram exemplos, n\u00e3o h\u00e1 porque idolatr\u00e1-los .  E ela segue feliz, de bicicleta, reciclando alimento nas feiras ou vestida de palha\u00e7a em algum sem\u00e1foro da cidade, ganhando o p\u00e3o com seu pr\u00f3pio suor. Independentemente do sentido mais cru dessa palavra.<\/p>\n<p align=\"justify\">Declarando guerra \u00e0s institui\u00e7\u00f5es, morte ao estado e viva a anarquia.<\/p>\n<!-- AddThis Advanced Settings generic via filter on the_content --><!-- AddThis Share Buttons generic via filter on the_content -->","protected":false},"excerpt":{"rendered":"<div class=\"mh-excerpt\"><p>Um retrato de Glenda Fernandes, por Dandara Rodrigues, ambas participantes do curso de Jornalismo da ComCat e novas autoras do favela.info. Glenda &#8220;n\u00e3o Kozlowski&#8221;, como eu gosto de cham\u00e1-la, tem 23 anos, nasceu em BH <a class=\"mh-excerpt-more\" href=\"https:\/\/rioonwatch.org.br\/?p=1465\" title=\"A fil\u00f3sofa do Cantagalo\">[&#8230;]<\/a><!-- AddThis Advanced Settings generic via filter on get_the_excerpt --><!-- AddThis Share Buttons generic via filter on get_the_excerpt --><\/p>\n<\/div>","protected":false},"author":5,"featured_media":1467,"comment_status":"open","ping_status":"closed","sticky":false,"template":"","format":"standard","meta":{"_acf_changed":false,"_monsterinsights_skip_tracking":false,"_monsterinsights_sitenote_active":false,"_monsterinsights_sitenote_note":"","_monsterinsights_sitenote_category":0,"footnotes":""},"categories":[1625],"tags":[229,383],"writer":[213],"translator":[],"source":[],"ilustrador":[],"fotografo":[],"class_list":{"0":"post-1465","1":"post","2":"type-post","3":"status-publish","4":"format-standard","5":"has-post-thumbnail","7":"category-por-correspondentes-comunitarios","8":"tag-cantagalo","9":"tag-zona-sul","10":"writer-dandara-rodrigues"},"acf":[],"yoast_head":"<!-- This site is optimized with the Yoast SEO plugin v25.6 - https:\/\/yoast.com\/wordpress\/plugins\/seo\/ -->\n<title>A fil\u00f3sofa do Cantagalo - RioOnWatch<\/title>\n<meta name=\"robots\" content=\"index, follow, max-snippet:-1, max-image-preview:large, max-video-preview:-1\" \/>\n<link rel=\"canonical\" href=\"https:\/\/rioonwatch.org.br\/?p=1465\" \/>\n<meta property=\"og:locale\" content=\"pt_BR\" \/>\n<meta property=\"og:type\" content=\"article\" \/>\n<meta property=\"og:title\" content=\"A fil\u00f3sofa do Cantagalo - RioOnWatch\" \/>\n<meta property=\"og:description\" content=\"Um retrato de Glenda Fernandes, por Dandara Rodrigues, ambas participantes do curso de Jornalismo da ComCat e novas autoras do favela.info. Glenda &#8220;n\u00e3o Kozlowski&#8221;, como eu gosto de cham\u00e1-la, tem 23 anos, nasceu em BH [...]\" \/>\n<meta property=\"og:url\" content=\"https:\/\/rioonwatch.org.br\/?p=1465\" \/>\n<meta property=\"og:site_name\" content=\"RioOnWatch\" \/>\n<meta property=\"article:published_time\" content=\"2011-04-12T12:00:30+00:00\" \/>\n<meta property=\"article:modified_time\" content=\"2015-08-14T17:40:36+00:00\" \/>\n<meta property=\"og:image\" content=\"https:\/\/rioonwatch.org.br\/wp-content\/uploads\/2011\/04\/glendaFEAT.jpg\" \/>\n\t<meta property=\"og:image:width\" content=\"300\" \/>\n\t<meta property=\"og:image:height\" content=\"225\" \/>\n\t<meta property=\"og:image:type\" content=\"image\/jpeg\" \/>\n<meta name=\"author\" content=\"Tiago\" \/>\n<meta name=\"twitter:card\" content=\"summary_large_image\" \/>\n<meta name=\"twitter:label1\" content=\"Escrito por\" \/>\n\t<meta name=\"twitter:data1\" content=\"Tiago\" \/>\n\t<meta name=\"twitter:label2\" content=\"Est. tempo de leitura\" \/>\n\t<meta name=\"twitter:data2\" content=\"2 minutos\" \/>\n<script type=\"application\/ld+json\" class=\"yoast-schema-graph\">{\"@context\":\"https:\/\/schema.org\",\"@graph\":[{\"@type\":\"Article\",\"@id\":\"https:\/\/rioonwatch.org.br\/?p=1465#article\",\"isPartOf\":{\"@id\":\"https:\/\/rioonwatch.org.br\/?p=1465\"},\"author\":{\"name\":\"Tiago\",\"@id\":\"https:\/\/rioonwatch.org.br\/#\/schema\/person\/7c54ce0a929f914709db001584daa6ee\"},\"headline\":\"A fil\u00f3sofa do Cantagalo\",\"datePublished\":\"2011-04-12T12:00:30+00:00\",\"dateModified\":\"2015-08-14T17:40:36+00:00\",\"mainEntityOfPage\":{\"@id\":\"https:\/\/rioonwatch.org.br\/?p=1465\"},\"wordCount\":444,\"commentCount\":0,\"publisher\":{\"@id\":\"https:\/\/rioonwatch.org.br\/#organization\"},\"image\":{\"@id\":\"https:\/\/rioonwatch.org.br\/?p=1465#primaryimage\"},\"thumbnailUrl\":\"https:\/\/rioonwatch.org.br\/wp-content\/uploads\/2011\/04\/glendaFEAT.jpg\",\"keywords\":[\"Cantagalo\",\"Zona Sul\"],\"articleSection\":[\"Escrito por Comunicadores Populares\"],\"inLanguage\":\"pt-BR\",\"potentialAction\":[{\"@type\":\"CommentAction\",\"name\":\"Comment\",\"target\":[\"https:\/\/rioonwatch.org.br\/?p=1465#respond\"]}]},{\"@type\":\"WebPage\",\"@id\":\"https:\/\/rioonwatch.org.br\/?p=1465\",\"url\":\"https:\/\/rioonwatch.org.br\/?p=1465\",\"name\":\"A fil\u00f3sofa do Cantagalo - RioOnWatch\",\"isPartOf\":{\"@id\":\"https:\/\/rioonwatch.org.br\/#website\"},\"primaryImageOfPage\":{\"@id\":\"https:\/\/rioonwatch.org.br\/?p=1465#primaryimage\"},\"image\":{\"@id\":\"https:\/\/rioonwatch.org.br\/?p=1465#primaryimage\"},\"thumbnailUrl\":\"https:\/\/rioonwatch.org.br\/wp-content\/uploads\/2011\/04\/glendaFEAT.jpg\",\"datePublished\":\"2011-04-12T12:00:30+00:00\",\"dateModified\":\"2015-08-14T17:40:36+00:00\",\"breadcrumb\":{\"@id\":\"https:\/\/rioonwatch.org.br\/?p=1465#breadcrumb\"},\"inLanguage\":\"pt-BR\",\"potentialAction\":[{\"@type\":\"ReadAction\",\"target\":[\"https:\/\/rioonwatch.org.br\/?p=1465\"]}]},{\"@type\":\"ImageObject\",\"inLanguage\":\"pt-BR\",\"@id\":\"https:\/\/rioonwatch.org.br\/?p=1465#primaryimage\",\"url\":\"https:\/\/rioonwatch.org.br\/wp-content\/uploads\/2011\/04\/glendaFEAT.jpg\",\"contentUrl\":\"https:\/\/rioonwatch.org.br\/wp-content\/uploads\/2011\/04\/glendaFEAT.jpg\",\"width\":300,\"height\":225},{\"@type\":\"BreadcrumbList\",\"@id\":\"https:\/\/rioonwatch.org.br\/?p=1465#breadcrumb\",\"itemListElement\":[{\"@type\":\"ListItem\",\"position\":1,\"name\":\"In\u00edcio\",\"item\":\"https:\/\/rioonwatch.org.br\/\"},{\"@type\":\"ListItem\",\"position\":2,\"name\":\"A fil\u00f3sofa do Cantagalo\"}]},{\"@type\":\"WebSite\",\"@id\":\"https:\/\/rioonwatch.org.br\/#website\",\"url\":\"https:\/\/rioonwatch.org.br\/\",\"name\":\"RioOnWatch\",\"description\":\"relatos das favelas cariocas\",\"publisher\":{\"@id\":\"https:\/\/rioonwatch.org.br\/#organization\"},\"potentialAction\":[{\"@type\":\"SearchAction\",\"target\":{\"@type\":\"EntryPoint\",\"urlTemplate\":\"https:\/\/rioonwatch.org.br\/?s={search_term_string}\"},\"query-input\":{\"@type\":\"PropertyValueSpecification\",\"valueRequired\":true,\"valueName\":\"search_term_string\"}}],\"inLanguage\":\"pt-BR\"},{\"@type\":\"Organization\",\"@id\":\"https:\/\/rioonwatch.org.br\/#organization\",\"name\":\"RioOnWatch\",\"url\":\"https:\/\/rioonwatch.org.br\/\",\"logo\":{\"@type\":\"ImageObject\",\"inLanguage\":\"pt-BR\",\"@id\":\"https:\/\/rioonwatch.org.br\/#\/schema\/logo\/image\/\",\"url\":\"https:\/\/rioonwatch.org.br\/wp-content\/uploads\/2021\/06\/RioOnWatchcabecalhoPT11anos-2.png\",\"contentUrl\":\"https:\/\/rioonwatch.org.br\/wp-content\/uploads\/2021\/06\/RioOnWatchcabecalhoPT11anos-2.png\",\"width\":779,\"height\":277,\"caption\":\"RioOnWatch\"},\"image\":{\"@id\":\"https:\/\/rioonwatch.org.br\/#\/schema\/logo\/image\/\"}},{\"@type\":\"Person\",\"@id\":\"https:\/\/rioonwatch.org.br\/#\/schema\/person\/7c54ce0a929f914709db001584daa6ee\",\"name\":\"Tiago\",\"image\":{\"@type\":\"ImageObject\",\"inLanguage\":\"pt-BR\",\"@id\":\"https:\/\/rioonwatch.org.br\/#\/schema\/person\/image\/\",\"url\":\"https:\/\/secure.gravatar.com\/avatar\/886b123583861b1f9e1b1393972b9aeb?s=96&d=blank&r=g\",\"contentUrl\":\"https:\/\/secure.gravatar.com\/avatar\/886b123583861b1f9e1b1393972b9aeb?s=96&d=blank&r=g\",\"caption\":\"Tiago\"},\"url\":\"https:\/\/rioonwatch.org.br\/?author=5\"}]}<\/script>\n<!-- \/ Yoast SEO plugin. -->","yoast_head_json":{"title":"A fil\u00f3sofa do Cantagalo - RioOnWatch","robots":{"index":"index","follow":"follow","max-snippet":"max-snippet:-1","max-image-preview":"max-image-preview:large","max-video-preview":"max-video-preview:-1"},"canonical":"https:\/\/rioonwatch.org.br\/?p=1465","og_locale":"pt_BR","og_type":"article","og_title":"A fil\u00f3sofa do Cantagalo - RioOnWatch","og_description":"Um retrato de Glenda Fernandes, por Dandara Rodrigues, ambas participantes do curso de Jornalismo da ComCat e novas autoras do favela.info. Glenda &#8220;n\u00e3o Kozlowski&#8221;, como eu gosto de cham\u00e1-la, tem 23 anos, nasceu em BH [...]","og_url":"https:\/\/rioonwatch.org.br\/?p=1465","og_site_name":"RioOnWatch","article_published_time":"2011-04-12T12:00:30+00:00","article_modified_time":"2015-08-14T17:40:36+00:00","og_image":[{"width":300,"height":225,"url":"https:\/\/rioonwatch.org.br\/wp-content\/uploads\/2011\/04\/glendaFEAT.jpg","type":"image\/jpeg"}],"author":"Tiago","twitter_card":"summary_large_image","twitter_misc":{"Escrito por":"Tiago","Est. tempo de leitura":"2 minutos"},"schema":{"@context":"https:\/\/schema.org","@graph":[{"@type":"Article","@id":"https:\/\/rioonwatch.org.br\/?p=1465#article","isPartOf":{"@id":"https:\/\/rioonwatch.org.br\/?p=1465"},"author":{"name":"Tiago","@id":"https:\/\/rioonwatch.org.br\/#\/schema\/person\/7c54ce0a929f914709db001584daa6ee"},"headline":"A fil\u00f3sofa do Cantagalo","datePublished":"2011-04-12T12:00:30+00:00","dateModified":"2015-08-14T17:40:36+00:00","mainEntityOfPage":{"@id":"https:\/\/rioonwatch.org.br\/?p=1465"},"wordCount":444,"commentCount":0,"publisher":{"@id":"https:\/\/rioonwatch.org.br\/#organization"},"image":{"@id":"https:\/\/rioonwatch.org.br\/?p=1465#primaryimage"},"thumbnailUrl":"https:\/\/rioonwatch.org.br\/wp-content\/uploads\/2011\/04\/glendaFEAT.jpg","keywords":["Cantagalo","Zona Sul"],"articleSection":["Escrito por Comunicadores Populares"],"inLanguage":"pt-BR","potentialAction":[{"@type":"CommentAction","name":"Comment","target":["https:\/\/rioonwatch.org.br\/?p=1465#respond"]}]},{"@type":"WebPage","@id":"https:\/\/rioonwatch.org.br\/?p=1465","url":"https:\/\/rioonwatch.org.br\/?p=1465","name":"A fil\u00f3sofa do Cantagalo - RioOnWatch","isPartOf":{"@id":"https:\/\/rioonwatch.org.br\/#website"},"primaryImageOfPage":{"@id":"https:\/\/rioonwatch.org.br\/?p=1465#primaryimage"},"image":{"@id":"https:\/\/rioonwatch.org.br\/?p=1465#primaryimage"},"thumbnailUrl":"https:\/\/rioonwatch.org.br\/wp-content\/uploads\/2011\/04\/glendaFEAT.jpg","datePublished":"2011-04-12T12:00:30+00:00","dateModified":"2015-08-14T17:40:36+00:00","breadcrumb":{"@id":"https:\/\/rioonwatch.org.br\/?p=1465#breadcrumb"},"inLanguage":"pt-BR","potentialAction":[{"@type":"ReadAction","target":["https:\/\/rioonwatch.org.br\/?p=1465"]}]},{"@type":"ImageObject","inLanguage":"pt-BR","@id":"https:\/\/rioonwatch.org.br\/?p=1465#primaryimage","url":"https:\/\/rioonwatch.org.br\/wp-content\/uploads\/2011\/04\/glendaFEAT.jpg","contentUrl":"https:\/\/rioonwatch.org.br\/wp-content\/uploads\/2011\/04\/glendaFEAT.jpg","width":300,"height":225},{"@type":"BreadcrumbList","@id":"https:\/\/rioonwatch.org.br\/?p=1465#breadcrumb","itemListElement":[{"@type":"ListItem","position":1,"name":"In\u00edcio","item":"https:\/\/rioonwatch.org.br\/"},{"@type":"ListItem","position":2,"name":"A fil\u00f3sofa do Cantagalo"}]},{"@type":"WebSite","@id":"https:\/\/rioonwatch.org.br\/#website","url":"https:\/\/rioonwatch.org.br\/","name":"RioOnWatch","description":"relatos das favelas cariocas","publisher":{"@id":"https:\/\/rioonwatch.org.br\/#organization"},"potentialAction":[{"@type":"SearchAction","target":{"@type":"EntryPoint","urlTemplate":"https:\/\/rioonwatch.org.br\/?s={search_term_string}"},"query-input":{"@type":"PropertyValueSpecification","valueRequired":true,"valueName":"search_term_string"}}],"inLanguage":"pt-BR"},{"@type":"Organization","@id":"https:\/\/rioonwatch.org.br\/#organization","name":"RioOnWatch","url":"https:\/\/rioonwatch.org.br\/","logo":{"@type":"ImageObject","inLanguage":"pt-BR","@id":"https:\/\/rioonwatch.org.br\/#\/schema\/logo\/image\/","url":"https:\/\/rioonwatch.org.br\/wp-content\/uploads\/2021\/06\/RioOnWatchcabecalhoPT11anos-2.png","contentUrl":"https:\/\/rioonwatch.org.br\/wp-content\/uploads\/2021\/06\/RioOnWatchcabecalhoPT11anos-2.png","width":779,"height":277,"caption":"RioOnWatch"},"image":{"@id":"https:\/\/rioonwatch.org.br\/#\/schema\/logo\/image\/"}},{"@type":"Person","@id":"https:\/\/rioonwatch.org.br\/#\/schema\/person\/7c54ce0a929f914709db001584daa6ee","name":"Tiago","image":{"@type":"ImageObject","inLanguage":"pt-BR","@id":"https:\/\/rioonwatch.org.br\/#\/schema\/person\/image\/","url":"https:\/\/secure.gravatar.com\/avatar\/886b123583861b1f9e1b1393972b9aeb?s=96&d=blank&r=g","contentUrl":"https:\/\/secure.gravatar.com\/avatar\/886b123583861b1f9e1b1393972b9aeb?s=96&d=blank&r=g","caption":"Tiago"},"url":"https:\/\/rioonwatch.org.br\/?author=5"}]}},"_links":{"self":[{"href":"https:\/\/rioonwatch.org.br\/index.php?rest_route=\/wp\/v2\/posts\/1465"}],"collection":[{"href":"https:\/\/rioonwatch.org.br\/index.php?rest_route=\/wp\/v2\/posts"}],"about":[{"href":"https:\/\/rioonwatch.org.br\/index.php?rest_route=\/wp\/v2\/types\/post"}],"author":[{"embeddable":true,"href":"https:\/\/rioonwatch.org.br\/index.php?rest_route=\/wp\/v2\/users\/5"}],"replies":[{"embeddable":true,"href":"https:\/\/rioonwatch.org.br\/index.php?rest_route=%2Fwp%2Fv2%2Fcomments&post=1465"}],"version-history":[{"count":1,"href":"https:\/\/rioonwatch.org.br\/index.php?rest_route=\/wp\/v2\/posts\/1465\/revisions"}],"predecessor-version":[{"id":1468,"href":"https:\/\/rioonwatch.org.br\/index.php?rest_route=\/wp\/v2\/posts\/1465\/revisions\/1468"}],"wp:featuredmedia":[{"embeddable":true,"href":"https:\/\/rioonwatch.org.br\/index.php?rest_route=\/wp\/v2\/media\/1467"}],"wp:attachment":[{"href":"https:\/\/rioonwatch.org.br\/index.php?rest_route=%2Fwp%2Fv2%2Fmedia&parent=1465"}],"wp:term":[{"taxonomy":"category","embeddable":true,"href":"https:\/\/rioonwatch.org.br\/index.php?rest_route=%2Fwp%2Fv2%2Fcategories&post=1465"},{"taxonomy":"post_tag","embeddable":true,"href":"https:\/\/rioonwatch.org.br\/index.php?rest_route=%2Fwp%2Fv2%2Ftags&post=1465"},{"taxonomy":"writer","embeddable":true,"href":"https:\/\/rioonwatch.org.br\/index.php?rest_route=%2Fwp%2Fv2%2Fwriter&post=1465"},{"taxonomy":"translator","embeddable":true,"href":"https:\/\/rioonwatch.org.br\/index.php?rest_route=%2Fwp%2Fv2%2Ftranslator&post=1465"},{"taxonomy":"source","embeddable":true,"href":"https:\/\/rioonwatch.org.br\/index.php?rest_route=%2Fwp%2Fv2%2Fsource&post=1465"},{"taxonomy":"ilustrador","embeddable":true,"href":"https:\/\/rioonwatch.org.br\/index.php?rest_route=%2Fwp%2Fv2%2Filustrador&post=1465"},{"taxonomy":"fotografo","embeddable":true,"href":"https:\/\/rioonwatch.org.br\/index.php?rest_route=%2Fwp%2Fv2%2Ffotografo&post=1465"}],"curies":[{"name":"wp","href":"https:\/\/api.w.org\/{rel}","templated":true}]}}