{"id":14655,"date":"2015-07-09T11:06:03","date_gmt":"2015-07-09T14:06:03","guid":{"rendered":"http:\/\/rioonwatch.org.br\/?p=14655"},"modified":"2015-08-14T13:08:35","modified_gmt":"2015-08-14T16:08:35","slug":"tour-no-santa-marta-com-o-olhar-do-guia-ativista-vitor-lira","status":"publish","type":"post","link":"https:\/\/rioonwatch.org.br\/?p=14655","title":{"rendered":"Tour do Santa Marta Com o Guia-Ativista Vitor Lira"},"content":{"rendered":"<p><i>Na segunda-feira 1 de junho, policiais, guardas municipais e funcion\u00e1rios da prefeitura se juntaram no\u00a0<a href=\"http:\/\/bit.ly\/YZD9al\" target=\"_blank\">Santa Marta<\/a> para demolir\u00a0<a href=\"http:\/\/on.fb.me\/1I1LJef\" target=\"_blank\">v\u00e1rias\u00a0casas<\/a>, deixando os moradores confusos, em estado de p\u00e2nico, e sem teto devido ao atraso nas constru\u00e7\u00f5es das prometidas casas populares. No m\u00eas passado, o RioOnWatch fez um tour pelo Santa Marta conduzido por Vitor Lira, um morador de quinta gera\u00e7\u00e3o. Al\u00e9m de dirigir tours afim de mostrar a realidade da vida na comunidade, Vitor tem uma voz crucial no ativismo local\u00a0e nos ofereceu sua vis\u00e3o das atuais transforma\u00e7\u00f5es e press\u00e3o das remo\u00e7\u00f5es.<\/i><\/p>\n<p>Vitor se mant\u00e9m em p\u00e9 encostado no parapeito da plataforma do bonde e lan\u00e7a seu olhar endurecido \u00e0 encosta vertical da montanha. Como pano de fundo, algo milagroso&#8211;um mosaico \u00fanico e colorido de lares abra\u00e7am o morro arborizado, e a est\u00e1tua do famoso Cristo Redentor se ergue logo em cima com seus bra\u00e7os abertos. O resto do grupo que acompanha o tour segue Vitor at\u00e9 a plataforma, sem f\u00f4lego por terem escolhido subir centenas de degraus em vez de esperar pelo pr\u00f3ximo bonde.<\/p>\n<p>\u201cA minha casa \u00e9 bem ali em cima&#8221;, diz Vitor para o grupo, apontando para o lugar onde os lares do Santa Marta, a mais \u00edngreme das numerosas favelas do Rio, se unem \u00e0 pedra da encosta. P\u00e1ssaros voam no n\u00edvel dos olhos levando o olhar para baixo onde se v\u00ea os caminhos estreitos e casas juntinhas, o topo de altos edif\u00edcios, e a Lagoa, at\u00e9 o Atl\u00e2ntico. Essa vista \u00e9 mais do que um lar para Vitor, cuja fam\u00edlia foi uma das primeiras a se assentar na favela nos anos 30. A vista representa mais de cinco gera\u00e7\u00f5es de fam\u00edlias e amigos que constru\u00edram juntos uma comunidade vibrante, que testemunharam a r\u00e1pida expans\u00e3o da cidade abaixo e, mais recentemente, enfrentaram as <a href=\"http:\/\/bit.ly\/1fKqjq6\" target=\"_blank\">amea\u00e7as por parte do governo<\/a>\u00a0de lhes ser tudo retirado.<\/p>\n<p><a href=\"http:\/\/rioonwatch.org.br\/wp-content\/uploads\/2015\/06\/Santa-Marta-Tram.jpg\"><img fetchpriority=\"high\" decoding=\"async\" class=\"aligncenter wp-image-14657\" title=\"Bondinho da Santa Marta \" src=\"http:\/\/rioonwatch.org.br\/wp-content\/uploads\/2015\/06\/Santa-Marta-Tram.jpg\" alt=\"Bondinho da Santa Marta \" width=\"620\" height=\"465\" srcset=\"https:\/\/rioonwatch.org.br\/wp-content\/uploads\/2015\/06\/Santa-Marta-Tram.jpg 1500w, https:\/\/rioonwatch.org.br\/wp-content\/uploads\/2015\/06\/Santa-Marta-Tram-352x264.jpg 352w, https:\/\/rioonwatch.org.br\/wp-content\/uploads\/2015\/06\/Santa-Marta-Tram-620x465.jpg 620w, https:\/\/rioonwatch.org.br\/wp-content\/uploads\/2015\/06\/Santa-Marta-Tram-1024x768.jpg 1024w, https:\/\/rioonwatch.org.br\/wp-content\/uploads\/2015\/06\/Santa-Marta-Tram-174x131.jpg 174w, https:\/\/rioonwatch.org.br\/wp-content\/uploads\/2015\/06\/Santa-Marta-Tram-300x225.jpg 300w, https:\/\/rioonwatch.org.br\/wp-content\/uploads\/2015\/06\/Santa-Marta-Tram-70x53.jpg 70w\" sizes=\"(max-width: 620px) 100vw, 620px\" \/><\/a><\/p>\n<p>A visita guiada por Vitor come\u00e7ou na base da favela, onde uma fila&#8211;de moradores idosos papeando, m\u00e3es e estudantes&#8211;se formava\u00a0para pegar o bonde at\u00e9 l\u00e1 em cima. Dois adolescentes carregavam sacolas pesadas de tijolos vermelhos, e se encostaram \u00e0 \u00e1rea de cargas do bonde. Inaugurado\u00a0em maio de 2008, <a href=\"http:\/\/bit.ly\/18g1cYP\" target=\"_blank\">o bonde \u00e9 uma parte vital do Santa Marta<\/a> e de acordo com Vitor, \u201ca \u00fanica boa assist\u00eancia que o governo providenciou para a comunidade\u201d. Vitor \u00e9 r\u00e1pido ao destacar que o bonde anda tantas vezes quanto quebra, deixando os moradores\u00a0sem op\u00e7\u00e3o a n\u00e3o ser subir e descer as escadas a p\u00e9 pelas ruas \u00edngremes carregando material de constru\u00e7\u00e3o, alimentos, livros de escola e lixo. O primeiro turno de remo\u00e7\u00e3o no Santa Marta foram devidos \u00e0 constru\u00e7\u00e3o do bonde; o seguinte veio depois da instala\u00e7\u00e3o da <a href=\"http:\/\/bit.ly\/1z9VBs9\" target=\"_blank\">UPP<\/a>.<\/p>\n<p>Em dezembro de 2008 o Santa Marta tornou-se a &#8220;favela-modelo&#8221;, sendo altamente divulgada pela sua UPP, a primeira do programa, e \u00e9 sempre\u00a0usada como exemplo marcante de sucesso da\u00a0pol\u00edtica de pacifica\u00e7\u00e3o. Desde ent\u00e3o, o Santa Marta foi convertido em uma atra\u00e7\u00e3o tur\u00edstica \u2018chique\u2019, sendo at\u00e9 <a href=\"http:\/\/bit.ly\/1IdDPi9\" target=\"_blank\">objeto de uma TED Talk onde se destacavam as fachadas pintadas em uma iniciativa liderada por artistas holandeses<\/a>. Para moradores como Vitor no entanto, \u201ca UPP fez de tudo para autorizar turistas a entrar dentro da comunidade, mas n\u00e3o fez nada por mim&#8221;. \u00a0Como muitos empreendedores pensadores da comunidade, Vitor aproveitou a oportunidade para mostrar aos estrangeiros uma face mais verdadeira do Santa Marta.<\/p>\n<p><a href=\"http:\/\/rioonwatch.org.br\/wp-content\/uploads\/2015\/06\/Santa-Marta-Painted.jpg\"><img decoding=\"async\" class=\"aligncenter wp-image-14658\" title=\"Casas pintadas em Santa Marta\" src=\"http:\/\/rioonwatch.org.br\/wp-content\/uploads\/2015\/06\/Santa-Marta-Painted.jpg\" alt=\"Casas pintadas em Santa Marta\" width=\"620\" height=\"465\" srcset=\"https:\/\/rioonwatch.org.br\/wp-content\/uploads\/2015\/06\/Santa-Marta-Painted.jpg 1500w, https:\/\/rioonwatch.org.br\/wp-content\/uploads\/2015\/06\/Santa-Marta-Painted-352x264.jpg 352w, https:\/\/rioonwatch.org.br\/wp-content\/uploads\/2015\/06\/Santa-Marta-Painted-620x465.jpg 620w, https:\/\/rioonwatch.org.br\/wp-content\/uploads\/2015\/06\/Santa-Marta-Painted-1024x768.jpg 1024w, https:\/\/rioonwatch.org.br\/wp-content\/uploads\/2015\/06\/Santa-Marta-Painted-174x131.jpg 174w, https:\/\/rioonwatch.org.br\/wp-content\/uploads\/2015\/06\/Santa-Marta-Painted-300x225.jpg 300w, https:\/\/rioonwatch.org.br\/wp-content\/uploads\/2015\/06\/Santa-Marta-Painted-70x53.jpg 70w\" sizes=\"(max-width: 620px) 100vw, 620px\" \/><\/a><\/p>\n<p>Como guia tur\u00edstico, Vitor revela uma intensa paix\u00e3o e uma luta marcante que perdura para sustentar sua vida no Santa Marta. Ele quer que os visitantes vejam a comunidade <a href=\"http:\/\/bit.ly\/WC0IC0\" target=\"_blank\">pelos olhos dos moradores<\/a>, para quem cada camada de tinta\u00a0cobre\u00a0uma outra realidade de <a href=\"http:\/\/bit.ly\/1LBbhQy\" target=\"_blank\">remo\u00e7\u00f5es, amea\u00e7as e falta de investimento<\/a>. Durante os \u00faltimos anos, Vitor e seus amigos da comunidade lutaram contra as demandas infundadas de remo\u00e7\u00f5es por parte do governo, especialmente <a href=\"http:\/\/bit.ly\/N8BGTR\" target=\"_blank\">nas partes mais altas da favela<\/a>. Considerada\u00a0\u201cuma &#8220;<a href=\"http:\/\/bit.ly\/184DRpn\" target=\"_blank\">\u00e1rea de risco<\/a>&#8220;, a prefeitura ordenou aos moradores do alto que deixassem para tr\u00e1s 80 anos de hist\u00f3ria e que fossem realocados em um\u00a0conjunto habitacional. Os moradores formaram uma comiss\u00e3o e conseguiram assegurar com \u00eaxito seus direitos \u00e0 terra, inclusive trazendo um\u00a0<a href=\"http:\/\/bit.ly\/N8BGTR\" target=\"_blank\">contra-laudo de um\u00a0engenheiro\u00a0que contradizia o laudo da Geo-Rio<\/a>. Ele provou que as casas n\u00e3o eram moradias perigosas como o governo afirmava que eram, mas sim bem mais seguras do que aquelas propostas pelo reassentamento.<\/p>\n<p>Vitor tamb\u00e9m liderou <a href=\"http:\/\/bit.ly\/1LBbhQy\" target=\"_blank\">uma manifesta\u00e7\u00e3o de aproximadamente 300 moradores em julho de 2013<\/a>, protestando contra as remo\u00e7\u00f5es e contra as tentativas inadequadas para providenciar saneamento b\u00e1sico e infraestrutura. \u201cAo ser a primeira favela pacificada, a cidade tem que proteger a imagem de \u2018sucesso\u2019, mas falha ao n\u00e3o providenciar \u00e0s nossas necessidades de cada dia&#8221;. Vitor declara que a localiza\u00e7\u00e3o da UPP no topo da comunidade n\u00e3o trouxe a prometida seguran\u00e7a, mas que sim cria medo e traz um olhar onipresente para que o governa possa impor sua ordem.<\/p>\n<p><a href=\"http:\/\/rioonwatch.org.br\/wp-content\/uploads\/2015\/06\/Vitor-Lira-Tour.jpg\"><img decoding=\"async\" class=\"aligncenter wp-image-14659\" title=\"Tour de Vitor Lira\" src=\"http:\/\/rioonwatch.org.br\/wp-content\/uploads\/2015\/06\/Vitor-Lira-Tour.jpg\" alt=\"Tour de Vitor Lira\" width=\"620\" height=\"465\" srcset=\"https:\/\/rioonwatch.org.br\/wp-content\/uploads\/2015\/06\/Vitor-Lira-Tour.jpg 1500w, https:\/\/rioonwatch.org.br\/wp-content\/uploads\/2015\/06\/Vitor-Lira-Tour-352x264.jpg 352w, https:\/\/rioonwatch.org.br\/wp-content\/uploads\/2015\/06\/Vitor-Lira-Tour-620x465.jpg 620w, https:\/\/rioonwatch.org.br\/wp-content\/uploads\/2015\/06\/Vitor-Lira-Tour-1024x768.jpg 1024w, https:\/\/rioonwatch.org.br\/wp-content\/uploads\/2015\/06\/Vitor-Lira-Tour-174x131.jpg 174w, https:\/\/rioonwatch.org.br\/wp-content\/uploads\/2015\/06\/Vitor-Lira-Tour-300x225.jpg 300w, https:\/\/rioonwatch.org.br\/wp-content\/uploads\/2015\/06\/Vitor-Lira-Tour-70x53.jpg 70w\" sizes=\"(max-width: 620px) 100vw, 620px\" \/><\/a><br \/>\nA hist\u00f3ria de Vitor com a press\u00e3o da Prefeitura e a falta de confian\u00e7a em\u00a0policiais infelizmente n\u00e3o \u00e9 \u00fanica, mas sim cada vez mais comum, e cada vez mais intensa nas favelas do Rio dada a prepara\u00e7\u00e3o para as <a href=\"http:\/\/bit.ly\/PkLXlQ\">Olimp\u00edadas<\/a>. No dia 28 de maio, a imagem de seguran\u00e7a foi questionada quando agentes da UPP <a href=\"http:\/\/glo.bo\/1Kt6e13\" target=\"_blank\">trocaram tiros<\/a> com indiv\u00edduos suspeitos de serem traficantes.<\/p>\n<p>Vitor terminou sua visita guiada num mirante apropriado: o local onde foi filmado o v\u00eddeo de Michael Jackson, \u201c<a href=\"http:\/\/bit.ly\/1QUJxKl\" target=\"_blank\">They Don\u2019t Care About Us<\/a>&#8220;. O rosto de Michael em forma de mosaico, vibrante na parede, nos olha, enquanto a est\u00e1tua de ferro fundido abri seus bra\u00e7os\u00a0com orgulho. \u201cOlhem s\u00f3 para a vista daqui\u201d, Vitor admira. \u201cN\u00e3o \u00e9 coincid\u00eancia que aqueles que t\u00eam as melhores vistas do Rio tenham que lutar mais contra as remo\u00e7\u00f5es\u201d. Esse argumento \u00e9 destacado pelas caracter\u00edsticas s\u00f3cio-geogr\u00e1ficas do Rio, sendo este \u00faltimo um dos \u00fanicos lugares do mundo onde cidad\u00e3os de baixa-renda desfrutam das melhores vistas panor\u00e2micas. Tamb\u00e9m traz \u00e0 luz o desafio\u00a0maior da seguran\u00e7a fundi\u00e1ria e da necessidade de ter um mercado regulado dado que a cidade esteve\u00a0passando por uma fase de ressurg\u00eancia econ\u00f4mica.<\/p>\n<p><a href=\"http:\/\/rioonwatch.org.br\/wp-content\/uploads\/2015\/06\/Michael-Jackson-Statue.jpg\"><img loading=\"lazy\" decoding=\"async\" class=\"aligncenter wp-image-14660\" src=\"http:\/\/rioonwatch.org.br\/wp-content\/uploads\/2015\/06\/Michael-Jackson-Statue.jpg\" alt=\"\" width=\"620\" height=\"465\" srcset=\"https:\/\/rioonwatch.org.br\/wp-content\/uploads\/2015\/06\/Michael-Jackson-Statue.jpg 1500w, https:\/\/rioonwatch.org.br\/wp-content\/uploads\/2015\/06\/Michael-Jackson-Statue-352x264.jpg 352w, https:\/\/rioonwatch.org.br\/wp-content\/uploads\/2015\/06\/Michael-Jackson-Statue-620x465.jpg 620w, https:\/\/rioonwatch.org.br\/wp-content\/uploads\/2015\/06\/Michael-Jackson-Statue-1024x768.jpg 1024w, https:\/\/rioonwatch.org.br\/wp-content\/uploads\/2015\/06\/Michael-Jackson-Statue-174x131.jpg 174w, https:\/\/rioonwatch.org.br\/wp-content\/uploads\/2015\/06\/Michael-Jackson-Statue-300x225.jpg 300w, https:\/\/rioonwatch.org.br\/wp-content\/uploads\/2015\/06\/Michael-Jackson-Statue-70x53.jpg 70w\" sizes=\"(max-width: 620px) 100vw, 620px\" \/><\/a><\/p>\n<p>Vitor sabe que a luta por seus direitos ir\u00e1 continuar, s\u00f3 para permanecer na casa que ele conhece desde sempre. \u201cTrabalhar com direitos humanos no Brasil \u00e9 colocar sua pr\u00f3pria vida em risco\u201d, declara. E ele\u00a0demonstra com\u00a0dignidade e confian\u00e7a que defender seu sustento e uma gera\u00e7\u00e3o de mem\u00f3rias \u00e9 um risco que ele est\u00e1 disposto a correr, por uma comunidade pela qual vale a pena lutar.<\/p>\n<p>Para agendar uma visita com o Vitor, <a href=\"http:\/\/on.fb.me\/1SjYLGa\" target=\"_blank\">entre em contato pelo Facebook<\/a>.<\/p>\n<!-- AddThis Advanced Settings generic via filter on the_content --><!-- AddThis Share Buttons generic via filter on the_content -->","protected":false},"excerpt":{"rendered":"<div class=\"mh-excerpt\"><p>Na segunda-feira 1 de junho, policiais, guardas municipais e funcion\u00e1rios da prefeitura se juntaram no\u00a0Santa Marta para demolir\u00a0v\u00e1rias\u00a0casas, deixando os moradores confusos, em estado de p\u00e2nico, e sem teto devido ao atraso nas constru\u00e7\u00f5es das <a class=\"mh-excerpt-more\" href=\"https:\/\/rioonwatch.org.br\/?p=14655\" title=\"Tour do Santa Marta Com o Guia-Ativista Vitor Lira\">[&#8230;]<\/a><!-- AddThis Advanced Settings generic via filter on get_the_excerpt --><!-- AddThis Share Buttons generic via filter on get_the_excerpt --><\/p>\n<\/div>","protected":false},"author":137,"featured_media":14737,"comment_status":"closed","ping_status":"closed","sticky":false,"template":"","format":"standard","meta":{"_acf_changed":false,"_monsterinsights_skip_tracking":false,"_monsterinsights_sitenote_active":false,"_monsterinsights_sitenote_note":"","_monsterinsights_sitenote_category":0,"footnotes":""},"categories":[1614,346,344,1620],"tags":[911,1447,560,298,14,432,180,825,92,383],"writer":[1558],"translator":[1528],"source":[],"ilustrador":[],"fotografo":[],"class_list":{"0":"post-14655","1":"post","2":"type-post","3":"status-publish","4":"format-standard","5":"has-post-thumbnail","7":"category-olhonasremocoes","8":"category-denuncias","9":"category-politicas","10":"category-olhonaupp","11":"tag-area-de-risco","12":"tag-favela-tour","13":"tag-mobilidade","14":"tag-perfil-de-lideranca","15":"tag-remocao","16":"tag-resistencia","17":"tag-santa-marta","18":"tag-turismo","19":"tag-upp","20":"tag-zona-sul","21":"writer-julia-jones","22":"translator-adriana-thiago"},"acf":[],"yoast_head":"<!-- This site is optimized with the Yoast SEO plugin v25.6 - https:\/\/yoast.com\/wordpress\/plugins\/seo\/ -->\n<title>Tour do Santa Marta Com o Guia-Ativista Vitor Lira - RioOnWatch<\/title>\n<meta name=\"robots\" content=\"index, follow, max-snippet:-1, max-image-preview:large, max-video-preview:-1\" \/>\n<link rel=\"canonical\" href=\"https:\/\/rioonwatch.org.br\/?p=14655\" \/>\n<meta property=\"og:locale\" content=\"pt_BR\" \/>\n<meta property=\"og:type\" content=\"article\" \/>\n<meta property=\"og:title\" content=\"Tour do Santa Marta Com o Guia-Ativista Vitor Lira - RioOnWatch\" \/>\n<meta property=\"og:description\" content=\"Na segunda-feira 1 de junho, policiais, guardas municipais e funcion\u00e1rios da prefeitura se juntaram no\u00a0Santa Marta para demolir\u00a0v\u00e1rias\u00a0casas, deixando os moradores confusos, em estado de p\u00e2nico, e sem teto devido ao atraso nas constru\u00e7\u00f5es das [...]\" \/>\n<meta property=\"og:url\" content=\"https:\/\/rioonwatch.org.br\/?p=14655\" \/>\n<meta property=\"og:site_name\" content=\"RioOnWatch\" \/>\n<meta property=\"article:published_time\" content=\"2015-07-09T14:06:03+00:00\" \/>\n<meta property=\"article:modified_time\" content=\"2015-08-14T16:08:35+00:00\" \/>\n<meta property=\"og:image\" content=\"https:\/\/rioonwatch.org.br\/wp-content\/uploads\/2015\/06\/Vitor-Lira.jpg\" \/>\n\t<meta property=\"og:image:width\" content=\"1500\" \/>\n\t<meta property=\"og:image:height\" content=\"1488\" \/>\n\t<meta property=\"og:image:type\" content=\"image\/jpeg\" \/>\n<meta name=\"author\" content=\"Nicole Froio\" \/>\n<meta name=\"twitter:card\" content=\"summary_large_image\" \/>\n<meta name=\"twitter:label1\" content=\"Escrito por\" \/>\n\t<meta name=\"twitter:data1\" content=\"Nicole Froio\" \/>\n\t<meta name=\"twitter:label2\" content=\"Est. tempo de leitura\" \/>\n\t<meta name=\"twitter:data2\" content=\"6 minutos\" \/>\n<script type=\"application\/ld+json\" class=\"yoast-schema-graph\">{\"@context\":\"https:\/\/schema.org\",\"@graph\":[{\"@type\":\"Article\",\"@id\":\"https:\/\/rioonwatch.org.br\/?p=14655#article\",\"isPartOf\":{\"@id\":\"https:\/\/rioonwatch.org.br\/?p=14655\"},\"author\":{\"name\":\"Nicole Froio\",\"@id\":\"https:\/\/rioonwatch.org.br\/#\/schema\/person\/e07d559fe2154d11fd3ec515e35695ee\"},\"headline\":\"Tour do Santa Marta Com o Guia-Ativista Vitor Lira\",\"datePublished\":\"2015-07-09T14:06:03+00:00\",\"dateModified\":\"2015-08-14T16:08:35+00:00\",\"mainEntityOfPage\":{\"@id\":\"https:\/\/rioonwatch.org.br\/?p=14655\"},\"wordCount\":1157,\"publisher\":{\"@id\":\"https:\/\/rioonwatch.org.br\/#organization\"},\"image\":{\"@id\":\"https:\/\/rioonwatch.org.br\/?p=14655#primaryimage\"},\"thumbnailUrl\":\"https:\/\/rioonwatch.org.br\/wp-content\/uploads\/2015\/06\/Vitor-Lira.jpg\",\"keywords\":[\"\\\"\u00e1rea de risco\\\"\",\"Favela Tours Comunit\u00e1rios\",\"mobilidade\",\"perfil de lideran\u00e7a\",\"Remo\u00e7\u00e3o\",\"resist\u00eancia\",\"Santa Marta\",\"turismo\",\"UPP\",\"Zona Sul\"],\"articleSection\":[\"#OlhoNasRemo\u00e7\u00f5es\",\"Den\u00fancias\",\"Pol\u00edticas\",\"Seguran\u00e7a P\u00fablica\"],\"inLanguage\":\"pt-BR\"},{\"@type\":\"WebPage\",\"@id\":\"https:\/\/rioonwatch.org.br\/?p=14655\",\"url\":\"https:\/\/rioonwatch.org.br\/?p=14655\",\"name\":\"Tour do Santa Marta Com o Guia-Ativista Vitor Lira - RioOnWatch\",\"isPartOf\":{\"@id\":\"https:\/\/rioonwatch.org.br\/#website\"},\"primaryImageOfPage\":{\"@id\":\"https:\/\/rioonwatch.org.br\/?p=14655#primaryimage\"},\"image\":{\"@id\":\"https:\/\/rioonwatch.org.br\/?p=14655#primaryimage\"},\"thumbnailUrl\":\"https:\/\/rioonwatch.org.br\/wp-content\/uploads\/2015\/06\/Vitor-Lira.jpg\",\"datePublished\":\"2015-07-09T14:06:03+00:00\",\"dateModified\":\"2015-08-14T16:08:35+00:00\",\"breadcrumb\":{\"@id\":\"https:\/\/rioonwatch.org.br\/?p=14655#breadcrumb\"},\"inLanguage\":\"pt-BR\",\"potentialAction\":[{\"@type\":\"ReadAction\",\"target\":[\"https:\/\/rioonwatch.org.br\/?p=14655\"]}]},{\"@type\":\"ImageObject\",\"inLanguage\":\"pt-BR\",\"@id\":\"https:\/\/rioonwatch.org.br\/?p=14655#primaryimage\",\"url\":\"https:\/\/rioonwatch.org.br\/wp-content\/uploads\/2015\/06\/Vitor-Lira.jpg\",\"contentUrl\":\"https:\/\/rioonwatch.org.br\/wp-content\/uploads\/2015\/06\/Vitor-Lira.jpg\",\"width\":1500,\"height\":1488},{\"@type\":\"BreadcrumbList\",\"@id\":\"https:\/\/rioonwatch.org.br\/?p=14655#breadcrumb\",\"itemListElement\":[{\"@type\":\"ListItem\",\"position\":1,\"name\":\"In\u00edcio\",\"item\":\"https:\/\/rioonwatch.org.br\/\"},{\"@type\":\"ListItem\",\"position\":2,\"name\":\"Tour do Santa Marta Com o Guia-Ativista Vitor Lira\"}]},{\"@type\":\"WebSite\",\"@id\":\"https:\/\/rioonwatch.org.br\/#website\",\"url\":\"https:\/\/rioonwatch.org.br\/\",\"name\":\"RioOnWatch\",\"description\":\"relatos das favelas cariocas\",\"publisher\":{\"@id\":\"https:\/\/rioonwatch.org.br\/#organization\"},\"potentialAction\":[{\"@type\":\"SearchAction\",\"target\":{\"@type\":\"EntryPoint\",\"urlTemplate\":\"https:\/\/rioonwatch.org.br\/?s={search_term_string}\"},\"query-input\":{\"@type\":\"PropertyValueSpecification\",\"valueRequired\":true,\"valueName\":\"search_term_string\"}}],\"inLanguage\":\"pt-BR\"},{\"@type\":\"Organization\",\"@id\":\"https:\/\/rioonwatch.org.br\/#organization\",\"name\":\"RioOnWatch\",\"url\":\"https:\/\/rioonwatch.org.br\/\",\"logo\":{\"@type\":\"ImageObject\",\"inLanguage\":\"pt-BR\",\"@id\":\"https:\/\/rioonwatch.org.br\/#\/schema\/logo\/image\/\",\"url\":\"https:\/\/rioonwatch.org.br\/wp-content\/uploads\/2021\/06\/RioOnWatchcabecalhoPT11anos-2.png\",\"contentUrl\":\"https:\/\/rioonwatch.org.br\/wp-content\/uploads\/2021\/06\/RioOnWatchcabecalhoPT11anos-2.png\",\"width\":779,\"height\":277,\"caption\":\"RioOnWatch\"},\"image\":{\"@id\":\"https:\/\/rioonwatch.org.br\/#\/schema\/logo\/image\/\"}},{\"@type\":\"Person\",\"@id\":\"https:\/\/rioonwatch.org.br\/#\/schema\/person\/e07d559fe2154d11fd3ec515e35695ee\",\"name\":\"Nicole Froio\",\"image\":{\"@type\":\"ImageObject\",\"inLanguage\":\"pt-BR\",\"@id\":\"https:\/\/rioonwatch.org.br\/#\/schema\/person\/image\/\",\"url\":\"https:\/\/secure.gravatar.com\/avatar\/0acdbd6878ca0ac29aa5ce6c6119d636?s=96&d=blank&r=g\",\"contentUrl\":\"https:\/\/secure.gravatar.com\/avatar\/0acdbd6878ca0ac29aa5ce6c6119d636?s=96&d=blank&r=g\",\"caption\":\"Nicole Froio\"},\"url\":\"https:\/\/rioonwatch.org.br\/?author=137\"}]}<\/script>\n<!-- \/ Yoast SEO plugin. -->","yoast_head_json":{"title":"Tour do Santa Marta Com o Guia-Ativista Vitor Lira - RioOnWatch","robots":{"index":"index","follow":"follow","max-snippet":"max-snippet:-1","max-image-preview":"max-image-preview:large","max-video-preview":"max-video-preview:-1"},"canonical":"https:\/\/rioonwatch.org.br\/?p=14655","og_locale":"pt_BR","og_type":"article","og_title":"Tour do Santa Marta Com o Guia-Ativista Vitor Lira - RioOnWatch","og_description":"Na segunda-feira 1 de junho, policiais, guardas municipais e funcion\u00e1rios da prefeitura se juntaram no\u00a0Santa Marta para demolir\u00a0v\u00e1rias\u00a0casas, deixando os moradores confusos, em estado de p\u00e2nico, e sem teto devido ao atraso nas constru\u00e7\u00f5es das [...]","og_url":"https:\/\/rioonwatch.org.br\/?p=14655","og_site_name":"RioOnWatch","article_published_time":"2015-07-09T14:06:03+00:00","article_modified_time":"2015-08-14T16:08:35+00:00","og_image":[{"width":1500,"height":1488,"url":"https:\/\/rioonwatch.org.br\/wp-content\/uploads\/2015\/06\/Vitor-Lira.jpg","type":"image\/jpeg"}],"author":"Nicole Froio","twitter_card":"summary_large_image","twitter_misc":{"Escrito por":"Nicole Froio","Est. tempo de leitura":"6 minutos"},"schema":{"@context":"https:\/\/schema.org","@graph":[{"@type":"Article","@id":"https:\/\/rioonwatch.org.br\/?p=14655#article","isPartOf":{"@id":"https:\/\/rioonwatch.org.br\/?p=14655"},"author":{"name":"Nicole Froio","@id":"https:\/\/rioonwatch.org.br\/#\/schema\/person\/e07d559fe2154d11fd3ec515e35695ee"},"headline":"Tour do Santa Marta Com o Guia-Ativista Vitor Lira","datePublished":"2015-07-09T14:06:03+00:00","dateModified":"2015-08-14T16:08:35+00:00","mainEntityOfPage":{"@id":"https:\/\/rioonwatch.org.br\/?p=14655"},"wordCount":1157,"publisher":{"@id":"https:\/\/rioonwatch.org.br\/#organization"},"image":{"@id":"https:\/\/rioonwatch.org.br\/?p=14655#primaryimage"},"thumbnailUrl":"https:\/\/rioonwatch.org.br\/wp-content\/uploads\/2015\/06\/Vitor-Lira.jpg","keywords":["\"\u00e1rea de risco\"","Favela Tours Comunit\u00e1rios","mobilidade","perfil de lideran\u00e7a","Remo\u00e7\u00e3o","resist\u00eancia","Santa Marta","turismo","UPP","Zona Sul"],"articleSection":["#OlhoNasRemo\u00e7\u00f5es","Den\u00fancias","Pol\u00edticas","Seguran\u00e7a P\u00fablica"],"inLanguage":"pt-BR"},{"@type":"WebPage","@id":"https:\/\/rioonwatch.org.br\/?p=14655","url":"https:\/\/rioonwatch.org.br\/?p=14655","name":"Tour do Santa Marta Com o Guia-Ativista Vitor Lira - RioOnWatch","isPartOf":{"@id":"https:\/\/rioonwatch.org.br\/#website"},"primaryImageOfPage":{"@id":"https:\/\/rioonwatch.org.br\/?p=14655#primaryimage"},"image":{"@id":"https:\/\/rioonwatch.org.br\/?p=14655#primaryimage"},"thumbnailUrl":"https:\/\/rioonwatch.org.br\/wp-content\/uploads\/2015\/06\/Vitor-Lira.jpg","datePublished":"2015-07-09T14:06:03+00:00","dateModified":"2015-08-14T16:08:35+00:00","breadcrumb":{"@id":"https:\/\/rioonwatch.org.br\/?p=14655#breadcrumb"},"inLanguage":"pt-BR","potentialAction":[{"@type":"ReadAction","target":["https:\/\/rioonwatch.org.br\/?p=14655"]}]},{"@type":"ImageObject","inLanguage":"pt-BR","@id":"https:\/\/rioonwatch.org.br\/?p=14655#primaryimage","url":"https:\/\/rioonwatch.org.br\/wp-content\/uploads\/2015\/06\/Vitor-Lira.jpg","contentUrl":"https:\/\/rioonwatch.org.br\/wp-content\/uploads\/2015\/06\/Vitor-Lira.jpg","width":1500,"height":1488},{"@type":"BreadcrumbList","@id":"https:\/\/rioonwatch.org.br\/?p=14655#breadcrumb","itemListElement":[{"@type":"ListItem","position":1,"name":"In\u00edcio","item":"https:\/\/rioonwatch.org.br\/"},{"@type":"ListItem","position":2,"name":"Tour do Santa Marta Com o Guia-Ativista Vitor Lira"}]},{"@type":"WebSite","@id":"https:\/\/rioonwatch.org.br\/#website","url":"https:\/\/rioonwatch.org.br\/","name":"RioOnWatch","description":"relatos das favelas cariocas","publisher":{"@id":"https:\/\/rioonwatch.org.br\/#organization"},"potentialAction":[{"@type":"SearchAction","target":{"@type":"EntryPoint","urlTemplate":"https:\/\/rioonwatch.org.br\/?s={search_term_string}"},"query-input":{"@type":"PropertyValueSpecification","valueRequired":true,"valueName":"search_term_string"}}],"inLanguage":"pt-BR"},{"@type":"Organization","@id":"https:\/\/rioonwatch.org.br\/#organization","name":"RioOnWatch","url":"https:\/\/rioonwatch.org.br\/","logo":{"@type":"ImageObject","inLanguage":"pt-BR","@id":"https:\/\/rioonwatch.org.br\/#\/schema\/logo\/image\/","url":"https:\/\/rioonwatch.org.br\/wp-content\/uploads\/2021\/06\/RioOnWatchcabecalhoPT11anos-2.png","contentUrl":"https:\/\/rioonwatch.org.br\/wp-content\/uploads\/2021\/06\/RioOnWatchcabecalhoPT11anos-2.png","width":779,"height":277,"caption":"RioOnWatch"},"image":{"@id":"https:\/\/rioonwatch.org.br\/#\/schema\/logo\/image\/"}},{"@type":"Person","@id":"https:\/\/rioonwatch.org.br\/#\/schema\/person\/e07d559fe2154d11fd3ec515e35695ee","name":"Nicole Froio","image":{"@type":"ImageObject","inLanguage":"pt-BR","@id":"https:\/\/rioonwatch.org.br\/#\/schema\/person\/image\/","url":"https:\/\/secure.gravatar.com\/avatar\/0acdbd6878ca0ac29aa5ce6c6119d636?s=96&d=blank&r=g","contentUrl":"https:\/\/secure.gravatar.com\/avatar\/0acdbd6878ca0ac29aa5ce6c6119d636?s=96&d=blank&r=g","caption":"Nicole Froio"},"url":"https:\/\/rioonwatch.org.br\/?author=137"}]}},"_links":{"self":[{"href":"https:\/\/rioonwatch.org.br\/index.php?rest_route=\/wp\/v2\/posts\/14655"}],"collection":[{"href":"https:\/\/rioonwatch.org.br\/index.php?rest_route=\/wp\/v2\/posts"}],"about":[{"href":"https:\/\/rioonwatch.org.br\/index.php?rest_route=\/wp\/v2\/types\/post"}],"author":[{"embeddable":true,"href":"https:\/\/rioonwatch.org.br\/index.php?rest_route=\/wp\/v2\/users\/137"}],"replies":[{"embeddable":true,"href":"https:\/\/rioonwatch.org.br\/index.php?rest_route=%2Fwp%2Fv2%2Fcomments&post=14655"}],"version-history":[{"count":23,"href":"https:\/\/rioonwatch.org.br\/index.php?rest_route=\/wp\/v2\/posts\/14655\/revisions"}],"predecessor-version":[{"id":15200,"href":"https:\/\/rioonwatch.org.br\/index.php?rest_route=\/wp\/v2\/posts\/14655\/revisions\/15200"}],"wp:featuredmedia":[{"embeddable":true,"href":"https:\/\/rioonwatch.org.br\/index.php?rest_route=\/wp\/v2\/media\/14737"}],"wp:attachment":[{"href":"https:\/\/rioonwatch.org.br\/index.php?rest_route=%2Fwp%2Fv2%2Fmedia&parent=14655"}],"wp:term":[{"taxonomy":"category","embeddable":true,"href":"https:\/\/rioonwatch.org.br\/index.php?rest_route=%2Fwp%2Fv2%2Fcategories&post=14655"},{"taxonomy":"post_tag","embeddable":true,"href":"https:\/\/rioonwatch.org.br\/index.php?rest_route=%2Fwp%2Fv2%2Ftags&post=14655"},{"taxonomy":"writer","embeddable":true,"href":"https:\/\/rioonwatch.org.br\/index.php?rest_route=%2Fwp%2Fv2%2Fwriter&post=14655"},{"taxonomy":"translator","embeddable":true,"href":"https:\/\/rioonwatch.org.br\/index.php?rest_route=%2Fwp%2Fv2%2Ftranslator&post=14655"},{"taxonomy":"source","embeddable":true,"href":"https:\/\/rioonwatch.org.br\/index.php?rest_route=%2Fwp%2Fv2%2Fsource&post=14655"},{"taxonomy":"ilustrador","embeddable":true,"href":"https:\/\/rioonwatch.org.br\/index.php?rest_route=%2Fwp%2Fv2%2Filustrador&post=14655"},{"taxonomy":"fotografo","embeddable":true,"href":"https:\/\/rioonwatch.org.br\/index.php?rest_route=%2Fwp%2Fv2%2Ffotografo&post=14655"}],"curies":[{"name":"wp","href":"https:\/\/api.w.org\/{rel}","templated":true}]}}