{"id":14663,"date":"2015-06-25T14:32:50","date_gmt":"2015-06-25T17:32:50","guid":{"rendered":"http:\/\/rioonwatch.org.br\/?p=14663"},"modified":"2016-03-19T05:41:44","modified_gmt":"2016-03-19T08:41:44","slug":"comunidade-sao-jose-operario-na-praca-seca-mostra-como-pequenas-acoes-ambientais-fazem-a-diferenca","status":"publish","type":"post","link":"https:\/\/rioonwatch.org.br\/?p=14663","title":{"rendered":"Comunidade S\u00e3o Jos\u00e9 Oper\u00e1rio na Pra\u00e7a Seca Mostra Como Pequenas A\u00e7\u00f5es Ambientais Fazem a Diferen\u00e7a"},"content":{"rendered":"<p>Moradores e ativistas da comunidade S\u00e3o Jos\u00e9 Oper\u00e1rio&#8211;com aproximadamente 6.500 moradores\u00a0na \u00e1rea da <a href=\"http:\/\/bit.ly\/1MWucDg\">Pra\u00e7a Seca<\/a>\u00a0na\u00a0<a href=\"http:\/\/bit.ly\/11tBmFR\" target=\"_blank\">Zona Oeste<\/a>&#8211;celebraram o <a href=\"http:\/\/bit.ly\/1IqpIWF\" target=\"_blank\">Dia Mundial do Meio Ambiente<\/a> em 3 de junho. O evento ofereceu um espa\u00e7o para os moradores refletirem acerca das problem\u00e1ticas ambientais em sua comunidade.<\/p>\n<p><a href=\"http:\/\/rioonwatch.org.br\/wp-content\/uploads\/2015\/06\/Sao-Jose-Operario-4.jpg\"><img fetchpriority=\"high\" decoding=\"async\" class=\"aligncenter wp-image-14665\" title=\"Materiais recicl\u00e1veis recolhidos por crian\u00e7as da comunidade\" src=\"http:\/\/rioonwatch.org.br\/wp-content\/uploads\/2015\/06\/Sao-Jose-Operario-4.jpg\" alt=\"Materiais recicl\u00e1veis recolhidos por crian\u00e7as da comunidade\" width=\"620\" height=\"464\" srcset=\"https:\/\/rioonwatch.org.br\/wp-content\/uploads\/2015\/06\/Sao-Jose-Operario-4.jpg 1000w, https:\/\/rioonwatch.org.br\/wp-content\/uploads\/2015\/06\/Sao-Jose-Operario-4-352x264.jpg 352w, https:\/\/rioonwatch.org.br\/wp-content\/uploads\/2015\/06\/Sao-Jose-Operario-4-620x464.jpg 620w, https:\/\/rioonwatch.org.br\/wp-content\/uploads\/2015\/06\/Sao-Jose-Operario-4-174x131.jpg 174w, https:\/\/rioonwatch.org.br\/wp-content\/uploads\/2015\/06\/Sao-Jose-Operario-4-300x225.jpg 300w, https:\/\/rioonwatch.org.br\/wp-content\/uploads\/2015\/06\/Sao-Jose-Operario-4-70x53.jpg 70w\" sizes=\"(max-width: 620px) 100vw, 620px\" \/><\/a><\/p>\n<p>A a\u00e7\u00e3o do Dia do Meio Ambiente, realizada numa igreja local em S\u00e3o Jos\u00e9 Oper\u00e1rio, foi organizada pelo mobilizador\u00a0comunit\u00e1rio Bruno Lima. Bruno \u00e9 membro da Comiss\u00e3o de Justi\u00e7a, Paz e Integridade da Cria\u00e7\u00e3o (CJPIC) no Rio de Janeiro. Ele falou como as a\u00e7\u00f5es ambientais se encaixam nos prop\u00f3sitos da CJPIC.\u00a0\u201cPode-se falar numa ecologia humana, que engloba o respeito aos direitos e \u00e0 dignidade de toda a pessoa, especialmente dos mais pobres. Estes s\u00e3o sempre as maiores v\u00edtimas das injusti\u00e7as sociais, dos desastres ambientais, do descaso do poder p\u00fablico, da exclus\u00e3o social&#8221;.<\/p>\n<p>O dia foi iniciado com um bloco de tem\u00e1tica ecol\u00f3gica, com cerca de cem participantes, seguido por atividades para todas as idades. A mais popular foi a competi\u00e7\u00e3o para crian\u00e7as, na qual dois times competiam em um grupo de tarefas ecol\u00f3gicas, que iam desde recolher a maior quantidade de lixo recicl\u00e1vel da comunidade a escrever m\u00fasicas com temas ambientais. Alguns dos materiais recicl\u00e1veis recolhidos pelas crian\u00e7as foram usados posteriormente para cria\u00e7\u00e3o de fantasias e um mascote para cada time: uma cobra e um jacar\u00e9.<\/p>\n<p><a href=\"http:\/\/rioonwatch.org.br\/wp-content\/uploads\/2015\/06\/Sao-Jose-Operario-3.jpg\"><img decoding=\"async\" class=\"aligncenter wp-image-14666\" title=\"Brinquedos feitos com material recicl\u00e1vel\" src=\"http:\/\/rioonwatch.org.br\/wp-content\/uploads\/2015\/06\/Sao-Jose-Operario-3.jpg\" alt=\"Brinquedos feitos com material recicl\u00e1vel\" width=\"620\" height=\"467\" srcset=\"https:\/\/rioonwatch.org.br\/wp-content\/uploads\/2015\/06\/Sao-Jose-Operario-3.jpg 1000w, https:\/\/rioonwatch.org.br\/wp-content\/uploads\/2015\/06\/Sao-Jose-Operario-3-350x264.jpg 350w, https:\/\/rioonwatch.org.br\/wp-content\/uploads\/2015\/06\/Sao-Jose-Operario-3-620x467.jpg 620w, https:\/\/rioonwatch.org.br\/wp-content\/uploads\/2015\/06\/Sao-Jose-Operario-3-174x131.jpg 174w, https:\/\/rioonwatch.org.br\/wp-content\/uploads\/2015\/06\/Sao-Jose-Operario-3-300x225.jpg 300w, https:\/\/rioonwatch.org.br\/wp-content\/uploads\/2015\/06\/Sao-Jose-Operario-3-70x53.jpg 70w\" sizes=\"(max-width: 620px) 100vw, 620px\" \/><\/a><\/p>\n<p>Wellington Domingues foi respons\u00e1vel por supervisionar as tarefas infantis.\u00a0\u201cA gente tem que preservar o nosso ambiente, gerar essa consci\u00eancia mais nas crian\u00e7as\u201d,\u00a0ele disse, descrevendo o quanto foi encorajador o fato das crian\u00e7as terem recolhido materiais recicl\u00e1veis\u00a0\u201cpara eles poderem ver que isso tudo pode ser reutilizado\u201d.<\/p>\n<p>As crian\u00e7as tamb\u00e9m ouviram dos moradores mais velhos como as quest\u00f5es do lixo eram tratadas na \u00e9poca em que estes eram crian\u00e7as. V\u00e1rios moradores reclamaram que o lixo continua sendo uma quest\u00e3o premente na comunidade, devido a falta de coleta p\u00fablica de\u00a0<a href=\"http:\/\/bit.ly\/1de5jWM\" target=\"_blank\">lixo<\/a> ali. Bruno explicou que era \u201cpara melhorar a qualidade de vida e bem estar de nossos vizinhos ter um local apropriado para os moradores deixarem o seu lixo\u201d.<\/p>\n<p><a href=\"http:\/\/rioonwatch.org.br\/wp-content\/uploads\/2015\/06\/Sao-Jose-Operario-2.jpg\"><img decoding=\"async\" class=\"aligncenter wp-image-14667\" title=\"Jovens e idosos discutem sustentabilidade na comunidade\" src=\"http:\/\/rioonwatch.org.br\/wp-content\/uploads\/2015\/06\/Sao-Jose-Operario-2.jpg\" alt=\"Jovens e idosos discutem sustentabilidade na comunidade\" width=\"620\" height=\"466\" srcset=\"https:\/\/rioonwatch.org.br\/wp-content\/uploads\/2015\/06\/Sao-Jose-Operario-2.jpg 1000w, https:\/\/rioonwatch.org.br\/wp-content\/uploads\/2015\/06\/Sao-Jose-Operario-2-351x264.jpg 351w, https:\/\/rioonwatch.org.br\/wp-content\/uploads\/2015\/06\/Sao-Jose-Operario-2-620x466.jpg 620w, https:\/\/rioonwatch.org.br\/wp-content\/uploads\/2015\/06\/Sao-Jose-Operario-2-174x131.jpg 174w, https:\/\/rioonwatch.org.br\/wp-content\/uploads\/2015\/06\/Sao-Jose-Operario-2-300x225.jpg 300w, https:\/\/rioonwatch.org.br\/wp-content\/uploads\/2015\/06\/Sao-Jose-Operario-2-70x53.jpg 70w\" sizes=\"(max-width: 620px) 100vw, 620px\" \/><\/a><\/p>\n<p>Edson Pereira Marciano, um morador mais velho que \u00e9 parte de um grupo de ativismo na \u00e1rea ambiental chamado &#8220;Grupo Pau Brasil&#8221;, explicou a import\u00e2ncia de se criar consci\u00eancia a respeito das quest\u00f5es ambientais, especialmente entre os jovens. Ele disse: \u2018\u2018Porque preservando o nosso local n\u00f3s estamos preservando a vida\u201d.<\/p>\n<p>Edson \u00e9 parte de um novo projeto de coleta e reciclagem de \u00f3leo de cozinha na comunidade. Os moradores s\u00e3o convidados a guardar seu \u00f3leo usado e lev\u00e1-lo a igreja, onde os rendimentos da revenda s\u00e3o distribu\u00eddos entre religiosos e o trabalho ambiental da comunidade.<\/p>\n<p><a href=\"http:\/\/rioonwatch.org.br\/wp-content\/uploads\/2015\/06\/Praca-Seca-5.jpg\"><img loading=\"lazy\" decoding=\"async\" class=\"aligncenter wp-image-14668\" title=\"Dona Maria do Carmo ao lado de seu jardim\" src=\"http:\/\/rioonwatch.org.br\/wp-content\/uploads\/2015\/06\/Praca-Seca-5.jpg\" alt=\"Dona Maria do Carmo ao lado de seu jardim\" width=\"620\" height=\"464\" srcset=\"https:\/\/rioonwatch.org.br\/wp-content\/uploads\/2015\/06\/Praca-Seca-5.jpg 1000w, https:\/\/rioonwatch.org.br\/wp-content\/uploads\/2015\/06\/Praca-Seca-5-353x264.jpg 353w, https:\/\/rioonwatch.org.br\/wp-content\/uploads\/2015\/06\/Praca-Seca-5-620x464.jpg 620w, https:\/\/rioonwatch.org.br\/wp-content\/uploads\/2015\/06\/Praca-Seca-5-174x131.jpg 174w, https:\/\/rioonwatch.org.br\/wp-content\/uploads\/2015\/06\/Praca-Seca-5-300x225.jpg 300w, https:\/\/rioonwatch.org.br\/wp-content\/uploads\/2015\/06\/Praca-Seca-5-70x53.jpg 70w\" sizes=\"(max-width: 620px) 100vw, 620px\" \/><\/a><\/p>\n<p>Um dos organizadores do evento foi Dami\u00e3o Duarte, que tamb\u00e9m trabalha como ambientalista no Minist\u00e9rio da Sa\u00fade. Ele descreveu o dia de a\u00e7\u00e3o ecol\u00f3gica como sendo \u201cum pontap\u00e9 inicial\u201d\u00a0para o crescimento de uma consci\u00eancia ambiental. Mesmo ele lamentando que a participa\u00e7\u00e3o da comunidade n\u00e3o foi t\u00e3o alta quanto se esperava, devido a casos recentes de viol\u00eancia na \u00e1rea, ele acredita que eventos como estes ir\u00e3o estimular discuss\u00f5es a respeito de a\u00e7\u00f5es para reverdecer as favelas na cidade do Rio de Janeiro em geral, as quais ele descreve como asfaltadas demais.<\/p>\n<p>Bruno concorda, declarando a necessidade\u00a0de \u201cdespertar a necessidade de lutar por pol\u00edticas p\u00fablicas que favore\u00e7am o <a href=\"http:\/\/bit.ly\/1v5zfI2\" target=\"_blank\">desenvolvimento sustent\u00e1vel<\/a>, contribuindo para a educa\u00e7\u00e3o ambiental do povo.\u201d<\/p>\n<p>Clique <a href=\"http:\/\/bit.ly\/1Go6VIh\" target=\"_blank\">aqui<\/a> para mais fotos do evento.<\/p>\n<!-- AddThis Advanced Settings generic via filter on the_content --><!-- AddThis Share Buttons generic via filter on the_content -->","protected":false},"excerpt":{"rendered":"<div class=\"mh-excerpt\"><p>Moradores e ativistas da comunidade S\u00e3o Jos\u00e9 Oper\u00e1rio&#8211;com aproximadamente 6.500 moradores\u00a0na \u00e1rea da Pra\u00e7a Seca\u00a0na\u00a0Zona Oeste&#8211;celebraram o Dia Mundial do Meio Ambiente em 3 de junho. O evento ofereceu um espa\u00e7o para os moradores refletirem <a class=\"mh-excerpt-more\" href=\"https:\/\/rioonwatch.org.br\/?p=14663\" title=\"Comunidade S\u00e3o Jos\u00e9 Oper\u00e1rio na Pra\u00e7a Seca Mostra Como Pequenas A\u00e7\u00f5es Ambientais Fazem a Diferen\u00e7a\">[&#8230;]<\/a><!-- AddThis Advanced Settings generic via filter on get_the_excerpt --><!-- AddThis Share Buttons generic via filter on get_the_excerpt --><\/p>\n<\/div>","protected":false},"author":137,"featured_media":14664,"comment_status":"closed","ping_status":"closed","sticky":false,"template":"","format":"standard","meta":{"_acf_changed":false,"_monsterinsights_skip_tracking":false,"_monsterinsights_sitenote_active":false,"_monsterinsights_sitenote_note":"","_monsterinsights_sitenote_category":0,"footnotes":""},"categories":[1388,342],"tags":[363,1554,360,106,358,1806,361,1557,1556,476,404,184],"writer":[1486],"translator":[452],"source":[],"ilustrador":[],"fotografo":[],"class_list":{"0":"post-14663","1":"post","2":"type-post","3":"status-publish","4":"format-standard","5":"has-post-thumbnail","7":"category-formas-de-apoiar","8":"category-solucoes","9":"tag-educacao-ambiental","10":"tag-gestao-de-residuos","11":"tag-lixo","12":"tag-meio-ambiente","13":"tag-organizacao-comunitaria","14":"tag-praca-seca","15":"tag-reciclagem","16":"tag-oleo","17":"tag-sao-jose-operario","18":"tag-solucao-comunitaria","19":"tag-sustentabilidade","20":"tag-zona-oeste","21":"writer-sarah-jacobs","22":"translator-tammy-senra"},"acf":[],"yoast_head":"<!-- This site is optimized with the Yoast SEO plugin v25.6 - https:\/\/yoast.com\/wordpress\/plugins\/seo\/ -->\n<title>Comunidade S\u00e3o Jos\u00e9 Oper\u00e1rio na Pra\u00e7a Seca Mostra Como Pequenas A\u00e7\u00f5es Ambientais Fazem a Diferen\u00e7a - RioOnWatch<\/title>\n<meta name=\"robots\" content=\"index, follow, max-snippet:-1, max-image-preview:large, max-video-preview:-1\" \/>\n<link rel=\"canonical\" href=\"https:\/\/rioonwatch.org.br\/?p=14663\" \/>\n<meta property=\"og:locale\" content=\"pt_BR\" \/>\n<meta property=\"og:type\" content=\"article\" \/>\n<meta property=\"og:title\" content=\"Comunidade S\u00e3o Jos\u00e9 Oper\u00e1rio na Pra\u00e7a Seca Mostra Como Pequenas A\u00e7\u00f5es Ambientais Fazem a Diferen\u00e7a - RioOnWatch\" \/>\n<meta property=\"og:description\" content=\"Moradores e ativistas da comunidade S\u00e3o Jos\u00e9 Oper\u00e1rio&#8211;com aproximadamente 6.500 moradores\u00a0na \u00e1rea da Pra\u00e7a Seca\u00a0na\u00a0Zona Oeste&#8211;celebraram o Dia Mundial do Meio Ambiente em 3 de junho. O evento ofereceu um espa\u00e7o para os moradores refletirem [...]\" \/>\n<meta property=\"og:url\" content=\"https:\/\/rioonwatch.org.br\/?p=14663\" \/>\n<meta property=\"og:site_name\" content=\"RioOnWatch\" \/>\n<meta property=\"article:published_time\" content=\"2015-06-25T17:32:50+00:00\" \/>\n<meta property=\"article:modified_time\" content=\"2016-03-19T08:41:44+00:00\" \/>\n<meta property=\"og:image\" content=\"https:\/\/rioonwatch.org.br\/wp-content\/uploads\/2015\/06\/Sao-Jose-Operario-1-1.jpg\" \/>\n\t<meta property=\"og:image:width\" content=\"1000\" \/>\n\t<meta property=\"og:image:height\" content=\"646\" \/>\n\t<meta property=\"og:image:type\" content=\"image\/jpeg\" \/>\n<meta name=\"author\" content=\"Nicole Froio\" \/>\n<meta name=\"twitter:card\" content=\"summary_large_image\" \/>\n<meta name=\"twitter:label1\" content=\"Escrito por\" \/>\n\t<meta name=\"twitter:data1\" content=\"Nicole Froio\" \/>\n\t<meta name=\"twitter:label2\" content=\"Est. tempo de leitura\" \/>\n\t<meta name=\"twitter:data2\" content=\"3 minutos\" \/>\n<script type=\"application\/ld+json\" class=\"yoast-schema-graph\">{\"@context\":\"https:\/\/schema.org\",\"@graph\":[{\"@type\":\"Article\",\"@id\":\"https:\/\/rioonwatch.org.br\/?p=14663#article\",\"isPartOf\":{\"@id\":\"https:\/\/rioonwatch.org.br\/?p=14663\"},\"author\":{\"name\":\"Nicole Froio\",\"@id\":\"https:\/\/rioonwatch.org.br\/#\/schema\/person\/e07d559fe2154d11fd3ec515e35695ee\"},\"headline\":\"Comunidade S\u00e3o Jos\u00e9 Oper\u00e1rio na Pra\u00e7a Seca Mostra Como Pequenas A\u00e7\u00f5es Ambientais Fazem a Diferen\u00e7a\",\"datePublished\":\"2015-06-25T17:32:50+00:00\",\"dateModified\":\"2016-03-19T08:41:44+00:00\",\"mainEntityOfPage\":{\"@id\":\"https:\/\/rioonwatch.org.br\/?p=14663\"},\"wordCount\":642,\"publisher\":{\"@id\":\"https:\/\/rioonwatch.org.br\/#organization\"},\"image\":{\"@id\":\"https:\/\/rioonwatch.org.br\/?p=14663#primaryimage\"},\"thumbnailUrl\":\"https:\/\/rioonwatch.org.br\/wp-content\/uploads\/2015\/06\/Sao-Jose-Operario-1-1.jpg\",\"keywords\":[\"educa\u00e7\u00e3o ambiental\",\"gest\u00e3o de res\u00edduos\",\"lixo\",\"meio ambiente\",\"organiza\u00e7\u00e3o comunit\u00e1ria\",\"Pra\u00e7a Seca\",\"reciclagem\",\"reciclagem de \u00f3leo\",\"S\u00e3o Jos\u00e9 Oper\u00e1rio\",\"solu\u00e7\u00e3o comunit\u00e1ria\",\"sustentabilidade\",\"Zona Oeste\"],\"articleSection\":[\"Formas de Apoiar\",\"Solu\u00e7\u00f5es\"],\"inLanguage\":\"pt-BR\"},{\"@type\":\"WebPage\",\"@id\":\"https:\/\/rioonwatch.org.br\/?p=14663\",\"url\":\"https:\/\/rioonwatch.org.br\/?p=14663\",\"name\":\"Comunidade S\u00e3o Jos\u00e9 Oper\u00e1rio na Pra\u00e7a Seca Mostra Como Pequenas A\u00e7\u00f5es Ambientais Fazem a Diferen\u00e7a - RioOnWatch\",\"isPartOf\":{\"@id\":\"https:\/\/rioonwatch.org.br\/#website\"},\"primaryImageOfPage\":{\"@id\":\"https:\/\/rioonwatch.org.br\/?p=14663#primaryimage\"},\"image\":{\"@id\":\"https:\/\/rioonwatch.org.br\/?p=14663#primaryimage\"},\"thumbnailUrl\":\"https:\/\/rioonwatch.org.br\/wp-content\/uploads\/2015\/06\/Sao-Jose-Operario-1-1.jpg\",\"datePublished\":\"2015-06-25T17:32:50+00:00\",\"dateModified\":\"2016-03-19T08:41:44+00:00\",\"breadcrumb\":{\"@id\":\"https:\/\/rioonwatch.org.br\/?p=14663#breadcrumb\"},\"inLanguage\":\"pt-BR\",\"potentialAction\":[{\"@type\":\"ReadAction\",\"target\":[\"https:\/\/rioonwatch.org.br\/?p=14663\"]}]},{\"@type\":\"ImageObject\",\"inLanguage\":\"pt-BR\",\"@id\":\"https:\/\/rioonwatch.org.br\/?p=14663#primaryimage\",\"url\":\"https:\/\/rioonwatch.org.br\/wp-content\/uploads\/2015\/06\/Sao-Jose-Operario-1-1.jpg\",\"contentUrl\":\"https:\/\/rioonwatch.org.br\/wp-content\/uploads\/2015\/06\/Sao-Jose-Operario-1-1.jpg\",\"width\":1000,\"height\":646},{\"@type\":\"BreadcrumbList\",\"@id\":\"https:\/\/rioonwatch.org.br\/?p=14663#breadcrumb\",\"itemListElement\":[{\"@type\":\"ListItem\",\"position\":1,\"name\":\"In\u00edcio\",\"item\":\"https:\/\/rioonwatch.org.br\/\"},{\"@type\":\"ListItem\",\"position\":2,\"name\":\"Comunidade S\u00e3o Jos\u00e9 Oper\u00e1rio na Pra\u00e7a Seca Mostra Como Pequenas A\u00e7\u00f5es Ambientais Fazem a Diferen\u00e7a\"}]},{\"@type\":\"WebSite\",\"@id\":\"https:\/\/rioonwatch.org.br\/#website\",\"url\":\"https:\/\/rioonwatch.org.br\/\",\"name\":\"RioOnWatch\",\"description\":\"relatos das favelas cariocas\",\"publisher\":{\"@id\":\"https:\/\/rioonwatch.org.br\/#organization\"},\"potentialAction\":[{\"@type\":\"SearchAction\",\"target\":{\"@type\":\"EntryPoint\",\"urlTemplate\":\"https:\/\/rioonwatch.org.br\/?s={search_term_string}\"},\"query-input\":{\"@type\":\"PropertyValueSpecification\",\"valueRequired\":true,\"valueName\":\"search_term_string\"}}],\"inLanguage\":\"pt-BR\"},{\"@type\":\"Organization\",\"@id\":\"https:\/\/rioonwatch.org.br\/#organization\",\"name\":\"RioOnWatch\",\"url\":\"https:\/\/rioonwatch.org.br\/\",\"logo\":{\"@type\":\"ImageObject\",\"inLanguage\":\"pt-BR\",\"@id\":\"https:\/\/rioonwatch.org.br\/#\/schema\/logo\/image\/\",\"url\":\"https:\/\/rioonwatch.org.br\/wp-content\/uploads\/2021\/06\/RioOnWatchcabecalhoPT11anos-2.png\",\"contentUrl\":\"https:\/\/rioonwatch.org.br\/wp-content\/uploads\/2021\/06\/RioOnWatchcabecalhoPT11anos-2.png\",\"width\":779,\"height\":277,\"caption\":\"RioOnWatch\"},\"image\":{\"@id\":\"https:\/\/rioonwatch.org.br\/#\/schema\/logo\/image\/\"}},{\"@type\":\"Person\",\"@id\":\"https:\/\/rioonwatch.org.br\/#\/schema\/person\/e07d559fe2154d11fd3ec515e35695ee\",\"name\":\"Nicole Froio\",\"image\":{\"@type\":\"ImageObject\",\"inLanguage\":\"pt-BR\",\"@id\":\"https:\/\/rioonwatch.org.br\/#\/schema\/person\/image\/\",\"url\":\"https:\/\/secure.gravatar.com\/avatar\/0acdbd6878ca0ac29aa5ce6c6119d636?s=96&d=blank&r=g\",\"contentUrl\":\"https:\/\/secure.gravatar.com\/avatar\/0acdbd6878ca0ac29aa5ce6c6119d636?s=96&d=blank&r=g\",\"caption\":\"Nicole Froio\"},\"url\":\"https:\/\/rioonwatch.org.br\/?author=137\"}]}<\/script>\n<!-- \/ Yoast SEO plugin. -->","yoast_head_json":{"title":"Comunidade S\u00e3o Jos\u00e9 Oper\u00e1rio na Pra\u00e7a Seca Mostra Como Pequenas A\u00e7\u00f5es Ambientais Fazem a Diferen\u00e7a - RioOnWatch","robots":{"index":"index","follow":"follow","max-snippet":"max-snippet:-1","max-image-preview":"max-image-preview:large","max-video-preview":"max-video-preview:-1"},"canonical":"https:\/\/rioonwatch.org.br\/?p=14663","og_locale":"pt_BR","og_type":"article","og_title":"Comunidade S\u00e3o Jos\u00e9 Oper\u00e1rio na Pra\u00e7a Seca Mostra Como Pequenas A\u00e7\u00f5es Ambientais Fazem a Diferen\u00e7a - RioOnWatch","og_description":"Moradores e ativistas da comunidade S\u00e3o Jos\u00e9 Oper\u00e1rio&#8211;com aproximadamente 6.500 moradores\u00a0na \u00e1rea da Pra\u00e7a Seca\u00a0na\u00a0Zona Oeste&#8211;celebraram o Dia Mundial do Meio Ambiente em 3 de junho. O evento ofereceu um espa\u00e7o para os moradores refletirem [...]","og_url":"https:\/\/rioonwatch.org.br\/?p=14663","og_site_name":"RioOnWatch","article_published_time":"2015-06-25T17:32:50+00:00","article_modified_time":"2016-03-19T08:41:44+00:00","og_image":[{"width":1000,"height":646,"url":"https:\/\/rioonwatch.org.br\/wp-content\/uploads\/2015\/06\/Sao-Jose-Operario-1-1.jpg","type":"image\/jpeg"}],"author":"Nicole Froio","twitter_card":"summary_large_image","twitter_misc":{"Escrito por":"Nicole Froio","Est. tempo de leitura":"3 minutos"},"schema":{"@context":"https:\/\/schema.org","@graph":[{"@type":"Article","@id":"https:\/\/rioonwatch.org.br\/?p=14663#article","isPartOf":{"@id":"https:\/\/rioonwatch.org.br\/?p=14663"},"author":{"name":"Nicole Froio","@id":"https:\/\/rioonwatch.org.br\/#\/schema\/person\/e07d559fe2154d11fd3ec515e35695ee"},"headline":"Comunidade S\u00e3o Jos\u00e9 Oper\u00e1rio na Pra\u00e7a Seca Mostra Como Pequenas A\u00e7\u00f5es Ambientais Fazem a Diferen\u00e7a","datePublished":"2015-06-25T17:32:50+00:00","dateModified":"2016-03-19T08:41:44+00:00","mainEntityOfPage":{"@id":"https:\/\/rioonwatch.org.br\/?p=14663"},"wordCount":642,"publisher":{"@id":"https:\/\/rioonwatch.org.br\/#organization"},"image":{"@id":"https:\/\/rioonwatch.org.br\/?p=14663#primaryimage"},"thumbnailUrl":"https:\/\/rioonwatch.org.br\/wp-content\/uploads\/2015\/06\/Sao-Jose-Operario-1-1.jpg","keywords":["educa\u00e7\u00e3o ambiental","gest\u00e3o de res\u00edduos","lixo","meio ambiente","organiza\u00e7\u00e3o comunit\u00e1ria","Pra\u00e7a Seca","reciclagem","reciclagem de \u00f3leo","S\u00e3o Jos\u00e9 Oper\u00e1rio","solu\u00e7\u00e3o comunit\u00e1ria","sustentabilidade","Zona Oeste"],"articleSection":["Formas de Apoiar","Solu\u00e7\u00f5es"],"inLanguage":"pt-BR"},{"@type":"WebPage","@id":"https:\/\/rioonwatch.org.br\/?p=14663","url":"https:\/\/rioonwatch.org.br\/?p=14663","name":"Comunidade S\u00e3o Jos\u00e9 Oper\u00e1rio na Pra\u00e7a Seca Mostra Como Pequenas A\u00e7\u00f5es Ambientais Fazem a Diferen\u00e7a - RioOnWatch","isPartOf":{"@id":"https:\/\/rioonwatch.org.br\/#website"},"primaryImageOfPage":{"@id":"https:\/\/rioonwatch.org.br\/?p=14663#primaryimage"},"image":{"@id":"https:\/\/rioonwatch.org.br\/?p=14663#primaryimage"},"thumbnailUrl":"https:\/\/rioonwatch.org.br\/wp-content\/uploads\/2015\/06\/Sao-Jose-Operario-1-1.jpg","datePublished":"2015-06-25T17:32:50+00:00","dateModified":"2016-03-19T08:41:44+00:00","breadcrumb":{"@id":"https:\/\/rioonwatch.org.br\/?p=14663#breadcrumb"},"inLanguage":"pt-BR","potentialAction":[{"@type":"ReadAction","target":["https:\/\/rioonwatch.org.br\/?p=14663"]}]},{"@type":"ImageObject","inLanguage":"pt-BR","@id":"https:\/\/rioonwatch.org.br\/?p=14663#primaryimage","url":"https:\/\/rioonwatch.org.br\/wp-content\/uploads\/2015\/06\/Sao-Jose-Operario-1-1.jpg","contentUrl":"https:\/\/rioonwatch.org.br\/wp-content\/uploads\/2015\/06\/Sao-Jose-Operario-1-1.jpg","width":1000,"height":646},{"@type":"BreadcrumbList","@id":"https:\/\/rioonwatch.org.br\/?p=14663#breadcrumb","itemListElement":[{"@type":"ListItem","position":1,"name":"In\u00edcio","item":"https:\/\/rioonwatch.org.br\/"},{"@type":"ListItem","position":2,"name":"Comunidade S\u00e3o Jos\u00e9 Oper\u00e1rio na Pra\u00e7a Seca Mostra Como Pequenas A\u00e7\u00f5es Ambientais Fazem a Diferen\u00e7a"}]},{"@type":"WebSite","@id":"https:\/\/rioonwatch.org.br\/#website","url":"https:\/\/rioonwatch.org.br\/","name":"RioOnWatch","description":"relatos das favelas cariocas","publisher":{"@id":"https:\/\/rioonwatch.org.br\/#organization"},"potentialAction":[{"@type":"SearchAction","target":{"@type":"EntryPoint","urlTemplate":"https:\/\/rioonwatch.org.br\/?s={search_term_string}"},"query-input":{"@type":"PropertyValueSpecification","valueRequired":true,"valueName":"search_term_string"}}],"inLanguage":"pt-BR"},{"@type":"Organization","@id":"https:\/\/rioonwatch.org.br\/#organization","name":"RioOnWatch","url":"https:\/\/rioonwatch.org.br\/","logo":{"@type":"ImageObject","inLanguage":"pt-BR","@id":"https:\/\/rioonwatch.org.br\/#\/schema\/logo\/image\/","url":"https:\/\/rioonwatch.org.br\/wp-content\/uploads\/2021\/06\/RioOnWatchcabecalhoPT11anos-2.png","contentUrl":"https:\/\/rioonwatch.org.br\/wp-content\/uploads\/2021\/06\/RioOnWatchcabecalhoPT11anos-2.png","width":779,"height":277,"caption":"RioOnWatch"},"image":{"@id":"https:\/\/rioonwatch.org.br\/#\/schema\/logo\/image\/"}},{"@type":"Person","@id":"https:\/\/rioonwatch.org.br\/#\/schema\/person\/e07d559fe2154d11fd3ec515e35695ee","name":"Nicole Froio","image":{"@type":"ImageObject","inLanguage":"pt-BR","@id":"https:\/\/rioonwatch.org.br\/#\/schema\/person\/image\/","url":"https:\/\/secure.gravatar.com\/avatar\/0acdbd6878ca0ac29aa5ce6c6119d636?s=96&d=blank&r=g","contentUrl":"https:\/\/secure.gravatar.com\/avatar\/0acdbd6878ca0ac29aa5ce6c6119d636?s=96&d=blank&r=g","caption":"Nicole Froio"},"url":"https:\/\/rioonwatch.org.br\/?author=137"}]}},"_links":{"self":[{"href":"https:\/\/rioonwatch.org.br\/index.php?rest_route=\/wp\/v2\/posts\/14663"}],"collection":[{"href":"https:\/\/rioonwatch.org.br\/index.php?rest_route=\/wp\/v2\/posts"}],"about":[{"href":"https:\/\/rioonwatch.org.br\/index.php?rest_route=\/wp\/v2\/types\/post"}],"author":[{"embeddable":true,"href":"https:\/\/rioonwatch.org.br\/index.php?rest_route=\/wp\/v2\/users\/137"}],"replies":[{"embeddable":true,"href":"https:\/\/rioonwatch.org.br\/index.php?rest_route=%2Fwp%2Fv2%2Fcomments&post=14663"}],"version-history":[{"count":16,"href":"https:\/\/rioonwatch.org.br\/index.php?rest_route=\/wp\/v2\/posts\/14663\/revisions"}],"predecessor-version":[{"id":15216,"href":"https:\/\/rioonwatch.org.br\/index.php?rest_route=\/wp\/v2\/posts\/14663\/revisions\/15216"}],"wp:featuredmedia":[{"embeddable":true,"href":"https:\/\/rioonwatch.org.br\/index.php?rest_route=\/wp\/v2\/media\/14664"}],"wp:attachment":[{"href":"https:\/\/rioonwatch.org.br\/index.php?rest_route=%2Fwp%2Fv2%2Fmedia&parent=14663"}],"wp:term":[{"taxonomy":"category","embeddable":true,"href":"https:\/\/rioonwatch.org.br\/index.php?rest_route=%2Fwp%2Fv2%2Fcategories&post=14663"},{"taxonomy":"post_tag","embeddable":true,"href":"https:\/\/rioonwatch.org.br\/index.php?rest_route=%2Fwp%2Fv2%2Ftags&post=14663"},{"taxonomy":"writer","embeddable":true,"href":"https:\/\/rioonwatch.org.br\/index.php?rest_route=%2Fwp%2Fv2%2Fwriter&post=14663"},{"taxonomy":"translator","embeddable":true,"href":"https:\/\/rioonwatch.org.br\/index.php?rest_route=%2Fwp%2Fv2%2Ftranslator&post=14663"},{"taxonomy":"source","embeddable":true,"href":"https:\/\/rioonwatch.org.br\/index.php?rest_route=%2Fwp%2Fv2%2Fsource&post=14663"},{"taxonomy":"ilustrador","embeddable":true,"href":"https:\/\/rioonwatch.org.br\/index.php?rest_route=%2Fwp%2Fv2%2Filustrador&post=14663"},{"taxonomy":"fotografo","embeddable":true,"href":"https:\/\/rioonwatch.org.br\/index.php?rest_route=%2Fwp%2Fv2%2Ffotografo&post=14663"}],"curies":[{"name":"wp","href":"https:\/\/api.w.org\/{rel}","templated":true}]}}