{"id":14669,"date":"2015-06-23T23:31:59","date_gmt":"2015-06-24T02:31:59","guid":{"rendered":"http:\/\/rioonwatch.org.br\/?p=14669"},"modified":"2024-05-24T12:41:23","modified_gmt":"2024-05-24T15:41:23","slug":"silencio-racial-na-cobertura-midiatica-americana-e-no-brasil","status":"publish","type":"post","link":"https:\/\/rioonwatch.org.br\/?p=14669","title":{"rendered":"Sil\u00eancio Racial na Cobertura Midi\u00e1tica do Massacre de Charleston nos Estados Unidos Se Espelha no Brasil"},"content":{"rendered":"<p style=\"text-align: right;\"><em><strong><a href=\"http:\/\/bit.ly\/2mwyijN\" target=\"_blank\" rel=\"noopener noreferrer\">Click Here for English<\/a><a href=\"http:\/\/bit.ly\/2mwyijN\" target=\"_blank\" rel=\"noopener noreferrer\"><img decoding=\"async\" width=\"20\" height=\"20\" class=\"alignright wp-image-15790\" src=\"http:\/\/rioonwatch.org.br\/wp-content\/uploads\/2012\/08\/EN-standard-e1439583104716.jpg\" \/><\/a><\/strong><\/em><\/p>\n<p>Quando Dylann Roof, um homem branco de 21 anos de idade, alegadamente\u00a0<a href=\"http:\/\/glo.bo\/1K8xbZs\" target=\"_blank\" rel=\"noopener noreferrer\">matou<\/a> nove afro-americanos na Igreja AME Emanuel em Charleston, Carolina do Sul, na \u00faltima\u00a0quarta-feira, houve uma demora de horas para a\u00a0<a href=\"http:\/\/bit.ly\/1K3Lwqj\" target=\"_blank\" rel=\"noopener noreferrer\">m\u00eddia<\/a> nacional cobrir a hist\u00f3ria.\u00a0O sil\u00eancio gerou muitos coment\u00e1rios nas m\u00eddias sociais <a href=\"http:\/\/bit.ly\/1K3Lwqj\" target=\"_blank\" rel=\"noopener noreferrer\">analisados pelo site de not\u00edcias <em>Mic<\/em><\/a> demonstrando como os cidad\u00e3os americanos lutaram para descobrir detalhes do incidente.\u00a0Dois dias antes, o Instituto da Mulher Negra,\u00a0Geled\u00e9s, tinha publicado\u00a0<a href=\"http:\/\/bit.ly\/1HbNzJV\" target=\"_blank\" rel=\"noopener noreferrer\">uma an\u00e1lise semelhante<\/a>\u00a0sobre o sil\u00eancio da m\u00eddia comparando a <a href=\"http:\/\/bit.ly\/1HbNzJV\" target=\"_blank\" rel=\"noopener noreferrer\">cobertura m\u00ednima<\/a> dada a um jovem agressor branco, rico e bem conectado, a um crime violento no Rio, em rela\u00e7\u00e3o a um menor negro na mesma semana.<\/p>\n<p>O<em> Mic<\/em> compartilhou fragmentos do\u00a0<a href=\"http:\/\/bit.ly\/1LrfpQa\" target=\"_blank\" rel=\"noopener noreferrer\">tweet<\/a>\u00a0do ator Rob Lowe: &#8220;Os meios de comunica\u00e7\u00e3o devem se envergonhar. 3 horas para entrar no ar e, em seguida, d\u00e1 descri\u00e7\u00e3o detalhada do suspeito SEM mencionar sua ra\u00e7a&#8221;. Outros t\u00eam <a href=\"http:\/\/bit.ly\/1RtA5IR\" target=\"_blank\" rel=\"noopener noreferrer\">perguntado<\/a> por que o tiro n\u00e3o foi classificado como um ato de terrorismo.<\/p>\n<figure id=\"attachment_22785\" aria-describedby=\"caption-attachment-22785\" style=\"width: 620px\" class=\"wp-caption aligncenter\"><a href=\"http:\/\/www.rioonwatch.org\/wp-content\/uploads\/2015\/06\/Racial-double-standards-for-criminals.jpg\"><img fetchpriority=\"high\" decoding=\"async\" class=\"wp-image-22785\" title=\"Ilustra\u00e7\u00e3o twittada esta semana ilustrando a percep\u00e7\u00e3o racial de criminosos nos EUA.\" src=\"http:\/\/www.rioonwatch.org\/wp-content\/uploads\/2015\/06\/Racial-double-standards-for-criminals.jpg\" alt=\"Ilustra\u00e7\u00e3o twittada esta semana ilustrando a percep\u00e7\u00e3o racial de criminosos nos EUA.\" width=\"620\" height=\"343\" \/><\/a><figcaption id=\"caption-attachment-22785\" class=\"wp-caption-text\">Ilustra\u00e7\u00e3o twittada esta semana ilustrando a percep\u00e7\u00e3o racial de criminosos nos EUA.<\/figcaption><\/figure>\n<p>Ao longo dos \u00faltimos dias <a href=\"http:\/\/wapo.st\/1dWJo7h\" target=\"_blank\" rel=\"noopener noreferrer\">artigos de opini\u00e3o<\/a> e <a href=\"http:\/\/bit.ly\/1BDThlu\" target=\"_blank\" rel=\"noopener noreferrer\">numerosos tweets<\/a> expressaram a frustra\u00e7\u00e3o sobre o duplo padr\u00e3o racial que historicamente tem caracterizado a m\u00eddia norte-americana.\u00a0Anthea Butler, Professora Adjunta de Religi\u00e3o e Estudos Africanos na Universidade da Pensilv\u00e2nia <a href=\"http:\/\/wapo.st\/1dWJo7h\" target=\"_blank\" rel=\"noopener noreferrer\">argumenta<\/a> que afro-americanos e mu\u00e7ulmanos &#8220;s\u00e3o rapidamente caracterizados como terroristas e <a href=\"http:\/\/bit.ly\/1GxyImq\" target=\"_blank\" rel=\"noopener noreferrer\">bandidos<\/a>, motivado pela inten\u00e7\u00e3o do mal em vez de injusti\u00e7as externas&#8221;. Em contraste, ela diz que o homem branco atirador\u00a0\u00e9 descrito como &#8220;um homem solit\u00e1rio, perturbado ou <a href=\"http:\/\/ti.me\/1Gs07pV\" target=\"_blank\" rel=\"noopener noreferrer\">mentalmente doente<\/a>, um jovem que falhou pela sociedade&#8221;.\u00a0Quanto a Dylann Roof, a \u00e2ncora do tele-jornal da MSNBC foi relatada\u00a0<a href=\"http:\/\/bit.ly\/1FtZ6wE\" target=\"_blank\" rel=\"noopener noreferrer\">dizendo<\/a>: &#8220;N\u00f3s ainda n\u00e3o sabemos a sua condi\u00e7\u00e3o mental&#8221;.<\/p>\n<p>O p\u00fablico brasileiro encontra manifesta\u00e7\u00f5es semelhantes na cobertura da m\u00eddia no Rio de Janeiro. No Brasil, onde a ra\u00e7a \u00e9 ainda mais ligada a classe do que nos EUA (a <a href=\"http:\/\/bit.ly\/1Hctam4\" target=\"_blank\" rel=\"noopener noreferrer\">renda<\/a> m\u00e9dia dos brancos brasileiros \u00e9 o dobro dos negros), os notici\u00e1rios s\u00e3o comumente repletos de hist\u00f3rias de viol\u00eancia nas m\u00e3os de negros pobres enquanto a viol\u00eancia por brasileiros brancos \u00e9 sub-relatada.<\/p>\n<p>O <a href=\"http:\/\/bit.ly\/1GxzmjJ\" target=\"_blank\" rel=\"noopener noreferrer\">artigo<\/a> publicado pelo <a href=\"http:\/\/bit.ly\/1BDTLIz\" target=\"_blank\" rel=\"noopener noreferrer\">Geled\u00e9s<\/a> enfatiza esse duplo padr\u00e3o racial atrav\u00e9s da compara\u00e7\u00e3o da rea\u00e7\u00e3o da m\u00eddia nos dois casos distintos que ocorreram recentemente em bairros adjacentes de classe m\u00e9dia alta na\u00a0<a href=\"http:\/\/bit.ly\/1mNsDyk\" target=\"_blank\" rel=\"noopener noreferrer\">Zona Sul<\/a> do Rio.<\/p>\n<p>No m\u00eas passado, quando um garoto negro de 16 anos de idade, da favela de <a href=\"http:\/\/bit.ly\/ZC9b6z\" target=\"_blank\" rel=\"noopener noreferrer\">Manguinhos<\/a> virou not\u00edcia nacional por <a href=\"http:\/\/glo.bo\/1SA4bNj\" target=\"_blank\" rel=\"noopener noreferrer\">supostamente esfaquear e matar<\/a> o m\u00e9dico branco Jaime Gold na Zona Sul do Rio, a m\u00eddia foi r\u00e1pida em condenar o rapaz, apesar das repetidas declara\u00e7\u00f5es de inoc\u00eancia.\u00a0O incidente foi usado como combust\u00edvel para as chamadas para a\u00a0<a href=\"http:\/\/bit.ly\/1Ici5lR\" target=\"_blank\" rel=\"noopener noreferrer\">redu\u00e7\u00e3o da maioridade penal<\/a> e a m\u00eddia social explodiu com \u00f3dio contra o suposto assassino.\u00a0Os <a href=\"http:\/\/bit.ly\/1Ge92Mr\" target=\"_blank\" rel=\"noopener noreferrer\">posts<\/a> inclu\u00edam: &#8220;Este menor que foi apreendido, deveria ter sido morto&#8221;.\u00a0O mesmo comentarista escreveu sobre jovens infratores: &#8220;Essas sementes do mal precisam ser eliminadas&#8221;, enquanto outro usu\u00e1rio do Facebook declarou: &#8220;Os pais que querem transar, que se protejam para n\u00e3o colocarem esses vermes entre n\u00f3s&#8221;.<\/p>\n<p><a href=\"http:\/\/glo.bo\/1IrS3GQ\" target=\"_blank\" rel=\"noopener noreferrer\">De acordo<\/a> com <em>O Globo<\/em>, o presum\u00edvel criminoso tem negado firmemente envolvimento no crime e outros dois menores, desde ent\u00e3o, confessaram. No entanto, isso teve pouco efeito na conten\u00e7\u00e3o de um ataque prematuro da m\u00eddia.<\/p>\n<p>O delegado titular do caso foi citado na m\u00eddia no momento da pris\u00e3o <a href=\"http:\/\/glo.bo\/1SA4bNj\" target=\"_blank\" rel=\"noopener noreferrer\">dizendo<\/a>: &#8220;Duas coisas me chamaram a aten\u00e7\u00e3o nesse caso. A frieza do adolescente infrator e a forma covarde, sem nenhum sentimento pelo outro ser humano&#8221;.<\/p>\n<p>Algumas semanas mais tarde, quando um branco de classe m\u00e9dia alta, Jos\u00e9 Phillipe Ribeiro de Castro, foi preso por\u00a0<a href=\"http:\/\/glo.bo\/1H0NOW1\" target=\"_blank\" rel=\"noopener noreferrer\">furar<\/a>\u00a0e cortar uma jovem mulher com um saca-rolhas e arrancar a orelha de seu noivo, a <a href=\"http:\/\/bit.ly\/1Ge92Mr\" target=\"_blank\" rel=\"noopener noreferrer\">rea\u00e7\u00e3o do p\u00fablico<\/a> foi muito diferente.<\/p>\n<p>Jos\u00e9 Phillipe \u00e9 <a href=\"http:\/\/glo.bo\/1H0NOW1\" target=\"_blank\" rel=\"noopener noreferrer\">descrito<\/a> pelo <em>O Globo<\/em> como &#8220;bonito&#8221;, nascido em ber\u00e7o de ouro e com &#8220;v\u00e1rios diplomas&#8221;. Sua ex-namorada o <a href=\"http:\/\/glo.bo\/1H0REOU\" target=\"_blank\" rel=\"noopener noreferrer\">descreve<\/a> como tendo uma longa hist\u00f3ria de problemas de ci\u00fame e raiva.\u00a0Desde sua ambi\u00e7\u00e3o pela carreira a brigas com seus pais, seu <a href=\"http:\/\/glo.bo\/1H0REOU\" target=\"_blank\" rel=\"noopener noreferrer\">passado<\/a> \u00e9 discutido exaustivamente. A delegada respons\u00e1vel pelo caso \u00e9 <a href=\"http:\/\/glo.bo\/1Lbtqn2\" target=\"_blank\" rel=\"noopener noreferrer\">citada<\/a>\u00a0no entanto, apenas com uma resposta silenciada: &#8220;Ele deve responder por isso, independentemente de sua classe social&#8221;.<\/p>\n<p>Jos\u00e9 Phillipe tem uma <a href=\"http:\/\/glo.bo\/1H0NOW1\" target=\"_blank\" rel=\"noopener noreferrer\">ficha criminal<\/a> de agress\u00e3o e viol\u00eancia, foi capturado em v\u00eddeo, e confessou o crime. No entanto, a imagem de um bandido frio concedida pela grande m\u00eddia e nas m\u00eddias sociais para os menores pobres negros est\u00e1 ausente nesse caso.<\/p>\n<figure id=\"attachment_22787\" aria-describedby=\"caption-attachment-22787\" style=\"width: 620px\" class=\"wp-caption aligncenter\"><a href=\"http:\/\/www.rioonwatch.org\/wp-content\/uploads\/2015\/06\/Jose-Phillipe-Ribeiro-de-Castro-arrested.jpg\"><img decoding=\"async\" class=\"wp-image-22787 size-content\" title=\"'Playboy' Jos\u00e9 Phillipe Ribeiro de Castro sendo preso. Foto: O Globo\" src=\"http:\/\/www.rioonwatch.org\/wp-content\/uploads\/2015\/06\/Jose-Phillipe-Ribeiro-de-Castro-arrested-620x264.jpg\" alt=\"'Playboy' Jos\u00e9 Phillipe Ribeiro de Castro sendo preso. Foto: O Globo\" width=\"620\" height=\"264\" \/><\/a><figcaption id=\"caption-attachment-22787\" class=\"wp-caption-text\">&#8216;Playboy&#8217; Jos\u00e9 Phillipe Ribeiro de Castro sendo preso. Foto: <em>O Globo<\/em><\/figcaption><\/figure>\n<p>As circunst\u00e2ncias dos crimes de\u00a0Dylann Roof\u00a0e Jos\u00e9 Phillipe s\u00e3o bastante diferentes, no entanto, a cobertura da m\u00eddia de ambos os casos implicou apoio social.\u00a0A raiva racista de Roof encontra simpatia em um Estado que ainda tremula uma bandeira confederada e um juiz que equivale a\u00a0<a href=\"http:\/\/nydn.us\/1BE0gLe\" target=\"_blank\" rel=\"noopener noreferrer\">vitimiza\u00e7\u00e3o<\/a> da sua fam\u00edlia com as nove pessoas que ele matou. O caso da cobertura da imprensa sobre o Jos\u00e9 Phillipe reflete uma sociedade onde status social e privil\u00e9gio permite que o mau comportamento de um &#8220;menino branco rico&#8221; continue sem impunidade. Em ambos os casos, esses criminosos est\u00e3o de alguma forma sendo visto de forma menos mal\u00e9fica por serem brancos.<\/p>\n<p>No entanto, enquanto as m\u00eddias sociais nos EUA t\u00eam sido <a href=\"http:\/\/usat.ly\/1BDUvNC\" target=\"_blank\" rel=\"noopener noreferrer\">bombardeadas<\/a>\u00a0com condena\u00e7\u00f5es da m\u00eddia ap\u00f3s o tiroteio em Charleston, o preconceito racial semelhante presente na m\u00eddia no Rio <a href=\"http:\/\/bit.ly\/1Ge92Mr\" target=\"_blank\" rel=\"noopener noreferrer\">ainda n\u00e3o tem<\/a> recebido tais cr\u00edticas generalizadas. O\u00a0Brasil ainda est\u00e1 <a href=\"http:\/\/bit.ly\/1GxElkB\" target=\"_blank\" rel=\"noopener noreferrer\">desacostumado<\/a> a discutir profundamente o preconceito racial, e aborda o assunto um pouco como o policial fotografado contendo o &#8220;<a href=\"http:\/\/bit.ly\/1J2NC8o\" target=\"_blank\" rel=\"noopener noreferrer\">playboy<\/a>&#8220;, de modo hesitante e relutante.<\/p>\n<!-- AddThis Advanced Settings generic via filter on the_content --><!-- AddThis Share Buttons generic via filter on the_content -->","protected":false},"excerpt":{"rendered":"<div class=\"mh-excerpt\"><p>Click Here for English Quando Dylann Roof, um homem branco de 21 anos de idade, alegadamente\u00a0matou nove afro-americanos na Igreja AME Emanuel em Charleston, Carolina do Sul, na \u00faltima\u00a0quarta-feira, houve uma demora de horas para <a class=\"mh-excerpt-more\" href=\"https:\/\/rioonwatch.org.br\/?p=14669\" title=\"Sil\u00eancio Racial na Cobertura Midi\u00e1tica do Massacre de Charleston nos Estados Unidos Se Espelha no Brasil\">[&#8230;]<\/a><!-- AddThis Advanced Settings generic via filter on get_the_excerpt --><!-- AddThis Share Buttons generic via filter on get_the_excerpt --><\/p>\n<\/div>","protected":false},"author":129,"featured_media":14676,"comment_status":"closed","ping_status":"closed","sticky":false,"template":"","format":"standard","meta":{"_acf_changed":false,"_monsterinsights_skip_tracking":false,"_monsterinsights_sitenote_active":false,"_monsterinsights_sitenote_note":"","_monsterinsights_sitenote_category":0,"footnotes":""},"categories":[1621,346,1630],"tags":[3253,759,1239,413,382,1167,1551,1546,379,307,936,30,383],"writer":[1549],"translator":[683],"source":[],"ilustrador":[],"fotografo":[],"class_list":{"0":"post-14669","1":"post","2":"type-post","3":"status-publish","4":"format-standard","5":"has-post-thumbnail","7":"category-destaque","8":"category-denuncias","9":"category-opiniao","10":"tag-antirracismo","11":"tag-comparacao-internacional","12":"tag-criminalizacao-da-pobreza","13":"tag-desigualdade","14":"tag-gavea","15":"tag-grande-midia","16":"tag-lagoa","17":"tag-maioridade-penal","18":"tag-midia-social","19":"tag-opiniao","20":"tag-raca","21":"tag-violencia","22":"tag-zona-sul","23":"writer-gabriela-weldon","24":"translator-thais-rosa-pinheiro"},"acf":[],"yoast_head":"<!-- This site is optimized with the Yoast SEO plugin v25.6 - https:\/\/yoast.com\/wordpress\/plugins\/seo\/ -->\n<title>Sil\u00eancio Racial na Cobertura Midi\u00e1tica do Massacre de Charleston nos Estados Unidos Se Espelha no Brasil - RioOnWatch<\/title>\n<meta name=\"robots\" content=\"index, follow, max-snippet:-1, max-image-preview:large, max-video-preview:-1\" \/>\n<link rel=\"canonical\" href=\"https:\/\/rioonwatch.org.br\/?p=14669\" \/>\n<meta property=\"og:locale\" content=\"pt_BR\" \/>\n<meta property=\"og:type\" content=\"article\" \/>\n<meta property=\"og:title\" content=\"Sil\u00eancio Racial na Cobertura Midi\u00e1tica do Massacre de Charleston nos Estados Unidos Se Espelha no Brasil - RioOnWatch\" \/>\n<meta property=\"og:description\" content=\"Click Here for English Quando Dylann Roof, um homem branco de 21 anos de idade, alegadamente\u00a0matou nove afro-americanos na Igreja AME Emanuel em Charleston, Carolina do Sul, na \u00faltima\u00a0quarta-feira, houve uma demora de horas para [...]\" \/>\n<meta property=\"og:url\" content=\"https:\/\/rioonwatch.org.br\/?p=14669\" \/>\n<meta property=\"og:site_name\" content=\"RioOnWatch\" \/>\n<meta property=\"article:published_time\" content=\"2015-06-24T02:31:59+00:00\" \/>\n<meta property=\"article:modified_time\" content=\"2024-05-24T15:41:23+00:00\" \/>\n<meta property=\"og:image\" content=\"https:\/\/rioonwatch.org.br\/wp-content\/uploads\/2015\/06\/16-year-old-minor-arrested-for-Jaime-Gold-stabbing.jpg\" \/>\n\t<meta property=\"og:image:width\" content=\"1024\" \/>\n\t<meta property=\"og:image:height\" content=\"615\" \/>\n\t<meta property=\"og:image:type\" content=\"image\/jpeg\" \/>\n<meta name=\"author\" content=\"Admin\" \/>\n<meta name=\"twitter:card\" content=\"summary_large_image\" \/>\n<meta name=\"twitter:label1\" content=\"Escrito por\" \/>\n\t<meta name=\"twitter:data1\" content=\"Admin\" \/>\n\t<meta name=\"twitter:label2\" content=\"Est. tempo de leitura\" \/>\n\t<meta name=\"twitter:data2\" content=\"6 minutos\" \/>\n<script type=\"application\/ld+json\" class=\"yoast-schema-graph\">{\"@context\":\"https:\/\/schema.org\",\"@graph\":[{\"@type\":\"Article\",\"@id\":\"https:\/\/rioonwatch.org.br\/?p=14669#article\",\"isPartOf\":{\"@id\":\"https:\/\/rioonwatch.org.br\/?p=14669\"},\"author\":{\"name\":\"Admin\",\"@id\":\"https:\/\/rioonwatch.org.br\/#\/schema\/person\/11d64c290506f9df50c71b850c473f68\"},\"headline\":\"Sil\u00eancio Racial na Cobertura Midi\u00e1tica do Massacre de Charleston nos Estados Unidos Se Espelha no Brasil\",\"datePublished\":\"2015-06-24T02:31:59+00:00\",\"dateModified\":\"2024-05-24T15:41:23+00:00\",\"mainEntityOfPage\":{\"@id\":\"https:\/\/rioonwatch.org.br\/?p=14669\"},\"wordCount\":1044,\"publisher\":{\"@id\":\"https:\/\/rioonwatch.org.br\/#organization\"},\"image\":{\"@id\":\"https:\/\/rioonwatch.org.br\/?p=14669#primaryimage\"},\"thumbnailUrl\":\"https:\/\/rioonwatch.org.br\/wp-content\/uploads\/2015\/06\/16-year-old-minor-arrested-for-Jaime-Gold-stabbing.jpg\",\"keywords\":[\"Antirracismo\",\"compara\u00e7\u00e3o internacional\",\"criminaliza\u00e7\u00e3o da pobreza\",\"desigualdade\",\"G\u00e1vea\",\"grande m\u00eddia\",\"Lagoa\",\"maioridade penal\",\"m\u00eddia social\",\"opini\u00e3o\",\"ra\u00e7a\",\"viol\u00eancia\",\"Zona Sul\"],\"articleSection\":[\"*Destaque\",\"Den\u00fancias\",\"Opini\u00e3o\"],\"inLanguage\":\"pt-BR\"},{\"@type\":\"WebPage\",\"@id\":\"https:\/\/rioonwatch.org.br\/?p=14669\",\"url\":\"https:\/\/rioonwatch.org.br\/?p=14669\",\"name\":\"Sil\u00eancio Racial na Cobertura Midi\u00e1tica do Massacre de Charleston nos Estados Unidos Se Espelha no Brasil - RioOnWatch\",\"isPartOf\":{\"@id\":\"https:\/\/rioonwatch.org.br\/#website\"},\"primaryImageOfPage\":{\"@id\":\"https:\/\/rioonwatch.org.br\/?p=14669#primaryimage\"},\"image\":{\"@id\":\"https:\/\/rioonwatch.org.br\/?p=14669#primaryimage\"},\"thumbnailUrl\":\"https:\/\/rioonwatch.org.br\/wp-content\/uploads\/2015\/06\/16-year-old-minor-arrested-for-Jaime-Gold-stabbing.jpg\",\"datePublished\":\"2015-06-24T02:31:59+00:00\",\"dateModified\":\"2024-05-24T15:41:23+00:00\",\"breadcrumb\":{\"@id\":\"https:\/\/rioonwatch.org.br\/?p=14669#breadcrumb\"},\"inLanguage\":\"pt-BR\",\"potentialAction\":[{\"@type\":\"ReadAction\",\"target\":[\"https:\/\/rioonwatch.org.br\/?p=14669\"]}]},{\"@type\":\"ImageObject\",\"inLanguage\":\"pt-BR\",\"@id\":\"https:\/\/rioonwatch.org.br\/?p=14669#primaryimage\",\"url\":\"https:\/\/rioonwatch.org.br\/wp-content\/uploads\/2015\/06\/16-year-old-minor-arrested-for-Jaime-Gold-stabbing.jpg\",\"contentUrl\":\"https:\/\/rioonwatch.org.br\/wp-content\/uploads\/2015\/06\/16-year-old-minor-arrested-for-Jaime-Gold-stabbing.jpg\",\"width\":1024,\"height\":615},{\"@type\":\"BreadcrumbList\",\"@id\":\"https:\/\/rioonwatch.org.br\/?p=14669#breadcrumb\",\"itemListElement\":[{\"@type\":\"ListItem\",\"position\":1,\"name\":\"In\u00edcio\",\"item\":\"https:\/\/rioonwatch.org.br\/\"},{\"@type\":\"ListItem\",\"position\":2,\"name\":\"Sil\u00eancio Racial na Cobertura Midi\u00e1tica do Massacre de Charleston nos Estados Unidos Se Espelha no Brasil\"}]},{\"@type\":\"WebSite\",\"@id\":\"https:\/\/rioonwatch.org.br\/#website\",\"url\":\"https:\/\/rioonwatch.org.br\/\",\"name\":\"RioOnWatch\",\"description\":\"relatos das favelas cariocas\",\"publisher\":{\"@id\":\"https:\/\/rioonwatch.org.br\/#organization\"},\"potentialAction\":[{\"@type\":\"SearchAction\",\"target\":{\"@type\":\"EntryPoint\",\"urlTemplate\":\"https:\/\/rioonwatch.org.br\/?s={search_term_string}\"},\"query-input\":{\"@type\":\"PropertyValueSpecification\",\"valueRequired\":true,\"valueName\":\"search_term_string\"}}],\"inLanguage\":\"pt-BR\"},{\"@type\":\"Organization\",\"@id\":\"https:\/\/rioonwatch.org.br\/#organization\",\"name\":\"RioOnWatch\",\"url\":\"https:\/\/rioonwatch.org.br\/\",\"logo\":{\"@type\":\"ImageObject\",\"inLanguage\":\"pt-BR\",\"@id\":\"https:\/\/rioonwatch.org.br\/#\/schema\/logo\/image\/\",\"url\":\"https:\/\/rioonwatch.org.br\/wp-content\/uploads\/2021\/06\/RioOnWatchcabecalhoPT11anos-2.png\",\"contentUrl\":\"https:\/\/rioonwatch.org.br\/wp-content\/uploads\/2021\/06\/RioOnWatchcabecalhoPT11anos-2.png\",\"width\":779,\"height\":277,\"caption\":\"RioOnWatch\"},\"image\":{\"@id\":\"https:\/\/rioonwatch.org.br\/#\/schema\/logo\/image\/\"}},{\"@type\":\"Person\",\"@id\":\"https:\/\/rioonwatch.org.br\/#\/schema\/person\/11d64c290506f9df50c71b850c473f68\",\"name\":\"Admin\",\"image\":{\"@type\":\"ImageObject\",\"inLanguage\":\"pt-BR\",\"@id\":\"https:\/\/rioonwatch.org.br\/#\/schema\/person\/image\/\",\"url\":\"https:\/\/secure.gravatar.com\/avatar\/56211ac74568383903349a1485e3c325?s=96&d=blank&r=g\",\"contentUrl\":\"https:\/\/secure.gravatar.com\/avatar\/56211ac74568383903349a1485e3c325?s=96&d=blank&r=g\",\"caption\":\"Admin\"},\"url\":\"https:\/\/rioonwatch.org.br\/?author=129\"}]}<\/script>\n<!-- \/ Yoast SEO plugin. -->","yoast_head_json":{"title":"Sil\u00eancio Racial na Cobertura Midi\u00e1tica do Massacre de Charleston nos Estados Unidos Se Espelha no Brasil - RioOnWatch","robots":{"index":"index","follow":"follow","max-snippet":"max-snippet:-1","max-image-preview":"max-image-preview:large","max-video-preview":"max-video-preview:-1"},"canonical":"https:\/\/rioonwatch.org.br\/?p=14669","og_locale":"pt_BR","og_type":"article","og_title":"Sil\u00eancio Racial na Cobertura Midi\u00e1tica do Massacre de Charleston nos Estados Unidos Se Espelha no Brasil - RioOnWatch","og_description":"Click Here for English Quando Dylann Roof, um homem branco de 21 anos de idade, alegadamente\u00a0matou nove afro-americanos na Igreja AME Emanuel em Charleston, Carolina do Sul, na \u00faltima\u00a0quarta-feira, houve uma demora de horas para [...]","og_url":"https:\/\/rioonwatch.org.br\/?p=14669","og_site_name":"RioOnWatch","article_published_time":"2015-06-24T02:31:59+00:00","article_modified_time":"2024-05-24T15:41:23+00:00","og_image":[{"width":1024,"height":615,"url":"https:\/\/rioonwatch.org.br\/wp-content\/uploads\/2015\/06\/16-year-old-minor-arrested-for-Jaime-Gold-stabbing.jpg","type":"image\/jpeg"}],"author":"Admin","twitter_card":"summary_large_image","twitter_misc":{"Escrito por":"Admin","Est. tempo de leitura":"6 minutos"},"schema":{"@context":"https:\/\/schema.org","@graph":[{"@type":"Article","@id":"https:\/\/rioonwatch.org.br\/?p=14669#article","isPartOf":{"@id":"https:\/\/rioonwatch.org.br\/?p=14669"},"author":{"name":"Admin","@id":"https:\/\/rioonwatch.org.br\/#\/schema\/person\/11d64c290506f9df50c71b850c473f68"},"headline":"Sil\u00eancio Racial na Cobertura Midi\u00e1tica do Massacre de Charleston nos Estados Unidos Se Espelha no Brasil","datePublished":"2015-06-24T02:31:59+00:00","dateModified":"2024-05-24T15:41:23+00:00","mainEntityOfPage":{"@id":"https:\/\/rioonwatch.org.br\/?p=14669"},"wordCount":1044,"publisher":{"@id":"https:\/\/rioonwatch.org.br\/#organization"},"image":{"@id":"https:\/\/rioonwatch.org.br\/?p=14669#primaryimage"},"thumbnailUrl":"https:\/\/rioonwatch.org.br\/wp-content\/uploads\/2015\/06\/16-year-old-minor-arrested-for-Jaime-Gold-stabbing.jpg","keywords":["Antirracismo","compara\u00e7\u00e3o internacional","criminaliza\u00e7\u00e3o da pobreza","desigualdade","G\u00e1vea","grande m\u00eddia","Lagoa","maioridade penal","m\u00eddia social","opini\u00e3o","ra\u00e7a","viol\u00eancia","Zona Sul"],"articleSection":["*Destaque","Den\u00fancias","Opini\u00e3o"],"inLanguage":"pt-BR"},{"@type":"WebPage","@id":"https:\/\/rioonwatch.org.br\/?p=14669","url":"https:\/\/rioonwatch.org.br\/?p=14669","name":"Sil\u00eancio Racial na Cobertura Midi\u00e1tica do Massacre de Charleston nos Estados Unidos Se Espelha no Brasil - RioOnWatch","isPartOf":{"@id":"https:\/\/rioonwatch.org.br\/#website"},"primaryImageOfPage":{"@id":"https:\/\/rioonwatch.org.br\/?p=14669#primaryimage"},"image":{"@id":"https:\/\/rioonwatch.org.br\/?p=14669#primaryimage"},"thumbnailUrl":"https:\/\/rioonwatch.org.br\/wp-content\/uploads\/2015\/06\/16-year-old-minor-arrested-for-Jaime-Gold-stabbing.jpg","datePublished":"2015-06-24T02:31:59+00:00","dateModified":"2024-05-24T15:41:23+00:00","breadcrumb":{"@id":"https:\/\/rioonwatch.org.br\/?p=14669#breadcrumb"},"inLanguage":"pt-BR","potentialAction":[{"@type":"ReadAction","target":["https:\/\/rioonwatch.org.br\/?p=14669"]}]},{"@type":"ImageObject","inLanguage":"pt-BR","@id":"https:\/\/rioonwatch.org.br\/?p=14669#primaryimage","url":"https:\/\/rioonwatch.org.br\/wp-content\/uploads\/2015\/06\/16-year-old-minor-arrested-for-Jaime-Gold-stabbing.jpg","contentUrl":"https:\/\/rioonwatch.org.br\/wp-content\/uploads\/2015\/06\/16-year-old-minor-arrested-for-Jaime-Gold-stabbing.jpg","width":1024,"height":615},{"@type":"BreadcrumbList","@id":"https:\/\/rioonwatch.org.br\/?p=14669#breadcrumb","itemListElement":[{"@type":"ListItem","position":1,"name":"In\u00edcio","item":"https:\/\/rioonwatch.org.br\/"},{"@type":"ListItem","position":2,"name":"Sil\u00eancio Racial na Cobertura Midi\u00e1tica do Massacre de Charleston nos Estados Unidos Se Espelha no Brasil"}]},{"@type":"WebSite","@id":"https:\/\/rioonwatch.org.br\/#website","url":"https:\/\/rioonwatch.org.br\/","name":"RioOnWatch","description":"relatos das favelas cariocas","publisher":{"@id":"https:\/\/rioonwatch.org.br\/#organization"},"potentialAction":[{"@type":"SearchAction","target":{"@type":"EntryPoint","urlTemplate":"https:\/\/rioonwatch.org.br\/?s={search_term_string}"},"query-input":{"@type":"PropertyValueSpecification","valueRequired":true,"valueName":"search_term_string"}}],"inLanguage":"pt-BR"},{"@type":"Organization","@id":"https:\/\/rioonwatch.org.br\/#organization","name":"RioOnWatch","url":"https:\/\/rioonwatch.org.br\/","logo":{"@type":"ImageObject","inLanguage":"pt-BR","@id":"https:\/\/rioonwatch.org.br\/#\/schema\/logo\/image\/","url":"https:\/\/rioonwatch.org.br\/wp-content\/uploads\/2021\/06\/RioOnWatchcabecalhoPT11anos-2.png","contentUrl":"https:\/\/rioonwatch.org.br\/wp-content\/uploads\/2021\/06\/RioOnWatchcabecalhoPT11anos-2.png","width":779,"height":277,"caption":"RioOnWatch"},"image":{"@id":"https:\/\/rioonwatch.org.br\/#\/schema\/logo\/image\/"}},{"@type":"Person","@id":"https:\/\/rioonwatch.org.br\/#\/schema\/person\/11d64c290506f9df50c71b850c473f68","name":"Admin","image":{"@type":"ImageObject","inLanguage":"pt-BR","@id":"https:\/\/rioonwatch.org.br\/#\/schema\/person\/image\/","url":"https:\/\/secure.gravatar.com\/avatar\/56211ac74568383903349a1485e3c325?s=96&d=blank&r=g","contentUrl":"https:\/\/secure.gravatar.com\/avatar\/56211ac74568383903349a1485e3c325?s=96&d=blank&r=g","caption":"Admin"},"url":"https:\/\/rioonwatch.org.br\/?author=129"}]}},"_links":{"self":[{"href":"https:\/\/rioonwatch.org.br\/index.php?rest_route=\/wp\/v2\/posts\/14669"}],"collection":[{"href":"https:\/\/rioonwatch.org.br\/index.php?rest_route=\/wp\/v2\/posts"}],"about":[{"href":"https:\/\/rioonwatch.org.br\/index.php?rest_route=\/wp\/v2\/types\/post"}],"author":[{"embeddable":true,"href":"https:\/\/rioonwatch.org.br\/index.php?rest_route=\/wp\/v2\/users\/129"}],"replies":[{"embeddable":true,"href":"https:\/\/rioonwatch.org.br\/index.php?rest_route=%2Fwp%2Fv2%2Fcomments&post=14669"}],"version-history":[{"count":18,"href":"https:\/\/rioonwatch.org.br\/index.php?rest_route=\/wp\/v2\/posts\/14669\/revisions"}],"predecessor-version":[{"id":69060,"href":"https:\/\/rioonwatch.org.br\/index.php?rest_route=\/wp\/v2\/posts\/14669\/revisions\/69060"}],"wp:featuredmedia":[{"embeddable":true,"href":"https:\/\/rioonwatch.org.br\/index.php?rest_route=\/wp\/v2\/media\/14676"}],"wp:attachment":[{"href":"https:\/\/rioonwatch.org.br\/index.php?rest_route=%2Fwp%2Fv2%2Fmedia&parent=14669"}],"wp:term":[{"taxonomy":"category","embeddable":true,"href":"https:\/\/rioonwatch.org.br\/index.php?rest_route=%2Fwp%2Fv2%2Fcategories&post=14669"},{"taxonomy":"post_tag","embeddable":true,"href":"https:\/\/rioonwatch.org.br\/index.php?rest_route=%2Fwp%2Fv2%2Ftags&post=14669"},{"taxonomy":"writer","embeddable":true,"href":"https:\/\/rioonwatch.org.br\/index.php?rest_route=%2Fwp%2Fv2%2Fwriter&post=14669"},{"taxonomy":"translator","embeddable":true,"href":"https:\/\/rioonwatch.org.br\/index.php?rest_route=%2Fwp%2Fv2%2Ftranslator&post=14669"},{"taxonomy":"source","embeddable":true,"href":"https:\/\/rioonwatch.org.br\/index.php?rest_route=%2Fwp%2Fv2%2Fsource&post=14669"},{"taxonomy":"ilustrador","embeddable":true,"href":"https:\/\/rioonwatch.org.br\/index.php?rest_route=%2Fwp%2Fv2%2Filustrador&post=14669"},{"taxonomy":"fotografo","embeddable":true,"href":"https:\/\/rioonwatch.org.br\/index.php?rest_route=%2Fwp%2Fv2%2Ffotografo&post=14669"}],"curies":[{"name":"wp","href":"https:\/\/api.w.org\/{rel}","templated":true}]}}