{"id":14686,"date":"2015-07-06T09:06:26","date_gmt":"2015-07-06T12:06:26","guid":{"rendered":"http:\/\/rioonwatch.org.br\/?p=14686"},"modified":"2019-07-03T12:23:08","modified_gmt":"2019-07-03T15:23:08","slug":"o-estopim-filme-retrata-desaparecimento-e-morte-de-amarildo-de-souza-resenha","status":"publish","type":"post","link":"https:\/\/rioonwatch.org.br\/?p=14686","title":{"rendered":"O Estopim: Filme Retrata Desaparecimento e Morte de Amarildo de Souza [RESENHA]"},"content":{"rendered":"<p style=\"text-align: right;\"><em><strong><a href=\"http:\/\/bit.ly\/2Nethcf\" target=\"_blank\" rel=\"noopener noreferrer\">Click Here for English<\/a><a href=\"http:\/\/bit.ly\/2Nethcf\" target=\"_blank\" rel=\"noopener noreferrer\"><img decoding=\"async\" width=\"20\" height=\"20\" class=\"alignright wp-image-15790\" src=\"http:\/\/rioonwatch.org.br\/wp-content\/uploads\/2012\/08\/EN-standard-e1439583104716.jpg\" \/><\/a><\/strong><\/em><\/p>\n<p>O caso de Amarildo de Souza, o pedreiro que foi <a href=\"http:\/\/glo.bo\/1J6Qv8d\" target=\"_blank\" rel=\"noopener noreferrer\">torturado at\u00e9 a morte<\/a> pela Pol\u00edcia Militar na <a href=\"http:\/\/bit.ly\/16w2zz1\" target=\"_blank\" rel=\"noopener noreferrer\">Rocinha<\/a> em 2013, gerou ondas de revolta ao redor do Brasil e do mundo. Sua morte se tornou um s\u00edmbolo da <a href=\"http:\/\/bit.ly\/1i0t9Hc\" target=\"_blank\" rel=\"noopener noreferrer\">repress\u00e3o policial<\/a> em um pa\u00eds onde <a href=\"http:\/\/bit.ly\/1PDrYLE\" target=\"_blank\" rel=\"noopener noreferrer\">milhares s\u00e3o mortos pela pol\u00edcia a cada ano<\/a>.<\/p>\n<p>O t\u00edtulo do document\u00e1rio de Rodrigo Mac Niven a respeito de Amarildo,<em>\u00a0<a href=\"http:\/\/bit.ly\/1xTEdeI\" target=\"_blank\" rel=\"noopener noreferrer\">O Estopim<\/a><\/em>,\u00a0reflete isto. De diversas maneiras, a hist\u00f3ria de Amarildo e a campanha por justi\u00e7a depois que detalhes do caso vieram a tona, foi o &#8220;estopim&#8221; na mudan\u00e7a de atitude diante do processo de <a href=\"http:\/\/bit.ly\/R5ueio\" target=\"_blank\" rel=\"noopener noreferrer\">pacifica\u00e7\u00e3o<\/a> implementado nas favelas do Rio desde 2008.<\/p>\n<p>A estr\u00e9ia de <em>O Estopim<\/em> ocorreu no <a href=\"http:\/\/bit.ly\/1vuKnkd\" target=\"_blank\" rel=\"noopener noreferrer\">Festival de Cinema do Rio<\/a> em 2014. Durante uma apresenta\u00e7\u00e3o do filme realizado pelo\u00a0<a href=\"http:\/\/bit.ly\/1F14kp0\" target=\"_blank\" rel=\"noopener noreferrer\">Viva Favela<\/a>, Mac Niven e seu diretor de fotografia Neto de Oliveira falaram a respeito do processo de cria\u00e7\u00e3o do filme.<\/p>\n<blockquote><p>&#8220;O que aconteceu durante a tortura ningu\u00e9m sabe, exceto os pr\u00f3prios torturadores.&#8221; &#8211; Rodrigo Mac Niven<\/p><\/blockquote>\n<p><a href=\"http:\/\/rioonwatch.org.br\/wp-content\/uploads\/2015\/06\/estopim-still-1.png\"><img fetchpriority=\"high\" decoding=\"async\" class=\"aligncenter wp-image-14689\" title=\"Freeze frame do filme\" src=\"http:\/\/rioonwatch.org.br\/wp-content\/uploads\/2015\/06\/estopim-still-1.png\" alt=\"Freeze frame do filme\" width=\"620\" height=\"341\" srcset=\"https:\/\/rioonwatch.org.br\/wp-content\/uploads\/2015\/06\/estopim-still-1.png 998w, https:\/\/rioonwatch.org.br\/wp-content\/uploads\/2015\/06\/estopim-still-1-480x264.png 480w, https:\/\/rioonwatch.org.br\/wp-content\/uploads\/2015\/06\/estopim-still-1-620x341.png 620w\" sizes=\"(max-width: 620px) 100vw, 620px\" \/><\/a><\/p>\n<p>Aqueles que acompanharam a campanha &#8220;<a href=\"http:\/\/bit.ly\/1aR8al5\" target=\"_blank\" rel=\"noopener noreferrer\">Cad\u00ea o Amarildo?<\/a>&#8221; est\u00e3o familiarizados com as fotos de Amarildo, compartilhadas amplamente pela m\u00eddia. Mas al\u00e9m delas, existem poucos registros concretos de sua vida. Consequentemente, O Espotim mistura sequ\u00eancias de document\u00e1rio com sequ\u00eancias ficcionais, nas quais Amarildo \u00e9 interpretado por Bruno Rodrigues.<\/p>\n<p>Isso dito, o foco principal de <em>O Estopim<\/em> \u00e9\u00a0o amigo de Amarildo, Duda, que reconta sua pr\u00f3pria experi\u00eancia de intimida\u00e7\u00e3o policial e viol\u00eancia na Rocinha. &#8220;Cresci apanhando da policia&#8221;, ele diz. O foco em Duda surgiu do desejo do diretor de n\u00e3o explorar a <a href=\"http:\/\/bit.ly\/1JkbFT2\" target=\"_blank\" rel=\"noopener noreferrer\">vi\u00fava de Amarildo, Bete<\/a>, e sua fam\u00edlia, que j\u00e1 haviam se submetido a intensa aten\u00e7\u00e3o da m\u00eddia. Mas, como Mac Niven esclarece: &#8220;Obviamente a fam\u00edlia tinha que estar ali, presente. E a gente pega depoimento da Bete. Foi uma escolha de mostrar ali a fam\u00edlia atrav\u00e9s da luta&#8221;. No filme, Bete explica sua decis\u00e3o de falar quando o marido desapareceu: &#8220;A\u00ed falei: pera\u00ed, vou come\u00e7ar a abrir minha boca&#8221;.<\/p>\n<p><a href=\"http:\/\/rioonwatch.org.br\/wp-content\/uploads\/2015\/06\/estopim-still-2.png\"><img decoding=\"async\" class=\"aligncenter wp-image-14691\" title=\"Esposa de Amarildo conta porque come\u00e7ou a falar com a m\u00eddia\" src=\"http:\/\/rioonwatch.org.br\/wp-content\/uploads\/2015\/06\/estopim-still-2.png\" alt=\"Esposa de Amarildo conta porque come\u00e7ou a falar com a m\u00eddia\" width=\"620\" height=\"342\" srcset=\"https:\/\/rioonwatch.org.br\/wp-content\/uploads\/2015\/06\/estopim-still-2.png 1000w, https:\/\/rioonwatch.org.br\/wp-content\/uploads\/2015\/06\/estopim-still-2-478x264.png 478w, https:\/\/rioonwatch.org.br\/wp-content\/uploads\/2015\/06\/estopim-still-2-620x342.png 620w\" sizes=\"(max-width: 620px) 100vw, 620px\" \/><\/a><\/p>\n<p>Mac Niven faz uso do pouco que sabe a respeito de Amarildo, incluindo sua paix\u00e3o por pescaria e sua for\u00e7a f\u00edsica, a qual explica seu apelido &#8220;Boi&#8221;. Mas ele geralmente mostra de forma distante, filmando at\u00e9 atrav\u00e9s de drones. &#8220;Quando o Amarildo aparece na hist\u00f3ria ele est\u00e1 sempre meio distante, a gente n\u00e3o v\u00ea bem o rosto dele&#8221;, disse o diretor. &#8220;D\u00e1 um pouco essa sensa\u00e7\u00e3o de \u2018quem \u00e9 essa pessoa?\u2019 Mas na tortura ele aparece para o mundo. Na tortura a gente traz a c\u00e2mera na cara dele&#8221;.\u00a0O resultado \u00e9 a brutal e viva sequ\u00eancia de tortura que quase inclui o p\u00fablico na cena.<\/p>\n<p>O envolvimento do p\u00fablico era importante para Mac Niven, que tinha a inten\u00e7\u00e3o de que o filme fosse mais do que a hist\u00f3ria de\u00a0um homem, que fosse sobre a repress\u00e3o policial que afeta todos os brasileiros. &#8220;No Estado militarizado o inimigo \u00e9 voc\u00ea&#8221;,<b>\u00a0<\/b>ele disse. O filme mostra casos de repress\u00e3o fora das favelas, como durante a\u00a0<a href=\"http:\/\/bit.ly\/1nQlHQA\" target=\"_blank\" rel=\"noopener noreferrer\">Ditadura Militar<\/a> e, mais recentemente, durante os protestos de 2013. Mas o p\u00fablico \u00e9 lembrado de que a viol\u00eancia policial em outros contextos como dos <a href=\"http:\/\/bit.ly\/11SkR77\" target=\"_blank\" rel=\"noopener noreferrer\">protestos de 2013<\/a> recebe muito mais aten\u00e7\u00e3o da m\u00eddia do que as realizadas diariamente pelos policiais nas favelas.<\/p>\n<p><em>O Estopim<\/em> questiona as tentativas da m\u00eddia e de pol\u00edticos de rotular Amarildo como um traficante de drogas depois de seu desaparecimento, um tipo de &#8220;criminaliza\u00e7\u00e3o da v\u00edtima&#8221; que ajuda a justificar a viol\u00eancia policial. &#8220;A figura do traficante justifica voc\u00ea pegar o cara dentro da sua casa, levar para o cont\u00eainer\u00a0da <a href=\"http:\/\/bit.ly\/R5ueio\" target=\"_blank\" rel=\"noopener noreferrer\">UPP<\/a>, torturar, matar, esconder, mentir, subornar testemunha e fazer o diabo a quatro para que isso seja ocultado&#8221;, disse Mac Niven.<\/p>\n<p>Embora pontos altos do filme mostrem a for\u00e7a da fam\u00edlia de Amarildo, amigos, apoiadores e suas campanhas por justi\u00e7a, <em>O Estopim<\/em> \u00e9\u00a0dif\u00edcil de assistir. A seriedade do tema \u00e9 refletido cinematograficamente. Neto de Oliveira, diretor de fotografia, comentou sobre as imagens &#8220;dessaturadas&#8221;. &#8220;A gente n\u00e3o queria um filme colorido&#8221;, ele disse, adicionando que o tempo nublado e chuvoso da Rocinha durante as filmagens os ajudaram a alcan\u00e7ar isto.<\/p>\n<p><a href=\"http:\/\/rioonwatch.org.br\/wp-content\/uploads\/2015\/06\/estopim-still-3.png\"><img loading=\"lazy\" decoding=\"async\" class=\"aligncenter wp-image-14692\" title=\"Amarildo adorava pescar\" src=\"http:\/\/rioonwatch.org.br\/wp-content\/uploads\/2015\/06\/estopim-still-3.png\" alt=\"Amarildo adorava pescar\" width=\"620\" height=\"342\" srcset=\"https:\/\/rioonwatch.org.br\/wp-content\/uploads\/2015\/06\/estopim-still-3.png 1000w, https:\/\/rioonwatch.org.br\/wp-content\/uploads\/2015\/06\/estopim-still-3-478x264.png 478w, https:\/\/rioonwatch.org.br\/wp-content\/uploads\/2015\/06\/estopim-still-3-620x342.png 620w\" sizes=\"(max-width: 620px) 100vw, 620px\" \/><\/a><\/p>\n<p>Mac Niven explicou que ele buscou &#8220;mostrar como a hist\u00f3ria de Amarildo \u00e9 mais do que somente uma hist\u00f3ria sobre Amarildo&#8221; e a entrevista com Bete corrobora para isto, mencionando os muitos outros &#8220;Amarildos&#8221; que s\u00e3o mortos no Brasil a cada ano. Mas o filme nunca esquece da pessoa que foi o &#8220;estopim&#8221; para ele: o pedreiro, o Boi, o pai, o morador de favela. Nas palavras de Duda: &#8220;Chegaram a fazer uma maldade com uma pessoa t\u00e3o boa&#8221;.<\/p>\n<p>Vinte e cinco\u00a0oficiais da Pol\u00edcia Militar foram descobertos\u00a0envolvidos no desaparecimento e morte de Amarildo. Quatro deles encontram-se atualmente presos, incluindo o ex-comandante da Unidade de Pol\u00edcia Pacificadora (UPP) da Rocinha, <a href=\"http:\/\/extra.globo.com\/casos-de-policia\/caso-amarildo-justica-decreta-prisao-de-major-edson-santos-por-corrupcao-de-testemunha-14849624.html\" target=\"_blank\" rel=\"noopener noreferrer\">Major Edson Santos<\/a>. O corpo de Amarildo nunca foi encontrado.<\/p>\n<!-- AddThis Advanced Settings generic via filter on the_content --><!-- AddThis Share Buttons generic via filter on the_content -->","protected":false},"excerpt":{"rendered":"<div class=\"mh-excerpt\"><p>Click Here for English O caso de Amarildo de Souza, o pedreiro que foi torturado at\u00e9 a morte pela Pol\u00edcia Militar na Rocinha em 2013, gerou ondas de revolta ao redor do Brasil e do <a class=\"mh-excerpt-more\" href=\"https:\/\/rioonwatch.org.br\/?p=14686\" title=\"O Estopim: Filme Retrata Desaparecimento e Morte de Amarildo de Souza [RESENHA]\">[&#8230;]<\/a><!-- AddThis Advanced Settings generic via filter on get_the_excerpt --><!-- AddThis Share Buttons generic via filter on get_the_excerpt --><\/p>\n<\/div>","protected":false},"author":137,"featured_media":14688,"comment_status":"closed","ping_status":"closed","sticky":false,"template":"","format":"standard","meta":{"_acf_changed":false,"_monsterinsights_skip_tracking":false,"_monsterinsights_sitenote_active":false,"_monsterinsights_sitenote_note":"","_monsterinsights_sitenote_category":0,"footnotes":""},"categories":[1621,346,1620],"tags":[975,1368,774,1370,16,1143,92,920,52,383],"writer":[1486],"translator":[452],"source":[],"ilustrador":[],"fotografo":[],"class_list":{"0":"post-14686","1":"post","2":"type-post","3":"status-publish","4":"format-standard","5":"has-post-thumbnail","7":"category-destaque","8":"category-denuncias","9":"category-olhonaupp","10":"tag-cadeamarildo","11":"tag-filme","12":"tag-policia-militar","13":"tag-resenha","14":"tag-rocinha","15":"tag-tortura","16":"tag-upp","17":"tag-violencia-de-estado","18":"tag-violencia-policial","19":"tag-zona-sul","20":"writer-sarah-jacobs","21":"translator-tammy-senra"},"acf":[],"yoast_head":"<!-- This site is optimized with the Yoast SEO plugin v25.6 - https:\/\/yoast.com\/wordpress\/plugins\/seo\/ -->\n<title>O Estopim: Filme Retrata Desaparecimento e Morte de Amarildo de Souza [RESENHA] - RioOnWatch<\/title>\n<meta name=\"robots\" content=\"index, follow, max-snippet:-1, max-image-preview:large, max-video-preview:-1\" \/>\n<link rel=\"canonical\" href=\"https:\/\/rioonwatch.org.br\/?p=14686\" \/>\n<meta property=\"og:locale\" content=\"pt_BR\" \/>\n<meta property=\"og:type\" content=\"article\" \/>\n<meta property=\"og:title\" content=\"O Estopim: Filme Retrata Desaparecimento e Morte de Amarildo de Souza [RESENHA] - RioOnWatch\" \/>\n<meta property=\"og:description\" content=\"Click Here for English O caso de Amarildo de Souza, o pedreiro que foi torturado at\u00e9 a morte pela Pol\u00edcia Militar na Rocinha em 2013, gerou ondas de revolta ao redor do Brasil e do [...]\" \/>\n<meta property=\"og:url\" content=\"https:\/\/rioonwatch.org.br\/?p=14686\" \/>\n<meta property=\"og:site_name\" content=\"RioOnWatch\" \/>\n<meta property=\"article:published_time\" content=\"2015-07-06T12:06:26+00:00\" \/>\n<meta property=\"article:modified_time\" content=\"2019-07-03T15:23:08+00:00\" \/>\n<meta property=\"og:image\" content=\"https:\/\/rioonwatch.org.br\/wp-content\/uploads\/2015\/06\/Estopim-1.jpg\" \/>\n\t<meta property=\"og:image:width\" content=\"960\" \/>\n\t<meta property=\"og:image:height\" content=\"448\" \/>\n\t<meta property=\"og:image:type\" content=\"image\/jpeg\" \/>\n<meta name=\"author\" content=\"Nicole Froio\" \/>\n<meta name=\"twitter:card\" content=\"summary_large_image\" \/>\n<meta name=\"twitter:label1\" content=\"Escrito por\" \/>\n\t<meta name=\"twitter:data1\" content=\"Nicole Froio\" \/>\n\t<meta name=\"twitter:label2\" content=\"Est. tempo de leitura\" \/>\n\t<meta name=\"twitter:data2\" content=\"4 minutos\" \/>\n<script type=\"application\/ld+json\" class=\"yoast-schema-graph\">{\"@context\":\"https:\/\/schema.org\",\"@graph\":[{\"@type\":\"Article\",\"@id\":\"https:\/\/rioonwatch.org.br\/?p=14686#article\",\"isPartOf\":{\"@id\":\"https:\/\/rioonwatch.org.br\/?p=14686\"},\"author\":{\"name\":\"Nicole Froio\",\"@id\":\"https:\/\/rioonwatch.org.br\/#\/schema\/person\/e07d559fe2154d11fd3ec515e35695ee\"},\"headline\":\"O Estopim: Filme Retrata Desaparecimento e Morte de Amarildo de Souza [RESENHA]\",\"datePublished\":\"2015-07-06T12:06:26+00:00\",\"dateModified\":\"2019-07-03T15:23:08+00:00\",\"mainEntityOfPage\":{\"@id\":\"https:\/\/rioonwatch.org.br\/?p=14686\"},\"wordCount\":874,\"publisher\":{\"@id\":\"https:\/\/rioonwatch.org.br\/#organization\"},\"image\":{\"@id\":\"https:\/\/rioonwatch.org.br\/?p=14686#primaryimage\"},\"thumbnailUrl\":\"https:\/\/rioonwatch.org.br\/wp-content\/uploads\/2015\/06\/Estopim-1.jpg\",\"keywords\":[\"#Cad\u00eaAmarildo\",\"filme\",\"Pol\u00edcia Militar\",\"Resenhas\",\"Rocinha\",\"tortura\",\"UPP\",\"viol\u00eancia de Estado\",\"viol\u00eancia policial\",\"Zona Sul\"],\"articleSection\":[\"*Destaque\",\"Den\u00fancias\",\"Seguran\u00e7a P\u00fablica\"],\"inLanguage\":\"pt-BR\"},{\"@type\":\"WebPage\",\"@id\":\"https:\/\/rioonwatch.org.br\/?p=14686\",\"url\":\"https:\/\/rioonwatch.org.br\/?p=14686\",\"name\":\"O Estopim: Filme Retrata Desaparecimento e Morte de Amarildo de Souza [RESENHA] - RioOnWatch\",\"isPartOf\":{\"@id\":\"https:\/\/rioonwatch.org.br\/#website\"},\"primaryImageOfPage\":{\"@id\":\"https:\/\/rioonwatch.org.br\/?p=14686#primaryimage\"},\"image\":{\"@id\":\"https:\/\/rioonwatch.org.br\/?p=14686#primaryimage\"},\"thumbnailUrl\":\"https:\/\/rioonwatch.org.br\/wp-content\/uploads\/2015\/06\/Estopim-1.jpg\",\"datePublished\":\"2015-07-06T12:06:26+00:00\",\"dateModified\":\"2019-07-03T15:23:08+00:00\",\"breadcrumb\":{\"@id\":\"https:\/\/rioonwatch.org.br\/?p=14686#breadcrumb\"},\"inLanguage\":\"pt-BR\",\"potentialAction\":[{\"@type\":\"ReadAction\",\"target\":[\"https:\/\/rioonwatch.org.br\/?p=14686\"]}]},{\"@type\":\"ImageObject\",\"inLanguage\":\"pt-BR\",\"@id\":\"https:\/\/rioonwatch.org.br\/?p=14686#primaryimage\",\"url\":\"https:\/\/rioonwatch.org.br\/wp-content\/uploads\/2015\/06\/Estopim-1.jpg\",\"contentUrl\":\"https:\/\/rioonwatch.org.br\/wp-content\/uploads\/2015\/06\/Estopim-1.jpg\",\"width\":960,\"height\":448},{\"@type\":\"BreadcrumbList\",\"@id\":\"https:\/\/rioonwatch.org.br\/?p=14686#breadcrumb\",\"itemListElement\":[{\"@type\":\"ListItem\",\"position\":1,\"name\":\"In\u00edcio\",\"item\":\"https:\/\/rioonwatch.org.br\/\"},{\"@type\":\"ListItem\",\"position\":2,\"name\":\"O Estopim: Filme Retrata Desaparecimento e Morte de Amarildo de Souza [RESENHA]\"}]},{\"@type\":\"WebSite\",\"@id\":\"https:\/\/rioonwatch.org.br\/#website\",\"url\":\"https:\/\/rioonwatch.org.br\/\",\"name\":\"RioOnWatch\",\"description\":\"relatos das favelas cariocas\",\"publisher\":{\"@id\":\"https:\/\/rioonwatch.org.br\/#organization\"},\"potentialAction\":[{\"@type\":\"SearchAction\",\"target\":{\"@type\":\"EntryPoint\",\"urlTemplate\":\"https:\/\/rioonwatch.org.br\/?s={search_term_string}\"},\"query-input\":{\"@type\":\"PropertyValueSpecification\",\"valueRequired\":true,\"valueName\":\"search_term_string\"}}],\"inLanguage\":\"pt-BR\"},{\"@type\":\"Organization\",\"@id\":\"https:\/\/rioonwatch.org.br\/#organization\",\"name\":\"RioOnWatch\",\"url\":\"https:\/\/rioonwatch.org.br\/\",\"logo\":{\"@type\":\"ImageObject\",\"inLanguage\":\"pt-BR\",\"@id\":\"https:\/\/rioonwatch.org.br\/#\/schema\/logo\/image\/\",\"url\":\"https:\/\/rioonwatch.org.br\/wp-content\/uploads\/2021\/06\/RioOnWatchcabecalhoPT11anos-2.png\",\"contentUrl\":\"https:\/\/rioonwatch.org.br\/wp-content\/uploads\/2021\/06\/RioOnWatchcabecalhoPT11anos-2.png\",\"width\":779,\"height\":277,\"caption\":\"RioOnWatch\"},\"image\":{\"@id\":\"https:\/\/rioonwatch.org.br\/#\/schema\/logo\/image\/\"}},{\"@type\":\"Person\",\"@id\":\"https:\/\/rioonwatch.org.br\/#\/schema\/person\/e07d559fe2154d11fd3ec515e35695ee\",\"name\":\"Nicole Froio\",\"image\":{\"@type\":\"ImageObject\",\"inLanguage\":\"pt-BR\",\"@id\":\"https:\/\/rioonwatch.org.br\/#\/schema\/person\/image\/\",\"url\":\"https:\/\/secure.gravatar.com\/avatar\/0acdbd6878ca0ac29aa5ce6c6119d636?s=96&d=blank&r=g\",\"contentUrl\":\"https:\/\/secure.gravatar.com\/avatar\/0acdbd6878ca0ac29aa5ce6c6119d636?s=96&d=blank&r=g\",\"caption\":\"Nicole Froio\"},\"url\":\"https:\/\/rioonwatch.org.br\/?author=137\"}]}<\/script>\n<!-- \/ Yoast SEO plugin. -->","yoast_head_json":{"title":"O Estopim: Filme Retrata Desaparecimento e Morte de Amarildo de Souza [RESENHA] - RioOnWatch","robots":{"index":"index","follow":"follow","max-snippet":"max-snippet:-1","max-image-preview":"max-image-preview:large","max-video-preview":"max-video-preview:-1"},"canonical":"https:\/\/rioonwatch.org.br\/?p=14686","og_locale":"pt_BR","og_type":"article","og_title":"O Estopim: Filme Retrata Desaparecimento e Morte de Amarildo de Souza [RESENHA] - RioOnWatch","og_description":"Click Here for English O caso de Amarildo de Souza, o pedreiro que foi torturado at\u00e9 a morte pela Pol\u00edcia Militar na Rocinha em 2013, gerou ondas de revolta ao redor do Brasil e do [...]","og_url":"https:\/\/rioonwatch.org.br\/?p=14686","og_site_name":"RioOnWatch","article_published_time":"2015-07-06T12:06:26+00:00","article_modified_time":"2019-07-03T15:23:08+00:00","og_image":[{"width":960,"height":448,"url":"https:\/\/rioonwatch.org.br\/wp-content\/uploads\/2015\/06\/Estopim-1.jpg","type":"image\/jpeg"}],"author":"Nicole Froio","twitter_card":"summary_large_image","twitter_misc":{"Escrito por":"Nicole Froio","Est. tempo de leitura":"4 minutos"},"schema":{"@context":"https:\/\/schema.org","@graph":[{"@type":"Article","@id":"https:\/\/rioonwatch.org.br\/?p=14686#article","isPartOf":{"@id":"https:\/\/rioonwatch.org.br\/?p=14686"},"author":{"name":"Nicole Froio","@id":"https:\/\/rioonwatch.org.br\/#\/schema\/person\/e07d559fe2154d11fd3ec515e35695ee"},"headline":"O Estopim: Filme Retrata Desaparecimento e Morte de Amarildo de Souza [RESENHA]","datePublished":"2015-07-06T12:06:26+00:00","dateModified":"2019-07-03T15:23:08+00:00","mainEntityOfPage":{"@id":"https:\/\/rioonwatch.org.br\/?p=14686"},"wordCount":874,"publisher":{"@id":"https:\/\/rioonwatch.org.br\/#organization"},"image":{"@id":"https:\/\/rioonwatch.org.br\/?p=14686#primaryimage"},"thumbnailUrl":"https:\/\/rioonwatch.org.br\/wp-content\/uploads\/2015\/06\/Estopim-1.jpg","keywords":["#Cad\u00eaAmarildo","filme","Pol\u00edcia Militar","Resenhas","Rocinha","tortura","UPP","viol\u00eancia de Estado","viol\u00eancia policial","Zona Sul"],"articleSection":["*Destaque","Den\u00fancias","Seguran\u00e7a P\u00fablica"],"inLanguage":"pt-BR"},{"@type":"WebPage","@id":"https:\/\/rioonwatch.org.br\/?p=14686","url":"https:\/\/rioonwatch.org.br\/?p=14686","name":"O Estopim: Filme Retrata Desaparecimento e Morte de Amarildo de Souza [RESENHA] - RioOnWatch","isPartOf":{"@id":"https:\/\/rioonwatch.org.br\/#website"},"primaryImageOfPage":{"@id":"https:\/\/rioonwatch.org.br\/?p=14686#primaryimage"},"image":{"@id":"https:\/\/rioonwatch.org.br\/?p=14686#primaryimage"},"thumbnailUrl":"https:\/\/rioonwatch.org.br\/wp-content\/uploads\/2015\/06\/Estopim-1.jpg","datePublished":"2015-07-06T12:06:26+00:00","dateModified":"2019-07-03T15:23:08+00:00","breadcrumb":{"@id":"https:\/\/rioonwatch.org.br\/?p=14686#breadcrumb"},"inLanguage":"pt-BR","potentialAction":[{"@type":"ReadAction","target":["https:\/\/rioonwatch.org.br\/?p=14686"]}]},{"@type":"ImageObject","inLanguage":"pt-BR","@id":"https:\/\/rioonwatch.org.br\/?p=14686#primaryimage","url":"https:\/\/rioonwatch.org.br\/wp-content\/uploads\/2015\/06\/Estopim-1.jpg","contentUrl":"https:\/\/rioonwatch.org.br\/wp-content\/uploads\/2015\/06\/Estopim-1.jpg","width":960,"height":448},{"@type":"BreadcrumbList","@id":"https:\/\/rioonwatch.org.br\/?p=14686#breadcrumb","itemListElement":[{"@type":"ListItem","position":1,"name":"In\u00edcio","item":"https:\/\/rioonwatch.org.br\/"},{"@type":"ListItem","position":2,"name":"O Estopim: Filme Retrata Desaparecimento e Morte de Amarildo de Souza [RESENHA]"}]},{"@type":"WebSite","@id":"https:\/\/rioonwatch.org.br\/#website","url":"https:\/\/rioonwatch.org.br\/","name":"RioOnWatch","description":"relatos das favelas cariocas","publisher":{"@id":"https:\/\/rioonwatch.org.br\/#organization"},"potentialAction":[{"@type":"SearchAction","target":{"@type":"EntryPoint","urlTemplate":"https:\/\/rioonwatch.org.br\/?s={search_term_string}"},"query-input":{"@type":"PropertyValueSpecification","valueRequired":true,"valueName":"search_term_string"}}],"inLanguage":"pt-BR"},{"@type":"Organization","@id":"https:\/\/rioonwatch.org.br\/#organization","name":"RioOnWatch","url":"https:\/\/rioonwatch.org.br\/","logo":{"@type":"ImageObject","inLanguage":"pt-BR","@id":"https:\/\/rioonwatch.org.br\/#\/schema\/logo\/image\/","url":"https:\/\/rioonwatch.org.br\/wp-content\/uploads\/2021\/06\/RioOnWatchcabecalhoPT11anos-2.png","contentUrl":"https:\/\/rioonwatch.org.br\/wp-content\/uploads\/2021\/06\/RioOnWatchcabecalhoPT11anos-2.png","width":779,"height":277,"caption":"RioOnWatch"},"image":{"@id":"https:\/\/rioonwatch.org.br\/#\/schema\/logo\/image\/"}},{"@type":"Person","@id":"https:\/\/rioonwatch.org.br\/#\/schema\/person\/e07d559fe2154d11fd3ec515e35695ee","name":"Nicole Froio","image":{"@type":"ImageObject","inLanguage":"pt-BR","@id":"https:\/\/rioonwatch.org.br\/#\/schema\/person\/image\/","url":"https:\/\/secure.gravatar.com\/avatar\/0acdbd6878ca0ac29aa5ce6c6119d636?s=96&d=blank&r=g","contentUrl":"https:\/\/secure.gravatar.com\/avatar\/0acdbd6878ca0ac29aa5ce6c6119d636?s=96&d=blank&r=g","caption":"Nicole Froio"},"url":"https:\/\/rioonwatch.org.br\/?author=137"}]}},"_links":{"self":[{"href":"https:\/\/rioonwatch.org.br\/index.php?rest_route=\/wp\/v2\/posts\/14686"}],"collection":[{"href":"https:\/\/rioonwatch.org.br\/index.php?rest_route=\/wp\/v2\/posts"}],"about":[{"href":"https:\/\/rioonwatch.org.br\/index.php?rest_route=\/wp\/v2\/types\/post"}],"author":[{"embeddable":true,"href":"https:\/\/rioonwatch.org.br\/index.php?rest_route=\/wp\/v2\/users\/137"}],"replies":[{"embeddable":true,"href":"https:\/\/rioonwatch.org.br\/index.php?rest_route=%2Fwp%2Fv2%2Fcomments&post=14686"}],"version-history":[{"count":12,"href":"https:\/\/rioonwatch.org.br\/index.php?rest_route=\/wp\/v2\/posts\/14686\/revisions"}],"predecessor-version":[{"id":41591,"href":"https:\/\/rioonwatch.org.br\/index.php?rest_route=\/wp\/v2\/posts\/14686\/revisions\/41591"}],"wp:featuredmedia":[{"embeddable":true,"href":"https:\/\/rioonwatch.org.br\/index.php?rest_route=\/wp\/v2\/media\/14688"}],"wp:attachment":[{"href":"https:\/\/rioonwatch.org.br\/index.php?rest_route=%2Fwp%2Fv2%2Fmedia&parent=14686"}],"wp:term":[{"taxonomy":"category","embeddable":true,"href":"https:\/\/rioonwatch.org.br\/index.php?rest_route=%2Fwp%2Fv2%2Fcategories&post=14686"},{"taxonomy":"post_tag","embeddable":true,"href":"https:\/\/rioonwatch.org.br\/index.php?rest_route=%2Fwp%2Fv2%2Ftags&post=14686"},{"taxonomy":"writer","embeddable":true,"href":"https:\/\/rioonwatch.org.br\/index.php?rest_route=%2Fwp%2Fv2%2Fwriter&post=14686"},{"taxonomy":"translator","embeddable":true,"href":"https:\/\/rioonwatch.org.br\/index.php?rest_route=%2Fwp%2Fv2%2Ftranslator&post=14686"},{"taxonomy":"source","embeddable":true,"href":"https:\/\/rioonwatch.org.br\/index.php?rest_route=%2Fwp%2Fv2%2Fsource&post=14686"},{"taxonomy":"ilustrador","embeddable":true,"href":"https:\/\/rioonwatch.org.br\/index.php?rest_route=%2Fwp%2Fv2%2Filustrador&post=14686"},{"taxonomy":"fotografo","embeddable":true,"href":"https:\/\/rioonwatch.org.br\/index.php?rest_route=%2Fwp%2Fv2%2Ffotografo&post=14686"}],"curies":[{"name":"wp","href":"https:\/\/api.w.org\/{rel}","templated":true}]}}