{"id":14751,"date":"2015-07-01T11:01:30","date_gmt":"2015-07-01T14:01:30","guid":{"rendered":"http:\/\/rioonwatch.org.br\/?p=14751"},"modified":"2021-06-27T10:55:08","modified_gmt":"2021-06-27T13:55:08","slug":"caravana-43-do-mexico-encerra-tour-na-america-latina-com-dias-memoraveis-no-rio","status":"publish","type":"post","link":"https:\/\/rioonwatch.org.br\/?p=14751","title":{"rendered":"Caravana 43 do M\u00e9xico Encerra Tour na Am\u00e9rica Latina com Dias Memor\u00e1veis no Rio"},"content":{"rendered":"<p>Quase nove meses depois dos <a href=\"http:\/\/bit.ly\/1eYB6gi\" target=\"_blank\" rel=\"noopener\">43 estudantes mexicanos terem sido sequestrados<\/a>, tr\u00eas pais e um companheiro de curso\u00a0dos 43 normalistas visitaram o Rio na semana passada para concluir a viagem da <a href=\"http:\/\/bit.ly\/1LzqYoi\" target=\"_blank\" rel=\"noopener\">Caravana 43<\/a> pela Am\u00e9rica do Sul.<\/p>\n<p>Os pais Mario C\u00e9sar Gonz\u00e1lez, Hilda Hernandez Rivera e Hilda Legide\u00f1o Vargas, acompanhados do normalista sobrevivente ao ataque Francisco S\u00e1nchez Nava, compunham a Caravana. O grupo, que visitou tamb\u00e9m a Argentina e o Uruguai, se encontrou com brasileiros v\u00edtimas de viol\u00eancia, grupos ativistas, grupos ind\u00edgenas e ativistas da \u00e1rea de educa\u00e7\u00e3o\u00a0em diversas \u00e1reas do Rio. O objetivo da Caravana foi o de formar uma rede forte com outros movimentos latino americanos e unir for\u00e7as contra o terrorismo de estado na Am\u00e9rica Latina, disse S\u00e1nchez Nava.<\/p>\n<p>\u201cQueremos a presen\u00e7a, queremos a uni\u00e3o, queremos ver que todos temos realmente um cora\u00e7\u00e3o em nossos peitos, e que somos todos irm\u00e3os,\u201d disse. \u201cOs governos globalizaram a viol\u00eancia. Devemos globalizar a irmandade, a resist\u00eancia e a for\u00e7a para mostrar aos nossos governos, ao sistema, ao Estado, que estamos cansados. Todos os dias seremos mais e mais. A cada dia haver\u00e1 uma for\u00e7a mais forte&#8221;.<\/p>\n<p>A Caravana lan\u00e7ou sua semana de atividades no Rio com uma <a href=\"http:\/\/bit.ly\/1dea1nv\" target=\"_blank\" rel=\"noopener\">confer\u00eancia de imprensa<\/a> composta por uma plat\u00e9ia\u00a0de quase 60 ativistas e jornalistas no dia 9 de junho, no Centro da cidade. Os quatro convidados relataram hist\u00f3rias da noite do dia 26 de setembro, quando as not\u00edcias do desaparecimento dos seus filhos foram lan\u00e7adas. Pediram o apoio do povo brasileiro e exigiam que os 43 estudantes voltassem vivos.<\/p>\n<p>Mario C\u00e9sar Gonz\u00e1lez disse que os pais dos 43 estudantes ainda acreditam que seus filhos est\u00e3o vivos porque nenhuma prova apresentada pelo governo mexicano \u00e9 considerada fi\u00e1vel. Eles acrescentaram que investigadores independentes argentinos haviam questionado a credibilidade cient\u00edfica das provas.<\/p>\n<p>\u201cSe tivermos que ir at\u00e9 o fim do mundo para encontrar estes jovens, iremos\u201d, disse Mario C\u00e9sar Gonz\u00e1lez.<\/p>\n<p>O evento terminou em voz alta: \u201cForam levados vivos, e vivos \u00e9 como os queremos de volta!\u201d, um c\u00e2ntico que seria repetido durante a semana toda.<\/p>\n<p><a href=\"http:\/\/rioonwatch.org.br\/wp-content\/uploads\/2015\/06\/20150610_173506.jpg\"><img fetchpriority=\"high\" decoding=\"async\" class=\"aligncenter size-full wp-image-14756\" title=\"43 estudantes mexicanos foram raptados em setembro\" src=\"http:\/\/rioonwatch.org.br\/wp-content\/uploads\/2015\/06\/20150610_173506.jpg\" alt=\"\" width=\"703\" height=\"395\" srcset=\"https:\/\/rioonwatch.org.br\/wp-content\/uploads\/2015\/06\/20150610_173506.jpg 703w, https:\/\/rioonwatch.org.br\/wp-content\/uploads\/2015\/06\/20150610_173506-470x264.jpg 470w, https:\/\/rioonwatch.org.br\/wp-content\/uploads\/2015\/06\/20150610_173506-620x348.jpg 620w, https:\/\/rioonwatch.org.br\/wp-content\/uploads\/2015\/06\/20150610_173506-580x326.jpg 580w, https:\/\/rioonwatch.org.br\/wp-content\/uploads\/2015\/06\/20150610_173506-174x98.jpg 174w\" sizes=\"(max-width: 703px) 100vw, 703px\" \/><\/a><\/p>\n<p>No dia 10 de junho, a <a href=\"http:\/\/bit.ly\/1Lzry5m\" target=\"_blank\" rel=\"noopener\">Caravana se apresentou no Museu da Mar\u00e9<\/a>, <a href=\"http:\/\/bit.ly\/1qhz1JJ\" target=\"_blank\" rel=\"noopener\">um museu<\/a> localizado dentro do\u00a0<a href=\"http:\/\/bit.ly\/10BvARw\" target=\"_blank\" rel=\"noopener\">Complexo da Mar\u00e9<\/a>. Moradores de favelas de v\u00e1rias partes da cidade compareceram ao evento para demonstrar solidariedade e partilhar suas experi\u00eancias como v\u00edtimas de viol\u00eancia policial em suas comunidades.<\/p>\n<p>\u201cPedimos o apoio e solidariedade de voc\u00eas para que no M\u00e9xico se deem conta de que existem pessoas de todo o continente nos apoiando\u201d, disse Legide\u00f1o Vargas a plat\u00e9ia.<\/p>\n<p>A Caravana se encontrou antes com grupos ativistas e lideran\u00e7as comunit\u00e1rias privadamente e depois participou de um painel p\u00fablico que incluiu quatro moradores de favelas, incluindo <a href=\"http:\/\/bit.ly\/1ASz0RG\" target=\"_blank\" rel=\"noopener\">Ana Paula de Oliveira<\/a> de <a href=\"http:\/\/bit.ly\/ZC9b6z\" target=\"_blank\" rel=\"noopener\">Manguinhos<\/a>, <a href=\"http:\/\/bit.ly\/1NvEn28\" target=\"_blank\" rel=\"noopener\">Vitor Lira<\/a> do\u00a0<a href=\"http:\/\/bit.ly\/YZD9al\" target=\"_blank\" rel=\"noopener\">Santa Marta<\/a>, M\u00f4nica Cunha da organiza\u00e7\u00e3o <a href=\"http:\/\/on.fb.me\/1GLsX4D\" target=\"_blank\" rel=\"noopener\">Movimento Moleque<\/a>, e <a href=\"http:\/\/glo.bo\/1U6tA31\" target=\"_blank\" rel=\"noopener\">Irone Maria Santiago<\/a> do Complexo da Mar\u00e9.<\/p>\n<p>Ana Paula Oliveira, em particular, sente uma conex\u00e3o forte com o movimento da Caravana 43 porque perdeu um filho por causa da viol\u00eancia policial no Rio.<\/p>\n<p>Ela disse: &#8220;A minha luta se faz necess\u00e1ria porque eu tenho consci\u00eancia que infelizmente meu filho n\u00e3o vai mais voltar para mim mais eu n\u00e3o posso ficar de bra\u00e7os cruzados e eu tenho que lutar pela minha vida, pela vida de todos voc\u00eas que est\u00e3o aqui, pela vida de toda favela, de todos os jovens, de todos os moradores de favelas. Eu vou fazendo a minha caminhada at\u00e9 quando der. At\u00e9 quando tiver sa\u00fade e for\u00e7as para lutar eu irei em frente&#8221;.<\/p>\n<p>M\u00f4nica Cunha continuou a discuss\u00e3o ressaltando a import\u00e2ncia de educar a juventude da favela para direcionar suas vis\u00f5es para al\u00e9m do estigma social negativo.<\/p>\n<p>\u201cDevemos mudar essa hist\u00f3ria, e dizer-lhes que eles podem, dizer-lhes que s\u00e3o seres humanos, que t\u00eam direitos, que a cidade \u00e9 deles, que o estado \u00e9 deles, que o pa\u00eds \u00e9 deles&#8221;, disse M\u00f4nica Cunha.<\/p>\n<p>Francisco Sanchez Nava direcionou sua mensagem ao governo brasileiro e pediu justi\u00e7a para as v\u00e1rias v\u00edtimas que a Caravana conheceu durante a sua visita ao Brasil. Nava listou mais de uma d\u00fazia de nomes de vitimas de S\u00e3o Paulo, Porto Alegre, e Rio de Janeiro.<\/p>\n<p><a href=\"http:\/\/rioonwatch.org.br\/wp-content\/uploads\/2015\/06\/20150610_184120-e1435696092690.jpg\"><img decoding=\"async\" class=\"aligncenter size-full wp-image-14757\" title=\"Caravana 43 falou no Museu da Mar\u00e9\" src=\"http:\/\/rioonwatch.org.br\/wp-content\/uploads\/2015\/06\/20150610_184120-e1435696092690.jpg\" alt=\"\" width=\"620\" height=\"348\" srcset=\"https:\/\/rioonwatch.org.br\/wp-content\/uploads\/2015\/06\/20150610_184120-e1435696092690.jpg 620w, https:\/\/rioonwatch.org.br\/wp-content\/uploads\/2015\/06\/20150610_184120-e1435696092690-470x264.jpg 470w, https:\/\/rioonwatch.org.br\/wp-content\/uploads\/2015\/06\/20150610_184120-e1435696092690-580x326.jpg 580w, https:\/\/rioonwatch.org.br\/wp-content\/uploads\/2015\/06\/20150610_184120-e1435696092690-174x98.jpg 174w\" sizes=\"(max-width: 620px) 100vw, 620px\" \/><\/a><\/p>\n<p>Na manh\u00e3 de 11 de junho, a Caravana visitou o <a href=\"http:\/\/bit.ly\/1GxzZK8\" target=\"_blank\" rel=\"noopener\">Centro de Etno-conhecimento S\u00f3cio Cultural e Ambiental Cauier\u00e9 (CESAC)<\/a> na <a href=\"http:\/\/bit.ly\/WximDf\" target=\"_blank\" rel=\"noopener\">Zona Norte<\/a> do Rio para uma reuni\u00e3o privada com ind\u00edgenas Guarani: os TekoHaw, os Guajajara, Madurunku, Tupinamb\u00e1s de Oliven\u00e7a, Ash\u00e1ninka, Krenak, Krikati, e Manaua. O evento foi seguido de uma visita a uma comunidade no bairro do Maracan\u00e3, onde os representantes da Caravana pediram o retorno dos 43 normalistas e justi\u00e7a para as popula\u00e7\u00f5es ind\u00edgenas do Rio, que j\u00e1 sofreram\u00a0muita opress\u00e3o por parte do Estado.<\/p>\n<p>Na manh\u00e3 do dia seguinte, cerca de 15 pessoas se juntaram a Caravana para uma demonstra\u00e7\u00e3o em frente ao consulado mexicano. Os organizadores brasileiros da Caravana entregaram uma <a href=\"http:\/\/bit.ly\/1GF4Qrx\" target=\"_blank\" rel=\"noopener\">carta assinada por diversas organiza\u00e7\u00f5es e ativistas<\/a> para o Consulado Geral.<\/p>\n<p>As tens\u00f5es aumentaram durante o evento quando o Consulado Geral, rapidamente, distribuiu panfletos com a resposta oficial do governo pelo incidente dos Ayotzinapa e entrou correndo para dentro. N\u00e3o estando de acordo com algumas de suas declara\u00e7\u00f5es, Francisco Sanchez Nava rasgou simbolicamente o panfleto pela metade e atirou-o a porta do Consulado Mexicano.<\/p>\n<p>O segundo evento, um debate chamado \u201cPenso, e Logo Me Fazem Desaparecer\u201d, no dia 12 de junho se deu na UERJ. O objetivo foi partilhar as experi\u00eancias e lutas pela educa\u00e7\u00e3o p\u00fablica na cidade do Rio e no M\u00e9xico.<\/p>\n<p>M\u00e1rcia Curi Vaz Galv\u00e3o, l\u00edder da organiza\u00e7\u00e3o <a href=\"http:\/\/bit.ly\/1LjFIKd\" target=\"_blank\" rel=\"noopener\">Filhos e Netos por Mem\u00f3ria, Verdade e Justi\u00e7a<\/a>, uma organiza\u00e7\u00e3o que conscientiza sobre as consequ\u00eancias da ditadura brasileira e providencia ajuda psicol\u00f3gica para membros da fam\u00edlia das vitimas do Estado durante a ditadura, disse que pode encontrar semelhan\u00e7as\u00a0entre as experi\u00eancias dos membros da Caravana e os membros da organiza\u00e7\u00e3o.<\/p>\n<p>M\u00e1rcia Curi Vaz Galv\u00e3o disse: &#8220;Quando eu cheguei l\u00e1 e ouvi aquele rapaz Francisco [S\u00e1nchez Nava] falando, pensei: mas ele est\u00e1 falando o que eu diria. \u00c9 a mesma causa, \u00e9 a mesma Am\u00e9rica&#8221;.<\/p>\n<p>A Caravana concluiu sua viagem pela Am\u00e9rica do Sul com um grande evento na escadaria da C\u00e2mara Municipal. O evento reuniu cerca de 200 espectadores que apreciaram m\u00fasica latino-americana e discursos de grupos de ativistas locais.<\/p>\n<p><a href=\"http:\/\/rioonwatch.org.br\/wp-content\/uploads\/2015\/06\/20150612_200103-e1435696158806.jpg\"><img decoding=\"async\" class=\"aligncenter size-full wp-image-14758\" title=\"Evento final da Caravana 43\" src=\"http:\/\/rioonwatch.org.br\/wp-content\/uploads\/2015\/06\/20150612_200103-e1435696158806.jpg\" alt=\"\" width=\"620\" height=\"348\" srcset=\"https:\/\/rioonwatch.org.br\/wp-content\/uploads\/2015\/06\/20150612_200103-e1435696158806.jpg 620w, https:\/\/rioonwatch.org.br\/wp-content\/uploads\/2015\/06\/20150612_200103-e1435696158806-470x264.jpg 470w, https:\/\/rioonwatch.org.br\/wp-content\/uploads\/2015\/06\/20150612_200103-e1435696158806-580x326.jpg 580w, https:\/\/rioonwatch.org.br\/wp-content\/uploads\/2015\/06\/20150612_200103-e1435696158806-174x98.jpg 174w\" sizes=\"(max-width: 620px) 100vw, 620px\" \/><\/a><\/p>\n<p>O grupo de M\u00e1rcia Curi Vaz Galv\u00e3o falou durante o evento e cada membro do grupo mudou simbolicamente seu nome durante o encontro para representar um dos 43 estudantes mexicanos.<\/p>\n<p>Ela disse:\u00a0\u201cA gente ap\u00f3ia\u00a0[a Caravana] porque a gente entende que os 43 desaparecidos ou assassinados de Ayotzinapa, esses 43 meninos que desapareceram, s\u00e3o exatamente os mesmos n\u00e3o sei quantos desaparecidos da ditadura militar do Brasil, s\u00e3o os mesmos desaparecidos da ditadura disfar\u00e7ada que a gente vive hoje no Rio de Janeiro sob a viol\u00eancia do estado, s\u00e3o os mesmos desaparecidos da Argentina&#8230; e Uruguai. A causa \u00e9 a mesma. S\u00f3 muda o nome do pa\u00eds, o nome da pessoa e o endere\u00e7o porque a gente \u00e9 v\u00edtima sim de uma mesma viol\u00eancia, que \u00e9 a viol\u00eancia do estado autorit\u00e1rio e perverso querendo calar o povo quando ele tenta se levantar e tentar ser autor da sua pr\u00f3pria vida&#8221;.<\/p>\n<!-- AddThis Advanced Settings generic via filter on the_content --><!-- AddThis Share Buttons generic via filter on the_content -->","protected":false},"excerpt":{"rendered":"<div class=\"mh-excerpt\"><p>Quase nove meses depois dos 43 estudantes mexicanos terem sido sequestrados, tr\u00eas pais e um companheiro de curso\u00a0dos 43 normalistas visitaram o Rio na semana passada para concluir a viagem da Caravana 43 pela Am\u00e9rica <a class=\"mh-excerpt-more\" href=\"https:\/\/rioonwatch.org.br\/?p=14751\" title=\"Caravana 43 do M\u00e9xico Encerra Tour na Am\u00e9rica Latina com Dias Memor\u00e1veis no Rio\">[&#8230;]<\/a><!-- AddThis Advanced Settings generic via filter on get_the_excerpt --><!-- AddThis Share Buttons generic via filter on get_the_excerpt --><\/p>\n<\/div>","protected":false},"author":129,"featured_media":14754,"comment_status":"closed","ping_status":"closed","sticky":false,"template":"","format":"standard","meta":{"_acf_changed":false,"_monsterinsights_skip_tracking":false,"_monsterinsights_sitenote_active":false,"_monsterinsights_sitenote_note":"","_monsterinsights_sitenote_category":0,"footnotes":""},"categories":[346,342],"tags":[386,614,759,332,1559,636,1560,3061,1111,1106,180,380,920,1144,218],"writer":[1322],"translator":[1528],"source":[],"ilustrador":[],"fotografo":[],"class_list":{"0":"post-14751","1":"post","2":"type-post","3":"status-publish","4":"format-standard","5":"has-post-thumbnail","7":"category-denuncias","8":"category-solucoes","9":"tag-estigma","10":"tag-aldeia-maracana","11":"tag-comparacao-internacional","12":"tag-complexo-da-mare","13":"tag-cooperacao","14":"tag-manguinhos","15":"tag-mexico","16":"tag-movimento-moleque","17":"tag-museu","18":"tag-museu-da-mare","19":"tag-santa-marta","20":"tag-solidariedade","21":"tag-violencia-de-estado","22":"tag-violencia-urbana","23":"tag-zona-norte","24":"writer-elma-gonzalez","25":"translator-adriana-thiago"},"acf":[],"yoast_head":"<!-- This site is optimized with the Yoast SEO plugin v25.6 - https:\/\/yoast.com\/wordpress\/plugins\/seo\/ -->\n<title>Caravana 43 do M\u00e9xico Encerra Tour na Am\u00e9rica Latina com Dias Memor\u00e1veis no Rio - RioOnWatch<\/title>\n<meta name=\"robots\" content=\"index, follow, max-snippet:-1, max-image-preview:large, max-video-preview:-1\" \/>\n<link rel=\"canonical\" href=\"https:\/\/rioonwatch.org.br\/?p=14751\" \/>\n<meta property=\"og:locale\" content=\"pt_BR\" \/>\n<meta property=\"og:type\" content=\"article\" \/>\n<meta property=\"og:title\" content=\"Caravana 43 do M\u00e9xico Encerra Tour na Am\u00e9rica Latina com Dias Memor\u00e1veis no Rio - RioOnWatch\" \/>\n<meta property=\"og:description\" content=\"Quase nove meses depois dos 43 estudantes mexicanos terem sido sequestrados, tr\u00eas pais e um companheiro de curso\u00a0dos 43 normalistas visitaram o Rio na semana passada para concluir a viagem da Caravana 43 pela Am\u00e9rica [...]\" \/>\n<meta property=\"og:url\" content=\"https:\/\/rioonwatch.org.br\/?p=14751\" \/>\n<meta property=\"og:site_name\" content=\"RioOnWatch\" \/>\n<meta property=\"article:published_time\" content=\"2015-07-01T14:01:30+00:00\" \/>\n<meta property=\"article:modified_time\" content=\"2021-06-27T13:55:08+00:00\" \/>\n<meta property=\"og:image\" content=\"https:\/\/rioonwatch.org.br\/wp-content\/uploads\/2015\/06\/20150610_182407-e1435694328102.jpg\" \/>\n\t<meta property=\"og:image:width\" content=\"620\" \/>\n\t<meta property=\"og:image:height\" content=\"348\" \/>\n\t<meta property=\"og:image:type\" content=\"image\/jpeg\" \/>\n<meta name=\"author\" content=\"Admin\" \/>\n<meta name=\"twitter:card\" content=\"summary_large_image\" \/>\n<meta name=\"twitter:label1\" content=\"Escrito por\" \/>\n\t<meta name=\"twitter:data1\" content=\"Admin\" \/>\n\t<meta name=\"twitter:label2\" content=\"Est. tempo de leitura\" \/>\n\t<meta name=\"twitter:data2\" content=\"6 minutos\" \/>\n<script type=\"application\/ld+json\" class=\"yoast-schema-graph\">{\"@context\":\"https:\/\/schema.org\",\"@graph\":[{\"@type\":\"Article\",\"@id\":\"https:\/\/rioonwatch.org.br\/?p=14751#article\",\"isPartOf\":{\"@id\":\"https:\/\/rioonwatch.org.br\/?p=14751\"},\"author\":{\"name\":\"Admin\",\"@id\":\"https:\/\/rioonwatch.org.br\/#\/schema\/person\/11d64c290506f9df50c71b850c473f68\"},\"headline\":\"Caravana 43 do M\u00e9xico Encerra Tour na Am\u00e9rica Latina com Dias Memor\u00e1veis no Rio\",\"datePublished\":\"2015-07-01T14:01:30+00:00\",\"dateModified\":\"2021-06-27T13:55:08+00:00\",\"mainEntityOfPage\":{\"@id\":\"https:\/\/rioonwatch.org.br\/?p=14751\"},\"wordCount\":1292,\"publisher\":{\"@id\":\"https:\/\/rioonwatch.org.br\/#organization\"},\"image\":{\"@id\":\"https:\/\/rioonwatch.org.br\/?p=14751#primaryimage\"},\"thumbnailUrl\":\"https:\/\/rioonwatch.org.br\/wp-content\/uploads\/2015\/06\/20150610_182407-e1435694328102.jpg\",\"keywords\":[\"#StopFavelaStigma\",\"Aldeia Maracan\u00e3\",\"compara\u00e7\u00e3o internacional\",\"Complexo da Mar\u00e9\",\"coopera\u00e7\u00e3o\",\"Manguinhos\",\"M\u00e9xico\",\"Movimento Moleque\",\"museu\",\"Museu da Mar\u00e9\",\"Santa Marta\",\"solidariedade\",\"viol\u00eancia de Estado\",\"viol\u00eancia urbana\",\"Zona Norte\"],\"articleSection\":[\"Den\u00fancias\",\"Solu\u00e7\u00f5es\"],\"inLanguage\":\"pt-BR\"},{\"@type\":\"WebPage\",\"@id\":\"https:\/\/rioonwatch.org.br\/?p=14751\",\"url\":\"https:\/\/rioonwatch.org.br\/?p=14751\",\"name\":\"Caravana 43 do M\u00e9xico Encerra Tour na Am\u00e9rica Latina com Dias Memor\u00e1veis no Rio - RioOnWatch\",\"isPartOf\":{\"@id\":\"https:\/\/rioonwatch.org.br\/#website\"},\"primaryImageOfPage\":{\"@id\":\"https:\/\/rioonwatch.org.br\/?p=14751#primaryimage\"},\"image\":{\"@id\":\"https:\/\/rioonwatch.org.br\/?p=14751#primaryimage\"},\"thumbnailUrl\":\"https:\/\/rioonwatch.org.br\/wp-content\/uploads\/2015\/06\/20150610_182407-e1435694328102.jpg\",\"datePublished\":\"2015-07-01T14:01:30+00:00\",\"dateModified\":\"2021-06-27T13:55:08+00:00\",\"breadcrumb\":{\"@id\":\"https:\/\/rioonwatch.org.br\/?p=14751#breadcrumb\"},\"inLanguage\":\"pt-BR\",\"potentialAction\":[{\"@type\":\"ReadAction\",\"target\":[\"https:\/\/rioonwatch.org.br\/?p=14751\"]}]},{\"@type\":\"ImageObject\",\"inLanguage\":\"pt-BR\",\"@id\":\"https:\/\/rioonwatch.org.br\/?p=14751#primaryimage\",\"url\":\"https:\/\/rioonwatch.org.br\/wp-content\/uploads\/2015\/06\/20150610_182407-e1435694328102.jpg\",\"contentUrl\":\"https:\/\/rioonwatch.org.br\/wp-content\/uploads\/2015\/06\/20150610_182407-e1435694328102.jpg\",\"width\":620,\"height\":348},{\"@type\":\"BreadcrumbList\",\"@id\":\"https:\/\/rioonwatch.org.br\/?p=14751#breadcrumb\",\"itemListElement\":[{\"@type\":\"ListItem\",\"position\":1,\"name\":\"In\u00edcio\",\"item\":\"https:\/\/rioonwatch.org.br\/\"},{\"@type\":\"ListItem\",\"position\":2,\"name\":\"Caravana 43 do M\u00e9xico Encerra Tour na Am\u00e9rica Latina com Dias Memor\u00e1veis no Rio\"}]},{\"@type\":\"WebSite\",\"@id\":\"https:\/\/rioonwatch.org.br\/#website\",\"url\":\"https:\/\/rioonwatch.org.br\/\",\"name\":\"RioOnWatch\",\"description\":\"relatos das favelas cariocas\",\"publisher\":{\"@id\":\"https:\/\/rioonwatch.org.br\/#organization\"},\"potentialAction\":[{\"@type\":\"SearchAction\",\"target\":{\"@type\":\"EntryPoint\",\"urlTemplate\":\"https:\/\/rioonwatch.org.br\/?s={search_term_string}\"},\"query-input\":{\"@type\":\"PropertyValueSpecification\",\"valueRequired\":true,\"valueName\":\"search_term_string\"}}],\"inLanguage\":\"pt-BR\"},{\"@type\":\"Organization\",\"@id\":\"https:\/\/rioonwatch.org.br\/#organization\",\"name\":\"RioOnWatch\",\"url\":\"https:\/\/rioonwatch.org.br\/\",\"logo\":{\"@type\":\"ImageObject\",\"inLanguage\":\"pt-BR\",\"@id\":\"https:\/\/rioonwatch.org.br\/#\/schema\/logo\/image\/\",\"url\":\"https:\/\/rioonwatch.org.br\/wp-content\/uploads\/2021\/06\/RioOnWatchcabecalhoPT11anos-2.png\",\"contentUrl\":\"https:\/\/rioonwatch.org.br\/wp-content\/uploads\/2021\/06\/RioOnWatchcabecalhoPT11anos-2.png\",\"width\":779,\"height\":277,\"caption\":\"RioOnWatch\"},\"image\":{\"@id\":\"https:\/\/rioonwatch.org.br\/#\/schema\/logo\/image\/\"}},{\"@type\":\"Person\",\"@id\":\"https:\/\/rioonwatch.org.br\/#\/schema\/person\/11d64c290506f9df50c71b850c473f68\",\"name\":\"Admin\",\"image\":{\"@type\":\"ImageObject\",\"inLanguage\":\"pt-BR\",\"@id\":\"https:\/\/rioonwatch.org.br\/#\/schema\/person\/image\/\",\"url\":\"https:\/\/secure.gravatar.com\/avatar\/56211ac74568383903349a1485e3c325?s=96&d=blank&r=g\",\"contentUrl\":\"https:\/\/secure.gravatar.com\/avatar\/56211ac74568383903349a1485e3c325?s=96&d=blank&r=g\",\"caption\":\"Admin\"},\"url\":\"https:\/\/rioonwatch.org.br\/?author=129\"}]}<\/script>\n<!-- \/ Yoast SEO plugin. -->","yoast_head_json":{"title":"Caravana 43 do M\u00e9xico Encerra Tour na Am\u00e9rica Latina com Dias Memor\u00e1veis no Rio - RioOnWatch","robots":{"index":"index","follow":"follow","max-snippet":"max-snippet:-1","max-image-preview":"max-image-preview:large","max-video-preview":"max-video-preview:-1"},"canonical":"https:\/\/rioonwatch.org.br\/?p=14751","og_locale":"pt_BR","og_type":"article","og_title":"Caravana 43 do M\u00e9xico Encerra Tour na Am\u00e9rica Latina com Dias Memor\u00e1veis no Rio - RioOnWatch","og_description":"Quase nove meses depois dos 43 estudantes mexicanos terem sido sequestrados, tr\u00eas pais e um companheiro de curso\u00a0dos 43 normalistas visitaram o Rio na semana passada para concluir a viagem da Caravana 43 pela Am\u00e9rica [...]","og_url":"https:\/\/rioonwatch.org.br\/?p=14751","og_site_name":"RioOnWatch","article_published_time":"2015-07-01T14:01:30+00:00","article_modified_time":"2021-06-27T13:55:08+00:00","og_image":[{"width":620,"height":348,"url":"https:\/\/rioonwatch.org.br\/wp-content\/uploads\/2015\/06\/20150610_182407-e1435694328102.jpg","type":"image\/jpeg"}],"author":"Admin","twitter_card":"summary_large_image","twitter_misc":{"Escrito por":"Admin","Est. tempo de leitura":"6 minutos"},"schema":{"@context":"https:\/\/schema.org","@graph":[{"@type":"Article","@id":"https:\/\/rioonwatch.org.br\/?p=14751#article","isPartOf":{"@id":"https:\/\/rioonwatch.org.br\/?p=14751"},"author":{"name":"Admin","@id":"https:\/\/rioonwatch.org.br\/#\/schema\/person\/11d64c290506f9df50c71b850c473f68"},"headline":"Caravana 43 do M\u00e9xico Encerra Tour na Am\u00e9rica Latina com Dias Memor\u00e1veis no Rio","datePublished":"2015-07-01T14:01:30+00:00","dateModified":"2021-06-27T13:55:08+00:00","mainEntityOfPage":{"@id":"https:\/\/rioonwatch.org.br\/?p=14751"},"wordCount":1292,"publisher":{"@id":"https:\/\/rioonwatch.org.br\/#organization"},"image":{"@id":"https:\/\/rioonwatch.org.br\/?p=14751#primaryimage"},"thumbnailUrl":"https:\/\/rioonwatch.org.br\/wp-content\/uploads\/2015\/06\/20150610_182407-e1435694328102.jpg","keywords":["#StopFavelaStigma","Aldeia Maracan\u00e3","compara\u00e7\u00e3o internacional","Complexo da Mar\u00e9","coopera\u00e7\u00e3o","Manguinhos","M\u00e9xico","Movimento Moleque","museu","Museu da Mar\u00e9","Santa Marta","solidariedade","viol\u00eancia de Estado","viol\u00eancia urbana","Zona Norte"],"articleSection":["Den\u00fancias","Solu\u00e7\u00f5es"],"inLanguage":"pt-BR"},{"@type":"WebPage","@id":"https:\/\/rioonwatch.org.br\/?p=14751","url":"https:\/\/rioonwatch.org.br\/?p=14751","name":"Caravana 43 do M\u00e9xico Encerra Tour na Am\u00e9rica Latina com Dias Memor\u00e1veis no Rio - RioOnWatch","isPartOf":{"@id":"https:\/\/rioonwatch.org.br\/#website"},"primaryImageOfPage":{"@id":"https:\/\/rioonwatch.org.br\/?p=14751#primaryimage"},"image":{"@id":"https:\/\/rioonwatch.org.br\/?p=14751#primaryimage"},"thumbnailUrl":"https:\/\/rioonwatch.org.br\/wp-content\/uploads\/2015\/06\/20150610_182407-e1435694328102.jpg","datePublished":"2015-07-01T14:01:30+00:00","dateModified":"2021-06-27T13:55:08+00:00","breadcrumb":{"@id":"https:\/\/rioonwatch.org.br\/?p=14751#breadcrumb"},"inLanguage":"pt-BR","potentialAction":[{"@type":"ReadAction","target":["https:\/\/rioonwatch.org.br\/?p=14751"]}]},{"@type":"ImageObject","inLanguage":"pt-BR","@id":"https:\/\/rioonwatch.org.br\/?p=14751#primaryimage","url":"https:\/\/rioonwatch.org.br\/wp-content\/uploads\/2015\/06\/20150610_182407-e1435694328102.jpg","contentUrl":"https:\/\/rioonwatch.org.br\/wp-content\/uploads\/2015\/06\/20150610_182407-e1435694328102.jpg","width":620,"height":348},{"@type":"BreadcrumbList","@id":"https:\/\/rioonwatch.org.br\/?p=14751#breadcrumb","itemListElement":[{"@type":"ListItem","position":1,"name":"In\u00edcio","item":"https:\/\/rioonwatch.org.br\/"},{"@type":"ListItem","position":2,"name":"Caravana 43 do M\u00e9xico Encerra Tour na Am\u00e9rica Latina com Dias Memor\u00e1veis no Rio"}]},{"@type":"WebSite","@id":"https:\/\/rioonwatch.org.br\/#website","url":"https:\/\/rioonwatch.org.br\/","name":"RioOnWatch","description":"relatos das favelas cariocas","publisher":{"@id":"https:\/\/rioonwatch.org.br\/#organization"},"potentialAction":[{"@type":"SearchAction","target":{"@type":"EntryPoint","urlTemplate":"https:\/\/rioonwatch.org.br\/?s={search_term_string}"},"query-input":{"@type":"PropertyValueSpecification","valueRequired":true,"valueName":"search_term_string"}}],"inLanguage":"pt-BR"},{"@type":"Organization","@id":"https:\/\/rioonwatch.org.br\/#organization","name":"RioOnWatch","url":"https:\/\/rioonwatch.org.br\/","logo":{"@type":"ImageObject","inLanguage":"pt-BR","@id":"https:\/\/rioonwatch.org.br\/#\/schema\/logo\/image\/","url":"https:\/\/rioonwatch.org.br\/wp-content\/uploads\/2021\/06\/RioOnWatchcabecalhoPT11anos-2.png","contentUrl":"https:\/\/rioonwatch.org.br\/wp-content\/uploads\/2021\/06\/RioOnWatchcabecalhoPT11anos-2.png","width":779,"height":277,"caption":"RioOnWatch"},"image":{"@id":"https:\/\/rioonwatch.org.br\/#\/schema\/logo\/image\/"}},{"@type":"Person","@id":"https:\/\/rioonwatch.org.br\/#\/schema\/person\/11d64c290506f9df50c71b850c473f68","name":"Admin","image":{"@type":"ImageObject","inLanguage":"pt-BR","@id":"https:\/\/rioonwatch.org.br\/#\/schema\/person\/image\/","url":"https:\/\/secure.gravatar.com\/avatar\/56211ac74568383903349a1485e3c325?s=96&d=blank&r=g","contentUrl":"https:\/\/secure.gravatar.com\/avatar\/56211ac74568383903349a1485e3c325?s=96&d=blank&r=g","caption":"Admin"},"url":"https:\/\/rioonwatch.org.br\/?author=129"}]}},"_links":{"self":[{"href":"https:\/\/rioonwatch.org.br\/index.php?rest_route=\/wp\/v2\/posts\/14751"}],"collection":[{"href":"https:\/\/rioonwatch.org.br\/index.php?rest_route=\/wp\/v2\/posts"}],"about":[{"href":"https:\/\/rioonwatch.org.br\/index.php?rest_route=\/wp\/v2\/types\/post"}],"author":[{"embeddable":true,"href":"https:\/\/rioonwatch.org.br\/index.php?rest_route=\/wp\/v2\/users\/129"}],"replies":[{"embeddable":true,"href":"https:\/\/rioonwatch.org.br\/index.php?rest_route=%2Fwp%2Fv2%2Fcomments&post=14751"}],"version-history":[{"count":16,"href":"https:\/\/rioonwatch.org.br\/index.php?rest_route=\/wp\/v2\/posts\/14751\/revisions"}],"predecessor-version":[{"id":56536,"href":"https:\/\/rioonwatch.org.br\/index.php?rest_route=\/wp\/v2\/posts\/14751\/revisions\/56536"}],"wp:featuredmedia":[{"embeddable":true,"href":"https:\/\/rioonwatch.org.br\/index.php?rest_route=\/wp\/v2\/media\/14754"}],"wp:attachment":[{"href":"https:\/\/rioonwatch.org.br\/index.php?rest_route=%2Fwp%2Fv2%2Fmedia&parent=14751"}],"wp:term":[{"taxonomy":"category","embeddable":true,"href":"https:\/\/rioonwatch.org.br\/index.php?rest_route=%2Fwp%2Fv2%2Fcategories&post=14751"},{"taxonomy":"post_tag","embeddable":true,"href":"https:\/\/rioonwatch.org.br\/index.php?rest_route=%2Fwp%2Fv2%2Ftags&post=14751"},{"taxonomy":"writer","embeddable":true,"href":"https:\/\/rioonwatch.org.br\/index.php?rest_route=%2Fwp%2Fv2%2Fwriter&post=14751"},{"taxonomy":"translator","embeddable":true,"href":"https:\/\/rioonwatch.org.br\/index.php?rest_route=%2Fwp%2Fv2%2Ftranslator&post=14751"},{"taxonomy":"source","embeddable":true,"href":"https:\/\/rioonwatch.org.br\/index.php?rest_route=%2Fwp%2Fv2%2Fsource&post=14751"},{"taxonomy":"ilustrador","embeddable":true,"href":"https:\/\/rioonwatch.org.br\/index.php?rest_route=%2Fwp%2Fv2%2Filustrador&post=14751"},{"taxonomy":"fotografo","embeddable":true,"href":"https:\/\/rioonwatch.org.br\/index.php?rest_route=%2Fwp%2Fv2%2Ffotografo&post=14751"}],"curies":[{"name":"wp","href":"https:\/\/api.w.org\/{rel}","templated":true}]}}