{"id":14769,"date":"2015-07-03T08:40:39","date_gmt":"2015-07-03T11:40:39","guid":{"rendered":"http:\/\/rioonwatch.org.br\/?p=14769"},"modified":"2015-10-28T09:12:26","modified_gmt":"2015-10-28T12:12:26","slug":"coletivos-comunitarios-discutem-o-papel-do-midia-ativismo-na-diminuicao-do-estigma-das-favelas","status":"publish","type":"post","link":"https:\/\/rioonwatch.org.br\/?p=14769","title":{"rendered":"Coletivos Comunit\u00e1rios Discutem o Papel do M\u00eddia-Ativismo na Diminui\u00e7\u00e3o do Estigma das Favelas"},"content":{"rendered":"<p>Quarta-feira, 24 de junho, a ONG <a href=\"http:\/\/bit.ly\/M1C9YL\" target=\"_blank\">Viva Rio<\/a> sediou uma reuni\u00e3o p\u00fablica na Gl\u00f3ria,\u00a0<a href=\"http:\/\/bit.ly\/WximDf\" target=\"_blank\">Zona Sul<\/a> do Rio para discutir a import\u00e2ncia dos coletivos como uma nova forma de organiza\u00e7\u00e3o comunit\u00e1ria e seu papel dentro e fora das favelas. O debate fez parte do projeto de inclus\u00e3o digital do Viva Rio, o\u00a0<a href=\"http:\/\/bit.ly\/144fHHa\" target=\"_blank\">Viva Favela<\/a>.<\/p>\n<p>A discuss\u00e3o foi liderada por um painel formado por quarto l\u00edderes de <a href=\"http:\/\/bit.ly\/1FT2X6I\" target=\"_blank\">coletivos<\/a>\u00a0de comunica\u00e7\u00e3o comunit\u00e1ria: Rom\u00e1rio Regis da Ag\u00eancia PapaGoiaba em <a href=\"http:\/\/bit.ly\/1Iuqpxq\" target=\"_blank\">S\u00e3o Gon\u00e7alo<\/a> (<a href=\"http:\/\/bit.ly\/1IuqD7P\" target=\"_blank\">Grande Rio<\/a>), Thamyra Th\u00e2mara do GatoM\u00cdDIA do <a href=\"http:\/\/bit.ly\/U0MiGm\" target=\"_blank\">Complexo de Alem\u00e3o<\/a> (<a href=\"http:\/\/bit.ly\/WximDf\" target=\"_blank\">Zona Norte<\/a>), William da Silva do Anti\u00e9ticos da <a href=\"http:\/\/bit.ly\/1g63Krv\" target=\"_blank\">Vila Kennedy<\/a> (<a href=\"http:\/\/bit.ly\/11tBmFR\" target=\"_blank\">Zona Oeste<\/a>), e Carla Siccos do CDD\u00a0Acontece, da <a href=\"http:\/\/bit.ly\/10BzE4e\" target=\"_blank\">Cidade de Deus<\/a> (Zona Oeste) e foi mediada por Francisco Marcelo, diretor do <a href=\"http:\/\/bit.ly\/1LC7T89\" target=\"_blank\">Caminho Melhor Jovem<\/a> no <a href=\"http:\/\/bit.ly\/10BvARw\" target=\"_blank\">Complexo da Mar\u00e9<\/a> (Zona Norte).<\/p>\n<p>Os membros do painel come\u00e7aram o debate apresentando seus coletivos, discutindo os temas dos coletivos e sua <a href=\"http:\/\/bit.ly\/NYTWitness\" target=\"_blank\">crescente import\u00e2ncia nas favelas<\/a>. Thamyra do Gato M\u00cdDIA come\u00e7ou as introdu\u00e7\u00f5es, parabenizando a iniciativa de um painel t\u00e3o \u2018negro e lindo\u2019.<\/p>\n<p>Introduzindo o tema dos coletivos, Marcelo come\u00e7ou a discuss\u00e3o enfatizando a crescente influ\u00eancia das redes sociais na cria\u00e7\u00e3o do m\u00eddia-ativismo e \u201cna\u00a0possibilidade que os moradores das favelas e da periferia t\u00eam de construir seus canais e plataformas de comunica\u00e7\u00e3o, e a partir delas fazer que suas demandas sejam verbalizadas e ampliadas. Essa coisa de falar de dentro pra fora, sem que a gente tenha que necessariamente precisar do interm\u00e9dio da institui\u00e7\u00e3o A, B ou C. Assim a gente consegue se auto-organizar, o que \u00e9 uma coisa muito bacana. E essa descentraliza\u00e7\u00e3o leva a uma quest\u00e3o de autonomia e legitimidade que \u00e9 muito bacana&#8221;.<\/p>\n<p><a href=\"http:\/\/rioonwatch.org.br\/wp-content\/uploads\/2015\/07\/VivaFavela-Colellective-panel-posing-with-audience-members-after-the-dialogue--e1435761295546.jpg\"><img fetchpriority=\"high\" decoding=\"async\" class=\"aligncenter size-full wp-image-14773\" src=\"http:\/\/rioonwatch.org.br\/wp-content\/uploads\/2015\/07\/VivaFavela-Colellective-panel-posing-with-audience-members-after-the-dialogue--e1435761295546.jpg\" alt=\"VivaFavela-Colellective-panel-posing-with-audience-members-after-the-dialogue-\" width=\"620\" height=\"465\" srcset=\"https:\/\/rioonwatch.org.br\/wp-content\/uploads\/2015\/07\/VivaFavela-Colellective-panel-posing-with-audience-members-after-the-dialogue--e1435761295546.jpg 620w, https:\/\/rioonwatch.org.br\/wp-content\/uploads\/2015\/07\/VivaFavela-Colellective-panel-posing-with-audience-members-after-the-dialogue--e1435761295546-352x264.jpg 352w, https:\/\/rioonwatch.org.br\/wp-content\/uploads\/2015\/07\/VivaFavela-Colellective-panel-posing-with-audience-members-after-the-dialogue--e1435761295546-174x131.jpg 174w, https:\/\/rioonwatch.org.br\/wp-content\/uploads\/2015\/07\/VivaFavela-Colellective-panel-posing-with-audience-members-after-the-dialogue--e1435761295546-300x225.jpg 300w, https:\/\/rioonwatch.org.br\/wp-content\/uploads\/2015\/07\/VivaFavela-Colellective-panel-posing-with-audience-members-after-the-dialogue--e1435761295546-70x53.jpg 70w\" sizes=\"(max-width: 620px) 100vw, 620px\" \/><\/a><\/p>\n<p>Os debatedores, em seguida, descreveram como seus respectivos coletivos se desenvolveram, e que papel eles t\u00eam na comunidade. Thamrya disse: &#8220;Falar para os nossos com a nossa linguagem, acho que \u00e9 justamente isso que atrai quem n\u00e3o mora numa favela ou na periferia. Quem est\u00e1 de fora pode estar vendo o que h\u00e1 ali&#8221;. <a href=\"http:\/\/on.fb.me\/1IHgLTH\" target=\"_blank\">GatoM\u00cdDIA<\/a> foca em orientar os moradores da comunidade em torno das m\u00eddias sociais para que seu conte\u00fado possa ser usado de maneira eficaz como mecanismo de \u201ccomunica\u00e7\u00e3o, produ\u00e7\u00e3o e resist\u00eancia\u201d.<\/p>\n<p>Ela adicionou: &#8220;A favela sempre foi potente. Sempre teve milh\u00f5es de coisas acontecendo. S\u00f3 que eu acho que a internet e essas plataformas das redes empoderam e d\u00e3o visibilidade para que outros atores cheguem, e para que os antigos tenham mais for\u00e7a ainda. Eu acho isso de grande pot\u00eancia\u201d.<\/p>\n<p>Carla Siccos explicou que seu coletivo, <a href=\"http:\/\/on.fb.me\/1GHi8BD\" target=\"_blank\">CDD Acontece<\/a>, tem uma fun\u00e7\u00e3o similar, ao informar os moradores da Cidade de Deus sobre servi\u00e7os positivos que est\u00e3o dispon\u00edveis na favela. Ao discutir a origem de sua organiza\u00e7\u00e3o, ela disse:\u00a0\u201cIsso me fez perceber que as not\u00edcias ruins da comunidade todo mundo sabe tudo. Agora as coisas boas que tem dentro da Cidade de Deus ningu\u00e9m sabe porque faltava essa comunica\u00e7\u00e3o&#8221;.<\/p>\n<p>William do <a href=\"http:\/\/bit.ly\/1KlfNlY\" target=\"_blank\">Anti\u00e9ticos<\/a>, um grupo de hip-hop que age como uma plataforma denunciando racismo e promovendo aspectos positivos da favela, explica que seu coletivo d\u00e1 voz a indiv\u00edduos para que eles possam expressar seus desejos e necessidades, e que isso ajuda no desenvolvimento de projetos.<\/p>\n<p>Rom\u00e1rio, da <a href=\"http:\/\/bit.ly\/1LNNZ75\" target=\"_blank\">Ag\u00eancia PapaGoiaba<\/a>, um coletivo de comunica\u00e7\u00e3o digital que promove visibilidade a produ\u00e7\u00f5es culturais em S\u00e3o Gon\u00e7alo, enfatiza a import\u00e2ncia dos coletivos em ajudar indiv\u00edduos a encontrar uma trajet\u00f3ria na vida.<\/p>\n<p>Ao serem perguntados por um membro do p\u00fablico o que pode ser feito para reduzir o envolvimento de jovens no tr\u00e1fico de drogas, os debatedores concordaram que coletivos podem ter um papel importante ao informar aos jovens moradores sobre as oportunidades alternativas de trabalho. Portanto, Rom\u00e1rio e Thamyra ambos enfatizaram que a maioria da popula\u00e7\u00e3o jovem de favelas trabalha em lugares como Bobs Burger e McDonald\u2019s e n\u00e3o est\u00e3o envolvidos com o tr\u00e1fico de drogas.<\/p>\n<p>O p\u00fablico tamb\u00e9m fez perguntas aos debatedores sobre a viol\u00eancia nas favelas, o papel da <a href=\"http:\/\/bit.ly\/R5ueio\" target=\"_blank\">UPP<\/a> nas comunidades e a <a href=\"http:\/\/bit.ly\/1KtT0mt\" target=\"_blank\">redu\u00e7\u00e3o da maioridade penal<\/a> e qual impacto que seus coletivos de comunica\u00e7\u00e3o podem ter nesses dom\u00ednios.<\/p>\n<p>Thamyra explicou que coletivos de comunica\u00e7\u00e3o podem ajudar a\u00a0<a href=\"http:\/\/bit.ly\/P4itK0\" target=\"_blank\">disestigmatizar as favelas<\/a>, n\u00e3o por evitar a discuss\u00e3o sobre a viol\u00eancia, mas por apresentar as favelas do ponto de vista dos seus moradores. Ela explica que \u201cos coletivos no momento que publicam algo, n\u00e3o \u00e9 de quem est\u00e1 fora [da comunidade], mas de quem est\u00e1 dentro&#8221;.<\/p>\n<p>Todos os debatedores se opuseram \u00e0 legisla\u00e7\u00e3o proposta para <a href=\"http:\/\/bit.ly\/1Kk92ke\" target=\"_blank\">diminuir a idade penal no Brasil<\/a>. William da Silva citou que <a href=\"http:\/\/bit.ly\/1acNApR\" target=\"_blank\">educa\u00e7\u00e3o<\/a> seria a melhor forma de esperan\u00e7a e oportunidade para os jovens, e que seria\u00a0<a href=\"http:\/\/bit.ly\/1Kk92ke\" target=\"_blank\">limitada com a implementa\u00e7\u00e3o da redu\u00e7\u00e3o da idade penal<\/a>. Ele compartilhou uma hist\u00f3ria emocionante sobre dois menores que o assediaram com uma arma no \u00f4nibus. Alguns meses depois, ele viu os jovens na televis\u00e3o ajudando a comunidade com um projeto na Mar\u00e9, e um deles estava prestes a come\u00e7ar universidade.<\/p>\n<p>\u201cEu n\u00e3o sei quais foram as suas motiva\u00e7\u00f5es nesse dia no \u00f4nibus, mas eles s\u00e3o jovens n\u00e9\u2026 ainda est\u00e3o aprendendo. Eu nunca vou perder esperan\u00e7a por eles.\u201d<\/p>\n<p>Com respeito \u00e0 presen\u00e7a da\u00a0UPP, a debatedora Carla disse que a pol\u00edcia deveria interagir mais com os moradores da favela para aumentar o seu conhecimento sobre a comunidade e reduzir a\u00a0<a href=\"http:\/\/bit.ly\/P4itK0\" target=\"_blank\">vis\u00e3o estigmatizada<\/a> e preconceituosa. Deste modo, a tens\u00e3o tamb\u00e9m diminuiria.<\/p>\n<p>Seguindo essa discuss\u00e3o, os membros da plateia elogiaram os debatedores por seus projetos comunit\u00e1rios inovadores. O evento acabou com um entendimento m\u00fatuo que todos podem ser lideres e ter uma voz trabalhando coletivamente.<\/p>\n<!-- AddThis Advanced Settings generic via filter on the_content --><!-- AddThis Share Buttons generic via filter on the_content -->","protected":false},"excerpt":{"rendered":"<div class=\"mh-excerpt\"><p>Quarta-feira, 24 de junho, a ONG Viva Rio sediou uma reuni\u00e3o p\u00fablica na Gl\u00f3ria,\u00a0Zona Sul do Rio para discutir a import\u00e2ncia dos coletivos como uma nova forma de organiza\u00e7\u00e3o comunit\u00e1ria e seu papel dentro e <a class=\"mh-excerpt-more\" href=\"https:\/\/rioonwatch.org.br\/?p=14769\" title=\"Coletivos Comunit\u00e1rios Discutem o Papel do M\u00eddia-Ativismo na Diminui\u00e7\u00e3o do Estigma das Favelas\">[&#8230;]<\/a><!-- AddThis Advanced Settings generic via filter on get_the_excerpt --><!-- AddThis Share Buttons generic via filter on get_the_excerpt --><\/p>\n<\/div>","protected":false},"author":129,"featured_media":15694,"comment_status":"closed","ping_status":"closed","sticky":false,"template":"","format":"standard","meta":{"_acf_changed":false,"_monsterinsights_skip_tracking":false,"_monsterinsights_sitenote_active":false,"_monsterinsights_sitenote_note":"","_monsterinsights_sitenote_category":0,"footnotes":""},"categories":[1620,342],"tags":[386,554,948,332,217,1530,709,1372,1546,379,276,231,92,544,218,184,383],"writer":[1562,1549],"translator":[1561],"source":[],"ilustrador":[],"fotografo":[],"class_list":{"0":"post-14769","1":"post","2":"type-post","3":"status-publish","4":"format-standard","5":"has-post-thumbnail","7":"category-olhonaupp","8":"category-solucoes","9":"tag-estigma","10":"tag-cidade-de-deus","11":"tag-coletivo","12":"tag-complexo-da-mare","13":"tag-complexo-do-alemao","14":"tag-midia-comunitaria","15":"tag-debate","16":"tag-grande-rio","17":"tag-maioridade-penal","18":"tag-midia-social","19":"tag-mutirao","20":"tag-sao-goncalo","21":"tag-upp","22":"tag-vila-kennedy","23":"tag-zona-norte","24":"tag-zona-oeste","25":"tag-zona-sul","26":"writer-brenda-serpas","27":"writer-gabriela-weldon","28":"translator-isabela-lyrio"},"acf":[],"yoast_head":"<!-- This site is optimized with the Yoast SEO plugin v25.6 - https:\/\/yoast.com\/wordpress\/plugins\/seo\/ -->\n<title>Coletivos Comunit\u00e1rios Discutem o Papel do M\u00eddia-Ativismo na Diminui\u00e7\u00e3o do Estigma das Favelas - RioOnWatch<\/title>\n<meta name=\"robots\" content=\"index, follow, max-snippet:-1, max-image-preview:large, max-video-preview:-1\" \/>\n<link rel=\"canonical\" href=\"https:\/\/rioonwatch.org.br\/?p=14769\" \/>\n<meta property=\"og:locale\" content=\"pt_BR\" \/>\n<meta property=\"og:type\" content=\"article\" \/>\n<meta property=\"og:title\" content=\"Coletivos Comunit\u00e1rios Discutem o Papel do M\u00eddia-Ativismo na Diminui\u00e7\u00e3o do Estigma das Favelas - RioOnWatch\" \/>\n<meta property=\"og:description\" content=\"Quarta-feira, 24 de junho, a ONG Viva Rio sediou uma reuni\u00e3o p\u00fablica na Gl\u00f3ria,\u00a0Zona Sul do Rio para discutir a import\u00e2ncia dos coletivos como uma nova forma de organiza\u00e7\u00e3o comunit\u00e1ria e seu papel dentro e [...]\" \/>\n<meta property=\"og:url\" content=\"https:\/\/rioonwatch.org.br\/?p=14769\" \/>\n<meta property=\"og:site_name\" content=\"RioOnWatch\" \/>\n<meta property=\"article:published_time\" content=\"2015-07-03T11:40:39+00:00\" \/>\n<meta property=\"article:modified_time\" content=\"2015-10-28T12:12:26+00:00\" \/>\n<meta property=\"og:image\" content=\"https:\/\/rioonwatch.org.br\/wp-content\/uploads\/2015\/07\/coletivos.jpeg\" \/>\n\t<meta property=\"og:image:width\" content=\"620\" \/>\n\t<meta property=\"og:image:height\" content=\"465\" \/>\n\t<meta property=\"og:image:type\" content=\"image\/jpeg\" \/>\n<meta name=\"author\" content=\"Admin\" \/>\n<meta name=\"twitter:card\" content=\"summary_large_image\" \/>\n<meta name=\"twitter:label1\" content=\"Escrito por\" \/>\n\t<meta name=\"twitter:data1\" content=\"Admin\" \/>\n\t<meta name=\"twitter:label2\" content=\"Est. tempo de leitura\" \/>\n\t<meta name=\"twitter:data2\" content=\"5 minutos\" \/>\n<script type=\"application\/ld+json\" class=\"yoast-schema-graph\">{\"@context\":\"https:\/\/schema.org\",\"@graph\":[{\"@type\":\"Article\",\"@id\":\"https:\/\/rioonwatch.org.br\/?p=14769#article\",\"isPartOf\":{\"@id\":\"https:\/\/rioonwatch.org.br\/?p=14769\"},\"author\":{\"name\":\"Admin\",\"@id\":\"https:\/\/rioonwatch.org.br\/#\/schema\/person\/11d64c290506f9df50c71b850c473f68\"},\"headline\":\"Coletivos Comunit\u00e1rios Discutem o Papel do M\u00eddia-Ativismo na Diminui\u00e7\u00e3o do Estigma das Favelas\",\"datePublished\":\"2015-07-03T11:40:39+00:00\",\"dateModified\":\"2015-10-28T12:12:26+00:00\",\"mainEntityOfPage\":{\"@id\":\"https:\/\/rioonwatch.org.br\/?p=14769\"},\"wordCount\":1018,\"publisher\":{\"@id\":\"https:\/\/rioonwatch.org.br\/#organization\"},\"image\":{\"@id\":\"https:\/\/rioonwatch.org.br\/?p=14769#primaryimage\"},\"thumbnailUrl\":\"https:\/\/rioonwatch.org.br\/wp-content\/uploads\/2015\/07\/coletivos.jpeg\",\"keywords\":[\"#StopFavelaStigma\",\"Cidade de Deus\",\"coletivo\",\"Complexo da Mar\u00e9\",\"Complexo do Alem\u00e3o\",\"Comunica\u00e7\u00e3o Comunit\u00e1ria\",\"debate\",\"Grande Rio\",\"maioridade penal\",\"m\u00eddia social\",\"mutir\u00e3o\",\"S\u00e3o Gon\u00e7alo\",\"UPP\",\"Vila Kennedy\",\"Zona Norte\",\"Zona Oeste\",\"Zona Sul\"],\"articleSection\":[\"Seguran\u00e7a P\u00fablica\",\"Solu\u00e7\u00f5es\"],\"inLanguage\":\"pt-BR\"},{\"@type\":\"WebPage\",\"@id\":\"https:\/\/rioonwatch.org.br\/?p=14769\",\"url\":\"https:\/\/rioonwatch.org.br\/?p=14769\",\"name\":\"Coletivos Comunit\u00e1rios Discutem o Papel do M\u00eddia-Ativismo na Diminui\u00e7\u00e3o do Estigma das Favelas - RioOnWatch\",\"isPartOf\":{\"@id\":\"https:\/\/rioonwatch.org.br\/#website\"},\"primaryImageOfPage\":{\"@id\":\"https:\/\/rioonwatch.org.br\/?p=14769#primaryimage\"},\"image\":{\"@id\":\"https:\/\/rioonwatch.org.br\/?p=14769#primaryimage\"},\"thumbnailUrl\":\"https:\/\/rioonwatch.org.br\/wp-content\/uploads\/2015\/07\/coletivos.jpeg\",\"datePublished\":\"2015-07-03T11:40:39+00:00\",\"dateModified\":\"2015-10-28T12:12:26+00:00\",\"breadcrumb\":{\"@id\":\"https:\/\/rioonwatch.org.br\/?p=14769#breadcrumb\"},\"inLanguage\":\"pt-BR\",\"potentialAction\":[{\"@type\":\"ReadAction\",\"target\":[\"https:\/\/rioonwatch.org.br\/?p=14769\"]}]},{\"@type\":\"ImageObject\",\"inLanguage\":\"pt-BR\",\"@id\":\"https:\/\/rioonwatch.org.br\/?p=14769#primaryimage\",\"url\":\"https:\/\/rioonwatch.org.br\/wp-content\/uploads\/2015\/07\/coletivos.jpeg\",\"contentUrl\":\"https:\/\/rioonwatch.org.br\/wp-content\/uploads\/2015\/07\/coletivos.jpeg\",\"width\":620,\"height\":465,\"caption\":\"Coletivos Comunit\u00e1rios Discutem o Papel do M\u00eddia-Ativismo na Diminui\u00e7\u00e3o do Estigma das Favelas\"},{\"@type\":\"BreadcrumbList\",\"@id\":\"https:\/\/rioonwatch.org.br\/?p=14769#breadcrumb\",\"itemListElement\":[{\"@type\":\"ListItem\",\"position\":1,\"name\":\"In\u00edcio\",\"item\":\"https:\/\/rioonwatch.org.br\/\"},{\"@type\":\"ListItem\",\"position\":2,\"name\":\"Coletivos Comunit\u00e1rios Discutem o Papel do M\u00eddia-Ativismo na Diminui\u00e7\u00e3o do Estigma das Favelas\"}]},{\"@type\":\"WebSite\",\"@id\":\"https:\/\/rioonwatch.org.br\/#website\",\"url\":\"https:\/\/rioonwatch.org.br\/\",\"name\":\"RioOnWatch\",\"description\":\"relatos das favelas cariocas\",\"publisher\":{\"@id\":\"https:\/\/rioonwatch.org.br\/#organization\"},\"potentialAction\":[{\"@type\":\"SearchAction\",\"target\":{\"@type\":\"EntryPoint\",\"urlTemplate\":\"https:\/\/rioonwatch.org.br\/?s={search_term_string}\"},\"query-input\":{\"@type\":\"PropertyValueSpecification\",\"valueRequired\":true,\"valueName\":\"search_term_string\"}}],\"inLanguage\":\"pt-BR\"},{\"@type\":\"Organization\",\"@id\":\"https:\/\/rioonwatch.org.br\/#organization\",\"name\":\"RioOnWatch\",\"url\":\"https:\/\/rioonwatch.org.br\/\",\"logo\":{\"@type\":\"ImageObject\",\"inLanguage\":\"pt-BR\",\"@id\":\"https:\/\/rioonwatch.org.br\/#\/schema\/logo\/image\/\",\"url\":\"https:\/\/rioonwatch.org.br\/wp-content\/uploads\/2021\/06\/RioOnWatchcabecalhoPT11anos-2.png\",\"contentUrl\":\"https:\/\/rioonwatch.org.br\/wp-content\/uploads\/2021\/06\/RioOnWatchcabecalhoPT11anos-2.png\",\"width\":779,\"height\":277,\"caption\":\"RioOnWatch\"},\"image\":{\"@id\":\"https:\/\/rioonwatch.org.br\/#\/schema\/logo\/image\/\"}},{\"@type\":\"Person\",\"@id\":\"https:\/\/rioonwatch.org.br\/#\/schema\/person\/11d64c290506f9df50c71b850c473f68\",\"name\":\"Admin\",\"image\":{\"@type\":\"ImageObject\",\"inLanguage\":\"pt-BR\",\"@id\":\"https:\/\/rioonwatch.org.br\/#\/schema\/person\/image\/\",\"url\":\"https:\/\/secure.gravatar.com\/avatar\/56211ac74568383903349a1485e3c325?s=96&d=blank&r=g\",\"contentUrl\":\"https:\/\/secure.gravatar.com\/avatar\/56211ac74568383903349a1485e3c325?s=96&d=blank&r=g\",\"caption\":\"Admin\"},\"url\":\"https:\/\/rioonwatch.org.br\/?author=129\"}]}<\/script>\n<!-- \/ Yoast SEO plugin. -->","yoast_head_json":{"title":"Coletivos Comunit\u00e1rios Discutem o Papel do M\u00eddia-Ativismo na Diminui\u00e7\u00e3o do Estigma das Favelas - RioOnWatch","robots":{"index":"index","follow":"follow","max-snippet":"max-snippet:-1","max-image-preview":"max-image-preview:large","max-video-preview":"max-video-preview:-1"},"canonical":"https:\/\/rioonwatch.org.br\/?p=14769","og_locale":"pt_BR","og_type":"article","og_title":"Coletivos Comunit\u00e1rios Discutem o Papel do M\u00eddia-Ativismo na Diminui\u00e7\u00e3o do Estigma das Favelas - RioOnWatch","og_description":"Quarta-feira, 24 de junho, a ONG Viva Rio sediou uma reuni\u00e3o p\u00fablica na Gl\u00f3ria,\u00a0Zona Sul do Rio para discutir a import\u00e2ncia dos coletivos como uma nova forma de organiza\u00e7\u00e3o comunit\u00e1ria e seu papel dentro e [...]","og_url":"https:\/\/rioonwatch.org.br\/?p=14769","og_site_name":"RioOnWatch","article_published_time":"2015-07-03T11:40:39+00:00","article_modified_time":"2015-10-28T12:12:26+00:00","og_image":[{"width":620,"height":465,"url":"https:\/\/rioonwatch.org.br\/wp-content\/uploads\/2015\/07\/coletivos.jpeg","type":"image\/jpeg"}],"author":"Admin","twitter_card":"summary_large_image","twitter_misc":{"Escrito por":"Admin","Est. tempo de leitura":"5 minutos"},"schema":{"@context":"https:\/\/schema.org","@graph":[{"@type":"Article","@id":"https:\/\/rioonwatch.org.br\/?p=14769#article","isPartOf":{"@id":"https:\/\/rioonwatch.org.br\/?p=14769"},"author":{"name":"Admin","@id":"https:\/\/rioonwatch.org.br\/#\/schema\/person\/11d64c290506f9df50c71b850c473f68"},"headline":"Coletivos Comunit\u00e1rios Discutem o Papel do M\u00eddia-Ativismo na Diminui\u00e7\u00e3o do Estigma das Favelas","datePublished":"2015-07-03T11:40:39+00:00","dateModified":"2015-10-28T12:12:26+00:00","mainEntityOfPage":{"@id":"https:\/\/rioonwatch.org.br\/?p=14769"},"wordCount":1018,"publisher":{"@id":"https:\/\/rioonwatch.org.br\/#organization"},"image":{"@id":"https:\/\/rioonwatch.org.br\/?p=14769#primaryimage"},"thumbnailUrl":"https:\/\/rioonwatch.org.br\/wp-content\/uploads\/2015\/07\/coletivos.jpeg","keywords":["#StopFavelaStigma","Cidade de Deus","coletivo","Complexo da Mar\u00e9","Complexo do Alem\u00e3o","Comunica\u00e7\u00e3o Comunit\u00e1ria","debate","Grande Rio","maioridade penal","m\u00eddia social","mutir\u00e3o","S\u00e3o Gon\u00e7alo","UPP","Vila Kennedy","Zona Norte","Zona Oeste","Zona Sul"],"articleSection":["Seguran\u00e7a P\u00fablica","Solu\u00e7\u00f5es"],"inLanguage":"pt-BR"},{"@type":"WebPage","@id":"https:\/\/rioonwatch.org.br\/?p=14769","url":"https:\/\/rioonwatch.org.br\/?p=14769","name":"Coletivos Comunit\u00e1rios Discutem o Papel do M\u00eddia-Ativismo na Diminui\u00e7\u00e3o do Estigma das Favelas - RioOnWatch","isPartOf":{"@id":"https:\/\/rioonwatch.org.br\/#website"},"primaryImageOfPage":{"@id":"https:\/\/rioonwatch.org.br\/?p=14769#primaryimage"},"image":{"@id":"https:\/\/rioonwatch.org.br\/?p=14769#primaryimage"},"thumbnailUrl":"https:\/\/rioonwatch.org.br\/wp-content\/uploads\/2015\/07\/coletivos.jpeg","datePublished":"2015-07-03T11:40:39+00:00","dateModified":"2015-10-28T12:12:26+00:00","breadcrumb":{"@id":"https:\/\/rioonwatch.org.br\/?p=14769#breadcrumb"},"inLanguage":"pt-BR","potentialAction":[{"@type":"ReadAction","target":["https:\/\/rioonwatch.org.br\/?p=14769"]}]},{"@type":"ImageObject","inLanguage":"pt-BR","@id":"https:\/\/rioonwatch.org.br\/?p=14769#primaryimage","url":"https:\/\/rioonwatch.org.br\/wp-content\/uploads\/2015\/07\/coletivos.jpeg","contentUrl":"https:\/\/rioonwatch.org.br\/wp-content\/uploads\/2015\/07\/coletivos.jpeg","width":620,"height":465,"caption":"Coletivos Comunit\u00e1rios Discutem o Papel do M\u00eddia-Ativismo na Diminui\u00e7\u00e3o do Estigma das Favelas"},{"@type":"BreadcrumbList","@id":"https:\/\/rioonwatch.org.br\/?p=14769#breadcrumb","itemListElement":[{"@type":"ListItem","position":1,"name":"In\u00edcio","item":"https:\/\/rioonwatch.org.br\/"},{"@type":"ListItem","position":2,"name":"Coletivos Comunit\u00e1rios Discutem o Papel do M\u00eddia-Ativismo na Diminui\u00e7\u00e3o do Estigma das Favelas"}]},{"@type":"WebSite","@id":"https:\/\/rioonwatch.org.br\/#website","url":"https:\/\/rioonwatch.org.br\/","name":"RioOnWatch","description":"relatos das favelas cariocas","publisher":{"@id":"https:\/\/rioonwatch.org.br\/#organization"},"potentialAction":[{"@type":"SearchAction","target":{"@type":"EntryPoint","urlTemplate":"https:\/\/rioonwatch.org.br\/?s={search_term_string}"},"query-input":{"@type":"PropertyValueSpecification","valueRequired":true,"valueName":"search_term_string"}}],"inLanguage":"pt-BR"},{"@type":"Organization","@id":"https:\/\/rioonwatch.org.br\/#organization","name":"RioOnWatch","url":"https:\/\/rioonwatch.org.br\/","logo":{"@type":"ImageObject","inLanguage":"pt-BR","@id":"https:\/\/rioonwatch.org.br\/#\/schema\/logo\/image\/","url":"https:\/\/rioonwatch.org.br\/wp-content\/uploads\/2021\/06\/RioOnWatchcabecalhoPT11anos-2.png","contentUrl":"https:\/\/rioonwatch.org.br\/wp-content\/uploads\/2021\/06\/RioOnWatchcabecalhoPT11anos-2.png","width":779,"height":277,"caption":"RioOnWatch"},"image":{"@id":"https:\/\/rioonwatch.org.br\/#\/schema\/logo\/image\/"}},{"@type":"Person","@id":"https:\/\/rioonwatch.org.br\/#\/schema\/person\/11d64c290506f9df50c71b850c473f68","name":"Admin","image":{"@type":"ImageObject","inLanguage":"pt-BR","@id":"https:\/\/rioonwatch.org.br\/#\/schema\/person\/image\/","url":"https:\/\/secure.gravatar.com\/avatar\/56211ac74568383903349a1485e3c325?s=96&d=blank&r=g","contentUrl":"https:\/\/secure.gravatar.com\/avatar\/56211ac74568383903349a1485e3c325?s=96&d=blank&r=g","caption":"Admin"},"url":"https:\/\/rioonwatch.org.br\/?author=129"}]}},"_links":{"self":[{"href":"https:\/\/rioonwatch.org.br\/index.php?rest_route=\/wp\/v2\/posts\/14769"}],"collection":[{"href":"https:\/\/rioonwatch.org.br\/index.php?rest_route=\/wp\/v2\/posts"}],"about":[{"href":"https:\/\/rioonwatch.org.br\/index.php?rest_route=\/wp\/v2\/types\/post"}],"author":[{"embeddable":true,"href":"https:\/\/rioonwatch.org.br\/index.php?rest_route=\/wp\/v2\/users\/129"}],"replies":[{"embeddable":true,"href":"https:\/\/rioonwatch.org.br\/index.php?rest_route=%2Fwp%2Fv2%2Fcomments&post=14769"}],"version-history":[{"count":13,"href":"https:\/\/rioonwatch.org.br\/index.php?rest_route=\/wp\/v2\/posts\/14769\/revisions"}],"predecessor-version":[{"id":15212,"href":"https:\/\/rioonwatch.org.br\/index.php?rest_route=\/wp\/v2\/posts\/14769\/revisions\/15212"}],"wp:featuredmedia":[{"embeddable":true,"href":"https:\/\/rioonwatch.org.br\/index.php?rest_route=\/wp\/v2\/media\/15694"}],"wp:attachment":[{"href":"https:\/\/rioonwatch.org.br\/index.php?rest_route=%2Fwp%2Fv2%2Fmedia&parent=14769"}],"wp:term":[{"taxonomy":"category","embeddable":true,"href":"https:\/\/rioonwatch.org.br\/index.php?rest_route=%2Fwp%2Fv2%2Fcategories&post=14769"},{"taxonomy":"post_tag","embeddable":true,"href":"https:\/\/rioonwatch.org.br\/index.php?rest_route=%2Fwp%2Fv2%2Ftags&post=14769"},{"taxonomy":"writer","embeddable":true,"href":"https:\/\/rioonwatch.org.br\/index.php?rest_route=%2Fwp%2Fv2%2Fwriter&post=14769"},{"taxonomy":"translator","embeddable":true,"href":"https:\/\/rioonwatch.org.br\/index.php?rest_route=%2Fwp%2Fv2%2Ftranslator&post=14769"},{"taxonomy":"source","embeddable":true,"href":"https:\/\/rioonwatch.org.br\/index.php?rest_route=%2Fwp%2Fv2%2Fsource&post=14769"},{"taxonomy":"ilustrador","embeddable":true,"href":"https:\/\/rioonwatch.org.br\/index.php?rest_route=%2Fwp%2Fv2%2Filustrador&post=14769"},{"taxonomy":"fotografo","embeddable":true,"href":"https:\/\/rioonwatch.org.br\/index.php?rest_route=%2Fwp%2Fv2%2Ffotografo&post=14769"}],"curies":[{"name":"wp","href":"https:\/\/api.w.org\/{rel}","templated":true}]}}