{"id":14787,"date":"2015-07-02T21:55:31","date_gmt":"2015-07-03T00:55:31","guid":{"rendered":"http:\/\/rioonwatch.org.br\/?p=14787"},"modified":"2017-06-23T12:21:08","modified_gmt":"2017-06-23T15:21:08","slug":"em-24-horas-camara-rejeita-e-depois-aprova-reducao-da-maioridade-penal-lideres-comunitarios-e-especialistas-comentam","status":"publish","type":"post","link":"https:\/\/rioonwatch.org.br\/?p=14787","title":{"rendered":"Em 24 horas, C\u00e2mara Rejeita e Depois Aprova Redu\u00e7\u00e3o da Maioridade Penal: L\u00edderes Comunit\u00e1rios e Especialistas Comentam"},"content":{"rendered":"<p>Quarta-feira, 1\u00ba de julho, a C\u00e2mara de Deputados rejeitou a proposta que reduziria a <a href=\"http:\/\/bit.ly\/1Ici5lR\" target=\"_blank\">maioridade penal<\/a> de\u00a0crimes hediondos de 18 para 16 anos. Deputados passaram toda a ter\u00e7a-feira, 30 de junho, discutindo a proposta e a vota\u00e7\u00e3o come\u00e7ou logo ap\u00f3s a meia-noite do dia 1\u00ba. A contagem ficou perto, sendo o n\u00famero m\u00ednimo de votos exigido 308, e 303 tendo votado pela redu\u00e7\u00e3o. Tr\u00eas deputados se abstiveram e 184 votaram contra a medida.<\/p>\n<p>Imediatamente ap\u00f3s a vota\u00e7\u00e3o, no entanto, em uma medida sem precedentes, o presidente do Congresso Eduardo Cunha submeteu uma proposta semelhante para vota\u00e7\u00e3o, com pequenas altera\u00e7\u00f5es\u00a0envolvendo a exclus\u00e3o de tr\u00e1fico de drogas e acusa\u00e7\u00f5es de roubo.<\/p>\n<p>Representantes do Congresso passaram o dia seguinte, at\u00e9 pouco depois da meia noite de hoje, 2 de julho, em um <a href=\"http:\/\/bit.ly\/1JyFXBK\" target=\"_blank\">debate acalorado<\/a> sobre as mudan\u00e7as. Finalmente, 323 votaram a favor, 155 contra e 2 se abstiveram. <a href=\"http:\/\/bit.ly\/1IuGxz0\" target=\"_blank\">A nova vers\u00e3o passou<\/a>, faltando ainda uma segunda rodada de an\u00e1lise e a aprova\u00e7\u00e3o do Senado.<\/p>\n<p>A vota\u00e7\u00e3o recebeu maior <a href=\"http:\/\/bit.ly\/1CdUosw\" target=\"_blank\">aten\u00e7\u00e3o<\/a> por conta dos recentes casos alegadamente cometidos por menores, incluindo o <a href=\"http:\/\/bit.ly\/1HcY1Rc\" target=\"_blank\">assassinato do m\u00e9dico Jaime Gold, na Zona Sul do Rio<\/a>. A quest\u00e3o\u00a0<a href=\"http:\/\/bit.ly\/1JyFuwx\" target=\"_blank\">tomou as m\u00eddias sociais<\/a> e uma pesquisa do Datafolha publicada em 21 de junho revelou que <a href=\"http:\/\/glo.bo\/1CdUYqc\" target=\"_blank\">87% dos brasileiros s\u00e3o a favor da redu\u00e7\u00e3o da idade penal<\/a>.<\/p>\n<h3>Respostas da Comunidade<\/h3>\n<p>L\u00edderes comunit\u00e1rios e moradores de favela comemoraram os resultados iniciais de ontem, mas muitos admitiram que h\u00e1 pessoas a favor da redu\u00e7\u00e3o em suas comunidades.<\/p>\n<p>Ativista e membro do <a href=\"http:\/\/on.fb.me\/1my6unV\" target=\"_blank\">Coletivo Papo Reto<\/a>, do <a href=\"http:\/\/bit.ly\/U0MiGm\" target=\"_blank\">Complexo do Alem\u00e3o<\/a>, Raull Santiago <a href=\"http:\/\/on.fb.me\/1FSyJ3L\" target=\"_blank\">disse<\/a>: &#8220;Esse momento \u00e9 uma pausa para respirar rapidamente e continuar a luta&#8230;\u00e9 um refor\u00e7o, fortalecimento em um trabalho que precisa ser ainda mais intenso, que \u00e9 o de provocar a reflex\u00e3o e tentar multiplicar o entendimento do porque acreditamos que \u202a#\u200eRedu\u00e7\u00e3oN\u00e3o\u00c9Soluc\u00e3o&#8221;.<\/p>\n<p><a href=\"http:\/\/rioonwatch.org.br\/wp-content\/uploads\/2015\/07\/apitaco_maioridade-penal_brasilia3.jpg\"><img fetchpriority=\"high\" decoding=\"async\" class=\"aligncenter wp-image-14790\" title=\"Manifestantes contr\u00e1rios a redu\u00e7\u00e3o da maioridade penal promovem um \u201capita\u00e7o\u201d do lado de fora do audit\u00f3rio (Fabio Rodrigues Pozzebom\/Ag\u00eancia Brasil)\" src=\"http:\/\/rioonwatch.org.br\/wp-content\/uploads\/2015\/07\/apitaco_maioridade-penal_brasilia3.jpg\" alt=\"Manifestantes contr\u00e1rios a redu\u00e7\u00e3o da maioridade penal promovem um \u201capita\u00e7o\u201d do lado de fora do audit\u00f3rio (Fabio Rodrigues Pozzebom\/Ag\u00eancia Brasil)\" width=\"620\" height=\"413\" srcset=\"https:\/\/rioonwatch.org.br\/wp-content\/uploads\/2015\/07\/apitaco_maioridade-penal_brasilia3.jpg 1000w, https:\/\/rioonwatch.org.br\/wp-content\/uploads\/2015\/07\/apitaco_maioridade-penal_brasilia3-396x264.jpg 396w, https:\/\/rioonwatch.org.br\/wp-content\/uploads\/2015\/07\/apitaco_maioridade-penal_brasilia3-620x413.jpg 620w\" sizes=\"(max-width: 620px) 100vw, 620px\" \/><\/a><\/p>\n<p>O fot\u00f3grafo, ator e guia Felipe Paiva, do <a href=\"http:\/\/bit.ly\/XuDNKV\" target=\"_blank\">Vidigal<\/a>, na Zona Sul, especula que a tentativa de reduzir a maioridade penal \u00e9 a primeira em dire\u00e7\u00e3o \u00e0 privatiza\u00e7\u00e3o das pris\u00f5es: &#8220;Acredito que essa vontade toda de reduzir, \u00e9 apenas para criarmos cadeias, mais cadeias privadas e geraria muita renda para os donos desses espa\u00e7os. N\u00e3o existe um plano de melhorias para o nosso sistema penitenci\u00e1rio. N\u00e3o pensa-se nessa quest\u00e3o. E assim, eles s\u00f3 ir\u00e3o aumentar a m\u00e1quina da viol\u00eancia. Eles (os que querem a redu\u00e7\u00e3o), dizem que nos outros pa\u00edses, h\u00e1 menor idade penal \u00e9 de 16 anos. No entanto, esses pa\u00edses pensam em pol\u00edticas p\u00fablicas, em que o n\u00famero de homic\u00eddios e demais crimes venham a diminuir. H\u00e1 pol\u00edticas p\u00fablicas para colocar esse jovem num outro patamar. E aqui, o que de concreto temos, dado que existem diversos dados mostrando que n\u00e3o temos estruturas cab\u00edveis para novos (em idade e incid\u00eancia) presos. Isso \u00e9 um absurdo. \u00c9 retrocesso. \u00c9 apenas puni\u00e7\u00e3o, pela puni\u00e7\u00e3o&#8221;.<\/p>\n<p>Rafael Massena, 27, est\u00e1 em seu \u00faltimo ano da universidade e pretende seguir com um doutorado para ser professor universit\u00e1rio. Ele vive no <a href=\"http:\/\/bit.ly\/10BvARw\" target=\"_blank\">Complexo da Mar\u00e9<\/a>, um complexo de favelas do qual o ex\u00e9rcito acaba de se retirar. Ele acredita que a maioria das pessoas em sua comunidade s\u00e3o a favor da redu\u00e7\u00e3o, pois est\u00e3o buscando uma solu\u00e7\u00e3o simples para o fim do crime e apenas assistem ao notici\u00e1rio da televis\u00e3o.<\/p>\n<p>&#8220;[As pessoas na minha comunidade] t\u00eam uma vis\u00e3o limitada da realidade e reduzir a idade de responsabilidade criminal \u00e9 a coisa mais simples&#8221;, disse ele. &#8220;Eu acho que a educa\u00e7\u00e3o p\u00fablica deve parar de focar em treinar as pessoas para fazer um trabalho barato e focar em pensar mais. A educa\u00e7\u00e3o p\u00fablica no Brasil, que \u00e9 acessada principalmente pelos mais pobres, precisa acabar com a tradi\u00e7\u00e3o de preparar m\u00e3o-de-obra barata para o mercado e oferecer educa\u00e7\u00e3o que desenvolva o potencial das pessoas&#8221;.<\/p>\n<p><a href=\"http:\/\/rioonwatch.org.br\/wp-content\/uploads\/2015\/07\/protesto_maioridade-penal-07-1.jpg\"><img decoding=\"async\" class=\"aligncenter wp-image-14791\" title=\"Manifestantes protestam em pra\u00e7as no Rio contra redu\u00e7\u00e3o da maioridade penal(Tomaz Silva\/Ag\u00eancia Brasil)\" src=\"http:\/\/rioonwatch.org.br\/wp-content\/uploads\/2015\/07\/protesto_maioridade-penal-07-1.jpg\" alt=\"Manifestantes protestam em pra\u00e7as no Rio contra redu\u00e7\u00e3o da maioridade penal(Tomaz Silva\/Ag\u00eancia Brasil)\" width=\"620\" height=\"410\" srcset=\"https:\/\/rioonwatch.org.br\/wp-content\/uploads\/2015\/07\/protesto_maioridade-penal-07-1.jpg 1000w, https:\/\/rioonwatch.org.br\/wp-content\/uploads\/2015\/07\/protesto_maioridade-penal-07-1-399x264.jpg 399w, https:\/\/rioonwatch.org.br\/wp-content\/uploads\/2015\/07\/protesto_maioridade-penal-07-1-620x410.jpg 620w\" sizes=\"(max-width: 620px) 100vw, 620px\" \/><\/a><\/p>\n<p>Fundadora do <a href=\"http:\/\/bit.ly\/1f4BidX\" target=\"_blank\">coletivo de comunica\u00e7\u00e3o <em>Cidade de Deus Acontece<\/em><\/a> e moradora da <a href=\"http:\/\/bit.ly\/10BzE4e\" target=\"_blank\">Cidade de Deus<\/a> (<a href=\"http:\/\/bit.ly\/11tBmFR\" target=\"_blank\">Zona Oeste<\/a>) Carla Siccos \u00e9 contra a redu\u00e7\u00e3o, mas diz que muitas pessoas na comunidade acham que \u00e9 uma boa ideia. Ela disse: &#8220;Eu sou contra mas sabemos que alguma coisa tem que mudar. Ficar como est\u00e1 n\u00e3o pode.\u00a0Eu fiz essa pergunta outro dia na <a href=\"http:\/\/on.fb.me\/1T7XEcU\" target=\"_blank\">p\u00e1gina<\/a> e a maioria era a favor. As pessoas n\u00e3o aguentam mas esses menores aprontando todas e nada acontece com eles. Acho que oportunidade quem faz somos n\u00f3s, sabe?\u00a0Eu sou contra porque n\u00e3o imagino meu filho com tanta responsabilidade&#8221;.<\/p>\n<p>Cl\u00e9ber Ara\u00fajo, do Complexo do Alem\u00e3o, tem acompanhado a redu\u00e7\u00e3o desde que foi proposta meses atr\u00e1s. Antes da vota\u00e7\u00e3o da \u00faltima\u00a0noite, ele disse: &#8220;O que eu observo \u00e9 que enquanto n\u00e3o houver direitos igualit\u00e1rios, enquanto n\u00e3o houver uma pol\u00edtica adequada de educa\u00e7\u00e3o neste pa\u00eds, enquanto n\u00e3o houver\u00a0um comprometimento maior com o Estatuto da Crian\u00e7a e do Adolescente, pelo menos o cumprimento de 80% do ECA, n\u00e3o h\u00e1 motivos para impor uma medida dessa. Ent\u00e3o a minha opini\u00e3o \u00e9 de que eu sou completamente contra e as favelas v\u00e3o ser\u00a0o maior alvo se passar&#8230; Eu comemorei muito a vit\u00f3ria [inicial] de ontem, mas estamos apreensivos\u00a0com a nova vota\u00e7\u00e3o, ent\u00e3o eu espero que n\u00e3o passe e que seja banida de vez&#8221;.<\/p>\n<h3>Protestos e Especialistas em Desenvolvimento da Crian\u00e7a Influenciam o Debate<\/h3>\n<p>Essas duas vota\u00e7\u00f5es e o efervescente debate sobre a democracia brasileira nas\u00a0m\u00eddias sociais s\u00e3o o resultado de vozes dissidentes influentes da sociedade civil brasileira, que t\u00eam sido ativas no assunto desde abril.<\/p>\n<p>Em 29 de abril, o Brasil acordou com ruas decoradas expressando a rejei\u00e7\u00e3o dos jovens sobre a proposta de redu\u00e7\u00e3o da maioridade penal\u00a0em uma campanha chamada <a href=\"http:\/\/bit.ly\/1Hc7pRR\" target=\"_blank\">Amanhecer Contra a Redu\u00e7\u00e3o<\/a>. Bairros em 22 estados brasileiros estavam decorados com protestos em uma campanha iniciada por estudantes do Rio de Janeiro. No Rio, mais de 140 quadras foram ocupadas com sinais de protesto, incluindo espa\u00e7os p\u00fablicos nas favelas Cerro Cor\u00e1, Cidade de Deus, Lins de Vasconcelos, Santa Marta, Mar\u00e9, Rocinha, Chap\u00e9u Mangueira, Cantagalo e Vidigal.<\/p>\n<p>Em 10 de maio, dia das m\u00e3es, os organizadores da campanha <a href=\"http:\/\/on.fb.me\/1HcfyFZ\" target=\"_blank\">chamaram<\/a> m\u00e3es de todo o Brasil para gravar v\u00eddeos e tirar fotos mostrando sua posi\u00e7\u00e3o contra a redu\u00e7\u00e3o. Eles tamb\u00e9m pediram que as m\u00e3es e seus filhos inundassem o Twitter, o Instagram e o Facebook com a hashtag #SouM\u00e3eContraARedu\u00e7\u00e3o.<\/p>\n<p>Em 3 de junho, a maior sociedade de especialidades\u00a0m\u00e9dicas do pa\u00eds, a Sociedade Brasileira de Pediatria, declarou <a href=\"http:\/\/bit.ly\/1FZUrpZ\" target=\"_blank\">publicamente ser contra a redu\u00e7\u00e3o<\/a>, com todos as filiadas\u00a0ratificando a decis\u00e3o.<\/p>\n<p><a href=\"http:\/\/rioonwatch.org.br\/wp-content\/uploads\/2015\/07\/11080710_684518951652225_1756082135202918697_o-1024x839.jpg\"><img decoding=\"async\" class=\"aligncenter wp-image-14792\" src=\"http:\/\/rioonwatch.org.br\/wp-content\/uploads\/2015\/07\/11080710_684518951652225_1756082135202918697_o-1024x839.jpg\" alt=\"\" width=\"620\" height=\"508\" srcset=\"https:\/\/rioonwatch.org.br\/wp-content\/uploads\/2015\/07\/11080710_684518951652225_1756082135202918697_o-1024x839.jpg 1024w, https:\/\/rioonwatch.org.br\/wp-content\/uploads\/2015\/07\/11080710_684518951652225_1756082135202918697_o-1024x839-322x264.jpg 322w, https:\/\/rioonwatch.org.br\/wp-content\/uploads\/2015\/07\/11080710_684518951652225_1756082135202918697_o-1024x839-620x508.jpg 620w\" sizes=\"(max-width: 620px) 100vw, 620px\" \/><\/a><\/p>\n<p>Esta semana concluiu meses de protestos e campanhas de conscientiza\u00e7\u00e3o sobre os impactos da redu\u00e7\u00e3o nas vidas dos jovens. Do ponto de vista neurol\u00f3gico, a redu\u00e7\u00e3o da maioridade penal significa colocar um c\u00e9rebro ainda em desenvolvimento em julgamento. <a href=\"http:\/\/bit.ly\/1IPyrMZ\" target=\"_blank\">De acordo com a revista <em>Science<\/em><\/a>, &#8220;o l\u00f3bulo frontal do c\u00e9rebro, que exerce a conten\u00e7\u00e3o sobre o comportamento impulsivo, &#8220;n\u00e3o come\u00e7a a amadurecer at\u00e9 os 17 anos de idade&#8221;, segundo o neurocientista Ruben Gur, da Universidade da Pensilv\u00e2nia, na Filad\u00e9lfia. &#8216;A pr\u00f3pria parte do c\u00e9rebro que \u00e9 julgada pelo processo do sistema legal vem a bordo tarde'&#8221;.<\/p>\n<p>Outro\u00a0<a href=\"http:\/\/bit.ly\/1C0zjkK\" target=\"_blank\">estudo<\/a> da ordem de advogados dos EUA (Bar Association) concluiu que &#8220;a adolesc\u00eancia \u00e9 um per\u00edodo de significativa transi\u00e7\u00e3o que &#8216;demostra que os adolescentes t\u00eam defici\u00eancias neurol\u00f3gicas significativas que resultam em fortes limita\u00e7\u00f5es de julgamento&#8217;. Al\u00e9m disso, pesquisas mostram que quando essa imaturidade neurol\u00f3gica \u00e9 agravada com fatores de risco, como neglig\u00eancia, abuso, pobreza e outras limita\u00e7\u00f5es, pode com frequ\u00eancia &#8220;preparar o estado psicol\u00f3gico para viol\u00eancia&#8221;.<\/p>\n<p>Em\u00a0mat\u00e9ria <a href=\"http:\/\/bit.ly\/1Kk92ke\" target=\"_blank\">do\u00a0<em>Observat\u00f3rio de Favelas<\/em><\/a>, Alan Miranda argumenta que a chave para evitar crimes de menores \u00e9 a educa\u00e7\u00e3o, n\u00e3o puni\u00e7\u00f5es mais pesadas. Ele escreveu: &#8220;Um estudo realizado pela Febem (Funda\u00e7\u00e3o Estadual para o Bem Estar do Menor),concluiu que 41% dos autores de atos infracionais n\u00e3o frequentava a escola antes da interna\u00e7\u00e3o. O distanciamento da escola relaciona-se com a necessidade de trabalhar, com as dificuldades em conciliar trabalho e estudo, al\u00e9m de conflitos com professores e colegas, somados \u00e0s reprova\u00e7\u00f5es e baixa qualidade de ensino.J\u00e1 a <a href=\"http:\/\/www.mackenzie.br\/fileadmin\/Graduacao\/CCBS\/Cursos\/Psicologia\/2012\/BIBLIOT_DIG_LEVV\/JUSTICA_E_CID\/2012__Relatorio_de_Pesquisa__Atencao_Psicossocial.pdf\">pesquisa<\/a> da professora Vania Sequeira, da Universidade Presbiteriana Mackenzie, aponta pol\u00edticas p\u00fablicas e preven\u00e7\u00e3o como principais itens que podem nortear a diminui\u00e7\u00e3o da criminalidade juvenil&#8221;.<\/p>\n<p>Miranda tamb\u00e9m cita o soci\u00f3logo Eduardo Alves, que argumenta que caso a redu\u00e7\u00e3o da maioridade penal seja finalmente aprovada, as autoridades estar\u00e3o levando dois anos da juventude dos jovens. Isso significa que haver\u00e1 menos investimento na educa\u00e7\u00e3o nos \u00faltimos dois anos da adolesc\u00eancia.\u00a0&#8220;Cabe aos adultos elaborar pol\u00edticas que diminuam a viol\u00eancia e potencializem a\u00a0<a href=\"http:\/\/bit.ly\/1NzHxSq\" target=\"_blank\">cultura<\/a> de direitos na juventude. Se a responsabilidade, portanto, \u00e9 dos adultos, por que diminuir dois anos da juventude? Por que ampliar o tempo de puni\u00e7\u00e3o daqueles que n\u00e3o s\u00e3o os principais respons\u00e1veis?\u201d, questionou Alves.<\/p>\n<!-- AddThis Advanced Settings generic via filter on the_content --><!-- AddThis Share Buttons generic via filter on the_content -->","protected":false},"excerpt":{"rendered":"<div class=\"mh-excerpt\"><p>Quarta-feira, 1\u00ba de julho, a C\u00e2mara de Deputados rejeitou a proposta que reduziria a maioridade penal de\u00a0crimes hediondos de 18 para 16 anos. Deputados passaram toda a ter\u00e7a-feira, 30 de junho, discutindo a proposta e <a class=\"mh-excerpt-more\" href=\"https:\/\/rioonwatch.org.br\/?p=14787\" title=\"Em 24 horas, C\u00e2mara Rejeita e Depois Aprova Redu\u00e7\u00e3o da Maioridade Penal: L\u00edderes Comunit\u00e1rios e Especialistas Comentam\">[&#8230;]<\/a><!-- AddThis Advanced Settings generic via filter on get_the_excerpt --><!-- AddThis Share Buttons generic via filter on get_the_excerpt --><\/p>\n<\/div>","protected":false},"author":137,"featured_media":14789,"comment_status":"closed","ping_status":"closed","sticky":false,"template":"","format":"standard","meta":{"_acf_changed":false,"_monsterinsights_skip_tracking":false,"_monsterinsights_sitenote_active":false,"_monsterinsights_sitenote_note":"","_monsterinsights_sitenote_category":0,"footnotes":""},"categories":[1621,344],"tags":[554,948,332,217,1564,1239,88,1418,113,1546,839,354],"writer":[1567,1657],"translator":[1342],"source":[],"ilustrador":[],"fotografo":[],"class_list":{"0":"post-14787","1":"post","2":"type-post","3":"status-publish","4":"format-standard","5":"has-post-thumbnail","7":"category-destaque","8":"category-politicas","9":"tag-cidade-de-deus","10":"tag-coletivo","11":"tag-complexo-da-mare","12":"tag-complexo-do-alemao","13":"tag-congresso","14":"tag-criminalizacao-da-pobreza","15":"tag-direitos-humanos","16":"tag-coletivo-papo-reto","17":"tag-juventude","18":"tag-maioridade-penal","19":"tag-prioridades-publicas-equivocadas","20":"tag-vidigal","21":"writer-kiratiana-freelon","22":"writer-nicole-froio","23":"translator-patricia-monteiro"},"acf":[],"yoast_head":"<!-- This site is optimized with the Yoast SEO plugin v25.6 - https:\/\/yoast.com\/wordpress\/plugins\/seo\/ -->\n<title>Em 24 horas, C\u00e2mara Rejeita e Depois Aprova Redu\u00e7\u00e3o da Maioridade Penal: L\u00edderes Comunit\u00e1rios e Especialistas Comentam - RioOnWatch<\/title>\n<meta name=\"robots\" content=\"index, follow, max-snippet:-1, max-image-preview:large, max-video-preview:-1\" \/>\n<link rel=\"canonical\" href=\"https:\/\/rioonwatch.org.br\/?p=14787\" \/>\n<meta property=\"og:locale\" content=\"pt_BR\" \/>\n<meta property=\"og:type\" content=\"article\" \/>\n<meta property=\"og:title\" content=\"Em 24 horas, C\u00e2mara Rejeita e Depois Aprova Redu\u00e7\u00e3o da Maioridade Penal: L\u00edderes Comunit\u00e1rios e Especialistas Comentam - RioOnWatch\" \/>\n<meta property=\"og:description\" content=\"Quarta-feira, 1\u00ba de julho, a C\u00e2mara de Deputados rejeitou a proposta que reduziria a maioridade penal de\u00a0crimes hediondos de 18 para 16 anos. Deputados passaram toda a ter\u00e7a-feira, 30 de junho, discutindo a proposta e [...]\" \/>\n<meta property=\"og:url\" content=\"https:\/\/rioonwatch.org.br\/?p=14787\" \/>\n<meta property=\"og:site_name\" content=\"RioOnWatch\" \/>\n<meta property=\"article:published_time\" content=\"2015-07-03T00:55:31+00:00\" \/>\n<meta property=\"article:modified_time\" content=\"2017-06-23T15:21:08+00:00\" \/>\n<meta property=\"og:image\" content=\"https:\/\/rioonwatch.org.br\/wp-content\/uploads\/2015\/07\/Criminal-responsibility.jpg\" \/>\n\t<meta property=\"og:image:width\" content=\"1000\" \/>\n\t<meta property=\"og:image:height\" content=\"655\" \/>\n\t<meta property=\"og:image:type\" content=\"image\/jpeg\" \/>\n<meta name=\"author\" content=\"Nicole Froio\" \/>\n<meta name=\"twitter:card\" content=\"summary_large_image\" \/>\n<meta name=\"twitter:label1\" content=\"Escrito por\" \/>\n\t<meta name=\"twitter:data1\" content=\"Nicole Froio\" \/>\n\t<meta name=\"twitter:label2\" content=\"Est. tempo de leitura\" \/>\n\t<meta name=\"twitter:data2\" content=\"8 minutos\" \/>\n<script type=\"application\/ld+json\" class=\"yoast-schema-graph\">{\"@context\":\"https:\/\/schema.org\",\"@graph\":[{\"@type\":\"Article\",\"@id\":\"https:\/\/rioonwatch.org.br\/?p=14787#article\",\"isPartOf\":{\"@id\":\"https:\/\/rioonwatch.org.br\/?p=14787\"},\"author\":{\"name\":\"Nicole Froio\",\"@id\":\"https:\/\/rioonwatch.org.br\/#\/schema\/person\/e07d559fe2154d11fd3ec515e35695ee\"},\"headline\":\"Em 24 horas, C\u00e2mara Rejeita e Depois Aprova Redu\u00e7\u00e3o da Maioridade Penal: L\u00edderes Comunit\u00e1rios e Especialistas Comentam\",\"datePublished\":\"2015-07-03T00:55:31+00:00\",\"dateModified\":\"2017-06-23T15:21:08+00:00\",\"mainEntityOfPage\":{\"@id\":\"https:\/\/rioonwatch.org.br\/?p=14787\"},\"wordCount\":1578,\"publisher\":{\"@id\":\"https:\/\/rioonwatch.org.br\/#organization\"},\"image\":{\"@id\":\"https:\/\/rioonwatch.org.br\/?p=14787#primaryimage\"},\"thumbnailUrl\":\"https:\/\/rioonwatch.org.br\/wp-content\/uploads\/2015\/07\/Criminal-responsibility.jpg\",\"keywords\":[\"Cidade de Deus\",\"coletivo\",\"Complexo da Mar\u00e9\",\"Complexo do Alem\u00e3o\",\"Congresso\",\"criminaliza\u00e7\u00e3o da pobreza\",\"Direitos Humanos\",\"Instituto Papo Reto\",\"juventude\",\"maioridade penal\",\"prioridades p\u00fablicas equivocadas\",\"Vidigal\"],\"articleSection\":[\"*Destaque\",\"Pol\u00edticas\"],\"inLanguage\":\"pt-BR\"},{\"@type\":\"WebPage\",\"@id\":\"https:\/\/rioonwatch.org.br\/?p=14787\",\"url\":\"https:\/\/rioonwatch.org.br\/?p=14787\",\"name\":\"Em 24 horas, C\u00e2mara Rejeita e Depois Aprova Redu\u00e7\u00e3o da Maioridade Penal: L\u00edderes Comunit\u00e1rios e Especialistas Comentam - RioOnWatch\",\"isPartOf\":{\"@id\":\"https:\/\/rioonwatch.org.br\/#website\"},\"primaryImageOfPage\":{\"@id\":\"https:\/\/rioonwatch.org.br\/?p=14787#primaryimage\"},\"image\":{\"@id\":\"https:\/\/rioonwatch.org.br\/?p=14787#primaryimage\"},\"thumbnailUrl\":\"https:\/\/rioonwatch.org.br\/wp-content\/uploads\/2015\/07\/Criminal-responsibility.jpg\",\"datePublished\":\"2015-07-03T00:55:31+00:00\",\"dateModified\":\"2017-06-23T15:21:08+00:00\",\"breadcrumb\":{\"@id\":\"https:\/\/rioonwatch.org.br\/?p=14787#breadcrumb\"},\"inLanguage\":\"pt-BR\",\"potentialAction\":[{\"@type\":\"ReadAction\",\"target\":[\"https:\/\/rioonwatch.org.br\/?p=14787\"]}]},{\"@type\":\"ImageObject\",\"inLanguage\":\"pt-BR\",\"@id\":\"https:\/\/rioonwatch.org.br\/?p=14787#primaryimage\",\"url\":\"https:\/\/rioonwatch.org.br\/wp-content\/uploads\/2015\/07\/Criminal-responsibility.jpg\",\"contentUrl\":\"https:\/\/rioonwatch.org.br\/wp-content\/uploads\/2015\/07\/Criminal-responsibility.jpg\",\"width\":1000,\"height\":655,\"caption\":\"01\/07\/2015 - Bras\u00edlia - DF - Brasil - Sess\u00e3o extraordin\u00e1ria destinada a continuar as vota\u00e7\u00f5es da PEC da maioridade penal (PEC 171\/93) . Foto: Gustavo Lima \/ C\u00e2mara dos Deputados\"},{\"@type\":\"BreadcrumbList\",\"@id\":\"https:\/\/rioonwatch.org.br\/?p=14787#breadcrumb\",\"itemListElement\":[{\"@type\":\"ListItem\",\"position\":1,\"name\":\"In\u00edcio\",\"item\":\"https:\/\/rioonwatch.org.br\/\"},{\"@type\":\"ListItem\",\"position\":2,\"name\":\"Em 24 horas, C\u00e2mara Rejeita e Depois Aprova Redu\u00e7\u00e3o da Maioridade Penal: L\u00edderes Comunit\u00e1rios e Especialistas Comentam\"}]},{\"@type\":\"WebSite\",\"@id\":\"https:\/\/rioonwatch.org.br\/#website\",\"url\":\"https:\/\/rioonwatch.org.br\/\",\"name\":\"RioOnWatch\",\"description\":\"relatos das favelas cariocas\",\"publisher\":{\"@id\":\"https:\/\/rioonwatch.org.br\/#organization\"},\"potentialAction\":[{\"@type\":\"SearchAction\",\"target\":{\"@type\":\"EntryPoint\",\"urlTemplate\":\"https:\/\/rioonwatch.org.br\/?s={search_term_string}\"},\"query-input\":{\"@type\":\"PropertyValueSpecification\",\"valueRequired\":true,\"valueName\":\"search_term_string\"}}],\"inLanguage\":\"pt-BR\"},{\"@type\":\"Organization\",\"@id\":\"https:\/\/rioonwatch.org.br\/#organization\",\"name\":\"RioOnWatch\",\"url\":\"https:\/\/rioonwatch.org.br\/\",\"logo\":{\"@type\":\"ImageObject\",\"inLanguage\":\"pt-BR\",\"@id\":\"https:\/\/rioonwatch.org.br\/#\/schema\/logo\/image\/\",\"url\":\"https:\/\/rioonwatch.org.br\/wp-content\/uploads\/2021\/06\/RioOnWatchcabecalhoPT11anos-2.png\",\"contentUrl\":\"https:\/\/rioonwatch.org.br\/wp-content\/uploads\/2021\/06\/RioOnWatchcabecalhoPT11anos-2.png\",\"width\":779,\"height\":277,\"caption\":\"RioOnWatch\"},\"image\":{\"@id\":\"https:\/\/rioonwatch.org.br\/#\/schema\/logo\/image\/\"}},{\"@type\":\"Person\",\"@id\":\"https:\/\/rioonwatch.org.br\/#\/schema\/person\/e07d559fe2154d11fd3ec515e35695ee\",\"name\":\"Nicole Froio\",\"image\":{\"@type\":\"ImageObject\",\"inLanguage\":\"pt-BR\",\"@id\":\"https:\/\/rioonwatch.org.br\/#\/schema\/person\/image\/\",\"url\":\"https:\/\/secure.gravatar.com\/avatar\/0acdbd6878ca0ac29aa5ce6c6119d636?s=96&d=blank&r=g\",\"contentUrl\":\"https:\/\/secure.gravatar.com\/avatar\/0acdbd6878ca0ac29aa5ce6c6119d636?s=96&d=blank&r=g\",\"caption\":\"Nicole Froio\"},\"url\":\"https:\/\/rioonwatch.org.br\/?author=137\"}]}<\/script>\n<!-- \/ Yoast SEO plugin. -->","yoast_head_json":{"title":"Em 24 horas, C\u00e2mara Rejeita e Depois Aprova Redu\u00e7\u00e3o da Maioridade Penal: L\u00edderes Comunit\u00e1rios e Especialistas Comentam - RioOnWatch","robots":{"index":"index","follow":"follow","max-snippet":"max-snippet:-1","max-image-preview":"max-image-preview:large","max-video-preview":"max-video-preview:-1"},"canonical":"https:\/\/rioonwatch.org.br\/?p=14787","og_locale":"pt_BR","og_type":"article","og_title":"Em 24 horas, C\u00e2mara Rejeita e Depois Aprova Redu\u00e7\u00e3o da Maioridade Penal: L\u00edderes Comunit\u00e1rios e Especialistas Comentam - RioOnWatch","og_description":"Quarta-feira, 1\u00ba de julho, a C\u00e2mara de Deputados rejeitou a proposta que reduziria a maioridade penal de\u00a0crimes hediondos de 18 para 16 anos. Deputados passaram toda a ter\u00e7a-feira, 30 de junho, discutindo a proposta e [...]","og_url":"https:\/\/rioonwatch.org.br\/?p=14787","og_site_name":"RioOnWatch","article_published_time":"2015-07-03T00:55:31+00:00","article_modified_time":"2017-06-23T15:21:08+00:00","og_image":[{"width":1000,"height":655,"url":"https:\/\/rioonwatch.org.br\/wp-content\/uploads\/2015\/07\/Criminal-responsibility.jpg","type":"image\/jpeg"}],"author":"Nicole Froio","twitter_card":"summary_large_image","twitter_misc":{"Escrito por":"Nicole Froio","Est. tempo de leitura":"8 minutos"},"schema":{"@context":"https:\/\/schema.org","@graph":[{"@type":"Article","@id":"https:\/\/rioonwatch.org.br\/?p=14787#article","isPartOf":{"@id":"https:\/\/rioonwatch.org.br\/?p=14787"},"author":{"name":"Nicole Froio","@id":"https:\/\/rioonwatch.org.br\/#\/schema\/person\/e07d559fe2154d11fd3ec515e35695ee"},"headline":"Em 24 horas, C\u00e2mara Rejeita e Depois Aprova Redu\u00e7\u00e3o da Maioridade Penal: L\u00edderes Comunit\u00e1rios e Especialistas Comentam","datePublished":"2015-07-03T00:55:31+00:00","dateModified":"2017-06-23T15:21:08+00:00","mainEntityOfPage":{"@id":"https:\/\/rioonwatch.org.br\/?p=14787"},"wordCount":1578,"publisher":{"@id":"https:\/\/rioonwatch.org.br\/#organization"},"image":{"@id":"https:\/\/rioonwatch.org.br\/?p=14787#primaryimage"},"thumbnailUrl":"https:\/\/rioonwatch.org.br\/wp-content\/uploads\/2015\/07\/Criminal-responsibility.jpg","keywords":["Cidade de Deus","coletivo","Complexo da Mar\u00e9","Complexo do Alem\u00e3o","Congresso","criminaliza\u00e7\u00e3o da pobreza","Direitos Humanos","Instituto Papo Reto","juventude","maioridade penal","prioridades p\u00fablicas equivocadas","Vidigal"],"articleSection":["*Destaque","Pol\u00edticas"],"inLanguage":"pt-BR"},{"@type":"WebPage","@id":"https:\/\/rioonwatch.org.br\/?p=14787","url":"https:\/\/rioonwatch.org.br\/?p=14787","name":"Em 24 horas, C\u00e2mara Rejeita e Depois Aprova Redu\u00e7\u00e3o da Maioridade Penal: L\u00edderes Comunit\u00e1rios e Especialistas Comentam - RioOnWatch","isPartOf":{"@id":"https:\/\/rioonwatch.org.br\/#website"},"primaryImageOfPage":{"@id":"https:\/\/rioonwatch.org.br\/?p=14787#primaryimage"},"image":{"@id":"https:\/\/rioonwatch.org.br\/?p=14787#primaryimage"},"thumbnailUrl":"https:\/\/rioonwatch.org.br\/wp-content\/uploads\/2015\/07\/Criminal-responsibility.jpg","datePublished":"2015-07-03T00:55:31+00:00","dateModified":"2017-06-23T15:21:08+00:00","breadcrumb":{"@id":"https:\/\/rioonwatch.org.br\/?p=14787#breadcrumb"},"inLanguage":"pt-BR","potentialAction":[{"@type":"ReadAction","target":["https:\/\/rioonwatch.org.br\/?p=14787"]}]},{"@type":"ImageObject","inLanguage":"pt-BR","@id":"https:\/\/rioonwatch.org.br\/?p=14787#primaryimage","url":"https:\/\/rioonwatch.org.br\/wp-content\/uploads\/2015\/07\/Criminal-responsibility.jpg","contentUrl":"https:\/\/rioonwatch.org.br\/wp-content\/uploads\/2015\/07\/Criminal-responsibility.jpg","width":1000,"height":655,"caption":"01\/07\/2015 - Bras\u00edlia - DF - Brasil - Sess\u00e3o extraordin\u00e1ria destinada a continuar as vota\u00e7\u00f5es da PEC da maioridade penal (PEC 171\/93) . Foto: Gustavo Lima \/ C\u00e2mara dos Deputados"},{"@type":"BreadcrumbList","@id":"https:\/\/rioonwatch.org.br\/?p=14787#breadcrumb","itemListElement":[{"@type":"ListItem","position":1,"name":"In\u00edcio","item":"https:\/\/rioonwatch.org.br\/"},{"@type":"ListItem","position":2,"name":"Em 24 horas, C\u00e2mara Rejeita e Depois Aprova Redu\u00e7\u00e3o da Maioridade Penal: L\u00edderes Comunit\u00e1rios e Especialistas Comentam"}]},{"@type":"WebSite","@id":"https:\/\/rioonwatch.org.br\/#website","url":"https:\/\/rioonwatch.org.br\/","name":"RioOnWatch","description":"relatos das favelas cariocas","publisher":{"@id":"https:\/\/rioonwatch.org.br\/#organization"},"potentialAction":[{"@type":"SearchAction","target":{"@type":"EntryPoint","urlTemplate":"https:\/\/rioonwatch.org.br\/?s={search_term_string}"},"query-input":{"@type":"PropertyValueSpecification","valueRequired":true,"valueName":"search_term_string"}}],"inLanguage":"pt-BR"},{"@type":"Organization","@id":"https:\/\/rioonwatch.org.br\/#organization","name":"RioOnWatch","url":"https:\/\/rioonwatch.org.br\/","logo":{"@type":"ImageObject","inLanguage":"pt-BR","@id":"https:\/\/rioonwatch.org.br\/#\/schema\/logo\/image\/","url":"https:\/\/rioonwatch.org.br\/wp-content\/uploads\/2021\/06\/RioOnWatchcabecalhoPT11anos-2.png","contentUrl":"https:\/\/rioonwatch.org.br\/wp-content\/uploads\/2021\/06\/RioOnWatchcabecalhoPT11anos-2.png","width":779,"height":277,"caption":"RioOnWatch"},"image":{"@id":"https:\/\/rioonwatch.org.br\/#\/schema\/logo\/image\/"}},{"@type":"Person","@id":"https:\/\/rioonwatch.org.br\/#\/schema\/person\/e07d559fe2154d11fd3ec515e35695ee","name":"Nicole Froio","image":{"@type":"ImageObject","inLanguage":"pt-BR","@id":"https:\/\/rioonwatch.org.br\/#\/schema\/person\/image\/","url":"https:\/\/secure.gravatar.com\/avatar\/0acdbd6878ca0ac29aa5ce6c6119d636?s=96&d=blank&r=g","contentUrl":"https:\/\/secure.gravatar.com\/avatar\/0acdbd6878ca0ac29aa5ce6c6119d636?s=96&d=blank&r=g","caption":"Nicole Froio"},"url":"https:\/\/rioonwatch.org.br\/?author=137"}]}},"_links":{"self":[{"href":"https:\/\/rioonwatch.org.br\/index.php?rest_route=\/wp\/v2\/posts\/14787"}],"collection":[{"href":"https:\/\/rioonwatch.org.br\/index.php?rest_route=\/wp\/v2\/posts"}],"about":[{"href":"https:\/\/rioonwatch.org.br\/index.php?rest_route=\/wp\/v2\/types\/post"}],"author":[{"embeddable":true,"href":"https:\/\/rioonwatch.org.br\/index.php?rest_route=\/wp\/v2\/users\/137"}],"replies":[{"embeddable":true,"href":"https:\/\/rioonwatch.org.br\/index.php?rest_route=%2Fwp%2Fv2%2Fcomments&post=14787"}],"version-history":[{"count":10,"href":"https:\/\/rioonwatch.org.br\/index.php?rest_route=\/wp\/v2\/posts\/14787\/revisions"}],"predecessor-version":[{"id":15211,"href":"https:\/\/rioonwatch.org.br\/index.php?rest_route=\/wp\/v2\/posts\/14787\/revisions\/15211"}],"wp:featuredmedia":[{"embeddable":true,"href":"https:\/\/rioonwatch.org.br\/index.php?rest_route=\/wp\/v2\/media\/14789"}],"wp:attachment":[{"href":"https:\/\/rioonwatch.org.br\/index.php?rest_route=%2Fwp%2Fv2%2Fmedia&parent=14787"}],"wp:term":[{"taxonomy":"category","embeddable":true,"href":"https:\/\/rioonwatch.org.br\/index.php?rest_route=%2Fwp%2Fv2%2Fcategories&post=14787"},{"taxonomy":"post_tag","embeddable":true,"href":"https:\/\/rioonwatch.org.br\/index.php?rest_route=%2Fwp%2Fv2%2Ftags&post=14787"},{"taxonomy":"writer","embeddable":true,"href":"https:\/\/rioonwatch.org.br\/index.php?rest_route=%2Fwp%2Fv2%2Fwriter&post=14787"},{"taxonomy":"translator","embeddable":true,"href":"https:\/\/rioonwatch.org.br\/index.php?rest_route=%2Fwp%2Fv2%2Ftranslator&post=14787"},{"taxonomy":"source","embeddable":true,"href":"https:\/\/rioonwatch.org.br\/index.php?rest_route=%2Fwp%2Fv2%2Fsource&post=14787"},{"taxonomy":"ilustrador","embeddable":true,"href":"https:\/\/rioonwatch.org.br\/index.php?rest_route=%2Fwp%2Fv2%2Filustrador&post=14787"},{"taxonomy":"fotografo","embeddable":true,"href":"https:\/\/rioonwatch.org.br\/index.php?rest_route=%2Fwp%2Fv2%2Ffotografo&post=14787"}],"curies":[{"name":"wp","href":"https:\/\/api.w.org\/{rel}","templated":true}]}}