{"id":14800,"date":"2015-07-04T09:00:16","date_gmt":"2015-07-04T12:00:16","guid":{"rendered":"http:\/\/rioonwatch.org.br\/?p=14800"},"modified":"2017-03-20T07:49:43","modified_gmt":"2017-03-20T10:49:43","slug":"segunda-reuniao-participativa-sobre-plano-habitacional-na-regiao-portuaria-recebeu-perguntas-dificeis-por-parte-dos-moradores","status":"publish","type":"post","link":"https:\/\/rioonwatch.org.br\/?p=14800","title":{"rendered":"Segunda Reuni\u00e3o Participativa sobre Plano Habitacional da Regi\u00e3o Portu\u00e1ria Recebeu Perguntas Dif\u00edceis por Parte dos Moradores"},"content":{"rendered":"<p>No dia 18 de junho, a Companhia de Desenvolvimento Urbano da Regi\u00e3o do Porto (CDURP) do Rio de Janeiro\u00a0sediou a segunda audi\u00eancia p\u00fablica sobre o\u00a0Plano Habitacional Participativo para a <a href=\"http:\/\/bit.ly\/1cVBDvL\" target=\"_blank\">\u00e1rea do Porto<\/a>, na sequ\u00eancia de uma reuni\u00e3o introdut\u00f3ria <a href=\"http:\/\/bit.ly\/1Ix06F1\" target=\"_blank\">no dia 10<\/a> de junho.<\/p>\n<p>O evento teve uma plat\u00e9ia\u00a0de cerca de 150 pessoas e foi iniciada pelo presidente da CDURP, Alberto Gomes Silva, que apresentou uma\u00a0<a href=\"http:\/\/bit.ly\/1Hdgzz1\" target=\"_blank\">vers\u00e3o resumida<\/a> do diagn\u00f3stico da semana anterior\u00a0referente a uma s\u00e9rie de mapas e tabelas desenvolvidas pelo Instituto Pereira Passos (IPP) e o IBGE.<\/p>\n<p>Enquanto apontava para um mapa comparando a densidade demogr\u00e1fica nos diferentes bairros da Regi\u00e3o\u00a0Portu\u00e1ria (mapa abaixo), Silva destacou que \u201ca densidade demogr\u00e1fica e a quantidade de pessoas que moram nessa regi\u00e3o, em rela\u00e7\u00e3o com o tamanho da regi\u00e3o, \u00e9 pequena, e por isso \u00e9 poss\u00edvel trazer mais pessoas para morarem aqui&#8221;.<\/p>\n<figure id=\"attachment_14804\" aria-describedby=\"caption-attachment-14804\" style=\"width: 620px\" class=\"wp-caption aligncenter\"><a href=\"http:\/\/rioonwatch.org.br\/wp-content\/uploads\/2015\/07\/port_density_ipp-e1436155304642.jpg\"><img fetchpriority=\"high\" decoding=\"async\" class=\"size-full wp-image-14804\" src=\"http:\/\/rioonwatch.org.br\/wp-content\/uploads\/2015\/07\/port_density_ipp-e1436155304642.jpg\" alt=\"O Mapa mostra a densidade populacional na \u00c1rea Portu\u00e1ria. As linhas vermelhas representam as favelas, as linhas azuis representam os complexos de apartamentos e as linhas roxas delineiam o projeto do Porto Maravilha.\" width=\"620\" height=\"398\" srcset=\"https:\/\/rioonwatch.org.br\/wp-content\/uploads\/2015\/07\/port_density_ipp-e1436155304642.jpg 620w, https:\/\/rioonwatch.org.br\/wp-content\/uploads\/2015\/07\/port_density_ipp-e1436155304642-411x264.jpg 411w\" sizes=\"(max-width: 620px) 100vw, 620px\" \/><\/a><figcaption id=\"caption-attachment-14804\" class=\"wp-caption-text\">O mapa mostra a densidade populacional na \u00c1rea Portu\u00e1ria. As linhas vermelhas representam as favelas, as linhas azuis representam os complexos de apartamentos e as linhas roxas delineiam o projeto do Porto Maravilha.<\/figcaption><\/figure>\n<p>Ele apresentou diferentes faixas\u00a0de renda (veja abaixo) dizendo que &#8220;a\u00a0popula\u00e7\u00e3o predominante \u00e9 de 0 \u00e0 6 sal\u00e1rios m\u00ednimos&#8221;, com a faixa de maior renda localizada na \u00e1rea mais ao sudeste, no encontro das avenidas Presidente Vargas e Rio Branco. Embora, como mostrado pelo mapa de uso da terra apresentado na mesma reuni\u00e3o, esta \u00e1rea \u00e9 principalmente uma pequena zona comercial e a grande maioria das resid\u00eancias na regi\u00e3o\u00a0portu\u00e1ria se encontram na faixa\u00a0mais baixa, entre 0 e 3 sal\u00e1rios m\u00ednimos.<\/p>\n<figure id=\"attachment_14805\" aria-describedby=\"caption-attachment-14805\" style=\"width: 620px\" class=\"wp-caption aligncenter\"><a href=\"http:\/\/rioonwatch.org.br\/wp-content\/uploads\/2015\/07\/port_income_ipp-e1436155523916.jpg\"><img decoding=\"async\" class=\"size-full wp-image-14805\" src=\"http:\/\/rioonwatch.org.br\/wp-content\/uploads\/2015\/07\/port_income_ipp-e1436155523916.jpg\" alt=\"Mapa mostrando a distribui\u00e7\u00e3o dos diferentes grupos de renda na \u00e1rea portu\u00e1ria. As linhas vermelhas representam as favelas, as azuis representam os complexos de apartamentos e as roxas delineiam o projeto Porto Maravilha. \" width=\"620\" height=\"398\" srcset=\"https:\/\/rioonwatch.org.br\/wp-content\/uploads\/2015\/07\/port_income_ipp-e1436155523916.jpg 620w, https:\/\/rioonwatch.org.br\/wp-content\/uploads\/2015\/07\/port_income_ipp-e1436155523916-411x264.jpg 411w\" sizes=\"(max-width: 620px) 100vw, 620px\" \/><\/a><figcaption id=\"caption-attachment-14805\" class=\"wp-caption-text\">O mapa mostra a distribui\u00e7\u00e3o das diferentes faixas\u00a0de renda na regi\u00e3o\u00a0portu\u00e1ria. As linhas vermelhas representam as favelas, as azuis representam os complexos de apartamentos e as roxas delineiam o projeto Porto Maravilha.<\/figcaption><\/figure>\n<p>Em resposta a tabela apresentada pelo IBGE no come\u00e7o da reuni\u00e3o, constatando que quase\u00a0metade da popula\u00e7\u00e3o da regi\u00e3o\u00a0portu\u00e1ria vive em casas alugadas, enquanto a maioria do restante possui casa pr\u00f3pria, um morador da Pedra Lisa salientou que: \u201cPor muitos anos o bairro ficou sem obras, n\u00e3o tinha nada. Agora sim e estamos preocupados. <a href=\"http:\/\/bit.ly\/1gG3zUU\" target=\"_blank\">N\u00f3s que somos moradores de muitos anos. O que ser\u00e1 feito de n\u00f3s?<\/a> Pagamos aluguel, todo mundo paga aluguel e ningu\u00e9m \u00e9 propriet\u00e1rio. Depois que tudo fica maravilhoso vai ser uma \u00e1rea para rico. Ao mesmo tempo n\u00e3o temos um posto de sa\u00fade&#8221;.<\/p>\n<p>Este encontro, o segundo do tipo para decidir sobre um plano participativo para habita\u00e7\u00e3o social na \u00e1rea, foi menos bem recebido que <a href=\"http:\/\/bit.ly\/1Ix06F1\" target=\"_blank\">o primeiro<\/a>. Isto se tornou not\u00e1vel quando o encontro foi aberto para quest\u00f5es e coment\u00e1rios do p\u00fablico, e v\u00e1rios pontos cr\u00edticos foram trazidos a tona. Muitos moradores expressaram suas preocupa\u00e7\u00f5es com a crescente press\u00e3o para deixar a \u00e1rea, quer diretamente, devido as notifica\u00e7\u00f5es de <a href=\"http:\/\/bit.ly\/X51Qvb\" target=\"_blank\">remo\u00e7\u00f5es<\/a> inesperadas, ou indiretamente, atrav\u00e9s de incontrol\u00e1veis aumentos no aluguel, os quais, em um certo momento se tornam inacess\u00edveis para as fam\u00edlias\u00a0predominantemente de baixa renda, levando a expuls\u00e3o de moradores para periferias distantes.<\/p>\n<p>Pedra Lisa \u00e9 a \u00e1rea mais vulner\u00e1vel do Morro da Provid\u00eancia, economicamente e em termos de qualidade de habita\u00e7\u00e3o. As comunidades foram oficialmente declaradas\u00a0\u00c1reas de Especial Interesse Social\u00a0(AEIS), destinado ao desenvolvimento de programas habitacionais de interesse social para as fam\u00edlias de baixa renda (com renda inferior a seis sal\u00e1rios m\u00ednimos).\u00a0\u00a0Suas terras s\u00e3o reguladas por uma legisla\u00e7\u00e3o especial criada no \u00e2mbito do decreto inicial para o projeto Porto Maravilha\u00a0de reurbaniza\u00e7\u00e3o do Porto.<\/p>\n<p><a href=\"http:\/\/rioonwatch.org.br\/wp-content\/uploads\/2015\/07\/port_panorama-620x264.jpg\"><img decoding=\"async\" class=\"aligncenter size-full wp-image-14806\" src=\"http:\/\/rioonwatch.org.br\/wp-content\/uploads\/2015\/07\/port_panorama-620x264.jpg\" alt=\"port_panorama-620x264\" width=\"620\" height=\"264\" \/><\/a><\/p>\n<p>Orlando Santos Junior, professor de planejamento urbano da UFRJ, revela que \u201cpor lei, a opera\u00e7\u00e3o urbana foi criada com a justificativa de produ\u00e7\u00e3o de habita\u00e7\u00e3o de interesse social e por isso \u00e9 fundamental que a gente conte os projetos de habita\u00e7\u00e3o de interesse social\u201d. Ele ainda menciona que um amplo n\u00famero de\u00a0<a href=\"http:\/\/bit.ly\/1KFgDu1\" target=\"_blank\">ocupa\u00e7\u00f5es<\/a> &#8220;de constru\u00e7\u00f5es p\u00fablicas e pr\u00e9dios privados vazios&#8221; na \u00e1rea portu\u00e1ria, poderiam ser usados como moradias sociais, como pode ser visto em alguns casos de sucesso desenvolvidos pelo programa municipal <a href=\"http:\/\/bit.ly\/1CriV7M\" target=\"_blank\">Novas Alternativas<\/a>.<\/p>\n<p>Ele continua dizendo: &#8220;Al\u00e9m dos dados do IBGE, a gente precisa trabalhar com outros indicadores, coletados e compartilhadas com o p\u00fablico. A vida do dia-a-dia \u00e9 importante para entendermos as necessidades da moradia e n\u00e3o \u00e9 s\u00f3 construir quatro paredes. Precisamos de informa\u00e7\u00f5es fundi\u00e1rias da \u00e1rea. A maioria das fam\u00edlias na \u00e1rea vive em condi\u00e7\u00f5es prec\u00e1rias e \u00e9 fundamental ter acesso as informa\u00e7\u00f5es e saber sobre a situa\u00e7\u00e3o, a fim de desenvolver uma habita\u00e7\u00e3o condigna para todos&#8221;.<\/p>\n<p>Outro professor mencionou o caso de 2013 onde somente 1% de todo o programa de desenvolvimento habitacional do\u00a0<a href=\"http:\/\/bit.ly\/Y4U9oJ\" target=\"_blank\">Minha Casa Minha Vida<\/a>\u00a0na Regi\u00e3o Metropolitana do Rio de Janeiro&#8211;que consistia em 73.000 unidades&#8211;eram para ser constru\u00edda na regi\u00e3o\u00a0portu\u00e1ria. &#8220;Essas 60 unidades foram licenciadas de uma forma muito fragmentada, dividida. A gente precisa ter a possibilidade de discutir a terra p\u00fablica vazia ou abandonada, para reduzir essa fragmenta\u00e7\u00e3o&#8221;.<\/p>\n<p>A regi\u00e3o\u00a0portu\u00e1ria parece estar diante de uma <a href=\"http:\/\/bit.ly\/1zkioX8\" target=\"_blank\">luta sem fim<\/a> para garantir os <a href=\"http:\/\/bit.ly\/1zkioX8\" target=\"_blank\">direitos \u00e0 terra<\/a> para seus ocupantes, fazendo o caminho de volta a <a href=\"http:\/\/bit.ly\/1Hg4Zj3\" target=\"_blank\">hist\u00f3ria da escravid\u00e3o<\/a> e a cria\u00e7\u00e3o dos <a href=\"http:\/\/bit.ly\/1ykJIW4\" target=\"_blank\">quilombos<\/a> urbanos. Hoje, o CDURP e a Prefeitura parecem estar se movendo em dire\u00e7\u00e3o a um plano participativo para a \u00e1rea, muito aguardado, que tem sido uma exig\u00eancia legal para a reconstru\u00e7\u00e3o da regi\u00e3o\u00a0portu\u00e1ria desde o in\u00edcio do projeto. Os resultados do processo ser\u00e3o anunciados depois de uma s\u00e9rie de seis audi\u00eancias p\u00fablicas quando, em agosto, o documento final da\u00a0<a href=\"http:\/\/bit.ly\/1JXAge2\" target=\"_blank\">consulta p\u00fablica<\/a> ser\u00e1 apresentado para a Secretaria Municipal de Habita\u00e7\u00e3o (SMH).<\/p>\n<p>As reuni\u00f5es acontecem nos escrit\u00f3rios da CDURP na Rua Sacadura Cabral na regi\u00e3o\u00a0portu\u00e1ria. J\u00e1 houveram mais duas reuni\u00f5es nos dias 2, 9 julho e a pr\u00f3xima ser\u00e1 no dia 30 deste m\u00eas.<\/p>\n<!-- AddThis Advanced Settings generic via filter on the_content --><!-- AddThis Share Buttons generic via filter on the_content -->","protected":false},"excerpt":{"rendered":"<div class=\"mh-excerpt\"><p>No dia 18 de junho, a Companhia de Desenvolvimento Urbano da Regi\u00e3o do Porto (CDURP) do Rio de Janeiro\u00a0sediou a segunda audi\u00eancia p\u00fablica sobre o\u00a0Plano Habitacional Participativo para a \u00e1rea do Porto, na sequ\u00eancia de <a class=\"mh-excerpt-more\" href=\"https:\/\/rioonwatch.org.br\/?p=14800\" title=\"Segunda Reuni\u00e3o Participativa sobre Plano Habitacional da Regi\u00e3o Portu\u00e1ria Recebeu Perguntas Dif\u00edceis por Parte dos Moradores\">[&#8230;]<\/a><!-- AddThis Advanced Settings generic via filter on get_the_excerpt --><!-- AddThis Share Buttons generic via filter on get_the_excerpt --><\/p>\n<\/div>","protected":false},"author":129,"featured_media":14803,"comment_status":"closed","ping_status":"closed","sticky":false,"template":"","format":"standard","meta":{"_acf_changed":false,"_monsterinsights_skip_tracking":false,"_monsterinsights_sitenote_active":false,"_monsterinsights_sitenote_note":"","_monsterinsights_sitenote_category":0,"footnotes":""},"categories":[1617,1618,344,342],"tags":[1568,259,424,396,395,909,994,705,1523,1575,246,1037,257,304,1576,433,494,258],"writer":[1571],"translator":[452],"source":[],"ilustrador":[],"fotografo":[],"class_list":{"0":"post-14800","1":"post","2":"type-post","3":"status-publish","4":"format-standard","5":"has-post-thumbnail","7":"category-olhonagentrificacao","8":"category-olhonaparticipacao","9":"category-politicas","10":"category-solucoes","11":"tag-cdurp","12":"tag-centro","13":"tag-direito-a-moradia","14":"tag-especulacao-imobiliaria","15":"tag-gentrificacao-remocao-branca","16":"tag-habitacao-acessivel","17":"tag-habitacao-publica","18":"tag-iab","19":"tag-instituto-pereira-passos-ipp","20":"tag-ippur","21":"tag-minha-casa-minha-vida","22":"tag-moradia","23":"tag-providencia","24":"tag-participacao","25":"tag-pedra-lisa","26":"tag-porto-maravilha","27":"tag-regiao-do-porto","28":"tag-smh","29":"writer-katja-majcen","30":"translator-tammy-senra"},"acf":[],"yoast_head":"<!-- This site is optimized with the Yoast SEO plugin v25.6 - https:\/\/yoast.com\/wordpress\/plugins\/seo\/ -->\n<title>Segunda Reuni\u00e3o Participativa sobre Plano Habitacional da Regi\u00e3o Portu\u00e1ria Recebeu Perguntas Dif\u00edceis por Parte dos Moradores - RioOnWatch<\/title>\n<meta name=\"robots\" content=\"index, follow, max-snippet:-1, max-image-preview:large, max-video-preview:-1\" \/>\n<link rel=\"canonical\" href=\"https:\/\/rioonwatch.org.br\/?p=14800\" \/>\n<meta property=\"og:locale\" content=\"pt_BR\" \/>\n<meta property=\"og:type\" content=\"article\" \/>\n<meta property=\"og:title\" content=\"Segunda Reuni\u00e3o Participativa sobre Plano Habitacional da Regi\u00e3o Portu\u00e1ria Recebeu Perguntas Dif\u00edceis por Parte dos Moradores - RioOnWatch\" \/>\n<meta property=\"og:description\" content=\"No dia 18 de junho, a Companhia de Desenvolvimento Urbano da Regi\u00e3o do Porto (CDURP) do Rio de Janeiro\u00a0sediou a segunda audi\u00eancia p\u00fablica sobre o\u00a0Plano Habitacional Participativo para a \u00e1rea do Porto, na sequ\u00eancia de [...]\" \/>\n<meta property=\"og:url\" content=\"https:\/\/rioonwatch.org.br\/?p=14800\" \/>\n<meta property=\"og:site_name\" content=\"RioOnWatch\" \/>\n<meta property=\"article:published_time\" content=\"2015-07-04T12:00:16+00:00\" \/>\n<meta property=\"article:modified_time\" content=\"2017-03-20T10:49:43+00:00\" \/>\n<meta property=\"og:image\" content=\"https:\/\/rioonwatch.org.br\/wp-content\/uploads\/2015\/07\/zonaportuaria_1-e1436155196748.jpg\" \/>\n\t<meta property=\"og:image:width\" content=\"620\" \/>\n\t<meta property=\"og:image:height\" content=\"310\" \/>\n\t<meta property=\"og:image:type\" content=\"image\/jpeg\" \/>\n<meta name=\"author\" content=\"Admin\" \/>\n<meta name=\"twitter:card\" content=\"summary_large_image\" \/>\n<meta name=\"twitter:label1\" content=\"Escrito por\" \/>\n\t<meta name=\"twitter:data1\" content=\"Admin\" \/>\n\t<meta name=\"twitter:label2\" content=\"Est. tempo de leitura\" \/>\n\t<meta name=\"twitter:data2\" content=\"5 minutos\" \/>\n<script type=\"application\/ld+json\" class=\"yoast-schema-graph\">{\"@context\":\"https:\/\/schema.org\",\"@graph\":[{\"@type\":\"Article\",\"@id\":\"https:\/\/rioonwatch.org.br\/?p=14800#article\",\"isPartOf\":{\"@id\":\"https:\/\/rioonwatch.org.br\/?p=14800\"},\"author\":{\"name\":\"Admin\",\"@id\":\"https:\/\/rioonwatch.org.br\/#\/schema\/person\/11d64c290506f9df50c71b850c473f68\"},\"headline\":\"Segunda Reuni\u00e3o Participativa sobre Plano Habitacional da Regi\u00e3o Portu\u00e1ria Recebeu Perguntas Dif\u00edceis por Parte dos Moradores\",\"datePublished\":\"2015-07-04T12:00:16+00:00\",\"dateModified\":\"2017-03-20T10:49:43+00:00\",\"mainEntityOfPage\":{\"@id\":\"https:\/\/rioonwatch.org.br\/?p=14800\"},\"wordCount\":1062,\"publisher\":{\"@id\":\"https:\/\/rioonwatch.org.br\/#organization\"},\"image\":{\"@id\":\"https:\/\/rioonwatch.org.br\/?p=14800#primaryimage\"},\"thumbnailUrl\":\"https:\/\/rioonwatch.org.br\/wp-content\/uploads\/2015\/07\/zonaportuaria_1-e1436155196748.jpg\",\"keywords\":[\"CDURP\",\"Centro\",\"Direito \u00e0 Moradia\",\"especula\u00e7\u00e3o imobili\u00e1ria\",\"gentrifica\u00e7\u00e3o\",\"habita\u00e7\u00e3o acess\u00edvel\",\"habita\u00e7\u00e3o p\u00fablica\",\"IAB\",\"Instituto Pereira Passos (IPP)\",\"IPPUR\",\"Minha Casa Minha Vida\",\"moradia\",\"Morro da Provid\u00eancia\",\"participa\u00e7\u00e3o\",\"Pedra Lisa\",\"Porto Maravilha\",\"Regi\u00e3o do Porto\",\"Secretaria Municipal de Habita\u00e7\u00e3o (SMH)\"],\"articleSection\":[\"#OlhoNaGentrifica\u00e7\u00e3o\",\"#OlhoNaParticipa\u00e7\u00e3o\",\"Pol\u00edticas\",\"Solu\u00e7\u00f5es\"],\"inLanguage\":\"pt-BR\"},{\"@type\":\"WebPage\",\"@id\":\"https:\/\/rioonwatch.org.br\/?p=14800\",\"url\":\"https:\/\/rioonwatch.org.br\/?p=14800\",\"name\":\"Segunda Reuni\u00e3o Participativa sobre Plano Habitacional da Regi\u00e3o Portu\u00e1ria Recebeu Perguntas Dif\u00edceis por Parte dos Moradores - RioOnWatch\",\"isPartOf\":{\"@id\":\"https:\/\/rioonwatch.org.br\/#website\"},\"primaryImageOfPage\":{\"@id\":\"https:\/\/rioonwatch.org.br\/?p=14800#primaryimage\"},\"image\":{\"@id\":\"https:\/\/rioonwatch.org.br\/?p=14800#primaryimage\"},\"thumbnailUrl\":\"https:\/\/rioonwatch.org.br\/wp-content\/uploads\/2015\/07\/zonaportuaria_1-e1436155196748.jpg\",\"datePublished\":\"2015-07-04T12:00:16+00:00\",\"dateModified\":\"2017-03-20T10:49:43+00:00\",\"breadcrumb\":{\"@id\":\"https:\/\/rioonwatch.org.br\/?p=14800#breadcrumb\"},\"inLanguage\":\"pt-BR\",\"potentialAction\":[{\"@type\":\"ReadAction\",\"target\":[\"https:\/\/rioonwatch.org.br\/?p=14800\"]}]},{\"@type\":\"ImageObject\",\"inLanguage\":\"pt-BR\",\"@id\":\"https:\/\/rioonwatch.org.br\/?p=14800#primaryimage\",\"url\":\"https:\/\/rioonwatch.org.br\/wp-content\/uploads\/2015\/07\/zonaportuaria_1-e1436155196748.jpg\",\"contentUrl\":\"https:\/\/rioonwatch.org.br\/wp-content\/uploads\/2015\/07\/zonaportuaria_1-e1436155196748.jpg\",\"width\":620,\"height\":310},{\"@type\":\"BreadcrumbList\",\"@id\":\"https:\/\/rioonwatch.org.br\/?p=14800#breadcrumb\",\"itemListElement\":[{\"@type\":\"ListItem\",\"position\":1,\"name\":\"In\u00edcio\",\"item\":\"https:\/\/rioonwatch.org.br\/\"},{\"@type\":\"ListItem\",\"position\":2,\"name\":\"Segunda Reuni\u00e3o Participativa sobre Plano Habitacional da Regi\u00e3o Portu\u00e1ria Recebeu Perguntas Dif\u00edceis por Parte dos Moradores\"}]},{\"@type\":\"WebSite\",\"@id\":\"https:\/\/rioonwatch.org.br\/#website\",\"url\":\"https:\/\/rioonwatch.org.br\/\",\"name\":\"RioOnWatch\",\"description\":\"relatos das favelas cariocas\",\"publisher\":{\"@id\":\"https:\/\/rioonwatch.org.br\/#organization\"},\"potentialAction\":[{\"@type\":\"SearchAction\",\"target\":{\"@type\":\"EntryPoint\",\"urlTemplate\":\"https:\/\/rioonwatch.org.br\/?s={search_term_string}\"},\"query-input\":{\"@type\":\"PropertyValueSpecification\",\"valueRequired\":true,\"valueName\":\"search_term_string\"}}],\"inLanguage\":\"pt-BR\"},{\"@type\":\"Organization\",\"@id\":\"https:\/\/rioonwatch.org.br\/#organization\",\"name\":\"RioOnWatch\",\"url\":\"https:\/\/rioonwatch.org.br\/\",\"logo\":{\"@type\":\"ImageObject\",\"inLanguage\":\"pt-BR\",\"@id\":\"https:\/\/rioonwatch.org.br\/#\/schema\/logo\/image\/\",\"url\":\"https:\/\/rioonwatch.org.br\/wp-content\/uploads\/2021\/06\/RioOnWatchcabecalhoPT11anos-2.png\",\"contentUrl\":\"https:\/\/rioonwatch.org.br\/wp-content\/uploads\/2021\/06\/RioOnWatchcabecalhoPT11anos-2.png\",\"width\":779,\"height\":277,\"caption\":\"RioOnWatch\"},\"image\":{\"@id\":\"https:\/\/rioonwatch.org.br\/#\/schema\/logo\/image\/\"}},{\"@type\":\"Person\",\"@id\":\"https:\/\/rioonwatch.org.br\/#\/schema\/person\/11d64c290506f9df50c71b850c473f68\",\"name\":\"Admin\",\"image\":{\"@type\":\"ImageObject\",\"inLanguage\":\"pt-BR\",\"@id\":\"https:\/\/rioonwatch.org.br\/#\/schema\/person\/image\/\",\"url\":\"https:\/\/secure.gravatar.com\/avatar\/56211ac74568383903349a1485e3c325?s=96&d=blank&r=g\",\"contentUrl\":\"https:\/\/secure.gravatar.com\/avatar\/56211ac74568383903349a1485e3c325?s=96&d=blank&r=g\",\"caption\":\"Admin\"},\"url\":\"https:\/\/rioonwatch.org.br\/?author=129\"}]}<\/script>\n<!-- \/ Yoast SEO plugin. -->","yoast_head_json":{"title":"Segunda Reuni\u00e3o Participativa sobre Plano Habitacional da Regi\u00e3o Portu\u00e1ria Recebeu Perguntas Dif\u00edceis por Parte dos Moradores - RioOnWatch","robots":{"index":"index","follow":"follow","max-snippet":"max-snippet:-1","max-image-preview":"max-image-preview:large","max-video-preview":"max-video-preview:-1"},"canonical":"https:\/\/rioonwatch.org.br\/?p=14800","og_locale":"pt_BR","og_type":"article","og_title":"Segunda Reuni\u00e3o Participativa sobre Plano Habitacional da Regi\u00e3o Portu\u00e1ria Recebeu Perguntas Dif\u00edceis por Parte dos Moradores - RioOnWatch","og_description":"No dia 18 de junho, a Companhia de Desenvolvimento Urbano da Regi\u00e3o do Porto (CDURP) do Rio de Janeiro\u00a0sediou a segunda audi\u00eancia p\u00fablica sobre o\u00a0Plano Habitacional Participativo para a \u00e1rea do Porto, na sequ\u00eancia de [...]","og_url":"https:\/\/rioonwatch.org.br\/?p=14800","og_site_name":"RioOnWatch","article_published_time":"2015-07-04T12:00:16+00:00","article_modified_time":"2017-03-20T10:49:43+00:00","og_image":[{"width":620,"height":310,"url":"https:\/\/rioonwatch.org.br\/wp-content\/uploads\/2015\/07\/zonaportuaria_1-e1436155196748.jpg","type":"image\/jpeg"}],"author":"Admin","twitter_card":"summary_large_image","twitter_misc":{"Escrito por":"Admin","Est. tempo de leitura":"5 minutos"},"schema":{"@context":"https:\/\/schema.org","@graph":[{"@type":"Article","@id":"https:\/\/rioonwatch.org.br\/?p=14800#article","isPartOf":{"@id":"https:\/\/rioonwatch.org.br\/?p=14800"},"author":{"name":"Admin","@id":"https:\/\/rioonwatch.org.br\/#\/schema\/person\/11d64c290506f9df50c71b850c473f68"},"headline":"Segunda Reuni\u00e3o Participativa sobre Plano Habitacional da Regi\u00e3o Portu\u00e1ria Recebeu Perguntas Dif\u00edceis por Parte dos Moradores","datePublished":"2015-07-04T12:00:16+00:00","dateModified":"2017-03-20T10:49:43+00:00","mainEntityOfPage":{"@id":"https:\/\/rioonwatch.org.br\/?p=14800"},"wordCount":1062,"publisher":{"@id":"https:\/\/rioonwatch.org.br\/#organization"},"image":{"@id":"https:\/\/rioonwatch.org.br\/?p=14800#primaryimage"},"thumbnailUrl":"https:\/\/rioonwatch.org.br\/wp-content\/uploads\/2015\/07\/zonaportuaria_1-e1436155196748.jpg","keywords":["CDURP","Centro","Direito \u00e0 Moradia","especula\u00e7\u00e3o imobili\u00e1ria","gentrifica\u00e7\u00e3o","habita\u00e7\u00e3o acess\u00edvel","habita\u00e7\u00e3o p\u00fablica","IAB","Instituto Pereira Passos (IPP)","IPPUR","Minha Casa Minha Vida","moradia","Morro da Provid\u00eancia","participa\u00e7\u00e3o","Pedra Lisa","Porto Maravilha","Regi\u00e3o do Porto","Secretaria Municipal de Habita\u00e7\u00e3o (SMH)"],"articleSection":["#OlhoNaGentrifica\u00e7\u00e3o","#OlhoNaParticipa\u00e7\u00e3o","Pol\u00edticas","Solu\u00e7\u00f5es"],"inLanguage":"pt-BR"},{"@type":"WebPage","@id":"https:\/\/rioonwatch.org.br\/?p=14800","url":"https:\/\/rioonwatch.org.br\/?p=14800","name":"Segunda Reuni\u00e3o Participativa sobre Plano Habitacional da Regi\u00e3o Portu\u00e1ria Recebeu Perguntas Dif\u00edceis por Parte dos Moradores - RioOnWatch","isPartOf":{"@id":"https:\/\/rioonwatch.org.br\/#website"},"primaryImageOfPage":{"@id":"https:\/\/rioonwatch.org.br\/?p=14800#primaryimage"},"image":{"@id":"https:\/\/rioonwatch.org.br\/?p=14800#primaryimage"},"thumbnailUrl":"https:\/\/rioonwatch.org.br\/wp-content\/uploads\/2015\/07\/zonaportuaria_1-e1436155196748.jpg","datePublished":"2015-07-04T12:00:16+00:00","dateModified":"2017-03-20T10:49:43+00:00","breadcrumb":{"@id":"https:\/\/rioonwatch.org.br\/?p=14800#breadcrumb"},"inLanguage":"pt-BR","potentialAction":[{"@type":"ReadAction","target":["https:\/\/rioonwatch.org.br\/?p=14800"]}]},{"@type":"ImageObject","inLanguage":"pt-BR","@id":"https:\/\/rioonwatch.org.br\/?p=14800#primaryimage","url":"https:\/\/rioonwatch.org.br\/wp-content\/uploads\/2015\/07\/zonaportuaria_1-e1436155196748.jpg","contentUrl":"https:\/\/rioonwatch.org.br\/wp-content\/uploads\/2015\/07\/zonaportuaria_1-e1436155196748.jpg","width":620,"height":310},{"@type":"BreadcrumbList","@id":"https:\/\/rioonwatch.org.br\/?p=14800#breadcrumb","itemListElement":[{"@type":"ListItem","position":1,"name":"In\u00edcio","item":"https:\/\/rioonwatch.org.br\/"},{"@type":"ListItem","position":2,"name":"Segunda Reuni\u00e3o Participativa sobre Plano Habitacional da Regi\u00e3o Portu\u00e1ria Recebeu Perguntas Dif\u00edceis por Parte dos Moradores"}]},{"@type":"WebSite","@id":"https:\/\/rioonwatch.org.br\/#website","url":"https:\/\/rioonwatch.org.br\/","name":"RioOnWatch","description":"relatos das favelas cariocas","publisher":{"@id":"https:\/\/rioonwatch.org.br\/#organization"},"potentialAction":[{"@type":"SearchAction","target":{"@type":"EntryPoint","urlTemplate":"https:\/\/rioonwatch.org.br\/?s={search_term_string}"},"query-input":{"@type":"PropertyValueSpecification","valueRequired":true,"valueName":"search_term_string"}}],"inLanguage":"pt-BR"},{"@type":"Organization","@id":"https:\/\/rioonwatch.org.br\/#organization","name":"RioOnWatch","url":"https:\/\/rioonwatch.org.br\/","logo":{"@type":"ImageObject","inLanguage":"pt-BR","@id":"https:\/\/rioonwatch.org.br\/#\/schema\/logo\/image\/","url":"https:\/\/rioonwatch.org.br\/wp-content\/uploads\/2021\/06\/RioOnWatchcabecalhoPT11anos-2.png","contentUrl":"https:\/\/rioonwatch.org.br\/wp-content\/uploads\/2021\/06\/RioOnWatchcabecalhoPT11anos-2.png","width":779,"height":277,"caption":"RioOnWatch"},"image":{"@id":"https:\/\/rioonwatch.org.br\/#\/schema\/logo\/image\/"}},{"@type":"Person","@id":"https:\/\/rioonwatch.org.br\/#\/schema\/person\/11d64c290506f9df50c71b850c473f68","name":"Admin","image":{"@type":"ImageObject","inLanguage":"pt-BR","@id":"https:\/\/rioonwatch.org.br\/#\/schema\/person\/image\/","url":"https:\/\/secure.gravatar.com\/avatar\/56211ac74568383903349a1485e3c325?s=96&d=blank&r=g","contentUrl":"https:\/\/secure.gravatar.com\/avatar\/56211ac74568383903349a1485e3c325?s=96&d=blank&r=g","caption":"Admin"},"url":"https:\/\/rioonwatch.org.br\/?author=129"}]}},"_links":{"self":[{"href":"https:\/\/rioonwatch.org.br\/index.php?rest_route=\/wp\/v2\/posts\/14800"}],"collection":[{"href":"https:\/\/rioonwatch.org.br\/index.php?rest_route=\/wp\/v2\/posts"}],"about":[{"href":"https:\/\/rioonwatch.org.br\/index.php?rest_route=\/wp\/v2\/types\/post"}],"author":[{"embeddable":true,"href":"https:\/\/rioonwatch.org.br\/index.php?rest_route=\/wp\/v2\/users\/129"}],"replies":[{"embeddable":true,"href":"https:\/\/rioonwatch.org.br\/index.php?rest_route=%2Fwp%2Fv2%2Fcomments&post=14800"}],"version-history":[{"count":17,"href":"https:\/\/rioonwatch.org.br\/index.php?rest_route=\/wp\/v2\/posts\/14800\/revisions"}],"predecessor-version":[{"id":15208,"href":"https:\/\/rioonwatch.org.br\/index.php?rest_route=\/wp\/v2\/posts\/14800\/revisions\/15208"}],"wp:featuredmedia":[{"embeddable":true,"href":"https:\/\/rioonwatch.org.br\/index.php?rest_route=\/wp\/v2\/media\/14803"}],"wp:attachment":[{"href":"https:\/\/rioonwatch.org.br\/index.php?rest_route=%2Fwp%2Fv2%2Fmedia&parent=14800"}],"wp:term":[{"taxonomy":"category","embeddable":true,"href":"https:\/\/rioonwatch.org.br\/index.php?rest_route=%2Fwp%2Fv2%2Fcategories&post=14800"},{"taxonomy":"post_tag","embeddable":true,"href":"https:\/\/rioonwatch.org.br\/index.php?rest_route=%2Fwp%2Fv2%2Ftags&post=14800"},{"taxonomy":"writer","embeddable":true,"href":"https:\/\/rioonwatch.org.br\/index.php?rest_route=%2Fwp%2Fv2%2Fwriter&post=14800"},{"taxonomy":"translator","embeddable":true,"href":"https:\/\/rioonwatch.org.br\/index.php?rest_route=%2Fwp%2Fv2%2Ftranslator&post=14800"},{"taxonomy":"source","embeddable":true,"href":"https:\/\/rioonwatch.org.br\/index.php?rest_route=%2Fwp%2Fv2%2Fsource&post=14800"},{"taxonomy":"ilustrador","embeddable":true,"href":"https:\/\/rioonwatch.org.br\/index.php?rest_route=%2Fwp%2Fv2%2Filustrador&post=14800"},{"taxonomy":"fotografo","embeddable":true,"href":"https:\/\/rioonwatch.org.br\/index.php?rest_route=%2Fwp%2Fv2%2Ffotografo&post=14800"}],"curies":[{"name":"wp","href":"https:\/\/api.w.org\/{rel}","templated":true}]}}