{"id":14867,"date":"2015-11-18T08:00:35","date_gmt":"2015-11-18T11:00:35","guid":{"rendered":"http:\/\/rioonwatch.org.br\/?p=14867"},"modified":"2024-08-20T19:31:38","modified_gmt":"2024-08-20T22:31:38","slug":"rio-a-metropole-relutante-introducao-a-baixada-fluminense-parte-1-de-2","status":"publish","type":"post","link":"https:\/\/rioonwatch.org.br\/?p=14867","title":{"rendered":"Rio de Janeiro, a Metr\u00f3pole Relutante: Introdu\u00e7\u00e3o \u00e0 Baixada Fluminense (Parte 1 de 2)"},"content":{"rendered":"<p style=\"text-align: right;\"><em><strong><a href=\"http:\/\/bit.ly\/1eW26wq\" target=\"_blank\" rel=\"noopener\">Click Here for English<img decoding=\"async\" class=\"alignright wp-image-15790\" src=\"http:\/\/rioonwatch.org.br\/wp-content\/uploads\/2012\/08\/EN-standard-e1439583104716.jpg\" alt=\"\" width=\"20\" height=\"20\" \/><\/a><\/strong><\/em><\/p>\n<p><em>Esta \u00e9 a primeira de duas mat\u00e9rias que apresentam a Baixada Fluminense, pela pesquisadora Stephanie Reist*,\u00a0<\/em>com foco na hist\u00f3ria e economia da regi\u00e3o. A segunda ser\u00e1 publicada\u00a0amanh\u00e3 com foco na cultura, no ativismo e a integra\u00e7\u00e3o da Baixada.<\/p>\n<p class=\"p1\"><span class=\"s1\">As din\u00e2micas centro-periferia n\u00e3o s\u00f3 caracterizam as\u00a0<a href=\"http:\/\/glo.bo\/13hxxn4\"><span class=\"s2\">rela\u00e7\u00f5es do Rio com suas favelas<\/span><\/a>, mas tamb\u00e9m a rela\u00e7\u00e3o da cidade com sua \u00e1rea metropolitana. <a href=\"http:\/\/bit.ly\/1xpT8yS\" target=\"_blank\" rel=\"noopener\">Niter\u00f3i<\/a> \u00e9 conhecida por alguns turistas pelos numerosos pr\u00e9dios desenhados pelo famoso arquiteto Oscar Niemeyer. Contudo, outras cidades da <a href=\"http:\/\/bit.ly\/1IuqD7P\"><span class=\"s2\">Grande Rio<\/span><\/a>, como Duque de Caxias, Mag\u00e9, e Belford Roxo s\u00e3o estigmatizadas da mesma forma que as favelas do Rio: os turistas s\u00e3o incentivados a evit\u00e1-las e alguns cariocas zombam da ideia de morar ou simplesmente se aventurar mais ao norte do que o\u00a0<a href=\"http:\/\/bit.ly\/1xSlxft\"><span class=\"s2\">Maracan\u00e3<\/span><\/a>.<\/span><\/p>\n<p class=\"p1\"><span class=\"s1\">Fora dos limites da cidade do Rio, a Grande Rio se divide em duas grandes regi\u00f5es: o Leste Metropolitano e a\u00a0<a href=\"http:\/\/bit.ly\/NjmYR6\"><span class=\"s2\">Baixada Fluminense<\/span><\/a>. O Leste Metropolitano se refere ao lado leste da Ba\u00eda de Guanabara e inclui os munic\u00edpios de Niter\u00f3i,\u00a0<a href=\"http:\/\/bit.ly\/1Iuqpxq\"><span class=\"s2\">S\u00e3o Gon\u00e7alo<\/span><\/a>, Tangu\u00e1, Maric\u00e1, Rio Bonito e Cachoeiras de Macacu. A Baixada Fluminense est\u00e1 no norte da cidade do Rio e inclui os munic\u00edpios de\u00a0<a href=\"http:\/\/bit.ly\/1f29mnz\"><span class=\"s2\">Belford Roxo<\/span><\/a>,\u00a0<a href=\"http:\/\/bit.ly\/1xSlxft\"><span class=\"s2\">Duque de Caxias<\/span><\/a>, Guapimirim, Itagua\u00ed, Japeri,\u00a0<a href=\"http:\/\/bit.ly\/1o5rfgp\"><span class=\"s2\">Mag\u00e9<\/span><\/a>,\u00a0<a href=\"http:\/\/bit.ly\/1K6OhGm\"><span class=\"s2\">Mesquita<\/span><\/a>,\u00a0<a href=\"http:\/\/bit.ly\/1HtGstf\"><span class=\"s2\">Nil\u00f3polis<\/span><\/a>,\u00a0<a href=\"http:\/\/bit.ly\/1xgiXjq\"><span class=\"s2\">Nova Igua\u00e7u<\/span><\/a>, Paracambi,\u00a0<a href=\"http:\/\/bit.ly\/1dZZnRL\"><span class=\"s2\">Queimados<\/span><\/a>,\u00a0<a href=\"http:\/\/bit.ly\/1V1iUTD\"><span class=\"s2\">S\u00e3o Jo\u00e3o de Meriti<\/span><\/a>, e\u00a0<a href=\"http:\/\/bit.ly\/1TBMopB\"><span class=\"s2\">Serop\u00e9dica<\/span><\/a>. Nesse artigo vamos focalizar a Baixada Fluminense. Muitos dos desafios\u00a0enfrentados nessa regi\u00e3o tamb\u00e9m est\u00e3o presentes em toda a Grande Rio.<\/span><b><a href=\"http:\/\/rioonwatch.org.br\/wp-content\/uploads\/2015\/07\/metromap-e1436929595857.png\"><br \/>\n<\/a><\/b><\/p>\n<h3 class=\"p1\"><a href=\"http:\/\/rioonwatch.org.br\/wp-content\/uploads\/2015\/11\/Grande-Rio.png\"><img fetchpriority=\"high\" decoding=\"async\" class=\"aligncenter wp-image-17075\" src=\"http:\/\/rioonwatch.org.br\/wp-content\/uploads\/2015\/11\/Grande-Rio.png\" alt=\"Mapa da regi\u00e3o metropolitana do Rio\" width=\"620\" height=\"444\" srcset=\"https:\/\/rioonwatch.org.br\/wp-content\/uploads\/2015\/11\/Grande-Rio.png 1200w, https:\/\/rioonwatch.org.br\/wp-content\/uploads\/2015\/11\/Grande-Rio-368x264.png 368w, https:\/\/rioonwatch.org.br\/wp-content\/uploads\/2015\/11\/Grande-Rio-620x444.png 620w, https:\/\/rioonwatch.org.br\/wp-content\/uploads\/2015\/11\/Grande-Rio-1024x734.png 1024w\" sizes=\"(max-width: 620px) 100vw, 620px\" \/><\/a><b>Hist\u00f3ria<\/b><\/h3>\n<p>A ind\u00fastria, o transporte e o fluxo de m\u00e3o de obra t\u00eam definido a conex\u00e3o entre a Baixada Fluminense e o Rio de Janeiro durante toda sua hist\u00f3ria. Entre os s\u00e9culos 17 e 19,\u00a0<a href=\"http:\/\/glo.bo\/1acKVUO\" target=\"_blank\" rel=\"noopener\">africanos escravizados e seus descendentes<\/a> trabalharam nos morros da Baixada quando a produ\u00e7\u00e3o cafeeira do Estado do Rio de Janeiro passou a representar at\u00e9 77% da economia brasileira. A produ\u00e7\u00e3o de S\u00e3o Paulo s\u00f3 superou a do Rio em 1883. No come\u00e7o do s\u00e9culo 19, a regi\u00e3o se converteu num centro ferrovi\u00e1rio importante, que conectava o estado de Minas Gerais, rico em recursos naturais, com as planta\u00e7\u00f5es cafeeiras da Baixada e com o Rio (que nesse momento era a <a href=\"http:\/\/bit.ly\/1bLEXdB\" target=\"_blank\" rel=\"noopener\">capital do Imp\u00e9rio<\/a>) e sua nova esta\u00e7\u00e3o, a Central do Brasil.<\/p>\n<p>Demograficamente, a Baixada Fluminense come\u00e7ou a crescer rapidamente <a href=\"http:\/\/bit.ly\/1chvX0u\" target=\"_blank\" rel=\"noopener\">na d\u00e9cada de 30<\/a>, ap\u00f3s a constru\u00e7\u00e3o das rodovias Presidente Dutra e Washington Lu\u00eds. Muitos migrantes, particularmente do Nordeste do Brasil, se assentaram ao longo da Avenida Brasil. O crescimento da regi\u00e3o levou alguns distritos a se dividirem em munic\u00edpios: Itagua\u00ed, Mag\u00e9, e Nova Igua\u00e7u se tornaram munic\u00edpios em 1939, seguidos de Duque de Caxias em 1944.<\/p>\n<p>Como acontece com muitas das favelas do Rio, a regi\u00e3o foi organizada com pouco planejamento e investimento do governo. As pessoas que se estabeleceram na \u00e1rea tiveram que construir sua pr\u00f3pria infraestrutura e sistema de esgoto para lidar com os numerosos rios que descem das montanhas e des\u00e1guam na Ba\u00eda de Guanabara, fazendo a regi\u00e3o vulner\u00e1vel \u00e0 inunda\u00e7\u00f5es e doen\u00e7as transmitidas pelos mosquitos, incluindo, na ocasi\u00e3o, a mal\u00e1ria. As inunda\u00e7\u00f5es ainda s\u00e3o um problema importante na regi\u00e3o. Em 2013, <a href=\"http:\/\/bit.ly\/1gBcxXf\" target=\"_blank\" rel=\"noopener\">mais de 2000 pessoas<\/a> foram desabrigadas por causa de inunda\u00e7\u00f5es da Baixada.<\/p>\n<p>A gest\u00e3o p\u00fablica deficiente tem caracterizado boa parte da hist\u00f3ria da Baixada, com t\u00e1ticas que variam entre a propaganda ou o clientelismo e a intimida\u00e7\u00e3o paramilitar. O aclamado filme do diretor Sergio Rezende, \u201cO Homen da Capa Preta\u201d, capturou o violento clima pol\u00edtico dos anos 50 na Baixada com a atua\u00e7\u00e3o do Senador Estadual Ten\u00f3rio Cavalcanti. Conhecido como &#8216;o rei da Baixada&#8217;, Cavalcanti carregava sua metralhadora (apelidada Lurdinha) sempre com ele em p\u00fablico e um dia Albino Imparato,\u00a0um dos seus oponentes pol\u00edticos,\u00a0foi encontrado morto. Desde os anos 60, muitas \u00e1reas t\u00eam sido controladas pelas mil\u00edcias e cru\u00e9is esquadr\u00f5es de mortes, geralmente compostos por policiais militares ligados a pol\u00edticos locais.<\/p>\n<h3><strong>S\u00f3cio-Economia da Baixada<\/strong><\/h3>\n<p>Hoje, a Baixada \u00e9 o lar de quase 3,7 milh\u00f5es de pessoas. Cerca de 300.000 viajam diariamente desde Duque de Caxias, Belford Roxo, ou Nova Igua\u00e7u at\u00e9 o Rio para o trabalho ou para estudar. O IBGE se refere aos munic\u00edpios da Baixada como &#8216;cidades dormit\u00f3rio&#8217;, pois dependem excessivamente do Rio para o emprego.<\/p>\n<p>Essa falta de emprego local faz com que a pobreza seja um problema entrincheirado na Baixada. Os <a href=\"http:\/\/bit.ly\/1eHrjL8\" target=\"_blank\" rel=\"noopener\">dados do censo<\/a> mostram que enquanto 20,9% da popula\u00e7\u00e3o do Rio vive com a metade do sal\u00e1rio m\u00ednimo mensal per capita, no caso da Baixada isso acontece com 33,7% dos moradores. Esse n\u00edvel de pobreza \u00e9 similar ao observado nas favelas do Rio, onde 34% da popula\u00e7\u00e3o vive com a metade do sal\u00e1rio m\u00ednimo mensal per capita.<\/p>\n<p>As ind\u00fastrias que existem na Baixada <a href=\"http:\/\/bit.ly\/1PM1Ukj\" target=\"_blank\" rel=\"noopener\">t\u00eam sido criticadas<\/a> por seu impacto na sa\u00fade e no meio ambiente. A fabrica\u00e7\u00e3o de <a href=\"http:\/\/bit.ly\/1Ff7SQl\" target=\"_blank\" rel=\"noopener\">pl\u00e1stico e produtos qu\u00edmicos<\/a> domina a regi\u00e3o. O\u00a0<a href=\"http:\/\/bbc.in\/1I2lB1J\" target=\"_blank\" rel=\"noopener\">lix\u00e3o de Gramacho<\/a>\u00a0fica em Duque de Caxias, a maior cidade da\u00a0Baixada, o\u00a0\u00a0que foi o maior lix\u00e3o da Am\u00e9rica Latina at\u00e9 seu encerramento em 2012. Tamb\u00e9m l\u00e1 se encontra a <a href=\"http:\/\/bit.ly\/1M51jGC\" target=\"_blank\" rel=\"noopener\">Cidade dos Meninos<\/a>, bairro conhecido por seu grande orfanato e pelo instituto de pesquisa sobre a mal\u00e1ria, j\u00e1 extinto e negligenciado pelo Estado, o que tem levado a um processo de lixivia\u00e7\u00e3o nas imedia\u00e7\u00f5es h\u00e1 mais de meio s\u00e9culo, por produtos qu\u00edmicos.<\/p>\n<p>A geografia da Baixada combinada com a <a href=\"http:\/\/bit.ly\/1CG10jh\" target=\"_blank\" rel=\"noopener\">neglig\u00eancia das autoridades p\u00fablicas<\/a> fazem com que o saneamento seja uma preocupa\u00e7\u00e3o cont\u00ednua na regi\u00e3o. Em termos dos sistemas de esgoto, Belford Roxo, Duque de Caxias e S\u00e3o Jo\u00e3o de Meriti se classificaram dentro dos <a href=\"http:\/\/glo.bo\/1FOXPoQ\" target=\"_blank\" rel=\"noopener\">10 piores munic\u00edpios brasileiros com uma popula\u00e7\u00e3o maior a 300.000<\/a>. Em 2013, quando os moradores se <a href=\"http:\/\/bit.ly\/1J66iF0\" target=\"_blank\" rel=\"noopener\">encontraram com a Relatora Especial das Na\u00e7\u00f5es Unidas<\/a> sobre o direito humano de ter \u00e1gua para beber e saneamento seguro, Catarina de Albuquerque, eles afirmaram que as autoridades p\u00fablicas limitam a \u00e1gua, intencionalmente, para certas comunidades enquanto a <a href=\"http:\/\/bit.ly\/1J66iF0\" target=\"_blank\" rel=\"noopener\">disponibilizam para companhias como Coca-Cola<\/a>.<\/p>\n<p>As favelas tamb\u00e9m s\u00e3o uma caracter\u00edstica comum pela Baixada. Enquanto muitas das favelas do Rio est\u00e3o situadas em\u00a0morros, as favelas na Baixada est\u00e3o em plan\u00edcies propensas a inunda\u00e7\u00f5es. Segundo o censo de 2010, existem 321 &#8216;aglomerados subnormais&#8217; na regi\u00e3o. Embora haja car\u00eancia de servi\u00e7os p\u00fablicos na Baixada, a situa\u00e7\u00e3o das favelas da regi\u00e3o \u00e9 conden\u00e1vel e significativamente pior do que das favelas do Rio em geral. Os servi\u00e7os de <a href=\"http:\/\/glo.bo\/1Ku054L\" target=\"_blank\" rel=\"noopener\">coleta de lixo<\/a>, saneamento, <a href=\"http:\/\/glo.bo\/1Ffd3i6\" target=\"_blank\" rel=\"noopener\">pavimenta\u00e7\u00e3o das ruas<\/a>\u00a0e <a href=\"http:\/\/glo.bo\/1IYt2Zk\" target=\"_blank\" rel=\"noopener\">servi\u00e7os de sa\u00fade<\/a> s\u00e3o escassos ou inexistentes.<\/p>\n<figure id=\"attachment_17076\" aria-describedby=\"caption-attachment-17076\" style=\"width: 620px\" class=\"wp-caption aligncenter\"><a href=\"http:\/\/rioonwatch.org.br\/wp-content\/uploads\/2015\/11\/PopBaixada.jpg\"><img decoding=\"async\" class=\"wp-image-17076 size-full\" src=\"http:\/\/rioonwatch.org.br\/wp-content\/uploads\/2015\/11\/PopBaixada.jpg\" alt=\"Popula\u00e7\u00e3o total x popula\u00e7\u00e3o de favela nos munic\u00edpios da Baixada. Mapa original por Raphael Lorenzeto de Abreu\" width=\"620\" height=\"422\" srcset=\"https:\/\/rioonwatch.org.br\/wp-content\/uploads\/2015\/11\/PopBaixada.jpg 620w, https:\/\/rioonwatch.org.br\/wp-content\/uploads\/2015\/11\/PopBaixada-388x264.jpg 388w\" sizes=\"(max-width: 620px) 100vw, 620px\" \/><\/a><figcaption id=\"caption-attachment-17076\" class=\"wp-caption-text\">Popula\u00e7\u00e3o total x popula\u00e7\u00e3o de favela nos munic\u00edpios da Baixada. Mapa original por Raphael Lorenzeto de Abreu<\/figcaption><\/figure>\n<p>Mais de 365.000 pessoas moram em favelas na Baixada, representando aproximadamente 5,6% da popula\u00e7\u00e3o total da regi\u00e3o. Essa cifra \u00e9 muito menor do que os 22% dos moradores do Rio que moram em favelas. Por\u00e9m, em Belford Roxo (popula\u00e7\u00e3o em favelas: 469.332), Duque de Caxias (855.048), Mag\u00e9 (227.322), e Serop\u00e9dica (78.186), mais de 7% da popula\u00e7\u00e3o de cada destes munic\u00edpios mora em favelas, enquanto 10% (458.673) da popula\u00e7\u00e3o de S\u00e3o Jo\u00e3o de Meriti e quase 12% (47.124) da popula\u00e7\u00e3o de Paracambi mora em favelas. S\u00e3o Jo\u00e3o de Meriti tem uma das maiores densidades populacionais da America Latina (13.024 habitantes\/km2), o que explica seu apelido: &#8216;<a href=\"http:\/\/bit.ly\/1Hy95Tk\" target=\"_blank\" rel=\"noopener\">Formigueiro das Am\u00e9ricas<\/a>&#8216;.<\/p>\n<p>O Complexo da <a href=\"http:\/\/bit.ly\/1GeekgW\" target=\"_blank\" rel=\"noopener\">Mangueirinha<\/a>, um complexo de favelas em Duque de Caxias, foi o primeiro fora do Rio a ser ocupado por uma\u00a0<a href=\"http:\/\/bit.ly\/R5ueio\" target=\"_blank\" rel=\"noopener\">UPP<\/a>. Os moradores e as autoridades p\u00fablicas na Baixada s\u00e3o cr\u00edticos em rela\u00e7\u00e3o ao processo das UPPs desde seu in\u00edcio em 2008, alegando que as UPPs da <a href=\"http:\/\/bit.ly\/1mNsDyk\" target=\"_blank\" rel=\"noopener\">Zona Sul<\/a> do Rio s\u00f3 serviram para <a href=\"http:\/\/bit.ly\/XXW3Zf\" target=\"_blank\" rel=\"noopener\">empurrar o crime para as periferias<\/a>. Por\u00e9m, como partes da Baixada j\u00e1 tinham alto grau de viol\u00eancia antes que o processo das UPPs come\u00e7asse, os <a href=\"http:\/\/bit.ly\/1HKQNOD\" target=\"_blank\" rel=\"noopener\">dados sobre as UPPs<\/a>\u00a0n\u00e3o s\u00e3o claros em rela\u00e7\u00e3o a se realmente as UPPs pioraram ou n\u00e3o\u00a0as condi\u00e7\u00f5es na Baixada. Em janeiro de 2014, um m\u00eas antes da chegada da UPP a Mangueirinha, o Secretario de Seguran\u00e7a P\u00fablica do Estado do Rio de Janeiro, Jos\u00e9 Mariano Beltrame,\u00a0<a href=\"http:\/\/glo.bo\/1aSg8H1\" target=\"_blank\" rel=\"noopener\">anunciou planos de outras UPPs na Grande Rio<\/a>, provavelmente em S\u00e3o Gon\u00e7alo, perto de Niter\u00f3i.<\/p>\n<p><em>*Stephanie Reist est\u00e1 pleiteando um Mestrado em Pol\u00edticas P\u00fablicas e um doutorado em Estudos Latino-Americanos na Universidade de Duke. No Rio, ela tem trabalhado como bolsista Felsman no Projeto Ra\u00edzes Locais, um projeto comunit\u00e1rio gerido pela Associa\u00e7\u00e3o <a href=\"http:\/\/bit.ly\/1I9uWAT\" target=\"_blank\" rel=\"noopener\">Terra dos Homens<\/a>, em Mangueirinha, Duque de Caxias. Sua pesquisa analisa a din\u00e2mica centro-periferia, pertencimento, cidadania e direitos sobre a terra.<\/em><\/p>\n<!-- AddThis Advanced Settings generic via filter on the_content --><!-- AddThis Share Buttons generic via filter on the_content -->","protected":false},"excerpt":{"rendered":"<div class=\"mh-excerpt\"><p>Click Here for English Esta \u00e9 a primeira de duas mat\u00e9rias que apresentam a Baixada Fluminense, pela pesquisadora Stephanie Reist*,\u00a0com foco na hist\u00f3ria e economia da regi\u00e3o. A segunda ser\u00e1 publicada\u00a0amanh\u00e3 com foco na cultura, <a class=\"mh-excerpt-more\" href=\"https:\/\/rioonwatch.org.br\/?p=14867\" title=\"Rio de Janeiro, a Metr\u00f3pole Relutante: Introdu\u00e7\u00e3o \u00e0 Baixada Fluminense (Parte 1 de 2)\">[&#8230;]<\/a><!-- AddThis Advanced Settings generic via filter on get_the_excerpt --><!-- AddThis Share Buttons generic via filter on get_the_excerpt --><\/p>\n<\/div>","protected":false},"author":129,"featured_media":14869,"comment_status":"closed","ping_status":"closed","sticky":false,"template":"","format":"standard","meta":{"_acf_changed":false,"_monsterinsights_skip_tracking":false,"_monsterinsights_sitenote_active":false,"_monsterinsights_sitenote_note":"","_monsterinsights_sitenote_category":0,"footnotes":""},"categories":[1621,1632,1631,344,1620],"tags":[959,1579,1580,1581,1091,687,1372,1582,128,1583,1584,1578,1179,1585,1586,417,1587,10,961,1588,588,1590,522,1591,231,112,1592,1593,92],"writer":[1577],"translator":[1190],"source":[],"ilustrador":[],"fotografo":[],"class_list":{"0":"post-14867","1":"post","2":"type-post","3":"status-publish","4":"format-standard","5":"has-post-thumbnail","7":"category-destaque","8":"category-pesquisa-e-analise","9":"category-entendendo-o-rio","10":"category-politicas","11":"category-olhonaupp","12":"tag-baixada-fluminense","13":"tag-belford-roxo","14":"tag-cachoeiras-de-macacu","15":"tag-complexo-da-mangueirinha","16":"tag-duque-de-caxias","17":"tag-economia","18":"tag-grande-rio","19":"tag-guapimirim","20":"tag-historia","21":"tag-itaguai","22":"tag-japeri","23":"tag-leste-fluminense","24":"tag-mage","25":"tag-marica","26":"tag-mesquita","27":"tag-negligencia-do-estado","28":"tag-nilopolis","29":"tag-niteroi","30":"tag-nova-iguacu","31":"tag-paracambi","32":"tag-pesquisa","33":"tag-queimados","34":"tag-regiao-dormitorio","35":"tag-rio-bonito","36":"tag-sao-goncalo","37":"tag-sao-joao-de-meriti","38":"tag-seropedica","39":"tag-tangua","40":"tag-upp","41":"writer-stephanie-reist","42":"translator-patricia-obrien"},"acf":[],"yoast_head":"<!-- This site is optimized with the Yoast SEO plugin v25.6 - https:\/\/yoast.com\/wordpress\/plugins\/seo\/ -->\n<title>Rio de Janeiro, a Metr\u00f3pole Relutante: Introdu\u00e7\u00e3o \u00e0 Baixada Fluminense (Parte 1 de 2) - RioOnWatch<\/title>\n<meta name=\"robots\" content=\"index, follow, max-snippet:-1, max-image-preview:large, max-video-preview:-1\" \/>\n<link rel=\"canonical\" href=\"https:\/\/rioonwatch.org.br\/?p=14867\" \/>\n<meta property=\"og:locale\" content=\"pt_BR\" \/>\n<meta property=\"og:type\" content=\"article\" \/>\n<meta property=\"og:title\" content=\"Rio de Janeiro, a Metr\u00f3pole Relutante: Introdu\u00e7\u00e3o \u00e0 Baixada Fluminense (Parte 1 de 2) - RioOnWatch\" \/>\n<meta property=\"og:description\" content=\"Click Here for English Esta \u00e9 a primeira de duas mat\u00e9rias que apresentam a Baixada Fluminense, pela pesquisadora Stephanie Reist*,\u00a0com foco na hist\u00f3ria e economia da regi\u00e3o. A segunda ser\u00e1 publicada\u00a0amanh\u00e3 com foco na cultura, [...]\" \/>\n<meta property=\"og:url\" content=\"https:\/\/rioonwatch.org.br\/?p=14867\" \/>\n<meta property=\"og:site_name\" content=\"RioOnWatch\" \/>\n<meta property=\"article:published_time\" content=\"2015-11-18T11:00:35+00:00\" \/>\n<meta property=\"article:modified_time\" content=\"2024-08-20T22:31:38+00:00\" \/>\n<meta property=\"og:image\" content=\"https:\/\/rioonwatch.org.br\/wp-content\/uploads\/2015\/07\/Mangueirinha2-e1436929370373.jpg\" \/>\n\t<meta property=\"og:image:width\" content=\"620\" \/>\n\t<meta property=\"og:image:height\" content=\"348\" \/>\n\t<meta property=\"og:image:type\" content=\"image\/jpeg\" \/>\n<meta name=\"author\" content=\"Admin\" \/>\n<meta name=\"twitter:card\" content=\"summary_large_image\" \/>\n<meta name=\"twitter:label1\" content=\"Escrito por\" \/>\n\t<meta name=\"twitter:data1\" content=\"Admin\" \/>\n\t<meta name=\"twitter:label2\" content=\"Est. tempo de leitura\" \/>\n\t<meta name=\"twitter:data2\" content=\"9 minutos\" \/>\n<script type=\"application\/ld+json\" class=\"yoast-schema-graph\">{\"@context\":\"https:\/\/schema.org\",\"@graph\":[{\"@type\":\"Article\",\"@id\":\"https:\/\/rioonwatch.org.br\/?p=14867#article\",\"isPartOf\":{\"@id\":\"https:\/\/rioonwatch.org.br\/?p=14867\"},\"author\":{\"name\":\"Admin\",\"@id\":\"https:\/\/rioonwatch.org.br\/#\/schema\/person\/11d64c290506f9df50c71b850c473f68\"},\"headline\":\"Rio de Janeiro, a Metr\u00f3pole Relutante: Introdu\u00e7\u00e3o \u00e0 Baixada Fluminense (Parte 1 de 2)\",\"datePublished\":\"2015-11-18T11:00:35+00:00\",\"dateModified\":\"2024-08-20T22:31:38+00:00\",\"mainEntityOfPage\":{\"@id\":\"https:\/\/rioonwatch.org.br\/?p=14867\"},\"wordCount\":1538,\"publisher\":{\"@id\":\"https:\/\/rioonwatch.org.br\/#organization\"},\"image\":{\"@id\":\"https:\/\/rioonwatch.org.br\/?p=14867#primaryimage\"},\"thumbnailUrl\":\"https:\/\/rioonwatch.org.br\/wp-content\/uploads\/2015\/07\/Mangueirinha2-e1436929370373.jpg\",\"keywords\":[\"Baixada Fluminense\",\"Belford Roxo\",\"Cachoeiras de Macacu\",\"Complexo da Mangueirinha\",\"Duque de Caxias\",\"economia\",\"Grande Rio\",\"Guapimirim\",\"hist\u00f3ria\",\"Itagua\u00ed\",\"Japeri\",\"Leste Fluminense\",\"Mag\u00e9\",\"Maric\u00e1\",\"Mesquita\",\"Neglig\u00eancia do Estado\",\"Nil\u00f3polis\",\"Niter\u00f3i\",\"Nova Igua\u00e7u\",\"Paracambi\",\"pesquisa\",\"Queimados\",\"regi\u00e3o dormit\u00f3rio\",\"Rio Bonito\",\"S\u00e3o Gon\u00e7alo\",\"S\u00e3o Jo\u00e3o de Meriti\",\"Serop\u00e9dica\",\"Tangu\u00e1\",\"UPP\"],\"articleSection\":[\"*Destaque\",\"Dados e Pesquisa\",\"Entendendo o Rio\",\"Pol\u00edticas\",\"Seguran\u00e7a P\u00fablica\"],\"inLanguage\":\"pt-BR\"},{\"@type\":\"WebPage\",\"@id\":\"https:\/\/rioonwatch.org.br\/?p=14867\",\"url\":\"https:\/\/rioonwatch.org.br\/?p=14867\",\"name\":\"Rio de Janeiro, a Metr\u00f3pole Relutante: Introdu\u00e7\u00e3o \u00e0 Baixada Fluminense (Parte 1 de 2) - RioOnWatch\",\"isPartOf\":{\"@id\":\"https:\/\/rioonwatch.org.br\/#website\"},\"primaryImageOfPage\":{\"@id\":\"https:\/\/rioonwatch.org.br\/?p=14867#primaryimage\"},\"image\":{\"@id\":\"https:\/\/rioonwatch.org.br\/?p=14867#primaryimage\"},\"thumbnailUrl\":\"https:\/\/rioonwatch.org.br\/wp-content\/uploads\/2015\/07\/Mangueirinha2-e1436929370373.jpg\",\"datePublished\":\"2015-11-18T11:00:35+00:00\",\"dateModified\":\"2024-08-20T22:31:38+00:00\",\"breadcrumb\":{\"@id\":\"https:\/\/rioonwatch.org.br\/?p=14867#breadcrumb\"},\"inLanguage\":\"pt-BR\",\"potentialAction\":[{\"@type\":\"ReadAction\",\"target\":[\"https:\/\/rioonwatch.org.br\/?p=14867\"]}]},{\"@type\":\"ImageObject\",\"inLanguage\":\"pt-BR\",\"@id\":\"https:\/\/rioonwatch.org.br\/?p=14867#primaryimage\",\"url\":\"https:\/\/rioonwatch.org.br\/wp-content\/uploads\/2015\/07\/Mangueirinha2-e1436929370373.jpg\",\"contentUrl\":\"https:\/\/rioonwatch.org.br\/wp-content\/uploads\/2015\/07\/Mangueirinha2-e1436929370373.jpg\",\"width\":620,\"height\":348},{\"@type\":\"BreadcrumbList\",\"@id\":\"https:\/\/rioonwatch.org.br\/?p=14867#breadcrumb\",\"itemListElement\":[{\"@type\":\"ListItem\",\"position\":1,\"name\":\"In\u00edcio\",\"item\":\"https:\/\/rioonwatch.org.br\/\"},{\"@type\":\"ListItem\",\"position\":2,\"name\":\"Rio de Janeiro, a Metr\u00f3pole Relutante: Introdu\u00e7\u00e3o \u00e0 Baixada Fluminense (Parte 1 de 2)\"}]},{\"@type\":\"WebSite\",\"@id\":\"https:\/\/rioonwatch.org.br\/#website\",\"url\":\"https:\/\/rioonwatch.org.br\/\",\"name\":\"RioOnWatch\",\"description\":\"relatos das favelas cariocas\",\"publisher\":{\"@id\":\"https:\/\/rioonwatch.org.br\/#organization\"},\"potentialAction\":[{\"@type\":\"SearchAction\",\"target\":{\"@type\":\"EntryPoint\",\"urlTemplate\":\"https:\/\/rioonwatch.org.br\/?s={search_term_string}\"},\"query-input\":{\"@type\":\"PropertyValueSpecification\",\"valueRequired\":true,\"valueName\":\"search_term_string\"}}],\"inLanguage\":\"pt-BR\"},{\"@type\":\"Organization\",\"@id\":\"https:\/\/rioonwatch.org.br\/#organization\",\"name\":\"RioOnWatch\",\"url\":\"https:\/\/rioonwatch.org.br\/\",\"logo\":{\"@type\":\"ImageObject\",\"inLanguage\":\"pt-BR\",\"@id\":\"https:\/\/rioonwatch.org.br\/#\/schema\/logo\/image\/\",\"url\":\"https:\/\/rioonwatch.org.br\/wp-content\/uploads\/2021\/06\/RioOnWatchcabecalhoPT11anos-2.png\",\"contentUrl\":\"https:\/\/rioonwatch.org.br\/wp-content\/uploads\/2021\/06\/RioOnWatchcabecalhoPT11anos-2.png\",\"width\":779,\"height\":277,\"caption\":\"RioOnWatch\"},\"image\":{\"@id\":\"https:\/\/rioonwatch.org.br\/#\/schema\/logo\/image\/\"}},{\"@type\":\"Person\",\"@id\":\"https:\/\/rioonwatch.org.br\/#\/schema\/person\/11d64c290506f9df50c71b850c473f68\",\"name\":\"Admin\",\"image\":{\"@type\":\"ImageObject\",\"inLanguage\":\"pt-BR\",\"@id\":\"https:\/\/rioonwatch.org.br\/#\/schema\/person\/image\/\",\"url\":\"https:\/\/secure.gravatar.com\/avatar\/56211ac74568383903349a1485e3c325?s=96&d=blank&r=g\",\"contentUrl\":\"https:\/\/secure.gravatar.com\/avatar\/56211ac74568383903349a1485e3c325?s=96&d=blank&r=g\",\"caption\":\"Admin\"},\"url\":\"https:\/\/rioonwatch.org.br\/?author=129\"}]}<\/script>\n<!-- \/ Yoast SEO plugin. -->","yoast_head_json":{"title":"Rio de Janeiro, a Metr\u00f3pole Relutante: Introdu\u00e7\u00e3o \u00e0 Baixada Fluminense (Parte 1 de 2) - RioOnWatch","robots":{"index":"index","follow":"follow","max-snippet":"max-snippet:-1","max-image-preview":"max-image-preview:large","max-video-preview":"max-video-preview:-1"},"canonical":"https:\/\/rioonwatch.org.br\/?p=14867","og_locale":"pt_BR","og_type":"article","og_title":"Rio de Janeiro, a Metr\u00f3pole Relutante: Introdu\u00e7\u00e3o \u00e0 Baixada Fluminense (Parte 1 de 2) - RioOnWatch","og_description":"Click Here for English Esta \u00e9 a primeira de duas mat\u00e9rias que apresentam a Baixada Fluminense, pela pesquisadora Stephanie Reist*,\u00a0com foco na hist\u00f3ria e economia da regi\u00e3o. A segunda ser\u00e1 publicada\u00a0amanh\u00e3 com foco na cultura, [...]","og_url":"https:\/\/rioonwatch.org.br\/?p=14867","og_site_name":"RioOnWatch","article_published_time":"2015-11-18T11:00:35+00:00","article_modified_time":"2024-08-20T22:31:38+00:00","og_image":[{"width":620,"height":348,"url":"https:\/\/rioonwatch.org.br\/wp-content\/uploads\/2015\/07\/Mangueirinha2-e1436929370373.jpg","type":"image\/jpeg"}],"author":"Admin","twitter_card":"summary_large_image","twitter_misc":{"Escrito por":"Admin","Est. tempo de leitura":"9 minutos"},"schema":{"@context":"https:\/\/schema.org","@graph":[{"@type":"Article","@id":"https:\/\/rioonwatch.org.br\/?p=14867#article","isPartOf":{"@id":"https:\/\/rioonwatch.org.br\/?p=14867"},"author":{"name":"Admin","@id":"https:\/\/rioonwatch.org.br\/#\/schema\/person\/11d64c290506f9df50c71b850c473f68"},"headline":"Rio de Janeiro, a Metr\u00f3pole Relutante: Introdu\u00e7\u00e3o \u00e0 Baixada Fluminense (Parte 1 de 2)","datePublished":"2015-11-18T11:00:35+00:00","dateModified":"2024-08-20T22:31:38+00:00","mainEntityOfPage":{"@id":"https:\/\/rioonwatch.org.br\/?p=14867"},"wordCount":1538,"publisher":{"@id":"https:\/\/rioonwatch.org.br\/#organization"},"image":{"@id":"https:\/\/rioonwatch.org.br\/?p=14867#primaryimage"},"thumbnailUrl":"https:\/\/rioonwatch.org.br\/wp-content\/uploads\/2015\/07\/Mangueirinha2-e1436929370373.jpg","keywords":["Baixada Fluminense","Belford Roxo","Cachoeiras de Macacu","Complexo da Mangueirinha","Duque de Caxias","economia","Grande Rio","Guapimirim","hist\u00f3ria","Itagua\u00ed","Japeri","Leste Fluminense","Mag\u00e9","Maric\u00e1","Mesquita","Neglig\u00eancia do Estado","Nil\u00f3polis","Niter\u00f3i","Nova Igua\u00e7u","Paracambi","pesquisa","Queimados","regi\u00e3o dormit\u00f3rio","Rio Bonito","S\u00e3o Gon\u00e7alo","S\u00e3o Jo\u00e3o de Meriti","Serop\u00e9dica","Tangu\u00e1","UPP"],"articleSection":["*Destaque","Dados e Pesquisa","Entendendo o Rio","Pol\u00edticas","Seguran\u00e7a P\u00fablica"],"inLanguage":"pt-BR"},{"@type":"WebPage","@id":"https:\/\/rioonwatch.org.br\/?p=14867","url":"https:\/\/rioonwatch.org.br\/?p=14867","name":"Rio de Janeiro, a Metr\u00f3pole Relutante: Introdu\u00e7\u00e3o \u00e0 Baixada Fluminense (Parte 1 de 2) - RioOnWatch","isPartOf":{"@id":"https:\/\/rioonwatch.org.br\/#website"},"primaryImageOfPage":{"@id":"https:\/\/rioonwatch.org.br\/?p=14867#primaryimage"},"image":{"@id":"https:\/\/rioonwatch.org.br\/?p=14867#primaryimage"},"thumbnailUrl":"https:\/\/rioonwatch.org.br\/wp-content\/uploads\/2015\/07\/Mangueirinha2-e1436929370373.jpg","datePublished":"2015-11-18T11:00:35+00:00","dateModified":"2024-08-20T22:31:38+00:00","breadcrumb":{"@id":"https:\/\/rioonwatch.org.br\/?p=14867#breadcrumb"},"inLanguage":"pt-BR","potentialAction":[{"@type":"ReadAction","target":["https:\/\/rioonwatch.org.br\/?p=14867"]}]},{"@type":"ImageObject","inLanguage":"pt-BR","@id":"https:\/\/rioonwatch.org.br\/?p=14867#primaryimage","url":"https:\/\/rioonwatch.org.br\/wp-content\/uploads\/2015\/07\/Mangueirinha2-e1436929370373.jpg","contentUrl":"https:\/\/rioonwatch.org.br\/wp-content\/uploads\/2015\/07\/Mangueirinha2-e1436929370373.jpg","width":620,"height":348},{"@type":"BreadcrumbList","@id":"https:\/\/rioonwatch.org.br\/?p=14867#breadcrumb","itemListElement":[{"@type":"ListItem","position":1,"name":"In\u00edcio","item":"https:\/\/rioonwatch.org.br\/"},{"@type":"ListItem","position":2,"name":"Rio de Janeiro, a Metr\u00f3pole Relutante: Introdu\u00e7\u00e3o \u00e0 Baixada Fluminense (Parte 1 de 2)"}]},{"@type":"WebSite","@id":"https:\/\/rioonwatch.org.br\/#website","url":"https:\/\/rioonwatch.org.br\/","name":"RioOnWatch","description":"relatos das favelas cariocas","publisher":{"@id":"https:\/\/rioonwatch.org.br\/#organization"},"potentialAction":[{"@type":"SearchAction","target":{"@type":"EntryPoint","urlTemplate":"https:\/\/rioonwatch.org.br\/?s={search_term_string}"},"query-input":{"@type":"PropertyValueSpecification","valueRequired":true,"valueName":"search_term_string"}}],"inLanguage":"pt-BR"},{"@type":"Organization","@id":"https:\/\/rioonwatch.org.br\/#organization","name":"RioOnWatch","url":"https:\/\/rioonwatch.org.br\/","logo":{"@type":"ImageObject","inLanguage":"pt-BR","@id":"https:\/\/rioonwatch.org.br\/#\/schema\/logo\/image\/","url":"https:\/\/rioonwatch.org.br\/wp-content\/uploads\/2021\/06\/RioOnWatchcabecalhoPT11anos-2.png","contentUrl":"https:\/\/rioonwatch.org.br\/wp-content\/uploads\/2021\/06\/RioOnWatchcabecalhoPT11anos-2.png","width":779,"height":277,"caption":"RioOnWatch"},"image":{"@id":"https:\/\/rioonwatch.org.br\/#\/schema\/logo\/image\/"}},{"@type":"Person","@id":"https:\/\/rioonwatch.org.br\/#\/schema\/person\/11d64c290506f9df50c71b850c473f68","name":"Admin","image":{"@type":"ImageObject","inLanguage":"pt-BR","@id":"https:\/\/rioonwatch.org.br\/#\/schema\/person\/image\/","url":"https:\/\/secure.gravatar.com\/avatar\/56211ac74568383903349a1485e3c325?s=96&d=blank&r=g","contentUrl":"https:\/\/secure.gravatar.com\/avatar\/56211ac74568383903349a1485e3c325?s=96&d=blank&r=g","caption":"Admin"},"url":"https:\/\/rioonwatch.org.br\/?author=129"}]}},"_links":{"self":[{"href":"https:\/\/rioonwatch.org.br\/index.php?rest_route=\/wp\/v2\/posts\/14867"}],"collection":[{"href":"https:\/\/rioonwatch.org.br\/index.php?rest_route=\/wp\/v2\/posts"}],"about":[{"href":"https:\/\/rioonwatch.org.br\/index.php?rest_route=\/wp\/v2\/types\/post"}],"author":[{"embeddable":true,"href":"https:\/\/rioonwatch.org.br\/index.php?rest_route=\/wp\/v2\/users\/129"}],"replies":[{"embeddable":true,"href":"https:\/\/rioonwatch.org.br\/index.php?rest_route=%2Fwp%2Fv2%2Fcomments&post=14867"}],"version-history":[{"count":17,"href":"https:\/\/rioonwatch.org.br\/index.php?rest_route=\/wp\/v2\/posts\/14867\/revisions"}],"predecessor-version":[{"id":75240,"href":"https:\/\/rioonwatch.org.br\/index.php?rest_route=\/wp\/v2\/posts\/14867\/revisions\/75240"}],"wp:featuredmedia":[{"embeddable":true,"href":"https:\/\/rioonwatch.org.br\/index.php?rest_route=\/wp\/v2\/media\/14869"}],"wp:attachment":[{"href":"https:\/\/rioonwatch.org.br\/index.php?rest_route=%2Fwp%2Fv2%2Fmedia&parent=14867"}],"wp:term":[{"taxonomy":"category","embeddable":true,"href":"https:\/\/rioonwatch.org.br\/index.php?rest_route=%2Fwp%2Fv2%2Fcategories&post=14867"},{"taxonomy":"post_tag","embeddable":true,"href":"https:\/\/rioonwatch.org.br\/index.php?rest_route=%2Fwp%2Fv2%2Ftags&post=14867"},{"taxonomy":"writer","embeddable":true,"href":"https:\/\/rioonwatch.org.br\/index.php?rest_route=%2Fwp%2Fv2%2Fwriter&post=14867"},{"taxonomy":"translator","embeddable":true,"href":"https:\/\/rioonwatch.org.br\/index.php?rest_route=%2Fwp%2Fv2%2Ftranslator&post=14867"},{"taxonomy":"source","embeddable":true,"href":"https:\/\/rioonwatch.org.br\/index.php?rest_route=%2Fwp%2Fv2%2Fsource&post=14867"},{"taxonomy":"ilustrador","embeddable":true,"href":"https:\/\/rioonwatch.org.br\/index.php?rest_route=%2Fwp%2Fv2%2Filustrador&post=14867"},{"taxonomy":"fotografo","embeddable":true,"href":"https:\/\/rioonwatch.org.br\/index.php?rest_route=%2Fwp%2Fv2%2Ffotografo&post=14867"}],"curies":[{"name":"wp","href":"https:\/\/api.w.org\/{rel}","templated":true}]}}