{"id":14952,"date":"2015-08-14T14:01:41","date_gmt":"2015-08-14T17:01:41","guid":{"rendered":"http:\/\/rioonwatch.org.br\/?p=14952"},"modified":"2024-06-20T16:29:05","modified_gmt":"2024-06-20T19:29:05","slug":"sairei-da-minha-casa-mas-nao-da-luta-jane-nascimento-figura-essencial-na-luta-contra-remocoes-ao-ser-removida-da-vila-autodromo","status":"publish","type":"post","link":"https:\/\/rioonwatch.org.br\/?p=14952","title":{"rendered":"\u201cSairei da Minha Casa, mas N\u00e3o da Luta\u201d \u2013 Jane Nascimento, ao ser removida da Vila Aut\u00f3dromo"},"content":{"rendered":"<p style=\"text-align: right;\"><em><strong><a href=\"http:\/\/bit.ly\/1ExUKpv\" target=\"_blank\" rel=\"noopener\">Click Here for English<img decoding=\"async\" width=\"20\" height=\"20\" class=\"alignright wp-image-15790\" src=\"http:\/\/rioonwatch.org.br\/wp-content\/uploads\/2012\/08\/EN-standard-e1439583104716.jpg\" \/><\/a><\/strong><\/em><\/p>\n<p><a href=\"http:\/\/bit.ly\/19UK9Xq\"><span style=\"font-weight: 400;\">Dona Jane<\/span><\/a><span style=\"font-weight: 400;\"> \u00e9 uma das figuras mais importantes na luta contra a <\/span><a href=\"http:\/\/bit.ly\/X51Qvb\"><span style=\"font-weight: 400;\">remo\u00e7\u00e3o<\/span><\/a><span style=\"font-weight: 400;\"> de favelas no Rio de Janeiro na atualidade.<\/span><\/p>\n<p><span style=\"font-weight: 400;\">Ela sempre foi incans\u00e1vel: articulava n\u00e3o s\u00f3 internamente atividades juntos aos moradores da <\/span><a href=\"http:\/\/bit.ly\/Nfddvg\"><span style=\"font-weight: 400;\">Vila Aut\u00f3dromo<\/span><\/a><span style=\"font-weight: 400;\">, sua comunidade de morada, mas tamb\u00e9m se articulava com moradores de outras favelas e com movimentos sociais. Durante anos, frequentou e frequenta debates, reuni\u00f5es com autoridades p\u00fablicas (contra e a favor da Vila Aut\u00f3dromo), ajudou a organizar protestos, documentos, cartas. Colaborou, de in\u00fameras maneiras, na constru\u00e7\u00e3o das mobiliza\u00e7\u00f5es contra a pol\u00edtica de remo\u00e7\u00e3o no Rio de Janeiro.<\/span><\/p>\n<p><span style=\"font-weight: 400;\">Estas situa\u00e7\u00f5es de remo\u00e7\u00e3o, <\/span><a href=\"http:\/\/on.fb.me\/1EY5ImG\"><span style=\"font-weight: 400;\">marcadas pela extrema viol\u00eancia<\/span><\/a><span style=\"font-weight: 400;\">, f\u00edsica e simb\u00f3lica, levaram-na a sentir a agonia que leva a cis\u00e3o em muitos papeis: a l\u00edder comunit\u00e1ria, a m\u00e3e, a trabalhadora. E isso, obviamente, leva ao cansa\u00e7o. Mas isso nunca a impediu de continuar. Foi esta capacidade de se manter firme que a fez seguir adiante, capacidade esta que muitas vezes n\u00e3o pode ser dita, mas t\u00e3o simplesmente demonstrada por atividades, gestos e afetos. E isso dona Jane fez in\u00fameras vezes, desde a aten\u00e7\u00e3o dispensada aos moradores que recorriam a ela em busca de informa\u00e7\u00e3o sobre \u201cse iam sair ou n\u00e3o\u201d ou simplesmente para lhes dar um pouco de aten\u00e7\u00e3o num contexto de press\u00e3o e sufocamento, at\u00e9 a feitura de faixas nas quais inscrevia, ao mesmo tempo, sua for\u00e7a e a da comunidade.<\/span><\/p>\n<p><span style=\"font-weight: 400;\">No in\u00edcio de agosto, ap\u00f3s uma d\u00e9cada de luta, dona Jane deixou a sua casa, t\u00e3o duramente conquistada, t\u00e3o duramente constru\u00edda. O <\/span><a href=\"http:\/\/bit.ly\/1LdXcW7\"><span style=\"font-weight: 400;\">entorno demonstrava o asfixiamento<\/span><\/a><span style=\"font-weight: 400;\"> a que fora submetida durante meses: de um lado, escombros das casas de seus vizinhos demolidas. De outro, um gigantesco pr\u00e9dio espelhado que, a um s\u00f3 tempo, refletia a luta de um pequeno contra um grande, mas tamb\u00e9m a pr\u00f3pria for\u00e7a de destrui\u00e7\u00e3o deste \u00faltimo. Mas refletia tamb\u00e9m a resist\u00eancia.<\/span><\/p>\n<blockquote><p><i><span style=\"font-weight: 400;\">\u201cCasa n\u00e3o se constr\u00f3i com dinheiro, se constr\u00f3i com amor.\u201d \u2013 Jane Nascimento, ao ser retirada de sua casa na Vila Aut\u00f3dromo<\/span><\/i><\/p><\/blockquote>\n<p><span style=\"font-weight: 400;\">Dona Jane disse a quem estava presente naquele instante: \u201c<\/span><a href=\"http:\/\/bit.ly\/19kjZ0Z\"><span style=\"font-weight: 400;\">casa n\u00e3o se constr\u00f3i com dinheiro, se constr\u00f3i com amor<\/span><\/a><span style=\"font-weight: 400;\">\u201d. Pude sentir um pouco disso quando, h\u00e1 quatro anos, ainda que de maneira um tanto desajeitada, ajudei a reconstruir sua casa (sob a lideran\u00e7a do nosso mestre de obras Jorge Santos), tijolo por tijolo, ap\u00f3s a primeira destrui\u00e7\u00e3o efetuada pela Cedae. Por isso e por tudo o que disse acima, quando sua casa foi demolida recentemente, tamb\u00e9m senti como se minha casa estivesse sendo demolida.<\/span><\/p>\n<figure id=\"attachment_15978\" aria-describedby=\"caption-attachment-15978\" style=\"width: 620px\" class=\"wp-caption aligncenter\"><a href=\"Jane assiste a remo\u00e7\u00e3o da pr\u00f3pria casa (1 de agosto de 2015)\"><img fetchpriority=\"high\" decoding=\"async\" class=\"size-content wp-image-15978\" src=\"http:\/\/rioonwatch.org.br\/wp-content\/uploads\/2015\/08\/Jane-assiste-a-remocao-620x264.jpg\" alt=\"Jane assiste a remo\u00e7\u00e3o da pr\u00f3pria casa (1 de agosto de 2015)\" width=\"620\" height=\"264\" srcset=\"https:\/\/rioonwatch.org.br\/wp-content\/uploads\/2015\/08\/Jane-assiste-a-remocao-620x264.jpg 620w, https:\/\/rioonwatch.org.br\/wp-content\/uploads\/2015\/08\/Jane-assiste-a-remocao-940x400.jpg 940w\" sizes=\"(max-width: 620px) 100vw, 620px\" \/><\/a><figcaption id=\"caption-attachment-15978\" class=\"wp-caption-text\">Jane assiste a remo\u00e7\u00e3o da pr\u00f3pria casa (1 de agosto de 2015)<\/figcaption><\/figure>\n<p><span style=\"font-weight: 400;\">Ao longo de todo esse tempo, percorremos juntos v\u00e1rias favelas amea\u00e7adas de remo\u00e7\u00e3o. Neste per\u00edodo, ela se transformou. Eu me transformei. Vimos de perto, ela muito mais do que eu, a <\/span><a href=\"http:\/\/bit.ly\/1zLJ2W9\"><span style=\"font-weight: 400;\">viol\u00eancia do Estado<\/span><\/a><span style=\"font-weight: 400;\"> em seus m\u00ednimos detalhes. Pude sentir, ainda que sem a intensidade daquele que \u00e9 atingido diretamente, a dureza deste processo. A viol\u00eancia f\u00edsica, moral e simb\u00f3lica, deste processo. E isso marca. E marca profundamente.<\/span><\/p>\n<p><span style=\"font-weight: 400;\">Esse curto relato n\u00e3o \u00e9 a descri\u00e7\u00e3o de um processo de curvamento de algu\u00e9m perante uma for\u00e7a contra a qual nada se pode fazer. Pelo contr\u00e1rio, exp\u00f5e a <\/span><a href=\"http:\/\/bit.ly\/1hycUCs\"><span style=\"font-weight: 400;\">vit\u00f3ria de uma mulher de origem popular<\/span><\/a><span style=\"font-weight: 400;\">, vinda da favela, que nunca vendeu sua dignidade. Que sempre enfrentou os podres poderes de cabe\u00e7a erguida. Que lutou por sua favela e que continuar\u00e1 lutando. Como ela mesmo disse, na ocasi\u00e3o de sua mudan\u00e7a: \u201csairei da minha casa, mas n\u00e3o da luta\u201d. E esta continua.<\/span><\/p>\n<p><a href=\"http:\/\/on.fb.me\/1f84T5e\"><span style=\"font-weight: 400;\">Vila Aut\u00f3dromo resiste<\/span><\/a><span style=\"font-weight: 400;\">!<\/span><\/p>\n<p><i><span style=\"font-weight: 400;\">Alexandre Magalh\u00e3es \u00e9 soci\u00f3logo e autor da tese de doutorado: \u201cTransforma\u00e7\u00f5es no \u00b4problema favela` e a reatualiza\u00e7\u00e3o da remo\u00e7\u00e3o no Rio de Janeiro\u201d.<\/span><\/i><\/p>\n<h3><span style=\"font-weight: 400;\">Veja algumas fotos de momentos recentes de Jane:<\/span><\/h3>\n<figure id=\"attachment_15983\" aria-describedby=\"caption-attachment-15983\" style=\"width: 620px\" class=\"wp-caption aligncenter\"><a href=\"http:\/\/rioonwatch.org.br\/wp-content\/uploads\/2015\/08\/Casa-de-Jane-e-obra-do-lado-1024x768.jpg\"><img decoding=\"async\" class=\"wp-image-15983 size-content\" title=\"Jane em frente a sua casa, com obra do lado (11 de mar\u00e7o de 2015)\" src=\"http:\/\/rioonwatch.org.br\/wp-content\/uploads\/2015\/08\/Casa-de-Jane-e-obra-do-lado-1024x768-620x264.jpg\" alt=\"Jane em frente a sua casa, com obra do lado (11 de mar\u00e7o de 2015)\" width=\"620\" height=\"264\" srcset=\"https:\/\/rioonwatch.org.br\/wp-content\/uploads\/2015\/08\/Casa-de-Jane-e-obra-do-lado-1024x768-620x264.jpg 620w, https:\/\/rioonwatch.org.br\/wp-content\/uploads\/2015\/08\/Casa-de-Jane-e-obra-do-lado-1024x768-940x400.jpg 940w\" sizes=\"(max-width: 620px) 100vw, 620px\" \/><\/a><figcaption id=\"caption-attachment-15983\" class=\"wp-caption-text\">Jane em frente a sua casa, com obra do lado (11 de mar\u00e7o de 2015)<\/figcaption><\/figure>\n<figure id=\"attachment_15985\" aria-describedby=\"caption-attachment-15985\" style=\"width: 620px\" class=\"wp-caption aligncenter\"><a href=\"http:\/\/rioonwatch.org.br\/wp-content\/uploads\/2015\/08\/Casa-de-Jane-1024x768.jpg\"><img loading=\"lazy\" decoding=\"async\" class=\"size-content wp-image-15985\" src=\"http:\/\/rioonwatch.org.br\/wp-content\/uploads\/2015\/08\/Casa-de-Jane-1024x768-620x264.jpg\" alt=\"Casa de Jane (11 de mar\u00e7o de 2015)\" width=\"620\" height=\"264\" srcset=\"https:\/\/rioonwatch.org.br\/wp-content\/uploads\/2015\/08\/Casa-de-Jane-1024x768-620x264.jpg 620w, https:\/\/rioonwatch.org.br\/wp-content\/uploads\/2015\/08\/Casa-de-Jane-1024x768-940x400.jpg 940w\" sizes=\"(max-width: 620px) 100vw, 620px\" \/><\/a><figcaption id=\"caption-attachment-15985\" class=\"wp-caption-text\">Casa de Jane (11 de mar\u00e7o de 2015)<\/figcaption><\/figure>\n<figure id=\"attachment_15984\" aria-describedby=\"caption-attachment-15984\" style=\"width: 620px\" class=\"wp-caption aligncenter\"><a href=\"http:\/\/rioonwatch.org.br\/wp-content\/uploads\/2015\/08\/Jane-dando-depoimento-para-ALERJ-1024x768.jpg\"><img loading=\"lazy\" decoding=\"async\" class=\"size-content wp-image-15984\" src=\"http:\/\/rioonwatch.org.br\/wp-content\/uploads\/2015\/08\/Jane-dando-depoimento-para-ALERJ-1024x768-620x264.jpg\" alt=\"Jane dando depoimento para Comiss\u00e3o de Direitos Humanos da ALERJ (5 de maio de 2015)\" width=\"620\" height=\"264\" srcset=\"https:\/\/rioonwatch.org.br\/wp-content\/uploads\/2015\/08\/Jane-dando-depoimento-para-ALERJ-1024x768-620x264.jpg 620w, https:\/\/rioonwatch.org.br\/wp-content\/uploads\/2015\/08\/Jane-dando-depoimento-para-ALERJ-1024x768-940x400.jpg 940w\" sizes=\"(max-width: 620px) 100vw, 620px\" \/><\/a><figcaption id=\"caption-attachment-15984\" class=\"wp-caption-text\">Jane dando depoimento para Comiss\u00e3o de Direitos Humanos da ALERJ (5 de maio de 2015)<\/figcaption><\/figure>\n<figure id=\"attachment_15982\" aria-describedby=\"caption-attachment-15982\" style=\"width: 620px\" class=\"wp-caption aligncenter\"><a href=\"http:\/\/rioonwatch.org.br\/wp-content\/uploads\/2015\/08\/Pressao-obra-do-lado-de-casa-de-Jane-1024x768.jpg\"><img loading=\"lazy\" decoding=\"async\" class=\"wp-image-15982 size-content\" title=\"Press\u00e3o psicol\u00f3gica s\u00f3 aumentava com tumulto da obra do lado da casa de Jane (17 de junho de 2015)\" src=\"http:\/\/rioonwatch.org.br\/wp-content\/uploads\/2015\/08\/Pressao-obra-do-lado-de-casa-de-Jane-1024x768-620x264.jpg\" alt=\"Press\u00e3o psicol\u00f3gica s\u00f3 aumentava com tumulto da obra do lado da casa de Jane (17 de junho de 2015)\" width=\"620\" height=\"264\" srcset=\"https:\/\/rioonwatch.org.br\/wp-content\/uploads\/2015\/08\/Pressao-obra-do-lado-de-casa-de-Jane-1024x768-620x264.jpg 620w, https:\/\/rioonwatch.org.br\/wp-content\/uploads\/2015\/08\/Pressao-obra-do-lado-de-casa-de-Jane-1024x768-940x400.jpg 940w\" sizes=\"(max-width: 620px) 100vw, 620px\" \/><\/a><figcaption id=\"caption-attachment-15982\" class=\"wp-caption-text\">Press\u00e3o psicol\u00f3gica s\u00f3 aumentava com tumulto da obra do lado da casa de Jane (17 de junho de 2015)<\/figcaption><\/figure>\n<!-- AddThis Advanced Settings generic via filter on the_content --><!-- AddThis Share Buttons generic via filter on the_content -->","protected":false},"excerpt":{"rendered":"<div class=\"mh-excerpt\"><p>Click Here for English Dona Jane \u00e9 uma das figuras mais importantes na luta contra a remo\u00e7\u00e3o de favelas no Rio de Janeiro na atualidade. Ela sempre foi incans\u00e1vel: articulava n\u00e3o s\u00f3 internamente atividades juntos <a class=\"mh-excerpt-more\" href=\"https:\/\/rioonwatch.org.br\/?p=14952\" title=\"\u201cSairei da Minha Casa, mas N\u00e3o da Luta\u201d \u2013 Jane Nascimento, ao ser removida da Vila Aut\u00f3dromo\">[&#8230;]<\/a><!-- AddThis Advanced Settings generic via filter on get_the_excerpt --><!-- AddThis Share Buttons generic via filter on get_the_excerpt --><\/p>\n<\/div>","protected":false},"author":129,"featured_media":15977,"comment_status":"closed","ping_status":"closed","sticky":false,"template":"","format":"standard","meta":{"_acf_changed":false,"_monsterinsights_skip_tracking":false,"_monsterinsights_sitenote_active":false,"_monsterinsights_sitenote_note":"","_monsterinsights_sitenote_category":0,"footnotes":""},"categories":[1614,1635,1621,346,1629,1625,1633,344,1612],"tags":[274,1459,424,396,1240,78,14,729,55,920,184],"writer":[1641],"translator":[],"source":[],"ilustrador":[],"fotografo":[],"class_list":{"0":"post-14952","1":"post","2":"type-post","3":"status-publish","4":"format-standard","5":"has-post-thumbnail","7":"category-olhonasremocoes","8":"category-1635","9":"category-destaque","10":"category-denuncias","11":"category-entrevistas-e-perfis","12":"category-por-correspondentes-comunitarios","13":"category-foto-reportagens","14":"category-politicas","15":"category-sociedade-civil","16":"tag-barra-da-tijuca","17":"tag-desapropriacao","18":"tag-direito-a-moradia","19":"tag-especulacao-imobiliaria","20":"tag-megaeventos","21":"tag-olimpiadas","22":"tag-remocao","23":"tag-vidas-que-nao-podem-ser-substituidas-em-habitacao-publica","24":"tag-vila-autodromo","25":"tag-violencia-de-estado","26":"tag-zona-oeste","27":"writer-alexandre-magalhaes"},"acf":[],"yoast_head":"<!-- This site is optimized with the Yoast SEO plugin v25.6 - https:\/\/yoast.com\/wordpress\/plugins\/seo\/ -->\n<title>\u201cSairei da Minha Casa, mas N\u00e3o da Luta\u201d \u2013 Jane Nascimento, ao ser removida da Vila Aut\u00f3dromo - RioOnWatch<\/title>\n<meta name=\"robots\" content=\"index, follow, max-snippet:-1, max-image-preview:large, max-video-preview:-1\" \/>\n<link rel=\"canonical\" href=\"https:\/\/rioonwatch.org.br\/?p=14952\" \/>\n<meta property=\"og:locale\" content=\"pt_BR\" \/>\n<meta property=\"og:type\" content=\"article\" \/>\n<meta property=\"og:title\" content=\"\u201cSairei da Minha Casa, mas N\u00e3o da Luta\u201d \u2013 Jane Nascimento, ao ser removida da Vila Aut\u00f3dromo - RioOnWatch\" \/>\n<meta property=\"og:description\" content=\"Click Here for English Dona Jane \u00e9 uma das figuras mais importantes na luta contra a remo\u00e7\u00e3o de favelas no Rio de Janeiro na atualidade. Ela sempre foi incans\u00e1vel: articulava n\u00e3o s\u00f3 internamente atividades juntos [...]\" \/>\n<meta property=\"og:url\" content=\"https:\/\/rioonwatch.org.br\/?p=14952\" \/>\n<meta property=\"og:site_name\" content=\"RioOnWatch\" \/>\n<meta property=\"article:published_time\" content=\"2015-08-14T17:01:41+00:00\" \/>\n<meta property=\"article:modified_time\" content=\"2024-06-20T19:29:05+00:00\" \/>\n<meta property=\"og:image\" content=\"https:\/\/rioonwatch.org.br\/wp-content\/uploads\/2015\/08\/Jane-e-filhas-na-remocao.jpg\" \/>\n\t<meta property=\"og:image:width\" content=\"620\" \/>\n\t<meta property=\"og:image:height\" content=\"348\" \/>\n\t<meta property=\"og:image:type\" content=\"image\/jpeg\" \/>\n<meta name=\"author\" content=\"Admin\" \/>\n<meta name=\"twitter:card\" content=\"summary_large_image\" \/>\n<meta name=\"twitter:label1\" content=\"Escrito por\" \/>\n\t<meta name=\"twitter:data1\" content=\"Admin\" \/>\n\t<meta name=\"twitter:label2\" content=\"Est. tempo de leitura\" \/>\n\t<meta name=\"twitter:data2\" content=\"4 minutos\" \/>\n<script type=\"application\/ld+json\" class=\"yoast-schema-graph\">{\"@context\":\"https:\/\/schema.org\",\"@graph\":[{\"@type\":\"Article\",\"@id\":\"https:\/\/rioonwatch.org.br\/?p=14952#article\",\"isPartOf\":{\"@id\":\"https:\/\/rioonwatch.org.br\/?p=14952\"},\"author\":{\"name\":\"Admin\",\"@id\":\"https:\/\/rioonwatch.org.br\/#\/schema\/person\/11d64c290506f9df50c71b850c473f68\"},\"headline\":\"\u201cSairei da Minha Casa, mas N\u00e3o da Luta\u201d \u2013 Jane Nascimento, ao ser removida da Vila Aut\u00f3dromo\",\"datePublished\":\"2015-08-14T17:01:41+00:00\",\"dateModified\":\"2024-06-20T19:29:05+00:00\",\"mainEntityOfPage\":{\"@id\":\"https:\/\/rioonwatch.org.br\/?p=14952\"},\"wordCount\":790,\"publisher\":{\"@id\":\"https:\/\/rioonwatch.org.br\/#organization\"},\"image\":{\"@id\":\"https:\/\/rioonwatch.org.br\/?p=14952#primaryimage\"},\"thumbnailUrl\":\"https:\/\/rioonwatch.org.br\/wp-content\/uploads\/2015\/08\/Jane-e-filhas-na-remocao.jpg\",\"keywords\":[\"Barra da Tijuca\",\"desapropria\u00e7\u00e3o\",\"Direito \u00e0 Moradia\",\"especula\u00e7\u00e3o imobili\u00e1ria\",\"Megaeventos\",\"Olimp\u00edadas\",\"Remo\u00e7\u00e3o\",\"Vidas que n\u00e3o podem ser substitu\u00eddas em habita\u00e7\u00e3o p\u00fablica\",\"Vila Aut\u00f3dromo\",\"viol\u00eancia de Estado\",\"Zona Oeste\"],\"articleSection\":[\"#OlhoNasRemo\u00e7\u00f5es\",\"#Rio2016\",\"*Destaque\",\"Den\u00fancias\",\"Entrevistas e Perfis\",\"Escrito por Comunicadores Populares\",\"Fotorreportagens\",\"Pol\u00edticas\",\"Sociedade Civil\"],\"inLanguage\":\"pt-BR\"},{\"@type\":\"WebPage\",\"@id\":\"https:\/\/rioonwatch.org.br\/?p=14952\",\"url\":\"https:\/\/rioonwatch.org.br\/?p=14952\",\"name\":\"\u201cSairei da Minha Casa, mas N\u00e3o da Luta\u201d \u2013 Jane Nascimento, ao ser removida da Vila Aut\u00f3dromo - RioOnWatch\",\"isPartOf\":{\"@id\":\"https:\/\/rioonwatch.org.br\/#website\"},\"primaryImageOfPage\":{\"@id\":\"https:\/\/rioonwatch.org.br\/?p=14952#primaryimage\"},\"image\":{\"@id\":\"https:\/\/rioonwatch.org.br\/?p=14952#primaryimage\"},\"thumbnailUrl\":\"https:\/\/rioonwatch.org.br\/wp-content\/uploads\/2015\/08\/Jane-e-filhas-na-remocao.jpg\",\"datePublished\":\"2015-08-14T17:01:41+00:00\",\"dateModified\":\"2024-06-20T19:29:05+00:00\",\"breadcrumb\":{\"@id\":\"https:\/\/rioonwatch.org.br\/?p=14952#breadcrumb\"},\"inLanguage\":\"pt-BR\",\"potentialAction\":[{\"@type\":\"ReadAction\",\"target\":[\"https:\/\/rioonwatch.org.br\/?p=14952\"]}]},{\"@type\":\"ImageObject\",\"inLanguage\":\"pt-BR\",\"@id\":\"https:\/\/rioonwatch.org.br\/?p=14952#primaryimage\",\"url\":\"https:\/\/rioonwatch.org.br\/wp-content\/uploads\/2015\/08\/Jane-e-filhas-na-remocao.jpg\",\"contentUrl\":\"https:\/\/rioonwatch.org.br\/wp-content\/uploads\/2015\/08\/Jane-e-filhas-na-remocao.jpg\",\"width\":620,\"height\":348,\"caption\":\"Jane Nascimento e suas filhas no dia da remo\u00e7\u00e3o (1 de agosto de 2015)\"},{\"@type\":\"BreadcrumbList\",\"@id\":\"https:\/\/rioonwatch.org.br\/?p=14952#breadcrumb\",\"itemListElement\":[{\"@type\":\"ListItem\",\"position\":1,\"name\":\"In\u00edcio\",\"item\":\"https:\/\/rioonwatch.org.br\/\"},{\"@type\":\"ListItem\",\"position\":2,\"name\":\"\u201cSairei da Minha Casa, mas N\u00e3o da Luta\u201d \u2013 Jane Nascimento, ao ser removida da Vila Aut\u00f3dromo\"}]},{\"@type\":\"WebSite\",\"@id\":\"https:\/\/rioonwatch.org.br\/#website\",\"url\":\"https:\/\/rioonwatch.org.br\/\",\"name\":\"RioOnWatch\",\"description\":\"relatos das favelas cariocas\",\"publisher\":{\"@id\":\"https:\/\/rioonwatch.org.br\/#organization\"},\"potentialAction\":[{\"@type\":\"SearchAction\",\"target\":{\"@type\":\"EntryPoint\",\"urlTemplate\":\"https:\/\/rioonwatch.org.br\/?s={search_term_string}\"},\"query-input\":{\"@type\":\"PropertyValueSpecification\",\"valueRequired\":true,\"valueName\":\"search_term_string\"}}],\"inLanguage\":\"pt-BR\"},{\"@type\":\"Organization\",\"@id\":\"https:\/\/rioonwatch.org.br\/#organization\",\"name\":\"RioOnWatch\",\"url\":\"https:\/\/rioonwatch.org.br\/\",\"logo\":{\"@type\":\"ImageObject\",\"inLanguage\":\"pt-BR\",\"@id\":\"https:\/\/rioonwatch.org.br\/#\/schema\/logo\/image\/\",\"url\":\"https:\/\/rioonwatch.org.br\/wp-content\/uploads\/2021\/06\/RioOnWatchcabecalhoPT11anos-2.png\",\"contentUrl\":\"https:\/\/rioonwatch.org.br\/wp-content\/uploads\/2021\/06\/RioOnWatchcabecalhoPT11anos-2.png\",\"width\":779,\"height\":277,\"caption\":\"RioOnWatch\"},\"image\":{\"@id\":\"https:\/\/rioonwatch.org.br\/#\/schema\/logo\/image\/\"}},{\"@type\":\"Person\",\"@id\":\"https:\/\/rioonwatch.org.br\/#\/schema\/person\/11d64c290506f9df50c71b850c473f68\",\"name\":\"Admin\",\"image\":{\"@type\":\"ImageObject\",\"inLanguage\":\"pt-BR\",\"@id\":\"https:\/\/rioonwatch.org.br\/#\/schema\/person\/image\/\",\"url\":\"https:\/\/secure.gravatar.com\/avatar\/56211ac74568383903349a1485e3c325?s=96&d=blank&r=g\",\"contentUrl\":\"https:\/\/secure.gravatar.com\/avatar\/56211ac74568383903349a1485e3c325?s=96&d=blank&r=g\",\"caption\":\"Admin\"},\"url\":\"https:\/\/rioonwatch.org.br\/?author=129\"}]}<\/script>\n<!-- \/ Yoast SEO plugin. -->","yoast_head_json":{"title":"\u201cSairei da Minha Casa, mas N\u00e3o da Luta\u201d \u2013 Jane Nascimento, ao ser removida da Vila Aut\u00f3dromo - RioOnWatch","robots":{"index":"index","follow":"follow","max-snippet":"max-snippet:-1","max-image-preview":"max-image-preview:large","max-video-preview":"max-video-preview:-1"},"canonical":"https:\/\/rioonwatch.org.br\/?p=14952","og_locale":"pt_BR","og_type":"article","og_title":"\u201cSairei da Minha Casa, mas N\u00e3o da Luta\u201d \u2013 Jane Nascimento, ao ser removida da Vila Aut\u00f3dromo - RioOnWatch","og_description":"Click Here for English Dona Jane \u00e9 uma das figuras mais importantes na luta contra a remo\u00e7\u00e3o de favelas no Rio de Janeiro na atualidade. Ela sempre foi incans\u00e1vel: articulava n\u00e3o s\u00f3 internamente atividades juntos [...]","og_url":"https:\/\/rioonwatch.org.br\/?p=14952","og_site_name":"RioOnWatch","article_published_time":"2015-08-14T17:01:41+00:00","article_modified_time":"2024-06-20T19:29:05+00:00","og_image":[{"width":620,"height":348,"url":"https:\/\/rioonwatch.org.br\/wp-content\/uploads\/2015\/08\/Jane-e-filhas-na-remocao.jpg","type":"image\/jpeg"}],"author":"Admin","twitter_card":"summary_large_image","twitter_misc":{"Escrito por":"Admin","Est. tempo de leitura":"4 minutos"},"schema":{"@context":"https:\/\/schema.org","@graph":[{"@type":"Article","@id":"https:\/\/rioonwatch.org.br\/?p=14952#article","isPartOf":{"@id":"https:\/\/rioonwatch.org.br\/?p=14952"},"author":{"name":"Admin","@id":"https:\/\/rioonwatch.org.br\/#\/schema\/person\/11d64c290506f9df50c71b850c473f68"},"headline":"\u201cSairei da Minha Casa, mas N\u00e3o da Luta\u201d \u2013 Jane Nascimento, ao ser removida da Vila Aut\u00f3dromo","datePublished":"2015-08-14T17:01:41+00:00","dateModified":"2024-06-20T19:29:05+00:00","mainEntityOfPage":{"@id":"https:\/\/rioonwatch.org.br\/?p=14952"},"wordCount":790,"publisher":{"@id":"https:\/\/rioonwatch.org.br\/#organization"},"image":{"@id":"https:\/\/rioonwatch.org.br\/?p=14952#primaryimage"},"thumbnailUrl":"https:\/\/rioonwatch.org.br\/wp-content\/uploads\/2015\/08\/Jane-e-filhas-na-remocao.jpg","keywords":["Barra da Tijuca","desapropria\u00e7\u00e3o","Direito \u00e0 Moradia","especula\u00e7\u00e3o imobili\u00e1ria","Megaeventos","Olimp\u00edadas","Remo\u00e7\u00e3o","Vidas que n\u00e3o podem ser substitu\u00eddas em habita\u00e7\u00e3o p\u00fablica","Vila Aut\u00f3dromo","viol\u00eancia de Estado","Zona Oeste"],"articleSection":["#OlhoNasRemo\u00e7\u00f5es","#Rio2016","*Destaque","Den\u00fancias","Entrevistas e Perfis","Escrito por Comunicadores Populares","Fotorreportagens","Pol\u00edticas","Sociedade Civil"],"inLanguage":"pt-BR"},{"@type":"WebPage","@id":"https:\/\/rioonwatch.org.br\/?p=14952","url":"https:\/\/rioonwatch.org.br\/?p=14952","name":"\u201cSairei da Minha Casa, mas N\u00e3o da Luta\u201d \u2013 Jane Nascimento, ao ser removida da Vila Aut\u00f3dromo - RioOnWatch","isPartOf":{"@id":"https:\/\/rioonwatch.org.br\/#website"},"primaryImageOfPage":{"@id":"https:\/\/rioonwatch.org.br\/?p=14952#primaryimage"},"image":{"@id":"https:\/\/rioonwatch.org.br\/?p=14952#primaryimage"},"thumbnailUrl":"https:\/\/rioonwatch.org.br\/wp-content\/uploads\/2015\/08\/Jane-e-filhas-na-remocao.jpg","datePublished":"2015-08-14T17:01:41+00:00","dateModified":"2024-06-20T19:29:05+00:00","breadcrumb":{"@id":"https:\/\/rioonwatch.org.br\/?p=14952#breadcrumb"},"inLanguage":"pt-BR","potentialAction":[{"@type":"ReadAction","target":["https:\/\/rioonwatch.org.br\/?p=14952"]}]},{"@type":"ImageObject","inLanguage":"pt-BR","@id":"https:\/\/rioonwatch.org.br\/?p=14952#primaryimage","url":"https:\/\/rioonwatch.org.br\/wp-content\/uploads\/2015\/08\/Jane-e-filhas-na-remocao.jpg","contentUrl":"https:\/\/rioonwatch.org.br\/wp-content\/uploads\/2015\/08\/Jane-e-filhas-na-remocao.jpg","width":620,"height":348,"caption":"Jane Nascimento e suas filhas no dia da remo\u00e7\u00e3o (1 de agosto de 2015)"},{"@type":"BreadcrumbList","@id":"https:\/\/rioonwatch.org.br\/?p=14952#breadcrumb","itemListElement":[{"@type":"ListItem","position":1,"name":"In\u00edcio","item":"https:\/\/rioonwatch.org.br\/"},{"@type":"ListItem","position":2,"name":"\u201cSairei da Minha Casa, mas N\u00e3o da Luta\u201d \u2013 Jane Nascimento, ao ser removida da Vila Aut\u00f3dromo"}]},{"@type":"WebSite","@id":"https:\/\/rioonwatch.org.br\/#website","url":"https:\/\/rioonwatch.org.br\/","name":"RioOnWatch","description":"relatos das favelas cariocas","publisher":{"@id":"https:\/\/rioonwatch.org.br\/#organization"},"potentialAction":[{"@type":"SearchAction","target":{"@type":"EntryPoint","urlTemplate":"https:\/\/rioonwatch.org.br\/?s={search_term_string}"},"query-input":{"@type":"PropertyValueSpecification","valueRequired":true,"valueName":"search_term_string"}}],"inLanguage":"pt-BR"},{"@type":"Organization","@id":"https:\/\/rioonwatch.org.br\/#organization","name":"RioOnWatch","url":"https:\/\/rioonwatch.org.br\/","logo":{"@type":"ImageObject","inLanguage":"pt-BR","@id":"https:\/\/rioonwatch.org.br\/#\/schema\/logo\/image\/","url":"https:\/\/rioonwatch.org.br\/wp-content\/uploads\/2021\/06\/RioOnWatchcabecalhoPT11anos-2.png","contentUrl":"https:\/\/rioonwatch.org.br\/wp-content\/uploads\/2021\/06\/RioOnWatchcabecalhoPT11anos-2.png","width":779,"height":277,"caption":"RioOnWatch"},"image":{"@id":"https:\/\/rioonwatch.org.br\/#\/schema\/logo\/image\/"}},{"@type":"Person","@id":"https:\/\/rioonwatch.org.br\/#\/schema\/person\/11d64c290506f9df50c71b850c473f68","name":"Admin","image":{"@type":"ImageObject","inLanguage":"pt-BR","@id":"https:\/\/rioonwatch.org.br\/#\/schema\/person\/image\/","url":"https:\/\/secure.gravatar.com\/avatar\/56211ac74568383903349a1485e3c325?s=96&d=blank&r=g","contentUrl":"https:\/\/secure.gravatar.com\/avatar\/56211ac74568383903349a1485e3c325?s=96&d=blank&r=g","caption":"Admin"},"url":"https:\/\/rioonwatch.org.br\/?author=129"}]}},"_links":{"self":[{"href":"https:\/\/rioonwatch.org.br\/index.php?rest_route=\/wp\/v2\/posts\/14952"}],"collection":[{"href":"https:\/\/rioonwatch.org.br\/index.php?rest_route=\/wp\/v2\/posts"}],"about":[{"href":"https:\/\/rioonwatch.org.br\/index.php?rest_route=\/wp\/v2\/types\/post"}],"author":[{"embeddable":true,"href":"https:\/\/rioonwatch.org.br\/index.php?rest_route=\/wp\/v2\/users\/129"}],"replies":[{"embeddable":true,"href":"https:\/\/rioonwatch.org.br\/index.php?rest_route=%2Fwp%2Fv2%2Fcomments&post=14952"}],"version-history":[{"count":19,"href":"https:\/\/rioonwatch.org.br\/index.php?rest_route=\/wp\/v2\/posts\/14952\/revisions"}],"predecessor-version":[{"id":74247,"href":"https:\/\/rioonwatch.org.br\/index.php?rest_route=\/wp\/v2\/posts\/14952\/revisions\/74247"}],"wp:featuredmedia":[{"embeddable":true,"href":"https:\/\/rioonwatch.org.br\/index.php?rest_route=\/wp\/v2\/media\/15977"}],"wp:attachment":[{"href":"https:\/\/rioonwatch.org.br\/index.php?rest_route=%2Fwp%2Fv2%2Fmedia&parent=14952"}],"wp:term":[{"taxonomy":"category","embeddable":true,"href":"https:\/\/rioonwatch.org.br\/index.php?rest_route=%2Fwp%2Fv2%2Fcategories&post=14952"},{"taxonomy":"post_tag","embeddable":true,"href":"https:\/\/rioonwatch.org.br\/index.php?rest_route=%2Fwp%2Fv2%2Ftags&post=14952"},{"taxonomy":"writer","embeddable":true,"href":"https:\/\/rioonwatch.org.br\/index.php?rest_route=%2Fwp%2Fv2%2Fwriter&post=14952"},{"taxonomy":"translator","embeddable":true,"href":"https:\/\/rioonwatch.org.br\/index.php?rest_route=%2Fwp%2Fv2%2Ftranslator&post=14952"},{"taxonomy":"source","embeddable":true,"href":"https:\/\/rioonwatch.org.br\/index.php?rest_route=%2Fwp%2Fv2%2Fsource&post=14952"},{"taxonomy":"ilustrador","embeddable":true,"href":"https:\/\/rioonwatch.org.br\/index.php?rest_route=%2Fwp%2Fv2%2Filustrador&post=14952"},{"taxonomy":"fotografo","embeddable":true,"href":"https:\/\/rioonwatch.org.br\/index.php?rest_route=%2Fwp%2Fv2%2Ffotografo&post=14952"}],"curies":[{"name":"wp","href":"https:\/\/api.w.org\/{rel}","templated":true}]}}