{"id":14984,"date":"2015-07-31T07:32:42","date_gmt":"2015-07-31T10:32:42","guid":{"rendered":"http:\/\/rioonwatch.org.br\/?p=14984"},"modified":"2015-08-20T10:42:08","modified_gmt":"2015-08-20T13:42:08","slug":"um-olhar-sobre-a-favela-julio-otoni-guiado-pelo-lider-comunitario-sizenaldo-marinho","status":"publish","type":"post","link":"https:\/\/rioonwatch.org.br\/?p=14984","title":{"rendered":"Um Olhar Sobre a Favela Julio Otoni, Guiado pelo L\u00edder Comunit\u00e1rio Sizenaldo Marinho [V\u00cdDEO]"},"content":{"rendered":"<p>Julio Otoni \u00e9 uma favela situada entre os bairros de Laranjeiras e Santa Teresa, na <a href=\"http:\/\/bit.ly\/1mNsDyk\" target=\"_blank\">Zona Sul<\/a> do Rio. Toda a comunidade est\u00e1 localizada em um \u00fanico endere\u00e7o: Rua Doutor Julio Otoni, 298.<\/p>\n<p>Chegando neste endere\u00e7o, sou recebida por Sizenaldo Marinho, nascido e criado na comunidade e ativo h\u00e1 anos em uma s\u00e9rie de iniciativas. Um centro comunit\u00e1rio que Sizenaldo ajudou a estabelecer em 2004 vem oferecendo programas de reciclagem, oficinas de fabrica\u00e7\u00e3o de papel, aulas de percuss\u00e3o e aulas particulares. Sizenaldo j\u00e1 deu aulas no centro, coordenando projetos com volunt\u00e1rios internacionais. Sizenaldo tamb\u00e9m representou a comunidade no Conselho de Seguran\u00e7a de Santa Teresa. O centro comunit\u00e1rio \u00e9 um importante recurso na comunidade, onde falta investimento p\u00fablico. Infelizmente, Sizenaldo diz que, ultimamente, o centro &#8220;fica mais fechado do que aberto&#8221;.<\/p>\n<p>Os primeiros moradores de Julio Otoni se estabeleceram nos anos 50, construindo casas de madeira e argila, e tamb\u00e9m tijolos maci\u00e7os\u00a0da \u00e9poca. Quando Sizenaldo&#8211;que hoje divide seu tempo entre uma casa em Jacarepagu\u00e1, na <a href=\"http:\/\/bit.ly\/11tBmFR\" target=\"_blank\">Zona Oeste<\/a>, e Julio Otoni&#8211;nasceu, em 1968, a comunidade era formada por 15 fam\u00edlias em\u00a029\u00a0casas. Em 1986 o governo trouxe servi\u00e7os b\u00e1sicos&#8211;esgoto, \u00e1gua, coleta de lixo, etc&#8211;para a comunidade. Desde os anos 1990, entretanto, ela tem se expandido rapidamente, apresentando um crescimento que ultrapassa de longe as obras p\u00fablicas para acomodar essa maior necessidade. <a href=\"http:\/\/bit.ly\/1fECnsM\" target=\"_blank\">Infraestrutura e servi\u00e7os p\u00fablicos inadequados<\/a>, em conjunto com o surto populacional, t\u00eam gerado\u00a0uma sensa\u00e7\u00e3o\u00a0de neglig\u00eancia em rela\u00e7\u00e3o aos espa\u00e7os p\u00fablicos e comunit\u00e1rios.<\/p>\n<p>Sizenaldo quer mudar isso: &#8220;Eu queria que os servi\u00e7os entrassem aqui. A <a href=\"http:\/\/bit.ly\/R5ueio\" target=\"_blank\">UPP<\/a>, por exemplo, entrou. Mas n\u00e3o entrou os outros servi\u00e7os\u201d<\/p>\n<p><img fetchpriority=\"high\" decoding=\"async\" class=\"aligncenter size-full wp-image-14988\" title=\"Rua Julio Otoni\" src=\"http:\/\/rioonwatch.org.br\/wp-content\/uploads\/2015\/07\/Julio-Otoni-Street-e1438111322529.jpg\" alt=\"\" width=\"620\" height=\"310\" srcset=\"https:\/\/rioonwatch.org.br\/wp-content\/uploads\/2015\/07\/Julio-Otoni-Street-e1438111322529.jpg 620w, https:\/\/rioonwatch.org.br\/wp-content\/uploads\/2015\/07\/Julio-Otoni-Street-e1438111322529-528x264.jpg 528w\" sizes=\"(max-width: 620px) 100vw, 620px\" \/><\/p>\n<p>Sizenaldo v\u00ea na expans\u00e3o o maior desafio que a comunidade enfrenta:\u00a0\u201cAo contr\u00e1rio do que as pessoas pensam, nenhuma comunidade quer crescer mais do que j\u00e1 cresceu\u201d. Sizenaldo expressa que, quando as popula\u00e7\u00f5es das favelas\u00a0ultrapassam a escala para a qual foram investidas, elas se tornam &#8220;desurbanizadas&#8221; e &#8220;desumanizadas&#8221;, na medida em que crescem al\u00e9m de suas capacidades.<\/p>\n<p>A expans\u00e3o de 1990 a 2000 transformou a favela em um lugar menos familiar para Sizenaldo, especialmente quando os traficantes entraram na comunidade. Sizenaldo descreve:\u00a0\u201cOs morros come\u00e7aram a trocar de soldados, e entra um cara aqui que n\u00e3o tem liga\u00e7\u00e3o nenhuma com a comunidade. Ele n\u00e3o respeita os mais velhos, n\u00e3o respeita a hist\u00f3ria do lugar. A fun\u00e7\u00e3o dele aqui \u00e9 s\u00f3 capitalista&#8230; Ele n\u00e3o est\u00e1 aqui para respeitar ningu\u00e9m. Respeita o capital\u201d.<\/p>\n<p>O crescimento de Julio Otoni foi ainda mais impulsionado pela <a href=\"http:\/\/bit.ly\/X51Qvb\" target=\"_blank\">remo\u00e7\u00e3o<\/a> de 96 casas da vizinha favela Vila Alice, tendo sido iniciada em 2005 e conclu\u00edda em 2007, com a remo\u00e7\u00e3o da comunidade inteira. Os traficantes ofereceram o centro comunit\u00e1rio em Julio Otoni como territ\u00f3rio de ocupa\u00e7\u00e3o para os moradores removidos da Vila Alice, o que incitou Sizenaldo a falar e reivindicar o espa\u00e7o da comunidade para os prop\u00f3sitos planejados. &#8220;O l\u00edder comunit\u00e1rio vive no fio da navalha\u201d, diz Sizenaldo. Sua reclama\u00e7\u00e3o aos traficantes resultou em amea\u00e7as de morte que o for\u00e7aram a deixar a comunidade em 2006.<\/p>\n<p>Como o Rio de Janeiro vivenciou uma intensa <a href=\"http:\/\/bit.ly\/11tBtBo\" target=\"_blank\">especula\u00e7\u00e3o imobili\u00e1ria<\/a> nos \u00faltimos anos, surgiu uma demanda por habita\u00e7\u00f5es acess\u00edveis que afeta especialmente as favelas centrais na <a href=\"http:\/\/bit.ly\/1mNsDyk\" target=\"_blank\">Zona Sul<\/a> do Rio. Rodeada pela \u00e1rea de preserva\u00e7\u00e3o ambiental (APA) S\u00e3o Jos\u00e9 e por bairros abastados, a Julio Otoni tem pouco espa\u00e7o para se expandir, aumentando as tens\u00f5es em torno do direito a construir e ocupar espa\u00e7os p\u00fablicos e comunit\u00e1rios. Enquanto o censo de 2010, realizado pelo IBGE\u00a0reconheceu 231 lares e 758 moradores\u00a0em Julio Otoni, Sizenaldo estima que o quadro real seja de aproximadamente 400 fam\u00edlias e 1500 habitantes. Essa discrep\u00e2ncia \u00e9 resultado da combina\u00e7\u00e3o de tr\u00eas fen\u00f4menos: coleta de informa\u00e7\u00f5es incompleta, coleta de informa\u00e7\u00f5es inadequada para justificar a redu\u00e7\u00e3o de servi\u00e7os p\u00fablicos para uma popula\u00e7\u00e3o que na verdade \u00e9 maior, e o crescimento populacional nos \u00faltimos cinco anos, desde que o censo foi realizado.<\/p>\n<p>Apesar do crescimento, Sizenaldo percebe um sentimento de vazio. Ele aponta para uma pra\u00e7a na entrada da comunidade, onde festas juninas populares eram realizadas. Antes um ponto de encontro animado para a comunidade, agora uns poucos bares e outras constru\u00e7\u00f5es invadiram o lado direito da pra\u00e7a, enquanto pilhas de materiais de constru\u00e7\u00e3o s\u00e3o encontradas do lado esquerdo. Enquanto percorre a rua, Sizenaldo vai at\u00e9 a moradora de longa data Regina Celia, que diz:\u00a0\u201c\u00c9 um lugar t\u00e3o bom de morar. \u00c9 tranquilo&#8230; perto de tudo. Mas parece uma comunidade abandonada\u201d. Mostrando orgulhosamente sua casa azul brilhante, Regina diz:\u00a0\u201cEu cuido da minha casa. Mas se eu tivesse dinheiro para ajudar, eu cuidaria daqui\u201d, apontando para uma pracinha com brinquedos desmontados de um parquinho infantil.<\/p>\n<p>&#8220;O que a comunidade tem vontade de fazer&#8221;, explica Sizenaldo, &#8220;\u00e9 reativar a creche. Tem pessoas aqui que teriam capacidade de tocar a creche outra vez&#8221;. Apontando para a constru\u00e7\u00e3o deteriorada onde a creche funcionava, Sizenaldo observa uma parede marcada com furos de bala. Ap\u00f3s um per\u00edodo de <a href=\"http:\/\/bit.ly\/1qugkT2\" target=\"_blank\">viol\u00eancia<\/a>, os moradores t\u00eam aproveitado momentos de tranquilidade nos \u00faltimos anos. Na \u00e9poca em que funcionava, a creche tinha um papel importante para as fam\u00edlias de trabalhadores da comunidade. Atualmente, h\u00e1 ocupantes&#8211;desconhecidos de Sizenaldo&#8211;no espa\u00e7o.<\/p>\n<p><img decoding=\"async\" class=\"aligncenter size-full wp-image-14991\" title=\"A fia\u00e7\u00e3o em Julio Otoni\" src=\"http:\/\/rioonwatch.org.br\/wp-content\/uploads\/2015\/07\/Wires-Julio-Otoni-e1438112175495.jpg\" alt=\"\" width=\"620\" height=\"310\" srcset=\"https:\/\/rioonwatch.org.br\/wp-content\/uploads\/2015\/07\/Wires-Julio-Otoni-e1438112175495.jpg 620w, https:\/\/rioonwatch.org.br\/wp-content\/uploads\/2015\/07\/Wires-Julio-Otoni-e1438112175495-528x264.jpg 528w\" sizes=\"(max-width: 620px) 100vw, 620px\" \/><\/p>\n<p class=\"p1\">Enfrentando a falta de investimento p\u00fablico em infraestrutura e servi\u00e7os, os moradores de Julio Otoni, frequentemente, precisam resolver os problemas que surgem por conta pr\u00f3pria. Apontando para um poste de telefone e luz inclinado prestes a cair, Sizenaldo explica:\u00a0\u201cA gente manda solicita\u00e7\u00e3o para a Light, a Light n\u00e3o vem. A gente manda solicita\u00e7\u00e3o para a Oi, a Oi n\u00e3o vem&#8230; Cada fio desse \u00e9 um telefone de um morador. A\u00ed quando arrebenta um, a gente n\u00e3o sabe nem de quem \u00e9. Tem que pegar l\u00e1 na ponta na casa da pessoa e vir vendo at\u00e9 chegar onde \u00e9 o fio\u201d.<\/p>\n<p>Enquanto muitos lares s\u00e3o refor\u00e7ados de forma resistente, chuvas fortes representam riscos ambientais para algumas das casas mais prec\u00e1rias na comunidade. H\u00e1 tr\u00eas meses, a base de uma casa come\u00e7ou a desmoronar. Sizenaldo conta que\u00a0\u201cAs pessoas ficaram com medo de interven\u00e7\u00e3o, pois as autoridades poderiam falar: \u2018Ah, v\u00e3o ter que demolir&#8230;\u2019\u201d\u00a0e ent\u00e3o eles &#8220;nunca chamaram a Defesa Civil&#8217;. Ao inv\u00e9s disso, a fam\u00edlia arrumou um jeito de reformar a casa por conta pr\u00f3pria.<\/p>\n<p>A comunidade recebeu investimentos apenas uma vez&#8211;em 1986, durante o mandato do governador Leonel Brizola. Na \u00e9poca, o governo do Estado providenciou um t\u00e9cnico e materiais como parte do &#8220;Projeto Mutir\u00e3o&#8221; para tratar o problema do saneamento. Os moradores se uniram em um <a href=\"http:\/\/bit.ly\/P5Qw38\" target=\"_blank\">mutir\u00e3o<\/a> para construir o esgoto. J\u00e1 hoje em dia, o esgoto s\u00f3 contempla uma parte da favela:\u00a0\u201cA comunidade come\u00e7ou a se adensar, come\u00e7ou a crescer mais, e a\u00ed a quest\u00e3o do esgoto voltou de novo\u201d. Sizenaldo identifica o perigo representado por uma pequena vala de esgoto aberta percorrendo um beco:\u00a0\u201cJ\u00e1 caiu crian\u00e7a a\u00ed&#8230; j\u00e1 caiu uma senhora.\u201d<\/p>\n<p><img decoding=\"async\" class=\"aligncenter size-full wp-image-14989\" src=\"http:\/\/rioonwatch.org.br\/wp-content\/uploads\/2015\/07\/Lixo-Sign-Julio-Otoni-e1438111429679.jpg\" alt=\"Placa do lixo na Julio Otoni\" width=\"620\" height=\"310\" srcset=\"https:\/\/rioonwatch.org.br\/wp-content\/uploads\/2015\/07\/Lixo-Sign-Julio-Otoni-e1438111429679.jpg 620w, https:\/\/rioonwatch.org.br\/wp-content\/uploads\/2015\/07\/Lixo-Sign-Julio-Otoni-e1438111429679-528x264.jpg 528w\" sizes=\"(max-width: 620px) 100vw, 620px\" \/><\/p>\n<p><a href=\"http:\/\/bit.ly\/1ihqaYB\" target=\"_blank\">A coleta de lixo<\/a> (ou a falta dela) representa um desafio adicional para a comunidade. Em resposta ao cancelamento do Gari Comunit\u00e1rio&#8211;um programa em que a Prefeitura empregava moradores locais como garis nas favelas&#8211;um morador, Seu Lima, tomou a iniciativa individual de limpar os espa\u00e7os p\u00fablicos e espalhou cartazes que encorajam a consci\u00eancia ambiental na comunidade.<\/p>\n<p>Essas a\u00e7\u00f5es individuais e coletivas de &#8220;fa\u00e7a voc\u00ea mesmo&#8221; demonstram a capacidade dos moradores de criarem solu\u00e7\u00f5es alternativas na falta do fornecimento de servi\u00e7os p\u00fablicos. Ainda que muitas das quest\u00f5es que Sizenaldo identifica sejam de larga escala, ou seja, problemas que ocorrem em toda a cidade, a desenvoltura dos moradores n\u00e3o absolve a prefeitura da responsabilidade de resolver os desafios p\u00fablicos.<\/p>\n<h3 class=\"p1\">Assista um v\u00eddeo, de 2 minutos, que retrata a comunidade de Julio Otoni da cineasta\u00a0Kiratiana Freelon,\u00a0aqui:<\/h3>\n<p><iframe src=\"https:\/\/www.youtube.com\/embed\/j7gc41X0XJI\" width=\"620\" height=\"349\" frameborder=\"0\" allowfullscreen=\"allowfullscreen\"><\/iframe><\/p>\n<!-- AddThis Advanced Settings generic via filter on the_content --><!-- AddThis Share Buttons generic via filter on the_content -->","protected":false},"excerpt":{"rendered":"<div class=\"mh-excerpt\"><p>Julio Otoni \u00e9 uma favela situada entre os bairros de Laranjeiras e Santa Teresa, na Zona Sul do Rio. Toda a comunidade est\u00e1 localizada em um \u00fanico endere\u00e7o: Rua Doutor Julio Otoni, 298. Chegando neste <a class=\"mh-excerpt-more\" href=\"https:\/\/rioonwatch.org.br\/?p=14984\" title=\"Um Olhar Sobre a Favela Julio Otoni, Guiado pelo L\u00edder Comunit\u00e1rio Sizenaldo Marinho [V\u00cdDEO]\">[&#8230;]<\/a><!-- AddThis Advanced Settings generic via filter on get_the_excerpt --><!-- AddThis Share Buttons generic via filter on get_the_excerpt --><\/p>\n<\/div>","protected":false},"author":129,"featured_media":14987,"comment_status":"closed","ping_status":"closed","sticky":false,"template":"","format":"standard","meta":{"_acf_changed":false,"_monsterinsights_skip_tracking":false,"_monsterinsights_sitenote_active":false,"_monsterinsights_sitenote_note":"","_monsterinsights_sitenote_category":0,"footnotes":""},"categories":[1614,1621,346,1626,344,342,1638],"tags":[510,1232,894,623,421,322,128,1600,1602,1601,360,276,298,14,35,1211,383],"writer":[1599],"translator":[1176],"source":[],"ilustrador":[],"fotografo":[],"class_list":{"0":"post-14984","1":"post","2":"type-post","3":"status-publish","4":"format-standard","5":"has-post-thumbnail","7":"category-olhonasremocoes","8":"category-destaque","9":"category-denuncias","10":"category-por-observadores-internacionais","11":"category-politicas","12":"category-solucoes","13":"category-video","14":"tag-agua","15":"tag-area-de-protecao-ambiental","16":"tag-baixa-qualidade-dos-servicos","17":"tag-comlurb","18":"tag-cultura-da-favela","19":"tag-esgoto","20":"tag-historia","21":"tag-julio-otoni","22":"tag-laranjeiras","23":"tag-leonel-brizola","24":"tag-lixo","25":"tag-mutirao","26":"tag-perfil-de-lideranca","27":"tag-remocao","28":"tag-santa-teresa","29":"tag-servicos-publicos","30":"tag-zona-sul","31":"writer-ava-rose-hoffman","32":"translator-fernanda-lacerda"},"acf":[],"yoast_head":"<!-- This site is optimized with the Yoast SEO plugin v25.6 - https:\/\/yoast.com\/wordpress\/plugins\/seo\/ -->\n<title>Um Olhar Sobre a Favela Julio Otoni, Guiado pelo L\u00edder Comunit\u00e1rio Sizenaldo Marinho [V\u00cdDEO] - RioOnWatch<\/title>\n<meta name=\"robots\" content=\"index, follow, max-snippet:-1, max-image-preview:large, max-video-preview:-1\" \/>\n<link rel=\"canonical\" href=\"https:\/\/rioonwatch.org.br\/?p=14984\" \/>\n<meta property=\"og:locale\" content=\"pt_BR\" \/>\n<meta property=\"og:type\" content=\"article\" \/>\n<meta property=\"og:title\" content=\"Um Olhar Sobre a Favela Julio Otoni, Guiado pelo L\u00edder Comunit\u00e1rio Sizenaldo Marinho [V\u00cdDEO] - RioOnWatch\" \/>\n<meta property=\"og:description\" content=\"Julio Otoni \u00e9 uma favela situada entre os bairros de Laranjeiras e Santa Teresa, na Zona Sul do Rio. Toda a comunidade est\u00e1 localizada em um \u00fanico endere\u00e7o: Rua Doutor Julio Otoni, 298. Chegando neste [...]\" \/>\n<meta property=\"og:url\" content=\"https:\/\/rioonwatch.org.br\/?p=14984\" \/>\n<meta property=\"og:site_name\" content=\"RioOnWatch\" \/>\n<meta property=\"article:published_time\" content=\"2015-07-31T10:32:42+00:00\" \/>\n<meta property=\"article:modified_time\" content=\"2015-08-20T13:42:08+00:00\" \/>\n<meta property=\"og:image\" content=\"https:\/\/rioonwatch.org.br\/wp-content\/uploads\/2015\/07\/Naldo-Julio-Otoni-e1438111152152.jpg\" \/>\n\t<meta property=\"og:image:width\" content=\"620\" \/>\n\t<meta property=\"og:image:height\" content=\"310\" \/>\n\t<meta property=\"og:image:type\" content=\"image\/jpeg\" \/>\n<meta name=\"author\" content=\"Admin\" \/>\n<meta name=\"twitter:card\" content=\"summary_large_image\" \/>\n<meta name=\"twitter:label1\" content=\"Escrito por\" \/>\n\t<meta name=\"twitter:data1\" content=\"Admin\" \/>\n\t<meta name=\"twitter:label2\" content=\"Est. tempo de leitura\" \/>\n\t<meta name=\"twitter:data2\" content=\"7 minutos\" \/>\n<script type=\"application\/ld+json\" class=\"yoast-schema-graph\">{\"@context\":\"https:\/\/schema.org\",\"@graph\":[{\"@type\":\"Article\",\"@id\":\"https:\/\/rioonwatch.org.br\/?p=14984#article\",\"isPartOf\":{\"@id\":\"https:\/\/rioonwatch.org.br\/?p=14984\"},\"author\":{\"name\":\"Admin\",\"@id\":\"https:\/\/rioonwatch.org.br\/#\/schema\/person\/11d64c290506f9df50c71b850c473f68\"},\"headline\":\"Um Olhar Sobre a Favela Julio Otoni, Guiado pelo L\u00edder Comunit\u00e1rio Sizenaldo Marinho [V\u00cdDEO]\",\"datePublished\":\"2015-07-31T10:32:42+00:00\",\"dateModified\":\"2015-08-20T13:42:08+00:00\",\"mainEntityOfPage\":{\"@id\":\"https:\/\/rioonwatch.org.br\/?p=14984\"},\"wordCount\":1376,\"publisher\":{\"@id\":\"https:\/\/rioonwatch.org.br\/#organization\"},\"image\":{\"@id\":\"https:\/\/rioonwatch.org.br\/?p=14984#primaryimage\"},\"thumbnailUrl\":\"https:\/\/rioonwatch.org.br\/wp-content\/uploads\/2015\/07\/Naldo-Julio-Otoni-e1438111152152.jpg\",\"keywords\":[\"\u00e1gua\",\"\u00c1rea de Prote\u00e7\u00e3o Ambiental\",\"baixa qualidade dos servi\u00e7os\",\"COMLURB\",\"cultura da favela\",\"esgoto\",\"hist\u00f3ria\",\"Julio Otoni\",\"Laranjeiras\",\"Leonel Brizola\",\"lixo\",\"mutir\u00e3o\",\"perfil de lideran\u00e7a\",\"Remo\u00e7\u00e3o\",\"Santa Teresa\",\"servi\u00e7os p\u00fablicos\",\"Zona Sul\"],\"articleSection\":[\"#OlhoNasRemo\u00e7\u00f5es\",\"*Destaque\",\"Den\u00fancias\",\"Escrito por Aliados\",\"Pol\u00edticas\",\"Solu\u00e7\u00f5es\",\"V\u00eddeo\"],\"inLanguage\":\"pt-BR\"},{\"@type\":\"WebPage\",\"@id\":\"https:\/\/rioonwatch.org.br\/?p=14984\",\"url\":\"https:\/\/rioonwatch.org.br\/?p=14984\",\"name\":\"Um Olhar Sobre a Favela Julio Otoni, Guiado pelo L\u00edder Comunit\u00e1rio Sizenaldo Marinho [V\u00cdDEO] - RioOnWatch\",\"isPartOf\":{\"@id\":\"https:\/\/rioonwatch.org.br\/#website\"},\"primaryImageOfPage\":{\"@id\":\"https:\/\/rioonwatch.org.br\/?p=14984#primaryimage\"},\"image\":{\"@id\":\"https:\/\/rioonwatch.org.br\/?p=14984#primaryimage\"},\"thumbnailUrl\":\"https:\/\/rioonwatch.org.br\/wp-content\/uploads\/2015\/07\/Naldo-Julio-Otoni-e1438111152152.jpg\",\"datePublished\":\"2015-07-31T10:32:42+00:00\",\"dateModified\":\"2015-08-20T13:42:08+00:00\",\"breadcrumb\":{\"@id\":\"https:\/\/rioonwatch.org.br\/?p=14984#breadcrumb\"},\"inLanguage\":\"pt-BR\",\"potentialAction\":[{\"@type\":\"ReadAction\",\"target\":[\"https:\/\/rioonwatch.org.br\/?p=14984\"]}]},{\"@type\":\"ImageObject\",\"inLanguage\":\"pt-BR\",\"@id\":\"https:\/\/rioonwatch.org.br\/?p=14984#primaryimage\",\"url\":\"https:\/\/rioonwatch.org.br\/wp-content\/uploads\/2015\/07\/Naldo-Julio-Otoni-e1438111152152.jpg\",\"contentUrl\":\"https:\/\/rioonwatch.org.br\/wp-content\/uploads\/2015\/07\/Naldo-Julio-Otoni-e1438111152152.jpg\",\"width\":620,\"height\":310},{\"@type\":\"BreadcrumbList\",\"@id\":\"https:\/\/rioonwatch.org.br\/?p=14984#breadcrumb\",\"itemListElement\":[{\"@type\":\"ListItem\",\"position\":1,\"name\":\"In\u00edcio\",\"item\":\"https:\/\/rioonwatch.org.br\/\"},{\"@type\":\"ListItem\",\"position\":2,\"name\":\"Um Olhar Sobre a Favela Julio Otoni, Guiado pelo L\u00edder Comunit\u00e1rio Sizenaldo Marinho [V\u00cdDEO]\"}]},{\"@type\":\"WebSite\",\"@id\":\"https:\/\/rioonwatch.org.br\/#website\",\"url\":\"https:\/\/rioonwatch.org.br\/\",\"name\":\"RioOnWatch\",\"description\":\"relatos das favelas cariocas\",\"publisher\":{\"@id\":\"https:\/\/rioonwatch.org.br\/#organization\"},\"potentialAction\":[{\"@type\":\"SearchAction\",\"target\":{\"@type\":\"EntryPoint\",\"urlTemplate\":\"https:\/\/rioonwatch.org.br\/?s={search_term_string}\"},\"query-input\":{\"@type\":\"PropertyValueSpecification\",\"valueRequired\":true,\"valueName\":\"search_term_string\"}}],\"inLanguage\":\"pt-BR\"},{\"@type\":\"Organization\",\"@id\":\"https:\/\/rioonwatch.org.br\/#organization\",\"name\":\"RioOnWatch\",\"url\":\"https:\/\/rioonwatch.org.br\/\",\"logo\":{\"@type\":\"ImageObject\",\"inLanguage\":\"pt-BR\",\"@id\":\"https:\/\/rioonwatch.org.br\/#\/schema\/logo\/image\/\",\"url\":\"https:\/\/rioonwatch.org.br\/wp-content\/uploads\/2021\/06\/RioOnWatchcabecalhoPT11anos-2.png\",\"contentUrl\":\"https:\/\/rioonwatch.org.br\/wp-content\/uploads\/2021\/06\/RioOnWatchcabecalhoPT11anos-2.png\",\"width\":779,\"height\":277,\"caption\":\"RioOnWatch\"},\"image\":{\"@id\":\"https:\/\/rioonwatch.org.br\/#\/schema\/logo\/image\/\"}},{\"@type\":\"Person\",\"@id\":\"https:\/\/rioonwatch.org.br\/#\/schema\/person\/11d64c290506f9df50c71b850c473f68\",\"name\":\"Admin\",\"image\":{\"@type\":\"ImageObject\",\"inLanguage\":\"pt-BR\",\"@id\":\"https:\/\/rioonwatch.org.br\/#\/schema\/person\/image\/\",\"url\":\"https:\/\/secure.gravatar.com\/avatar\/56211ac74568383903349a1485e3c325?s=96&d=blank&r=g\",\"contentUrl\":\"https:\/\/secure.gravatar.com\/avatar\/56211ac74568383903349a1485e3c325?s=96&d=blank&r=g\",\"caption\":\"Admin\"},\"url\":\"https:\/\/rioonwatch.org.br\/?author=129\"}]}<\/script>\n<!-- \/ Yoast SEO plugin. -->","yoast_head_json":{"title":"Um Olhar Sobre a Favela Julio Otoni, Guiado pelo L\u00edder Comunit\u00e1rio Sizenaldo Marinho [V\u00cdDEO] - RioOnWatch","robots":{"index":"index","follow":"follow","max-snippet":"max-snippet:-1","max-image-preview":"max-image-preview:large","max-video-preview":"max-video-preview:-1"},"canonical":"https:\/\/rioonwatch.org.br\/?p=14984","og_locale":"pt_BR","og_type":"article","og_title":"Um Olhar Sobre a Favela Julio Otoni, Guiado pelo L\u00edder Comunit\u00e1rio Sizenaldo Marinho [V\u00cdDEO] - RioOnWatch","og_description":"Julio Otoni \u00e9 uma favela situada entre os bairros de Laranjeiras e Santa Teresa, na Zona Sul do Rio. Toda a comunidade est\u00e1 localizada em um \u00fanico endere\u00e7o: Rua Doutor Julio Otoni, 298. Chegando neste [...]","og_url":"https:\/\/rioonwatch.org.br\/?p=14984","og_site_name":"RioOnWatch","article_published_time":"2015-07-31T10:32:42+00:00","article_modified_time":"2015-08-20T13:42:08+00:00","og_image":[{"width":620,"height":310,"url":"https:\/\/rioonwatch.org.br\/wp-content\/uploads\/2015\/07\/Naldo-Julio-Otoni-e1438111152152.jpg","type":"image\/jpeg"}],"author":"Admin","twitter_card":"summary_large_image","twitter_misc":{"Escrito por":"Admin","Est. tempo de leitura":"7 minutos"},"schema":{"@context":"https:\/\/schema.org","@graph":[{"@type":"Article","@id":"https:\/\/rioonwatch.org.br\/?p=14984#article","isPartOf":{"@id":"https:\/\/rioonwatch.org.br\/?p=14984"},"author":{"name":"Admin","@id":"https:\/\/rioonwatch.org.br\/#\/schema\/person\/11d64c290506f9df50c71b850c473f68"},"headline":"Um Olhar Sobre a Favela Julio Otoni, Guiado pelo L\u00edder Comunit\u00e1rio Sizenaldo Marinho [V\u00cdDEO]","datePublished":"2015-07-31T10:32:42+00:00","dateModified":"2015-08-20T13:42:08+00:00","mainEntityOfPage":{"@id":"https:\/\/rioonwatch.org.br\/?p=14984"},"wordCount":1376,"publisher":{"@id":"https:\/\/rioonwatch.org.br\/#organization"},"image":{"@id":"https:\/\/rioonwatch.org.br\/?p=14984#primaryimage"},"thumbnailUrl":"https:\/\/rioonwatch.org.br\/wp-content\/uploads\/2015\/07\/Naldo-Julio-Otoni-e1438111152152.jpg","keywords":["\u00e1gua","\u00c1rea de Prote\u00e7\u00e3o Ambiental","baixa qualidade dos servi\u00e7os","COMLURB","cultura da favela","esgoto","hist\u00f3ria","Julio Otoni","Laranjeiras","Leonel Brizola","lixo","mutir\u00e3o","perfil de lideran\u00e7a","Remo\u00e7\u00e3o","Santa Teresa","servi\u00e7os p\u00fablicos","Zona Sul"],"articleSection":["#OlhoNasRemo\u00e7\u00f5es","*Destaque","Den\u00fancias","Escrito por Aliados","Pol\u00edticas","Solu\u00e7\u00f5es","V\u00eddeo"],"inLanguage":"pt-BR"},{"@type":"WebPage","@id":"https:\/\/rioonwatch.org.br\/?p=14984","url":"https:\/\/rioonwatch.org.br\/?p=14984","name":"Um Olhar Sobre a Favela Julio Otoni, Guiado pelo L\u00edder Comunit\u00e1rio Sizenaldo Marinho [V\u00cdDEO] - RioOnWatch","isPartOf":{"@id":"https:\/\/rioonwatch.org.br\/#website"},"primaryImageOfPage":{"@id":"https:\/\/rioonwatch.org.br\/?p=14984#primaryimage"},"image":{"@id":"https:\/\/rioonwatch.org.br\/?p=14984#primaryimage"},"thumbnailUrl":"https:\/\/rioonwatch.org.br\/wp-content\/uploads\/2015\/07\/Naldo-Julio-Otoni-e1438111152152.jpg","datePublished":"2015-07-31T10:32:42+00:00","dateModified":"2015-08-20T13:42:08+00:00","breadcrumb":{"@id":"https:\/\/rioonwatch.org.br\/?p=14984#breadcrumb"},"inLanguage":"pt-BR","potentialAction":[{"@type":"ReadAction","target":["https:\/\/rioonwatch.org.br\/?p=14984"]}]},{"@type":"ImageObject","inLanguage":"pt-BR","@id":"https:\/\/rioonwatch.org.br\/?p=14984#primaryimage","url":"https:\/\/rioonwatch.org.br\/wp-content\/uploads\/2015\/07\/Naldo-Julio-Otoni-e1438111152152.jpg","contentUrl":"https:\/\/rioonwatch.org.br\/wp-content\/uploads\/2015\/07\/Naldo-Julio-Otoni-e1438111152152.jpg","width":620,"height":310},{"@type":"BreadcrumbList","@id":"https:\/\/rioonwatch.org.br\/?p=14984#breadcrumb","itemListElement":[{"@type":"ListItem","position":1,"name":"In\u00edcio","item":"https:\/\/rioonwatch.org.br\/"},{"@type":"ListItem","position":2,"name":"Um Olhar Sobre a Favela Julio Otoni, Guiado pelo L\u00edder Comunit\u00e1rio Sizenaldo Marinho [V\u00cdDEO]"}]},{"@type":"WebSite","@id":"https:\/\/rioonwatch.org.br\/#website","url":"https:\/\/rioonwatch.org.br\/","name":"RioOnWatch","description":"relatos das favelas cariocas","publisher":{"@id":"https:\/\/rioonwatch.org.br\/#organization"},"potentialAction":[{"@type":"SearchAction","target":{"@type":"EntryPoint","urlTemplate":"https:\/\/rioonwatch.org.br\/?s={search_term_string}"},"query-input":{"@type":"PropertyValueSpecification","valueRequired":true,"valueName":"search_term_string"}}],"inLanguage":"pt-BR"},{"@type":"Organization","@id":"https:\/\/rioonwatch.org.br\/#organization","name":"RioOnWatch","url":"https:\/\/rioonwatch.org.br\/","logo":{"@type":"ImageObject","inLanguage":"pt-BR","@id":"https:\/\/rioonwatch.org.br\/#\/schema\/logo\/image\/","url":"https:\/\/rioonwatch.org.br\/wp-content\/uploads\/2021\/06\/RioOnWatchcabecalhoPT11anos-2.png","contentUrl":"https:\/\/rioonwatch.org.br\/wp-content\/uploads\/2021\/06\/RioOnWatchcabecalhoPT11anos-2.png","width":779,"height":277,"caption":"RioOnWatch"},"image":{"@id":"https:\/\/rioonwatch.org.br\/#\/schema\/logo\/image\/"}},{"@type":"Person","@id":"https:\/\/rioonwatch.org.br\/#\/schema\/person\/11d64c290506f9df50c71b850c473f68","name":"Admin","image":{"@type":"ImageObject","inLanguage":"pt-BR","@id":"https:\/\/rioonwatch.org.br\/#\/schema\/person\/image\/","url":"https:\/\/secure.gravatar.com\/avatar\/56211ac74568383903349a1485e3c325?s=96&d=blank&r=g","contentUrl":"https:\/\/secure.gravatar.com\/avatar\/56211ac74568383903349a1485e3c325?s=96&d=blank&r=g","caption":"Admin"},"url":"https:\/\/rioonwatch.org.br\/?author=129"}]}},"_links":{"self":[{"href":"https:\/\/rioonwatch.org.br\/index.php?rest_route=\/wp\/v2\/posts\/14984"}],"collection":[{"href":"https:\/\/rioonwatch.org.br\/index.php?rest_route=\/wp\/v2\/posts"}],"about":[{"href":"https:\/\/rioonwatch.org.br\/index.php?rest_route=\/wp\/v2\/types\/post"}],"author":[{"embeddable":true,"href":"https:\/\/rioonwatch.org.br\/index.php?rest_route=\/wp\/v2\/users\/129"}],"replies":[{"embeddable":true,"href":"https:\/\/rioonwatch.org.br\/index.php?rest_route=%2Fwp%2Fv2%2Fcomments&post=14984"}],"version-history":[{"count":22,"href":"https:\/\/rioonwatch.org.br\/index.php?rest_route=\/wp\/v2\/posts\/14984\/revisions"}],"predecessor-version":[{"id":15184,"href":"https:\/\/rioonwatch.org.br\/index.php?rest_route=\/wp\/v2\/posts\/14984\/revisions\/15184"}],"wp:featuredmedia":[{"embeddable":true,"href":"https:\/\/rioonwatch.org.br\/index.php?rest_route=\/wp\/v2\/media\/14987"}],"wp:attachment":[{"href":"https:\/\/rioonwatch.org.br\/index.php?rest_route=%2Fwp%2Fv2%2Fmedia&parent=14984"}],"wp:term":[{"taxonomy":"category","embeddable":true,"href":"https:\/\/rioonwatch.org.br\/index.php?rest_route=%2Fwp%2Fv2%2Fcategories&post=14984"},{"taxonomy":"post_tag","embeddable":true,"href":"https:\/\/rioonwatch.org.br\/index.php?rest_route=%2Fwp%2Fv2%2Ftags&post=14984"},{"taxonomy":"writer","embeddable":true,"href":"https:\/\/rioonwatch.org.br\/index.php?rest_route=%2Fwp%2Fv2%2Fwriter&post=14984"},{"taxonomy":"translator","embeddable":true,"href":"https:\/\/rioonwatch.org.br\/index.php?rest_route=%2Fwp%2Fv2%2Ftranslator&post=14984"},{"taxonomy":"source","embeddable":true,"href":"https:\/\/rioonwatch.org.br\/index.php?rest_route=%2Fwp%2Fv2%2Fsource&post=14984"},{"taxonomy":"ilustrador","embeddable":true,"href":"https:\/\/rioonwatch.org.br\/index.php?rest_route=%2Fwp%2Fv2%2Filustrador&post=14984"},{"taxonomy":"fotografo","embeddable":true,"href":"https:\/\/rioonwatch.org.br\/index.php?rest_route=%2Fwp%2Fv2%2Ffotografo&post=14984"}],"curies":[{"name":"wp","href":"https:\/\/api.w.org\/{rel}","templated":true}]}}