{"id":15021,"date":"2015-08-03T10:17:50","date_gmt":"2015-08-03T13:17:50","guid":{"rendered":"http:\/\/rioonwatch.org.br\/?p=15021"},"modified":"2015-08-12T22:30:09","modified_gmt":"2015-08-13T01:30:09","slug":"escola-de-comunicacao-popular-lanca-curso-sobre-publicidade-afirmativa-2","status":"publish","type":"post","link":"https:\/\/rioonwatch.org.br\/?p=15021","title":{"rendered":"ESPOCC Lan\u00e7a Curso de Publicidade Afirmativa na Mar\u00e9"},"content":{"rendered":"<p>Em 14 de julho, a <a href=\"http:\/\/bit.ly\/13gBRr9\" target=\"_blank\">Escola Popular de Comunica\u00e7\u00e3o Cr\u00edtica (ESPOCC)<\/a>\u00a0lan\u00e7ou o curso\u00a0de Publicidade Afirmativa de\u00a0<a href=\"http:\/\/bit.ly\/1Mf2dQN\" target=\"_blank\">2015-2016<\/a>\u00a0no <a href=\"http:\/\/bit.ly\/1itPfQc\" target=\"_blank\">Observat\u00f3rio de Favelas<\/a>,\u00a0<a href=\"http:\/\/bit.ly\/10BvARw\" target=\"_blank\">Complexo da Mar\u00e9<\/a>, na <a href=\"http:\/\/bit.ly\/WximDf\" target=\"_blank\">Zona Norte<\/a> do Rio. A cada ano, ap\u00f3s um processo competitivo de sele\u00e7\u00e3o, a escola seleciona\u00a090 estudantes do ensino m\u00e9dio ou j\u00e1 formados de todo o Rio de Janeiro para participar do curso gr\u00e1tis, que \u00e9 dividido em dois&#8211;um com \u00eanfase em pr\u00e1ticas audiovisuais e outro em cria\u00e7\u00e3o digital.<\/p>\n<p>O\u00a0<a href=\"http:\/\/bit.ly\/nkkyvm\" target=\"_blank\">Observat\u00f3rio de Favelas<\/a> criou a <a href=\"http:\/\/bit.ly\/13gBRr9\" target=\"_blank\">ESPOCC<\/a> em agosto de 2005, com a proposta de\u00a0\u201coferecer a jovens e adultos, moradores de espa\u00e7os populares do Rio de Janeiro, acesso a diferentes linguagens, conceitos e t\u00e9cnicas na \u00e1rea da comunica\u00e7\u00e3o com o objetivo de formar esses estudantes como comunicadores cidad\u00e3os e multiplicadores desse conhecimento, prepar\u00e1-los para a inser\u00e7\u00e3o no mercado de trabalho e contribuir para que eles exer\u00e7am a sua cidadania de forma plena&#8221;.\u00a0Em 2012, com patroc\u00ednio da Petrobras e o apoio da Escola de Comunica\u00e7\u00e3o da UFRJ, a ESPOCC come\u00e7ou seu primeiro curso em Publicidade Afirmativa.<\/p>\n<p>O Coordenador Executivo da ESPOCC, Eduardo Alves, deu as boas vindas aos estudantes da aula inaugural 2015-2016, dizendo: &#8220;voc\u00eas chegaram aqui para conviver, criar, ampliar\u201d.\u00a0Ele continuou enfatizando a import\u00e2ncia do Observat\u00f3rio de Favelas e da ESPOCC em construir um novo conceito de &#8220;favela&#8221; que contradiz a <a href=\"http:\/\/bit.ly\/P4itK0\" target=\"_blank\">vis\u00e3o estigmatizada<\/a> de viol\u00eancia e neglig\u00eancia normalmente retratada pela <a href=\"http:\/\/bit.ly\/1VVj5Ae\" target=\"_blank\">grande m\u00eddia<\/a>. Ele disse:\u00a0\u201cA favela \u00e9 um <a href=\"http:\/\/bit.ly\/1s9MAN7\" target=\"_blank\">lugar de pot\u00eancia<\/a>, n\u00e3o \u00e9 um lugar de aus\u00eancia\u2026 O que identifica a favela n\u00e3o \u00e9 aquilo que falta nela. \u00c9 a capacidade de seu povo, com pouco atendimento do Estado, inventar seus encontros, inventar sua arte, inventar sua mobilidade, inventar sua moradia\u2026 Essa pot\u00eancia de inven\u00e7\u00e3o da favela, \u00e9\u00a0<a href=\"http:\/\/bit.ly\/1uRzOcM\" target=\"_blank\">o que identifica a favela<\/a>\u2026 \u201c<\/p>\n<blockquote><p>\u201cA favela \u00e9 um <a href=\"http:\/\/bit.ly\/1VWEgC2\" target=\"_blank\">lugar de pot\u00eancia<\/a>, n\u00e3o \u00e9 um lugar de aus\u00eancia\u2026 O que identifica a favela n\u00e3o \u00e9 aquilo que falta nela. \u00c9 a capacidade de seu povo, com pouco atendimento do Estado, inventar seus encontros, inventar sua arte, inventar sua mobilidade, inventar sua moradia\u2026 Essa pot\u00eancia de inven\u00e7\u00e3o da favela, \u00e9\u00a0<a href=\"http:\/\/bit.ly\/1uRzOcM\" target=\"_blank\">o que identifica a favela<\/a>\u2026 \u201c &#8211; Eduardo Alves, Coordenador Executivo da ESPOCC<\/p><\/blockquote>\n<p>O professor e coordenador de projeto Rodrigo Azevedo explicou o objetivo da Publicidade Afirmativa e o que os estudantes v\u00e3o aprender nas aulas: Publicidade Afirmativa \u00e9 a publicidade que &#8220;promove valores de sociabilidade, a <a href=\"http:\/\/bit.ly\/1NzHxSq\" target=\"_blank\">cultura<\/a> e o empreendedorismo comunit\u00e1rio e socioambiental. Para isso, adapta ou subverte a linguagem, as ferramentas e a organiza\u00e7\u00e3o do trabalho da publicidade convencional\u201d.\u00a0Ela pode ajudar a desestigmatizar ao produzir representa\u00e7\u00f5es de favelas por seus pr\u00f3prios moradores.<\/p>\n<p>&#8220;A gente vai aprender comunica\u00e7\u00e3o, a gente vai aprender publicidade, sem ter nenhum v\u00ednculo a priori, ou sem ter nenhum compromisso com uma linha de produtos e servi\u00e7os&#8221;,\u00a0disse Azevedo. &#8220;Nosso grande desafio\u2026\u00e9 fazer da publicidade um instrumento para botar a vida acima do lucro&#8221;.<\/p>\n<blockquote><p>&#8220;Nosso grande desafio\u2026\u00e9 fazer da publicidade um instrumento para botar a vida acima do lucro&#8221;. &#8211; Rodrigo Azevedo, professor e coordenador do projeto<\/p><\/blockquote>\n<p>Depois dele, a professora Camila Santos destacou a estrutura das pr\u00f3ximas aulas aos estudantes tanto de audiovisual quanto de cria\u00e7\u00e3o digital, que ter\u00e3o aulas separadas tr\u00eas vezes por semana, por 42 semanas.<\/p>\n<p><img fetchpriority=\"high\" decoding=\"async\" class=\"aligncenter size-full wp-image-15039\" title=\"Aprsenta\u00e7\u00e3o inaugural da ESPOCC-2015-2016\" src=\"http:\/\/rioonwatch.org.br\/wp-content\/uploads\/2015\/07\/Presentation-at-Inagural-class-of-ESPOCC-2015-2016-620x264.jpg\" alt=\"\" width=\"620\" height=\"264\" \/><\/p>\n<p>Cada semana, ambos os grupos ter\u00e3o uma aula t\u00e9cnica, uma aula de comunica\u00e7\u00e3o e uma aula te\u00f3rica de comunica\u00e7\u00e3o cr\u00edtica. Apesar dos dois grupos terem focos de t\u00e9cnicas de m\u00eddia separados, incluindo diferentes est\u00e1gios de produ\u00e7\u00e3o para estudantes de audiovisual; e photoshop e web design para os alunos de cria\u00e7\u00e3o digital, ambos ter\u00e3o aulas de comunica\u00e7\u00e3o, cultura e sociedade. Essas aulas v\u00e3o cobrir o papel e prop\u00f3sito da Publicidade Afirmativa, marketing, copyright, \u00e9ticas, entre outros t\u00f3picos.<\/p>\n<p>A primeira aula terminou com a exibi\u00e7\u00e3o de dois v\u00eddeos com entrevistas de ex-alunos discutindo suas pr\u00f3prias iniciativas no blog da ESPOCC, o\u00a0<a href=\"http:\/\/bit.ly\/1Lm5uia\" target=\"_blank\">Blogspocc<\/a>. Foi ainda apresentado um v\u00eddeo promocional da atividade mensal da escola, o <a href=\"http:\/\/bit.ly\/1I4zHLD\" target=\"_blank\">Di\u00e1logos ESPOCC<\/a>, onde os estudantes podem ir aos espa\u00e7os do Observat\u00f3rio de Favelas para debater e discutir ideias, quest\u00f5es e produ\u00e7\u00f5es com\u00a0\u201cpensadores e inventivos, criativos e acad\u00eamicos, figuras contundentes e inspiradoras\u201d.<\/p>\n<p><a href=\"http:\/\/rioonwatch.org.br\/wp-content\/uploads\/2015\/08\/Festa-da-ESPOCC-depois-da-aula-inaugural.jpg\"><img decoding=\"async\" class=\"aligncenter wp-image-15159 size-full\" title=\"Confraterniza\u00e7\u00e3o da ESPOCC ap\u00f3s aula inaugural no Observat\u00f3rio de Favelas\" src=\"http:\/\/rioonwatch.org.br\/wp-content\/uploads\/2015\/08\/Festa-da-ESPOCC-depois-da-aula-inaugural.jpg\" alt=\"Confraterniza\u00e7\u00e3o da ESPOCC ap\u00f3s aula inaugural no Observat\u00f3rio de Favelas\" width=\"620\" height=\"264\" \/><\/a><\/p>\n<!-- AddThis Advanced Settings generic via filter on the_content --><!-- AddThis Share Buttons generic via filter on the_content -->","protected":false},"excerpt":{"rendered":"<div class=\"mh-excerpt\"><p>Em 14 de julho, a Escola Popular de Comunica\u00e7\u00e3o Cr\u00edtica (ESPOCC)\u00a0lan\u00e7ou o curso\u00a0de Publicidade Afirmativa de\u00a02015-2016\u00a0no Observat\u00f3rio de Favelas,\u00a0Complexo da Mar\u00e9, na Zona Norte do Rio. A cada ano, ap\u00f3s um processo competitivo de sele\u00e7\u00e3o, <a class=\"mh-excerpt-more\" href=\"https:\/\/rioonwatch.org.br\/?p=15021\" title=\"ESPOCC Lan\u00e7a Curso de Publicidade Afirmativa na Mar\u00e9\">[&#8230;]<\/a><!-- AddThis Advanced Settings generic via filter on get_the_excerpt --><!-- AddThis Share Buttons generic via filter on get_the_excerpt --><\/p>\n<\/div>","protected":false},"author":137,"featured_media":15038,"comment_status":"closed","ping_status":"closed","sticky":false,"template":"","format":"standard","meta":{"_acf_changed":false,"_monsterinsights_skip_tracking":false,"_monsterinsights_sitenote_active":false,"_monsterinsights_sitenote_note":"","_monsterinsights_sitenote_category":0,"footnotes":""},"categories":[342],"tags":[386,1446,332,1530,316,918,113,663,218],"writer":[1549],"translator":[1342],"source":[],"ilustrador":[],"fotografo":[],"class_list":{"0":"post-15021","1":"post","2":"type-post","3":"status-publish","4":"format-standard","5":"has-post-thumbnail","7":"category-solucoes","8":"tag-estigma","9":"tag-capacitacao","10":"tag-complexo-da-mare","11":"tag-midia-comunitaria","12":"tag-educacao","13":"tag-espocc","14":"tag-juventude","15":"tag-observatorio-de-favelas","16":"tag-zona-norte","17":"writer-gabriela-weldon","18":"translator-patricia-monteiro"},"acf":[],"yoast_head":"<!-- This site is optimized with the Yoast SEO plugin v25.6 - https:\/\/yoast.com\/wordpress\/plugins\/seo\/ -->\n<title>ESPOCC Lan\u00e7a Curso de Publicidade Afirmativa na Mar\u00e9 - RioOnWatch<\/title>\n<meta name=\"robots\" content=\"index, follow, max-snippet:-1, max-image-preview:large, max-video-preview:-1\" \/>\n<link rel=\"canonical\" href=\"https:\/\/rioonwatch.org.br\/?p=15021\" \/>\n<meta property=\"og:locale\" content=\"pt_BR\" \/>\n<meta property=\"og:type\" content=\"article\" \/>\n<meta property=\"og:title\" content=\"ESPOCC Lan\u00e7a Curso de Publicidade Afirmativa na Mar\u00e9 - RioOnWatch\" \/>\n<meta property=\"og:description\" content=\"Em 14 de julho, a Escola Popular de Comunica\u00e7\u00e3o Cr\u00edtica (ESPOCC)\u00a0lan\u00e7ou o curso\u00a0de Publicidade Afirmativa de\u00a02015-2016\u00a0no Observat\u00f3rio de Favelas,\u00a0Complexo da Mar\u00e9, na Zona Norte do Rio. A cada ano, ap\u00f3s um processo competitivo de sele\u00e7\u00e3o, [...]\" \/>\n<meta property=\"og:url\" content=\"https:\/\/rioonwatch.org.br\/?p=15021\" \/>\n<meta property=\"og:site_name\" content=\"RioOnWatch\" \/>\n<meta property=\"article:published_time\" content=\"2015-08-03T13:17:50+00:00\" \/>\n<meta property=\"article:modified_time\" content=\"2015-08-13T01:30:09+00:00\" \/>\n<meta property=\"og:image\" content=\"https:\/\/rioonwatch.org.br\/wp-content\/uploads\/2015\/07\/Inagural-class-of-ESPOCC-2015-2016-620x264.jpg\" \/>\n\t<meta property=\"og:image:width\" content=\"620\" \/>\n\t<meta property=\"og:image:height\" content=\"264\" \/>\n\t<meta property=\"og:image:type\" content=\"image\/jpeg\" \/>\n<meta name=\"author\" content=\"Nicole Froio\" \/>\n<meta name=\"twitter:card\" content=\"summary_large_image\" \/>\n<meta name=\"twitter:label1\" content=\"Escrito por\" \/>\n\t<meta name=\"twitter:data1\" content=\"Nicole Froio\" \/>\n\t<meta name=\"twitter:label2\" content=\"Est. tempo de leitura\" \/>\n\t<meta name=\"twitter:data2\" content=\"4 minutos\" \/>\n<script type=\"application\/ld+json\" class=\"yoast-schema-graph\">{\"@context\":\"https:\/\/schema.org\",\"@graph\":[{\"@type\":\"Article\",\"@id\":\"https:\/\/rioonwatch.org.br\/?p=15021#article\",\"isPartOf\":{\"@id\":\"https:\/\/rioonwatch.org.br\/?p=15021\"},\"author\":{\"name\":\"Nicole Froio\",\"@id\":\"https:\/\/rioonwatch.org.br\/#\/schema\/person\/e07d559fe2154d11fd3ec515e35695ee\"},\"headline\":\"ESPOCC Lan\u00e7a Curso de Publicidade Afirmativa na Mar\u00e9\",\"datePublished\":\"2015-08-03T13:17:50+00:00\",\"dateModified\":\"2015-08-13T01:30:09+00:00\",\"mainEntityOfPage\":{\"@id\":\"https:\/\/rioonwatch.org.br\/?p=15021\"},\"wordCount\":745,\"publisher\":{\"@id\":\"https:\/\/rioonwatch.org.br\/#organization\"},\"image\":{\"@id\":\"https:\/\/rioonwatch.org.br\/?p=15021#primaryimage\"},\"thumbnailUrl\":\"https:\/\/rioonwatch.org.br\/wp-content\/uploads\/2015\/07\/Inagural-class-of-ESPOCC-2015-2016-620x264.jpg\",\"keywords\":[\"#StopFavelaStigma\",\"capacita\u00e7\u00e3o\",\"Complexo da Mar\u00e9\",\"Comunica\u00e7\u00e3o Comunit\u00e1ria\",\"educa\u00e7\u00e3o\",\"Espocc\",\"juventude\",\"Observat\u00f3rio de Favelas\",\"Zona Norte\"],\"articleSection\":[\"Solu\u00e7\u00f5es\"],\"inLanguage\":\"pt-BR\"},{\"@type\":\"WebPage\",\"@id\":\"https:\/\/rioonwatch.org.br\/?p=15021\",\"url\":\"https:\/\/rioonwatch.org.br\/?p=15021\",\"name\":\"ESPOCC Lan\u00e7a Curso de Publicidade Afirmativa na Mar\u00e9 - RioOnWatch\",\"isPartOf\":{\"@id\":\"https:\/\/rioonwatch.org.br\/#website\"},\"primaryImageOfPage\":{\"@id\":\"https:\/\/rioonwatch.org.br\/?p=15021#primaryimage\"},\"image\":{\"@id\":\"https:\/\/rioonwatch.org.br\/?p=15021#primaryimage\"},\"thumbnailUrl\":\"https:\/\/rioonwatch.org.br\/wp-content\/uploads\/2015\/07\/Inagural-class-of-ESPOCC-2015-2016-620x264.jpg\",\"datePublished\":\"2015-08-03T13:17:50+00:00\",\"dateModified\":\"2015-08-13T01:30:09+00:00\",\"breadcrumb\":{\"@id\":\"https:\/\/rioonwatch.org.br\/?p=15021#breadcrumb\"},\"inLanguage\":\"pt-BR\",\"potentialAction\":[{\"@type\":\"ReadAction\",\"target\":[\"https:\/\/rioonwatch.org.br\/?p=15021\"]}]},{\"@type\":\"ImageObject\",\"inLanguage\":\"pt-BR\",\"@id\":\"https:\/\/rioonwatch.org.br\/?p=15021#primaryimage\",\"url\":\"https:\/\/rioonwatch.org.br\/wp-content\/uploads\/2015\/07\/Inagural-class-of-ESPOCC-2015-2016-620x264.jpg\",\"contentUrl\":\"https:\/\/rioonwatch.org.br\/wp-content\/uploads\/2015\/07\/Inagural-class-of-ESPOCC-2015-2016-620x264.jpg\",\"width\":620,\"height\":264},{\"@type\":\"BreadcrumbList\",\"@id\":\"https:\/\/rioonwatch.org.br\/?p=15021#breadcrumb\",\"itemListElement\":[{\"@type\":\"ListItem\",\"position\":1,\"name\":\"In\u00edcio\",\"item\":\"https:\/\/rioonwatch.org.br\/\"},{\"@type\":\"ListItem\",\"position\":2,\"name\":\"ESPOCC Lan\u00e7a Curso de Publicidade Afirmativa na Mar\u00e9\"}]},{\"@type\":\"WebSite\",\"@id\":\"https:\/\/rioonwatch.org.br\/#website\",\"url\":\"https:\/\/rioonwatch.org.br\/\",\"name\":\"RioOnWatch\",\"description\":\"relatos das favelas cariocas\",\"publisher\":{\"@id\":\"https:\/\/rioonwatch.org.br\/#organization\"},\"potentialAction\":[{\"@type\":\"SearchAction\",\"target\":{\"@type\":\"EntryPoint\",\"urlTemplate\":\"https:\/\/rioonwatch.org.br\/?s={search_term_string}\"},\"query-input\":{\"@type\":\"PropertyValueSpecification\",\"valueRequired\":true,\"valueName\":\"search_term_string\"}}],\"inLanguage\":\"pt-BR\"},{\"@type\":\"Organization\",\"@id\":\"https:\/\/rioonwatch.org.br\/#organization\",\"name\":\"RioOnWatch\",\"url\":\"https:\/\/rioonwatch.org.br\/\",\"logo\":{\"@type\":\"ImageObject\",\"inLanguage\":\"pt-BR\",\"@id\":\"https:\/\/rioonwatch.org.br\/#\/schema\/logo\/image\/\",\"url\":\"https:\/\/rioonwatch.org.br\/wp-content\/uploads\/2021\/06\/RioOnWatchcabecalhoPT11anos-2.png\",\"contentUrl\":\"https:\/\/rioonwatch.org.br\/wp-content\/uploads\/2021\/06\/RioOnWatchcabecalhoPT11anos-2.png\",\"width\":779,\"height\":277,\"caption\":\"RioOnWatch\"},\"image\":{\"@id\":\"https:\/\/rioonwatch.org.br\/#\/schema\/logo\/image\/\"}},{\"@type\":\"Person\",\"@id\":\"https:\/\/rioonwatch.org.br\/#\/schema\/person\/e07d559fe2154d11fd3ec515e35695ee\",\"name\":\"Nicole Froio\",\"image\":{\"@type\":\"ImageObject\",\"inLanguage\":\"pt-BR\",\"@id\":\"https:\/\/rioonwatch.org.br\/#\/schema\/person\/image\/\",\"url\":\"https:\/\/secure.gravatar.com\/avatar\/0acdbd6878ca0ac29aa5ce6c6119d636?s=96&d=blank&r=g\",\"contentUrl\":\"https:\/\/secure.gravatar.com\/avatar\/0acdbd6878ca0ac29aa5ce6c6119d636?s=96&d=blank&r=g\",\"caption\":\"Nicole Froio\"},\"url\":\"https:\/\/rioonwatch.org.br\/?author=137\"}]}<\/script>\n<!-- \/ Yoast SEO plugin. -->","yoast_head_json":{"title":"ESPOCC Lan\u00e7a Curso de Publicidade Afirmativa na Mar\u00e9 - RioOnWatch","robots":{"index":"index","follow":"follow","max-snippet":"max-snippet:-1","max-image-preview":"max-image-preview:large","max-video-preview":"max-video-preview:-1"},"canonical":"https:\/\/rioonwatch.org.br\/?p=15021","og_locale":"pt_BR","og_type":"article","og_title":"ESPOCC Lan\u00e7a Curso de Publicidade Afirmativa na Mar\u00e9 - RioOnWatch","og_description":"Em 14 de julho, a Escola Popular de Comunica\u00e7\u00e3o Cr\u00edtica (ESPOCC)\u00a0lan\u00e7ou o curso\u00a0de Publicidade Afirmativa de\u00a02015-2016\u00a0no Observat\u00f3rio de Favelas,\u00a0Complexo da Mar\u00e9, na Zona Norte do Rio. A cada ano, ap\u00f3s um processo competitivo de sele\u00e7\u00e3o, [...]","og_url":"https:\/\/rioonwatch.org.br\/?p=15021","og_site_name":"RioOnWatch","article_published_time":"2015-08-03T13:17:50+00:00","article_modified_time":"2015-08-13T01:30:09+00:00","og_image":[{"width":620,"height":264,"url":"https:\/\/rioonwatch.org.br\/wp-content\/uploads\/2015\/07\/Inagural-class-of-ESPOCC-2015-2016-620x264.jpg","type":"image\/jpeg"}],"author":"Nicole Froio","twitter_card":"summary_large_image","twitter_misc":{"Escrito por":"Nicole Froio","Est. tempo de leitura":"4 minutos"},"schema":{"@context":"https:\/\/schema.org","@graph":[{"@type":"Article","@id":"https:\/\/rioonwatch.org.br\/?p=15021#article","isPartOf":{"@id":"https:\/\/rioonwatch.org.br\/?p=15021"},"author":{"name":"Nicole Froio","@id":"https:\/\/rioonwatch.org.br\/#\/schema\/person\/e07d559fe2154d11fd3ec515e35695ee"},"headline":"ESPOCC Lan\u00e7a Curso de Publicidade Afirmativa na Mar\u00e9","datePublished":"2015-08-03T13:17:50+00:00","dateModified":"2015-08-13T01:30:09+00:00","mainEntityOfPage":{"@id":"https:\/\/rioonwatch.org.br\/?p=15021"},"wordCount":745,"publisher":{"@id":"https:\/\/rioonwatch.org.br\/#organization"},"image":{"@id":"https:\/\/rioonwatch.org.br\/?p=15021#primaryimage"},"thumbnailUrl":"https:\/\/rioonwatch.org.br\/wp-content\/uploads\/2015\/07\/Inagural-class-of-ESPOCC-2015-2016-620x264.jpg","keywords":["#StopFavelaStigma","capacita\u00e7\u00e3o","Complexo da Mar\u00e9","Comunica\u00e7\u00e3o Comunit\u00e1ria","educa\u00e7\u00e3o","Espocc","juventude","Observat\u00f3rio de Favelas","Zona Norte"],"articleSection":["Solu\u00e7\u00f5es"],"inLanguage":"pt-BR"},{"@type":"WebPage","@id":"https:\/\/rioonwatch.org.br\/?p=15021","url":"https:\/\/rioonwatch.org.br\/?p=15021","name":"ESPOCC Lan\u00e7a Curso de Publicidade Afirmativa na Mar\u00e9 - RioOnWatch","isPartOf":{"@id":"https:\/\/rioonwatch.org.br\/#website"},"primaryImageOfPage":{"@id":"https:\/\/rioonwatch.org.br\/?p=15021#primaryimage"},"image":{"@id":"https:\/\/rioonwatch.org.br\/?p=15021#primaryimage"},"thumbnailUrl":"https:\/\/rioonwatch.org.br\/wp-content\/uploads\/2015\/07\/Inagural-class-of-ESPOCC-2015-2016-620x264.jpg","datePublished":"2015-08-03T13:17:50+00:00","dateModified":"2015-08-13T01:30:09+00:00","breadcrumb":{"@id":"https:\/\/rioonwatch.org.br\/?p=15021#breadcrumb"},"inLanguage":"pt-BR","potentialAction":[{"@type":"ReadAction","target":["https:\/\/rioonwatch.org.br\/?p=15021"]}]},{"@type":"ImageObject","inLanguage":"pt-BR","@id":"https:\/\/rioonwatch.org.br\/?p=15021#primaryimage","url":"https:\/\/rioonwatch.org.br\/wp-content\/uploads\/2015\/07\/Inagural-class-of-ESPOCC-2015-2016-620x264.jpg","contentUrl":"https:\/\/rioonwatch.org.br\/wp-content\/uploads\/2015\/07\/Inagural-class-of-ESPOCC-2015-2016-620x264.jpg","width":620,"height":264},{"@type":"BreadcrumbList","@id":"https:\/\/rioonwatch.org.br\/?p=15021#breadcrumb","itemListElement":[{"@type":"ListItem","position":1,"name":"In\u00edcio","item":"https:\/\/rioonwatch.org.br\/"},{"@type":"ListItem","position":2,"name":"ESPOCC Lan\u00e7a Curso de Publicidade Afirmativa na Mar\u00e9"}]},{"@type":"WebSite","@id":"https:\/\/rioonwatch.org.br\/#website","url":"https:\/\/rioonwatch.org.br\/","name":"RioOnWatch","description":"relatos das favelas cariocas","publisher":{"@id":"https:\/\/rioonwatch.org.br\/#organization"},"potentialAction":[{"@type":"SearchAction","target":{"@type":"EntryPoint","urlTemplate":"https:\/\/rioonwatch.org.br\/?s={search_term_string}"},"query-input":{"@type":"PropertyValueSpecification","valueRequired":true,"valueName":"search_term_string"}}],"inLanguage":"pt-BR"},{"@type":"Organization","@id":"https:\/\/rioonwatch.org.br\/#organization","name":"RioOnWatch","url":"https:\/\/rioonwatch.org.br\/","logo":{"@type":"ImageObject","inLanguage":"pt-BR","@id":"https:\/\/rioonwatch.org.br\/#\/schema\/logo\/image\/","url":"https:\/\/rioonwatch.org.br\/wp-content\/uploads\/2021\/06\/RioOnWatchcabecalhoPT11anos-2.png","contentUrl":"https:\/\/rioonwatch.org.br\/wp-content\/uploads\/2021\/06\/RioOnWatchcabecalhoPT11anos-2.png","width":779,"height":277,"caption":"RioOnWatch"},"image":{"@id":"https:\/\/rioonwatch.org.br\/#\/schema\/logo\/image\/"}},{"@type":"Person","@id":"https:\/\/rioonwatch.org.br\/#\/schema\/person\/e07d559fe2154d11fd3ec515e35695ee","name":"Nicole Froio","image":{"@type":"ImageObject","inLanguage":"pt-BR","@id":"https:\/\/rioonwatch.org.br\/#\/schema\/person\/image\/","url":"https:\/\/secure.gravatar.com\/avatar\/0acdbd6878ca0ac29aa5ce6c6119d636?s=96&d=blank&r=g","contentUrl":"https:\/\/secure.gravatar.com\/avatar\/0acdbd6878ca0ac29aa5ce6c6119d636?s=96&d=blank&r=g","caption":"Nicole Froio"},"url":"https:\/\/rioonwatch.org.br\/?author=137"}]}},"_links":{"self":[{"href":"https:\/\/rioonwatch.org.br\/index.php?rest_route=\/wp\/v2\/posts\/15021"}],"collection":[{"href":"https:\/\/rioonwatch.org.br\/index.php?rest_route=\/wp\/v2\/posts"}],"about":[{"href":"https:\/\/rioonwatch.org.br\/index.php?rest_route=\/wp\/v2\/types\/post"}],"author":[{"embeddable":true,"href":"https:\/\/rioonwatch.org.br\/index.php?rest_route=\/wp\/v2\/users\/137"}],"replies":[{"embeddable":true,"href":"https:\/\/rioonwatch.org.br\/index.php?rest_route=%2Fwp%2Fv2%2Fcomments&post=15021"}],"version-history":[{"count":17,"href":"https:\/\/rioonwatch.org.br\/index.php?rest_route=\/wp\/v2\/posts\/15021\/revisions"}],"predecessor-version":[{"id":15161,"href":"https:\/\/rioonwatch.org.br\/index.php?rest_route=\/wp\/v2\/posts\/15021\/revisions\/15161"}],"wp:featuredmedia":[{"embeddable":true,"href":"https:\/\/rioonwatch.org.br\/index.php?rest_route=\/wp\/v2\/media\/15038"}],"wp:attachment":[{"href":"https:\/\/rioonwatch.org.br\/index.php?rest_route=%2Fwp%2Fv2%2Fmedia&parent=15021"}],"wp:term":[{"taxonomy":"category","embeddable":true,"href":"https:\/\/rioonwatch.org.br\/index.php?rest_route=%2Fwp%2Fv2%2Fcategories&post=15021"},{"taxonomy":"post_tag","embeddable":true,"href":"https:\/\/rioonwatch.org.br\/index.php?rest_route=%2Fwp%2Fv2%2Ftags&post=15021"},{"taxonomy":"writer","embeddable":true,"href":"https:\/\/rioonwatch.org.br\/index.php?rest_route=%2Fwp%2Fv2%2Fwriter&post=15021"},{"taxonomy":"translator","embeddable":true,"href":"https:\/\/rioonwatch.org.br\/index.php?rest_route=%2Fwp%2Fv2%2Ftranslator&post=15021"},{"taxonomy":"source","embeddable":true,"href":"https:\/\/rioonwatch.org.br\/index.php?rest_route=%2Fwp%2Fv2%2Fsource&post=15021"},{"taxonomy":"ilustrador","embeddable":true,"href":"https:\/\/rioonwatch.org.br\/index.php?rest_route=%2Fwp%2Fv2%2Filustrador&post=15021"},{"taxonomy":"fotografo","embeddable":true,"href":"https:\/\/rioonwatch.org.br\/index.php?rest_route=%2Fwp%2Fv2%2Ffotografo&post=15021"}],"curies":[{"name":"wp","href":"https:\/\/api.w.org\/{rel}","templated":true}]}}