{"id":15043,"date":"2015-08-10T09:00:48","date_gmt":"2015-08-10T12:00:48","guid":{"rendered":"http:\/\/rioonwatch.org.br\/?p=15043"},"modified":"2020-10-31T16:42:13","modified_gmt":"2020-10-31T19:42:13","slug":"ultima-reuniao-participativa-na-area-portuaria-discute-o-aluguel-social-como-solucao-para-a-crise-habitacional","status":"publish","type":"post","link":"https:\/\/rioonwatch.org.br\/?p=15043","title":{"rendered":"\u00daltima Reuni\u00e3o Participativa na \u00c1rea Portu\u00e1ria Discute Loca\u00e7\u00e3o Social como Solu\u00e7\u00e3o para Habita\u00e7\u00e3o"},"content":{"rendered":"<p style=\"text-align: right;\"><em><strong><a href=\"https:\/\/bit.ly\/2TINtDy\" target=\"_blank\" rel=\"noopener noreferrer\">Click Here for English<\/a><a href=\"https:\/\/bit.ly\/2TINtDy\" target=\"_blank\" rel=\"noopener noreferrer\"><img decoding=\"async\" width=\"20\" height=\"20\" class=\"alignright wp-image-15790\" src=\"https:\/\/rioonwatch.org.br\/wp-content\/uploads\/2012\/08\/EN-standard-e1439583104716.jpg\" \/><\/a><\/strong><\/em><\/p>\n<p>Quinta-feira, 9 de julho, a Companhia de Desenvolvimento Urbano da Regi\u00e3o do Porto do Rio de Janeiro (CDURP) realizou o \u00faltimo encontro de uma <a href=\"http:\/\/bit.ly\/1MLiE7L\" target=\"_blank\" rel=\"noopener noreferrer\">s\u00e9rie<\/a> de encontros semanais, com a tem\u00e1tica sobre a elabora\u00e7\u00e3o de um plano de <a href=\"http:\/\/bit.ly\/11akTLK\" target=\"_blank\" rel=\"noopener noreferrer\">habita\u00e7\u00e3o popular<\/a>\u00a0para a <a href=\"http:\/\/bit.ly\/1cVBDvL\" target=\"_blank\" rel=\"noopener noreferrer\">regi\u00e3o do Porto<\/a> do Rio de Janeiro.<\/p>\n<p>O primeiro encontro da s\u00e9rie aconteceu no dia 10 de junho e foi organizado pela <a href=\"http:\/\/bit.ly\/O1FJbG\" target=\"_blank\" rel=\"noopener noreferrer\">Secretaria Municipal de Habita\u00e7\u00e3o<\/a> (SMH). Nas semanas seguintes, um grupo de moradores da regi\u00e3o do Porto, movimentos sociais, acad\u00eamicos e jornalistas participaram de encontros liderados por Aberto Silva, presidente do CDURP, para discutir a <a href=\"http:\/\/bit.ly\/1UXCal4\" target=\"_blank\" rel=\"noopener noreferrer\">demografia da \u00e1rea<\/a> e as necessidades da\u00ed decorrentes, as melhorias das condi\u00e7\u00f5es de vida, e finalmente, em 9 de julho, o conceito de\u00a0<a href=\"http:\/\/bit.ly\/UBbISE\" target=\"_blank\" rel=\"noopener noreferrer\">aluguel social<\/a>. Todos\u00a0os encontros tiveram como objetivo atender as necessidades dos moradores atuais da \u00e1rea, e em seguida as necessidades das pessoas que querem mudar para a \u00e1rea a fim de estarem mais pr\u00f3ximas de seus trabalhos.<\/p>\n<p class=\"p1\">Ap\u00f3s a introdu\u00e7\u00e3o, o Professor Orlando Santos Junior e Mariana Werneck, ambos do Observat\u00f3rio das Metr\u00f3poles, um grupo de pesquisa da UFRJ, fizeram uma pequena <a href=\"http:\/\/bit.ly\/1HzMQza\" target=\"_blank\" rel=\"noopener noreferrer\">apresenta\u00e7\u00e3o<\/a> a respeito do <a href=\"http:\/\/bit.ly\/UBbISE\" target=\"_blank\" rel=\"noopener noreferrer\">aluguel social<\/a>. O conceito \u00e9 relativamente novo para os brasileiros, com S\u00e3o Paulo sendo a \u00fanica cidade brasileira na qual tal a\u00e7\u00e3o foi implementada de modo mais extensivo. O professor come\u00e7ou relembrando ao p\u00fablico que &#8220;existe uma legisla\u00e7\u00e3o internacional assim como nacional reafirmando que todas as pessoas t\u00eam <a href=\"http:\/\/bit.ly\/1g73xCv\" target=\"_blank\" rel=\"noopener noreferrer\">direito a moradia<\/a>. \u00c9 t\u00e3o fundamental como o direito de viver. E \u00e9 a partir dessa concep\u00e7\u00e3o que n\u00f3s podemos observar as v\u00e1rias experi\u00eancias nacionais e internacionais a respeito do aluguel social&#8221;.<\/p>\n<p class=\"p1\"><img fetchpriority=\"high\" decoding=\"async\" class=\"aligncenter size-full wp-image-15055\" title=\"A moradora da Sa\u00fade, Ana, pede que o foco esteja nos moradores atuais da \u00e1rea do Porto\" src=\"http:\/\/rioonwatch.org.br\/wp-content\/uploads\/2015\/08\/PHIS5_Ana-e1438572239639.jpg\" alt=\"\" width=\"620\" height=\"465\" srcset=\"https:\/\/rioonwatch.org.br\/wp-content\/uploads\/2015\/08\/PHIS5_Ana-e1438572239639.jpg 620w, https:\/\/rioonwatch.org.br\/wp-content\/uploads\/2015\/08\/PHIS5_Ana-e1438572239639-352x264.jpg 352w, https:\/\/rioonwatch.org.br\/wp-content\/uploads\/2015\/08\/PHIS5_Ana-e1438572239639-174x131.jpg 174w, https:\/\/rioonwatch.org.br\/wp-content\/uploads\/2015\/08\/PHIS5_Ana-e1438572239639-300x225.jpg 300w, https:\/\/rioonwatch.org.br\/wp-content\/uploads\/2015\/08\/PHIS5_Ana-e1438572239639-70x53.jpg 70w\" sizes=\"(max-width: 620px) 100vw, 620px\" \/><\/p>\n<p>A Secretaria de Assist\u00eancia Social e de Direitos Humanos do Rio de Janeiro (SEASDH) <a href=\"http:\/\/bit.ly\/1DqhHu4\" target=\"_blank\" rel=\"noopener noreferrer\">define aluguel social como uma solu\u00e7\u00e3o tempor\u00e1ria<\/a>, ben\u00e9fica para fam\u00edlias que foram afetadas por cat\u00e1strofes e <a href=\"http:\/\/bit.ly\/1jn5t06\" target=\"_blank\" rel=\"noopener noreferrer\">desastres<\/a>, como nos muitos casos de munic\u00edpios na Regi\u00e3o Serrana, al\u00e9m de <a href=\"http:\/\/bit.ly\/1xpT8yS\" target=\"_blank\" rel=\"noopener noreferrer\">Niter\u00f3i<\/a> e S\u00e3o Gon\u00e7alo, afetados pelas chuvas fortes em 2013.\u00a0O aluguel social tem sido usado quando comunidades s\u00e3o removidas devido a implementa\u00e7\u00e3o de\u00a0projetos de revitaliza\u00e7\u00e3o urbana, incluindo casos no\u00a0<a href=\"http:\/\/bit.ly\/U0MiGm\" target=\"_blank\" rel=\"noopener noreferrer\">Complexo do Alem\u00e3o<\/a>, <a href=\"http:\/\/bit.ly\/ZC9b6z\" target=\"_blank\" rel=\"noopener noreferrer\">Manguinhos<\/a> e <a href=\"http:\/\/bit.ly\/11x89ZX\" target=\"_blank\" rel=\"noopener noreferrer\">Pav\u00e3o-Pav\u00e3ozinho<\/a>, os quais receberam os projetos do\u00a0<a href=\"http:\/\/bit.ly\/NnSmIP\" target=\"_blank\" rel=\"noopener noreferrer\">PAC<\/a>.<\/p>\n<p>De janeiro a abril de 2015, mais de 12.000 fam\u00edlias no estado do Rio de Janeiro receberam aluguel social do SEASDH, com o valor mensal variando entre R$400 e R$500.<\/p>\n<p class=\"p1\">Orlando Santos Junior sugeriu: \u201cO aluguel social tamb\u00e9m poderia ser utilizado como uma solu\u00e7\u00e3o permanente para moradia, garantindo o direito a\u00a0moradia sem a necessidade da propriedade. Neste caso, a pessoa tem acesso a moradia p\u00fablica ou coletiva, paga uma taxa para manuten\u00e7\u00e3o, e t\u00eam plenos direitos de moradia&#8221;. [Para diferenciar a solu\u00e7\u00e3o tempor\u00e1ria a solu\u00e7\u00e3o permanente, usaremos o termo &#8216;loca\u00e7\u00e3o social&#8217; para a proposta de um subs\u00eddio de aluguel permanente.]<\/p>\n<p>Ele ofereceu\u00a0uma s\u00e9rie de estudos de caso de loca\u00e7\u00e3o\u00a0social em v\u00e1rios pa\u00edses europeus, onde as pol\u00edticas de habita\u00e7\u00e3o\u00a0social variam de ofertas em complexos de habita\u00e7\u00e3o p\u00fablica&#8211;os quais podem ser tanto p\u00fablicas como pertencentes a agentes creditados (geralmente sem fins lucrativos)&#8211;at\u00e9 a distribui\u00e7\u00e3o de subs\u00eddios que permitam aos moradores alugarem no mercado privado. Neste caso, o direito de receber tais subs\u00eddios est\u00e1 ligado a uma certa situa\u00e7\u00e3o social, tal como desemprego ou baixa renda.\u00a0\u201c<span style=\"font-family: inherit;\">A principal diferen\u00e7a entre Europa e Brasil&#8221;, diz Orlando Santos Junior, \u201c\u00e9 o fato de que a propriedade privada na Europa, sem incluir os pa\u00edses do leste europeu, est\u00e1 em decl\u00ednio, com somente 56% das moradias sendo privadas, enquanto no Brasil as pessoas ainda vivem com a mentalidade que prega que ter uma moradia pr\u00f3pria \u00e9 um objetivo fundamental da vida&#8221;.<\/span><\/p>\n<p>Mariana Werneck prosseguiu apresentando o caso de S\u00e3o Paulo, onde um programa de aluguel social composto de cinco projetos foi lan\u00e7ado em 2002. De acordo com os pesquisadores, o sucesso do programa se deu &#8220;em grande parte devido a sua pequena escala assim como uma certa forma de <a href=\"http:\/\/bit.ly\/14P8gmB\" target=\"_blank\" rel=\"noopener noreferrer\">participa\u00e7\u00e3o<\/a> no processo de gest\u00e3o do projeto, tanto que a constru\u00e7\u00e3o do projeto acabou sendo <a href=\"http:\/\/bit.ly\/1qq2Puz\" target=\"_blank\" rel=\"noopener noreferrer\">ajustada para as necessidades espec\u00edficas<\/a> do grupo&#8221;. Aldair, da Central de Movimentos Populares (CMP), destacou este elemento do programa, sublinhando a <a href=\"http:\/\/bit.ly\/19kjZ0Z\" target=\"_blank\" rel=\"noopener noreferrer\">import\u00e2ncia da correspond\u00eancia<\/a> do programa com \u201co perfil das pessoas que t\u00eam o direito de adquirir o aluguel social&#8221;.<br \/>\n<img decoding=\"async\" class=\"aligncenter size-full wp-image-15056\" title=\"Complexo de aluguel social, Vila dos Idosos em S\u00e3o Paulo\" src=\"http:\/\/rioonwatch.org.br\/wp-content\/uploads\/2015\/08\/Vila-dos-idosos-SP-resized-e1438572317467.jpg\" alt=\"\" width=\"620\" height=\"465\" srcset=\"https:\/\/rioonwatch.org.br\/wp-content\/uploads\/2015\/08\/Vila-dos-idosos-SP-resized-e1438572317467.jpg 620w, https:\/\/rioonwatch.org.br\/wp-content\/uploads\/2015\/08\/Vila-dos-idosos-SP-resized-e1438572317467-352x264.jpg 352w, https:\/\/rioonwatch.org.br\/wp-content\/uploads\/2015\/08\/Vila-dos-idosos-SP-resized-e1438572317467-174x131.jpg 174w, https:\/\/rioonwatch.org.br\/wp-content\/uploads\/2015\/08\/Vila-dos-idosos-SP-resized-e1438572317467-300x225.jpg 300w, https:\/\/rioonwatch.org.br\/wp-content\/uploads\/2015\/08\/Vila-dos-idosos-SP-resized-e1438572317467-70x53.jpg 70w\" sizes=\"(max-width: 620px) 100vw, 620px\" \/><\/p>\n<p>De acordo com Alberto Silva, a loca\u00e7\u00e3o social \u00e9 \u201cum instrumento de <a href=\"http:\/\/bit.ly\/11tBtBo\" target=\"_blank\" rel=\"noopener noreferrer\">regula\u00e7\u00e3o dos pre\u00e7os dos alugueis<\/a>, neste caso, na \u00e1rea central do Rio de Janeiro, torna dispon\u00edvel um estoque de moradia, representando uma alternativa para as fam\u00edlias que vivem na \u00e1rea central, perto de seus trabalhos&#8221;.\u00a0No caso da \u00e1rea portu\u00e1ria, a prioridade para moradia acess\u00edvel seria dada aos moradores do Porto dentro da \u00c1rea de Interesse Especial Urban\u00edstico Porto Maravilha (AIEU \u2013 Porto Maravilha). A loca\u00e7\u00e3o social encorajaria uma renova\u00e7\u00e3o urbana focada em moradia, aumentando a densidade de pr\u00e9dios na \u00e1rea.<\/p>\n<p class=\"p1\">A ideia a respeito da loca\u00e7\u00e3o social foi bem recebida pelo p\u00fablico. Alguns participantes, embora, criticaram o fato que o plano discutido parece n\u00e3o considerar outros fatores que s\u00e3o cruciais e necess\u00e1rios para a subsist\u00eancia, al\u00e9m da moradia. Muitas pessoas apontaram a falta de\u00a0<a href=\"http:\/\/bit.ly\/1acNApR\" target=\"_blank\" rel=\"noopener noreferrer\">institui\u00e7\u00f5es educacionais<\/a>, supermercados e feiras livres na \u00e1rea e insistiram que a prioridade deveria ser <a href=\"http:\/\/bit.ly\/1P4KCe6\" target=\"_blank\" rel=\"noopener noreferrer\">construir para as pessoas que moram ali<\/a>, mais do que construir novos museus e feiras descoladas para atrair turistas e cariocas da Zona Sul.\u00a0\u00c9 tudo\u00a0<a href=\"http:\/\/bit.ly\/1FM0mN6\" target=\"_blank\" rel=\"noopener noreferrer\">maquiagem<\/a>\u201d, diz Ana, moradora do Bairro da Sa\u00fade, na \u00e1rea do porto.<\/p>\n<p>A primeira vers\u00e3o completa do plano participativo ser\u00e1 apresentada ao final do \u00faltimo encontro desta s\u00e9rie de encontros que ser\u00e1 realizado nas pr\u00f3ximas semanas. O documento ent\u00e3o ser\u00e1 enviado ao Conselho Gestor do Fundo Municipal de Habita\u00e7\u00e3o de Interesse Social. Felipe Nin da <a href=\"http:\/\/bit.ly\/ndhAsW\" target=\"_blank\" rel=\"noopener noreferrer\">Funda\u00e7\u00e3o Bento Rubi\u00e3o<\/a>, no entanto, est\u00e1 preocupado com os pr\u00f3ximos passos, e disse: &#8220;Est\u00e1 previsto que a popula\u00e7\u00e3o possa acompanhar\u00e1 a execu\u00e7\u00e3o do plano? Estas\u00a0reuni\u00f5es n\u00e3o devem acabar aqui. Precisamos seguir os exemplos apresentados pelo\u00a0<a href=\"http:\/\/bit.ly\/1HNHX2x\" target=\"_blank\" rel=\"noopener noreferrer\">Observat\u00f3rio das Metr\u00f3poles<\/a>\u00a0onde as\u00a0reuni\u00f5es participativas s\u00e3o parte de um rotina, e precisamos ter a possibilidade de seguir <a href=\"http:\/\/bit.ly\/1RiMja6\" target=\"_blank\" rel=\"noopener noreferrer\">todo o processo at\u00e9 ao fim<\/a>&#8220;.<\/p>\n<!-- AddThis Advanced Settings generic via filter on the_content --><!-- AddThis Share Buttons generic via filter on the_content -->","protected":false},"excerpt":{"rendered":"<div class=\"mh-excerpt\"><p>Click Here for English Quinta-feira, 9 de julho, a Companhia de Desenvolvimento Urbano da Regi\u00e3o do Porto do Rio de Janeiro (CDURP) realizou o \u00faltimo encontro de uma s\u00e9rie de encontros semanais, com a tem\u00e1tica <a class=\"mh-excerpt-more\" href=\"https:\/\/rioonwatch.org.br\/?p=15043\" title=\"\u00daltima Reuni\u00e3o Participativa na \u00c1rea Portu\u00e1ria Discute Loca\u00e7\u00e3o Social como Solu\u00e7\u00e3o para Habita\u00e7\u00e3o\">[&#8230;]<\/a><!-- AddThis Advanced Settings generic via filter on get_the_excerpt --><!-- AddThis Share Buttons generic via filter on get_the_excerpt --><\/p>\n<\/div>","protected":false},"author":129,"featured_media":15053,"comment_status":"closed","ping_status":"closed","sticky":false,"template":"","format":"standard","meta":{"_acf_changed":false,"_monsterinsights_skip_tracking":false,"_monsterinsights_sitenote_active":false,"_monsterinsights_sitenote_note":"","_monsterinsights_sitenote_category":0,"footnotes":""},"categories":[1618,1635,344,342],"tags":[17,1568,259,759,1386,709,909,1037,304,838,433,1134,494,258,1347],"writer":[1571],"translator":[452],"source":[],"ilustrador":[],"fotografo":[],"class_list":{"0":"post-15043","1":"post","2":"type-post","3":"status-publish","4":"format-standard","5":"has-post-thumbnail","7":"category-olhonaparticipacao","8":"category-1635","9":"category-politicas","10":"category-solucoes","11":"tag-aluguel-social","12":"tag-cdurp","13":"tag-centro","14":"tag-comparacao-internacional","15":"tag-critica-a-politica","16":"tag-debate","17":"tag-habitacao-acessivel","18":"tag-moradia","19":"tag-participacao","20":"tag-politica-publica","21":"tag-porto-maravilha","22":"tag-recomendacoes-politicas","23":"tag-regiao-do-porto","24":"tag-smh","25":"tag-solucao","26":"writer-katja-majcen","27":"translator-tammy-senra"},"acf":[],"yoast_head":"<!-- This site is optimized with the Yoast SEO plugin v25.6 - https:\/\/yoast.com\/wordpress\/plugins\/seo\/ -->\n<title>\u00daltima Reuni\u00e3o Participativa na \u00c1rea Portu\u00e1ria Discute Loca\u00e7\u00e3o Social como Solu\u00e7\u00e3o para Habita\u00e7\u00e3o - RioOnWatch<\/title>\n<meta name=\"robots\" content=\"index, follow, max-snippet:-1, max-image-preview:large, max-video-preview:-1\" \/>\n<link rel=\"canonical\" href=\"https:\/\/rioonwatch.org.br\/?p=15043\" \/>\n<meta property=\"og:locale\" content=\"pt_BR\" \/>\n<meta property=\"og:type\" content=\"article\" \/>\n<meta property=\"og:title\" content=\"\u00daltima Reuni\u00e3o Participativa na \u00c1rea Portu\u00e1ria Discute Loca\u00e7\u00e3o Social como Solu\u00e7\u00e3o para Habita\u00e7\u00e3o - RioOnWatch\" \/>\n<meta property=\"og:description\" content=\"Click Here for English Quinta-feira, 9 de julho, a Companhia de Desenvolvimento Urbano da Regi\u00e3o do Porto do Rio de Janeiro (CDURP) realizou o \u00faltimo encontro de uma s\u00e9rie de encontros semanais, com a tem\u00e1tica [...]\" \/>\n<meta property=\"og:url\" content=\"https:\/\/rioonwatch.org.br\/?p=15043\" \/>\n<meta property=\"og:site_name\" content=\"RioOnWatch\" \/>\n<meta property=\"article:published_time\" content=\"2015-08-10T12:00:48+00:00\" \/>\n<meta property=\"article:modified_time\" content=\"2020-10-31T19:42:13+00:00\" \/>\n<meta property=\"og:image\" content=\"https:\/\/rioonwatch.org.br\/wp-content\/uploads\/2015\/08\/porto_maravilha_rendering-e1438572117584.jpg\" \/>\n\t<meta property=\"og:image:width\" content=\"620\" \/>\n\t<meta property=\"og:image:height\" content=\"297\" \/>\n\t<meta property=\"og:image:type\" content=\"image\/jpeg\" \/>\n<meta name=\"author\" content=\"Admin\" \/>\n<meta name=\"twitter:card\" content=\"summary_large_image\" \/>\n<meta name=\"twitter:label1\" content=\"Escrito por\" \/>\n\t<meta name=\"twitter:data1\" content=\"Admin\" \/>\n\t<meta name=\"twitter:label2\" content=\"Est. tempo de leitura\" \/>\n\t<meta name=\"twitter:data2\" content=\"5 minutos\" \/>\n<script type=\"application\/ld+json\" class=\"yoast-schema-graph\">{\"@context\":\"https:\/\/schema.org\",\"@graph\":[{\"@type\":\"Article\",\"@id\":\"https:\/\/rioonwatch.org.br\/?p=15043#article\",\"isPartOf\":{\"@id\":\"https:\/\/rioonwatch.org.br\/?p=15043\"},\"author\":{\"name\":\"Admin\",\"@id\":\"https:\/\/rioonwatch.org.br\/#\/schema\/person\/11d64c290506f9df50c71b850c473f68\"},\"headline\":\"\u00daltima Reuni\u00e3o Participativa na \u00c1rea Portu\u00e1ria Discute Loca\u00e7\u00e3o Social como Solu\u00e7\u00e3o para Habita\u00e7\u00e3o\",\"datePublished\":\"2015-08-10T12:00:48+00:00\",\"dateModified\":\"2020-10-31T19:42:13+00:00\",\"mainEntityOfPage\":{\"@id\":\"https:\/\/rioonwatch.org.br\/?p=15043\"},\"wordCount\":1115,\"publisher\":{\"@id\":\"https:\/\/rioonwatch.org.br\/#organization\"},\"image\":{\"@id\":\"https:\/\/rioonwatch.org.br\/?p=15043#primaryimage\"},\"thumbnailUrl\":\"https:\/\/rioonwatch.org.br\/wp-content\/uploads\/2015\/08\/porto_maravilha_rendering-e1438572117584.jpg\",\"keywords\":[\"Aluguel social\",\"CDURP\",\"Centro\",\"compara\u00e7\u00e3o internacional\",\"cr\u00edtica \u00e0 pol\u00edtica\",\"debate\",\"habita\u00e7\u00e3o acess\u00edvel\",\"moradia\",\"participa\u00e7\u00e3o\",\"pol\u00edtica p\u00fablica\",\"Porto Maravilha\",\"recomenda\u00e7\u00f5es pol\u00edticas\",\"Regi\u00e3o do Porto\",\"Secretaria Municipal de Habita\u00e7\u00e3o (SMH)\",\"solu\u00e7\u00e3o\"],\"articleSection\":[\"#OlhoNaParticipa\u00e7\u00e3o\",\"#Rio2016\",\"Pol\u00edticas\",\"Solu\u00e7\u00f5es\"],\"inLanguage\":\"pt-BR\"},{\"@type\":\"WebPage\",\"@id\":\"https:\/\/rioonwatch.org.br\/?p=15043\",\"url\":\"https:\/\/rioonwatch.org.br\/?p=15043\",\"name\":\"\u00daltima Reuni\u00e3o Participativa na \u00c1rea Portu\u00e1ria Discute Loca\u00e7\u00e3o Social como Solu\u00e7\u00e3o para Habita\u00e7\u00e3o - RioOnWatch\",\"isPartOf\":{\"@id\":\"https:\/\/rioonwatch.org.br\/#website\"},\"primaryImageOfPage\":{\"@id\":\"https:\/\/rioonwatch.org.br\/?p=15043#primaryimage\"},\"image\":{\"@id\":\"https:\/\/rioonwatch.org.br\/?p=15043#primaryimage\"},\"thumbnailUrl\":\"https:\/\/rioonwatch.org.br\/wp-content\/uploads\/2015\/08\/porto_maravilha_rendering-e1438572117584.jpg\",\"datePublished\":\"2015-08-10T12:00:48+00:00\",\"dateModified\":\"2020-10-31T19:42:13+00:00\",\"breadcrumb\":{\"@id\":\"https:\/\/rioonwatch.org.br\/?p=15043#breadcrumb\"},\"inLanguage\":\"pt-BR\",\"potentialAction\":[{\"@type\":\"ReadAction\",\"target\":[\"https:\/\/rioonwatch.org.br\/?p=15043\"]}]},{\"@type\":\"ImageObject\",\"inLanguage\":\"pt-BR\",\"@id\":\"https:\/\/rioonwatch.org.br\/?p=15043#primaryimage\",\"url\":\"https:\/\/rioonwatch.org.br\/wp-content\/uploads\/2015\/08\/porto_maravilha_rendering-e1438572117584.jpg\",\"contentUrl\":\"https:\/\/rioonwatch.org.br\/wp-content\/uploads\/2015\/08\/porto_maravilha_rendering-e1438572117584.jpg\",\"width\":620,\"height\":297},{\"@type\":\"BreadcrumbList\",\"@id\":\"https:\/\/rioonwatch.org.br\/?p=15043#breadcrumb\",\"itemListElement\":[{\"@type\":\"ListItem\",\"position\":1,\"name\":\"In\u00edcio\",\"item\":\"https:\/\/rioonwatch.org.br\/\"},{\"@type\":\"ListItem\",\"position\":2,\"name\":\"\u00daltima Reuni\u00e3o Participativa na \u00c1rea Portu\u00e1ria Discute Loca\u00e7\u00e3o Social como Solu\u00e7\u00e3o para Habita\u00e7\u00e3o\"}]},{\"@type\":\"WebSite\",\"@id\":\"https:\/\/rioonwatch.org.br\/#website\",\"url\":\"https:\/\/rioonwatch.org.br\/\",\"name\":\"RioOnWatch\",\"description\":\"relatos das favelas cariocas\",\"publisher\":{\"@id\":\"https:\/\/rioonwatch.org.br\/#organization\"},\"potentialAction\":[{\"@type\":\"SearchAction\",\"target\":{\"@type\":\"EntryPoint\",\"urlTemplate\":\"https:\/\/rioonwatch.org.br\/?s={search_term_string}\"},\"query-input\":{\"@type\":\"PropertyValueSpecification\",\"valueRequired\":true,\"valueName\":\"search_term_string\"}}],\"inLanguage\":\"pt-BR\"},{\"@type\":\"Organization\",\"@id\":\"https:\/\/rioonwatch.org.br\/#organization\",\"name\":\"RioOnWatch\",\"url\":\"https:\/\/rioonwatch.org.br\/\",\"logo\":{\"@type\":\"ImageObject\",\"inLanguage\":\"pt-BR\",\"@id\":\"https:\/\/rioonwatch.org.br\/#\/schema\/logo\/image\/\",\"url\":\"https:\/\/rioonwatch.org.br\/wp-content\/uploads\/2021\/06\/RioOnWatchcabecalhoPT11anos-2.png\",\"contentUrl\":\"https:\/\/rioonwatch.org.br\/wp-content\/uploads\/2021\/06\/RioOnWatchcabecalhoPT11anos-2.png\",\"width\":779,\"height\":277,\"caption\":\"RioOnWatch\"},\"image\":{\"@id\":\"https:\/\/rioonwatch.org.br\/#\/schema\/logo\/image\/\"}},{\"@type\":\"Person\",\"@id\":\"https:\/\/rioonwatch.org.br\/#\/schema\/person\/11d64c290506f9df50c71b850c473f68\",\"name\":\"Admin\",\"image\":{\"@type\":\"ImageObject\",\"inLanguage\":\"pt-BR\",\"@id\":\"https:\/\/rioonwatch.org.br\/#\/schema\/person\/image\/\",\"url\":\"https:\/\/secure.gravatar.com\/avatar\/56211ac74568383903349a1485e3c325?s=96&d=blank&r=g\",\"contentUrl\":\"https:\/\/secure.gravatar.com\/avatar\/56211ac74568383903349a1485e3c325?s=96&d=blank&r=g\",\"caption\":\"Admin\"},\"url\":\"https:\/\/rioonwatch.org.br\/?author=129\"}]}<\/script>\n<!-- \/ Yoast SEO plugin. -->","yoast_head_json":{"title":"\u00daltima Reuni\u00e3o Participativa na \u00c1rea Portu\u00e1ria Discute Loca\u00e7\u00e3o Social como Solu\u00e7\u00e3o para Habita\u00e7\u00e3o - RioOnWatch","robots":{"index":"index","follow":"follow","max-snippet":"max-snippet:-1","max-image-preview":"max-image-preview:large","max-video-preview":"max-video-preview:-1"},"canonical":"https:\/\/rioonwatch.org.br\/?p=15043","og_locale":"pt_BR","og_type":"article","og_title":"\u00daltima Reuni\u00e3o Participativa na \u00c1rea Portu\u00e1ria Discute Loca\u00e7\u00e3o Social como Solu\u00e7\u00e3o para Habita\u00e7\u00e3o - RioOnWatch","og_description":"Click Here for English Quinta-feira, 9 de julho, a Companhia de Desenvolvimento Urbano da Regi\u00e3o do Porto do Rio de Janeiro (CDURP) realizou o \u00faltimo encontro de uma s\u00e9rie de encontros semanais, com a tem\u00e1tica [...]","og_url":"https:\/\/rioonwatch.org.br\/?p=15043","og_site_name":"RioOnWatch","article_published_time":"2015-08-10T12:00:48+00:00","article_modified_time":"2020-10-31T19:42:13+00:00","og_image":[{"width":620,"height":297,"url":"https:\/\/rioonwatch.org.br\/wp-content\/uploads\/2015\/08\/porto_maravilha_rendering-e1438572117584.jpg","type":"image\/jpeg"}],"author":"Admin","twitter_card":"summary_large_image","twitter_misc":{"Escrito por":"Admin","Est. tempo de leitura":"5 minutos"},"schema":{"@context":"https:\/\/schema.org","@graph":[{"@type":"Article","@id":"https:\/\/rioonwatch.org.br\/?p=15043#article","isPartOf":{"@id":"https:\/\/rioonwatch.org.br\/?p=15043"},"author":{"name":"Admin","@id":"https:\/\/rioonwatch.org.br\/#\/schema\/person\/11d64c290506f9df50c71b850c473f68"},"headline":"\u00daltima Reuni\u00e3o Participativa na \u00c1rea Portu\u00e1ria Discute Loca\u00e7\u00e3o Social como Solu\u00e7\u00e3o para Habita\u00e7\u00e3o","datePublished":"2015-08-10T12:00:48+00:00","dateModified":"2020-10-31T19:42:13+00:00","mainEntityOfPage":{"@id":"https:\/\/rioonwatch.org.br\/?p=15043"},"wordCount":1115,"publisher":{"@id":"https:\/\/rioonwatch.org.br\/#organization"},"image":{"@id":"https:\/\/rioonwatch.org.br\/?p=15043#primaryimage"},"thumbnailUrl":"https:\/\/rioonwatch.org.br\/wp-content\/uploads\/2015\/08\/porto_maravilha_rendering-e1438572117584.jpg","keywords":["Aluguel social","CDURP","Centro","compara\u00e7\u00e3o internacional","cr\u00edtica \u00e0 pol\u00edtica","debate","habita\u00e7\u00e3o acess\u00edvel","moradia","participa\u00e7\u00e3o","pol\u00edtica p\u00fablica","Porto Maravilha","recomenda\u00e7\u00f5es pol\u00edticas","Regi\u00e3o do Porto","Secretaria Municipal de Habita\u00e7\u00e3o (SMH)","solu\u00e7\u00e3o"],"articleSection":["#OlhoNaParticipa\u00e7\u00e3o","#Rio2016","Pol\u00edticas","Solu\u00e7\u00f5es"],"inLanguage":"pt-BR"},{"@type":"WebPage","@id":"https:\/\/rioonwatch.org.br\/?p=15043","url":"https:\/\/rioonwatch.org.br\/?p=15043","name":"\u00daltima Reuni\u00e3o Participativa na \u00c1rea Portu\u00e1ria Discute Loca\u00e7\u00e3o Social como Solu\u00e7\u00e3o para Habita\u00e7\u00e3o - RioOnWatch","isPartOf":{"@id":"https:\/\/rioonwatch.org.br\/#website"},"primaryImageOfPage":{"@id":"https:\/\/rioonwatch.org.br\/?p=15043#primaryimage"},"image":{"@id":"https:\/\/rioonwatch.org.br\/?p=15043#primaryimage"},"thumbnailUrl":"https:\/\/rioonwatch.org.br\/wp-content\/uploads\/2015\/08\/porto_maravilha_rendering-e1438572117584.jpg","datePublished":"2015-08-10T12:00:48+00:00","dateModified":"2020-10-31T19:42:13+00:00","breadcrumb":{"@id":"https:\/\/rioonwatch.org.br\/?p=15043#breadcrumb"},"inLanguage":"pt-BR","potentialAction":[{"@type":"ReadAction","target":["https:\/\/rioonwatch.org.br\/?p=15043"]}]},{"@type":"ImageObject","inLanguage":"pt-BR","@id":"https:\/\/rioonwatch.org.br\/?p=15043#primaryimage","url":"https:\/\/rioonwatch.org.br\/wp-content\/uploads\/2015\/08\/porto_maravilha_rendering-e1438572117584.jpg","contentUrl":"https:\/\/rioonwatch.org.br\/wp-content\/uploads\/2015\/08\/porto_maravilha_rendering-e1438572117584.jpg","width":620,"height":297},{"@type":"BreadcrumbList","@id":"https:\/\/rioonwatch.org.br\/?p=15043#breadcrumb","itemListElement":[{"@type":"ListItem","position":1,"name":"In\u00edcio","item":"https:\/\/rioonwatch.org.br\/"},{"@type":"ListItem","position":2,"name":"\u00daltima Reuni\u00e3o Participativa na \u00c1rea Portu\u00e1ria Discute Loca\u00e7\u00e3o Social como Solu\u00e7\u00e3o para Habita\u00e7\u00e3o"}]},{"@type":"WebSite","@id":"https:\/\/rioonwatch.org.br\/#website","url":"https:\/\/rioonwatch.org.br\/","name":"RioOnWatch","description":"relatos das favelas cariocas","publisher":{"@id":"https:\/\/rioonwatch.org.br\/#organization"},"potentialAction":[{"@type":"SearchAction","target":{"@type":"EntryPoint","urlTemplate":"https:\/\/rioonwatch.org.br\/?s={search_term_string}"},"query-input":{"@type":"PropertyValueSpecification","valueRequired":true,"valueName":"search_term_string"}}],"inLanguage":"pt-BR"},{"@type":"Organization","@id":"https:\/\/rioonwatch.org.br\/#organization","name":"RioOnWatch","url":"https:\/\/rioonwatch.org.br\/","logo":{"@type":"ImageObject","inLanguage":"pt-BR","@id":"https:\/\/rioonwatch.org.br\/#\/schema\/logo\/image\/","url":"https:\/\/rioonwatch.org.br\/wp-content\/uploads\/2021\/06\/RioOnWatchcabecalhoPT11anos-2.png","contentUrl":"https:\/\/rioonwatch.org.br\/wp-content\/uploads\/2021\/06\/RioOnWatchcabecalhoPT11anos-2.png","width":779,"height":277,"caption":"RioOnWatch"},"image":{"@id":"https:\/\/rioonwatch.org.br\/#\/schema\/logo\/image\/"}},{"@type":"Person","@id":"https:\/\/rioonwatch.org.br\/#\/schema\/person\/11d64c290506f9df50c71b850c473f68","name":"Admin","image":{"@type":"ImageObject","inLanguage":"pt-BR","@id":"https:\/\/rioonwatch.org.br\/#\/schema\/person\/image\/","url":"https:\/\/secure.gravatar.com\/avatar\/56211ac74568383903349a1485e3c325?s=96&d=blank&r=g","contentUrl":"https:\/\/secure.gravatar.com\/avatar\/56211ac74568383903349a1485e3c325?s=96&d=blank&r=g","caption":"Admin"},"url":"https:\/\/rioonwatch.org.br\/?author=129"}]}},"_links":{"self":[{"href":"https:\/\/rioonwatch.org.br\/index.php?rest_route=\/wp\/v2\/posts\/15043"}],"collection":[{"href":"https:\/\/rioonwatch.org.br\/index.php?rest_route=\/wp\/v2\/posts"}],"about":[{"href":"https:\/\/rioonwatch.org.br\/index.php?rest_route=\/wp\/v2\/types\/post"}],"author":[{"embeddable":true,"href":"https:\/\/rioonwatch.org.br\/index.php?rest_route=\/wp\/v2\/users\/129"}],"replies":[{"embeddable":true,"href":"https:\/\/rioonwatch.org.br\/index.php?rest_route=%2Fwp%2Fv2%2Fcomments&post=15043"}],"version-history":[{"count":19,"href":"https:\/\/rioonwatch.org.br\/index.php?rest_route=\/wp\/v2\/posts\/15043\/revisions"}],"predecessor-version":[{"id":51291,"href":"https:\/\/rioonwatch.org.br\/index.php?rest_route=\/wp\/v2\/posts\/15043\/revisions\/51291"}],"wp:featuredmedia":[{"embeddable":true,"href":"https:\/\/rioonwatch.org.br\/index.php?rest_route=\/wp\/v2\/media\/15053"}],"wp:attachment":[{"href":"https:\/\/rioonwatch.org.br\/index.php?rest_route=%2Fwp%2Fv2%2Fmedia&parent=15043"}],"wp:term":[{"taxonomy":"category","embeddable":true,"href":"https:\/\/rioonwatch.org.br\/index.php?rest_route=%2Fwp%2Fv2%2Fcategories&post=15043"},{"taxonomy":"post_tag","embeddable":true,"href":"https:\/\/rioonwatch.org.br\/index.php?rest_route=%2Fwp%2Fv2%2Ftags&post=15043"},{"taxonomy":"writer","embeddable":true,"href":"https:\/\/rioonwatch.org.br\/index.php?rest_route=%2Fwp%2Fv2%2Fwriter&post=15043"},{"taxonomy":"translator","embeddable":true,"href":"https:\/\/rioonwatch.org.br\/index.php?rest_route=%2Fwp%2Fv2%2Ftranslator&post=15043"},{"taxonomy":"source","embeddable":true,"href":"https:\/\/rioonwatch.org.br\/index.php?rest_route=%2Fwp%2Fv2%2Fsource&post=15043"},{"taxonomy":"ilustrador","embeddable":true,"href":"https:\/\/rioonwatch.org.br\/index.php?rest_route=%2Fwp%2Fv2%2Filustrador&post=15043"},{"taxonomy":"fotografo","embeddable":true,"href":"https:\/\/rioonwatch.org.br\/index.php?rest_route=%2Fwp%2Fv2%2Ffotografo&post=15043"}],"curies":[{"name":"wp","href":"https:\/\/api.w.org\/{rel}","templated":true}]}}