{"id":15072,"date":"2015-08-05T19:20:51","date_gmt":"2015-08-05T22:20:51","guid":{"rendered":"http:\/\/rioonwatch.org.br\/?p=15072"},"modified":"2024-06-20T16:29:05","modified_gmt":"2024-06-20T19:29:05","slug":"resumo-do-estado-das-coisas-um-ano-ate-as-olimpiadas-remocoes-gentrificacao-seguranca-publica-e-meio-ambiente","status":"publish","type":"post","link":"https:\/\/rioonwatch.org.br\/?p=15072","title":{"rendered":"Resumo\u2014Um Ano para #Rio2016\u2014Remo\u00e7\u00f5es, Gentrifica\u00e7\u00e3o, Seguran\u00e7a P\u00fablica, Meio Ambiente"},"content":{"rendered":"<p>Desde que venceu a candidatura ol\u00edmpica em 2009 e sediou a Copa do Mundo de 2014, a cidade do Rio de Janeiro passou por imensas transforma\u00e7\u00f5es urbanas que v\u00eam interrompendo e mudando a vida de milh\u00f5es de seus moradores. Faltando um ano para o in\u00edcio dos Jogos Ol\u00edmpicos e Paraol\u00edmpicos de 2016, o <em>RioOnWatch<\/em> oferece este resumo sobre o que voc\u00ea precisa saber sobre os preparativos para o evento global e como isso afetou moradores de todo o Rio de Janeiro.<\/p>\n<h3>Remo\u00e7\u00f5es<\/h3>\n<p><img fetchpriority=\"high\" decoding=\"async\" class=\"aligncenter wp-image-22405 size-content\" title=\"Conflitos na tentativa de demoli\u00e7\u00f5es na Vila Aut\u00f3dromo\" src=\"http:\/\/www.rioonwatch.org\/wp-content\/uploads\/2015\/06\/Autodromo-eviction-620x264.jpg\" alt=\"Conflict at attempted demolitions in Vila Aut\u00f3dromo\" width=\"620\" height=\"264\" \/><\/p>\n<p>O tema das <a href=\"http:\/\/bit.ly\/X51Qvb\" target=\"_blank\" rel=\"noopener\">remo\u00e7\u00f5es<\/a> \u00e9 freq\u00fcente quando se trata de construir infraestrutura para eventos esportivos globais, e o Rio de Janeiro tem visto alguns dos mais altos \u00edndices de remo\u00e7\u00e3o associados a megaeventos. O mais impressionante, no entanto, \u00e9 que o per\u00edodo pr\u00e9-ol\u00edmpico do Rio de Janeiro teve o maior n\u00famero de remo\u00e7\u00f5es na hist\u00f3ria da cidade: de acordo com o livro <em><a href=\"http:\/\/bit.ly\/1Knx3UB\" target=\"_blank\" rel=\"noopener\">SMH 2016: Remo\u00e7\u00f5es no Rio de Janeiro Ol\u00edmpico<\/a><\/em> escrito pelo arquiteto Lucas Faulhaber e pela jornalista Lena Azevedo, mais de 67.000 pessoas foram removidas apenas entre 2009-2013&#8211;este n\u00famero \u00e9 maior do que os que foram removidos durante os governos de Pereira Passos e Lacerda (os mais not\u00e1veis em rela\u00e7\u00e3o \u00e0s remo\u00e7\u00f5es na hist\u00f3ria do Rio) juntos. Em <a href=\"http:\/\/bit.ly\/1EYRaXr\" target=\"_blank\" rel=\"noopener\">uma entrevista<\/a> ao <em><a href=\"http:\/\/bit.ly\/1EYRaXr\" target=\"_blank\" rel=\"noopener\">Brasil de Fato<\/a><\/em>, Faulhaber argumenta que os Jogos Ol\u00edmpicos n\u00e3o s\u00e3o a verdadeira raz\u00e3o para as remo\u00e7\u00f5es, mas que o evento esportivo est\u00e1 sendo usado para legitim\u00e1-las, assim como para antecipar cronogramas. Mandatos para consulta p\u00fablica s\u00e3o ignorados devido \u00e0 urg\u00eancia em &#8216;preparar a cidade para os Jogos&#8217;.<\/p>\n<p>Uma das mais dram\u00e1ticas hist\u00f3rias de remo\u00e7\u00e3o \u00e9 a da\u00a0<a href=\"http:\/\/bit.ly\/Nfddvg\" target=\"_blank\" rel=\"noopener\">Vila Aut\u00f3dromo<\/a>, uma comunidade de mais de 40 anos vizinha do futuro Parque Ol\u00edmpico. T\u00edtulos foram fornecidos aos moradores h\u00e1 quase duas d\u00e9cadas pelo governo do Estado, mas o prefeito do Rio alega estes eram uma farsa e que os moradores devem ser removidos para o funcionamento das Olimp\u00edadas, mesmo que o projeto ol\u00edmpico <a href=\"http:\/\/bit.ly\/1BMu955\" target=\"_blank\" rel=\"noopener\">aprovado mantinha a comunidade no local<\/a>. \u00c9 entendido, entre os seguidores mais pr\u00f3ximos do caso, que a comunidade foi usada como moeda de troca para convencer aos empres\u00e1rios\u00a0a realizar as obras Ol\u00edmpicas, dado que o\u00a0<a href=\"http:\/\/bit.ly\/1pgsdwY\" target=\"_blank\" rel=\"noopener\">Parque Ol\u00edmpico<\/a>\u00a0ser\u00e1 reaproveitado para empreendimentos de luxo ap\u00f3s os Jogos.<\/p>\n<p>A comunidade sempre foi segura, um grande n\u00famero de seus moradores escolheu a comunidade por sua tranq\u00fcilidade. Vila Aut\u00f3dromo \u00e9 agora uma mistura de casas demolidas e casas habitadas por moradores que ainda resistem \u00e0s t\u00e1ticas de negocia\u00e7\u00e3o da Prefeitura. Depois de um longo processo de negocia\u00e7\u00e3o, que s\u00f3 foi poss\u00edvel gra\u00e7as \u00e0 legend\u00e1ria resist\u00eancia da comunidade&#8211;que incluiu o enfrentamento \u00e0 t\u00e1tica trai\u00e7oeira de <a href=\"http:\/\/bit.ly\/1DNRvh2\" target=\"_blank\" rel=\"noopener\">dividir para conquistar<\/a>&#8211;mais de <a href=\"http:\/\/glo.bo\/1H7EdZI\" target=\"_blank\" rel=\"noopener\">590 das 760 propriedades<\/a> na comunidade est\u00e3o, agora, desocupadas. Embora muitas pessoas que foram realocadas <a href=\"http:\/\/bit.ly\/1CArNJ6\" target=\"_blank\" rel=\"noopener\">receberam uma indeniza\u00e7\u00e3o<\/a>, ou foram <a href=\"http:\/\/bit.ly\/1B6hW1w\" target=\"_blank\" rel=\"noopener\">transferidas para habita\u00e7\u00e3o social<\/a>, a destrui\u00e7\u00e3o de uma comunidade valiosa est\u00e1 <a href=\"http:\/\/bit.ly\/1H9MoEq\" target=\"_blank\" rel=\"noopener\">sendo lastimada<\/a> por fam\u00edlias que <a href=\"http:\/\/bit.ly\/1LdXcW7\" target=\"_blank\" rel=\"noopener\">ainda resistem<\/a> e insistem que se fa\u00e7a cumprir a <a href=\"http:\/\/bit.ly\/1d6tAuf\" target=\"_blank\" rel=\"noopener\">promessa do prefeito<\/a> de que aqueles que desejassem permanecer estariam autorizados a faz\u00ea-lo.<\/p>\n<p>Embora a Vila Aut\u00f3dromo seja central na discuss\u00e3o sobre remo\u00e7\u00e3o, <a href=\"http:\/\/bit.ly\/X51Qvb\" target=\"_blank\" rel=\"noopener\">dezenas de comunidades sofreram<\/a> devido \u00e0s obras para os Jogos Ol\u00edmpicos e Copa do Mundo, acrescida a oportunidade para reconfigurar a cidade pela via dos megaeventos. Cerca de um quil\u00f4metro de dist\u00e2ncia do Parque Ol\u00edmpico, a <a href=\"http:\/\/bit.ly\/SVTLcD\" target=\"_blank\" rel=\"noopener\">Vila Uni\u00e3o de Curicica<\/a> a princ\u00edpio ouviu da prefeitura que receberia investimentos e urbaniza\u00e7\u00f5es, por\u00e9m em seguida recebeu a not\u00edcia de que todos os moradores seriam removidos para habita\u00e7\u00e3o p\u00fablica do <a href=\"http:\/\/bit.ly\/Y4U9oJ\" target=\"_blank\" rel=\"noopener\">Minha Casa Minha Vida<\/a>, devido \u00e0 constru\u00e7\u00e3o do sistema <a href=\"http:\/\/bit.ly\/1twPNag\" target=\"_blank\" rel=\"noopener\">BRT<\/a>. Em abril deste ano, as <a href=\"http:\/\/bit.ly\/1E2CeKu\" target=\"_blank\" rel=\"noopener\">primeiras demoli\u00e7\u00f5es ocorreram<\/a> sem qualquer comunica\u00e7\u00e3o ou justificativa das autoridades. Em uma publica\u00e7\u00e3o para o <em>RioOnWatch<\/em> em maio de 2014, Stefan Johnson <a href=\"http:\/\/bit.ly\/1twPNag\" target=\"_blank\" rel=\"noopener\">concluiu<\/a> que o BRT &#8220;levou \u00e0 <a href=\"http:\/\/bit.ly\/TPHnbi\" target=\"_blank\" rel=\"noopener\">remo\u00e7\u00e3o e deslocamento<\/a> de comunidades inteiras, incluindo\u00a0<a href=\"http:\/\/bit.ly\/1wukUHN\" target=\"_blank\" rel=\"noopener\">Largo de Campinho<\/a>, <a href=\"http:\/\/bit.ly\/1bW4D6u\" target=\"_blank\" rel=\"noopener\">Vila Harmonia<\/a>, <a href=\"http:\/\/bit.ly\/1ozs6jK\" target=\"_blank\" rel=\"noopener\">Restinga<\/a> e <a href=\"http:\/\/bit.ly\/14vgDEk\" target=\"_blank\" rel=\"noopener\">Vila Recreio II<\/a>&#8220;.<\/p>\n<p>Com a proximidade dos Jogos Ol\u00edmpicos, o <em>RioOnWatch<\/em> tem notado uma tend\u00eancia preocupante de <a href=\"http:\/\/bit.ly\/1MjkbPG\" target=\"_blank\" rel=\"noopener\">remo\u00e7\u00f5es rel\u00e2mpago<\/a>&#8212;<a href=\"http:\/\/bit.ly\/X51Qvb\" target=\"_blank\" rel=\"noopener\">remo\u00e7\u00f5es<\/a>\u00a0for\u00e7adas com pouco ou nenhum aviso pr\u00e9vio e fr\u00e1gil aprova\u00e7\u00e3o da Justi\u00e7a&#8211;nas quais v\u00e1rias comunidades, em todo Rio, viram\u00a0cenas violentas de pessoas sendo arrastadas para fora de suas casas para v\u00ea-las sendo demolidas.<\/p>\n<p>Outras comunidades que sofreram remo\u00e7\u00f5es n\u00e3o mencionados acima e cobertas pelo<em> RioOnWatch<\/em>:<\/p>\n<ul>\n<li><a href=\"http:\/\/bit.ly\/UBMUVJ\" target=\"_blank\" rel=\"noopener\">Provid\u00eancia<\/a><\/li>\n<li><a href=\"http:\/\/bit.ly\/YZD9al\" target=\"_blank\" rel=\"noopener\">Santa Marta<\/a><\/li>\n<li><a href=\"http:\/\/bit.ly\/1wfUvvR\" target=\"_blank\" rel=\"noopener\">Metr\u00f4-Mangueira<\/a><\/li>\n<li><a href=\"http:\/\/bit.ly\/ZC9b6z\" target=\"_blank\" rel=\"noopener\">Manguinhos<\/a><\/li>\n<li><a href=\"http:\/\/bit.ly\/133Itux\" target=\"_blank\" rel=\"noopener\">Indiana<\/a><\/li>\n<li><a href=\"http:\/\/bit.ly\/1bGQPcu\" target=\"_blank\" rel=\"noopener\">Vila Laboriaux, Rocinha<\/a><\/li>\n<li><a href=\"http:\/\/bit.ly\/Y32sUP\" target=\"_blank\" rel=\"noopener\">Largo do Tanque<\/a><\/li>\n<li><a href=\"http:\/\/bit.ly\/11b2TzL\" target=\"_blank\" rel=\"noopener\">Horto<\/a><\/li>\n<li><a href=\"http:\/\/bit.ly\/11x89ZX\" target=\"_blank\" rel=\"noopener\">Pav\u00e3o-Pav\u00e3ozinho<\/a><\/li>\n<li><a href=\"http:\/\/bit.ly\/14LU2Tv\" target=\"_blank\" rel=\"noopener\">Estradinha<\/a><\/li>\n<li><a href=\"http:\/\/bit.ly\/1sURG6a\" target=\"_blank\" rel=\"noopener\">Vila Taboinha<\/a><\/li>\n<li><a href=\"http:\/\/bit.ly\/1W0ving\" target=\"_blank\" rel=\"noopener\">Vila das Torres<\/a><\/li>\n<li><a href=\"http:\/\/bit.ly\/1IHGsDw\" target=\"_blank\" rel=\"noopener\">Morro do Bumba<\/a><\/li>\n<li><a href=\"http:\/\/bit.ly\/1Hr116e\" target=\"_blank\" rel=\"noopener\">Favelinha da Skol<\/a>, Alem\u00e3o<\/li>\n<li><a href=\"http:\/\/bit.ly\/110zVNZ\" target=\"_blank\" rel=\"noopener\">Babil\u00f4nia<\/a><\/li>\n<li><a href=\"http:\/\/bit.ly\/1hmkvl5\" target=\"_blank\" rel=\"noopener\">Col\u00f4nia Juliano Moreira<\/a><\/li>\n<\/ul>\n<p>Remo\u00e7\u00f5es ou amea\u00e7as de remo\u00e7\u00e3o tamb\u00e9m foram feitas em <a href=\"http:\/\/bit.ly\/16xn6zX\" target=\"_blank\" rel=\"noopener\">Muzema<\/a>, <a href=\"http:\/\/bit.ly\/12onlyE\" target=\"_blank\" rel=\"noopener\">Cantagalo<\/a>, <a href=\"http:\/\/bit.ly\/1qm7REb\" target=\"_blank\" rel=\"noopener\">Vale Encantado<\/a>, <a href=\"http:\/\/bit.ly\/1JDtoTS\" target=\"_blank\" rel=\"noopener\">Tavares Bastos<\/a>, <a href=\"http:\/\/bit.ly\/XuDNKV\" target=\"_blank\" rel=\"noopener\">Vidigal<\/a>, <a href=\"http:\/\/bit.ly\/WaWVbO\" target=\"_blank\" rel=\"noopener\">comunidades da Pedra Branca<\/a> e uma s\u00e9rie de outras comunidades abrangidas pelo <em>RioOnWatch<\/em>. Em todos os casos, mesmo naqueles em que as remo\u00e7\u00f5es s\u00e3o realizadas pelas autoridades para o interesse dos moradores, a <a href=\"http:\/\/bit.ly\/WClMpp\" target=\"_blank\" rel=\"noopener\">participa\u00e7\u00e3o \u00e9 zero<\/a>.<\/p>\n<h3>Gentrifica\u00e7\u00e3o<\/h3>\n<h3><a href=\"http:\/\/www.rioonwatch.org\/?p=6084\"><img decoding=\"async\" class=\"aligncenter wp-image-23557 size-content\" title=\"Invas\u00e3o de estrangeiros na Favela - O Globo, por Ana Branca\" src=\"http:\/\/www.rioonwatch.org\/wp-content\/uploads\/2015\/08\/globo_2-e1438741181730-620x264.jpg\" alt=\"Foreign Invasion of the Favela - O Globo, by Ana Branca\" width=\"620\" height=\"264\" \/><\/a><\/h3>\n<p>Na falta de regulamenta\u00e7\u00e3o dos pre\u00e7os do mercado habitacional na cidade que vivenciou, recentemente,\u00a0<a href=\"http:\/\/bit.ly\/1uh7E8Z\" target=\"_blank\" rel=\"noopener\">o maior crescimento no custo de vida em todo o mundo<\/a>, a press\u00e3o subiu nas favelas localizadas em \u00e1reas centrais, introduzindo a <a href=\"http:\/\/bit.ly\/184FqS4\" target=\"_blank\" rel=\"noopener\">gentrifica\u00e7\u00e3o<\/a> no vocabul\u00e1rio popular em 2011, apesar de muitos moradores preferirem o termo <i>remo\u00e7\u00e3o branca<\/i>. O <a href=\"http:\/\/bit.ly\/XuDNKV\" target=\"_blank\" rel=\"noopener\">Vidigal<\/a> (e outras comunidades <a href=\"http:\/\/bit.ly\/R5ueio\" target=\"_blank\" rel=\"noopener\">pacificadas<\/a> na rica e tur\u00edstica <a href=\"http:\/\/bit.ly\/1mNsDyk\" target=\"_blank\" rel=\"noopener\">Zona Sul<\/a>) s\u00e3o as mais impactadas, na medida em que elas atraem a aten\u00e7\u00e3o de estrangeiros e especuladores, com <a href=\"http:\/\/bit.ly\/1HwjcrN\" target=\"_blank\" rel=\"noopener\">rumores de que at\u00e9 David Beckham e Madonna tenham comprado propriedades<\/a> na \u00e1rea.<\/p>\n<p>Al\u00e9m da gentrifica\u00e7\u00e3o, deslocamentos devidos ao aumento do custo de vida t\u00eam afetado cada uma das favelas mais estabelecidas no Rio de Janeiro, independente de localiza\u00e7\u00e3o e pacifica\u00e7\u00e3o. No <a href=\"http:\/\/bit.ly\/Whtedb\" target=\"_blank\" rel=\"noopener\">Complexo do Alem\u00e3o<\/a> e na <a href=\"http:\/\/bit.ly\/1DsmCQz\" target=\"_blank\" rel=\"noopener\">Mar\u00e9<\/a>, na <a href=\"http:\/\/bit.ly\/WximDf\" target=\"_blank\" rel=\"noopener\">Zona Norte<\/a>, o aumento nos alugu\u00e9is levou milhares de pessoas a abandonarem suas casas.<\/p>\n<p>Diferentemente do caso das remo\u00e7\u00f5es, ainda n\u00e3o est\u00e3o dispon\u00edveis n\u00fameros confi\u00e1veis daqueles que foram deslocados devido \u00e0 gentrifica\u00e7\u00e3o e alugu\u00e9is caros. No entanto, o que tem sido amplamente documentado s\u00e3o os n\u00fameros crescentes de ocupa\u00e7\u00f5es urbanas&#8211;<a href=\"http:\/\/glo.bo\/10rJa1k\" target=\"_blank\" rel=\"noopener\">S\u00e3o Gon\u00e7alo<\/a>, <a href=\"http:\/\/glo.bo\/1ARhIFr\" target=\"_blank\" rel=\"noopener\">Nova Tuffy<\/a> e <a href=\"http:\/\/bit.ly\/1ibmnwc\" target=\"_blank\" rel=\"noopener\">Telerj<\/a>, apenas para citar algumas&#8211;e a forma\u00e7\u00e3o de novas favelas na periferia urbana ou o amontoamento de fam\u00edlias em menos espa\u00e7o, dado que os moradores mais vulner\u00e1veis ficam sem acesso ao <a href=\"http:\/\/bit.ly\/18By5Os\" target=\"_blank\" rel=\"noopener\">estoque de moradias acess\u00edveis do Rio&#8211;ou seja, as favelas<\/a>.<\/p>\n<h3>Seguran\u00e7a P\u00fablica<\/h3>\n<p><a href=\"http:\/\/bit.ly\/1ptTUm1\"><img decoding=\"async\" class=\"aligncenter wp-image-23562 size-content\" title=\"Ocupa\u00e7\u00e3o do Lins, foto por Luiz Baltar\" src=\"http:\/\/www.rioonwatch.org\/wp-content\/uploads\/2015\/08\/upp-620x264.png\" alt=\"Ocupa\u00e7\u00e3o do Lins, foto por Luiz Baltar\" width=\"620\" height=\"264\" \/><\/a><\/p>\n<p>A <a href=\"http:\/\/bit.ly\/R5ueio\" target=\"_blank\" rel=\"noopener\">UPP<\/a> constitui a primeira grande tentativa da Pol\u00edcia Militar do Rio de reforma da pol\u00edcia em sua <a href=\"http:\/\/bit.ly\/1jjhixT\" target=\"_blank\" rel=\"noopener\">hist\u00f3ria de 200 anos<\/a>. A primeira UPP foi instalada em dezembro de 2008 como um programa experimental\u00a0para diminuir a viol\u00eancia nas favelas e expulsar os traficantes de drogas. Logo, a implementa\u00e7\u00e3o das UPPs por toda a cidade tornou-se uma prioridade, por causa da Copa do Mundo de 2014 e Olimp\u00edadas de 2016. Avaliar a efic\u00e1cia do programa em 38 comunidades diferentes \u00e9 uma tarefa complexa, e a implementa\u00e7\u00e3o varia amplamente de comunidade para comunidade&#8211;por\u00e9m o Patrick Ashcroft\u00a0<a href=\"http:\/\/bit.ly\/1NN08e8\" target=\"_blank\" rel=\"noopener\">analisou cada uma das instala\u00e7\u00e3o em uma s\u00e9rie de artigos<\/a>\u2014e suas falhas s\u00e3o\u00a0evidentes.<\/p>\n<p>Um <a href=\"http:\/\/bit.ly\/1INDlhC\" target=\"_blank\" rel=\"noopener\">relat\u00f3rio divulgado pela Anistia Internacional<\/a> esta semana revelou que a <a href=\"http:\/\/bit.ly\/1PDrYLE\" target=\"_blank\" rel=\"noopener\">pol\u00edcia do Rio de Janeiro matou<\/a> 1.519 pessoas em cinco anos, dos quais 75% eram homens negros com idade entre 15 e 29. <a href=\"http:\/\/bit.ly\/1Ilw6Mo\" target=\"_blank\" rel=\"noopener\">Uma em cada seis<\/a> mortes no Rio \u00e9 realizado por policiais em servi\u00e7o. Dito de outra forma, a Pol\u00edcia Militar do Rio de Janeiro mata <a href=\"http:\/\/bit.ly\/VD8ijQ\" target=\"_blank\" rel=\"noopener\">uma pessoa para cada 23 que s\u00e3o presos<\/a>, uma estat\u00edstica que \u00e9 chocante quando colocada em contexto: nos EUA essa propor\u00e7\u00e3o \u00e9 de 1 para 37.000. O relat\u00f3rio da Anistia \u00e9 consistente com os <a href=\"http:\/\/bit.ly\/1NayDud\" target=\"_blank\" rel=\"noopener\">relatos de moradores sobre a viol\u00eancia policial<\/a> e tiroteios constantes que ocorrem frequentemente nas favelas de toda a cidade, apesar das instala\u00e7\u00f5es das UPPs. Por exemplo, no Complexo do Alem\u00e3o o ano de 2015 come\u00e7ou com 100 dias de tiroteios ininterruptos, <a href=\"http:\/\/bit.ly\/1Dpu2R2\" target=\"_blank\" rel=\"noopener\">culminando na morte de um menino de 10 anos de idade<\/a>, Eduardo de Jesus Ferreira, que foi baleado em sua pr\u00f3pria porta por um policial da UPP. Esta semana, o ativista comunit\u00e1rio e membro do Coletivo Papo Reto, Raull Santiago, informou que houve tiroteios no Complexo do Alem\u00e3o <a href=\"http:\/\/bit.ly\/1VZXu9Z\" target=\"_blank\" rel=\"noopener\">todos os dias durante as \u00faltimas tr\u00eas semanas<\/a>.<\/p>\n<h3>Impactos Ambientais<\/h3>\n<p><img loading=\"lazy\" decoding=\"async\" class=\"aligncenter wp-image-17403 size-content\" title=\"Imagem promocional do campo de golfe projetado para as Olimp\u00edadas Rio 2016\" src=\"http:\/\/www.rioonwatch.org\/wp-content\/uploads\/2014\/08\/Golfe_divulga\u00e7\u00e3o_opt-620x264.jpg\" alt=\"\" width=\"620\" height=\"264\" \/><\/p>\n<p>As promessas da Prefeitura para um legado ol\u00edmpico ambiental incluiu o <a href=\"http:\/\/bit.ly\/1hTidqd\" target=\"_blank\" rel=\"noopener\">plantio de 24 milh\u00f5es<\/a> de \u00e1rvores para compensar o carbono emitido para os Jogos, e uma diminui\u00e7\u00e3o dram\u00e1tica na polui\u00e7\u00e3o da Ba\u00eda de Guanabara em 80%. As promessas n\u00e3o se mantiveram e as autoridades<a href=\"http:\/\/glo.bo\/1NaA0cf\" target=\"_blank\" rel=\"noopener\"> admitiram que o alvo da limpeza de 80% da Ba\u00eda de Guanabara \u00e9 inating\u00edvel a tempo para os Jogos<\/a>, e agora a Organiza\u00e7\u00e3o Mundial de Sa\u00fade est\u00e1 envolvida com <a href=\"http:\/\/abr.ai\/1IlyKlq\" target=\"_blank\" rel=\"noopener\">testes de v\u00edrus<\/a>\u00a0na Ba\u00eda.<\/p>\n<p>Enquanto isso, na <a href=\"http:\/\/bit.ly\/1H8ZT7L\" target=\"_blank\" rel=\"noopener\">Serra da Miseric\u00f3rdia<\/a>, conhecida como &#8220;os pulm\u00f5es da Zona Norte do Rio,&#8221; grupos comunit\u00e1rios <a href=\"http:\/\/bit.ly\/1OOhW8g\" target=\"_blank\" rel=\"noopener\">est\u00e3o \u00e0 espera de um financiamento de R$15 milh\u00f5es desde 2012<\/a>, que seria usado para a preserva\u00e7\u00e3o do ar respirado na zona mais densa do Rio.<\/p>\n<p>O <a href=\"http:\/\/bit.ly\/18ZZtHE\" target=\"_blank\" rel=\"noopener\">campo de golfe ol\u00edmpico<\/a> est\u00e1 sendo constru\u00eddo em &#8220;um milh\u00e3o de metros quadrados de\u00a0<a href=\"http:\/\/bit.ly\/1gJFxG5\" target=\"_blank\" rel=\"noopener\">Mata Atl\u00e2ntica<\/a>, na fronteira com a Lagoa Marapendi, na <a href=\"http:\/\/bit.ly\/19BBUhf\" target=\"_blank\" rel=\"noopener\">Barra da Tijuca<\/a>&#8220;,\u00a0<a href=\"http:\/\/bit.ly\/18ZZtHE\" target=\"_blank\" rel=\"noopener\">escreve Elena Hodges<\/a>. Hodges informa que a prefeitura ignorou um &#8220;conjunto de leis&#8221;, municipais e federais para construir o campo, amea\u00e7ando\u00a0300 esp\u00e9cies identificadas da regi\u00e3o com as\u00a0obras.<\/p>\n<p>Enquanto isso, A Vila Ol\u00edmpica dos Atletas&#8211;chamada\u00a0<em><a href=\"http:\/\/bit.ly\/1sXO2Ym\" target=\"_blank\" rel=\"noopener\">Ilha Pura<\/a><\/em>, um condom\u00ednio fechado maior do que o bairro do Leblon&#8211;est\u00e1 sendo anunciada como o primeiro empreendimento certificado <a href=\"http:\/\/bit.ly\/1T4aUxh\" target=\"_blank\" rel=\"noopener\">LEED-ND<\/a> no Brasil. LEED \u00e9 a certifica\u00e7\u00e3o mais reconhecida de edif\u00edcios verdes em todo o mundo, enquanto o LEED-ND certifica a sustentabilidade de bairros inteiros. O desenvolvimento da Ilha Pura \u00e9 anunciado como um o\u00e1sis urbano totalmente sustent\u00e1vel. No entanto, Ilha Pura \u00e9 inconsistente com as metas LEED-ND que recomendam\u00a0o crescimento e constru\u00e7\u00e3o em\u00a0\u00e1reas urbanas existentes que j\u00e1 possuem infraestrutura, evitando ao mesmo tempo o uso de sens\u00edveis recursos h\u00eddricos e \u00e1reas de habitat natural, e n\u00e3o avan\u00e7ando sobre terras agr\u00edcolas e v\u00e1rzeas. O propriet\u00e1rio de 50% da Ilha Pura, Carlos Carvalho, <a href=\"http:\/\/bit.ly\/1UlJSUT\" target=\"_blank\" rel=\"noopener\">foi not\u00edcia esta semana no <em>The Guardian<\/em>, devido \u00e0 sua expectativa de faturar\u00a0US$1 bilh\u00e3o<\/a> nos empreendimentos imobili\u00e1rios em todo o Rio neste per\u00edodo que antecede os Jogos Ol\u00edmpicos.<\/p>\n<p>Conclus\u00e3o: a cidade est\u00e1 sendo refeita em benef\u00edcio de uma pequena elite, \u00e0 custa dos cidad\u00e3os de baixa renda, do meio ambiente, e da cultura popular.<\/p>\n<!-- AddThis Advanced Settings generic via filter on the_content --><!-- AddThis Share Buttons generic via filter on the_content -->","protected":false},"excerpt":{"rendered":"<div class=\"mh-excerpt\"><p>Desde que venceu a candidatura ol\u00edmpica em 2009 e sediou a Copa do Mundo de 2014, a cidade do Rio de Janeiro passou por imensas transforma\u00e7\u00f5es urbanas que v\u00eam interrompendo e mudando a vida de <a class=\"mh-excerpt-more\" href=\"https:\/\/rioonwatch.org.br\/?p=15072\" title=\"Resumo\u2014Um Ano para #Rio2016\u2014Remo\u00e7\u00f5es, Gentrifica\u00e7\u00e3o, Seguran\u00e7a P\u00fablica, Meio Ambiente\">[&#8230;]<\/a><!-- AddThis Advanced Settings generic via filter on get_the_excerpt --><!-- AddThis Share Buttons generic via filter on get_the_excerpt --><\/p>\n<\/div>","protected":false},"author":129,"featured_media":15074,"comment_status":"closed","ping_status":"closed","sticky":false,"template":"","format":"standard","meta":{"_acf_changed":false,"_monsterinsights_skip_tracking":false,"_monsterinsights_sitenote_active":false,"_monsterinsights_sitenote_note":"","_monsterinsights_sitenote_category":0,"footnotes":""},"categories":[1617,1618,1614,1635,1621,346,344,1620],"tags":[1501,804,274,497,229,475,332,217,484,396,631,1527,437,395,909,733,1606,752,746,634,181,611,1312,636,296,1240,246,708,257,9,1385,407,78,359,439,774,14,130,180,231,295,404,1367,1521,1180,92,820,354,55,186,441,442,218,184,383],"writer":[1657],"translator":[1176,273],"source":[],"ilustrador":[],"fotografo":[],"class_list":{"0":"post-15072","1":"post","2":"type-post","3":"status-publish","4":"format-standard","5":"has-post-thumbnail","7":"category-olhonagentrificacao","8":"category-olhonaparticipacao","9":"category-olhonasremocoes","10":"category-1635","11":"category-destaque","12":"category-denuncias","13":"category-politicas","14":"category-olhonaupp","15":"tag-2a-onda-de-remocoes","16":"tag-baia-da-guanabara","17":"tag-barra-da-tijuca","18":"tag-brt","19":"tag-cantagalo","20":"tag-colonia-juliano-moreira","21":"tag-complexo-da-mare","22":"tag-complexo-do-alemao","23":"tag-prefeito-eduardo-paes","24":"tag-especulacao-imobiliaria","25":"tag-estradinha","26":"tag-favela-da-skol","27":"tag-favela-do-metro","28":"tag-gentrificacao-remocao-branca","29":"tag-habitacao-acessivel","30":"tag-horto","31":"tag-ilha-pura","32":"tag-indenizacao-injusta","33":"tag-indiana","34":"tag-laboriaux","35":"tag-campinho","36":"tag-largo-do-tanque","37":"tag-leed","38":"tag-manguinhos","39":"tag-mata-atlantica","40":"tag-megaeventos","41":"tag-minha-casa-minha-vida","42":"tag-morro-da-babilonia","43":"tag-providencia","44":"tag-morro-do-bumba","45":"tag-nova-tuffy","46":"tag-ocupacao","47":"tag-olimpiadas","48":"tag-participacao-zero","49":"tag-pavao-pavaozinho","50":"tag-policia-militar","51":"tag-remocao","52":"tag-restinga","53":"tag-santa-marta","54":"tag-sao-goncalo","55":"tag-serra-da-misericordia","56":"tag-sustentabilidade","57":"tag-taticas-de-remocao-dividir-para-conquistar","58":"tag-tavares-bastos","59":"tag-telerj","60":"tag-upp","61":"tag-vale-encantado","62":"tag-vidigal","63":"tag-vila-autodromo","64":"tag-vila-harmonia","65":"tag-vila-recreio-ii","66":"tag-vila-taboinha","67":"tag-zona-norte","68":"tag-zona-oeste","69":"tag-zona-sul","70":"writer-nicole-froio","71":"translator-fernanda-lacerda","72":"translator-roseli-franco"},"acf":[],"yoast_head":"<!-- This site is optimized with the Yoast SEO plugin v25.6 - https:\/\/yoast.com\/wordpress\/plugins\/seo\/ -->\n<title>Resumo\u2014Um Ano para #Rio2016\u2014Remo\u00e7\u00f5es, Gentrifica\u00e7\u00e3o, Seguran\u00e7a P\u00fablica, Meio Ambiente - RioOnWatch<\/title>\n<meta name=\"robots\" content=\"index, follow, max-snippet:-1, max-image-preview:large, max-video-preview:-1\" \/>\n<link rel=\"canonical\" href=\"https:\/\/rioonwatch.org.br\/?p=15072\" \/>\n<meta property=\"og:locale\" content=\"pt_BR\" \/>\n<meta property=\"og:type\" content=\"article\" \/>\n<meta property=\"og:title\" content=\"Resumo\u2014Um Ano para #Rio2016\u2014Remo\u00e7\u00f5es, Gentrifica\u00e7\u00e3o, Seguran\u00e7a P\u00fablica, Meio Ambiente - RioOnWatch\" \/>\n<meta property=\"og:description\" content=\"Desde que venceu a candidatura ol\u00edmpica em 2009 e sediou a Copa do Mundo de 2014, a cidade do Rio de Janeiro passou por imensas transforma\u00e7\u00f5es urbanas que v\u00eam interrompendo e mudando a vida de [...]\" \/>\n<meta property=\"og:url\" content=\"https:\/\/rioonwatch.org.br\/?p=15072\" \/>\n<meta property=\"og:site_name\" content=\"RioOnWatch\" \/>\n<meta property=\"article:published_time\" content=\"2015-08-05T22:20:51+00:00\" \/>\n<meta property=\"article:modified_time\" content=\"2024-06-20T19:29:05+00:00\" \/>\n<meta property=\"og:image\" content=\"https:\/\/rioonwatch.org.br\/wp-content\/uploads\/2015\/08\/collage-e1438789184511.png\" \/>\n\t<meta property=\"og:image:width\" content=\"620\" \/>\n\t<meta property=\"og:image:height\" content=\"267\" \/>\n\t<meta property=\"og:image:type\" content=\"image\/png\" \/>\n<meta name=\"author\" content=\"Admin\" \/>\n<meta name=\"twitter:card\" content=\"summary_large_image\" \/>\n<meta name=\"twitter:label1\" content=\"Escrito por\" \/>\n\t<meta name=\"twitter:data1\" content=\"Admin\" \/>\n\t<meta name=\"twitter:label2\" content=\"Est. tempo de leitura\" \/>\n\t<meta name=\"twitter:data2\" content=\"9 minutos\" \/>\n<script type=\"application\/ld+json\" class=\"yoast-schema-graph\">{\"@context\":\"https:\/\/schema.org\",\"@graph\":[{\"@type\":\"Article\",\"@id\":\"https:\/\/rioonwatch.org.br\/?p=15072#article\",\"isPartOf\":{\"@id\":\"https:\/\/rioonwatch.org.br\/?p=15072\"},\"author\":{\"name\":\"Admin\",\"@id\":\"https:\/\/rioonwatch.org.br\/#\/schema\/person\/11d64c290506f9df50c71b850c473f68\"},\"headline\":\"Resumo\u2014Um Ano para #Rio2016\u2014Remo\u00e7\u00f5es, Gentrifica\u00e7\u00e3o, Seguran\u00e7a P\u00fablica, Meio Ambiente\",\"datePublished\":\"2015-08-05T22:20:51+00:00\",\"dateModified\":\"2024-06-20T19:29:05+00:00\",\"mainEntityOfPage\":{\"@id\":\"https:\/\/rioonwatch.org.br\/?p=15072\"},\"wordCount\":1840,\"publisher\":{\"@id\":\"https:\/\/rioonwatch.org.br\/#organization\"},\"image\":{\"@id\":\"https:\/\/rioonwatch.org.br\/?p=15072#primaryimage\"},\"thumbnailUrl\":\"https:\/\/rioonwatch.org.br\/wp-content\/uploads\/2015\/08\/collage-e1438789184511.png\",\"keywords\":[\"2\u00aa onda de remo\u00e7\u00f5es\",\"Ba\u00eda da Guanabara\",\"Barra da Tijuca\",\"BRT\",\"Cantagalo\",\"Col\u00f4nia Juliano Moreira\",\"Complexo da Mar\u00e9\",\"Complexo do Alem\u00e3o\",\"Eduardo Paes\",\"especula\u00e7\u00e3o imobili\u00e1ria\",\"Estradinha\",\"Favela da Skol\",\"Favela do Metr\u00f4\",\"gentrifica\u00e7\u00e3o\",\"habita\u00e7\u00e3o acess\u00edvel\",\"Horto\",\"Ilha Pura\",\"indeniza\u00e7\u00e3o injusta\",\"Indiana\",\"Laboriaux\",\"Largo do Campinho\",\"Largo do Tanque\",\"LEED\",\"Manguinhos\",\"Mata Atl\u00e2ntica\",\"Megaeventos\",\"Minha Casa Minha Vida\",\"Morro da Babil\u00f4nia\",\"Morro da Provid\u00eancia\",\"Morro do Bumba\",\"Nova Tuffy\",\"Ocupa\u00e7\u00e3o\",\"Olimp\u00edadas\",\"participa\u00e7\u00e3o zero\",\"Pav\u00e3o-Pav\u00e3ozinho\",\"Pol\u00edcia Militar\",\"Remo\u00e7\u00e3o\",\"Restinga\",\"Santa Marta\",\"S\u00e3o Gon\u00e7alo\",\"Serra da Miseric\u00f3rdia\",\"sustentabilidade\",\"T\u00e1ticas de remo\u00e7\u00e3o: dividir para conquistar\",\"Tavares Bastos\",\"Telerj\",\"UPP\",\"Vale Encantado\",\"Vidigal\",\"Vila Aut\u00f3dromo\",\"Vila Harmonia\",\"Vila Recreio II\",\"Vila Taboinha\",\"Zona Norte\",\"Zona Oeste\",\"Zona Sul\"],\"articleSection\":[\"#OlhoNaGentrifica\u00e7\u00e3o\",\"#OlhoNaParticipa\u00e7\u00e3o\",\"#OlhoNasRemo\u00e7\u00f5es\",\"#Rio2016\",\"*Destaque\",\"Den\u00fancias\",\"Pol\u00edticas\",\"Seguran\u00e7a P\u00fablica\"],\"inLanguage\":\"pt-BR\"},{\"@type\":\"WebPage\",\"@id\":\"https:\/\/rioonwatch.org.br\/?p=15072\",\"url\":\"https:\/\/rioonwatch.org.br\/?p=15072\",\"name\":\"Resumo\u2014Um Ano para #Rio2016\u2014Remo\u00e7\u00f5es, Gentrifica\u00e7\u00e3o, Seguran\u00e7a P\u00fablica, Meio Ambiente - RioOnWatch\",\"isPartOf\":{\"@id\":\"https:\/\/rioonwatch.org.br\/#website\"},\"primaryImageOfPage\":{\"@id\":\"https:\/\/rioonwatch.org.br\/?p=15072#primaryimage\"},\"image\":{\"@id\":\"https:\/\/rioonwatch.org.br\/?p=15072#primaryimage\"},\"thumbnailUrl\":\"https:\/\/rioonwatch.org.br\/wp-content\/uploads\/2015\/08\/collage-e1438789184511.png\",\"datePublished\":\"2015-08-05T22:20:51+00:00\",\"dateModified\":\"2024-06-20T19:29:05+00:00\",\"breadcrumb\":{\"@id\":\"https:\/\/rioonwatch.org.br\/?p=15072#breadcrumb\"},\"inLanguage\":\"pt-BR\",\"potentialAction\":[{\"@type\":\"ReadAction\",\"target\":[\"https:\/\/rioonwatch.org.br\/?p=15072\"]}]},{\"@type\":\"ImageObject\",\"inLanguage\":\"pt-BR\",\"@id\":\"https:\/\/rioonwatch.org.br\/?p=15072#primaryimage\",\"url\":\"https:\/\/rioonwatch.org.br\/wp-content\/uploads\/2015\/08\/collage-e1438789184511.png\",\"contentUrl\":\"https:\/\/rioonwatch.org.br\/wp-content\/uploads\/2015\/08\/collage-e1438789184511.png\",\"width\":620,\"height\":267,\"caption\":\"Collagem\"},{\"@type\":\"BreadcrumbList\",\"@id\":\"https:\/\/rioonwatch.org.br\/?p=15072#breadcrumb\",\"itemListElement\":[{\"@type\":\"ListItem\",\"position\":1,\"name\":\"In\u00edcio\",\"item\":\"https:\/\/rioonwatch.org.br\/\"},{\"@type\":\"ListItem\",\"position\":2,\"name\":\"Resumo\u2014Um Ano para #Rio2016\u2014Remo\u00e7\u00f5es, Gentrifica\u00e7\u00e3o, Seguran\u00e7a P\u00fablica, Meio Ambiente\"}]},{\"@type\":\"WebSite\",\"@id\":\"https:\/\/rioonwatch.org.br\/#website\",\"url\":\"https:\/\/rioonwatch.org.br\/\",\"name\":\"RioOnWatch\",\"description\":\"relatos das favelas cariocas\",\"publisher\":{\"@id\":\"https:\/\/rioonwatch.org.br\/#organization\"},\"potentialAction\":[{\"@type\":\"SearchAction\",\"target\":{\"@type\":\"EntryPoint\",\"urlTemplate\":\"https:\/\/rioonwatch.org.br\/?s={search_term_string}\"},\"query-input\":{\"@type\":\"PropertyValueSpecification\",\"valueRequired\":true,\"valueName\":\"search_term_string\"}}],\"inLanguage\":\"pt-BR\"},{\"@type\":\"Organization\",\"@id\":\"https:\/\/rioonwatch.org.br\/#organization\",\"name\":\"RioOnWatch\",\"url\":\"https:\/\/rioonwatch.org.br\/\",\"logo\":{\"@type\":\"ImageObject\",\"inLanguage\":\"pt-BR\",\"@id\":\"https:\/\/rioonwatch.org.br\/#\/schema\/logo\/image\/\",\"url\":\"https:\/\/rioonwatch.org.br\/wp-content\/uploads\/2021\/06\/RioOnWatchcabecalhoPT11anos-2.png\",\"contentUrl\":\"https:\/\/rioonwatch.org.br\/wp-content\/uploads\/2021\/06\/RioOnWatchcabecalhoPT11anos-2.png\",\"width\":779,\"height\":277,\"caption\":\"RioOnWatch\"},\"image\":{\"@id\":\"https:\/\/rioonwatch.org.br\/#\/schema\/logo\/image\/\"}},{\"@type\":\"Person\",\"@id\":\"https:\/\/rioonwatch.org.br\/#\/schema\/person\/11d64c290506f9df50c71b850c473f68\",\"name\":\"Admin\",\"image\":{\"@type\":\"ImageObject\",\"inLanguage\":\"pt-BR\",\"@id\":\"https:\/\/rioonwatch.org.br\/#\/schema\/person\/image\/\",\"url\":\"https:\/\/secure.gravatar.com\/avatar\/56211ac74568383903349a1485e3c325?s=96&d=blank&r=g\",\"contentUrl\":\"https:\/\/secure.gravatar.com\/avatar\/56211ac74568383903349a1485e3c325?s=96&d=blank&r=g\",\"caption\":\"Admin\"},\"url\":\"https:\/\/rioonwatch.org.br\/?author=129\"}]}<\/script>\n<!-- \/ Yoast SEO plugin. -->","yoast_head_json":{"title":"Resumo\u2014Um Ano para #Rio2016\u2014Remo\u00e7\u00f5es, Gentrifica\u00e7\u00e3o, Seguran\u00e7a P\u00fablica, Meio Ambiente - RioOnWatch","robots":{"index":"index","follow":"follow","max-snippet":"max-snippet:-1","max-image-preview":"max-image-preview:large","max-video-preview":"max-video-preview:-1"},"canonical":"https:\/\/rioonwatch.org.br\/?p=15072","og_locale":"pt_BR","og_type":"article","og_title":"Resumo\u2014Um Ano para #Rio2016\u2014Remo\u00e7\u00f5es, Gentrifica\u00e7\u00e3o, Seguran\u00e7a P\u00fablica, Meio Ambiente - RioOnWatch","og_description":"Desde que venceu a candidatura ol\u00edmpica em 2009 e sediou a Copa do Mundo de 2014, a cidade do Rio de Janeiro passou por imensas transforma\u00e7\u00f5es urbanas que v\u00eam interrompendo e mudando a vida de [...]","og_url":"https:\/\/rioonwatch.org.br\/?p=15072","og_site_name":"RioOnWatch","article_published_time":"2015-08-05T22:20:51+00:00","article_modified_time":"2024-06-20T19:29:05+00:00","og_image":[{"width":620,"height":267,"url":"https:\/\/rioonwatch.org.br\/wp-content\/uploads\/2015\/08\/collage-e1438789184511.png","type":"image\/png"}],"author":"Admin","twitter_card":"summary_large_image","twitter_misc":{"Escrito por":"Admin","Est. tempo de leitura":"9 minutos"},"schema":{"@context":"https:\/\/schema.org","@graph":[{"@type":"Article","@id":"https:\/\/rioonwatch.org.br\/?p=15072#article","isPartOf":{"@id":"https:\/\/rioonwatch.org.br\/?p=15072"},"author":{"name":"Admin","@id":"https:\/\/rioonwatch.org.br\/#\/schema\/person\/11d64c290506f9df50c71b850c473f68"},"headline":"Resumo\u2014Um Ano para #Rio2016\u2014Remo\u00e7\u00f5es, Gentrifica\u00e7\u00e3o, Seguran\u00e7a P\u00fablica, Meio Ambiente","datePublished":"2015-08-05T22:20:51+00:00","dateModified":"2024-06-20T19:29:05+00:00","mainEntityOfPage":{"@id":"https:\/\/rioonwatch.org.br\/?p=15072"},"wordCount":1840,"publisher":{"@id":"https:\/\/rioonwatch.org.br\/#organization"},"image":{"@id":"https:\/\/rioonwatch.org.br\/?p=15072#primaryimage"},"thumbnailUrl":"https:\/\/rioonwatch.org.br\/wp-content\/uploads\/2015\/08\/collage-e1438789184511.png","keywords":["2\u00aa onda de remo\u00e7\u00f5es","Ba\u00eda da Guanabara","Barra da Tijuca","BRT","Cantagalo","Col\u00f4nia Juliano Moreira","Complexo da Mar\u00e9","Complexo do Alem\u00e3o","Eduardo Paes","especula\u00e7\u00e3o imobili\u00e1ria","Estradinha","Favela da Skol","Favela do Metr\u00f4","gentrifica\u00e7\u00e3o","habita\u00e7\u00e3o acess\u00edvel","Horto","Ilha Pura","indeniza\u00e7\u00e3o injusta","Indiana","Laboriaux","Largo do Campinho","Largo do Tanque","LEED","Manguinhos","Mata Atl\u00e2ntica","Megaeventos","Minha Casa Minha Vida","Morro da Babil\u00f4nia","Morro da Provid\u00eancia","Morro do Bumba","Nova Tuffy","Ocupa\u00e7\u00e3o","Olimp\u00edadas","participa\u00e7\u00e3o zero","Pav\u00e3o-Pav\u00e3ozinho","Pol\u00edcia Militar","Remo\u00e7\u00e3o","Restinga","Santa Marta","S\u00e3o Gon\u00e7alo","Serra da Miseric\u00f3rdia","sustentabilidade","T\u00e1ticas de remo\u00e7\u00e3o: dividir para conquistar","Tavares Bastos","Telerj","UPP","Vale Encantado","Vidigal","Vila Aut\u00f3dromo","Vila Harmonia","Vila Recreio II","Vila Taboinha","Zona Norte","Zona Oeste","Zona Sul"],"articleSection":["#OlhoNaGentrifica\u00e7\u00e3o","#OlhoNaParticipa\u00e7\u00e3o","#OlhoNasRemo\u00e7\u00f5es","#Rio2016","*Destaque","Den\u00fancias","Pol\u00edticas","Seguran\u00e7a P\u00fablica"],"inLanguage":"pt-BR"},{"@type":"WebPage","@id":"https:\/\/rioonwatch.org.br\/?p=15072","url":"https:\/\/rioonwatch.org.br\/?p=15072","name":"Resumo\u2014Um Ano para #Rio2016\u2014Remo\u00e7\u00f5es, Gentrifica\u00e7\u00e3o, Seguran\u00e7a P\u00fablica, Meio Ambiente - RioOnWatch","isPartOf":{"@id":"https:\/\/rioonwatch.org.br\/#website"},"primaryImageOfPage":{"@id":"https:\/\/rioonwatch.org.br\/?p=15072#primaryimage"},"image":{"@id":"https:\/\/rioonwatch.org.br\/?p=15072#primaryimage"},"thumbnailUrl":"https:\/\/rioonwatch.org.br\/wp-content\/uploads\/2015\/08\/collage-e1438789184511.png","datePublished":"2015-08-05T22:20:51+00:00","dateModified":"2024-06-20T19:29:05+00:00","breadcrumb":{"@id":"https:\/\/rioonwatch.org.br\/?p=15072#breadcrumb"},"inLanguage":"pt-BR","potentialAction":[{"@type":"ReadAction","target":["https:\/\/rioonwatch.org.br\/?p=15072"]}]},{"@type":"ImageObject","inLanguage":"pt-BR","@id":"https:\/\/rioonwatch.org.br\/?p=15072#primaryimage","url":"https:\/\/rioonwatch.org.br\/wp-content\/uploads\/2015\/08\/collage-e1438789184511.png","contentUrl":"https:\/\/rioonwatch.org.br\/wp-content\/uploads\/2015\/08\/collage-e1438789184511.png","width":620,"height":267,"caption":"Collagem"},{"@type":"BreadcrumbList","@id":"https:\/\/rioonwatch.org.br\/?p=15072#breadcrumb","itemListElement":[{"@type":"ListItem","position":1,"name":"In\u00edcio","item":"https:\/\/rioonwatch.org.br\/"},{"@type":"ListItem","position":2,"name":"Resumo\u2014Um Ano para #Rio2016\u2014Remo\u00e7\u00f5es, Gentrifica\u00e7\u00e3o, Seguran\u00e7a P\u00fablica, Meio Ambiente"}]},{"@type":"WebSite","@id":"https:\/\/rioonwatch.org.br\/#website","url":"https:\/\/rioonwatch.org.br\/","name":"RioOnWatch","description":"relatos das favelas cariocas","publisher":{"@id":"https:\/\/rioonwatch.org.br\/#organization"},"potentialAction":[{"@type":"SearchAction","target":{"@type":"EntryPoint","urlTemplate":"https:\/\/rioonwatch.org.br\/?s={search_term_string}"},"query-input":{"@type":"PropertyValueSpecification","valueRequired":true,"valueName":"search_term_string"}}],"inLanguage":"pt-BR"},{"@type":"Organization","@id":"https:\/\/rioonwatch.org.br\/#organization","name":"RioOnWatch","url":"https:\/\/rioonwatch.org.br\/","logo":{"@type":"ImageObject","inLanguage":"pt-BR","@id":"https:\/\/rioonwatch.org.br\/#\/schema\/logo\/image\/","url":"https:\/\/rioonwatch.org.br\/wp-content\/uploads\/2021\/06\/RioOnWatchcabecalhoPT11anos-2.png","contentUrl":"https:\/\/rioonwatch.org.br\/wp-content\/uploads\/2021\/06\/RioOnWatchcabecalhoPT11anos-2.png","width":779,"height":277,"caption":"RioOnWatch"},"image":{"@id":"https:\/\/rioonwatch.org.br\/#\/schema\/logo\/image\/"}},{"@type":"Person","@id":"https:\/\/rioonwatch.org.br\/#\/schema\/person\/11d64c290506f9df50c71b850c473f68","name":"Admin","image":{"@type":"ImageObject","inLanguage":"pt-BR","@id":"https:\/\/rioonwatch.org.br\/#\/schema\/person\/image\/","url":"https:\/\/secure.gravatar.com\/avatar\/56211ac74568383903349a1485e3c325?s=96&d=blank&r=g","contentUrl":"https:\/\/secure.gravatar.com\/avatar\/56211ac74568383903349a1485e3c325?s=96&d=blank&r=g","caption":"Admin"},"url":"https:\/\/rioonwatch.org.br\/?author=129"}]}},"_links":{"self":[{"href":"https:\/\/rioonwatch.org.br\/index.php?rest_route=\/wp\/v2\/posts\/15072"}],"collection":[{"href":"https:\/\/rioonwatch.org.br\/index.php?rest_route=\/wp\/v2\/posts"}],"about":[{"href":"https:\/\/rioonwatch.org.br\/index.php?rest_route=\/wp\/v2\/types\/post"}],"author":[{"embeddable":true,"href":"https:\/\/rioonwatch.org.br\/index.php?rest_route=\/wp\/v2\/users\/129"}],"replies":[{"embeddable":true,"href":"https:\/\/rioonwatch.org.br\/index.php?rest_route=%2Fwp%2Fv2%2Fcomments&post=15072"}],"version-history":[{"count":30,"href":"https:\/\/rioonwatch.org.br\/index.php?rest_route=\/wp\/v2\/posts\/15072\/revisions"}],"predecessor-version":[{"id":74248,"href":"https:\/\/rioonwatch.org.br\/index.php?rest_route=\/wp\/v2\/posts\/15072\/revisions\/74248"}],"wp:featuredmedia":[{"embeddable":true,"href":"https:\/\/rioonwatch.org.br\/index.php?rest_route=\/wp\/v2\/media\/15074"}],"wp:attachment":[{"href":"https:\/\/rioonwatch.org.br\/index.php?rest_route=%2Fwp%2Fv2%2Fmedia&parent=15072"}],"wp:term":[{"taxonomy":"category","embeddable":true,"href":"https:\/\/rioonwatch.org.br\/index.php?rest_route=%2Fwp%2Fv2%2Fcategories&post=15072"},{"taxonomy":"post_tag","embeddable":true,"href":"https:\/\/rioonwatch.org.br\/index.php?rest_route=%2Fwp%2Fv2%2Ftags&post=15072"},{"taxonomy":"writer","embeddable":true,"href":"https:\/\/rioonwatch.org.br\/index.php?rest_route=%2Fwp%2Fv2%2Fwriter&post=15072"},{"taxonomy":"translator","embeddable":true,"href":"https:\/\/rioonwatch.org.br\/index.php?rest_route=%2Fwp%2Fv2%2Ftranslator&post=15072"},{"taxonomy":"source","embeddable":true,"href":"https:\/\/rioonwatch.org.br\/index.php?rest_route=%2Fwp%2Fv2%2Fsource&post=15072"},{"taxonomy":"ilustrador","embeddable":true,"href":"https:\/\/rioonwatch.org.br\/index.php?rest_route=%2Fwp%2Fv2%2Filustrador&post=15072"},{"taxonomy":"fotografo","embeddable":true,"href":"https:\/\/rioonwatch.org.br\/index.php?rest_route=%2Fwp%2Fv2%2Ffotografo&post=15072"}],"curies":[{"name":"wp","href":"https:\/\/api.w.org\/{rel}","templated":true}]}}