{"id":15168,"date":"2015-10-01T11:19:43","date_gmt":"2015-10-01T14:19:43","guid":{"rendered":"http:\/\/rioonwatch.org.br\/?p=15168"},"modified":"2024-06-20T16:28:44","modified_gmt":"2024-06-20T19:28:44","slug":"desigualdade-ao-acesso-a-saude-e-suas-implicacoes-politicas-no-rio-de-janeiro","status":"publish","type":"post","link":"https:\/\/rioonwatch.org.br\/?p=15168","title":{"rendered":"Desigualdade no Acesso \u00e0 Sa\u00fade e suas Implica\u00e7\u00f5es Pol\u00edticas no Rio de Janeiro"},"content":{"rendered":"<p style=\"text-align: right;\"><em><strong><a href=\"http:\/\/bit.ly\/1glS49a\" target=\"_blank\" rel=\"noopener\">Click Here for English<img decoding=\"async\" class=\"alignright wp-image-15790\" src=\"http:\/\/rioonwatch.org.br\/wp-content\/uploads\/2012\/08\/EN-standard-e1439583104716.jpg\" alt=\"\" width=\"20\" height=\"20\" \/><\/a><\/strong><\/em><\/p>\n<p class=\"p1\">O Rio de Janeiro \u00e9 conhecido como um lugar desigual. Resultado da <a href=\"http:\/\/bit.ly\/16bu0AT\" target=\"_blank\" rel=\"noopener\">desigualdade hist\u00f3rica e conceitos de planejamento<\/a> urbano que surgiram no in\u00edcio do s\u00e9culo 20, a segrega\u00e7\u00e3o socioecon\u00f4mica da cidade \u00e9 altamente conduzida pela renda e status, que v\u00e3o declinando dos bairros de classe alta na\u00a0<a href=\"http:\/\/bit.ly\/1mNsDyk\" target=\"_blank\" rel=\"noopener\">Zona Sul<\/a>\u00a0em dire\u00e7\u00e3o ao <a href=\"http:\/\/bit.ly\/1qX7nZG\" target=\"_blank\" rel=\"noopener\">Centro<\/a>, at\u00e9 os sub\u00farbios da <a href=\"http:\/\/bit.ly\/WximDf\" target=\"_blank\" rel=\"noopener\">Zona Norte<\/a> e da\u00a0<a href=\"http:\/\/bit.ly\/11tBmFR\" target=\"_blank\" rel=\"noopener\">Zona Oeste<\/a>. Padr\u00f5es de desigualdade s\u00e3o tamb\u00e9m caracterizados por um mosaico urbano, onde favelas e outras formas de moradia informal est\u00e3o localizadas pr\u00f3ximas a bairros de classe alta. Muitos aspectos destas <a href=\"http:\/\/bit.ly\/1owRf9p\" target=\"_blank\" rel=\"noopener\">desigualdades<\/a> espaciais em \u00e1reas urbanas causam impactos diretos na vida di\u00e1ria dos moradores do Rio de Janeiro.<\/p>\n<p>Desigualdade baseada em pobreza e <a href=\"http:\/\/bit.ly\/1kzUmMv\" target=\"_blank\" rel=\"noopener\">sa\u00fade<\/a>\u00a0s\u00e3o frequentemente exacerbadas no cen\u00e1rio urbano, e com isso as pesquisas sobre o sistema de sa\u00fade t\u00eam ultimamente focado nas diferen\u00e7as intra-urbanas. Brevemente, a revista acad\u00eamica <em><a href=\"http:\/\/bit.ly\/1PlWiJp\" target=\"_blank\" rel=\"noopener\">Cadernos de Sa\u00fade<\/a><\/em>\u00a0ir\u00e1 publicar uma edi\u00e7\u00e3o sobre sa\u00fade urbana destacando seus estudos na desigualdade de acesso a sa\u00fade no Rio de janeiro. Este artigo apresenta uma breve vis\u00e3o geral dos resultados e conclus\u00f5es deste estudo.<\/p>\n<p>Para medir a desigualdade da sa\u00fade em todo o munic\u00edpio do Rio de Janeiro, criamos um \u00cdndice de Sa\u00fade Urbana (ISU) para todos os bairros da cidade entre 2002 e 2010. O \u00edndice incorpora oito indicadores usando dados de mortalidade: diabetes, doen\u00e7as do cora\u00e7\u00e3o, c\u00e2ncer de mama, tuberculose, HIV, homic\u00eddios, acidentes de tr\u00e2nsito e mortalidade infantil. Os resultados revelam que, globalmente, o n\u00edvel de desigualdade abaixou em 2010 e o n\u00edvel elevou-se desde 2002.\u00a0Para os indicadores individuais somente diabetes e tuberculose registraram um ligeiro aumento na desigualdade.<\/p>\n<figure id=\"attachment_15172\" aria-describedby=\"caption-attachment-15172\" style=\"width: 688px\" class=\"wp-caption aligncenter\"><img fetchpriority=\"high\" decoding=\"async\" class=\"size-full wp-image-15172\" src=\"http:\/\/rioonwatch.org.br\/wp-content\/uploads\/2015\/08\/Mapa-B-de-saude-urbana.jpg\" alt=\"Figura 1A. Distribui\u00e7\u00e3o geoespacial dos \u00cdndices de Sa\u00fade Urbana (UHI) nos bairros do Rio de Janeiro, 2010.\" width=\"688\" height=\"441\" \/><figcaption id=\"caption-attachment-15172\" class=\"wp-caption-text\">Figura 1A. Distribui\u00e7\u00e3o geoespacial dos \u00cdndices de Sa\u00fade Urbana (UHI) nos bairros do Rio de Janeiro, 2010.<\/figcaption><\/figure>\n<p>&nbsp;<\/p>\n<figure id=\"attachment_15173\" aria-describedby=\"caption-attachment-15173\" style=\"width: 688px\" class=\"wp-caption aligncenter\"><img decoding=\"async\" class=\"size-full wp-image-15173\" src=\"http:\/\/rioonwatch.org.br\/wp-content\/uploads\/2015\/08\/Mapa-A-Saude-urbana-e1439486296512.jpg\" alt=\"Figura 1B. Distribui\u00e7\u00e3o geoespacial dos \u00cdndices de Sa\u00fade Urbana (UHI) nos bairros do Rio de Janeiro, 2002.\" width=\"688\" height=\"425\" \/><figcaption id=\"caption-attachment-15173\" class=\"wp-caption-text\">Figura 1B. Distribui\u00e7\u00e3o geoespacial dos \u00cdndices de Sa\u00fade Urbana (UHI) nos bairros do Rio de Janeiro, 2002.<\/figcaption><\/figure>\n<p>No entanto, os resultados mapeados mostraram que a sa\u00fade da popula\u00e7\u00e3o do Rio de Janeiro permanece distribu\u00edda de forma desigual. Divis\u00f5es espaciais bem conhecidas ainda s\u00e3o persistentes e existem enormes desigualdades intra-urbanas, quando os dados s\u00e3o desagregados por bairro.<\/p>\n<p>Em 2010, vemos \u00edndices baixos nos bairros da regi\u00e3o norte e central. A regi\u00e3o norte e noroeste permanecem particularmente incapazes de fechar a lacuna da equidade.<\/p>\n<p>An\u00e1lises de correla\u00e7\u00e3o bivariada a n\u00edvel de vizinhan\u00e7a revelaram que o estado de sa\u00fade est\u00e1 associado com renda e outros indicadores econ\u00f4micos e sociodemogr\u00e1ficos. O pre\u00e7o m\u00e9dio por metro quadrado do apartamento de um bairro e sua dist\u00e2ncia do Centro da cidade est\u00e3o altamente correlacionados com o ISU. Em particular, os indicadores individuais, tais como diabetes, tuberculose, homic\u00eddio e mortalidade infantil mostraram maiores coeficientes de correla\u00e7\u00e3o e parecem servir como melhores fatores determinantes das condi\u00e7\u00f5es s\u00f3cio-ambientais.<\/p>\n<figure id=\"attachment_15174\" aria-describedby=\"caption-attachment-15174\" style=\"width: 389px\" class=\"wp-caption aligncenter\"><img loading=\"lazy\" decoding=\"async\" class=\"size-full wp-image-15174\" src=\"http:\/\/rioonwatch.org.br\/wp-content\/uploads\/2015\/08\/Mortalidade-infantil.png\" alt=\"Figura2. Taxa de mortalidade infantil por 100 mil nascidos- Nascimentos ocorridos em 2000-2010 em alguns bairros do Rio de Janeiro e quatro cidades brasileiras. Asterisco (*) indica a taxa de mortalidade ap\u00f3s a aplica\u00e7\u00e3o de uma mitiga\u00e7\u00e3o na m\u00e9dia de 5 anos.\" width=\"389\" height=\"348\" srcset=\"https:\/\/rioonwatch.org.br\/wp-content\/uploads\/2015\/08\/Mortalidade-infantil.png 389w, https:\/\/rioonwatch.org.br\/wp-content\/uploads\/2015\/08\/Mortalidade-infantil-295x264.png 295w\" sizes=\"(max-width: 389px) 100vw, 389px\" \/><figcaption id=\"caption-attachment-15174\" class=\"wp-caption-text\">Figura2. Taxa de mortalidade infantil por cada 100 mil nascimentos entre 2000-2010 em alguns bairros do Rio de Janeiro e quatro cidades brasileiras. Asterisco (*) indica a taxa de mortalidade ap\u00f3s a aplica\u00e7\u00e3o de uma mitiga\u00e7\u00e3o na m\u00e9dia de 5 anos.<\/figcaption><\/figure>\n<p>A Organiza\u00e7\u00e3o Mundial de Sa\u00fade (OMS) entende a sa\u00fade como um produto de v\u00e1rios subjacentes Determinantes Sociais da Sa\u00fade. Como no caso do Rio de Janeiro, problemas de sa\u00fade s\u00e3o freq\u00fcentemente associados com condi\u00e7\u00f5es de vida desfavorecidas. O espa\u00e7o urbano \u00e9, ent\u00e3o, um Determinante Social da Sa\u00fade, uma vez que produz certos resultados de sa\u00fade proporcionados e previstos por determinadas circunst\u00e2ncias sociais. Seguindo a argumenta\u00e7\u00e3o da OMS, \u00e9 aqui onde as disparidades de sa\u00fade s\u00e3o transformadas em desigualdades, porque elas s\u00e3o sistem\u00e1tica e socialmente produzidas. O espa\u00e7o pode ser um produto das desigualdades sistem\u00e1ticas pr\u00e9-existentes que s\u00e3o geradas por uma complexa intera\u00e7\u00e3o de padr\u00f5es pol\u00edticos, econ\u00f4micos e sociais.<\/p>\n<p class=\"p1\">No Rio, os bairros com uma grande percentagem de moradores pobres e negros t\u00eam os piores valores no ISU. Estes resultados convidam a reflex\u00f5es sobre a\u00a0<a href=\"http:\/\/bit.ly\/1Hg4Zj3\" target=\"_blank\" rel=\"noopener\">hist\u00f3ria da marginaliza\u00e7\u00e3o social e espacial<\/a> dos moradores pobres e negros da cidade. Em bairros que apresentam os piores \u00edndices de sa\u00fade, nem os lugares, nem os seus moradores s\u00e3o subdesenvolvidos. Tal argumenta\u00e7\u00e3o <a href=\"http:\/\/bit.ly\/P4itK0\" target=\"_blank\" rel=\"noopener\">estigmatiza<\/a> os habitantes da cidade menos privilegiados. De um ponto de vista igualit\u00e1rio, a sociedade e as pol\u00edticas p\u00fablicas deveriam fornecer os padr\u00f5es e oportunidades necess\u00e1rios para melhorar as condi\u00e7\u00f5es de vida e os modos de uma vida saud\u00e1vel. O Brasil, como um pa\u00eds do BRIC moderno e progressista, deveria realizar a sua responsabilidade em proporcionar ambientes saud\u00e1veis e condi\u00e7\u00f5es de vida que permitam que doen\u00e7as como a <a href=\"http:\/\/bit.ly\/1MlqTac\" target=\"_blank\" rel=\"noopener\">tuberculose<\/a> sejam controladas.<\/p>\n<p class=\"p1\">Os resultados revelaram que a tuberculose, mortalidade infantil e diabetes est\u00e3o estreitamente relacionados com as condi\u00e7\u00f5es ambientais e sociais urbanas (Figura 2). Melhorar o diagn\u00f3stico e os esquemas terap\u00eauticos eficientes, portanto, ter\u00e1 apenas um impacto limitado. O Brasil possui extensos programas para tuberculose e de medicamentos de HIV, mas as dimens\u00f5es espaciais e socioecon\u00f4micas precisam ser reconhecidas e enfrentadas a fim de fazer com que qualquer terapia seja bem sucedida.<\/p>\n<p class=\"p2\">A culpa para as desigualdades na sa\u00fade n\u00e3o pode ser atribu\u00edda unicamente ao setor da sa\u00fade. Fechar a lacuna requer uma sociedade integrada para enfrentar os desafios em diversos setores. Uma <a href=\"http:\/\/bit.ly\/1TvSmGt\" target=\"_blank\" rel=\"noopener\">sociedade civil<\/a> ideal tem uma consci\u00eancia cr\u00edtica em rela\u00e7\u00e3o as condi\u00e7\u00f5es de vida injustas na sua vizinhan\u00e7a imediata. Tal sentimento de\u00a0<a href=\"http:\/\/bit.ly\/1DLIFlK\" target=\"_blank\" rel=\"noopener\">solidariedade<\/a> e de coes\u00e3o social \u00e9 obrigat\u00f3rio para a redu\u00e7\u00e3o das desigualdades, mas isto muitas vezes falta na pol\u00edtica brasileira. O Estado tem, naturalmente, um papel especial a desempenhar no processo de constru\u00e7\u00e3o da igualdade, uma vez que s\u00e3o as institui\u00e7\u00f5es governamentais que t\u00eam os instrumentos de planejamento e o poder para implementar novas pol\u00edticas. No Brasil, as teorias de Lefebvre, de <em>Direito \u00e0 Cidade<\/em> de Harvey, e de <em>Sa\u00fade para Todos<\/em> de Alma Ata s\u00e3o abrangidas em diversas formas legislativas, mas h\u00e1 <a href=\"http:\/\/bit.ly\/1FM0mN6\" target=\"_blank\" rel=\"noopener\">discrep\u00e2ncias<\/a>\u00a0quando essas normas s\u00e3o traduzidos para a pr\u00e1tica.<\/p>\n<p class=\"p1\">Antes dos Jogos Ol\u00edmpicos de 2016 serem anunciados, n\u00e3o havia um conceito de desenvolvimento urbano para tratar destas disparidades estruturais. Agora que os Jogos Ol\u00edmpicos serviram como um catalisador para novas pol\u00edticas urbanas ao lado de uma crescente consci\u00eancia p\u00fablica, o Rio de Janeiro tem uma oportunidade hist\u00f3rica para a mudan\u00e7a. Os protestos de 2013 demonstraram que a sa\u00fade, al\u00e9m de <a href=\"http:\/\/bit.ly\/1acNApR\" target=\"_blank\" rel=\"noopener\">educa\u00e7\u00e3o<\/a> e <a href=\"http:\/\/bit.ly\/1WkJojx\" target=\"_blank\" rel=\"noopener\">transporte<\/a>, \u00e9 uma das quest\u00f5es mais importantes que as pessoas querem abordar. Est\u00e1 claro que alguns processos b\u00e1sicos est\u00e3o em andamento nos quais a pol\u00edtica, o setor da sa\u00fade e a sociedade civil se alinharam para preencher a lacuna da igualdade social e espacial. Evid\u00eancias mostram que n\u00e3o \u00e9, somente, o investimento em ambientes constru\u00eddos que muda os padr\u00f5es de desigualdade, mas sim investimentos em programas sociais.<\/p>\n<p class=\"p1\">Os resultados desta pesquisa apoiam o <a href=\"http:\/\/bit.ly\/1gkUF3f\" target=\"_blank\" rel=\"noopener\">Programa de Sa\u00fade da Fam\u00edlia<\/a> (PSF), que foi iniciado pelo governo federal e implementado pela Secretaria Municipal de Sa\u00fade em 2008. O PSF prev\u00ea cobrir 70% da popula\u00e7\u00e3o do Rio de Janeiro em 2016. O PSF \u00e9 baseado em um abordagem comunit\u00e1ria que responde \u00e0s caracter\u00edsticas individuais dos bairros locais. \u00c9 focado na preven\u00e7\u00e3o e controle de doen\u00e7as e dever\u00e1 permitir uma melhor supervis\u00e3o e avalia\u00e7\u00e3o. No entanto, o PSF aborda apenas cuidados de sa\u00fade b\u00e1sicos e portanto, n\u00e3o ser\u00e1 capaz de atender plenamente as dimens\u00f5es socioecon\u00f4micas das desigualdades na sa\u00fade.<\/p>\n<p class=\"p1\">Uma caracter\u00edstica fundamental das sociedades civis humanit\u00e1rias e sofisticadas \u00e9 a luta para alcan\u00e7ar um estado de equidade na sa\u00fade da popula\u00e7\u00e3o. O desenvolvimento do Brasil n\u00e3o deve apenas ser avaliado atrav\u00e9s de marcadores econ\u00f4micos, mas sim pela transforma\u00e7\u00e3o da sociedade como um todo. A sa\u00fade \u00e9 um dos melhores indicadores de bem-estar dos habitantes de uma cidade, em geral, e do desenvolvimento urbano progressivo. Nosso estudo do ISU mostrou que a desigualdade na sa\u00fade est\u00e1 diminuindo lentamente, mas a igualdade real para a sa\u00fade n\u00e3o pode ser uma realidade sem a luta pol\u00edtica para a justi\u00e7a social.<\/p>\n<p><em>Para ler mais, veja o trabalho de pesquisa completo em Cadernos de Sa\u00fade por M. Bortz, M. Kano, H. Ramroth, C. Barcellos, S. Weaver, R. Rothenberg, e M. Magalh\u00e3es, intitulado &#8220;A desagrega\u00e7\u00e3o das desigualdades na sa\u00fade no Rio de Janeiro, Brasil, 2002-2010, atrav\u00e9s da aplica\u00e7\u00e3o de um \u00edndice de desigualdade de sa\u00fade urbana&#8221;. Cad. Sa\u00fade P\u00fablica, Rio de Janeiro, 30 (J), de 2015.<\/em><\/p>\n<p class=\"p1\"><em>Ver tamb\u00e9m <a href=\"http:\/\/bit.ly\/1L7hFzB\" target=\"_blank\" rel=\"noopener\">extenso material<\/a> da Organiza\u00e7\u00e3o Mundial de Sa\u00fade sobre a mensura\u00e7\u00e3o das desigualdades na sa\u00fade urbana.<\/em><\/p>\n<p class=\"p1\"><em>Martin Bortz \u00e9 doutorando de Medicina na Universidade de Heidelberg, Alemanha. Sua tese de doutorado \u00e9 sobre a desigualdade da sa\u00fade na cidade do Rio de Janeiro. O projeto \u00e9 realizado em colabora\u00e7\u00e3o com a OMS Centro para o Desenvolvimento da Sa\u00fade Kobe, FIOCRUZ-ICICT Rio de Janeiro e o Instituto de Sa\u00fade P\u00fablica em Heidelberg.<\/em><\/p>\n<!-- AddThis Advanced Settings generic via filter on the_content --><!-- AddThis Share Buttons generic via filter on the_content -->","protected":false},"excerpt":{"rendered":"<div class=\"mh-excerpt\"><p>Click Here for English O Rio de Janeiro \u00e9 conhecido como um lugar desigual. Resultado da desigualdade hist\u00f3rica e conceitos de planejamento urbano que surgiram no in\u00edcio do s\u00e9culo 20, a segrega\u00e7\u00e3o socioecon\u00f4mica da cidade <a class=\"mh-excerpt-more\" href=\"https:\/\/rioonwatch.org.br\/?p=15168\" title=\"Desigualdade no Acesso \u00e0 Sa\u00fade e suas Implica\u00e7\u00f5es Pol\u00edticas no Rio de Janeiro\">[&#8230;]<\/a><!-- AddThis Advanced Settings generic via filter on get_the_excerpt --><!-- AddThis Share Buttons generic via filter on get_the_excerpt --><\/p>\n<\/div>","protected":false},"author":129,"featured_media":15170,"comment_status":"closed","ping_status":"closed","sticky":false,"template":"","format":"standard","meta":{"_acf_changed":false,"_monsterinsights_skip_tracking":false,"_monsterinsights_sitenote_active":false,"_monsterinsights_sitenote_note":"","_monsterinsights_sitenote_category":0,"footnotes":""},"categories":[1635,1632,1631,1626,344],"tags":[1689,293,413,863,1688,1413,1240,78,588,763,294,814,866],"writer":[861],"translator":[1561],"source":[],"ilustrador":[],"fotografo":[],"class_list":{"0":"post-15168","1":"post","2":"type-post","3":"status-publish","4":"format-standard","5":"has-post-thumbnail","7":"category-1635","8":"category-pesquisa-e-analise","9":"category-entendendo-o-rio","10":"category-por-observadores-internacionais","11":"category-politicas","12":"tag-acidentes-de-transito","13":"tag-cancer","14":"tag-desigualdade","15":"tag-hiv","16":"tag-homicidio","17":"tag-marginalizacao","18":"tag-megaeventos","19":"tag-olimpiadas","20":"tag-pesquisa","21":"tag-protesto","22":"tag-saude","23":"tag-segregacao","24":"tag-tuberculose","25":"writer-martin-bortz","26":"translator-isabela-lyrio"},"acf":[],"yoast_head":"<!-- This site is optimized with the Yoast SEO plugin v25.6 - https:\/\/yoast.com\/wordpress\/plugins\/seo\/ -->\n<title>Desigualdade no Acesso \u00e0 Sa\u00fade e suas Implica\u00e7\u00f5es Pol\u00edticas no Rio de Janeiro - RioOnWatch<\/title>\n<meta name=\"robots\" content=\"index, follow, max-snippet:-1, max-image-preview:large, max-video-preview:-1\" \/>\n<link rel=\"canonical\" href=\"https:\/\/rioonwatch.org.br\/?p=15168\" \/>\n<meta property=\"og:locale\" content=\"pt_BR\" \/>\n<meta property=\"og:type\" content=\"article\" \/>\n<meta property=\"og:title\" content=\"Desigualdade no Acesso \u00e0 Sa\u00fade e suas Implica\u00e7\u00f5es Pol\u00edticas no Rio de Janeiro - RioOnWatch\" \/>\n<meta property=\"og:description\" content=\"Click Here for English O Rio de Janeiro \u00e9 conhecido como um lugar desigual. Resultado da desigualdade hist\u00f3rica e conceitos de planejamento urbano que surgiram no in\u00edcio do s\u00e9culo 20, a segrega\u00e7\u00e3o socioecon\u00f4mica da cidade [...]\" \/>\n<meta property=\"og:url\" content=\"https:\/\/rioonwatch.org.br\/?p=15168\" \/>\n<meta property=\"og:site_name\" content=\"RioOnWatch\" \/>\n<meta property=\"article:published_time\" content=\"2015-10-01T14:19:43+00:00\" \/>\n<meta property=\"article:modified_time\" content=\"2024-06-20T19:28:44+00:00\" \/>\n<meta property=\"og:image\" content=\"https:\/\/rioonwatch.org.br\/wp-content\/uploads\/2015\/08\/hospitais.jpg\" \/>\n\t<meta property=\"og:image:width\" content=\"614\" \/>\n\t<meta property=\"og:image:height\" content=\"286\" \/>\n\t<meta property=\"og:image:type\" content=\"image\/jpeg\" \/>\n<meta name=\"author\" content=\"Admin\" \/>\n<meta name=\"twitter:card\" content=\"summary_large_image\" \/>\n<meta name=\"twitter:label1\" content=\"Escrito por\" \/>\n\t<meta name=\"twitter:data1\" content=\"Admin\" \/>\n\t<meta name=\"twitter:label2\" content=\"Est. tempo de leitura\" \/>\n\t<meta name=\"twitter:data2\" content=\"8 minutos\" \/>\n<script type=\"application\/ld+json\" class=\"yoast-schema-graph\">{\"@context\":\"https:\/\/schema.org\",\"@graph\":[{\"@type\":\"Article\",\"@id\":\"https:\/\/rioonwatch.org.br\/?p=15168#article\",\"isPartOf\":{\"@id\":\"https:\/\/rioonwatch.org.br\/?p=15168\"},\"author\":{\"name\":\"Admin\",\"@id\":\"https:\/\/rioonwatch.org.br\/#\/schema\/person\/11d64c290506f9df50c71b850c473f68\"},\"headline\":\"Desigualdade no Acesso \u00e0 Sa\u00fade e suas Implica\u00e7\u00f5es Pol\u00edticas no Rio de Janeiro\",\"datePublished\":\"2015-10-01T14:19:43+00:00\",\"dateModified\":\"2024-06-20T19:28:44+00:00\",\"mainEntityOfPage\":{\"@id\":\"https:\/\/rioonwatch.org.br\/?p=15168\"},\"wordCount\":1612,\"publisher\":{\"@id\":\"https:\/\/rioonwatch.org.br\/#organization\"},\"image\":{\"@id\":\"https:\/\/rioonwatch.org.br\/?p=15168#primaryimage\"},\"thumbnailUrl\":\"https:\/\/rioonwatch.org.br\/wp-content\/uploads\/2015\/08\/hospitais.jpg\",\"keywords\":[\"acidentes de tr\u00e2nsito\",\"C\u00e2ncer\",\"desigualdade\",\"HIV\",\"homic\u00eddio\",\"marginaliza\u00e7\u00e3o\",\"Megaeventos\",\"Olimp\u00edadas\",\"pesquisa\",\"protesto\",\"sa\u00fade\",\"segrega\u00e7\u00e3o\",\"tuberculose\"],\"articleSection\":[\"#Rio2016\",\"Dados e Pesquisa\",\"Entendendo o Rio\",\"Escrito por Aliados\",\"Pol\u00edticas\"],\"inLanguage\":\"pt-BR\"},{\"@type\":\"WebPage\",\"@id\":\"https:\/\/rioonwatch.org.br\/?p=15168\",\"url\":\"https:\/\/rioonwatch.org.br\/?p=15168\",\"name\":\"Desigualdade no Acesso \u00e0 Sa\u00fade e suas Implica\u00e7\u00f5es Pol\u00edticas no Rio de Janeiro - RioOnWatch\",\"isPartOf\":{\"@id\":\"https:\/\/rioonwatch.org.br\/#website\"},\"primaryImageOfPage\":{\"@id\":\"https:\/\/rioonwatch.org.br\/?p=15168#primaryimage\"},\"image\":{\"@id\":\"https:\/\/rioonwatch.org.br\/?p=15168#primaryimage\"},\"thumbnailUrl\":\"https:\/\/rioonwatch.org.br\/wp-content\/uploads\/2015\/08\/hospitais.jpg\",\"datePublished\":\"2015-10-01T14:19:43+00:00\",\"dateModified\":\"2024-06-20T19:28:44+00:00\",\"breadcrumb\":{\"@id\":\"https:\/\/rioonwatch.org.br\/?p=15168#breadcrumb\"},\"inLanguage\":\"pt-BR\",\"potentialAction\":[{\"@type\":\"ReadAction\",\"target\":[\"https:\/\/rioonwatch.org.br\/?p=15168\"]}]},{\"@type\":\"ImageObject\",\"inLanguage\":\"pt-BR\",\"@id\":\"https:\/\/rioonwatch.org.br\/?p=15168#primaryimage\",\"url\":\"https:\/\/rioonwatch.org.br\/wp-content\/uploads\/2015\/08\/hospitais.jpg\",\"contentUrl\":\"https:\/\/rioonwatch.org.br\/wp-content\/uploads\/2015\/08\/hospitais.jpg\",\"width\":614,\"height\":286},{\"@type\":\"BreadcrumbList\",\"@id\":\"https:\/\/rioonwatch.org.br\/?p=15168#breadcrumb\",\"itemListElement\":[{\"@type\":\"ListItem\",\"position\":1,\"name\":\"In\u00edcio\",\"item\":\"https:\/\/rioonwatch.org.br\/\"},{\"@type\":\"ListItem\",\"position\":2,\"name\":\"Desigualdade no Acesso \u00e0 Sa\u00fade e suas Implica\u00e7\u00f5es Pol\u00edticas no Rio de Janeiro\"}]},{\"@type\":\"WebSite\",\"@id\":\"https:\/\/rioonwatch.org.br\/#website\",\"url\":\"https:\/\/rioonwatch.org.br\/\",\"name\":\"RioOnWatch\",\"description\":\"relatos das favelas cariocas\",\"publisher\":{\"@id\":\"https:\/\/rioonwatch.org.br\/#organization\"},\"potentialAction\":[{\"@type\":\"SearchAction\",\"target\":{\"@type\":\"EntryPoint\",\"urlTemplate\":\"https:\/\/rioonwatch.org.br\/?s={search_term_string}\"},\"query-input\":{\"@type\":\"PropertyValueSpecification\",\"valueRequired\":true,\"valueName\":\"search_term_string\"}}],\"inLanguage\":\"pt-BR\"},{\"@type\":\"Organization\",\"@id\":\"https:\/\/rioonwatch.org.br\/#organization\",\"name\":\"RioOnWatch\",\"url\":\"https:\/\/rioonwatch.org.br\/\",\"logo\":{\"@type\":\"ImageObject\",\"inLanguage\":\"pt-BR\",\"@id\":\"https:\/\/rioonwatch.org.br\/#\/schema\/logo\/image\/\",\"url\":\"https:\/\/rioonwatch.org.br\/wp-content\/uploads\/2021\/06\/RioOnWatchcabecalhoPT11anos-2.png\",\"contentUrl\":\"https:\/\/rioonwatch.org.br\/wp-content\/uploads\/2021\/06\/RioOnWatchcabecalhoPT11anos-2.png\",\"width\":779,\"height\":277,\"caption\":\"RioOnWatch\"},\"image\":{\"@id\":\"https:\/\/rioonwatch.org.br\/#\/schema\/logo\/image\/\"}},{\"@type\":\"Person\",\"@id\":\"https:\/\/rioonwatch.org.br\/#\/schema\/person\/11d64c290506f9df50c71b850c473f68\",\"name\":\"Admin\",\"image\":{\"@type\":\"ImageObject\",\"inLanguage\":\"pt-BR\",\"@id\":\"https:\/\/rioonwatch.org.br\/#\/schema\/person\/image\/\",\"url\":\"https:\/\/secure.gravatar.com\/avatar\/56211ac74568383903349a1485e3c325?s=96&d=blank&r=g\",\"contentUrl\":\"https:\/\/secure.gravatar.com\/avatar\/56211ac74568383903349a1485e3c325?s=96&d=blank&r=g\",\"caption\":\"Admin\"},\"url\":\"https:\/\/rioonwatch.org.br\/?author=129\"}]}<\/script>\n<!-- \/ Yoast SEO plugin. -->","yoast_head_json":{"title":"Desigualdade no Acesso \u00e0 Sa\u00fade e suas Implica\u00e7\u00f5es Pol\u00edticas no Rio de Janeiro - RioOnWatch","robots":{"index":"index","follow":"follow","max-snippet":"max-snippet:-1","max-image-preview":"max-image-preview:large","max-video-preview":"max-video-preview:-1"},"canonical":"https:\/\/rioonwatch.org.br\/?p=15168","og_locale":"pt_BR","og_type":"article","og_title":"Desigualdade no Acesso \u00e0 Sa\u00fade e suas Implica\u00e7\u00f5es Pol\u00edticas no Rio de Janeiro - RioOnWatch","og_description":"Click Here for English O Rio de Janeiro \u00e9 conhecido como um lugar desigual. Resultado da desigualdade hist\u00f3rica e conceitos de planejamento urbano que surgiram no in\u00edcio do s\u00e9culo 20, a segrega\u00e7\u00e3o socioecon\u00f4mica da cidade [...]","og_url":"https:\/\/rioonwatch.org.br\/?p=15168","og_site_name":"RioOnWatch","article_published_time":"2015-10-01T14:19:43+00:00","article_modified_time":"2024-06-20T19:28:44+00:00","og_image":[{"width":614,"height":286,"url":"https:\/\/rioonwatch.org.br\/wp-content\/uploads\/2015\/08\/hospitais.jpg","type":"image\/jpeg"}],"author":"Admin","twitter_card":"summary_large_image","twitter_misc":{"Escrito por":"Admin","Est. tempo de leitura":"8 minutos"},"schema":{"@context":"https:\/\/schema.org","@graph":[{"@type":"Article","@id":"https:\/\/rioonwatch.org.br\/?p=15168#article","isPartOf":{"@id":"https:\/\/rioonwatch.org.br\/?p=15168"},"author":{"name":"Admin","@id":"https:\/\/rioonwatch.org.br\/#\/schema\/person\/11d64c290506f9df50c71b850c473f68"},"headline":"Desigualdade no Acesso \u00e0 Sa\u00fade e suas Implica\u00e7\u00f5es Pol\u00edticas no Rio de Janeiro","datePublished":"2015-10-01T14:19:43+00:00","dateModified":"2024-06-20T19:28:44+00:00","mainEntityOfPage":{"@id":"https:\/\/rioonwatch.org.br\/?p=15168"},"wordCount":1612,"publisher":{"@id":"https:\/\/rioonwatch.org.br\/#organization"},"image":{"@id":"https:\/\/rioonwatch.org.br\/?p=15168#primaryimage"},"thumbnailUrl":"https:\/\/rioonwatch.org.br\/wp-content\/uploads\/2015\/08\/hospitais.jpg","keywords":["acidentes de tr\u00e2nsito","C\u00e2ncer","desigualdade","HIV","homic\u00eddio","marginaliza\u00e7\u00e3o","Megaeventos","Olimp\u00edadas","pesquisa","protesto","sa\u00fade","segrega\u00e7\u00e3o","tuberculose"],"articleSection":["#Rio2016","Dados e Pesquisa","Entendendo o Rio","Escrito por Aliados","Pol\u00edticas"],"inLanguage":"pt-BR"},{"@type":"WebPage","@id":"https:\/\/rioonwatch.org.br\/?p=15168","url":"https:\/\/rioonwatch.org.br\/?p=15168","name":"Desigualdade no Acesso \u00e0 Sa\u00fade e suas Implica\u00e7\u00f5es Pol\u00edticas no Rio de Janeiro - RioOnWatch","isPartOf":{"@id":"https:\/\/rioonwatch.org.br\/#website"},"primaryImageOfPage":{"@id":"https:\/\/rioonwatch.org.br\/?p=15168#primaryimage"},"image":{"@id":"https:\/\/rioonwatch.org.br\/?p=15168#primaryimage"},"thumbnailUrl":"https:\/\/rioonwatch.org.br\/wp-content\/uploads\/2015\/08\/hospitais.jpg","datePublished":"2015-10-01T14:19:43+00:00","dateModified":"2024-06-20T19:28:44+00:00","breadcrumb":{"@id":"https:\/\/rioonwatch.org.br\/?p=15168#breadcrumb"},"inLanguage":"pt-BR","potentialAction":[{"@type":"ReadAction","target":["https:\/\/rioonwatch.org.br\/?p=15168"]}]},{"@type":"ImageObject","inLanguage":"pt-BR","@id":"https:\/\/rioonwatch.org.br\/?p=15168#primaryimage","url":"https:\/\/rioonwatch.org.br\/wp-content\/uploads\/2015\/08\/hospitais.jpg","contentUrl":"https:\/\/rioonwatch.org.br\/wp-content\/uploads\/2015\/08\/hospitais.jpg","width":614,"height":286},{"@type":"BreadcrumbList","@id":"https:\/\/rioonwatch.org.br\/?p=15168#breadcrumb","itemListElement":[{"@type":"ListItem","position":1,"name":"In\u00edcio","item":"https:\/\/rioonwatch.org.br\/"},{"@type":"ListItem","position":2,"name":"Desigualdade no Acesso \u00e0 Sa\u00fade e suas Implica\u00e7\u00f5es Pol\u00edticas no Rio de Janeiro"}]},{"@type":"WebSite","@id":"https:\/\/rioonwatch.org.br\/#website","url":"https:\/\/rioonwatch.org.br\/","name":"RioOnWatch","description":"relatos das favelas cariocas","publisher":{"@id":"https:\/\/rioonwatch.org.br\/#organization"},"potentialAction":[{"@type":"SearchAction","target":{"@type":"EntryPoint","urlTemplate":"https:\/\/rioonwatch.org.br\/?s={search_term_string}"},"query-input":{"@type":"PropertyValueSpecification","valueRequired":true,"valueName":"search_term_string"}}],"inLanguage":"pt-BR"},{"@type":"Organization","@id":"https:\/\/rioonwatch.org.br\/#organization","name":"RioOnWatch","url":"https:\/\/rioonwatch.org.br\/","logo":{"@type":"ImageObject","inLanguage":"pt-BR","@id":"https:\/\/rioonwatch.org.br\/#\/schema\/logo\/image\/","url":"https:\/\/rioonwatch.org.br\/wp-content\/uploads\/2021\/06\/RioOnWatchcabecalhoPT11anos-2.png","contentUrl":"https:\/\/rioonwatch.org.br\/wp-content\/uploads\/2021\/06\/RioOnWatchcabecalhoPT11anos-2.png","width":779,"height":277,"caption":"RioOnWatch"},"image":{"@id":"https:\/\/rioonwatch.org.br\/#\/schema\/logo\/image\/"}},{"@type":"Person","@id":"https:\/\/rioonwatch.org.br\/#\/schema\/person\/11d64c290506f9df50c71b850c473f68","name":"Admin","image":{"@type":"ImageObject","inLanguage":"pt-BR","@id":"https:\/\/rioonwatch.org.br\/#\/schema\/person\/image\/","url":"https:\/\/secure.gravatar.com\/avatar\/56211ac74568383903349a1485e3c325?s=96&d=blank&r=g","contentUrl":"https:\/\/secure.gravatar.com\/avatar\/56211ac74568383903349a1485e3c325?s=96&d=blank&r=g","caption":"Admin"},"url":"https:\/\/rioonwatch.org.br\/?author=129"}]}},"_links":{"self":[{"href":"https:\/\/rioonwatch.org.br\/index.php?rest_route=\/wp\/v2\/posts\/15168"}],"collection":[{"href":"https:\/\/rioonwatch.org.br\/index.php?rest_route=\/wp\/v2\/posts"}],"about":[{"href":"https:\/\/rioonwatch.org.br\/index.php?rest_route=\/wp\/v2\/types\/post"}],"author":[{"embeddable":true,"href":"https:\/\/rioonwatch.org.br\/index.php?rest_route=\/wp\/v2\/users\/129"}],"replies":[{"embeddable":true,"href":"https:\/\/rioonwatch.org.br\/index.php?rest_route=%2Fwp%2Fv2%2Fcomments&post=15168"}],"version-history":[{"count":10,"href":"https:\/\/rioonwatch.org.br\/index.php?rest_route=\/wp\/v2\/posts\/15168\/revisions"}],"predecessor-version":[{"id":33016,"href":"https:\/\/rioonwatch.org.br\/index.php?rest_route=\/wp\/v2\/posts\/15168\/revisions\/33016"}],"wp:featuredmedia":[{"embeddable":true,"href":"https:\/\/rioonwatch.org.br\/index.php?rest_route=\/wp\/v2\/media\/15170"}],"wp:attachment":[{"href":"https:\/\/rioonwatch.org.br\/index.php?rest_route=%2Fwp%2Fv2%2Fmedia&parent=15168"}],"wp:term":[{"taxonomy":"category","embeddable":true,"href":"https:\/\/rioonwatch.org.br\/index.php?rest_route=%2Fwp%2Fv2%2Fcategories&post=15168"},{"taxonomy":"post_tag","embeddable":true,"href":"https:\/\/rioonwatch.org.br\/index.php?rest_route=%2Fwp%2Fv2%2Ftags&post=15168"},{"taxonomy":"writer","embeddable":true,"href":"https:\/\/rioonwatch.org.br\/index.php?rest_route=%2Fwp%2Fv2%2Fwriter&post=15168"},{"taxonomy":"translator","embeddable":true,"href":"https:\/\/rioonwatch.org.br\/index.php?rest_route=%2Fwp%2Fv2%2Ftranslator&post=15168"},{"taxonomy":"source","embeddable":true,"href":"https:\/\/rioonwatch.org.br\/index.php?rest_route=%2Fwp%2Fv2%2Fsource&post=15168"},{"taxonomy":"ilustrador","embeddable":true,"href":"https:\/\/rioonwatch.org.br\/index.php?rest_route=%2Fwp%2Fv2%2Filustrador&post=15168"},{"taxonomy":"fotografo","embeddable":true,"href":"https:\/\/rioonwatch.org.br\/index.php?rest_route=%2Fwp%2Fv2%2Ffotografo&post=15168"}],"curies":[{"name":"wp","href":"https:\/\/api.w.org\/{rel}","templated":true}]}}