{"id":15663,"date":"2015-08-26T09:00:02","date_gmt":"2015-08-26T12:00:02","guid":{"rendered":"http:\/\/rioonwatch.org.br\/?p=15663"},"modified":"2015-08-26T14:04:25","modified_gmt":"2015-08-26T17:04:25","slug":"i-encontro-de-turismo-de-base-comunitaria-da-costa-verde-encontro-discute-os-desafios-das-comunidades-rumo-a-sustentabilidade","status":"publish","type":"post","link":"https:\/\/rioonwatch.org.br\/?p=15663","title":{"rendered":"Primeiro Encontro Discute Turismo de Base Comunit\u00e1ria na Costa Verde"},"content":{"rendered":"<p>Foi realizado, de 23 a 25 de julho na comunidade cai\u00e7ara de <a href=\"http:\/\/bit.ly\/1J8do9p\" target=\"_blank\">Tarituba<\/a> em Paraty, o <a href=\"http:\/\/bit.ly\/1MGrZPn\" target=\"_blank\">I Encontro de Turismo de Base Comunit\u00e1ria da Costa Verde<\/a>. Este encontro foi realizado pela Secretaria de Turismo de Paraty em a\u00e7\u00e3o consorciada a Funda\u00e7\u00e3o de Turismo de Angra dos Reis-TURISANGRA.<\/p>\n<p>O turismo de base comunit\u00e1ria se caracteriza pela participa\u00e7\u00e3o da comunidade no desenvolvimento da atividade tur\u00edstica, contribui para a valoriza\u00e7\u00e3o da identidade local e preserva\u00e7\u00e3o do territ\u00f3rio. \u00c9 uma alternativa ao modelo de turismo tradicional, que quando voltado somente para o crescimento econ\u00f4mico, afeta os destinos receptores, excluindo a cultura local. O turismo de base comunit\u00e1ria tem como proposta o conceito de desenvolvimento sustent\u00e1vel, que aplicado ao <a href=\"http:\/\/bit.ly\/18lJFqY\" target=\"_blank\">turismo<\/a> contribui tamb\u00e9m para a gera\u00e7\u00e3o de renda para as comunidades receptoras. Possui desafios socioecon\u00f4micos e ambientais que remetem a necessidade de propiciar melhores condi\u00e7\u00f5es de vida a comunidade local.<\/p>\n<p>Foram tr\u00eas dias de encontro na comunidade cai\u00e7ara de Tarituba, onde o <a href=\"http:\/\/on.fb.me\/1MAo2dC\" target=\"_blank\">F\u00f3rum de\u00a0Comunidades Tradicionais<\/a>\u00a0cai\u00e7aras, ind\u00edgenas e quilombolas de Angra, Paraty e Ubatuba se reuniram junto a Universidade Federal Rural do Rio de Janeiro, a Associa\u00e7\u00e3o de Moradores, parceiros e pesquisadores para discutir o turismo de base comunit\u00e1ria na regi\u00e3o da Costa Verde como uma resposta ao crescimento do turismo desordenado que pressiona o territ\u00f3rio amea\u00e7ando o meio ambiente ecol\u00f3gico e humano.<\/p>\n<p>No primeiro dia de di\u00e1logo na mesa Territ\u00f3rio foram apresentadas as quest\u00f5es territoriais que a regi\u00e3o vem passando desde a d\u00e9cada de 70 com a abertura da BR 101. Diversas comunidades foram removidas de seu lugar de origem por conta da especula\u00e7\u00e3o imobili\u00e1ria e <a href=\"http:\/\/bit.ly\/1E7ImSj\" target=\"_blank\">muitos vivem hoje em dia nas periferias de Angra e Paraty<\/a>.<\/p>\n<p><a href=\"http:\/\/rioonwatch.org.br\/wp-content\/uploads\/2015\/08\/Mesa-Turism-professora-Teresa-Mendonca.jpg\"><img fetchpriority=\"high\" decoding=\"async\" class=\"aligncenter size-content wp-image-16144\" src=\"http:\/\/rioonwatch.org.br\/wp-content\/uploads\/2015\/08\/Mesa-Turism-professora-Teresa-Mendonca-620x250.jpg\" alt=\"Professora Teresa Mendon\u00e7a, da UFRRJ, participa da mesa sobre turismo de base comunit\u00e1ria.\" width=\"620\" height=\"250\" \/><\/a><\/p>\n<p>No primeiro dia de debate foram apresentados na mesa de Turismo os conceitos e pr\u00e1ticas do <a href=\"http:\/\/bit.ly\/1PC7yl4\" target=\"_blank\">Turismo de Base Comunit\u00e1ria<\/a>\u00a0e\u00a0foi dada a voz aos integrantes das comunidades tradicionais, onde eles apresentaram todas as dificuldades que v\u00eam enfrentando. Os conceitos foram apresentados pela\u00a0professora Teresa Mendon\u00e7a da Universidade Federal Rural do Rio de Janeiro (UFRRJ).<\/p>\n<p>Jos\u00e9 Roberto da comunidade cai\u00e7ara de S\u00e3o Gon\u00e7alo falou de todo o sofrimento que sua comunidade passou por conta da luta pela manuten\u00e7\u00e3o em seu territ\u00f3rio; Rafaela Albino da <a href=\"http:\/\/bit.ly\/1U0xdo0\" target=\"_blank\">comunidade cai\u00e7ara da Praia do Sono<\/a>, falou sobre o turismo desordenado que a comunidade vem enfrentando durante a alta temporada, onde os moradores mudam sua rotina para atender a demanda de turistas que chegam no local; Ang\u00e9lica Pinheiro da comunidade do <a href=\"http:\/\/bit.ly\/1JttTSL\" target=\"_blank\">Quilombo do Bracu\u00ed<\/a> disse que o turismo deve ser diferenciado e feito pelos pr\u00f3prios quilombolas; Lucas Xunu da <a href=\"http:\/\/bit.ly\/1ht32KD\" target=\"_blank\">aldeia Sapukai<\/a> falou da import\u00e2ncia da cultura ind\u00edgena.<\/p>\n<p><img decoding=\"async\" class=\"aligncenter wp-image-16101 size-content\" title=\"Lucas Xunu da aldeia Sapukai fala sobre a cultura ind\u00edgena\" src=\"http:\/\/rioonwatch.org.br\/wp-content\/uploads\/2015\/08\/Lucas-Xunu-da-aldeia-Sapukai2-620x264.jpg\" alt=\"Lucas Xunu da aldeia Sapukai fala sobre a cultura ind\u00edgena\" width=\"620\" height=\"264\" \/><\/p>\n<p>No segundo dia de di\u00e1logo foram apresentadas as experi\u00eancias de Turismo de Base Comunit\u00e1ria pela <a href=\"http:\/\/on.fb.me\/1NoiJQ7\" target=\"_blank\">Rede Tucum<\/a>\u00a0do Cear\u00e1, do <a href=\"http:\/\/on.fb.me\/1JmxezY\" target=\"_blank\">Projeto Bagagem<\/a> e do roteiro \u00e9tnico cultural de base comunit\u00e1ria apresentado por Daniele Elias do <a href=\"http:\/\/bit.ly\/1ht4yfR\" target=\"_blank\">quilombo do Campinho da Independ\u00eancia<\/a>, Paraty;\u00a0Edmundo Gallo da Fiocruz, apresentou o <a href=\"http:\/\/bit.ly\/1J7whvf\" target=\"_blank\">Observat\u00f3rio de Territ\u00f3rios Sustent\u00e1veis e Saud\u00e1veis<\/a> que est\u00e1 sendo realizado nas comunidades tradicionais da Costa Verde.<\/p>\n<p>Esse evento foi muito importante para a discuss\u00e3o sobre um turismo sustent\u00e1vel nas comunidades tradicionais da Costa Verde. Esse \u00e9 um come\u00e7o para o fortalecimento, articula\u00e7\u00e3o e comunica\u00e7\u00e3o entre as comunidades que lutam para se manterem em seus territ\u00f3rios e pela preserva\u00e7\u00e3o de sua hist\u00f3ria e mem\u00f3ria.<\/p>\n<p><em>Tha\u00eds Rosa Pinheiro \u00e9 Mestre em Mem\u00f3ria Social. Tha\u00eds pesquisou sobre o turismo de base comunit\u00e1ria na comunidade do Quilombo do Campinho da Independ\u00eancia, Paraty.<\/em><\/p>\n<!-- AddThis Advanced Settings generic via filter on the_content --><!-- AddThis Share Buttons generic via filter on the_content -->","protected":false},"excerpt":{"rendered":"<div class=\"mh-excerpt\"><p>Foi realizado, de 23 a 25 de julho na comunidade cai\u00e7ara de Tarituba em Paraty, o I Encontro de Turismo de Base Comunit\u00e1ria da Costa Verde. Este encontro foi realizado pela Secretaria de Turismo de <a class=\"mh-excerpt-more\" href=\"https:\/\/rioonwatch.org.br\/?p=15663\" title=\"Primeiro Encontro Discute Turismo de Base Comunit\u00e1ria na Costa Verde\">[&#8230;]<\/a><!-- AddThis Advanced Settings generic via filter on get_the_excerpt --><!-- AddThis Share Buttons generic via filter on get_the_excerpt --><\/p>\n<\/div>","protected":false},"author":129,"featured_media":16146,"comment_status":"closed","ping_status":"closed","sticky":false,"template":"","format":"standard","meta":{"_acf_changed":false,"_monsterinsights_skip_tracking":false,"_monsterinsights_sitenote_active":false,"_monsterinsights_sitenote_note":"","_monsterinsights_sitenote_category":0,"footnotes":""},"categories":[1627,1612,342,1639],"tags":[898,1659,513,1660,922,1574,106,304,899,567,404,825],"writer":[1650],"translator":[],"source":[],"ilustrador":[],"fotografo":[],"class_list":{"0":"post-15663","1":"post","2":"type-post","3":"status-publish","4":"format-standard","5":"has-post-thumbnail","7":"category-relato-de-evento","8":"category-sociedade-civil","9":"category-solucoes","10":"category-sustentabilidade","11":"tag-comunidades-tradicionais","12":"tag-costa-verde","13":"tag-cultura-afro-brasileira","14":"tag-estado-do-rio","15":"tag-evento","16":"tag-indigenas","17":"tag-meio-ambiente","18":"tag-participacao","19":"tag-preservacao-de-cultura","20":"tag-quilombo","21":"tag-sustentabilidade","22":"tag-turismo","23":"writer-thais-rosa-pinheiro"},"acf":[],"yoast_head":"<!-- This site is optimized with the Yoast SEO plugin v25.6 - https:\/\/yoast.com\/wordpress\/plugins\/seo\/ -->\n<title>Primeiro Encontro Discute Turismo de Base Comunit\u00e1ria na Costa Verde - RioOnWatch<\/title>\n<meta name=\"robots\" content=\"index, follow, max-snippet:-1, max-image-preview:large, max-video-preview:-1\" \/>\n<link rel=\"canonical\" href=\"https:\/\/rioonwatch.org.br\/?p=15663\" \/>\n<meta property=\"og:locale\" content=\"pt_BR\" \/>\n<meta property=\"og:type\" content=\"article\" \/>\n<meta property=\"og:title\" content=\"Primeiro Encontro Discute Turismo de Base Comunit\u00e1ria na Costa Verde - RioOnWatch\" \/>\n<meta property=\"og:description\" content=\"Foi realizado, de 23 a 25 de julho na comunidade cai\u00e7ara de Tarituba em Paraty, o I Encontro de Turismo de Base Comunit\u00e1ria da Costa Verde. Este encontro foi realizado pela Secretaria de Turismo de [...]\" \/>\n<meta property=\"og:url\" content=\"https:\/\/rioonwatch.org.br\/?p=15663\" \/>\n<meta property=\"og:site_name\" content=\"RioOnWatch\" \/>\n<meta property=\"article:published_time\" content=\"2015-08-26T12:00:02+00:00\" \/>\n<meta property=\"article:modified_time\" content=\"2015-08-26T17:04:25+00:00\" \/>\n<meta property=\"og:image\" content=\"https:\/\/rioonwatch.org.br\/wp-content\/uploads\/2015\/08\/Plateia-do-evento-Costa-Verde.jpg\" \/>\n\t<meta property=\"og:image:width\" content=\"616\" \/>\n\t<meta property=\"og:image:height\" content=\"298\" \/>\n\t<meta property=\"og:image:type\" content=\"image\/jpeg\" \/>\n<meta name=\"author\" content=\"Admin\" \/>\n<meta name=\"twitter:card\" content=\"summary_large_image\" \/>\n<meta name=\"twitter:label1\" content=\"Escrito por\" \/>\n\t<meta name=\"twitter:data1\" content=\"Admin\" \/>\n\t<meta name=\"twitter:label2\" content=\"Est. tempo de leitura\" \/>\n\t<meta name=\"twitter:data2\" content=\"3 minutos\" \/>\n<script type=\"application\/ld+json\" class=\"yoast-schema-graph\">{\"@context\":\"https:\/\/schema.org\",\"@graph\":[{\"@type\":\"Article\",\"@id\":\"https:\/\/rioonwatch.org.br\/?p=15663#article\",\"isPartOf\":{\"@id\":\"https:\/\/rioonwatch.org.br\/?p=15663\"},\"author\":{\"name\":\"Admin\",\"@id\":\"https:\/\/rioonwatch.org.br\/#\/schema\/person\/11d64c290506f9df50c71b850c473f68\"},\"headline\":\"Primeiro Encontro Discute Turismo de Base Comunit\u00e1ria na Costa Verde\",\"datePublished\":\"2015-08-26T12:00:02+00:00\",\"dateModified\":\"2015-08-26T17:04:25+00:00\",\"mainEntityOfPage\":{\"@id\":\"https:\/\/rioonwatch.org.br\/?p=15663\"},\"wordCount\":636,\"publisher\":{\"@id\":\"https:\/\/rioonwatch.org.br\/#organization\"},\"image\":{\"@id\":\"https:\/\/rioonwatch.org.br\/?p=15663#primaryimage\"},\"thumbnailUrl\":\"https:\/\/rioonwatch.org.br\/wp-content\/uploads\/2015\/08\/Plateia-do-evento-Costa-Verde.jpg\",\"keywords\":[\"comunidades tradicionais\",\"Costa Verde\",\"Cultura Afro-brasileira\",\"Estado do Rio\",\"evento\",\"ind\u00edgenas\",\"meio ambiente\",\"participa\u00e7\u00e3o\",\"preserva\u00e7\u00e3o de cultura\",\"Quilombo\",\"sustentabilidade\",\"turismo\"],\"articleSection\":[\"Cobertura de Eventos\",\"Sociedade Civil\",\"Solu\u00e7\u00f5es\",\"Sustentabilidade\"],\"inLanguage\":\"pt-BR\"},{\"@type\":\"WebPage\",\"@id\":\"https:\/\/rioonwatch.org.br\/?p=15663\",\"url\":\"https:\/\/rioonwatch.org.br\/?p=15663\",\"name\":\"Primeiro Encontro Discute Turismo de Base Comunit\u00e1ria na Costa Verde - RioOnWatch\",\"isPartOf\":{\"@id\":\"https:\/\/rioonwatch.org.br\/#website\"},\"primaryImageOfPage\":{\"@id\":\"https:\/\/rioonwatch.org.br\/?p=15663#primaryimage\"},\"image\":{\"@id\":\"https:\/\/rioonwatch.org.br\/?p=15663#primaryimage\"},\"thumbnailUrl\":\"https:\/\/rioonwatch.org.br\/wp-content\/uploads\/2015\/08\/Plateia-do-evento-Costa-Verde.jpg\",\"datePublished\":\"2015-08-26T12:00:02+00:00\",\"dateModified\":\"2015-08-26T17:04:25+00:00\",\"breadcrumb\":{\"@id\":\"https:\/\/rioonwatch.org.br\/?p=15663#breadcrumb\"},\"inLanguage\":\"pt-BR\",\"potentialAction\":[{\"@type\":\"ReadAction\",\"target\":[\"https:\/\/rioonwatch.org.br\/?p=15663\"]}]},{\"@type\":\"ImageObject\",\"inLanguage\":\"pt-BR\",\"@id\":\"https:\/\/rioonwatch.org.br\/?p=15663#primaryimage\",\"url\":\"https:\/\/rioonwatch.org.br\/wp-content\/uploads\/2015\/08\/Plateia-do-evento-Costa-Verde.jpg\",\"contentUrl\":\"https:\/\/rioonwatch.org.br\/wp-content\/uploads\/2015\/08\/Plateia-do-evento-Costa-Verde.jpg\",\"width\":616,\"height\":298,\"caption\":\"Plat\u00e9ia do I Encontro de Turismo de Base Comunit\u00e1ria da Costa Verde\"},{\"@type\":\"BreadcrumbList\",\"@id\":\"https:\/\/rioonwatch.org.br\/?p=15663#breadcrumb\",\"itemListElement\":[{\"@type\":\"ListItem\",\"position\":1,\"name\":\"In\u00edcio\",\"item\":\"https:\/\/rioonwatch.org.br\/\"},{\"@type\":\"ListItem\",\"position\":2,\"name\":\"Primeiro Encontro Discute Turismo de Base Comunit\u00e1ria na Costa Verde\"}]},{\"@type\":\"WebSite\",\"@id\":\"https:\/\/rioonwatch.org.br\/#website\",\"url\":\"https:\/\/rioonwatch.org.br\/\",\"name\":\"RioOnWatch\",\"description\":\"relatos das favelas cariocas\",\"publisher\":{\"@id\":\"https:\/\/rioonwatch.org.br\/#organization\"},\"potentialAction\":[{\"@type\":\"SearchAction\",\"target\":{\"@type\":\"EntryPoint\",\"urlTemplate\":\"https:\/\/rioonwatch.org.br\/?s={search_term_string}\"},\"query-input\":{\"@type\":\"PropertyValueSpecification\",\"valueRequired\":true,\"valueName\":\"search_term_string\"}}],\"inLanguage\":\"pt-BR\"},{\"@type\":\"Organization\",\"@id\":\"https:\/\/rioonwatch.org.br\/#organization\",\"name\":\"RioOnWatch\",\"url\":\"https:\/\/rioonwatch.org.br\/\",\"logo\":{\"@type\":\"ImageObject\",\"inLanguage\":\"pt-BR\",\"@id\":\"https:\/\/rioonwatch.org.br\/#\/schema\/logo\/image\/\",\"url\":\"https:\/\/rioonwatch.org.br\/wp-content\/uploads\/2021\/06\/RioOnWatchcabecalhoPT11anos-2.png\",\"contentUrl\":\"https:\/\/rioonwatch.org.br\/wp-content\/uploads\/2021\/06\/RioOnWatchcabecalhoPT11anos-2.png\",\"width\":779,\"height\":277,\"caption\":\"RioOnWatch\"},\"image\":{\"@id\":\"https:\/\/rioonwatch.org.br\/#\/schema\/logo\/image\/\"}},{\"@type\":\"Person\",\"@id\":\"https:\/\/rioonwatch.org.br\/#\/schema\/person\/11d64c290506f9df50c71b850c473f68\",\"name\":\"Admin\",\"image\":{\"@type\":\"ImageObject\",\"inLanguage\":\"pt-BR\",\"@id\":\"https:\/\/rioonwatch.org.br\/#\/schema\/person\/image\/\",\"url\":\"https:\/\/secure.gravatar.com\/avatar\/56211ac74568383903349a1485e3c325?s=96&d=blank&r=g\",\"contentUrl\":\"https:\/\/secure.gravatar.com\/avatar\/56211ac74568383903349a1485e3c325?s=96&d=blank&r=g\",\"caption\":\"Admin\"},\"url\":\"https:\/\/rioonwatch.org.br\/?author=129\"}]}<\/script>\n<!-- \/ Yoast SEO plugin. -->","yoast_head_json":{"title":"Primeiro Encontro Discute Turismo de Base Comunit\u00e1ria na Costa Verde - RioOnWatch","robots":{"index":"index","follow":"follow","max-snippet":"max-snippet:-1","max-image-preview":"max-image-preview:large","max-video-preview":"max-video-preview:-1"},"canonical":"https:\/\/rioonwatch.org.br\/?p=15663","og_locale":"pt_BR","og_type":"article","og_title":"Primeiro Encontro Discute Turismo de Base Comunit\u00e1ria na Costa Verde - RioOnWatch","og_description":"Foi realizado, de 23 a 25 de julho na comunidade cai\u00e7ara de Tarituba em Paraty, o I Encontro de Turismo de Base Comunit\u00e1ria da Costa Verde. Este encontro foi realizado pela Secretaria de Turismo de [...]","og_url":"https:\/\/rioonwatch.org.br\/?p=15663","og_site_name":"RioOnWatch","article_published_time":"2015-08-26T12:00:02+00:00","article_modified_time":"2015-08-26T17:04:25+00:00","og_image":[{"width":616,"height":298,"url":"https:\/\/rioonwatch.org.br\/wp-content\/uploads\/2015\/08\/Plateia-do-evento-Costa-Verde.jpg","type":"image\/jpeg"}],"author":"Admin","twitter_card":"summary_large_image","twitter_misc":{"Escrito por":"Admin","Est. tempo de leitura":"3 minutos"},"schema":{"@context":"https:\/\/schema.org","@graph":[{"@type":"Article","@id":"https:\/\/rioonwatch.org.br\/?p=15663#article","isPartOf":{"@id":"https:\/\/rioonwatch.org.br\/?p=15663"},"author":{"name":"Admin","@id":"https:\/\/rioonwatch.org.br\/#\/schema\/person\/11d64c290506f9df50c71b850c473f68"},"headline":"Primeiro Encontro Discute Turismo de Base Comunit\u00e1ria na Costa Verde","datePublished":"2015-08-26T12:00:02+00:00","dateModified":"2015-08-26T17:04:25+00:00","mainEntityOfPage":{"@id":"https:\/\/rioonwatch.org.br\/?p=15663"},"wordCount":636,"publisher":{"@id":"https:\/\/rioonwatch.org.br\/#organization"},"image":{"@id":"https:\/\/rioonwatch.org.br\/?p=15663#primaryimage"},"thumbnailUrl":"https:\/\/rioonwatch.org.br\/wp-content\/uploads\/2015\/08\/Plateia-do-evento-Costa-Verde.jpg","keywords":["comunidades tradicionais","Costa Verde","Cultura Afro-brasileira","Estado do Rio","evento","ind\u00edgenas","meio ambiente","participa\u00e7\u00e3o","preserva\u00e7\u00e3o de cultura","Quilombo","sustentabilidade","turismo"],"articleSection":["Cobertura de Eventos","Sociedade Civil","Solu\u00e7\u00f5es","Sustentabilidade"],"inLanguage":"pt-BR"},{"@type":"WebPage","@id":"https:\/\/rioonwatch.org.br\/?p=15663","url":"https:\/\/rioonwatch.org.br\/?p=15663","name":"Primeiro Encontro Discute Turismo de Base Comunit\u00e1ria na Costa Verde - RioOnWatch","isPartOf":{"@id":"https:\/\/rioonwatch.org.br\/#website"},"primaryImageOfPage":{"@id":"https:\/\/rioonwatch.org.br\/?p=15663#primaryimage"},"image":{"@id":"https:\/\/rioonwatch.org.br\/?p=15663#primaryimage"},"thumbnailUrl":"https:\/\/rioonwatch.org.br\/wp-content\/uploads\/2015\/08\/Plateia-do-evento-Costa-Verde.jpg","datePublished":"2015-08-26T12:00:02+00:00","dateModified":"2015-08-26T17:04:25+00:00","breadcrumb":{"@id":"https:\/\/rioonwatch.org.br\/?p=15663#breadcrumb"},"inLanguage":"pt-BR","potentialAction":[{"@type":"ReadAction","target":["https:\/\/rioonwatch.org.br\/?p=15663"]}]},{"@type":"ImageObject","inLanguage":"pt-BR","@id":"https:\/\/rioonwatch.org.br\/?p=15663#primaryimage","url":"https:\/\/rioonwatch.org.br\/wp-content\/uploads\/2015\/08\/Plateia-do-evento-Costa-Verde.jpg","contentUrl":"https:\/\/rioonwatch.org.br\/wp-content\/uploads\/2015\/08\/Plateia-do-evento-Costa-Verde.jpg","width":616,"height":298,"caption":"Plat\u00e9ia do I Encontro de Turismo de Base Comunit\u00e1ria da Costa Verde"},{"@type":"BreadcrumbList","@id":"https:\/\/rioonwatch.org.br\/?p=15663#breadcrumb","itemListElement":[{"@type":"ListItem","position":1,"name":"In\u00edcio","item":"https:\/\/rioonwatch.org.br\/"},{"@type":"ListItem","position":2,"name":"Primeiro Encontro Discute Turismo de Base Comunit\u00e1ria na Costa Verde"}]},{"@type":"WebSite","@id":"https:\/\/rioonwatch.org.br\/#website","url":"https:\/\/rioonwatch.org.br\/","name":"RioOnWatch","description":"relatos das favelas cariocas","publisher":{"@id":"https:\/\/rioonwatch.org.br\/#organization"},"potentialAction":[{"@type":"SearchAction","target":{"@type":"EntryPoint","urlTemplate":"https:\/\/rioonwatch.org.br\/?s={search_term_string}"},"query-input":{"@type":"PropertyValueSpecification","valueRequired":true,"valueName":"search_term_string"}}],"inLanguage":"pt-BR"},{"@type":"Organization","@id":"https:\/\/rioonwatch.org.br\/#organization","name":"RioOnWatch","url":"https:\/\/rioonwatch.org.br\/","logo":{"@type":"ImageObject","inLanguage":"pt-BR","@id":"https:\/\/rioonwatch.org.br\/#\/schema\/logo\/image\/","url":"https:\/\/rioonwatch.org.br\/wp-content\/uploads\/2021\/06\/RioOnWatchcabecalhoPT11anos-2.png","contentUrl":"https:\/\/rioonwatch.org.br\/wp-content\/uploads\/2021\/06\/RioOnWatchcabecalhoPT11anos-2.png","width":779,"height":277,"caption":"RioOnWatch"},"image":{"@id":"https:\/\/rioonwatch.org.br\/#\/schema\/logo\/image\/"}},{"@type":"Person","@id":"https:\/\/rioonwatch.org.br\/#\/schema\/person\/11d64c290506f9df50c71b850c473f68","name":"Admin","image":{"@type":"ImageObject","inLanguage":"pt-BR","@id":"https:\/\/rioonwatch.org.br\/#\/schema\/person\/image\/","url":"https:\/\/secure.gravatar.com\/avatar\/56211ac74568383903349a1485e3c325?s=96&d=blank&r=g","contentUrl":"https:\/\/secure.gravatar.com\/avatar\/56211ac74568383903349a1485e3c325?s=96&d=blank&r=g","caption":"Admin"},"url":"https:\/\/rioonwatch.org.br\/?author=129"}]}},"_links":{"self":[{"href":"https:\/\/rioonwatch.org.br\/index.php?rest_route=\/wp\/v2\/posts\/15663"}],"collection":[{"href":"https:\/\/rioonwatch.org.br\/index.php?rest_route=\/wp\/v2\/posts"}],"about":[{"href":"https:\/\/rioonwatch.org.br\/index.php?rest_route=\/wp\/v2\/types\/post"}],"author":[{"embeddable":true,"href":"https:\/\/rioonwatch.org.br\/index.php?rest_route=\/wp\/v2\/users\/129"}],"replies":[{"embeddable":true,"href":"https:\/\/rioonwatch.org.br\/index.php?rest_route=%2Fwp%2Fv2%2Fcomments&post=15663"}],"version-history":[{"count":19,"href":"https:\/\/rioonwatch.org.br\/index.php?rest_route=\/wp\/v2\/posts\/15663\/revisions"}],"predecessor-version":[{"id":16147,"href":"https:\/\/rioonwatch.org.br\/index.php?rest_route=\/wp\/v2\/posts\/15663\/revisions\/16147"}],"wp:featuredmedia":[{"embeddable":true,"href":"https:\/\/rioonwatch.org.br\/index.php?rest_route=\/wp\/v2\/media\/16146"}],"wp:attachment":[{"href":"https:\/\/rioonwatch.org.br\/index.php?rest_route=%2Fwp%2Fv2%2Fmedia&parent=15663"}],"wp:term":[{"taxonomy":"category","embeddable":true,"href":"https:\/\/rioonwatch.org.br\/index.php?rest_route=%2Fwp%2Fv2%2Fcategories&post=15663"},{"taxonomy":"post_tag","embeddable":true,"href":"https:\/\/rioonwatch.org.br\/index.php?rest_route=%2Fwp%2Fv2%2Ftags&post=15663"},{"taxonomy":"writer","embeddable":true,"href":"https:\/\/rioonwatch.org.br\/index.php?rest_route=%2Fwp%2Fv2%2Fwriter&post=15663"},{"taxonomy":"translator","embeddable":true,"href":"https:\/\/rioonwatch.org.br\/index.php?rest_route=%2Fwp%2Fv2%2Ftranslator&post=15663"},{"taxonomy":"source","embeddable":true,"href":"https:\/\/rioonwatch.org.br\/index.php?rest_route=%2Fwp%2Fv2%2Fsource&post=15663"},{"taxonomy":"ilustrador","embeddable":true,"href":"https:\/\/rioonwatch.org.br\/index.php?rest_route=%2Fwp%2Fv2%2Filustrador&post=15663"},{"taxonomy":"fotografo","embeddable":true,"href":"https:\/\/rioonwatch.org.br\/index.php?rest_route=%2Fwp%2Fv2%2Ffotografo&post=15663"}],"curies":[{"name":"wp","href":"https:\/\/api.w.org\/{rel}","templated":true}]}}