{"id":15973,"date":"2015-11-19T08:00:09","date_gmt":"2015-11-19T11:00:09","guid":{"rendered":"http:\/\/rioonwatch.org.br\/?p=15973"},"modified":"2024-08-20T19:31:27","modified_gmt":"2024-08-20T22:31:27","slug":"rio-a-metropole-relutante-introducao-a-baixada-fluminense-parte-2-de-2","status":"publish","type":"post","link":"https:\/\/rioonwatch.org.br\/?p=15973","title":{"rendered":"Rio de Janeiro, a Metr\u00f3pole Relutante: Introdu\u00e7\u00e3o \u00e0 Baixada Fluminense (Parte 2 de 2)"},"content":{"rendered":"<p style=\"text-align: right;\"><em><strong><a href=\"http:\/\/bit.ly\/1IXAkM2\" target=\"_blank\" rel=\"noopener\">Click Here for English<\/a><a href=\"http:\/\/bit.ly\/1IXAkM2\" target=\"_blank\" rel=\"noopener\"><img decoding=\"async\" class=\"alignright wp-image-15790\" src=\"http:\/\/rioonwatch.org.br\/wp-content\/uploads\/2012\/08\/EN-standard-e1439583104716.jpg\" alt=\"\" width=\"20\" height=\"20\" \/><\/a><\/strong><\/em><\/p>\n<p><em>Esta \u00e9 a segunda\u00a0de duas mat\u00e9rias que apresentam a Baixada Fluminense, pela pesquisadora Stephanie Reist*,\u00a0<\/em>com foco\u00a0<em>na cultura, no\u00a0ativismo e a integra\u00e7\u00e3o da regi\u00e3o<\/em>.\u00a0<em>N\u00e3o perca a <a href=\"http:\/\/bit.ly\/1IgJzSA\" target=\"_blank\" rel=\"noopener\">primeira<\/a>, publicada ontem, com foco na hist\u00f3ria e economia da regi\u00e3o.<\/em><\/p>\n<h3><strong>Cultura e Ativismo na Baixada<\/strong><\/h3>\n<p>A caracteriza\u00e7\u00e3o da <a href=\"http:\/\/bit.ly\/NjmYR6\" target=\"_blank\" rel=\"noopener\">Baixada Fluminense<\/a> como periferia violenta e dominada pela pobreza\u00a0falha ao n\u00e3o reconhecer a import\u00e2ncia econ\u00f4mica, hist\u00f3rica e cultural da regi\u00e3o na forma\u00e7\u00e3o do Rio de Janeiro e do Brasil como um todo. Devido ao grande n\u00famero de imigrantes nordestinos, majoritariamente negros, a Baixada tem uma das maiores concentra\u00e7\u00f5es de terreiros de <a href=\"http:\/\/bit.ly\/1HApiaE\" target=\"_blank\" rel=\"noopener\">Candombl\u00e9 e Umbanda do estado do Rio<\/a>. Casa-Grande de Mesquita \u00e9 a continua\u00e7\u00e3o de um dos terreiros mais antigos da regi\u00e3o, e importantes sacerdotisas do Candombl\u00e9, como <a href=\"http:\/\/bit.ly\/1JbZiXs\" target=\"_blank\" rel=\"noopener\">M\u00e3e Meninazinha de Oxum<\/a>, em S\u00e3o Jo\u00e3o de Meriti, e <a href=\"http:\/\/bit.ly\/1EE1mRG\" target=\"_blank\" rel=\"noopener\">M\u00e3e Beata de Iemanj\u00e1<\/a>, em <a href=\"http:\/\/bit.ly\/1xgiXjq\" target=\"_blank\" rel=\"noopener\">Nova Igua\u00e7u<\/a>, v\u00eam atuando na Baixada h\u00e1 d\u00e9cadas. O famoso poeta e artista afro-brasileiro Solano de Trindade tamb\u00e9m considerou\u00a0<a href=\"http:\/\/bit.ly\/1xSlxft\" target=\"_blank\" rel=\"noopener\">Duque de Caxias<\/a> seu lar, e uma das <a href=\"http:\/\/bit.ly\/1qq2Puz\" target=\"_blank\" rel=\"noopener\">mais famosas ocupa\u00e7\u00f5es<\/a> da cidade tem o seu nome.<\/p>\n<p>A Baixada \u00e9 tamb\u00e9m considerada a casa de v\u00e1rios outros produtores culturais importantes. O coletivo anti-sexista\u00a0<a href=\"http:\/\/bit.ly\/1G8gDBr\" target=\"_blank\" rel=\"noopener\">Roque Pense!<\/a>\u00a0organiza um festival anual de bandas de rock femininas que coincide com o Dia Internacional da Mulher, tendo como objetivo combater a viol\u00eancia contra as mulheres. <a href=\"http:\/\/bit.ly\/1GJYMiU\" target=\"_blank\" rel=\"noopener\">Territ\u00f3rio Baixada<\/a> \u00e9 uma sequ\u00eancia de debates e exposi\u00e7\u00f5es que envolve produtores culturais, ativistas e pesquisadores que visam integrar e reformular a regi\u00e3o.<\/p>\n<p>Muitos l\u00edderes comunit\u00e1rios locais e organiza\u00e7\u00f5es est\u00e3o tamb\u00e9m trabalhando para reformular a imagem da Baixada. <a href=\"http:\/\/glo.bo\/1Kne1RK\" target=\"_blank\" rel=\"noopener\">Ap\u00f3s um dos massacres mais violentos da hist\u00f3ria do Rio<\/a>, no qual a Pol\u00edcia Militar matou 30 pessoas de forma indiscriminada, na noite de\u00a031 de mar\u00e7o de 2005, em Nova Igua\u00e7u e Queimados, as dioceses de Nova Igua\u00e7u e Duque de Caxias se uniram aos ativistas locais para criar o <a href=\"http:\/\/bit.ly\/1FkriDe\" target=\"_blank\" rel=\"noopener\">F\u00f3rum Grita Baixada<\/a>, para denunciar a viol\u00eancia e monitorar os abusos dos direitos humanos na regi\u00e3o. A <a href=\"http:\/\/bit.ly\/167ZTc6\" target=\"_blank\" rel=\"noopener\">Casa Fluminense<\/a>, criada em 2013, conclama por pol\u00edticas p\u00fablicas que contribuam para o &#8220;fortalecimento da democracia e do desenvolvimento sustent\u00e1vel&#8221; na Baixada e Grande Rio como um todo. As duas organiza\u00e7\u00f5es uniram for\u00e7as durante o m\u00eas de abril deste ano para oferecer um <a href=\"http:\/\/bit.ly\/1FJkbXm\" target=\"_blank\" rel=\"noopener\">curso sobre seguran\u00e7a p\u00fablica<\/a>, ministrado por ativistas locais e pesquisadores.<\/p>\n<h3><strong>Integra\u00e7\u00e3o Regional: Um Caminho a Seguir?\u00a0<\/strong><\/h3>\n<p>Muitos ativistas e formadores de pol\u00edticas p\u00fablicas v\u00eaem a amplia\u00e7\u00e3o da integra\u00e7\u00e3o regional como o caminho a ser seguido na Baixada Fluminense. Em agosto de 2014, o governador do Rio de Janeiro, Luis Fernando Pez\u00e3o, assinou um decreto que cria a\u00a0<a href=\"http:\/\/bit.ly\/1QThqWE\" target=\"_blank\" rel=\"noopener\">C\u00e2mara Metropolitana de Integra\u00e7\u00e3o Governamental<\/a>. Representantes de todos os 21 munic\u00edpios da Grande Rio discutiram e promoveram pol\u00edticas p\u00fablicas que ter\u00e3o impacto sobre toda a \u00e1rea metropolitana.<\/p>\n<p>Para dar o primeiro passo do trabalho, a c\u00e2mara, juntamente com a<em> <a href=\"http:\/\/bit.ly\/1LOSOgH\" target=\"_blank\" rel=\"noopener\">VozeRio<\/a><\/em> e o <a href=\"http:\/\/bit.ly\/ZI7vJw\" target=\"_blank\" rel=\"noopener\">Instituto de Estudos do Trabalho e Sociedade<\/a>\u00a0(IETS), organizou uma s\u00e9rie de debates abertos, denominada\u00a0<em><a href=\"http:\/\/bit.ly\/1QThqWE\" target=\"_blank\" rel=\"noopener\">Rio Metropolitano: Desafios Compartilhados<\/a><\/em>, que contou com a presen\u00e7a de autoridades do munic\u00edpio e da sociedade civil para discutirem a integra\u00e7\u00e3o regional. Quatro debates foram organizados em quatro munic\u00edpios diferentes da regi\u00e3o: saneamento foi discutido no dia 5 de maio em Duque de Caxias, transporte no dia 11 de maio em Nova Igua\u00e7u, seguran\u00e7a p\u00fablica em Niter\u00f3i no dia 20, e sa\u00fade no dia 28 de maio em S\u00e3o Gon\u00e7alo. A s\u00e9rie de debates terminou no dia 11 de junho, na sede da Federa\u00e7\u00e3o das Ind\u00fastrias (FIRJAN), no Centro do Rio.<\/p>\n<p><img fetchpriority=\"high\" decoding=\"async\" class=\"aligncenter size-full wp-image-14968\" title=\"S\u00e9rie de debates Rio Metropolitano. Imagem do IETS\" src=\"http:\/\/rioonwatch.org.br\/wp-content\/uploads\/2015\/07\/Rio-Metropolitano-e1437704383519.jpg\" alt=\"\" width=\"620\" height=\"361\" srcset=\"https:\/\/rioonwatch.org.br\/wp-content\/uploads\/2015\/07\/Rio-Metropolitano-e1437704383519.jpg 620w, https:\/\/rioonwatch.org.br\/wp-content\/uploads\/2015\/07\/Rio-Metropolitano-e1437704383519-453x264.jpg 453w\" sizes=\"(max-width: 620px) 100vw, 620px\" \/><\/p>\n<p>A quest\u00e3o da integra\u00e7\u00e3o, entretanto, \u00e9 quase t\u00e3o antiga quanto as demandas pela reforma urbana que levam em conta as favelas do Rio. O Rio vem tentando integrar a governan\u00e7a da regi\u00e3o desde que seu status de capital foi transferido para Bras\u00edlia em 1960. E mais ainda a partir de 1975, quando o estado da Guanabara, que hoje corresponde ao munic\u00edpio, e o Estado do Rio de Janeiro&#8211;que inicialmente abarcava todos os outros munic\u00edpios do Estado, tendo a cidade de <a href=\"http:\/\/bit.ly\/1xpT8yS\" target=\"_blank\" rel=\"noopener\">Niter\u00f3i<\/a> como sua capital&#8211;se fundiram\u00a0como um s\u00f3 Estado.<\/p>\n<p>Apesar da transi\u00e7\u00e3o de capital nacional e estadual para capital do Estado e metr\u00f3pole regional ter acontecido h\u00e1 40 anos, o Rio de Janeiro continua a lutar com seu papel de metr\u00f3pole. Atualmente o planejamento para megaeventos como as Olimp\u00edadas\u00a0n\u00e3o\u00a0abarca a regi\u00e3o\u00a0metropolitana como um todo.\u00a0Este planejamento est\u00e1 concentrado na capital, com alguns argumentando que nem isso \u00e9 verdade, que apenas a rica\u00a0<a href=\"http:\/\/bit.ly\/1mNsDyk\" target=\"_blank\" rel=\"noopener\">Zona Sul<\/a> e a <a href=\"http:\/\/bit.ly\/1pgsdwY\" target=\"_blank\" rel=\"noopener\">Barra da Tijuca<\/a>, bairro modelados em sistemas de condom\u00ednios fechados, s\u00e3o contemplados.<\/p>\n<p><em>Para a Parte 1 sobre a hist\u00f3ria e economia da regi\u00e3o, clique <a href=\"http:\/\/bit.ly\/1IgJzSA\" target=\"_blank\" rel=\"noopener\">aqui<\/a>.<\/em><\/p>\n<p>*Stephanie Reist est\u00e1 pleiteando um Mestrado em Pol\u00edticas P\u00fablicas e um doutorado em Estudos Latino-Americanos na Universidade de Duke, EUA. No Rio, ela tem trabalhado como bolsista Felsman no Projeto\u00a0Ra\u00edzes Locais, um projeto comunit\u00e1rio gerido pela Associa\u00e7\u00e3o <a href=\"http:\/\/bit.ly\/1I9uWAT\" target=\"_blank\" rel=\"noopener\">Terra dos Homens<\/a>, em Mangueirinha, Duque\u00a0de Caxias. Sua pesquisa analisa a din\u00e2mica centro-periferia, pertencimento, cidadania e direitos sobre a terra.<\/p>\n<!-- AddThis Advanced Settings generic via filter on the_content --><!-- AddThis Share Buttons generic via filter on the_content -->","protected":false},"excerpt":{"rendered":"<div class=\"mh-excerpt\"><p>Click Here for English Esta \u00e9 a segunda\u00a0de duas mat\u00e9rias que apresentam a Baixada Fluminense, pela pesquisadora Stephanie Reist*,\u00a0com foco\u00a0na cultura, no\u00a0ativismo e a integra\u00e7\u00e3o da regi\u00e3o.\u00a0N\u00e3o perca a primeira, publicada ontem, com foco na <a class=\"mh-excerpt-more\" href=\"https:\/\/rioonwatch.org.br\/?p=15973\" title=\"Rio de Janeiro, a Metr\u00f3pole Relutante: Introdu\u00e7\u00e3o \u00e0 Baixada Fluminense (Parte 2 de 2)\">[&#8230;]<\/a><!-- AddThis Advanced Settings generic via filter on get_the_excerpt --><!-- AddThis Share Buttons generic via filter on get_the_excerpt --><\/p>\n<\/div>","protected":false},"author":3,"featured_media":14967,"comment_status":"closed","ping_status":"closed","sticky":false,"template":"","format":"standard","meta":{"_acf_changed":false,"_monsterinsights_skip_tracking":false,"_monsterinsights_sitenote_active":false,"_monsterinsights_sitenote_note":"","_monsterinsights_sitenote_category":0,"footnotes":""},"categories":[1632,1631,1626],"tags":[959,1541,1597,81,88,1091,1372,976,1179,10,961,231,672],"writer":[1577],"translator":[1176],"source":[],"ilustrador":[],"fotografo":[],"class_list":{"0":"post-15973","1":"post","2":"type-post","3":"status-publish","4":"format-standard","5":"has-post-thumbnail","7":"category-pesquisa-e-analise","8":"category-entendendo-o-rio","9":"category-por-observadores-internacionais","10":"tag-baixada-fluminense","11":"tag-candomble","12":"tag-casa-fluminense","13":"tag-cultura","14":"tag-direitos-humanos","15":"tag-duque-de-caxias","16":"tag-grande-rio","17":"tag-integracao","18":"tag-mage","19":"tag-niteroi","20":"tag-nova-iguacu","21":"tag-sao-goncalo","22":"tag-seguranca-publica","23":"writer-stephanie-reist","24":"translator-fernanda-lacerda"},"acf":[],"yoast_head":"<!-- This site is optimized with the Yoast SEO plugin v25.6 - https:\/\/yoast.com\/wordpress\/plugins\/seo\/ -->\n<title>Rio de Janeiro, a Metr\u00f3pole Relutante: Introdu\u00e7\u00e3o \u00e0 Baixada Fluminense (Parte 2 de 2) - RioOnWatch<\/title>\n<meta name=\"robots\" content=\"index, follow, max-snippet:-1, max-image-preview:large, max-video-preview:-1\" \/>\n<link rel=\"canonical\" href=\"https:\/\/rioonwatch.org.br\/?p=15973\" \/>\n<meta property=\"og:locale\" content=\"pt_BR\" \/>\n<meta property=\"og:type\" content=\"article\" \/>\n<meta property=\"og:title\" content=\"Rio de Janeiro, a Metr\u00f3pole Relutante: Introdu\u00e7\u00e3o \u00e0 Baixada Fluminense (Parte 2 de 2) - RioOnWatch\" \/>\n<meta property=\"og:description\" content=\"Click Here for English Esta \u00e9 a segunda\u00a0de duas mat\u00e9rias que apresentam a Baixada Fluminense, pela pesquisadora Stephanie Reist*,\u00a0com foco\u00a0na cultura, no\u00a0ativismo e a integra\u00e7\u00e3o da regi\u00e3o.\u00a0N\u00e3o perca a primeira, publicada ontem, com foco na [...]\" \/>\n<meta property=\"og:url\" content=\"https:\/\/rioonwatch.org.br\/?p=15973\" \/>\n<meta property=\"og:site_name\" content=\"RioOnWatch\" \/>\n<meta property=\"article:published_time\" content=\"2015-11-19T11:00:09+00:00\" \/>\n<meta property=\"article:modified_time\" content=\"2024-08-20T22:31:27+00:00\" \/>\n<meta property=\"og:image\" content=\"https:\/\/rioonwatch.org.br\/wp-content\/uploads\/2015\/07\/IMG_20150611_154829904-e1437704301562.jpg\" \/>\n\t<meta property=\"og:image:width\" content=\"620\" \/>\n\t<meta property=\"og:image:height\" content=\"296\" \/>\n\t<meta property=\"og:image:type\" content=\"image\/jpeg\" \/>\n<meta name=\"author\" content=\"Admin\" \/>\n<meta name=\"twitter:card\" content=\"summary_large_image\" \/>\n<meta name=\"twitter:label1\" content=\"Escrito por\" \/>\n\t<meta name=\"twitter:data1\" content=\"Admin\" \/>\n\t<meta name=\"twitter:label2\" content=\"Est. tempo de leitura\" \/>\n\t<meta name=\"twitter:data2\" content=\"6 minutos\" \/>\n<script type=\"application\/ld+json\" class=\"yoast-schema-graph\">{\"@context\":\"https:\/\/schema.org\",\"@graph\":[{\"@type\":\"Article\",\"@id\":\"https:\/\/rioonwatch.org.br\/?p=15973#article\",\"isPartOf\":{\"@id\":\"https:\/\/rioonwatch.org.br\/?p=15973\"},\"author\":{\"name\":\"Admin\",\"@id\":\"https:\/\/rioonwatch.org.br\/#\/schema\/person\/c6c09a0b56b38f0157a45b963ef3f269\"},\"headline\":\"Rio de Janeiro, a Metr\u00f3pole Relutante: Introdu\u00e7\u00e3o \u00e0 Baixada Fluminense (Parte 2 de 2)\",\"datePublished\":\"2015-11-19T11:00:09+00:00\",\"dateModified\":\"2024-08-20T22:31:27+00:00\",\"mainEntityOfPage\":{\"@id\":\"https:\/\/rioonwatch.org.br\/?p=15973\"},\"wordCount\":926,\"publisher\":{\"@id\":\"https:\/\/rioonwatch.org.br\/#organization\"},\"image\":{\"@id\":\"https:\/\/rioonwatch.org.br\/?p=15973#primaryimage\"},\"thumbnailUrl\":\"https:\/\/rioonwatch.org.br\/wp-content\/uploads\/2015\/07\/IMG_20150611_154829904-e1437704301562.jpg\",\"keywords\":[\"Baixada Fluminense\",\"Candombl\u00e9\",\"Casa Fluminense\",\"cultura\",\"Direitos Humanos\",\"Duque de Caxias\",\"Grande Rio\",\"integra\u00e7\u00e3o\",\"Mag\u00e9\",\"Niter\u00f3i\",\"Nova Igua\u00e7u\",\"S\u00e3o Gon\u00e7alo\",\"seguran\u00e7a p\u00fablica\"],\"articleSection\":[\"Dados e Pesquisa\",\"Entendendo o Rio\",\"Escrito por Aliados\"],\"inLanguage\":\"pt-BR\"},{\"@type\":\"WebPage\",\"@id\":\"https:\/\/rioonwatch.org.br\/?p=15973\",\"url\":\"https:\/\/rioonwatch.org.br\/?p=15973\",\"name\":\"Rio de Janeiro, a Metr\u00f3pole Relutante: Introdu\u00e7\u00e3o \u00e0 Baixada Fluminense (Parte 2 de 2) - RioOnWatch\",\"isPartOf\":{\"@id\":\"https:\/\/rioonwatch.org.br\/#website\"},\"primaryImageOfPage\":{\"@id\":\"https:\/\/rioonwatch.org.br\/?p=15973#primaryimage\"},\"image\":{\"@id\":\"https:\/\/rioonwatch.org.br\/?p=15973#primaryimage\"},\"thumbnailUrl\":\"https:\/\/rioonwatch.org.br\/wp-content\/uploads\/2015\/07\/IMG_20150611_154829904-e1437704301562.jpg\",\"datePublished\":\"2015-11-19T11:00:09+00:00\",\"dateModified\":\"2024-08-20T22:31:27+00:00\",\"breadcrumb\":{\"@id\":\"https:\/\/rioonwatch.org.br\/?p=15973#breadcrumb\"},\"inLanguage\":\"pt-BR\",\"potentialAction\":[{\"@type\":\"ReadAction\",\"target\":[\"https:\/\/rioonwatch.org.br\/?p=15973\"]}]},{\"@type\":\"ImageObject\",\"inLanguage\":\"pt-BR\",\"@id\":\"https:\/\/rioonwatch.org.br\/?p=15973#primaryimage\",\"url\":\"https:\/\/rioonwatch.org.br\/wp-content\/uploads\/2015\/07\/IMG_20150611_154829904-e1437704301562.jpg\",\"contentUrl\":\"https:\/\/rioonwatch.org.br\/wp-content\/uploads\/2015\/07\/IMG_20150611_154829904-e1437704301562.jpg\",\"width\":620,\"height\":296,\"caption\":\"Panfletos do Roque Pense!\"},{\"@type\":\"BreadcrumbList\",\"@id\":\"https:\/\/rioonwatch.org.br\/?p=15973#breadcrumb\",\"itemListElement\":[{\"@type\":\"ListItem\",\"position\":1,\"name\":\"In\u00edcio\",\"item\":\"https:\/\/rioonwatch.org.br\/\"},{\"@type\":\"ListItem\",\"position\":2,\"name\":\"Rio de Janeiro, a Metr\u00f3pole Relutante: Introdu\u00e7\u00e3o \u00e0 Baixada Fluminense (Parte 2 de 2)\"}]},{\"@type\":\"WebSite\",\"@id\":\"https:\/\/rioonwatch.org.br\/#website\",\"url\":\"https:\/\/rioonwatch.org.br\/\",\"name\":\"RioOnWatch\",\"description\":\"relatos das favelas cariocas\",\"publisher\":{\"@id\":\"https:\/\/rioonwatch.org.br\/#organization\"},\"potentialAction\":[{\"@type\":\"SearchAction\",\"target\":{\"@type\":\"EntryPoint\",\"urlTemplate\":\"https:\/\/rioonwatch.org.br\/?s={search_term_string}\"},\"query-input\":{\"@type\":\"PropertyValueSpecification\",\"valueRequired\":true,\"valueName\":\"search_term_string\"}}],\"inLanguage\":\"pt-BR\"},{\"@type\":\"Organization\",\"@id\":\"https:\/\/rioonwatch.org.br\/#organization\",\"name\":\"RioOnWatch\",\"url\":\"https:\/\/rioonwatch.org.br\/\",\"logo\":{\"@type\":\"ImageObject\",\"inLanguage\":\"pt-BR\",\"@id\":\"https:\/\/rioonwatch.org.br\/#\/schema\/logo\/image\/\",\"url\":\"https:\/\/rioonwatch.org.br\/wp-content\/uploads\/2021\/06\/RioOnWatchcabecalhoPT11anos-2.png\",\"contentUrl\":\"https:\/\/rioonwatch.org.br\/wp-content\/uploads\/2021\/06\/RioOnWatchcabecalhoPT11anos-2.png\",\"width\":779,\"height\":277,\"caption\":\"RioOnWatch\"},\"image\":{\"@id\":\"https:\/\/rioonwatch.org.br\/#\/schema\/logo\/image\/\"}},{\"@type\":\"Person\",\"@id\":\"https:\/\/rioonwatch.org.br\/#\/schema\/person\/c6c09a0b56b38f0157a45b963ef3f269\",\"name\":\"Admin\",\"image\":{\"@type\":\"ImageObject\",\"inLanguage\":\"pt-BR\",\"@id\":\"https:\/\/rioonwatch.org.br\/#\/schema\/person\/image\/\",\"url\":\"https:\/\/secure.gravatar.com\/avatar\/da45c89efd4810dc70c16a5da3419806?s=96&d=blank&r=g\",\"contentUrl\":\"https:\/\/secure.gravatar.com\/avatar\/da45c89efd4810dc70c16a5da3419806?s=96&d=blank&r=g\",\"caption\":\"Admin\"},\"url\":\"https:\/\/rioonwatch.org.br\/?author=3\"}]}<\/script>\n<!-- \/ Yoast SEO plugin. -->","yoast_head_json":{"title":"Rio de Janeiro, a Metr\u00f3pole Relutante: Introdu\u00e7\u00e3o \u00e0 Baixada Fluminense (Parte 2 de 2) - RioOnWatch","robots":{"index":"index","follow":"follow","max-snippet":"max-snippet:-1","max-image-preview":"max-image-preview:large","max-video-preview":"max-video-preview:-1"},"canonical":"https:\/\/rioonwatch.org.br\/?p=15973","og_locale":"pt_BR","og_type":"article","og_title":"Rio de Janeiro, a Metr\u00f3pole Relutante: Introdu\u00e7\u00e3o \u00e0 Baixada Fluminense (Parte 2 de 2) - RioOnWatch","og_description":"Click Here for English Esta \u00e9 a segunda\u00a0de duas mat\u00e9rias que apresentam a Baixada Fluminense, pela pesquisadora Stephanie Reist*,\u00a0com foco\u00a0na cultura, no\u00a0ativismo e a integra\u00e7\u00e3o da regi\u00e3o.\u00a0N\u00e3o perca a primeira, publicada ontem, com foco na [...]","og_url":"https:\/\/rioonwatch.org.br\/?p=15973","og_site_name":"RioOnWatch","article_published_time":"2015-11-19T11:00:09+00:00","article_modified_time":"2024-08-20T22:31:27+00:00","og_image":[{"width":620,"height":296,"url":"https:\/\/rioonwatch.org.br\/wp-content\/uploads\/2015\/07\/IMG_20150611_154829904-e1437704301562.jpg","type":"image\/jpeg"}],"author":"Admin","twitter_card":"summary_large_image","twitter_misc":{"Escrito por":"Admin","Est. tempo de leitura":"6 minutos"},"schema":{"@context":"https:\/\/schema.org","@graph":[{"@type":"Article","@id":"https:\/\/rioonwatch.org.br\/?p=15973#article","isPartOf":{"@id":"https:\/\/rioonwatch.org.br\/?p=15973"},"author":{"name":"Admin","@id":"https:\/\/rioonwatch.org.br\/#\/schema\/person\/c6c09a0b56b38f0157a45b963ef3f269"},"headline":"Rio de Janeiro, a Metr\u00f3pole Relutante: Introdu\u00e7\u00e3o \u00e0 Baixada Fluminense (Parte 2 de 2)","datePublished":"2015-11-19T11:00:09+00:00","dateModified":"2024-08-20T22:31:27+00:00","mainEntityOfPage":{"@id":"https:\/\/rioonwatch.org.br\/?p=15973"},"wordCount":926,"publisher":{"@id":"https:\/\/rioonwatch.org.br\/#organization"},"image":{"@id":"https:\/\/rioonwatch.org.br\/?p=15973#primaryimage"},"thumbnailUrl":"https:\/\/rioonwatch.org.br\/wp-content\/uploads\/2015\/07\/IMG_20150611_154829904-e1437704301562.jpg","keywords":["Baixada Fluminense","Candombl\u00e9","Casa Fluminense","cultura","Direitos Humanos","Duque de Caxias","Grande Rio","integra\u00e7\u00e3o","Mag\u00e9","Niter\u00f3i","Nova Igua\u00e7u","S\u00e3o Gon\u00e7alo","seguran\u00e7a p\u00fablica"],"articleSection":["Dados e Pesquisa","Entendendo o Rio","Escrito por Aliados"],"inLanguage":"pt-BR"},{"@type":"WebPage","@id":"https:\/\/rioonwatch.org.br\/?p=15973","url":"https:\/\/rioonwatch.org.br\/?p=15973","name":"Rio de Janeiro, a Metr\u00f3pole Relutante: Introdu\u00e7\u00e3o \u00e0 Baixada Fluminense (Parte 2 de 2) - RioOnWatch","isPartOf":{"@id":"https:\/\/rioonwatch.org.br\/#website"},"primaryImageOfPage":{"@id":"https:\/\/rioonwatch.org.br\/?p=15973#primaryimage"},"image":{"@id":"https:\/\/rioonwatch.org.br\/?p=15973#primaryimage"},"thumbnailUrl":"https:\/\/rioonwatch.org.br\/wp-content\/uploads\/2015\/07\/IMG_20150611_154829904-e1437704301562.jpg","datePublished":"2015-11-19T11:00:09+00:00","dateModified":"2024-08-20T22:31:27+00:00","breadcrumb":{"@id":"https:\/\/rioonwatch.org.br\/?p=15973#breadcrumb"},"inLanguage":"pt-BR","potentialAction":[{"@type":"ReadAction","target":["https:\/\/rioonwatch.org.br\/?p=15973"]}]},{"@type":"ImageObject","inLanguage":"pt-BR","@id":"https:\/\/rioonwatch.org.br\/?p=15973#primaryimage","url":"https:\/\/rioonwatch.org.br\/wp-content\/uploads\/2015\/07\/IMG_20150611_154829904-e1437704301562.jpg","contentUrl":"https:\/\/rioonwatch.org.br\/wp-content\/uploads\/2015\/07\/IMG_20150611_154829904-e1437704301562.jpg","width":620,"height":296,"caption":"Panfletos do Roque Pense!"},{"@type":"BreadcrumbList","@id":"https:\/\/rioonwatch.org.br\/?p=15973#breadcrumb","itemListElement":[{"@type":"ListItem","position":1,"name":"In\u00edcio","item":"https:\/\/rioonwatch.org.br\/"},{"@type":"ListItem","position":2,"name":"Rio de Janeiro, a Metr\u00f3pole Relutante: Introdu\u00e7\u00e3o \u00e0 Baixada Fluminense (Parte 2 de 2)"}]},{"@type":"WebSite","@id":"https:\/\/rioonwatch.org.br\/#website","url":"https:\/\/rioonwatch.org.br\/","name":"RioOnWatch","description":"relatos das favelas cariocas","publisher":{"@id":"https:\/\/rioonwatch.org.br\/#organization"},"potentialAction":[{"@type":"SearchAction","target":{"@type":"EntryPoint","urlTemplate":"https:\/\/rioonwatch.org.br\/?s={search_term_string}"},"query-input":{"@type":"PropertyValueSpecification","valueRequired":true,"valueName":"search_term_string"}}],"inLanguage":"pt-BR"},{"@type":"Organization","@id":"https:\/\/rioonwatch.org.br\/#organization","name":"RioOnWatch","url":"https:\/\/rioonwatch.org.br\/","logo":{"@type":"ImageObject","inLanguage":"pt-BR","@id":"https:\/\/rioonwatch.org.br\/#\/schema\/logo\/image\/","url":"https:\/\/rioonwatch.org.br\/wp-content\/uploads\/2021\/06\/RioOnWatchcabecalhoPT11anos-2.png","contentUrl":"https:\/\/rioonwatch.org.br\/wp-content\/uploads\/2021\/06\/RioOnWatchcabecalhoPT11anos-2.png","width":779,"height":277,"caption":"RioOnWatch"},"image":{"@id":"https:\/\/rioonwatch.org.br\/#\/schema\/logo\/image\/"}},{"@type":"Person","@id":"https:\/\/rioonwatch.org.br\/#\/schema\/person\/c6c09a0b56b38f0157a45b963ef3f269","name":"Admin","image":{"@type":"ImageObject","inLanguage":"pt-BR","@id":"https:\/\/rioonwatch.org.br\/#\/schema\/person\/image\/","url":"https:\/\/secure.gravatar.com\/avatar\/da45c89efd4810dc70c16a5da3419806?s=96&d=blank&r=g","contentUrl":"https:\/\/secure.gravatar.com\/avatar\/da45c89efd4810dc70c16a5da3419806?s=96&d=blank&r=g","caption":"Admin"},"url":"https:\/\/rioonwatch.org.br\/?author=3"}]}},"_links":{"self":[{"href":"https:\/\/rioonwatch.org.br\/index.php?rest_route=\/wp\/v2\/posts\/15973"}],"collection":[{"href":"https:\/\/rioonwatch.org.br\/index.php?rest_route=\/wp\/v2\/posts"}],"about":[{"href":"https:\/\/rioonwatch.org.br\/index.php?rest_route=\/wp\/v2\/types\/post"}],"author":[{"embeddable":true,"href":"https:\/\/rioonwatch.org.br\/index.php?rest_route=\/wp\/v2\/users\/3"}],"replies":[{"embeddable":true,"href":"https:\/\/rioonwatch.org.br\/index.php?rest_route=%2Fwp%2Fv2%2Fcomments&post=15973"}],"version-history":[{"count":9,"href":"https:\/\/rioonwatch.org.br\/index.php?rest_route=\/wp\/v2\/posts\/15973\/revisions"}],"predecessor-version":[{"id":75239,"href":"https:\/\/rioonwatch.org.br\/index.php?rest_route=\/wp\/v2\/posts\/15973\/revisions\/75239"}],"wp:featuredmedia":[{"embeddable":true,"href":"https:\/\/rioonwatch.org.br\/index.php?rest_route=\/wp\/v2\/media\/14967"}],"wp:attachment":[{"href":"https:\/\/rioonwatch.org.br\/index.php?rest_route=%2Fwp%2Fv2%2Fmedia&parent=15973"}],"wp:term":[{"taxonomy":"category","embeddable":true,"href":"https:\/\/rioonwatch.org.br\/index.php?rest_route=%2Fwp%2Fv2%2Fcategories&post=15973"},{"taxonomy":"post_tag","embeddable":true,"href":"https:\/\/rioonwatch.org.br\/index.php?rest_route=%2Fwp%2Fv2%2Ftags&post=15973"},{"taxonomy":"writer","embeddable":true,"href":"https:\/\/rioonwatch.org.br\/index.php?rest_route=%2Fwp%2Fv2%2Fwriter&post=15973"},{"taxonomy":"translator","embeddable":true,"href":"https:\/\/rioonwatch.org.br\/index.php?rest_route=%2Fwp%2Fv2%2Ftranslator&post=15973"},{"taxonomy":"source","embeddable":true,"href":"https:\/\/rioonwatch.org.br\/index.php?rest_route=%2Fwp%2Fv2%2Fsource&post=15973"},{"taxonomy":"ilustrador","embeddable":true,"href":"https:\/\/rioonwatch.org.br\/index.php?rest_route=%2Fwp%2Fv2%2Filustrador&post=15973"},{"taxonomy":"fotografo","embeddable":true,"href":"https:\/\/rioonwatch.org.br\/index.php?rest_route=%2Fwp%2Fv2%2Ffotografo&post=15973"}],"curies":[{"name":"wp","href":"https:\/\/api.w.org\/{rel}","templated":true}]}}