{"id":16090,"date":"2015-08-20T09:47:15","date_gmt":"2015-08-20T12:47:15","guid":{"rendered":"http:\/\/rioonwatch.org.br\/?p=16090"},"modified":"2018-08-28T13:59:09","modified_gmt":"2018-08-28T16:59:09","slug":"prefeitura-do-rio-lanca-conselho-da-juventude-2","status":"publish","type":"post","link":"https:\/\/rioonwatch.org.br\/?p=16090","title":{"rendered":"Prefeitura do Rio Lan\u00e7a Conselho da Juventude"},"content":{"rendered":"<p style=\"text-align: right;\"><em><strong><a href=\"http:\/\/bit.ly\/1ErOi3d\" target=\"_blank\" rel=\"noopener\">Click Here for English<\/a><a href=\"http:\/\/bit.ly\/1ErOi3d\" target=\"_blank\" rel=\"noopener\"><img decoding=\"async\" class=\"alignright wp-image-15790\" src=\"http:\/\/rioonwatch.org.br\/wp-content\/uploads\/2012\/08\/EN-standard-e1439583104716.jpg\" alt=\"\" width=\"20\" height=\"20\" \/><\/a><br \/>\n<\/strong><\/em><\/p>\n<p><strong>Na quarta-feira, 29 de julho, a Prefeitura do Rio lan\u00e7ou o primeiro <a href=\"http:\/\/bit.ly\/1MbVSqx\" target=\"_blank\" rel=\"noopener\">Conselho da Juventude<\/a> no Pal\u00e1cio da Cidade, em Botafogo. O Conselho da Juventude \u00e9 um projeto da <a href=\"http:\/\/bit.ly\/1T5cBL3\" target=\"_blank\" rel=\"noopener\">LAB.Rio<\/a>, uma iniciativa rec\u00e9m-lan\u00e7ada da Prefeitura que pretende fornecer uma plataforma de di\u00e1logo entre a popula\u00e7\u00e3o e a Prefeitura.<\/strong><\/p>\n<p>O Conselho da Juventude dever\u00e1 ter 100 participantes, de entre 14 e 29 anos de idade, oriundos de diferentes partes da <a href=\"http:\/\/bit.ly\/1IuqD7P\" target=\"_blank\" rel=\"noopener\">regi\u00e3o metropolitana do Rio<\/a>. Os organizadores planejam formar um Conselho bastante diverso, com representa\u00e7\u00e3o de grupos historicamente exclu\u00eddos, incluindo jovens negros e ind\u00edgenas. Com inscri\u00e7\u00f5es at\u00e9 30 de agosto, mais de 600 pessoas j\u00e1 se inscreveram. Os jovens interessados devem enviar um v\u00eddeo de um minuto para a <a href=\"http:\/\/bit.ly\/1MNToPf\" target=\"_blank\" rel=\"noopener\">p\u00e1gina oficial da candidatura<\/a>, no qual devem propor um projeto positivo para a cidade.<\/p>\n<p><img fetchpriority=\"high\" decoding=\"async\" class=\"aligncenter size-full wp-image-16075\" title=\"Panfletos do lan\u00e7amento do Conselho da Juventude\" src=\"http:\/\/rioonwatch.org.br\/wp-content\/uploads\/2015\/08\/Panfletos-do-lan\u00e7amento-do-Conselho-da-Juventude-e1440015171609.jpg\" alt=\"\" width=\"620\" height=\"310\" \/><\/p>\n<p>O processo de sele\u00e7\u00e3o tem duas fases, com o principal objectivo de selecionar um conjunto diversificado de jovens adultos. Al\u00e9m de ter participantes de diferentes origens s\u00f3cio-econ\u00f4micas e raciais, a coordenadora do LAB.Rio,\u00a0<a href=\"http:\/\/bit.ly\/1E6cRrH\" target=\"_blank\" rel=\"noopener\">Thamyra Th\u00e2mara<\/a>, tamb\u00e9m expressou o desejo da organiza\u00e7\u00e3o ter representantes de outros grupos minorit\u00e1rios, como a comunidade LGBT.<\/p>\n<p>O Conselho pretende envolver a <a href=\"http:\/\/bit.ly\/1UTyUWE\" target=\"_blank\" rel=\"noopener\">popula\u00e7\u00e3o mais jovem do Rio<\/a> nas pol\u00edticas p\u00fablicas para pensarem sobre quest\u00f5es urbanas substanciais. Thamyra explica: \u201cA gente vai pensar na cidade inteira do Rio de Janeiro com o olhar da juventude&#8221;.<\/p>\n<p>O evento de lan\u00e7amento apresentou um painel de discuss\u00e3o composto por cinco membros que foi moderado pelo coordenador do LAB.Rio, Luti Guedes. Os membros do painel inclu\u00edam o Secret\u00e1rio Executivo de Coordena\u00e7\u00e3o de Governo da Prefeitura, Pedro Paulo; a jornalista\u00a0do <a href=\"http:\/\/bit.ly\/16bh2Lq\" target=\"_blank\" rel=\"noopener\">Observat\u00f3rio de Favelas<\/a>,\u00a0<a href=\"http:\/\/bit.ly\/1TU8dUW\">Silvana Bahia<\/a>; o jornalista do <a href=\"http:\/\/on.fb.me\/1wgZRtu\" target=\"_blank\" rel=\"noopener\">Coletivo Papo Reto<\/a>\u00a0e ativista do Complexo do Alem\u00e3o,\u00a0<a href=\"http:\/\/bit.ly\/1cWno5Z\" target=\"_blank\" rel=\"noopener\">Raull Santiago<\/a>;\u00a0a escritora Ana Paula Lisboa do <a href=\"http:\/\/bit.ly\/10BvARw\" target=\"_blank\" rel=\"noopener\">Complexo da Mar\u00e9<\/a> e Thamyra Th\u00e2mara.<\/p>\n<p><img decoding=\"async\" class=\"aligncenter wp-image-16077 size-full\" title=\"Palestrantes no lan\u00e7amento do Conselho da Juventude\" src=\"http:\/\/rioonwatch.org.br\/wp-content\/uploads\/2015\/08\/Palestrantre-no-lancamento-do-Conselho-para-Juventude-e1440015392801.jpg\" alt=\"\" width=\"620\" height=\"310\" \/><\/p>\n<p>Os participantes do painel enfatizaram a import\u00e2ncia do engajamento da juventude e da coletividade nas pol\u00edticas p\u00fablicas. Eles expressaram total confian\u00e7a na capacidade da juventude atual para criar efeitos positivos em suas comunidades. Conforme Thamyra explica:\u00a0\u201cA gente acredita que a juventude j\u00e1 participa, nas ruas, nos muros, e produz cultura para sua \u00e1rea\u201d.<\/p>\n<p>Seguindo a discuss\u00e3o do painel, o p\u00fablico levantou quest\u00f5es sobre o papel da <a href=\"http:\/\/bit.ly\/1UTyUWE\" target=\"_blank\" rel=\"noopener\">juventude das favelas<\/a>\u00a0na participa\u00e7\u00e3o nestas iniciativas e projetos governamentais. \u201cEu acredito que \u00e9 <a href=\"http:\/\/bit.ly\/14P8gmB\" target=\"_blank\" rel=\"noopener\">importante considerar<\/a> o jovem da favela porque normalmente a favela s\u00f3 \u00e9 vista <a href=\"http:\/\/bit.ly\/P4itK0\" target=\"_blank\" rel=\"noopener\">de forma negativa<\/a>\u2026 [ent\u00e3o \u00e9] uma coisa que pode ser construtiva [para a participa\u00e7\u00e3o]\u201d, \u00a0disse Raull Santiago. J\u00e1 no final, foi ressaltado o <a href=\"http:\/\/bit.ly\/1xIZZF0\" target=\"_blank\" rel=\"noopener\">poder da Internet em mobilizar a juventude<\/a>, bem como seu potencial para prover plataformas interessantes, de modo que a juventude participe das pol\u00edticas p\u00fablicas.<\/p>\n<!-- AddThis Advanced Settings generic via filter on the_content --><!-- AddThis Share Buttons generic via filter on the_content -->","protected":false},"excerpt":{"rendered":"<div class=\"mh-excerpt\"><p>Click Here for English Na quarta-feira, 29 de julho, a Prefeitura do Rio lan\u00e7ou o primeiro Conselho da Juventude no Pal\u00e1cio da Cidade, em Botafogo. O Conselho da Juventude \u00e9 um projeto da LAB.Rio, uma <a class=\"mh-excerpt-more\" href=\"https:\/\/rioonwatch.org.br\/?p=16090\" title=\"Prefeitura do Rio Lan\u00e7a Conselho da Juventude\">[&#8230;]<\/a><!-- AddThis Advanced Settings generic via filter on get_the_excerpt --><!-- AddThis Share Buttons generic via filter on get_the_excerpt --><\/p>\n<\/div>","protected":false},"author":3,"featured_media":16074,"comment_status":"closed","ping_status":"closed","sticky":false,"template":"","format":"standard","meta":{"_acf_changed":false,"_monsterinsights_skip_tracking":false,"_monsterinsights_sitenote_active":false,"_monsterinsights_sitenote_note":"","_monsterinsights_sitenote_category":0,"footnotes":""},"categories":[1618,1621,1627,1626,344,342],"tags":[1643,1307,1418,113,1644,1398,663,304,812,838,936],"writer":[1562],"translator":[2032],"source":[],"ilustrador":[],"fotografo":[],"class_list":{"0":"post-16090","1":"post","2":"type-post","3":"status-publish","4":"format-standard","5":"has-post-thumbnail","7":"category-olhonaparticipacao","8":"category-destaque","9":"category-relato-de-evento","10":"category-por-observadores-internacionais","11":"category-politicas","12":"category-solucoes","13":"tag-diversidade","14":"tag-inclusao","15":"tag-coletivo-papo-reto","16":"tag-juventude","17":"tag-lab-rio","18":"tag-lgbt","19":"tag-observatorio-de-favelas","20":"tag-participacao","21":"tag-planejamento-urbano","22":"tag-politica-publica","23":"tag-raca","24":"writer-brenda-serpas","25":"translator-bruno-ferreira"},"acf":[],"yoast_head":"<!-- This site is optimized with the Yoast SEO plugin v25.6 - https:\/\/yoast.com\/wordpress\/plugins\/seo\/ -->\n<title>Prefeitura do Rio Lan\u00e7a Conselho da Juventude - RioOnWatch<\/title>\n<meta name=\"robots\" content=\"index, follow, max-snippet:-1, max-image-preview:large, max-video-preview:-1\" \/>\n<link rel=\"canonical\" href=\"https:\/\/rioonwatch.org.br\/?p=16090\" \/>\n<meta property=\"og:locale\" content=\"pt_BR\" \/>\n<meta property=\"og:type\" content=\"article\" \/>\n<meta property=\"og:title\" content=\"Prefeitura do Rio Lan\u00e7a Conselho da Juventude - RioOnWatch\" \/>\n<meta property=\"og:description\" content=\"Click Here for English Na quarta-feira, 29 de julho, a Prefeitura do Rio lan\u00e7ou o primeiro Conselho da Juventude no Pal\u00e1cio da Cidade, em Botafogo. O Conselho da Juventude \u00e9 um projeto da LAB.Rio, uma [...]\" \/>\n<meta property=\"og:url\" content=\"https:\/\/rioonwatch.org.br\/?p=16090\" \/>\n<meta property=\"og:site_name\" content=\"RioOnWatch\" \/>\n<meta property=\"article:published_time\" content=\"2015-08-20T12:47:15+00:00\" \/>\n<meta property=\"article:modified_time\" content=\"2018-08-28T16:59:09+00:00\" \/>\n<meta property=\"og:image\" content=\"https:\/\/rioonwatch.org.br\/wp-content\/uploads\/2015\/08\/Conselho-da-Juventude-e1440015028915.jpg\" \/>\n\t<meta property=\"og:image:width\" content=\"620\" \/>\n\t<meta property=\"og:image:height\" content=\"310\" \/>\n\t<meta property=\"og:image:type\" content=\"image\/jpeg\" \/>\n<meta name=\"author\" content=\"Admin\" \/>\n<meta name=\"twitter:card\" content=\"summary_large_image\" \/>\n<meta name=\"twitter:label1\" content=\"Escrito por\" \/>\n\t<meta name=\"twitter:data1\" content=\"Admin\" \/>\n\t<meta name=\"twitter:label2\" content=\"Est. tempo de leitura\" \/>\n\t<meta name=\"twitter:data2\" content=\"2 minutos\" \/>\n<script type=\"application\/ld+json\" class=\"yoast-schema-graph\">{\"@context\":\"https:\/\/schema.org\",\"@graph\":[{\"@type\":\"Article\",\"@id\":\"https:\/\/rioonwatch.org.br\/?p=16090#article\",\"isPartOf\":{\"@id\":\"https:\/\/rioonwatch.org.br\/?p=16090\"},\"author\":{\"name\":\"Admin\",\"@id\":\"https:\/\/rioonwatch.org.br\/#\/schema\/person\/c6c09a0b56b38f0157a45b963ef3f269\"},\"headline\":\"Prefeitura do Rio Lan\u00e7a Conselho da Juventude\",\"datePublished\":\"2015-08-20T12:47:15+00:00\",\"dateModified\":\"2018-08-28T16:59:09+00:00\",\"mainEntityOfPage\":{\"@id\":\"https:\/\/rioonwatch.org.br\/?p=16090\"},\"wordCount\":482,\"publisher\":{\"@id\":\"https:\/\/rioonwatch.org.br\/#organization\"},\"image\":{\"@id\":\"https:\/\/rioonwatch.org.br\/?p=16090#primaryimage\"},\"thumbnailUrl\":\"https:\/\/rioonwatch.org.br\/wp-content\/uploads\/2015\/08\/Conselho-da-Juventude-e1440015028915.jpg\",\"keywords\":[\"diversidade\",\"inclus\u00e3o\",\"Instituto Papo Reto\",\"juventude\",\"LAB.Rio\",\"LGBTQIAPN+\",\"Observat\u00f3rio de Favelas\",\"participa\u00e7\u00e3o\",\"planejamento urbano\",\"pol\u00edtica p\u00fablica\",\"ra\u00e7a\"],\"articleSection\":[\"#OlhoNaParticipa\u00e7\u00e3o\",\"*Destaque\",\"Cobertura de Eventos\",\"Escrito por Aliados\",\"Pol\u00edticas\",\"Solu\u00e7\u00f5es\"],\"inLanguage\":\"pt-BR\"},{\"@type\":\"WebPage\",\"@id\":\"https:\/\/rioonwatch.org.br\/?p=16090\",\"url\":\"https:\/\/rioonwatch.org.br\/?p=16090\",\"name\":\"Prefeitura do Rio Lan\u00e7a Conselho da Juventude - RioOnWatch\",\"isPartOf\":{\"@id\":\"https:\/\/rioonwatch.org.br\/#website\"},\"primaryImageOfPage\":{\"@id\":\"https:\/\/rioonwatch.org.br\/?p=16090#primaryimage\"},\"image\":{\"@id\":\"https:\/\/rioonwatch.org.br\/?p=16090#primaryimage\"},\"thumbnailUrl\":\"https:\/\/rioonwatch.org.br\/wp-content\/uploads\/2015\/08\/Conselho-da-Juventude-e1440015028915.jpg\",\"datePublished\":\"2015-08-20T12:47:15+00:00\",\"dateModified\":\"2018-08-28T16:59:09+00:00\",\"breadcrumb\":{\"@id\":\"https:\/\/rioonwatch.org.br\/?p=16090#breadcrumb\"},\"inLanguage\":\"pt-BR\",\"potentialAction\":[{\"@type\":\"ReadAction\",\"target\":[\"https:\/\/rioonwatch.org.br\/?p=16090\"]}]},{\"@type\":\"ImageObject\",\"inLanguage\":\"pt-BR\",\"@id\":\"https:\/\/rioonwatch.org.br\/?p=16090#primaryimage\",\"url\":\"https:\/\/rioonwatch.org.br\/wp-content\/uploads\/2015\/08\/Conselho-da-Juventude-e1440015028915.jpg\",\"contentUrl\":\"https:\/\/rioonwatch.org.br\/wp-content\/uploads\/2015\/08\/Conselho-da-Juventude-e1440015028915.jpg\",\"width\":620,\"height\":310,\"caption\":\"A Prefeitura do Rio lan\u00e7a o Conselho da Juventude\"},{\"@type\":\"BreadcrumbList\",\"@id\":\"https:\/\/rioonwatch.org.br\/?p=16090#breadcrumb\",\"itemListElement\":[{\"@type\":\"ListItem\",\"position\":1,\"name\":\"In\u00edcio\",\"item\":\"https:\/\/rioonwatch.org.br\/\"},{\"@type\":\"ListItem\",\"position\":2,\"name\":\"Prefeitura do Rio Lan\u00e7a Conselho da Juventude\"}]},{\"@type\":\"WebSite\",\"@id\":\"https:\/\/rioonwatch.org.br\/#website\",\"url\":\"https:\/\/rioonwatch.org.br\/\",\"name\":\"RioOnWatch\",\"description\":\"relatos das favelas cariocas\",\"publisher\":{\"@id\":\"https:\/\/rioonwatch.org.br\/#organization\"},\"potentialAction\":[{\"@type\":\"SearchAction\",\"target\":{\"@type\":\"EntryPoint\",\"urlTemplate\":\"https:\/\/rioonwatch.org.br\/?s={search_term_string}\"},\"query-input\":{\"@type\":\"PropertyValueSpecification\",\"valueRequired\":true,\"valueName\":\"search_term_string\"}}],\"inLanguage\":\"pt-BR\"},{\"@type\":\"Organization\",\"@id\":\"https:\/\/rioonwatch.org.br\/#organization\",\"name\":\"RioOnWatch\",\"url\":\"https:\/\/rioonwatch.org.br\/\",\"logo\":{\"@type\":\"ImageObject\",\"inLanguage\":\"pt-BR\",\"@id\":\"https:\/\/rioonwatch.org.br\/#\/schema\/logo\/image\/\",\"url\":\"https:\/\/rioonwatch.org.br\/wp-content\/uploads\/2021\/06\/RioOnWatchcabecalhoPT11anos-2.png\",\"contentUrl\":\"https:\/\/rioonwatch.org.br\/wp-content\/uploads\/2021\/06\/RioOnWatchcabecalhoPT11anos-2.png\",\"width\":779,\"height\":277,\"caption\":\"RioOnWatch\"},\"image\":{\"@id\":\"https:\/\/rioonwatch.org.br\/#\/schema\/logo\/image\/\"}},{\"@type\":\"Person\",\"@id\":\"https:\/\/rioonwatch.org.br\/#\/schema\/person\/c6c09a0b56b38f0157a45b963ef3f269\",\"name\":\"Admin\",\"image\":{\"@type\":\"ImageObject\",\"inLanguage\":\"pt-BR\",\"@id\":\"https:\/\/rioonwatch.org.br\/#\/schema\/person\/image\/\",\"url\":\"https:\/\/secure.gravatar.com\/avatar\/da45c89efd4810dc70c16a5da3419806?s=96&d=blank&r=g\",\"contentUrl\":\"https:\/\/secure.gravatar.com\/avatar\/da45c89efd4810dc70c16a5da3419806?s=96&d=blank&r=g\",\"caption\":\"Admin\"},\"url\":\"https:\/\/rioonwatch.org.br\/?author=3\"}]}<\/script>\n<!-- \/ Yoast SEO plugin. -->","yoast_head_json":{"title":"Prefeitura do Rio Lan\u00e7a Conselho da Juventude - RioOnWatch","robots":{"index":"index","follow":"follow","max-snippet":"max-snippet:-1","max-image-preview":"max-image-preview:large","max-video-preview":"max-video-preview:-1"},"canonical":"https:\/\/rioonwatch.org.br\/?p=16090","og_locale":"pt_BR","og_type":"article","og_title":"Prefeitura do Rio Lan\u00e7a Conselho da Juventude - RioOnWatch","og_description":"Click Here for English Na quarta-feira, 29 de julho, a Prefeitura do Rio lan\u00e7ou o primeiro Conselho da Juventude no Pal\u00e1cio da Cidade, em Botafogo. O Conselho da Juventude \u00e9 um projeto da LAB.Rio, uma [...]","og_url":"https:\/\/rioonwatch.org.br\/?p=16090","og_site_name":"RioOnWatch","article_published_time":"2015-08-20T12:47:15+00:00","article_modified_time":"2018-08-28T16:59:09+00:00","og_image":[{"width":620,"height":310,"url":"https:\/\/rioonwatch.org.br\/wp-content\/uploads\/2015\/08\/Conselho-da-Juventude-e1440015028915.jpg","type":"image\/jpeg"}],"author":"Admin","twitter_card":"summary_large_image","twitter_misc":{"Escrito por":"Admin","Est. tempo de leitura":"2 minutos"},"schema":{"@context":"https:\/\/schema.org","@graph":[{"@type":"Article","@id":"https:\/\/rioonwatch.org.br\/?p=16090#article","isPartOf":{"@id":"https:\/\/rioonwatch.org.br\/?p=16090"},"author":{"name":"Admin","@id":"https:\/\/rioonwatch.org.br\/#\/schema\/person\/c6c09a0b56b38f0157a45b963ef3f269"},"headline":"Prefeitura do Rio Lan\u00e7a Conselho da Juventude","datePublished":"2015-08-20T12:47:15+00:00","dateModified":"2018-08-28T16:59:09+00:00","mainEntityOfPage":{"@id":"https:\/\/rioonwatch.org.br\/?p=16090"},"wordCount":482,"publisher":{"@id":"https:\/\/rioonwatch.org.br\/#organization"},"image":{"@id":"https:\/\/rioonwatch.org.br\/?p=16090#primaryimage"},"thumbnailUrl":"https:\/\/rioonwatch.org.br\/wp-content\/uploads\/2015\/08\/Conselho-da-Juventude-e1440015028915.jpg","keywords":["diversidade","inclus\u00e3o","Instituto Papo Reto","juventude","LAB.Rio","LGBTQIAPN+","Observat\u00f3rio de Favelas","participa\u00e7\u00e3o","planejamento urbano","pol\u00edtica p\u00fablica","ra\u00e7a"],"articleSection":["#OlhoNaParticipa\u00e7\u00e3o","*Destaque","Cobertura de Eventos","Escrito por Aliados","Pol\u00edticas","Solu\u00e7\u00f5es"],"inLanguage":"pt-BR"},{"@type":"WebPage","@id":"https:\/\/rioonwatch.org.br\/?p=16090","url":"https:\/\/rioonwatch.org.br\/?p=16090","name":"Prefeitura do Rio Lan\u00e7a Conselho da Juventude - RioOnWatch","isPartOf":{"@id":"https:\/\/rioonwatch.org.br\/#website"},"primaryImageOfPage":{"@id":"https:\/\/rioonwatch.org.br\/?p=16090#primaryimage"},"image":{"@id":"https:\/\/rioonwatch.org.br\/?p=16090#primaryimage"},"thumbnailUrl":"https:\/\/rioonwatch.org.br\/wp-content\/uploads\/2015\/08\/Conselho-da-Juventude-e1440015028915.jpg","datePublished":"2015-08-20T12:47:15+00:00","dateModified":"2018-08-28T16:59:09+00:00","breadcrumb":{"@id":"https:\/\/rioonwatch.org.br\/?p=16090#breadcrumb"},"inLanguage":"pt-BR","potentialAction":[{"@type":"ReadAction","target":["https:\/\/rioonwatch.org.br\/?p=16090"]}]},{"@type":"ImageObject","inLanguage":"pt-BR","@id":"https:\/\/rioonwatch.org.br\/?p=16090#primaryimage","url":"https:\/\/rioonwatch.org.br\/wp-content\/uploads\/2015\/08\/Conselho-da-Juventude-e1440015028915.jpg","contentUrl":"https:\/\/rioonwatch.org.br\/wp-content\/uploads\/2015\/08\/Conselho-da-Juventude-e1440015028915.jpg","width":620,"height":310,"caption":"A Prefeitura do Rio lan\u00e7a o Conselho da Juventude"},{"@type":"BreadcrumbList","@id":"https:\/\/rioonwatch.org.br\/?p=16090#breadcrumb","itemListElement":[{"@type":"ListItem","position":1,"name":"In\u00edcio","item":"https:\/\/rioonwatch.org.br\/"},{"@type":"ListItem","position":2,"name":"Prefeitura do Rio Lan\u00e7a Conselho da Juventude"}]},{"@type":"WebSite","@id":"https:\/\/rioonwatch.org.br\/#website","url":"https:\/\/rioonwatch.org.br\/","name":"RioOnWatch","description":"relatos das favelas cariocas","publisher":{"@id":"https:\/\/rioonwatch.org.br\/#organization"},"potentialAction":[{"@type":"SearchAction","target":{"@type":"EntryPoint","urlTemplate":"https:\/\/rioonwatch.org.br\/?s={search_term_string}"},"query-input":{"@type":"PropertyValueSpecification","valueRequired":true,"valueName":"search_term_string"}}],"inLanguage":"pt-BR"},{"@type":"Organization","@id":"https:\/\/rioonwatch.org.br\/#organization","name":"RioOnWatch","url":"https:\/\/rioonwatch.org.br\/","logo":{"@type":"ImageObject","inLanguage":"pt-BR","@id":"https:\/\/rioonwatch.org.br\/#\/schema\/logo\/image\/","url":"https:\/\/rioonwatch.org.br\/wp-content\/uploads\/2021\/06\/RioOnWatchcabecalhoPT11anos-2.png","contentUrl":"https:\/\/rioonwatch.org.br\/wp-content\/uploads\/2021\/06\/RioOnWatchcabecalhoPT11anos-2.png","width":779,"height":277,"caption":"RioOnWatch"},"image":{"@id":"https:\/\/rioonwatch.org.br\/#\/schema\/logo\/image\/"}},{"@type":"Person","@id":"https:\/\/rioonwatch.org.br\/#\/schema\/person\/c6c09a0b56b38f0157a45b963ef3f269","name":"Admin","image":{"@type":"ImageObject","inLanguage":"pt-BR","@id":"https:\/\/rioonwatch.org.br\/#\/schema\/person\/image\/","url":"https:\/\/secure.gravatar.com\/avatar\/da45c89efd4810dc70c16a5da3419806?s=96&d=blank&r=g","contentUrl":"https:\/\/secure.gravatar.com\/avatar\/da45c89efd4810dc70c16a5da3419806?s=96&d=blank&r=g","caption":"Admin"},"url":"https:\/\/rioonwatch.org.br\/?author=3"}]}},"_links":{"self":[{"href":"https:\/\/rioonwatch.org.br\/index.php?rest_route=\/wp\/v2\/posts\/16090"}],"collection":[{"href":"https:\/\/rioonwatch.org.br\/index.php?rest_route=\/wp\/v2\/posts"}],"about":[{"href":"https:\/\/rioonwatch.org.br\/index.php?rest_route=\/wp\/v2\/types\/post"}],"author":[{"embeddable":true,"href":"https:\/\/rioonwatch.org.br\/index.php?rest_route=\/wp\/v2\/users\/3"}],"replies":[{"embeddable":true,"href":"https:\/\/rioonwatch.org.br\/index.php?rest_route=%2Fwp%2Fv2%2Fcomments&post=16090"}],"version-history":[{"count":4,"href":"https:\/\/rioonwatch.org.br\/index.php?rest_route=\/wp\/v2\/posts\/16090\/revisions"}],"predecessor-version":[{"id":30082,"href":"https:\/\/rioonwatch.org.br\/index.php?rest_route=\/wp\/v2\/posts\/16090\/revisions\/30082"}],"wp:featuredmedia":[{"embeddable":true,"href":"https:\/\/rioonwatch.org.br\/index.php?rest_route=\/wp\/v2\/media\/16074"}],"wp:attachment":[{"href":"https:\/\/rioonwatch.org.br\/index.php?rest_route=%2Fwp%2Fv2%2Fmedia&parent=16090"}],"wp:term":[{"taxonomy":"category","embeddable":true,"href":"https:\/\/rioonwatch.org.br\/index.php?rest_route=%2Fwp%2Fv2%2Fcategories&post=16090"},{"taxonomy":"post_tag","embeddable":true,"href":"https:\/\/rioonwatch.org.br\/index.php?rest_route=%2Fwp%2Fv2%2Ftags&post=16090"},{"taxonomy":"writer","embeddable":true,"href":"https:\/\/rioonwatch.org.br\/index.php?rest_route=%2Fwp%2Fv2%2Fwriter&post=16090"},{"taxonomy":"translator","embeddable":true,"href":"https:\/\/rioonwatch.org.br\/index.php?rest_route=%2Fwp%2Fv2%2Ftranslator&post=16090"},{"taxonomy":"source","embeddable":true,"href":"https:\/\/rioonwatch.org.br\/index.php?rest_route=%2Fwp%2Fv2%2Fsource&post=16090"},{"taxonomy":"ilustrador","embeddable":true,"href":"https:\/\/rioonwatch.org.br\/index.php?rest_route=%2Fwp%2Fv2%2Filustrador&post=16090"},{"taxonomy":"fotografo","embeddable":true,"href":"https:\/\/rioonwatch.org.br\/index.php?rest_route=%2Fwp%2Fv2%2Ffotografo&post=16090"}],"curies":[{"name":"wp","href":"https:\/\/api.w.org\/{rel}","templated":true}]}}