{"id":16229,"date":"2015-09-07T09:00:13","date_gmt":"2015-09-07T12:00:13","guid":{"rendered":"http:\/\/rioonwatch.org.br\/?p=16229"},"modified":"2023-05-09T09:57:14","modified_gmt":"2023-05-09T12:57:14","slug":"conferencia-na-regiao-portuaria-traz-esperancosa-sobre-esforcos-de-participacao-do-rio","status":"publish","type":"post","link":"https:\/\/rioonwatch.org.br\/?p=16229","title":{"rendered":"Confer\u00eancia Sobre Habita\u00e7\u00e3o Acess\u00edvel na Regi\u00e3o Portu\u00e1ria traz Esperan\u00e7a Sobre Esfor\u00e7os de Participa\u00e7\u00e3o do Rio"},"content":{"rendered":"<p style=\"text-align: right;\"><a href=\"http:\/\/bit.ly\/1Emyp3C\" target=\"_blank\" rel=\"noopener\"><em><strong>Click Here for English<img decoding=\"async\" width=\"20\" height=\"20\" class=\"alignright wp-image-15790\" src=\"http:\/\/rioonwatch.org.br\/wp-content\/uploads\/2012\/08\/EN-standard-e1439583104716.jpg\" alt=\"\" \/><\/strong><\/em><\/a><\/p>\n<p>Nos dias 14 e 15 de agosto, aproximadamente 300 pessoas se reuniram no Armaz\u00e9m da Utopia, ao longo da Ba\u00eda de Guanabara, na <a href=\"http:\/\/bit.ly\/1cVBDvL\" target=\"_blank\" rel=\"noopener\">regi\u00e3o portu\u00e1ria do Rio<\/a>, para uma longa e inadi\u00e1vel <a href=\"http:\/\/bit.ly\/1JrVuxp\" target=\"_blank\" rel=\"noopener\">confer\u00eancia<\/a> a fim de discutir a provis\u00e3o de habita\u00e7\u00e3o social para os moradores da regi\u00e3o. A quest\u00e3o da habita\u00e7\u00e3o social na regi\u00e3o portu\u00e1ria do Rio tornou-se cr\u00edtica diante do contexto de forte investimento privado em projetos de renova\u00e7\u00e3o do <a href=\"http:\/\/bit.ly\/1NnONTh\" target=\"_blank\" rel=\"noopener\">Porto Maravilha<\/a>, que antecipam os <a href=\"http:\/\/bit.ly\/PkLXlQ\" target=\"_blank\" rel=\"noopener\">Jogos Ol\u00edmpicos de 2016<\/a>.<\/p>\n<p>A confer\u00eancia foi o \u00e1pice de <a href=\"http:\/\/bit.ly\/1Tk8efc\" target=\"_blank\" rel=\"noopener\">tr\u00eas audi\u00eancias p\u00fablicas, ocorridas em junho e julho<\/a>, durante as quais a prefeitura cedeu \u00e0s press\u00f5es dos movimentos sociais de criar oportunidades para ampliar a <a href=\"http:\/\/bit.ly\/14P8gmB\" target=\"_blank\" rel=\"noopener\">participa\u00e7\u00e3o<\/a> dos habitantes da \u00e1rea e dos defensores da habita\u00e7\u00e3o social na regi\u00e3o portu\u00e1ria. A <a href=\"http:\/\/bit.ly\/1Ix06F1\" target=\"_blank\" rel=\"noopener\">primeira reuni\u00e3o<\/a> focou em buscar estrat\u00e9gias para impedir 30.000 moradores de serem empurrados para fora da regi\u00e3o por causa do aumento dos pre\u00e7os; a <a href=\"http:\/\/bit.ly\/1UXCal4\" target=\"_blank\" rel=\"noopener\">segunda reuni\u00e3o<\/a> detalhou estrat\u00e9gias para a incorpora\u00e7\u00e3o do desenvolvimento de rendimentos mistos; e a <a href=\"http:\/\/bit.ly\/1Tk8efc\" target=\"_blank\" rel=\"noopener\">reuni\u00e3o final<\/a> abordou as especificidades do\u00a0<a href=\"http:\/\/bit.ly\/UBbISE\" target=\"_blank\" rel=\"noopener\">aluguel social<\/a> no projeto. O aluguel social no Rio s\u00f3 tem sido utilizado como uma medida tempor\u00e1ria, mas durante esta reuni\u00e3o foi apresentada a possibilidade de utilizar o que est\u00e1 sendo chamado de &#8216;loca\u00e7\u00e3o\u00a0social&#8217;, como uma transfer\u00eancia de renda regular para fins de moradia para moradores de baixa renda. No contexto brasileiro, o aluguel social cont\u00ednuo como uma ferramenta potencial para atender \u00e0s necessidades de habita\u00e7\u00e3o substanciais s\u00f3 foi <a href=\"http:\/\/bit.ly\/1JfqJN2\" target=\"_blank\" rel=\"noopener\">experimentado em S\u00e3o Paulo<\/a> at\u00e9 o momento.<\/p>\n<p>O painel principal da confer\u00eancia foi presidido pelo presidente da Companhia de Desenvolvimento Urbano da Regi\u00e3o do Porto (CDURP) Alberto Gomes Silva, pelo Secret\u00e1rio Municipal de Habita\u00e7\u00e3o Carlos Portinho, e por Marcelo Edmundo, membro da <a href=\"http:\/\/bit.ly\/1NXLSRo\" target=\"_blank\" rel=\"noopener\">Central de Movimentos Populares (CMP)<\/a>. Em 14 de agosto, os participantes leram e aprovaram os estatutos que especificavam os mecanismos participativos e os processos de tomada de decis\u00e3o que ocorreriam no dia seguinte. O documento do Plano de Habita\u00e7\u00e3o de Interesse Social elaborado pela <a href=\"http:\/\/bit.ly\/1MLiE7L\" target=\"_blank\" rel=\"noopener\">CDURP<\/a>, que incorpora o conhecimento produzido durante as tr\u00eas audi\u00eancias p\u00fablicas de junho e julho, foi apresentado.<\/p>\n<p>No dia seguinte, 15 de agosto, os grupos gerados a partir da estrutura da confer\u00eancia se centralizaram em torno de cinco temas, cada um analisando o Plano: Habita\u00e7\u00e3o Social, \u00c1reas de Especial Interesse Social (AEIS), Aluguel Social, Melhorias Habitacionais e Equipamentos Comunit\u00e1rios\/Inclus\u00e3o S\u00f3cio-produtiva. Os membros da plat\u00e9ia\u00a0foram divididos entre cada grupo e avaliaram o Plano linha por linha, sugerindo altera\u00e7\u00f5es espec\u00edficas que foram depois votadas e, finalmente, consideradas em sess\u00e3o plen\u00e1ria. No final da confer\u00eancia, o grupo havia trabalhado e votado para aprovar a vers\u00e3o final do Plano de Habita\u00e7\u00e3o de Interesse Social.<\/p>\n<p><img fetchpriority=\"high\" decoding=\"async\" class=\"aligncenter size-content wp-image-16237\" title=\"Vota\u00e7\u00e3o na Confer\u00eancia de Habita\u00e7\u00e3o Social na Regi\u00e3o do Porto\" src=\"http:\/\/rioonwatch.org.br\/wp-content\/uploads\/2015\/09\/Conferencia-na-Regiao-do-Porto-620x264.jpeg\" alt=\"\" width=\"620\" height=\"264\" srcset=\"https:\/\/rioonwatch.org.br\/wp-content\/uploads\/2015\/09\/Conferencia-na-Regiao-do-Porto-620x264.jpeg 620w, https:\/\/rioonwatch.org.br\/wp-content\/uploads\/2015\/09\/Conferencia-na-Regiao-do-Porto-940x400.jpeg 940w\" sizes=\"(max-width: 620px) 100vw, 620px\" \/><\/p>\n<p>Para muitos participantes, o encontro foi visto como uma vit\u00f3ria inicial, porque esse era um espa\u00e7o de negocia\u00e7\u00e3o adquirido ap\u00f3s anos de luta para proteger os meios de subsist\u00eancia dos habitantes da \u00e1rea do Porto no contexto da revitaliza\u00e7\u00e3o urbana e a consequente <a href=\"http:\/\/bit.ly\/Qe3lpR\" target=\"_blank\" rel=\"noopener\">gentrifica\u00e7\u00e3o<\/a>. Uma altera\u00e7\u00e3o fundamental que passou durante esta reuni\u00e3o foi o aumento de 5.000 para 10.000 unidades de habita\u00e7\u00e3o social a serem constru\u00eddas na \u00e1rea do Porto. E, de forma geral, a presen\u00e7a dos participantes no s\u00e1bado foi ativa.<\/p>\n<p>No entanto, os participantes mais ativos eram aqueles organizados em movimentos sociais e outras entidades. Alguns moradores da primeira e mais hist\u00f3rica favela do Brasil&#8211; o\u00a0<a href=\"http:\/\/bit.ly\/UBMUVJ\" target=\"_blank\" rel=\"noopener\">Morro da Provid\u00eancia<\/a>&#8211;localizada na Zona Portu\u00e1ria, relataram que muitos deles tinham sido convidados pela CDURP com pouco tempo de anteced\u00eancia&#8211;apenas horas antes da reuni\u00e3o&#8211;e indiv\u00edduos foram incentivados a encontrar outros moradores para vir com eles, como se a <a href=\"http:\/\/bit.ly\/EscadaParticipacao\" target=\"_blank\" rel=\"noopener\">sua participa\u00e7\u00e3o tivesse sido uma reflex\u00e3o tardia<\/a>. Um morador deu a entender que, como resultado da correria, v\u00e1rias pessoas presentes n\u00e3o estavam plenamente informadas do pano de fundo da reuni\u00e3o e seu prop\u00f3sito. Moradores de favelas e outros bairros da regi\u00e3o do Porto, que tinham vindo de forma independente, eram visivelmente menos ouvidos do que os acad\u00eamicos e os que vieram como parte de movimentos sociais.<\/p>\n<p>O ceticismo entre os moradores de\u00a0favela que sofreram ou testemunharam remo\u00e7\u00f5es\u00a0era alto, e alguns viram o processo participativo aparentemente mais como <a href=\"http:\/\/bit.ly\/NYTProvidencia\" target=\"_blank\" rel=\"noopener\">uma &#8220;performance&#8221; para distrair as pessoas da especula\u00e7\u00e3o imobili\u00e1ria<\/a>. Durante uma pausa, um morador observou: &#8220;Revitaliza\u00e7\u00e3o para qu\u00ea? O que \u00e9 que eles querem revitalizar? J\u00e1 n\u00e3o h\u00e1 pessoas que vivem aqui? A \u00e1rea do Porto n\u00e3o est\u00e1 viva?&#8221;.<\/p>\n<p><img decoding=\"async\" class=\"aligncenter\" title=\"Vota\u00e7\u00e3o na Confer\u00eancia de Habita\u00e7\u00e3o Social na Regi\u00e3o do Porto\" src=\"http:\/\/www.rioonwatch.org\/wp-content\/uploads\/2015\/08\/Port-Conference-1-620x264.jpeg\" alt=\"\" width=\"620\" height=\"264\" \/><\/p>\n<p>H\u00e1 ainda um longo caminho a percorrer antes que o documento redigido se torne uma realidade tang\u00edvel. Enquanto o Secret\u00e1rio Portinho, e Gomes Silva, da CDURP, comemoraram a conquista de uma &#8220;democracia direta participativa&#8221; em seus discursos de abertura, \u00e9 importante observar a <a href=\"http:\/\/bit.ly\/10p4zXI\" target=\"_blank\" rel=\"noopener\">hist\u00f3ria recente<\/a> de planejamento dominado pelo setor privado na \u00e1rea do Porto, em que uma coaliz\u00e3o de interesses privados e p\u00fablicos promoveram uma agenda baseada na excepcionalidade. No contexto dos direitos a terra, excepcionalismo significa evitar ou neutralizar as normas constitucionais em vigor de prote\u00e7\u00e3o ao uso social da terra. A participa\u00e7\u00e3o ativa dos acad\u00eamicos na Confer\u00eancia&#8211;especialmente dos membros do <a href=\"http:\/\/bit.ly\/1NCsZUX\" target=\"_blank\" rel=\"noopener\">Observat\u00f3rio das Metr\u00f3poles<\/a> e da advogada e defensora habitacional Sonia Rabello&#8211;foi crucial para a media\u00e7\u00e3o entre os moradores e os complexos mecanismos de governan\u00e7a. Esses defensores tamb\u00e9m pressionaram as autoridades a respeitarem os seus compromissos de participa\u00e7\u00e3o e de habita\u00e7\u00e3o social durante os processos de desenvolvimento urbano que continuar\u00e3o a rolar ao longo dos pr\u00f3ximos anos.<\/p>\n<p>Ap\u00f3s a aprova\u00e7\u00e3o das pessoas presentes na confer\u00eancia, o documento ser\u00e1 agora enviado ao <a href=\"http:\/\/bit.ly\/1Nvet0b\" target=\"_blank\" rel=\"noopener\">Conselho Gestor do Fundo Municipal de Habita\u00e7\u00e3o de Interesse Social<\/a>, que estabelece diretrizes e aprova a aloca\u00e7\u00e3o de recursos para projetos de habita\u00e7\u00e3o p\u00fablica para a cidade. V\u00e1rios participantes ativos nesta confer\u00eancia, incluindo os tr\u00eas palestrantes e Orlando Santos Junior, pesquisador e planejador urbano do Observat\u00f3rio das Metr\u00f3poles, tamb\u00e9m s\u00e3o membros do Conselho Gestor, um sinal promissor para a passagem deste documento.<\/p>\n<p>&#8220;Quando n\u00f3s nos organizamos, podemos ser mais fortes em nossos esfor\u00e7os&#8221;, disse o palestrante Marcelo Edmundo, em um tom que era ao mesmo tempo otimista e cauteloso. &#8220;Os processos democr\u00e1ticos n\u00e3o s\u00e3o f\u00e1ceis.&#8221;<\/p>\n<p>Com o evento chegando ao fim, ficou claro que os participantes <a href=\"http:\/\/bit.ly\/1FM0mN6\" target=\"_blank\" rel=\"noopener\">hesitaram um pouco em celebrar<\/a> os sucessos da reuni\u00e3o, por medo de que as altera\u00e7\u00f5es n\u00e3o sejam mantidas ou que o documento seja de alguma forma alterado no momento em que for aprovado. &#8220;Alterar este plano ap\u00f3s esta reuni\u00e3o \u00e9 antidemocr\u00e1tico&#8221;, disse Orlando Santos Junior enfaticamente, enquanto muitos participantes na multid\u00e3o aplaudiram, demonstrando aprova\u00e7\u00e3o.<\/p>\n<!-- AddThis Advanced Settings generic via filter on the_content --><!-- AddThis Share Buttons generic via filter on the_content -->","protected":false},"excerpt":{"rendered":"<div class=\"mh-excerpt\"><p>Click Here for English Nos dias 14 e 15 de agosto, aproximadamente 300 pessoas se reuniram no Armaz\u00e9m da Utopia, ao longo da Ba\u00eda de Guanabara, na regi\u00e3o portu\u00e1ria do Rio, para uma longa e <a class=\"mh-excerpt-more\" href=\"https:\/\/rioonwatch.org.br\/?p=16229\" title=\"Confer\u00eancia Sobre Habita\u00e7\u00e3o Acess\u00edvel na Regi\u00e3o Portu\u00e1ria traz Esperan\u00e7a Sobre Esfor\u00e7os de Participa\u00e7\u00e3o do Rio\">[&#8230;]<\/a><!-- AddThis Advanced Settings generic via filter on get_the_excerpt --><!-- AddThis Share Buttons generic via filter on get_the_excerpt --><\/p>\n<\/div>","protected":false},"author":132,"featured_media":16230,"comment_status":"closed","ping_status":"closed","sticky":false,"template":"","format":"standard","meta":{"_acf_changed":false,"_monsterinsights_skip_tracking":false,"_monsterinsights_sitenote_active":false,"_monsterinsights_sitenote_note":"","_monsterinsights_sitenote_category":0,"footnotes":""},"categories":[1618,1621,1627,1626,344,1612,342],"tags":[17,1568,424,396,994,1037,257,304,838,433,1134,494,1347],"writer":[1667,1668],"translator":[1176],"source":[],"ilustrador":[],"fotografo":[],"class_list":{"0":"post-16229","1":"post","2":"type-post","3":"status-publish","4":"format-standard","5":"has-post-thumbnail","7":"category-olhonaparticipacao","8":"category-destaque","9":"category-relato-de-evento","10":"category-por-observadores-internacionais","11":"category-politicas","12":"category-sociedade-civil","13":"category-solucoes","14":"tag-aluguel-social","15":"tag-cdurp","16":"tag-direito-a-moradia","17":"tag-especulacao-imobiliaria","18":"tag-habitacao-publica","19":"tag-moradia","20":"tag-providencia","21":"tag-participacao","22":"tag-politica-publica","23":"tag-porto-maravilha","24":"tag-recomendacoes-politicas","25":"tag-regiao-do-porto","26":"tag-solucao","27":"writer-david-robertson","28":"writer-marta-ill-raga","29":"translator-fernanda-lacerda"},"acf":[],"yoast_head":"<!-- This site is optimized with the Yoast SEO plugin v25.6 - https:\/\/yoast.com\/wordpress\/plugins\/seo\/ -->\n<title>Confer\u00eancia Sobre Habita\u00e7\u00e3o Acess\u00edvel na Regi\u00e3o Portu\u00e1ria traz Esperan\u00e7a Sobre Esfor\u00e7os de Participa\u00e7\u00e3o do Rio - RioOnWatch<\/title>\n<meta name=\"robots\" content=\"index, follow, max-snippet:-1, max-image-preview:large, max-video-preview:-1\" \/>\n<link rel=\"canonical\" href=\"https:\/\/rioonwatch.org.br\/?p=16229\" \/>\n<meta property=\"og:locale\" content=\"pt_BR\" \/>\n<meta property=\"og:type\" content=\"article\" \/>\n<meta property=\"og:title\" content=\"Confer\u00eancia Sobre Habita\u00e7\u00e3o Acess\u00edvel na Regi\u00e3o Portu\u00e1ria traz Esperan\u00e7a Sobre Esfor\u00e7os de Participa\u00e7\u00e3o do Rio - RioOnWatch\" \/>\n<meta property=\"og:description\" content=\"Click Here for English Nos dias 14 e 15 de agosto, aproximadamente 300 pessoas se reuniram no Armaz\u00e9m da Utopia, ao longo da Ba\u00eda de Guanabara, na regi\u00e3o portu\u00e1ria do Rio, para uma longa e [...]\" \/>\n<meta property=\"og:url\" content=\"https:\/\/rioonwatch.org.br\/?p=16229\" \/>\n<meta property=\"og:site_name\" content=\"RioOnWatch\" \/>\n<meta property=\"article:published_time\" content=\"2015-09-07T12:00:13+00:00\" \/>\n<meta property=\"article:modified_time\" content=\"2023-05-09T12:57:14+00:00\" \/>\n<meta property=\"og:image\" content=\"https:\/\/rioonwatch.org.br\/wp-content\/uploads\/2015\/09\/Port-Conference-3.jpeg\" \/>\n\t<meta property=\"og:image:width\" content=\"1997\" \/>\n\t<meta property=\"og:image:height\" content=\"1000\" \/>\n\t<meta property=\"og:image:type\" content=\"image\/jpeg\" \/>\n<meta name=\"author\" content=\"Felicity\" \/>\n<meta name=\"twitter:card\" content=\"summary_large_image\" \/>\n<meta name=\"twitter:label1\" content=\"Escrito por\" \/>\n\t<meta name=\"twitter:data1\" content=\"Felicity\" \/>\n\t<meta name=\"twitter:label2\" content=\"Est. tempo de leitura\" \/>\n\t<meta name=\"twitter:data2\" content=\"6 minutos\" \/>\n<script type=\"application\/ld+json\" class=\"yoast-schema-graph\">{\"@context\":\"https:\/\/schema.org\",\"@graph\":[{\"@type\":\"Article\",\"@id\":\"https:\/\/rioonwatch.org.br\/?p=16229#article\",\"isPartOf\":{\"@id\":\"https:\/\/rioonwatch.org.br\/?p=16229\"},\"author\":{\"name\":\"Felicity\",\"@id\":\"https:\/\/rioonwatch.org.br\/#\/schema\/person\/4d05cf5053c358ab740b3edd75a173f2\"},\"headline\":\"Confer\u00eancia Sobre Habita\u00e7\u00e3o Acess\u00edvel na Regi\u00e3o Portu\u00e1ria traz Esperan\u00e7a Sobre Esfor\u00e7os de Participa\u00e7\u00e3o do Rio\",\"datePublished\":\"2015-09-07T12:00:13+00:00\",\"dateModified\":\"2023-05-09T12:57:14+00:00\",\"mainEntityOfPage\":{\"@id\":\"https:\/\/rioonwatch.org.br\/?p=16229\"},\"wordCount\":1201,\"publisher\":{\"@id\":\"https:\/\/rioonwatch.org.br\/#organization\"},\"image\":{\"@id\":\"https:\/\/rioonwatch.org.br\/?p=16229#primaryimage\"},\"thumbnailUrl\":\"https:\/\/rioonwatch.org.br\/wp-content\/uploads\/2015\/09\/Port-Conference-3.jpeg\",\"keywords\":[\"Aluguel social\",\"CDURP\",\"Direito \u00e0 Moradia\",\"especula\u00e7\u00e3o imobili\u00e1ria\",\"habita\u00e7\u00e3o p\u00fablica\",\"moradia\",\"Morro da Provid\u00eancia\",\"participa\u00e7\u00e3o\",\"pol\u00edtica p\u00fablica\",\"Porto Maravilha\",\"recomenda\u00e7\u00f5es pol\u00edticas\",\"Regi\u00e3o do Porto\",\"solu\u00e7\u00e3o\"],\"articleSection\":[\"#OlhoNaParticipa\u00e7\u00e3o\",\"*Destaque\",\"Cobertura de Eventos\",\"Escrito por Aliados\",\"Pol\u00edticas\",\"Sociedade Civil\",\"Solu\u00e7\u00f5es\"],\"inLanguage\":\"pt-BR\"},{\"@type\":\"WebPage\",\"@id\":\"https:\/\/rioonwatch.org.br\/?p=16229\",\"url\":\"https:\/\/rioonwatch.org.br\/?p=16229\",\"name\":\"Confer\u00eancia Sobre Habita\u00e7\u00e3o Acess\u00edvel na Regi\u00e3o Portu\u00e1ria traz Esperan\u00e7a Sobre Esfor\u00e7os de Participa\u00e7\u00e3o do Rio - RioOnWatch\",\"isPartOf\":{\"@id\":\"https:\/\/rioonwatch.org.br\/#website\"},\"primaryImageOfPage\":{\"@id\":\"https:\/\/rioonwatch.org.br\/?p=16229#primaryimage\"},\"image\":{\"@id\":\"https:\/\/rioonwatch.org.br\/?p=16229#primaryimage\"},\"thumbnailUrl\":\"https:\/\/rioonwatch.org.br\/wp-content\/uploads\/2015\/09\/Port-Conference-3.jpeg\",\"datePublished\":\"2015-09-07T12:00:13+00:00\",\"dateModified\":\"2023-05-09T12:57:14+00:00\",\"breadcrumb\":{\"@id\":\"https:\/\/rioonwatch.org.br\/?p=16229#breadcrumb\"},\"inLanguage\":\"pt-BR\",\"potentialAction\":[{\"@type\":\"ReadAction\",\"target\":[\"https:\/\/rioonwatch.org.br\/?p=16229\"]}]},{\"@type\":\"ImageObject\",\"inLanguage\":\"pt-BR\",\"@id\":\"https:\/\/rioonwatch.org.br\/?p=16229#primaryimage\",\"url\":\"https:\/\/rioonwatch.org.br\/wp-content\/uploads\/2015\/09\/Port-Conference-3.jpeg\",\"contentUrl\":\"https:\/\/rioonwatch.org.br\/wp-content\/uploads\/2015\/09\/Port-Conference-3.jpeg\",\"width\":1997,\"height\":1000},{\"@type\":\"BreadcrumbList\",\"@id\":\"https:\/\/rioonwatch.org.br\/?p=16229#breadcrumb\",\"itemListElement\":[{\"@type\":\"ListItem\",\"position\":1,\"name\":\"In\u00edcio\",\"item\":\"https:\/\/rioonwatch.org.br\/\"},{\"@type\":\"ListItem\",\"position\":2,\"name\":\"Confer\u00eancia Sobre Habita\u00e7\u00e3o Acess\u00edvel na Regi\u00e3o Portu\u00e1ria traz Esperan\u00e7a Sobre Esfor\u00e7os de Participa\u00e7\u00e3o do Rio\"}]},{\"@type\":\"WebSite\",\"@id\":\"https:\/\/rioonwatch.org.br\/#website\",\"url\":\"https:\/\/rioonwatch.org.br\/\",\"name\":\"RioOnWatch\",\"description\":\"relatos das favelas cariocas\",\"publisher\":{\"@id\":\"https:\/\/rioonwatch.org.br\/#organization\"},\"potentialAction\":[{\"@type\":\"SearchAction\",\"target\":{\"@type\":\"EntryPoint\",\"urlTemplate\":\"https:\/\/rioonwatch.org.br\/?s={search_term_string}\"},\"query-input\":{\"@type\":\"PropertyValueSpecification\",\"valueRequired\":true,\"valueName\":\"search_term_string\"}}],\"inLanguage\":\"pt-BR\"},{\"@type\":\"Organization\",\"@id\":\"https:\/\/rioonwatch.org.br\/#organization\",\"name\":\"RioOnWatch\",\"url\":\"https:\/\/rioonwatch.org.br\/\",\"logo\":{\"@type\":\"ImageObject\",\"inLanguage\":\"pt-BR\",\"@id\":\"https:\/\/rioonwatch.org.br\/#\/schema\/logo\/image\/\",\"url\":\"https:\/\/rioonwatch.org.br\/wp-content\/uploads\/2021\/06\/RioOnWatchcabecalhoPT11anos-2.png\",\"contentUrl\":\"https:\/\/rioonwatch.org.br\/wp-content\/uploads\/2021\/06\/RioOnWatchcabecalhoPT11anos-2.png\",\"width\":779,\"height\":277,\"caption\":\"RioOnWatch\"},\"image\":{\"@id\":\"https:\/\/rioonwatch.org.br\/#\/schema\/logo\/image\/\"}},{\"@type\":\"Person\",\"@id\":\"https:\/\/rioonwatch.org.br\/#\/schema\/person\/4d05cf5053c358ab740b3edd75a173f2\",\"name\":\"Felicity\",\"image\":{\"@type\":\"ImageObject\",\"inLanguage\":\"pt-BR\",\"@id\":\"https:\/\/rioonwatch.org.br\/#\/schema\/person\/image\/\",\"url\":\"https:\/\/secure.gravatar.com\/avatar\/bfc904486dc0bba6015410a00fe3fc27?s=96&d=blank&r=g\",\"contentUrl\":\"https:\/\/secure.gravatar.com\/avatar\/bfc904486dc0bba6015410a00fe3fc27?s=96&d=blank&r=g\",\"caption\":\"Felicity\"},\"url\":\"https:\/\/rioonwatch.org.br\/?author=132\"}]}<\/script>\n<!-- \/ Yoast SEO plugin. -->","yoast_head_json":{"title":"Confer\u00eancia Sobre Habita\u00e7\u00e3o Acess\u00edvel na Regi\u00e3o Portu\u00e1ria traz Esperan\u00e7a Sobre Esfor\u00e7os de Participa\u00e7\u00e3o do Rio - RioOnWatch","robots":{"index":"index","follow":"follow","max-snippet":"max-snippet:-1","max-image-preview":"max-image-preview:large","max-video-preview":"max-video-preview:-1"},"canonical":"https:\/\/rioonwatch.org.br\/?p=16229","og_locale":"pt_BR","og_type":"article","og_title":"Confer\u00eancia Sobre Habita\u00e7\u00e3o Acess\u00edvel na Regi\u00e3o Portu\u00e1ria traz Esperan\u00e7a Sobre Esfor\u00e7os de Participa\u00e7\u00e3o do Rio - RioOnWatch","og_description":"Click Here for English Nos dias 14 e 15 de agosto, aproximadamente 300 pessoas se reuniram no Armaz\u00e9m da Utopia, ao longo da Ba\u00eda de Guanabara, na regi\u00e3o portu\u00e1ria do Rio, para uma longa e [...]","og_url":"https:\/\/rioonwatch.org.br\/?p=16229","og_site_name":"RioOnWatch","article_published_time":"2015-09-07T12:00:13+00:00","article_modified_time":"2023-05-09T12:57:14+00:00","og_image":[{"width":1997,"height":1000,"url":"https:\/\/rioonwatch.org.br\/wp-content\/uploads\/2015\/09\/Port-Conference-3.jpeg","type":"image\/jpeg"}],"author":"Felicity","twitter_card":"summary_large_image","twitter_misc":{"Escrito por":"Felicity","Est. tempo de leitura":"6 minutos"},"schema":{"@context":"https:\/\/schema.org","@graph":[{"@type":"Article","@id":"https:\/\/rioonwatch.org.br\/?p=16229#article","isPartOf":{"@id":"https:\/\/rioonwatch.org.br\/?p=16229"},"author":{"name":"Felicity","@id":"https:\/\/rioonwatch.org.br\/#\/schema\/person\/4d05cf5053c358ab740b3edd75a173f2"},"headline":"Confer\u00eancia Sobre Habita\u00e7\u00e3o Acess\u00edvel na Regi\u00e3o Portu\u00e1ria traz Esperan\u00e7a Sobre Esfor\u00e7os de Participa\u00e7\u00e3o do Rio","datePublished":"2015-09-07T12:00:13+00:00","dateModified":"2023-05-09T12:57:14+00:00","mainEntityOfPage":{"@id":"https:\/\/rioonwatch.org.br\/?p=16229"},"wordCount":1201,"publisher":{"@id":"https:\/\/rioonwatch.org.br\/#organization"},"image":{"@id":"https:\/\/rioonwatch.org.br\/?p=16229#primaryimage"},"thumbnailUrl":"https:\/\/rioonwatch.org.br\/wp-content\/uploads\/2015\/09\/Port-Conference-3.jpeg","keywords":["Aluguel social","CDURP","Direito \u00e0 Moradia","especula\u00e7\u00e3o imobili\u00e1ria","habita\u00e7\u00e3o p\u00fablica","moradia","Morro da Provid\u00eancia","participa\u00e7\u00e3o","pol\u00edtica p\u00fablica","Porto Maravilha","recomenda\u00e7\u00f5es pol\u00edticas","Regi\u00e3o do Porto","solu\u00e7\u00e3o"],"articleSection":["#OlhoNaParticipa\u00e7\u00e3o","*Destaque","Cobertura de Eventos","Escrito por Aliados","Pol\u00edticas","Sociedade Civil","Solu\u00e7\u00f5es"],"inLanguage":"pt-BR"},{"@type":"WebPage","@id":"https:\/\/rioonwatch.org.br\/?p=16229","url":"https:\/\/rioonwatch.org.br\/?p=16229","name":"Confer\u00eancia Sobre Habita\u00e7\u00e3o Acess\u00edvel na Regi\u00e3o Portu\u00e1ria traz Esperan\u00e7a Sobre Esfor\u00e7os de Participa\u00e7\u00e3o do Rio - RioOnWatch","isPartOf":{"@id":"https:\/\/rioonwatch.org.br\/#website"},"primaryImageOfPage":{"@id":"https:\/\/rioonwatch.org.br\/?p=16229#primaryimage"},"image":{"@id":"https:\/\/rioonwatch.org.br\/?p=16229#primaryimage"},"thumbnailUrl":"https:\/\/rioonwatch.org.br\/wp-content\/uploads\/2015\/09\/Port-Conference-3.jpeg","datePublished":"2015-09-07T12:00:13+00:00","dateModified":"2023-05-09T12:57:14+00:00","breadcrumb":{"@id":"https:\/\/rioonwatch.org.br\/?p=16229#breadcrumb"},"inLanguage":"pt-BR","potentialAction":[{"@type":"ReadAction","target":["https:\/\/rioonwatch.org.br\/?p=16229"]}]},{"@type":"ImageObject","inLanguage":"pt-BR","@id":"https:\/\/rioonwatch.org.br\/?p=16229#primaryimage","url":"https:\/\/rioonwatch.org.br\/wp-content\/uploads\/2015\/09\/Port-Conference-3.jpeg","contentUrl":"https:\/\/rioonwatch.org.br\/wp-content\/uploads\/2015\/09\/Port-Conference-3.jpeg","width":1997,"height":1000},{"@type":"BreadcrumbList","@id":"https:\/\/rioonwatch.org.br\/?p=16229#breadcrumb","itemListElement":[{"@type":"ListItem","position":1,"name":"In\u00edcio","item":"https:\/\/rioonwatch.org.br\/"},{"@type":"ListItem","position":2,"name":"Confer\u00eancia Sobre Habita\u00e7\u00e3o Acess\u00edvel na Regi\u00e3o Portu\u00e1ria traz Esperan\u00e7a Sobre Esfor\u00e7os de Participa\u00e7\u00e3o do Rio"}]},{"@type":"WebSite","@id":"https:\/\/rioonwatch.org.br\/#website","url":"https:\/\/rioonwatch.org.br\/","name":"RioOnWatch","description":"relatos das favelas cariocas","publisher":{"@id":"https:\/\/rioonwatch.org.br\/#organization"},"potentialAction":[{"@type":"SearchAction","target":{"@type":"EntryPoint","urlTemplate":"https:\/\/rioonwatch.org.br\/?s={search_term_string}"},"query-input":{"@type":"PropertyValueSpecification","valueRequired":true,"valueName":"search_term_string"}}],"inLanguage":"pt-BR"},{"@type":"Organization","@id":"https:\/\/rioonwatch.org.br\/#organization","name":"RioOnWatch","url":"https:\/\/rioonwatch.org.br\/","logo":{"@type":"ImageObject","inLanguage":"pt-BR","@id":"https:\/\/rioonwatch.org.br\/#\/schema\/logo\/image\/","url":"https:\/\/rioonwatch.org.br\/wp-content\/uploads\/2021\/06\/RioOnWatchcabecalhoPT11anos-2.png","contentUrl":"https:\/\/rioonwatch.org.br\/wp-content\/uploads\/2021\/06\/RioOnWatchcabecalhoPT11anos-2.png","width":779,"height":277,"caption":"RioOnWatch"},"image":{"@id":"https:\/\/rioonwatch.org.br\/#\/schema\/logo\/image\/"}},{"@type":"Person","@id":"https:\/\/rioonwatch.org.br\/#\/schema\/person\/4d05cf5053c358ab740b3edd75a173f2","name":"Felicity","image":{"@type":"ImageObject","inLanguage":"pt-BR","@id":"https:\/\/rioonwatch.org.br\/#\/schema\/person\/image\/","url":"https:\/\/secure.gravatar.com\/avatar\/bfc904486dc0bba6015410a00fe3fc27?s=96&d=blank&r=g","contentUrl":"https:\/\/secure.gravatar.com\/avatar\/bfc904486dc0bba6015410a00fe3fc27?s=96&d=blank&r=g","caption":"Felicity"},"url":"https:\/\/rioonwatch.org.br\/?author=132"}]}},"_links":{"self":[{"href":"https:\/\/rioonwatch.org.br\/index.php?rest_route=\/wp\/v2\/posts\/16229"}],"collection":[{"href":"https:\/\/rioonwatch.org.br\/index.php?rest_route=\/wp\/v2\/posts"}],"about":[{"href":"https:\/\/rioonwatch.org.br\/index.php?rest_route=\/wp\/v2\/types\/post"}],"author":[{"embeddable":true,"href":"https:\/\/rioonwatch.org.br\/index.php?rest_route=\/wp\/v2\/users\/132"}],"replies":[{"embeddable":true,"href":"https:\/\/rioonwatch.org.br\/index.php?rest_route=%2Fwp%2Fv2%2Fcomments&post=16229"}],"version-history":[{"count":10,"href":"https:\/\/rioonwatch.org.br\/index.php?rest_route=\/wp\/v2\/posts\/16229\/revisions"}],"predecessor-version":[{"id":67889,"href":"https:\/\/rioonwatch.org.br\/index.php?rest_route=\/wp\/v2\/posts\/16229\/revisions\/67889"}],"wp:featuredmedia":[{"embeddable":true,"href":"https:\/\/rioonwatch.org.br\/index.php?rest_route=\/wp\/v2\/media\/16230"}],"wp:attachment":[{"href":"https:\/\/rioonwatch.org.br\/index.php?rest_route=%2Fwp%2Fv2%2Fmedia&parent=16229"}],"wp:term":[{"taxonomy":"category","embeddable":true,"href":"https:\/\/rioonwatch.org.br\/index.php?rest_route=%2Fwp%2Fv2%2Fcategories&post=16229"},{"taxonomy":"post_tag","embeddable":true,"href":"https:\/\/rioonwatch.org.br\/index.php?rest_route=%2Fwp%2Fv2%2Ftags&post=16229"},{"taxonomy":"writer","embeddable":true,"href":"https:\/\/rioonwatch.org.br\/index.php?rest_route=%2Fwp%2Fv2%2Fwriter&post=16229"},{"taxonomy":"translator","embeddable":true,"href":"https:\/\/rioonwatch.org.br\/index.php?rest_route=%2Fwp%2Fv2%2Ftranslator&post=16229"},{"taxonomy":"source","embeddable":true,"href":"https:\/\/rioonwatch.org.br\/index.php?rest_route=%2Fwp%2Fv2%2Fsource&post=16229"},{"taxonomy":"ilustrador","embeddable":true,"href":"https:\/\/rioonwatch.org.br\/index.php?rest_route=%2Fwp%2Fv2%2Filustrador&post=16229"},{"taxonomy":"fotografo","embeddable":true,"href":"https:\/\/rioonwatch.org.br\/index.php?rest_route=%2Fwp%2Fv2%2Ffotografo&post=16229"}],"curies":[{"name":"wp","href":"https:\/\/api.w.org\/{rel}","templated":true}]}}