{"id":16306,"date":"2015-09-10T14:07:41","date_gmt":"2015-09-10T17:07:41","guid":{"rendered":"http:\/\/rioonwatch.org.br\/?p=16306"},"modified":"2015-09-11T12:18:17","modified_gmt":"2015-09-11T15:18:17","slug":"providencia-sustentavel-pinta-escadaria-historica-para-destacar-necessidades-comunitarias","status":"publish","type":"post","link":"https:\/\/rioonwatch.org.br\/?p=16306","title":{"rendered":"&#8216;Provid\u00eancia Sustent\u00e1vel&#8217; Pinta Escadaria Hist\u00f3rica para Destacar Necessidades Comunit\u00e1rias"},"content":{"rendered":"<p style=\"text-align: right;\"><a href=\"http:\/\/bit.ly\/1PSeYQJ\" target=\"_blank\"><em><strong>Click Here for English<img decoding=\"async\" width=\"20\" height=\"20\" class=\"alignright wp-image-15790\" src=\"http:\/\/rioonwatch.org.br\/wp-content\/uploads\/2012\/08\/EN-standard-e1439583104716.jpg\" alt=\"\" \/><\/strong><\/em><\/a><\/p>\n<p>No dia 15 de agosto, membros do projeto comunit\u00e1rio <a href=\"http:\/\/on.fb.me\/1LNbaiU\" target=\"_blank\">Provid\u00eancia Sustent\u00e1vel<\/a> organizaram um evento para repintar a hist\u00f3rica escadaria central do <a href=\"http:\/\/bit.ly\/UBMUVJ\" target=\"_blank\">Morro da Provid\u00eancia<\/a>, a <a href=\"http:\/\/bit.ly\/PeCavl\" target=\"_blank\">primeira favela do Brasil<\/a>. Come\u00e7ando no in\u00edcio da tarde, um grupo de mais de vinte participantes trabalharam at\u00e9 o entardecer, limpando e pintando as escadas em uma a\u00e7\u00e3o para aumentar a consci\u00eancia p\u00fablica sobre os problemas estruturais e ambientais na comunidade.<\/p>\n<p>Com tintas coloridas e com a ajuda do <a href=\"http:\/\/bit.ly\/1NXGBtc\" target=\"_blank\">Favela Painting<\/a>, jovens moradores escreveram letras de m\u00fasica na escadaria para divulgar os seus pedidos pelas melhorias necess\u00e1rias no\u00a0<a href=\"http:\/\/bit.ly\/14lMZGK\" target=\"_blank\">saneamento b\u00e1sico<\/a> e na coleta de lixo. Continuando at\u00e9 o in\u00edcio da noite, o projeto foi visto por muitos moradores que passaram para cima e para baixo pelas escadas, al\u00e9m da presen\u00e7a dos soldados da <a href=\"http:\/\/bit.ly\/R5ueio\" target=\"_blank\">Unidade de Pol\u00edcia Pacificadora (UPP)<\/a>, que estavam ali armados, na parte superior e inferior da escada.<\/p>\n<p>Localizado na <a href=\"http:\/\/bit.ly\/1cVBDvL\" target=\"_blank\">Regi\u00e3o do Porto<\/a>, a comunidade hist\u00f3rica da Provid\u00eancia tem enfrentado <a href=\"http:\/\/bit.ly\/X51Qvb\" target=\"_blank\">remo\u00e7\u00f5es<\/a>\u00a0nos \u00faltimos anos devido aos v\u00e1rios projetos da prefeitura, de desenvolvimento\u00a0da \u00e1rea, incluindo o projeto <a href=\"http:\/\/bit.ly\/UR7rn7\" target=\"_blank\">Porto Maravilha<\/a>. A cria\u00e7\u00e3o de um <a href=\"http:\/\/bit.ly\/Sh0wXv\" target=\"_blank\">telef\u00e9rico<\/a> que liga a Provid\u00eancia \u00e0 Esta\u00e7\u00e3o Central \u00e9 apenas um dos muitos projetos que t\u00eam sido <a href=\"http:\/\/bit.ly\/TNLBI7\" target=\"_blank\">fonte de controv\u00e9rsias<\/a>. Enquanto os esfor\u00e7os da prefeitura est\u00e3o concentrados em grandes empreendimentos chamativos, em torno da Provid\u00eancia, aspectos importantes da infraestrutura da comunidade continuam sem solu\u00e7\u00e3o.<\/p>\n<p><a href=\"http:\/\/rioonwatch.org.br\/wp-content\/uploads\/2015\/09\/Aline-and-Alexandre-read-Provide\u0302ncia-project-plans.jpg\"><img fetchpriority=\"high\" decoding=\"async\" class=\"aligncenter wp-image-16308 size-content\" title=\"Aline e Alexandre leem os planos de projeto.\" src=\"http:\/\/rioonwatch.org.br\/wp-content\/uploads\/2015\/09\/Aline-and-Alexandre-read-Provide\u0302ncia-project-plans-620x264.jpg\" alt=\"\" width=\"620\" height=\"264\" srcset=\"https:\/\/rioonwatch.org.br\/wp-content\/uploads\/2015\/09\/Aline-and-Alexandre-read-Provide\u0302ncia-project-plans-620x264.jpg 620w, https:\/\/rioonwatch.org.br\/wp-content\/uploads\/2015\/09\/Aline-and-Alexandre-read-Provide\u0302ncia-project-plans-940x400.jpg 940w\" sizes=\"(max-width: 620px) 100vw, 620px\" \/><\/a><\/p>\n<p>Intitulado &#8220;Escadaria em Versos e Cores&#8221;, o projeto de s\u00e1bado usou a arte como um meio de chamar a aten\u00e7\u00e3o para quest\u00f5es infraestruturais negligenciadas na comunidade. A vis\u00e3o desta transforma\u00e7\u00e3o art\u00edstica foi desenvolvida por Aline Mendes, moradora e fundadora do projeto comunit\u00e1rio\u00a0Provid\u00eancia Sustent\u00e1vel. Com foco na educa\u00e7\u00e3o ambiental, Provid\u00eancia Sustent\u00e1vel trabalha para envolver a comunidade em atividades relacionadas \u00e0 <a href=\"http:\/\/bit.ly\/1v5zfI2\" target=\"_blank\">sustentabilidade<\/a> e consci\u00eancia ambiental.<\/p>\n<p>&#8220;A esperan\u00e7a \u00e9 de que a comunidade seja ouvida e atendida em suas necessidades de infraestrutura, presta\u00e7\u00e3o de servi\u00e7os, esgoto, \u00e1gua e lixo&#8230; de uma forma mais apropriada&#8221;, disse Aline, falando sobre a motiva\u00e7\u00e3o para o projeto.<\/p>\n<p><a href=\"http:\/\/rioonwatch.org.br\/wp-content\/uploads\/2015\/09\/Young-Residents-paint-Provide\u0302ncia-stairs-with-UPP-presence.jpg\"><img decoding=\"async\" class=\"aligncenter wp-image-16309 size-content\" title=\"Jovens moradores pintam as escadas da Provid\u00eancia.\" src=\"http:\/\/rioonwatch.org.br\/wp-content\/uploads\/2015\/09\/Young-Residents-paint-Provide\u0302ncia-stairs-with-UPP-presence-620x264.jpg\" alt=\"\" width=\"620\" height=\"264\" srcset=\"https:\/\/rioonwatch.org.br\/wp-content\/uploads\/2015\/09\/Young-Residents-paint-Provide\u0302ncia-stairs-with-UPP-presence-620x264.jpg 620w, https:\/\/rioonwatch.org.br\/wp-content\/uploads\/2015\/09\/Young-Residents-paint-Provide\u0302ncia-stairs-with-UPP-presence-940x400.jpg 940w\" sizes=\"(max-width: 620px) 100vw, 620px\" \/><\/a><br \/>\nLocalizada na parte superior da comunidade perto da antiga <a href=\"http:\/\/bit.ly\/1obMAda\" target=\"_blank\">Pra\u00e7a Am\u00e9rico Brum<\/a> e da esta\u00e7\u00e3o do telef\u00e9rico, a escada recebe uma grande quantidade de tr\u00e1fego a p\u00e9 e foi a tela perfeita para expor as mensagens da comunidade. &#8220;Porque essa \u00e9 a escada principal, ela traz\u00a0muita visibilidade para todos&#8230; de moradores \u00e0s pessoas que visitam a favela&#8221;, disse Aline.<\/p>\n<p>Al\u00e9m da localiza\u00e7\u00e3o estrat\u00e9gica, a sele\u00e7\u00e3o das letras das can\u00e7\u00f5es foi essencial para a efic\u00e1cia do projeto. Frases foram selecionadas \u00e0 partir de m\u00fasicas do Cazuza, Ultraje a Rigor, Raul Seixas e Geraldo Vandr\u00e9, que se relacionam com os problemas vividos pela comunidade, por exemplo, letras usadas da can\u00e7\u00e3o &#8220;<a href=\"http:\/\/bit.ly\/1LlSl3H\" target=\"_blank\">Pra Dizer Que eu N\u00e3o Falei das Flores<\/a>&#8221; por Geraldo Vandr\u00e9: &#8220;Nas escolas, nas ruas\/campos, constru\u00e7\u00f5es\/Somos todos soldados\/Armados ou n\u00e3o&#8221;.<\/p>\n<p>&#8220;A can\u00e7\u00e3o fala um pouco do momento que n\u00f3s estamos vivendo aqui&#8221;, disse Aline. Ela explicou que queria &#8220;frases com letras pol\u00edticas&#8221; que representassem as demandas da comunidade.<\/p>\n<p><a href=\"http:\/\/rioonwatch.org.br\/wp-content\/uploads\/2015\/09\/Hardworking-team-of-painters-in-Providencia.jpg\"><img loading=\"lazy\" decoding=\"async\" class=\"aligncenter wp-image-16310 size-content\" title=\"A equipe de pintores na escadaria da Provid\u00eancia com a organizadora do projeto Aline mendes no centro.\" src=\"http:\/\/rioonwatch.org.br\/wp-content\/uploads\/2015\/09\/Hardworking-team-of-painters-in-Providencia-620x264.jpg\" alt=\"\" width=\"620\" height=\"264\" srcset=\"https:\/\/rioonwatch.org.br\/wp-content\/uploads\/2015\/09\/Hardworking-team-of-painters-in-Providencia-620x264.jpg 620w, https:\/\/rioonwatch.org.br\/wp-content\/uploads\/2015\/09\/Hardworking-team-of-painters-in-Providencia-940x400.jpg 940w\" sizes=\"(max-width: 620px) 100vw, 620px\" \/><\/a><\/p>\n<p>Utilizando a arte como ferramenta para conectar as quest\u00f5es sociais, pol\u00edticas e ambientais, o projeto Provid\u00eancia Sustent\u00e1vel usa esta escadaria central com um prop\u00f3sito adicional. Este empenho colaborativo para transformar um espa\u00e7o compartilhado ser\u00e1 uma representa\u00e7\u00e3o visual das vozes da comunidade. O que se espera \u00e9 que\u00a0cada passo nos degraus chame a aten\u00e7\u00e3o, dos moradores e visitantes, validando os sentimentos da comunidade da Provid\u00eancia.<\/p>\n<h3>Veja o \u00e1lbum inteiro abaixo ou clique <a href=\"http:\/\/bit.ly\/1CCmc6b\" target=\"_blank\">aqui<\/a> para v\u00ea-lo no Flickr com legendas:<\/h3>\n<p><a title=\"Provid\u00eancia Staircase Painting\" href=\"https:\/\/www.flickr.com\/photos\/catcomm\/albums\/72157657645085046\" data-flickr-embed=\"true\" data-header=\"false\" data-footer=\"true\" data-context=\"false\"><img loading=\"lazy\" decoding=\"async\" src=\"https:\/\/farm6.staticflickr.com\/5638\/20854141155_0040843e80_z.jpg\" alt=\"Local artist Angelo Campos paints song lyrics\" width=\"640\" height=\"480\" \/><\/a><script src=\"\/\/embedr.flickr.com\/assets\/client-code.js\" async=\"\" charset=\"utf-8\"><\/script><script src=\"\/\/embedr.flickr.com\/assets\/client-code.js\" async=\"\" charset=\"utf-8\"><\/script><\/p>\n<!-- AddThis Advanced Settings generic via filter on the_content --><!-- AddThis Share Buttons generic via filter on the_content -->","protected":false},"excerpt":{"rendered":"<div class=\"mh-excerpt\"><p>Click Here for English No dia 15 de agosto, membros do projeto comunit\u00e1rio Provid\u00eancia Sustent\u00e1vel organizaram um evento para repintar a hist\u00f3rica escadaria central do Morro da Provid\u00eancia, a primeira favela do Brasil. Come\u00e7ando no <a class=\"mh-excerpt-more\" href=\"https:\/\/rioonwatch.org.br\/?p=16306\" title=\"&#8216;Provid\u00eancia Sustent\u00e1vel&#8217; Pinta Escadaria Hist\u00f3rica para Destacar Necessidades Comunit\u00e1rias\">[&#8230;]<\/a><!-- AddThis Advanced Settings generic via filter on get_the_excerpt --><!-- AddThis Share Buttons generic via filter on get_the_excerpt --><\/p>\n<\/div>","protected":false},"author":132,"featured_media":16307,"comment_status":"closed","ping_status":"closed","sticky":false,"template":"","format":"standard","meta":{"_acf_changed":false,"_monsterinsights_skip_tracking":false,"_monsterinsights_sitenote_active":false,"_monsterinsights_sitenote_note":"","_monsterinsights_sitenote_category":0,"footnotes":""},"categories":[1627,1626,1388,342,1639],"tags":[334,421,363,811,113,448,257,433,494,492,404,262],"writer":[1664],"translator":[1491],"source":[],"ilustrador":[],"fotografo":[],"class_list":{"0":"post-16306","1":"post","2":"type-post","3":"status-publish","4":"format-standard","5":"has-post-thumbnail","7":"category-relato-de-evento","8":"category-por-observadores-internacionais","9":"category-formas-de-apoiar","10":"category-solucoes","11":"category-sustentabilidade","12":"tag-arte","13":"tag-cultura-da-favela","14":"tag-educacao-ambiental","15":"tag-espaco-publico","16":"tag-juventude","17":"tag-lideranca","18":"tag-providencia","19":"tag-porto-maravilha","20":"tag-regiao-do-porto","21":"tag-saneamento","22":"tag-sustentabilidade","23":"tag-teleferico","24":"writer-nia-mcallister","25":"translator-patricia-gomes"},"acf":[],"yoast_head":"<!-- This site is optimized with the Yoast SEO plugin v25.6 - https:\/\/yoast.com\/wordpress\/plugins\/seo\/ -->\n<title>&#039;Provid\u00eancia Sustent\u00e1vel&#039; Pinta Escadaria Hist\u00f3rica para Destacar Necessidades Comunit\u00e1rias - RioOnWatch<\/title>\n<meta name=\"robots\" content=\"index, follow, max-snippet:-1, max-image-preview:large, max-video-preview:-1\" \/>\n<link rel=\"canonical\" href=\"https:\/\/rioonwatch.org.br\/?p=16306\" \/>\n<meta property=\"og:locale\" content=\"pt_BR\" \/>\n<meta property=\"og:type\" content=\"article\" \/>\n<meta property=\"og:title\" content=\"&#039;Provid\u00eancia Sustent\u00e1vel&#039; Pinta Escadaria Hist\u00f3rica para Destacar Necessidades Comunit\u00e1rias - RioOnWatch\" \/>\n<meta property=\"og:description\" content=\"Click Here for English No dia 15 de agosto, membros do projeto comunit\u00e1rio Provid\u00eancia Sustent\u00e1vel organizaram um evento para repintar a hist\u00f3rica escadaria central do Morro da Provid\u00eancia, a primeira favela do Brasil. Come\u00e7ando no [...]\" \/>\n<meta property=\"og:url\" content=\"https:\/\/rioonwatch.org.br\/?p=16306\" \/>\n<meta property=\"og:site_name\" content=\"RioOnWatch\" \/>\n<meta property=\"article:published_time\" content=\"2015-09-10T17:07:41+00:00\" \/>\n<meta property=\"article:modified_time\" content=\"2015-09-11T15:18:17+00:00\" \/>\n<meta property=\"og:image\" content=\"https:\/\/rioonwatch.org.br\/wp-content\/uploads\/2015\/09\/Angelo-Campos-paints-Providencia.png\" \/>\n\t<meta property=\"og:image:width\" content=\"1000\" \/>\n\t<meta property=\"og:image:height\" content=\"538\" \/>\n\t<meta property=\"og:image:type\" content=\"image\/png\" \/>\n<meta name=\"author\" content=\"Felicity\" \/>\n<meta name=\"twitter:card\" content=\"summary_large_image\" \/>\n<meta name=\"twitter:label1\" content=\"Escrito por\" \/>\n\t<meta name=\"twitter:data1\" content=\"Felicity\" \/>\n\t<meta name=\"twitter:label2\" content=\"Est. tempo de leitura\" \/>\n\t<meta name=\"twitter:data2\" content=\"3 minutos\" \/>\n<script type=\"application\/ld+json\" class=\"yoast-schema-graph\">{\"@context\":\"https:\/\/schema.org\",\"@graph\":[{\"@type\":\"Article\",\"@id\":\"https:\/\/rioonwatch.org.br\/?p=16306#article\",\"isPartOf\":{\"@id\":\"https:\/\/rioonwatch.org.br\/?p=16306\"},\"author\":{\"name\":\"Felicity\",\"@id\":\"https:\/\/rioonwatch.org.br\/#\/schema\/person\/4d05cf5053c358ab740b3edd75a173f2\"},\"headline\":\"&#8216;Provid\u00eancia Sustent\u00e1vel&#8217; Pinta Escadaria Hist\u00f3rica para Destacar Necessidades Comunit\u00e1rias\",\"datePublished\":\"2015-09-10T17:07:41+00:00\",\"dateModified\":\"2015-09-11T15:18:17+00:00\",\"mainEntityOfPage\":{\"@id\":\"https:\/\/rioonwatch.org.br\/?p=16306\"},\"wordCount\":650,\"publisher\":{\"@id\":\"https:\/\/rioonwatch.org.br\/#organization\"},\"image\":{\"@id\":\"https:\/\/rioonwatch.org.br\/?p=16306#primaryimage\"},\"thumbnailUrl\":\"https:\/\/rioonwatch.org.br\/wp-content\/uploads\/2015\/09\/Angelo-Campos-paints-Providencia.png\",\"keywords\":[\"arte\",\"cultura da favela\",\"educa\u00e7\u00e3o ambiental\",\"espa\u00e7o p\u00fablico\",\"juventude\",\"lideran\u00e7a\",\"Morro da Provid\u00eancia\",\"Porto Maravilha\",\"Regi\u00e3o do Porto\",\"saneamento\",\"sustentabilidade\",\"telef\u00e9rico\"],\"articleSection\":[\"Cobertura de Eventos\",\"Escrito por Aliados\",\"Formas de Apoiar\",\"Solu\u00e7\u00f5es\",\"Sustentabilidade\"],\"inLanguage\":\"pt-BR\"},{\"@type\":\"WebPage\",\"@id\":\"https:\/\/rioonwatch.org.br\/?p=16306\",\"url\":\"https:\/\/rioonwatch.org.br\/?p=16306\",\"name\":\"'Provid\u00eancia Sustent\u00e1vel' Pinta Escadaria Hist\u00f3rica para Destacar Necessidades Comunit\u00e1rias - RioOnWatch\",\"isPartOf\":{\"@id\":\"https:\/\/rioonwatch.org.br\/#website\"},\"primaryImageOfPage\":{\"@id\":\"https:\/\/rioonwatch.org.br\/?p=16306#primaryimage\"},\"image\":{\"@id\":\"https:\/\/rioonwatch.org.br\/?p=16306#primaryimage\"},\"thumbnailUrl\":\"https:\/\/rioonwatch.org.br\/wp-content\/uploads\/2015\/09\/Angelo-Campos-paints-Providencia.png\",\"datePublished\":\"2015-09-10T17:07:41+00:00\",\"dateModified\":\"2015-09-11T15:18:17+00:00\",\"breadcrumb\":{\"@id\":\"https:\/\/rioonwatch.org.br\/?p=16306#breadcrumb\"},\"inLanguage\":\"pt-BR\",\"potentialAction\":[{\"@type\":\"ReadAction\",\"target\":[\"https:\/\/rioonwatch.org.br\/?p=16306\"]}]},{\"@type\":\"ImageObject\",\"inLanguage\":\"pt-BR\",\"@id\":\"https:\/\/rioonwatch.org.br\/?p=16306#primaryimage\",\"url\":\"https:\/\/rioonwatch.org.br\/wp-content\/uploads\/2015\/09\/Angelo-Campos-paints-Providencia.png\",\"contentUrl\":\"https:\/\/rioonwatch.org.br\/wp-content\/uploads\/2015\/09\/Angelo-Campos-paints-Providencia.png\",\"width\":1000,\"height\":538},{\"@type\":\"BreadcrumbList\",\"@id\":\"https:\/\/rioonwatch.org.br\/?p=16306#breadcrumb\",\"itemListElement\":[{\"@type\":\"ListItem\",\"position\":1,\"name\":\"In\u00edcio\",\"item\":\"https:\/\/rioonwatch.org.br\/\"},{\"@type\":\"ListItem\",\"position\":2,\"name\":\"&#8216;Provid\u00eancia Sustent\u00e1vel&#8217; Pinta Escadaria Hist\u00f3rica para Destacar Necessidades Comunit\u00e1rias\"}]},{\"@type\":\"WebSite\",\"@id\":\"https:\/\/rioonwatch.org.br\/#website\",\"url\":\"https:\/\/rioonwatch.org.br\/\",\"name\":\"RioOnWatch\",\"description\":\"relatos das favelas cariocas\",\"publisher\":{\"@id\":\"https:\/\/rioonwatch.org.br\/#organization\"},\"potentialAction\":[{\"@type\":\"SearchAction\",\"target\":{\"@type\":\"EntryPoint\",\"urlTemplate\":\"https:\/\/rioonwatch.org.br\/?s={search_term_string}\"},\"query-input\":{\"@type\":\"PropertyValueSpecification\",\"valueRequired\":true,\"valueName\":\"search_term_string\"}}],\"inLanguage\":\"pt-BR\"},{\"@type\":\"Organization\",\"@id\":\"https:\/\/rioonwatch.org.br\/#organization\",\"name\":\"RioOnWatch\",\"url\":\"https:\/\/rioonwatch.org.br\/\",\"logo\":{\"@type\":\"ImageObject\",\"inLanguage\":\"pt-BR\",\"@id\":\"https:\/\/rioonwatch.org.br\/#\/schema\/logo\/image\/\",\"url\":\"https:\/\/rioonwatch.org.br\/wp-content\/uploads\/2021\/06\/RioOnWatchcabecalhoPT11anos-2.png\",\"contentUrl\":\"https:\/\/rioonwatch.org.br\/wp-content\/uploads\/2021\/06\/RioOnWatchcabecalhoPT11anos-2.png\",\"width\":779,\"height\":277,\"caption\":\"RioOnWatch\"},\"image\":{\"@id\":\"https:\/\/rioonwatch.org.br\/#\/schema\/logo\/image\/\"}},{\"@type\":\"Person\",\"@id\":\"https:\/\/rioonwatch.org.br\/#\/schema\/person\/4d05cf5053c358ab740b3edd75a173f2\",\"name\":\"Felicity\",\"image\":{\"@type\":\"ImageObject\",\"inLanguage\":\"pt-BR\",\"@id\":\"https:\/\/rioonwatch.org.br\/#\/schema\/person\/image\/\",\"url\":\"https:\/\/secure.gravatar.com\/avatar\/bfc904486dc0bba6015410a00fe3fc27?s=96&d=blank&r=g\",\"contentUrl\":\"https:\/\/secure.gravatar.com\/avatar\/bfc904486dc0bba6015410a00fe3fc27?s=96&d=blank&r=g\",\"caption\":\"Felicity\"},\"url\":\"https:\/\/rioonwatch.org.br\/?author=132\"}]}<\/script>\n<!-- \/ Yoast SEO plugin. -->","yoast_head_json":{"title":"'Provid\u00eancia Sustent\u00e1vel' Pinta Escadaria Hist\u00f3rica para Destacar Necessidades Comunit\u00e1rias - RioOnWatch","robots":{"index":"index","follow":"follow","max-snippet":"max-snippet:-1","max-image-preview":"max-image-preview:large","max-video-preview":"max-video-preview:-1"},"canonical":"https:\/\/rioonwatch.org.br\/?p=16306","og_locale":"pt_BR","og_type":"article","og_title":"'Provid\u00eancia Sustent\u00e1vel' Pinta Escadaria Hist\u00f3rica para Destacar Necessidades Comunit\u00e1rias - RioOnWatch","og_description":"Click Here for English No dia 15 de agosto, membros do projeto comunit\u00e1rio Provid\u00eancia Sustent\u00e1vel organizaram um evento para repintar a hist\u00f3rica escadaria central do Morro da Provid\u00eancia, a primeira favela do Brasil. Come\u00e7ando no [...]","og_url":"https:\/\/rioonwatch.org.br\/?p=16306","og_site_name":"RioOnWatch","article_published_time":"2015-09-10T17:07:41+00:00","article_modified_time":"2015-09-11T15:18:17+00:00","og_image":[{"width":1000,"height":538,"url":"https:\/\/rioonwatch.org.br\/wp-content\/uploads\/2015\/09\/Angelo-Campos-paints-Providencia.png","type":"image\/png"}],"author":"Felicity","twitter_card":"summary_large_image","twitter_misc":{"Escrito por":"Felicity","Est. tempo de leitura":"3 minutos"},"schema":{"@context":"https:\/\/schema.org","@graph":[{"@type":"Article","@id":"https:\/\/rioonwatch.org.br\/?p=16306#article","isPartOf":{"@id":"https:\/\/rioonwatch.org.br\/?p=16306"},"author":{"name":"Felicity","@id":"https:\/\/rioonwatch.org.br\/#\/schema\/person\/4d05cf5053c358ab740b3edd75a173f2"},"headline":"&#8216;Provid\u00eancia Sustent\u00e1vel&#8217; Pinta Escadaria Hist\u00f3rica para Destacar Necessidades Comunit\u00e1rias","datePublished":"2015-09-10T17:07:41+00:00","dateModified":"2015-09-11T15:18:17+00:00","mainEntityOfPage":{"@id":"https:\/\/rioonwatch.org.br\/?p=16306"},"wordCount":650,"publisher":{"@id":"https:\/\/rioonwatch.org.br\/#organization"},"image":{"@id":"https:\/\/rioonwatch.org.br\/?p=16306#primaryimage"},"thumbnailUrl":"https:\/\/rioonwatch.org.br\/wp-content\/uploads\/2015\/09\/Angelo-Campos-paints-Providencia.png","keywords":["arte","cultura da favela","educa\u00e7\u00e3o ambiental","espa\u00e7o p\u00fablico","juventude","lideran\u00e7a","Morro da Provid\u00eancia","Porto Maravilha","Regi\u00e3o do Porto","saneamento","sustentabilidade","telef\u00e9rico"],"articleSection":["Cobertura de Eventos","Escrito por Aliados","Formas de Apoiar","Solu\u00e7\u00f5es","Sustentabilidade"],"inLanguage":"pt-BR"},{"@type":"WebPage","@id":"https:\/\/rioonwatch.org.br\/?p=16306","url":"https:\/\/rioonwatch.org.br\/?p=16306","name":"'Provid\u00eancia Sustent\u00e1vel' Pinta Escadaria Hist\u00f3rica para Destacar Necessidades Comunit\u00e1rias - RioOnWatch","isPartOf":{"@id":"https:\/\/rioonwatch.org.br\/#website"},"primaryImageOfPage":{"@id":"https:\/\/rioonwatch.org.br\/?p=16306#primaryimage"},"image":{"@id":"https:\/\/rioonwatch.org.br\/?p=16306#primaryimage"},"thumbnailUrl":"https:\/\/rioonwatch.org.br\/wp-content\/uploads\/2015\/09\/Angelo-Campos-paints-Providencia.png","datePublished":"2015-09-10T17:07:41+00:00","dateModified":"2015-09-11T15:18:17+00:00","breadcrumb":{"@id":"https:\/\/rioonwatch.org.br\/?p=16306#breadcrumb"},"inLanguage":"pt-BR","potentialAction":[{"@type":"ReadAction","target":["https:\/\/rioonwatch.org.br\/?p=16306"]}]},{"@type":"ImageObject","inLanguage":"pt-BR","@id":"https:\/\/rioonwatch.org.br\/?p=16306#primaryimage","url":"https:\/\/rioonwatch.org.br\/wp-content\/uploads\/2015\/09\/Angelo-Campos-paints-Providencia.png","contentUrl":"https:\/\/rioonwatch.org.br\/wp-content\/uploads\/2015\/09\/Angelo-Campos-paints-Providencia.png","width":1000,"height":538},{"@type":"BreadcrumbList","@id":"https:\/\/rioonwatch.org.br\/?p=16306#breadcrumb","itemListElement":[{"@type":"ListItem","position":1,"name":"In\u00edcio","item":"https:\/\/rioonwatch.org.br\/"},{"@type":"ListItem","position":2,"name":"&#8216;Provid\u00eancia Sustent\u00e1vel&#8217; Pinta Escadaria Hist\u00f3rica para Destacar Necessidades Comunit\u00e1rias"}]},{"@type":"WebSite","@id":"https:\/\/rioonwatch.org.br\/#website","url":"https:\/\/rioonwatch.org.br\/","name":"RioOnWatch","description":"relatos das favelas cariocas","publisher":{"@id":"https:\/\/rioonwatch.org.br\/#organization"},"potentialAction":[{"@type":"SearchAction","target":{"@type":"EntryPoint","urlTemplate":"https:\/\/rioonwatch.org.br\/?s={search_term_string}"},"query-input":{"@type":"PropertyValueSpecification","valueRequired":true,"valueName":"search_term_string"}}],"inLanguage":"pt-BR"},{"@type":"Organization","@id":"https:\/\/rioonwatch.org.br\/#organization","name":"RioOnWatch","url":"https:\/\/rioonwatch.org.br\/","logo":{"@type":"ImageObject","inLanguage":"pt-BR","@id":"https:\/\/rioonwatch.org.br\/#\/schema\/logo\/image\/","url":"https:\/\/rioonwatch.org.br\/wp-content\/uploads\/2021\/06\/RioOnWatchcabecalhoPT11anos-2.png","contentUrl":"https:\/\/rioonwatch.org.br\/wp-content\/uploads\/2021\/06\/RioOnWatchcabecalhoPT11anos-2.png","width":779,"height":277,"caption":"RioOnWatch"},"image":{"@id":"https:\/\/rioonwatch.org.br\/#\/schema\/logo\/image\/"}},{"@type":"Person","@id":"https:\/\/rioonwatch.org.br\/#\/schema\/person\/4d05cf5053c358ab740b3edd75a173f2","name":"Felicity","image":{"@type":"ImageObject","inLanguage":"pt-BR","@id":"https:\/\/rioonwatch.org.br\/#\/schema\/person\/image\/","url":"https:\/\/secure.gravatar.com\/avatar\/bfc904486dc0bba6015410a00fe3fc27?s=96&d=blank&r=g","contentUrl":"https:\/\/secure.gravatar.com\/avatar\/bfc904486dc0bba6015410a00fe3fc27?s=96&d=blank&r=g","caption":"Felicity"},"url":"https:\/\/rioonwatch.org.br\/?author=132"}]}},"_links":{"self":[{"href":"https:\/\/rioonwatch.org.br\/index.php?rest_route=\/wp\/v2\/posts\/16306"}],"collection":[{"href":"https:\/\/rioonwatch.org.br\/index.php?rest_route=\/wp\/v2\/posts"}],"about":[{"href":"https:\/\/rioonwatch.org.br\/index.php?rest_route=\/wp\/v2\/types\/post"}],"author":[{"embeddable":true,"href":"https:\/\/rioonwatch.org.br\/index.php?rest_route=\/wp\/v2\/users\/132"}],"replies":[{"embeddable":true,"href":"https:\/\/rioonwatch.org.br\/index.php?rest_route=%2Fwp%2Fv2%2Fcomments&post=16306"}],"version-history":[{"count":12,"href":"https:\/\/rioonwatch.org.br\/index.php?rest_route=\/wp\/v2\/posts\/16306\/revisions"}],"predecessor-version":[{"id":16332,"href":"https:\/\/rioonwatch.org.br\/index.php?rest_route=\/wp\/v2\/posts\/16306\/revisions\/16332"}],"wp:featuredmedia":[{"embeddable":true,"href":"https:\/\/rioonwatch.org.br\/index.php?rest_route=\/wp\/v2\/media\/16307"}],"wp:attachment":[{"href":"https:\/\/rioonwatch.org.br\/index.php?rest_route=%2Fwp%2Fv2%2Fmedia&parent=16306"}],"wp:term":[{"taxonomy":"category","embeddable":true,"href":"https:\/\/rioonwatch.org.br\/index.php?rest_route=%2Fwp%2Fv2%2Fcategories&post=16306"},{"taxonomy":"post_tag","embeddable":true,"href":"https:\/\/rioonwatch.org.br\/index.php?rest_route=%2Fwp%2Fv2%2Ftags&post=16306"},{"taxonomy":"writer","embeddable":true,"href":"https:\/\/rioonwatch.org.br\/index.php?rest_route=%2Fwp%2Fv2%2Fwriter&post=16306"},{"taxonomy":"translator","embeddable":true,"href":"https:\/\/rioonwatch.org.br\/index.php?rest_route=%2Fwp%2Fv2%2Ftranslator&post=16306"},{"taxonomy":"source","embeddable":true,"href":"https:\/\/rioonwatch.org.br\/index.php?rest_route=%2Fwp%2Fv2%2Fsource&post=16306"},{"taxonomy":"ilustrador","embeddable":true,"href":"https:\/\/rioonwatch.org.br\/index.php?rest_route=%2Fwp%2Fv2%2Filustrador&post=16306"},{"taxonomy":"fotografo","embeddable":true,"href":"https:\/\/rioonwatch.org.br\/index.php?rest_route=%2Fwp%2Fv2%2Ffotografo&post=16306"}],"curies":[{"name":"wp","href":"https:\/\/api.w.org\/{rel}","templated":true}]}}